{"id":10218,"date":"2025-03-31T09:33:45","date_gmt":"2025-03-31T07:33:45","guid":{"rendered":"https:\/\/finanedi.es\/blog\/?p=10218"},"modified":"2025-03-31T09:39:04","modified_gmt":"2025-03-31T07:39:04","slug":"principales-errores-de-facturacion-que-cometen-las-pymes-y-como-evitarlos","status":"publish","type":"post","link":"https:\/\/finanedi.es\/blog\/principales-errores-de-facturacion-que-cometen-las-pymes-y-como-evitarlos\/","title":{"rendered":"Los principales errores de facturaci\u00f3n que cometen las pymes y c\u00f3mo evitarlos"},"content":{"rendered":"\t\t<div data-elementor-type=\"wp-post\" data-elementor-id=\"10218\" class=\"elementor elementor-10218\">\n\t\t\t\t<div class=\"elementor-element elementor-element-c8bc12b e-flex e-con-boxed e-con e-parent\" data-id=\"c8bc12b\" data-element_type=\"container\">\n\t\t\t\t\t<div class=\"e-con-inner\">\n\t\t\t\t<div class=\"elementor-element elementor-element-7f1c80b elementor-widget elementor-widget-text-editor\" data-id=\"7f1c80b\" data-element_type=\"widget\" data-widget_type=\"text-editor.default\">\n\t\t\t\t<div class=\"elementor-widget-container\">\n\t\t\t\t\t\t\t\t\t<p data-pm-slice=\"1 1 []\">La facturaci\u00f3n es una tarea esencial para cualquier empresa, pero muchas pymes cometen errores que pueden generar problemas financieros y legales. Un fallo en la emisi\u00f3n de facturas puede afectar la relaci\u00f3n con clientes y proveedores, retrasar pagos y hasta generar sanciones. En este art\u00edculo, analizamos los errores m\u00e1s comunes y te damos consejos pr\u00e1cticos para evitarlos.<\/p>\t\t\t\t\t\t\t\t<\/div>\n\t\t\t\t<\/div>\n\t\t\t\t\t<\/div>\n\t\t\t\t<\/div>\n\t\t<div class=\"elementor-element elementor-element-addfadd e-flex e-con-boxed e-con e-parent\" data-id=\"addfadd\" data-element_type=\"container\">\n\t\t\t\t\t<div class=\"e-con-inner\">\n\t\t\t\t<div class=\"elementor-element elementor-element-aa6bf3b elementor-widget elementor-widget-heading\" data-id=\"aa6bf3b\" data-element_type=\"widget\" data-widget_type=\"heading.default\">\n\t\t\t\t<div class=\"elementor-widget-container\">\n\t\t\t\t\t<h2 class=\"elementor-heading-title elementor-size-default\">1. No incluir todos los datos obligatorios<\/h2>\t\t\t\t<\/div>\n\t\t\t\t<\/div>\n\t\t\t\t\t<\/div>\n\t\t\t\t<\/div>\n\t\t<div class=\"elementor-element elementor-element-250560d e-flex e-con-boxed e-con e-parent\" data-id=\"250560d\" data-element_type=\"container\">\n\t\t\t\t\t<div class=\"e-con-inner\">\n\t\t\t\t<div class=\"elementor-element elementor-element-3d93f53 elementor-widget elementor-widget-text-editor\" data-id=\"3d93f53\" data-element_type=\"widget\" data-widget_type=\"text-editor.default\">\n\t\t\t\t<div class=\"elementor-widget-container\">\n\t\t\t\t\t\t\t\t\t<p data-pm-slice=\"1 1 []\">Uno de los errores m\u00e1s frecuentes es emitir facturas sin todos los datos exigidos por la normativa. En Espa\u00f1a, una factura debe contener al menos:<\/p>\t\t\t\t\t\t\t\t<\/div>\n\t\t\t\t<\/div>\n\t\t\t\t\t<\/div>\n\t\t\t\t<\/div>\n\t\t<div class=\"elementor-element elementor-element-936a2a3 e-flex e-con-boxed e-con e-parent\" data-id=\"936a2a3\" data-element_type=\"container\">\n\t\t\t\t\t<div class=\"e-con-inner\">\n\t\t\t\t<div class=\"elementor-element elementor-element-9bc6327 elementor-widget elementor-widget-text-editor\" data-id=\"9bc6327\" data-element_type=\"widget\" data-widget_type=\"text-editor.default\">\n\t\t\t\t<div class=\"elementor-widget-container\">\n\t\t\t\t\t\t\t\t\t<ul data-spread=\"false\" data-pm-slice=\"3 3 []\"><li><p>Nombre o raz\u00f3n social del emisor y receptor<\/p><\/li><li><p><a href=\"https:\/\/finanedi.es\/blog\/que-es-el-nif-numero-de-identificacion-fiscal\/\" target=\"_blank\" rel=\"noopener\">NIF<\/a> del emisor y receptor<\/p><\/li><li><p>Fecha de emisi\u00f3n<\/p><\/li><li><p>N\u00famero de factura<\/p><\/li><li><p>Descripci\u00f3n de los bienes o servicios<\/p><\/li><li><p>Base imponible, tipo de IVA y total a pagar<\/p><\/li><\/ul>\t\t\t\t\t\t\t\t<\/div>\n\t\t\t\t<\/div>\n\t\t\t\t\t<\/div>\n\t\t\t\t<\/div>\n\t\t<div class=\"elementor-element elementor-element-616c7b9 e-flex e-con-boxed e-con e-parent\" data-id=\"616c7b9\" data-element_type=\"container\">\n\t\t\t\t\t<div class=\"e-con-inner\">\n\t\t\t\t<div class=\"elementor-element elementor-element-fbe84cb elementor-widget elementor-widget-text-editor\" data-id=\"fbe84cb\" data-element_type=\"widget\" data-widget_type=\"text-editor.default\">\n\t\t\t\t<div class=\"elementor-widget-container\">\n\t\t\t\t\t\t\t\t\t<p data-pm-slice=\"1 1 []\">Cuando falta alguno de estos elementos, la factura podr\u00eda no ser v\u00e1lida a efectos fiscales, lo que puede derivar en retrasos en los cobros o sanciones en caso de una inspecci\u00f3n.<\/p>\t\t\t\t\t\t\t\t<\/div>\n\t\t\t\t<\/div>\n\t\t\t\t\t<\/div>\n\t\t\t\t<\/div>\n\t\t<div class=\"elementor-element elementor-element-79d521d e-flex e-con-boxed e-con e-parent\" data-id=\"79d521d\" data-element_type=\"container\">\n\t\t\t\t\t<div class=\"e-con-inner\">\n\t\t\t\t<div class=\"elementor-element elementor-element-2889f150 elementor-widget elementor-widget-text-editor\" data-id=\"2889f150\" data-element_type=\"widget\" data-widget_type=\"text-editor.default\">\n\t\t\t\t<div class=\"elementor-widget-container\">\n\t\t\t\t\t\t\t\t\t<p><strong>\ud83d\udca1 <\/strong><strong>C\u00f3mo evitarlo<\/strong>: Utiliza software de facturaci\u00f3n que valide la informaci\u00f3n antes de generar la factura. Revisa la normativa vigente y aseg\u00farate de que tu plantilla de facturas incluye todos los datos necesarios.<\/p>\t\t\t\t\t\t\t\t<\/div>\n\t\t\t\t<\/div>\n\t\t\t\t\t<\/div>\n\t\t\t\t<\/div>\n\t\t<div class=\"elementor-element elementor-element-4d8a52e e-flex e-con-boxed e-con e-parent\" data-id=\"4d8a52e\" data-element_type=\"container\">\n\t\t\t\t\t<div class=\"e-con-inner\">\n\t\t\t\t<div class=\"elementor-element elementor-element-ed9d6b4 elementor-widget elementor-widget-spacer\" data-id=\"ed9d6b4\" data-element_type=\"widget\" data-widget_type=\"spacer.default\">\n\t\t\t\t<div class=\"elementor-widget-container\">\n\t\t\t\t\t\t\t<div class=\"elementor-spacer\">\n\t\t\t<div class=\"elementor-spacer-inner\"><\/div>\n\t\t<\/div>\n\t\t\t\t\t\t<\/div>\n\t\t\t\t<\/div>\n\t\t\t\t\t<\/div>\n\t\t\t\t<\/div>\n\t\t<div class=\"elementor-element elementor-element-6880311 e-flex e-con-boxed e-con e-parent\" data-id=\"6880311\" data-element_type=\"container\">\n\t\t\t\t\t<div class=\"e-con-inner\">\n\t\t\t\t<div class=\"elementor-element elementor-element-54e5cb9 elementor-widget elementor-widget-heading\" data-id=\"54e5cb9\" data-element_type=\"widget\" data-widget_type=\"heading.default\">\n\t\t\t\t<div class=\"elementor-widget-container\">\n\t\t\t\t\t<h2 class=\"elementor-heading-title elementor-size-default\">2. Errores en el c\u00e1lculo del IVA<\/h2>\t\t\t\t<\/div>\n\t\t\t\t<\/div>\n\t\t\t\t\t<\/div>\n\t\t\t\t<\/div>\n\t\t<div class=\"elementor-element elementor-element-8804f1f e-flex e-con-boxed e-con e-parent\" data-id=\"8804f1f\" data-element_type=\"container\">\n\t\t\t\t\t<div class=\"e-con-inner\">\n\t\t\t\t<div class=\"elementor-element elementor-element-85ec3fc elementor-widget elementor-widget-text-editor\" data-id=\"85ec3fc\" data-element_type=\"widget\" data-widget_type=\"text-editor.default\">\n\t\t\t\t<div class=\"elementor-widget-container\">\n\t\t\t\t\t\t\t\t\t<p data-pm-slice=\"1 1 []\">Aplicar un <a href=\"https:\/\/finanedi.es\/blog\/calcular-iva\/\" target=\"_blank\" rel=\"noopener\">IVA<\/a> incorrecto puede generar problemas con Hacienda y afectar la contabilidad. Algunas pymes aplican un tipo impositivo err\u00f3neo, no lo desglosan correctamente o incluso omiten su aplicaci\u00f3n cuando es obligatoria.<\/p>\t\t\t\t\t\t\t\t<\/div>\n\t\t\t\t<\/div>\n\t\t\t\t\t<\/div>\n\t\t\t\t<\/div>\n\t\t<div class=\"elementor-element elementor-element-6c4c520 e-flex e-con-boxed e-con e-parent\" data-id=\"6c4c520\" data-element_type=\"container\">\n\t\t\t\t\t<div class=\"e-con-inner\">\n\t\t\t\t<div class=\"elementor-element elementor-element-4526d53 elementor-widget elementor-widget-text-editor\" data-id=\"4526d53\" data-element_type=\"widget\" data-widget_type=\"text-editor.default\">\n\t\t\t\t<div class=\"elementor-widget-container\">\n\t\t\t\t\t\t\t\t\t<p data-pm-slice=\"1 1 []\">Este error puede hacer que pagues menos impuestos de los que deber\u00edas (con riesgo de sanciones) o que cargues de m\u00e1s a tu cliente, lo que podr\u00eda afectar la relaci\u00f3n comercial.<\/p>\t\t\t\t\t\t\t\t<\/div>\n\t\t\t\t<\/div>\n\t\t\t\t\t<\/div>\n\t\t\t\t<\/div>\n\t\t<div class=\"elementor-element elementor-element-0a8064a e-flex e-con-boxed e-con e-parent\" data-id=\"0a8064a\" data-element_type=\"container\">\n\t\t\t\t\t<div class=\"e-con-inner\">\n\t\t\t\t<div class=\"elementor-element elementor-element-1f128b7 elementor-widget elementor-widget-text-editor\" data-id=\"1f128b7\" data-element_type=\"widget\" data-widget_type=\"text-editor.default\">\n\t\t\t\t<div class=\"elementor-widget-container\">\n\t\t\t\t\t\t\t\t\t<p><strong>\ud83d\udca1 <\/strong><strong>C\u00f3mo evitarlo<\/strong>: Aseg\u00farate de conocer los tipos de IVA vigentes para cada producto o servicio y usa un sistema que automatice el c\u00e1lculo. En caso de dudas, consulta con un asesor fiscal.<\/p>\t\t\t\t\t\t\t\t<\/div>\n\t\t\t\t<\/div>\n\t\t\t\t\t<\/div>\n\t\t\t\t<\/div>\n\t\t<div class=\"elementor-element elementor-element-d2d66dd e-flex e-con-boxed e-con e-parent\" data-id=\"d2d66dd\" data-element_type=\"container\">\n\t\t\t\t\t<div class=\"e-con-inner\">\n\t\t\t\t<div class=\"elementor-element elementor-element-caee36a elementor-widget elementor-widget-spacer\" data-id=\"caee36a\" data-element_type=\"widget\" data-widget_type=\"spacer.default\">\n\t\t\t\t<div class=\"elementor-widget-container\">\n\t\t\t\t\t\t\t<div class=\"elementor-spacer\">\n\t\t\t<div class=\"elementor-spacer-inner\"><\/div>\n\t\t<\/div>\n\t\t\t\t\t\t<\/div>\n\t\t\t\t<\/div>\n\t\t\t\t\t<\/div>\n\t\t\t\t<\/div>\n\t\t<div class=\"elementor-element elementor-element-77c596c e-flex e-con-boxed e-con e-parent\" data-id=\"77c596c\" data-element_type=\"container\">\n\t\t\t\t\t<div class=\"e-con-inner\">\n\t\t\t\t<div class=\"elementor-element elementor-element-7ef8e7a elementor-widget elementor-widget-heading\" data-id=\"7ef8e7a\" data-element_type=\"widget\" data-widget_type=\"heading.default\">\n\t\t\t\t<div class=\"elementor-widget-container\">\n\t\t\t\t\t<h2 class=\"elementor-heading-title elementor-size-default\">3. Numeraci\u00f3n incorrecta o desordenada<\/h2>\t\t\t\t<\/div>\n\t\t\t\t<\/div>\n\t\t\t\t\t<\/div>\n\t\t\t\t<\/div>\n\t\t<div class=\"elementor-element elementor-element-5266a28 e-flex e-con-boxed e-con e-parent\" data-id=\"5266a28\" data-element_type=\"container\">\n\t\t\t\t\t<div class=\"e-con-inner\">\n\t\t\t\t<div class=\"elementor-element elementor-element-bb65374 elementor-widget elementor-widget-text-editor\" data-id=\"bb65374\" data-element_type=\"widget\" data-widget_type=\"text-editor.default\">\n\t\t\t\t<div class=\"elementor-widget-container\">\n\t\t\t\t\t\t\t\t\t<p data-pm-slice=\"1 1 []\">La numeraci\u00f3n de las facturas debe ser correlativa y seguir un orden l\u00f3gico. Si existen saltos en la secuencia o n\u00fameros duplicados, podr\u00edan surgir problemas contables y fiscales, ya que Hacienda podr\u00eda considerar que faltan facturas.<\/p>\t\t\t\t\t\t\t\t<\/div>\n\t\t\t\t<\/div>\n\t\t\t\t\t<\/div>\n\t\t\t\t<\/div>\n\t\t<div class=\"elementor-element elementor-element-97f61ef e-flex e-con-boxed e-con e-parent\" data-id=\"97f61ef\" data-element_type=\"container\">\n\t\t\t\t\t<div class=\"e-con-inner\">\n\t\t\t\t<div class=\"elementor-element elementor-element-5d1e9ff elementor-widget elementor-widget-text-editor\" data-id=\"5d1e9ff\" data-element_type=\"widget\" data-widget_type=\"text-editor.default\">\n\t\t\t\t<div class=\"elementor-widget-container\">\n\t\t\t\t\t\t\t\t\t<p><strong>\ud83d\udca1 <\/strong><strong>C\u00f3mo evitarlo<\/strong>: Utiliza un sistema de facturaci\u00f3n que asigne los n\u00fameros autom\u00e1ticamente y revisa peri\u00f3dicamente la secuencia. Establece un criterio de numeraci\u00f3n claro para evitar confusiones.<\/p>\t\t\t\t\t\t\t\t<\/div>\n\t\t\t\t<\/div>\n\t\t\t\t\t<\/div>\n\t\t\t\t<\/div>\n\t\t<div class=\"elementor-element elementor-element-200b16e e-flex e-con-boxed e-con e-parent\" data-id=\"200b16e\" data-element_type=\"container\">\n\t\t\t\t\t<div class=\"e-con-inner\">\n\t\t\t\t<div class=\"elementor-element elementor-element-697b9a2 elementor-widget elementor-widget-spacer\" data-id=\"697b9a2\" data-element_type=\"widget\" data-widget_type=\"spacer.default\">\n\t\t\t\t<div class=\"elementor-widget-container\">\n\t\t\t\t\t\t\t<div class=\"elementor-spacer\">\n\t\t\t<div class=\"elementor-spacer-inner\"><\/div>\n\t\t<\/div>\n\t\t\t\t\t\t<\/div>\n\t\t\t\t<\/div>\n\t\t\t\t\t<\/div>\n\t\t\t\t<\/div>\n\t\t<div class=\"elementor-element elementor-element-b3390ef e-flex e-con-boxed e-con e-parent\" data-id=\"b3390ef\" data-element_type=\"container\">\n\t\t\t\t\t<div class=\"e-con-inner\">\n\t\t\t\t<div class=\"elementor-element elementor-element-04acbad elementor-widget elementor-widget-heading\" data-id=\"04acbad\" data-element_type=\"widget\" data-widget_type=\"heading.default\">\n\t\t\t\t<div class=\"elementor-widget-container\">\n\t\t\t\t\t<h2 class=\"elementor-heading-title elementor-size-default\">4. No conservar las facturas correctamente<\/h2>\t\t\t\t<\/div>\n\t\t\t\t<\/div>\n\t\t\t\t\t<\/div>\n\t\t\t\t<\/div>\n\t\t<div class=\"elementor-element elementor-element-dbdf6bf e-flex e-con-boxed e-con e-parent\" data-id=\"dbdf6bf\" data-element_type=\"container\">\n\t\t\t\t\t<div class=\"e-con-inner\">\n\t\t\t\t<div class=\"elementor-element elementor-element-466df51 elementor-widget elementor-widget-text-editor\" data-id=\"466df51\" data-element_type=\"widget\" data-widget_type=\"text-editor.default\">\n\t\t\t\t<div class=\"elementor-widget-container\">\n\t\t\t\t\t\t\t\t\t<p data-pm-slice=\"1 1 []\">La ley exige conservar las facturas durante al menos 5 a\u00f1os en formato f\u00edsico o digital. No hacerlo podr\u00eda traer sanciones en caso de una inspecci\u00f3n fiscal, adem\u00e1s de dificultar el control financiero de la empresa.<\/p>\t\t\t\t\t\t\t\t<\/div>\n\t\t\t\t<\/div>\n\t\t\t\t\t<\/div>\n\t\t\t\t<\/div>\n\t\t<div class=\"elementor-element elementor-element-2570206 e-flex e-con-boxed e-con e-parent\" data-id=\"2570206\" data-element_type=\"container\">\n\t\t\t\t\t<div class=\"e-con-inner\">\n\t\t\t\t<div class=\"elementor-element elementor-element-f30fb00 elementor-widget elementor-widget-text-editor\" data-id=\"f30fb00\" data-element_type=\"widget\" data-widget_type=\"text-editor.default\">\n\t\t\t\t<div class=\"elementor-widget-container\">\n\t\t\t\t\t\t\t\t\t<p><strong>\ud83d\udca1 <\/strong><strong>C\u00f3mo evitarlo<\/strong>: Digitaliza tus facturas y almac\u00e9nalas en un sistema seguro en la nube. Usa herramientas que permitan organizarlas y localizarlas r\u00e1pidamente en caso de auditor\u00eda.<\/p>\t\t\t\t\t\t\t\t<\/div>\n\t\t\t\t<\/div>\n\t\t\t\t\t<\/div>\n\t\t\t\t<\/div>\n\t\t<div class=\"elementor-element elementor-element-b7bb315 e-flex e-con-boxed e-con e-parent\" data-id=\"b7bb315\" data-element_type=\"container\">\n\t\t\t\t\t<div class=\"e-con-inner\">\n\t\t\t\t<div class=\"elementor-element elementor-element-3554f59 elementor-widget elementor-widget-spacer\" data-id=\"3554f59\" data-element_type=\"widget\" data-widget_type=\"spacer.default\">\n\t\t\t\t<div class=\"elementor-widget-container\">\n\t\t\t\t\t\t\t<div class=\"elementor-spacer\">\n\t\t\t<div class=\"elementor-spacer-inner\"><\/div>\n\t\t<\/div>\n\t\t\t\t\t\t<\/div>\n\t\t\t\t<\/div>\n\t\t\t\t\t<\/div>\n\t\t\t\t<\/div>\n\t\t<div class=\"elementor-element elementor-element-53bc6b0 e-flex e-con-boxed e-con e-parent\" data-id=\"53bc6b0\" data-element_type=\"container\">\n\t\t\t\t\t<div class=\"e-con-inner\">\n\t\t\t\t<div class=\"elementor-element elementor-element-3d48da2 elementor-widget elementor-widget-heading\" data-id=\"3d48da2\" data-element_type=\"widget\" data-widget_type=\"heading.default\">\n\t\t\t\t<div class=\"elementor-widget-container\">\n\t\t\t\t\t<h2 class=\"elementor-heading-title elementor-size-default\">5. Errores en los datos del cliente<\/h2>\t\t\t\t<\/div>\n\t\t\t\t<\/div>\n\t\t\t\t\t<\/div>\n\t\t\t\t<\/div>\n\t\t<div class=\"elementor-element elementor-element-387b7ec e-flex e-con-boxed e-con e-parent\" data-id=\"387b7ec\" data-element_type=\"container\">\n\t\t\t\t\t<div class=\"e-con-inner\">\n\t\t\t\t<div class=\"elementor-element elementor-element-b68380b elementor-widget elementor-widget-text-editor\" data-id=\"b68380b\" data-element_type=\"widget\" data-widget_type=\"text-editor.default\">\n\t\t\t\t<div class=\"elementor-widget-container\">\n\t\t\t\t\t\t\t\t\t<p data-pm-slice=\"1 1 []\">Un simple error en el nombre, NIF o direcci\u00f3n del cliente puede invalidar la factura y generar problemas de cobro o declaraci\u00f3n fiscal. Si el cliente detecta un error en los datos, podr\u00eda rechazar la factura y retrasar el pago.<\/p>\t\t\t\t\t\t\t\t<\/div>\n\t\t\t\t<\/div>\n\t\t\t\t\t<\/div>\n\t\t\t\t<\/div>\n\t\t<div class=\"elementor-element elementor-element-dd018bc e-flex e-con-boxed e-con e-parent\" data-id=\"dd018bc\" data-element_type=\"container\">\n\t\t\t\t\t<div class=\"e-con-inner\">\n\t\t\t\t<div class=\"elementor-element elementor-element-ef37630 elementor-widget elementor-widget-text-editor\" data-id=\"ef37630\" data-element_type=\"widget\" data-widget_type=\"text-editor.default\">\n\t\t\t\t<div class=\"elementor-widget-container\">\n\t\t\t\t\t\t\t\t\t<p><strong>\ud83d\udca1 <\/strong><strong>C\u00f3mo evitarlo<\/strong>: Verifica la informaci\u00f3n antes de emitir la factura y usa bases de datos actualizadas. Mant\u00e9n un registro de clientes bien estructurado y confirma los datos antes de cada transacci\u00f3n importante.<\/p>\t\t\t\t\t\t\t\t<\/div>\n\t\t\t\t<\/div>\n\t\t\t\t\t<\/div>\n\t\t\t\t<\/div>\n\t\t<div class=\"elementor-element elementor-element-7aa5d87 e-flex e-con-boxed e-con e-parent\" data-id=\"7aa5d87\" data-element_type=\"container\">\n\t\t\t\t\t<div class=\"e-con-inner\">\n\t\t\t\t<div class=\"elementor-element elementor-element-c61cb55 elementor-widget elementor-widget-spacer\" data-id=\"c61cb55\" data-element_type=\"widget\" data-widget_type=\"spacer.default\">\n\t\t\t\t<div class=\"elementor-widget-container\">\n\t\t\t\t\t\t\t<div class=\"elementor-spacer\">\n\t\t\t<div class=\"elementor-spacer-inner\"><\/div>\n\t\t<\/div>\n\t\t\t\t\t\t<\/div>\n\t\t\t\t<\/div>\n\t\t\t\t\t<\/div>\n\t\t\t\t<\/div>\n\t\t<div class=\"elementor-element elementor-element-1770b44 e-flex e-con-boxed e-con e-parent\" data-id=\"1770b44\" data-element_type=\"container\">\n\t\t\t\t\t<div class=\"e-con-inner\">\n\t\t\t\t<div class=\"elementor-element elementor-element-6d36627 elementor-widget elementor-widget-heading\" data-id=\"6d36627\" data-element_type=\"widget\" data-widget_type=\"heading.default\">\n\t\t\t\t<div class=\"elementor-widget-container\">\n\t\t\t\t\t<h2 class=\"elementor-heading-title elementor-size-default\">6. Facturar fuera de plazo<\/h2>\t\t\t\t<\/div>\n\t\t\t\t<\/div>\n\t\t\t\t\t<\/div>\n\t\t\t\t<\/div>\n\t\t<div class=\"elementor-element elementor-element-e9e82b5 e-flex e-con-boxed e-con e-parent\" data-id=\"e9e82b5\" data-element_type=\"container\">\n\t\t\t\t\t<div class=\"e-con-inner\">\n\t\t\t\t<div class=\"elementor-element elementor-element-c5650b3 elementor-widget elementor-widget-text-editor\" data-id=\"c5650b3\" data-element_type=\"widget\" data-widget_type=\"text-editor.default\">\n\t\t\t\t<div class=\"elementor-widget-container\">\n\t\t\t\t\t\t\t\t\t<p data-pm-slice=\"1 1 []\">Retrasar la emisi\u00f3n de facturas puede afectar la liquidez de la empresa y dificultar la gesti\u00f3n financiera. Adem\u00e1s, algunas normativas establecen plazos m\u00e1ximos para emitir facturas despu\u00e9s de la prestaci\u00f3n del servicio o la venta de un producto.<\/p>\t\t\t\t\t\t\t\t<\/div>\n\t\t\t\t<\/div>\n\t\t\t\t\t<\/div>\n\t\t\t\t<\/div>\n\t\t<div class=\"elementor-element elementor-element-7a1225b e-flex e-con-boxed e-con e-parent\" data-id=\"7a1225b\" data-element_type=\"container\">\n\t\t\t\t\t<div class=\"e-con-inner\">\n\t\t\t\t<div class=\"elementor-element elementor-element-8ac5135 elementor-widget elementor-widget-text-editor\" data-id=\"8ac5135\" data-element_type=\"widget\" data-widget_type=\"text-editor.default\">\n\t\t\t\t<div class=\"elementor-widget-container\">\n\t\t\t\t\t\t\t\t\t<p><strong>\ud83d\udca1 <\/strong><strong>C\u00f3mo evitarlo<\/strong>: Establece un calendario de facturaci\u00f3n y automatiza el proceso para cumplir con los plazos. Configura recordatorios para asegurarte de que las facturas se emitan a tiempo.<\/p>\t\t\t\t\t\t\t\t<\/div>\n\t\t\t\t<\/div>\n\t\t\t\t\t<\/div>\n\t\t\t\t<\/div>\n\t\t<div class=\"elementor-element elementor-element-1aeffff e-flex e-con-boxed e-con e-parent\" data-id=\"1aeffff\" data-element_type=\"container\">\n\t\t\t\t\t<div class=\"e-con-inner\">\n\t\t\t\t<div class=\"elementor-element elementor-element-bf2645c elementor-widget elementor-widget-spacer\" data-id=\"bf2645c\" data-element_type=\"widget\" data-widget_type=\"spacer.default\">\n\t\t\t\t<div class=\"elementor-widget-container\">\n\t\t\t\t\t\t\t<div class=\"elementor-spacer\">\n\t\t\t<div class=\"elementor-spacer-inner\"><\/div>\n\t\t<\/div>\n\t\t\t\t\t\t<\/div>\n\t\t\t\t<\/div>\n\t\t\t\t\t<\/div>\n\t\t\t\t<\/div>\n\t\t<div class=\"elementor-element elementor-element-562efd4 e-flex e-con-boxed e-con e-parent\" data-id=\"562efd4\" data-element_type=\"container\">\n\t\t\t\t\t<div class=\"e-con-inner\">\n\t\t\t\t<div class=\"elementor-element elementor-element-fd52abb elementor-widget elementor-widget-heading\" data-id=\"fd52abb\" data-element_type=\"widget\" data-widget_type=\"heading.default\">\n\t\t\t\t<div class=\"elementor-widget-container\">\n\t\t\t\t\t<h2 class=\"elementor-heading-title elementor-size-default\">7. No enviar las facturas correctamente<\/h2>\t\t\t\t<\/div>\n\t\t\t\t<\/div>\n\t\t\t\t\t<\/div>\n\t\t\t\t<\/div>\n\t\t<div class=\"elementor-element elementor-element-acde3ba e-flex e-con-boxed e-con e-parent\" data-id=\"acde3ba\" data-element_type=\"container\">\n\t\t\t\t\t<div class=\"e-con-inner\">\n\t\t\t\t<div class=\"elementor-element elementor-element-80616da elementor-widget elementor-widget-text-editor\" data-id=\"80616da\" data-element_type=\"widget\" data-widget_type=\"text-editor.default\">\n\t\t\t\t<div class=\"elementor-widget-container\">\n\t\t\t\t\t\t\t\t\t<p data-pm-slice=\"1 1 []\">Si la factura no llega al cliente o se env\u00eda con errores, se pueden generar retrasos en los pagos y problemas contables. Adem\u00e1s, algunos clientes exigen formatos espec\u00edficos o sistemas de facturaci\u00f3n electr\u00f3nica.<\/p>\t\t\t\t\t\t\t\t<\/div>\n\t\t\t\t<\/div>\n\t\t\t\t\t<\/div>\n\t\t\t\t<\/div>\n\t\t<div class=\"elementor-element elementor-element-b15f1f3 e-flex e-con-boxed e-con e-parent\" data-id=\"b15f1f3\" data-element_type=\"container\">\n\t\t\t\t\t<div class=\"e-con-inner\">\n\t\t\t\t<div class=\"elementor-element elementor-element-5fa5175 elementor-widget elementor-widget-text-editor\" data-id=\"5fa5175\" data-element_type=\"widget\" data-widget_type=\"text-editor.default\">\n\t\t\t\t<div class=\"elementor-widget-container\">\n\t\t\t\t\t\t\t\t\t<p><strong>\ud83d\udca1 <\/strong><strong>C\u00f3mo evitarlo<\/strong>: Usa plataformas de facturaci\u00f3n electr\u00f3nica que confirmen la recepci\u00f3n del documento. Aseg\u00farate de que el cliente recibe la factura en el formato adecuado.<\/p>\t\t\t\t\t\t\t\t<\/div>\n\t\t\t\t<\/div>\n\t\t\t\t\t<\/div>\n\t\t\t\t<\/div>\n\t\t<div class=\"elementor-element elementor-element-1de1580 e-flex e-con-boxed e-con e-parent\" data-id=\"1de1580\" data-element_type=\"container\">\n\t\t\t\t\t<div class=\"e-con-inner\">\n\t\t\t\t<div class=\"elementor-element elementor-element-0b8763f elementor-widget elementor-widget-spacer\" data-id=\"0b8763f\" data-element_type=\"widget\" data-widget_type=\"spacer.default\">\n\t\t\t\t<div class=\"elementor-widget-container\">\n\t\t\t\t\t\t\t<div class=\"elementor-spacer\">\n\t\t\t<div class=\"elementor-spacer-inner\"><\/div>\n\t\t<\/div>\n\t\t\t\t\t\t<\/div>\n\t\t\t\t<\/div>\n\t\t\t\t\t<\/div>\n\t\t\t\t<\/div>\n\t\t<div class=\"elementor-element elementor-element-158e55f e-flex e-con-boxed e-con e-parent\" data-id=\"158e55f\" data-element_type=\"container\">\n\t\t\t\t\t<div class=\"e-con-inner\">\n\t\t\t\t<div class=\"elementor-element elementor-element-0bbce1a elementor-widget elementor-widget-heading\" data-id=\"0bbce1a\" data-element_type=\"widget\" data-widget_type=\"heading.default\">\n\t\t\t\t<div class=\"elementor-widget-container\">\n\t\t\t\t\t<h2 class=\"elementor-heading-title elementor-size-default\">8. No registrar correctamente las facturas recibidas<\/h2>\t\t\t\t<\/div>\n\t\t\t\t<\/div>\n\t\t\t\t\t<\/div>\n\t\t\t\t<\/div>\n\t\t<div class=\"elementor-element elementor-element-eca71f4 e-flex e-con-boxed e-con e-parent\" data-id=\"eca71f4\" data-element_type=\"container\">\n\t\t\t\t\t<div class=\"e-con-inner\">\n\t\t\t\t<div class=\"elementor-element elementor-element-cbe7de7 elementor-widget elementor-widget-text-editor\" data-id=\"cbe7de7\" data-element_type=\"widget\" data-widget_type=\"text-editor.default\">\n\t\t\t\t<div class=\"elementor-widget-container\">\n\t\t\t\t\t\t\t\t\t<p data-pm-slice=\"1 1 []\">No llevar un control adecuado de las facturas recibidas puede generar errores en la contabilidad y problemas en la declaraci\u00f3n del IVA. Si no registras correctamente los gastos, podr\u00edas estar pagando m\u00e1s impuestos de los necesarios.<\/p>\t\t\t\t\t\t\t\t<\/div>\n\t\t\t\t<\/div>\n\t\t\t\t\t<\/div>\n\t\t\t\t<\/div>\n\t\t<div class=\"elementor-element elementor-element-22b1e80 e-flex e-con-boxed e-con e-parent\" data-id=\"22b1e80\" data-element_type=\"container\">\n\t\t\t\t\t<div class=\"e-con-inner\">\n\t\t\t\t<div class=\"elementor-element elementor-element-80c1e2a elementor-widget elementor-widget-text-editor\" data-id=\"80c1e2a\" data-element_type=\"widget\" data-widget_type=\"text-editor.default\">\n\t\t\t\t<div class=\"elementor-widget-container\">\n\t\t\t\t\t\t\t\t\t<p><strong>\ud83d\udca1 <\/strong><strong>C\u00f3mo evitarlo<\/strong>: Digitaliza las facturas recibidas y usa un sistema contable que automatice el registro. Implementa un flujo de aprobaci\u00f3n para verificar cada factura antes de su contabilidad.<\/p>\t\t\t\t\t\t\t\t<\/div>\n\t\t\t\t<\/div>\n\t\t\t\t\t<\/div>\n\t\t\t\t<\/div>\n\t\t<div class=\"elementor-element elementor-element-1729d16 e-flex e-con-boxed e-con e-parent\" data-id=\"1729d16\" data-element_type=\"container\">\n\t\t\t\t\t<div class=\"e-con-inner\">\n\t\t\t\t<div class=\"elementor-element elementor-element-b7e35c7 elementor-widget elementor-widget-spacer\" data-id=\"b7e35c7\" data-element_type=\"widget\" data-widget_type=\"spacer.default\">\n\t\t\t\t<div class=\"elementor-widget-container\">\n\t\t\t\t\t\t\t<div class=\"elementor-spacer\">\n\t\t\t<div class=\"elementor-spacer-inner\"><\/div>\n\t\t<\/div>\n\t\t\t\t\t\t<\/div>\n\t\t\t\t<\/div>\n\t\t\t\t\t<\/div>\n\t\t\t\t<\/div>\n\t\t<div class=\"elementor-element elementor-element-7480e1fc e-flex e-con-boxed e-con e-parent\" data-id=\"7480e1fc\" data-element_type=\"container\" data-settings=\"{&quot;background_background&quot;:&quot;classic&quot;}\">\n\t\t\t\t\t<div class=\"e-con-inner\">\n\t\t<div class=\"elementor-element elementor-element-242b5726 e-con-full e-flex e-con e-child\" data-id=\"242b5726\" data-element_type=\"container\">\n\t\t<div class=\"elementor-element elementor-element-42fbbefb e-flex e-con-boxed e-con e-child\" data-id=\"42fbbefb\" data-element_type=\"container\">\n\t\t\t\t\t<div class=\"e-con-inner\">\n\t\t\t\t<div class=\"elementor-element elementor-element-24d287aa elementor-widget elementor-widget-heading\" data-id=\"24d287aa\" data-element_type=\"widget\" data-widget_type=\"heading.default\">\n\t\t\t\t<div class=\"elementor-widget-container\">\n\t\t\t\t\t<h3 class=\"elementor-heading-title elementor-size-default\">Herramientas para impulsar<br>tu negocio<\/h3>\t\t\t\t<\/div>\n\t\t\t\t<\/div>\n\t\t\t\t<div class=\"elementor-element elementor-element-1c93af3f elementor-widget elementor-widget-text-editor\" data-id=\"1c93af3f\" data-element_type=\"widget\" data-widget_type=\"text-editor.default\">\n\t\t\t\t<div class=\"elementor-widget-container\">\n\t\t\t\t\t\t\t\t\t<p>FinanEDI es la soluci\u00f3n en la nube gratuita que permite automatizar y optimizar los procesos financieros, contables y administrativos de tu negocio.<\/p>\t\t\t\t\t\t\t\t<\/div>\n\t\t\t\t<\/div>\n\t\t\t\t<div class=\"elementor-element elementor-element-55f1e781 elementor-widget elementor-widget-button\" data-id=\"55f1e781\" data-element_type=\"widget\" data-widget_type=\"button.default\">\n\t\t\t\t<div class=\"elementor-widget-container\">\n\t\t\t\t\t\t\t\t\t<div class=\"elementor-button-wrapper\">\n\t\t\t\t\t<a class=\"elementor-button elementor-button-link elementor-size-md\" href=\"https:\/\/finanedi.es\/\" target=\"_blank\">\n\t\t\t\t\t\t<span class=\"elementor-button-content-wrapper\">\n\t\t\t\t\t\t\t\t\t<span class=\"elementor-button-text\">Crear cuenta gratis<\/span>\n\t\t\t\t\t<\/span>\n\t\t\t\t\t<\/a>\n\t\t\t\t<\/div>\n\t\t\t\t\t\t\t\t<\/div>\n\t\t\t\t<\/div>\n\t\t\t\t\t<\/div>\n\t\t\t\t<\/div>\n\t\t\t\t<\/div>\n\t\t<div class=\"elementor-element elementor-element-6ac7fae0 e-con-full e-flex e-con e-child\" data-id=\"6ac7fae0\" data-element_type=\"container\">\n\t\t\t\t<div class=\"elementor-element elementor-element-30b3ead8 elementor-widget elementor-widget-image\" data-id=\"30b3ead8\" data-element_type=\"widget\" data-widget_type=\"image.default\">\n\t\t\t\t<div class=\"elementor-widget-container\">\n\t\t\t\t\t\t\t\t\t\t\t\t\t\t\t<img fetchpriority=\"high\" decoding=\"async\" width=\"300\" height=\"233\" src=\"https:\/\/finanedi.es\/blog\/contenido\/uploads\/2024\/09\/Dashborad_00115-300x233.png\" class=\"attachment-medium size-medium wp-image-5370\" alt=\"Herramientas para impulsar tu negocio - FinanEDI\" srcset=\"https:\/\/finanedi.es\/blog\/contenido\/uploads\/2024\/09\/Dashborad_00115-300x233.png 300w, https:\/\/finanedi.es\/blog\/contenido\/uploads\/2024\/09\/Dashborad_00115-768x597.png 768w, https:\/\/finanedi.es\/blog\/contenido\/uploads\/2024\/09\/Dashborad_00115.png 900w\" sizes=\"(max-width: 300px) 100vw, 300px\" \/>\t\t\t\t\t\t\t\t\t\t\t\t\t\t\t<\/div>\n\t\t\t\t<\/div>\n\t\t\t\t<\/div>\n\t\t\t\t\t<\/div>\n\t\t\t\t<\/div>\n\t\t<div class=\"elementor-element elementor-element-4c20867 e-flex e-con-boxed e-con e-parent\" data-id=\"4c20867\" data-element_type=\"container\">\n\t\t\t\t\t<div class=\"e-con-inner\">\n\t\t\t\t<div class=\"elementor-element elementor-element-656e4b6 elementor-widget elementor-widget-spacer\" data-id=\"656e4b6\" data-element_type=\"widget\" data-widget_type=\"spacer.default\">\n\t\t\t\t<div class=\"elementor-widget-container\">\n\t\t\t\t\t\t\t<div class=\"elementor-spacer\">\n\t\t\t<div class=\"elementor-spacer-inner\"><\/div>\n\t\t<\/div>\n\t\t\t\t\t\t<\/div>\n\t\t\t\t<\/div>\n\t\t\t\t\t<\/div>\n\t\t\t\t<\/div>\n\t\t<div class=\"elementor-element elementor-element-0cd32d5 e-flex e-con-boxed e-con e-parent\" data-id=\"0cd32d5\" data-element_type=\"container\">\n\t\t\t\t\t<div class=\"e-con-inner\">\n\t\t\t\t<div class=\"elementor-element elementor-element-de68da5 elementor-widget elementor-widget-text-editor\" data-id=\"de68da5\" data-element_type=\"widget\" data-widget_type=\"text-editor.default\">\n\t\t\t\t<div class=\"elementor-widget-container\">\n\t\t\t\t\t\t\t\t\t<p data-pm-slice=\"1 1 []\">Evitar errores en la facturaci\u00f3n es clave para mantener la salud financiera de una pyme y cumplir con la normativa. Implementar un buen sistema de facturaci\u00f3n, automatizar procesos y revisar la informaci\u00f3n con regularidad te ayudar\u00e1n a reducir riesgos y optimizar la gesti\u00f3n de tu negocio.<\/p>\t\t\t\t\t\t\t\t<\/div>\n\t\t\t\t<\/div>\n\t\t\t\t\t<\/div>\n\t\t\t\t<\/div>\n\t\t<div class=\"elementor-element elementor-element-6833e8b1 e-flex e-con-boxed e-con e-parent\" data-id=\"6833e8b1\" data-element_type=\"container\">\n\t\t\t\t\t<div class=\"e-con-inner\">\n\t\t<div class=\"elementor-element elementor-element-685a7583 e-flex e-con-boxed e-con e-child\" data-id=\"685a7583\" data-element_type=\"container\">\n\t\t\t\t\t<div class=\"e-con-inner\">\n\t\t\t\t<div class=\"elementor-element elementor-element-4d4acf67 elementor-widget elementor-widget-heading\" data-id=\"4d4acf67\" data-element_type=\"widget\" data-widget_type=\"heading.default\">\n\t\t\t\t<div class=\"elementor-widget-container\">\n\t\t\t\t\t<h3 class=\"elementor-heading-title elementor-size-default\">Preguntas frecuentes<\/h3>\t\t\t\t<\/div>\n\t\t\t\t<\/div>\n\t\t\t\t\t<\/div>\n\t\t\t\t<\/div>\n\t\t<div class=\"elementor-element elementor-element-2bb75fab e-flex e-con-boxed e-con e-child\" data-id=\"2bb75fab\" data-element_type=\"container\">\n\t\t\t\t\t<div class=\"e-con-inner\">\n\t\t\t\t<div class=\"elementor-element elementor-element-7bf12926 elementor-widget elementor-widget-heading\" data-id=\"7bf12926\" data-element_type=\"widget\" data-widget_type=\"heading.default\">\n\t\t\t\t<div class=\"elementor-widget-container\">\n\t\t\t\t\t<h4 class=\"elementor-heading-title elementor-size-default\">\u00bfPuedo corregir una factura si me doy cuenta de un error despu\u00e9s de enviarla?<\/h4>\t\t\t\t<\/div>\n\t\t\t\t<\/div>\n\t\t\t\t<div class=\"elementor-element elementor-element-403b9ecf elementor-widget elementor-widget-text-editor\" data-id=\"403b9ecf\" data-element_type=\"widget\" data-widget_type=\"text-editor.default\">\n\t\t\t\t<div class=\"elementor-widget-container\">\n\t\t\t\t\t\t\t\t\t<p data-pm-slice=\"1 1 []\">S\u00ed, se puede emitir una factura rectificativa para corregir errores en facturas ya enviadas. Esta factura debe hacer referencia a la original e indicar claramente la correcci\u00f3n realizada.<\/p>\t\t\t\t\t\t\t\t<\/div>\n\t\t\t\t<\/div>\n\t\t\t\t\t<\/div>\n\t\t\t\t<\/div>\n\t\t<div class=\"elementor-element elementor-element-768957da e-flex e-con-boxed e-con e-child\" data-id=\"768957da\" data-element_type=\"container\">\n\t\t\t\t\t<div class=\"e-con-inner\">\n\t\t\t\t<div class=\"elementor-element elementor-element-49d5b53e elementor-widget elementor-widget-heading\" data-id=\"49d5b53e\" data-element_type=\"widget\" data-widget_type=\"heading.default\">\n\t\t\t\t<div class=\"elementor-widget-container\">\n\t\t\t\t\t<h4 class=\"elementor-heading-title elementor-size-default\">\u00bfEs obligatorio el uso de facturaci\u00f3n electr\u00f3nica para las pymes?<\/h4>\t\t\t\t<\/div>\n\t\t\t\t<\/div>\n\t\t\t\t<div class=\"elementor-element elementor-element-4f3efc65 elementor-widget elementor-widget-text-editor\" data-id=\"4f3efc65\" data-element_type=\"widget\" data-widget_type=\"text-editor.default\">\n\t\t\t\t<div class=\"elementor-widget-container\">\n\t\t\t\t\t\t\t\t\t<p data-pm-slice=\"1 1 []\">Actualmente, la facturaci\u00f3n electr\u00f3nica es obligatoria para empresas que facturan con la Administraci\u00f3n P\u00fablica y, pr\u00f3ximamente, ser\u00e1 obligatoria para todas las empresas en Espa\u00f1a con la nueva Ley Crea y Crece.<\/p>\t\t\t\t\t\t\t\t<\/div>\n\t\t\t\t<\/div>\n\t\t\t\t\t<\/div>\n\t\t\t\t<\/div>\n\t\t<div class=\"elementor-element elementor-element-63153106 e-flex e-con-boxed e-con e-child\" data-id=\"63153106\" data-element_type=\"container\">\n\t\t\t\t\t<div class=\"e-con-inner\">\n\t\t\t\t<div class=\"elementor-element elementor-element-262b7364 elementor-widget elementor-widget-heading\" data-id=\"262b7364\" data-element_type=\"widget\" data-widget_type=\"heading.default\">\n\t\t\t\t<div class=\"elementor-widget-container\">\n\t\t\t\t\t<h4 class=\"elementor-heading-title elementor-size-default\">\u00bfQu\u00e9 pasa si no incluyo el IVA en una factura cuando es obligatorio?<\/h4>\t\t\t\t<\/div>\n\t\t\t\t<\/div>\n\t\t\t\t<div class=\"elementor-element elementor-element-47520f55 elementor-widget elementor-widget-text-editor\" data-id=\"47520f55\" data-element_type=\"widget\" data-widget_type=\"text-editor.default\">\n\t\t\t\t<div class=\"elementor-widget-container\">\n\t\t\t\t\t\t\t\t\t<p data-pm-slice=\"1 1 []\">Si emites una factura sin IVA cuando corresponde, podr\u00edas enfrentar sanciones de Hacienda y tener que asumir el pago del IVA no cobrado a los clientes, lo que afectar\u00eda la rentabilidad de tu negocio.<\/p>\t\t\t\t\t\t\t\t<\/div>\n\t\t\t\t<\/div>\n\t\t\t\t\t<\/div>\n\t\t\t\t<\/div>\n\t\t<div class=\"elementor-element elementor-element-22493757 e-flex e-con-boxed e-con e-child\" data-id=\"22493757\" data-element_type=\"container\">\n\t\t\t\t\t<div class=\"e-con-inner\">\n\t\t\t\t<div class=\"elementor-element elementor-element-16940e25 elementor-widget elementor-widget-heading\" data-id=\"16940e25\" data-element_type=\"widget\" data-widget_type=\"heading.default\">\n\t\t\t\t<div class=\"elementor-widget-container\">\n\t\t\t\t\t<h4 class=\"elementor-heading-title elementor-size-default\">\u00bfC\u00f3mo evitar errores de facturaci\u00f3n si mi empresa emite muchas facturas al mes?<\/h4>\t\t\t\t<\/div>\n\t\t\t\t<\/div>\n\t\t\t\t<div class=\"elementor-element elementor-element-15a93d05 elementor-widget elementor-widget-text-editor\" data-id=\"15a93d05\" data-element_type=\"widget\" data-widget_type=\"text-editor.default\">\n\t\t\t\t<div class=\"elementor-widget-container\">\n\t\t\t\t\t\t\t\t\t<p data-pm-slice=\"1 1 []\">La mejor manera de evitar errores es automatizar el proceso con un software de facturaci\u00f3n confiable, revisar peri\u00f3dicamente los datos de clientes y productos, y capacitar al personal en buenas pr\u00e1cticas contables.<\/p>\t\t\t\t\t\t\t\t<\/div>\n\t\t\t\t<\/div>\n\t\t\t\t\t<\/div>\n\t\t\t\t<\/div>\n\t\t\t\t\t<\/div>\n\t\t\t\t<\/div>\n\t\t<div class=\"elementor-element elementor-element-bb4a79b e-flex e-con-boxed e-con e-parent\" data-id=\"bb4a79b\" data-element_type=\"container\">\n\t\t\t\t\t<div class=\"e-con-inner\">\n\t\t<div class=\"elementor-element elementor-element-22bd2fe8 e-con-full e-flex e-con e-child\" data-id=\"22bd2fe8\" data-element_type=\"container\">\n\t\t\t\t<div class=\"elementor-element elementor-element-1204455a elementor-widget elementor-widget-spacer\" data-id=\"1204455a\" data-element_type=\"widget\" data-widget_type=\"spacer.default\">\n\t\t\t\t<div class=\"elementor-widget-container\">\n\t\t\t\t\t\t\t<div class=\"elementor-spacer\">\n\t\t\t<div class=\"elementor-spacer-inner\"><\/div>\n\t\t<\/div>\n\t\t\t\t\t\t<\/div>\n\t\t\t\t<\/div>\n\t\t\t\t<\/div>\n\t\t<div class=\"elementor-element elementor-element-155ea5a0 e-con-full e-flex e-con e-child\" data-id=\"155ea5a0\" data-element_type=\"container\">\n\t\t\t\t<div class=\"elementor-element elementor-element-f995384 elementor-widget elementor-widget-heading\" data-id=\"f995384\" data-element_type=\"widget\" data-widget_type=\"heading.default\">\n\t\t\t\t<div class=\"elementor-widget-container\">\n\t\t\t\t\t<h3 class=\"elementor-heading-title elementor-size-default\">No te pierdas...<\/h3>\t\t\t\t<\/div>\n\t\t\t\t<\/div>\n\t\t\t\t<\/div>\n\t\t<div class=\"elementor-element elementor-element-4813cc75 e-con-full e-flex e-con e-child\" data-id=\"4813cc75\" data-element_type=\"container\">\n\t\t\t\t<div class=\"elementor-element elementor-element-c06636d elementor-widget elementor-widget-katen-post-five\" data-id=\"c06636d\" data-element_type=\"widget\" data-widget_type=\"katen-post-five.default\">\n\t\t\t\t<div class=\"elementor-widget-container\">\n\t\t\t\t\t\t\t<div class=\"padding-30 rounded bordered\">\n\n\t\t\t<div class=\"row infinite-wrapper\">\n\n\t\t\t\n\t\t\t\t<div class=\"col-md-12 col-sm-6 post-list-item post-item\">\n\t\t\t\t\t<!-- post -->\n\t\t\t\t\t<div class=\"post post-list clearfix\">\n\n\t\t\t\t\t\t<div class=\"thumb rounded\"><div class=\"inner\"><a href=\"https:\/\/finanedi.es\/blog\/como-elegir-el-mejor-programa-de-facturacion-gratuita-para-tu-pyme\/\"><img decoding=\"async\" width=\"330\" height=\"250\" src=\"https:\/\/finanedi.es\/blog\/contenido\/uploads\/2025\/10\/Como-elegir-el-mejor-programa-de-facturacion-gratuita-para-tu-pyme-330x250.jpg\" class=\"attachment-katen-thumb-list size-katen-thumb-list wp-post-image\" alt=\"C\u00f3mo elegir el mejor programa de facturaci\u00f3n gratuita para tu pyme\" \/><\/a><\/div><\/div>  \n\n\t\t\t\t\t\t<div class=\"details clearfix\">\n\t\t\t\t\t\t\t<ul class=\"meta list-inline mb-3\">\n\t\t\t\t\t\t\t\t<li class=\"list-inline-item\"><a href=\"https:\/\/finanedi.es\/blog\/category\/facturacion\/\">Facturaci\u00f3n<\/a><\/li>\t\t\t\t\t\t\t<\/ul>\n\t\t\t\t\t\t\t<h5 class=\"post-title\"><a href=\"https:\/\/finanedi.es\/blog\/como-elegir-el-mejor-programa-de-facturacion-gratuita-para-tu-pyme\/\">C\u00f3mo elegir el mejor programa de facturaci\u00f3n gratuita para tu pyme<\/a><\/h5>\n\t\t\t\t\t\t\t<p class=\"excerpt mb-0\">\n\t\t\t\t\t\t\t\tGestionar las facturas de una peque\u00f1a o mediana empresa puede ser una tarea compleja si&hellip;\t\t\t\t\t\t\t<\/p>\n\t\t\t\t\t\t\t<div class=\"post-bottom clearfix d-flex align-items-center\">\n\t\t\t\t\t\t\t\t\t\t\t\t\t\t\t\t\t\t\t\t\t\t\t<\/div>\n\t\t\t\t\t\t<\/div>\n\t\t\t\t\t<\/div>\n\t\t\t\t<\/div>\n\n\t\t\t\n\t\t\t\t<div class=\"col-md-12 col-sm-6 post-list-item post-item\">\n\t\t\t\t\t<!-- post -->\n\t\t\t\t\t<div class=\"post post-list clearfix\">\n\n\t\t\t\t\t\t<div class=\"thumb rounded\"><div class=\"inner\"><a href=\"https:\/\/finanedi.es\/blog\/diferencia-entre-factura-rectificativa-y-nota-de-abono-que-son-y-cuando-utilizarlas\/\"><img decoding=\"async\" width=\"330\" height=\"250\" src=\"https:\/\/finanedi.es\/blog\/contenido\/uploads\/2025\/08\/Diferencia-entre-factura-rectificativa-y-nota-de-abono-330x250.jpg\" class=\"attachment-katen-thumb-list size-katen-thumb-list wp-post-image\" alt=\"Diferencia entre factura rectificativa y nota de abono\" \/><\/a><\/div><\/div>  \n\n\t\t\t\t\t\t<div class=\"details clearfix\">\n\t\t\t\t\t\t\t<ul class=\"meta list-inline mb-3\">\n\t\t\t\t\t\t\t\t<li class=\"list-inline-item\"><a href=\"https:\/\/finanedi.es\/blog\/category\/facturacion\/\">Facturaci\u00f3n<\/a><\/li>\t\t\t\t\t\t\t<\/ul>\n\t\t\t\t\t\t\t<h5 class=\"post-title\"><a href=\"https:\/\/finanedi.es\/blog\/diferencia-entre-factura-rectificativa-y-nota-de-abono-que-son-y-cuando-utilizarlas\/\">Diferencia entre factura rectificativa y nota de abono: qu\u00e9 son y cu\u00e1ndo utilizarlas<\/a><\/h5>\n\t\t\t\t\t\t\t<p class=\"excerpt mb-0\">\n\t\t\t\t\t\t\t\tEn el d\u00eda a d\u00eda de cualquier empresa o aut\u00f3nomo, la facturaci\u00f3n no siempre transcurre&hellip;\t\t\t\t\t\t\t<\/p>\n\t\t\t\t\t\t\t<div class=\"post-bottom clearfix d-flex align-items-center\">\n\t\t\t\t\t\t\t\t\t\t\t\t\t\t\t\t\t\t\t\t\t\t\t<\/div>\n\t\t\t\t\t\t<\/div>\n\t\t\t\t\t<\/div>\n\t\t\t\t<\/div>\n\n\t\t\t\n\t\t\t\t<div class=\"col-md-12 col-sm-6 post-list-item post-item\">\n\t\t\t\t\t<!-- post -->\n\t\t\t\t\t<div class=\"post post-list clearfix\">\n\n\t\t\t\t\t\t<div class=\"thumb rounded\"><div class=\"inner\"><a href=\"https:\/\/finanedi.es\/blog\/factura-e-10-preguntas-frecuentes-factura-electronica\/\"><img loading=\"lazy\" decoding=\"async\" width=\"330\" height=\"250\" src=\"https:\/\/finanedi.es\/blog\/contenido\/uploads\/2024\/12\/factura-e-330x250.jpg\" class=\"attachment-katen-thumb-list size-katen-thumb-list wp-post-image\" alt=\"Factura electr\u00f3nica (Facturae)\" \/><\/a><\/div><\/div>  \n\n\t\t\t\t\t\t<div class=\"details clearfix\">\n\t\t\t\t\t\t\t<ul class=\"meta list-inline mb-3\">\n\t\t\t\t\t\t\t\t<li class=\"list-inline-item\"><a href=\"https:\/\/finanedi.es\/blog\/category\/facturacion\/\">Facturaci\u00f3n<\/a><\/li>\t\t\t\t\t\t\t<\/ul>\n\t\t\t\t\t\t\t<h5 class=\"post-title\"><a href=\"https:\/\/finanedi.es\/blog\/factura-e-10-preguntas-frecuentes-factura-electronica\/\">10 Preguntas frecuentes sobre la factura electr\u00f3nica<\/a><\/h5>\n\t\t\t\t\t\t\t<p class=\"excerpt mb-0\">\n\t\t\t\t\t\t\t\tLa factura electr\u00f3nica, tambi\u00e9n conocida como Facturae, ha revolucionado la manera en que las empresas&hellip;\t\t\t\t\t\t\t<\/p>\n\t\t\t\t\t\t\t<div class=\"post-bottom clearfix d-flex align-items-center\">\n\t\t\t\t\t\t\t\t\t\t\t\t\t\t\t\t\t\t\t\t\t\t\t<\/div>\n\t\t\t\t\t\t<\/div>\n\t\t\t\t\t<\/div>\n\t\t\t\t<\/div>\n\n\t\t\t\n\t\t\t\t<div class=\"col-md-12 col-sm-6 post-list-item post-item\">\n\t\t\t\t\t<!-- post -->\n\t\t\t\t\t<div class=\"post post-list clearfix\">\n\n\t\t\t\t\t\t<div class=\"thumb rounded\"><div class=\"inner\"><a href=\"https:\/\/finanedi.es\/blog\/como-elegir-un-programa-de-facturacion-gratuito-sin-renunciar-a-funciones-clave\/\"><img loading=\"lazy\" decoding=\"async\" width=\"330\" height=\"250\" src=\"https:\/\/finanedi.es\/blog\/contenido\/uploads\/2025\/05\/Como-elegir-un-programa-de-facturacion-gratuito-sin-renunciar-a-funciones-clave-330x250.jpg\" class=\"attachment-katen-thumb-list size-katen-thumb-list wp-post-image\" alt=\"C\u00f3mo elegir un programa de facturaci\u00f3n gratuito sin renunciar a funciones clave\" \/><\/a><\/div><\/div>  \n\n\t\t\t\t\t\t<div class=\"details clearfix\">\n\t\t\t\t\t\t\t<ul class=\"meta list-inline mb-3\">\n\t\t\t\t\t\t\t\t<li class=\"list-inline-item\"><a href=\"https:\/\/finanedi.es\/blog\/category\/facturacion\/\">Facturaci\u00f3n<\/a><\/li>\t\t\t\t\t\t\t<\/ul>\n\t\t\t\t\t\t\t<h5 class=\"post-title\"><a href=\"https:\/\/finanedi.es\/blog\/como-elegir-un-programa-de-facturacion-gratuito-sin-renunciar-a-funciones-clave\/\">C\u00f3mo elegir un programa de facturaci\u00f3n gratuito sin renunciar a funciones clave<\/a><\/h5>\n\t\t\t\t\t\t\t<p class=\"excerpt mb-0\">\n\t\t\t\t\t\t\t\tLa digitalizaci\u00f3n de la facturaci\u00f3n ya no es opcional para aut\u00f3nomos y pymes. Cada vez&hellip;\t\t\t\t\t\t\t<\/p>\n\t\t\t\t\t\t\t<div class=\"post-bottom clearfix d-flex align-items-center\">\n\t\t\t\t\t\t\t\t\t\t\t\t\t\t\t\t\t\t\t\t\t\t\t<\/div>\n\t\t\t\t\t\t<\/div>\n\t\t\t\t\t<\/div>\n\t\t\t\t<\/div>\n\n\t\t\t\n\t\t\t<\/div>\n\n\t\t<\/div>\n\t\t\n        \t\t\t\t<\/div>\n\t\t\t\t<\/div>\n\t\t\t\t<\/div>\n\t\t\t\t\t<\/div>\n\t\t\t\t<\/div>\n\t\t\t\t<\/div>\n\t\t","protected":false},"excerpt":{"rendered":"<p>La facturaci\u00f3n es una tarea esencial para cualquier empresa, pero muchas pymes cometen errores que pueden generar problemas financieros y legales. Un fallo en la emisi\u00f3n de facturas puede afectar la relaci\u00f3n con clientes y proveedores, retrasar pagos y hasta generar sanciones. En este art\u00edculo, analizamos los errores m\u00e1s comunes y te damos consejos pr\u00e1cticos para evitarlos.<\/p>\n","protected":false},"author":3,"featured_media":10222,"comment_status":"closed","ping_status":"open","sticky":false,"template":"","format":"standard","meta":{"_monsterinsights_skip_tracking":false,"_monsterinsights_sitenote_active":false,"_monsterinsights_sitenote_note":"","_monsterinsights_sitenote_category":0,"footnotes":""},"categories":[4],"tags":[],"class_list":["post-10218","post","type-post","status-publish","format-standard","has-post-thumbnail","hentry","category-facturacion"],"yoast_head":"<!-- This site is optimized with the Yoast SEO plugin v26.2 - https:\/\/yoast.com\/wordpress\/plugins\/seo\/ -->\n<title>\u00bfCu\u00e1les son los errores de facturaci\u00f3n m\u00e1s comunes en las pymes?<\/title>\n<meta name=\"description\" content=\"Descubre los errores m\u00e1s comunes en la facturaci\u00f3n de pymes y c\u00f3mo evitarlos para mejorar tu gesti\u00f3n financiera y evitar sanciones.\" \/>\n<meta name=\"robots\" content=\"index, follow, max-snippet:-1, max-image-preview:large, max-video-preview:-1\" \/>\n<link rel=\"canonical\" href=\"https:\/\/finanedi.es\/blog\/principales-errores-de-facturacion-que-cometen-las-pymes-y-como-evitarlos\/\" \/>\n<meta property=\"og:locale\" content=\"es_ES\" \/>\n<meta property=\"og:type\" content=\"article\" \/>\n<meta property=\"og:title\" content=\"\u00bfCu\u00e1les son los errores de facturaci\u00f3n m\u00e1s comunes en las pymes?\" \/>\n<meta property=\"og:description\" content=\"Descubre los errores m\u00e1s comunes en la facturaci\u00f3n de pymes y c\u00f3mo evitarlos para mejorar tu gesti\u00f3n financiera y evitar sanciones.\" \/>\n<meta property=\"og:url\" content=\"https:\/\/finanedi.es\/blog\/principales-errores-de-facturacion-que-cometen-las-pymes-y-como-evitarlos\/\" \/>\n<meta property=\"og:site_name\" content=\"Blog para pymes y aut\u00f3nomos - FinanEDI\" \/>\n<meta property=\"article:published_time\" content=\"2025-03-31T07:33:45+00:00\" \/>\n<meta property=\"article:modified_time\" content=\"2025-03-31T07:39:04+00:00\" \/>\n<meta property=\"og:image\" content=\"https:\/\/finanedi.es\/blog\/contenido\/uploads\/2025\/03\/Principales-errores-de-facturacion-que-cometen-las-pymes.jpg\" \/>\n\t<meta property=\"og:image:width\" content=\"1580\" \/>\n\t<meta property=\"og:image:height\" content=\"960\" \/>\n\t<meta property=\"og:image:type\" content=\"image\/jpeg\" \/>\n<meta name=\"author\" content=\"restevez\" \/>\n<meta name=\"twitter:card\" content=\"summary_large_image\" \/>\n<meta name=\"twitter:label1\" content=\"Escrito por\" \/>\n\t<meta name=\"twitter:data1\" content=\"restevez\" \/>\n\t<meta name=\"twitter:label2\" content=\"Tiempo de lectura\" \/>\n\t<meta name=\"twitter:data2\" content=\"8 minutos\" \/>\n<script type=\"application\/ld+json\" class=\"yoast-schema-graph\">{\"@context\":\"https:\/\/schema.org\",\"@graph\":[{\"@type\":\"Article\",\"@id\":\"https:\/\/finanedi.es\/blog\/principales-errores-de-facturacion-que-cometen-las-pymes-y-como-evitarlos\/#article\",\"isPartOf\":{\"@id\":\"https:\/\/finanedi.es\/blog\/principales-errores-de-facturacion-que-cometen-las-pymes-y-como-evitarlos\/\"},\"author\":{\"name\":\"restevez\",\"@id\":\"https:\/\/finanedi.es\/blog\/#\/schema\/person\/233ed58195d34f36f74f13ba1030ebd8\"},\"headline\":\"Los principales errores de facturaci\u00f3n que cometen las pymes y c\u00f3mo evitarlos\",\"datePublished\":\"2025-03-31T07:33:45+00:00\",\"dateModified\":\"2025-03-31T07:39:04+00:00\",\"mainEntityOfPage\":{\"@id\":\"https:\/\/finanedi.es\/blog\/principales-errores-de-facturacion-que-cometen-las-pymes-y-como-evitarlos\/\"},\"wordCount\":1190,\"publisher\":{\"@id\":\"https:\/\/finanedi.es\/blog\/#organization\"},\"image\":{\"@id\":\"https:\/\/finanedi.es\/blog\/principales-errores-de-facturacion-que-cometen-las-pymes-y-como-evitarlos\/#primaryimage\"},\"thumbnailUrl\":\"https:\/\/finanedi.es\/blog\/contenido\/uploads\/2025\/03\/Principales-errores-de-facturacion-que-cometen-las-pymes.jpg\",\"articleSection\":[\"Facturaci\u00f3n\"],\"inLanguage\":\"es\"},{\"@type\":\"WebPage\",\"@id\":\"https:\/\/finanedi.es\/blog\/principales-errores-de-facturacion-que-cometen-las-pymes-y-como-evitarlos\/\",\"url\":\"https:\/\/finanedi.es\/blog\/principales-errores-de-facturacion-que-cometen-las-pymes-y-como-evitarlos\/\",\"name\":\"\u00bfCu\u00e1les son los errores de facturaci\u00f3n m\u00e1s comunes en las pymes?\",\"isPartOf\":{\"@id\":\"https:\/\/finanedi.es\/blog\/#website\"},\"primaryImageOfPage\":{\"@id\":\"https:\/\/finanedi.es\/blog\/principales-errores-de-facturacion-que-cometen-las-pymes-y-como-evitarlos\/#primaryimage\"},\"image\":{\"@id\":\"https:\/\/finanedi.es\/blog\/principales-errores-de-facturacion-que-cometen-las-pymes-y-como-evitarlos\/#primaryimage\"},\"thumbnailUrl\":\"https:\/\/finanedi.es\/blog\/contenido\/uploads\/2025\/03\/Principales-errores-de-facturacion-que-cometen-las-pymes.jpg\",\"datePublished\":\"2025-03-31T07:33:45+00:00\",\"dateModified\":\"2025-03-31T07:39:04+00:00\",\"description\":\"Descubre los errores m\u00e1s comunes en la facturaci\u00f3n de pymes y c\u00f3mo evitarlos para mejorar tu gesti\u00f3n financiera y evitar sanciones.\",\"breadcrumb\":{\"@id\":\"https:\/\/finanedi.es\/blog\/principales-errores-de-facturacion-que-cometen-las-pymes-y-como-evitarlos\/#breadcrumb\"},\"inLanguage\":\"es\",\"potentialAction\":[{\"@type\":\"ReadAction\",\"target\":[\"https:\/\/finanedi.es\/blog\/principales-errores-de-facturacion-que-cometen-las-pymes-y-como-evitarlos\/\"]}]},{\"@type\":\"ImageObject\",\"inLanguage\":\"es\",\"@id\":\"https:\/\/finanedi.es\/blog\/principales-errores-de-facturacion-que-cometen-las-pymes-y-como-evitarlos\/#primaryimage\",\"url\":\"https:\/\/finanedi.es\/blog\/contenido\/uploads\/2025\/03\/Principales-errores-de-facturacion-que-cometen-las-pymes.jpg\",\"contentUrl\":\"https:\/\/finanedi.es\/blog\/contenido\/uploads\/2025\/03\/Principales-errores-de-facturacion-que-cometen-las-pymes.jpg\",\"width\":1580,\"height\":960,\"caption\":\"Principales errores de facturaci\u00f3n que cometen las pymes\"},{\"@type\":\"BreadcrumbList\",\"@id\":\"https:\/\/finanedi.es\/blog\/principales-errores-de-facturacion-que-cometen-las-pymes-y-como-evitarlos\/#breadcrumb\",\"itemListElement\":[{\"@type\":\"ListItem\",\"position\":1,\"name\":\"Home\",\"item\":\"https:\/\/finanedi.es\/blog\/\"},{\"@type\":\"ListItem\",\"position\":2,\"name\":\"Los principales errores de facturaci\u00f3n que cometen las pymes y c\u00f3mo evitarlos\"}]},{\"@type\":\"WebSite\",\"@id\":\"https:\/\/finanedi.es\/blog\/#website\",\"url\":\"https:\/\/finanedi.es\/blog\/\",\"name\":\"Blog para pymes y aut\u00f3nomos - FinanEDI\",\"description\":\"Blog para aut\u00f3nomos y PYMES, sobre temas como facturaci\u00f3n, contabilidad, tecnolog\u00eda.\",\"publisher\":{\"@id\":\"https:\/\/finanedi.es\/blog\/#organization\"},\"potentialAction\":[{\"@type\":\"SearchAction\",\"target\":{\"@type\":\"EntryPoint\",\"urlTemplate\":\"https:\/\/finanedi.es\/blog\/?s={search_term_string}\"},\"query-input\":{\"@type\":\"PropertyValueSpecification\",\"valueRequired\":true,\"valueName\":\"search_term_string\"}}],\"inLanguage\":\"es\"},{\"@type\":\"Organization\",\"@id\":\"https:\/\/finanedi.es\/blog\/#organization\",\"name\":\"Blog para pymes y aut\u00f3nomos - FinanEDI\",\"url\":\"https:\/\/finanedi.es\/blog\/\",\"logo\":{\"@type\":\"ImageObject\",\"inLanguage\":\"es\",\"@id\":\"https:\/\/finanedi.es\/blog\/#\/schema\/logo\/image\/\",\"url\":\"https:\/\/finanedi.es\/blog\/contenido\/uploads\/2024\/02\/FinanEdiAzul1.svg\",\"contentUrl\":\"https:\/\/finanedi.es\/blog\/contenido\/uploads\/2024\/02\/FinanEdiAzul1.svg\",\"width\":142,\"height\":36,\"caption\":\"Blog para pymes y aut\u00f3nomos - FinanEDI\"},\"image\":{\"@id\":\"https:\/\/finanedi.es\/blog\/#\/schema\/logo\/image\/\"}},{\"@type\":\"Person\",\"@id\":\"https:\/\/finanedi.es\/blog\/#\/schema\/person\/233ed58195d34f36f74f13ba1030ebd8\",\"name\":\"restevez\",\"image\":{\"@type\":\"ImageObject\",\"inLanguage\":\"es\",\"@id\":\"https:\/\/finanedi.es\/blog\/#\/schema\/person\/image\/\",\"url\":\"https:\/\/secure.gravatar.com\/avatar\/6c4880db9746e4aa887a98e0ebf657788804dc4280120ef10331a2e6ebb4a9a0?s=96&d=mm&r=g\",\"contentUrl\":\"https:\/\/secure.gravatar.com\/avatar\/6c4880db9746e4aa887a98e0ebf657788804dc4280120ef10331a2e6ebb4a9a0?s=96&d=mm&r=g\",\"caption\":\"restevez\"},\"url\":\"https:\/\/finanedi.es\/blog\/author\/restevez\/\"}]}<\/script>\n<!-- \/ Yoast SEO plugin. -->","yoast_head_json":{"title":"\u00bfCu\u00e1les son los errores de facturaci\u00f3n m\u00e1s comunes en las pymes?","description":"Descubre los errores m\u00e1s comunes en la facturaci\u00f3n de pymes y c\u00f3mo evitarlos para mejorar tu gesti\u00f3n financiera y evitar sanciones.","robots":{"index":"index","follow":"follow","max-snippet":"max-snippet:-1","max-image-preview":"max-image-preview:large","max-video-preview":"max-video-preview:-1"},"canonical":"https:\/\/finanedi.es\/blog\/principales-errores-de-facturacion-que-cometen-las-pymes-y-como-evitarlos\/","og_locale":"es_ES","og_type":"article","og_title":"\u00bfCu\u00e1les son los errores de facturaci\u00f3n m\u00e1s comunes en las pymes?","og_description":"Descubre los errores m\u00e1s comunes en la facturaci\u00f3n de pymes y c\u00f3mo evitarlos para mejorar tu gesti\u00f3n financiera y evitar sanciones.","og_url":"https:\/\/finanedi.es\/blog\/principales-errores-de-facturacion-que-cometen-las-pymes-y-como-evitarlos\/","og_site_name":"Blog para pymes y aut\u00f3nomos - FinanEDI","article_published_time":"2025-03-31T07:33:45+00:00","article_modified_time":"2025-03-31T07:39:04+00:00","og_image":[{"width":1580,"height":960,"url":"https:\/\/finanedi.es\/blog\/contenido\/uploads\/2025\/03\/Principales-errores-de-facturacion-que-cometen-las-pymes.jpg","type":"image\/jpeg"}],"author":"restevez","twitter_card":"summary_large_image","twitter_misc":{"Escrito por":"restevez","Tiempo de lectura":"8 minutos"},"schema":{"@context":"https:\/\/schema.org","@graph":[{"@type":"Article","@id":"https:\/\/finanedi.es\/blog\/principales-errores-de-facturacion-que-cometen-las-pymes-y-como-evitarlos\/#article","isPartOf":{"@id":"https:\/\/finanedi.es\/blog\/principales-errores-de-facturacion-que-cometen-las-pymes-y-como-evitarlos\/"},"author":{"name":"restevez","@id":"https:\/\/finanedi.es\/blog\/#\/schema\/person\/233ed58195d34f36f74f13ba1030ebd8"},"headline":"Los principales errores de facturaci\u00f3n que cometen las pymes y c\u00f3mo evitarlos","datePublished":"2025-03-31T07:33:45+00:00","dateModified":"2025-03-31T07:39:04+00:00","mainEntityOfPage":{"@id":"https:\/\/finanedi.es\/blog\/principales-errores-de-facturacion-que-cometen-las-pymes-y-como-evitarlos\/"},"wordCount":1190,"publisher":{"@id":"https:\/\/finanedi.es\/blog\/#organization"},"image":{"@id":"https:\/\/finanedi.es\/blog\/principales-errores-de-facturacion-que-cometen-las-pymes-y-como-evitarlos\/#primaryimage"},"thumbnailUrl":"https:\/\/finanedi.es\/blog\/contenido\/uploads\/2025\/03\/Principales-errores-de-facturacion-que-cometen-las-pymes.jpg","articleSection":["Facturaci\u00f3n"],"inLanguage":"es"},{"@type":"WebPage","@id":"https:\/\/finanedi.es\/blog\/principales-errores-de-facturacion-que-cometen-las-pymes-y-como-evitarlos\/","url":"https:\/\/finanedi.es\/blog\/principales-errores-de-facturacion-que-cometen-las-pymes-y-como-evitarlos\/","name":"\u00bfCu\u00e1les son los errores de facturaci\u00f3n m\u00e1s comunes en las pymes?","isPartOf":{"@id":"https:\/\/finanedi.es\/blog\/#website"},"primaryImageOfPage":{"@id":"https:\/\/finanedi.es\/blog\/principales-errores-de-facturacion-que-cometen-las-pymes-y-como-evitarlos\/#primaryimage"},"image":{"@id":"https:\/\/finanedi.es\/blog\/principales-errores-de-facturacion-que-cometen-las-pymes-y-como-evitarlos\/#primaryimage"},"thumbnailUrl":"https:\/\/finanedi.es\/blog\/contenido\/uploads\/2025\/03\/Principales-errores-de-facturacion-que-cometen-las-pymes.jpg","datePublished":"2025-03-31T07:33:45+00:00","dateModified":"2025-03-31T07:39:04+00:00","description":"Descubre los errores m\u00e1s comunes en la facturaci\u00f3n de pymes y c\u00f3mo evitarlos para mejorar tu gesti\u00f3n financiera y evitar sanciones.","breadcrumb":{"@id":"https:\/\/finanedi.es\/blog\/principales-errores-de-facturacion-que-cometen-las-pymes-y-como-evitarlos\/#breadcrumb"},"inLanguage":"es","potentialAction":[{"@type":"ReadAction","target":["https:\/\/finanedi.es\/blog\/principales-errores-de-facturacion-que-cometen-las-pymes-y-como-evitarlos\/"]}]},{"@type":"ImageObject","inLanguage":"es","@id":"https:\/\/finanedi.es\/blog\/principales-errores-de-facturacion-que-cometen-las-pymes-y-como-evitarlos\/#primaryimage","url":"https:\/\/finanedi.es\/blog\/contenido\/uploads\/2025\/03\/Principales-errores-de-facturacion-que-cometen-las-pymes.jpg","contentUrl":"https:\/\/finanedi.es\/blog\/contenido\/uploads\/2025\/03\/Principales-errores-de-facturacion-que-cometen-las-pymes.jpg","width":1580,"height":960,"caption":"Principales errores de facturaci\u00f3n que cometen las pymes"},{"@type":"BreadcrumbList","@id":"https:\/\/finanedi.es\/blog\/principales-errores-de-facturacion-que-cometen-las-pymes-y-como-evitarlos\/#breadcrumb","itemListElement":[{"@type":"ListItem","position":1,"name":"Home","item":"https:\/\/finanedi.es\/blog\/"},{"@type":"ListItem","position":2,"name":"Los principales errores de facturaci\u00f3n que cometen las pymes y c\u00f3mo evitarlos"}]},{"@type":"WebSite","@id":"https:\/\/finanedi.es\/blog\/#website","url":"https:\/\/finanedi.es\/blog\/","name":"Blog para pymes y aut\u00f3nomos - FinanEDI","description":"Blog para aut\u00f3nomos y PYMES, sobre temas como facturaci\u00f3n, contabilidad, tecnolog\u00eda.","publisher":{"@id":"https:\/\/finanedi.es\/blog\/#organization"},"potentialAction":[{"@type":"SearchAction","target":{"@type":"EntryPoint","urlTemplate":"https:\/\/finanedi.es\/blog\/?s={search_term_string}"},"query-input":{"@type":"PropertyValueSpecification","valueRequired":true,"valueName":"search_term_string"}}],"inLanguage":"es"},{"@type":"Organization","@id":"https:\/\/finanedi.es\/blog\/#organization","name":"Blog para pymes y aut\u00f3nomos - FinanEDI","url":"https:\/\/finanedi.es\/blog\/","logo":{"@type":"ImageObject","inLanguage":"es","@id":"https:\/\/finanedi.es\/blog\/#\/schema\/logo\/image\/","url":"https:\/\/finanedi.es\/blog\/contenido\/uploads\/2024\/02\/FinanEdiAzul1.svg","contentUrl":"https:\/\/finanedi.es\/blog\/contenido\/uploads\/2024\/02\/FinanEdiAzul1.svg","width":142,"height":36,"caption":"Blog para pymes y aut\u00f3nomos - FinanEDI"},"image":{"@id":"https:\/\/finanedi.es\/blog\/#\/schema\/logo\/image\/"}},{"@type":"Person","@id":"https:\/\/finanedi.es\/blog\/#\/schema\/person\/233ed58195d34f36f74f13ba1030ebd8","name":"restevez","image":{"@type":"ImageObject","inLanguage":"es","@id":"https:\/\/finanedi.es\/blog\/#\/schema\/person\/image\/","url":"https:\/\/secure.gravatar.com\/avatar\/6c4880db9746e4aa887a98e0ebf657788804dc4280120ef10331a2e6ebb4a9a0?s=96&d=mm&r=g","contentUrl":"https:\/\/secure.gravatar.com\/avatar\/6c4880db9746e4aa887a98e0ebf657788804dc4280120ef10331a2e6ebb4a9a0?s=96&d=mm&r=g","caption":"restevez"},"url":"https:\/\/finanedi.es\/blog\/author\/restevez\/"}]}},"_links":{"self":[{"href":"https:\/\/finanedi.es\/blog\/wp-json\/wp\/v2\/posts\/10218","targetHints":{"allow":["GET"]}}],"collection":[{"href":"https:\/\/finanedi.es\/blog\/wp-json\/wp\/v2\/posts"}],"about":[{"href":"https:\/\/finanedi.es\/blog\/wp-json\/wp\/v2\/types\/post"}],"author":[{"embeddable":true,"href":"https:\/\/finanedi.es\/blog\/wp-json\/wp\/v2\/users\/3"}],"replies":[{"embeddable":true,"href":"https:\/\/finanedi.es\/blog\/wp-json\/wp\/v2\/comments?post=10218"}],"version-history":[{"count":6,"href":"https:\/\/finanedi.es\/blog\/wp-json\/wp\/v2\/posts\/10218\/revisions"}],"predecessor-version":[{"id":10225,"href":"https:\/\/finanedi.es\/blog\/wp-json\/wp\/v2\/posts\/10218\/revisions\/10225"}],"wp:featuredmedia":[{"embeddable":true,"href":"https:\/\/finanedi.es\/blog\/wp-json\/wp\/v2\/media\/10222"}],"wp:attachment":[{"href":"https:\/\/finanedi.es\/blog\/wp-json\/wp\/v2\/media?parent=10218"}],"wp:term":[{"taxonomy":"category","embeddable":true,"href":"https:\/\/finanedi.es\/blog\/wp-json\/wp\/v2\/categories?post=10218"},{"taxonomy":"post_tag","embeddable":true,"href":"https:\/\/finanedi.es\/blog\/wp-json\/wp\/v2\/tags?post=10218"}],"curies":[{"name":"wp","href":"https:\/\/api.w.org\/{rel}","templated":true}]}}