{"id":10441,"date":"2025-04-10T12:34:23","date_gmt":"2025-04-10T10:34:23","guid":{"rendered":"https:\/\/finanedi.es\/blog\/?p=10441"},"modified":"2025-04-10T12:45:09","modified_gmt":"2025-04-10T10:45:09","slug":"categorias-profesionales-grupos-de-cotizacion-guia-para-empresas-y-autonomos","status":"publish","type":"post","link":"https:\/\/finanedi.es\/blog\/categorias-profesionales-grupos-de-cotizacion-guia-para-empresas-y-autonomos\/","title":{"rendered":"Categor\u00edas profesionales y grupos de cotizaci\u00f3n en 2025: gu\u00eda actualizada para empresas y aut\u00f3nomos"},"content":{"rendered":"\t\t<div data-elementor-type=\"wp-post\" data-elementor-id=\"10441\" class=\"elementor elementor-10441\">\n\t\t\t\t<div class=\"elementor-element elementor-element-6eafac8 e-flex e-con-boxed e-con e-parent\" data-id=\"6eafac8\" data-element_type=\"container\">\n\t\t\t\t\t<div class=\"e-con-inner\">\n\t\t\t\t<div class=\"elementor-element elementor-element-e0efd83 elementor-widget elementor-widget-heading\" data-id=\"e0efd83\" data-element_type=\"widget\" data-widget_type=\"heading.default\">\n\t\t\t\t<div class=\"elementor-widget-container\">\n\t\t\t\t\t<h2 class=\"elementor-heading-title elementor-size-default\">\u00bfPor qu\u00e9 es clave entender los grupos de cotizaci\u00f3n?<\/h2>\t\t\t\t<\/div>\n\t\t\t\t<\/div>\n\t\t\t\t\t<\/div>\n\t\t\t\t<\/div>\n\t\t<div class=\"elementor-element elementor-element-2a1966b e-flex e-con-boxed e-con e-parent\" data-id=\"2a1966b\" data-element_type=\"container\">\n\t\t\t\t\t<div class=\"e-con-inner\">\n\t\t\t\t<div class=\"elementor-element elementor-element-3f6c64b elementor-widget elementor-widget-text-editor\" data-id=\"3f6c64b\" data-element_type=\"widget\" data-widget_type=\"text-editor.default\">\n\t\t\t\t<div class=\"elementor-widget-container\">\n\t\t\t\t\t\t\t\t\t<p>Si gestionas una empresa, eres aut\u00f3nomo con empleados o est\u00e1s por contratar por primera vez, entender las <strong data-start=\"554\" data-end=\"582\">categor\u00edas profesionales<\/strong> y los <strong data-start=\"589\" data-end=\"613\">grupos de cotizaci\u00f3n<\/strong> es fundamental. No solo afecta al coste laboral, sino tambi\u00e9n a las cotizaciones a la Seguridad Social, las prestaciones futuras y el cumplimiento normativo.<\/p>\t\t\t\t\t\t\t\t<\/div>\n\t\t\t\t<\/div>\n\t\t\t\t\t<\/div>\n\t\t\t\t<\/div>\n\t\t<div class=\"elementor-element elementor-element-609eea2 e-flex e-con-boxed e-con e-parent\" data-id=\"609eea2\" data-element_type=\"container\">\n\t\t\t\t\t<div class=\"e-con-inner\">\n\t\t\t\t<div class=\"elementor-element elementor-element-da05eef elementor-widget elementor-widget-spacer\" data-id=\"da05eef\" data-element_type=\"widget\" data-widget_type=\"spacer.default\">\n\t\t\t\t<div class=\"elementor-widget-container\">\n\t\t\t\t\t\t\t<div class=\"elementor-spacer\">\n\t\t\t<div class=\"elementor-spacer-inner\"><\/div>\n\t\t<\/div>\n\t\t\t\t\t\t<\/div>\n\t\t\t\t<\/div>\n\t\t\t\t\t<\/div>\n\t\t\t\t<\/div>\n\t\t<div class=\"elementor-element elementor-element-708babe e-flex e-con-boxed e-con e-parent\" data-id=\"708babe\" data-element_type=\"container\">\n\t\t\t\t\t<div class=\"e-con-inner\">\n\t\t\t\t<div class=\"elementor-element elementor-element-a736381 elementor-widget elementor-widget-heading\" data-id=\"a736381\" data-element_type=\"widget\" data-widget_type=\"heading.default\">\n\t\t\t\t<div class=\"elementor-widget-container\">\n\t\t\t\t\t<h2 class=\"elementor-heading-title elementor-size-default\">\u00bfQu\u00e9 son los grupos de cotizaci\u00f3n?<\/h2>\t\t\t\t<\/div>\n\t\t\t\t<\/div>\n\t\t\t\t\t<\/div>\n\t\t\t\t<\/div>\n\t\t<div class=\"elementor-element elementor-element-67eca1f e-flex e-con-boxed e-con e-parent\" data-id=\"67eca1f\" data-element_type=\"container\">\n\t\t\t\t\t<div class=\"e-con-inner\">\n\t\t\t\t<div class=\"elementor-element elementor-element-78f0ac3 elementor-widget elementor-widget-text-editor\" data-id=\"78f0ac3\" data-element_type=\"widget\" data-widget_type=\"text-editor.default\">\n\t\t\t\t<div class=\"elementor-widget-container\">\n\t\t\t\t\t\t\t\t\t<p>Los grupos de cotizaci\u00f3n son una clasificaci\u00f3n establecida por la Seguridad Social que agrupa a los trabajadores seg\u00fan su categor\u00eda profesional y funciones desempe\u00f1adas. Esta clasificaci\u00f3n determina:<\/p>\t\t\t\t\t\t\t\t<\/div>\n\t\t\t\t<\/div>\n\t\t\t\t<div class=\"elementor-element elementor-element-a6bfe29 elementor-widget elementor-widget-text-editor\" data-id=\"a6bfe29\" data-element_type=\"widget\" data-widget_type=\"text-editor.default\">\n\t\t\t\t<div class=\"elementor-widget-container\">\n\t\t\t\t\t\t\t\t\t<ul><li class=\"\" data-start=\"1198\" data-end=\"1242\"><p class=\"\" data-start=\"1200\" data-end=\"1242\">La base m\u00ednima y m\u00e1xima de cotizaci\u00f3n.<\/p><\/li><li class=\"\" data-start=\"1243\" data-end=\"1311\"><p class=\"\" data-start=\"1245\" data-end=\"1311\">Las aportaciones a la Seguridad Social (empresa y trabajador).<\/p><\/li><li class=\"\" data-start=\"1312\" data-end=\"1407\"><p class=\"\" data-start=\"1314\" data-end=\"1407\">La posibilidad de acceder a determinadas prestaciones, como jubilaci\u00f3n, incapacidad, etc.<\/p><\/li><\/ul>\t\t\t\t\t\t\t\t<\/div>\n\t\t\t\t<\/div>\n\t\t\t\t\t<\/div>\n\t\t\t\t<\/div>\n\t\t<div class=\"elementor-element elementor-element-c4c9791 e-flex e-con-boxed e-con e-parent\" data-id=\"c4c9791\" data-element_type=\"container\">\n\t\t\t\t\t<div class=\"e-con-inner\">\n\t\t\t\t<div class=\"elementor-element elementor-element-6e85181 elementor-widget elementor-widget-spacer\" data-id=\"6e85181\" data-element_type=\"widget\" data-widget_type=\"spacer.default\">\n\t\t\t\t<div class=\"elementor-widget-container\">\n\t\t\t\t\t\t\t<div class=\"elementor-spacer\">\n\t\t\t<div class=\"elementor-spacer-inner\"><\/div>\n\t\t<\/div>\n\t\t\t\t\t\t<\/div>\n\t\t\t\t<\/div>\n\t\t\t\t\t<\/div>\n\t\t\t\t<\/div>\n\t\t<div class=\"elementor-element elementor-element-164173c e-flex e-con-boxed e-con e-parent\" data-id=\"164173c\" data-element_type=\"container\">\n\t\t\t\t\t<div class=\"e-con-inner\">\n\t\t\t\t<div class=\"elementor-element elementor-element-e99fbd8 elementor-widget elementor-widget-heading\" data-id=\"e99fbd8\" data-element_type=\"widget\" data-widget_type=\"heading.default\">\n\t\t\t\t<div class=\"elementor-widget-container\">\n\t\t\t\t\t<h2 class=\"elementor-heading-title elementor-size-default\">Tabla actualizada de grupos de cotizaci\u00f3n en 2025<\/h2>\t\t\t\t<\/div>\n\t\t\t\t<\/div>\n\t\t\t\t\t<\/div>\n\t\t\t\t<\/div>\n\t\t<div class=\"elementor-element elementor-element-dc41f52 e-flex e-con-boxed e-con e-parent\" data-id=\"dc41f52\" data-element_type=\"container\">\n\t\t\t\t\t<div class=\"e-con-inner\">\n\t\t\t\t<div class=\"elementor-element elementor-element-65e20d9 elementor-widget elementor-widget-text-editor\" data-id=\"65e20d9\" data-element_type=\"widget\" data-widget_type=\"text-editor.default\">\n\t\t\t\t<div class=\"elementor-widget-container\">\n\t\t\t\t\t\t\t\t\t<p>A continuaci\u00f3n, te mostramos la tabla oficial de grupos de cotizaci\u00f3n vigente en 2025, con ejemplos t\u00edpicos por grupo:<\/p>\t\t\t\t\t\t\t\t<\/div>\n\t\t\t\t<\/div>\n\t\t\t\t\t<\/div>\n\t\t\t\t<\/div>\n\t\t<div class=\"elementor-element elementor-element-62b119e e-flex e-con-boxed e-con e-parent\" data-id=\"62b119e\" data-element_type=\"container\">\n\t\t\t\t\t<div class=\"e-con-inner\">\n\t\t\t\t<div class=\"elementor-element elementor-element-69c58d7 elementor-widget elementor-widget-html\" data-id=\"69c58d7\" data-element_type=\"widget\" data-widget_type=\"html.default\">\n\t\t\t\t<div class=\"elementor-widget-container\">\n\t\t\t\t\t<style>\r\n    .comparative-table {\r\n        width: 100%;\r\n        border-collapse: collapse;\r\n        font-size: 14px;\r\n        font-family: 'Arial', sans-serif;\r\n        text-align: left;\r\n    }\r\n\r\n    .comparative-table thead tr {\r\n        background-color: #1A2543;\r\n        color: white;\r\n        text-align: left;\r\n    }\r\n\r\n    .comparative-table thead th {\r\n        color: white;\r\n    }\r\n\r\n    .comparative-table th,\r\n    .comparative-table td {\r\n        padding: 12px 15px;\r\n        border: 1px solid #dddddd;\r\n    }\r\n\r\n    .comparative-table tbody tr {\r\n        border-bottom: 1px solid #dddddd;\r\n    }\r\n\r\n    .comparative-table tbody tr:nth-of-type(even) {\r\n        background-color: #FBFCFF;\r\n    }\r\n\r\n    .comparative-table tbody tr:hover {\r\n        background-color: #F0F4FF;\r\n    }\r\n\r\n    .bold {\r\n        font-weight: bold;\r\n    }\r\n<\/style>\r\n    <title>Tabla actualizada de grupos de cotizaci\u00f3n en 2025<\/title>\r\n<table class=\"comparative-table\">\r\n    <thead>\r\n        <tr>\r\n            <th>Grupo<\/th>\r\n            <th>Ocupaci\u00f3n \/ Categor\u00eda<\/th>\r\n            <th>Base m\u00ednima Euros (Mes)<\/th>\r\n            <th>Base m\u00e1xima Euros (Mes)<\/th>\r\n        <\/tr>\r\n    <\/thead>\r\n    <tbody>\r\n        <tr>\r\n            <td class=\"bold\">1<\/td>\r\n            <td>Ingenieros, Licenciados, Alta direcci\u00f3n<\/td>\r\n            <td>1.929,00 \u20ac<\/td>\r\n            <td>4.909,50 \u20ac<\/td>\r\n        <\/tr>\r\n        <tr>\r\n            <td class=\"bold\">2<\/td>\r\n            <td>Ingenieros T\u00e9cnicos, Peritos, Ayudantes Titulados<\/td>\r\n            <td>1.599,60 \u20ac<\/td>\r\n            <td>\t4.909,50 \u20ac<\/td>\r\n        <\/tr>\r\n        <tr>\r\n            <td class=\"bold\">3<\/td>\r\n            <td>Jefes Administrativos y de Taller<\/td>\r\n            <td>1.391,70 \u20ac<\/td>\r\n            <td>4.909,50 \u20ac<\/td>\r\n        <\/tr>\r\n        <tr>\r\n            <td class=\"bold\">4<\/td>\r\n            <td>Ayudantes no titulados<\/td>\r\n            <td>1.381,20 \u20ac<\/td>\r\n            <td>4.909,50 \u20ac<\/td>\r\n        <\/tr>\r\n        <tr>\r\n            <td class=\"bold\">5<\/td>\r\n            <td>Oficiales Administrativos<\/td>\r\n            <td>1.381,20 \u20ac<\/td>\r\n            <td>4.909,50 \u20ac<\/td>\r\n        <\/tr>\r\n        <tr>\r\n            <td class=\"bold\">6<\/td>\r\n            <td>Subalternos<\/td>\r\n            <td>1.381,20 \u20ac<\/td>\r\n            <td>4.909,50 \u20ac<\/td>\r\n        <\/tr>\r\n        <tr>\r\n            <td class=\"bold\">7<\/td>\r\n            <td>Auxiliares Administrativos<\/td>\r\n            <td>1.381,20 \u20ac<\/td>\r\n            <td>4.909,50 \u20ac<\/td>\r\n        <\/tr>\r\n    <\/tbody>\r\n<\/table>\r\n\t\t\t\t<\/div>\n\t\t\t\t<\/div>\n\t\t\t\t\t<\/div>\n\t\t\t\t<\/div>\n\t\t<div class=\"elementor-element elementor-element-33c5d84 e-flex e-con-boxed e-con e-parent\" data-id=\"33c5d84\" data-element_type=\"container\">\n\t\t\t\t\t<div class=\"e-con-inner\">\n\t\t\t\t<div class=\"elementor-element elementor-element-af2a89d elementor-widget elementor-widget-html\" data-id=\"af2a89d\" data-element_type=\"widget\" data-widget_type=\"html.default\">\n\t\t\t\t<div class=\"elementor-widget-container\">\n\t\t\t\t\t<style>\r\n    .comparative-table {\r\n        width: 100%;\r\n        border-collapse: collapse;\r\n        font-size: 14px;\r\n        font-family: 'Arial', sans-serif;\r\n        text-align: left;\r\n    }\r\n\r\n    .comparative-table thead tr {\r\n        background-color: #1A2543;\r\n        color: white;\r\n        text-align: left;\r\n    }\r\n\r\n    .comparative-table thead th {\r\n        color: white;\r\n    }\r\n\r\n    .comparative-table th,\r\n    .comparative-table td {\r\n        padding: 12px 15px;\r\n        border: 1px solid #dddddd;\r\n    }\r\n\r\n    .comparative-table tbody tr {\r\n        border-bottom: 1px solid #dddddd;\r\n    }\r\n\r\n    .comparative-table tbody tr:nth-of-type(even) {\r\n        background-color: #FBFCFF;\r\n    }\r\n\r\n    .comparative-table tbody tr:hover {\r\n        background-color: #F0F4FF;\r\n    }\r\n\r\n    .bold {\r\n        font-weight: bold;\r\n    }\r\n<\/style>\r\n    <title>Tabla actualizada de grupos de cotizaci\u00f3n en 2025<\/title>\r\n<table class=\"comparative-table\">\r\n    <thead>\r\n        <tr>\r\n            <th>Grupo<\/th>\r\n            <th>Ocupaci\u00f3n \/ Categor\u00eda<\/th>\r\n            <th>Base m\u00ednima (\u20ac\/dia)<\/th>\r\n            <th>Base m\u00e1xima (\u20ac\/dia)<\/th>\r\n        <\/tr>\r\n    <\/thead>\r\n    <tbody>\r\n        <tr>\r\n            <td class=\"bold\">8<\/td>\r\n            <td>Oficiales de primera y segunda<\/td>\r\n            <td>44,10 \u20ac<\/td>\r\n            <td>157,35 \u20ac<\/td>\r\n        <\/tr>\r\n                <tr>\r\n            <td class=\"bold\">9<\/td>\r\n            <td>Oficiales de tercera y especialistas<\/td>\r\n            <td>44,10 \u20ac<\/td>\r\n            <td>157,35 \u20ac<\/td>\r\n        <\/tr>\r\n        <tr>\r\n            <td class=\"bold\">10<\/td>\r\n            <td>Peones<\/td>\r\n            <td>44,10 \u20ac<\/td>\r\n            <td>157,35 \u20ac<\/td>\r\n        <\/tr>\r\n        <tr>\r\n            <td class=\"bold\">10<\/td>\r\n            <td>Trabajadores menores de 18 a\u00f1os<\/td>\r\n            <td>44,10 \u20ac<\/td>\r\n            <td>157,35 \u20ac<\/td>\r\n        <\/tr>\r\n    <\/tbody>\r\n<\/table>\r\n\t\t\t\t<\/div>\n\t\t\t\t<\/div>\n\t\t\t\t\t<\/div>\n\t\t\t\t<\/div>\n\t\t<div class=\"elementor-element elementor-element-036f91b e-flex e-con-boxed e-con e-parent\" data-id=\"036f91b\" data-element_type=\"container\">\n\t\t\t\t\t<div class=\"e-con-inner\">\n\t\t\t\t<div class=\"elementor-element elementor-element-e924442 elementor-widget elementor-widget-text-editor\" data-id=\"e924442\" data-element_type=\"widget\" data-widget_type=\"text-editor.default\">\n\t\t\t\t<div class=\"elementor-widget-container\">\n\t\t\t\t\t\t\t\t\t<p><em><strong>Fuente:<\/strong> <a href=\"https:\/\/www.seg-social.es\/wps\/portal\/wss\/internet\/Trabajadores\/CotizacionRecaudacionTrabajadores\/10721\/10957\/9932\/4327?changeLanguage=es\" target=\"_blank\" rel=\"noopener\">Ministerio de Inclusi\u00f3n, Seguridad Social y Migraciones.<\/a><\/em><\/p>\t\t\t\t\t\t\t\t<\/div>\n\t\t\t\t<\/div>\n\t\t\t\t\t<\/div>\n\t\t\t\t<\/div>\n\t\t<div class=\"elementor-element elementor-element-bb90e20 e-flex e-con-boxed e-con e-parent\" data-id=\"bb90e20\" data-element_type=\"container\">\n\t\t\t\t\t<div class=\"e-con-inner\">\n\t\t\t\t<div class=\"elementor-element elementor-element-ba1a631 elementor-widget elementor-widget-spacer\" data-id=\"ba1a631\" data-element_type=\"widget\" data-widget_type=\"spacer.default\">\n\t\t\t\t<div class=\"elementor-widget-container\">\n\t\t\t\t\t\t\t<div class=\"elementor-spacer\">\n\t\t\t<div class=\"elementor-spacer-inner\"><\/div>\n\t\t<\/div>\n\t\t\t\t\t\t<\/div>\n\t\t\t\t<\/div>\n\t\t\t\t\t<\/div>\n\t\t\t\t<\/div>\n\t\t<div class=\"elementor-element elementor-element-1e36eec e-flex e-con-boxed e-con e-parent\" data-id=\"1e36eec\" data-element_type=\"container\">\n\t\t\t\t\t<div class=\"e-con-inner\">\n\t\t\t\t<div class=\"elementor-element elementor-element-544ab88 elementor-widget elementor-widget-heading\" data-id=\"544ab88\" data-element_type=\"widget\" data-widget_type=\"heading.default\">\n\t\t\t\t<div class=\"elementor-widget-container\">\n\t\t\t\t\t<h3 class=\"elementor-heading-title elementor-size-default\">\u00bfPor qu\u00e9 es importante asignar correctamente el grupo?<\/h3>\t\t\t\t<\/div>\n\t\t\t\t<\/div>\n\t\t\t\t\t<\/div>\n\t\t\t\t<\/div>\n\t\t<div class=\"elementor-element elementor-element-38d13e9 e-flex e-con-boxed e-con e-parent\" data-id=\"38d13e9\" data-element_type=\"container\">\n\t\t\t\t\t<div class=\"e-con-inner\">\n\t\t\t\t<div class=\"elementor-element elementor-element-4afe43e elementor-widget elementor-widget-text-editor\" data-id=\"4afe43e\" data-element_type=\"widget\" data-widget_type=\"text-editor.default\">\n\t\t\t\t<div class=\"elementor-widget-container\">\n\t\t\t\t\t\t\t\t\t<p>Una asignaci\u00f3n incorrecta puede suponer:<\/p>\t\t\t\t\t\t\t\t<\/div>\n\t\t\t\t<\/div>\n\t\t\t\t<div class=\"elementor-element elementor-element-c008d54 elementor-widget elementor-widget-text-editor\" data-id=\"c008d54\" data-element_type=\"widget\" data-widget_type=\"text-editor.default\">\n\t\t\t\t<div class=\"elementor-widget-container\">\n\t\t\t\t\t\t\t\t\t<ul><li class=\"\" data-start=\"1511\" data-end=\"1561\"><p class=\"\" data-start=\"1513\" data-end=\"1561\">Sanciones por parte de la Inspecci\u00f3n de Trabajo.<\/p><\/li><li class=\"\" data-start=\"1562\" data-end=\"1631\"><p class=\"\" data-start=\"1564\" data-end=\"1631\">Problemas legales si un trabajador reclama derechos no reconocidos.<\/p><\/li><li class=\"\" data-start=\"1632\" data-end=\"1699\"><p class=\"\" data-start=\"1634\" data-end=\"1699\">Cotizaciones mal calculadas que afecten al acceso a prestaciones.<\/p><\/li><\/ul>\t\t\t\t\t\t\t\t<\/div>\n\t\t\t\t<\/div>\n\t\t\t\t\t<\/div>\n\t\t\t\t<\/div>\n\t\t<div class=\"elementor-element elementor-element-7e58016 e-flex e-con-boxed e-con e-parent\" data-id=\"7e58016\" data-element_type=\"container\">\n\t\t\t\t\t<div class=\"e-con-inner\">\n\t\t\t\t<div class=\"elementor-element elementor-element-797e44a elementor-widget elementor-widget-spacer\" data-id=\"797e44a\" data-element_type=\"widget\" data-widget_type=\"spacer.default\">\n\t\t\t\t<div class=\"elementor-widget-container\">\n\t\t\t\t\t\t\t<div class=\"elementor-spacer\">\n\t\t\t<div class=\"elementor-spacer-inner\"><\/div>\n\t\t<\/div>\n\t\t\t\t\t\t<\/div>\n\t\t\t\t<\/div>\n\t\t\t\t\t<\/div>\n\t\t\t\t<\/div>\n\t\t<div class=\"elementor-element elementor-element-0ddc39a e-flex e-con-boxed e-con e-parent\" data-id=\"0ddc39a\" data-element_type=\"container\">\n\t\t\t\t\t<div class=\"e-con-inner\">\n\t\t\t\t<div class=\"elementor-element elementor-element-670c062 elementor-widget elementor-widget-heading\" data-id=\"670c062\" data-element_type=\"widget\" data-widget_type=\"heading.default\">\n\t\t\t\t<div class=\"elementor-widget-container\">\n\t\t\t\t\t<h2 class=\"elementor-heading-title elementor-size-default\">Categor\u00edas profesionales y su relaci\u00f3n con los grupos de cotizaci\u00f3n<\/h2>\t\t\t\t<\/div>\n\t\t\t\t<\/div>\n\t\t\t\t\t<\/div>\n\t\t\t\t<\/div>\n\t\t<div class=\"elementor-element elementor-element-abbee57 e-flex e-con-boxed e-con e-parent\" data-id=\"abbee57\" data-element_type=\"container\">\n\t\t\t\t\t<div class=\"e-con-inner\">\n\t\t\t\t<div class=\"elementor-element elementor-element-67594ad elementor-widget elementor-widget-text-editor\" data-id=\"67594ad\" data-element_type=\"widget\" data-widget_type=\"text-editor.default\">\n\t\t\t\t<div class=\"elementor-widget-container\">\n\t\t\t\t\t\t\t\t\t<p>Desde la reforma laboral y la entrada en vigor del Estatuto de los Trabajadores, la clasificaci\u00f3n por categor\u00eda profesional ha sido sustituida por la de grupo profesional, m\u00e1s flexible y basada en funciones, pero los grupos de cotizaci\u00f3n siguen vigentes a efectos de la Seguridad Social.<\/p>\t\t\t\t\t\t\t\t<\/div>\n\t\t\t\t<\/div>\n\t\t\t\t\t<\/div>\n\t\t\t\t<\/div>\n\t\t<div class=\"elementor-element elementor-element-36471be e-flex e-con-boxed e-con e-parent\" data-id=\"36471be\" data-element_type=\"container\">\n\t\t\t\t\t<div class=\"e-con-inner\">\n\t\t\t\t<div class=\"elementor-element elementor-element-dcd73c8 elementor-widget elementor-widget-heading\" data-id=\"dcd73c8\" data-element_type=\"widget\" data-widget_type=\"heading.default\">\n\t\t\t\t<div class=\"elementor-widget-container\">\n\t\t\t\t\t<h3 class=\"elementor-heading-title elementor-size-default\">Diferencia entre grupo profesional y grupo de cotizaci\u00f3n<\/h3>\t\t\t\t<\/div>\n\t\t\t\t<\/div>\n\t\t\t\t\t<\/div>\n\t\t\t\t<\/div>\n\t\t<div class=\"elementor-element elementor-element-14dd553 e-flex e-con-boxed e-con e-parent\" data-id=\"14dd553\" data-element_type=\"container\">\n\t\t\t\t\t<div class=\"e-con-inner\">\n\t\t\t\t<div class=\"elementor-element elementor-element-2d1cf3d8 elementor-widget elementor-widget-html\" data-id=\"2d1cf3d8\" data-element_type=\"widget\" data-widget_type=\"html.default\">\n\t\t\t\t<div class=\"elementor-widget-container\">\n\t\t\t\t\t    <style>\n        .comparative-table {\n            width: 100%;\n            border-collapse: collapse;\n            font-size: 14px;\n            font-family: 'Arial', sans-serif;\n            text-align: left;\n        }\n\n        .comparative-table thead tr {\n            background-color: #1A2543;\n            color: white;\n            text-align: left;\n        }\n        \n         .comparative-table thead th {\n             color: white;\n         }\n\n        .comparative-table th,\n        .comparative-table td {\n            padding: 12px 15px;\n            border: 1px solid #dddddd;\n        }\n\n        .comparative-table tbody tr {\n            border-bottom: 1px solid #dddddd;\n        }\n\n        .comparative-table tbody tr:nth-of-type(even) {\n            background-color: #FBFCFF;\n        }\n\n        .comparative-table tbody tr:hover {\n            background-color: #F0F4FF;\n        }\n        \n        .bold{\n         font-weight: bold;   \n        }\n\n    <\/style>\n    <title>Diferencia entre grupo profesional y grupo de cotizaci\u00f3n<\/title>\n<\/head>\n<body>\n    <table class=\"comparative-table\">\n        <thead>\n            <tr>\n                <th>Grupo profesional<\/th>\n                <th>Grupo de cotizaci\u00f3n<\/th>\n        <\/thead>\n        <tbody>\n            <tr>\n                <td>Define el nivel de responsabilidad, tareas y conocimientos.<\/td>\n                <td>Clasificaci\u00f3n administrativa para la cotizaci\u00f3n.<\/td>\n            <\/tr>\n             <tr>\n                <td>Se pacta en convenios colectivos.<\/td>\n                <td>\tLo determina la Seguridad Social.<\/td>\n            <\/tr>\n              <tr>\n                <td>Afecta al salario, funciones, promoci\u00f3n, etc.<\/td>\n                <td>\tAfecta a bases de cotizaci\u00f3n, cotizaciones y prestaciones.\n<\/td>\n            <\/tr>\n        <\/tbody>\n    <\/table>\n<\/body>\n<\/html>\t\t\t\t<\/div>\n\t\t\t\t<\/div>\n\t\t\t\t\t<\/div>\n\t\t\t\t<\/div>\n\t\t<div class=\"elementor-element elementor-element-197c515 e-flex e-con-boxed e-con e-parent\" data-id=\"197c515\" data-element_type=\"container\">\n\t\t\t\t\t<div class=\"e-con-inner\">\n\t\t\t\t<div class=\"elementor-element elementor-element-8df098f elementor-widget elementor-widget-spacer\" data-id=\"8df098f\" data-element_type=\"widget\" data-widget_type=\"spacer.default\">\n\t\t\t\t<div class=\"elementor-widget-container\">\n\t\t\t\t\t\t\t<div class=\"elementor-spacer\">\n\t\t\t<div class=\"elementor-spacer-inner\"><\/div>\n\t\t<\/div>\n\t\t\t\t\t\t<\/div>\n\t\t\t\t<\/div>\n\t\t\t\t\t<\/div>\n\t\t\t\t<\/div>\n\t\t<div class=\"elementor-element elementor-element-bfd1517 e-flex e-con-boxed e-con e-parent\" data-id=\"bfd1517\" data-element_type=\"container\">\n\t\t\t\t\t<div class=\"e-con-inner\">\n\t\t\t\t<div class=\"elementor-element elementor-element-5c5e181 elementor-widget elementor-widget-heading\" data-id=\"5c5e181\" data-element_type=\"widget\" data-widget_type=\"heading.default\">\n\t\t\t\t<div class=\"elementor-widget-container\">\n\t\t\t\t\t<h3 class=\"elementor-heading-title elementor-size-default\">C\u00f3mo asignar correctamente el grupo de cotizaci\u00f3n<\/h3>\t\t\t\t<\/div>\n\t\t\t\t<\/div>\n\t\t\t\t\t<\/div>\n\t\t\t\t<\/div>\n\t\t<div class=\"elementor-element elementor-element-7ab3be4 e-flex e-con-boxed e-con e-parent\" data-id=\"7ab3be4\" data-element_type=\"container\">\n\t\t\t\t\t<div class=\"e-con-inner\">\n\t\t\t\t<div class=\"elementor-element elementor-element-3ede084 elementor-widget elementor-widget-heading\" data-id=\"3ede084\" data-element_type=\"widget\" data-widget_type=\"heading.default\">\n\t\t\t\t<div class=\"elementor-widget-container\">\n\t\t\t\t\t<h4 class=\"elementor-heading-title elementor-size-default\">Revisa el convenio colectivo aplicable<\/h4>\t\t\t\t<\/div>\n\t\t\t\t<\/div>\n\t\t\t\t\t<\/div>\n\t\t\t\t<\/div>\n\t\t<div class=\"elementor-element elementor-element-3c01f3b e-flex e-con-boxed e-con e-parent\" data-id=\"3c01f3b\" data-element_type=\"container\">\n\t\t\t\t\t<div class=\"e-con-inner\">\n\t\t\t\t<div class=\"elementor-element elementor-element-1d98453 elementor-widget elementor-widget-text-editor\" data-id=\"1d98453\" data-element_type=\"widget\" data-widget_type=\"text-editor.default\">\n\t\t\t\t<div class=\"elementor-widget-container\">\n\t\t\t\t\t\t\t\t\t<p>Cada sector o empresa cuenta con un convenio que clasifica los puestos y sus grupos profesionales. Este es el primer paso para alinear categor\u00eda y cotizaci\u00f3n.<\/p>\t\t\t\t\t\t\t\t<\/div>\n\t\t\t\t<\/div>\n\t\t\t\t\t<\/div>\n\t\t\t\t<\/div>\n\t\t<div class=\"elementor-element elementor-element-005074f e-flex e-con-boxed e-con e-parent\" data-id=\"005074f\" data-element_type=\"container\">\n\t\t\t\t\t<div class=\"e-con-inner\">\n\t\t\t\t<div class=\"elementor-element elementor-element-9f2b582 elementor-widget elementor-widget-heading\" data-id=\"9f2b582\" data-element_type=\"widget\" data-widget_type=\"heading.default\">\n\t\t\t\t<div class=\"elementor-widget-container\">\n\t\t\t\t\t<h4 class=\"elementor-heading-title elementor-size-default\">Eval\u00faa las funciones reales del puesto<\/h4>\t\t\t\t<\/div>\n\t\t\t\t<\/div>\n\t\t\t\t\t<\/div>\n\t\t\t\t<\/div>\n\t\t<div class=\"elementor-element elementor-element-cc6dc6d e-flex e-con-boxed e-con e-parent\" data-id=\"cc6dc6d\" data-element_type=\"container\">\n\t\t\t\t\t<div class=\"e-con-inner\">\n\t\t\t\t<div class=\"elementor-element elementor-element-0ca60fa elementor-widget elementor-widget-text-editor\" data-id=\"0ca60fa\" data-element_type=\"widget\" data-widget_type=\"text-editor.default\">\n\t\t\t\t<div class=\"elementor-widget-container\">\n\t\t\t\t\t\t\t\t\t<p>M\u00e1s all\u00e1 del t\u00edtulo del cargo, lo que cuenta son las <strong data-start=\"4164\" data-end=\"4184\">tareas efectivas<\/strong>. Evita discrepancias entre lo que hace el trabajador y lo que dice el contrato.<\/p>\t\t\t\t\t\t\t\t<\/div>\n\t\t\t\t<\/div>\n\t\t\t\t\t<\/div>\n\t\t\t\t<\/div>\n\t\t<div class=\"elementor-element elementor-element-918b6d5 e-flex e-con-boxed e-con e-parent\" data-id=\"918b6d5\" data-element_type=\"container\">\n\t\t\t\t\t<div class=\"e-con-inner\">\n\t\t\t\t<div class=\"elementor-element elementor-element-895512e elementor-widget elementor-widget-heading\" data-id=\"895512e\" data-element_type=\"widget\" data-widget_type=\"heading.default\">\n\t\t\t\t<div class=\"elementor-widget-container\">\n\t\t\t\t\t<h4 class=\"elementor-heading-title elementor-size-default\">Utiliza herramientas digitales<\/h4>\t\t\t\t<\/div>\n\t\t\t\t<\/div>\n\t\t\t\t\t<\/div>\n\t\t\t\t<\/div>\n\t\t<div class=\"elementor-element elementor-element-2742f1e e-flex e-con-boxed e-con e-parent\" data-id=\"2742f1e\" data-element_type=\"container\">\n\t\t\t\t\t<div class=\"e-con-inner\">\n\t\t\t\t<div class=\"elementor-element elementor-element-38a086a elementor-widget elementor-widget-text-editor\" data-id=\"38a086a\" data-element_type=\"widget\" data-widget_type=\"text-editor.default\">\n\t\t\t\t<div class=\"elementor-widget-container\">\n\t\t\t\t\t\t\t\t\t<p>Software como <a href=\"https:\/\/factorial.es\/\" target=\"_blank\" rel=\"noopener\">Factorial\u00a0<\/a>puede ayudarte a gestionar n\u00f3minas y cotizaciones de forma m\u00e1s precisa, reduciendo errores y automatizando c\u00e1lculos.<\/p>\t\t\t\t\t\t\t\t<\/div>\n\t\t\t\t<\/div>\n\t\t\t\t\t<\/div>\n\t\t\t\t<\/div>\n\t\t<div class=\"elementor-element elementor-element-fbaf0e1 e-flex e-con-boxed e-con e-parent\" data-id=\"fbaf0e1\" data-element_type=\"container\">\n\t\t\t\t\t<div class=\"e-con-inner\">\n\t\t\t\t<div class=\"elementor-element elementor-element-3b04498 elementor-widget elementor-widget-spacer\" data-id=\"3b04498\" data-element_type=\"widget\" data-widget_type=\"spacer.default\">\n\t\t\t\t<div class=\"elementor-widget-container\">\n\t\t\t\t\t\t\t<div class=\"elementor-spacer\">\n\t\t\t<div class=\"elementor-spacer-inner\"><\/div>\n\t\t<\/div>\n\t\t\t\t\t\t<\/div>\n\t\t\t\t<\/div>\n\t\t\t\t\t<\/div>\n\t\t\t\t<\/div>\n\t\t<div class=\"elementor-element elementor-element-07d591c e-flex e-con-boxed e-con e-parent\" data-id=\"07d591c\" data-element_type=\"container\">\n\t\t\t\t\t<div class=\"e-con-inner\">\n\t\t\t\t<div class=\"elementor-element elementor-element-71f7a30 elementor-widget elementor-widget-heading\" data-id=\"71f7a30\" data-element_type=\"widget\" data-widget_type=\"heading.default\">\n\t\t\t\t<div class=\"elementor-widget-container\">\n\t\t\t\t\t<h2 class=\"elementor-heading-title elementor-size-default\">\u00bfQu\u00e9 novedades hay en 2025?<\/h2>\t\t\t\t<\/div>\n\t\t\t\t<\/div>\n\t\t\t\t\t<\/div>\n\t\t\t\t<\/div>\n\t\t<div class=\"elementor-element elementor-element-19fbdc6 e-flex e-con-boxed e-con e-parent\" data-id=\"19fbdc6\" data-element_type=\"container\">\n\t\t\t\t\t<div class=\"e-con-inner\">\n\t\t\t\t<div class=\"elementor-element elementor-element-949baae elementor-widget elementor-widget-heading\" data-id=\"949baae\" data-element_type=\"widget\" data-widget_type=\"heading.default\">\n\t\t\t\t<div class=\"elementor-widget-container\">\n\t\t\t\t\t<h3 class=\"elementor-heading-title elementor-size-default\">Incremento de bases m\u00ednimas<\/h3>\t\t\t\t<\/div>\n\t\t\t\t<\/div>\n\t\t\t\t<div class=\"elementor-element elementor-element-6d820fe elementor-widget elementor-widget-text-editor\" data-id=\"6d820fe\" data-element_type=\"widget\" data-widget_type=\"text-editor.default\">\n\t\t\t\t<div class=\"elementor-widget-container\">\n\t\t\t\t\t\t\t\t\t<p>La <strong data-start=\"4523\" data-end=\"4557\">revalorizaci\u00f3n del SMI en 2025<\/strong> ha supuesto un incremento de las bases m\u00ednimas de cotizaci\u00f3n, especialmente en los grupos 8 a 10, lo que impacta directamente en los costes de personal para muchas pymes.<\/p>\t\t\t\t\t\t\t\t<\/div>\n\t\t\t\t<\/div>\n\t\t\t\t\t<\/div>\n\t\t\t\t<\/div>\n\t\t<div class=\"elementor-element elementor-element-50bd360 e-flex e-con-boxed e-con e-parent\" data-id=\"50bd360\" data-element_type=\"container\">\n\t\t\t\t\t<div class=\"e-con-inner\">\n\t\t\t\t<div class=\"elementor-element elementor-element-9e10951 elementor-widget elementor-widget-heading\" data-id=\"9e10951\" data-element_type=\"widget\" data-widget_type=\"heading.default\">\n\t\t\t\t<div class=\"elementor-widget-container\">\n\t\t\t\t\t<h3 class=\"elementor-heading-title elementor-size-default\">Mayor vigilancia de la Inspecci\u00f3n<\/h3>\t\t\t\t<\/div>\n\t\t\t\t<\/div>\n\t\t\t\t<div class=\"elementor-element elementor-element-bbba0c8 elementor-widget elementor-widget-text-editor\" data-id=\"bbba0c8\" data-element_type=\"widget\" data-widget_type=\"text-editor.default\">\n\t\t\t\t<div class=\"elementor-widget-container\">\n\t\t\t\t\t\t\t\t\t<p>El uso de <strong data-start=\"4779\" data-end=\"4820\">herramientas de an\u00e1lisis automatizado<\/strong> por parte de la Inspecci\u00f3n de Trabajo ha intensificado las revisiones de categor\u00edas profesionales y grupos de cotizaci\u00f3n. Las sanciones por errores pueden alcanzar los 7.500\u202f\u20ac por trabajador afectado.<\/p>\t\t\t\t\t\t\t\t<\/div>\n\t\t\t\t<\/div>\n\t\t\t\t\t<\/div>\n\t\t\t\t<\/div>\n\t\t<div class=\"elementor-element elementor-element-defd0c4 e-flex e-con-boxed e-con e-parent\" data-id=\"defd0c4\" data-element_type=\"container\">\n\t\t\t\t\t<div class=\"e-con-inner\">\n\t\t\t\t<div class=\"elementor-element elementor-element-0aa4b76 elementor-widget elementor-widget-heading\" data-id=\"0aa4b76\" data-element_type=\"widget\" data-widget_type=\"heading.default\">\n\t\t\t\t<div class=\"elementor-widget-container\">\n\t\t\t\t\t<h3 class=\"elementor-heading-title elementor-size-default\">Impulso al uso del Contrato 100<\/h3>\t\t\t\t<\/div>\n\t\t\t\t<\/div>\n\t\t\t\t<div class=\"elementor-element elementor-element-635cba1 elementor-widget elementor-widget-text-editor\" data-id=\"635cba1\" data-element_type=\"widget\" data-widget_type=\"text-editor.default\">\n\t\t\t\t<div class=\"elementor-widget-container\">\n\t\t\t\t\t\t\t\t\t<p>El contrato indefinido est\u00e1ndar (C\u00f3digo 100) gana protagonismo en 2025, lo que obliga a ajustar correctamente categor\u00edas y grupos desde el primer momento del alta.<\/p>\t\t\t\t\t\t\t\t<\/div>\n\t\t\t\t<\/div>\n\t\t\t\t\t<\/div>\n\t\t\t\t<\/div>\n\t\t<div class=\"elementor-element elementor-element-49dced9 e-flex e-con-boxed e-con e-parent\" data-id=\"49dced9\" data-element_type=\"container\">\n\t\t\t\t\t<div class=\"e-con-inner\">\n\t\t\t\t<div class=\"elementor-element elementor-element-405f58b elementor-widget elementor-widget-spacer\" data-id=\"405f58b\" data-element_type=\"widget\" data-widget_type=\"spacer.default\">\n\t\t\t\t<div class=\"elementor-widget-container\">\n\t\t\t\t\t\t\t<div class=\"elementor-spacer\">\n\t\t\t<div class=\"elementor-spacer-inner\"><\/div>\n\t\t<\/div>\n\t\t\t\t\t\t<\/div>\n\t\t\t\t<\/div>\n\t\t\t\t\t<\/div>\n\t\t\t\t<\/div>\n\t\t<div class=\"elementor-element elementor-element-11c3943 e-flex e-con-boxed e-con e-parent\" data-id=\"11c3943\" data-element_type=\"container\">\n\t\t\t\t\t<div class=\"e-con-inner\">\n\t\t\t\t<div class=\"elementor-element elementor-element-947d159 elementor-widget elementor-widget-heading\" data-id=\"947d159\" data-element_type=\"widget\" data-widget_type=\"heading.default\">\n\t\t\t\t<div class=\"elementor-widget-container\">\n\t\t\t\t\t<h2 class=\"elementor-heading-title elementor-size-default\">Consejos pr\u00e1cticos para empresas y aut\u00f3nomos<\/h2>\t\t\t\t<\/div>\n\t\t\t\t<\/div>\n\t\t\t\t\t<\/div>\n\t\t\t\t<\/div>\n\t\t<div class=\"elementor-element elementor-element-36d6f2a e-flex e-con-boxed e-con e-parent\" data-id=\"36d6f2a\" data-element_type=\"container\">\n\t\t\t\t\t<div class=\"e-con-inner\">\n\t\t\t\t<div class=\"elementor-element elementor-element-7b0a02c elementor-widget elementor-widget-text-editor\" data-id=\"7b0a02c\" data-element_type=\"widget\" data-widget_type=\"text-editor.default\">\n\t\t\t\t<div class=\"elementor-widget-container\">\n\t\t\t\t\t\t\t\t\t<ul><li class=\"\" data-start=\"5279\" data-end=\"5381\"><p class=\"\" data-start=\"5281\" data-end=\"5381\"><strong data-start=\"5281\" data-end=\"5322\">Documenta bien cada puesto de trabajo<\/strong>, con sus funciones espec\u00edficas y nivel de responsabilidad.<\/p><\/li><li class=\"\" data-start=\"5382\" data-end=\"5471\"><p class=\"\" data-start=\"5384\" data-end=\"5471\"><strong data-start=\"5384\" data-end=\"5429\">Consulta con tu gestor\u00eda o asesor laboral<\/strong> antes de dar de alta a un nuevo empleado.<\/p><\/li><li class=\"\" data-start=\"5472\" data-end=\"5568\"><p class=\"\" data-start=\"5474\" data-end=\"5568\"><strong data-start=\"5474\" data-end=\"5523\">Revisa anualmente las bases m\u00ednimas y m\u00e1ximas<\/strong> para ajustar correctamente las cotizaciones.<\/p><\/li><li class=\"\" data-start=\"5569\" data-end=\"5685\"><p class=\"\" data-start=\"5571\" data-end=\"5685\"><strong data-start=\"5571\" data-end=\"5605\">Aprovecha soluciones digitales<\/strong> como las de FinanEDI para automatizar el c\u00e1lculo de n\u00f3minas y Seguridad Social.<\/p><\/li><\/ul>\t\t\t\t\t\t\t\t<\/div>\n\t\t\t\t<\/div>\n\t\t\t\t\t<\/div>\n\t\t\t\t<\/div>\n\t\t<div class=\"elementor-element elementor-element-e2dd70d e-flex e-con-boxed e-con e-parent\" data-id=\"e2dd70d\" data-element_type=\"container\">\n\t\t\t\t\t<div class=\"e-con-inner\">\n\t\t\t\t<div class=\"elementor-element elementor-element-bd57fcd elementor-widget elementor-widget-spacer\" data-id=\"bd57fcd\" data-element_type=\"widget\" data-widget_type=\"spacer.default\">\n\t\t\t\t<div class=\"elementor-widget-container\">\n\t\t\t\t\t\t\t<div class=\"elementor-spacer\">\n\t\t\t<div class=\"elementor-spacer-inner\"><\/div>\n\t\t<\/div>\n\t\t\t\t\t\t<\/div>\n\t\t\t\t<\/div>\n\t\t\t\t\t<\/div>\n\t\t\t\t<\/div>\n\t\t<div class=\"elementor-element elementor-element-3d217759 e-flex e-con-boxed e-con e-parent\" data-id=\"3d217759\" data-element_type=\"container\" data-settings=\"{&quot;background_background&quot;:&quot;classic&quot;}\">\n\t\t\t\t\t<div class=\"e-con-inner\">\n\t\t<div class=\"elementor-element elementor-element-45a9f3f4 e-con-full e-flex e-con e-child\" data-id=\"45a9f3f4\" data-element_type=\"container\">\n\t\t<div class=\"elementor-element elementor-element-d8f288f e-flex e-con-boxed e-con e-child\" data-id=\"d8f288f\" data-element_type=\"container\">\n\t\t\t\t\t<div class=\"e-con-inner\">\n\t\t\t\t<div class=\"elementor-element elementor-element-14693a6f elementor-widget elementor-widget-heading\" data-id=\"14693a6f\" data-element_type=\"widget\" data-widget_type=\"heading.default\">\n\t\t\t\t<div class=\"elementor-widget-container\">\n\t\t\t\t\t<h3 class=\"elementor-heading-title elementor-size-default\">Herramientas para impulsar<br>tu negocio<\/h3>\t\t\t\t<\/div>\n\t\t\t\t<\/div>\n\t\t\t\t<div class=\"elementor-element elementor-element-1a08099c elementor-widget elementor-widget-text-editor\" data-id=\"1a08099c\" data-element_type=\"widget\" data-widget_type=\"text-editor.default\">\n\t\t\t\t<div class=\"elementor-widget-container\">\n\t\t\t\t\t\t\t\t\t<p>FinanEDI es la soluci\u00f3n en la nube gratuita que permite automatizar y optimizar los procesos financieros, contables y administrativos de tu negocio.<\/p>\t\t\t\t\t\t\t\t<\/div>\n\t\t\t\t<\/div>\n\t\t\t\t<div class=\"elementor-element elementor-element-38b4a4f6 elementor-widget elementor-widget-button\" data-id=\"38b4a4f6\" data-element_type=\"widget\" data-widget_type=\"button.default\">\n\t\t\t\t<div class=\"elementor-widget-container\">\n\t\t\t\t\t\t\t\t\t<div class=\"elementor-button-wrapper\">\n\t\t\t\t\t<a class=\"elementor-button elementor-button-link elementor-size-md\" href=\"https:\/\/finanedi.es\/\" target=\"_blank\">\n\t\t\t\t\t\t<span class=\"elementor-button-content-wrapper\">\n\t\t\t\t\t\t\t\t\t<span class=\"elementor-button-text\">Crear cuenta gratis<\/span>\n\t\t\t\t\t<\/span>\n\t\t\t\t\t<\/a>\n\t\t\t\t<\/div>\n\t\t\t\t\t\t\t\t<\/div>\n\t\t\t\t<\/div>\n\t\t\t\t\t<\/div>\n\t\t\t\t<\/div>\n\t\t\t\t<\/div>\n\t\t<div class=\"elementor-element elementor-element-2e92cb04 e-con-full e-flex e-con e-child\" data-id=\"2e92cb04\" data-element_type=\"container\">\n\t\t\t\t<div class=\"elementor-element elementor-element-4a141324 elementor-widget elementor-widget-image\" data-id=\"4a141324\" data-element_type=\"widget\" data-widget_type=\"image.default\">\n\t\t\t\t<div class=\"elementor-widget-container\">\n\t\t\t\t\t\t\t\t\t\t\t\t\t\t\t<img fetchpriority=\"high\" decoding=\"async\" width=\"300\" height=\"233\" src=\"https:\/\/finanedi.es\/blog\/contenido\/uploads\/2024\/09\/Dashborad_00115-300x233.png\" class=\"attachment-medium size-medium wp-image-5370\" alt=\"Herramientas para impulsar tu negocio - FinanEDI\" srcset=\"https:\/\/finanedi.es\/blog\/contenido\/uploads\/2024\/09\/Dashborad_00115-300x233.png 300w, https:\/\/finanedi.es\/blog\/contenido\/uploads\/2024\/09\/Dashborad_00115-768x597.png 768w, https:\/\/finanedi.es\/blog\/contenido\/uploads\/2024\/09\/Dashborad_00115.png 900w\" sizes=\"(max-width: 300px) 100vw, 300px\" \/>\t\t\t\t\t\t\t\t\t\t\t\t\t\t\t<\/div>\n\t\t\t\t<\/div>\n\t\t\t\t<\/div>\n\t\t\t\t\t<\/div>\n\t\t\t\t<\/div>\n\t\t<div class=\"elementor-element elementor-element-dd2fc21 e-flex e-con-boxed e-con e-parent\" data-id=\"dd2fc21\" data-element_type=\"container\">\n\t\t\t\t\t<div class=\"e-con-inner\">\n\t\t\t\t<div class=\"elementor-element elementor-element-50abbd3 elementor-widget elementor-widget-spacer\" data-id=\"50abbd3\" data-element_type=\"widget\" data-widget_type=\"spacer.default\">\n\t\t\t\t<div class=\"elementor-widget-container\">\n\t\t\t\t\t\t\t<div class=\"elementor-spacer\">\n\t\t\t<div class=\"elementor-spacer-inner\"><\/div>\n\t\t<\/div>\n\t\t\t\t\t\t<\/div>\n\t\t\t\t<\/div>\n\t\t\t\t\t<\/div>\n\t\t\t\t<\/div>\n\t\t<div class=\"elementor-element elementor-element-b994731 e-flex e-con-boxed e-con e-parent\" data-id=\"b994731\" data-element_type=\"container\">\n\t\t\t\t\t<div class=\"e-con-inner\">\n\t\t\t\t<div class=\"elementor-element elementor-element-0dc926b elementor-widget elementor-widget-heading\" data-id=\"0dc926b\" data-element_type=\"widget\" data-widget_type=\"heading.default\">\n\t\t\t\t<div class=\"elementor-widget-container\">\n\t\t\t\t\t<h2 class=\"elementor-heading-title elementor-size-default\">Conocer los grupos de cotizaci\u00f3n es ahorrar y proteger tu negocio<\/h2>\t\t\t\t<\/div>\n\t\t\t\t<\/div>\n\t\t\t\t\t<\/div>\n\t\t\t\t<\/div>\n\t\t<div class=\"elementor-element elementor-element-5be3b0e e-flex e-con-boxed e-con e-parent\" data-id=\"5be3b0e\" data-element_type=\"container\">\n\t\t\t\t\t<div class=\"e-con-inner\">\n\t\t\t\t<div class=\"elementor-element elementor-element-49751e9 elementor-widget elementor-widget-text-editor\" data-id=\"49751e9\" data-element_type=\"widget\" data-widget_type=\"text-editor.default\">\n\t\t\t\t<div class=\"elementor-widget-container\">\n\t\t\t\t\t\t\t\t\t<p>Entender y aplicar correctamente los grupos de cotizaci\u00f3n en 2025 no solo es una obligaci\u00f3n legal, sino tambi\u00e9n una forma de proteger tu negocio frente a sanciones y errores costosos. Adem\u00e1s, ayuda a garantizar los derechos de tus trabajadores y optimizar tus recursos.<\/p>\t\t\t\t\t\t\t\t<\/div>\n\t\t\t\t<\/div>\n\t\t\t\t\t<\/div>\n\t\t\t\t<\/div>\n\t\t<div class=\"elementor-element elementor-element-387540bb e-flex e-con-boxed e-con e-parent\" data-id=\"387540bb\" data-element_type=\"container\">\n\t\t\t\t\t<div class=\"e-con-inner\">\n\t\t<div class=\"elementor-element elementor-element-c961f55 e-flex e-con-boxed e-con e-child\" data-id=\"c961f55\" data-element_type=\"container\">\n\t\t\t\t\t<div class=\"e-con-inner\">\n\t\t\t\t<div class=\"elementor-element elementor-element-28763c93 elementor-widget elementor-widget-heading\" data-id=\"28763c93\" data-element_type=\"widget\" data-widget_type=\"heading.default\">\n\t\t\t\t<div class=\"elementor-widget-container\">\n\t\t\t\t\t<h3 class=\"elementor-heading-title elementor-size-default\">Preguntas frecuentes<\/h3>\t\t\t\t<\/div>\n\t\t\t\t<\/div>\n\t\t\t\t\t<\/div>\n\t\t\t\t<\/div>\n\t\t<div class=\"elementor-element elementor-element-1fdfaa7 e-flex e-con-boxed e-con e-child\" data-id=\"1fdfaa7\" data-element_type=\"container\">\n\t\t\t\t\t<div class=\"e-con-inner\">\n\t\t\t\t<div class=\"elementor-element elementor-element-49ffab3 elementor-widget elementor-widget-heading\" data-id=\"49ffab3\" data-element_type=\"widget\" data-widget_type=\"heading.default\">\n\t\t\t\t<div class=\"elementor-widget-container\">\n\t\t\t\t\t<h4 class=\"elementor-heading-title elementor-size-default\">\u00bfPuedo elegir el grupo de cotizaci\u00f3n que m\u00e1s me convenga?<\/h4>\t\t\t\t<\/div>\n\t\t\t\t<\/div>\n\t\t\t\t<div class=\"elementor-element elementor-element-359a2493 elementor-widget elementor-widget-text-editor\" data-id=\"359a2493\" data-element_type=\"widget\" data-widget_type=\"text-editor.default\">\n\t\t\t\t<div class=\"elementor-widget-container\">\n\t\t\t\t\t\t\t\t\t<p>No. El grupo de cotizaci\u00f3n no se elige libremente, sino que debe corresponder con las funciones reales del trabajador y su grupo profesional seg\u00fan el convenio colectivo. Asignar un grupo incorrecto puede dar lugar a sanciones y problemas legales.<\/p>\t\t\t\t\t\t\t\t<\/div>\n\t\t\t\t<\/div>\n\t\t\t\t\t<\/div>\n\t\t\t\t<\/div>\n\t\t<div class=\"elementor-element elementor-element-86bc557 e-flex e-con-boxed e-con e-child\" data-id=\"86bc557\" data-element_type=\"container\">\n\t\t\t\t\t<div class=\"e-con-inner\">\n\t\t\t\t<div class=\"elementor-element elementor-element-398051b6 elementor-widget elementor-widget-heading\" data-id=\"398051b6\" data-element_type=\"widget\" data-widget_type=\"heading.default\">\n\t\t\t\t<div class=\"elementor-widget-container\">\n\t\t\t\t\t<h4 class=\"elementor-heading-title elementor-size-default\">\u00bfQu\u00e9 ocurre si cambio las funciones del trabajador?<\/h4>\t\t\t\t<\/div>\n\t\t\t\t<\/div>\n\t\t\t\t<div class=\"elementor-element elementor-element-6d8cf797 elementor-widget elementor-widget-text-editor\" data-id=\"6d8cf797\" data-element_type=\"widget\" data-widget_type=\"text-editor.default\">\n\t\t\t\t<div class=\"elementor-widget-container\">\n\t\t\t\t\t\t\t\t\t<p>Si las funciones cambian de forma sustancial y permanente, tambi\u00e9n debe actualizarse la categor\u00eda profesional y, en su caso, el grupo de cotizaci\u00f3n. Es importante modificar el contrato o hacer un anexo y comunicar el cambio a la Seguridad Social si afecta a la base de cotizaci\u00f3n.<\/p>\t\t\t\t\t\t\t\t<\/div>\n\t\t\t\t<\/div>\n\t\t\t\t\t<\/div>\n\t\t\t\t<\/div>\n\t\t<div class=\"elementor-element elementor-element-4a4aa047 e-flex e-con-boxed e-con e-child\" data-id=\"4a4aa047\" data-element_type=\"container\">\n\t\t\t\t\t<div class=\"e-con-inner\">\n\t\t\t\t<div class=\"elementor-element elementor-element-65adbe5c elementor-widget elementor-widget-heading\" data-id=\"65adbe5c\" data-element_type=\"widget\" data-widget_type=\"heading.default\">\n\t\t\t\t<div class=\"elementor-widget-container\">\n\t\t\t\t\t<h4 class=\"elementor-heading-title elementor-size-default\">\u00bfC\u00f3mo afecta el grupo de cotizaci\u00f3n a la jubilaci\u00f3n?<\/h4>\t\t\t\t<\/div>\n\t\t\t\t<\/div>\n\t\t\t\t<div class=\"elementor-element elementor-element-649f1db3 elementor-widget elementor-widget-text-editor\" data-id=\"649f1db3\" data-element_type=\"widget\" data-widget_type=\"text-editor.default\">\n\t\t\t\t<div class=\"elementor-widget-container\">\n\t\t\t\t\t\t\t\t\t<p>El grupo de cotizaci\u00f3n determina la base sobre la que se calcula la cotizaci\u00f3n a la Seguridad Social y, por tanto, puede influir en la cuant\u00eda de la pensi\u00f3n de jubilaci\u00f3n. Cuanto mayor sea la base cotizada, mayores ser\u00e1n las prestaciones a las que tendr\u00e1 derecho el trabajador.<\/p>\t\t\t\t\t\t\t\t<\/div>\n\t\t\t\t<\/div>\n\t\t\t\t\t<\/div>\n\t\t\t\t<\/div>\n\t\t<div class=\"elementor-element elementor-element-37956f71 e-flex e-con-boxed e-con e-child\" data-id=\"37956f71\" data-element_type=\"container\">\n\t\t\t\t\t<div class=\"e-con-inner\">\n\t\t\t\t<div class=\"elementor-element elementor-element-636c814c elementor-widget elementor-widget-heading\" data-id=\"636c814c\" data-element_type=\"widget\" data-widget_type=\"heading.default\">\n\t\t\t\t<div class=\"elementor-widget-container\">\n\t\t\t\t\t<h4 class=\"elementor-heading-title elementor-size-default\">\u00bfQu\u00e9 grupo de cotizaci\u00f3n corresponde a un administrativo?<\/h4>\t\t\t\t<\/div>\n\t\t\t\t<\/div>\n\t\t\t\t<div class=\"elementor-element elementor-element-7f271ed elementor-widget elementor-widget-text-editor\" data-id=\"7f271ed\" data-element_type=\"widget\" data-widget_type=\"text-editor.default\">\n\t\t\t\t<div class=\"elementor-widget-container\">\n\t\t\t\t\t\t\t\t\t<p class=\"\" data-start=\"1449\" data-end=\"1541\">Depender\u00e1 del nivel de responsabilidad y del convenio colectivo, pero en t\u00e9rminos generales:<\/p><ul data-start=\"1543\" data-end=\"1657\"><li class=\"\" data-start=\"1543\" data-end=\"1605\"><p class=\"\" data-start=\"1545\" data-end=\"1605\">Un <strong data-start=\"1548\" data-end=\"1574\">oficial administrativo<\/strong> suele estar en el <strong data-start=\"1593\" data-end=\"1604\">Grupo 5<\/strong>.<\/p><\/li><li class=\"\" data-start=\"1606\" data-end=\"1657\"><p class=\"\" data-start=\"1608\" data-end=\"1657\">Un <strong data-start=\"1611\" data-end=\"1638\">auxiliar administrativo<\/strong> en el <strong data-start=\"1645\" data-end=\"1656\">Grupo 7<\/strong>.<\/p><\/li><\/ul><p class=\"\" data-start=\"1659\" data-end=\"1740\">Es importante revisar el convenio sectorial para confirmar la categor\u00eda correcta.<\/p>\t\t\t\t\t\t\t\t<\/div>\n\t\t\t\t<\/div>\n\t\t\t\t\t<\/div>\n\t\t\t\t<\/div>\n\t\t<div class=\"elementor-element elementor-element-616bfa7 e-flex e-con-boxed e-con e-child\" data-id=\"616bfa7\" data-element_type=\"container\">\n\t\t\t\t\t<div class=\"e-con-inner\">\n\t\t\t\t<div class=\"elementor-element elementor-element-af93937 elementor-widget elementor-widget-heading\" data-id=\"af93937\" data-element_type=\"widget\" data-widget_type=\"heading.default\">\n\t\t\t\t<div class=\"elementor-widget-container\">\n\t\t\t\t\t<h4 class=\"elementor-heading-title elementor-size-default\">\u00bfQu\u00e9 sucede si tengo un trabajador a media jornada?<\/h4>\t\t\t\t<\/div>\n\t\t\t\t<\/div>\n\t\t\t\t<div class=\"elementor-element elementor-element-35d0abf elementor-widget elementor-widget-text-editor\" data-id=\"35d0abf\" data-element_type=\"widget\" data-widget_type=\"text-editor.default\">\n\t\t\t\t<div class=\"elementor-widget-container\">\n\t\t\t\t\t\t\t\t\t<p class=\"\" data-start=\"1807\" data-end=\"2111\">Los grupos de cotizaci\u00f3n no cambian por el tipo de jornada. Lo que se adapta es la base de cotizaci\u00f3n proporcional al n\u00famero de horas trabajadas. Por ejemplo, si la base m\u00ednima mensual para un grupo es de 1.400\u202f\u20ac, un trabajador al 50\u202f% cotizar\u00e1 sobre 700\u202f\u20ac, salvo que perciba un salario superior.<\/p>\t\t\t\t\t\t\t\t<\/div>\n\t\t\t\t<\/div>\n\t\t\t\t\t<\/div>\n\t\t\t\t<\/div>\n\t\t\t\t\t<\/div>\n\t\t\t\t<\/div>\n\t\t<div class=\"elementor-element elementor-element-2b81f1a7 e-flex e-con-boxed e-con e-parent\" data-id=\"2b81f1a7\" data-element_type=\"container\">\n\t\t\t\t\t<div class=\"e-con-inner\">\n\t\t<div class=\"elementor-element elementor-element-6e895caa e-con-full e-flex e-con e-child\" data-id=\"6e895caa\" data-element_type=\"container\">\n\t\t\t\t<div class=\"elementor-element elementor-element-7e1ecfd4 elementor-widget elementor-widget-spacer\" data-id=\"7e1ecfd4\" data-element_type=\"widget\" data-widget_type=\"spacer.default\">\n\t\t\t\t<div class=\"elementor-widget-container\">\n\t\t\t\t\t\t\t<div class=\"elementor-spacer\">\n\t\t\t<div class=\"elementor-spacer-inner\"><\/div>\n\t\t<\/div>\n\t\t\t\t\t\t<\/div>\n\t\t\t\t<\/div>\n\t\t\t\t<\/div>\n\t\t<div class=\"elementor-element elementor-element-63790e12 e-con-full e-flex e-con e-child\" data-id=\"63790e12\" data-element_type=\"container\">\n\t\t\t\t<div class=\"elementor-element elementor-element-7e314dc2 elementor-widget elementor-widget-heading\" data-id=\"7e314dc2\" data-element_type=\"widget\" data-widget_type=\"heading.default\">\n\t\t\t\t<div class=\"elementor-widget-container\">\n\t\t\t\t\t<h3 class=\"elementor-heading-title elementor-size-default\">No te pierdas...<\/h3>\t\t\t\t<\/div>\n\t\t\t\t<\/div>\n\t\t\t\t<\/div>\n\t\t<div class=\"elementor-element elementor-element-377eeffc e-con-full e-flex e-con e-child\" data-id=\"377eeffc\" data-element_type=\"container\">\n\t\t\t\t<div class=\"elementor-element elementor-element-2b824b23 elementor-widget elementor-widget-katen-post-five\" data-id=\"2b824b23\" data-element_type=\"widget\" data-widget_type=\"katen-post-five.default\">\n\t\t\t\t<div class=\"elementor-widget-container\">\n\t\t\t\t\t\t\t<div class=\"padding-30 rounded bordered\">\n\n\t\t\t<div class=\"row infinite-wrapper\">\n\n\t\t\t\n\t\t\t\t<div class=\"col-md-12 col-sm-6 post-list-item post-item\">\n\t\t\t\t\t<!-- post -->\n\t\t\t\t\t<div class=\"post post-list clearfix\">\n\n\t\t\t\t\t\t<div class=\"thumb rounded\"><div class=\"inner\"><a href=\"https:\/\/finanedi.es\/blog\/findr-conectando-talento-con-oportunidades\/\"><img decoding=\"async\" width=\"330\" height=\"250\" src=\"https:\/\/finanedi.es\/blog\/contenido\/uploads\/2024\/09\/Portada-Findr-330x250.jpg\" class=\"attachment-katen-thumb-list size-katen-thumb-list wp-post-image\" alt=\"Findr - Conectando talento con oportunidades\" \/><\/a><\/div><\/div>  \n\n\t\t\t\t\t\t<div class=\"details clearfix\">\n\t\t\t\t\t\t\t<ul class=\"meta list-inline mb-3\">\n\t\t\t\t\t\t\t\t<li class=\"list-inline-item\"><a href=\"https:\/\/finanedi.es\/blog\/category\/laboral\/\">Laboral<\/a><\/li>\t\t\t\t\t\t\t<\/ul>\n\t\t\t\t\t\t\t<h5 class=\"post-title\"><a href=\"https:\/\/finanedi.es\/blog\/findr-conectando-talento-con-oportunidades\/\">Findr: Conectando talento con oportunidades<\/a><\/h5>\n\t\t\t\t\t\t\t<p class=\"excerpt mb-0\">\n\t\t\t\t\t\t\t\tFindr, una plataforma innovadora, se ha posicionado como un puente esencial que conecta a profesionales&hellip;\t\t\t\t\t\t\t<\/p>\n\t\t\t\t\t\t\t<div class=\"post-bottom clearfix d-flex align-items-center\">\n\t\t\t\t\t\t\t\t\t\t\t\t\t\t\t\t\t\t\t\t\t\t\t<\/div>\n\t\t\t\t\t\t<\/div>\n\t\t\t\t\t<\/div>\n\t\t\t\t<\/div>\n\n\t\t\t\n\t\t\t\t<div class=\"col-md-12 col-sm-6 post-list-item post-item\">\n\t\t\t\t\t<!-- post -->\n\t\t\t\t\t<div class=\"post post-list clearfix\">\n\n\t\t\t\t\t\t<div class=\"thumb rounded\"><div class=\"inner\"><a href=\"https:\/\/finanedi.es\/blog\/erte\/\"><img decoding=\"async\" width=\"330\" height=\"250\" src=\"https:\/\/finanedi.es\/blog\/contenido\/uploads\/2024\/11\/Que-es-un-ERTE-y-como-se-solicita-330x250.jpg\" class=\"attachment-katen-thumb-list size-katen-thumb-list wp-post-image\" alt=\"\u00bfQu\u00e9 es un ERTE y c\u00f3mo se solicita\" \/><\/a><\/div><\/div>  \n\n\t\t\t\t\t\t<div class=\"details clearfix\">\n\t\t\t\t\t\t\t<ul class=\"meta list-inline mb-3\">\n\t\t\t\t\t\t\t\t<li class=\"list-inline-item\"><a href=\"https:\/\/finanedi.es\/blog\/category\/laboral\/\">Laboral<\/a><\/li>\t\t\t\t\t\t\t<\/ul>\n\t\t\t\t\t\t\t<h5 class=\"post-title\"><a href=\"https:\/\/finanedi.es\/blog\/erte\/\">\u00bfQu\u00e9 es un ERTE y c\u00f3mo se solicita?<\/a><\/h5>\n\t\t\t\t\t\t\t<p class=\"excerpt mb-0\">\n\t\t\t\t\t\t\t\tEl Expediente de regulaci\u00f3n temporal de empleo, conocido com\u00fanmente como ERTE, ha cobrado gran relevancia&hellip;\t\t\t\t\t\t\t<\/p>\n\t\t\t\t\t\t\t<div class=\"post-bottom clearfix d-flex align-items-center\">\n\t\t\t\t\t\t\t\t\t\t\t\t\t\t\t\t\t\t\t\t\t\t\t<\/div>\n\t\t\t\t\t\t<\/div>\n\t\t\t\t\t<\/div>\n\t\t\t\t<\/div>\n\n\t\t\t\n\t\t\t\t<div class=\"col-md-12 col-sm-6 post-list-item post-item\">\n\t\t\t\t\t<!-- post -->\n\t\t\t\t\t<div class=\"post post-list clearfix\">\n\n\t\t\t\t\t\t<div class=\"thumb rounded\"><div class=\"inner\"><a href=\"https:\/\/finanedi.es\/blog\/salario-minimo-interprofesional-smi-en-espana\/\"><img loading=\"lazy\" decoding=\"async\" width=\"330\" height=\"250\" src=\"https:\/\/finanedi.es\/blog\/contenido\/uploads\/2024\/10\/Salario-minimo-Espana-330x250.jpg\" class=\"attachment-katen-thumb-list size-katen-thumb-list wp-post-image\" alt=\"Salario M\u00ednimo Interprofesional (SMI) en Espa\u00f1a\" \/><\/a><\/div><\/div>  \n\n\t\t\t\t\t\t<div class=\"details clearfix\">\n\t\t\t\t\t\t\t<ul class=\"meta list-inline mb-3\">\n\t\t\t\t\t\t\t\t<li class=\"list-inline-item\"><a href=\"https:\/\/finanedi.es\/blog\/category\/laboral\/\">Laboral<\/a><\/li>\t\t\t\t\t\t\t<\/ul>\n\t\t\t\t\t\t\t<h5 class=\"post-title\"><a href=\"https:\/\/finanedi.es\/blog\/salario-minimo-interprofesional-smi-en-espana\/\">Salario M\u00ednimo Interprofesional (SMI) 2024 en Espa\u00f1a<\/a><\/h5>\n\t\t\t\t\t\t\t<p class=\"excerpt mb-0\">\n\t\t\t\t\t\t\t\tEl Salario M\u00ednimo Interprofesional (SMI) es una de las herramientas fundamentales para garantizar un nivel&hellip;\t\t\t\t\t\t\t<\/p>\n\t\t\t\t\t\t\t<div class=\"post-bottom clearfix d-flex align-items-center\">\n\t\t\t\t\t\t\t\t\t\t\t\t\t\t\t\t\t\t\t\t\t\t\t<\/div>\n\t\t\t\t\t\t<\/div>\n\t\t\t\t\t<\/div>\n\t\t\t\t<\/div>\n\n\t\t\t\n\t\t\t\t<div class=\"col-md-12 col-sm-6 post-list-item post-item\">\n\t\t\t\t\t<!-- post -->\n\t\t\t\t\t<div class=\"post post-list clearfix\">\n\n\t\t\t\t\t\t<div class=\"thumb rounded\"><div class=\"inner\"><a href=\"https:\/\/finanedi.es\/blog\/comunidad-de-bienes-cb\/\"><img loading=\"lazy\" decoding=\"async\" width=\"330\" height=\"250\" src=\"https:\/\/finanedi.es\/blog\/contenido\/uploads\/2024\/12\/CB-Comunidad-de-Bienes-330x250.jpg\" class=\"attachment-katen-thumb-list size-katen-thumb-list wp-post-image\" alt=\"CB Comunidad de Bienes\" \/><\/a><\/div><\/div>  \n\n\t\t\t\t\t\t<div class=\"details clearfix\">\n\t\t\t\t\t\t\t<ul class=\"meta list-inline mb-3\">\n\t\t\t\t\t\t\t\t<li class=\"list-inline-item\"><a href=\"https:\/\/finanedi.es\/blog\/category\/laboral\/\">Laboral<\/a><\/li>\t\t\t\t\t\t\t<\/ul>\n\t\t\t\t\t\t\t<h5 class=\"post-title\"><a href=\"https:\/\/finanedi.es\/blog\/comunidad-de-bienes-cb\/\">Comunidad de Bienes (CB): \u00bfqu\u00e9 es y c\u00f3mo funciona?<\/a><\/h5>\n\t\t\t\t\t\t\t<p class=\"excerpt mb-0\">\n\t\t\t\t\t\t\t\tLa Comunidad de Bienes (CB) es una forma jur\u00eddica utilizada principalmente por peque\u00f1os negocios y&hellip;\t\t\t\t\t\t\t<\/p>\n\t\t\t\t\t\t\t<div class=\"post-bottom clearfix d-flex align-items-center\">\n\t\t\t\t\t\t\t\t\t\t\t\t\t\t\t\t\t\t\t\t\t\t\t<\/div>\n\t\t\t\t\t\t<\/div>\n\t\t\t\t\t<\/div>\n\t\t\t\t<\/div>\n\n\t\t\t\n\t\t\t<\/div>\n\n\t\t<\/div>\n\t\t\n        \t\t\t\t<\/div>\n\t\t\t\t<\/div>\n\t\t\t\t<\/div>\n\t\t\t\t\t<\/div>\n\t\t\t\t<\/div>\n\t\t\t\t<\/div>\n\t\t","protected":false},"excerpt":{"rendered":"<p>Si gestionas una empresa, eres aut\u00f3nomo con empleados o est\u00e1s por contratar por primera vez, entender las categor\u00edas profesionales y los grupos de cotizaci\u00f3n es fundamental. No solo afecta al coste laboral, sino tambi\u00e9n a las cotizaciones a la Seguridad Social, las prestaciones futuras y el cumplimiento normativo.<\/p>\n","protected":false},"author":3,"featured_media":10449,"comment_status":"closed","ping_status":"open","sticky":false,"template":"","format":"standard","meta":{"_monsterinsights_skip_tracking":false,"_monsterinsights_sitenote_active":false,"_monsterinsights_sitenote_note":"","_monsterinsights_sitenote_category":0,"footnotes":""},"categories":[45],"tags":[],"class_list":["post-10441","post","type-post","status-publish","format-standard","has-post-thumbnail","hentry","category-laboral"],"yoast_head":"<!-- This site is optimized with the Yoast SEO plugin v26.2 - https:\/\/yoast.com\/wordpress\/plugins\/seo\/ -->\n<title>Categor\u00edas profesionales y grupos de cotizaci\u00f3n en 2025: gu\u00eda actualizada para empresas y aut\u00f3nomos<\/title>\n<meta name=\"description\" content=\"Grupos de cotizaci\u00f3n y categor\u00edas profesionales en 2025: gu\u00eda clara y actualizada para empresas, pymes y aut\u00f3nomos.\" \/>\n<meta name=\"robots\" content=\"index, follow, max-snippet:-1, max-image-preview:large, max-video-preview:-1\" \/>\n<link rel=\"canonical\" href=\"https:\/\/finanedi.es\/blog\/categorias-profesionales-grupos-de-cotizacion-guia-para-empresas-y-autonomos\/\" \/>\n<meta property=\"og:locale\" content=\"es_ES\" \/>\n<meta property=\"og:type\" content=\"article\" \/>\n<meta property=\"og:title\" content=\"Categor\u00edas profesionales y grupos de cotizaci\u00f3n en 2025: gu\u00eda actualizada para empresas y aut\u00f3nomos\" \/>\n<meta property=\"og:description\" content=\"Grupos de cotizaci\u00f3n y categor\u00edas profesionales en 2025: gu\u00eda clara y actualizada para empresas, pymes y aut\u00f3nomos.\" \/>\n<meta property=\"og:url\" content=\"https:\/\/finanedi.es\/blog\/categorias-profesionales-grupos-de-cotizacion-guia-para-empresas-y-autonomos\/\" \/>\n<meta property=\"og:site_name\" content=\"Blog para pymes y aut\u00f3nomos - FinanEDI\" \/>\n<meta property=\"article:published_time\" content=\"2025-04-10T10:34:23+00:00\" \/>\n<meta property=\"article:modified_time\" content=\"2025-04-10T10:45:09+00:00\" \/>\n<meta property=\"og:image\" content=\"https:\/\/finanedi.es\/blog\/contenido\/uploads\/2025\/04\/Categorias-profesionales-y-grupos-de-cotizacion.jpg\" \/>\n\t<meta property=\"og:image:width\" content=\"2000\" \/>\n\t<meta property=\"og:image:height\" content=\"1126\" \/>\n\t<meta property=\"og:image:type\" content=\"image\/jpeg\" \/>\n<meta name=\"author\" content=\"restevez\" \/>\n<meta name=\"twitter:card\" content=\"summary_large_image\" \/>\n<meta name=\"twitter:label1\" content=\"Escrito por\" \/>\n\t<meta name=\"twitter:data1\" content=\"restevez\" \/>\n\t<meta name=\"twitter:label2\" content=\"Tiempo de lectura\" \/>\n\t<meta name=\"twitter:data2\" content=\"7 minutos\" \/>\n<script type=\"application\/ld+json\" class=\"yoast-schema-graph\">{\"@context\":\"https:\/\/schema.org\",\"@graph\":[{\"@type\":\"Article\",\"@id\":\"https:\/\/finanedi.es\/blog\/categorias-profesionales-grupos-de-cotizacion-guia-para-empresas-y-autonomos\/#article\",\"isPartOf\":{\"@id\":\"https:\/\/finanedi.es\/blog\/categorias-profesionales-grupos-de-cotizacion-guia-para-empresas-y-autonomos\/\"},\"author\":{\"name\":\"restevez\",\"@id\":\"https:\/\/finanedi.es\/blog\/#\/schema\/person\/233ed58195d34f36f74f13ba1030ebd8\"},\"headline\":\"Categor\u00edas profesionales y grupos de cotizaci\u00f3n en 2025: gu\u00eda actualizada para empresas y aut\u00f3nomos\",\"datePublished\":\"2025-04-10T10:34:23+00:00\",\"dateModified\":\"2025-04-10T10:45:09+00:00\",\"mainEntityOfPage\":{\"@id\":\"https:\/\/finanedi.es\/blog\/categorias-profesionales-grupos-de-cotizacion-guia-para-empresas-y-autonomos\/\"},\"wordCount\":1216,\"publisher\":{\"@id\":\"https:\/\/finanedi.es\/blog\/#organization\"},\"image\":{\"@id\":\"https:\/\/finanedi.es\/blog\/categorias-profesionales-grupos-de-cotizacion-guia-para-empresas-y-autonomos\/#primaryimage\"},\"thumbnailUrl\":\"https:\/\/finanedi.es\/blog\/contenido\/uploads\/2025\/04\/Categorias-profesionales-y-grupos-de-cotizacion.jpg\",\"articleSection\":[\"Laboral\"],\"inLanguage\":\"es\"},{\"@type\":\"WebPage\",\"@id\":\"https:\/\/finanedi.es\/blog\/categorias-profesionales-grupos-de-cotizacion-guia-para-empresas-y-autonomos\/\",\"url\":\"https:\/\/finanedi.es\/blog\/categorias-profesionales-grupos-de-cotizacion-guia-para-empresas-y-autonomos\/\",\"name\":\"Categor\u00edas profesionales y grupos de cotizaci\u00f3n en 2025: gu\u00eda actualizada para empresas y aut\u00f3nomos\",\"isPartOf\":{\"@id\":\"https:\/\/finanedi.es\/blog\/#website\"},\"primaryImageOfPage\":{\"@id\":\"https:\/\/finanedi.es\/blog\/categorias-profesionales-grupos-de-cotizacion-guia-para-empresas-y-autonomos\/#primaryimage\"},\"image\":{\"@id\":\"https:\/\/finanedi.es\/blog\/categorias-profesionales-grupos-de-cotizacion-guia-para-empresas-y-autonomos\/#primaryimage\"},\"thumbnailUrl\":\"https:\/\/finanedi.es\/blog\/contenido\/uploads\/2025\/04\/Categorias-profesionales-y-grupos-de-cotizacion.jpg\",\"datePublished\":\"2025-04-10T10:34:23+00:00\",\"dateModified\":\"2025-04-10T10:45:09+00:00\",\"description\":\"Grupos de cotizaci\u00f3n y categor\u00edas profesionales en 2025: gu\u00eda clara y actualizada para empresas, pymes y aut\u00f3nomos.\",\"breadcrumb\":{\"@id\":\"https:\/\/finanedi.es\/blog\/categorias-profesionales-grupos-de-cotizacion-guia-para-empresas-y-autonomos\/#breadcrumb\"},\"inLanguage\":\"es\",\"potentialAction\":[{\"@type\":\"ReadAction\",\"target\":[\"https:\/\/finanedi.es\/blog\/categorias-profesionales-grupos-de-cotizacion-guia-para-empresas-y-autonomos\/\"]}]},{\"@type\":\"ImageObject\",\"inLanguage\":\"es\",\"@id\":\"https:\/\/finanedi.es\/blog\/categorias-profesionales-grupos-de-cotizacion-guia-para-empresas-y-autonomos\/#primaryimage\",\"url\":\"https:\/\/finanedi.es\/blog\/contenido\/uploads\/2025\/04\/Categorias-profesionales-y-grupos-de-cotizacion.jpg\",\"contentUrl\":\"https:\/\/finanedi.es\/blog\/contenido\/uploads\/2025\/04\/Categorias-profesionales-y-grupos-de-cotizacion.jpg\",\"width\":2000,\"height\":1126,\"caption\":\"Categor\u00edas profesionales y grupos de cotizaci\u00f3n\"},{\"@type\":\"BreadcrumbList\",\"@id\":\"https:\/\/finanedi.es\/blog\/categorias-profesionales-grupos-de-cotizacion-guia-para-empresas-y-autonomos\/#breadcrumb\",\"itemListElement\":[{\"@type\":\"ListItem\",\"position\":1,\"name\":\"Home\",\"item\":\"https:\/\/finanedi.es\/blog\/\"},{\"@type\":\"ListItem\",\"position\":2,\"name\":\"Categor\u00edas profesionales y grupos de cotizaci\u00f3n en 2025: gu\u00eda actualizada para empresas y aut\u00f3nomos\"}]},{\"@type\":\"WebSite\",\"@id\":\"https:\/\/finanedi.es\/blog\/#website\",\"url\":\"https:\/\/finanedi.es\/blog\/\",\"name\":\"Blog para pymes y aut\u00f3nomos - FinanEDI\",\"description\":\"Blog para aut\u00f3nomos y PYMES, sobre temas como facturaci\u00f3n, contabilidad, tecnolog\u00eda.\",\"publisher\":{\"@id\":\"https:\/\/finanedi.es\/blog\/#organization\"},\"potentialAction\":[{\"@type\":\"SearchAction\",\"target\":{\"@type\":\"EntryPoint\",\"urlTemplate\":\"https:\/\/finanedi.es\/blog\/?s={search_term_string}\"},\"query-input\":{\"@type\":\"PropertyValueSpecification\",\"valueRequired\":true,\"valueName\":\"search_term_string\"}}],\"inLanguage\":\"es\"},{\"@type\":\"Organization\",\"@id\":\"https:\/\/finanedi.es\/blog\/#organization\",\"name\":\"Blog para pymes y aut\u00f3nomos - FinanEDI\",\"url\":\"https:\/\/finanedi.es\/blog\/\",\"logo\":{\"@type\":\"ImageObject\",\"inLanguage\":\"es\",\"@id\":\"https:\/\/finanedi.es\/blog\/#\/schema\/logo\/image\/\",\"url\":\"https:\/\/finanedi.es\/blog\/contenido\/uploads\/2024\/02\/FinanEdiAzul1.svg\",\"contentUrl\":\"https:\/\/finanedi.es\/blog\/contenido\/uploads\/2024\/02\/FinanEdiAzul1.svg\",\"width\":142,\"height\":36,\"caption\":\"Blog para pymes y aut\u00f3nomos - FinanEDI\"},\"image\":{\"@id\":\"https:\/\/finanedi.es\/blog\/#\/schema\/logo\/image\/\"}},{\"@type\":\"Person\",\"@id\":\"https:\/\/finanedi.es\/blog\/#\/schema\/person\/233ed58195d34f36f74f13ba1030ebd8\",\"name\":\"restevez\",\"image\":{\"@type\":\"ImageObject\",\"inLanguage\":\"es\",\"@id\":\"https:\/\/finanedi.es\/blog\/#\/schema\/person\/image\/\",\"url\":\"https:\/\/secure.gravatar.com\/avatar\/6c4880db9746e4aa887a98e0ebf657788804dc4280120ef10331a2e6ebb4a9a0?s=96&d=mm&r=g\",\"contentUrl\":\"https:\/\/secure.gravatar.com\/avatar\/6c4880db9746e4aa887a98e0ebf657788804dc4280120ef10331a2e6ebb4a9a0?s=96&d=mm&r=g\",\"caption\":\"restevez\"},\"url\":\"https:\/\/finanedi.es\/blog\/author\/restevez\/\"}]}<\/script>\n<!-- \/ Yoast SEO plugin. -->","yoast_head_json":{"title":"Categor\u00edas profesionales y grupos de cotizaci\u00f3n en 2025: gu\u00eda actualizada para empresas y aut\u00f3nomos","description":"Grupos de cotizaci\u00f3n y categor\u00edas profesionales en 2025: gu\u00eda clara y actualizada para empresas, pymes y aut\u00f3nomos.","robots":{"index":"index","follow":"follow","max-snippet":"max-snippet:-1","max-image-preview":"max-image-preview:large","max-video-preview":"max-video-preview:-1"},"canonical":"https:\/\/finanedi.es\/blog\/categorias-profesionales-grupos-de-cotizacion-guia-para-empresas-y-autonomos\/","og_locale":"es_ES","og_type":"article","og_title":"Categor\u00edas profesionales y grupos de cotizaci\u00f3n en 2025: gu\u00eda actualizada para empresas y aut\u00f3nomos","og_description":"Grupos de cotizaci\u00f3n y categor\u00edas profesionales en 2025: gu\u00eda clara y actualizada para empresas, pymes y aut\u00f3nomos.","og_url":"https:\/\/finanedi.es\/blog\/categorias-profesionales-grupos-de-cotizacion-guia-para-empresas-y-autonomos\/","og_site_name":"Blog para pymes y aut\u00f3nomos - FinanEDI","article_published_time":"2025-04-10T10:34:23+00:00","article_modified_time":"2025-04-10T10:45:09+00:00","og_image":[{"width":2000,"height":1126,"url":"https:\/\/finanedi.es\/blog\/contenido\/uploads\/2025\/04\/Categorias-profesionales-y-grupos-de-cotizacion.jpg","type":"image\/jpeg"}],"author":"restevez","twitter_card":"summary_large_image","twitter_misc":{"Escrito por":"restevez","Tiempo de lectura":"7 minutos"},"schema":{"@context":"https:\/\/schema.org","@graph":[{"@type":"Article","@id":"https:\/\/finanedi.es\/blog\/categorias-profesionales-grupos-de-cotizacion-guia-para-empresas-y-autonomos\/#article","isPartOf":{"@id":"https:\/\/finanedi.es\/blog\/categorias-profesionales-grupos-de-cotizacion-guia-para-empresas-y-autonomos\/"},"author":{"name":"restevez","@id":"https:\/\/finanedi.es\/blog\/#\/schema\/person\/233ed58195d34f36f74f13ba1030ebd8"},"headline":"Categor\u00edas profesionales y grupos de cotizaci\u00f3n en 2025: gu\u00eda actualizada para empresas y aut\u00f3nomos","datePublished":"2025-04-10T10:34:23+00:00","dateModified":"2025-04-10T10:45:09+00:00","mainEntityOfPage":{"@id":"https:\/\/finanedi.es\/blog\/categorias-profesionales-grupos-de-cotizacion-guia-para-empresas-y-autonomos\/"},"wordCount":1216,"publisher":{"@id":"https:\/\/finanedi.es\/blog\/#organization"},"image":{"@id":"https:\/\/finanedi.es\/blog\/categorias-profesionales-grupos-de-cotizacion-guia-para-empresas-y-autonomos\/#primaryimage"},"thumbnailUrl":"https:\/\/finanedi.es\/blog\/contenido\/uploads\/2025\/04\/Categorias-profesionales-y-grupos-de-cotizacion.jpg","articleSection":["Laboral"],"inLanguage":"es"},{"@type":"WebPage","@id":"https:\/\/finanedi.es\/blog\/categorias-profesionales-grupos-de-cotizacion-guia-para-empresas-y-autonomos\/","url":"https:\/\/finanedi.es\/blog\/categorias-profesionales-grupos-de-cotizacion-guia-para-empresas-y-autonomos\/","name":"Categor\u00edas profesionales y grupos de cotizaci\u00f3n en 2025: gu\u00eda actualizada para empresas y aut\u00f3nomos","isPartOf":{"@id":"https:\/\/finanedi.es\/blog\/#website"},"primaryImageOfPage":{"@id":"https:\/\/finanedi.es\/blog\/categorias-profesionales-grupos-de-cotizacion-guia-para-empresas-y-autonomos\/#primaryimage"},"image":{"@id":"https:\/\/finanedi.es\/blog\/categorias-profesionales-grupos-de-cotizacion-guia-para-empresas-y-autonomos\/#primaryimage"},"thumbnailUrl":"https:\/\/finanedi.es\/blog\/contenido\/uploads\/2025\/04\/Categorias-profesionales-y-grupos-de-cotizacion.jpg","datePublished":"2025-04-10T10:34:23+00:00","dateModified":"2025-04-10T10:45:09+00:00","description":"Grupos de cotizaci\u00f3n y categor\u00edas profesionales en 2025: gu\u00eda clara y actualizada para empresas, pymes y aut\u00f3nomos.","breadcrumb":{"@id":"https:\/\/finanedi.es\/blog\/categorias-profesionales-grupos-de-cotizacion-guia-para-empresas-y-autonomos\/#breadcrumb"},"inLanguage":"es","potentialAction":[{"@type":"ReadAction","target":["https:\/\/finanedi.es\/blog\/categorias-profesionales-grupos-de-cotizacion-guia-para-empresas-y-autonomos\/"]}]},{"@type":"ImageObject","inLanguage":"es","@id":"https:\/\/finanedi.es\/blog\/categorias-profesionales-grupos-de-cotizacion-guia-para-empresas-y-autonomos\/#primaryimage","url":"https:\/\/finanedi.es\/blog\/contenido\/uploads\/2025\/04\/Categorias-profesionales-y-grupos-de-cotizacion.jpg","contentUrl":"https:\/\/finanedi.es\/blog\/contenido\/uploads\/2025\/04\/Categorias-profesionales-y-grupos-de-cotizacion.jpg","width":2000,"height":1126,"caption":"Categor\u00edas profesionales y grupos de cotizaci\u00f3n"},{"@type":"BreadcrumbList","@id":"https:\/\/finanedi.es\/blog\/categorias-profesionales-grupos-de-cotizacion-guia-para-empresas-y-autonomos\/#breadcrumb","itemListElement":[{"@type":"ListItem","position":1,"name":"Home","item":"https:\/\/finanedi.es\/blog\/"},{"@type":"ListItem","position":2,"name":"Categor\u00edas profesionales y grupos de cotizaci\u00f3n en 2025: gu\u00eda actualizada para empresas y aut\u00f3nomos"}]},{"@type":"WebSite","@id":"https:\/\/finanedi.es\/blog\/#website","url":"https:\/\/finanedi.es\/blog\/","name":"Blog para pymes y aut\u00f3nomos - FinanEDI","description":"Blog para aut\u00f3nomos y PYMES, sobre temas como facturaci\u00f3n, contabilidad, tecnolog\u00eda.","publisher":{"@id":"https:\/\/finanedi.es\/blog\/#organization"},"potentialAction":[{"@type":"SearchAction","target":{"@type":"EntryPoint","urlTemplate":"https:\/\/finanedi.es\/blog\/?s={search_term_string}"},"query-input":{"@type":"PropertyValueSpecification","valueRequired":true,"valueName":"search_term_string"}}],"inLanguage":"es"},{"@type":"Organization","@id":"https:\/\/finanedi.es\/blog\/#organization","name":"Blog para pymes y aut\u00f3nomos - FinanEDI","url":"https:\/\/finanedi.es\/blog\/","logo":{"@type":"ImageObject","inLanguage":"es","@id":"https:\/\/finanedi.es\/blog\/#\/schema\/logo\/image\/","url":"https:\/\/finanedi.es\/blog\/contenido\/uploads\/2024\/02\/FinanEdiAzul1.svg","contentUrl":"https:\/\/finanedi.es\/blog\/contenido\/uploads\/2024\/02\/FinanEdiAzul1.svg","width":142,"height":36,"caption":"Blog para pymes y aut\u00f3nomos - FinanEDI"},"image":{"@id":"https:\/\/finanedi.es\/blog\/#\/schema\/logo\/image\/"}},{"@type":"Person","@id":"https:\/\/finanedi.es\/blog\/#\/schema\/person\/233ed58195d34f36f74f13ba1030ebd8","name":"restevez","image":{"@type":"ImageObject","inLanguage":"es","@id":"https:\/\/finanedi.es\/blog\/#\/schema\/person\/image\/","url":"https:\/\/secure.gravatar.com\/avatar\/6c4880db9746e4aa887a98e0ebf657788804dc4280120ef10331a2e6ebb4a9a0?s=96&d=mm&r=g","contentUrl":"https:\/\/secure.gravatar.com\/avatar\/6c4880db9746e4aa887a98e0ebf657788804dc4280120ef10331a2e6ebb4a9a0?s=96&d=mm&r=g","caption":"restevez"},"url":"https:\/\/finanedi.es\/blog\/author\/restevez\/"}]}},"_links":{"self":[{"href":"https:\/\/finanedi.es\/blog\/wp-json\/wp\/v2\/posts\/10441","targetHints":{"allow":["GET"]}}],"collection":[{"href":"https:\/\/finanedi.es\/blog\/wp-json\/wp\/v2\/posts"}],"about":[{"href":"https:\/\/finanedi.es\/blog\/wp-json\/wp\/v2\/types\/post"}],"author":[{"embeddable":true,"href":"https:\/\/finanedi.es\/blog\/wp-json\/wp\/v2\/users\/3"}],"replies":[{"embeddable":true,"href":"https:\/\/finanedi.es\/blog\/wp-json\/wp\/v2\/comments?post=10441"}],"version-history":[{"count":10,"href":"https:\/\/finanedi.es\/blog\/wp-json\/wp\/v2\/posts\/10441\/revisions"}],"predecessor-version":[{"id":10452,"href":"https:\/\/finanedi.es\/blog\/wp-json\/wp\/v2\/posts\/10441\/revisions\/10452"}],"wp:featuredmedia":[{"embeddable":true,"href":"https:\/\/finanedi.es\/blog\/wp-json\/wp\/v2\/media\/10449"}],"wp:attachment":[{"href":"https:\/\/finanedi.es\/blog\/wp-json\/wp\/v2\/media?parent=10441"}],"wp:term":[{"taxonomy":"category","embeddable":true,"href":"https:\/\/finanedi.es\/blog\/wp-json\/wp\/v2\/categories?post=10441"},{"taxonomy":"post_tag","embeddable":true,"href":"https:\/\/finanedi.es\/blog\/wp-json\/wp\/v2\/tags?post=10441"}],"curies":[{"name":"wp","href":"https:\/\/api.w.org\/{rel}","templated":true}]}}