{"id":10465,"date":"2025-04-15T12:47:48","date_gmt":"2025-04-15T10:47:48","guid":{"rendered":"https:\/\/finanedi.es\/blog\/?p=10465"},"modified":"2025-04-15T12:48:27","modified_gmt":"2025-04-15T10:48:27","slug":"modelos-de-impuestos-para-autonomos","status":"publish","type":"post","link":"https:\/\/finanedi.es\/blog\/modelos-de-impuestos-para-autonomos\/","title":{"rendered":"Modelos de impuestos para aut\u00f3nomos: Cumplir con Hacienda sin complicaciones"},"content":{"rendered":"\t\t<div data-elementor-type=\"wp-post\" data-elementor-id=\"10465\" class=\"elementor elementor-10465\">\n\t\t\t\t<div class=\"elementor-element elementor-element-f9c8034 e-flex e-con-boxed e-con e-parent\" data-id=\"f9c8034\" data-element_type=\"container\">\n\t\t\t\t\t<div class=\"e-con-inner\">\n\t\t\t\t<div class=\"elementor-element elementor-element-1309e69 elementor-widget elementor-widget-text-editor\" data-id=\"1309e69\" data-element_type=\"widget\" data-widget_type=\"text-editor.default\">\n\t\t\t\t<div class=\"elementor-widget-container\">\n\t\t\t\t\t\t\t\t\t<p>Si eres aut\u00f3nomo o est\u00e1s pensando en darte de alta, seguro que ya has escuchado hablar de t\u00e9rminos como el Modelo 303, 130 o 111. Y probablemente te hayan surgido muchas preguntas: \u00bfcu\u00e1les debo presentar? \u00bfcada cu\u00e1nto? \u00bfqu\u00e9 informaci\u00f3n se incluye?<\/p>\t\t\t\t\t\t\t\t<\/div>\n\t\t\t\t<\/div>\n\t\t\t\t\t<\/div>\n\t\t\t\t<\/div>\n\t\t<div class=\"elementor-element elementor-element-e81a17f e-flex e-con-boxed e-con e-parent\" data-id=\"e81a17f\" data-element_type=\"container\">\n\t\t\t\t\t<div class=\"e-con-inner\">\n\t\t\t\t<div class=\"elementor-element elementor-element-c63bc46 elementor-widget elementor-widget-text-editor\" data-id=\"c63bc46\" data-element_type=\"widget\" data-widget_type=\"text-editor.default\">\n\t\t\t\t<div class=\"elementor-widget-container\">\n\t\t\t\t\t\t\t\t\t<p>La gesti\u00f3n fiscal puede parecer un laberinto, especialmente al principio. Pero conocer los modelos tributarios m\u00e1s importantes para aut\u00f3nomos es clave para mantener tus cuentas en orden y evitar sanciones. En esta gu\u00eda te explicamos qu\u00e9 modelos debes presentar y para qu\u00e9 sirve cada uno, con un lenguaje claro y ejemplos pr\u00e1cticos.<\/p>\t\t\t\t\t\t\t\t<\/div>\n\t\t\t\t<\/div>\n\t\t\t\t\t<\/div>\n\t\t\t\t<\/div>\n\t\t<div class=\"elementor-element elementor-element-79e25a6 e-flex e-con-boxed e-con e-parent\" data-id=\"79e25a6\" data-element_type=\"container\">\n\t\t\t\t\t<div class=\"e-con-inner\">\n\t\t\t\t<div class=\"elementor-element elementor-element-d41fc13 elementor-widget elementor-widget-heading\" data-id=\"d41fc13\" data-element_type=\"widget\" data-widget_type=\"heading.default\">\n\t\t\t\t<div class=\"elementor-widget-container\">\n\t\t\t\t\t<h2 class=\"elementor-heading-title elementor-size-default\">Resumen de los modelos que debe presentar un aut\u00f3nomo en 2025<\/h2>\t\t\t\t<\/div>\n\t\t\t\t<\/div>\n\t\t\t\t\t<\/div>\n\t\t\t\t<\/div>\n\t\t<div class=\"elementor-element elementor-element-1da1a1b e-flex e-con-boxed e-con e-parent\" data-id=\"1da1a1b\" data-element_type=\"container\">\n\t\t\t\t\t<div class=\"e-con-inner\">\n\t\t\t\t<div class=\"elementor-element elementor-element-c25a8c0 elementor-widget elementor-widget-spacer\" data-id=\"c25a8c0\" data-element_type=\"widget\" data-widget_type=\"spacer.default\">\n\t\t\t\t<div class=\"elementor-widget-container\">\n\t\t\t\t\t\t\t<div class=\"elementor-spacer\">\n\t\t\t<div class=\"elementor-spacer-inner\"><\/div>\n\t\t<\/div>\n\t\t\t\t\t\t<\/div>\n\t\t\t\t<\/div>\n\t\t\t\t\t<\/div>\n\t\t\t\t<\/div>\n\t\t<div class=\"elementor-element elementor-element-5915e258 e-flex e-con-boxed e-con e-parent\" data-id=\"5915e258\" data-element_type=\"container\">\n\t\t\t\t\t<div class=\"e-con-inner\">\n\t\t\t\t<div class=\"elementor-element elementor-element-3b30c5bf elementor-widget elementor-widget-html\" data-id=\"3b30c5bf\" data-element_type=\"widget\" data-widget_type=\"html.default\">\n\t\t\t\t<div class=\"elementor-widget-container\">\n\t\t\t\t\t<style>\r\n  .comparative-table {\r\n    width: 100%;\r\n    border-collapse: collapse;\r\n    font-size: 14px;\r\n    font-family: 'Arial', sans-serif;\r\n    text-align: left;\r\n  }\r\n\r\n  .comparative-table thead tr {\r\n    background-color: #1A2543;\r\n    color: white;\r\n    text-align: left;\r\n  }\r\n\r\n  .comparative-table thead th {\r\n    color: white;\r\n  }\r\n\r\n  .comparative-table th,\r\n  .comparative-table td {\r\n    padding: 12px 15px;\r\n    border: 1px solid #dddddd;\r\n  }\r\n\r\n  .comparative-table tbody tr {\r\n    border-bottom: 1px solid #dddddd;\r\n  }\r\n\r\n  .comparative-table tbody tr:nth-of-type(even) {\r\n    background-color: #FBFCFF;\r\n  }\r\n\r\n  .comparative-table tbody tr:hover {\r\n    background-color: #F0F4FF;\r\n  }\r\n\r\n  .bold {\r\n    font-weight: bold;\r\n  }\r\n<\/style>\r\n<title>Resumen de los modelos que debe presentar un aut\u00f3nomo en 2025<\/title>\r\n<\/head>\r\n\r\n<body>\r\n  <table class=\"comparative-table\">\r\n    <thead>\r\n      <tr>\r\n        <th>Per\u00edodo<\/th>\r\n        <th>Modelo<\/th>\r\n        <th>Descripci\u00f3n<\/th>\r\n        <th>Plazo de presentaci\u00f3n<\/th>\r\n      <\/tr>\r\n\r\n    <\/thead>\r\n    <tbody>\r\n      <tr>\r\n        <td class=\"bold\">Trimestral<\/td>\r\n        <td>303 (IVA)<\/td>\r\n        <td>Autoliquidaci\u00f3n del Impuesto sobre el Valor A\u00f1adido<\/td>\r\n        <td>Mes siguiente al trimestre<\/td>\r\n      <\/tr>\r\n      <tr>\r\n        <td class=\"bold\">Trimestral<\/td>\r\n        <td>130 (IRPF)<\/td>\r\n        <td>Pago fraccionado del Impuesto sobre la Renta de las Personas F\u00edsicass<\/td>\r\n        <td>Mes siguiente al trimestre<\/td>\r\n      <\/tr>\r\n      <tr>\r\n        <td class=\"bold\">Trimestral<\/td>\r\n        <td>111 (IRPF)<\/td>\r\n        <td>Declaraci\u00f3n informativa de retenciones practicadas<\/td>\r\n        <td>Mes siguiente al trimestre<\/td>\r\n      <\/tr>\r\n      <tr>\r\n        <td class=\"bold\">Trimestral<\/td>\r\n        <td>115 (Ingresos a cuenta del Impuesto sobre Sociedades)<\/td>\r\n        <td>Pago fraccionado del Impuesto sobre Sociedades<\/td>\r\n        <td>Mes siguiente al trimestre<\/td>\r\n      <\/tr>\r\n      <tr>\r\n        <td class=\"bold\">Anual<\/td>\r\n        <td>100 (Declaraci\u00f3n de la Renta)<\/td>\r\n        <td>Declaraci\u00f3n anual del IRPF<\/td>\r\n        <td>Entre abril y junio<\/td>\r\n      <\/tr>\r\n      <tr>\r\n        <td class=\"bold\">Anual<\/td>\r\n        <td>390 (Declaraci\u00f3n informativa de operaciones con terceros)<\/td>\r\n        <td>Resumen anual de operaciones con terceros que superen los 3.000 euros<\/td>\r\n        <td>Enero<\/td>\r\n      <\/tr>\r\n      <tr>\r\n        <td class=\"bold\">Anual<\/td>\r\n        <td>180 (Resumen de IVA a ingresar)<\/td>\r\n        <td>Resumen anual de IVA para aut\u00f3nomos que tributan por el R\u00e9gimen Simplificado de Ingresos M\u00ednima<\/td>\r\n        <td>Enero<\/td>\r\n      <\/tr>\r\n      <tr>\r\n        <td class=\"bold\">Anual<\/td>\r\n        <td>190 (Resumen de IVA a ingresar)<\/td>\r\n        <td>Resumen anual de IVA para aut\u00f3nomos que tributan por m\u00f3dulos<\/td>\r\n        <td>Enero<\/td>\r\n      <\/tr>\r\n      <tr>\r\n        <td class=\"bold\">Anual<\/td>\r\n        <td>347 (Declaraci\u00f3n anual de operaciones con bienes de inversi\u00f3n)<\/td>\r\n        <td>Declaraci\u00f3n anual de operaciones con bienes de inversi\u00f3n<\/td>\r\n        <td>Febrero<\/td>\r\n      <\/tr>\r\n    <\/tbody>\r\n  <\/table>\r\n<\/body>\r\n\r\n<\/html>\t\t\t\t<\/div>\n\t\t\t\t<\/div>\n\t\t\t\t\t<\/div>\n\t\t\t\t<\/div>\n\t\t<div class=\"elementor-element elementor-element-4c135e0 e-flex e-con-boxed e-con e-parent\" data-id=\"4c135e0\" data-element_type=\"container\">\n\t\t\t\t\t<div class=\"e-con-inner\">\n\t\t\t\t<div class=\"elementor-element elementor-element-bd19aec elementor-widget elementor-widget-spacer\" data-id=\"bd19aec\" data-element_type=\"widget\" data-widget_type=\"spacer.default\">\n\t\t\t\t<div class=\"elementor-widget-container\">\n\t\t\t\t\t\t\t<div class=\"elementor-spacer\">\n\t\t\t<div class=\"elementor-spacer-inner\"><\/div>\n\t\t<\/div>\n\t\t\t\t\t\t<\/div>\n\t\t\t\t<\/div>\n\t\t\t\t\t<\/div>\n\t\t\t\t<\/div>\n\t\t<div class=\"elementor-element elementor-element-4076b33 e-flex e-con-boxed e-con e-parent\" data-id=\"4076b33\" data-element_type=\"container\">\n\t\t\t\t\t<div class=\"e-con-inner\">\n\t\t\t\t<div class=\"elementor-element elementor-element-0cff95f elementor-widget elementor-widget-heading\" data-id=\"0cff95f\" data-element_type=\"widget\" data-widget_type=\"heading.default\">\n\t\t\t\t<div class=\"elementor-widget-container\">\n\t\t\t\t\t<h2 class=\"elementor-heading-title elementor-size-default\">Modelos para aut\u00f3nomos trimestrales<\/h2>\t\t\t\t<\/div>\n\t\t\t\t<\/div>\n\t\t\t\t\t<\/div>\n\t\t\t\t<\/div>\n\t\t<div class=\"elementor-element elementor-element-833a446 e-flex e-con-boxed e-con e-parent\" data-id=\"833a446\" data-element_type=\"container\">\n\t\t\t\t\t<div class=\"e-con-inner\">\n\t\t\t\t<div class=\"elementor-element elementor-element-0eac3bd elementor-widget elementor-widget-spacer\" data-id=\"0eac3bd\" data-element_type=\"widget\" data-widget_type=\"spacer.default\">\n\t\t\t\t<div class=\"elementor-widget-container\">\n\t\t\t\t\t\t\t<div class=\"elementor-spacer\">\n\t\t\t<div class=\"elementor-spacer-inner\"><\/div>\n\t\t<\/div>\n\t\t\t\t\t\t<\/div>\n\t\t\t\t<\/div>\n\t\t\t\t\t<\/div>\n\t\t\t\t<\/div>\n\t\t<div class=\"elementor-element elementor-element-d3ff67f e-flex e-con-boxed e-con e-parent\" data-id=\"d3ff67f\" data-element_type=\"container\">\n\t\t\t\t\t<div class=\"e-con-inner\">\n\t\t\t\t<div class=\"elementor-element elementor-element-1420d7d elementor-widget elementor-widget-heading\" data-id=\"1420d7d\" data-element_type=\"widget\" data-widget_type=\"heading.default\">\n\t\t\t\t<div class=\"elementor-widget-container\">\n\t\t\t\t\t<h3 class=\"elementor-heading-title elementor-size-default\">Modelo 303: Declaraci\u00f3n trimestral del IVA<\/h3>\t\t\t\t<\/div>\n\t\t\t\t<\/div>\n\t\t\t\t<div class=\"elementor-element elementor-element-5f3bba1 elementor-widget elementor-widget-text-editor\" data-id=\"5f3bba1\" data-element_type=\"widget\" data-widget_type=\"text-editor.default\">\n\t\t\t\t<div class=\"elementor-widget-container\">\n\t\t\t\t\t\t\t\t\t<p>El <a href=\"https:\/\/finanedi.es\/blog\/modelo-303-del-iva-que-es-pymes-autonomos\/\" target=\"_blank\" rel=\"noopener\">Modelo 303<\/a> es uno de los formularios m\u00e1s importantes para cualquier aut\u00f3nomo que tribute en r\u00e9gimen general de IVA. Se utiliza para declarar el IVA que has repercutido en tus facturas emitidas y el que has soportado en tus compras y gastos relacionados con tu actividad profesional.<\/p>\t\t\t\t\t\t\t\t<\/div>\n\t\t\t\t<\/div>\n\t\t\t\t<div class=\"elementor-element elementor-element-ac49357 elementor-widget elementor-widget-heading\" data-id=\"ac49357\" data-element_type=\"widget\" data-widget_type=\"heading.default\">\n\t\t\t\t<div class=\"elementor-widget-container\">\n\t\t\t\t\t<h4 class=\"elementor-heading-title elementor-size-default\">\u00bfQui\u00e9n est\u00e1 obligado a presentarlo?<\/h4>\t\t\t\t<\/div>\n\t\t\t\t<\/div>\n\t\t\t\t<div class=\"elementor-element elementor-element-a4cecf4 elementor-widget elementor-widget-text-editor\" data-id=\"a4cecf4\" data-element_type=\"widget\" data-widget_type=\"text-editor.default\">\n\t\t\t\t<div class=\"elementor-widget-container\">\n\t\t\t\t\t\t\t\t\t<p>Todos los aut\u00f3nomos que no est\u00e9n exentos de IVA y que est\u00e9n dados de alta en el r\u00e9gimen general. Est\u00e1n excluidos, por ejemplo, quienes tributen en r\u00e9gimen de recargo de equivalencia o en actividades exentas como educaci\u00f3n o sanidad.<\/p>\t\t\t\t\t\t\t\t<\/div>\n\t\t\t\t<\/div>\n\t\t\t\t<div class=\"elementor-element elementor-element-f6d287f elementor-widget elementor-widget-heading\" data-id=\"f6d287f\" data-element_type=\"widget\" data-widget_type=\"heading.default\">\n\t\t\t\t<div class=\"elementor-widget-container\">\n\t\t\t\t\t<h4 class=\"elementor-heading-title elementor-size-default\">\u00bfPor qu\u00e9 es importante?<\/h4>\t\t\t\t<\/div>\n\t\t\t\t<\/div>\n\t\t\t\t<div class=\"elementor-element elementor-element-9ebed7e elementor-widget elementor-widget-text-editor\" data-id=\"9ebed7e\" data-element_type=\"widget\" data-widget_type=\"text-editor.default\">\n\t\t\t\t<div class=\"elementor-widget-container\">\n\t\t\t\t\t\t\t\t\t<p>Permite regularizar el IVA de tus operaciones. Si has cobrado m\u00e1s IVA del que has pagado, deber\u00e1s abonar la diferencia. Si has soportado m\u00e1s IVA del que has repercutido, puedes compensar la diferencia o solicitar la devoluci\u00f3n.<\/p>\t\t\t\t\t\t\t\t<\/div>\n\t\t\t\t<\/div>\n\t\t\t\t<div class=\"elementor-element elementor-element-5c2383a4 elementor-widget elementor-widget-text-editor\" data-id=\"5c2383a4\" data-element_type=\"widget\" data-widget_type=\"text-editor.default\">\n\t\t\t\t<div class=\"elementor-widget-container\">\n\t\t\t\t\t\t\t\t\t<p><strong>\ud83d\udd17 Link externo<\/strong>:\u00a0 <a href=\"https:\/\/sede.agenciatributaria.gob.es\/Sede\/procedimientoini\/G414.shtml\" target=\"_blank\" rel=\"noopener\">Modelo 303 &#8211; Agencia Tributaria<\/a><\/p>\t\t\t\t\t\t\t\t<\/div>\n\t\t\t\t<\/div>\n\t\t\t\t<div class=\"elementor-element elementor-element-c55b696 elementor-widget elementor-widget-spacer\" data-id=\"c55b696\" data-element_type=\"widget\" data-widget_type=\"spacer.default\">\n\t\t\t\t<div class=\"elementor-widget-container\">\n\t\t\t\t\t\t\t<div class=\"elementor-spacer\">\n\t\t\t<div class=\"elementor-spacer-inner\"><\/div>\n\t\t<\/div>\n\t\t\t\t\t\t<\/div>\n\t\t\t\t<\/div>\n\t\t\t\t\t<\/div>\n\t\t\t\t<\/div>\n\t\t<div class=\"elementor-element elementor-element-5923294 e-flex e-con-boxed e-con e-parent\" data-id=\"5923294\" data-element_type=\"container\">\n\t\t\t\t\t<div class=\"e-con-inner\">\n\t\t\t\t<div class=\"elementor-element elementor-element-519a592 elementor-widget elementor-widget-heading\" data-id=\"519a592\" data-element_type=\"widget\" data-widget_type=\"heading.default\">\n\t\t\t\t<div class=\"elementor-widget-container\">\n\t\t\t\t\t<h3 class=\"elementor-heading-title elementor-size-default\">Modelo 130: Pagos fraccionados IRPF en estimaci\u00f3n directa<\/h3>\t\t\t\t<\/div>\n\t\t\t\t<\/div>\n\t\t\t\t<div class=\"elementor-element elementor-element-8742f71 elementor-widget elementor-widget-text-editor\" data-id=\"8742f71\" data-element_type=\"widget\" data-widget_type=\"text-editor.default\">\n\t\t\t\t<div class=\"elementor-widget-container\">\n\t\t\t\t\t\t\t\t\t<p>El <a href=\"https:\/\/finanedi.es\/blog\/modelo-130-pagos-fraccionados-del-irpf\/\" target=\"_blank\" rel=\"noopener\">Modelo 130<\/a> se utiliza para adelantar parte del Impuesto sobre la Renta de las Personas F\u00edsicas (IRPF) que te corresponde pagar como aut\u00f3nomo si tributas en estimaci\u00f3n directa (es decir, calculando ingresos y gastos reales).<\/p>\t\t\t\t\t\t\t\t<\/div>\n\t\t\t\t<\/div>\n\t\t\t\t<div class=\"elementor-element elementor-element-05480da elementor-widget elementor-widget-heading\" data-id=\"05480da\" data-element_type=\"widget\" data-widget_type=\"heading.default\">\n\t\t\t\t<div class=\"elementor-widget-container\">\n\t\t\t\t\t<h4 class=\"elementor-heading-title elementor-size-default\">\u00bfQui\u00e9n debe presentarlo?<\/h4>\t\t\t\t<\/div>\n\t\t\t\t<\/div>\n\t\t\t\t<div class=\"elementor-element elementor-element-ec895ed elementor-widget elementor-widget-text-editor\" data-id=\"ec895ed\" data-element_type=\"widget\" data-widget_type=\"text-editor.default\">\n\t\t\t\t<div class=\"elementor-widget-container\">\n\t\t\t\t\t\t\t\t\t<p>Aut\u00f3nomos que tributen en estimaci\u00f3n directa, tanto normal como simplificada. Est\u00e1n exentos si m\u00e1s del 70% de sus ingresos llevan retenci\u00f3n de IRPF (por ejemplo, si trabajan principalmente con empresas que aplican retenciones en las facturas).<\/p>\t\t\t\t\t\t\t\t<\/div>\n\t\t\t\t<\/div>\n\t\t\t\t<div class=\"elementor-element elementor-element-3ea589a elementor-widget elementor-widget-heading\" data-id=\"3ea589a\" data-element_type=\"widget\" data-widget_type=\"heading.default\">\n\t\t\t\t<div class=\"elementor-widget-container\">\n\t\t\t\t\t<h4 class=\"elementor-heading-title elementor-size-default\">\u00bfCon qu\u00e9 frecuencia se presenta?<\/h4>\t\t\t\t<\/div>\n\t\t\t\t<\/div>\n\t\t\t\t<div class=\"elementor-element elementor-element-8d845eb elementor-widget elementor-widget-text-editor\" data-id=\"8d845eb\" data-element_type=\"widget\" data-widget_type=\"text-editor.default\">\n\t\t\t\t<div class=\"elementor-widget-container\">\n\t\t\t\t\t\t\t\t\t<p>Cada trimestre. Debes declarar tus ingresos, restar los gastos deducibles, y pagar un 20% del beneficio neto como anticipo del IRPF anual.<\/p>\t\t\t\t\t\t\t\t<\/div>\n\t\t\t\t<\/div>\n\t\t\t\t<div class=\"elementor-element elementor-element-230b632 elementor-widget elementor-widget-text-editor\" data-id=\"230b632\" data-element_type=\"widget\" data-widget_type=\"text-editor.default\">\n\t\t\t\t<div class=\"elementor-widget-container\">\n\t\t\t\t\t\t\t\t\t<p><strong>\ud83d\udd17 Link externo<\/strong>: <a href=\"https:\/\/sede.agenciatributaria.gob.es\/Sede\/procedimientoini\/G601.shtml\" target=\"_blank\" rel=\"noopener\">Modelo 130 &#8211; Agencia Tributaria<\/a><\/p>\t\t\t\t\t\t\t\t<\/div>\n\t\t\t\t<\/div>\n\t\t\t\t\t<\/div>\n\t\t\t\t<\/div>\n\t\t<div class=\"elementor-element elementor-element-72ac019 e-flex e-con-boxed e-con e-parent\" data-id=\"72ac019\" data-element_type=\"container\">\n\t\t\t\t\t<div class=\"e-con-inner\">\n\t\t\t\t<div class=\"elementor-element elementor-element-13c7b79 elementor-widget elementor-widget-spacer\" data-id=\"13c7b79\" data-element_type=\"widget\" data-widget_type=\"spacer.default\">\n\t\t\t\t<div class=\"elementor-widget-container\">\n\t\t\t\t\t\t\t<div class=\"elementor-spacer\">\n\t\t\t<div class=\"elementor-spacer-inner\"><\/div>\n\t\t<\/div>\n\t\t\t\t\t\t<\/div>\n\t\t\t\t<\/div>\n\t\t\t\t\t<\/div>\n\t\t\t\t<\/div>\n\t\t<div class=\"elementor-element elementor-element-b6529c9 e-flex e-con-boxed e-con e-parent\" data-id=\"b6529c9\" data-element_type=\"container\">\n\t\t\t\t\t<div class=\"e-con-inner\">\n\t\t\t\t<div class=\"elementor-element elementor-element-b41ae41 elementor-widget elementor-widget-heading\" data-id=\"b41ae41\" data-element_type=\"widget\" data-widget_type=\"heading.default\">\n\t\t\t\t<div class=\"elementor-widget-container\">\n\t\t\t\t\t<h3 class=\"elementor-heading-title elementor-size-default\">Modelo 131: Pagos fraccionados IRPF en estimaci\u00f3n objetiva<\/h3>\t\t\t\t<\/div>\n\t\t\t\t<\/div>\n\t\t\t\t<div class=\"elementor-element elementor-element-7f2558a elementor-widget elementor-widget-text-editor\" data-id=\"7f2558a\" data-element_type=\"widget\" data-widget_type=\"text-editor.default\">\n\t\t\t\t<div class=\"elementor-widget-container\">\n\t\t\t\t\t\t\t\t\t<p>El Modelo 131 es el equivalente al 130, pero para quienes tributan bajo el r\u00e9gimen de estimaci\u00f3n objetiva, m\u00e1s conocido como \u00abm\u00f3dulos\u00bb.<\/p>\t\t\t\t\t\t\t\t<\/div>\n\t\t\t\t<\/div>\n\t\t\t\t<div class=\"elementor-element elementor-element-de8036d elementor-widget elementor-widget-heading\" data-id=\"de8036d\" data-element_type=\"widget\" data-widget_type=\"heading.default\">\n\t\t\t\t<div class=\"elementor-widget-container\">\n\t\t\t\t\t<h4 class=\"elementor-heading-title elementor-size-default\">\u00bfC\u00f3mo funciona?<\/h4>\t\t\t\t<\/div>\n\t\t\t\t<\/div>\n\t\t\t\t<div class=\"elementor-element elementor-element-6787498 elementor-widget elementor-widget-text-editor\" data-id=\"6787498\" data-element_type=\"widget\" data-widget_type=\"text-editor.default\">\n\t\t\t\t<div class=\"elementor-widget-container\">\n\t\t\t\t\t\t\t\t\t<p>A diferencia del r\u00e9gimen de estimaci\u00f3n directa, aqu\u00ed no se tienen en cuenta los ingresos y gastos reales, sino una serie de indicadores (n\u00famero de empleados, metros del local, consumo el\u00e9ctrico, etc.) que determinan una cuota fija a pagar.<\/p>\t\t\t\t\t\t\t\t<\/div>\n\t\t\t\t<\/div>\n\t\t\t\t<div class=\"elementor-element elementor-element-88eea26 elementor-widget elementor-widget-heading\" data-id=\"88eea26\" data-element_type=\"widget\" data-widget_type=\"heading.default\">\n\t\t\t\t<div class=\"elementor-widget-container\">\n\t\t\t\t\t<h4 class=\"elementor-heading-title elementor-size-default\">\u00bfCu\u00e1ndo se presenta?<\/h4>\t\t\t\t<\/div>\n\t\t\t\t<\/div>\n\t\t\t\t<div class=\"elementor-element elementor-element-83dd20d elementor-widget elementor-widget-text-editor\" data-id=\"83dd20d\" data-element_type=\"widget\" data-widget_type=\"text-editor.default\">\n\t\t\t\t<div class=\"elementor-widget-container\">\n\t\t\t\t\t\t\t\t\t<p>Tambi\u00e9n se presenta de forma trimestral. Aunque el importe no var\u00ede mucho de un trimestre a otro, es obligatorio su env\u00edo puntual.<\/p>\t\t\t\t\t\t\t\t<\/div>\n\t\t\t\t<\/div>\n\t\t\t\t<div class=\"elementor-element elementor-element-746c9ef elementor-widget elementor-widget-text-editor\" data-id=\"746c9ef\" data-element_type=\"widget\" data-widget_type=\"text-editor.default\">\n\t\t\t\t<div class=\"elementor-widget-container\">\n\t\t\t\t\t\t\t\t\t<p><strong>\ud83d\udd17 Link externo<\/strong>: <a href=\"https:\/\/sede.agenciatributaria.gob.es\/Sede\/procedimientoini\/G602.shtml\" target=\"_blank\" rel=\"noopener\">Modelo 131 &#8211; Agencia Tributaria<\/a><\/p>\t\t\t\t\t\t\t\t<\/div>\n\t\t\t\t<\/div>\n\t\t\t\t<div class=\"elementor-element elementor-element-02030be elementor-widget elementor-widget-spacer\" data-id=\"02030be\" data-element_type=\"widget\" data-widget_type=\"spacer.default\">\n\t\t\t\t<div class=\"elementor-widget-container\">\n\t\t\t\t\t\t\t<div class=\"elementor-spacer\">\n\t\t\t<div class=\"elementor-spacer-inner\"><\/div>\n\t\t<\/div>\n\t\t\t\t\t\t<\/div>\n\t\t\t\t<\/div>\n\t\t\t\t\t<\/div>\n\t\t\t\t<\/div>\n\t\t<div class=\"elementor-element elementor-element-dde7925 e-flex e-con-boxed e-con e-parent\" data-id=\"dde7925\" data-element_type=\"container\">\n\t\t\t\t\t<div class=\"e-con-inner\">\n\t\t\t\t<div class=\"elementor-element elementor-element-bf37743 elementor-widget elementor-widget-heading\" data-id=\"bf37743\" data-element_type=\"widget\" data-widget_type=\"heading.default\">\n\t\t\t\t<div class=\"elementor-widget-container\">\n\t\t\t\t\t<h3 class=\"elementor-heading-title elementor-size-default\">Modelo 111: Retenciones a trabajadores y profesionales<\/h3>\t\t\t\t<\/div>\n\t\t\t\t<\/div>\n\t\t\t\t<div class=\"elementor-element elementor-element-44a45a4 elementor-widget elementor-widget-text-editor\" data-id=\"44a45a4\" data-element_type=\"widget\" data-widget_type=\"text-editor.default\">\n\t\t\t\t<div class=\"elementor-widget-container\">\n\t\t\t\t\t\t\t\t\t<p>Este modelo se utiliza para ingresar en Hacienda las retenciones de IRPF que aplicas en tus facturas a otros profesionales o trabajadores contratados.<\/p>\t\t\t\t\t\t\t\t<\/div>\n\t\t\t\t<\/div>\n\t\t\t\t<div class=\"elementor-element elementor-element-84819ef elementor-widget elementor-widget-heading\" data-id=\"84819ef\" data-element_type=\"widget\" data-widget_type=\"heading.default\">\n\t\t\t\t<div class=\"elementor-widget-container\">\n\t\t\t\t\t<h4 class=\"elementor-heading-title elementor-size-default\">\u00bfQui\u00e9n debe presentarlo?<\/h4>\t\t\t\t<\/div>\n\t\t\t\t<\/div>\n\t\t\t\t<div class=\"elementor-element elementor-element-5029f72 elementor-widget elementor-widget-text-editor\" data-id=\"5029f72\" data-element_type=\"widget\" data-widget_type=\"text-editor.default\">\n\t\t\t\t<div class=\"elementor-widget-container\">\n\t\t\t\t\t\t\t\t\t<p class=\"\" data-start=\"3827\" data-end=\"3852\">Aut\u00f3nomos o empresas que:<\/p><ul data-start=\"3853\" data-end=\"3998\"><li class=\"\" data-start=\"3853\" data-end=\"3882\"><p class=\"\" data-start=\"3855\" data-end=\"3882\">Pagan salarios a empleados.<\/p><\/li><li class=\"\" data-start=\"3883\" data-end=\"3941\"><p class=\"\" data-start=\"3885\" data-end=\"3941\">Reciben facturas de profesionales con retenci\u00f3n de IRPF.<\/p><\/li><li class=\"\" data-start=\"3942\" data-end=\"3998\"><p class=\"\" data-start=\"3944\" data-end=\"3998\">Pagan rentas por actividades econ\u00f3micas con retenci\u00f3n.<\/p><\/li><\/ul>\t\t\t\t\t\t\t\t<\/div>\n\t\t\t\t<\/div>\n\t\t\t\t<div class=\"elementor-element elementor-element-d6a2040 elementor-widget elementor-widget-heading\" data-id=\"d6a2040\" data-element_type=\"widget\" data-widget_type=\"heading.default\">\n\t\t\t\t<div class=\"elementor-widget-container\">\n\t\t\t\t\t<h4 class=\"elementor-heading-title elementor-size-default\">\u00bfQu\u00e9 incluye?<\/h4>\t\t\t\t<\/div>\n\t\t\t\t<\/div>\n\t\t\t\t<div class=\"elementor-element elementor-element-7ef6f1f elementor-widget elementor-widget-text-editor\" data-id=\"7ef6f1f\" data-element_type=\"widget\" data-widget_type=\"text-editor.default\">\n\t\t\t\t<div class=\"elementor-widget-container\">\n\t\t\t\t\t\t\t\t\t<p>Debes declarar los importes retenidos a lo largo del trimestre y pagarlos a Hacienda. Luego, en enero, deber\u00e1s presentar el resumen anual con el Modelo 190.<\/p>\t\t\t\t\t\t\t\t<\/div>\n\t\t\t\t<\/div>\n\t\t\t\t<div class=\"elementor-element elementor-element-68f2c98 elementor-widget elementor-widget-text-editor\" data-id=\"68f2c98\" data-element_type=\"widget\" data-widget_type=\"text-editor.default\">\n\t\t\t\t<div class=\"elementor-widget-container\">\n\t\t\t\t\t\t\t\t\t<p><strong>\ud83d\udd17 Link externo<\/strong>: <a href=\"https:\/\/sede.agenciatributaria.gob.es\/Sede\/procedimientoini\/GH01.shtml\" target=\"_blank\" rel=\"noopener\">Modelo 111 &#8211; Agencia Tributaria<\/a><\/p>\t\t\t\t\t\t\t\t<\/div>\n\t\t\t\t<\/div>\n\t\t\t\t\t<\/div>\n\t\t\t\t<\/div>\n\t\t<div class=\"elementor-element elementor-element-cda6c94 e-flex e-con-boxed e-con e-parent\" data-id=\"cda6c94\" data-element_type=\"container\">\n\t\t\t\t\t<div class=\"e-con-inner\">\n\t\t\t\t<div class=\"elementor-element elementor-element-fad719d elementor-widget elementor-widget-spacer\" data-id=\"fad719d\" data-element_type=\"widget\" data-widget_type=\"spacer.default\">\n\t\t\t\t<div class=\"elementor-widget-container\">\n\t\t\t\t\t\t\t<div class=\"elementor-spacer\">\n\t\t\t<div class=\"elementor-spacer-inner\"><\/div>\n\t\t<\/div>\n\t\t\t\t\t\t<\/div>\n\t\t\t\t<\/div>\n\t\t\t\t<div class=\"elementor-element elementor-element-e71f24e elementor-widget elementor-widget-heading\" data-id=\"e71f24e\" data-element_type=\"widget\" data-widget_type=\"heading.default\">\n\t\t\t\t<div class=\"elementor-widget-container\">\n\t\t\t\t\t<h3 class=\"elementor-heading-title elementor-size-default\">Modelo 115: Retenciones por alquileres de inmuebles<\/h3>\t\t\t\t<\/div>\n\t\t\t\t<\/div>\n\t\t\t\t<div class=\"elementor-element elementor-element-c0fb7bd elementor-widget elementor-widget-text-editor\" data-id=\"c0fb7bd\" data-element_type=\"widget\" data-widget_type=\"text-editor.default\">\n\t\t\t\t<div class=\"elementor-widget-container\">\n\t\t\t\t\t\t\t\t\t<p>Si como aut\u00f3nomo alquilas un local, oficina o nave para desarrollar tu actividad y en la factura del arrendador hay una retenci\u00f3n, te corresponde presentar este modelo.<\/p>\t\t\t\t\t\t\t\t<\/div>\n\t\t\t\t<\/div>\n\t\t\t\t<div class=\"elementor-element elementor-element-0097644 elementor-widget elementor-widget-heading\" data-id=\"0097644\" data-element_type=\"widget\" data-widget_type=\"heading.default\">\n\t\t\t\t<div class=\"elementor-widget-container\">\n\t\t\t\t\t<h4 class=\"elementor-heading-title elementor-size-default\">\u00bfQu\u00e9 se declara?<\/h4>\t\t\t\t<\/div>\n\t\t\t\t<\/div>\n\t\t\t\t<div class=\"elementor-element elementor-element-0f80539 elementor-widget elementor-widget-text-editor\" data-id=\"0f80539\" data-element_type=\"widget\" data-widget_type=\"text-editor.default\">\n\t\t\t\t<div class=\"elementor-widget-container\">\n\t\t\t\t\t\t\t\t\t<p class=\"\" data-start=\"4432\" data-end=\"4533\">La parte de la renta retenida que no pagas al propietario, sino que ingresas a Hacienda en su nombre.<\/p>\t\t\t\t\t\t\t\t<\/div>\n\t\t\t\t<\/div>\n\t\t\t\t<div class=\"elementor-element elementor-element-762828f elementor-widget elementor-widget-heading\" data-id=\"762828f\" data-element_type=\"widget\" data-widget_type=\"heading.default\">\n\t\t\t\t<div class=\"elementor-widget-container\">\n\t\t\t\t\t<h4 class=\"elementor-heading-title elementor-size-default\">\u00bfCon qu\u00e9 frecuencia?\n<\/h4>\t\t\t\t<\/div>\n\t\t\t\t<\/div>\n\t\t\t\t<div class=\"elementor-element elementor-element-e932df2 elementor-widget elementor-widget-text-editor\" data-id=\"e932df2\" data-element_type=\"widget\" data-widget_type=\"text-editor.default\">\n\t\t\t\t<div class=\"elementor-widget-container\">\n\t\t\t\t\t\t\t\t\t<p class=\"\" data-start=\"4560\" data-end=\"4672\">Trimestralmente, al igual que el Modelo 111. En enero deber\u00e1s presentar el resumen anual mediante el Modelo 180.<\/p>\t\t\t\t\t\t\t\t<\/div>\n\t\t\t\t<\/div>\n\t\t\t\t<div class=\"elementor-element elementor-element-8200407 elementor-widget elementor-widget-text-editor\" data-id=\"8200407\" data-element_type=\"widget\" data-widget_type=\"text-editor.default\">\n\t\t\t\t<div class=\"elementor-widget-container\">\n\t\t\t\t\t\t\t\t\t<p><strong>\ud83d\udd17 Link externo<\/strong>: <a href=\"https:\/\/sede.agenciatributaria.gob.es\/Sede\/procedimientoini\/GH02.shtml\" target=\"_blank\" rel=\"noopener\">Modelo 115 &#8211; Agencia Tributaria<\/a><\/p>\t\t\t\t\t\t\t\t<\/div>\n\t\t\t\t<\/div>\n\t\t\t\t<div class=\"elementor-element elementor-element-b690abc elementor-widget elementor-widget-spacer\" data-id=\"b690abc\" data-element_type=\"widget\" data-widget_type=\"spacer.default\">\n\t\t\t\t<div class=\"elementor-widget-container\">\n\t\t\t\t\t\t\t<div class=\"elementor-spacer\">\n\t\t\t<div class=\"elementor-spacer-inner\"><\/div>\n\t\t<\/div>\n\t\t\t\t\t\t<\/div>\n\t\t\t\t<\/div>\n\t\t\t\t\t<\/div>\n\t\t\t\t<\/div>\n\t\t<div class=\"elementor-element elementor-element-5b46bbe e-flex e-con-boxed e-con e-parent\" data-id=\"5b46bbe\" data-element_type=\"container\" data-settings=\"{&quot;background_background&quot;:&quot;classic&quot;}\">\n\t\t\t\t\t<div class=\"e-con-inner\">\n\t\t\t\t<div class=\"elementor-element elementor-element-822825e elementor-widget elementor-widget-heading\" data-id=\"822825e\" data-element_type=\"widget\" data-widget_type=\"heading.default\">\n\t\t\t\t<div class=\"elementor-widget-container\">\n\t\t\t\t\t<h3 class=\"elementor-heading-title elementor-size-default\">Modelo 349: Operaciones intracomunitarias<\/h3>\t\t\t\t<\/div>\n\t\t\t\t<\/div>\n\t\t\t\t<div class=\"elementor-element elementor-element-8f8506a elementor-widget elementor-widget-text-editor\" data-id=\"8f8506a\" data-element_type=\"widget\" data-widget_type=\"text-editor.default\">\n\t\t\t\t<div class=\"elementor-widget-container\">\n\t\t\t\t\t\t\t\t\t<p>El <a href=\"https:\/\/finanedi.es\/blog\/modelo-349-operaciones-intracomunitarias\/\" target=\"_blank\" rel=\"noopener\">Modelo 349<\/a> es una declaraci\u00f3n informativa sobre operaciones realizadas con empresas o profesionales de otros pa\u00edses de la Uni\u00f3n Europea.<\/p>\t\t\t\t\t\t\t\t<\/div>\n\t\t\t\t<\/div>\n\t\t\t\t<div class=\"elementor-element elementor-element-87c4511 elementor-widget elementor-widget-heading\" data-id=\"87c4511\" data-element_type=\"widget\" data-widget_type=\"heading.default\">\n\t\t\t\t<div class=\"elementor-widget-container\">\n\t\t\t\t\t<h4 class=\"elementor-heading-title elementor-size-default\">\u00bfQu\u00e9 tipo de operaciones se incluyen?<\/h4>\t\t\t\t<\/div>\n\t\t\t\t<\/div>\n\t\t\t\t<div class=\"elementor-element elementor-element-8903b7b elementor-widget elementor-widget-text-editor\" data-id=\"8903b7b\" data-element_type=\"widget\" data-widget_type=\"text-editor.default\">\n\t\t\t\t<div class=\"elementor-widget-container\">\n\t\t\t\t\t\t\t\t\t<ul><li class=\"\" data-start=\"4912\" data-end=\"4961\"><p class=\"\" data-start=\"4914\" data-end=\"4961\">Ventas intracomunitarias de bienes o servicios.<\/p><\/li><li class=\"\" data-start=\"4962\" data-end=\"5033\"><p class=\"\" data-start=\"4964\" data-end=\"5033\">Compras de bienes o servicios a proveedores de otros pa\u00edses de la UE.<\/p><\/li><\/ul>\t\t\t\t\t\t\t\t<\/div>\n\t\t\t\t<\/div>\n\t\t\t\t<div class=\"elementor-element elementor-element-e367df3 elementor-widget elementor-widget-heading\" data-id=\"e367df3\" data-element_type=\"widget\" data-widget_type=\"heading.default\">\n\t\t\t\t<div class=\"elementor-widget-container\">\n\t\t\t\t\t<h4 class=\"elementor-heading-title elementor-size-default\">\u00bfEs obligatorio para todos?\n<\/h4>\t\t\t\t<\/div>\n\t\t\t\t<\/div>\n\t\t\t\t<div class=\"elementor-element elementor-element-78244c2 elementor-widget elementor-widget-text-editor\" data-id=\"78244c2\" data-element_type=\"widget\" data-widget_type=\"text-editor.default\">\n\t\t\t\t<div class=\"elementor-widget-container\">\n\t\t\t\t\t\t\t\t\t<p class=\"\" data-start=\"4560\" data-end=\"4672\">Solo si est\u00e1s dado de alta en el Registro de Operadores Intracomunitarios (ROI). Si no operas fuera de Espa\u00f1a, este modelo no te afecta.<\/p>\t\t\t\t\t\t\t\t<\/div>\n\t\t\t\t<\/div>\n\t\t\t\t<div class=\"elementor-element elementor-element-938eaa1 elementor-widget elementor-widget-text-editor\" data-id=\"938eaa1\" data-element_type=\"widget\" data-widget_type=\"text-editor.default\">\n\t\t\t\t<div class=\"elementor-widget-container\">\n\t\t\t\t\t\t\t\t\t<p><strong>\ud83d\udd17 Link externo<\/strong>: <a href=\"https:\/\/sede.agenciatributaria.gob.es\/Sede\/procedimientoini\/GI28.shtml\" target=\"_blank\" rel=\"noopener\">Modelo 349 &#8211; Agencia Tributaria<\/a><\/p>\t\t\t\t\t\t\t\t<\/div>\n\t\t\t\t<\/div>\n\t\t\t\t\t<\/div>\n\t\t\t\t<\/div>\n\t\t<div class=\"elementor-element elementor-element-e7165c8 e-flex e-con-boxed e-con e-parent\" data-id=\"e7165c8\" data-element_type=\"container\">\n\t\t\t\t\t<div class=\"e-con-inner\">\n\t\t\t\t<div class=\"elementor-element elementor-element-b49c52b elementor-widget elementor-widget-spacer\" data-id=\"b49c52b\" data-element_type=\"widget\" data-widget_type=\"spacer.default\">\n\t\t\t\t<div class=\"elementor-widget-container\">\n\t\t\t\t\t\t\t<div class=\"elementor-spacer\">\n\t\t\t<div class=\"elementor-spacer-inner\"><\/div>\n\t\t<\/div>\n\t\t\t\t\t\t<\/div>\n\t\t\t\t<\/div>\n\t\t\t\t\t<\/div>\n\t\t\t\t<\/div>\n\t\t<div class=\"elementor-element elementor-element-4c1bc11 e-flex e-con-boxed e-con e-parent\" data-id=\"4c1bc11\" data-element_type=\"container\">\n\t\t\t\t\t<div class=\"e-con-inner\">\n\t\t\t\t<div class=\"elementor-element elementor-element-2f9e76b elementor-widget elementor-widget-heading\" data-id=\"2f9e76b\" data-element_type=\"widget\" data-widget_type=\"heading.default\">\n\t\t\t\t<div class=\"elementor-widget-container\">\n\t\t\t\t\t<h2 class=\"elementor-heading-title elementor-size-default\">Modelos para aut\u00f3nomos anuales<\/h2>\t\t\t\t<\/div>\n\t\t\t\t<\/div>\n\t\t\t\t\t<\/div>\n\t\t\t\t<\/div>\n\t\t<div class=\"elementor-element elementor-element-d08de59 e-flex e-con-boxed e-con e-parent\" data-id=\"d08de59\" data-element_type=\"container\">\n\t\t\t\t\t<div class=\"e-con-inner\">\n\t\t\t\t<div class=\"elementor-element elementor-element-3561c69 elementor-widget elementor-widget-spacer\" data-id=\"3561c69\" data-element_type=\"widget\" data-widget_type=\"spacer.default\">\n\t\t\t\t<div class=\"elementor-widget-container\">\n\t\t\t\t\t\t\t<div class=\"elementor-spacer\">\n\t\t\t<div class=\"elementor-spacer-inner\"><\/div>\n\t\t<\/div>\n\t\t\t\t\t\t<\/div>\n\t\t\t\t<\/div>\n\t\t\t\t\t<\/div>\n\t\t\t\t<\/div>\n\t\t<div class=\"elementor-element elementor-element-d7f2b9a e-flex e-con-boxed e-con e-parent\" data-id=\"d7f2b9a\" data-element_type=\"container\">\n\t\t\t\t\t<div class=\"e-con-inner\">\n\t\t\t\t<div class=\"elementor-element elementor-element-33b29a8 elementor-widget elementor-widget-heading\" data-id=\"33b29a8\" data-element_type=\"widget\" data-widget_type=\"heading.default\">\n\t\t\t\t<div class=\"elementor-widget-container\">\n\t\t\t\t\t<h3 class=\"elementor-heading-title elementor-size-default\">Modelo 390: Resumen anual del IVA<\/h3>\t\t\t\t<\/div>\n\t\t\t\t<\/div>\n\t\t\t\t<div class=\"elementor-element elementor-element-a860dc9 elementor-widget elementor-widget-text-editor\" data-id=\"a860dc9\" data-element_type=\"widget\" data-widget_type=\"text-editor.default\">\n\t\t\t\t<div class=\"elementor-widget-container\">\n\t\t\t\t\t\t\t\t\t<p>El <a href=\"https:\/\/finanedi.es\/blog\/modelo-390-iva\/\" target=\"_blank\" rel=\"noopener\">Modelo 390<\/a> recoge un resumen completo del IVA que has declarado durante todo el a\u00f1o a trav\u00e9s del Modelo 303.<\/p>\t\t\t\t\t\t\t\t<\/div>\n\t\t\t\t<\/div>\n\t\t\t\t<div class=\"elementor-element elementor-element-1e7a350 elementor-widget elementor-widget-heading\" data-id=\"1e7a350\" data-element_type=\"widget\" data-widget_type=\"heading.default\">\n\t\t\t\t<div class=\"elementor-widget-container\">\n\t\t\t\t\t<h4 class=\"elementor-heading-title elementor-size-default\">\u00bfQui\u00e9n lo presenta?<\/h4>\t\t\t\t<\/div>\n\t\t\t\t<\/div>\n\t\t\t\t<div class=\"elementor-element elementor-element-34cc610 elementor-widget elementor-widget-text-editor\" data-id=\"34cc610\" data-element_type=\"widget\" data-widget_type=\"text-editor.default\">\n\t\t\t\t<div class=\"elementor-widget-container\">\n\t\t\t\t\t\t\t\t\t<p>Aut\u00f3nomos obligados a presentar el Modelo 303. Algunos contribuyentes pueden quedar exentos si marcan la casilla correspondiente en el 303 de diciembre.<\/p>\t\t\t\t\t\t\t\t<\/div>\n\t\t\t\t<\/div>\n\t\t\t\t<div class=\"elementor-element elementor-element-2878b60 elementor-widget elementor-widget-heading\" data-id=\"2878b60\" data-element_type=\"widget\" data-widget_type=\"heading.default\">\n\t\t\t\t<div class=\"elementor-widget-container\">\n\t\t\t\t\t<h4 class=\"elementor-heading-title elementor-size-default\">\u00bfCu\u00e1ndo se presenta?<\/h4>\t\t\t\t<\/div>\n\t\t\t\t<\/div>\n\t\t\t\t<div class=\"elementor-element elementor-element-bc11bf4 elementor-widget elementor-widget-text-editor\" data-id=\"bc11bf4\" data-element_type=\"widget\" data-widget_type=\"text-editor.default\">\n\t\t\t\t<div class=\"elementor-widget-container\">\n\t\t\t\t\t\t\t\t\t<p class=\"\" data-start=\"4560\" data-end=\"4672\">En enero, junto al 4\u00ba trimestre del Modelo 303.<\/p>\t\t\t\t\t\t\t\t<\/div>\n\t\t\t\t<\/div>\n\t\t\t\t<div class=\"elementor-element elementor-element-87a5322 elementor-widget elementor-widget-text-editor\" data-id=\"87a5322\" data-element_type=\"widget\" data-widget_type=\"text-editor.default\">\n\t\t\t\t<div class=\"elementor-widget-container\">\n\t\t\t\t\t\t\t\t\t<p><strong>\ud83d\udd17 Link externo<\/strong>: <a href=\"https:\/\/sede.agenciatributaria.gob.es\/Sede\/procedimientoini\/G412.shtml\" target=\"_blank\" rel=\"noopener\">Modelo 390 &#8211; Agencia Tributaria<\/a><\/p>\t\t\t\t\t\t\t\t<\/div>\n\t\t\t\t<\/div>\n\t\t\t\t<div class=\"elementor-element elementor-element-4de006e elementor-widget elementor-widget-spacer\" data-id=\"4de006e\" data-element_type=\"widget\" data-widget_type=\"spacer.default\">\n\t\t\t\t<div class=\"elementor-widget-container\">\n\t\t\t\t\t\t\t<div class=\"elementor-spacer\">\n\t\t\t<div class=\"elementor-spacer-inner\"><\/div>\n\t\t<\/div>\n\t\t\t\t\t\t<\/div>\n\t\t\t\t<\/div>\n\t\t\t\t\t<\/div>\n\t\t\t\t<\/div>\n\t\t<div class=\"elementor-element elementor-element-32b2686 e-flex e-con-boxed e-con e-parent\" data-id=\"32b2686\" data-element_type=\"container\">\n\t\t\t\t\t<div class=\"e-con-inner\">\n\t\t\t\t<div class=\"elementor-element elementor-element-f4e381d elementor-widget elementor-widget-heading\" data-id=\"f4e381d\" data-element_type=\"widget\" data-widget_type=\"heading.default\">\n\t\t\t\t<div class=\"elementor-widget-container\">\n\t\t\t\t\t<h3 class=\"elementor-heading-title elementor-size-default\">Modelo 190: Resumen anual de retenciones del Modelo 111<\/h3>\t\t\t\t<\/div>\n\t\t\t\t<\/div>\n\t\t\t\t<div class=\"elementor-element elementor-element-31b1d3e elementor-widget elementor-widget-text-editor\" data-id=\"31b1d3e\" data-element_type=\"widget\" data-widget_type=\"text-editor.default\">\n\t\t\t\t<div class=\"elementor-widget-container\">\n\t\t\t\t\t\t\t\t\t<p>El <a href=\"https:\/\/finanedi.es\/blog\/modelo-190\/\" target=\"_blank\" rel=\"noopener\">Modelo 190<\/a> es el resumen anual del Modelo 111, e incluye el detalle de todas las retenciones que has practicado a empleados o profesionales a lo largo del a\u00f1o.<\/p>\t\t\t\t\t\t\t\t<\/div>\n\t\t\t\t<\/div>\n\t\t\t\t<div class=\"elementor-element elementor-element-bd9b22f elementor-widget elementor-widget-heading\" data-id=\"bd9b22f\" data-element_type=\"widget\" data-widget_type=\"heading.default\">\n\t\t\t\t<div class=\"elementor-widget-container\">\n\t\t\t\t\t<h4 class=\"elementor-heading-title elementor-size-default\">\u00bfQu\u00e9 datos se incluyen?<\/h4>\t\t\t\t<\/div>\n\t\t\t\t<\/div>\n\t\t\t\t<div class=\"elementor-element elementor-element-28e0d14 elementor-widget elementor-widget-text-editor\" data-id=\"28e0d14\" data-element_type=\"widget\" data-widget_type=\"text-editor.default\">\n\t\t\t\t<div class=\"elementor-widget-container\">\n\t\t\t\t\t\t\t\t\t<p>Nombre, NIF, importe total pagado y retenci\u00f3n practicada a cada trabajador o profesional.<\/p>\t\t\t\t\t\t\t\t<\/div>\n\t\t\t\t<\/div>\n\t\t\t\t<div class=\"elementor-element elementor-element-f9d6d4d elementor-widget elementor-widget-heading\" data-id=\"f9d6d4d\" data-element_type=\"widget\" data-widget_type=\"heading.default\">\n\t\t\t\t<div class=\"elementor-widget-container\">\n\t\t\t\t\t<h4 class=\"elementor-heading-title elementor-size-default\">\u00bfCu\u00e1ndo se presenta?<\/h4>\t\t\t\t<\/div>\n\t\t\t\t<\/div>\n\t\t\t\t<div class=\"elementor-element elementor-element-6a63b17 elementor-widget elementor-widget-text-editor\" data-id=\"6a63b17\" data-element_type=\"widget\" data-widget_type=\"text-editor.default\">\n\t\t\t\t<div class=\"elementor-widget-container\">\n\t\t\t\t\t\t\t\t\t<p class=\"\" data-start=\"4560\" data-end=\"4672\">Durante el mes de enero.<\/p>\t\t\t\t\t\t\t\t<\/div>\n\t\t\t\t<\/div>\n\t\t\t\t<div class=\"elementor-element elementor-element-8618702 elementor-widget elementor-widget-text-editor\" data-id=\"8618702\" data-element_type=\"widget\" data-widget_type=\"text-editor.default\">\n\t\t\t\t<div class=\"elementor-widget-container\">\n\t\t\t\t\t\t\t\t\t<p><strong>\ud83d\udd17 Link externo<\/strong>: <a href=\"https:\/\/sede.agenciatributaria.gob.es\/Sede\/procedimientoini\/GI10.shtml\" target=\"_blank\" rel=\"noopener\">Modelo 190 &#8211; Agencia Tributaria<\/a><\/p>\t\t\t\t\t\t\t\t<\/div>\n\t\t\t\t<\/div>\n\t\t\t\t\t<\/div>\n\t\t\t\t<\/div>\n\t\t<div class=\"elementor-element elementor-element-256bd98 e-flex e-con-boxed e-con e-parent\" data-id=\"256bd98\" data-element_type=\"container\">\n\t\t\t\t\t<div class=\"e-con-inner\">\n\t\t\t\t<div class=\"elementor-element elementor-element-784e292 elementor-widget elementor-widget-spacer\" data-id=\"784e292\" data-element_type=\"widget\" data-widget_type=\"spacer.default\">\n\t\t\t\t<div class=\"elementor-widget-container\">\n\t\t\t\t\t\t\t<div class=\"elementor-spacer\">\n\t\t\t<div class=\"elementor-spacer-inner\"><\/div>\n\t\t<\/div>\n\t\t\t\t\t\t<\/div>\n\t\t\t\t<\/div>\n\t\t\t\t<div class=\"elementor-element elementor-element-586287a elementor-widget elementor-widget-heading\" data-id=\"586287a\" data-element_type=\"widget\" data-widget_type=\"heading.default\">\n\t\t\t\t<div class=\"elementor-widget-container\">\n\t\t\t\t\t<h3 class=\"elementor-heading-title elementor-size-default\">Modelo 347: Operaciones con terceros superiores a 3.005,06 \u20ac<\/h3>\t\t\t\t<\/div>\n\t\t\t\t<\/div>\n\t\t\t\t<div class=\"elementor-element elementor-element-16c6bad elementor-widget elementor-widget-text-editor\" data-id=\"16c6bad\" data-element_type=\"widget\" data-widget_type=\"text-editor.default\">\n\t\t\t\t<div class=\"elementor-widget-container\">\n\t\t\t\t\t\t\t\t\t<p>El <a href=\"https:\/\/finanedi.es\/blog\/modelo-347-declaracion-anual-de-operaciones-con-terceras-personas\/\" target=\"_blank\" rel=\"noopener\">Modelo 347<\/a> recoge las operaciones realizadas con un mismo proveedor o cliente que, en conjunto, superen los 3.005,06 \u20ac anuales.<\/p>\t\t\t\t\t\t\t\t<\/div>\n\t\t\t\t<\/div>\n\t\t\t\t<div class=\"elementor-element elementor-element-96224bb elementor-widget elementor-widget-heading\" data-id=\"96224bb\" data-element_type=\"widget\" data-widget_type=\"heading.default\">\n\t\t\t\t<div class=\"elementor-widget-container\">\n\t\t\t\t\t<h4 class=\"elementor-heading-title elementor-size-default\">\u00bfQu\u00e9 se declara?<\/h4>\t\t\t\t<\/div>\n\t\t\t\t<\/div>\n\t\t\t\t<div class=\"elementor-element elementor-element-744d3fe elementor-widget elementor-widget-text-editor\" data-id=\"744d3fe\" data-element_type=\"widget\" data-widget_type=\"text-editor.default\">\n\t\t\t\t<div class=\"elementor-widget-container\">\n\t\t\t\t\t\t\t\t\t<p>No se trata de impuestos, sino de una declaraci\u00f3n informativa para que Hacienda pueda cruzar datos entre empresas y detectar incoherencias.<\/p>\t\t\t\t\t\t\t\t<\/div>\n\t\t\t\t<\/div>\n\t\t\t\t<div class=\"elementor-element elementor-element-5ad5617 elementor-widget elementor-widget-heading\" data-id=\"5ad5617\" data-element_type=\"widget\" data-widget_type=\"heading.default\">\n\t\t\t\t<div class=\"elementor-widget-container\">\n\t\t\t\t\t<h4 class=\"elementor-heading-title elementor-size-default\">\u00bfCu\u00e1ndo se presenta?<\/h4>\t\t\t\t<\/div>\n\t\t\t\t<\/div>\n\t\t\t\t<div class=\"elementor-element elementor-element-e3ccff9 elementor-widget elementor-widget-text-editor\" data-id=\"e3ccff9\" data-element_type=\"widget\" data-widget_type=\"text-editor.default\">\n\t\t\t\t<div class=\"elementor-widget-container\">\n\t\t\t\t\t\t\t\t\t<p class=\"\" data-start=\"4560\" data-end=\"4672\">En febrero, y hay que declarar por trimestres las cantidades facturadas (aunque se presente de forma anual).<\/p>\t\t\t\t\t\t\t\t<\/div>\n\t\t\t\t<\/div>\n\t\t\t\t<div class=\"elementor-element elementor-element-bb70d80 elementor-widget elementor-widget-text-editor\" data-id=\"bb70d80\" data-element_type=\"widget\" data-widget_type=\"text-editor.default\">\n\t\t\t\t<div class=\"elementor-widget-container\">\n\t\t\t\t\t\t\t\t\t<p><strong>\ud83d\udd17 Link externo<\/strong>: <a href=\"https:\/\/sede.agenciatributaria.gob.es\/Sede\/procedimientoini\/GI27.shtml\" target=\"_blank\" rel=\"noopener\">Modelo 347 &#8211; Agencia Tributaria<\/a><\/p>\t\t\t\t\t\t\t\t<\/div>\n\t\t\t\t<\/div>\n\t\t\t\t<div class=\"elementor-element elementor-element-fa72074 elementor-widget elementor-widget-spacer\" data-id=\"fa72074\" data-element_type=\"widget\" data-widget_type=\"spacer.default\">\n\t\t\t\t<div class=\"elementor-widget-container\">\n\t\t\t\t\t\t\t<div class=\"elementor-spacer\">\n\t\t\t<div class=\"elementor-spacer-inner\"><\/div>\n\t\t<\/div>\n\t\t\t\t\t\t<\/div>\n\t\t\t\t<\/div>\n\t\t\t\t\t<\/div>\n\t\t\t\t<\/div>\n\t\t<div class=\"elementor-element elementor-element-668a890 e-flex e-con-boxed e-con e-parent\" data-id=\"668a890\" data-element_type=\"container\">\n\t\t\t\t\t<div class=\"e-con-inner\">\n\t\t\t\t<div class=\"elementor-element elementor-element-ace26de elementor-widget elementor-widget-heading\" data-id=\"ace26de\" data-element_type=\"widget\" data-widget_type=\"heading.default\">\n\t\t\t\t<div class=\"elementor-widget-container\">\n\t\t\t\t\t<h3 class=\"elementor-heading-title elementor-size-default\">Modelo 100: Declaraci\u00f3n de la Renta<\/h3>\t\t\t\t<\/div>\n\t\t\t\t<\/div>\n\t\t\t\t<div class=\"elementor-element elementor-element-9b9de49 elementor-widget elementor-widget-text-editor\" data-id=\"9b9de49\" data-element_type=\"widget\" data-widget_type=\"text-editor.default\">\n\t\t\t\t<div class=\"elementor-widget-container\">\n\t\t\t\t\t\t\t\t\t<p>El Modelo 100 es la declaraci\u00f3n anual del IRPF, donde se recoge toda la actividad econ\u00f3mica del aut\u00f3nomo, as\u00ed como otros ingresos personales, deducciones y rendimientos del capital.<\/p>\t\t\t\t\t\t\t\t<\/div>\n\t\t\t\t<\/div>\n\t\t\t\t<div class=\"elementor-element elementor-element-b521f70 elementor-widget elementor-widget-heading\" data-id=\"b521f70\" data-element_type=\"widget\" data-widget_type=\"heading.default\">\n\t\t\t\t<div class=\"elementor-widget-container\">\n\t\t\t\t\t<h4 class=\"elementor-heading-title elementor-size-default\">\u00bfQu\u00e9 incluye?<\/h4>\t\t\t\t<\/div>\n\t\t\t\t<\/div>\n\t\t\t\t<div class=\"elementor-element elementor-element-4c4d1ac elementor-widget elementor-widget-text-editor\" data-id=\"4c4d1ac\" data-element_type=\"widget\" data-widget_type=\"text-editor.default\">\n\t\t\t\t<div class=\"elementor-widget-container\">\n\t\t\t\t\t\t\t\t\t<ul><li class=\"\" data-start=\"6882\" data-end=\"6949\"><p class=\"\" data-start=\"6884\" data-end=\"6949\">Rendimientos de actividades econ\u00f3micas (obtenidos como aut\u00f3nomo).<\/p><\/li><li class=\"\" data-start=\"6950\" data-end=\"7009\"><p class=\"\" data-start=\"6952\" data-end=\"7009\">Datos fiscales del contribuyente (vivienda, hijos, etc.).<\/p><\/li><li class=\"\" data-start=\"7010\" data-end=\"7094\"><p class=\"\" data-start=\"7012\" data-end=\"7094\">Deducciones aplicables (vivienda habitual, donaciones, planes de pensiones, etc.).<\/p><\/li><\/ul>\t\t\t\t\t\t\t\t<\/div>\n\t\t\t\t<\/div>\n\t\t\t\t<div class=\"elementor-element elementor-element-821b10f elementor-widget elementor-widget-heading\" data-id=\"821b10f\" data-element_type=\"widget\" data-widget_type=\"heading.default\">\n\t\t\t\t<div class=\"elementor-widget-container\">\n\t\t\t\t\t<h4 class=\"elementor-heading-title elementor-size-default\">\u00bfCu\u00e1ndo se presenta?<\/h4>\t\t\t\t<\/div>\n\t\t\t\t<\/div>\n\t\t\t\t<div class=\"elementor-element elementor-element-90fb1eb elementor-widget elementor-widget-text-editor\" data-id=\"90fb1eb\" data-element_type=\"widget\" data-widget_type=\"text-editor.default\">\n\t\t\t\t<div class=\"elementor-widget-container\">\n\t\t\t\t\t\t\t\t\t<p class=\"\" data-start=\"4560\" data-end=\"4672\">Durante la campa\u00f1a de la Renta, entre abril y junio de cada a\u00f1o.<\/p>\t\t\t\t\t\t\t\t<\/div>\n\t\t\t\t<\/div>\n\t\t\t\t<div class=\"elementor-element elementor-element-8c62913 elementor-widget elementor-widget-text-editor\" data-id=\"8c62913\" data-element_type=\"widget\" data-widget_type=\"text-editor.default\">\n\t\t\t\t<div class=\"elementor-widget-container\">\n\t\t\t\t\t\t\t\t\t<p><strong>\ud83d\udd17 Link externo<\/strong>: <a href=\"https:\/\/sede.agenciatributaria.gob.es\/Sede\/procedimientoini\/G229.shtml\" target=\"_blank\" rel=\"noopener\">Modelo 100 &#8211; Agencia Tributaria<\/a><\/p>\t\t\t\t\t\t\t\t<\/div>\n\t\t\t\t<\/div>\n\t\t\t\t\t<\/div>\n\t\t\t\t<\/div>\n\t\t<div class=\"elementor-element elementor-element-8ca1991 e-flex e-con-boxed e-con e-parent\" data-id=\"8ca1991\" data-element_type=\"container\">\n\t\t\t\t\t<div class=\"e-con-inner\">\n\t\t\t\t<div class=\"elementor-element elementor-element-0e6f0de elementor-widget elementor-widget-spacer\" data-id=\"0e6f0de\" data-element_type=\"widget\" data-widget_type=\"spacer.default\">\n\t\t\t\t<div class=\"elementor-widget-container\">\n\t\t\t\t\t\t\t<div class=\"elementor-spacer\">\n\t\t\t<div class=\"elementor-spacer-inner\"><\/div>\n\t\t<\/div>\n\t\t\t\t\t\t<\/div>\n\t\t\t\t<\/div>\n\t\t\t\t\t<\/div>\n\t\t\t\t<\/div>\n\t\t<div class=\"elementor-element elementor-element-152f465f e-flex e-con-boxed e-con e-parent\" data-id=\"152f465f\" data-element_type=\"container\" data-settings=\"{&quot;background_background&quot;:&quot;classic&quot;}\">\n\t\t\t\t\t<div class=\"e-con-inner\">\n\t\t<div class=\"elementor-element elementor-element-49e9fd55 e-con-full e-flex e-con e-child\" data-id=\"49e9fd55\" data-element_type=\"container\">\n\t\t<div class=\"elementor-element elementor-element-5c873a91 e-flex e-con-boxed e-con e-child\" data-id=\"5c873a91\" data-element_type=\"container\">\n\t\t\t\t\t<div class=\"e-con-inner\">\n\t\t\t\t<div class=\"elementor-element elementor-element-610756ff elementor-widget elementor-widget-heading\" data-id=\"610756ff\" data-element_type=\"widget\" data-widget_type=\"heading.default\">\n\t\t\t\t<div class=\"elementor-widget-container\">\n\t\t\t\t\t<h3 class=\"elementor-heading-title elementor-size-default\">Herramientas para impulsar<br>tu negocio<\/h3>\t\t\t\t<\/div>\n\t\t\t\t<\/div>\n\t\t\t\t<div class=\"elementor-element elementor-element-5091a8ed elementor-widget elementor-widget-text-editor\" data-id=\"5091a8ed\" data-element_type=\"widget\" data-widget_type=\"text-editor.default\">\n\t\t\t\t<div class=\"elementor-widget-container\">\n\t\t\t\t\t\t\t\t\t<p>FinanEDI es la soluci\u00f3n en la nube gratuita que permite automatizar y optimizar los procesos financieros, contables y administrativos de tu negocio.<\/p>\t\t\t\t\t\t\t\t<\/div>\n\t\t\t\t<\/div>\n\t\t\t\t<div class=\"elementor-element elementor-element-77ed86a3 elementor-widget elementor-widget-button\" data-id=\"77ed86a3\" data-element_type=\"widget\" data-widget_type=\"button.default\">\n\t\t\t\t<div class=\"elementor-widget-container\">\n\t\t\t\t\t\t\t\t\t<div class=\"elementor-button-wrapper\">\n\t\t\t\t\t<a class=\"elementor-button elementor-button-link elementor-size-md\" href=\"https:\/\/finanedi.es\/\" target=\"_blank\">\n\t\t\t\t\t\t<span class=\"elementor-button-content-wrapper\">\n\t\t\t\t\t\t\t\t\t<span class=\"elementor-button-text\">Crear cuenta gratis<\/span>\n\t\t\t\t\t<\/span>\n\t\t\t\t\t<\/a>\n\t\t\t\t<\/div>\n\t\t\t\t\t\t\t\t<\/div>\n\t\t\t\t<\/div>\n\t\t\t\t\t<\/div>\n\t\t\t\t<\/div>\n\t\t\t\t<\/div>\n\t\t<div class=\"elementor-element elementor-element-badc461 e-con-full e-flex e-con e-child\" data-id=\"badc461\" data-element_type=\"container\">\n\t\t\t\t<div class=\"elementor-element elementor-element-47aceb2a elementor-widget elementor-widget-image\" data-id=\"47aceb2a\" data-element_type=\"widget\" data-widget_type=\"image.default\">\n\t\t\t\t<div class=\"elementor-widget-container\">\n\t\t\t\t\t\t\t\t\t\t\t\t\t\t\t<img fetchpriority=\"high\" decoding=\"async\" width=\"300\" height=\"233\" src=\"https:\/\/finanedi.es\/blog\/contenido\/uploads\/2024\/09\/Dashborad_00115-300x233.png\" class=\"attachment-medium size-medium wp-image-5370\" alt=\"Herramientas para impulsar tu negocio - FinanEDI\" srcset=\"https:\/\/finanedi.es\/blog\/contenido\/uploads\/2024\/09\/Dashborad_00115-300x233.png 300w, https:\/\/finanedi.es\/blog\/contenido\/uploads\/2024\/09\/Dashborad_00115-768x597.png 768w, https:\/\/finanedi.es\/blog\/contenido\/uploads\/2024\/09\/Dashborad_00115.png 900w\" sizes=\"(max-width: 300px) 100vw, 300px\" \/>\t\t\t\t\t\t\t\t\t\t\t\t\t\t\t<\/div>\n\t\t\t\t<\/div>\n\t\t\t\t<\/div>\n\t\t\t\t\t<\/div>\n\t\t\t\t<\/div>\n\t\t<div class=\"elementor-element elementor-element-581a266 e-flex e-con-boxed e-con e-parent\" data-id=\"581a266\" data-element_type=\"container\">\n\t\t\t\t\t<div class=\"e-con-inner\">\n\t\t\t\t<div class=\"elementor-element elementor-element-2b1c9ce elementor-widget elementor-widget-spacer\" data-id=\"2b1c9ce\" data-element_type=\"widget\" data-widget_type=\"spacer.default\">\n\t\t\t\t<div class=\"elementor-widget-container\">\n\t\t\t\t\t\t\t<div class=\"elementor-spacer\">\n\t\t\t<div class=\"elementor-spacer-inner\"><\/div>\n\t\t<\/div>\n\t\t\t\t\t\t<\/div>\n\t\t\t\t<\/div>\n\t\t\t\t\t<\/div>\n\t\t\t\t<\/div>\n\t\t<div class=\"elementor-element elementor-element-372d0d6 e-flex e-con-boxed e-con e-parent\" data-id=\"372d0d6\" data-element_type=\"container\">\n\t\t\t\t\t<div class=\"e-con-inner\">\n\t\t\t\t<div class=\"elementor-element elementor-element-c9e42bd elementor-widget elementor-widget-text-editor\" data-id=\"c9e42bd\" data-element_type=\"widget\" data-widget_type=\"text-editor.default\">\n\t\t\t\t<div class=\"elementor-widget-container\">\n\t\t\t\t\t\t\t\t\t<p>Entender qu\u00e9 modelos debes presentar como aut\u00f3nomo es fundamental para evitar errores, sanciones y sorpresas de \u00faltima hora. Aunque al principio pueda parecer abrumador, con organizaci\u00f3n (y herramientas adecuadas) puedes llevar tu fiscalidad al d\u00eda sin esfuerzo.<\/p>\t\t\t\t\t\t\t\t<\/div>\n\t\t\t\t<\/div>\n\t\t\t\t\t<\/div>\n\t\t\t\t<\/div>\n\t\t<div class=\"elementor-element elementor-element-243fbc2b e-flex e-con-boxed e-con e-parent\" data-id=\"243fbc2b\" data-element_type=\"container\">\n\t\t\t\t\t<div class=\"e-con-inner\">\n\t\t<div class=\"elementor-element elementor-element-4f9c6cb5 e-con-full e-flex e-con e-child\" data-id=\"4f9c6cb5\" data-element_type=\"container\">\n\t\t\t\t<div class=\"elementor-element elementor-element-7d99484d elementor-widget elementor-widget-spacer\" data-id=\"7d99484d\" data-element_type=\"widget\" data-widget_type=\"spacer.default\">\n\t\t\t\t<div class=\"elementor-widget-container\">\n\t\t\t\t\t\t\t<div class=\"elementor-spacer\">\n\t\t\t<div class=\"elementor-spacer-inner\"><\/div>\n\t\t<\/div>\n\t\t\t\t\t\t<\/div>\n\t\t\t\t<\/div>\n\t\t\t\t<\/div>\n\t\t<div class=\"elementor-element elementor-element-3b8d19c2 e-con-full e-flex e-con e-child\" data-id=\"3b8d19c2\" data-element_type=\"container\">\n\t\t\t\t<div class=\"elementor-element elementor-element-78c3f59c elementor-widget elementor-widget-heading\" data-id=\"78c3f59c\" data-element_type=\"widget\" data-widget_type=\"heading.default\">\n\t\t\t\t<div class=\"elementor-widget-container\">\n\t\t\t\t\t<h3 class=\"elementor-heading-title elementor-size-default\">No te pierdas...<\/h3>\t\t\t\t<\/div>\n\t\t\t\t<\/div>\n\t\t\t\t<\/div>\n\t\t<div class=\"elementor-element elementor-element-5786174c e-con-full e-flex e-con e-child\" data-id=\"5786174c\" data-element_type=\"container\">\n\t\t\t\t<div class=\"elementor-element elementor-element-3acfbbb0 elementor-widget elementor-widget-katen-post-five\" data-id=\"3acfbbb0\" data-element_type=\"widget\" data-widget_type=\"katen-post-five.default\">\n\t\t\t\t<div class=\"elementor-widget-container\">\n\t\t\t\t\t\t\t<div class=\"padding-30 rounded bordered\">\n\n\t\t\t<div class=\"row infinite-wrapper\">\n\n\t\t\t\n\t\t\t\t<div class=\"col-md-12 col-sm-6 post-list-item post-item\">\n\t\t\t\t\t<!-- post -->\n\t\t\t\t\t<div class=\"post post-list clearfix\">\n\n\t\t\t\t\t\t<div class=\"thumb rounded\"><div class=\"inner\"><a href=\"https:\/\/finanedi.es\/blog\/modelo-600-transmisiones-patrimoniales\/\"><img decoding=\"async\" width=\"330\" height=\"250\" src=\"https:\/\/finanedi.es\/blog\/contenido\/uploads\/2024\/12\/Modelo-600-330x250.jpg\" class=\"attachment-katen-thumb-list size-katen-thumb-list wp-post-image\" alt=\"Modelo 600: Impuesto sobre Transmisiones Patrimoniales y Actos Jur\u00eddicos Documentados\" \/><\/a><\/div><\/div>  \n\n\t\t\t\t\t\t<div class=\"details clearfix\">\n\t\t\t\t\t\t\t<ul class=\"meta list-inline mb-3\">\n\t\t\t\t\t\t\t\t<li class=\"list-inline-item\"><a href=\"https:\/\/finanedi.es\/blog\/category\/contabilidad\/\">Contabilidad<\/a><\/li>\t\t\t\t\t\t\t<\/ul>\n\t\t\t\t\t\t\t<h5 class=\"post-title\"><a href=\"https:\/\/finanedi.es\/blog\/modelo-600-transmisiones-patrimoniales\/\">Modelo 600: Impuesto sobre Transmisiones Patrimoniales y Actos Jur\u00eddicos Documentados<\/a><\/h5>\n\t\t\t\t\t\t\t<p class=\"excerpt mb-0\">\n\t\t\t\t\t\t\t\tEl cumplimiento de las obligaciones fiscales es crucial para el \u00e9xito y la estabilidad financiera&hellip;\t\t\t\t\t\t\t<\/p>\n\t\t\t\t\t\t\t<div class=\"post-bottom clearfix d-flex align-items-center\">\n\t\t\t\t\t\t\t\t\t\t\t\t\t\t\t\t\t\t\t\t\t\t\t<\/div>\n\t\t\t\t\t\t<\/div>\n\t\t\t\t\t<\/div>\n\t\t\t\t<\/div>\n\n\t\t\t\n\t\t\t\t<div class=\"col-md-12 col-sm-6 post-list-item post-item\">\n\t\t\t\t\t<!-- post -->\n\t\t\t\t\t<div class=\"post post-list clearfix\">\n\n\t\t\t\t\t\t<div class=\"thumb rounded\"><div class=\"inner\"><a href=\"https:\/\/finanedi.es\/blog\/modelo-303-del-iva-que-es-pymes-autonomos\/\"><img decoding=\"async\" width=\"330\" height=\"250\" src=\"https:\/\/finanedi.es\/blog\/contenido\/uploads\/2024\/10\/Modelo-303-330x250.jpg\" class=\"attachment-katen-thumb-list size-katen-thumb-list wp-post-image\" alt=\"Modelo 303 - IVA - Modelo tributario\" \/><\/a><\/div><\/div>  \n\n\t\t\t\t\t\t<div class=\"details clearfix\">\n\t\t\t\t\t\t\t<ul class=\"meta list-inline mb-3\">\n\t\t\t\t\t\t\t\t<li class=\"list-inline-item\"><a href=\"https:\/\/finanedi.es\/blog\/category\/modelos-tributarios\/\">Modelos tributarios<\/a><\/li>\t\t\t\t\t\t\t<\/ul>\n\t\t\t\t\t\t\t<h5 class=\"post-title\"><a href=\"https:\/\/finanedi.es\/blog\/modelo-303-del-iva-que-es-pymes-autonomos\/\">Modelo 303 del IVA para pymes y aut\u00f3nomos<\/a><\/h5>\n\t\t\t\t\t\t\t<p class=\"excerpt mb-0\">\n\t\t\t\t\t\t\t\tEl Modelo 303 del IVA es un tr\u00e1mite esencial para cualquier peque\u00f1a o mediana empresa&hellip;\t\t\t\t\t\t\t<\/p>\n\t\t\t\t\t\t\t<div class=\"post-bottom clearfix d-flex align-items-center\">\n\t\t\t\t\t\t\t\t\t\t\t\t\t\t\t\t\t\t\t\t\t\t\t<\/div>\n\t\t\t\t\t\t<\/div>\n\t\t\t\t\t<\/div>\n\t\t\t\t<\/div>\n\n\t\t\t\n\t\t\t\t<div class=\"col-md-12 col-sm-6 post-list-item post-item\">\n\t\t\t\t\t<!-- post -->\n\t\t\t\t\t<div class=\"post post-list clearfix\">\n\n\t\t\t\t\t\t<div class=\"thumb rounded\"><div class=\"inner\"><a href=\"https:\/\/finanedi.es\/blog\/modelo-037-censo-de-empresarios-profesionales-y-retenedores\/\"><img loading=\"lazy\" decoding=\"async\" width=\"330\" height=\"250\" src=\"https:\/\/finanedi.es\/blog\/contenido\/uploads\/2024\/12\/Modelo-037-330x250.jpg\" class=\"attachment-katen-thumb-list size-katen-thumb-list wp-post-image\" alt=\"Modelos 037. Censo de empresarios, profesionales y retenedores\" \/><\/a><\/div><\/div>  \n\n\t\t\t\t\t\t<div class=\"details clearfix\">\n\t\t\t\t\t\t\t<ul class=\"meta list-inline mb-3\">\n\t\t\t\t\t\t\t\t<li class=\"list-inline-item\"><a href=\"https:\/\/finanedi.es\/blog\/category\/contabilidad\/\">Contabilidad<\/a><\/li>\t\t\t\t\t\t\t<\/ul>\n\t\t\t\t\t\t\t<h5 class=\"post-title\"><a href=\"https:\/\/finanedi.es\/blog\/modelo-037-censo-de-empresarios-profesionales-y-retenedores\/\">Modelo 037. Censo de empresarios, profesionales y retenedores<\/a><\/h5>\n\t\t\t\t\t\t\t<p class=\"excerpt mb-0\">\n\t\t\t\t\t\t\t\tTe explicaremos en detalle qu\u00e9 es el Modelo 037, qui\u00e9nes deben presentarlo, c\u00f3mo completarlo correctamente&hellip;\t\t\t\t\t\t\t<\/p>\n\t\t\t\t\t\t\t<div class=\"post-bottom clearfix d-flex align-items-center\">\n\t\t\t\t\t\t\t\t\t\t\t\t\t\t\t\t\t\t\t\t\t\t\t<\/div>\n\t\t\t\t\t\t<\/div>\n\t\t\t\t\t<\/div>\n\t\t\t\t<\/div>\n\n\t\t\t\n\t\t\t\t<div class=\"col-md-12 col-sm-6 post-list-item post-item\">\n\t\t\t\t\t<!-- post -->\n\t\t\t\t\t<div class=\"post post-list clearfix\">\n\n\t\t\t\t\t\t<div class=\"thumb rounded\"><div class=\"inner\"><a href=\"https:\/\/finanedi.es\/blog\/modelo-420-impuesto-general-indirecto-canario\/\"><img loading=\"lazy\" decoding=\"async\" width=\"330\" height=\"250\" src=\"https:\/\/finanedi.es\/blog\/contenido\/uploads\/2024\/12\/Modelo-420-330x250.jpg\" class=\"attachment-katen-thumb-list size-katen-thumb-list wp-post-image\" alt=\"Modelo 420: Impuesto General Indirecto Canario\" \/><\/a><\/div><\/div>  \n\n\t\t\t\t\t\t<div class=\"details clearfix\">\n\t\t\t\t\t\t\t<ul class=\"meta list-inline mb-3\">\n\t\t\t\t\t\t\t\t<li class=\"list-inline-item\"><a href=\"https:\/\/finanedi.es\/blog\/category\/contabilidad\/\">Contabilidad<\/a><\/li>\t\t\t\t\t\t\t<\/ul>\n\t\t\t\t\t\t\t<h5 class=\"post-title\"><a href=\"https:\/\/finanedi.es\/blog\/modelo-420-impuesto-general-indirecto-canario\/\">Modelo 420: Impuesto General Indirecto Canario<\/a><\/h5>\n\t\t\t\t\t\t\t<p class=\"excerpt mb-0\">\n\t\t\t\t\t\t\t\tEl Modelo 420 es un instrumento esencial para las empresas y aut\u00f3nomos que operan en&hellip;\t\t\t\t\t\t\t<\/p>\n\t\t\t\t\t\t\t<div class=\"post-bottom clearfix d-flex align-items-center\">\n\t\t\t\t\t\t\t\t\t\t\t\t\t\t\t\t\t\t\t\t\t\t\t<\/div>\n\t\t\t\t\t\t<\/div>\n\t\t\t\t\t<\/div>\n\t\t\t\t<\/div>\n\n\t\t\t\n\t\t\t<\/div>\n\n\t\t<\/div>\n\t\t\n        \t\t\t\t<\/div>\n\t\t\t\t<\/div>\n\t\t\t\t<\/div>\n\t\t\t\t\t<\/div>\n\t\t\t\t<\/div>\n\t\t\t\t<\/div>\n\t\t","protected":false},"excerpt":{"rendered":"<p>Si eres aut\u00f3nomo o est\u00e1s pensando en darte de alta, seguro que ya has escuchado hablar de t\u00e9rminos como el Modelo 303, 130 o 111. Y probablemente te hayan surgido muchas preguntas: \u00bfcu\u00e1les debo presentar? \u00bfcada cu\u00e1nto? \u00bfqu\u00e9 informaci\u00f3n se incluye?<\/p>\n","protected":false},"author":3,"featured_media":10472,"comment_status":"closed","ping_status":"open","sticky":false,"template":"","format":"standard","meta":{"_monsterinsights_skip_tracking":false,"_monsterinsights_sitenote_active":false,"_monsterinsights_sitenote_note":"","_monsterinsights_sitenote_category":0,"footnotes":""},"categories":[8,6],"tags":[],"class_list":["post-10465","post","type-post","status-publish","format-standard","has-post-thumbnail","hentry","category-autonomos","category-contabilidad"],"yoast_head":"<!-- This site is optimized with the Yoast SEO plugin v26.2 - https:\/\/yoast.com\/wordpress\/plugins\/seo\/ -->\n<title>Modelos de impuestos para aut\u00f3nomos: Cumplir con Hacienda<\/title>\n<meta name=\"description\" content=\"Gu\u00eda completa con los modelos de impuestos que todo aut\u00f3nomo debe presentar: IVA, IRPF, retenciones y m\u00e1s. \u00a1Evita errores fiscales!\" \/>\n<meta name=\"robots\" content=\"index, follow, max-snippet:-1, max-image-preview:large, max-video-preview:-1\" \/>\n<link rel=\"canonical\" href=\"https:\/\/finanedi.es\/blog\/modelos-de-impuestos-para-autonomos\/\" \/>\n<meta property=\"og:locale\" content=\"es_ES\" \/>\n<meta property=\"og:type\" content=\"article\" \/>\n<meta property=\"og:title\" content=\"Modelos de impuestos para aut\u00f3nomos: Cumplir con Hacienda\" \/>\n<meta property=\"og:description\" content=\"Gu\u00eda completa con los modelos de impuestos que todo aut\u00f3nomo debe presentar: IVA, IRPF, retenciones y m\u00e1s. \u00a1Evita errores fiscales!\" \/>\n<meta property=\"og:url\" content=\"https:\/\/finanedi.es\/blog\/modelos-de-impuestos-para-autonomos\/\" \/>\n<meta property=\"og:site_name\" content=\"Blog para pymes y aut\u00f3nomos - FinanEDI\" \/>\n<meta property=\"article:published_time\" content=\"2025-04-15T10:47:48+00:00\" \/>\n<meta property=\"article:modified_time\" content=\"2025-04-15T10:48:27+00:00\" \/>\n<meta property=\"og:image\" content=\"https:\/\/finanedi.es\/blog\/contenido\/uploads\/2025\/04\/Modelos-de-impuestos-para-autonomos.jpg\" \/>\n\t<meta property=\"og:image:width\" content=\"1580\" \/>\n\t<meta property=\"og:image:height\" content=\"960\" \/>\n\t<meta property=\"og:image:type\" content=\"image\/jpeg\" \/>\n<meta name=\"author\" content=\"restevez\" \/>\n<meta name=\"twitter:card\" content=\"summary_large_image\" \/>\n<meta name=\"twitter:label1\" content=\"Escrito por\" \/>\n\t<meta name=\"twitter:data1\" content=\"restevez\" \/>\n\t<meta name=\"twitter:label2\" content=\"Tiempo de lectura\" \/>\n\t<meta name=\"twitter:data2\" content=\"10 minutos\" \/>\n<script type=\"application\/ld+json\" class=\"yoast-schema-graph\">{\"@context\":\"https:\/\/schema.org\",\"@graph\":[{\"@type\":\"Article\",\"@id\":\"https:\/\/finanedi.es\/blog\/modelos-de-impuestos-para-autonomos\/#article\",\"isPartOf\":{\"@id\":\"https:\/\/finanedi.es\/blog\/modelos-de-impuestos-para-autonomos\/\"},\"author\":{\"name\":\"restevez\",\"@id\":\"https:\/\/finanedi.es\/blog\/#\/schema\/person\/233ed58195d34f36f74f13ba1030ebd8\"},\"headline\":\"Modelos de impuestos para aut\u00f3nomos: Cumplir con Hacienda sin complicaciones\",\"datePublished\":\"2025-04-15T10:47:48+00:00\",\"dateModified\":\"2025-04-15T10:48:27+00:00\",\"mainEntityOfPage\":{\"@id\":\"https:\/\/finanedi.es\/blog\/modelos-de-impuestos-para-autonomos\/\"},\"wordCount\":1460,\"publisher\":{\"@id\":\"https:\/\/finanedi.es\/blog\/#organization\"},\"image\":{\"@id\":\"https:\/\/finanedi.es\/blog\/modelos-de-impuestos-para-autonomos\/#primaryimage\"},\"thumbnailUrl\":\"https:\/\/finanedi.es\/blog\/contenido\/uploads\/2025\/04\/Modelos-de-impuestos-para-autonomos.jpg\",\"articleSection\":[\"Aut\u00f3nomos\",\"Contabilidad\"],\"inLanguage\":\"es\"},{\"@type\":\"WebPage\",\"@id\":\"https:\/\/finanedi.es\/blog\/modelos-de-impuestos-para-autonomos\/\",\"url\":\"https:\/\/finanedi.es\/blog\/modelos-de-impuestos-para-autonomos\/\",\"name\":\"Modelos de impuestos para aut\u00f3nomos: Cumplir con Hacienda\",\"isPartOf\":{\"@id\":\"https:\/\/finanedi.es\/blog\/#website\"},\"primaryImageOfPage\":{\"@id\":\"https:\/\/finanedi.es\/blog\/modelos-de-impuestos-para-autonomos\/#primaryimage\"},\"image\":{\"@id\":\"https:\/\/finanedi.es\/blog\/modelos-de-impuestos-para-autonomos\/#primaryimage\"},\"thumbnailUrl\":\"https:\/\/finanedi.es\/blog\/contenido\/uploads\/2025\/04\/Modelos-de-impuestos-para-autonomos.jpg\",\"datePublished\":\"2025-04-15T10:47:48+00:00\",\"dateModified\":\"2025-04-15T10:48:27+00:00\",\"description\":\"Gu\u00eda completa con los modelos de impuestos que todo aut\u00f3nomo debe presentar: IVA, IRPF, retenciones y m\u00e1s. \u00a1Evita errores fiscales!\",\"breadcrumb\":{\"@id\":\"https:\/\/finanedi.es\/blog\/modelos-de-impuestos-para-autonomos\/#breadcrumb\"},\"inLanguage\":\"es\",\"potentialAction\":[{\"@type\":\"ReadAction\",\"target\":[\"https:\/\/finanedi.es\/blog\/modelos-de-impuestos-para-autonomos\/\"]}]},{\"@type\":\"ImageObject\",\"inLanguage\":\"es\",\"@id\":\"https:\/\/finanedi.es\/blog\/modelos-de-impuestos-para-autonomos\/#primaryimage\",\"url\":\"https:\/\/finanedi.es\/blog\/contenido\/uploads\/2025\/04\/Modelos-de-impuestos-para-autonomos.jpg\",\"contentUrl\":\"https:\/\/finanedi.es\/blog\/contenido\/uploads\/2025\/04\/Modelos-de-impuestos-para-autonomos.jpg\",\"width\":1580,\"height\":960,\"caption\":\"Modelos de impuestos para aut\u00f3nomos\"},{\"@type\":\"BreadcrumbList\",\"@id\":\"https:\/\/finanedi.es\/blog\/modelos-de-impuestos-para-autonomos\/#breadcrumb\",\"itemListElement\":[{\"@type\":\"ListItem\",\"position\":1,\"name\":\"Home\",\"item\":\"https:\/\/finanedi.es\/blog\/\"},{\"@type\":\"ListItem\",\"position\":2,\"name\":\"Modelos de impuestos para aut\u00f3nomos: Cumplir con Hacienda sin complicaciones\"}]},{\"@type\":\"WebSite\",\"@id\":\"https:\/\/finanedi.es\/blog\/#website\",\"url\":\"https:\/\/finanedi.es\/blog\/\",\"name\":\"Blog para pymes y aut\u00f3nomos - FinanEDI\",\"description\":\"Blog para aut\u00f3nomos y PYMES, sobre temas como facturaci\u00f3n, contabilidad, tecnolog\u00eda.\",\"publisher\":{\"@id\":\"https:\/\/finanedi.es\/blog\/#organization\"},\"potentialAction\":[{\"@type\":\"SearchAction\",\"target\":{\"@type\":\"EntryPoint\",\"urlTemplate\":\"https:\/\/finanedi.es\/blog\/?s={search_term_string}\"},\"query-input\":{\"@type\":\"PropertyValueSpecification\",\"valueRequired\":true,\"valueName\":\"search_term_string\"}}],\"inLanguage\":\"es\"},{\"@type\":\"Organization\",\"@id\":\"https:\/\/finanedi.es\/blog\/#organization\",\"name\":\"Blog para pymes y aut\u00f3nomos - FinanEDI\",\"url\":\"https:\/\/finanedi.es\/blog\/\",\"logo\":{\"@type\":\"ImageObject\",\"inLanguage\":\"es\",\"@id\":\"https:\/\/finanedi.es\/blog\/#\/schema\/logo\/image\/\",\"url\":\"https:\/\/finanedi.es\/blog\/contenido\/uploads\/2024\/02\/FinanEdiAzul1.svg\",\"contentUrl\":\"https:\/\/finanedi.es\/blog\/contenido\/uploads\/2024\/02\/FinanEdiAzul1.svg\",\"width\":142,\"height\":36,\"caption\":\"Blog para pymes y aut\u00f3nomos - FinanEDI\"},\"image\":{\"@id\":\"https:\/\/finanedi.es\/blog\/#\/schema\/logo\/image\/\"}},{\"@type\":\"Person\",\"@id\":\"https:\/\/finanedi.es\/blog\/#\/schema\/person\/233ed58195d34f36f74f13ba1030ebd8\",\"name\":\"restevez\",\"image\":{\"@type\":\"ImageObject\",\"inLanguage\":\"es\",\"@id\":\"https:\/\/finanedi.es\/blog\/#\/schema\/person\/image\/\",\"url\":\"https:\/\/secure.gravatar.com\/avatar\/6c4880db9746e4aa887a98e0ebf657788804dc4280120ef10331a2e6ebb4a9a0?s=96&d=mm&r=g\",\"contentUrl\":\"https:\/\/secure.gravatar.com\/avatar\/6c4880db9746e4aa887a98e0ebf657788804dc4280120ef10331a2e6ebb4a9a0?s=96&d=mm&r=g\",\"caption\":\"restevez\"},\"url\":\"https:\/\/finanedi.es\/blog\/author\/restevez\/\"}]}<\/script>\n<!-- \/ Yoast SEO plugin. -->","yoast_head_json":{"title":"Modelos de impuestos para aut\u00f3nomos: Cumplir con Hacienda","description":"Gu\u00eda completa con los modelos de impuestos que todo aut\u00f3nomo debe presentar: IVA, IRPF, retenciones y m\u00e1s. \u00a1Evita errores fiscales!","robots":{"index":"index","follow":"follow","max-snippet":"max-snippet:-1","max-image-preview":"max-image-preview:large","max-video-preview":"max-video-preview:-1"},"canonical":"https:\/\/finanedi.es\/blog\/modelos-de-impuestos-para-autonomos\/","og_locale":"es_ES","og_type":"article","og_title":"Modelos de impuestos para aut\u00f3nomos: Cumplir con Hacienda","og_description":"Gu\u00eda completa con los modelos de impuestos que todo aut\u00f3nomo debe presentar: IVA, IRPF, retenciones y m\u00e1s. \u00a1Evita errores fiscales!","og_url":"https:\/\/finanedi.es\/blog\/modelos-de-impuestos-para-autonomos\/","og_site_name":"Blog para pymes y aut\u00f3nomos - FinanEDI","article_published_time":"2025-04-15T10:47:48+00:00","article_modified_time":"2025-04-15T10:48:27+00:00","og_image":[{"width":1580,"height":960,"url":"https:\/\/finanedi.es\/blog\/contenido\/uploads\/2025\/04\/Modelos-de-impuestos-para-autonomos.jpg","type":"image\/jpeg"}],"author":"restevez","twitter_card":"summary_large_image","twitter_misc":{"Escrito por":"restevez","Tiempo de lectura":"10 minutos"},"schema":{"@context":"https:\/\/schema.org","@graph":[{"@type":"Article","@id":"https:\/\/finanedi.es\/blog\/modelos-de-impuestos-para-autonomos\/#article","isPartOf":{"@id":"https:\/\/finanedi.es\/blog\/modelos-de-impuestos-para-autonomos\/"},"author":{"name":"restevez","@id":"https:\/\/finanedi.es\/blog\/#\/schema\/person\/233ed58195d34f36f74f13ba1030ebd8"},"headline":"Modelos de impuestos para aut\u00f3nomos: Cumplir con Hacienda sin complicaciones","datePublished":"2025-04-15T10:47:48+00:00","dateModified":"2025-04-15T10:48:27+00:00","mainEntityOfPage":{"@id":"https:\/\/finanedi.es\/blog\/modelos-de-impuestos-para-autonomos\/"},"wordCount":1460,"publisher":{"@id":"https:\/\/finanedi.es\/blog\/#organization"},"image":{"@id":"https:\/\/finanedi.es\/blog\/modelos-de-impuestos-para-autonomos\/#primaryimage"},"thumbnailUrl":"https:\/\/finanedi.es\/blog\/contenido\/uploads\/2025\/04\/Modelos-de-impuestos-para-autonomos.jpg","articleSection":["Aut\u00f3nomos","Contabilidad"],"inLanguage":"es"},{"@type":"WebPage","@id":"https:\/\/finanedi.es\/blog\/modelos-de-impuestos-para-autonomos\/","url":"https:\/\/finanedi.es\/blog\/modelos-de-impuestos-para-autonomos\/","name":"Modelos de impuestos para aut\u00f3nomos: Cumplir con Hacienda","isPartOf":{"@id":"https:\/\/finanedi.es\/blog\/#website"},"primaryImageOfPage":{"@id":"https:\/\/finanedi.es\/blog\/modelos-de-impuestos-para-autonomos\/#primaryimage"},"image":{"@id":"https:\/\/finanedi.es\/blog\/modelos-de-impuestos-para-autonomos\/#primaryimage"},"thumbnailUrl":"https:\/\/finanedi.es\/blog\/contenido\/uploads\/2025\/04\/Modelos-de-impuestos-para-autonomos.jpg","datePublished":"2025-04-15T10:47:48+00:00","dateModified":"2025-04-15T10:48:27+00:00","description":"Gu\u00eda completa con los modelos de impuestos que todo aut\u00f3nomo debe presentar: IVA, IRPF, retenciones y m\u00e1s. \u00a1Evita errores fiscales!","breadcrumb":{"@id":"https:\/\/finanedi.es\/blog\/modelos-de-impuestos-para-autonomos\/#breadcrumb"},"inLanguage":"es","potentialAction":[{"@type":"ReadAction","target":["https:\/\/finanedi.es\/blog\/modelos-de-impuestos-para-autonomos\/"]}]},{"@type":"ImageObject","inLanguage":"es","@id":"https:\/\/finanedi.es\/blog\/modelos-de-impuestos-para-autonomos\/#primaryimage","url":"https:\/\/finanedi.es\/blog\/contenido\/uploads\/2025\/04\/Modelos-de-impuestos-para-autonomos.jpg","contentUrl":"https:\/\/finanedi.es\/blog\/contenido\/uploads\/2025\/04\/Modelos-de-impuestos-para-autonomos.jpg","width":1580,"height":960,"caption":"Modelos de impuestos para aut\u00f3nomos"},{"@type":"BreadcrumbList","@id":"https:\/\/finanedi.es\/blog\/modelos-de-impuestos-para-autonomos\/#breadcrumb","itemListElement":[{"@type":"ListItem","position":1,"name":"Home","item":"https:\/\/finanedi.es\/blog\/"},{"@type":"ListItem","position":2,"name":"Modelos de impuestos para aut\u00f3nomos: Cumplir con Hacienda sin complicaciones"}]},{"@type":"WebSite","@id":"https:\/\/finanedi.es\/blog\/#website","url":"https:\/\/finanedi.es\/blog\/","name":"Blog para pymes y aut\u00f3nomos - FinanEDI","description":"Blog para aut\u00f3nomos y PYMES, sobre temas como facturaci\u00f3n, contabilidad, tecnolog\u00eda.","publisher":{"@id":"https:\/\/finanedi.es\/blog\/#organization"},"potentialAction":[{"@type":"SearchAction","target":{"@type":"EntryPoint","urlTemplate":"https:\/\/finanedi.es\/blog\/?s={search_term_string}"},"query-input":{"@type":"PropertyValueSpecification","valueRequired":true,"valueName":"search_term_string"}}],"inLanguage":"es"},{"@type":"Organization","@id":"https:\/\/finanedi.es\/blog\/#organization","name":"Blog para pymes y aut\u00f3nomos - FinanEDI","url":"https:\/\/finanedi.es\/blog\/","logo":{"@type":"ImageObject","inLanguage":"es","@id":"https:\/\/finanedi.es\/blog\/#\/schema\/logo\/image\/","url":"https:\/\/finanedi.es\/blog\/contenido\/uploads\/2024\/02\/FinanEdiAzul1.svg","contentUrl":"https:\/\/finanedi.es\/blog\/contenido\/uploads\/2024\/02\/FinanEdiAzul1.svg","width":142,"height":36,"caption":"Blog para pymes y aut\u00f3nomos - FinanEDI"},"image":{"@id":"https:\/\/finanedi.es\/blog\/#\/schema\/logo\/image\/"}},{"@type":"Person","@id":"https:\/\/finanedi.es\/blog\/#\/schema\/person\/233ed58195d34f36f74f13ba1030ebd8","name":"restevez","image":{"@type":"ImageObject","inLanguage":"es","@id":"https:\/\/finanedi.es\/blog\/#\/schema\/person\/image\/","url":"https:\/\/secure.gravatar.com\/avatar\/6c4880db9746e4aa887a98e0ebf657788804dc4280120ef10331a2e6ebb4a9a0?s=96&d=mm&r=g","contentUrl":"https:\/\/secure.gravatar.com\/avatar\/6c4880db9746e4aa887a98e0ebf657788804dc4280120ef10331a2e6ebb4a9a0?s=96&d=mm&r=g","caption":"restevez"},"url":"https:\/\/finanedi.es\/blog\/author\/restevez\/"}]}},"_links":{"self":[{"href":"https:\/\/finanedi.es\/blog\/wp-json\/wp\/v2\/posts\/10465","targetHints":{"allow":["GET"]}}],"collection":[{"href":"https:\/\/finanedi.es\/blog\/wp-json\/wp\/v2\/posts"}],"about":[{"href":"https:\/\/finanedi.es\/blog\/wp-json\/wp\/v2\/types\/post"}],"author":[{"embeddable":true,"href":"https:\/\/finanedi.es\/blog\/wp-json\/wp\/v2\/users\/3"}],"replies":[{"embeddable":true,"href":"https:\/\/finanedi.es\/blog\/wp-json\/wp\/v2\/comments?post=10465"}],"version-history":[{"count":9,"href":"https:\/\/finanedi.es\/blog\/wp-json\/wp\/v2\/posts\/10465\/revisions"}],"predecessor-version":[{"id":10475,"href":"https:\/\/finanedi.es\/blog\/wp-json\/wp\/v2\/posts\/10465\/revisions\/10475"}],"wp:featuredmedia":[{"embeddable":true,"href":"https:\/\/finanedi.es\/blog\/wp-json\/wp\/v2\/media\/10472"}],"wp:attachment":[{"href":"https:\/\/finanedi.es\/blog\/wp-json\/wp\/v2\/media?parent=10465"}],"wp:term":[{"taxonomy":"category","embeddable":true,"href":"https:\/\/finanedi.es\/blog\/wp-json\/wp\/v2\/categories?post=10465"},{"taxonomy":"post_tag","embeddable":true,"href":"https:\/\/finanedi.es\/blog\/wp-json\/wp\/v2\/tags?post=10465"}],"curies":[{"name":"wp","href":"https:\/\/api.w.org\/{rel}","templated":true}]}}