{"id":10658,"date":"2025-05-12T08:21:47","date_gmt":"2025-05-12T06:21:47","guid":{"rendered":"https:\/\/finanedi.es\/blog\/?p=10658"},"modified":"2025-05-12T08:24:38","modified_gmt":"2025-05-12T06:24:38","slug":"12-de-mayo-dia-europeo-de-las-pymes-celebrando-el-motor-economico-de-europa","status":"publish","type":"post","link":"https:\/\/finanedi.es\/blog\/12-de-mayo-dia-europeo-de-las-pymes-celebrando-el-motor-economico-de-europa\/","title":{"rendered":"12 de mayo: D\u00eda Europeo de las pymes \u2013 Celebrando el motor econ\u00f3mico de Europa"},"content":{"rendered":"\t\t<div data-elementor-type=\"wp-post\" data-elementor-id=\"10658\" class=\"elementor elementor-10658\">\n\t\t\t\t<div class=\"elementor-element elementor-element-956191e e-flex e-con-boxed e-con e-parent\" data-id=\"956191e\" data-element_type=\"container\">\n\t\t\t\t\t<div class=\"e-con-inner\">\n\t\t\t\t<div class=\"elementor-element elementor-element-ffaf5c4 elementor-widget elementor-widget-text-editor\" data-id=\"ffaf5c4\" data-element_type=\"widget\" data-widget_type=\"text-editor.default\">\n\t\t\t\t<div class=\"elementor-widget-container\">\n\t\t\t\t\t\t\t\t\t<p class=\"\" data-start=\"259\" data-end=\"674\">El 12 de mayo se celebra el <strong data-start=\"287\" data-end=\"315\">D\u00eda Europeo de las PYMES<\/strong>, una fecha que pone en valor el papel fundamental que desempe\u00f1an las peque\u00f1as y medianas empresas en el desarrollo econ\u00f3mico, la innovaci\u00f3n y el empleo en toda Europa. En un entorno en constante transformaci\u00f3n, es un buen momento para reflexionar sobre los retos que enfrentan estas empresas y las oportunidades que tienen a su alcance para seguir creciendo.<\/p><p class=\"\" data-start=\"676\" data-end=\"850\">Desde<a href=\"https:\/\/finanedi.es\/\" target=\"_blank\" rel=\"noopener\"> FinanEDI<\/a>, queremos aprovechar esta fecha para rendir homenaje a todas las pymes y aut\u00f3nomos que forman la base del tejido empresarial europeo y, especialmente, espa\u00f1ol.<\/p>\t\t\t\t\t\t\t\t<\/div>\n\t\t\t\t<\/div>\n\t\t\t\t\t<\/div>\n\t\t\t\t<\/div>\n\t\t<div class=\"elementor-element elementor-element-9a7ba88 e-flex e-con-boxed e-con e-parent\" data-id=\"9a7ba88\" data-element_type=\"container\">\n\t\t\t\t\t<div class=\"e-con-inner\">\n\t\t\t\t<div class=\"elementor-element elementor-element-05dd3a3 elementor-widget elementor-widget-spacer\" data-id=\"05dd3a3\" data-element_type=\"widget\" data-widget_type=\"spacer.default\">\n\t\t\t\t<div class=\"elementor-widget-container\">\n\t\t\t\t\t\t\t<div class=\"elementor-spacer\">\n\t\t\t<div class=\"elementor-spacer-inner\"><\/div>\n\t\t<\/div>\n\t\t\t\t\t\t<\/div>\n\t\t\t\t<\/div>\n\t\t\t\t\t<\/div>\n\t\t\t\t<\/div>\n\t\t<div class=\"elementor-element elementor-element-fc32b34 e-flex e-con-boxed e-con e-parent\" data-id=\"fc32b34\" data-element_type=\"container\">\n\t\t\t\t\t<div class=\"e-con-inner\">\n\t\t\t\t<div class=\"elementor-element elementor-element-b035481 elementor-widget elementor-widget-heading\" data-id=\"b035481\" data-element_type=\"widget\" data-widget_type=\"heading.default\">\n\t\t\t\t<div class=\"elementor-widget-container\">\n\t\t\t\t\t<h2 class=\"elementor-heading-title elementor-size-default\">La importancia de las pymes en Europa y Espa\u00f1a<\/h2>\t\t\t\t<\/div>\n\t\t\t\t<\/div>\n\t\t\t\t\t<\/div>\n\t\t\t\t<\/div>\n\t\t<div class=\"elementor-element elementor-element-79a8b83 e-flex e-con-boxed e-con e-parent\" data-id=\"79a8b83\" data-element_type=\"container\">\n\t\t\t\t\t<div class=\"e-con-inner\">\n\t\t\t\t<div class=\"elementor-element elementor-element-61f8487 elementor-widget elementor-widget-text-editor\" data-id=\"61f8487\" data-element_type=\"widget\" data-widget_type=\"text-editor.default\">\n\t\t\t\t<div class=\"elementor-widget-container\">\n\t\t\t\t\t\t\t\t\t<p class=\"\" data-start=\"913\" data-end=\"1270\">Las cifras hablan por s\u00ed solas: <strong data-start=\"945\" data-end=\"1019\">las pymes representan el 99% del total de empresas en la Uni\u00f3n Europea<\/strong> y generan aproximadamente dos de cada tres empleos en el sector privado. En Espa\u00f1a, la situaci\u00f3n es a\u00fan m\u00e1s representativa, con m\u00e1s de <strong data-start=\"1159\" data-end=\"1207\">3,3 millones de peque\u00f1as y medianas empresas<\/strong> que constituyen el coraz\u00f3n de la actividad econ\u00f3mica nacional.<\/p><p class=\"\" data-start=\"1272\" data-end=\"1577\">Estas empresas son claves en sectores tan diversos como el comercio, la industria, la construcci\u00f3n o los servicios profesionales. Adem\u00e1s, tienen un papel esencial en la cohesi\u00f3n territorial, ya que muchas operan fuera de las grandes ciudades, fomentando el desarrollo local y evitando la despoblaci\u00f3n.<\/p>\t\t\t\t\t\t\t\t<\/div>\n\t\t\t\t<\/div>\n\t\t\t\t\t<\/div>\n\t\t\t\t<\/div>\n\t\t<div class=\"elementor-element elementor-element-fe3471d e-flex e-con-boxed e-con e-parent\" data-id=\"fe3471d\" data-element_type=\"container\">\n\t\t\t\t\t<div class=\"e-con-inner\">\n\t\t\t\t<div class=\"elementor-element elementor-element-5fd3653 elementor-widget elementor-widget-spacer\" data-id=\"5fd3653\" data-element_type=\"widget\" data-widget_type=\"spacer.default\">\n\t\t\t\t<div class=\"elementor-widget-container\">\n\t\t\t\t\t\t\t<div class=\"elementor-spacer\">\n\t\t\t<div class=\"elementor-spacer-inner\"><\/div>\n\t\t<\/div>\n\t\t\t\t\t\t<\/div>\n\t\t\t\t<\/div>\n\t\t\t\t\t<\/div>\n\t\t\t\t<\/div>\n\t\t<div class=\"elementor-element elementor-element-83623a3 e-flex e-con-boxed e-con e-parent\" data-id=\"83623a3\" data-element_type=\"container\">\n\t\t\t\t\t<div class=\"e-con-inner\">\n\t\t\t\t<div class=\"elementor-element elementor-element-245d3ee elementor-widget elementor-widget-heading\" data-id=\"245d3ee\" data-element_type=\"widget\" data-widget_type=\"heading.default\">\n\t\t\t\t<div class=\"elementor-widget-container\">\n\t\t\t\t\t<h2 class=\"elementor-heading-title elementor-size-default\">Principales desaf\u00edos que enfrentan las pymes hoy<\/h2>\t\t\t\t<\/div>\n\t\t\t\t<\/div>\n\t\t\t\t\t<\/div>\n\t\t\t\t<\/div>\n\t\t<div class=\"elementor-element elementor-element-8fb5507 e-flex e-con-boxed e-con e-parent\" data-id=\"8fb5507\" data-element_type=\"container\">\n\t\t\t\t\t<div class=\"e-con-inner\">\n\t\t\t\t<div class=\"elementor-element elementor-element-7c7915d elementor-widget elementor-widget-text-editor\" data-id=\"7c7915d\" data-element_type=\"widget\" data-widget_type=\"text-editor.default\">\n\t\t\t\t<div class=\"elementor-widget-container\">\n\t\t\t\t\t\t\t\t\t<p>A pesar de su peso en la econom\u00eda, las pymes enfrentan desaf\u00edos estructurales que dificultan su competitividad y crecimiento. Algunos de los m\u00e1s relevantes hoy en d\u00eda son:<\/p>\t\t\t\t\t\t\t\t<\/div>\n\t\t\t\t<\/div>\n\t\t\t\t\t<\/div>\n\t\t\t\t<\/div>\n\t\t<div class=\"elementor-element elementor-element-88a88c9 e-flex e-con-boxed e-con e-parent\" data-id=\"88a88c9\" data-element_type=\"container\">\n\t\t\t\t\t<div class=\"e-con-inner\">\n\t\t\t\t<div class=\"elementor-element elementor-element-fee5306 elementor-widget elementor-widget-text-editor\" data-id=\"fee5306\" data-element_type=\"widget\" data-widget_type=\"text-editor.default\">\n\t\t\t\t<div class=\"elementor-widget-container\">\n\t\t\t\t\t\t\t\t\t<ul><li class=\"\" data-start=\"1815\" data-end=\"2017\"><p class=\"\" data-start=\"1817\" data-end=\"2017\"><strong data-start=\"1817\" data-end=\"1843\">Acceso a financiaci\u00f3n:<\/strong> conseguir liquidez o financiaci\u00f3n a largo plazo sigue siendo un reto, especialmente en momentos de incertidumbre econ\u00f3mica o ante el endurecimiento de condiciones bancarias.<\/p><\/li><li class=\"\" data-start=\"2021\" data-end=\"2225\"><p class=\"\" data-start=\"2023\" data-end=\"2225\"><strong data-start=\"2023\" data-end=\"2050\">Transformaci\u00f3n digital:<\/strong> la digitalizaci\u00f3n ya no es una opci\u00f3n, sino una necesidad. Sin embargo, muchas pymes a\u00fan tienen dificultades para adoptar herramientas tecnol\u00f3gicas que mejoren su eficiencia.<\/p><\/li><li class=\"\" data-start=\"2227\" data-end=\"2417\"><p class=\"\" data-start=\"2229\" data-end=\"2417\"><strong data-start=\"2229\" data-end=\"2263\">Carga administrativa y fiscal:<\/strong> la gesti\u00f3n del negocio muchas veces se ve entorpecida por tr\u00e1mites complejos, normativa cambiante y obligaciones fiscales que consumen tiempo y recursos.<\/p><\/li><li class=\"\" data-start=\"2419\" data-end=\"2616\"><p class=\"\" data-start=\"2421\" data-end=\"2616\"><strong data-start=\"2421\" data-end=\"2461\">Competencia global y sostenibilidad:<\/strong> adaptarse a nuevos est\u00e1ndares de sostenibilidad, luchar por visibilidad frente a grandes empresas y competir en un entorno digitalizado son retos comunes.<\/p><\/li><\/ul>\t\t\t\t\t\t\t\t<\/div>\n\t\t\t\t<\/div>\n\t\t\t\t\t<\/div>\n\t\t\t\t<\/div>\n\t\t<div class=\"elementor-element elementor-element-ee119ce e-flex e-con-boxed e-con e-parent\" data-id=\"ee119ce\" data-element_type=\"container\">\n\t\t\t\t\t<div class=\"e-con-inner\">\n\t\t\t\t<div class=\"elementor-element elementor-element-e18f7bd elementor-widget elementor-widget-spacer\" data-id=\"e18f7bd\" data-element_type=\"widget\" data-widget_type=\"spacer.default\">\n\t\t\t\t<div class=\"elementor-widget-container\">\n\t\t\t\t\t\t\t<div class=\"elementor-spacer\">\n\t\t\t<div class=\"elementor-spacer-inner\"><\/div>\n\t\t<\/div>\n\t\t\t\t\t\t<\/div>\n\t\t\t\t<\/div>\n\t\t\t\t\t<\/div>\n\t\t\t\t<\/div>\n\t\t<div class=\"elementor-element elementor-element-f2684a9 e-flex e-con-boxed e-con e-parent\" data-id=\"f2684a9\" data-element_type=\"container\">\n\t\t\t\t\t<div class=\"e-con-inner\">\n\t\t\t\t<div class=\"elementor-element elementor-element-965678d elementor-widget elementor-widget-heading\" data-id=\"965678d\" data-element_type=\"widget\" data-widget_type=\"heading.default\">\n\t\t\t\t<div class=\"elementor-widget-container\">\n\t\t\t\t\t<h2 class=\"elementor-heading-title elementor-size-default\">Apoyos e iniciativas para pymes en la Uni\u00f3n Europea<\/h2>\t\t\t\t<\/div>\n\t\t\t\t<\/div>\n\t\t\t\t\t<\/div>\n\t\t\t\t<\/div>\n\t\t<div class=\"elementor-element elementor-element-c85b99b e-flex e-con-boxed e-con e-parent\" data-id=\"c85b99b\" data-element_type=\"container\">\n\t\t\t\t\t<div class=\"e-con-inner\">\n\t\t\t\t<div class=\"elementor-element elementor-element-694d54c elementor-widget elementor-widget-text-editor\" data-id=\"694d54c\" data-element_type=\"widget\" data-widget_type=\"text-editor.default\">\n\t\t\t\t<div class=\"elementor-widget-container\">\n\t\t\t\t\t\t\t\t\t<p>Conscientes de estos desaf\u00edos, desde la Uni\u00f3n Europea se han puesto en marcha diversas iniciativas para fortalecer el ecosistema pyme. Algunas de las m\u00e1s destacadas son:<\/p>\t\t\t\t\t\t\t\t<\/div>\n\t\t\t\t<\/div>\n\t\t\t\t\t<\/div>\n\t\t\t\t<\/div>\n\t\t<div class=\"elementor-element elementor-element-7652e48 e-flex e-con-boxed e-con e-parent\" data-id=\"7652e48\" data-element_type=\"container\">\n\t\t\t\t\t<div class=\"e-con-inner\">\n\t\t\t\t<div class=\"elementor-element elementor-element-fce457a elementor-widget elementor-widget-text-editor\" data-id=\"fce457a\" data-element_type=\"widget\" data-widget_type=\"text-editor.default\">\n\t\t\t\t<div class=\"elementor-widget-container\">\n\t\t\t\t\t\t\t\t\t<ul><li class=\"\" data-start=\"2855\" data-end=\"2991\"><p class=\"\" data-start=\"2857\" data-end=\"2991\"><strong data-start=\"2857\" data-end=\"2877\">Horizonte Europa<\/strong>: programa de investigaci\u00f3n e innovaci\u00f3n con fondos disponibles para pymes tecnol\u00f3gicas o con potencial innovador.<\/p><\/li><li class=\"\" data-start=\"2995\" data-end=\"3131\"><p class=\"\" data-start=\"2997\" data-end=\"3131\"><strong data-start=\"2997\" data-end=\"3009\">InvestEU<\/strong>: facilita el acceso a financiaci\u00f3n a trav\u00e9s de intermediarios financieros, con especial atenci\u00f3n a las peque\u00f1as empresas.<\/p><\/li><li class=\"\" data-start=\"3133\" data-end=\"3267\"><p class=\"\" data-start=\"3135\" data-end=\"3267\"><strong data-start=\"3135\" data-end=\"3162\">Programa Europa Digital<\/strong>: promueve la adopci\u00f3n de tecnolog\u00edas avanzadas, competencias digitales y herramientas de ciberseguridad.<\/p><\/li><li class=\"\" data-start=\"3269\" data-end=\"3405\"><p class=\"\" data-start=\"3271\" data-end=\"3405\"><a href=\"https:\/\/finanedi.es\/blog\/que-son-los-fondos-next-generation-eu\/\" target=\"_blank\" rel=\"noopener\"><strong data-start=\"3271\" data-end=\"3300\">Fondos Next Generation EU<\/strong><\/a>: ofrecen oportunidades para modernizar procesos, digitalizar negocios y avanzar hacia la sostenibilidad.<\/p><\/li><\/ul>\t\t\t\t\t\t\t\t<\/div>\n\t\t\t\t<\/div>\n\t\t\t\t\t<\/div>\n\t\t\t\t<\/div>\n\t\t<div class=\"elementor-element elementor-element-9247829 e-flex e-con-boxed e-con e-parent\" data-id=\"9247829\" data-element_type=\"container\">\n\t\t\t\t\t<div class=\"e-con-inner\">\n\t\t\t\t<div class=\"elementor-element elementor-element-cc80095 elementor-widget elementor-widget-text-editor\" data-id=\"cc80095\" data-element_type=\"widget\" data-widget_type=\"text-editor.default\">\n\t\t\t\t<div class=\"elementor-widget-container\">\n\t\t\t\t\t\t\t\t\t<p>A nivel nacional y auton\u00f3mico tambi\u00e9n existen ayudas y subvenciones espec\u00edficas, adem\u00e1s de programas de formaci\u00f3n, mentoring y asesoramiento.<\/p>\t\t\t\t\t\t\t\t<\/div>\n\t\t\t\t<\/div>\n\t\t\t\t\t<\/div>\n\t\t\t\t<\/div>\n\t\t<div class=\"elementor-element elementor-element-98d3783 e-flex e-con-boxed e-con e-parent\" data-id=\"98d3783\" data-element_type=\"container\">\n\t\t\t\t\t<div class=\"e-con-inner\">\n\t\t\t\t<div class=\"elementor-element elementor-element-2177f4d elementor-widget elementor-widget-spacer\" data-id=\"2177f4d\" data-element_type=\"widget\" data-widget_type=\"spacer.default\">\n\t\t\t\t<div class=\"elementor-widget-container\">\n\t\t\t\t\t\t\t<div class=\"elementor-spacer\">\n\t\t\t<div class=\"elementor-spacer-inner\"><\/div>\n\t\t<\/div>\n\t\t\t\t\t\t<\/div>\n\t\t\t\t<\/div>\n\t\t\t\t\t<\/div>\n\t\t\t\t<\/div>\n\t\t<div class=\"elementor-element elementor-element-4538639 e-flex e-con-boxed e-con e-parent\" data-id=\"4538639\" data-element_type=\"container\">\n\t\t\t\t\t<div class=\"e-con-inner\">\n\t\t\t\t<div class=\"elementor-element elementor-element-6811723 elementor-widget elementor-widget-heading\" data-id=\"6811723\" data-element_type=\"widget\" data-widget_type=\"heading.default\">\n\t\t\t\t<div class=\"elementor-widget-container\">\n\t\t\t\t\t<h2 class=\"elementor-heading-title elementor-size-default\">\u00bfC\u00f3mo puede ayudarte FinanEDI a crecer como pyme?<\/h2>\t\t\t\t<\/div>\n\t\t\t\t<\/div>\n\t\t\t\t\t<\/div>\n\t\t\t\t<\/div>\n\t\t<div class=\"elementor-element elementor-element-a2ef465 e-flex e-con-boxed e-con e-parent\" data-id=\"a2ef465\" data-element_type=\"container\">\n\t\t\t\t\t<div class=\"e-con-inner\">\n\t\t\t\t<div class=\"elementor-element elementor-element-d0d99bc elementor-widget elementor-widget-text-editor\" data-id=\"d0d99bc\" data-element_type=\"widget\" data-widget_type=\"text-editor.default\">\n\t\t\t\t<div class=\"elementor-widget-container\">\n\t\t\t\t\t\t\t\t\t<p>En este contexto, <strong data-start=\"3632\" data-end=\"3712\">contar con herramientas que faciliten la gesti\u00f3n diaria del negocio es clave<\/strong>. En <a href=\"https:\/\/finanedi.es\/\" target=\"_blank\" rel=\"noopener\">FinanEDI<\/a> acompa\u00f1amos a aut\u00f3nomos y pymes para que puedan centrarse en lo que realmente importa: hacer crecer su empresa.<\/p>\t\t\t\t\t\t\t\t<\/div>\n\t\t\t\t<\/div>\n\t\t\t\t\t<\/div>\n\t\t\t\t<\/div>\n\t\t<div class=\"elementor-element elementor-element-5d24f8d e-flex e-con-boxed e-con e-parent\" data-id=\"5d24f8d\" data-element_type=\"container\">\n\t\t\t\t\t<div class=\"e-con-inner\">\n\t\t\t\t<div class=\"elementor-element elementor-element-738a395 elementor-widget elementor-widget-text-editor\" data-id=\"738a395\" data-element_type=\"widget\" data-widget_type=\"text-editor.default\">\n\t\t\t\t<div class=\"elementor-widget-container\">\n\t\t\t\t\t\t\t\t\t<ul><li class=\"\" data-start=\"3839\" data-end=\"4016\"><p class=\"\" data-start=\"3841\" data-end=\"4016\">Nuestro software gratuito de <strong data-start=\"3870\" data-end=\"3900\">facturaci\u00f3n y contabilidad<\/strong> te permite llevar el control de tus ingresos, gastos, impuestos y clientes desde un solo lugar, sin complicaciones.<\/p><\/li><li class=\"\" data-start=\"4020\" data-end=\"4204\"><p class=\"\" data-start=\"4022\" data-end=\"4204\">Te ayudamos a cumplir con la <strong data-start=\"4051\" data-end=\"4092\">obligaci\u00f3n de facturaci\u00f3n electr\u00f3nica<\/strong> sin coste, adapt\u00e1ndote a los nuevos requisitos normativos que marcar\u00e1n el futuro de las relaciones comerciales.<\/p><\/li><li class=\"\" data-start=\"4206\" data-end=\"4320\"><p class=\"\" data-start=\"4208\" data-end=\"4320\">Ahorras tiempo, evitas errores y tienes una <strong data-start=\"4252\" data-end=\"4282\">visi\u00f3n clara y actualizada<\/strong> de la salud financiera de tu negocio.<\/p><\/li><\/ul>\t\t\t\t\t\t\t\t<\/div>\n\t\t\t\t<\/div>\n\t\t\t\t\t<\/div>\n\t\t\t\t<\/div>\n\t\t<div class=\"elementor-element elementor-element-5b2f635 e-flex e-con-boxed e-con e-parent\" data-id=\"5b2f635\" data-element_type=\"container\">\n\t\t\t\t\t<div class=\"e-con-inner\">\n\t\t\t\t<div class=\"elementor-element elementor-element-7923e1e elementor-widget elementor-widget-text-editor\" data-id=\"7923e1e\" data-element_type=\"widget\" data-widget_type=\"text-editor.default\">\n\t\t\t\t<div class=\"elementor-widget-container\">\n\t\t\t\t\t\t\t\t\t<p>Porque creemos que la digitalizaci\u00f3n debe ser accesible para todos, especialmente para los m\u00e1s peque\u00f1os.<\/p>\t\t\t\t\t\t\t\t<\/div>\n\t\t\t\t<\/div>\n\t\t\t\t\t<\/div>\n\t\t\t\t<\/div>\n\t\t<div class=\"elementor-element elementor-element-45202581 e-flex e-con-boxed e-con e-parent\" data-id=\"45202581\" data-element_type=\"container\">\n\t\t\t\t\t<div class=\"e-con-inner\">\n\t\t\t\t<div class=\"elementor-element elementor-element-338ec12a elementor-widget elementor-widget-text-editor\" data-id=\"338ec12a\" data-element_type=\"widget\" data-widget_type=\"text-editor.default\">\n\t\t\t\t<div class=\"elementor-widget-container\">\n\t\t\t\t\t\t\t\t\t<p><strong>\ud83d\udcc4 Art\u00edculo relacionado<\/strong>:\u00a0<a href=\"https:\/\/finanedi.es\/blog\/como-funciona-el-sistema-edi-de-finanedi\/\" target=\"_blank\" rel=\"noopener\">\u00bfC\u00f3mo funciona el sistema EDI de FinanEDI?\u200b<\/a><\/p>\t\t\t\t\t\t\t\t<\/div>\n\t\t\t\t<\/div>\n\t\t\t\t\t<\/div>\n\t\t\t\t<\/div>\n\t\t<div class=\"elementor-element elementor-element-9f8e2e1 e-flex e-con-boxed e-con e-parent\" data-id=\"9f8e2e1\" data-element_type=\"container\">\n\t\t\t\t\t<div class=\"e-con-inner\">\n\t\t\t\t<div class=\"elementor-element elementor-element-d447421 elementor-widget elementor-widget-spacer\" data-id=\"d447421\" data-element_type=\"widget\" data-widget_type=\"spacer.default\">\n\t\t\t\t<div class=\"elementor-widget-container\">\n\t\t\t\t\t\t\t<div class=\"elementor-spacer\">\n\t\t\t<div class=\"elementor-spacer-inner\"><\/div>\n\t\t<\/div>\n\t\t\t\t\t\t<\/div>\n\t\t\t\t<\/div>\n\t\t\t\t\t<\/div>\n\t\t\t\t<\/div>\n\t\t<div class=\"elementor-element elementor-element-458d0a9 e-flex e-con-boxed e-con e-parent\" data-id=\"458d0a9\" data-element_type=\"container\" data-settings=\"{&quot;background_background&quot;:&quot;classic&quot;}\">\n\t\t\t\t\t<div class=\"e-con-inner\">\n\t\t<div class=\"elementor-element elementor-element-1af6bf07 e-con-full e-flex e-con e-child\" data-id=\"1af6bf07\" data-element_type=\"container\">\n\t\t<div class=\"elementor-element elementor-element-5505e0a8 e-flex e-con-boxed e-con e-child\" data-id=\"5505e0a8\" data-element_type=\"container\">\n\t\t\t\t\t<div class=\"e-con-inner\">\n\t\t\t\t<div class=\"elementor-element elementor-element-151d9d3a elementor-widget elementor-widget-heading\" data-id=\"151d9d3a\" data-element_type=\"widget\" data-widget_type=\"heading.default\">\n\t\t\t\t<div class=\"elementor-widget-container\">\n\t\t\t\t\t<h3 class=\"elementor-heading-title elementor-size-default\">Herramientas para impulsar<br>tu negocio<\/h3>\t\t\t\t<\/div>\n\t\t\t\t<\/div>\n\t\t\t\t<div class=\"elementor-element elementor-element-550b4ff3 elementor-widget elementor-widget-text-editor\" data-id=\"550b4ff3\" data-element_type=\"widget\" data-widget_type=\"text-editor.default\">\n\t\t\t\t<div class=\"elementor-widget-container\">\n\t\t\t\t\t\t\t\t\t<p>FinanEDI es la soluci\u00f3n en la nube gratuita que permite automatizar y optimizar los procesos financieros, contables y administrativos de tu negocio.<\/p>\t\t\t\t\t\t\t\t<\/div>\n\t\t\t\t<\/div>\n\t\t\t\t<div class=\"elementor-element elementor-element-6002db20 elementor-widget elementor-widget-button\" data-id=\"6002db20\" data-element_type=\"widget\" data-widget_type=\"button.default\">\n\t\t\t\t<div class=\"elementor-widget-container\">\n\t\t\t\t\t\t\t\t\t<div class=\"elementor-button-wrapper\">\n\t\t\t\t\t<a class=\"elementor-button elementor-button-link elementor-size-md\" href=\"https:\/\/finanedi.es\/\" target=\"_blank\">\n\t\t\t\t\t\t<span class=\"elementor-button-content-wrapper\">\n\t\t\t\t\t\t\t\t\t<span class=\"elementor-button-text\">Crear cuenta gratis<\/span>\n\t\t\t\t\t<\/span>\n\t\t\t\t\t<\/a>\n\t\t\t\t<\/div>\n\t\t\t\t\t\t\t\t<\/div>\n\t\t\t\t<\/div>\n\t\t\t\t\t<\/div>\n\t\t\t\t<\/div>\n\t\t\t\t<\/div>\n\t\t<div class=\"elementor-element elementor-element-6da942ae e-con-full e-flex e-con e-child\" data-id=\"6da942ae\" data-element_type=\"container\">\n\t\t\t\t<div class=\"elementor-element elementor-element-58138ce3 elementor-widget elementor-widget-image\" data-id=\"58138ce3\" data-element_type=\"widget\" data-widget_type=\"image.default\">\n\t\t\t\t<div class=\"elementor-widget-container\">\n\t\t\t\t\t\t\t\t\t\t\t\t\t\t\t<img fetchpriority=\"high\" decoding=\"async\" width=\"300\" height=\"233\" src=\"https:\/\/finanedi.es\/blog\/contenido\/uploads\/2024\/09\/Dashborad_00115-300x233.png\" class=\"attachment-medium size-medium wp-image-5370\" alt=\"Herramientas para impulsar tu negocio - FinanEDI\" srcset=\"https:\/\/finanedi.es\/blog\/contenido\/uploads\/2024\/09\/Dashborad_00115-300x233.png 300w, https:\/\/finanedi.es\/blog\/contenido\/uploads\/2024\/09\/Dashborad_00115-768x597.png 768w, https:\/\/finanedi.es\/blog\/contenido\/uploads\/2024\/09\/Dashborad_00115.png 900w\" sizes=\"(max-width: 300px) 100vw, 300px\" \/>\t\t\t\t\t\t\t\t\t\t\t\t\t\t\t<\/div>\n\t\t\t\t<\/div>\n\t\t\t\t<\/div>\n\t\t\t\t\t<\/div>\n\t\t\t\t<\/div>\n\t\t<div class=\"elementor-element elementor-element-235e283 e-flex e-con-boxed e-con e-parent\" data-id=\"235e283\" data-element_type=\"container\">\n\t\t\t\t\t<div class=\"e-con-inner\">\n\t\t\t\t<div class=\"elementor-element elementor-element-6071ed9 elementor-widget elementor-widget-spacer\" data-id=\"6071ed9\" data-element_type=\"widget\" data-widget_type=\"spacer.default\">\n\t\t\t\t<div class=\"elementor-widget-container\">\n\t\t\t\t\t\t\t<div class=\"elementor-spacer\">\n\t\t\t<div class=\"elementor-spacer-inner\"><\/div>\n\t\t<\/div>\n\t\t\t\t\t\t<\/div>\n\t\t\t\t<\/div>\n\t\t\t\t\t<\/div>\n\t\t\t\t<\/div>\n\t\t<div class=\"elementor-element elementor-element-b4b9680 e-flex e-con-boxed e-con e-parent\" data-id=\"b4b9680\" data-element_type=\"container\">\n\t\t\t\t\t<div class=\"e-con-inner\">\n\t\t\t\t<div class=\"elementor-element elementor-element-898f86c elementor-widget elementor-widget-text-editor\" data-id=\"898f86c\" data-element_type=\"widget\" data-widget_type=\"text-editor.default\">\n\t\t\t\t<div class=\"elementor-widget-container\">\n\t\t\t\t\t\t\t\t\t<p class=\"\" data-start=\"4483\" data-end=\"4776\">El D\u00eda Europeo de las pymes es mucho m\u00e1s que una fecha en el calendario. Es una oportunidad para <strong data-start=\"4580\" data-end=\"4633\">reconocer el esfuerzo diario de miles de empresas<\/strong> que sostienen la econom\u00eda y para recordar que, con las herramientas adecuadas, cualquier pyme puede ser m\u00e1s competitiva, eficiente y rentable.<\/p><p class=\"\" data-start=\"4778\" data-end=\"5033\">Desde FinanEDI, te animamos a aprovechar esta jornada para evaluar c\u00f3mo puedes mejorar la gesti\u00f3n de tu negocio, reducir costes y ganar en tranquilidad. Y si a\u00fan no lo haces, empieza hoy a usar FinanEDI. Es gratuito, es f\u00e1cil, y est\u00e1 hecho pensando en ti.<\/p>\t\t\t\t\t\t\t\t<\/div>\n\t\t\t\t<\/div>\n\t\t\t\t\t<\/div>\n\t\t\t\t<\/div>\n\t\t<div class=\"elementor-element elementor-element-725ee7b4 e-flex e-con-boxed e-con e-parent\" data-id=\"725ee7b4\" data-element_type=\"container\">\n\t\t\t\t\t<div class=\"e-con-inner\">\n\t\t<div class=\"elementor-element elementor-element-ee0e823 e-flex e-con-boxed e-con e-child\" data-id=\"ee0e823\" data-element_type=\"container\">\n\t\t\t\t\t<div class=\"e-con-inner\">\n\t\t\t\t<div class=\"elementor-element elementor-element-3ccbe198 elementor-widget elementor-widget-heading\" data-id=\"3ccbe198\" data-element_type=\"widget\" data-widget_type=\"heading.default\">\n\t\t\t\t<div class=\"elementor-widget-container\">\n\t\t\t\t\t<h3 class=\"elementor-heading-title elementor-size-default\">Preguntas frecuentes<\/h3>\t\t\t\t<\/div>\n\t\t\t\t<\/div>\n\t\t\t\t\t<\/div>\n\t\t\t\t<\/div>\n\t\t<div class=\"elementor-element elementor-element-4ab0832d e-flex e-con-boxed e-con e-child\" data-id=\"4ab0832d\" data-element_type=\"container\">\n\t\t\t\t\t<div class=\"e-con-inner\">\n\t\t\t\t<div class=\"elementor-element elementor-element-6706aea9 elementor-widget elementor-widget-heading\" data-id=\"6706aea9\" data-element_type=\"widget\" data-widget_type=\"heading.default\">\n\t\t\t\t<div class=\"elementor-widget-container\">\n\t\t\t\t\t<h4 class=\"elementor-heading-title elementor-size-default\">\u00bfQu\u00e9 ventajas tienen las pymes frente a las grandes empresas?<\/h4>\t\t\t\t<\/div>\n\t\t\t\t<\/div>\n\t\t\t\t<div class=\"elementor-element elementor-element-4d50ba1e elementor-widget elementor-widget-text-editor\" data-id=\"4d50ba1e\" data-element_type=\"widget\" data-widget_type=\"text-editor.default\">\n\t\t\t\t<div class=\"elementor-widget-container\">\n\t\t\t\t\t\t\t\t\t<p>Las pymes suelen ser m\u00e1s flexibles, tienen una mayor capacidad de adaptaci\u00f3n al cambio y est\u00e1n m\u00e1s cerca de sus clientes. Adem\u00e1s, muchas impulsan la econom\u00eda local y son claves en la generaci\u00f3n de empleo.<\/p>\t\t\t\t\t\t\t\t<\/div>\n\t\t\t\t<\/div>\n\t\t\t\t\t<\/div>\n\t\t\t\t<\/div>\n\t\t<div class=\"elementor-element elementor-element-39c8b672 e-flex e-con-boxed e-con e-child\" data-id=\"39c8b672\" data-element_type=\"container\">\n\t\t\t\t\t<div class=\"e-con-inner\">\n\t\t\t\t<div class=\"elementor-element elementor-element-731a0d83 elementor-widget elementor-widget-heading\" data-id=\"731a0d83\" data-element_type=\"widget\" data-widget_type=\"heading.default\">\n\t\t\t\t<div class=\"elementor-widget-container\">\n\t\t\t\t\t<h4 class=\"elementor-heading-title elementor-size-default\">\u00bfQu\u00e9 ayudas europeas est\u00e1n disponibles para las pymes?<\/h4>\t\t\t\t<\/div>\n\t\t\t\t<\/div>\n\t\t\t\t<div class=\"elementor-element elementor-element-37546082 elementor-widget elementor-widget-text-editor\" data-id=\"37546082\" data-element_type=\"widget\" data-widget_type=\"text-editor.default\">\n\t\t\t\t<div class=\"elementor-widget-container\">\n\t\t\t\t\t\t\t\t\t<p>Existen programas como Horizon Europe, InvestEU y Europa Digital, adem\u00e1s de fondos Next Generation EU. Estos pueden destinarse a digitalizaci\u00f3n, sostenibilidad, innovaci\u00f3n o expansi\u00f3n empresarial. Tambi\u00e9n hay l\u00edneas de apoyo a nivel nacional y auton\u00f3mico.<\/p>\t\t\t\t\t\t\t\t<\/div>\n\t\t\t\t<\/div>\n\t\t\t\t\t<\/div>\n\t\t\t\t<\/div>\n\t\t<div class=\"elementor-element elementor-element-2079f2bf e-flex e-con-boxed e-con e-child\" data-id=\"2079f2bf\" data-element_type=\"container\">\n\t\t\t\t\t<div class=\"e-con-inner\">\n\t\t\t\t<div class=\"elementor-element elementor-element-62709514 elementor-widget elementor-widget-heading\" data-id=\"62709514\" data-element_type=\"widget\" data-widget_type=\"heading.default\">\n\t\t\t\t<div class=\"elementor-widget-container\">\n\t\t\t\t\t<h4 class=\"elementor-heading-title elementor-size-default\">\u00bfC\u00f3mo puede una pyme mejorar su gesti\u00f3n financiera sin gastar mucho dinero?<\/h4>\t\t\t\t<\/div>\n\t\t\t\t<\/div>\n\t\t\t\t<div class=\"elementor-element elementor-element-2c0e6bc6 elementor-widget elementor-widget-text-editor\" data-id=\"2c0e6bc6\" data-element_type=\"widget\" data-widget_type=\"text-editor.default\">\n\t\t\t\t<div class=\"elementor-widget-container\">\n\t\t\t\t\t\t\t\t\t<p>Usar herramientas gratuitas como FinanEDI permite controlar facturaci\u00f3n, contabilidad e impuestos de forma sencilla y sin coste. Esto ayuda a tomar mejores decisiones y optimizar recursos sin necesidad de grandes inversiones.<\/p>\t\t\t\t\t\t\t\t<\/div>\n\t\t\t\t<\/div>\n\t\t\t\t\t<\/div>\n\t\t\t\t<\/div>\n\t\t<div class=\"elementor-element elementor-element-17f5d240 e-flex e-con-boxed e-con e-child\" data-id=\"17f5d240\" data-element_type=\"container\">\n\t\t\t\t\t<div class=\"e-con-inner\">\n\t\t\t\t<div class=\"elementor-element elementor-element-701b9a5e elementor-widget elementor-widget-heading\" data-id=\"701b9a5e\" data-element_type=\"widget\" data-widget_type=\"heading.default\">\n\t\t\t\t<div class=\"elementor-widget-container\">\n\t\t\t\t\t<h4 class=\"elementor-heading-title elementor-size-default\">\u00bfQu\u00e9 cambios normativos deben tener en cuenta las pymes en 2025?<\/h4>\t\t\t\t<\/div>\n\t\t\t\t<\/div>\n\t\t\t\t<div class=\"elementor-element elementor-element-55279ff6 elementor-widget elementor-widget-text-editor\" data-id=\"55279ff6\" data-element_type=\"widget\" data-widget_type=\"text-editor.default\">\n\t\t\t\t<div class=\"elementor-widget-container\">\n\t\t\t\t\t\t\t\t\t<p>Uno de los m\u00e1s relevantes es la obligaci\u00f3n de emitir facturas electr\u00f3nicas, que ser\u00e1 progresiva seg\u00fan el tama\u00f1o de la empresa. Es fundamental adaptarse cuanto antes para cumplir la ley y aprovechar las ventajas de la digitalizaci\u00f3n.<\/p>\t\t\t\t\t\t\t\t<\/div>\n\t\t\t\t<\/div>\n\t\t\t\t\t<\/div>\n\t\t\t\t<\/div>\n\t\t\t\t\t<\/div>\n\t\t\t\t<\/div>\n\t\t<div class=\"elementor-element elementor-element-3a39f86c e-flex e-con-boxed e-con e-parent\" data-id=\"3a39f86c\" data-element_type=\"container\">\n\t\t\t\t\t<div class=\"e-con-inner\">\n\t\t<div class=\"elementor-element elementor-element-7f79ea86 e-con-full e-flex e-con e-child\" data-id=\"7f79ea86\" data-element_type=\"container\">\n\t\t\t\t<div class=\"elementor-element elementor-element-5ecc1a1c elementor-widget elementor-widget-spacer\" data-id=\"5ecc1a1c\" data-element_type=\"widget\" data-widget_type=\"spacer.default\">\n\t\t\t\t<div class=\"elementor-widget-container\">\n\t\t\t\t\t\t\t<div class=\"elementor-spacer\">\n\t\t\t<div class=\"elementor-spacer-inner\"><\/div>\n\t\t<\/div>\n\t\t\t\t\t\t<\/div>\n\t\t\t\t<\/div>\n\t\t\t\t<\/div>\n\t\t<div class=\"elementor-element elementor-element-575e686e e-con-full e-flex e-con e-child\" data-id=\"575e686e\" data-element_type=\"container\">\n\t\t\t\t<div class=\"elementor-element elementor-element-b268238 elementor-widget elementor-widget-heading\" data-id=\"b268238\" data-element_type=\"widget\" data-widget_type=\"heading.default\">\n\t\t\t\t<div class=\"elementor-widget-container\">\n\t\t\t\t\t<h3 class=\"elementor-heading-title elementor-size-default\">No te pierdas...<\/h3>\t\t\t\t<\/div>\n\t\t\t\t<\/div>\n\t\t\t\t<\/div>\n\t\t<div class=\"elementor-element elementor-element-fe288fb e-con-full e-flex e-con e-child\" data-id=\"fe288fb\" data-element_type=\"container\">\n\t\t\t\t<div class=\"elementor-element elementor-element-7b0d545d elementor-widget elementor-widget-katen-post-five\" data-id=\"7b0d545d\" data-element_type=\"widget\" data-widget_type=\"katen-post-five.default\">\n\t\t\t\t<div class=\"elementor-widget-container\">\n\t\t\t\t\t\t\t<div class=\"padding-30 rounded bordered\">\n\n\t\t\t<div class=\"row infinite-wrapper\">\n\n\t\t\t\n\t\t\t\t<div class=\"col-md-12 col-sm-6 post-list-item post-item\">\n\t\t\t\t\t<!-- post -->\n\t\t\t\t\t<div class=\"post post-list clearfix\">\n\n\t\t\t\t\t\t<div class=\"thumb rounded\"><div class=\"inner\"><a href=\"https:\/\/finanedi.es\/blog\/dehu-que-es-y-como-puede-ayudarte-a-gestionar-notificaciones-electronicas-de-la-administracion\/\"><img decoding=\"async\" width=\"330\" height=\"250\" src=\"https:\/\/finanedi.es\/blog\/contenido\/uploads\/2025\/07\/DEHu-que-es-y-como-puede-ayudarte-a-gestionar-notificaciones-electronicas-de-la-Administracion-330x250.jpg\" class=\"attachment-katen-thumb-list size-katen-thumb-list wp-post-image\" alt=\"DEH\u00fa qu\u00e9 es y c\u00f3mo puede ayudarte a gestionar notificaciones electr\u00f3nicas de la Administraci\u00f3n\" \/><\/a><\/div><\/div>  \n\n\t\t\t\t\t\t<div class=\"details clearfix\">\n\t\t\t\t\t\t\t<ul class=\"meta list-inline mb-3\">\n\t\t\t\t\t\t\t\t<li class=\"list-inline-item\"><a href=\"https:\/\/finanedi.es\/blog\/category\/autonomos\/\">Aut\u00f3nomos<\/a><\/li>\t\t\t\t\t\t\t<\/ul>\n\t\t\t\t\t\t\t<h5 class=\"post-title\"><a href=\"https:\/\/finanedi.es\/blog\/dehu-que-es-y-como-puede-ayudarte-a-gestionar-notificaciones-electronicas-de-la-administracion\/\">DEH\u00fa: qu\u00e9 es y c\u00f3mo puede ayudarte a gestionar notificaciones electr\u00f3nicas de la Administraci\u00f3n<\/a><\/h5>\n\t\t\t\t\t\t\t<p class=\"excerpt mb-0\">\n\t\t\t\t\t\t\t\tEn los \u00faltimos a\u00f1os, la digitalizaci\u00f3n ha transformado la forma en la que las empresas,&hellip;\t\t\t\t\t\t\t<\/p>\n\t\t\t\t\t\t\t<div class=\"post-bottom clearfix d-flex align-items-center\">\n\t\t\t\t\t\t\t\t\t\t\t\t\t\t\t\t\t\t\t\t\t\t\t<\/div>\n\t\t\t\t\t\t<\/div>\n\t\t\t\t\t<\/div>\n\t\t\t\t<\/div>\n\n\t\t\t\n\t\t\t\t<div class=\"col-md-12 col-sm-6 post-list-item post-item\">\n\t\t\t\t\t<!-- post -->\n\t\t\t\t\t<div class=\"post post-list clearfix\">\n\n\t\t\t\t\t\t<div class=\"thumb rounded\"><div class=\"inner\"><a href=\"https:\/\/finanedi.es\/blog\/kit-consulting-que-es\/\"><img decoding=\"async\" width=\"330\" height=\"250\" src=\"https:\/\/finanedi.es\/blog\/contenido\/uploads\/2024\/07\/kit-Consulting-que-es-330x250.jpg\" class=\"attachment-katen-thumb-list size-katen-thumb-list wp-post-image\" alt=\"kit Consulting que es\" \/><\/a><\/div><\/div>  \n\n\t\t\t\t\t\t<div class=\"details clearfix\">\n\t\t\t\t\t\t\t<ul class=\"meta list-inline mb-3\">\n\t\t\t\t\t\t\t\t<li class=\"list-inline-item\"><a href=\"https:\/\/finanedi.es\/blog\/category\/pymes\/\">PYMES<\/a><\/li>\t\t\t\t\t\t\t<\/ul>\n\t\t\t\t\t\t\t<h5 class=\"post-title\"><a href=\"https:\/\/finanedi.es\/blog\/kit-consulting-que-es\/\">\u00bfQu\u00e9 es Kit Consulting?<\/a><\/h5>\n\t\t\t\t\t\t\t<p class=\"excerpt mb-0\">\n\t\t\t\t\t\t\t\t\u00bfQu\u00e9 es Kit Consulting? Kit Consulting es una nueva iniciativa de apoyo enfocada en pymes&hellip;\t\t\t\t\t\t\t<\/p>\n\t\t\t\t\t\t\t<div class=\"post-bottom clearfix d-flex align-items-center\">\n\t\t\t\t\t\t\t\t\t\t\t\t\t\t\t\t\t\t\t\t\t\t\t<\/div>\n\t\t\t\t\t\t<\/div>\n\t\t\t\t\t<\/div>\n\t\t\t\t<\/div>\n\n\t\t\t\n\t\t\t\t<div class=\"col-md-12 col-sm-6 post-list-item post-item\">\n\t\t\t\t\t<!-- post -->\n\t\t\t\t\t<div class=\"post post-list clearfix\">\n\n\t\t\t\t\t\t<div class=\"thumb rounded\"><div class=\"inner\"><a href=\"https:\/\/finanedi.es\/blog\/kit-consulting-que-servicios-de-asesoramiento-estan-disponibles\/\"><img loading=\"lazy\" decoding=\"async\" width=\"330\" height=\"250\" src=\"https:\/\/finanedi.es\/blog\/contenido\/uploads\/2024\/07\/kit-Consulting-servicios-de-asesoramiento-330x250.jpg\" class=\"attachment-katen-thumb-list size-katen-thumb-list wp-post-image\" alt=\"kit Consulting servicios de asesoramiento\" \/><\/a><\/div><\/div>  \n\n\t\t\t\t\t\t<div class=\"details clearfix\">\n\t\t\t\t\t\t\t<ul class=\"meta list-inline mb-3\">\n\t\t\t\t\t\t\t\t<li class=\"list-inline-item\"><a href=\"https:\/\/finanedi.es\/blog\/category\/pymes\/\">PYMES<\/a><\/li>\t\t\t\t\t\t\t<\/ul>\n\t\t\t\t\t\t\t<h5 class=\"post-title\"><a href=\"https:\/\/finanedi.es\/blog\/kit-consulting-que-servicios-de-asesoramiento-estan-disponibles\/\">Kit Consulting &#8211; \u00bfQu\u00e9 servicios de asesoramiento est\u00e1n disponibles?\u200b<\/a><\/h5>\n\t\t\t\t\t\t\t<p class=\"excerpt mb-0\">\n\t\t\t\t\t\t\t\tEl programa Kit Consulting ofrece a las empresas la posibilidad de obtener un bono de&hellip;\t\t\t\t\t\t\t<\/p>\n\t\t\t\t\t\t\t<div class=\"post-bottom clearfix d-flex align-items-center\">\n\t\t\t\t\t\t\t\t\t\t\t\t\t\t\t\t\t\t\t\t\t\t\t<\/div>\n\t\t\t\t\t\t<\/div>\n\t\t\t\t\t<\/div>\n\t\t\t\t<\/div>\n\n\t\t\t\n\t\t\t\t<div class=\"col-md-12 col-sm-6 post-list-item post-item\">\n\t\t\t\t\t<!-- post -->\n\t\t\t\t\t<div class=\"post post-list clearfix\">\n\n\t\t\t\t\t\t<div class=\"thumb rounded\"><div class=\"inner\"><a href=\"https:\/\/finanedi.es\/blog\/edi-para-pymes-que-es-y-como-puede-transformar-tu-gestion\/\"><img loading=\"lazy\" decoding=\"async\" width=\"330\" height=\"250\" src=\"https:\/\/finanedi.es\/blog\/contenido\/uploads\/2025\/04\/EDI-para-pymes-330x250.jpg\" class=\"attachment-katen-thumb-list size-katen-thumb-list wp-post-image\" alt=\"EDI para pymes\" \/><\/a><\/div><\/div>  \n\n\t\t\t\t\t\t<div class=\"details clearfix\">\n\t\t\t\t\t\t\t<ul class=\"meta list-inline mb-3\">\n\t\t\t\t\t\t\t\t<li class=\"list-inline-item\"><a href=\"https:\/\/finanedi.es\/blog\/category\/pymes\/\">PYMES<\/a><\/li>\t\t\t\t\t\t\t<\/ul>\n\t\t\t\t\t\t\t<h5 class=\"post-title\"><a href=\"https:\/\/finanedi.es\/blog\/edi-para-pymes-que-es-y-como-puede-transformar-tu-gestion\/\">EDI para pymes: qu\u00e9 es y c\u00f3mo puede transformar tu gesti\u00f3n<\/a><\/h5>\n\t\t\t\t\t\t\t<p class=\"excerpt mb-0\">\n\t\t\t\t\t\t\t\tLa transformaci\u00f3n digital ha dejado de ser una opci\u00f3n para convertirse en una necesidad, especialmente&hellip;\t\t\t\t\t\t\t<\/p>\n\t\t\t\t\t\t\t<div class=\"post-bottom clearfix d-flex align-items-center\">\n\t\t\t\t\t\t\t\t\t\t\t\t\t\t\t\t\t\t\t\t\t\t\t<\/div>\n\t\t\t\t\t\t<\/div>\n\t\t\t\t\t<\/div>\n\t\t\t\t<\/div>\n\n\t\t\t\n\t\t\t<\/div>\n\n\t\t<\/div>\n\t\t\n        \t\t\t\t<\/div>\n\t\t\t\t<\/div>\n\t\t\t\t<\/div>\n\t\t\t\t\t<\/div>\n\t\t\t\t<\/div>\n\t\t\t\t<\/div>\n\t\t","protected":false},"excerpt":{"rendered":"<p>El 12 de mayo se celebra el D\u00eda Europeo de las PYMES, una fecha que pone en valor el papel fundamental que desempe\u00f1an las peque\u00f1as y medianas empresas en el desarrollo econ\u00f3mico, la innovaci\u00f3n y el empleo en toda Europa. En un entorno en constante transformaci\u00f3n, es un buen momento para reflexionar sobre los retos que enfrentan estas empresas y las oportunidades que tienen a su alcance para seguir creciendo.<\/p>\n<p>Desde FinanEDI, queremos aprovechar esta fecha para rendir homenaje a todas las pymes y aut\u00f3nomos que forman la base del tejido empresarial europeo y, especialmente, espa\u00f1ol.<\/p>\n","protected":false},"author":3,"featured_media":10661,"comment_status":"closed","ping_status":"open","sticky":false,"template":"","format":"standard","meta":{"_monsterinsights_skip_tracking":false,"_monsterinsights_sitenote_active":false,"_monsterinsights_sitenote_note":"","_monsterinsights_sitenote_category":0,"footnotes":""},"categories":[43],"tags":[],"class_list":["post-10658","post","type-post","status-publish","format-standard","has-post-thumbnail","hentry","category-pymes"],"yoast_head":"<!-- This site is optimized with the Yoast SEO plugin v26.2 - https:\/\/yoast.com\/wordpress\/plugins\/seo\/ -->\n<title>12 de mayo: D\u00eda Europeo de las pymes \u2013 Celebrando el motor econ\u00f3mico de Europa<\/title>\n<meta name=\"description\" content=\"Descubre el papel clave de las pymes en Europa, sus desaf\u00edos actuales y c\u00f3mo optimizar su gesti\u00f3n con herramientas digitales como FinanEDI.\" \/>\n<meta name=\"robots\" content=\"index, follow, max-snippet:-1, max-image-preview:large, max-video-preview:-1\" \/>\n<link rel=\"canonical\" href=\"https:\/\/finanedi.es\/blog\/12-de-mayo-dia-europeo-de-las-pymes-celebrando-el-motor-economico-de-europa\/\" \/>\n<meta property=\"og:locale\" content=\"es_ES\" \/>\n<meta property=\"og:type\" content=\"article\" \/>\n<meta property=\"og:title\" content=\"12 de mayo: D\u00eda Europeo de las pymes \u2013 Celebrando el motor econ\u00f3mico de Europa\" \/>\n<meta property=\"og:description\" content=\"Descubre el papel clave de las pymes en Europa, sus desaf\u00edos actuales y c\u00f3mo optimizar su gesti\u00f3n con herramientas digitales como FinanEDI.\" \/>\n<meta property=\"og:url\" content=\"https:\/\/finanedi.es\/blog\/12-de-mayo-dia-europeo-de-las-pymes-celebrando-el-motor-economico-de-europa\/\" \/>\n<meta property=\"og:site_name\" content=\"Blog para pymes y aut\u00f3nomos - FinanEDI\" \/>\n<meta property=\"article:published_time\" content=\"2025-05-12T06:21:47+00:00\" \/>\n<meta property=\"article:modified_time\" content=\"2025-05-12T06:24:38+00:00\" \/>\n<meta property=\"og:image\" content=\"https:\/\/finanedi.es\/blog\/contenido\/uploads\/2025\/05\/12-de-mayo-Dia-Europeo-de-las-pymes.jpg\" \/>\n\t<meta property=\"og:image:width\" content=\"2000\" \/>\n\t<meta property=\"og:image:height\" content=\"1333\" \/>\n\t<meta property=\"og:image:type\" content=\"image\/jpeg\" \/>\n<meta name=\"author\" content=\"restevez\" \/>\n<meta name=\"twitter:card\" content=\"summary_large_image\" \/>\n<meta name=\"twitter:label1\" content=\"Escrito por\" \/>\n\t<meta name=\"twitter:data1\" content=\"restevez\" \/>\n\t<meta name=\"twitter:label2\" content=\"Tiempo de lectura\" \/>\n\t<meta name=\"twitter:data2\" content=\"6 minutos\" \/>\n<script type=\"application\/ld+json\" class=\"yoast-schema-graph\">{\"@context\":\"https:\/\/schema.org\",\"@graph\":[{\"@type\":\"Article\",\"@id\":\"https:\/\/finanedi.es\/blog\/12-de-mayo-dia-europeo-de-las-pymes-celebrando-el-motor-economico-de-europa\/#article\",\"isPartOf\":{\"@id\":\"https:\/\/finanedi.es\/blog\/12-de-mayo-dia-europeo-de-las-pymes-celebrando-el-motor-economico-de-europa\/\"},\"author\":{\"name\":\"restevez\",\"@id\":\"https:\/\/finanedi.es\/blog\/#\/schema\/person\/233ed58195d34f36f74f13ba1030ebd8\"},\"headline\":\"12 de mayo: D\u00eda Europeo de las pymes \u2013 Celebrando el motor econ\u00f3mico de Europa\",\"datePublished\":\"2025-05-12T06:21:47+00:00\",\"dateModified\":\"2025-05-12T06:24:38+00:00\",\"mainEntityOfPage\":{\"@id\":\"https:\/\/finanedi.es\/blog\/12-de-mayo-dia-europeo-de-las-pymes-celebrando-el-motor-economico-de-europa\/\"},\"wordCount\":1140,\"publisher\":{\"@id\":\"https:\/\/finanedi.es\/blog\/#organization\"},\"image\":{\"@id\":\"https:\/\/finanedi.es\/blog\/12-de-mayo-dia-europeo-de-las-pymes-celebrando-el-motor-economico-de-europa\/#primaryimage\"},\"thumbnailUrl\":\"https:\/\/finanedi.es\/blog\/contenido\/uploads\/2025\/05\/12-de-mayo-Dia-Europeo-de-las-pymes.jpg\",\"articleSection\":[\"PYMES\"],\"inLanguage\":\"es\"},{\"@type\":\"WebPage\",\"@id\":\"https:\/\/finanedi.es\/blog\/12-de-mayo-dia-europeo-de-las-pymes-celebrando-el-motor-economico-de-europa\/\",\"url\":\"https:\/\/finanedi.es\/blog\/12-de-mayo-dia-europeo-de-las-pymes-celebrando-el-motor-economico-de-europa\/\",\"name\":\"12 de mayo: D\u00eda Europeo de las pymes \u2013 Celebrando el motor econ\u00f3mico de Europa\",\"isPartOf\":{\"@id\":\"https:\/\/finanedi.es\/blog\/#website\"},\"primaryImageOfPage\":{\"@id\":\"https:\/\/finanedi.es\/blog\/12-de-mayo-dia-europeo-de-las-pymes-celebrando-el-motor-economico-de-europa\/#primaryimage\"},\"image\":{\"@id\":\"https:\/\/finanedi.es\/blog\/12-de-mayo-dia-europeo-de-las-pymes-celebrando-el-motor-economico-de-europa\/#primaryimage\"},\"thumbnailUrl\":\"https:\/\/finanedi.es\/blog\/contenido\/uploads\/2025\/05\/12-de-mayo-Dia-Europeo-de-las-pymes.jpg\",\"datePublished\":\"2025-05-12T06:21:47+00:00\",\"dateModified\":\"2025-05-12T06:24:38+00:00\",\"description\":\"Descubre el papel clave de las pymes en Europa, sus desaf\u00edos actuales y c\u00f3mo optimizar su gesti\u00f3n con herramientas digitales como FinanEDI.\",\"breadcrumb\":{\"@id\":\"https:\/\/finanedi.es\/blog\/12-de-mayo-dia-europeo-de-las-pymes-celebrando-el-motor-economico-de-europa\/#breadcrumb\"},\"inLanguage\":\"es\",\"potentialAction\":[{\"@type\":\"ReadAction\",\"target\":[\"https:\/\/finanedi.es\/blog\/12-de-mayo-dia-europeo-de-las-pymes-celebrando-el-motor-economico-de-europa\/\"]}]},{\"@type\":\"ImageObject\",\"inLanguage\":\"es\",\"@id\":\"https:\/\/finanedi.es\/blog\/12-de-mayo-dia-europeo-de-las-pymes-celebrando-el-motor-economico-de-europa\/#primaryimage\",\"url\":\"https:\/\/finanedi.es\/blog\/contenido\/uploads\/2025\/05\/12-de-mayo-Dia-Europeo-de-las-pymes.jpg\",\"contentUrl\":\"https:\/\/finanedi.es\/blog\/contenido\/uploads\/2025\/05\/12-de-mayo-Dia-Europeo-de-las-pymes.jpg\",\"width\":2000,\"height\":1333,\"caption\":\"12 de mayo D\u00eda Europeo de las pymes\"},{\"@type\":\"BreadcrumbList\",\"@id\":\"https:\/\/finanedi.es\/blog\/12-de-mayo-dia-europeo-de-las-pymes-celebrando-el-motor-economico-de-europa\/#breadcrumb\",\"itemListElement\":[{\"@type\":\"ListItem\",\"position\":1,\"name\":\"Home\",\"item\":\"https:\/\/finanedi.es\/blog\/\"},{\"@type\":\"ListItem\",\"position\":2,\"name\":\"12 de mayo: D\u00eda Europeo de las pymes \u2013 Celebrando el motor econ\u00f3mico de Europa\"}]},{\"@type\":\"WebSite\",\"@id\":\"https:\/\/finanedi.es\/blog\/#website\",\"url\":\"https:\/\/finanedi.es\/blog\/\",\"name\":\"Blog para pymes y aut\u00f3nomos - FinanEDI\",\"description\":\"Blog para aut\u00f3nomos y PYMES, sobre temas como facturaci\u00f3n, contabilidad, tecnolog\u00eda.\",\"publisher\":{\"@id\":\"https:\/\/finanedi.es\/blog\/#organization\"},\"potentialAction\":[{\"@type\":\"SearchAction\",\"target\":{\"@type\":\"EntryPoint\",\"urlTemplate\":\"https:\/\/finanedi.es\/blog\/?s={search_term_string}\"},\"query-input\":{\"@type\":\"PropertyValueSpecification\",\"valueRequired\":true,\"valueName\":\"search_term_string\"}}],\"inLanguage\":\"es\"},{\"@type\":\"Organization\",\"@id\":\"https:\/\/finanedi.es\/blog\/#organization\",\"name\":\"Blog para pymes y aut\u00f3nomos - FinanEDI\",\"url\":\"https:\/\/finanedi.es\/blog\/\",\"logo\":{\"@type\":\"ImageObject\",\"inLanguage\":\"es\",\"@id\":\"https:\/\/finanedi.es\/blog\/#\/schema\/logo\/image\/\",\"url\":\"https:\/\/finanedi.es\/blog\/contenido\/uploads\/2024\/02\/FinanEdiAzul1.svg\",\"contentUrl\":\"https:\/\/finanedi.es\/blog\/contenido\/uploads\/2024\/02\/FinanEdiAzul1.svg\",\"width\":142,\"height\":36,\"caption\":\"Blog para pymes y aut\u00f3nomos - FinanEDI\"},\"image\":{\"@id\":\"https:\/\/finanedi.es\/blog\/#\/schema\/logo\/image\/\"}},{\"@type\":\"Person\",\"@id\":\"https:\/\/finanedi.es\/blog\/#\/schema\/person\/233ed58195d34f36f74f13ba1030ebd8\",\"name\":\"restevez\",\"image\":{\"@type\":\"ImageObject\",\"inLanguage\":\"es\",\"@id\":\"https:\/\/finanedi.es\/blog\/#\/schema\/person\/image\/\",\"url\":\"https:\/\/secure.gravatar.com\/avatar\/6c4880db9746e4aa887a98e0ebf657788804dc4280120ef10331a2e6ebb4a9a0?s=96&d=mm&r=g\",\"contentUrl\":\"https:\/\/secure.gravatar.com\/avatar\/6c4880db9746e4aa887a98e0ebf657788804dc4280120ef10331a2e6ebb4a9a0?s=96&d=mm&r=g\",\"caption\":\"restevez\"},\"url\":\"https:\/\/finanedi.es\/blog\/author\/restevez\/\"}]}<\/script>\n<!-- \/ Yoast SEO plugin. -->","yoast_head_json":{"title":"12 de mayo: D\u00eda Europeo de las pymes \u2013 Celebrando el motor econ\u00f3mico de Europa","description":"Descubre el papel clave de las pymes en Europa, sus desaf\u00edos actuales y c\u00f3mo optimizar su gesti\u00f3n con herramientas digitales como FinanEDI.","robots":{"index":"index","follow":"follow","max-snippet":"max-snippet:-1","max-image-preview":"max-image-preview:large","max-video-preview":"max-video-preview:-1"},"canonical":"https:\/\/finanedi.es\/blog\/12-de-mayo-dia-europeo-de-las-pymes-celebrando-el-motor-economico-de-europa\/","og_locale":"es_ES","og_type":"article","og_title":"12 de mayo: D\u00eda Europeo de las pymes \u2013 Celebrando el motor econ\u00f3mico de Europa","og_description":"Descubre el papel clave de las pymes en Europa, sus desaf\u00edos actuales y c\u00f3mo optimizar su gesti\u00f3n con herramientas digitales como FinanEDI.","og_url":"https:\/\/finanedi.es\/blog\/12-de-mayo-dia-europeo-de-las-pymes-celebrando-el-motor-economico-de-europa\/","og_site_name":"Blog para pymes y aut\u00f3nomos - FinanEDI","article_published_time":"2025-05-12T06:21:47+00:00","article_modified_time":"2025-05-12T06:24:38+00:00","og_image":[{"width":2000,"height":1333,"url":"https:\/\/finanedi.es\/blog\/contenido\/uploads\/2025\/05\/12-de-mayo-Dia-Europeo-de-las-pymes.jpg","type":"image\/jpeg"}],"author":"restevez","twitter_card":"summary_large_image","twitter_misc":{"Escrito por":"restevez","Tiempo de lectura":"6 minutos"},"schema":{"@context":"https:\/\/schema.org","@graph":[{"@type":"Article","@id":"https:\/\/finanedi.es\/blog\/12-de-mayo-dia-europeo-de-las-pymes-celebrando-el-motor-economico-de-europa\/#article","isPartOf":{"@id":"https:\/\/finanedi.es\/blog\/12-de-mayo-dia-europeo-de-las-pymes-celebrando-el-motor-economico-de-europa\/"},"author":{"name":"restevez","@id":"https:\/\/finanedi.es\/blog\/#\/schema\/person\/233ed58195d34f36f74f13ba1030ebd8"},"headline":"12 de mayo: D\u00eda Europeo de las pymes \u2013 Celebrando el motor econ\u00f3mico de Europa","datePublished":"2025-05-12T06:21:47+00:00","dateModified":"2025-05-12T06:24:38+00:00","mainEntityOfPage":{"@id":"https:\/\/finanedi.es\/blog\/12-de-mayo-dia-europeo-de-las-pymes-celebrando-el-motor-economico-de-europa\/"},"wordCount":1140,"publisher":{"@id":"https:\/\/finanedi.es\/blog\/#organization"},"image":{"@id":"https:\/\/finanedi.es\/blog\/12-de-mayo-dia-europeo-de-las-pymes-celebrando-el-motor-economico-de-europa\/#primaryimage"},"thumbnailUrl":"https:\/\/finanedi.es\/blog\/contenido\/uploads\/2025\/05\/12-de-mayo-Dia-Europeo-de-las-pymes.jpg","articleSection":["PYMES"],"inLanguage":"es"},{"@type":"WebPage","@id":"https:\/\/finanedi.es\/blog\/12-de-mayo-dia-europeo-de-las-pymes-celebrando-el-motor-economico-de-europa\/","url":"https:\/\/finanedi.es\/blog\/12-de-mayo-dia-europeo-de-las-pymes-celebrando-el-motor-economico-de-europa\/","name":"12 de mayo: D\u00eda Europeo de las pymes \u2013 Celebrando el motor econ\u00f3mico de Europa","isPartOf":{"@id":"https:\/\/finanedi.es\/blog\/#website"},"primaryImageOfPage":{"@id":"https:\/\/finanedi.es\/blog\/12-de-mayo-dia-europeo-de-las-pymes-celebrando-el-motor-economico-de-europa\/#primaryimage"},"image":{"@id":"https:\/\/finanedi.es\/blog\/12-de-mayo-dia-europeo-de-las-pymes-celebrando-el-motor-economico-de-europa\/#primaryimage"},"thumbnailUrl":"https:\/\/finanedi.es\/blog\/contenido\/uploads\/2025\/05\/12-de-mayo-Dia-Europeo-de-las-pymes.jpg","datePublished":"2025-05-12T06:21:47+00:00","dateModified":"2025-05-12T06:24:38+00:00","description":"Descubre el papel clave de las pymes en Europa, sus desaf\u00edos actuales y c\u00f3mo optimizar su gesti\u00f3n con herramientas digitales como FinanEDI.","breadcrumb":{"@id":"https:\/\/finanedi.es\/blog\/12-de-mayo-dia-europeo-de-las-pymes-celebrando-el-motor-economico-de-europa\/#breadcrumb"},"inLanguage":"es","potentialAction":[{"@type":"ReadAction","target":["https:\/\/finanedi.es\/blog\/12-de-mayo-dia-europeo-de-las-pymes-celebrando-el-motor-economico-de-europa\/"]}]},{"@type":"ImageObject","inLanguage":"es","@id":"https:\/\/finanedi.es\/blog\/12-de-mayo-dia-europeo-de-las-pymes-celebrando-el-motor-economico-de-europa\/#primaryimage","url":"https:\/\/finanedi.es\/blog\/contenido\/uploads\/2025\/05\/12-de-mayo-Dia-Europeo-de-las-pymes.jpg","contentUrl":"https:\/\/finanedi.es\/blog\/contenido\/uploads\/2025\/05\/12-de-mayo-Dia-Europeo-de-las-pymes.jpg","width":2000,"height":1333,"caption":"12 de mayo D\u00eda Europeo de las pymes"},{"@type":"BreadcrumbList","@id":"https:\/\/finanedi.es\/blog\/12-de-mayo-dia-europeo-de-las-pymes-celebrando-el-motor-economico-de-europa\/#breadcrumb","itemListElement":[{"@type":"ListItem","position":1,"name":"Home","item":"https:\/\/finanedi.es\/blog\/"},{"@type":"ListItem","position":2,"name":"12 de mayo: D\u00eda Europeo de las pymes \u2013 Celebrando el motor econ\u00f3mico de Europa"}]},{"@type":"WebSite","@id":"https:\/\/finanedi.es\/blog\/#website","url":"https:\/\/finanedi.es\/blog\/","name":"Blog para pymes y aut\u00f3nomos - FinanEDI","description":"Blog para aut\u00f3nomos y PYMES, sobre temas como facturaci\u00f3n, contabilidad, tecnolog\u00eda.","publisher":{"@id":"https:\/\/finanedi.es\/blog\/#organization"},"potentialAction":[{"@type":"SearchAction","target":{"@type":"EntryPoint","urlTemplate":"https:\/\/finanedi.es\/blog\/?s={search_term_string}"},"query-input":{"@type":"PropertyValueSpecification","valueRequired":true,"valueName":"search_term_string"}}],"inLanguage":"es"},{"@type":"Organization","@id":"https:\/\/finanedi.es\/blog\/#organization","name":"Blog para pymes y aut\u00f3nomos - FinanEDI","url":"https:\/\/finanedi.es\/blog\/","logo":{"@type":"ImageObject","inLanguage":"es","@id":"https:\/\/finanedi.es\/blog\/#\/schema\/logo\/image\/","url":"https:\/\/finanedi.es\/blog\/contenido\/uploads\/2024\/02\/FinanEdiAzul1.svg","contentUrl":"https:\/\/finanedi.es\/blog\/contenido\/uploads\/2024\/02\/FinanEdiAzul1.svg","width":142,"height":36,"caption":"Blog para pymes y aut\u00f3nomos - FinanEDI"},"image":{"@id":"https:\/\/finanedi.es\/blog\/#\/schema\/logo\/image\/"}},{"@type":"Person","@id":"https:\/\/finanedi.es\/blog\/#\/schema\/person\/233ed58195d34f36f74f13ba1030ebd8","name":"restevez","image":{"@type":"ImageObject","inLanguage":"es","@id":"https:\/\/finanedi.es\/blog\/#\/schema\/person\/image\/","url":"https:\/\/secure.gravatar.com\/avatar\/6c4880db9746e4aa887a98e0ebf657788804dc4280120ef10331a2e6ebb4a9a0?s=96&d=mm&r=g","contentUrl":"https:\/\/secure.gravatar.com\/avatar\/6c4880db9746e4aa887a98e0ebf657788804dc4280120ef10331a2e6ebb4a9a0?s=96&d=mm&r=g","caption":"restevez"},"url":"https:\/\/finanedi.es\/blog\/author\/restevez\/"}]}},"_links":{"self":[{"href":"https:\/\/finanedi.es\/blog\/wp-json\/wp\/v2\/posts\/10658","targetHints":{"allow":["GET"]}}],"collection":[{"href":"https:\/\/finanedi.es\/blog\/wp-json\/wp\/v2\/posts"}],"about":[{"href":"https:\/\/finanedi.es\/blog\/wp-json\/wp\/v2\/types\/post"}],"author":[{"embeddable":true,"href":"https:\/\/finanedi.es\/blog\/wp-json\/wp\/v2\/users\/3"}],"replies":[{"embeddable":true,"href":"https:\/\/finanedi.es\/blog\/wp-json\/wp\/v2\/comments?post=10658"}],"version-history":[{"count":5,"href":"https:\/\/finanedi.es\/blog\/wp-json\/wp\/v2\/posts\/10658\/revisions"}],"predecessor-version":[{"id":10664,"href":"https:\/\/finanedi.es\/blog\/wp-json\/wp\/v2\/posts\/10658\/revisions\/10664"}],"wp:featuredmedia":[{"embeddable":true,"href":"https:\/\/finanedi.es\/blog\/wp-json\/wp\/v2\/media\/10661"}],"wp:attachment":[{"href":"https:\/\/finanedi.es\/blog\/wp-json\/wp\/v2\/media?parent=10658"}],"wp:term":[{"taxonomy":"category","embeddable":true,"href":"https:\/\/finanedi.es\/blog\/wp-json\/wp\/v2\/categories?post=10658"},{"taxonomy":"post_tag","embeddable":true,"href":"https:\/\/finanedi.es\/blog\/wp-json\/wp\/v2\/tags?post=10658"}],"curies":[{"name":"wp","href":"https:\/\/api.w.org\/{rel}","templated":true}]}}