{"id":10950,"date":"2025-06-03T09:20:10","date_gmt":"2025-06-03T07:20:10","guid":{"rendered":"https:\/\/finanedi.es\/blog\/?p=10950"},"modified":"2025-07-28T08:50:08","modified_gmt":"2025-07-28T06:50:08","slug":"verifactu-el-nuevo-horizonte-de-la-facturacion-para-pymes-y-autonomos","status":"publish","type":"post","link":"https:\/\/finanedi.es\/blog\/verifactu-el-nuevo-horizonte-de-la-facturacion-para-pymes-y-autonomos\/","title":{"rendered":"Verifactu: El nuevo horizonte de la facturaci\u00f3n para pymes y aut\u00f3nomos"},"content":{"rendered":"\t\t<div data-elementor-type=\"wp-post\" data-elementor-id=\"10950\" class=\"elementor elementor-10950\">\n\t\t\t\t<div class=\"elementor-element elementor-element-2e952b1 e-flex e-con-boxed e-con e-parent\" data-id=\"2e952b1\" data-element_type=\"container\">\n\t\t\t\t\t<div class=\"e-con-inner\">\n\t\t\t\t<div class=\"elementor-element elementor-element-f167781 elementor-widget elementor-widget-text-editor\" data-id=\"f167781\" data-element_type=\"widget\" data-widget_type=\"text-editor.default\">\n\t\t\t\t<div class=\"elementor-widget-container\">\n\t\t\t\t\t\t\t\t\t<p data-sourcepos=\"9:1-9:484\">La digitalizaci\u00f3n ha llegado para quedarse en el mundo empresarial, y la facturaci\u00f3n no es una excepci\u00f3n. <span class=\"citation-8 entailed citation-end-8\" tabindex=\"0\" role=\"button\">Con la inminente entrada en vigor de la Ley Crea y Crece, la factura electr\u00f3nica se convierte en un pilar fundamental para las relaciones comerciales en Espa\u00f1a. <\/span>En este contexto, surge <strong>Verifactu<\/strong>, un sistema dise\u00f1ado para transformar la forma en que aut\u00f3nomos y pymes gestionan sus ingresos y cumplen con sus obligaciones fiscales.<\/p><p data-sourcepos=\"11:1-11:210\">Pero, \u00bfqu\u00e9 es exactamente Verifactu y por qu\u00e9 deber\u00eda importarte como pyme o aut\u00f3nomo? En este art\u00edculo, desglosaremos las principales ventajas de adoptar este sistema, m\u00e1s all\u00e1 del mero cumplimiento normativo.<\/p>\t\t\t\t\t\t\t\t<\/div>\n\t\t\t\t<\/div>\n\t\t\t\t\t<\/div>\n\t\t\t\t<\/div>\n\t\t<div class=\"elementor-element elementor-element-515e490 e-flex e-con-boxed e-con e-parent\" data-id=\"515e490\" data-element_type=\"container\">\n\t\t\t\t\t<div class=\"e-con-inner\">\n\t\t\t\t<div class=\"elementor-element elementor-element-3bc0260 elementor-widget elementor-widget-heading\" data-id=\"3bc0260\" data-element_type=\"widget\" data-widget_type=\"heading.default\">\n\t\t\t\t<div class=\"elementor-widget-container\">\n\t\t\t\t\t<h2 class=\"elementor-heading-title elementor-size-default\">\u00bfQu\u00e9 es Verifactu y por qu\u00e9 es relevante ahora?<\/h2>\t\t\t\t<\/div>\n\t\t\t\t<\/div>\n\t\t\t\t\t<\/div>\n\t\t\t\t<\/div>\n\t\t<div class=\"elementor-element elementor-element-0fe29b6 e-flex e-con-boxed e-con e-parent\" data-id=\"0fe29b6\" data-element_type=\"container\">\n\t\t\t\t\t<div class=\"e-con-inner\">\n\t\t\t\t<div class=\"elementor-element elementor-element-d23f7e4 elementor-widget elementor-widget-text-editor\" data-id=\"d23f7e4\" data-element_type=\"widget\" data-widget_type=\"text-editor.default\">\n\t\t\t\t<div class=\"elementor-widget-container\">\n\t\t\t\t\t\t\t\t\t<p data-sourcepos=\"15:1-15:281\">Verifactu es el sistema de facturaci\u00f3n electr\u00f3nica obligatorio desarrollado por la <a href=\"https:\/\/sede.agenciatributaria.gob.es\/\" target=\"_blank\" rel=\"noopener\">Agencia Tributaria Espa\u00f1ola<\/a>, en el marco de la Ley Antifraude y la Ley Crea y Crece. Su objetivo principal es combatir el fraude fiscal, garantizando la trazabilidad y la integridad de las facturas.<\/p><p data-sourcepos=\"17:1-17:510\"><span class=\"citation-7 entailed citation-end-7\" tabindex=\"0\" role=\"button\">En esencia, Verifactu implica que los sistemas de facturaci\u00f3n de las empresas deber\u00e1n enviar de forma autom\u00e1tica e instant\u00e1nea la informaci\u00f3n de cada factura emitida a la Agencia Tributaria.<\/span> <span class=\"citation-6 entailed citation-end-6 interactive-span-hovered\" tabindex=\"0\" role=\"button\">Esto no solo se aplica a las facturas electr\u00f3nicas entre empresas, sino tambi\u00e9n a las facturaci\u00f3n B2C (negocio a consumidor) y a las transacciones entre aut\u00f3nomos.<\/span> La relevancia radica en que, en los pr\u00f3ximos meses, su implementaci\u00f3n ser\u00e1 obligatoria para la mayor\u00eda de los negocios en Espa\u00f1a.<\/p>\t\t\t\t\t\t\t\t<\/div>\n\t\t\t\t<\/div>\n\t\t\t\t\t<\/div>\n\t\t\t\t<\/div>\n\t\t<div class=\"elementor-element elementor-element-36cb5038 e-flex e-con-boxed e-con e-parent\" data-id=\"36cb5038\" data-element_type=\"container\">\n\t\t\t\t\t<div class=\"e-con-inner\">\n\t\t\t\t<div class=\"elementor-element elementor-element-76fcee13 elementor-widget elementor-widget-text-editor\" data-id=\"76fcee13\" data-element_type=\"widget\" data-widget_type=\"text-editor.default\">\n\t\t\t\t<div class=\"elementor-widget-container\">\n\t\t\t\t\t\t\t\t\t<p><strong>\ud83d\udcc4 Art\u00edculo relacionado<\/strong>:\u00a0<a href=\"https:\/\/finanedi.es\/blog\/programas-de-facturacion-compatibles-con-verifactu\/\" target=\"_blank\" rel=\"noopener\">Los 10 programas de facturaci\u00f3n compatibles con VeriFactu<\/a><\/p>\t\t\t\t\t\t\t\t<\/div>\n\t\t\t\t<\/div>\n\t\t\t\t\t<\/div>\n\t\t\t\t<\/div>\n\t\t<div class=\"elementor-element elementor-element-785e0c0 e-flex e-con-boxed e-con e-parent\" data-id=\"785e0c0\" data-element_type=\"container\">\n\t\t\t\t\t<div class=\"e-con-inner\">\n\t\t\t\t<div class=\"elementor-element elementor-element-8f858b6 elementor-widget elementor-widget-spacer\" data-id=\"8f858b6\" data-element_type=\"widget\" data-widget_type=\"spacer.default\">\n\t\t\t\t<div class=\"elementor-widget-container\">\n\t\t\t\t\t\t\t<div class=\"elementor-spacer\">\n\t\t\t<div class=\"elementor-spacer-inner\"><\/div>\n\t\t<\/div>\n\t\t\t\t\t\t<\/div>\n\t\t\t\t<\/div>\n\t\t\t\t\t<\/div>\n\t\t\t\t<\/div>\n\t\t<div class=\"elementor-element elementor-element-ac565d0 e-flex e-con-boxed e-con e-parent\" data-id=\"ac565d0\" data-element_type=\"container\">\n\t\t\t\t\t<div class=\"e-con-inner\">\n\t\t\t\t<div class=\"elementor-element elementor-element-1a0192d elementor-widget elementor-widget-heading\" data-id=\"1a0192d\" data-element_type=\"widget\" data-widget_type=\"heading.default\">\n\t\t\t\t<div class=\"elementor-widget-container\">\n\t\t\t\t\t<h2 class=\"elementor-heading-title elementor-size-default\">Las ventajas clave de Verifactu para tu negocio<\/h2>\t\t\t\t<\/div>\n\t\t\t\t<\/div>\n\t\t\t\t\t<\/div>\n\t\t\t\t<\/div>\n\t\t<div class=\"elementor-element elementor-element-7cc8152 e-flex e-con-boxed e-con e-parent\" data-id=\"7cc8152\" data-element_type=\"container\">\n\t\t\t\t\t<div class=\"e-con-inner\">\n\t\t\t\t<div class=\"elementor-element elementor-element-5213cf5 elementor-widget elementor-widget-text-editor\" data-id=\"5213cf5\" data-element_type=\"widget\" data-widget_type=\"text-editor.default\">\n\t\t\t\t<div class=\"elementor-widget-container\">\n\t\t\t\t\t\t\t\t\t<p>Si bien la obligatoriedad puede generar cierta incertidumbre inicial, es crucial entender que Verifactu trae consigo una serie de beneficios que van m\u00e1s all\u00e1 del simple cumplimiento. Adoptar este sistema puede ser una oportunidad para optimizar la gesti\u00f3n de tu negocio.<\/p>\t\t\t\t\t\t\t\t<\/div>\n\t\t\t\t<\/div>\n\t\t\t\t\t<\/div>\n\t\t\t\t<\/div>\n\t\t<div class=\"elementor-element elementor-element-974f8c8 e-flex e-con-boxed e-con e-parent\" data-id=\"974f8c8\" data-element_type=\"container\">\n\t\t\t\t\t<div class=\"e-con-inner\">\n\t\t\t\t<div class=\"elementor-element elementor-element-fa011a5 elementor-widget elementor-widget-heading\" data-id=\"fa011a5\" data-element_type=\"widget\" data-widget_type=\"heading.default\">\n\t\t\t\t<div class=\"elementor-widget-container\">\n\t\t\t\t\t<h3 class=\"elementor-heading-title elementor-size-default\">Cumplimiento normativo garantizado y paz mental<\/h3>\t\t\t\t<\/div>\n\t\t\t\t<\/div>\n\t\t\t\t\t<\/div>\n\t\t\t\t<\/div>\n\t\t<div class=\"elementor-element elementor-element-75a87b6 e-flex e-con-boxed e-con e-parent\" data-id=\"75a87b6\" data-element_type=\"container\">\n\t\t\t\t\t<div class=\"e-con-inner\">\n\t\t\t\t<div class=\"elementor-element elementor-element-90dcadb elementor-widget elementor-widget-text-editor\" data-id=\"90dcadb\" data-element_type=\"widget\" data-widget_type=\"text-editor.default\">\n\t\t\t\t<div class=\"elementor-widget-container\">\n\t\t\t\t\t\t\t\t\t<p>Esta es, sin duda, la ventaja m\u00e1s directa y la raz\u00f3n de ser de Verifactu. Al integrar un sistema de facturaci\u00f3n que cumpla con los requisitos de Verifactu, tu negocio estar\u00e1 autom\u00e1ticamente alineado con la legislaci\u00f3n vigente. Esto se traduce en:<\/p>\t\t\t\t\t\t\t\t<\/div>\n\t\t\t\t<\/div>\n\t\t\t\t\t<\/div>\n\t\t\t\t<\/div>\n\t\t<div class=\"elementor-element elementor-element-0be4234 e-flex e-con-boxed e-con e-parent\" data-id=\"0be4234\" data-element_type=\"container\">\n\t\t\t\t\t<div class=\"e-con-inner\">\n\t\t\t\t<div class=\"elementor-element elementor-element-d48b35b elementor-widget elementor-widget-text-editor\" data-id=\"d48b35b\" data-element_type=\"widget\" data-widget_type=\"text-editor.default\">\n\t\t\t\t<div class=\"elementor-widget-container\">\n\t\t\t\t\t\t\t\t\t<ul data-sourcepos=\"27:1-30:0\"><li data-sourcepos=\"27:1-27:169\"><strong><span class=\"citation-5 entailed\" tabindex=\"0\" role=\"button\">Evitar sanciones:<\/span><\/strong><span class=\"citation-5 entailed citation-end-5\" tabindex=\"0\" role=\"button\"> Las multas por incumplimiento de la Ley Crea y Crece pueden ser significativas.<\/span> Al tener un sistema Verifactu, eliminas este riesgo.<\/li><li data-sourcepos=\"28:1-28:203\"><strong>Auditor\u00edas m\u00e1s sencillas:<\/strong> En caso de una inspecci\u00f3n, la informaci\u00f3n de tus facturas estar\u00e1 centralizada, estandarizada y disponible para la Agencia Tributaria, simplificando enormemente el proceso.<\/li><li data-sourcepos=\"29:1-30:0\"><strong><span class=\"citation-4 entailed\" tabindex=\"0\" role=\"button\">Reducci\u00f3n de errores:<\/span><\/strong><span class=\"citation-4 entailed citation-end-4\" tabindex=\"0\" role=\"button\"> Los sistemas Verifactu est\u00e1n dise\u00f1ados para minimizar los errores humanos en la emisi\u00f3n y registro de facturas.<\/span><\/li><\/ul>\t\t\t\t\t\t\t\t<\/div>\n\t\t\t\t<\/div>\n\t\t\t\t<div class=\"elementor-element elementor-element-24c2672 elementor-widget elementor-widget-spacer\" data-id=\"24c2672\" data-element_type=\"widget\" data-widget_type=\"spacer.default\">\n\t\t\t\t<div class=\"elementor-widget-container\">\n\t\t\t\t\t\t\t<div class=\"elementor-spacer\">\n\t\t\t<div class=\"elementor-spacer-inner\"><\/div>\n\t\t<\/div>\n\t\t\t\t\t\t<\/div>\n\t\t\t\t<\/div>\n\t\t\t\t\t<\/div>\n\t\t\t\t<\/div>\n\t\t<div class=\"elementor-element elementor-element-79c2806 e-flex e-con-boxed e-con e-parent\" data-id=\"79c2806\" data-element_type=\"container\">\n\t\t\t\t\t<div class=\"e-con-inner\">\n\t\t\t\t<div class=\"elementor-element elementor-element-211f708 elementor-widget elementor-widget-heading\" data-id=\"211f708\" data-element_type=\"widget\" data-widget_type=\"heading.default\">\n\t\t\t\t<div class=\"elementor-widget-container\">\n\t\t\t\t\t<h3 class=\"elementor-heading-title elementor-size-default\">Mayor transparencia y trazabilidad en tus operaciones<\/h3>\t\t\t\t<\/div>\n\t\t\t\t<\/div>\n\t\t\t\t\t<\/div>\n\t\t\t\t<\/div>\n\t\t<div class=\"elementor-element elementor-element-1d73750 e-flex e-con-boxed e-con e-parent\" data-id=\"1d73750\" data-element_type=\"container\">\n\t\t\t\t\t<div class=\"e-con-inner\">\n\t\t\t\t<div class=\"elementor-element elementor-element-d52f143 elementor-widget elementor-widget-text-editor\" data-id=\"d52f143\" data-element_type=\"widget\" data-widget_type=\"text-editor.default\">\n\t\t\t\t<div class=\"elementor-widget-container\">\n\t\t\t\t\t\t\t\t\t<p>Verifactu promueve un ecosistema de facturaci\u00f3n mucho m\u00e1s transparente. <span class=\"citation-3 entailed citation-end-3 interactive-span-hovered\" tabindex=\"0\" role=\"button\">Cada factura generada bajo este sistema llevar\u00e1 un c\u00f3digo QR y un identificador \u00fanico que permitir\u00e1 verificar su validez y su trazabilidad.<\/span><\/p>\t\t\t\t\t\t\t\t<\/div>\n\t\t\t\t<\/div>\n\t\t\t\t\t<\/div>\n\t\t\t\t<\/div>\n\t\t<div class=\"elementor-element elementor-element-c522431 e-flex e-con-boxed e-con e-parent\" data-id=\"c522431\" data-element_type=\"container\">\n\t\t\t\t\t<div class=\"e-con-inner\">\n\t\t\t\t<div class=\"elementor-element elementor-element-1323956 elementor-widget elementor-widget-text-editor\" data-id=\"1323956\" data-element_type=\"widget\" data-widget_type=\"text-editor.default\">\n\t\t\t\t<div class=\"elementor-widget-container\">\n\t\t\t\t\t\t\t\t\t<ul><li data-sourcepos=\"35:1-35:180\"><strong>Lucha contra el fraude:<\/strong> <span class=\"citation-2 entailed citation-end-2\" tabindex=\"0\" role=\"button\">Tanto para ti como para tus clientes, la transparencia inherente a Verifactu reduce las posibilidades de fraude o duplicidad de facturas.<\/span><\/li><li data-sourcepos=\"35:1-35:180\"><strong>Mayor confianza:<\/strong> Generar facturas con el sello de Verifactu puede transmitir una imagen de seriedad y cumplimiento ante tus clientes y proveedores.<\/li><\/ul>\t\t\t\t\t\t\t\t<\/div>\n\t\t\t\t<\/div>\n\t\t\t\t<div class=\"elementor-element elementor-element-bd2cd87 elementor-widget elementor-widget-spacer\" data-id=\"bd2cd87\" data-element_type=\"widget\" data-widget_type=\"spacer.default\">\n\t\t\t\t<div class=\"elementor-widget-container\">\n\t\t\t\t\t\t\t<div class=\"elementor-spacer\">\n\t\t\t<div class=\"elementor-spacer-inner\"><\/div>\n\t\t<\/div>\n\t\t\t\t\t\t<\/div>\n\t\t\t\t<\/div>\n\t\t\t\t\t<\/div>\n\t\t\t\t<\/div>\n\t\t<div class=\"elementor-element elementor-element-9fa080b e-flex e-con-boxed e-con e-parent\" data-id=\"9fa080b\" data-element_type=\"container\">\n\t\t\t\t\t<div class=\"e-con-inner\">\n\t\t\t\t<div class=\"elementor-element elementor-element-4ad563e elementor-widget elementor-widget-heading\" data-id=\"4ad563e\" data-element_type=\"widget\" data-widget_type=\"heading.default\">\n\t\t\t\t<div class=\"elementor-widget-container\">\n\t\t\t\t\t<h3 class=\"elementor-heading-title elementor-size-default\">Optimizaci\u00f3n de la Gesti\u00f3n y Ahorro de Tiempo<\/h3>\t\t\t\t<\/div>\n\t\t\t\t<\/div>\n\t\t\t\t\t<\/div>\n\t\t\t\t<\/div>\n\t\t<div class=\"elementor-element elementor-element-5d6d2ad e-flex e-con-boxed e-con e-parent\" data-id=\"5d6d2ad\" data-element_type=\"container\">\n\t\t\t\t\t<div class=\"e-con-inner\">\n\t\t\t\t<div class=\"elementor-element elementor-element-7743844 elementor-widget elementor-widget-text-editor\" data-id=\"7743844\" data-element_type=\"widget\" data-widget_type=\"text-editor.default\">\n\t\t\t\t<div class=\"elementor-widget-container\">\n\t\t\t\t\t\t\t\t\t<p>Aunque la integraci\u00f3n inicial pueda requerir un esfuerzo, a medio y largo plazo, Verifactu simplifica y automatiza muchos procesos:<\/p>\t\t\t\t\t\t\t\t<\/div>\n\t\t\t\t<\/div>\n\t\t\t\t\t<\/div>\n\t\t\t\t<\/div>\n\t\t<div class=\"elementor-element elementor-element-896e55e e-flex e-con-boxed e-con e-parent\" data-id=\"896e55e\" data-element_type=\"container\">\n\t\t\t\t\t<div class=\"e-con-inner\">\n\t\t\t\t<div class=\"elementor-element elementor-element-6da2010 elementor-widget elementor-widget-text-editor\" data-id=\"6da2010\" data-element_type=\"widget\" data-widget_type=\"text-editor.default\">\n\t\t\t\t<div class=\"elementor-widget-container\">\n\t\t\t\t\t\t\t\t\t<ul><li data-sourcepos=\"42:1-42:200\"><strong><span class=\"citation-1 contradictory\" tabindex=\"0\" role=\"button\">Automatizaci\u00f3n del env\u00edo de datos:<\/span><\/strong><span class=\"citation-1 contradictory citation-end-1\" tabindex=\"0\" role=\"button\"> La informaci\u00f3n de cada factura se env\u00eda autom\u00e1ticamente a la AEAT, eliminando la necesidad de realizar res\u00famenes peri\u00f3dicos o modelos adicionales.<\/span><\/li><li data-sourcepos=\"42:1-42:200\"><strong>Simplificaci\u00f3n de la declaraci\u00f3n de impuestos:<\/strong> Al tener toda la informaci\u00f3n fiscal de tus ingresos organizada y validada desde el origen, la preparaci\u00f3n de tus declaraciones trimestrales y anuales ser\u00e1 mucho m\u00e1s r\u00e1pida y precisa.<\/li><li data-sourcepos=\"44:1-45:0\"><strong>Menos papeleo:<\/strong> Aunque la factura electr\u00f3nica no elimina todo el papel, s\u00ed reduce dr\u00e1sticamente la necesidad de archivar documentos f\u00edsicos y facilita la localizaci\u00f3n de cualquier factura.<\/li><\/ul>\t\t\t\t\t\t\t\t<\/div>\n\t\t\t\t<\/div>\n\t\t\t\t<div class=\"elementor-element elementor-element-96959aa elementor-widget elementor-widget-spacer\" data-id=\"96959aa\" data-element_type=\"widget\" data-widget_type=\"spacer.default\">\n\t\t\t\t<div class=\"elementor-widget-container\">\n\t\t\t\t\t\t\t<div class=\"elementor-spacer\">\n\t\t\t<div class=\"elementor-spacer-inner\"><\/div>\n\t\t<\/div>\n\t\t\t\t\t\t<\/div>\n\t\t\t\t<\/div>\n\t\t\t\t\t<\/div>\n\t\t\t\t<\/div>\n\t\t<div class=\"elementor-element elementor-element-0714c80 e-flex e-con-boxed e-con e-parent\" data-id=\"0714c80\" data-element_type=\"container\">\n\t\t\t\t\t<div class=\"e-con-inner\">\n\t\t\t\t<div class=\"elementor-element elementor-element-e5bb3fd elementor-widget elementor-widget-heading\" data-id=\"e5bb3fd\" data-element_type=\"widget\" data-widget_type=\"heading.default\">\n\t\t\t\t<div class=\"elementor-widget-container\">\n\t\t\t\t\t<h3 class=\"elementor-heading-title elementor-size-default\">Mejora en la relaci\u00f3n con la Administraci\u00f3n Tributaria<\/h3>\t\t\t\t<\/div>\n\t\t\t\t<\/div>\n\t\t\t\t\t<\/div>\n\t\t\t\t<\/div>\n\t\t<div class=\"elementor-element elementor-element-b8c1b93 e-flex e-con-boxed e-con e-parent\" data-id=\"b8c1b93\" data-element_type=\"container\">\n\t\t\t\t\t<div class=\"e-con-inner\">\n\t\t\t\t<div class=\"elementor-element elementor-element-8912026 elementor-widget elementor-widget-text-editor\" data-id=\"8912026\" data-element_type=\"widget\" data-widget_type=\"text-editor.default\">\n\t\t\t\t<div class=\"elementor-widget-container\">\n\t\t\t\t\t\t\t\t\t<p>Al proporcionar a la <a href=\"https:\/\/sede.agenciatributaria.gob.es\/\" target=\"_blank\" rel=\"noopener\">Agencia Tributaria<\/a> informaci\u00f3n en tiempo real y de forma estructurada, se fomenta una relaci\u00f3n m\u00e1s fluida y transparente:<\/p>\t\t\t\t\t\t\t\t<\/div>\n\t\t\t\t<\/div>\n\t\t\t\t\t<\/div>\n\t\t\t\t<\/div>\n\t\t<div class=\"elementor-element elementor-element-6ac2f1c e-flex e-con-boxed e-con e-parent\" data-id=\"6ac2f1c\" data-element_type=\"container\">\n\t\t\t\t\t<div class=\"e-con-inner\">\n\t\t\t\t<div class=\"elementor-element elementor-element-1d9bf4c elementor-widget elementor-widget-text-editor\" data-id=\"1d9bf4c\" data-element_type=\"widget\" data-widget_type=\"text-editor.default\">\n\t\t\t\t<div class=\"elementor-widget-container\">\n\t\t\t\t\t\t\t\t\t<ul><li data-sourcepos=\"50:1-50:108\"><strong>Proactividad fiscal:<\/strong> Te permite estar al d\u00eda con tus obligaciones, anticipando posibles discrepancias.<\/li><li data-sourcepos=\"51:1-52:0\"><strong>Menos requerimientos:<\/strong> Al tener la AEAT acceso a tus datos de facturaci\u00f3n de forma instant\u00e1nea, es probable que se reduzcan los requerimientos de informaci\u00f3n adicionales.<\/li><\/ul>\t\t\t\t\t\t\t\t<\/div>\n\t\t\t\t<\/div>\n\t\t\t\t<div class=\"elementor-element elementor-element-9f174f7 elementor-widget elementor-widget-spacer\" data-id=\"9f174f7\" data-element_type=\"widget\" data-widget_type=\"spacer.default\">\n\t\t\t\t<div class=\"elementor-widget-container\">\n\t\t\t\t\t\t\t<div class=\"elementor-spacer\">\n\t\t\t<div class=\"elementor-spacer-inner\"><\/div>\n\t\t<\/div>\n\t\t\t\t\t\t<\/div>\n\t\t\t\t<\/div>\n\t\t\t\t\t<\/div>\n\t\t\t\t<\/div>\n\t\t<div class=\"elementor-element elementor-element-46a60e9 e-flex e-con-boxed e-con e-parent\" data-id=\"46a60e9\" data-element_type=\"container\">\n\t\t\t\t\t<div class=\"e-con-inner\">\n\t\t\t\t<div class=\"elementor-element elementor-element-2cdb88d elementor-widget elementor-widget-heading\" data-id=\"2cdb88d\" data-element_type=\"widget\" data-widget_type=\"heading.default\">\n\t\t\t\t<div class=\"elementor-widget-container\">\n\t\t\t\t\t<h3 class=\"elementor-heading-title elementor-size-default\">Preparaci\u00f3n para un futuro totalmente digital<\/h3>\t\t\t\t<\/div>\n\t\t\t\t<\/div>\n\t\t\t\t\t<\/div>\n\t\t\t\t<\/div>\n\t\t<div class=\"elementor-element elementor-element-6ab64d8 e-flex e-con-boxed e-con e-parent\" data-id=\"6ab64d8\" data-element_type=\"container\">\n\t\t\t\t\t<div class=\"e-con-inner\">\n\t\t\t\t<div class=\"elementor-element elementor-element-6df7590 elementor-widget elementor-widget-text-editor\" data-id=\"6df7590\" data-element_type=\"widget\" data-widget_type=\"text-editor.default\">\n\t\t\t\t<div class=\"elementor-widget-container\">\n\t\t\t\t\t\t\t\t\t<p><span class=\"citation-0 entailed citation-end-0\" tabindex=\"0\" role=\"button\">Verifactu es un paso m\u00e1s en la digitalizaci\u00f3n completa de las empresas.<\/span> Adoptarlo te posiciona en la vanguardia, preparado para los futuros cambios tecnol\u00f3gicos y regulatorios.<\/p>\t\t\t\t\t\t\t\t<\/div>\n\t\t\t\t<\/div>\n\t\t\t\t\t<\/div>\n\t\t\t\t<\/div>\n\t\t<div class=\"elementor-element elementor-element-5f7f5b6 e-flex e-con-boxed e-con e-parent\" data-id=\"5f7f5b6\" data-element_type=\"container\">\n\t\t\t\t\t<div class=\"e-con-inner\">\n\t\t\t\t<div class=\"elementor-element elementor-element-6fbd373 elementor-widget elementor-widget-text-editor\" data-id=\"6fbd373\" data-element_type=\"widget\" data-widget_type=\"text-editor.default\">\n\t\t\t\t<div class=\"elementor-widget-container\">\n\t\t\t\t\t\t\t\t\t<ul><li data-sourcepos=\"57:1-57:204\"><strong>Eficiencia operativa:<\/strong> La digitalizaci\u00f3n de la facturaci\u00f3n abre la puerta a la automatizaci\u00f3n de otros procesos internos, como la contabilidad, la gesti\u00f3n de cobros y pagos, y el an\u00e1lisis financiero.<\/li><li data-sourcepos=\"58:1-59:0\"><strong>Acceso a nuevas herramientas:<\/strong> Al digitalizar tu facturaci\u00f3n, te abres a integrar tu sistema con otras herramientas de gesti\u00f3n empresarial (ERPs, CRMs) que pueden mejorar la eficiencia de tu negocio.<\/li><\/ul>\t\t\t\t\t\t\t\t<\/div>\n\t\t\t\t<\/div>\n\t\t\t\t\t<\/div>\n\t\t\t\t<\/div>\n\t\t<div class=\"elementor-element elementor-element-e6a8c1b e-flex e-con-boxed e-con e-parent\" data-id=\"e6a8c1b\" data-element_type=\"container\">\n\t\t\t\t\t<div class=\"e-con-inner\">\n\t\t\t\t<div class=\"elementor-element elementor-element-20a1f8c6 elementor-widget elementor-widget-text-editor\" data-id=\"20a1f8c6\" data-element_type=\"widget\" data-widget_type=\"text-editor.default\">\n\t\t\t\t<div class=\"elementor-widget-container\">\n\t\t\t\t\t\t\t\t\t<p><strong>\ud83d\udcc4 Art\u00edculo relacionado<\/strong>:\u00a0<a href=\"https:\/\/finanedi.es\/blog\/verifactu-y-factura-electronica-diferencias\/\" target=\"_blank\" rel=\"noopener\">Diferencias entre Verifactu y Factura electr\u00f3nica<\/a><\/p>\t\t\t\t\t\t\t\t<\/div>\n\t\t\t\t<\/div>\n\t\t\t\t\t<\/div>\n\t\t\t\t<\/div>\n\t\t<div class=\"elementor-element elementor-element-ab3f31e e-flex e-con-boxed e-con e-parent\" data-id=\"ab3f31e\" data-element_type=\"container\">\n\t\t\t\t\t<div class=\"e-con-inner\">\n\t\t\t\t<div class=\"elementor-element elementor-element-124306d elementor-widget elementor-widget-spacer\" data-id=\"124306d\" data-element_type=\"widget\" data-widget_type=\"spacer.default\">\n\t\t\t\t<div class=\"elementor-widget-container\">\n\t\t\t\t\t\t\t<div class=\"elementor-spacer\">\n\t\t\t<div class=\"elementor-spacer-inner\"><\/div>\n\t\t<\/div>\n\t\t\t\t\t\t<\/div>\n\t\t\t\t<\/div>\n\t\t\t\t\t<\/div>\n\t\t\t\t<\/div>\n\t\t<div class=\"elementor-element elementor-element-8da87e9 e-flex e-con-boxed e-con e-parent\" data-id=\"8da87e9\" data-element_type=\"container\">\n\t\t\t\t\t<div class=\"e-con-inner\">\n\t\t\t\t<div class=\"elementor-element elementor-element-b7159c5 elementor-widget elementor-widget-heading\" data-id=\"b7159c5\" data-element_type=\"widget\" data-widget_type=\"heading.default\">\n\t\t\t\t<div class=\"elementor-widget-container\">\n\t\t\t\t\t<h2 class=\"elementor-heading-title elementor-size-default\">\u00bfC\u00f3mo prepararte para Verifactu?<\/h2>\t\t\t\t<\/div>\n\t\t\t\t<\/div>\n\t\t\t\t\t<\/div>\n\t\t\t\t<\/div>\n\t\t<div class=\"elementor-element elementor-element-24d3163 e-flex e-con-boxed e-con e-parent\" data-id=\"24d3163\" data-element_type=\"container\">\n\t\t\t\t\t<div class=\"e-con-inner\">\n\t\t\t\t<div class=\"elementor-element elementor-element-c8d792c elementor-widget elementor-widget-text-editor\" data-id=\"c8d792c\" data-element_type=\"widget\" data-widget_type=\"text-editor.default\">\n\t\t\t\t<div class=\"elementor-widget-container\">\n\t\t\t\t\t\t\t\t\t<p>La clave para una transici\u00f3n exitosa a Verifactu es la elecci\u00f3n de un <strong>software de facturaci\u00f3n adecuado<\/strong>. Es fundamental que el sistema que elijas est\u00e9 certificado y cumpla con todos los requisitos t\u00e9cnicos y de seguridad exigidos por la Agencia Tributaria.<\/p>\t\t\t\t\t\t\t\t<\/div>\n\t\t\t\t<\/div>\n\t\t\t\t\t<\/div>\n\t\t\t\t<\/div>\n\t\t<div class=\"elementor-element elementor-element-a1e141c e-flex e-con-boxed e-con e-parent\" data-id=\"a1e141c\" data-element_type=\"container\">\n\t\t\t\t\t<div class=\"e-con-inner\">\n\t\t\t\t<div class=\"elementor-element elementor-element-d336660 elementor-widget elementor-widget-text-editor\" data-id=\"d336660\" data-element_type=\"widget\" data-widget_type=\"text-editor.default\">\n\t\t\t\t<div class=\"elementor-widget-container\">\n\t\t\t\t\t\t\t\t\t<p data-sourcepos=\"64:1-64:54\">Al considerar soluciones, busca aquellas que ofrezcan:<\/p><ul data-sourcepos=\"66:1-70:0\"><li data-sourcepos=\"66:1-66:90\"><strong>Certificaci\u00f3n Verifactu:<\/strong> Aseg\u00farate de que el proveedor te garantice el cumplimiento.<\/li><li data-sourcepos=\"67:1-67:82\"><strong>Facilidad de uso:<\/strong> Una interfaz intuitiva te ahorrar\u00e1 tiempo y frustraciones.<\/li><li data-sourcepos=\"68:1-68:107\"><strong>Soporte t\u00e9cnico:<\/strong> Un buen soporte es crucial para resolver cualquier duda o problema que pueda surgir.<\/li><li data-sourcepos=\"69:1-70:0\"><strong>Integraci\u00f3n:<\/strong> Valora si el sistema puede integrarse con otras herramientas que ya uses o que pienses usar.<\/li><\/ul>\t\t\t\t\t\t\t\t<\/div>\n\t\t\t\t<\/div>\n\t\t\t\t\t<\/div>\n\t\t\t\t<\/div>\n\t\t<div class=\"elementor-element elementor-element-83a3c7a e-flex e-con-boxed e-con e-parent\" data-id=\"83a3c7a\" data-element_type=\"container\">\n\t\t\t\t\t<div class=\"e-con-inner\">\n\t\t\t\t<div class=\"elementor-element elementor-element-46046c5 elementor-widget elementor-widget-spacer\" data-id=\"46046c5\" data-element_type=\"widget\" data-widget_type=\"spacer.default\">\n\t\t\t\t<div class=\"elementor-widget-container\">\n\t\t\t\t\t\t\t<div class=\"elementor-spacer\">\n\t\t\t<div class=\"elementor-spacer-inner\"><\/div>\n\t\t<\/div>\n\t\t\t\t\t\t<\/div>\n\t\t\t\t<\/div>\n\t\t\t\t\t<\/div>\n\t\t\t\t<\/div>\n\t\t<div class=\"elementor-element elementor-element-484569a8 e-flex e-con-boxed e-con e-parent\" data-id=\"484569a8\" data-element_type=\"container\" data-settings=\"{&quot;background_background&quot;:&quot;classic&quot;}\">\n\t\t\t\t\t<div class=\"e-con-inner\">\n\t\t<div class=\"elementor-element elementor-element-1027bf6e e-con-full e-flex e-con e-child\" data-id=\"1027bf6e\" data-element_type=\"container\">\n\t\t<div class=\"elementor-element elementor-element-67e6e02 e-flex e-con-boxed e-con e-child\" data-id=\"67e6e02\" data-element_type=\"container\">\n\t\t\t\t\t<div class=\"e-con-inner\">\n\t\t\t\t<div class=\"elementor-element elementor-element-56922a0f elementor-widget elementor-widget-heading\" data-id=\"56922a0f\" data-element_type=\"widget\" data-widget_type=\"heading.default\">\n\t\t\t\t<div class=\"elementor-widget-container\">\n\t\t\t\t\t<h3 class=\"elementor-heading-title elementor-size-default\">Herramientas para impulsar<br>tu negocio<\/h3>\t\t\t\t<\/div>\n\t\t\t\t<\/div>\n\t\t\t\t<div class=\"elementor-element elementor-element-746c02cb elementor-widget elementor-widget-text-editor\" data-id=\"746c02cb\" data-element_type=\"widget\" data-widget_type=\"text-editor.default\">\n\t\t\t\t<div class=\"elementor-widget-container\">\n\t\t\t\t\t\t\t\t\t<p>FinanEDI es la soluci\u00f3n en la nube gratuita que permite automatizar y optimizar los procesos financieros, contables y administrativos de tu negocio.<\/p>\t\t\t\t\t\t\t\t<\/div>\n\t\t\t\t<\/div>\n\t\t\t\t<div class=\"elementor-element elementor-element-2e3cae87 elementor-widget elementor-widget-button\" data-id=\"2e3cae87\" data-element_type=\"widget\" data-widget_type=\"button.default\">\n\t\t\t\t<div class=\"elementor-widget-container\">\n\t\t\t\t\t\t\t\t\t<div class=\"elementor-button-wrapper\">\n\t\t\t\t\t<a class=\"elementor-button elementor-button-link elementor-size-md\" href=\"https:\/\/finanedi.es\/\" target=\"_blank\">\n\t\t\t\t\t\t<span class=\"elementor-button-content-wrapper\">\n\t\t\t\t\t\t\t\t\t<span class=\"elementor-button-text\">Crear cuenta gratis<\/span>\n\t\t\t\t\t<\/span>\n\t\t\t\t\t<\/a>\n\t\t\t\t<\/div>\n\t\t\t\t\t\t\t\t<\/div>\n\t\t\t\t<\/div>\n\t\t\t\t\t<\/div>\n\t\t\t\t<\/div>\n\t\t\t\t<\/div>\n\t\t<div class=\"elementor-element elementor-element-51537296 e-con-full e-flex e-con e-child\" data-id=\"51537296\" data-element_type=\"container\">\n\t\t\t\t<div class=\"elementor-element elementor-element-34c29f8d elementor-widget elementor-widget-image\" data-id=\"34c29f8d\" data-element_type=\"widget\" data-widget_type=\"image.default\">\n\t\t\t\t<div class=\"elementor-widget-container\">\n\t\t\t\t\t\t\t\t\t\t\t\t\t\t\t<img fetchpriority=\"high\" decoding=\"async\" width=\"300\" height=\"233\" src=\"https:\/\/finanedi.es\/blog\/contenido\/uploads\/2024\/09\/Dashborad_00115-300x233.png\" class=\"attachment-medium size-medium wp-image-5370\" alt=\"Herramientas para impulsar tu negocio - FinanEDI\" srcset=\"https:\/\/finanedi.es\/blog\/contenido\/uploads\/2024\/09\/Dashborad_00115-300x233.png 300w, https:\/\/finanedi.es\/blog\/contenido\/uploads\/2024\/09\/Dashborad_00115-768x597.png 768w, https:\/\/finanedi.es\/blog\/contenido\/uploads\/2024\/09\/Dashborad_00115.png 900w\" sizes=\"(max-width: 300px) 100vw, 300px\" \/>\t\t\t\t\t\t\t\t\t\t\t\t\t\t\t<\/div>\n\t\t\t\t<\/div>\n\t\t\t\t<\/div>\n\t\t\t\t\t<\/div>\n\t\t\t\t<\/div>\n\t\t<div class=\"elementor-element elementor-element-d0d4651 e-flex e-con-boxed e-con e-parent\" data-id=\"d0d4651\" data-element_type=\"container\">\n\t\t\t\t\t<div class=\"e-con-inner\">\n\t\t\t\t<div class=\"elementor-element elementor-element-fcc43b0 elementor-widget elementor-widget-spacer\" data-id=\"fcc43b0\" data-element_type=\"widget\" data-widget_type=\"spacer.default\">\n\t\t\t\t<div class=\"elementor-widget-container\">\n\t\t\t\t\t\t\t<div class=\"elementor-spacer\">\n\t\t\t<div class=\"elementor-spacer-inner\"><\/div>\n\t\t<\/div>\n\t\t\t\t\t\t<\/div>\n\t\t\t\t<\/div>\n\t\t\t\t\t<\/div>\n\t\t\t\t<\/div>\n\t\t<div class=\"elementor-element elementor-element-ef0ad29 e-flex e-con-boxed e-con e-parent\" data-id=\"ef0ad29\" data-element_type=\"container\">\n\t\t\t\t\t<div class=\"e-con-inner\">\n\t\t\t\t<div class=\"elementor-element elementor-element-1710cf6 elementor-widget elementor-widget-heading\" data-id=\"1710cf6\" data-element_type=\"widget\" data-widget_type=\"heading.default\">\n\t\t\t\t<div class=\"elementor-widget-container\">\n\t\t\t\t\t<h2 class=\"elementor-heading-title elementor-size-default\">Verifactu como oportunidad, no como carga<\/h2>\t\t\t\t<\/div>\n\t\t\t\t<\/div>\n\t\t\t\t\t<\/div>\n\t\t\t\t<\/div>\n\t\t<div class=\"elementor-element elementor-element-d3417d0 e-flex e-con-boxed e-con e-parent\" data-id=\"d3417d0\" data-element_type=\"container\">\n\t\t\t\t\t<div class=\"e-con-inner\">\n\t\t\t\t<div class=\"elementor-element elementor-element-91b84d8 elementor-widget elementor-widget-text-editor\" data-id=\"91b84d8\" data-element_type=\"widget\" data-widget_type=\"text-editor.default\">\n\t\t\t\t<div class=\"elementor-widget-container\">\n\t\t\t\t\t\t\t\t\t<p data-sourcepos=\"73:1-73:447\">Si bien la obligatoriedad de Verifactu puede parecer una carga administrativa inicial, es fundamental verlo como una oportunidad para modernizar tu negocio. Al adoptar un sistema de facturaci\u00f3n que cumpla con Verifactu, no solo garantizas el cumplimiento normativo y evitas posibles sanciones, sino que tambi\u00e9n optimizas la gesti\u00f3n de tus ingresos, ahorras tiempo en tareas administrativas y posicionas a tu pyme o aut\u00f3nomo para el futuro digital.<\/p><p data-sourcepos=\"75:1-75:162\">Prep\u00e1rate para el cambio, elige una soluci\u00f3n de confianza y convierte la adaptaci\u00f3n a Verifactu en un impulso para la eficiencia y el crecimiento de tu actividad.<\/p>\t\t\t\t\t\t\t\t<\/div>\n\t\t\t\t<\/div>\n\t\t\t\t\t<\/div>\n\t\t\t\t<\/div>\n\t\t<div class=\"elementor-element elementor-element-1b015b e-flex e-con-boxed e-con e-parent\" data-id=\"1b015b\" data-element_type=\"container\">\n\t\t\t\t\t<div class=\"e-con-inner\">\n\t\t<div class=\"elementor-element elementor-element-10a5d1a e-flex e-con-boxed e-con e-child\" data-id=\"10a5d1a\" data-element_type=\"container\">\n\t\t\t\t\t<div class=\"e-con-inner\">\n\t\t\t\t<div class=\"elementor-element elementor-element-16cec212 elementor-widget elementor-widget-heading\" data-id=\"16cec212\" data-element_type=\"widget\" data-widget_type=\"heading.default\">\n\t\t\t\t<div class=\"elementor-widget-container\">\n\t\t\t\t\t<h3 class=\"elementor-heading-title elementor-size-default\">Preguntas frecuentes<\/h3>\t\t\t\t<\/div>\n\t\t\t\t<\/div>\n\t\t\t\t\t<\/div>\n\t\t\t\t<\/div>\n\t\t<div class=\"elementor-element elementor-element-56623ace e-flex e-con-boxed e-con e-child\" data-id=\"56623ace\" data-element_type=\"container\">\n\t\t\t\t\t<div class=\"e-con-inner\">\n\t\t\t\t<div class=\"elementor-element elementor-element-69cc2bfc elementor-widget elementor-widget-heading\" data-id=\"69cc2bfc\" data-element_type=\"widget\" data-widget_type=\"heading.default\">\n\t\t\t\t<div class=\"elementor-widget-container\">\n\t\t\t\t\t<h4 class=\"elementor-heading-title elementor-size-default\">\u00bfQu\u00e9 es exactamente Verifactu y c\u00f3mo me afecta directamente?<\/h4>\t\t\t\t<\/div>\n\t\t\t\t<\/div>\n\t\t\t\t<div class=\"elementor-element elementor-element-7ce2d323 elementor-widget elementor-widget-text-editor\" data-id=\"7ce2d323\" data-element_type=\"widget\" data-widget_type=\"text-editor.default\">\n\t\t\t\t<div class=\"elementor-widget-container\">\n\t\t\t\t\t\t\t\t\t<p>Verifactu es el sistema de facturaci\u00f3n electr\u00f3nica obligatorio desarrollado por la Agencia Tributaria Espa\u00f1ola, en el marco de la Ley Antifraude y la Ley Crea y Crece. Directamente, te afecta en que tu software de facturaci\u00f3n deber\u00e1 ser capaz de generar y enviar de forma autom\u00e1tica e inmediata la informaci\u00f3n de cada factura que emitas a la Agencia Tributaria. Esto es aplicable tanto a las facturas electr\u00f3nicas entre empresas (B2B) como a las facturas emitidas a consumidores finales (B2C) o entre aut\u00f3nomos.<\/p>\t\t\t\t\t\t\t\t<\/div>\n\t\t\t\t<\/div>\n\t\t\t\t\t<\/div>\n\t\t\t\t<\/div>\n\t\t<div class=\"elementor-element elementor-element-f2daf47 e-flex e-con-boxed e-con e-child\" data-id=\"f2daf47\" data-element_type=\"container\">\n\t\t\t\t\t<div class=\"e-con-inner\">\n\t\t\t\t<div class=\"elementor-element elementor-element-5bb4c9e4 elementor-widget elementor-widget-heading\" data-id=\"5bb4c9e4\" data-element_type=\"widget\" data-widget_type=\"heading.default\">\n\t\t\t\t<div class=\"elementor-widget-container\">\n\t\t\t\t\t<h4 class=\"elementor-heading-title elementor-size-default\">\u00bfNecesito un software espec\u00edfico para cumplir con Verifactu?<\/h4>\t\t\t\t<\/div>\n\t\t\t\t<\/div>\n\t\t\t\t<div class=\"elementor-element elementor-element-6afd58d0 elementor-widget elementor-widget-text-editor\" data-id=\"6afd58d0\" data-element_type=\"widget\" data-widget_type=\"text-editor.default\">\n\t\t\t\t<div class=\"elementor-widget-container\">\n\t\t\t\t\t\t\t\t\t<p>S\u00ed, es indispensable. Tu actual sistema de facturaci\u00f3n deber\u00e1 ser actualizado o reemplazado por uno que cumpla con los requisitos t\u00e9cnicos de Verifactu. Esto significa que debe ser capaz de generar las facturas en el formato adecuado, con la informaci\u00f3n necesaria (incluido el c\u00f3digo QR y la firma electr\u00f3nica), y enviarlas de forma segura y autom\u00e1tica a la Agencia Tributaria. Busca soluciones de software de facturaci\u00f3n que est\u00e9n certificadas y que te garanticen este cumplimiento.<\/p>\t\t\t\t\t\t\t\t<\/div>\n\t\t\t\t<\/div>\n\t\t\t\t\t<\/div>\n\t\t\t\t<\/div>\n\t\t<div class=\"elementor-element elementor-element-e1110ae e-flex e-con-boxed e-con e-child\" data-id=\"e1110ae\" data-element_type=\"container\">\n\t\t\t\t\t<div class=\"e-con-inner\">\n\t\t\t\t<div class=\"elementor-element elementor-element-28ea34ea elementor-widget elementor-widget-heading\" data-id=\"28ea34ea\" data-element_type=\"widget\" data-widget_type=\"heading.default\">\n\t\t\t\t<div class=\"elementor-widget-container\">\n\t\t\t\t\t<h4 class=\"elementor-heading-title elementor-size-default\">\u00bfQu\u00e9 ocurre si no me adapto a Verifactu?<\/h4>\t\t\t\t<\/div>\n\t\t\t\t<\/div>\n\t\t\t\t<div class=\"elementor-element elementor-element-2af76b4e elementor-widget elementor-widget-text-editor\" data-id=\"2af76b4e\" data-element_type=\"widget\" data-widget_type=\"text-editor.default\">\n\t\t\t\t<div class=\"elementor-widget-container\">\n\t\t\t\t\t\t\t\t\t<p>El incumplimiento de la normativa Verifactu puede acarrear sanciones econ\u00f3micas significativas. La Ley Antifraude establece multas para los fabricantes de software que no adapten sus programas y para los usuarios que no utilicen sistemas certificados o que manipulen los datos. Adem\u00e1s de las sanciones, no adaptarse a Verifactu puede generar problemas en tus relaciones comerciales, ya que las empresas estar\u00e1n obligadas a recibir facturas en formatos electr\u00f3nicos espec\u00edficos.<\/p>\t\t\t\t\t\t\t\t<\/div>\n\t\t\t\t<\/div>\n\t\t\t\t\t<\/div>\n\t\t\t\t<\/div>\n\t\t<div class=\"elementor-element elementor-element-16cc302c e-flex e-con-boxed e-con e-child\" data-id=\"16cc302c\" data-element_type=\"container\">\n\t\t\t\t\t<div class=\"e-con-inner\">\n\t\t\t\t<div class=\"elementor-element elementor-element-20f8c957 elementor-widget elementor-widget-heading\" data-id=\"20f8c957\" data-element_type=\"widget\" data-widget_type=\"heading.default\">\n\t\t\t\t<div class=\"elementor-widget-container\">\n\t\t\t\t\t<h4 class=\"elementor-heading-title elementor-size-default\">\u00bfVerifactu simplifica o complica la gesti\u00f3n de mi negocio?<\/h4>\t\t\t\t<\/div>\n\t\t\t\t<\/div>\n\t\t\t\t<div class=\"elementor-element elementor-element-458e02d8 elementor-widget elementor-widget-text-editor\" data-id=\"458e02d8\" data-element_type=\"widget\" data-widget_type=\"text-editor.default\">\n\t\t\t\t<div class=\"elementor-widget-container\">\n\t\t\t\t\t\t\t\t\t<p>Aunque la adaptaci\u00f3n inicial pueda requerir una inversi\u00f3n de tiempo y recursos, a medio y largo plazo, Verifactu est\u00e1 dise\u00f1ado para simplificar y automatizar la gesti\u00f3n fiscal de tu negocio. Al enviar la informaci\u00f3n de tus facturas de forma autom\u00e1tica a la Agencia Tributaria, reduces el riesgo de errores manuales, simplificas la preparaci\u00f3n de tus declaraciones de impuestos y obtienes una mayor trazabilidad y transparencia en tus operaciones. Es una herramienta que, bien implementada, contribuye a la eficiencia y seguridad de tu facturaci\u00f3n.<\/p>\t\t\t\t\t\t\t\t<\/div>\n\t\t\t\t<\/div>\n\t\t\t\t\t<\/div>\n\t\t\t\t<\/div>\n\t\t\t\t\t<\/div>\n\t\t\t\t<\/div>\n\t\t<div class=\"elementor-element elementor-element-14ac60ea e-flex e-con-boxed e-con e-parent\" data-id=\"14ac60ea\" data-element_type=\"container\">\n\t\t\t\t\t<div class=\"e-con-inner\">\n\t\t<div class=\"elementor-element elementor-element-4a0d207b e-con-full e-flex e-con e-child\" data-id=\"4a0d207b\" data-element_type=\"container\">\n\t\t\t\t<div class=\"elementor-element elementor-element-6a24ce2 elementor-widget elementor-widget-spacer\" data-id=\"6a24ce2\" data-element_type=\"widget\" data-widget_type=\"spacer.default\">\n\t\t\t\t<div class=\"elementor-widget-container\">\n\t\t\t\t\t\t\t<div class=\"elementor-spacer\">\n\t\t\t<div class=\"elementor-spacer-inner\"><\/div>\n\t\t<\/div>\n\t\t\t\t\t\t<\/div>\n\t\t\t\t<\/div>\n\t\t\t\t<\/div>\n\t\t<div class=\"elementor-element elementor-element-3eaeb8dc e-con-full e-flex e-con e-child\" data-id=\"3eaeb8dc\" data-element_type=\"container\">\n\t\t\t\t<div class=\"elementor-element elementor-element-71850b43 elementor-widget elementor-widget-heading\" data-id=\"71850b43\" data-element_type=\"widget\" data-widget_type=\"heading.default\">\n\t\t\t\t<div class=\"elementor-widget-container\">\n\t\t\t\t\t<h3 class=\"elementor-heading-title elementor-size-default\">No te pierdas...<\/h3>\t\t\t\t<\/div>\n\t\t\t\t<\/div>\n\t\t\t\t<\/div>\n\t\t<div class=\"elementor-element elementor-element-2cc21ddc e-con-full e-flex e-con e-child\" data-id=\"2cc21ddc\" data-element_type=\"container\">\n\t\t\t\t<div class=\"elementor-element elementor-element-6dc1e4ad elementor-widget elementor-widget-katen-post-five\" data-id=\"6dc1e4ad\" data-element_type=\"widget\" data-widget_type=\"katen-post-five.default\">\n\t\t\t\t<div class=\"elementor-widget-container\">\n\t\t\t\t\t\t\t<div class=\"padding-30 rounded bordered\">\n\n\t\t\t<div class=\"row infinite-wrapper\">\n\n\t\t\t\n\t\t\t\t<div class=\"col-md-12 col-sm-6 post-list-item post-item\">\n\t\t\t\t\t<!-- post -->\n\t\t\t\t\t<div class=\"post post-list clearfix\">\n\n\t\t\t\t\t\t<div class=\"thumb rounded\"><div class=\"inner\"><a href=\"https:\/\/finanedi.es\/blog\/digitaliza-tus-facturas-y-ahorra-tiempo-con-finanedi\/\"><img decoding=\"async\" width=\"330\" height=\"250\" src=\"https:\/\/finanedi.es\/blog\/contenido\/uploads\/2025\/07\/Digitaliza-tus-facturas-con-FinanEDI-330x250.jpg\" class=\"attachment-katen-thumb-list size-katen-thumb-list wp-post-image\" alt=\"Digitaliza tus facturas con FinanEDI\" \/><\/a><\/div><\/div>  \n\n\t\t\t\t\t\t<div class=\"details clearfix\">\n\t\t\t\t\t\t\t<ul class=\"meta list-inline mb-3\">\n\t\t\t\t\t\t\t\t<li class=\"list-inline-item\"><a href=\"https:\/\/finanedi.es\/blog\/category\/facturacion\/\">Facturaci\u00f3n<\/a><\/li>\t\t\t\t\t\t\t<\/ul>\n\t\t\t\t\t\t\t<h5 class=\"post-title\"><a href=\"https:\/\/finanedi.es\/blog\/digitaliza-tus-facturas-y-ahorra-tiempo-con-finanedi\/\">Digitaliza tus facturas y ahorra tiempo con FinanEDI<\/a><\/h5>\n\t\t\t\t\t\t\t<p class=\"excerpt mb-0\">\n\t\t\t\t\t\t\t\tEn la era digital, la eficiencia es clave para cualquier negocio, ya seas aut\u00f3nomo o&hellip;\t\t\t\t\t\t\t<\/p>\n\t\t\t\t\t\t\t<div class=\"post-bottom clearfix d-flex align-items-center\">\n\t\t\t\t\t\t\t\t\t\t\t\t\t\t\t\t\t\t\t\t\t\t\t<\/div>\n\t\t\t\t\t\t<\/div>\n\t\t\t\t\t<\/div>\n\t\t\t\t<\/div>\n\n\t\t\t\n\t\t\t\t<div class=\"col-md-12 col-sm-6 post-list-item post-item\">\n\t\t\t\t\t<!-- post -->\n\t\t\t\t\t<div class=\"post post-list clearfix\">\n\n\t\t\t\t\t\t<div class=\"thumb rounded\"><div class=\"inner\"><a href=\"https:\/\/finanedi.es\/blog\/como-adaptar-tu-facturacion-a-la-nueva-oleada-de-controles-de-hacienda\/\"><img decoding=\"async\" width=\"330\" height=\"250\" src=\"https:\/\/finanedi.es\/blog\/contenido\/uploads\/2025\/07\/Verifactu-Como-adaptar-tu-facturacion-a-la-nueva-oleada-de-controles-de-Hacienda-330x250.jpg\" class=\"attachment-katen-thumb-list size-katen-thumb-list wp-post-image\" alt=\"Verifactu: C\u00f3mo adaptar tu facturaci\u00f3n a la nueva oleada de controles de Hacienda\" \/><\/a><\/div><\/div>  \n\n\t\t\t\t\t\t<div class=\"details clearfix\">\n\t\t\t\t\t\t\t<ul class=\"meta list-inline mb-3\">\n\t\t\t\t\t\t\t\t<li class=\"list-inline-item\"><a href=\"https:\/\/finanedi.es\/blog\/category\/facturacion\/\">Facturaci\u00f3n<\/a><\/li>\t\t\t\t\t\t\t<\/ul>\n\t\t\t\t\t\t\t<h5 class=\"post-title\"><a href=\"https:\/\/finanedi.es\/blog\/como-adaptar-tu-facturacion-a-la-nueva-oleada-de-controles-de-hacienda\/\">C\u00f3mo adaptar tu facturaci\u00f3n a la nueva oleada de controles de Hacienda en 2025<\/a><\/h5>\n\t\t\t\t\t\t\t<p class=\"excerpt mb-0\">\n\t\t\t\t\t\t\t\tEn los \u00faltimos meses, la Agencia Tributaria ha intensificado el control sobre las operaciones de&hellip;\t\t\t\t\t\t\t<\/p>\n\t\t\t\t\t\t\t<div class=\"post-bottom clearfix d-flex align-items-center\">\n\t\t\t\t\t\t\t\t\t\t\t\t\t\t\t\t\t\t\t\t\t\t\t<\/div>\n\t\t\t\t\t\t<\/div>\n\t\t\t\t\t<\/div>\n\t\t\t\t<\/div>\n\n\t\t\t\n\t\t\t\t<div class=\"col-md-12 col-sm-6 post-list-item post-item\">\n\t\t\t\t\t<!-- post -->\n\t\t\t\t\t<div class=\"post post-list clearfix\">\n\n\t\t\t\t\t\t<div class=\"thumb rounded\"><div class=\"inner\"><a href=\"https:\/\/finanedi.es\/blog\/como-evitar-fraudes-en-facturacion\/\"><img loading=\"lazy\" decoding=\"async\" width=\"330\" height=\"250\" src=\"https:\/\/finanedi.es\/blog\/contenido\/uploads\/2025\/02\/Como-evitar-fraudes-en-facturacion-330x250.jpg\" class=\"attachment-katen-thumb-list size-katen-thumb-list wp-post-image\" alt=\"C\u00f3mo evitar fraudes en facturaci\u00f3n\" \/><\/a><\/div><\/div>  \n\n\t\t\t\t\t\t<div class=\"details clearfix\">\n\t\t\t\t\t\t\t<ul class=\"meta list-inline mb-3\">\n\t\t\t\t\t\t\t\t<li class=\"list-inline-item\"><a href=\"https:\/\/finanedi.es\/blog\/category\/facturacion\/\">Facturaci\u00f3n<\/a><\/li>\t\t\t\t\t\t\t<\/ul>\n\t\t\t\t\t\t\t<h5 class=\"post-title\"><a href=\"https:\/\/finanedi.es\/blog\/como-evitar-fraudes-en-facturacion\/\">C\u00f3mo evitar fraudes en facturaci\u00f3n: Claves para proteger tu negocio<\/a><\/h5>\n\t\t\t\t\t\t\t<p class=\"excerpt mb-0\">\n\t\t\t\t\t\t\t\tLa facturaci\u00f3n es una parte fundamental de cualquier empresa, pero tambi\u00e9n es un blanco frecuente&hellip;\t\t\t\t\t\t\t<\/p>\n\t\t\t\t\t\t\t<div class=\"post-bottom clearfix d-flex align-items-center\">\n\t\t\t\t\t\t\t\t\t\t\t\t\t\t\t\t\t\t\t\t\t\t\t<\/div>\n\t\t\t\t\t\t<\/div>\n\t\t\t\t\t<\/div>\n\t\t\t\t<\/div>\n\n\t\t\t\n\t\t\t\t<div class=\"col-md-12 col-sm-6 post-list-item post-item\">\n\t\t\t\t\t<!-- post -->\n\t\t\t\t\t<div class=\"post post-list clearfix\">\n\n\t\t\t\t\t\t<div class=\"thumb rounded\"><div class=\"inner\"><a href=\"https:\/\/finanedi.es\/blog\/ventajas-de-digitalizar-tu-pyme-y-adaptarte-a-verifactu-antes-de-que-sea-obligatorio\/\"><img loading=\"lazy\" decoding=\"async\" width=\"330\" height=\"250\" src=\"https:\/\/finanedi.es\/blog\/contenido\/uploads\/2025\/10\/Ventajas-de-digitalizar-tu-pyme-y-adaptarte-a-VeriFactu-antes-de-que-sea-obligatorio-330x250.jpg\" class=\"attachment-katen-thumb-list size-katen-thumb-list wp-post-image\" alt=\"Ventajas de digitalizar tu pyme y adaptarte a VeriFactu antes de que sea obligatorio\" \/><\/a><\/div><\/div>  \n\n\t\t\t\t\t\t<div class=\"details clearfix\">\n\t\t\t\t\t\t\t<ul class=\"meta list-inline mb-3\">\n\t\t\t\t\t\t\t\t<li class=\"list-inline-item\"><a href=\"https:\/\/finanedi.es\/blog\/category\/facturacion\/\">Facturaci\u00f3n<\/a><\/li>\t\t\t\t\t\t\t<\/ul>\n\t\t\t\t\t\t\t<h5 class=\"post-title\"><a href=\"https:\/\/finanedi.es\/blog\/ventajas-de-digitalizar-tu-pyme-y-adaptarte-a-verifactu-antes-de-que-sea-obligatorio\/\">Ventajas de digitalizar tu pyme y adaptarte a VeriFactu antes de que sea obligatorio<\/a><\/h5>\n\t\t\t\t\t\t\t<p class=\"excerpt mb-0\">\n\t\t\t\t\t\t\t\tLa digitalizaci\u00f3n ya no es una tendencia, es una ventaja competitiva real para las peque\u00f1as&hellip;\t\t\t\t\t\t\t<\/p>\n\t\t\t\t\t\t\t<div class=\"post-bottom clearfix d-flex align-items-center\">\n\t\t\t\t\t\t\t\t\t\t\t\t\t\t\t\t\t\t\t\t\t\t\t<\/div>\n\t\t\t\t\t\t<\/div>\n\t\t\t\t\t<\/div>\n\t\t\t\t<\/div>\n\n\t\t\t\n\t\t\t<\/div>\n\n\t\t<\/div>\n\t\t\n        \t\t\t\t<\/div>\n\t\t\t\t<\/div>\n\t\t\t\t<\/div>\n\t\t\t\t\t<\/div>\n\t\t\t\t<\/div>\n\t\t\t\t<\/div>\n\t\t","protected":false},"excerpt":{"rendered":"<p>La digitalizaci\u00f3n ha llegado para quedarse en el mundo empresarial, y la facturaci\u00f3n no es una excepci\u00f3n. Con la inminente entrada en vigor de la Ley Crea y Crece, la factura electr\u00f3nica se convierte en un pilar fundamental para las relaciones comerciales en Espa\u00f1a. En este contexto, surge Verifactu, un sistema dise\u00f1ado para transformar la forma en que aut\u00f3nomos y peque\u00f1as y medianas empresas (PYMES) gestionan sus ingresos y cumplen con sus obligaciones fiscales.<\/p>\n","protected":false},"author":3,"featured_media":10953,"comment_status":"closed","ping_status":"open","sticky":false,"template":"","format":"standard","meta":{"_monsterinsights_skip_tracking":false,"_monsterinsights_sitenote_active":false,"_monsterinsights_sitenote_note":"","_monsterinsights_sitenote_category":0,"footnotes":""},"categories":[4],"tags":[91],"class_list":["post-10950","post","type-post","status-publish","format-standard","has-post-thumbnail","hentry","category-facturacion","tag-verifactu"],"yoast_head":"<!-- This site is optimized with the Yoast SEO plugin v26.2 - https:\/\/yoast.com\/wordpress\/plugins\/seo\/ -->\n<title>Verifactu: El nuevo horizonte de la facturaci\u00f3n para pymes y aut\u00f3nomos<\/title>\n<meta name=\"description\" content=\"Verifactu: Descubre las ventajas clave para pymes y aut\u00f3nomos. Cumplimiento fiscal, ahorro de tiempo y optimizaci\u00f3n de tu facturaci\u00f3n.\" \/>\n<meta name=\"robots\" content=\"index, follow, max-snippet:-1, max-image-preview:large, max-video-preview:-1\" \/>\n<link rel=\"canonical\" href=\"https:\/\/finanedi.es\/blog\/verifactu-el-nuevo-horizonte-de-la-facturacion-para-pymes-y-autonomos\/\" \/>\n<meta property=\"og:locale\" content=\"es_ES\" \/>\n<meta property=\"og:type\" content=\"article\" \/>\n<meta property=\"og:title\" content=\"Verifactu: El nuevo horizonte de la facturaci\u00f3n para pymes y aut\u00f3nomos\" \/>\n<meta property=\"og:description\" content=\"Verifactu: Descubre las ventajas clave para pymes y aut\u00f3nomos. Cumplimiento fiscal, ahorro de tiempo y optimizaci\u00f3n de tu facturaci\u00f3n.\" \/>\n<meta property=\"og:url\" content=\"https:\/\/finanedi.es\/blog\/verifactu-el-nuevo-horizonte-de-la-facturacion-para-pymes-y-autonomos\/\" \/>\n<meta property=\"og:site_name\" content=\"Blog para pymes y aut\u00f3nomos - FinanEDI\" \/>\n<meta property=\"article:published_time\" content=\"2025-06-03T07:20:10+00:00\" \/>\n<meta property=\"article:modified_time\" content=\"2025-07-28T06:50:08+00:00\" \/>\n<meta property=\"og:image\" content=\"https:\/\/finanedi.es\/blog\/contenido\/uploads\/2025\/06\/Verifactu-El-nuevo-horizonte-de-la-facturacion-para-pymes-y-autonomos.jpg\" \/>\n\t<meta property=\"og:image:width\" content=\"2000\" \/>\n\t<meta property=\"og:image:height\" content=\"1333\" \/>\n\t<meta property=\"og:image:type\" content=\"image\/jpeg\" \/>\n<meta name=\"author\" content=\"restevez\" \/>\n<meta name=\"twitter:card\" content=\"summary_large_image\" \/>\n<meta name=\"twitter:label1\" content=\"Escrito por\" \/>\n\t<meta name=\"twitter:data1\" content=\"restevez\" \/>\n\t<meta name=\"twitter:label2\" content=\"Tiempo de lectura\" \/>\n\t<meta name=\"twitter:data2\" content=\"9 minutos\" \/>\n<script type=\"application\/ld+json\" class=\"yoast-schema-graph\">{\"@context\":\"https:\/\/schema.org\",\"@graph\":[{\"@type\":\"Article\",\"@id\":\"https:\/\/finanedi.es\/blog\/verifactu-el-nuevo-horizonte-de-la-facturacion-para-pymes-y-autonomos\/#article\",\"isPartOf\":{\"@id\":\"https:\/\/finanedi.es\/blog\/verifactu-el-nuevo-horizonte-de-la-facturacion-para-pymes-y-autonomos\/\"},\"author\":{\"name\":\"restevez\",\"@id\":\"https:\/\/finanedi.es\/blog\/#\/schema\/person\/233ed58195d34f36f74f13ba1030ebd8\"},\"headline\":\"Verifactu: El nuevo horizonte de la facturaci\u00f3n para pymes y aut\u00f3nomos\",\"datePublished\":\"2025-06-03T07:20:10+00:00\",\"dateModified\":\"2025-07-28T06:50:08+00:00\",\"mainEntityOfPage\":{\"@id\":\"https:\/\/finanedi.es\/blog\/verifactu-el-nuevo-horizonte-de-la-facturacion-para-pymes-y-autonomos\/\"},\"wordCount\":1631,\"publisher\":{\"@id\":\"https:\/\/finanedi.es\/blog\/#organization\"},\"image\":{\"@id\":\"https:\/\/finanedi.es\/blog\/verifactu-el-nuevo-horizonte-de-la-facturacion-para-pymes-y-autonomos\/#primaryimage\"},\"thumbnailUrl\":\"https:\/\/finanedi.es\/blog\/contenido\/uploads\/2025\/06\/Verifactu-El-nuevo-horizonte-de-la-facturacion-para-pymes-y-autonomos.jpg\",\"keywords\":[\"Verifactu\"],\"articleSection\":[\"Facturaci\u00f3n\"],\"inLanguage\":\"es\"},{\"@type\":\"WebPage\",\"@id\":\"https:\/\/finanedi.es\/blog\/verifactu-el-nuevo-horizonte-de-la-facturacion-para-pymes-y-autonomos\/\",\"url\":\"https:\/\/finanedi.es\/blog\/verifactu-el-nuevo-horizonte-de-la-facturacion-para-pymes-y-autonomos\/\",\"name\":\"Verifactu: El nuevo horizonte de la facturaci\u00f3n para pymes y aut\u00f3nomos\",\"isPartOf\":{\"@id\":\"https:\/\/finanedi.es\/blog\/#website\"},\"primaryImageOfPage\":{\"@id\":\"https:\/\/finanedi.es\/blog\/verifactu-el-nuevo-horizonte-de-la-facturacion-para-pymes-y-autonomos\/#primaryimage\"},\"image\":{\"@id\":\"https:\/\/finanedi.es\/blog\/verifactu-el-nuevo-horizonte-de-la-facturacion-para-pymes-y-autonomos\/#primaryimage\"},\"thumbnailUrl\":\"https:\/\/finanedi.es\/blog\/contenido\/uploads\/2025\/06\/Verifactu-El-nuevo-horizonte-de-la-facturacion-para-pymes-y-autonomos.jpg\",\"datePublished\":\"2025-06-03T07:20:10+00:00\",\"dateModified\":\"2025-07-28T06:50:08+00:00\",\"description\":\"Verifactu: Descubre las ventajas clave para pymes y aut\u00f3nomos. Cumplimiento fiscal, ahorro de tiempo y optimizaci\u00f3n de tu facturaci\u00f3n.\",\"breadcrumb\":{\"@id\":\"https:\/\/finanedi.es\/blog\/verifactu-el-nuevo-horizonte-de-la-facturacion-para-pymes-y-autonomos\/#breadcrumb\"},\"inLanguage\":\"es\",\"potentialAction\":[{\"@type\":\"ReadAction\",\"target\":[\"https:\/\/finanedi.es\/blog\/verifactu-el-nuevo-horizonte-de-la-facturacion-para-pymes-y-autonomos\/\"]}]},{\"@type\":\"ImageObject\",\"inLanguage\":\"es\",\"@id\":\"https:\/\/finanedi.es\/blog\/verifactu-el-nuevo-horizonte-de-la-facturacion-para-pymes-y-autonomos\/#primaryimage\",\"url\":\"https:\/\/finanedi.es\/blog\/contenido\/uploads\/2025\/06\/Verifactu-El-nuevo-horizonte-de-la-facturacion-para-pymes-y-autonomos.jpg\",\"contentUrl\":\"https:\/\/finanedi.es\/blog\/contenido\/uploads\/2025\/06\/Verifactu-El-nuevo-horizonte-de-la-facturacion-para-pymes-y-autonomos.jpg\",\"width\":2000,\"height\":1333,\"caption\":\"Verifactu El nuevo horizonte de la facturaci\u00f3n para pymes y aut\u00f3nomos\"},{\"@type\":\"BreadcrumbList\",\"@id\":\"https:\/\/finanedi.es\/blog\/verifactu-el-nuevo-horizonte-de-la-facturacion-para-pymes-y-autonomos\/#breadcrumb\",\"itemListElement\":[{\"@type\":\"ListItem\",\"position\":1,\"name\":\"Home\",\"item\":\"https:\/\/finanedi.es\/blog\/\"},{\"@type\":\"ListItem\",\"position\":2,\"name\":\"Verifactu: El nuevo horizonte de la facturaci\u00f3n para pymes y aut\u00f3nomos\"}]},{\"@type\":\"WebSite\",\"@id\":\"https:\/\/finanedi.es\/blog\/#website\",\"url\":\"https:\/\/finanedi.es\/blog\/\",\"name\":\"Blog para pymes y aut\u00f3nomos - FinanEDI\",\"description\":\"Blog para aut\u00f3nomos y PYMES, sobre temas como facturaci\u00f3n, contabilidad, tecnolog\u00eda.\",\"publisher\":{\"@id\":\"https:\/\/finanedi.es\/blog\/#organization\"},\"potentialAction\":[{\"@type\":\"SearchAction\",\"target\":{\"@type\":\"EntryPoint\",\"urlTemplate\":\"https:\/\/finanedi.es\/blog\/?s={search_term_string}\"},\"query-input\":{\"@type\":\"PropertyValueSpecification\",\"valueRequired\":true,\"valueName\":\"search_term_string\"}}],\"inLanguage\":\"es\"},{\"@type\":\"Organization\",\"@id\":\"https:\/\/finanedi.es\/blog\/#organization\",\"name\":\"Blog para pymes y aut\u00f3nomos - FinanEDI\",\"url\":\"https:\/\/finanedi.es\/blog\/\",\"logo\":{\"@type\":\"ImageObject\",\"inLanguage\":\"es\",\"@id\":\"https:\/\/finanedi.es\/blog\/#\/schema\/logo\/image\/\",\"url\":\"https:\/\/finanedi.es\/blog\/contenido\/uploads\/2024\/02\/FinanEdiAzul1.svg\",\"contentUrl\":\"https:\/\/finanedi.es\/blog\/contenido\/uploads\/2024\/02\/FinanEdiAzul1.svg\",\"width\":142,\"height\":36,\"caption\":\"Blog para pymes y aut\u00f3nomos - FinanEDI\"},\"image\":{\"@id\":\"https:\/\/finanedi.es\/blog\/#\/schema\/logo\/image\/\"}},{\"@type\":\"Person\",\"@id\":\"https:\/\/finanedi.es\/blog\/#\/schema\/person\/233ed58195d34f36f74f13ba1030ebd8\",\"name\":\"restevez\",\"image\":{\"@type\":\"ImageObject\",\"inLanguage\":\"es\",\"@id\":\"https:\/\/finanedi.es\/blog\/#\/schema\/person\/image\/\",\"url\":\"https:\/\/secure.gravatar.com\/avatar\/6c4880db9746e4aa887a98e0ebf657788804dc4280120ef10331a2e6ebb4a9a0?s=96&d=mm&r=g\",\"contentUrl\":\"https:\/\/secure.gravatar.com\/avatar\/6c4880db9746e4aa887a98e0ebf657788804dc4280120ef10331a2e6ebb4a9a0?s=96&d=mm&r=g\",\"caption\":\"restevez\"},\"url\":\"https:\/\/finanedi.es\/blog\/author\/restevez\/\"}]}<\/script>\n<!-- \/ Yoast SEO plugin. -->","yoast_head_json":{"title":"Verifactu: El nuevo horizonte de la facturaci\u00f3n para pymes y aut\u00f3nomos","description":"Verifactu: Descubre las ventajas clave para pymes y aut\u00f3nomos. Cumplimiento fiscal, ahorro de tiempo y optimizaci\u00f3n de tu facturaci\u00f3n.","robots":{"index":"index","follow":"follow","max-snippet":"max-snippet:-1","max-image-preview":"max-image-preview:large","max-video-preview":"max-video-preview:-1"},"canonical":"https:\/\/finanedi.es\/blog\/verifactu-el-nuevo-horizonte-de-la-facturacion-para-pymes-y-autonomos\/","og_locale":"es_ES","og_type":"article","og_title":"Verifactu: El nuevo horizonte de la facturaci\u00f3n para pymes y aut\u00f3nomos","og_description":"Verifactu: Descubre las ventajas clave para pymes y aut\u00f3nomos. Cumplimiento fiscal, ahorro de tiempo y optimizaci\u00f3n de tu facturaci\u00f3n.","og_url":"https:\/\/finanedi.es\/blog\/verifactu-el-nuevo-horizonte-de-la-facturacion-para-pymes-y-autonomos\/","og_site_name":"Blog para pymes y aut\u00f3nomos - FinanEDI","article_published_time":"2025-06-03T07:20:10+00:00","article_modified_time":"2025-07-28T06:50:08+00:00","og_image":[{"width":2000,"height":1333,"url":"https:\/\/finanedi.es\/blog\/contenido\/uploads\/2025\/06\/Verifactu-El-nuevo-horizonte-de-la-facturacion-para-pymes-y-autonomos.jpg","type":"image\/jpeg"}],"author":"restevez","twitter_card":"summary_large_image","twitter_misc":{"Escrito por":"restevez","Tiempo de lectura":"9 minutos"},"schema":{"@context":"https:\/\/schema.org","@graph":[{"@type":"Article","@id":"https:\/\/finanedi.es\/blog\/verifactu-el-nuevo-horizonte-de-la-facturacion-para-pymes-y-autonomos\/#article","isPartOf":{"@id":"https:\/\/finanedi.es\/blog\/verifactu-el-nuevo-horizonte-de-la-facturacion-para-pymes-y-autonomos\/"},"author":{"name":"restevez","@id":"https:\/\/finanedi.es\/blog\/#\/schema\/person\/233ed58195d34f36f74f13ba1030ebd8"},"headline":"Verifactu: El nuevo horizonte de la facturaci\u00f3n para pymes y aut\u00f3nomos","datePublished":"2025-06-03T07:20:10+00:00","dateModified":"2025-07-28T06:50:08+00:00","mainEntityOfPage":{"@id":"https:\/\/finanedi.es\/blog\/verifactu-el-nuevo-horizonte-de-la-facturacion-para-pymes-y-autonomos\/"},"wordCount":1631,"publisher":{"@id":"https:\/\/finanedi.es\/blog\/#organization"},"image":{"@id":"https:\/\/finanedi.es\/blog\/verifactu-el-nuevo-horizonte-de-la-facturacion-para-pymes-y-autonomos\/#primaryimage"},"thumbnailUrl":"https:\/\/finanedi.es\/blog\/contenido\/uploads\/2025\/06\/Verifactu-El-nuevo-horizonte-de-la-facturacion-para-pymes-y-autonomos.jpg","keywords":["Verifactu"],"articleSection":["Facturaci\u00f3n"],"inLanguage":"es"},{"@type":"WebPage","@id":"https:\/\/finanedi.es\/blog\/verifactu-el-nuevo-horizonte-de-la-facturacion-para-pymes-y-autonomos\/","url":"https:\/\/finanedi.es\/blog\/verifactu-el-nuevo-horizonte-de-la-facturacion-para-pymes-y-autonomos\/","name":"Verifactu: El nuevo horizonte de la facturaci\u00f3n para pymes y aut\u00f3nomos","isPartOf":{"@id":"https:\/\/finanedi.es\/blog\/#website"},"primaryImageOfPage":{"@id":"https:\/\/finanedi.es\/blog\/verifactu-el-nuevo-horizonte-de-la-facturacion-para-pymes-y-autonomos\/#primaryimage"},"image":{"@id":"https:\/\/finanedi.es\/blog\/verifactu-el-nuevo-horizonte-de-la-facturacion-para-pymes-y-autonomos\/#primaryimage"},"thumbnailUrl":"https:\/\/finanedi.es\/blog\/contenido\/uploads\/2025\/06\/Verifactu-El-nuevo-horizonte-de-la-facturacion-para-pymes-y-autonomos.jpg","datePublished":"2025-06-03T07:20:10+00:00","dateModified":"2025-07-28T06:50:08+00:00","description":"Verifactu: Descubre las ventajas clave para pymes y aut\u00f3nomos. Cumplimiento fiscal, ahorro de tiempo y optimizaci\u00f3n de tu facturaci\u00f3n.","breadcrumb":{"@id":"https:\/\/finanedi.es\/blog\/verifactu-el-nuevo-horizonte-de-la-facturacion-para-pymes-y-autonomos\/#breadcrumb"},"inLanguage":"es","potentialAction":[{"@type":"ReadAction","target":["https:\/\/finanedi.es\/blog\/verifactu-el-nuevo-horizonte-de-la-facturacion-para-pymes-y-autonomos\/"]}]},{"@type":"ImageObject","inLanguage":"es","@id":"https:\/\/finanedi.es\/blog\/verifactu-el-nuevo-horizonte-de-la-facturacion-para-pymes-y-autonomos\/#primaryimage","url":"https:\/\/finanedi.es\/blog\/contenido\/uploads\/2025\/06\/Verifactu-El-nuevo-horizonte-de-la-facturacion-para-pymes-y-autonomos.jpg","contentUrl":"https:\/\/finanedi.es\/blog\/contenido\/uploads\/2025\/06\/Verifactu-El-nuevo-horizonte-de-la-facturacion-para-pymes-y-autonomos.jpg","width":2000,"height":1333,"caption":"Verifactu El nuevo horizonte de la facturaci\u00f3n para pymes y aut\u00f3nomos"},{"@type":"BreadcrumbList","@id":"https:\/\/finanedi.es\/blog\/verifactu-el-nuevo-horizonte-de-la-facturacion-para-pymes-y-autonomos\/#breadcrumb","itemListElement":[{"@type":"ListItem","position":1,"name":"Home","item":"https:\/\/finanedi.es\/blog\/"},{"@type":"ListItem","position":2,"name":"Verifactu: El nuevo horizonte de la facturaci\u00f3n para pymes y aut\u00f3nomos"}]},{"@type":"WebSite","@id":"https:\/\/finanedi.es\/blog\/#website","url":"https:\/\/finanedi.es\/blog\/","name":"Blog para pymes y aut\u00f3nomos - FinanEDI","description":"Blog para aut\u00f3nomos y PYMES, sobre temas como facturaci\u00f3n, contabilidad, tecnolog\u00eda.","publisher":{"@id":"https:\/\/finanedi.es\/blog\/#organization"},"potentialAction":[{"@type":"SearchAction","target":{"@type":"EntryPoint","urlTemplate":"https:\/\/finanedi.es\/blog\/?s={search_term_string}"},"query-input":{"@type":"PropertyValueSpecification","valueRequired":true,"valueName":"search_term_string"}}],"inLanguage":"es"},{"@type":"Organization","@id":"https:\/\/finanedi.es\/blog\/#organization","name":"Blog para pymes y aut\u00f3nomos - FinanEDI","url":"https:\/\/finanedi.es\/blog\/","logo":{"@type":"ImageObject","inLanguage":"es","@id":"https:\/\/finanedi.es\/blog\/#\/schema\/logo\/image\/","url":"https:\/\/finanedi.es\/blog\/contenido\/uploads\/2024\/02\/FinanEdiAzul1.svg","contentUrl":"https:\/\/finanedi.es\/blog\/contenido\/uploads\/2024\/02\/FinanEdiAzul1.svg","width":142,"height":36,"caption":"Blog para pymes y aut\u00f3nomos - FinanEDI"},"image":{"@id":"https:\/\/finanedi.es\/blog\/#\/schema\/logo\/image\/"}},{"@type":"Person","@id":"https:\/\/finanedi.es\/blog\/#\/schema\/person\/233ed58195d34f36f74f13ba1030ebd8","name":"restevez","image":{"@type":"ImageObject","inLanguage":"es","@id":"https:\/\/finanedi.es\/blog\/#\/schema\/person\/image\/","url":"https:\/\/secure.gravatar.com\/avatar\/6c4880db9746e4aa887a98e0ebf657788804dc4280120ef10331a2e6ebb4a9a0?s=96&d=mm&r=g","contentUrl":"https:\/\/secure.gravatar.com\/avatar\/6c4880db9746e4aa887a98e0ebf657788804dc4280120ef10331a2e6ebb4a9a0?s=96&d=mm&r=g","caption":"restevez"},"url":"https:\/\/finanedi.es\/blog\/author\/restevez\/"}]}},"_links":{"self":[{"href":"https:\/\/finanedi.es\/blog\/wp-json\/wp\/v2\/posts\/10950","targetHints":{"allow":["GET"]}}],"collection":[{"href":"https:\/\/finanedi.es\/blog\/wp-json\/wp\/v2\/posts"}],"about":[{"href":"https:\/\/finanedi.es\/blog\/wp-json\/wp\/v2\/types\/post"}],"author":[{"embeddable":true,"href":"https:\/\/finanedi.es\/blog\/wp-json\/wp\/v2\/users\/3"}],"replies":[{"embeddable":true,"href":"https:\/\/finanedi.es\/blog\/wp-json\/wp\/v2\/comments?post=10950"}],"version-history":[{"count":8,"href":"https:\/\/finanedi.es\/blog\/wp-json\/wp\/v2\/posts\/10950\/revisions"}],"predecessor-version":[{"id":11267,"href":"https:\/\/finanedi.es\/blog\/wp-json\/wp\/v2\/posts\/10950\/revisions\/11267"}],"wp:featuredmedia":[{"embeddable":true,"href":"https:\/\/finanedi.es\/blog\/wp-json\/wp\/v2\/media\/10953"}],"wp:attachment":[{"href":"https:\/\/finanedi.es\/blog\/wp-json\/wp\/v2\/media?parent=10950"}],"wp:term":[{"taxonomy":"category","embeddable":true,"href":"https:\/\/finanedi.es\/blog\/wp-json\/wp\/v2\/categories?post=10950"},{"taxonomy":"post_tag","embeddable":true,"href":"https:\/\/finanedi.es\/blog\/wp-json\/wp\/v2\/tags?post=10950"}],"curies":[{"name":"wp","href":"https:\/\/api.w.org\/{rel}","templated":true}]}}