{"id":11256,"date":"2025-06-26T09:43:42","date_gmt":"2025-06-26T07:43:42","guid":{"rendered":"https:\/\/finanedi.es\/blog\/?p=11256"},"modified":"2025-06-26T09:51:58","modified_gmt":"2025-06-26T07:51:58","slug":"facturacion-con-iva-intracomunitario-y-operaciones-triangulares","status":"publish","type":"post","link":"https:\/\/finanedi.es\/blog\/facturacion-con-iva-intracomunitario-y-operaciones-triangulares\/","title":{"rendered":"Facturaci\u00f3n con IVA intracomunitario y operaciones triangulares"},"content":{"rendered":"\t\t<div data-elementor-type=\"wp-post\" data-elementor-id=\"11256\" class=\"elementor elementor-11256\">\n\t\t\t\t<div class=\"elementor-element elementor-element-890bcce e-flex e-con-boxed e-con e-parent\" data-id=\"890bcce\" data-element_type=\"container\">\n\t\t\t\t\t<div class=\"e-con-inner\">\n\t\t\t\t<div class=\"elementor-element elementor-element-55604c7 elementor-widget elementor-widget-text-editor\" data-id=\"55604c7\" data-element_type=\"widget\" data-widget_type=\"text-editor.default\">\n\t\t\t\t<div class=\"elementor-widget-container\">\n\t\t\t\t\t\t\t\t\t<p>Operar en el mercado \u00fanico europeo ofrece grandes oportunidades para pymes y aut\u00f3nomos, pero tambi\u00e9n introduce particularidades en la facturaci\u00f3n y el IVA. Entender el <b>IVA intracomunitario<\/b> y c\u00f3mo gestionar las <b>operaciones triangulares<\/b> es fundamental para evitar errores con Hacienda y asegurar el cumplimiento normativo.<\/p>\t\t\t\t\t\t\t\t<\/div>\n\t\t\t\t<\/div>\n\t\t\t\t\t<\/div>\n\t\t\t\t<\/div>\n\t\t<div class=\"elementor-element elementor-element-4d10cbf e-flex e-con-boxed e-con e-parent\" data-id=\"4d10cbf\" data-element_type=\"container\">\n\t\t\t\t\t<div class=\"e-con-inner\">\n\t\t\t\t<div class=\"elementor-element elementor-element-d3a39f0 elementor-widget elementor-widget-heading\" data-id=\"d3a39f0\" data-element_type=\"widget\" data-widget_type=\"heading.default\">\n\t\t\t\t<div class=\"elementor-widget-container\">\n\t\t\t\t\t<h2 class=\"elementor-heading-title elementor-size-default\">\u00bfQu\u00e9 es el IVA intracomunitario?<\/h2>\t\t\t\t<\/div>\n\t\t\t\t<\/div>\n\t\t\t\t\t<\/div>\n\t\t\t\t<\/div>\n\t\t<div class=\"elementor-element elementor-element-7edec8f e-flex e-con-boxed e-con e-parent\" data-id=\"7edec8f\" data-element_type=\"container\">\n\t\t\t\t\t<div class=\"e-con-inner\">\n\t\t\t\t<div class=\"elementor-element elementor-element-6c4a928 elementor-widget elementor-widget-text-editor\" data-id=\"6c4a928\" data-element_type=\"widget\" data-widget_type=\"text-editor.default\">\n\t\t\t\t<div class=\"elementor-widget-container\">\n\t\t\t\t\t\t\t\t\t<p>El <b>IVA intracomunitario<\/b> es el Impuesto sobre el Valor A\u00f1adido que se aplica a las operaciones (entregas de bienes o prestaciones de servicios) realizadas entre empresas o profesionales de diferentes pa\u00edses miembros de la Uni\u00f3n Europea. Su objetivo es evitar la doble imposici\u00f3n y facilitar el comercio dentro de la UE.<\/p>\t\t\t\t\t\t\t\t<\/div>\n\t\t\t\t<\/div>\n\t\t\t\t\t<\/div>\n\t\t\t\t<\/div>\n\t\t<div class=\"elementor-element elementor-element-84a3837 e-flex e-con-boxed e-con e-parent\" data-id=\"84a3837\" data-element_type=\"container\">\n\t\t\t\t\t<div class=\"e-con-inner\">\n\t\t\t\t<div class=\"elementor-element elementor-element-0216277 elementor-widget elementor-widget-text-editor\" data-id=\"0216277\" data-element_type=\"widget\" data-widget_type=\"text-editor.default\">\n\t\t\t\t<div class=\"elementor-widget-container\">\n\t\t\t\t\t\t\t\t\t<p>La clave de estas operaciones es el <b>mecanismo de inversi\u00f3n del sujeto pasivo<\/b>. Esto significa que, en lugar de que el vendedor repercuta el IVA a su cliente (como ocurre en las operaciones nacionales), es el comprador quien autoliquida el IVA en su pa\u00eds. Esto deriva en un IVA \u00abneutro\u00bb para el comprador, ya que al mismo tiempo que se lo repercute, se lo deduce.<\/p>\t\t\t\t\t\t\t\t<\/div>\n\t\t\t\t<\/div>\n\t\t\t\t\t<\/div>\n\t\t\t\t<\/div>\n\t\t<div class=\"elementor-element elementor-element-6774953 e-flex e-con-boxed e-con e-parent\" data-id=\"6774953\" data-element_type=\"container\">\n\t\t\t\t\t<div class=\"e-con-inner\">\n\t\t\t\t<div class=\"elementor-element elementor-element-0c72129 elementor-widget elementor-widget-text-editor\" data-id=\"0c72129\" data-element_type=\"widget\" data-widget_type=\"text-editor.default\">\n\t\t\t\t<div class=\"elementor-widget-container\">\n\t\t\t\t\t\t\t\t\t<p>Para que se aplique este mecanismo, tanto el vendedor como el comprador deben ser <b>operadores intracomunitarios registrados<\/b> en el <b>Registro de Operadores Intracomunitarios (ROI)<\/b> y tener un <a href=\"https:\/\/finanedi.es\/blog\/nif-iva-la-llave-para-tu-negocio-en-el-mercado-europeo\/\" target=\"_blank\" rel=\"noopener\"><b>N\u00famero de Identificaci\u00f3n Fiscal a efectos de IVA (NIF-IVA)<\/b><\/a> v\u00e1lido.<\/p>\t\t\t\t\t\t\t\t<\/div>\n\t\t\t\t<\/div>\n\t\t\t\t\t<\/div>\n\t\t\t\t<\/div>\n\t\t<div class=\"elementor-element elementor-element-61ae621 e-flex e-con-boxed e-con e-parent\" data-id=\"61ae621\" data-element_type=\"container\">\n\t\t\t\t\t<div class=\"e-con-inner\">\n\t\t\t\t<div class=\"elementor-element elementor-element-c73c87f elementor-widget elementor-widget-spacer\" data-id=\"c73c87f\" data-element_type=\"widget\" data-widget_type=\"spacer.default\">\n\t\t\t\t<div class=\"elementor-widget-container\">\n\t\t\t\t\t\t\t<div class=\"elementor-spacer\">\n\t\t\t<div class=\"elementor-spacer-inner\"><\/div>\n\t\t<\/div>\n\t\t\t\t\t\t<\/div>\n\t\t\t\t<\/div>\n\t\t\t\t\t<\/div>\n\t\t\t\t<\/div>\n\t\t<div class=\"elementor-element elementor-element-0e1a664 e-flex e-con-boxed e-con e-parent\" data-id=\"0e1a664\" data-element_type=\"container\">\n\t\t\t\t\t<div class=\"e-con-inner\">\n\t\t\t\t<div class=\"elementor-element elementor-element-7733367 elementor-widget elementor-widget-heading\" data-id=\"7733367\" data-element_type=\"widget\" data-widget_type=\"heading.default\">\n\t\t\t\t<div class=\"elementor-widget-container\">\n\t\t\t\t\t<h2 class=\"elementor-heading-title elementor-size-default\">Requisitos para operar con IVA intracomunitario<\/h2>\t\t\t\t<\/div>\n\t\t\t\t<\/div>\n\t\t\t\t\t<\/div>\n\t\t\t\t<\/div>\n\t\t<div class=\"elementor-element elementor-element-d589dad e-flex e-con-boxed e-con e-parent\" data-id=\"d589dad\" data-element_type=\"container\">\n\t\t\t\t\t<div class=\"e-con-inner\">\n\t\t\t\t<div class=\"elementor-element elementor-element-a371665 elementor-widget elementor-widget-text-editor\" data-id=\"a371665\" data-element_type=\"widget\" data-widget_type=\"text-editor.default\">\n\t\t\t\t<div class=\"elementor-widget-container\">\n\t\t\t\t\t\t\t\t\t<p>Para facturar o recibir facturas sin IVA (o con IVA cero, seg\u00fan la normativa) en operaciones intracomunitarias, necesitas:<\/p>\t\t\t\t\t\t\t\t<\/div>\n\t\t\t\t<\/div>\n\t\t\t\t\t<\/div>\n\t\t\t\t<\/div>\n\t\t<div class=\"elementor-element elementor-element-d7cc985 e-flex e-con-boxed e-con e-parent\" data-id=\"d7cc985\" data-element_type=\"container\">\n\t\t\t\t\t<div class=\"e-con-inner\">\n\t\t\t\t<div class=\"elementor-element elementor-element-4056c28 elementor-widget elementor-widget-text-editor\" data-id=\"4056c28\" data-element_type=\"widget\" data-widget_type=\"text-editor.default\">\n\t\t\t\t<div class=\"elementor-widget-container\">\n\t\t\t\t\t\t\t\t\t<ul><li><p><b>Estar dado de alta en el ROI:<\/b> Este registro se solicita a la Agencia Tributaria y, una vez aprobado, te asignan un NIF-IVA (que suele ser tu <a href=\"https:\/\/finanedi.es\/blog\/nif-para-personas-fisicas-y-juridicas\/\" target=\"_blank\" rel=\"noopener\">NIF o CIF<\/a> precedido por el prefijo \u00abES\u00bb si eres de Espa\u00f1a). Es un tr\u00e1mite que puede tardar algunos d\u00edas o semanas.<\/p><\/li><li><p><b>Verificar el NIF-IVA del cliente\/proveedor:<\/b> Antes de emitir o recibir una factura intracomunitaria sin IVA, es <i>imperativo<\/i> comprobar que el NIF-IVA de tu contraparte es v\u00e1lido y est\u00e1 registrado en el censo VIES (Sistema de Intercambio de Informaci\u00f3n sobre el IVA) de la Comisi\u00f3n Europea. Puedes hacerlo f\u00e1cilmente online. Si no est\u00e1 registrado, deber\u00e1s facturar con el IVA de tu pa\u00eds.<\/p><\/li><li><p><b>Emitir facturas correctamente:<\/b><\/p><ul><li><p>Indicar tu NIF-IVA y el de tu cliente\/proveedor.<\/p><\/li><li><p>Mencionar la exenci\u00f3n de IVA seg\u00fan la normativa aplicable (ej., \u00abOperaci\u00f3n exenta de IVA por aplicaci\u00f3n del art\u00edculo 25 de la Ley 37\/1992\u00bb para entregas de bienes o \u00abInversi\u00f3n del sujeto pasivo, art\u00edculo 84.Uno.2\u00ba de la Ley 37\/1992\u00bb para servicios).<\/p><\/li><li><p>Detallar la naturaleza de la operaci\u00f3n (bienes o servicios).<\/p><\/li><\/ul><\/li><li><p><b>Presentar el <a href=\"https:\/\/finanedi.es\/blog\/modelo-349-operaciones-intracomunitarias\/\" target=\"_blank\" rel=\"noopener\">Modelo 349 (Declaraci\u00f3n Recapitulativa de Operaciones Intracomunitarias)<\/a>:<\/b> En este modelo se declaran todas las operaciones intracomunitarias realizadas (tanto ventas como compras). La periodicidad (mensual o trimestral) depender\u00e1 del volumen de tus operaciones.<\/p><\/li><\/ul>\t\t\t\t\t\t\t\t<\/div>\n\t\t\t\t<\/div>\n\t\t\t\t\t<\/div>\n\t\t\t\t<\/div>\n\t\t<div class=\"elementor-element elementor-element-75831cd e-flex e-con-boxed e-con e-parent\" data-id=\"75831cd\" data-element_type=\"container\">\n\t\t\t\t\t<div class=\"e-con-inner\">\n\t\t\t\t<div class=\"elementor-element elementor-element-4257adc elementor-widget elementor-widget-spacer\" data-id=\"4257adc\" data-element_type=\"widget\" data-widget_type=\"spacer.default\">\n\t\t\t\t<div class=\"elementor-widget-container\">\n\t\t\t\t\t\t\t<div class=\"elementor-spacer\">\n\t\t\t<div class=\"elementor-spacer-inner\"><\/div>\n\t\t<\/div>\n\t\t\t\t\t\t<\/div>\n\t\t\t\t<\/div>\n\t\t\t\t\t<\/div>\n\t\t\t\t<\/div>\n\t\t<div class=\"elementor-element elementor-element-877333e e-flex e-con-boxed e-con e-parent\" data-id=\"877333e\" data-element_type=\"container\">\n\t\t\t\t\t<div class=\"e-con-inner\">\n\t\t\t\t<div class=\"elementor-element elementor-element-1a40809 elementor-widget elementor-widget-heading\" data-id=\"1a40809\" data-element_type=\"widget\" data-widget_type=\"heading.default\">\n\t\t\t\t<div class=\"elementor-widget-container\">\n\t\t\t\t\t<h2 class=\"elementor-heading-title elementor-size-default\">Operaciones triangulares: Una particularidad intracomunitaria<\/h2>\t\t\t\t<\/div>\n\t\t\t\t<\/div>\n\t\t\t\t\t<\/div>\n\t\t\t\t<\/div>\n\t\t<div class=\"elementor-element elementor-element-9aa6709 e-flex e-con-boxed e-con e-parent\" data-id=\"9aa6709\" data-element_type=\"container\">\n\t\t\t\t\t<div class=\"e-con-inner\">\n\t\t\t\t<div class=\"elementor-element elementor-element-0f14994 elementor-widget elementor-widget-text-editor\" data-id=\"0f14994\" data-element_type=\"widget\" data-widget_type=\"text-editor.default\">\n\t\t\t\t<div class=\"elementor-widget-container\">\n\t\t\t\t\t\t\t\t\t<p>Una <b>operaci\u00f3n triangular<\/b> es un tipo espec\u00edfico de operaci\u00f3n intracomunitaria que involucra a <b>tres operadores de tres Estados miembros diferentes de la UE<\/b>, sobre una <b>misma entrega de bienes<\/b> y donde los bienes transitan directamente desde el primer proveedor al \u00faltimo cliente.<\/p>\t\t\t\t\t\t\t\t<\/div>\n\t\t\t\t<\/div>\n\t\t\t\t\t<\/div>\n\t\t\t\t<\/div>\n\t\t<div class=\"elementor-element elementor-element-5164228 e-flex e-con-boxed e-con e-parent\" data-id=\"5164228\" data-element_type=\"container\">\n\t\t\t\t\t<div class=\"e-con-inner\">\n\t\t\t\t<div class=\"elementor-element elementor-element-ee4bb4a elementor-widget elementor-widget-text-editor\" data-id=\"ee4bb4a\" data-element_type=\"widget\" data-widget_type=\"text-editor.default\">\n\t\t\t\t<div class=\"elementor-widget-container\">\n\t\t\t\t\t\t\t\t\t<p>Imagina la siguiente cadena:<\/p><ul><li><p><b>Proveedor A:<\/b> Establecido en el Pa\u00eds 1 (ej., Alemania).<\/p><\/li><li><p><b>Intermediario B:<\/b> Establecido en el Pa\u00eds 2 (ej., Espa\u00f1a).<\/p><\/li><li><p><b>Cliente C:<\/b> Establecido en el Pa\u00eds 3 (ej., Francia).<\/p><\/li><\/ul>\t\t\t\t\t\t\t\t<\/div>\n\t\t\t\t<\/div>\n\t\t\t\t\t<\/div>\n\t\t\t\t<\/div>\n\t\t<div class=\"elementor-element elementor-element-25eb684 e-flex e-con-boxed e-con e-parent\" data-id=\"25eb684\" data-element_type=\"container\">\n\t\t\t\t\t<div class=\"e-con-inner\">\n\t\t\t\t<div class=\"elementor-element elementor-element-8f96d5a elementor-widget elementor-widget-text-editor\" data-id=\"8f96d5a\" data-element_type=\"widget\" data-widget_type=\"text-editor.default\">\n\t\t\t\t<div class=\"elementor-widget-container\">\n\t\t\t\t\t\t\t\t\t<p>El Intermediario B (t\u00fa, como pyme o aut\u00f3nomo espa\u00f1ol) compra bienes a A y los vende a C, pero los bienes van directamente de Alemania a Francia, sin pasar por Espa\u00f1a.<\/p>\t\t\t\t\t\t\t\t<\/div>\n\t\t\t\t<\/div>\n\t\t\t\t\t<\/div>\n\t\t\t\t<\/div>\n\t\t<div class=\"elementor-element elementor-element-3411ea4a e-flex e-con-boxed e-con e-parent\" data-id=\"3411ea4a\" data-element_type=\"container\">\n\t\t\t\t\t<div class=\"e-con-inner\">\n\t\t\t\t<div class=\"elementor-element elementor-element-6289f761 elementor-widget elementor-widget-text-editor\" data-id=\"6289f761\" data-element_type=\"widget\" data-widget_type=\"text-editor.default\">\n\t\t\t\t<div class=\"elementor-widget-container\">\n\t\t\t\t\t\t\t\t\t<p><strong>\ud83d\udccc <b>\u00bfPor qu\u00e9 son complejas?<\/b><\/strong>: \u00a0Sin una simplificaci\u00f3n, cada operaci\u00f3n deber\u00eda generar una obligaci\u00f3n de IVA en cada pa\u00eds donde se producen los movimientos, obligando a Intermediario B a registrarse y liquidar IVA en el Pa\u00eds 3 (Francia) al vender a C.<\/p>\t\t\t\t\t\t\t\t<\/div>\n\t\t\t\t<\/div>\n\t\t\t\t\t<\/div>\n\t\t\t\t<\/div>\n\t\t<div class=\"elementor-element elementor-element-0af339f e-flex e-con-boxed e-con e-parent\" data-id=\"0af339f\" data-element_type=\"container\">\n\t\t\t\t\t<div class=\"e-con-inner\">\n\t\t\t\t<div class=\"elementor-element elementor-element-9a380ce elementor-widget elementor-widget-spacer\" data-id=\"9a380ce\" data-element_type=\"widget\" data-widget_type=\"spacer.default\">\n\t\t\t\t<div class=\"elementor-widget-container\">\n\t\t\t\t\t\t\t<div class=\"elementor-spacer\">\n\t\t\t<div class=\"elementor-spacer-inner\"><\/div>\n\t\t<\/div>\n\t\t\t\t\t\t<\/div>\n\t\t\t\t<\/div>\n\t\t\t\t\t<\/div>\n\t\t\t\t<\/div>\n\t\t<div class=\"elementor-element elementor-element-9369eac e-flex e-con-boxed e-con e-parent\" data-id=\"9369eac\" data-element_type=\"container\">\n\t\t\t\t\t<div class=\"e-con-inner\">\n\t\t\t\t<div class=\"elementor-element elementor-element-fbf5449 elementor-widget elementor-widget-heading\" data-id=\"fbf5449\" data-element_type=\"widget\" data-widget_type=\"heading.default\">\n\t\t\t\t<div class=\"elementor-widget-container\">\n\t\t\t\t\t<h3 class=\"elementor-heading-title elementor-size-default\">Simplificaci\u00f3n de las operaciones triangulares<\/h3>\t\t\t\t<\/div>\n\t\t\t\t<\/div>\n\t\t\t\t\t<\/div>\n\t\t\t\t<\/div>\n\t\t<div class=\"elementor-element elementor-element-f0378b1 e-flex e-con-boxed e-con e-parent\" data-id=\"f0378b1\" data-element_type=\"container\">\n\t\t\t\t\t<div class=\"e-con-inner\">\n\t\t\t\t<div class=\"elementor-element elementor-element-c6f6ce7 elementor-widget elementor-widget-text-editor\" data-id=\"c6f6ce7\" data-element_type=\"widget\" data-widget_type=\"text-editor.default\">\n\t\t\t\t<div class=\"elementor-widget-container\">\n\t\t\t\t\t\t\t\t\t<p>La UE ha establecido un r\u00e9gimen de simplificaci\u00f3n para estas operaciones para evitar que el Intermediario B tenga que registrarse en el Pa\u00eds 3. Para aplicar esta simplificaci\u00f3n, se deben cumplir las siguientes condiciones:<\/p>\t\t\t\t\t\t\t\t<\/div>\n\t\t\t\t<\/div>\n\t\t\t\t\t<\/div>\n\t\t\t\t<\/div>\n\t\t<div class=\"elementor-element elementor-element-d390ba3 e-flex e-con-boxed e-con e-parent\" data-id=\"d390ba3\" data-element_type=\"container\">\n\t\t\t\t\t<div class=\"e-con-inner\">\n\t\t\t\t<div class=\"elementor-element elementor-element-915ef77 elementor-widget elementor-widget-text-editor\" data-id=\"915ef77\" data-element_type=\"widget\" data-widget_type=\"text-editor.default\">\n\t\t\t\t<div class=\"elementor-widget-container\">\n\t\t\t\t\t\t\t\t\t<ul><li><p><b>Tres operadores y tres Estados Miembros distintos.<\/b><\/p><\/li><li><p><b>Los tres deben ser empresarios o profesionales registrados en el ROI<\/b> (NIF-IVA v\u00e1lido).<\/p><\/li><li><p><b>Los bienes son enviados directamente<\/b> del Primer Proveedor (A) al Cliente Final (C).<\/p><\/li><li><p>La operaci\u00f3n debe estar <b>justificada por motivos econ\u00f3micos y log\u00edsticos<\/b>.<\/p><\/li><li><p>El <b>Intermediario (B)<\/b>, quien aplica la simplificaci\u00f3n, debe:<\/p><ul><li><p>Facturar a C sin IVA, indicando que se trata de una operaci\u00f3n triangular simplificada y que la inversi\u00f3n del sujeto pasivo corresponde a C.<\/p><\/li><li><p>Consignar la operaci\u00f3n en el <b>Modelo 349<\/b>, identificando al Cliente Final (C) y su NIF-IVA, y marcando la casilla de \u00aboperaci\u00f3n triangular\u00bb.<\/p><\/li><li><p>No debe haber adquirido los bienes con IVA en el Estado Miembro de origen (Pa\u00eds 1).<\/p><\/li><\/ul><\/li><\/ul>\t\t\t\t\t\t\t\t<\/div>\n\t\t\t\t<\/div>\n\t\t\t\t\t<\/div>\n\t\t\t\t<\/div>\n\t\t<div class=\"elementor-element elementor-element-93f466b e-flex e-con-boxed e-con e-parent\" data-id=\"93f466b\" data-element_type=\"container\">\n\t\t\t\t\t<div class=\"e-con-inner\">\n\t\t\t\t<div class=\"elementor-element elementor-element-85f933f elementor-widget elementor-widget-text-editor\" data-id=\"85f933f\" data-element_type=\"widget\" data-widget_type=\"text-editor.default\">\n\t\t\t\t<div class=\"elementor-widget-container\">\n\t\t\t\t\t\t\t\t\t<p><strong>Ejemplo de Facturaci\u00f3n en una Operaci\u00f3n Triangular Simplificada (desde el punto de vista del Intermediario B en Espa\u00f1a):<\/strong><\/p>\t\t\t\t\t\t\t\t<\/div>\n\t\t\t\t<\/div>\n\t\t\t\t<div class=\"elementor-element elementor-element-b42c5ce elementor-widget elementor-widget-text-editor\" data-id=\"b42c5ce\" data-element_type=\"widget\" data-widget_type=\"text-editor.default\">\n\t\t\t\t<div class=\"elementor-widget-container\">\n\t\t\t\t\t\t\t\t\t<ul><li><p><b>Compra de B a A:<\/b> B recibe una factura de A sin IVA, ya que A aplica la exenci\u00f3n intracomunitaria por venta a un operador registrado en el ROI. B autoliquida ese IVA en Espa\u00f1a (Modelo 303), que simult\u00e1neamente se deduce, siendo neutro.<\/p><\/li><li><p><b>Venta de B a C:<\/b> B emite una factura a C sin IVA, haciendo constar la menci\u00f3n \u00abOperaci\u00f3n triangular. Inversi\u00f3n del sujeto pasivo\u00bb y el NIF-IVA de B y C. B declara esta operaci\u00f3n en el Modelo 349 marcando la casilla correspondiente a operaciones triangulares.<\/p><\/li><\/ul>\t\t\t\t\t\t\t\t<\/div>\n\t\t\t\t<\/div>\n\t\t\t\t\t<\/div>\n\t\t\t\t<\/div>\n\t\t<div class=\"elementor-element elementor-element-98a93d2 e-flex e-con-boxed e-con e-parent\" data-id=\"98a93d2\" data-element_type=\"container\">\n\t\t\t\t\t<div class=\"e-con-inner\">\n\t\t\t\t<div class=\"elementor-element elementor-element-4e3a759 elementor-widget elementor-widget-spacer\" data-id=\"4e3a759\" data-element_type=\"widget\" data-widget_type=\"spacer.default\">\n\t\t\t\t<div class=\"elementor-widget-container\">\n\t\t\t\t\t\t\t<div class=\"elementor-spacer\">\n\t\t\t<div class=\"elementor-spacer-inner\"><\/div>\n\t\t<\/div>\n\t\t\t\t\t\t<\/div>\n\t\t\t\t<\/div>\n\t\t\t\t\t<\/div>\n\t\t\t\t<\/div>\n\t\t<div class=\"elementor-element elementor-element-e873971 e-flex e-con-boxed e-con e-parent\" data-id=\"e873971\" data-element_type=\"container\">\n\t\t\t\t\t<div class=\"e-con-inner\">\n\t\t\t\t<div class=\"elementor-element elementor-element-c01dc28 elementor-widget elementor-widget-heading\" data-id=\"c01dc28\" data-element_type=\"widget\" data-widget_type=\"heading.default\">\n\t\t\t\t<div class=\"elementor-widget-container\">\n\t\t\t\t\t<h2 class=\"elementor-heading-title elementor-size-default\">Implicaciones y consejos para pymes y aut\u00f3nomos<\/h2>\t\t\t\t<\/div>\n\t\t\t\t<\/div>\n\t\t\t\t\t<\/div>\n\t\t\t\t<\/div>\n\t\t<div class=\"elementor-element elementor-element-b7ac6f8 e-flex e-con-boxed e-con e-parent\" data-id=\"b7ac6f8\" data-element_type=\"container\">\n\t\t\t\t\t<div class=\"e-con-inner\">\n\t\t\t\t<div class=\"elementor-element elementor-element-bc5b175 elementor-widget elementor-widget-text-editor\" data-id=\"bc5b175\" data-element_type=\"widget\" data-widget_type=\"text-editor.default\">\n\t\t\t\t<div class=\"elementor-widget-container\">\n\t\t\t\t\t\t\t\t\t<ul><li><p><b>Control riguroso del ROI:<\/b> Verifica siempre los NIF-IVA de tus socios comerciales intracomunitarios antes de facturar. Un NIF-IVA inv\u00e1lido significa que deber\u00e1s repercutir el IVA espa\u00f1ol.<\/p><\/li><li><p><b>Software de gesti\u00f3n:<\/b> Utiliza un software de facturaci\u00f3n y contabilidad que te permita gestionar f\u00e1cilmente las operaciones intracomunitarias, generar el Modelo 349 y, si es el caso, identificar las operaciones triangulares.<\/p><\/li><li><p><b>Asesoramiento profesional:<\/b> Si tu volumen de operaciones intracomunitarias es alto o si te encuentras frecuentemente en operaciones triangulares, contar con un <b>asesor fiscal especializado<\/b> en comercio internacional o IVA intracomunitario te ahorrar\u00e1 muchos quebraderos de cabeza y posibles sanciones.<\/p><\/li><li><p><b>Conciliaci\u00f3n constante:<\/b> Aseg\u00farate de que tus registros contables y las declaraciones del Modelo 349 coincidan con tus facturas emitidas y recibidas.<\/p><\/li><\/ul>\t\t\t\t\t\t\t\t<\/div>\n\t\t\t\t<\/div>\n\t\t\t\t\t<\/div>\n\t\t\t\t<\/div>\n\t\t<div class=\"elementor-element elementor-element-68f4c34 e-flex e-con-boxed e-con e-parent\" data-id=\"68f4c34\" data-element_type=\"container\">\n\t\t\t\t\t<div class=\"e-con-inner\">\n\t\t\t\t<div class=\"elementor-element elementor-element-0225ea8 elementor-widget elementor-widget-spacer\" data-id=\"0225ea8\" data-element_type=\"widget\" data-widget_type=\"spacer.default\">\n\t\t\t\t<div class=\"elementor-widget-container\">\n\t\t\t\t\t\t\t<div class=\"elementor-spacer\">\n\t\t\t<div class=\"elementor-spacer-inner\"><\/div>\n\t\t<\/div>\n\t\t\t\t\t\t<\/div>\n\t\t\t\t<\/div>\n\t\t\t\t\t<\/div>\n\t\t\t\t<\/div>\n\t\t<div class=\"elementor-element elementor-element-1d77b1c1 e-flex e-con-boxed e-con e-parent\" data-id=\"1d77b1c1\" data-element_type=\"container\" data-settings=\"{&quot;background_background&quot;:&quot;classic&quot;}\">\n\t\t\t\t\t<div class=\"e-con-inner\">\n\t\t<div class=\"elementor-element elementor-element-56b5e518 e-con-full e-flex e-con e-child\" data-id=\"56b5e518\" data-element_type=\"container\">\n\t\t<div class=\"elementor-element elementor-element-2bc32568 e-flex e-con-boxed e-con e-child\" data-id=\"2bc32568\" data-element_type=\"container\">\n\t\t\t\t\t<div class=\"e-con-inner\">\n\t\t\t\t<div class=\"elementor-element elementor-element-283558d8 elementor-widget elementor-widget-heading\" data-id=\"283558d8\" data-element_type=\"widget\" data-widget_type=\"heading.default\">\n\t\t\t\t<div class=\"elementor-widget-container\">\n\t\t\t\t\t<h3 class=\"elementor-heading-title elementor-size-default\">Herramientas para impulsar<br>tu negocio<\/h3>\t\t\t\t<\/div>\n\t\t\t\t<\/div>\n\t\t\t\t<div class=\"elementor-element elementor-element-5fdf9d81 elementor-widget elementor-widget-text-editor\" data-id=\"5fdf9d81\" data-element_type=\"widget\" data-widget_type=\"text-editor.default\">\n\t\t\t\t<div class=\"elementor-widget-container\">\n\t\t\t\t\t\t\t\t\t<p>FinanEDI es la soluci\u00f3n en la nube gratuita que permite automatizar y optimizar los procesos financieros, contables y administrativos de tu negocio.<\/p>\t\t\t\t\t\t\t\t<\/div>\n\t\t\t\t<\/div>\n\t\t\t\t<div class=\"elementor-element elementor-element-1aea3ef9 elementor-widget elementor-widget-button\" data-id=\"1aea3ef9\" data-element_type=\"widget\" data-widget_type=\"button.default\">\n\t\t\t\t<div class=\"elementor-widget-container\">\n\t\t\t\t\t\t\t\t\t<div class=\"elementor-button-wrapper\">\n\t\t\t\t\t<a class=\"elementor-button elementor-button-link elementor-size-md\" href=\"https:\/\/finanedi.es\/\" target=\"_blank\">\n\t\t\t\t\t\t<span class=\"elementor-button-content-wrapper\">\n\t\t\t\t\t\t\t\t\t<span class=\"elementor-button-text\">Crear cuenta gratis<\/span>\n\t\t\t\t\t<\/span>\n\t\t\t\t\t<\/a>\n\t\t\t\t<\/div>\n\t\t\t\t\t\t\t\t<\/div>\n\t\t\t\t<\/div>\n\t\t\t\t\t<\/div>\n\t\t\t\t<\/div>\n\t\t\t\t<\/div>\n\t\t<div class=\"elementor-element elementor-element-56353c7f e-con-full e-flex e-con e-child\" data-id=\"56353c7f\" data-element_type=\"container\">\n\t\t\t\t<div class=\"elementor-element elementor-element-93f9a83 elementor-widget elementor-widget-image\" data-id=\"93f9a83\" data-element_type=\"widget\" data-widget_type=\"image.default\">\n\t\t\t\t<div class=\"elementor-widget-container\">\n\t\t\t\t\t\t\t\t\t\t\t\t\t\t\t<img fetchpriority=\"high\" decoding=\"async\" width=\"300\" height=\"233\" src=\"https:\/\/finanedi.es\/blog\/contenido\/uploads\/2024\/09\/Dashborad_00115-300x233.png\" class=\"attachment-medium size-medium wp-image-5370\" alt=\"Herramientas para impulsar tu negocio - FinanEDI\" srcset=\"https:\/\/finanedi.es\/blog\/contenido\/uploads\/2024\/09\/Dashborad_00115-300x233.png 300w, https:\/\/finanedi.es\/blog\/contenido\/uploads\/2024\/09\/Dashborad_00115-768x597.png 768w, https:\/\/finanedi.es\/blog\/contenido\/uploads\/2024\/09\/Dashborad_00115.png 900w\" sizes=\"(max-width: 300px) 100vw, 300px\" \/>\t\t\t\t\t\t\t\t\t\t\t\t\t\t\t<\/div>\n\t\t\t\t<\/div>\n\t\t\t\t<\/div>\n\t\t\t\t\t<\/div>\n\t\t\t\t<\/div>\n\t\t<div class=\"elementor-element elementor-element-16f1901 e-flex e-con-boxed e-con e-parent\" data-id=\"16f1901\" data-element_type=\"container\">\n\t\t\t\t\t<div class=\"e-con-inner\">\n\t\t\t\t<div class=\"elementor-element elementor-element-00bbd7a elementor-widget elementor-widget-spacer\" data-id=\"00bbd7a\" data-element_type=\"widget\" data-widget_type=\"spacer.default\">\n\t\t\t\t<div class=\"elementor-widget-container\">\n\t\t\t\t\t\t\t<div class=\"elementor-spacer\">\n\t\t\t<div class=\"elementor-spacer-inner\"><\/div>\n\t\t<\/div>\n\t\t\t\t\t\t<\/div>\n\t\t\t\t<\/div>\n\t\t\t\t\t<\/div>\n\t\t\t\t<\/div>\n\t\t<div class=\"elementor-element elementor-element-cfc4e38 e-flex e-con-boxed e-con e-parent\" data-id=\"cfc4e38\" data-element_type=\"container\">\n\t\t\t\t\t<div class=\"e-con-inner\">\n\t\t\t\t<div class=\"elementor-element elementor-element-e4bf2fc elementor-widget elementor-widget-text-editor\" data-id=\"e4bf2fc\" data-element_type=\"widget\" data-widget_type=\"text-editor.default\">\n\t\t\t\t<div class=\"elementor-widget-container\">\n\t\t\t\t\t\t\t\t\t<p>Dominar la facturaci\u00f3n intracomunitaria y las operaciones triangulares es esencial para cualquier pyme o aut\u00f3nomo que desee expandir su negocio en el mercado europeo. La inversi\u00f3n inicial en conocimiento y buenas pr\u00e1cticas te evitar\u00e1 problemas futuros con la administraci\u00f3n tributaria.<\/p>\t\t\t\t\t\t\t\t<\/div>\n\t\t\t\t<\/div>\n\t\t\t\t\t<\/div>\n\t\t\t\t<\/div>\n\t\t<div class=\"elementor-element elementor-element-6377ea26 e-flex e-con-boxed e-con e-parent\" data-id=\"6377ea26\" data-element_type=\"container\">\n\t\t\t\t\t<div class=\"e-con-inner\">\n\t\t<div class=\"elementor-element elementor-element-62fd9a6d e-flex e-con-boxed e-con e-child\" data-id=\"62fd9a6d\" data-element_type=\"container\">\n\t\t\t\t\t<div class=\"e-con-inner\">\n\t\t\t\t<div class=\"elementor-element elementor-element-601f4c0d elementor-widget elementor-widget-heading\" data-id=\"601f4c0d\" data-element_type=\"widget\" data-widget_type=\"heading.default\">\n\t\t\t\t<div class=\"elementor-widget-container\">\n\t\t\t\t\t<h3 class=\"elementor-heading-title elementor-size-default\">Preguntas frecuentes<\/h3>\t\t\t\t<\/div>\n\t\t\t\t<\/div>\n\t\t\t\t\t<\/div>\n\t\t\t\t<\/div>\n\t\t<div class=\"elementor-element elementor-element-219f8014 e-flex e-con-boxed e-con e-child\" data-id=\"219f8014\" data-element_type=\"container\">\n\t\t\t\t\t<div class=\"e-con-inner\">\n\t\t\t\t<div class=\"elementor-element elementor-element-1151eab7 elementor-widget elementor-widget-heading\" data-id=\"1151eab7\" data-element_type=\"widget\" data-widget_type=\"heading.default\">\n\t\t\t\t<div class=\"elementor-widget-container\">\n\t\t\t\t\t<h4 class=\"elementor-heading-title elementor-size-default\">\u00bfEs obligatorio darse de alta en el ROI para todas las operaciones con la UE?<\/h4>\t\t\t\t<\/div>\n\t\t\t\t<\/div>\n\t\t\t\t<div class=\"elementor-element elementor-element-13fcb0d2 elementor-widget elementor-widget-text-editor\" data-id=\"13fcb0d2\" data-element_type=\"widget\" data-widget_type=\"text-editor.default\">\n\t\t\t\t<div class=\"elementor-widget-container\">\n\t\t\t\t\t\t\t\t\t<p>S\u00ed, si eres una empresa o aut\u00f3nomo que va a realizar entregas o adquisiciones intracomunitarias de bienes o prestaciones de servicios, necesitas estar dado de alta en el <b>Registro de Operadores Intracomunitarios (ROI)<\/b>. Sin tu NIF-IVA validado, las operaciones se tratar\u00edan como nacionales, con el IVA de tu pa\u00eds.<\/p>\t\t\t\t\t\t\t\t<\/div>\n\t\t\t\t<\/div>\n\t\t\t\t\t<\/div>\n\t\t\t\t<\/div>\n\t\t<div class=\"elementor-element elementor-element-1916da03 e-flex e-con-boxed e-con e-child\" data-id=\"1916da03\" data-element_type=\"container\">\n\t\t\t\t\t<div class=\"e-con-inner\">\n\t\t\t\t<div class=\"elementor-element elementor-element-159153a9 elementor-widget elementor-widget-heading\" data-id=\"159153a9\" data-element_type=\"widget\" data-widget_type=\"heading.default\">\n\t\t\t\t<div class=\"elementor-widget-container\">\n\t\t\t\t\t<h4 class=\"elementor-heading-title elementor-size-default\">\u00bfQu\u00e9 ocurre si facturo sin IVA a un cliente de la UE cuyo NIF-IVA no est\u00e1 en el VIES?<\/h4>\t\t\t\t<\/div>\n\t\t\t\t<\/div>\n\t\t\t\t<div class=\"elementor-element elementor-element-6d87aa77 elementor-widget elementor-widget-text-editor\" data-id=\"6d87aa77\" data-element_type=\"widget\" data-widget_type=\"text-editor.default\">\n\t\t\t\t<div class=\"elementor-widget-container\">\n\t\t\t\t\t\t\t\t\t<p>Si tu cliente de la UE no tiene un NIF-IVA v\u00e1lido en el <a href=\"https:\/\/finanedi.es\/blog\/sistema-vies\/\" target=\"_blank\" rel=\"noopener\">VIES<\/a>, no puedes aplicar la exenci\u00f3n intracomunitaria. En ese caso, debes <b>facturar con el IVA espa\u00f1ol<\/b> correspondiente a tu producto o servicio. Si no lo haces, podr\u00edas ser objeto de una sanci\u00f3n por parte de la Agencia Tributaria.<\/p>\t\t\t\t\t\t\t\t<\/div>\n\t\t\t\t<\/div>\n\t\t\t\t\t<\/div>\n\t\t\t\t<\/div>\n\t\t<div class=\"elementor-element elementor-element-459180e8 e-flex e-con-boxed e-con e-child\" data-id=\"459180e8\" data-element_type=\"container\">\n\t\t\t\t\t<div class=\"e-con-inner\">\n\t\t\t\t<div class=\"elementor-element elementor-element-1f3291ca elementor-widget elementor-widget-heading\" data-id=\"1f3291ca\" data-element_type=\"widget\" data-widget_type=\"heading.default\">\n\t\t\t\t<div class=\"elementor-widget-container\">\n\t\t\t\t\t<h4 class=\"elementor-heading-title elementor-size-default\">\u00bfCon qu\u00e9 frecuencia debo presentar el Modelo 349?<\/h4>\t\t\t\t<\/div>\n\t\t\t\t<\/div>\n\t\t\t\t<div class=\"elementor-element elementor-element-1948dcc2 elementor-widget elementor-widget-text-editor\" data-id=\"1948dcc2\" data-element_type=\"widget\" data-widget_type=\"text-editor.default\">\n\t\t\t\t<div class=\"elementor-widget-container\">\n\t\t\t\t\t\t\t\t\t<p>La periodicidad del <b>Modelo 349<\/b> depende del volumen de tus operaciones intracomunitarias:<\/p><ul><li><p><b>Mensual:<\/b> Si el importe total de las entregas de bienes y prestaciones de servicios intracomunitarias supera los 50.000 \u20ac en el trimestre natural en curso o en cualquiera de los cuatro trimestres naturales anteriores.<\/p><\/li><li><p><b>Trimestral:<\/b> Si no se supera dicho umbral.<\/p><\/li><li><p><b>Anual:<\/b> Para importes muy bajos, bajo ciertas condiciones espec\u00edficas.<\/p><\/li><\/ul>\t\t\t\t\t\t\t\t<\/div>\n\t\t\t\t<\/div>\n\t\t\t\t\t<\/div>\n\t\t\t\t<\/div>\n\t\t<div class=\"elementor-element elementor-element-6e85c3a e-flex e-con-boxed e-con e-child\" data-id=\"6e85c3a\" data-element_type=\"container\">\n\t\t\t\t\t<div class=\"e-con-inner\">\n\t\t\t\t<div class=\"elementor-element elementor-element-10509074 elementor-widget elementor-widget-heading\" data-id=\"10509074\" data-element_type=\"widget\" data-widget_type=\"heading.default\">\n\t\t\t\t<div class=\"elementor-widget-container\">\n\t\t\t\t\t<h4 class=\"elementor-heading-title elementor-size-default\">\u00bfLa inversi\u00f3n del sujeto pasivo significa que no pago IVA?<\/h4>\t\t\t\t<\/div>\n\t\t\t\t<\/div>\n\t\t\t\t<div class=\"elementor-element elementor-element-99842ab elementor-widget elementor-widget-text-editor\" data-id=\"99842ab\" data-element_type=\"widget\" data-widget_type=\"text-editor.default\">\n\t\t\t\t<div class=\"elementor-widget-container\">\n\t\t\t\t\t\t\t\t\t<p>En el caso del <b>IVA intracomunitario<\/b>, para el que recibe la factura, la inversi\u00f3n del sujeto pasivo significa que te autoliquidas el IVA (lo declaras como repercutido y soportado a la vez en el Modelo 303), resultando un <b>efecto neutro en tu liquidaci\u00f3n de IVA<\/b>. Es decir, no pagas un IVA adicional, pero s\u00ed tienes que declararlo correctamente.<\/p>\t\t\t\t\t\t\t\t<\/div>\n\t\t\t\t<\/div>\n\t\t\t\t\t<\/div>\n\t\t\t\t<\/div>\n\t\t<div class=\"elementor-element elementor-element-2a2f89d e-flex e-con-boxed e-con e-child\" data-id=\"2a2f89d\" data-element_type=\"container\">\n\t\t\t\t\t<div class=\"e-con-inner\">\n\t\t\t\t<div class=\"elementor-element elementor-element-02d5163 elementor-widget elementor-widget-heading\" data-id=\"02d5163\" data-element_type=\"widget\" data-widget_type=\"heading.default\">\n\t\t\t\t<div class=\"elementor-widget-container\">\n\t\t\t\t\t<h4 class=\"elementor-heading-title elementor-size-default\">\u00bfUna operaci\u00f3n triangular siempre implica tres pa\u00edses diferentes?<\/h4>\t\t\t\t<\/div>\n\t\t\t\t<\/div>\n\t\t\t\t<div class=\"elementor-element elementor-element-1be7a26 elementor-widget elementor-widget-text-editor\" data-id=\"1be7a26\" data-element_type=\"widget\" data-widget_type=\"text-editor.default\">\n\t\t\t\t<div class=\"elementor-widget-container\">\n\t\t\t\t\t\t\t\t\t<p>S\u00ed, la simplificaci\u00f3n de las <b>operaciones triangulares<\/b> en el \u00e1mbito del IVA intracomunitario est\u00e1 dise\u00f1ada para escenarios donde intervienen <b>tres operadores distintos<\/b> (proveedor, intermediario y cliente final) <b>establecidos en tres Estados Miembros diferentes de la Uni\u00f3n Europea<\/b>, y donde los bienes se env\u00edan directamente del primer proveedor al cliente final.<\/p>\t\t\t\t\t\t\t\t<\/div>\n\t\t\t\t<\/div>\n\t\t\t\t\t<\/div>\n\t\t\t\t<\/div>\n\t\t\t\t\t<\/div>\n\t\t\t\t<\/div>\n\t\t<div class=\"elementor-element elementor-element-3110d32c e-flex e-con-boxed e-con e-parent\" data-id=\"3110d32c\" data-element_type=\"container\">\n\t\t\t\t\t<div class=\"e-con-inner\">\n\t\t<div class=\"elementor-element elementor-element-7dfbf07d e-con-full e-flex e-con e-child\" data-id=\"7dfbf07d\" data-element_type=\"container\">\n\t\t\t\t<div class=\"elementor-element elementor-element-2a711884 elementor-widget elementor-widget-spacer\" data-id=\"2a711884\" data-element_type=\"widget\" data-widget_type=\"spacer.default\">\n\t\t\t\t<div class=\"elementor-widget-container\">\n\t\t\t\t\t\t\t<div class=\"elementor-spacer\">\n\t\t\t<div class=\"elementor-spacer-inner\"><\/div>\n\t\t<\/div>\n\t\t\t\t\t\t<\/div>\n\t\t\t\t<\/div>\n\t\t\t\t<\/div>\n\t\t<div class=\"elementor-element elementor-element-3213828 e-con-full e-flex e-con e-child\" data-id=\"3213828\" data-element_type=\"container\">\n\t\t\t\t<div class=\"elementor-element elementor-element-2a50d0f4 elementor-widget elementor-widget-heading\" data-id=\"2a50d0f4\" data-element_type=\"widget\" data-widget_type=\"heading.default\">\n\t\t\t\t<div class=\"elementor-widget-container\">\n\t\t\t\t\t<h3 class=\"elementor-heading-title elementor-size-default\">No te pierdas...<\/h3>\t\t\t\t<\/div>\n\t\t\t\t<\/div>\n\t\t\t\t<\/div>\n\t\t<div class=\"elementor-element elementor-element-3c79adcd e-con-full e-flex e-con e-child\" data-id=\"3c79adcd\" data-element_type=\"container\">\n\t\t\t\t<div class=\"elementor-element elementor-element-2472b1b6 elementor-widget elementor-widget-katen-post-five\" data-id=\"2472b1b6\" data-element_type=\"widget\" data-widget_type=\"katen-post-five.default\">\n\t\t\t\t<div class=\"elementor-widget-container\">\n\t\t\t\t\t\t\t<div class=\"padding-30 rounded bordered\">\n\n\t\t\t<div class=\"row infinite-wrapper\">\n\n\t\t\t\n\t\t\t\t<div class=\"col-md-12 col-sm-6 post-list-item post-item\">\n\t\t\t\t\t<!-- post -->\n\t\t\t\t\t<div class=\"post post-list clearfix\">\n\n\t\t\t\t\t\t<div class=\"thumb rounded\"><div class=\"inner\"><a href=\"https:\/\/finanedi.es\/blog\/claves-para-automatizar-las-facturas-de-tus-proveedores\/\"><img decoding=\"async\" width=\"330\" height=\"250\" src=\"https:\/\/finanedi.es\/blog\/contenido\/uploads\/2024\/03\/documentos-1-330x250.jpg\" class=\"attachment-katen-thumb-list size-katen-thumb-list wp-post-image\" alt=\"Claves para automatizar las facturas de tus proveedores\" \/><\/a><\/div><\/div>  \n\n\t\t\t\t\t\t<div class=\"details clearfix\">\n\t\t\t\t\t\t\t<ul class=\"meta list-inline mb-3\">\n\t\t\t\t\t\t\t\t<li class=\"list-inline-item\"><a href=\"https:\/\/finanedi.es\/blog\/category\/facturacion\/\">Facturaci\u00f3n<\/a><\/li>\t\t\t\t\t\t\t<\/ul>\n\t\t\t\t\t\t\t<h5 class=\"post-title\"><a href=\"https:\/\/finanedi.es\/blog\/claves-para-automatizar-las-facturas-de-tus-proveedores\/\">Claves para automatizar las facturas de tus proveedores<\/a><\/h5>\n\t\t\t\t\t\t\t<p class=\"excerpt mb-0\">\n\t\t\t\t\t\t\t\tPara la mayor\u00eda de las empresas, la gesti\u00f3n de facturas de proveedores es una tarea&hellip;\t\t\t\t\t\t\t<\/p>\n\t\t\t\t\t\t\t<div class=\"post-bottom clearfix d-flex align-items-center\">\n\t\t\t\t\t\t\t\t\t\t\t\t\t\t\t\t\t\t\t\t\t\t\t<\/div>\n\t\t\t\t\t\t<\/div>\n\t\t\t\t\t<\/div>\n\t\t\t\t<\/div>\n\n\t\t\t\n\t\t\t\t<div class=\"col-md-12 col-sm-6 post-list-item post-item\">\n\t\t\t\t\t<!-- post -->\n\t\t\t\t\t<div class=\"post post-list clearfix\">\n\n\t\t\t\t\t\t<div class=\"thumb rounded\"><div class=\"inner\"><a href=\"https:\/\/finanedi.es\/blog\/facturar-sin-fallos-errores-frecuentes-al-facturar-como-autonomo\/\"><img decoding=\"async\" width=\"330\" height=\"250\" src=\"https:\/\/finanedi.es\/blog\/contenido\/uploads\/2025\/09\/Facturar-sin-fallos-Errores-frecuentes-al-facturar-como-autonomo-330x250.jpg\" class=\"attachment-katen-thumb-list size-katen-thumb-list wp-post-image\" alt=\"Facturar sin fallos Errores frecuentes al facturar como aut\u00f3nomo\" \/><\/a><\/div><\/div>  \n\n\t\t\t\t\t\t<div class=\"details clearfix\">\n\t\t\t\t\t\t\t<ul class=\"meta list-inline mb-3\">\n\t\t\t\t\t\t\t\t<li class=\"list-inline-item\"><a href=\"https:\/\/finanedi.es\/blog\/category\/facturacion\/\">Facturaci\u00f3n<\/a><\/li>\t\t\t\t\t\t\t<\/ul>\n\t\t\t\t\t\t\t<h5 class=\"post-title\"><a href=\"https:\/\/finanedi.es\/blog\/facturar-sin-fallos-errores-frecuentes-al-facturar-como-autonomo\/\">Facturar sin fallos: Errores frecuentes al facturar como aut\u00f3nomo<\/a><\/h5>\n\t\t\t\t\t\t\t<p class=\"excerpt mb-0\">\n\t\t\t\t\t\t\t\tFacturar es una de las tareas m\u00e1s importantes de un aut\u00f3nomo, pero tambi\u00e9n una de&hellip;\t\t\t\t\t\t\t<\/p>\n\t\t\t\t\t\t\t<div class=\"post-bottom clearfix d-flex align-items-center\">\n\t\t\t\t\t\t\t\t\t\t\t\t\t\t\t\t\t\t\t\t\t\t\t<\/div>\n\t\t\t\t\t\t<\/div>\n\t\t\t\t\t<\/div>\n\t\t\t\t<\/div>\n\n\t\t\t\n\t\t\t\t<div class=\"col-md-12 col-sm-6 post-list-item post-item\">\n\t\t\t\t\t<!-- post -->\n\t\t\t\t\t<div class=\"post post-list clearfix\">\n\n\t\t\t\t\t\t<div class=\"thumb rounded\"><div class=\"inner\"><a href=\"https:\/\/finanedi.es\/blog\/los-mejores-erp-para-autonomos-en-2024-top-5-opciones\/\"><img loading=\"lazy\" decoding=\"async\" width=\"330\" height=\"250\" src=\"https:\/\/finanedi.es\/blog\/contenido\/uploads\/2024\/07\/top-5-ERP-autonomos-330x250.jpg\" class=\"attachment-katen-thumb-list size-katen-thumb-list wp-post-image\" alt=\"Mejores ERP para aut\u00f3nomos\" \/><\/a><\/div><\/div>  \n\n\t\t\t\t\t\t<div class=\"details clearfix\">\n\t\t\t\t\t\t\t<ul class=\"meta list-inline mb-3\">\n\t\t\t\t\t\t\t\t<li class=\"list-inline-item\"><a href=\"https:\/\/finanedi.es\/blog\/category\/facturacion\/\">Facturaci\u00f3n<\/a><\/li>\t\t\t\t\t\t\t<\/ul>\n\t\t\t\t\t\t\t<h5 class=\"post-title\"><a href=\"https:\/\/finanedi.es\/blog\/los-mejores-erp-para-autonomos-en-2024-top-5-opciones\/\">Los mejores ERP para aut\u00f3nomos en 2025: Top 5 opciones<\/a><\/h5>\n\t\t\t\t\t\t\t<p class=\"excerpt mb-0\">\n\t\t\t\t\t\t\t\tEn el mundo actual, los aut\u00f3nomos enfrentan desaf\u00edos \u00fanicos en la gesti\u00f3n de sus negocios.&hellip;\t\t\t\t\t\t\t<\/p>\n\t\t\t\t\t\t\t<div class=\"post-bottom clearfix d-flex align-items-center\">\n\t\t\t\t\t\t\t\t\t\t\t\t\t\t\t\t\t\t\t\t\t\t\t<\/div>\n\t\t\t\t\t\t<\/div>\n\t\t\t\t\t<\/div>\n\t\t\t\t<\/div>\n\n\t\t\t\n\t\t\t\t<div class=\"col-md-12 col-sm-6 post-list-item post-item\">\n\t\t\t\t\t<!-- post -->\n\t\t\t\t\t<div class=\"post post-list clearfix\">\n\n\t\t\t\t\t\t<div class=\"thumb rounded\"><div class=\"inner\"><a href=\"https:\/\/finanedi.es\/blog\/verifactu-y-factura-electronica-diferencias\/\"><img loading=\"lazy\" decoding=\"async\" width=\"330\" height=\"250\" src=\"https:\/\/finanedi.es\/blog\/contenido\/uploads\/2025\/06\/Diferencias-entre-Verifactu-y-Factura-electronica-330x250.jpg\" class=\"attachment-katen-thumb-list size-katen-thumb-list wp-post-image\" alt=\"Diferencias entre Verifactu y Factura electr\u00f3nica\" \/><\/a><\/div><\/div>  \n\n\t\t\t\t\t\t<div class=\"details clearfix\">\n\t\t\t\t\t\t\t<ul class=\"meta list-inline mb-3\">\n\t\t\t\t\t\t\t\t<li class=\"list-inline-item\"><a href=\"https:\/\/finanedi.es\/blog\/category\/facturacion\/\">Facturaci\u00f3n<\/a><\/li>\t\t\t\t\t\t\t<\/ul>\n\t\t\t\t\t\t\t<h5 class=\"post-title\"><a href=\"https:\/\/finanedi.es\/blog\/verifactu-y-factura-electronica-diferencias\/\">Diferencias entre Verifactu y Factura electr\u00f3nica<\/a><\/h5>\n\t\t\t\t\t\t\t<p class=\"excerpt mb-0\">\n\t\t\t\t\t\t\t\tLa digitalizaci\u00f3n es un tren que ninguna pyme o aut\u00f3nomo puede permitirse perder. Dos t\u00e9rminos&hellip;\t\t\t\t\t\t\t<\/p>\n\t\t\t\t\t\t\t<div class=\"post-bottom clearfix d-flex align-items-center\">\n\t\t\t\t\t\t\t\t\t\t\t\t\t\t\t\t\t\t\t\t\t\t\t<\/div>\n\t\t\t\t\t\t<\/div>\n\t\t\t\t\t<\/div>\n\t\t\t\t<\/div>\n\n\t\t\t\n\t\t\t<\/div>\n\n\t\t<\/div>\n\t\t\n        \t\t\t\t<\/div>\n\t\t\t\t<\/div>\n\t\t\t\t<\/div>\n\t\t\t\t\t<\/div>\n\t\t\t\t<\/div>\n\t\t\t\t<\/div>\n\t\t","protected":false},"excerpt":{"rendered":"<p>Operar en el mercado \u00fanico europeo ofrece grandes oportunidades para pymes y aut\u00f3nomos, pero tambi\u00e9n introduce particularidades en la facturaci\u00f3n y el IVA. Entender el IVA intracomunitario y c\u00f3mo gestionar las operaciones triangulares es fundamental para evitar errores con Hacienda y asegurar el cumplimiento normativo.<\/p>\n","protected":false},"author":3,"featured_media":11260,"comment_status":"closed","ping_status":"open","sticky":false,"template":"","format":"standard","meta":{"_monsterinsights_skip_tracking":false,"_monsterinsights_sitenote_active":false,"_monsterinsights_sitenote_note":"","_monsterinsights_sitenote_category":0,"footnotes":""},"categories":[4],"tags":[],"class_list":["post-11256","post","type-post","status-publish","format-standard","has-post-thumbnail","hentry","category-facturacion"],"yoast_head":"<!-- This site is optimized with the Yoast SEO plugin v26.2 - https:\/\/yoast.com\/wordpress\/plugins\/seo\/ -->\n<title>Facturaci\u00f3n con IVA intracomunitario y operaciones triangulares<\/title>\n<meta name=\"description\" content=\"Evita errores al facturar con IVA intracomunitario y operaciones triangulares. Gu\u00eda esencial para PYMES y aut\u00f3nomos que operan en la UE.\" \/>\n<meta name=\"robots\" content=\"index, follow, max-snippet:-1, max-image-preview:large, max-video-preview:-1\" \/>\n<link rel=\"canonical\" href=\"https:\/\/finanedi.es\/blog\/facturacion-con-iva-intracomunitario-y-operaciones-triangulares\/\" \/>\n<meta property=\"og:locale\" content=\"es_ES\" \/>\n<meta property=\"og:type\" content=\"article\" \/>\n<meta property=\"og:title\" content=\"Facturaci\u00f3n con IVA intracomunitario y operaciones triangulares\" \/>\n<meta property=\"og:description\" content=\"Evita errores al facturar con IVA intracomunitario y operaciones triangulares. Gu\u00eda esencial para PYMES y aut\u00f3nomos que operan en la UE.\" \/>\n<meta property=\"og:url\" content=\"https:\/\/finanedi.es\/blog\/facturacion-con-iva-intracomunitario-y-operaciones-triangulares\/\" \/>\n<meta property=\"og:site_name\" content=\"Blog para pymes y aut\u00f3nomos - FinanEDI\" \/>\n<meta property=\"article:published_time\" content=\"2025-06-26T07:43:42+00:00\" \/>\n<meta property=\"article:modified_time\" content=\"2025-06-26T07:51:58+00:00\" \/>\n<meta property=\"og:image\" content=\"https:\/\/finanedi.es\/blog\/contenido\/uploads\/2025\/06\/Facturacion-con-IVA-intracomunitario-y-operaciones-triangulares.jpg\" \/>\n\t<meta property=\"og:image:width\" content=\"1200\" \/>\n\t<meta property=\"og:image:height\" content=\"628\" \/>\n\t<meta property=\"og:image:type\" content=\"image\/jpeg\" \/>\n<meta name=\"author\" content=\"restevez\" \/>\n<meta name=\"twitter:card\" content=\"summary_large_image\" \/>\n<meta name=\"twitter:label1\" content=\"Escrito por\" \/>\n\t<meta name=\"twitter:data1\" content=\"restevez\" \/>\n\t<meta name=\"twitter:label2\" content=\"Tiempo de lectura\" \/>\n\t<meta name=\"twitter:data2\" content=\"8 minutos\" \/>\n<script type=\"application\/ld+json\" class=\"yoast-schema-graph\">{\"@context\":\"https:\/\/schema.org\",\"@graph\":[{\"@type\":\"Article\",\"@id\":\"https:\/\/finanedi.es\/blog\/facturacion-con-iva-intracomunitario-y-operaciones-triangulares\/#article\",\"isPartOf\":{\"@id\":\"https:\/\/finanedi.es\/blog\/facturacion-con-iva-intracomunitario-y-operaciones-triangulares\/\"},\"author\":{\"name\":\"restevez\",\"@id\":\"https:\/\/finanedi.es\/blog\/#\/schema\/person\/233ed58195d34f36f74f13ba1030ebd8\"},\"headline\":\"Facturaci\u00f3n con IVA intracomunitario y operaciones triangulares\",\"datePublished\":\"2025-06-26T07:43:42+00:00\",\"dateModified\":\"2025-06-26T07:51:58+00:00\",\"mainEntityOfPage\":{\"@id\":\"https:\/\/finanedi.es\/blog\/facturacion-con-iva-intracomunitario-y-operaciones-triangulares\/\"},\"wordCount\":1570,\"publisher\":{\"@id\":\"https:\/\/finanedi.es\/blog\/#organization\"},\"image\":{\"@id\":\"https:\/\/finanedi.es\/blog\/facturacion-con-iva-intracomunitario-y-operaciones-triangulares\/#primaryimage\"},\"thumbnailUrl\":\"https:\/\/finanedi.es\/blog\/contenido\/uploads\/2025\/06\/Facturacion-con-IVA-intracomunitario-y-operaciones-triangulares.jpg\",\"articleSection\":[\"Facturaci\u00f3n\"],\"inLanguage\":\"es\"},{\"@type\":\"WebPage\",\"@id\":\"https:\/\/finanedi.es\/blog\/facturacion-con-iva-intracomunitario-y-operaciones-triangulares\/\",\"url\":\"https:\/\/finanedi.es\/blog\/facturacion-con-iva-intracomunitario-y-operaciones-triangulares\/\",\"name\":\"Facturaci\u00f3n con IVA intracomunitario y operaciones triangulares\",\"isPartOf\":{\"@id\":\"https:\/\/finanedi.es\/blog\/#website\"},\"primaryImageOfPage\":{\"@id\":\"https:\/\/finanedi.es\/blog\/facturacion-con-iva-intracomunitario-y-operaciones-triangulares\/#primaryimage\"},\"image\":{\"@id\":\"https:\/\/finanedi.es\/blog\/facturacion-con-iva-intracomunitario-y-operaciones-triangulares\/#primaryimage\"},\"thumbnailUrl\":\"https:\/\/finanedi.es\/blog\/contenido\/uploads\/2025\/06\/Facturacion-con-IVA-intracomunitario-y-operaciones-triangulares.jpg\",\"datePublished\":\"2025-06-26T07:43:42+00:00\",\"dateModified\":\"2025-06-26T07:51:58+00:00\",\"description\":\"Evita errores al facturar con IVA intracomunitario y operaciones triangulares. Gu\u00eda esencial para PYMES y aut\u00f3nomos que operan en la UE.\",\"breadcrumb\":{\"@id\":\"https:\/\/finanedi.es\/blog\/facturacion-con-iva-intracomunitario-y-operaciones-triangulares\/#breadcrumb\"},\"inLanguage\":\"es\",\"potentialAction\":[{\"@type\":\"ReadAction\",\"target\":[\"https:\/\/finanedi.es\/blog\/facturacion-con-iva-intracomunitario-y-operaciones-triangulares\/\"]}]},{\"@type\":\"ImageObject\",\"inLanguage\":\"es\",\"@id\":\"https:\/\/finanedi.es\/blog\/facturacion-con-iva-intracomunitario-y-operaciones-triangulares\/#primaryimage\",\"url\":\"https:\/\/finanedi.es\/blog\/contenido\/uploads\/2025\/06\/Facturacion-con-IVA-intracomunitario-y-operaciones-triangulares.jpg\",\"contentUrl\":\"https:\/\/finanedi.es\/blog\/contenido\/uploads\/2025\/06\/Facturacion-con-IVA-intracomunitario-y-operaciones-triangulares.jpg\",\"width\":1200,\"height\":628,\"caption\":\"Facturaci\u00f3n con IVA intracomunitario y operaciones triangulares\"},{\"@type\":\"BreadcrumbList\",\"@id\":\"https:\/\/finanedi.es\/blog\/facturacion-con-iva-intracomunitario-y-operaciones-triangulares\/#breadcrumb\",\"itemListElement\":[{\"@type\":\"ListItem\",\"position\":1,\"name\":\"Home\",\"item\":\"https:\/\/finanedi.es\/blog\/\"},{\"@type\":\"ListItem\",\"position\":2,\"name\":\"Facturaci\u00f3n con IVA intracomunitario y operaciones triangulares\"}]},{\"@type\":\"WebSite\",\"@id\":\"https:\/\/finanedi.es\/blog\/#website\",\"url\":\"https:\/\/finanedi.es\/blog\/\",\"name\":\"Blog para pymes y aut\u00f3nomos - FinanEDI\",\"description\":\"Blog para aut\u00f3nomos y PYMES, sobre temas como facturaci\u00f3n, contabilidad, tecnolog\u00eda.\",\"publisher\":{\"@id\":\"https:\/\/finanedi.es\/blog\/#organization\"},\"potentialAction\":[{\"@type\":\"SearchAction\",\"target\":{\"@type\":\"EntryPoint\",\"urlTemplate\":\"https:\/\/finanedi.es\/blog\/?s={search_term_string}\"},\"query-input\":{\"@type\":\"PropertyValueSpecification\",\"valueRequired\":true,\"valueName\":\"search_term_string\"}}],\"inLanguage\":\"es\"},{\"@type\":\"Organization\",\"@id\":\"https:\/\/finanedi.es\/blog\/#organization\",\"name\":\"Blog para pymes y aut\u00f3nomos - FinanEDI\",\"url\":\"https:\/\/finanedi.es\/blog\/\",\"logo\":{\"@type\":\"ImageObject\",\"inLanguage\":\"es\",\"@id\":\"https:\/\/finanedi.es\/blog\/#\/schema\/logo\/image\/\",\"url\":\"https:\/\/finanedi.es\/blog\/contenido\/uploads\/2024\/02\/FinanEdiAzul1.svg\",\"contentUrl\":\"https:\/\/finanedi.es\/blog\/contenido\/uploads\/2024\/02\/FinanEdiAzul1.svg\",\"width\":142,\"height\":36,\"caption\":\"Blog para pymes y aut\u00f3nomos - FinanEDI\"},\"image\":{\"@id\":\"https:\/\/finanedi.es\/blog\/#\/schema\/logo\/image\/\"}},{\"@type\":\"Person\",\"@id\":\"https:\/\/finanedi.es\/blog\/#\/schema\/person\/233ed58195d34f36f74f13ba1030ebd8\",\"name\":\"restevez\",\"image\":{\"@type\":\"ImageObject\",\"inLanguage\":\"es\",\"@id\":\"https:\/\/finanedi.es\/blog\/#\/schema\/person\/image\/\",\"url\":\"https:\/\/secure.gravatar.com\/avatar\/6c4880db9746e4aa887a98e0ebf657788804dc4280120ef10331a2e6ebb4a9a0?s=96&d=mm&r=g\",\"contentUrl\":\"https:\/\/secure.gravatar.com\/avatar\/6c4880db9746e4aa887a98e0ebf657788804dc4280120ef10331a2e6ebb4a9a0?s=96&d=mm&r=g\",\"caption\":\"restevez\"},\"url\":\"https:\/\/finanedi.es\/blog\/author\/restevez\/\"}]}<\/script>\n<!-- \/ Yoast SEO plugin. -->","yoast_head_json":{"title":"Facturaci\u00f3n con IVA intracomunitario y operaciones triangulares","description":"Evita errores al facturar con IVA intracomunitario y operaciones triangulares. Gu\u00eda esencial para PYMES y aut\u00f3nomos que operan en la UE.","robots":{"index":"index","follow":"follow","max-snippet":"max-snippet:-1","max-image-preview":"max-image-preview:large","max-video-preview":"max-video-preview:-1"},"canonical":"https:\/\/finanedi.es\/blog\/facturacion-con-iva-intracomunitario-y-operaciones-triangulares\/","og_locale":"es_ES","og_type":"article","og_title":"Facturaci\u00f3n con IVA intracomunitario y operaciones triangulares","og_description":"Evita errores al facturar con IVA intracomunitario y operaciones triangulares. Gu\u00eda esencial para PYMES y aut\u00f3nomos que operan en la UE.","og_url":"https:\/\/finanedi.es\/blog\/facturacion-con-iva-intracomunitario-y-operaciones-triangulares\/","og_site_name":"Blog para pymes y aut\u00f3nomos - FinanEDI","article_published_time":"2025-06-26T07:43:42+00:00","article_modified_time":"2025-06-26T07:51:58+00:00","og_image":[{"width":1200,"height":628,"url":"https:\/\/finanedi.es\/blog\/contenido\/uploads\/2025\/06\/Facturacion-con-IVA-intracomunitario-y-operaciones-triangulares.jpg","type":"image\/jpeg"}],"author":"restevez","twitter_card":"summary_large_image","twitter_misc":{"Escrito por":"restevez","Tiempo de lectura":"8 minutos"},"schema":{"@context":"https:\/\/schema.org","@graph":[{"@type":"Article","@id":"https:\/\/finanedi.es\/blog\/facturacion-con-iva-intracomunitario-y-operaciones-triangulares\/#article","isPartOf":{"@id":"https:\/\/finanedi.es\/blog\/facturacion-con-iva-intracomunitario-y-operaciones-triangulares\/"},"author":{"name":"restevez","@id":"https:\/\/finanedi.es\/blog\/#\/schema\/person\/233ed58195d34f36f74f13ba1030ebd8"},"headline":"Facturaci\u00f3n con IVA intracomunitario y operaciones triangulares","datePublished":"2025-06-26T07:43:42+00:00","dateModified":"2025-06-26T07:51:58+00:00","mainEntityOfPage":{"@id":"https:\/\/finanedi.es\/blog\/facturacion-con-iva-intracomunitario-y-operaciones-triangulares\/"},"wordCount":1570,"publisher":{"@id":"https:\/\/finanedi.es\/blog\/#organization"},"image":{"@id":"https:\/\/finanedi.es\/blog\/facturacion-con-iva-intracomunitario-y-operaciones-triangulares\/#primaryimage"},"thumbnailUrl":"https:\/\/finanedi.es\/blog\/contenido\/uploads\/2025\/06\/Facturacion-con-IVA-intracomunitario-y-operaciones-triangulares.jpg","articleSection":["Facturaci\u00f3n"],"inLanguage":"es"},{"@type":"WebPage","@id":"https:\/\/finanedi.es\/blog\/facturacion-con-iva-intracomunitario-y-operaciones-triangulares\/","url":"https:\/\/finanedi.es\/blog\/facturacion-con-iva-intracomunitario-y-operaciones-triangulares\/","name":"Facturaci\u00f3n con IVA intracomunitario y operaciones triangulares","isPartOf":{"@id":"https:\/\/finanedi.es\/blog\/#website"},"primaryImageOfPage":{"@id":"https:\/\/finanedi.es\/blog\/facturacion-con-iva-intracomunitario-y-operaciones-triangulares\/#primaryimage"},"image":{"@id":"https:\/\/finanedi.es\/blog\/facturacion-con-iva-intracomunitario-y-operaciones-triangulares\/#primaryimage"},"thumbnailUrl":"https:\/\/finanedi.es\/blog\/contenido\/uploads\/2025\/06\/Facturacion-con-IVA-intracomunitario-y-operaciones-triangulares.jpg","datePublished":"2025-06-26T07:43:42+00:00","dateModified":"2025-06-26T07:51:58+00:00","description":"Evita errores al facturar con IVA intracomunitario y operaciones triangulares. Gu\u00eda esencial para PYMES y aut\u00f3nomos que operan en la UE.","breadcrumb":{"@id":"https:\/\/finanedi.es\/blog\/facturacion-con-iva-intracomunitario-y-operaciones-triangulares\/#breadcrumb"},"inLanguage":"es","potentialAction":[{"@type":"ReadAction","target":["https:\/\/finanedi.es\/blog\/facturacion-con-iva-intracomunitario-y-operaciones-triangulares\/"]}]},{"@type":"ImageObject","inLanguage":"es","@id":"https:\/\/finanedi.es\/blog\/facturacion-con-iva-intracomunitario-y-operaciones-triangulares\/#primaryimage","url":"https:\/\/finanedi.es\/blog\/contenido\/uploads\/2025\/06\/Facturacion-con-IVA-intracomunitario-y-operaciones-triangulares.jpg","contentUrl":"https:\/\/finanedi.es\/blog\/contenido\/uploads\/2025\/06\/Facturacion-con-IVA-intracomunitario-y-operaciones-triangulares.jpg","width":1200,"height":628,"caption":"Facturaci\u00f3n con IVA intracomunitario y operaciones triangulares"},{"@type":"BreadcrumbList","@id":"https:\/\/finanedi.es\/blog\/facturacion-con-iva-intracomunitario-y-operaciones-triangulares\/#breadcrumb","itemListElement":[{"@type":"ListItem","position":1,"name":"Home","item":"https:\/\/finanedi.es\/blog\/"},{"@type":"ListItem","position":2,"name":"Facturaci\u00f3n con IVA intracomunitario y operaciones triangulares"}]},{"@type":"WebSite","@id":"https:\/\/finanedi.es\/blog\/#website","url":"https:\/\/finanedi.es\/blog\/","name":"Blog para pymes y aut\u00f3nomos - FinanEDI","description":"Blog para aut\u00f3nomos y PYMES, sobre temas como facturaci\u00f3n, contabilidad, tecnolog\u00eda.","publisher":{"@id":"https:\/\/finanedi.es\/blog\/#organization"},"potentialAction":[{"@type":"SearchAction","target":{"@type":"EntryPoint","urlTemplate":"https:\/\/finanedi.es\/blog\/?s={search_term_string}"},"query-input":{"@type":"PropertyValueSpecification","valueRequired":true,"valueName":"search_term_string"}}],"inLanguage":"es"},{"@type":"Organization","@id":"https:\/\/finanedi.es\/blog\/#organization","name":"Blog para pymes y aut\u00f3nomos - FinanEDI","url":"https:\/\/finanedi.es\/blog\/","logo":{"@type":"ImageObject","inLanguage":"es","@id":"https:\/\/finanedi.es\/blog\/#\/schema\/logo\/image\/","url":"https:\/\/finanedi.es\/blog\/contenido\/uploads\/2024\/02\/FinanEdiAzul1.svg","contentUrl":"https:\/\/finanedi.es\/blog\/contenido\/uploads\/2024\/02\/FinanEdiAzul1.svg","width":142,"height":36,"caption":"Blog para pymes y aut\u00f3nomos - FinanEDI"},"image":{"@id":"https:\/\/finanedi.es\/blog\/#\/schema\/logo\/image\/"}},{"@type":"Person","@id":"https:\/\/finanedi.es\/blog\/#\/schema\/person\/233ed58195d34f36f74f13ba1030ebd8","name":"restevez","image":{"@type":"ImageObject","inLanguage":"es","@id":"https:\/\/finanedi.es\/blog\/#\/schema\/person\/image\/","url":"https:\/\/secure.gravatar.com\/avatar\/6c4880db9746e4aa887a98e0ebf657788804dc4280120ef10331a2e6ebb4a9a0?s=96&d=mm&r=g","contentUrl":"https:\/\/secure.gravatar.com\/avatar\/6c4880db9746e4aa887a98e0ebf657788804dc4280120ef10331a2e6ebb4a9a0?s=96&d=mm&r=g","caption":"restevez"},"url":"https:\/\/finanedi.es\/blog\/author\/restevez\/"}]}},"_links":{"self":[{"href":"https:\/\/finanedi.es\/blog\/wp-json\/wp\/v2\/posts\/11256","targetHints":{"allow":["GET"]}}],"collection":[{"href":"https:\/\/finanedi.es\/blog\/wp-json\/wp\/v2\/posts"}],"about":[{"href":"https:\/\/finanedi.es\/blog\/wp-json\/wp\/v2\/types\/post"}],"author":[{"embeddable":true,"href":"https:\/\/finanedi.es\/blog\/wp-json\/wp\/v2\/users\/3"}],"replies":[{"embeddable":true,"href":"https:\/\/finanedi.es\/blog\/wp-json\/wp\/v2\/comments?post=11256"}],"version-history":[{"count":6,"href":"https:\/\/finanedi.es\/blog\/wp-json\/wp\/v2\/posts\/11256\/revisions"}],"predecessor-version":[{"id":11263,"href":"https:\/\/finanedi.es\/blog\/wp-json\/wp\/v2\/posts\/11256\/revisions\/11263"}],"wp:featuredmedia":[{"embeddable":true,"href":"https:\/\/finanedi.es\/blog\/wp-json\/wp\/v2\/media\/11260"}],"wp:attachment":[{"href":"https:\/\/finanedi.es\/blog\/wp-json\/wp\/v2\/media?parent=11256"}],"wp:term":[{"taxonomy":"category","embeddable":true,"href":"https:\/\/finanedi.es\/blog\/wp-json\/wp\/v2\/categories?post=11256"},{"taxonomy":"post_tag","embeddable":true,"href":"https:\/\/finanedi.es\/blog\/wp-json\/wp\/v2\/tags?post=11256"}],"curies":[{"name":"wp","href":"https:\/\/api.w.org\/{rel}","templated":true}]}}