{"id":11275,"date":"2025-06-30T09:15:19","date_gmt":"2025-06-30T07:15:19","guid":{"rendered":"https:\/\/finanedi.es\/blog\/?p=11275"},"modified":"2025-06-30T09:39:10","modified_gmt":"2025-06-30T07:39:10","slug":"diferencia-entre-iva-no-sujeto-exento-y-deduccion-fiscal","status":"publish","type":"post","link":"https:\/\/finanedi.es\/blog\/diferencia-entre-iva-no-sujeto-exento-y-deduccion-fiscal\/","title":{"rendered":"Diferencia entre IVA no sujeto, exento y deducci\u00f3n fiscal"},"content":{"rendered":"\t\t<div data-elementor-type=\"wp-post\" data-elementor-id=\"11275\" class=\"elementor elementor-11275\">\n\t\t\t\t<div class=\"elementor-element elementor-element-acaf42d e-flex e-con-boxed e-con e-parent\" data-id=\"acaf42d\" data-element_type=\"container\">\n\t\t\t\t\t<div class=\"e-con-inner\">\n\t\t\t\t<div class=\"elementor-element elementor-element-4cdc497 elementor-widget elementor-widget-text-editor\" data-id=\"4cdc497\" data-element_type=\"widget\" data-widget_type=\"text-editor.default\">\n\t\t\t\t<div class=\"elementor-widget-container\">\n\t\t\t\t\t\t\t\t\t<p>Comprender las complejidades del Impuesto sobre el Valor A\u00f1adido (IVA) es fundamental para cualquier empresa o aut\u00f3nomo. Dentro de esta normativa, existen tres conceptos que a menudo generan confusi\u00f3n: <b>IVA no sujeto<\/b>, <b>IVA exento<\/b> e <b>IVA deducible<\/b>. Aunque los tres implican que no se repercute IVA, sus motivos y efectos son diferentes. Vamos a desglosarlos para que no queden dudas.<\/p>\t\t\t\t\t\t\t\t<\/div>\n\t\t\t\t<\/div>\n\t\t\t\t\t<\/div>\n\t\t\t\t<\/div>\n\t\t<div class=\"elementor-element elementor-element-69fcaeda e-flex e-con-boxed e-con e-parent\" data-id=\"69fcaeda\" data-element_type=\"container\">\n\t\t\t\t\t<div class=\"e-con-inner\">\n\t\t\t\t<div class=\"elementor-element elementor-element-1e65db18 elementor-widget elementor-widget-html\" data-id=\"1e65db18\" data-element_type=\"widget\" data-widget_type=\"html.default\">\n\t\t\t\t<div class=\"elementor-widget-container\">\n\t\t\t\t\t<!DOCTYPE html>\r\n<html>\r\n<head>\r\n    <style>\r\n        .comparative-table {\r\n            width: 100%;\r\n            border-collapse: collapse;\r\n            font-size: 14px;\r\n            font-family: 'Arial', sans-serif;\r\n            text-align: left;\r\n        }\r\n\r\n        .comparative-table thead tr {\r\n            background-color: #1A2543;\r\n            color: white;\r\n            text-align: left;\r\n        }\r\n        \r\n        .comparative-table thead th {\r\n            color: white;\r\n        }\r\n\r\n        .comparative-table th,\r\n        .comparative-table td {\r\n            padding: 12px 15px;\r\n            border: 1px solid #dddddd;\r\n        }\r\n\r\n        .comparative-table tbody tr {\r\n            border-bottom: 1px solid #dddddd;\r\n        }\r\n\r\n        .comparative-table tbody tr:nth-of-type(even) {\r\n            background-color: #FBFCFF;\r\n        }\r\n\r\n        .comparative-table tbody tr:hover {\r\n            background-color: #F0F4FF;\r\n        }\r\n        \r\n        .bold{\r\n            font-weight: bold;    \r\n        }\r\n\r\n    <\/style>\r\n<\/head>\r\n<body>\r\n    <table class=\"comparative-table\">\r\n        <thead>\r\n            <tr>\r\n                <th>Caracter\u00edstica<\/th>\r\n                <th>IVA No Sujeto<\/th>\r\n                <th>IVA Exento<\/th>\r\n                <th>IVA Deducible<\/th>\r\n            <\/tr>\r\n        <\/thead>\r\n        <tbody>\r\n            <tr>\r\n                <td class=\"bold\">\u00c1mbito del IVA<\/td>\r\n                <td>Fuera del \u00e1mbito de aplicaci\u00f3n<\/td>\r\n                <td>Dentro del \u00e1mbito de aplicaci\u00f3n (pero eximido)<\/td>\r\n                <td>Mecanismo de compensaci\u00f3n de IVA soportado<\/td>\r\n            <\/tr>\r\n            <tr>\r\n                <td class=\"bold\">\u00bfSe repercute IVA?<\/td>\r\n                <td>No<\/td>\r\n                <td>No<\/td>\r\n                <td>El IVA ya ha sido repercutido por un proveedor<\/td>\r\n            <\/tr>\r\n            <tr>\r\n                <td class=\"bold\">\u00bfSe declara?<\/td>\r\n                <td>No se declara en liquidaciones de IVA<\/td>\r\n                <td>S\u00ed se declara (informativamente, seg\u00fan el caso)<\/td>\r\n                <td>Se declara y se resta del IVA repercutido<\/td>\r\n            <\/tr>\r\n            <tr>\r\n                <td class=\"bold\">Motivo<\/td>\r\n                <td>La operaci\u00f3n no cumple los requisitos del IVA<\/td>\r\n                <td>La ley lo establece as\u00ed para ciertas operaciones<\/td>\r\n                <td>Derecho a recuperar IVA soportado en compras<\/td>\r\n            <\/tr>\r\n            <tr>\r\n                <td class=\"bold\">Ejemplo<\/td>\r\n                <td>Pr\u00e9stamo de dinero, venta entre particulares<\/td>\r\n                <td>Servicios m\u00e9dicos, educaci\u00f3n, alquiler de vivienda<\/td>\r\n                <td>IVA pagado en la compra de material de oficina<\/td>\r\n            <\/tr>\r\n            <tr>\r\n                <td class=\"bold\">\u00bfDeduce IVA soportado?<\/td>\r\n                <td>N\/A (no genera IVA soportado relacionado)<\/td>\r\n                <td>Generalmente no (salvo exenciones plenas como exportaciones)<\/td>\r\n                <td>S\u00ed, si la actividad principal est\u00e1 sujeta y no exenta<\/td>\r\n            <\/tr>\r\n        <\/tbody>\r\n    <\/table>\r\n<\/body>\r\n<\/html>\t\t\t\t<\/div>\n\t\t\t\t<\/div>\n\t\t\t\t\t<\/div>\n\t\t\t\t<\/div>\n\t\t<div class=\"elementor-element elementor-element-07a8e79 e-flex e-con-boxed e-con e-parent\" data-id=\"07a8e79\" data-element_type=\"container\">\n\t\t\t\t\t<div class=\"e-con-inner\">\n\t\t\t\t<div class=\"elementor-element elementor-element-5777939 elementor-widget elementor-widget-spacer\" data-id=\"5777939\" data-element_type=\"widget\" data-widget_type=\"spacer.default\">\n\t\t\t\t<div class=\"elementor-widget-container\">\n\t\t\t\t\t\t\t<div class=\"elementor-spacer\">\n\t\t\t<div class=\"elementor-spacer-inner\"><\/div>\n\t\t<\/div>\n\t\t\t\t\t\t<\/div>\n\t\t\t\t<\/div>\n\t\t\t\t\t<\/div>\n\t\t\t\t<\/div>\n\t\t<div class=\"elementor-element elementor-element-1a17ecc e-flex e-con-boxed e-con e-parent\" data-id=\"1a17ecc\" data-element_type=\"container\">\n\t\t\t\t\t<div class=\"e-con-inner\">\n\t\t\t\t<div class=\"elementor-element elementor-element-8cdd7e1 elementor-widget elementor-widget-heading\" data-id=\"8cdd7e1\" data-element_type=\"widget\" data-widget_type=\"heading.default\">\n\t\t\t\t<div class=\"elementor-widget-container\">\n\t\t\t\t\t<h2 class=\"elementor-heading-title elementor-size-default\">IVA no sujeto\n<\/h2>\t\t\t\t<\/div>\n\t\t\t\t<\/div>\n\t\t\t\t<div class=\"elementor-element elementor-element-a42040b elementor-widget elementor-widget-text-editor\" data-id=\"a42040b\" data-element_type=\"widget\" data-widget_type=\"text-editor.default\">\n\t\t\t\t<div class=\"elementor-widget-container\">\n\t\t\t\t\t\t\t\t\t<p>Cuando hablamos de <b>IVA no sujeto<\/b>, nos referimos a operaciones que, por su naturaleza, <b>simplemente no entran dentro del \u00e1mbito de aplicaci\u00f3n del impuesto<\/b>. Esto significa que la operaci\u00f3n no cumple con alguno de los requisitos esenciales para ser considerada una entrega de bienes o prestaci\u00f3n de servicios sujeta a IVA.<\/p>\t\t\t\t\t\t\t\t<\/div>\n\t\t\t\t<\/div>\n\t\t\t\t<div class=\"elementor-element elementor-element-d3a011a elementor-widget elementor-widget-heading\" data-id=\"d3a011a\" data-element_type=\"widget\" data-widget_type=\"heading.default\">\n\t\t\t\t<div class=\"elementor-widget-container\">\n\t\t\t\t\t<h3 class=\"elementor-heading-title elementor-size-default\">Ejemplos comunes de operaciones no sujetas a IVA incluyen:<\/h3>\t\t\t\t<\/div>\n\t\t\t\t<\/div>\n\t\t\t\t<div class=\"elementor-element elementor-element-fe57264 elementor-widget elementor-widget-text-editor\" data-id=\"fe57264\" data-element_type=\"widget\" data-widget_type=\"text-editor.default\">\n\t\t\t\t<div class=\"elementor-widget-container\">\n\t\t\t\t\t\t\t\t\t<ul><li><p><b>Entregas de dinero:<\/b> Cuando una empresa realiza un pr\u00e9stamo o una aportaci\u00f3n de capital, no se est\u00e1 entregando un bien ni prestando un servicio en el sentido fiscal del IVA.<\/p><\/li><li><p><b>Servicios realizados por una persona f\u00edsica sin ser aut\u00f3nomo:<\/b> Si alguien realiza un trabajo puntual de forma espor\u00e1dica y no est\u00e1 dado de alta como aut\u00f3nomo, sus servicios no est\u00e1n sujetos a IVA.<\/p><\/li><li><p><b>Operaciones que no se realizan en el \u00e1mbito empresarial o profesional:<\/b> Por ejemplo, la venta de un bien particular entre dos individuos (que no act\u00faan como empresarios o profesionales) no est\u00e1 sujeta a IVA.<\/p><\/li><li><p><b>Algunas subvenciones:<\/b> Ciertas subvenciones que no son contraprestaci\u00f3n de una entrega de bienes o prestaci\u00f3n de servicios.<\/p><\/li><\/ul>\t\t\t\t\t\t\t\t<\/div>\n\t\t\t\t<\/div>\n\t\t\t\t<div class=\"elementor-element elementor-element-4034f7ce elementor-widget elementor-widget-text-editor\" data-id=\"4034f7ce\" data-element_type=\"widget\" data-widget_type=\"text-editor.default\">\n\t\t\t\t<div class=\"elementor-widget-container\">\n\t\t\t\t\t\t\t\t\t<p><strong>\u2b50 Clave:<\/strong> No se aplica IVA porque la operaci\u00f3n <b>no es objeto<\/b> del impuesto. No hay obligaci\u00f3n de emitir factura con IVA ni de declararlo.<\/p>\t\t\t\t\t\t\t\t<\/div>\n\t\t\t\t<\/div>\n\t\t\t\t<div class=\"elementor-element elementor-element-fdab3ff elementor-widget elementor-widget-spacer\" data-id=\"fdab3ff\" data-element_type=\"widget\" data-widget_type=\"spacer.default\">\n\t\t\t\t<div class=\"elementor-widget-container\">\n\t\t\t\t\t\t\t<div class=\"elementor-spacer\">\n\t\t\t<div class=\"elementor-spacer-inner\"><\/div>\n\t\t<\/div>\n\t\t\t\t\t\t<\/div>\n\t\t\t\t<\/div>\n\t\t\t\t\t<\/div>\n\t\t\t\t<\/div>\n\t\t<div class=\"elementor-element elementor-element-8243893 e-flex e-con-boxed e-con e-parent\" data-id=\"8243893\" data-element_type=\"container\">\n\t\t\t\t\t<div class=\"e-con-inner\">\n\t\t\t\t<div class=\"elementor-element elementor-element-6ff9129 elementor-widget elementor-widget-heading\" data-id=\"6ff9129\" data-element_type=\"widget\" data-widget_type=\"heading.default\">\n\t\t\t\t<div class=\"elementor-widget-container\">\n\t\t\t\t\t<h2 class=\"elementor-heading-title elementor-size-default\">IVA exento<\/h2>\t\t\t\t<\/div>\n\t\t\t\t<\/div>\n\t\t\t\t<div class=\"elementor-element elementor-element-ebf0700 elementor-widget elementor-widget-text-editor\" data-id=\"ebf0700\" data-element_type=\"widget\" data-widget_type=\"text-editor.default\">\n\t\t\t\t<div class=\"elementor-widget-container\">\n\t\t\t\t\t\t\t\t\t<p>El <b>IVA exento<\/b> se refiere a operaciones que, aunque <b>s\u00ed est\u00e1n dentro del \u00e1mbito de aplicaci\u00f3n del impuesto<\/b>, la ley las <b>exonera espec\u00edficamente de su aplicaci\u00f3n<\/b>. Esto significa que, si bien son operaciones sujetas, una norma establece que no se debe repercutir IVA en ellas.<\/p><p>Es importante destacar que existen dos tipos de exenciones:<\/p><ul><li><p><b>Exenciones plenas (o limitadas):<\/b> Permiten al empresario deducir el IVA soportado en las compras relacionadas con la actividad exenta. Un ejemplo cl\u00e1sico son las exportaciones de bienes.<\/p><\/li><li><p><b>Exenciones limitadas (o parciales):<\/b> No permiten al empresario deducir el IVA soportado en las compras relacionadas con la actividad exenta.<\/p><\/li><\/ul>\t\t\t\t\t\t\t\t<\/div>\n\t\t\t\t<\/div>\n\t\t\t\t<div class=\"elementor-element elementor-element-f066cee elementor-widget elementor-widget-heading\" data-id=\"f066cee\" data-element_type=\"widget\" data-widget_type=\"heading.default\">\n\t\t\t\t<div class=\"elementor-widget-container\">\n\t\t\t\t\t<h3 class=\"elementor-heading-title elementor-size-default\">Ejemplos comunes de operaciones exentas de IVA :<\/h3>\t\t\t\t<\/div>\n\t\t\t\t<\/div>\n\t\t\t\t<div class=\"elementor-element elementor-element-8ae89d2 elementor-widget elementor-widget-text-editor\" data-id=\"8ae89d2\" data-element_type=\"widget\" data-widget_type=\"text-editor.default\">\n\t\t\t\t<div class=\"elementor-widget-container\">\n\t\t\t\t\t\t\t\t\t<ul><li><p><b>Servicios m\u00e9dicos y sanitarios:<\/b> La mayor\u00eda de los servicios prestados por profesionales m\u00e9dicos y hospitales.<\/p><\/li><li><p><b>Educaci\u00f3n:<\/b> La ense\u00f1anza impartida en centros p\u00fablicos y privados autorizados, as\u00ed como clases particulares de materias incluidas en planes de estudios oficiales.<\/p><\/li><li><p><b>Servicios financieros y seguros:<\/b> Operaciones de banca, cr\u00e9dito, seguros y reaseguros.<\/p><\/li><li><p><b>Arrendamientos de viviendas:<\/b> El alquiler de viviendas destinadas a uso residencial.<\/p><\/li><\/ul>\t\t\t\t\t\t\t\t<\/div>\n\t\t\t\t<\/div>\n\t\t\t\t<div class=\"elementor-element elementor-element-333a569 elementor-widget elementor-widget-text-editor\" data-id=\"333a569\" data-element_type=\"widget\" data-widget_type=\"text-editor.default\">\n\t\t\t\t<div class=\"elementor-widget-container\">\n\t\t\t\t\t\t\t\t\t<p><strong>\u2b50 Clave:<\/strong> La operaci\u00f3n <b>s\u00ed est\u00e1 sujeta<\/b> a IVA, pero una norma <b>legal la exime<\/b> de su aplicaci\u00f3n. No se repercute IVA al cliente, y en la mayor\u00eda de los casos, no se puede deducir el IVA soportado de los gastos relacionados.<\/p>\t\t\t\t\t\t\t\t<\/div>\n\t\t\t\t<\/div>\n\t\t\t\t<div class=\"elementor-element elementor-element-fe56de8 elementor-widget elementor-widget-spacer\" data-id=\"fe56de8\" data-element_type=\"widget\" data-widget_type=\"spacer.default\">\n\t\t\t\t<div class=\"elementor-widget-container\">\n\t\t\t\t\t\t\t<div class=\"elementor-spacer\">\n\t\t\t<div class=\"elementor-spacer-inner\"><\/div>\n\t\t<\/div>\n\t\t\t\t\t\t<\/div>\n\t\t\t\t<\/div>\n\t\t\t\t\t<\/div>\n\t\t\t\t<\/div>\n\t\t<div class=\"elementor-element elementor-element-6150075 e-flex e-con-boxed e-con e-parent\" data-id=\"6150075\" data-element_type=\"container\">\n\t\t\t\t\t<div class=\"e-con-inner\">\n\t\t\t\t<div class=\"elementor-element elementor-element-035e37b elementor-widget elementor-widget-heading\" data-id=\"035e37b\" data-element_type=\"widget\" data-widget_type=\"heading.default\">\n\t\t\t\t<div class=\"elementor-widget-container\">\n\t\t\t\t\t<h2 class=\"elementor-heading-title elementor-size-default\">Deducci\u00f3n fiscal (IVA deducible)<\/h2>\t\t\t\t<\/div>\n\t\t\t\t<\/div>\n\t\t\t\t<div class=\"elementor-element elementor-element-4b72045 elementor-widget elementor-widget-text-editor\" data-id=\"4b72045\" data-element_type=\"widget\" data-widget_type=\"text-editor.default\">\n\t\t\t\t<div class=\"elementor-widget-container\">\n\t\t\t\t\t\t\t\t\t<p>La <b>deducci\u00f3n fiscal<\/b> en el contexto del IVA, o <b>IVA deducible<\/b>, se refiere al <b>derecho que tienen los empresarios y profesionales a recuperar el IVA que han soportado<\/b> en la adquisici\u00f3n de bienes y servicios necesarios para el desarrollo de su actividad econ\u00f3mica sujeta y no exenta.<\/p><p>Cuando un empresario compra materiales, equipos o servicios a un proveedor, este le repercute IVA en la factura. Si la actividad del empresario est\u00e1 sujeta y no exenta de IVA, podr\u00e1 <b>deducir ese IVA soportado<\/b> de la cantidad de IVA que \u00e9l mismo ha repercutido a sus clientes. Al final del periodo de liquidaci\u00f3n (trimestral o mensual), el empresario pagar\u00e1 a Hacienda la diferencia entre el IVA repercutido y el IVA soportado (deducible).<\/p>\t\t\t\t\t\t\t\t<\/div>\n\t\t\t\t<\/div>\n\t\t\t\t<div class=\"elementor-element elementor-element-261ec0d elementor-widget elementor-widget-heading\" data-id=\"261ec0d\" data-element_type=\"widget\" data-widget_type=\"heading.default\">\n\t\t\t\t<div class=\"elementor-widget-container\">\n\t\t\t\t\t<h3 class=\"elementor-heading-title elementor-size-default\">Condiciones clave para que el IVA sea deducible:<\/h3>\t\t\t\t<\/div>\n\t\t\t\t<\/div>\n\t\t\t\t<div class=\"elementor-element elementor-element-1034f4f elementor-widget elementor-widget-text-editor\" data-id=\"1034f4f\" data-element_type=\"widget\" data-widget_type=\"text-editor.default\">\n\t\t\t\t<div class=\"elementor-widget-container\">\n\t\t\t\t\t\t\t\t\t<ul><li><p><b>Estar relacionado con la actividad econ\u00f3mica:<\/b> Los bienes o servicios adquiridos deben ser necesarios para el desarrollo de la actividad empresarial o profesional.<\/p><\/li><li><p><b>Estar debidamente justificado:<\/b> Debe existir una factura completa y correcta que respalde la operaci\u00f3n.<\/p><\/li><li><p><b>Que la actividad principal no sea exenta sin derecho a deducci\u00f3n:<\/b> Si una empresa solo realiza operaciones exentas sin derecho a deducci\u00f3n (por ejemplo, servicios m\u00e9dicos), no podr\u00e1 deducir el IVA soportado.<\/p><\/li><\/ul>\t\t\t\t\t\t\t\t<\/div>\n\t\t\t\t<\/div>\n\t\t\t\t<div class=\"elementor-element elementor-element-e1bbada elementor-widget elementor-widget-text-editor\" data-id=\"e1bbada\" data-element_type=\"widget\" data-widget_type=\"text-editor.default\">\n\t\t\t\t<div class=\"elementor-widget-container\">\n\t\t\t\t\t\t\t\t\t<p><strong>\u2b50 Clave: <\/strong>Es un <b>mecanismo de recuperaci\u00f3n<\/b> del IVA ya pagado. No se trata de una operaci\u00f3n no gravada, sino de un derecho a compensar el IVA soportado con el IVA repercutido.<\/p>\t\t\t\t\t\t\t\t<\/div>\n\t\t\t\t<\/div>\n\t\t\t\t<div class=\"elementor-element elementor-element-9a72fad elementor-widget elementor-widget-spacer\" data-id=\"9a72fad\" data-element_type=\"widget\" data-widget_type=\"spacer.default\">\n\t\t\t\t<div class=\"elementor-widget-container\">\n\t\t\t\t\t\t\t<div class=\"elementor-spacer\">\n\t\t\t<div class=\"elementor-spacer-inner\"><\/div>\n\t\t<\/div>\n\t\t\t\t\t\t<\/div>\n\t\t\t\t<\/div>\n\t\t\t\t\t<\/div>\n\t\t\t\t<\/div>\n\t\t<div class=\"elementor-element elementor-element-785282e3 e-flex e-con-boxed e-con e-parent\" data-id=\"785282e3\" data-element_type=\"container\">\n\t\t\t\t\t<div class=\"e-con-inner\">\n\t\t<div class=\"elementor-element elementor-element-4918d929 e-flex e-con-boxed e-con e-child\" data-id=\"4918d929\" data-element_type=\"container\">\n\t\t\t\t\t<div class=\"e-con-inner\">\n\t\t\t\t<div class=\"elementor-element elementor-element-536e71c1 elementor-widget elementor-widget-heading\" data-id=\"536e71c1\" data-element_type=\"widget\" data-widget_type=\"heading.default\">\n\t\t\t\t<div class=\"elementor-widget-container\">\n\t\t\t\t\t<h3 class=\"elementor-heading-title elementor-size-default\">Preguntas frecuentes<\/h3>\t\t\t\t<\/div>\n\t\t\t\t<\/div>\n\t\t\t\t\t<\/div>\n\t\t\t\t<\/div>\n\t\t<div class=\"elementor-element elementor-element-29e3c31 e-flex e-con-boxed e-con e-child\" data-id=\"29e3c31\" data-element_type=\"container\">\n\t\t\t\t\t<div class=\"e-con-inner\">\n\t\t\t\t<div class=\"elementor-element elementor-element-649cba16 elementor-widget elementor-widget-heading\" data-id=\"649cba16\" data-element_type=\"widget\" data-widget_type=\"heading.default\">\n\t\t\t\t<div class=\"elementor-widget-container\">\n\t\t\t\t\t<h4 class=\"elementor-heading-title elementor-size-default\">Si mi actividad est\u00e1 exenta de IVA, \u00bfpuedo deducir el IVA de mis compras?<\/h4>\t\t\t\t<\/div>\n\t\t\t\t<\/div>\n\t\t\t\t<div class=\"elementor-element elementor-element-aff2879 elementor-widget elementor-widget-text-editor\" data-id=\"aff2879\" data-element_type=\"widget\" data-widget_type=\"text-editor.default\">\n\t\t\t\t<div class=\"elementor-widget-container\">\n\t\t\t\t\t\t\t\t\t<p>En la mayor\u00eda de los casos, <b>no<\/b>. Si tu actividad est\u00e1 exenta de IVA, generalmente no tienes derecho a deducir el IVA que soportas en tus compras y gastos. La excepci\u00f3n principal son las <b>exenciones plenas<\/b>, como las exportaciones, donde s\u00ed se permite la deducci\u00f3n del IVA soportado.<\/p>\t\t\t\t\t\t\t\t<\/div>\n\t\t\t\t<\/div>\n\t\t\t\t\t<\/div>\n\t\t\t\t<\/div>\n\t\t<div class=\"elementor-element elementor-element-4caab6f7 e-flex e-con-boxed e-con e-child\" data-id=\"4caab6f7\" data-element_type=\"container\">\n\t\t\t\t\t<div class=\"e-con-inner\">\n\t\t\t\t<div class=\"elementor-element elementor-element-6d7d29e1 elementor-widget elementor-widget-heading\" data-id=\"6d7d29e1\" data-element_type=\"widget\" data-widget_type=\"heading.default\">\n\t\t\t\t<div class=\"elementor-widget-container\">\n\t\t\t\t\t<h4 class=\"elementor-heading-title elementor-size-default\">\u00bfCu\u00e1l es la principal diferencia pr\u00e1ctica entre una operaci\u00f3n \"no sujeta\" y una \"exenta\" a efectos de factura?<\/h4>\t\t\t\t<\/div>\n\t\t\t\t<\/div>\n\t\t\t\t<div class=\"elementor-element elementor-element-7bce0026 elementor-widget elementor-widget-text-editor\" data-id=\"7bce0026\" data-element_type=\"widget\" data-widget_type=\"text-editor.default\">\n\t\t\t\t<div class=\"elementor-widget-container\">\n\t\t\t\t\t\t\t\t\t<p>La diferencia pr\u00e1ctica es sutil pero importante: en ambos casos, <b>no se repercute IVA en la factura<\/b>. Sin embargo, una operaci\u00f3n <b>no sujeta<\/b> simplemente no entra en el \u00e1mbito del IVA, mientras que una <b>exenta<\/b> s\u00ed est\u00e1 dentro del \u00e1mbito, pero una norma legal la libera de tributaci\u00f3n. Esto puede tener implicaciones en c\u00f3mo se registran y declaran ciertas operaciones, aunque para el cliente el resultado inmediato (no pagar IVA) sea el mismo.<\/p>\t\t\t\t\t\t\t\t<\/div>\n\t\t\t\t<\/div>\n\t\t\t\t\t<\/div>\n\t\t\t\t<\/div>\n\t\t<div class=\"elementor-element elementor-element-5dee0511 e-flex e-con-boxed e-con e-child\" data-id=\"5dee0511\" data-element_type=\"container\">\n\t\t\t\t\t<div class=\"e-con-inner\">\n\t\t\t\t<div class=\"elementor-element elementor-element-7b51a35f elementor-widget elementor-widget-heading\" data-id=\"7b51a35f\" data-element_type=\"widget\" data-widget_type=\"heading.default\">\n\t\t\t\t<div class=\"elementor-widget-container\">\n\t\t\t\t\t<h4 class=\"elementor-heading-title elementor-size-default\">\u00bfQu\u00e9 ocurre si deduzco IVA de un gasto que no est\u00e1 relacionado con mi actividad profesional?<\/h4>\t\t\t\t<\/div>\n\t\t\t\t<\/div>\n\t\t\t\t<div class=\"elementor-element elementor-element-3f1f8923 elementor-widget elementor-widget-text-editor\" data-id=\"3f1f8923\" data-element_type=\"widget\" data-widget_type=\"text-editor.default\">\n\t\t\t\t<div class=\"elementor-widget-container\">\n\t\t\t\t\t\t\t\t\t<p>Si deduces IVA de un gasto no relacionado directamente con tu actividad econ\u00f3mica, la Agencia Tributaria podr\u00eda considerarlo una <b>deducci\u00f3n indebida<\/b>. Esto puede resultar en sanciones, recargos e intereses de demora sobre el IVA que dedujiste incorrectamente. Es crucial que todos los gastos con IVA deducible est\u00e9n justificados y vinculados a tu negocio.<\/p>\t\t\t\t\t\t\t\t<\/div>\n\t\t\t\t<\/div>\n\t\t\t\t\t<\/div>\n\t\t\t\t<\/div>\n\t\t<div class=\"elementor-element elementor-element-11fffc49 e-flex e-con-boxed e-con e-child\" data-id=\"11fffc49\" data-element_type=\"container\">\n\t\t\t\t\t<div class=\"e-con-inner\">\n\t\t\t\t<div class=\"elementor-element elementor-element-5a233ed5 elementor-widget elementor-widget-heading\" data-id=\"5a233ed5\" data-element_type=\"widget\" data-widget_type=\"heading.default\">\n\t\t\t\t<div class=\"elementor-widget-container\">\n\t\t\t\t\t<h4 class=\"elementor-heading-title elementor-size-default\">Si soy aut\u00f3nomo y trabajo desde casa, \u00bfpuedo deducir el IVA de los suministros (luz, agua, internet)?<\/h4>\t\t\t\t<\/div>\n\t\t\t\t<\/div>\n\t\t\t\t<div class=\"elementor-element elementor-element-6c22edf9 elementor-widget elementor-widget-text-editor\" data-id=\"6c22edf9\" data-element_type=\"widget\" data-widget_type=\"text-editor.default\">\n\t\t\t\t<div class=\"elementor-widget-container\">\n\t\t\t\t\t\t\t\t\t<p>S\u00ed, en general <b>puedes deducir un porcentaje del IVA de los suministros<\/b> de tu vivienda si la utilizas tambi\u00e9n como tu centro de trabajo. La deducci\u00f3n suele limitarse a la parte proporcional de la vivienda afecta a la actividad y, en algunos casos, a un porcentaje fijo del 30% sobre esa proporci\u00f3n, salvo que se demuestre un porcentaje superior. Es fundamental tener un registro claro de estos gastos y su justificaci\u00f3n.<\/p>\t\t\t\t\t\t\t\t<\/div>\n\t\t\t\t<\/div>\n\t\t\t\t\t<\/div>\n\t\t\t\t<\/div>\n\t\t<div class=\"elementor-element elementor-element-848947f e-flex e-con-boxed e-con e-child\" data-id=\"848947f\" data-element_type=\"container\">\n\t\t\t\t\t<div class=\"e-con-inner\">\n\t\t\t\t<div class=\"elementor-element elementor-element-0a51a1d elementor-widget elementor-widget-heading\" data-id=\"0a51a1d\" data-element_type=\"widget\" data-widget_type=\"heading.default\">\n\t\t\t\t<div class=\"elementor-widget-container\">\n\t\t\t\t\t<h4 class=\"elementor-heading-title elementor-size-default\">\u00bfLa venta de mi coche particular est\u00e1 sujeta a IVA, exenta o no sujeta?<\/h4>\t\t\t\t<\/div>\n\t\t\t\t<\/div>\n\t\t\t\t<div class=\"elementor-element elementor-element-d52700b elementor-widget elementor-widget-text-editor\" data-id=\"d52700b\" data-element_type=\"widget\" data-widget_type=\"text-editor.default\">\n\t\t\t\t<div class=\"elementor-widget-container\">\n\t\t\t\t\t\t\t\t\t<p>La venta de tu coche particular, si lo vendes como una persona f\u00edsica y no act\u00faas en calidad de empresario o profesional, es una operaci\u00f3n <b>no sujeta a IVA<\/b>. No debes emitir factura con IVA ni declararlo. Solo estar\u00eda sujeta a IVA si fueras un profesional que se dedica a la compraventa de veh\u00edculos y el coche formara parte de tu stock de actividad. En la mayor\u00eda de los casos de ventas entre particulares, se aplica el Impuesto de Transmisiones Patrimoniales (ITP) en lugar del IVA.<\/p>\t\t\t\t\t\t\t\t<\/div>\n\t\t\t\t<\/div>\n\t\t\t\t\t<\/div>\n\t\t\t\t<\/div>\n\t\t\t\t\t<\/div>\n\t\t\t\t<\/div>\n\t\t<div class=\"elementor-element elementor-element-6ce0de16 e-flex e-con-boxed e-con e-parent\" data-id=\"6ce0de16\" data-element_type=\"container\">\n\t\t\t\t\t<div class=\"e-con-inner\">\n\t\t<div class=\"elementor-element elementor-element-29be6b31 e-con-full e-flex e-con e-child\" data-id=\"29be6b31\" data-element_type=\"container\">\n\t\t\t\t<div class=\"elementor-element elementor-element-55409e5d elementor-widget elementor-widget-spacer\" data-id=\"55409e5d\" data-element_type=\"widget\" data-widget_type=\"spacer.default\">\n\t\t\t\t<div class=\"elementor-widget-container\">\n\t\t\t\t\t\t\t<div class=\"elementor-spacer\">\n\t\t\t<div class=\"elementor-spacer-inner\"><\/div>\n\t\t<\/div>\n\t\t\t\t\t\t<\/div>\n\t\t\t\t<\/div>\n\t\t\t\t<\/div>\n\t\t<div class=\"elementor-element elementor-element-237d3402 e-con-full e-flex e-con e-child\" data-id=\"237d3402\" data-element_type=\"container\">\n\t\t\t\t<div class=\"elementor-element elementor-element-486a4e53 elementor-widget elementor-widget-heading\" data-id=\"486a4e53\" data-element_type=\"widget\" data-widget_type=\"heading.default\">\n\t\t\t\t<div class=\"elementor-widget-container\">\n\t\t\t\t\t<h3 class=\"elementor-heading-title elementor-size-default\">No te pierdas...<\/h3>\t\t\t\t<\/div>\n\t\t\t\t<\/div>\n\t\t\t\t<\/div>\n\t\t<div class=\"elementor-element elementor-element-1f88234e e-con-full e-flex e-con e-child\" data-id=\"1f88234e\" data-element_type=\"container\">\n\t\t\t\t<div class=\"elementor-element elementor-element-6e31b3f3 elementor-widget elementor-widget-katen-post-five\" data-id=\"6e31b3f3\" data-element_type=\"widget\" data-widget_type=\"katen-post-five.default\">\n\t\t\t\t<div class=\"elementor-widget-container\">\n\t\t\t\t\t\t\t<div class=\"padding-30 rounded bordered\">\n\n\t\t\t<div class=\"row infinite-wrapper\">\n\n\t\t\t\n\t\t\t\t<div class=\"col-md-12 col-sm-6 post-list-item post-item\">\n\t\t\t\t\t<!-- post -->\n\t\t\t\t\t<div class=\"post post-list clearfix\">\n\n\t\t\t\t\t\t<div class=\"thumb rounded\"><div class=\"inner\"><a href=\"https:\/\/finanedi.es\/blog\/10-ventajas-de-utilizar-edi-en-tu-negocio\/\"><img fetchpriority=\"high\" decoding=\"async\" width=\"330\" height=\"250\" src=\"https:\/\/finanedi.es\/blog\/contenido\/uploads\/2024\/03\/shubham-dhage-T9rKvI3N0NM-unsplash-330x250.jpg\" class=\"attachment-katen-thumb-list size-katen-thumb-list wp-post-image\" alt=\"10 ventajas de utilizar EDI en tu negocio\" \/><\/a><\/div><\/div>  \n\n\t\t\t\t\t\t<div class=\"details clearfix\">\n\t\t\t\t\t\t\t<ul class=\"meta list-inline mb-3\">\n\t\t\t\t\t\t\t\t<li class=\"list-inline-item\"><a href=\"https:\/\/finanedi.es\/blog\/category\/facturacion\/\">Facturaci\u00f3n<\/a><\/li>\t\t\t\t\t\t\t<\/ul>\n\t\t\t\t\t\t\t<h5 class=\"post-title\"><a href=\"https:\/\/finanedi.es\/blog\/10-ventajas-de-utilizar-edi-en-tu-negocio\/\">10 ventajas de utilizar EDI en tu negocio<\/a><\/h5>\n\t\t\t\t\t\t\t<p class=\"excerpt mb-0\">\n\t\t\t\t\t\t\t\t\u00bfTe has preguntado alguna vez c\u00f3mo podr\u00edas mejorar la eficiencia y la precisi\u00f3n en el&hellip;\t\t\t\t\t\t\t<\/p>\n\t\t\t\t\t\t\t<div class=\"post-bottom clearfix d-flex align-items-center\">\n\t\t\t\t\t\t\t\t\t\t\t\t\t\t\t\t\t\t\t\t\t\t\t<\/div>\n\t\t\t\t\t\t<\/div>\n\t\t\t\t\t<\/div>\n\t\t\t\t<\/div>\n\n\t\t\t\n\t\t\t\t<div class=\"col-md-12 col-sm-6 post-list-item post-item\">\n\t\t\t\t\t<!-- post -->\n\t\t\t\t\t<div class=\"post post-list clearfix\">\n\n\t\t\t\t\t\t<div class=\"thumb rounded\"><div class=\"inner\"><a href=\"https:\/\/finanedi.es\/blog\/facturae-faceb2b-y-dehu-conecta-tu-pyme-con-la-administracion\/\"><img decoding=\"async\" width=\"330\" height=\"250\" src=\"https:\/\/finanedi.es\/blog\/contenido\/uploads\/2025\/10\/Facturae-FACeB2B-y-DEHu-conecta-tu-pyme-con-la-Administracion-330x250.jpg\" class=\"attachment-katen-thumb-list size-katen-thumb-list wp-post-image\" alt=\"Facturae, FACeB2B y DEH\u00fa conecta tu pyme con la Administraci\u00f3n\" \/><\/a><\/div><\/div>  \n\n\t\t\t\t\t\t<div class=\"details clearfix\">\n\t\t\t\t\t\t\t<ul class=\"meta list-inline mb-3\">\n\t\t\t\t\t\t\t\t<li class=\"list-inline-item\"><a href=\"https:\/\/finanedi.es\/blog\/category\/facturacion\/\">Facturaci\u00f3n<\/a><\/li>\t\t\t\t\t\t\t<\/ul>\n\t\t\t\t\t\t\t<h5 class=\"post-title\"><a href=\"https:\/\/finanedi.es\/blog\/facturae-faceb2b-y-dehu-conecta-tu-pyme-con-la-administracion\/\">Facturae, FACeB2B y DEH\u00fa: conecta tu pyme con la Administraci\u00f3n<\/a><\/h5>\n\t\t\t\t\t\t\t<p class=\"excerpt mb-0\">\n\t\t\t\t\t\t\t\tLa digitalizaci\u00f3n de la Administraci\u00f3n P\u00fablica espa\u00f1ola avanza a gran velocidad, y con ella crecen&hellip;\t\t\t\t\t\t\t<\/p>\n\t\t\t\t\t\t\t<div class=\"post-bottom clearfix d-flex align-items-center\">\n\t\t\t\t\t\t\t\t\t\t\t\t\t\t\t\t\t\t\t\t\t\t\t<\/div>\n\t\t\t\t\t\t<\/div>\n\t\t\t\t\t<\/div>\n\t\t\t\t<\/div>\n\n\t\t\t\n\t\t\t\t<div class=\"col-md-12 col-sm-6 post-list-item post-item\">\n\t\t\t\t\t<!-- post -->\n\t\t\t\t\t<div class=\"post post-list clearfix\">\n\n\t\t\t\t\t\t<div class=\"thumb rounded\"><div class=\"inner\"><a href=\"https:\/\/finanedi.es\/blog\/haz-tu-factura-vs-finanedi\/\"><img decoding=\"async\" width=\"330\" height=\"250\" src=\"https:\/\/finanedi.es\/blog\/contenido\/uploads\/2024\/12\/Haz-Tu-Factura-vs-FinanEDI-1-330x250.jpg\" class=\"attachment-katen-thumb-list size-katen-thumb-list wp-post-image\" alt=\"Haz Tu Factura vs FinanEDI\" \/><\/a><\/div><\/div>  \n\n\t\t\t\t\t\t<div class=\"details clearfix\">\n\t\t\t\t\t\t\t<ul class=\"meta list-inline mb-3\">\n\t\t\t\t\t\t\t\t<li class=\"list-inline-item\"><a href=\"https:\/\/finanedi.es\/blog\/category\/facturacion\/\">Facturaci\u00f3n<\/a><\/li>\t\t\t\t\t\t\t<\/ul>\n\t\t\t\t\t\t\t<h5 class=\"post-title\"><a href=\"https:\/\/finanedi.es\/blog\/haz-tu-factura-vs-finanedi\/\">FinanEDI vs. Haz Tu Factura: \u00bfCu\u00e1l es la mejor opci\u00f3n para tu negocio?<\/a><\/h5>\n\t\t\t\t\t\t\t<p class=\"excerpt mb-0\">\n\t\t\t\t\t\t\t\tEn este art\u00edculo, vamos a comparar dos opciones totalmente gratuitas: Haz Tu Factura y FinanEDI,&hellip;\t\t\t\t\t\t\t<\/p>\n\t\t\t\t\t\t\t<div class=\"post-bottom clearfix d-flex align-items-center\">\n\t\t\t\t\t\t\t\t\t\t\t\t\t\t\t\t\t\t\t\t\t\t\t<\/div>\n\t\t\t\t\t\t<\/div>\n\t\t\t\t\t<\/div>\n\t\t\t\t<\/div>\n\n\t\t\t\n\t\t\t\t<div class=\"col-md-12 col-sm-6 post-list-item post-item\">\n\t\t\t\t\t<!-- post -->\n\t\t\t\t\t<div class=\"post post-list clearfix\">\n\n\t\t\t\t\t\t<div class=\"thumb rounded\"><div class=\"inner\"><a href=\"https:\/\/finanedi.es\/blog\/si-usas-excel-o-word-para-facturar-eso-se-acabo-top-programas-de-facturacion\/\"><img loading=\"lazy\" decoding=\"async\" width=\"330\" height=\"250\" src=\"https:\/\/finanedi.es\/blog\/contenido\/uploads\/2025\/09\/Si-usas-Excel-o-Word-para-facturar-eso-se-acabo-Top-programas-de-facturacion-330x250.jpg\" class=\"attachment-katen-thumb-list size-katen-thumb-list wp-post-image\" alt=\"Top programas de facturaci\u00f3n| Si usas Excel o Word para facturar, eso se acab\u00f3\" \/><\/a><\/div><\/div>  \n\n\t\t\t\t\t\t<div class=\"details clearfix\">\n\t\t\t\t\t\t\t<ul class=\"meta list-inline mb-3\">\n\t\t\t\t\t\t\t\t<li class=\"list-inline-item\"><a href=\"https:\/\/finanedi.es\/blog\/category\/facturacion\/\">Facturaci\u00f3n<\/a><\/li>\t\t\t\t\t\t\t<\/ul>\n\t\t\t\t\t\t\t<h5 class=\"post-title\"><a href=\"https:\/\/finanedi.es\/blog\/si-usas-excel-o-word-para-facturar-eso-se-acabo-top-programas-de-facturacion\/\">Si usas Excel o Word para facturar, eso se acab\u00f3 &#8211; Top programas de facturaci\u00f3n<\/a><\/h5>\n\t\t\t\t\t\t\t<p class=\"excerpt mb-0\">\n\t\t\t\t\t\t\t\tLa factura electr\u00f3nica obligatoria ya es una realidad en Espa\u00f1a. Si hasta ahora te defend\u00edas&hellip;\t\t\t\t\t\t\t<\/p>\n\t\t\t\t\t\t\t<div class=\"post-bottom clearfix d-flex align-items-center\">\n\t\t\t\t\t\t\t\t\t\t\t\t\t\t\t\t\t\t\t\t\t\t\t<\/div>\n\t\t\t\t\t\t<\/div>\n\t\t\t\t\t<\/div>\n\t\t\t\t<\/div>\n\n\t\t\t\n\t\t\t<\/div>\n\n\t\t<\/div>\n\t\t\n        \t\t\t\t<\/div>\n\t\t\t\t<\/div>\n\t\t\t\t<\/div>\n\t\t\t\t\t<\/div>\n\t\t\t\t<\/div>\n\t\t\t\t<\/div>\n\t\t","protected":false},"excerpt":{"rendered":"<p>Comprender las complejidades del Impuesto sobre el Valor A\u00f1adido (IVA) es fundamental para cualquier empresa o aut\u00f3nomo. Dentro de esta normativa, existen tres conceptos que a menudo generan confusi\u00f3n: IVA no sujeto, IVA exento e IVA deducible. Aunque los tres implican que no se repercute IVA, sus motivos y efectos son diferentes. Vamos a desglosarlos para que no queden dudas.<\/p>\n","protected":false},"author":3,"featured_media":11279,"comment_status":"closed","ping_status":"open","sticky":false,"template":"","format":"standard","meta":{"_monsterinsights_skip_tracking":false,"_monsterinsights_sitenote_active":false,"_monsterinsights_sitenote_note":"","_monsterinsights_sitenote_category":0,"footnotes":""},"categories":[4],"tags":[],"class_list":["post-11275","post","type-post","status-publish","format-standard","has-post-thumbnail","hentry","category-facturacion"],"yoast_head":"<!-- This site is optimized with the Yoast SEO plugin v26.2 - https:\/\/yoast.com\/wordpress\/plugins\/seo\/ -->\n<title>Diferencia entre IVA no sujeto, exento y deducci\u00f3n fiscal<\/title>\n<meta name=\"description\" content=\"Aprende la diferencia clave entre IVA no sujeto, exento y deducible. \u00a1Simplifica tu gesti\u00f3n fiscal y evita errores con esta gu\u00eda esencial!\" \/>\n<meta name=\"robots\" content=\"index, follow, max-snippet:-1, max-image-preview:large, max-video-preview:-1\" \/>\n<link rel=\"canonical\" href=\"https:\/\/finanedi.es\/blog\/diferencia-entre-iva-no-sujeto-exento-y-deduccion-fiscal\/\" \/>\n<meta property=\"og:locale\" content=\"es_ES\" \/>\n<meta property=\"og:type\" content=\"article\" \/>\n<meta property=\"og:title\" content=\"Diferencia entre IVA no sujeto, exento y deducci\u00f3n fiscal\" \/>\n<meta property=\"og:description\" content=\"Aprende la diferencia clave entre IVA no sujeto, exento y deducible. \u00a1Simplifica tu gesti\u00f3n fiscal y evita errores con esta gu\u00eda esencial!\" \/>\n<meta property=\"og:url\" content=\"https:\/\/finanedi.es\/blog\/diferencia-entre-iva-no-sujeto-exento-y-deduccion-fiscal\/\" \/>\n<meta property=\"og:site_name\" content=\"Blog para pymes y aut\u00f3nomos - FinanEDI\" \/>\n<meta property=\"article:published_time\" content=\"2025-06-30T07:15:19+00:00\" \/>\n<meta property=\"article:modified_time\" content=\"2025-06-30T07:39:10+00:00\" \/>\n<meta property=\"og:image\" content=\"https:\/\/finanedi.es\/blog\/contenido\/uploads\/2025\/06\/Diferencia-entre-IVA-no-sujeto-exento-y-deduccion-fiscal.jpg\" \/>\n\t<meta property=\"og:image:width\" content=\"2000\" \/>\n\t<meta property=\"og:image:height\" content=\"1500\" \/>\n\t<meta property=\"og:image:type\" content=\"image\/jpeg\" \/>\n<meta name=\"author\" content=\"restevez\" \/>\n<meta name=\"twitter:card\" content=\"summary_large_image\" \/>\n<meta name=\"twitter:label1\" content=\"Escrito por\" \/>\n\t<meta name=\"twitter:data1\" content=\"restevez\" \/>\n\t<meta name=\"twitter:label2\" content=\"Tiempo de lectura\" \/>\n\t<meta name=\"twitter:data2\" content=\"8 minutos\" \/>\n<script type=\"application\/ld+json\" class=\"yoast-schema-graph\">{\"@context\":\"https:\/\/schema.org\",\"@graph\":[{\"@type\":\"Article\",\"@id\":\"https:\/\/finanedi.es\/blog\/diferencia-entre-iva-no-sujeto-exento-y-deduccion-fiscal\/#article\",\"isPartOf\":{\"@id\":\"https:\/\/finanedi.es\/blog\/diferencia-entre-iva-no-sujeto-exento-y-deduccion-fiscal\/\"},\"author\":{\"name\":\"restevez\",\"@id\":\"https:\/\/finanedi.es\/blog\/#\/schema\/person\/233ed58195d34f36f74f13ba1030ebd8\"},\"headline\":\"Diferencia entre IVA no sujeto, exento y deducci\u00f3n fiscal\",\"datePublished\":\"2025-06-30T07:15:19+00:00\",\"dateModified\":\"2025-06-30T07:39:10+00:00\",\"mainEntityOfPage\":{\"@id\":\"https:\/\/finanedi.es\/blog\/diferencia-entre-iva-no-sujeto-exento-y-deduccion-fiscal\/\"},\"wordCount\":1467,\"publisher\":{\"@id\":\"https:\/\/finanedi.es\/blog\/#organization\"},\"image\":{\"@id\":\"https:\/\/finanedi.es\/blog\/diferencia-entre-iva-no-sujeto-exento-y-deduccion-fiscal\/#primaryimage\"},\"thumbnailUrl\":\"https:\/\/finanedi.es\/blog\/contenido\/uploads\/2025\/06\/Diferencia-entre-IVA-no-sujeto-exento-y-deduccion-fiscal.jpg\",\"articleSection\":[\"Facturaci\u00f3n\"],\"inLanguage\":\"es\"},{\"@type\":\"WebPage\",\"@id\":\"https:\/\/finanedi.es\/blog\/diferencia-entre-iva-no-sujeto-exento-y-deduccion-fiscal\/\",\"url\":\"https:\/\/finanedi.es\/blog\/diferencia-entre-iva-no-sujeto-exento-y-deduccion-fiscal\/\",\"name\":\"Diferencia entre IVA no sujeto, exento y deducci\u00f3n fiscal\",\"isPartOf\":{\"@id\":\"https:\/\/finanedi.es\/blog\/#website\"},\"primaryImageOfPage\":{\"@id\":\"https:\/\/finanedi.es\/blog\/diferencia-entre-iva-no-sujeto-exento-y-deduccion-fiscal\/#primaryimage\"},\"image\":{\"@id\":\"https:\/\/finanedi.es\/blog\/diferencia-entre-iva-no-sujeto-exento-y-deduccion-fiscal\/#primaryimage\"},\"thumbnailUrl\":\"https:\/\/finanedi.es\/blog\/contenido\/uploads\/2025\/06\/Diferencia-entre-IVA-no-sujeto-exento-y-deduccion-fiscal.jpg\",\"datePublished\":\"2025-06-30T07:15:19+00:00\",\"dateModified\":\"2025-06-30T07:39:10+00:00\",\"description\":\"Aprende la diferencia clave entre IVA no sujeto, exento y deducible. \u00a1Simplifica tu gesti\u00f3n fiscal y evita errores con esta gu\u00eda esencial!\",\"breadcrumb\":{\"@id\":\"https:\/\/finanedi.es\/blog\/diferencia-entre-iva-no-sujeto-exento-y-deduccion-fiscal\/#breadcrumb\"},\"inLanguage\":\"es\",\"potentialAction\":[{\"@type\":\"ReadAction\",\"target\":[\"https:\/\/finanedi.es\/blog\/diferencia-entre-iva-no-sujeto-exento-y-deduccion-fiscal\/\"]}]},{\"@type\":\"ImageObject\",\"inLanguage\":\"es\",\"@id\":\"https:\/\/finanedi.es\/blog\/diferencia-entre-iva-no-sujeto-exento-y-deduccion-fiscal\/#primaryimage\",\"url\":\"https:\/\/finanedi.es\/blog\/contenido\/uploads\/2025\/06\/Diferencia-entre-IVA-no-sujeto-exento-y-deduccion-fiscal.jpg\",\"contentUrl\":\"https:\/\/finanedi.es\/blog\/contenido\/uploads\/2025\/06\/Diferencia-entre-IVA-no-sujeto-exento-y-deduccion-fiscal.jpg\",\"width\":2000,\"height\":1500,\"caption\":\"Diferencia entre IVA no sujeto, exento y deducci\u00f3n fiscal\"},{\"@type\":\"BreadcrumbList\",\"@id\":\"https:\/\/finanedi.es\/blog\/diferencia-entre-iva-no-sujeto-exento-y-deduccion-fiscal\/#breadcrumb\",\"itemListElement\":[{\"@type\":\"ListItem\",\"position\":1,\"name\":\"Home\",\"item\":\"https:\/\/finanedi.es\/blog\/\"},{\"@type\":\"ListItem\",\"position\":2,\"name\":\"Diferencia entre IVA no sujeto, exento y deducci\u00f3n fiscal\"}]},{\"@type\":\"WebSite\",\"@id\":\"https:\/\/finanedi.es\/blog\/#website\",\"url\":\"https:\/\/finanedi.es\/blog\/\",\"name\":\"Blog para pymes y aut\u00f3nomos - FinanEDI\",\"description\":\"Blog para aut\u00f3nomos y PYMES, sobre temas como facturaci\u00f3n, contabilidad, tecnolog\u00eda.\",\"publisher\":{\"@id\":\"https:\/\/finanedi.es\/blog\/#organization\"},\"potentialAction\":[{\"@type\":\"SearchAction\",\"target\":{\"@type\":\"EntryPoint\",\"urlTemplate\":\"https:\/\/finanedi.es\/blog\/?s={search_term_string}\"},\"query-input\":{\"@type\":\"PropertyValueSpecification\",\"valueRequired\":true,\"valueName\":\"search_term_string\"}}],\"inLanguage\":\"es\"},{\"@type\":\"Organization\",\"@id\":\"https:\/\/finanedi.es\/blog\/#organization\",\"name\":\"Blog para pymes y aut\u00f3nomos - FinanEDI\",\"url\":\"https:\/\/finanedi.es\/blog\/\",\"logo\":{\"@type\":\"ImageObject\",\"inLanguage\":\"es\",\"@id\":\"https:\/\/finanedi.es\/blog\/#\/schema\/logo\/image\/\",\"url\":\"https:\/\/finanedi.es\/blog\/contenido\/uploads\/2024\/02\/FinanEdiAzul1.svg\",\"contentUrl\":\"https:\/\/finanedi.es\/blog\/contenido\/uploads\/2024\/02\/FinanEdiAzul1.svg\",\"width\":142,\"height\":36,\"caption\":\"Blog para pymes y aut\u00f3nomos - FinanEDI\"},\"image\":{\"@id\":\"https:\/\/finanedi.es\/blog\/#\/schema\/logo\/image\/\"}},{\"@type\":\"Person\",\"@id\":\"https:\/\/finanedi.es\/blog\/#\/schema\/person\/233ed58195d34f36f74f13ba1030ebd8\",\"name\":\"restevez\",\"image\":{\"@type\":\"ImageObject\",\"inLanguage\":\"es\",\"@id\":\"https:\/\/finanedi.es\/blog\/#\/schema\/person\/image\/\",\"url\":\"https:\/\/secure.gravatar.com\/avatar\/6c4880db9746e4aa887a98e0ebf657788804dc4280120ef10331a2e6ebb4a9a0?s=96&d=mm&r=g\",\"contentUrl\":\"https:\/\/secure.gravatar.com\/avatar\/6c4880db9746e4aa887a98e0ebf657788804dc4280120ef10331a2e6ebb4a9a0?s=96&d=mm&r=g\",\"caption\":\"restevez\"},\"url\":\"https:\/\/finanedi.es\/blog\/author\/restevez\/\"}]}<\/script>\n<!-- \/ Yoast SEO plugin. -->","yoast_head_json":{"title":"Diferencia entre IVA no sujeto, exento y deducci\u00f3n fiscal","description":"Aprende la diferencia clave entre IVA no sujeto, exento y deducible. \u00a1Simplifica tu gesti\u00f3n fiscal y evita errores con esta gu\u00eda esencial!","robots":{"index":"index","follow":"follow","max-snippet":"max-snippet:-1","max-image-preview":"max-image-preview:large","max-video-preview":"max-video-preview:-1"},"canonical":"https:\/\/finanedi.es\/blog\/diferencia-entre-iva-no-sujeto-exento-y-deduccion-fiscal\/","og_locale":"es_ES","og_type":"article","og_title":"Diferencia entre IVA no sujeto, exento y deducci\u00f3n fiscal","og_description":"Aprende la diferencia clave entre IVA no sujeto, exento y deducible. \u00a1Simplifica tu gesti\u00f3n fiscal y evita errores con esta gu\u00eda esencial!","og_url":"https:\/\/finanedi.es\/blog\/diferencia-entre-iva-no-sujeto-exento-y-deduccion-fiscal\/","og_site_name":"Blog para pymes y aut\u00f3nomos - FinanEDI","article_published_time":"2025-06-30T07:15:19+00:00","article_modified_time":"2025-06-30T07:39:10+00:00","og_image":[{"width":2000,"height":1500,"url":"https:\/\/finanedi.es\/blog\/contenido\/uploads\/2025\/06\/Diferencia-entre-IVA-no-sujeto-exento-y-deduccion-fiscal.jpg","type":"image\/jpeg"}],"author":"restevez","twitter_card":"summary_large_image","twitter_misc":{"Escrito por":"restevez","Tiempo de lectura":"8 minutos"},"schema":{"@context":"https:\/\/schema.org","@graph":[{"@type":"Article","@id":"https:\/\/finanedi.es\/blog\/diferencia-entre-iva-no-sujeto-exento-y-deduccion-fiscal\/#article","isPartOf":{"@id":"https:\/\/finanedi.es\/blog\/diferencia-entre-iva-no-sujeto-exento-y-deduccion-fiscal\/"},"author":{"name":"restevez","@id":"https:\/\/finanedi.es\/blog\/#\/schema\/person\/233ed58195d34f36f74f13ba1030ebd8"},"headline":"Diferencia entre IVA no sujeto, exento y deducci\u00f3n fiscal","datePublished":"2025-06-30T07:15:19+00:00","dateModified":"2025-06-30T07:39:10+00:00","mainEntityOfPage":{"@id":"https:\/\/finanedi.es\/blog\/diferencia-entre-iva-no-sujeto-exento-y-deduccion-fiscal\/"},"wordCount":1467,"publisher":{"@id":"https:\/\/finanedi.es\/blog\/#organization"},"image":{"@id":"https:\/\/finanedi.es\/blog\/diferencia-entre-iva-no-sujeto-exento-y-deduccion-fiscal\/#primaryimage"},"thumbnailUrl":"https:\/\/finanedi.es\/blog\/contenido\/uploads\/2025\/06\/Diferencia-entre-IVA-no-sujeto-exento-y-deduccion-fiscal.jpg","articleSection":["Facturaci\u00f3n"],"inLanguage":"es"},{"@type":"WebPage","@id":"https:\/\/finanedi.es\/blog\/diferencia-entre-iva-no-sujeto-exento-y-deduccion-fiscal\/","url":"https:\/\/finanedi.es\/blog\/diferencia-entre-iva-no-sujeto-exento-y-deduccion-fiscal\/","name":"Diferencia entre IVA no sujeto, exento y deducci\u00f3n fiscal","isPartOf":{"@id":"https:\/\/finanedi.es\/blog\/#website"},"primaryImageOfPage":{"@id":"https:\/\/finanedi.es\/blog\/diferencia-entre-iva-no-sujeto-exento-y-deduccion-fiscal\/#primaryimage"},"image":{"@id":"https:\/\/finanedi.es\/blog\/diferencia-entre-iva-no-sujeto-exento-y-deduccion-fiscal\/#primaryimage"},"thumbnailUrl":"https:\/\/finanedi.es\/blog\/contenido\/uploads\/2025\/06\/Diferencia-entre-IVA-no-sujeto-exento-y-deduccion-fiscal.jpg","datePublished":"2025-06-30T07:15:19+00:00","dateModified":"2025-06-30T07:39:10+00:00","description":"Aprende la diferencia clave entre IVA no sujeto, exento y deducible. \u00a1Simplifica tu gesti\u00f3n fiscal y evita errores con esta gu\u00eda esencial!","breadcrumb":{"@id":"https:\/\/finanedi.es\/blog\/diferencia-entre-iva-no-sujeto-exento-y-deduccion-fiscal\/#breadcrumb"},"inLanguage":"es","potentialAction":[{"@type":"ReadAction","target":["https:\/\/finanedi.es\/blog\/diferencia-entre-iva-no-sujeto-exento-y-deduccion-fiscal\/"]}]},{"@type":"ImageObject","inLanguage":"es","@id":"https:\/\/finanedi.es\/blog\/diferencia-entre-iva-no-sujeto-exento-y-deduccion-fiscal\/#primaryimage","url":"https:\/\/finanedi.es\/blog\/contenido\/uploads\/2025\/06\/Diferencia-entre-IVA-no-sujeto-exento-y-deduccion-fiscal.jpg","contentUrl":"https:\/\/finanedi.es\/blog\/contenido\/uploads\/2025\/06\/Diferencia-entre-IVA-no-sujeto-exento-y-deduccion-fiscal.jpg","width":2000,"height":1500,"caption":"Diferencia entre IVA no sujeto, exento y deducci\u00f3n fiscal"},{"@type":"BreadcrumbList","@id":"https:\/\/finanedi.es\/blog\/diferencia-entre-iva-no-sujeto-exento-y-deduccion-fiscal\/#breadcrumb","itemListElement":[{"@type":"ListItem","position":1,"name":"Home","item":"https:\/\/finanedi.es\/blog\/"},{"@type":"ListItem","position":2,"name":"Diferencia entre IVA no sujeto, exento y deducci\u00f3n fiscal"}]},{"@type":"WebSite","@id":"https:\/\/finanedi.es\/blog\/#website","url":"https:\/\/finanedi.es\/blog\/","name":"Blog para pymes y aut\u00f3nomos - FinanEDI","description":"Blog para aut\u00f3nomos y PYMES, sobre temas como facturaci\u00f3n, contabilidad, tecnolog\u00eda.","publisher":{"@id":"https:\/\/finanedi.es\/blog\/#organization"},"potentialAction":[{"@type":"SearchAction","target":{"@type":"EntryPoint","urlTemplate":"https:\/\/finanedi.es\/blog\/?s={search_term_string}"},"query-input":{"@type":"PropertyValueSpecification","valueRequired":true,"valueName":"search_term_string"}}],"inLanguage":"es"},{"@type":"Organization","@id":"https:\/\/finanedi.es\/blog\/#organization","name":"Blog para pymes y aut\u00f3nomos - FinanEDI","url":"https:\/\/finanedi.es\/blog\/","logo":{"@type":"ImageObject","inLanguage":"es","@id":"https:\/\/finanedi.es\/blog\/#\/schema\/logo\/image\/","url":"https:\/\/finanedi.es\/blog\/contenido\/uploads\/2024\/02\/FinanEdiAzul1.svg","contentUrl":"https:\/\/finanedi.es\/blog\/contenido\/uploads\/2024\/02\/FinanEdiAzul1.svg","width":142,"height":36,"caption":"Blog para pymes y aut\u00f3nomos - FinanEDI"},"image":{"@id":"https:\/\/finanedi.es\/blog\/#\/schema\/logo\/image\/"}},{"@type":"Person","@id":"https:\/\/finanedi.es\/blog\/#\/schema\/person\/233ed58195d34f36f74f13ba1030ebd8","name":"restevez","image":{"@type":"ImageObject","inLanguage":"es","@id":"https:\/\/finanedi.es\/blog\/#\/schema\/person\/image\/","url":"https:\/\/secure.gravatar.com\/avatar\/6c4880db9746e4aa887a98e0ebf657788804dc4280120ef10331a2e6ebb4a9a0?s=96&d=mm&r=g","contentUrl":"https:\/\/secure.gravatar.com\/avatar\/6c4880db9746e4aa887a98e0ebf657788804dc4280120ef10331a2e6ebb4a9a0?s=96&d=mm&r=g","caption":"restevez"},"url":"https:\/\/finanedi.es\/blog\/author\/restevez\/"}]}},"_links":{"self":[{"href":"https:\/\/finanedi.es\/blog\/wp-json\/wp\/v2\/posts\/11275","targetHints":{"allow":["GET"]}}],"collection":[{"href":"https:\/\/finanedi.es\/blog\/wp-json\/wp\/v2\/posts"}],"about":[{"href":"https:\/\/finanedi.es\/blog\/wp-json\/wp\/v2\/types\/post"}],"author":[{"embeddable":true,"href":"https:\/\/finanedi.es\/blog\/wp-json\/wp\/v2\/users\/3"}],"replies":[{"embeddable":true,"href":"https:\/\/finanedi.es\/blog\/wp-json\/wp\/v2\/comments?post=11275"}],"version-history":[{"count":6,"href":"https:\/\/finanedi.es\/blog\/wp-json\/wp\/v2\/posts\/11275\/revisions"}],"predecessor-version":[{"id":11282,"href":"https:\/\/finanedi.es\/blog\/wp-json\/wp\/v2\/posts\/11275\/revisions\/11282"}],"wp:featuredmedia":[{"embeddable":true,"href":"https:\/\/finanedi.es\/blog\/wp-json\/wp\/v2\/media\/11279"}],"wp:attachment":[{"href":"https:\/\/finanedi.es\/blog\/wp-json\/wp\/v2\/media?parent=11275"}],"wp:term":[{"taxonomy":"category","embeddable":true,"href":"https:\/\/finanedi.es\/blog\/wp-json\/wp\/v2\/categories?post=11275"},{"taxonomy":"post_tag","embeddable":true,"href":"https:\/\/finanedi.es\/blog\/wp-json\/wp\/v2\/tags?post=11275"}],"curies":[{"name":"wp","href":"https:\/\/api.w.org\/{rel}","templated":true}]}}