{"id":11359,"date":"2025-07-09T13:23:47","date_gmt":"2025-07-09T11:23:47","guid":{"rendered":"https:\/\/finanedi.es\/blog\/?p=11359"},"modified":"2025-07-09T13:29:24","modified_gmt":"2025-07-09T11:29:24","slug":"como-adaptar-tu-facturacion-a-la-nueva-oleada-de-controles-de-hacienda","status":"publish","type":"post","link":"https:\/\/finanedi.es\/blog\/como-adaptar-tu-facturacion-a-la-nueva-oleada-de-controles-de-hacienda\/","title":{"rendered":"C\u00f3mo adaptar tu facturaci\u00f3n a la nueva oleada de controles de Hacienda en 2025"},"content":{"rendered":"\t\t<div data-elementor-type=\"wp-post\" data-elementor-id=\"11359\" class=\"elementor elementor-11359\">\n\t\t\t\t<div class=\"elementor-element elementor-element-c312cfc e-flex e-con-boxed e-con e-parent\" data-id=\"c312cfc\" data-element_type=\"container\">\n\t\t\t\t\t<div class=\"e-con-inner\">\n\t\t\t\t<div class=\"elementor-element elementor-element-7f9bf2c elementor-widget elementor-widget-text-editor\" data-id=\"7f9bf2c\" data-element_type=\"widget\" data-widget_type=\"text-editor.default\">\n\t\t\t\t<div class=\"elementor-widget-container\">\n\t\t\t\t\t\t\t\t\t<p data-start=\"175\" data-end=\"527\">En los \u00faltimos meses, la Agencia Tributaria ha intensificado el control sobre las operaciones de facturaci\u00f3n de aut\u00f3nomos y pymes. El avance de la digitalizaci\u00f3n, la implantaci\u00f3n progresiva del sistema<a href=\"https:\/\/finanedi.es\/blog\/verifactu-el-nuevo-horizonte-de-la-facturacion-para-pymes-y-autonomos\/\" target=\"_blank\" rel=\"noopener\"> <strong data-start=\"377\" data-end=\"390\">VeriFactu<\/strong> <\/a>y el cruce autom\u00e1tico de datos est\u00e1n marcando una nueva etapa en la relaci\u00f3n entre empresas y Hacienda. \u00bfEst\u00e1s preparado para adaptarte?<\/p><p data-start=\"529\" data-end=\"676\">En este art\u00edculo te explicamos los cambios m\u00e1s relevantes, c\u00f3mo afectan a tu negocio y qu\u00e9 pasos debes seguir para estar al d\u00eda y evitar sanciones.<\/p>\t\t\t\t\t\t\t\t<\/div>\n\t\t\t\t<\/div>\n\t\t\t\t\t<\/div>\n\t\t\t\t<\/div>\n\t\t<div class=\"elementor-element elementor-element-7355352 e-flex e-con-boxed e-con e-parent\" data-id=\"7355352\" data-element_type=\"container\">\n\t\t\t\t\t<div class=\"e-con-inner\">\n\t\t\t\t<div class=\"elementor-element elementor-element-54bfca9 elementor-widget elementor-widget-heading\" data-id=\"54bfca9\" data-element_type=\"widget\" data-widget_type=\"heading.default\">\n\t\t\t\t<div class=\"elementor-widget-container\">\n\t\t\t\t\t<h2 class=\"elementor-heading-title elementor-size-default\">\u00bfQu\u00e9 est\u00e1 ocurriendo con los controles de Hacienda en 2025?<\/h2>\t\t\t\t<\/div>\n\t\t\t\t<\/div>\n\t\t\t\t\t<\/div>\n\t\t\t\t<\/div>\n\t\t<div class=\"elementor-element elementor-element-61a8554 e-flex e-con-boxed e-con e-parent\" data-id=\"61a8554\" data-element_type=\"container\">\n\t\t\t\t\t<div class=\"e-con-inner\">\n\t\t\t\t<div class=\"elementor-element elementor-element-5e5897f elementor-widget elementor-widget-text-editor\" data-id=\"5e5897f\" data-element_type=\"widget\" data-widget_type=\"text-editor.default\">\n\t\t\t\t<div class=\"elementor-widget-container\">\n\t\t\t\t\t\t\t\t\t<p data-start=\"747\" data-end=\"985\">Desde principios de a\u00f1o, Hacienda ha reforzado sus herramientas para combatir el fraude fiscal. Ya no se limita a inspecciones aleatorias o revisiones manuales: ahora cruza grandes vol\u00famenes de datos de manera automatizada en tiempo real.<\/p><p data-start=\"987\" data-end=\"1024\">Entre los cambios m\u00e1s significativos:<\/p>\t\t\t\t\t\t\t\t<\/div>\n\t\t\t\t<\/div>\n\t\t\t\t\t<\/div>\n\t\t\t\t<\/div>\n\t\t<div class=\"elementor-element elementor-element-60aba7f e-flex e-con-boxed e-con e-parent\" data-id=\"60aba7f\" data-element_type=\"container\">\n\t\t\t\t\t<div class=\"e-con-inner\">\n\t\t\t\t<div class=\"elementor-element elementor-element-854feba elementor-widget elementor-widget-text-editor\" data-id=\"854feba\" data-element_type=\"widget\" data-widget_type=\"text-editor.default\">\n\t\t\t\t<div class=\"elementor-widget-container\">\n\t\t\t\t\t\t\t\t\t<ul><li data-start=\"1026\" data-end=\"1192\"><p data-start=\"1028\" data-end=\"1192\"><strong data-start=\"1028\" data-end=\"1061\">M\u00e1s inspecciones electr\u00f3nicas<\/strong>: a trav\u00e9s del an\u00e1lisis de las facturas emitidas con software no autorizado o que presentan incongruencias con otras declaraciones.<\/p><\/li><li data-start=\"1193\" data-end=\"1363\"><p data-start=\"1195\" data-end=\"1363\"><strong data-start=\"1195\" data-end=\"1232\">Uso intensivo del big data fiscal<\/strong>: se comparan ingresos, gastos, declaraciones de IVA, retenciones, movimientos bancarios y declaraciones de clientes y proveedores.<\/p><\/li><li data-start=\"1364\" data-end=\"1502\"><p data-start=\"1366\" data-end=\"1502\"><strong data-start=\"1366\" data-end=\"1431\">Mayor presi\u00f3n sobre sectores con riesgo de econom\u00eda sumergida<\/strong>: hosteler\u00eda, reformas, comercios minoristas y servicios profesionales.<\/p><\/li><\/ul>\t\t\t\t\t\t\t\t<\/div>\n\t\t\t\t<\/div>\n\t\t\t\t\t<\/div>\n\t\t\t\t<\/div>\n\t\t<div class=\"elementor-element elementor-element-3775ff5 e-flex e-con-boxed e-con e-parent\" data-id=\"3775ff5\" data-element_type=\"container\">\n\t\t\t\t\t<div class=\"e-con-inner\">\n\t\t\t\t<div class=\"elementor-element elementor-element-6fc90a1 elementor-widget elementor-widget-spacer\" data-id=\"6fc90a1\" data-element_type=\"widget\" data-widget_type=\"spacer.default\">\n\t\t\t\t<div class=\"elementor-widget-container\">\n\t\t\t\t\t\t\t<div class=\"elementor-spacer\">\n\t\t\t<div class=\"elementor-spacer-inner\"><\/div>\n\t\t<\/div>\n\t\t\t\t\t\t<\/div>\n\t\t\t\t<\/div>\n\t\t\t\t\t<\/div>\n\t\t\t\t<\/div>\n\t\t<div class=\"elementor-element elementor-element-b758bc0 e-flex e-con-boxed e-con e-parent\" data-id=\"b758bc0\" data-element_type=\"container\">\n\t\t\t\t\t<div class=\"e-con-inner\">\n\t\t\t\t<div class=\"elementor-element elementor-element-37fba12 elementor-widget elementor-widget-heading\" data-id=\"37fba12\" data-element_type=\"widget\" data-widget_type=\"heading.default\">\n\t\t\t\t<div class=\"elementor-widget-container\">\n\t\t\t\t\t<h2 class=\"elementor-heading-title elementor-size-default\">VeriFactu: el eje central de esta nueva etapa<\/h2>\t\t\t\t<\/div>\n\t\t\t\t<\/div>\n\t\t\t\t\t<\/div>\n\t\t\t\t<\/div>\n\t\t<div class=\"elementor-element elementor-element-65155d3 e-flex e-con-boxed e-con e-parent\" data-id=\"65155d3\" data-element_type=\"container\">\n\t\t\t\t\t<div class=\"e-con-inner\">\n\t\t\t\t<div class=\"elementor-element elementor-element-f59ef0e elementor-widget elementor-widget-text-editor\" data-id=\"f59ef0e\" data-element_type=\"widget\" data-widget_type=\"text-editor.default\">\n\t\t\t\t<div class=\"elementor-widget-container\">\n\t\t\t\t\t\t\t\t\t<p>VeriFactu es el sistema que permite a Hacienda recibir las facturas de forma autom\u00e1tica y directa desde el software de facturaci\u00f3n del contribuyente. No es obligatorio para todos a\u00fan, pero est\u00e1 en <strong data-start=\"1756\" data-end=\"1793\">fase de implementaci\u00f3n progresiva<\/strong>, y se espera que en 2025 se acelere su extensi\u00f3n.<\/p>\t\t\t\t\t\t\t\t<\/div>\n\t\t\t\t<\/div>\n\t\t\t\t\t<\/div>\n\t\t\t\t<\/div>\n\t\t<div class=\"elementor-element elementor-element-4d0fb2b e-flex e-con-boxed e-con e-parent\" data-id=\"4d0fb2b\" data-element_type=\"container\">\n\t\t\t\t\t<div class=\"e-con-inner\">\n\t\t\t\t<div class=\"elementor-element elementor-element-48a2301 elementor-widget elementor-widget-heading\" data-id=\"48a2301\" data-element_type=\"widget\" data-widget_type=\"heading.default\">\n\t\t\t\t<div class=\"elementor-widget-container\">\n\t\t\t\t\t<h3 class=\"elementor-heading-title elementor-size-default\">\u00bfQu\u00e9 implica VeriFactu para tu negocio?<\/h3>\t\t\t\t<\/div>\n\t\t\t\t<\/div>\n\t\t\t\t\t<\/div>\n\t\t\t\t<\/div>\n\t\t<div class=\"elementor-element elementor-element-d03f04f e-flex e-con-boxed e-con e-parent\" data-id=\"d03f04f\" data-element_type=\"container\">\n\t\t\t\t\t<div class=\"e-con-inner\">\n\t\t\t\t<div class=\"elementor-element elementor-element-f410769 elementor-widget elementor-widget-text-editor\" data-id=\"f410769\" data-element_type=\"widget\" data-widget_type=\"text-editor.default\">\n\t\t\t\t<div class=\"elementor-widget-container\">\n\t\t\t\t\t\t\t\t\t<ul><li data-start=\"1890\" data-end=\"1971\"><p data-start=\"1892\" data-end=\"1971\">El software debe cumplir los requisitos t\u00e9cnicos establecidos (Ley Antifraude).<\/p><\/li><li data-start=\"1972\" data-end=\"2061\"><p data-start=\"1974\" data-end=\"2061\">Si eliges el env\u00edo autom\u00e1tico de facturas, estas se comunican en tiempo real a la AEAT.<\/p><\/li><li data-start=\"2062\" data-end=\"2125\"><p data-start=\"2064\" data-end=\"2125\">Se impide la modificaci\u00f3n o borrado de facturas ya generadas.<\/p><\/li><li data-start=\"2126\" data-end=\"2235\"><p data-start=\"2128\" data-end=\"2235\">Hacienda puede detectar al instante irregularidades como facturas duplicadas, manipuladas o fuera de plazo.<\/p><\/li><\/ul>\t\t\t\t\t\t\t\t<\/div>\n\t\t\t\t<\/div>\n\t\t\t\t\t<\/div>\n\t\t\t\t<\/div>\n\t\t<div class=\"elementor-element elementor-element-7b3a9197 e-flex e-con-boxed e-con e-parent\" data-id=\"7b3a9197\" data-element_type=\"container\">\n\t\t\t\t\t<div class=\"e-con-inner\">\n\t\t\t\t<div class=\"elementor-element elementor-element-cb2171 elementor-widget elementor-widget-text-editor\" data-id=\"cb2171\" data-element_type=\"widget\" data-widget_type=\"text-editor.default\">\n\t\t\t\t<div class=\"elementor-widget-container\">\n\t\t\t\t\t\t\t\t\t<p><strong>\ud83d\udccc\u00a0 Muchos aut\u00f3nomos todav\u00eda no son conscientes de que seguir usando hojas de Excel o programas no certificados puede suponer un riesgo fiscal importante.<\/strong><\/p>\t\t\t\t\t\t\t\t<\/div>\n\t\t\t\t<\/div>\n\t\t\t\t\t<\/div>\n\t\t\t\t<\/div>\n\t\t<div class=\"elementor-element elementor-element-856a006 e-flex e-con-boxed e-con e-parent\" data-id=\"856a006\" data-element_type=\"container\">\n\t\t\t\t\t<div class=\"e-con-inner\">\n\t\t\t\t<div class=\"elementor-element elementor-element-30d4c78 elementor-widget elementor-widget-spacer\" data-id=\"30d4c78\" data-element_type=\"widget\" data-widget_type=\"spacer.default\">\n\t\t\t\t<div class=\"elementor-widget-container\">\n\t\t\t\t\t\t\t<div class=\"elementor-spacer\">\n\t\t\t<div class=\"elementor-spacer-inner\"><\/div>\n\t\t<\/div>\n\t\t\t\t\t\t<\/div>\n\t\t\t\t<\/div>\n\t\t\t\t\t<\/div>\n\t\t\t\t<\/div>\n\t\t<div class=\"elementor-element elementor-element-f88260c e-flex e-con-boxed e-con e-parent\" data-id=\"f88260c\" data-element_type=\"container\">\n\t\t\t\t\t<div class=\"e-con-inner\">\n\t\t\t\t<div class=\"elementor-element elementor-element-2ee0633 elementor-widget elementor-widget-heading\" data-id=\"2ee0633\" data-element_type=\"widget\" data-widget_type=\"heading.default\">\n\t\t\t\t<div class=\"elementor-widget-container\">\n\t\t\t\t\t<h2 class=\"elementor-heading-title elementor-size-default\">5 se\u00f1ales de que necesitas adaptar tu facturaci\u00f3n YA<\/h2>\t\t\t\t<\/div>\n\t\t\t\t<\/div>\n\t\t\t\t\t<\/div>\n\t\t\t\t<\/div>\n\t\t<div class=\"elementor-element elementor-element-13a1218 e-flex e-con-boxed e-con e-parent\" data-id=\"13a1218\" data-element_type=\"container\">\n\t\t\t\t\t<div class=\"e-con-inner\">\n\t\t\t\t<div class=\"elementor-element elementor-element-031e57b elementor-widget elementor-widget-text-editor\" data-id=\"031e57b\" data-element_type=\"widget\" data-widget_type=\"text-editor.default\">\n\t\t\t\t<div class=\"elementor-widget-container\">\n\t\t\t\t\t\t\t\t\t<ol><li data-start=\"2451\" data-end=\"2527\"><p data-start=\"2454\" data-end=\"2527\">Sigues generando facturas manualmente o con plantillas en Word\/Excel.<\/p><\/li><li data-start=\"2528\" data-end=\"2606\"><p data-start=\"2531\" data-end=\"2606\">No utilizas un programa que se actualice seg\u00fan las normativas fiscales.<\/p><\/li><li data-start=\"2607\" data-end=\"2711\"><p data-start=\"2610\" data-end=\"2711\">Tienes dificultades para cuadrar tus facturas con los libros contables o los modelos tributarios.<\/p><\/li><li data-start=\"2712\" data-end=\"2809\"><p data-start=\"2715\" data-end=\"2809\">Tus facturas no incluyen campos obligatorios como el c\u00f3digo QR o la marca de trazabilidad.<\/p><\/li><li data-start=\"2810\" data-end=\"2869\"><p data-start=\"2813\" data-end=\"2869\">No sabes si tu programa es compatible con VeriFactu.<\/p><\/li><\/ol>\t\t\t\t\t\t\t\t<\/div>\n\t\t\t\t<\/div>\n\t\t\t\t\t<\/div>\n\t\t\t\t<\/div>\n\t\t<div class=\"elementor-element elementor-element-195b611 e-flex e-con-boxed e-con e-parent\" data-id=\"195b611\" data-element_type=\"container\">\n\t\t\t\t\t<div class=\"e-con-inner\">\n\t\t\t\t<div class=\"elementor-element elementor-element-0a03e41 elementor-widget elementor-widget-text-editor\" data-id=\"0a03e41\" data-element_type=\"widget\" data-widget_type=\"text-editor.default\">\n\t\t\t\t<div class=\"elementor-widget-container\">\n\t\t\t\t\t\t\t\t\t<p data-start=\"2871\" data-end=\"2943\"><strong>Si te ves reflejado en alguno de estos puntos, es hora de hacer cambios.<\/strong><\/p>\t\t\t\t\t\t\t\t<\/div>\n\t\t\t\t<\/div>\n\t\t\t\t\t<\/div>\n\t\t\t\t<\/div>\n\t\t<div class=\"elementor-element elementor-element-8ab8ef9 e-flex e-con-boxed e-con e-parent\" data-id=\"8ab8ef9\" data-element_type=\"container\">\n\t\t\t\t\t<div class=\"e-con-inner\">\n\t\t\t\t<div class=\"elementor-element elementor-element-7bdfdd3 elementor-widget elementor-widget-spacer\" data-id=\"7bdfdd3\" data-element_type=\"widget\" data-widget_type=\"spacer.default\">\n\t\t\t\t<div class=\"elementor-widget-container\">\n\t\t\t\t\t\t\t<div class=\"elementor-spacer\">\n\t\t\t<div class=\"elementor-spacer-inner\"><\/div>\n\t\t<\/div>\n\t\t\t\t\t\t<\/div>\n\t\t\t\t<\/div>\n\t\t\t\t\t<\/div>\n\t\t\t\t<\/div>\n\t\t<div class=\"elementor-element elementor-element-bea9b61 e-flex e-con-boxed e-con e-parent\" data-id=\"bea9b61\" data-element_type=\"container\">\n\t\t\t\t\t<div class=\"e-con-inner\">\n\t\t\t\t<div class=\"elementor-element elementor-element-138ef1d elementor-widget elementor-widget-heading\" data-id=\"138ef1d\" data-element_type=\"widget\" data-widget_type=\"heading.default\">\n\t\t\t\t<div class=\"elementor-widget-container\">\n\t\t\t\t\t<h2 class=\"elementor-heading-title elementor-size-default\">\u00bfQu\u00e9 puedes hacer para adaptarte?<\/h2>\t\t\t\t<\/div>\n\t\t\t\t<\/div>\n\t\t\t\t\t<\/div>\n\t\t\t\t<\/div>\n\t\t<div class=\"elementor-element elementor-element-508ecea e-flex e-con-boxed e-con e-parent\" data-id=\"508ecea\" data-element_type=\"container\">\n\t\t\t\t\t<div class=\"e-con-inner\">\n\t\t\t\t<div class=\"elementor-element elementor-element-66cf1a4 elementor-widget elementor-widget-spacer\" data-id=\"66cf1a4\" data-element_type=\"widget\" data-widget_type=\"spacer.default\">\n\t\t\t\t<div class=\"elementor-widget-container\">\n\t\t\t\t\t\t\t<div class=\"elementor-spacer\">\n\t\t\t<div class=\"elementor-spacer-inner\"><\/div>\n\t\t<\/div>\n\t\t\t\t\t\t<\/div>\n\t\t\t\t<\/div>\n\t\t\t\t\t<\/div>\n\t\t\t\t<\/div>\n\t\t<div class=\"elementor-element elementor-element-d5b9ae9 e-flex e-con-boxed e-con e-parent\" data-id=\"d5b9ae9\" data-element_type=\"container\">\n\t\t\t\t\t<div class=\"e-con-inner\">\n\t\t\t\t<div class=\"elementor-element elementor-element-07f0c3e elementor-widget elementor-widget-heading\" data-id=\"07f0c3e\" data-element_type=\"widget\" data-widget_type=\"heading.default\">\n\t\t\t\t<div class=\"elementor-widget-container\">\n\t\t\t\t\t<h3 class=\"elementor-heading-title elementor-size-default\"> 1. Usar un software certificado y compatible con VeriFactu<\/h3>\t\t\t\t<\/div>\n\t\t\t\t<\/div>\n\t\t\t\t\t<\/div>\n\t\t\t\t<\/div>\n\t\t<div class=\"elementor-element elementor-element-fc0e3b5 e-flex e-con-boxed e-con e-parent\" data-id=\"fc0e3b5\" data-element_type=\"container\">\n\t\t\t\t\t<div class=\"e-con-inner\">\n\t\t\t\t<div class=\"elementor-element elementor-element-3aa5b6d elementor-widget elementor-widget-text-editor\" data-id=\"3aa5b6d\" data-element_type=\"widget\" data-widget_type=\"text-editor.default\">\n\t\t\t\t<div class=\"elementor-widget-container\">\n\t\t\t\t\t\t\t\t\t<p data-start=\"3055\" data-end=\"3343\">Elige una herramienta de facturaci\u00f3n que cumpla con la Ley Antifraude, genere facturas seguras y facilite la adaptaci\u00f3n al sistema VeriFactu. En el caso de FinanEDI, no solo es gratuito, sino que est\u00e1 en continua actualizaci\u00f3n para alinearse con los requisitos legales actuales y futuros.<\/p>\t\t\t\t\t\t\t\t<\/div>\n\t\t\t\t<\/div>\n\t\t\t\t\t<\/div>\n\t\t\t\t<\/div>\n\t\t<div class=\"elementor-element elementor-element-d41a128 e-flex e-con-boxed e-con e-parent\" data-id=\"d41a128\" data-element_type=\"container\">\n\t\t\t\t\t<div class=\"e-con-inner\">\n\t\t\t\t<div class=\"elementor-element elementor-element-51fd557 elementor-widget elementor-widget-heading\" data-id=\"51fd557\" data-element_type=\"widget\" data-widget_type=\"heading.default\">\n\t\t\t\t<div class=\"elementor-widget-container\">\n\t\t\t\t\t<h3 class=\"elementor-heading-title elementor-size-default\">2. Automatizar y digitalizar tu proceso de facturaci\u00f3n<\/h3>\t\t\t\t<\/div>\n\t\t\t\t<\/div>\n\t\t\t\t\t<\/div>\n\t\t\t\t<\/div>\n\t\t<div class=\"elementor-element elementor-element-2127072 e-flex e-con-boxed e-con e-parent\" data-id=\"2127072\" data-element_type=\"container\">\n\t\t\t\t\t<div class=\"e-con-inner\">\n\t\t\t\t<div class=\"elementor-element elementor-element-8bc6b09 elementor-widget elementor-widget-text-editor\" data-id=\"8bc6b09\" data-element_type=\"widget\" data-widget_type=\"text-editor.default\">\n\t\t\t\t<div class=\"elementor-widget-container\">\n\t\t\t\t\t\t\t\t\t<p>Evita errores manuales, mejora la trazabilidad y ahorra tiempo. Automatizar el env\u00edo de facturas, la numeraci\u00f3n, el c\u00e1lculo de impuestos y la generaci\u00f3n de informes te permite llevar el control y anticiparte a posibles errores.<\/p>\t\t\t\t\t\t\t\t<\/div>\n\t\t\t\t<\/div>\n\t\t\t\t\t<\/div>\n\t\t\t\t<\/div>\n\t\t<div class=\"elementor-element elementor-element-6725341 e-flex e-con-boxed e-con e-parent\" data-id=\"6725341\" data-element_type=\"container\">\n\t\t\t\t\t<div class=\"e-con-inner\">\n\t\t\t\t<div class=\"elementor-element elementor-element-4d1ea8b elementor-widget elementor-widget-heading\" data-id=\"4d1ea8b\" data-element_type=\"widget\" data-widget_type=\"heading.default\">\n\t\t\t\t<div class=\"elementor-widget-container\">\n\t\t\t\t\t<h3 class=\"elementor-heading-title elementor-size-default\">3. Realizar auditor\u00edas internas peri\u00f3dicas<\/h3>\t\t\t\t<\/div>\n\t\t\t\t<\/div>\n\t\t\t\t\t<\/div>\n\t\t\t\t<\/div>\n\t\t<div class=\"elementor-element elementor-element-5a1350c e-flex e-con-boxed e-con e-parent\" data-id=\"5a1350c\" data-element_type=\"container\">\n\t\t\t\t\t<div class=\"e-con-inner\">\n\t\t\t\t<div class=\"elementor-element elementor-element-78e2f69 elementor-widget elementor-widget-text-editor\" data-id=\"78e2f69\" data-element_type=\"widget\" data-widget_type=\"text-editor.default\">\n\t\t\t\t<div class=\"elementor-widget-container\">\n\t\t\t\t\t\t\t\t\t<p data-start=\"3688\" data-end=\"3843\">Revisa tu historial de facturas, verifica que no hay duplicidades ni inconsistencias, y aseg\u00farate de que coinciden con tus declaraciones de IVA, IRPF o IS.<\/p>\t\t\t\t\t\t\t\t<\/div>\n\t\t\t\t<\/div>\n\t\t\t\t\t<\/div>\n\t\t\t\t<\/div>\n\t\t<div class=\"elementor-element elementor-element-3e2cfc7 e-flex e-con-boxed e-con e-parent\" data-id=\"3e2cfc7\" data-element_type=\"container\">\n\t\t\t\t\t<div class=\"e-con-inner\">\n\t\t\t\t<div class=\"elementor-element elementor-element-5c7b93d elementor-widget elementor-widget-heading\" data-id=\"5c7b93d\" data-element_type=\"widget\" data-widget_type=\"heading.default\">\n\t\t\t\t<div class=\"elementor-widget-container\">\n\t\t\t\t\t<h3 class=\"elementor-heading-title elementor-size-default\">4. Consultar con tu asesor o gestor<\/h3>\t\t\t\t<\/div>\n\t\t\t\t<\/div>\n\t\t\t\t\t<\/div>\n\t\t\t\t<\/div>\n\t\t<div class=\"elementor-element elementor-element-6cf8271 e-flex e-con-boxed e-con e-parent\" data-id=\"6cf8271\" data-element_type=\"container\">\n\t\t\t\t\t<div class=\"e-con-inner\">\n\t\t\t\t<div class=\"elementor-element elementor-element-80e95e0 elementor-widget elementor-widget-text-editor\" data-id=\"80e95e0\" data-element_type=\"widget\" data-widget_type=\"text-editor.default\">\n\t\t\t\t<div class=\"elementor-widget-container\">\n\t\t\t\t\t\t\t\t\t<p>La normativa cambia r\u00e1pido. Un buen asesor puede ayudarte a interpretar los requisitos, preparar tu negocio y evitar sanciones innecesarias.<\/p>\t\t\t\t\t\t\t\t<\/div>\n\t\t\t\t<\/div>\n\t\t\t\t\t<\/div>\n\t\t\t\t<\/div>\n\t\t<div class=\"elementor-element elementor-element-d2396b8 e-flex e-con-boxed e-con e-parent\" data-id=\"d2396b8\" data-element_type=\"container\">\n\t\t\t\t\t<div class=\"e-con-inner\">\n\t\t\t\t<div class=\"elementor-element elementor-element-a2288f6 elementor-widget elementor-widget-spacer\" data-id=\"a2288f6\" data-element_type=\"widget\" data-widget_type=\"spacer.default\">\n\t\t\t\t<div class=\"elementor-widget-container\">\n\t\t\t\t\t\t\t<div class=\"elementor-spacer\">\n\t\t\t<div class=\"elementor-spacer-inner\"><\/div>\n\t\t<\/div>\n\t\t\t\t\t\t<\/div>\n\t\t\t\t<\/div>\n\t\t\t\t\t<\/div>\n\t\t\t\t<\/div>\n\t\t<div class=\"elementor-element elementor-element-84e9be9 e-flex e-con-boxed e-con e-parent\" data-id=\"84e9be9\" data-element_type=\"container\">\n\t\t\t\t\t<div class=\"e-con-inner\">\n\t\t\t\t<div class=\"elementor-element elementor-element-5296ad7 elementor-widget elementor-widget-heading\" data-id=\"5296ad7\" data-element_type=\"widget\" data-widget_type=\"heading.default\">\n\t\t\t\t<div class=\"elementor-widget-container\">\n\t\t\t\t\t<h2 class=\"elementor-heading-title elementor-size-default\">\u00bfQu\u00e9 puede pasar si no me adapto?<\/h2>\t\t\t\t<\/div>\n\t\t\t\t<\/div>\n\t\t\t\t\t<\/div>\n\t\t\t\t<\/div>\n\t\t<div class=\"elementor-element elementor-element-62d6b2c e-flex e-con-boxed e-con e-parent\" data-id=\"62d6b2c\" data-element_type=\"container\">\n\t\t\t\t\t<div class=\"e-con-inner\">\n\t\t\t\t<div class=\"elementor-element elementor-element-7f02434 elementor-widget elementor-widget-text-editor\" data-id=\"7f02434\" data-element_type=\"widget\" data-widget_type=\"text-editor.default\">\n\t\t\t\t<div class=\"elementor-widget-container\">\n\t\t\t\t\t\t\t\t\t<p>Las sanciones por incumplimiento de la Ley Antifraude o por no usar software correcto de facturaci\u00f3n pueden alcanzar:<\/p>\t\t\t\t\t\t\t\t<\/div>\n\t\t\t\t<\/div>\n\t\t\t\t\t<\/div>\n\t\t\t\t<\/div>\n\t\t<div class=\"elementor-element elementor-element-0cfeb79 e-flex e-con-boxed e-con e-parent\" data-id=\"0cfeb79\" data-element_type=\"container\">\n\t\t\t\t\t<div class=\"e-con-inner\">\n\t\t\t\t<div class=\"elementor-element elementor-element-8dd525b elementor-widget elementor-widget-text-editor\" data-id=\"8dd525b\" data-element_type=\"widget\" data-widget_type=\"text-editor.default\">\n\t\t\t\t<div class=\"elementor-widget-container\">\n\t\t\t\t\t\t\t\t\t<ul><li data-start=\"4193\" data-end=\"4279\"><p data-start=\"4195\" data-end=\"4279\"><strong data-start=\"4195\" data-end=\"4213\">Hasta 50.000 \u20ac<\/strong> por utilizar un programa que permita la manipulaci\u00f3n de facturas.<\/p><\/li><li data-start=\"4280\" data-end=\"4347\"><p data-start=\"4282\" data-end=\"4347\"><strong data-start=\"4282\" data-end=\"4307\">Multas proporcionales<\/strong> al volumen de facturaci\u00f3n no declarado.<\/p><\/li><li data-start=\"4348\" data-end=\"4419\"><p data-start=\"4350\" data-end=\"4419\"><strong data-start=\"4350\" data-end=\"4387\">Imposibilidad de deducirte el IVA<\/strong> si las facturas no son v\u00e1lidas.<\/p><\/li><li data-start=\"4420\" data-end=\"4486\"><p data-start=\"4422\" data-end=\"4486\"><strong data-start=\"4422\" data-end=\"4485\">Inclusi\u00f3n en listados de contribuyentes con incumplimientos<\/strong>.<\/p><\/li><\/ul>\t\t\t\t\t\t\t\t<\/div>\n\t\t\t\t<\/div>\n\t\t\t\t\t<\/div>\n\t\t\t\t<\/div>\n\t\t<div class=\"elementor-element elementor-element-b3a4d82 e-flex e-con-boxed e-con e-parent\" data-id=\"b3a4d82\" data-element_type=\"container\">\n\t\t\t\t\t<div class=\"e-con-inner\">\n\t\t\t\t<div class=\"elementor-element elementor-element-d5fe3d1 elementor-widget elementor-widget-text-editor\" data-id=\"d5fe3d1\" data-element_type=\"widget\" data-widget_type=\"text-editor.default\">\n\t\t\t\t<div class=\"elementor-widget-container\">\n\t\t\t\t\t\t\t\t\t<p>Y lo m\u00e1s importante: la imagen de tu negocio puede verse comprometida ante clientes, bancos o socios.<\/p>\t\t\t\t\t\t\t\t<\/div>\n\t\t\t\t<\/div>\n\t\t\t\t\t<\/div>\n\t\t\t\t<\/div>\n\t\t<div class=\"elementor-element elementor-element-f40a930 e-flex e-con-boxed e-con e-parent\" data-id=\"f40a930\" data-element_type=\"container\">\n\t\t\t\t\t<div class=\"e-con-inner\">\n\t\t\t\t<div class=\"elementor-element elementor-element-3ba4549 elementor-widget elementor-widget-spacer\" data-id=\"3ba4549\" data-element_type=\"widget\" data-widget_type=\"spacer.default\">\n\t\t\t\t<div class=\"elementor-widget-container\">\n\t\t\t\t\t\t\t<div class=\"elementor-spacer\">\n\t\t\t<div class=\"elementor-spacer-inner\"><\/div>\n\t\t<\/div>\n\t\t\t\t\t\t<\/div>\n\t\t\t\t<\/div>\n\t\t\t\t\t<\/div>\n\t\t\t\t<\/div>\n\t\t<div class=\"elementor-element elementor-element-520946a3 e-flex e-con-boxed e-con e-parent\" data-id=\"520946a3\" data-element_type=\"container\" data-settings=\"{&quot;background_background&quot;:&quot;classic&quot;}\">\n\t\t\t\t\t<div class=\"e-con-inner\">\n\t\t<div class=\"elementor-element elementor-element-746aa9c e-con-full e-flex e-con e-child\" data-id=\"746aa9c\" data-element_type=\"container\">\n\t\t<div class=\"elementor-element elementor-element-75966d53 e-flex e-con-boxed e-con e-child\" data-id=\"75966d53\" data-element_type=\"container\">\n\t\t\t\t\t<div class=\"e-con-inner\">\n\t\t\t\t<div class=\"elementor-element elementor-element-6aa541db elementor-widget elementor-widget-heading\" data-id=\"6aa541db\" data-element_type=\"widget\" data-widget_type=\"heading.default\">\n\t\t\t\t<div class=\"elementor-widget-container\">\n\t\t\t\t\t<h3 class=\"elementor-heading-title elementor-size-default\">Herramientas para impulsar<br>tu negocio<\/h3>\t\t\t\t<\/div>\n\t\t\t\t<\/div>\n\t\t\t\t<div class=\"elementor-element elementor-element-3beb3fd8 elementor-widget elementor-widget-text-editor\" data-id=\"3beb3fd8\" data-element_type=\"widget\" data-widget_type=\"text-editor.default\">\n\t\t\t\t<div class=\"elementor-widget-container\">\n\t\t\t\t\t\t\t\t\t<p>FinanEDI es la soluci\u00f3n en la nube gratuita que permite automatizar y optimizar los procesos financieros, contables y administrativos de tu negocio.<\/p>\t\t\t\t\t\t\t\t<\/div>\n\t\t\t\t<\/div>\n\t\t\t\t<div class=\"elementor-element elementor-element-5632e436 elementor-widget elementor-widget-button\" data-id=\"5632e436\" data-element_type=\"widget\" data-widget_type=\"button.default\">\n\t\t\t\t<div class=\"elementor-widget-container\">\n\t\t\t\t\t\t\t\t\t<div class=\"elementor-button-wrapper\">\n\t\t\t\t\t<a class=\"elementor-button elementor-button-link elementor-size-md\" href=\"https:\/\/finanedi.es\/\" target=\"_blank\">\n\t\t\t\t\t\t<span class=\"elementor-button-content-wrapper\">\n\t\t\t\t\t\t\t\t\t<span class=\"elementor-button-text\">Crear cuenta gratis<\/span>\n\t\t\t\t\t<\/span>\n\t\t\t\t\t<\/a>\n\t\t\t\t<\/div>\n\t\t\t\t\t\t\t\t<\/div>\n\t\t\t\t<\/div>\n\t\t\t\t\t<\/div>\n\t\t\t\t<\/div>\n\t\t\t\t<\/div>\n\t\t<div class=\"elementor-element elementor-element-46246f61 e-con-full e-flex e-con e-child\" data-id=\"46246f61\" data-element_type=\"container\">\n\t\t\t\t<div class=\"elementor-element elementor-element-130e81da elementor-widget elementor-widget-image\" data-id=\"130e81da\" data-element_type=\"widget\" data-widget_type=\"image.default\">\n\t\t\t\t<div class=\"elementor-widget-container\">\n\t\t\t\t\t\t\t\t\t\t\t\t\t\t\t<img fetchpriority=\"high\" decoding=\"async\" width=\"300\" height=\"233\" src=\"https:\/\/finanedi.es\/blog\/contenido\/uploads\/2024\/09\/Dashborad_00115-300x233.png\" class=\"attachment-medium size-medium wp-image-5370\" alt=\"Herramientas para impulsar tu negocio - FinanEDI\" srcset=\"https:\/\/finanedi.es\/blog\/contenido\/uploads\/2024\/09\/Dashborad_00115-300x233.png 300w, https:\/\/finanedi.es\/blog\/contenido\/uploads\/2024\/09\/Dashborad_00115-768x597.png 768w, https:\/\/finanedi.es\/blog\/contenido\/uploads\/2024\/09\/Dashborad_00115.png 900w\" sizes=\"(max-width: 300px) 100vw, 300px\" \/>\t\t\t\t\t\t\t\t\t\t\t\t\t\t\t<\/div>\n\t\t\t\t<\/div>\n\t\t\t\t<\/div>\n\t\t\t\t\t<\/div>\n\t\t\t\t<\/div>\n\t\t<div class=\"elementor-element elementor-element-4ceb102 e-flex e-con-boxed e-con e-parent\" data-id=\"4ceb102\" data-element_type=\"container\">\n\t\t\t\t\t<div class=\"e-con-inner\">\n\t\t\t\t<div class=\"elementor-element elementor-element-6699565 elementor-widget elementor-widget-spacer\" data-id=\"6699565\" data-element_type=\"widget\" data-widget_type=\"spacer.default\">\n\t\t\t\t<div class=\"elementor-widget-container\">\n\t\t\t\t\t\t\t<div class=\"elementor-spacer\">\n\t\t\t<div class=\"elementor-spacer-inner\"><\/div>\n\t\t<\/div>\n\t\t\t\t\t\t<\/div>\n\t\t\t\t<\/div>\n\t\t\t\t\t<\/div>\n\t\t\t\t<\/div>\n\t\t<div class=\"elementor-element elementor-element-5bb1d0c e-flex e-con-boxed e-con e-parent\" data-id=\"5bb1d0c\" data-element_type=\"container\">\n\t\t\t\t\t<div class=\"e-con-inner\">\n\t\t\t\t<div class=\"elementor-element elementor-element-36d044b elementor-widget elementor-widget-heading\" data-id=\"36d044b\" data-element_type=\"widget\" data-widget_type=\"heading.default\">\n\t\t\t\t<div class=\"elementor-widget-container\">\n\t\t\t\t\t<h2 class=\"elementor-heading-title elementor-size-default\">\u00bfEstamos ante el fin de la facturaci\u00f3n \"informal\"?\n<\/h2>\t\t\t\t<\/div>\n\t\t\t\t<\/div>\n\t\t\t\t\t<\/div>\n\t\t\t\t<\/div>\n\t\t<div class=\"elementor-element elementor-element-eaa9168 e-flex e-con-boxed e-con e-parent\" data-id=\"eaa9168\" data-element_type=\"container\">\n\t\t\t\t\t<div class=\"e-con-inner\">\n\t\t\t\t<div class=\"elementor-element elementor-element-246b716 elementor-widget elementor-widget-text-editor\" data-id=\"246b716\" data-element_type=\"widget\" data-widget_type=\"text-editor.default\">\n\t\t\t\t<div class=\"elementor-widget-container\">\n\t\t\t\t\t\t\t\t\t<p>En parte, s\u00ed. 2025 est\u00e1 consolidando un nuevo modelo de relaci\u00f3n con Hacienda donde la transparencia digital es la norma. El objetivo no es solo sancionar, sino prevenir errores y fomentar una cultura de cumplimiento basada en tecnolog\u00eda.<\/p>\t\t\t\t\t\t\t\t<\/div>\n\t\t\t\t<\/div>\n\t\t\t\t\t<\/div>\n\t\t\t\t<\/div>\n\t\t<div class=\"elementor-element elementor-element-3eaf2b95 e-flex e-con-boxed e-con e-parent\" data-id=\"3eaf2b95\" data-element_type=\"container\">\n\t\t\t\t\t<div class=\"e-con-inner\">\n\t\t<div class=\"elementor-element elementor-element-7b115f97 e-flex e-con-boxed e-con e-child\" data-id=\"7b115f97\" data-element_type=\"container\">\n\t\t\t\t\t<div class=\"e-con-inner\">\n\t\t\t\t<div class=\"elementor-element elementor-element-286bbc91 elementor-widget elementor-widget-heading\" data-id=\"286bbc91\" data-element_type=\"widget\" data-widget_type=\"heading.default\">\n\t\t\t\t<div class=\"elementor-widget-container\">\n\t\t\t\t\t<h2 class=\"elementor-heading-title elementor-size-default\">Preguntas frecuentes<\/h2>\t\t\t\t<\/div>\n\t\t\t\t<\/div>\n\t\t\t\t\t<\/div>\n\t\t\t\t<\/div>\n\t\t<div class=\"elementor-element elementor-element-4e23fb27 e-flex e-con-boxed e-con e-child\" data-id=\"4e23fb27\" data-element_type=\"container\">\n\t\t\t\t\t<div class=\"e-con-inner\">\n\t\t\t\t<div class=\"elementor-element elementor-element-75bb23fc elementor-widget elementor-widget-heading\" data-id=\"75bb23fc\" data-element_type=\"widget\" data-widget_type=\"heading.default\">\n\t\t\t\t<div class=\"elementor-widget-container\">\n\t\t\t\t\t<h3 class=\"elementor-heading-title elementor-size-default\"> \u00bfEstoy obligado a usar VeriFactu ya en 2025?<\/h3>\t\t\t\t<\/div>\n\t\t\t\t<\/div>\n\t\t\t\t<div class=\"elementor-element elementor-element-78c3a605 elementor-widget elementor-widget-text-editor\" data-id=\"78c3a605\" data-element_type=\"widget\" data-widget_type=\"text-editor.default\">\n\t\t\t\t<div class=\"elementor-widget-container\">\n\t\t\t\t\t\t\t\t\t<p>No todos los aut\u00f3nomos y pymes est\u00e1n obligados a\u00fan, pero el uso de software compatible con VeriFactu es altamente recomendable. La AEAT est\u00e1 impulsando su adopci\u00f3n y se prev\u00e9 que sea obligatorio para m\u00e1s sectores pr\u00f3ximamente.<\/p>\t\t\t\t\t\t\t\t<\/div>\n\t\t\t\t<\/div>\n\t\t\t\t\t<\/div>\n\t\t\t\t<\/div>\n\t\t<div class=\"elementor-element elementor-element-3dd38f8e e-flex e-con-boxed e-con e-child\" data-id=\"3dd38f8e\" data-element_type=\"container\">\n\t\t\t\t\t<div class=\"e-con-inner\">\n\t\t\t\t<div class=\"elementor-element elementor-element-1a2af0cb elementor-widget elementor-widget-heading\" data-id=\"1a2af0cb\" data-element_type=\"widget\" data-widget_type=\"heading.default\">\n\t\t\t\t<div class=\"elementor-widget-container\">\n\t\t\t\t\t<h3 class=\"elementor-heading-title elementor-size-default\">\u00bfPuedo seguir usando Excel o Word para facturar?<\/h3>\t\t\t\t<\/div>\n\t\t\t\t<\/div>\n\t\t\t\t<div class=\"elementor-element elementor-element-148376f3 elementor-widget elementor-widget-text-editor\" data-id=\"148376f3\" data-element_type=\"widget\" data-widget_type=\"text-editor.default\">\n\t\t\t\t<div class=\"elementor-widget-container\">\n\t\t\t\t\t\t\t\t\t<p>T\u00e9cnicamente s\u00ed, pero no es seguro ni recomendable. Estos formatos no garantizan la integridad ni la trazabilidad exigida por la Ley Antifraude, y podr\u00edan exponerte a sanciones si Hacienda detecta inconsistencias.<\/p>\t\t\t\t\t\t\t\t<\/div>\n\t\t\t\t<\/div>\n\t\t\t\t\t<\/div>\n\t\t\t\t<\/div>\n\t\t<div class=\"elementor-element elementor-element-ed6b8c2 e-flex e-con-boxed e-con e-child\" data-id=\"ed6b8c2\" data-element_type=\"container\">\n\t\t\t\t\t<div class=\"e-con-inner\">\n\t\t\t\t<div class=\"elementor-element elementor-element-395afd94 elementor-widget elementor-widget-heading\" data-id=\"395afd94\" data-element_type=\"widget\" data-widget_type=\"heading.default\">\n\t\t\t\t<div class=\"elementor-widget-container\">\n\t\t\t\t\t<h3 class=\"elementor-heading-title elementor-size-default\">\u00bfC\u00f3mo s\u00e9 si mi software de facturaci\u00f3n cumple con la normativa?<\/h3>\t\t\t\t<\/div>\n\t\t\t\t<\/div>\n\t\t\t\t<div class=\"elementor-element elementor-element-619eda91 elementor-widget elementor-widget-text-editor\" data-id=\"619eda91\" data-element_type=\"widget\" data-widget_type=\"text-editor.default\">\n\t\t\t\t<div class=\"elementor-widget-container\">\n\t\t\t\t\t\t\t\t\t<p>Debe impedir la alteraci\u00f3n o eliminaci\u00f3n de facturas ya emitidas, generar marcas de trazabilidad, estar actualizado conforme a la Ley 11\/2021 y, preferiblemente, ser compatible con VeriFactu. Si tienes dudas, consulta al proveedor o cambia a una soluci\u00f3n segura como FinanEDI.<\/p>\t\t\t\t\t\t\t\t<\/div>\n\t\t\t\t<\/div>\n\t\t\t\t\t<\/div>\n\t\t\t\t<\/div>\n\t\t<div class=\"elementor-element elementor-element-6c036f04 e-flex e-con-boxed e-con e-child\" data-id=\"6c036f04\" data-element_type=\"container\">\n\t\t\t\t\t<div class=\"e-con-inner\">\n\t\t\t\t<div class=\"elementor-element elementor-element-13835c10 elementor-widget elementor-widget-heading\" data-id=\"13835c10\" data-element_type=\"widget\" data-widget_type=\"heading.default\">\n\t\t\t\t<div class=\"elementor-widget-container\">\n\t\t\t\t\t<h3 class=\"elementor-heading-title elementor-size-default\">\u00bfQu\u00e9 riesgos corro si sigo usando un programa no autorizado?<\/h3>\t\t\t\t<\/div>\n\t\t\t\t<\/div>\n\t\t\t\t<div class=\"elementor-element elementor-element-3853dd4 elementor-widget elementor-widget-text-editor\" data-id=\"3853dd4\" data-element_type=\"widget\" data-widget_type=\"text-editor.default\">\n\t\t\t\t<div class=\"elementor-widget-container\">\n\t\t\t\t\t\t\t\t\t<p data-start=\"1198\" data-end=\"1416\">Podr\u00edas recibir sanciones de hasta 50.000 \u20ac, tener problemas con deducciones de IVA o enfrentar inspecciones m\u00e1s frecuentes. Adem\u00e1s, si Hacienda detecta manipulaci\u00f3n, podr\u00edas ser incluido en registros de riesgo fiscal.<\/p>\t\t\t\t\t\t\t\t<\/div>\n\t\t\t\t<\/div>\n\t\t\t\t\t<\/div>\n\t\t\t\t<\/div>\n\t\t<div class=\"elementor-element elementor-element-977f9c1 e-flex e-con-boxed e-con e-child\" data-id=\"977f9c1\" data-element_type=\"container\">\n\t\t\t\t\t<div class=\"e-con-inner\">\n\t\t\t\t<div class=\"elementor-element elementor-element-c8fcf0c elementor-widget elementor-widget-heading\" data-id=\"c8fcf0c\" data-element_type=\"widget\" data-widget_type=\"heading.default\">\n\t\t\t\t<div class=\"elementor-widget-container\">\n\t\t\t\t\t<h3 class=\"elementor-heading-title elementor-size-default\">\u00bfQu\u00e9 ventajas tiene usar un software como FinanEDI?<\/h3>\t\t\t\t<\/div>\n\t\t\t\t<\/div>\n\t\t\t\t<div class=\"elementor-element elementor-element-6aebd46 elementor-widget elementor-widget-text-editor\" data-id=\"6aebd46\" data-element_type=\"widget\" data-widget_type=\"text-editor.default\">\n\t\t\t\t<div class=\"elementor-widget-container\">\n\t\t\t\t\t\t\t\t\t<p data-start=\"1486\" data-end=\"1728\">FinanEDI es gratuito, se actualiza seg\u00fan la normativa, genera facturas legales con trazabilidad, est\u00e1 preparado para VeriFactu y adem\u00e1s permite automatizar procesos contables. Es ideal para aut\u00f3nomos y pymes que buscan seguridad y eficiencia.<\/p>\t\t\t\t\t\t\t\t<\/div>\n\t\t\t\t<\/div>\n\t\t\t\t\t<\/div>\n\t\t\t\t<\/div>\n\t\t\t\t\t<\/div>\n\t\t\t\t<\/div>\n\t\t<div class=\"elementor-element elementor-element-3a805267 e-flex e-con-boxed e-con e-parent\" data-id=\"3a805267\" data-element_type=\"container\">\n\t\t\t\t\t<div class=\"e-con-inner\">\n\t\t<div class=\"elementor-element elementor-element-7666aa72 e-con-full e-flex e-con e-child\" data-id=\"7666aa72\" data-element_type=\"container\">\n\t\t\t\t<div class=\"elementor-element elementor-element-78e9964e elementor-widget elementor-widget-spacer\" data-id=\"78e9964e\" data-element_type=\"widget\" data-widget_type=\"spacer.default\">\n\t\t\t\t<div class=\"elementor-widget-container\">\n\t\t\t\t\t\t\t<div class=\"elementor-spacer\">\n\t\t\t<div class=\"elementor-spacer-inner\"><\/div>\n\t\t<\/div>\n\t\t\t\t\t\t<\/div>\n\t\t\t\t<\/div>\n\t\t\t\t<\/div>\n\t\t<div class=\"elementor-element elementor-element-36b258b6 e-con-full e-flex e-con e-child\" data-id=\"36b258b6\" data-element_type=\"container\">\n\t\t\t\t<div class=\"elementor-element elementor-element-493c3de8 elementor-widget elementor-widget-heading\" data-id=\"493c3de8\" data-element_type=\"widget\" data-widget_type=\"heading.default\">\n\t\t\t\t<div class=\"elementor-widget-container\">\n\t\t\t\t\t<h3 class=\"elementor-heading-title elementor-size-default\">No te pierdas...<\/h3>\t\t\t\t<\/div>\n\t\t\t\t<\/div>\n\t\t\t\t<\/div>\n\t\t<div class=\"elementor-element elementor-element-33aee72d e-con-full e-flex e-con e-child\" data-id=\"33aee72d\" data-element_type=\"container\">\n\t\t\t\t<div class=\"elementor-element elementor-element-629ef57 elementor-widget elementor-widget-katen-post-five\" data-id=\"629ef57\" data-element_type=\"widget\" data-widget_type=\"katen-post-five.default\">\n\t\t\t\t<div class=\"elementor-widget-container\">\n\t\t\t\t\t\t\t<div class=\"padding-30 rounded bordered\">\n\n\t\t\t<div class=\"row infinite-wrapper\">\n\n\t\t\t\n\t\t\t\t<div class=\"col-md-12 col-sm-6 post-list-item post-item\">\n\t\t\t\t\t<!-- post -->\n\t\t\t\t\t<div class=\"post post-list clearfix\">\n\n\t\t\t\t\t\t<div class=\"thumb rounded\"><div class=\"inner\"><a href=\"https:\/\/finanedi.es\/blog\/fecha-de-devengo-de-una-factura-que-es-y-su-importancia\/\"><img decoding=\"async\" width=\"330\" height=\"250\" src=\"https:\/\/finanedi.es\/blog\/contenido\/uploads\/2024\/12\/Fecha-de-devengo-330x250.jpg\" class=\"attachment-katen-thumb-list size-katen-thumb-list wp-post-image\" alt=\"Fecha de devengo de una factura: qu\u00e9 es y su importancia\" \/><\/a><\/div><\/div>  \n\n\t\t\t\t\t\t<div class=\"details clearfix\">\n\t\t\t\t\t\t\t<ul class=\"meta list-inline mb-3\">\n\t\t\t\t\t\t\t\t<li class=\"list-inline-item\"><a href=\"https:\/\/finanedi.es\/blog\/category\/facturacion\/\">Facturaci\u00f3n<\/a><\/li>\t\t\t\t\t\t\t<\/ul>\n\t\t\t\t\t\t\t<h5 class=\"post-title\"><a href=\"https:\/\/finanedi.es\/blog\/fecha-de-devengo-de-una-factura-que-es-y-su-importancia\/\">Fecha de devengo de una factura: qu\u00e9 es y su importancia<\/a><\/h5>\n\t\t\t\t\t\t\t<p class=\"excerpt mb-0\">\n\t\t\t\t\t\t\t\tLa fecha de devengo en una factura es un aspecto crucial en la gesti\u00f3n financiera&hellip;\t\t\t\t\t\t\t<\/p>\n\t\t\t\t\t\t\t<div class=\"post-bottom clearfix d-flex align-items-center\">\n\t\t\t\t\t\t\t\t\t\t\t\t\t\t\t\t\t\t\t\t\t\t\t<\/div>\n\t\t\t\t\t\t<\/div>\n\t\t\t\t\t<\/div>\n\t\t\t\t<\/div>\n\n\t\t\t\n\t\t\t\t<div class=\"col-md-12 col-sm-6 post-list-item post-item\">\n\t\t\t\t\t<!-- post -->\n\t\t\t\t\t<div class=\"post post-list clearfix\">\n\n\t\t\t\t\t\t<div class=\"thumb rounded\"><div class=\"inner\"><a href=\"https:\/\/finanedi.es\/blog\/factura-proforma\/\"><img decoding=\"async\" width=\"330\" height=\"250\" src=\"https:\/\/finanedi.es\/blog\/contenido\/uploads\/2024\/12\/Factura-proforma-330x250.jpg\" class=\"attachment-katen-thumb-list size-katen-thumb-list wp-post-image\" alt=\"Factura proforma: qu\u00e9 es y cu\u00e1ndo usarla\" \/><\/a><\/div><\/div>  \n\n\t\t\t\t\t\t<div class=\"details clearfix\">\n\t\t\t\t\t\t\t<ul class=\"meta list-inline mb-3\">\n\t\t\t\t\t\t\t\t<li class=\"list-inline-item\"><a href=\"https:\/\/finanedi.es\/blog\/category\/facturacion\/\">Facturaci\u00f3n<\/a><\/li>\t\t\t\t\t\t\t<\/ul>\n\t\t\t\t\t\t\t<h5 class=\"post-title\"><a href=\"https:\/\/finanedi.es\/blog\/factura-proforma\/\">Factura proforma: qu\u00e9 es y cu\u00e1ndo usarla<\/a><\/h5>\n\t\t\t\t\t\t\t<p class=\"excerpt mb-0\">\n\t\t\t\t\t\t\t\tLa factura proforma juega un papel crucial, especialmente en transacciones internacionales y acuerdos preliminares. Pero,&hellip;\t\t\t\t\t\t\t<\/p>\n\t\t\t\t\t\t\t<div class=\"post-bottom clearfix d-flex align-items-center\">\n\t\t\t\t\t\t\t\t\t\t\t\t\t\t\t\t\t\t\t\t\t\t\t<\/div>\n\t\t\t\t\t\t<\/div>\n\t\t\t\t\t<\/div>\n\t\t\t\t<\/div>\n\n\t\t\t\n\t\t\t\t<div class=\"col-md-12 col-sm-6 post-list-item post-item\">\n\t\t\t\t\t<!-- post -->\n\t\t\t\t\t<div class=\"post post-list clearfix\">\n\n\t\t\t\t\t\t<div class=\"thumb rounded\"><div class=\"inner\"><a href=\"https:\/\/finanedi.es\/blog\/el-fin-de-borrar-facturas-adaptandose-a-la-nueva-normativa\/\"><img loading=\"lazy\" decoding=\"async\" width=\"330\" height=\"250\" src=\"https:\/\/finanedi.es\/blog\/contenido\/uploads\/2025\/06\/El-fin-de-borrar-facturas-Adaptandose-a-la-nueva-normativa-330x250.jpg\" class=\"attachment-katen-thumb-list size-katen-thumb-list wp-post-image\" alt=\"El fin de borrar facturas Adapt\u00e1ndose a la nueva normativa\" \/><\/a><\/div><\/div>  \n\n\t\t\t\t\t\t<div class=\"details clearfix\">\n\t\t\t\t\t\t\t<ul class=\"meta list-inline mb-3\">\n\t\t\t\t\t\t\t\t<li class=\"list-inline-item\"><a href=\"https:\/\/finanedi.es\/blog\/category\/facturacion\/\">Facturaci\u00f3n<\/a><\/li>\t\t\t\t\t\t\t<\/ul>\n\t\t\t\t\t\t\t<h5 class=\"post-title\"><a href=\"https:\/\/finanedi.es\/blog\/el-fin-de-borrar-facturas-adaptandose-a-la-nueva-normativa\/\">El fin de borrar facturas emitidas: Adapt\u00e1ndose a la nueva normativa<\/a><\/h5>\n\t\t\t\t\t\t\t<p class=\"excerpt mb-0\">\n\t\t\t\t\t\t\t\t\u00bfQui\u00e9n no ha pensado alguna vez eso de &quot;ups, la he liado con esta factura,&hellip;\t\t\t\t\t\t\t<\/p>\n\t\t\t\t\t\t\t<div class=\"post-bottom clearfix d-flex align-items-center\">\n\t\t\t\t\t\t\t\t\t\t\t\t\t\t\t\t\t\t\t\t\t\t\t<\/div>\n\t\t\t\t\t\t<\/div>\n\t\t\t\t\t<\/div>\n\t\t\t\t<\/div>\n\n\t\t\t\n\t\t\t\t<div class=\"col-md-12 col-sm-6 post-list-item post-item\">\n\t\t\t\t\t<!-- post -->\n\t\t\t\t\t<div class=\"post post-list clearfix\">\n\n\t\t\t\t\t\t<div class=\"thumb rounded\"><div class=\"inner\"><a href=\"https:\/\/finanedi.es\/blog\/facturacion-electronica-y-su-impacto-en-la-eficiencia-financiera-de-las-pymes\/\"><img loading=\"lazy\" decoding=\"async\" width=\"330\" height=\"250\" src=\"https:\/\/finanedi.es\/blog\/contenido\/uploads\/2025\/04\/Facturacion-electronica-y-su-impacto-en-la-eficiencia-financiera-330x250.jpg\" class=\"attachment-katen-thumb-list size-katen-thumb-list wp-post-image\" alt=\"Facturaci\u00f3n electr\u00f3nica y su impacto en la eficiencia financiera\" \/><\/a><\/div><\/div>  \n\n\t\t\t\t\t\t<div class=\"details clearfix\">\n\t\t\t\t\t\t\t<ul class=\"meta list-inline mb-3\">\n\t\t\t\t\t\t\t\t<li class=\"list-inline-item\"><a href=\"https:\/\/finanedi.es\/blog\/category\/facturacion\/\">Facturaci\u00f3n<\/a><\/li>\t\t\t\t\t\t\t<\/ul>\n\t\t\t\t\t\t\t<h5 class=\"post-title\"><a href=\"https:\/\/finanedi.es\/blog\/facturacion-electronica-y-su-impacto-en-la-eficiencia-financiera-de-las-pymes\/\">Facturaci\u00f3n electr\u00f3nica y su impacto en la eficiencia financiera de las pymes<\/a><\/h5>\n\t\t\t\t\t\t\t<p class=\"excerpt mb-0\">\n\t\t\t\t\t\t\t\tEn un contexto donde la digitalizaci\u00f3n avanza a pasos agigantados, la facturaci\u00f3n electr\u00f3nica se ha&hellip;\t\t\t\t\t\t\t<\/p>\n\t\t\t\t\t\t\t<div class=\"post-bottom clearfix d-flex align-items-center\">\n\t\t\t\t\t\t\t\t\t\t\t\t\t\t\t\t\t\t\t\t\t\t\t<\/div>\n\t\t\t\t\t\t<\/div>\n\t\t\t\t\t<\/div>\n\t\t\t\t<\/div>\n\n\t\t\t\n\t\t\t<\/div>\n\n\t\t<\/div>\n\t\t\n        \t\t\t\t<\/div>\n\t\t\t\t<\/div>\n\t\t\t\t<\/div>\n\t\t\t\t\t<\/div>\n\t\t\t\t<\/div>\n\t\t\t\t<\/div>\n\t\t","protected":false},"excerpt":{"rendered":"<p>En los \u00faltimos meses, la Agencia Tributaria ha intensificado el control sobre las operaciones de facturaci\u00f3n de aut\u00f3nomos y pymes. El avance de la digitalizaci\u00f3n, la implantaci\u00f3n progresiva del sistema VeriFactu y el cruce autom\u00e1tico de datos est\u00e1n marcando una nueva etapa en la relaci\u00f3n entre empresas y Hacienda. \u00bfEst\u00e1s preparado para adaptarte?<\/p>\n","protected":false},"author":3,"featured_media":11365,"comment_status":"closed","ping_status":"open","sticky":false,"template":"","format":"standard","meta":{"_monsterinsights_skip_tracking":false,"_monsterinsights_sitenote_active":false,"_monsterinsights_sitenote_note":"","_monsterinsights_sitenote_category":0,"footnotes":""},"categories":[4],"tags":[],"class_list":["post-11359","post","type-post","status-publish","format-standard","has-post-thumbnail","hentry","category-facturacion"],"yoast_head":"<!-- This site is optimized with the Yoast SEO plugin v26.2 - https:\/\/yoast.com\/wordpress\/plugins\/seo\/ -->\n<title>C\u00f3mo adaptar tu facturaci\u00f3n a los controles de Hacienda 2025<\/title>\n<meta name=\"description\" content=\"Adapta tu facturaci\u00f3n a los controles de Hacienda en 2025 y cumple con la Ley Antifraude usando un software compatible con VeriFactu.\" \/>\n<meta name=\"robots\" content=\"index, follow, max-snippet:-1, max-image-preview:large, max-video-preview:-1\" \/>\n<link rel=\"canonical\" href=\"https:\/\/finanedi.es\/blog\/como-adaptar-tu-facturacion-a-la-nueva-oleada-de-controles-de-hacienda\/\" \/>\n<meta property=\"og:locale\" content=\"es_ES\" \/>\n<meta property=\"og:type\" content=\"article\" \/>\n<meta property=\"og:title\" content=\"C\u00f3mo adaptar tu facturaci\u00f3n a los controles de Hacienda 2025\" \/>\n<meta property=\"og:description\" content=\"Adapta tu facturaci\u00f3n a los controles de Hacienda en 2025 y cumple con la Ley Antifraude usando un software compatible con VeriFactu.\" \/>\n<meta property=\"og:url\" content=\"https:\/\/finanedi.es\/blog\/como-adaptar-tu-facturacion-a-la-nueva-oleada-de-controles-de-hacienda\/\" \/>\n<meta property=\"og:site_name\" content=\"Blog para pymes y aut\u00f3nomos - FinanEDI\" \/>\n<meta property=\"article:published_time\" content=\"2025-07-09T11:23:47+00:00\" \/>\n<meta property=\"article:modified_time\" content=\"2025-07-09T11:29:24+00:00\" \/>\n<meta property=\"og:image\" content=\"https:\/\/finanedi.es\/blog\/contenido\/uploads\/2025\/07\/Verifactu-Como-adaptar-tu-facturacion-a-la-nueva-oleada-de-controles-de-Hacienda.jpg\" \/>\n\t<meta property=\"og:image:width\" content=\"2000\" \/>\n\t<meta property=\"og:image:height\" content=\"1333\" \/>\n\t<meta property=\"og:image:type\" content=\"image\/jpeg\" \/>\n<meta name=\"author\" content=\"restevez\" \/>\n<meta name=\"twitter:card\" content=\"summary_large_image\" \/>\n<meta name=\"twitter:label1\" content=\"Escrito por\" \/>\n\t<meta name=\"twitter:data1\" content=\"restevez\" \/>\n\t<meta name=\"twitter:label2\" content=\"Tiempo de lectura\" \/>\n\t<meta name=\"twitter:data2\" content=\"6 minutos\" \/>\n<script type=\"application\/ld+json\" class=\"yoast-schema-graph\">{\"@context\":\"https:\/\/schema.org\",\"@graph\":[{\"@type\":\"Article\",\"@id\":\"https:\/\/finanedi.es\/blog\/como-adaptar-tu-facturacion-a-la-nueva-oleada-de-controles-de-hacienda\/#article\",\"isPartOf\":{\"@id\":\"https:\/\/finanedi.es\/blog\/como-adaptar-tu-facturacion-a-la-nueva-oleada-de-controles-de-hacienda\/\"},\"author\":{\"name\":\"restevez\",\"@id\":\"https:\/\/finanedi.es\/blog\/#\/schema\/person\/233ed58195d34f36f74f13ba1030ebd8\"},\"headline\":\"C\u00f3mo adaptar tu facturaci\u00f3n a la nueva oleada de controles de Hacienda en 2025\",\"datePublished\":\"2025-07-09T11:23:47+00:00\",\"dateModified\":\"2025-07-09T11:29:24+00:00\",\"mainEntityOfPage\":{\"@id\":\"https:\/\/finanedi.es\/blog\/como-adaptar-tu-facturacion-a-la-nueva-oleada-de-controles-de-hacienda\/\"},\"wordCount\":1131,\"publisher\":{\"@id\":\"https:\/\/finanedi.es\/blog\/#organization\"},\"image\":{\"@id\":\"https:\/\/finanedi.es\/blog\/como-adaptar-tu-facturacion-a-la-nueva-oleada-de-controles-de-hacienda\/#primaryimage\"},\"thumbnailUrl\":\"https:\/\/finanedi.es\/blog\/contenido\/uploads\/2025\/07\/Verifactu-Como-adaptar-tu-facturacion-a-la-nueva-oleada-de-controles-de-Hacienda.jpg\",\"articleSection\":[\"Facturaci\u00f3n\"],\"inLanguage\":\"es\"},{\"@type\":\"WebPage\",\"@id\":\"https:\/\/finanedi.es\/blog\/como-adaptar-tu-facturacion-a-la-nueva-oleada-de-controles-de-hacienda\/\",\"url\":\"https:\/\/finanedi.es\/blog\/como-adaptar-tu-facturacion-a-la-nueva-oleada-de-controles-de-hacienda\/\",\"name\":\"C\u00f3mo adaptar tu facturaci\u00f3n a los controles de Hacienda 2025\",\"isPartOf\":{\"@id\":\"https:\/\/finanedi.es\/blog\/#website\"},\"primaryImageOfPage\":{\"@id\":\"https:\/\/finanedi.es\/blog\/como-adaptar-tu-facturacion-a-la-nueva-oleada-de-controles-de-hacienda\/#primaryimage\"},\"image\":{\"@id\":\"https:\/\/finanedi.es\/blog\/como-adaptar-tu-facturacion-a-la-nueva-oleada-de-controles-de-hacienda\/#primaryimage\"},\"thumbnailUrl\":\"https:\/\/finanedi.es\/blog\/contenido\/uploads\/2025\/07\/Verifactu-Como-adaptar-tu-facturacion-a-la-nueva-oleada-de-controles-de-Hacienda.jpg\",\"datePublished\":\"2025-07-09T11:23:47+00:00\",\"dateModified\":\"2025-07-09T11:29:24+00:00\",\"description\":\"Adapta tu facturaci\u00f3n a los controles de Hacienda en 2025 y cumple con la Ley Antifraude usando un software compatible con VeriFactu.\",\"breadcrumb\":{\"@id\":\"https:\/\/finanedi.es\/blog\/como-adaptar-tu-facturacion-a-la-nueva-oleada-de-controles-de-hacienda\/#breadcrumb\"},\"inLanguage\":\"es\",\"potentialAction\":[{\"@type\":\"ReadAction\",\"target\":[\"https:\/\/finanedi.es\/blog\/como-adaptar-tu-facturacion-a-la-nueva-oleada-de-controles-de-hacienda\/\"]}]},{\"@type\":\"ImageObject\",\"inLanguage\":\"es\",\"@id\":\"https:\/\/finanedi.es\/blog\/como-adaptar-tu-facturacion-a-la-nueva-oleada-de-controles-de-hacienda\/#primaryimage\",\"url\":\"https:\/\/finanedi.es\/blog\/contenido\/uploads\/2025\/07\/Verifactu-Como-adaptar-tu-facturacion-a-la-nueva-oleada-de-controles-de-Hacienda.jpg\",\"contentUrl\":\"https:\/\/finanedi.es\/blog\/contenido\/uploads\/2025\/07\/Verifactu-Como-adaptar-tu-facturacion-a-la-nueva-oleada-de-controles-de-Hacienda.jpg\",\"width\":2000,\"height\":1333,\"caption\":\"Verifactu: C\u00f3mo adaptar tu facturaci\u00f3n a la nueva oleada de controles de Hacienda\"},{\"@type\":\"BreadcrumbList\",\"@id\":\"https:\/\/finanedi.es\/blog\/como-adaptar-tu-facturacion-a-la-nueva-oleada-de-controles-de-hacienda\/#breadcrumb\",\"itemListElement\":[{\"@type\":\"ListItem\",\"position\":1,\"name\":\"Home\",\"item\":\"https:\/\/finanedi.es\/blog\/\"},{\"@type\":\"ListItem\",\"position\":2,\"name\":\"C\u00f3mo adaptar tu facturaci\u00f3n a la nueva oleada de controles de Hacienda en 2025\"}]},{\"@type\":\"WebSite\",\"@id\":\"https:\/\/finanedi.es\/blog\/#website\",\"url\":\"https:\/\/finanedi.es\/blog\/\",\"name\":\"Blog para pymes y aut\u00f3nomos - FinanEDI\",\"description\":\"Blog para aut\u00f3nomos y PYMES, sobre temas como facturaci\u00f3n, contabilidad, tecnolog\u00eda.\",\"publisher\":{\"@id\":\"https:\/\/finanedi.es\/blog\/#organization\"},\"potentialAction\":[{\"@type\":\"SearchAction\",\"target\":{\"@type\":\"EntryPoint\",\"urlTemplate\":\"https:\/\/finanedi.es\/blog\/?s={search_term_string}\"},\"query-input\":{\"@type\":\"PropertyValueSpecification\",\"valueRequired\":true,\"valueName\":\"search_term_string\"}}],\"inLanguage\":\"es\"},{\"@type\":\"Organization\",\"@id\":\"https:\/\/finanedi.es\/blog\/#organization\",\"name\":\"Blog para pymes y aut\u00f3nomos - FinanEDI\",\"url\":\"https:\/\/finanedi.es\/blog\/\",\"logo\":{\"@type\":\"ImageObject\",\"inLanguage\":\"es\",\"@id\":\"https:\/\/finanedi.es\/blog\/#\/schema\/logo\/image\/\",\"url\":\"https:\/\/finanedi.es\/blog\/contenido\/uploads\/2024\/02\/FinanEdiAzul1.svg\",\"contentUrl\":\"https:\/\/finanedi.es\/blog\/contenido\/uploads\/2024\/02\/FinanEdiAzul1.svg\",\"width\":142,\"height\":36,\"caption\":\"Blog para pymes y aut\u00f3nomos - FinanEDI\"},\"image\":{\"@id\":\"https:\/\/finanedi.es\/blog\/#\/schema\/logo\/image\/\"}},{\"@type\":\"Person\",\"@id\":\"https:\/\/finanedi.es\/blog\/#\/schema\/person\/233ed58195d34f36f74f13ba1030ebd8\",\"name\":\"restevez\",\"image\":{\"@type\":\"ImageObject\",\"inLanguage\":\"es\",\"@id\":\"https:\/\/finanedi.es\/blog\/#\/schema\/person\/image\/\",\"url\":\"https:\/\/secure.gravatar.com\/avatar\/6c4880db9746e4aa887a98e0ebf657788804dc4280120ef10331a2e6ebb4a9a0?s=96&d=mm&r=g\",\"contentUrl\":\"https:\/\/secure.gravatar.com\/avatar\/6c4880db9746e4aa887a98e0ebf657788804dc4280120ef10331a2e6ebb4a9a0?s=96&d=mm&r=g\",\"caption\":\"restevez\"},\"url\":\"https:\/\/finanedi.es\/blog\/author\/restevez\/\"}]}<\/script>\n<!-- \/ Yoast SEO plugin. -->","yoast_head_json":{"title":"C\u00f3mo adaptar tu facturaci\u00f3n a los controles de Hacienda 2025","description":"Adapta tu facturaci\u00f3n a los controles de Hacienda en 2025 y cumple con la Ley Antifraude usando un software compatible con VeriFactu.","robots":{"index":"index","follow":"follow","max-snippet":"max-snippet:-1","max-image-preview":"max-image-preview:large","max-video-preview":"max-video-preview:-1"},"canonical":"https:\/\/finanedi.es\/blog\/como-adaptar-tu-facturacion-a-la-nueva-oleada-de-controles-de-hacienda\/","og_locale":"es_ES","og_type":"article","og_title":"C\u00f3mo adaptar tu facturaci\u00f3n a los controles de Hacienda 2025","og_description":"Adapta tu facturaci\u00f3n a los controles de Hacienda en 2025 y cumple con la Ley Antifraude usando un software compatible con VeriFactu.","og_url":"https:\/\/finanedi.es\/blog\/como-adaptar-tu-facturacion-a-la-nueva-oleada-de-controles-de-hacienda\/","og_site_name":"Blog para pymes y aut\u00f3nomos - FinanEDI","article_published_time":"2025-07-09T11:23:47+00:00","article_modified_time":"2025-07-09T11:29:24+00:00","og_image":[{"width":2000,"height":1333,"url":"https:\/\/finanedi.es\/blog\/contenido\/uploads\/2025\/07\/Verifactu-Como-adaptar-tu-facturacion-a-la-nueva-oleada-de-controles-de-Hacienda.jpg","type":"image\/jpeg"}],"author":"restevez","twitter_card":"summary_large_image","twitter_misc":{"Escrito por":"restevez","Tiempo de lectura":"6 minutos"},"schema":{"@context":"https:\/\/schema.org","@graph":[{"@type":"Article","@id":"https:\/\/finanedi.es\/blog\/como-adaptar-tu-facturacion-a-la-nueva-oleada-de-controles-de-hacienda\/#article","isPartOf":{"@id":"https:\/\/finanedi.es\/blog\/como-adaptar-tu-facturacion-a-la-nueva-oleada-de-controles-de-hacienda\/"},"author":{"name":"restevez","@id":"https:\/\/finanedi.es\/blog\/#\/schema\/person\/233ed58195d34f36f74f13ba1030ebd8"},"headline":"C\u00f3mo adaptar tu facturaci\u00f3n a la nueva oleada de controles de Hacienda en 2025","datePublished":"2025-07-09T11:23:47+00:00","dateModified":"2025-07-09T11:29:24+00:00","mainEntityOfPage":{"@id":"https:\/\/finanedi.es\/blog\/como-adaptar-tu-facturacion-a-la-nueva-oleada-de-controles-de-hacienda\/"},"wordCount":1131,"publisher":{"@id":"https:\/\/finanedi.es\/blog\/#organization"},"image":{"@id":"https:\/\/finanedi.es\/blog\/como-adaptar-tu-facturacion-a-la-nueva-oleada-de-controles-de-hacienda\/#primaryimage"},"thumbnailUrl":"https:\/\/finanedi.es\/blog\/contenido\/uploads\/2025\/07\/Verifactu-Como-adaptar-tu-facturacion-a-la-nueva-oleada-de-controles-de-Hacienda.jpg","articleSection":["Facturaci\u00f3n"],"inLanguage":"es"},{"@type":"WebPage","@id":"https:\/\/finanedi.es\/blog\/como-adaptar-tu-facturacion-a-la-nueva-oleada-de-controles-de-hacienda\/","url":"https:\/\/finanedi.es\/blog\/como-adaptar-tu-facturacion-a-la-nueva-oleada-de-controles-de-hacienda\/","name":"C\u00f3mo adaptar tu facturaci\u00f3n a los controles de Hacienda 2025","isPartOf":{"@id":"https:\/\/finanedi.es\/blog\/#website"},"primaryImageOfPage":{"@id":"https:\/\/finanedi.es\/blog\/como-adaptar-tu-facturacion-a-la-nueva-oleada-de-controles-de-hacienda\/#primaryimage"},"image":{"@id":"https:\/\/finanedi.es\/blog\/como-adaptar-tu-facturacion-a-la-nueva-oleada-de-controles-de-hacienda\/#primaryimage"},"thumbnailUrl":"https:\/\/finanedi.es\/blog\/contenido\/uploads\/2025\/07\/Verifactu-Como-adaptar-tu-facturacion-a-la-nueva-oleada-de-controles-de-Hacienda.jpg","datePublished":"2025-07-09T11:23:47+00:00","dateModified":"2025-07-09T11:29:24+00:00","description":"Adapta tu facturaci\u00f3n a los controles de Hacienda en 2025 y cumple con la Ley Antifraude usando un software compatible con VeriFactu.","breadcrumb":{"@id":"https:\/\/finanedi.es\/blog\/como-adaptar-tu-facturacion-a-la-nueva-oleada-de-controles-de-hacienda\/#breadcrumb"},"inLanguage":"es","potentialAction":[{"@type":"ReadAction","target":["https:\/\/finanedi.es\/blog\/como-adaptar-tu-facturacion-a-la-nueva-oleada-de-controles-de-hacienda\/"]}]},{"@type":"ImageObject","inLanguage":"es","@id":"https:\/\/finanedi.es\/blog\/como-adaptar-tu-facturacion-a-la-nueva-oleada-de-controles-de-hacienda\/#primaryimage","url":"https:\/\/finanedi.es\/blog\/contenido\/uploads\/2025\/07\/Verifactu-Como-adaptar-tu-facturacion-a-la-nueva-oleada-de-controles-de-Hacienda.jpg","contentUrl":"https:\/\/finanedi.es\/blog\/contenido\/uploads\/2025\/07\/Verifactu-Como-adaptar-tu-facturacion-a-la-nueva-oleada-de-controles-de-Hacienda.jpg","width":2000,"height":1333,"caption":"Verifactu: C\u00f3mo adaptar tu facturaci\u00f3n a la nueva oleada de controles de Hacienda"},{"@type":"BreadcrumbList","@id":"https:\/\/finanedi.es\/blog\/como-adaptar-tu-facturacion-a-la-nueva-oleada-de-controles-de-hacienda\/#breadcrumb","itemListElement":[{"@type":"ListItem","position":1,"name":"Home","item":"https:\/\/finanedi.es\/blog\/"},{"@type":"ListItem","position":2,"name":"C\u00f3mo adaptar tu facturaci\u00f3n a la nueva oleada de controles de Hacienda en 2025"}]},{"@type":"WebSite","@id":"https:\/\/finanedi.es\/blog\/#website","url":"https:\/\/finanedi.es\/blog\/","name":"Blog para pymes y aut\u00f3nomos - FinanEDI","description":"Blog para aut\u00f3nomos y PYMES, sobre temas como facturaci\u00f3n, contabilidad, tecnolog\u00eda.","publisher":{"@id":"https:\/\/finanedi.es\/blog\/#organization"},"potentialAction":[{"@type":"SearchAction","target":{"@type":"EntryPoint","urlTemplate":"https:\/\/finanedi.es\/blog\/?s={search_term_string}"},"query-input":{"@type":"PropertyValueSpecification","valueRequired":true,"valueName":"search_term_string"}}],"inLanguage":"es"},{"@type":"Organization","@id":"https:\/\/finanedi.es\/blog\/#organization","name":"Blog para pymes y aut\u00f3nomos - FinanEDI","url":"https:\/\/finanedi.es\/blog\/","logo":{"@type":"ImageObject","inLanguage":"es","@id":"https:\/\/finanedi.es\/blog\/#\/schema\/logo\/image\/","url":"https:\/\/finanedi.es\/blog\/contenido\/uploads\/2024\/02\/FinanEdiAzul1.svg","contentUrl":"https:\/\/finanedi.es\/blog\/contenido\/uploads\/2024\/02\/FinanEdiAzul1.svg","width":142,"height":36,"caption":"Blog para pymes y aut\u00f3nomos - FinanEDI"},"image":{"@id":"https:\/\/finanedi.es\/blog\/#\/schema\/logo\/image\/"}},{"@type":"Person","@id":"https:\/\/finanedi.es\/blog\/#\/schema\/person\/233ed58195d34f36f74f13ba1030ebd8","name":"restevez","image":{"@type":"ImageObject","inLanguage":"es","@id":"https:\/\/finanedi.es\/blog\/#\/schema\/person\/image\/","url":"https:\/\/secure.gravatar.com\/avatar\/6c4880db9746e4aa887a98e0ebf657788804dc4280120ef10331a2e6ebb4a9a0?s=96&d=mm&r=g","contentUrl":"https:\/\/secure.gravatar.com\/avatar\/6c4880db9746e4aa887a98e0ebf657788804dc4280120ef10331a2e6ebb4a9a0?s=96&d=mm&r=g","caption":"restevez"},"url":"https:\/\/finanedi.es\/blog\/author\/restevez\/"}]}},"_links":{"self":[{"href":"https:\/\/finanedi.es\/blog\/wp-json\/wp\/v2\/posts\/11359","targetHints":{"allow":["GET"]}}],"collection":[{"href":"https:\/\/finanedi.es\/blog\/wp-json\/wp\/v2\/posts"}],"about":[{"href":"https:\/\/finanedi.es\/blog\/wp-json\/wp\/v2\/types\/post"}],"author":[{"embeddable":true,"href":"https:\/\/finanedi.es\/blog\/wp-json\/wp\/v2\/users\/3"}],"replies":[{"embeddable":true,"href":"https:\/\/finanedi.es\/blog\/wp-json\/wp\/v2\/comments?post=11359"}],"version-history":[{"count":8,"href":"https:\/\/finanedi.es\/blog\/wp-json\/wp\/v2\/posts\/11359\/revisions"}],"predecessor-version":[{"id":11368,"href":"https:\/\/finanedi.es\/blog\/wp-json\/wp\/v2\/posts\/11359\/revisions\/11368"}],"wp:featuredmedia":[{"embeddable":true,"href":"https:\/\/finanedi.es\/blog\/wp-json\/wp\/v2\/media\/11365"}],"wp:attachment":[{"href":"https:\/\/finanedi.es\/blog\/wp-json\/wp\/v2\/media?parent=11359"}],"wp:term":[{"taxonomy":"category","embeddable":true,"href":"https:\/\/finanedi.es\/blog\/wp-json\/wp\/v2\/categories?post=11359"},{"taxonomy":"post_tag","embeddable":true,"href":"https:\/\/finanedi.es\/blog\/wp-json\/wp\/v2\/tags?post=11359"}],"curies":[{"name":"wp","href":"https:\/\/api.w.org\/{rel}","templated":true}]}}