{"id":11369,"date":"2025-07-10T11:50:20","date_gmt":"2025-07-10T09:50:20","guid":{"rendered":"https:\/\/finanedi.es\/blog\/?p=11369"},"modified":"2025-07-10T11:56:03","modified_gmt":"2025-07-10T09:56:03","slug":"el-codigo-qr-en-tus-facturas-que-es-para-que-sirve-y-como-te-afecta","status":"publish","type":"post","link":"https:\/\/finanedi.es\/blog\/el-codigo-qr-en-tus-facturas-que-es-para-que-sirve-y-como-te-afecta\/","title":{"rendered":"El C\u00f3digo QR en tus facturas: \u00bfQu\u00e9 es, para qu\u00e9 sirve y c\u00f3mo te afecta?"},"content":{"rendered":"\t\t<div data-elementor-type=\"wp-post\" data-elementor-id=\"11369\" class=\"elementor elementor-11369\">\n\t\t\t\t<div class=\"elementor-element elementor-element-3e6e1a7 e-flex e-con-boxed e-con e-parent\" data-id=\"3e6e1a7\" data-element_type=\"container\">\n\t\t\t\t\t<div class=\"e-con-inner\">\n\t\t\t\t<div class=\"elementor-element elementor-element-cee6ba5 elementor-widget elementor-widget-text-editor\" data-id=\"cee6ba5\" data-element_type=\"widget\" data-widget_type=\"text-editor.default\">\n\t\t\t\t<div class=\"elementor-widget-container\">\n\t\t\t\t\t\t\t\t\t<p>En la era digital, la forma en que gestionamos nuestras finanzas y obligaciones fiscales est\u00e1 en constante evoluci\u00f3n. Una de las innovaciones m\u00e1s recientes y relevantes que seguramente comenzar\u00e1s a ver, o incluso ya est\u00e1s utilizando, es la inclusi\u00f3n del <b>C\u00f3digo QR en las facturas<\/b>. Pero, \u00bfqu\u00e9 significa realmente este peque\u00f1o cuadrado pixelado para tu negocio? En FinanEDI, te desglosamos todo lo que necesitas saber.<\/p>\t\t\t\t\t\t\t\t<\/div>\n\t\t\t\t<\/div>\n\t\t\t\t\t<\/div>\n\t\t\t\t<\/div>\n\t\t<div class=\"elementor-element elementor-element-a0a8a95 e-flex e-con-boxed e-con e-parent\" data-id=\"a0a8a95\" data-element_type=\"container\">\n\t\t\t\t\t<div class=\"e-con-inner\">\n\t\t\t\t<div class=\"elementor-element elementor-element-41f5d8a elementor-widget elementor-widget-heading\" data-id=\"41f5d8a\" data-element_type=\"widget\" data-widget_type=\"heading.default\">\n\t\t\t\t<div class=\"elementor-widget-container\">\n\t\t\t\t\t<h2 class=\"elementor-heading-title elementor-size-default\">\u00bfQu\u00e9 es el C\u00f3digo QR en una factura?<\/h2>\t\t\t\t<\/div>\n\t\t\t\t<\/div>\n\t\t\t\t\t<\/div>\n\t\t\t\t<\/div>\n\t\t<div class=\"elementor-element elementor-element-e447941 e-flex e-con-boxed e-con e-parent\" data-id=\"e447941\" data-element_type=\"container\">\n\t\t\t\t\t<div class=\"e-con-inner\">\n\t\t\t\t<div class=\"elementor-element elementor-element-3837ca5 elementor-widget elementor-widget-text-editor\" data-id=\"3837ca5\" data-element_type=\"widget\" data-widget_type=\"text-editor.default\">\n\t\t\t\t<div class=\"elementor-widget-container\">\n\t\t\t\t\t\t\t\t\t<p>Seguro que ya lo has visto por todas partes: ese <b>cuadrado de puntitos blancos y negros<\/b> que aparece en carteles, tickets de compra, o incluso para ver la carta de tu restaurante favorito. Eso es un <b>C\u00f3digo QR<\/b> (las siglas de \u00abQuick Response\u00bb, que significa \u00abrespuesta r\u00e1pida\u00bb). Es como una versi\u00f3n superpotente y moderna del c\u00f3digo de barras de toda la vida.<\/p>\t\t\t\t\t\t\t\t<\/div>\n\t\t\t\t<\/div>\n\t\t\t\t\t<\/div>\n\t\t\t\t<\/div>\n\t\t<div class=\"elementor-element elementor-element-a7c506d e-flex e-con-boxed e-con e-parent\" data-id=\"a7c506d\" data-element_type=\"container\">\n\t\t\t\t\t<div class=\"e-con-inner\">\n\t\t\t\t<div class=\"elementor-element elementor-element-71d86a3 elementor-widget elementor-widget-text-editor\" data-id=\"71d86a3\" data-element_type=\"widget\" data-widget_type=\"text-editor.default\">\n\t\t\t\t<div class=\"elementor-widget-container\">\n\t\t\t\t\t\t\t\t\t<p>Como ya habr\u00e1s comprobado, al escanearlo con la c\u00e1mara de tu dispositivo, te suele <b>llevar directamente a un contenido digital<\/b>. Pero, aunque no todo el mundo lo sabe, un c\u00f3digo QR no solo sirve para abrir p\u00e1ginas web. En el mundo de las facturas, este cuadrado puede contener informaci\u00f3n crucial como el n\u00famero de la factura, todos los datos fiscales de la empresa que te la emite, un justificante de pago, o incluso los datos que la Agencia Tributaria necesita para verificar esa factura en tiempo real.<\/p>\t\t\t\t\t\t\t\t<\/div>\n\t\t\t\t<\/div>\n\t\t\t\t\t<\/div>\n\t\t\t\t<\/div>\n\t\t<div class=\"elementor-element elementor-element-bdba335 e-flex e-con-boxed e-con e-parent\" data-id=\"bdba335\" data-element_type=\"container\">\n\t\t\t\t\t<div class=\"e-con-inner\">\n\t\t\t\t<div class=\"elementor-element elementor-element-cd96186 elementor-widget elementor-widget-spacer\" data-id=\"cd96186\" data-element_type=\"widget\" data-widget_type=\"spacer.default\">\n\t\t\t\t<div class=\"elementor-widget-container\">\n\t\t\t\t\t\t\t<div class=\"elementor-spacer\">\n\t\t\t<div class=\"elementor-spacer-inner\"><\/div>\n\t\t<\/div>\n\t\t\t\t\t\t<\/div>\n\t\t\t\t<\/div>\n\t\t\t\t\t<\/div>\n\t\t\t\t<\/div>\n\t\t<div class=\"elementor-element elementor-element-9d30cd2 e-flex e-con-boxed e-con e-parent\" data-id=\"9d30cd2\" data-element_type=\"container\">\n\t\t\t\t\t<div class=\"e-con-inner\">\n\t\t\t\t<div class=\"elementor-element elementor-element-dcf7ff0 elementor-widget elementor-widget-heading\" data-id=\"dcf7ff0\" data-element_type=\"widget\" data-widget_type=\"heading.default\">\n\t\t\t\t<div class=\"elementor-widget-container\">\n\t\t\t\t\t<h2 class=\"elementor-heading-title elementor-size-default\">\u00bfPara qu\u00e9 sirve el c\u00f3digo QR en las facturas?<\/h2>\t\t\t\t<\/div>\n\t\t\t\t<\/div>\n\t\t\t\t\t<\/div>\n\t\t\t\t<\/div>\n\t\t<div class=\"elementor-element elementor-element-15e4e0e e-flex e-con-boxed e-con e-parent\" data-id=\"15e4e0e\" data-element_type=\"container\">\n\t\t\t\t\t<div class=\"e-con-inner\">\n\t\t\t\t<div class=\"elementor-element elementor-element-05a63f9 elementor-widget elementor-widget-text-editor\" data-id=\"05a63f9\" data-element_type=\"widget\" data-widget_type=\"text-editor.default\">\n\t\t\t\t<div class=\"elementor-widget-container\">\n\t\t\t\t\t\t\t\t\t<p>La funci\u00f3n principal del c\u00f3digo QR en las facturas es <b>facilitar y asegurar el intercambio de informaci\u00f3n entre empresas, clientes y, fundamentalmente, las autoridades tributarias<\/b>. Su utilidad se puede resumir en varios puntos clave:<\/p>\t\t\t\t\t\t\t\t<\/div>\n\t\t\t\t<\/div>\n\t\t\t\t\t<\/div>\n\t\t\t\t<\/div>\n\t\t<div class=\"elementor-element elementor-element-3b59bfc e-flex e-con-boxed e-con e-parent\" data-id=\"3b59bfc\" data-element_type=\"container\">\n\t\t\t\t\t<div class=\"e-con-inner\">\n\t\t\t\t<div class=\"elementor-element elementor-element-8d8c57e elementor-widget elementor-widget-heading\" data-id=\"8d8c57e\" data-element_type=\"widget\" data-widget_type=\"heading.default\">\n\t\t\t\t<div class=\"elementor-widget-container\">\n\t\t\t\t\t<h3 class=\"elementor-heading-title elementor-size-default\">1. Agilizar la verificaci\u00f3n y el registro<\/h3>\t\t\t\t<\/div>\n\t\t\t\t<\/div>\n\t\t\t\t\t<\/div>\n\t\t\t\t<\/div>\n\t\t<div class=\"elementor-element elementor-element-bee12d6 e-flex e-con-boxed e-con e-parent\" data-id=\"bee12d6\" data-element_type=\"container\">\n\t\t\t\t\t<div class=\"e-con-inner\">\n\t\t\t\t<div class=\"elementor-element elementor-element-aa57930 elementor-widget elementor-widget-text-editor\" data-id=\"aa57930\" data-element_type=\"widget\" data-widget_type=\"text-editor.default\">\n\t\t\t\t<div class=\"elementor-widget-container\">\n\t\t\t\t\t\t\t\t\t<p>Permite a las administraciones tributarias (como la AEAT en Espa\u00f1a con sistemas como <a href=\"https:\/\/finanedi.es\/blog\/verifactu-el-nuevo-horizonte-de-la-facturacion-para-pymes-y-autonomos\/\" target=\"_blank\" rel=\"noopener\">Verifactu<\/a>) escanear r\u00e1pidamente la factura y obtener toda la informaci\u00f3n fiscal relevante de manera instant\u00e1nea, sin necesidad de introducir datos manualmente. Esto reduce errores y acelera los procesos de control.<\/p>\t\t\t\t\t\t\t\t<\/div>\n\t\t\t\t<\/div>\n\t\t\t\t\t<\/div>\n\t\t\t\t<\/div>\n\t\t<div class=\"elementor-element elementor-element-deb941c e-flex e-con-boxed e-con e-parent\" data-id=\"deb941c\" data-element_type=\"container\">\n\t\t\t\t\t<div class=\"e-con-inner\">\n\t\t\t\t<div class=\"elementor-element elementor-element-83c6f78 elementor-widget elementor-widget-heading\" data-id=\"83c6f78\" data-element_type=\"widget\" data-widget_type=\"heading.default\">\n\t\t\t\t<div class=\"elementor-widget-container\">\n\t\t\t\t\t<h3 class=\"elementor-heading-title elementor-size-default\">2. Combate al fraude fiscal<\/h3>\t\t\t\t<\/div>\n\t\t\t\t<\/div>\n\t\t\t\t\t<\/div>\n\t\t\t\t<\/div>\n\t\t<div class=\"elementor-element elementor-element-0228406 e-flex e-con-boxed e-con e-parent\" data-id=\"0228406\" data-element_type=\"container\">\n\t\t\t\t\t<div class=\"e-con-inner\">\n\t\t\t\t<div class=\"elementor-element elementor-element-daad4b8 elementor-widget elementor-widget-text-editor\" data-id=\"daad4b8\" data-element_type=\"widget\" data-widget_type=\"text-editor.default\">\n\t\t\t\t<div class=\"elementor-widget-container\">\n\t\t\t\t\t\t\t\t\t<p>Al contener informaci\u00f3n codificada y, a menudo, firmada digitalmente, el QR dificulta la manipulaci\u00f3n de facturas. Asegura la autenticidad y la integridad de los datos, creando un rastro digital inalterable que ayuda a las autoridades a detectar y prevenir el fraude.<\/p>\t\t\t\t\t\t\t\t<\/div>\n\t\t\t\t<\/div>\n\t\t\t\t\t<\/div>\n\t\t\t\t<\/div>\n\t\t<div class=\"elementor-element elementor-element-cd4a141 e-flex e-con-boxed e-con e-parent\" data-id=\"cd4a141\" data-element_type=\"container\">\n\t\t\t\t\t<div class=\"e-con-inner\">\n\t\t\t\t<div class=\"elementor-element elementor-element-92227dc elementor-widget elementor-widget-heading\" data-id=\"92227dc\" data-element_type=\"widget\" data-widget_type=\"heading.default\">\n\t\t\t\t<div class=\"elementor-widget-container\">\n\t\t\t\t\t<h3 class=\"elementor-heading-title elementor-size-default\">3. Simplificaci\u00f3n para el consumidor<\/h3>\t\t\t\t<\/div>\n\t\t\t\t<\/div>\n\t\t\t\t\t<\/div>\n\t\t\t\t<\/div>\n\t\t<div class=\"elementor-element elementor-element-5dee799 e-flex e-con-boxed e-con e-parent\" data-id=\"5dee799\" data-element_type=\"container\">\n\t\t\t\t\t<div class=\"e-con-inner\">\n\t\t\t\t<div class=\"elementor-element elementor-element-33ee813 elementor-widget elementor-widget-text-editor\" data-id=\"33ee813\" data-element_type=\"widget\" data-widget_type=\"text-editor.default\">\n\t\t\t\t<div class=\"elementor-widget-container\">\n\t\t\t\t\t\t\t\t\t<p>Algunos sistemas permiten que los propios clientes escanen el QR para verificar la validez de la factura, acceder a una copia digital o incluso para facilitar su registro en aplicaciones de contabilidad personal o empresarial.<\/p>\t\t\t\t\t\t\t\t<\/div>\n\t\t\t\t<\/div>\n\t\t\t\t\t<\/div>\n\t\t\t\t<\/div>\n\t\t<div class=\"elementor-element elementor-element-d499942 e-flex e-con-boxed e-con e-parent\" data-id=\"d499942\" data-element_type=\"container\">\n\t\t\t\t\t<div class=\"e-con-inner\">\n\t\t\t\t<div class=\"elementor-element elementor-element-54cef54 elementor-widget elementor-widget-heading\" data-id=\"54cef54\" data-element_type=\"widget\" data-widget_type=\"heading.default\">\n\t\t\t\t<div class=\"elementor-widget-container\">\n\t\t\t\t\t<h3 class=\"elementor-heading-title elementor-size-default\">4. Trazabilidad y control<\/h3>\t\t\t\t<\/div>\n\t\t\t\t<\/div>\n\t\t\t\t\t<\/div>\n\t\t\t\t<\/div>\n\t\t<div class=\"elementor-element elementor-element-234fe40 e-flex e-con-boxed e-con e-parent\" data-id=\"234fe40\" data-element_type=\"container\">\n\t\t\t\t\t<div class=\"e-con-inner\">\n\t\t\t\t<div class=\"elementor-element elementor-element-ab35308 elementor-widget elementor-widget-text-editor\" data-id=\"ab35308\" data-element_type=\"widget\" data-widget_type=\"text-editor.default\">\n\t\t\t\t<div class=\"elementor-widget-container\">\n\t\t\t\t\t\t\t\t\t<p>Ofrece una mayor trazabilidad de las transacciones, permitiendo un seguimiento m\u00e1s eficaz de las operaciones comerciales por parte de la administraci\u00f3n.<\/p>\t\t\t\t\t\t\t\t<\/div>\n\t\t\t\t<\/div>\n\t\t\t\t\t<\/div>\n\t\t\t\t<\/div>\n\t\t<div class=\"elementor-element elementor-element-e379bd0 e-flex e-con-boxed e-con e-parent\" data-id=\"e379bd0\" data-element_type=\"container\">\n\t\t\t\t\t<div class=\"e-con-inner\">\n\t\t\t\t<div class=\"elementor-element elementor-element-e4e9fd8 elementor-widget elementor-widget-heading\" data-id=\"e4e9fd8\" data-element_type=\"widget\" data-widget_type=\"heading.default\">\n\t\t\t\t<div class=\"elementor-widget-container\">\n\t\t\t\t\t<h3 class=\"elementor-heading-title elementor-size-default\">5. Conexi\u00f3n con la Factura Electr\u00f3nica<\/h3>\t\t\t\t<\/div>\n\t\t\t\t<\/div>\n\t\t\t\t\t<\/div>\n\t\t\t\t<\/div>\n\t\t<div class=\"elementor-element elementor-element-43cb224 e-flex e-con-boxed e-con e-parent\" data-id=\"43cb224\" data-element_type=\"container\">\n\t\t\t\t\t<div class=\"e-con-inner\">\n\t\t\t\t<div class=\"elementor-element elementor-element-c662c62 elementor-widget elementor-widget-text-editor\" data-id=\"c662c62\" data-element_type=\"widget\" data-widget_type=\"text-editor.default\">\n\t\t\t\t<div class=\"elementor-widget-container\">\n\t\t\t\t\t\t\t\t\t<p>Es un puente entre la factura f\u00edsica (o una representaci\u00f3n impresa de la electr\u00f3nica) y su versi\u00f3n digital, facilitando la interconexi\u00f3n con sistemas de facturaci\u00f3n electr\u00f3nica y cumplimiento normativo.<\/p>\t\t\t\t\t\t\t\t<\/div>\n\t\t\t\t<\/div>\n\t\t\t\t\t<\/div>\n\t\t\t\t<\/div>\n\t\t<div class=\"elementor-element elementor-element-647f6d8 e-flex e-con-boxed e-con e-parent\" data-id=\"647f6d8\" data-element_type=\"container\">\n\t\t\t\t\t<div class=\"e-con-inner\">\n\t\t\t\t<div class=\"elementor-element elementor-element-013a6d0 elementor-widget elementor-widget-spacer\" data-id=\"013a6d0\" data-element_type=\"widget\" data-widget_type=\"spacer.default\">\n\t\t\t\t<div class=\"elementor-widget-container\">\n\t\t\t\t\t\t\t<div class=\"elementor-spacer\">\n\t\t\t<div class=\"elementor-spacer-inner\"><\/div>\n\t\t<\/div>\n\t\t\t\t\t\t<\/div>\n\t\t\t\t<\/div>\n\t\t\t\t\t<\/div>\n\t\t\t\t<\/div>\n\t\t<div class=\"elementor-element elementor-element-5303de5 e-flex e-con-boxed e-con e-parent\" data-id=\"5303de5\" data-element_type=\"container\">\n\t\t\t\t\t<div class=\"e-con-inner\">\n\t\t\t\t<div class=\"elementor-element elementor-element-f496c93 elementor-widget elementor-widget-heading\" data-id=\"f496c93\" data-element_type=\"widget\" data-widget_type=\"heading.default\">\n\t\t\t\t<div class=\"elementor-widget-container\">\n\t\t\t\t\t<h2 class=\"elementor-heading-title elementor-size-default\">\u00bfC\u00f3mo funciona el c\u00f3digo QR en una factura?<\/h2>\t\t\t\t<\/div>\n\t\t\t\t<\/div>\n\t\t\t\t\t<\/div>\n\t\t\t\t<\/div>\n\t\t<div class=\"elementor-element elementor-element-e830e75 e-flex e-con-boxed e-con e-parent\" data-id=\"e830e75\" data-element_type=\"container\">\n\t\t\t\t\t<div class=\"e-con-inner\">\n\t\t\t\t<div class=\"elementor-element elementor-element-b8110e2 elementor-widget elementor-widget-text-editor\" data-id=\"b8110e2\" data-element_type=\"widget\" data-widget_type=\"text-editor.default\">\n\t\t\t\t<div class=\"elementor-widget-container\">\n\t\t\t\t\t\t\t\t\t<p>El funcionamiento es relativamente sencillo desde la perspectiva del usuario final, pero implica una tecnolog\u00eda robusta en segundo plano:<\/p>\t\t\t\t\t\t\t\t<\/div>\n\t\t\t\t<\/div>\n\t\t\t\t\t<\/div>\n\t\t\t\t<\/div>\n\t\t<div class=\"elementor-element elementor-element-83463af e-flex e-con-boxed e-con e-parent\" data-id=\"83463af\" data-element_type=\"container\">\n\t\t\t\t\t<div class=\"e-con-inner\">\n\t\t\t\t<div class=\"elementor-element elementor-element-b1adbaf elementor-widget elementor-widget-text-editor\" data-id=\"b1adbaf\" data-element_type=\"widget\" data-widget_type=\"text-editor.default\">\n\t\t\t\t<div class=\"elementor-widget-container\">\n\t\t\t\t\t\t\t\t\t<ul><li><p><b>Generaci\u00f3n por el software de facturaci\u00f3n:<\/b> Cuando una empresa emite una factura utilizando un software de gesti\u00f3n o facturaci\u00f3n (que cumpla con las normativas vigentes, como la Ley Antifraude y <a href=\"https:\/\/finanedi.es\/blog\/verifactu-el-nuevo-horizonte-de-la-facturacion-para-pymes-y-autonomos\/\" target=\"_blank\" rel=\"noopener\">Verifactu en Espa\u00f1a<\/a>), este software no solo genera la factura en s\u00ed, sino que tambi\u00e9n <b>codifica los datos clave de la factura<\/b> (<a href=\"https:\/\/finanedi.es\/blog\/que-es-el-nif-numero-de-identificacion-fiscal\/\" target=\"_blank\" rel=\"noopener\">NIF<\/a> del emisor y receptor, importe total, tipo de factura, fecha, etc.) en un c\u00f3digo QR. Este c\u00f3digo se imprime o se incrusta en el archivo PDF de la factura.<\/p><\/li><li><p><b>Inclusi\u00f3n de informaci\u00f3n clave:<\/b> El contenido exacto del QR var\u00eda seg\u00fan la normativa, pero generalmente incluye identificadores \u00fanicos de la factura, datos del emisor y receptor, la base imponible, el IVA, el importe total y, en ocasiones, un <b>c\u00f3digo de huella o hash<\/b> que garantiza que la factura no ha sido alterada desde su emisi\u00f3n.<\/p><\/li><li><p><b>Escaneo y verificaci\u00f3n:<\/b> Las autoridades fiscales, o incluso los propios usuarios con una aplicaci\u00f3n adecuada, pueden escanear el c\u00f3digo QR con un dispositivo (smartphone, tablet, lector de QR). El dispositivo decodifica la informaci\u00f3n y la compara con la base de datos de la administraci\u00f3n tributaria o la presenta de forma legible al usuario.<\/p><\/li><li><p><b>Comunicaci\u00f3n en tiempo real:<\/b> En <a href=\"https:\/\/finanedi.es\/blog\/verifactu-una-obligacion-o-tu-proximo-aliado-estrategico-para-la-inteligencia-de-negocio\/\" target=\"_blank\" rel=\"noopener\">sistemas avanzados como Verifactu<\/a>, la emisi\u00f3n de una factura con QR implica que la informaci\u00f3n relevante se env\u00eda autom\u00e1ticamente y en tiempo real a la Agencia Tributaria. Si no se puede enviar en tiempo real (por ejemplo, por problemas de conexi\u00f3n), el sistema debe garantizar que la informaci\u00f3n se almacena de forma segura y se enviar\u00e1 tan pronto como sea posible, asegurando que no haya manipulaciones.<\/p><\/li><\/ul>\t\t\t\t\t\t\t\t<\/div>\n\t\t\t\t<\/div>\n\t\t\t\t\t<\/div>\n\t\t\t\t<\/div>\n\t\t<div class=\"elementor-element elementor-element-d51a844 e-flex e-con-boxed e-con e-parent\" data-id=\"d51a844\" data-element_type=\"container\">\n\t\t\t\t\t<div class=\"e-con-inner\">\n\t\t\t\t<div class=\"elementor-element elementor-element-9e1e869 elementor-widget elementor-widget-spacer\" data-id=\"9e1e869\" data-element_type=\"widget\" data-widget_type=\"spacer.default\">\n\t\t\t\t<div class=\"elementor-widget-container\">\n\t\t\t\t\t\t\t<div class=\"elementor-spacer\">\n\t\t\t<div class=\"elementor-spacer-inner\"><\/div>\n\t\t<\/div>\n\t\t\t\t\t\t<\/div>\n\t\t\t\t<\/div>\n\t\t\t\t\t<\/div>\n\t\t\t\t<\/div>\n\t\t<div class=\"elementor-element elementor-element-f92cda0 e-flex e-con-boxed e-con e-parent\" data-id=\"f92cda0\" data-element_type=\"container\">\n\t\t\t\t\t<div class=\"e-con-inner\">\n\t\t\t\t<div class=\"elementor-element elementor-element-4f0bbb0 elementor-widget elementor-widget-heading\" data-id=\"4f0bbb0\" data-element_type=\"widget\" data-widget_type=\"heading.default\">\n\t\t\t\t<div class=\"elementor-widget-container\">\n\t\t\t\t\t<h2 class=\"elementor-heading-title elementor-size-default\">Elementos importantes para el usuario <\/h2>\t\t\t\t<\/div>\n\t\t\t\t<\/div>\n\t\t\t\t\t<\/div>\n\t\t\t\t<\/div>\n\t\t<div class=\"elementor-element elementor-element-34d2c7f e-flex e-con-boxed e-con e-parent\" data-id=\"34d2c7f\" data-element_type=\"container\">\n\t\t\t\t\t<div class=\"e-con-inner\">\n\t\t\t\t<div class=\"elementor-element elementor-element-179fef1 elementor-widget elementor-widget-text-editor\" data-id=\"179fef1\" data-element_type=\"widget\" data-widget_type=\"text-editor.default\">\n\t\t\t\t<div class=\"elementor-widget-container\">\n\t\t\t\t\t\t\t\t\t<p>La llegada del c\u00f3digo QR a las facturas tiene implicaciones directas para ti como emisor o receptor de facturas:<\/p>\t\t\t\t\t\t\t\t<\/div>\n\t\t\t\t<\/div>\n\t\t\t\t\t<\/div>\n\t\t\t\t<\/div>\n\t\t<div class=\"elementor-element elementor-element-0b2b696 e-flex e-con-boxed e-con e-parent\" data-id=\"0b2b696\" data-element_type=\"container\">\n\t\t\t\t\t<div class=\"e-con-inner\">\n\t\t\t\t<div class=\"elementor-element elementor-element-0dc849f elementor-widget elementor-widget-text-editor\" data-id=\"0dc849f\" data-element_type=\"widget\" data-widget_type=\"text-editor.default\">\n\t\t\t\t<div class=\"elementor-widget-container\">\n\t\t\t\t\t\t\t\t\t<ul><li><p><b>Adaptaci\u00f3n de software:<\/b> Es crucial que tu software de facturaci\u00f3n est\u00e9 actualizado y cumpla con la normativa vigente.\u00a0<\/p><\/li><li><p><b>Cumplimiento normativo:<\/b> La inclusi\u00f3n del QR es un componente esencial de normativas como Verifactu. Ignorar estas exigencias puede acarrear sanciones significativas. Aseg\u00farate de conocer las fechas de entrada en vigor y los requisitos espec\u00edficos para tu tipo de empresa.<\/p><\/li><li><p><b>Seguridad y transparencia:<\/b> Entiende que el QR es una herramienta para tu propia seguridad y la de tus operaciones. Te protege ante posibles fraudes y facilita la trazabilidad fiscal.<\/p><\/li><li><p><b>Simplificaci\u00f3n a largo plazo:<\/b> Aunque la adaptaci\u00f3n inicial puede requerir un esfuerzo, a largo plazo, el sistema busca simplificar las gestiones fiscales, reducir la burocracia y mejorar la relaci\u00f3n con la administraci\u00f3n.<\/p><\/li><li><p><b>Almacenamiento de facturas:<\/b> Si bien el QR ayuda a la verificaci\u00f3n, es vital seguir manteniendo un registro adecuado y seguro de tus facturas, tanto emitidas como recibidas, seg\u00fan lo exige la ley.<\/p><\/li><\/ul>\t\t\t\t\t\t\t\t<\/div>\n\t\t\t\t<\/div>\n\t\t\t\t\t<\/div>\n\t\t\t\t<\/div>\n\t\t<div class=\"elementor-element elementor-element-c2fd23d e-flex e-con-boxed e-con e-parent\" data-id=\"c2fd23d\" data-element_type=\"container\">\n\t\t\t\t\t<div class=\"e-con-inner\">\n\t\t\t\t<div class=\"elementor-element elementor-element-779a735 elementor-widget elementor-widget-spacer\" data-id=\"779a735\" data-element_type=\"widget\" data-widget_type=\"spacer.default\">\n\t\t\t\t<div class=\"elementor-widget-container\">\n\t\t\t\t\t\t\t<div class=\"elementor-spacer\">\n\t\t\t<div class=\"elementor-spacer-inner\"><\/div>\n\t\t<\/div>\n\t\t\t\t\t\t<\/div>\n\t\t\t\t<\/div>\n\t\t\t\t\t<\/div>\n\t\t\t\t<\/div>\n\t\t<div class=\"elementor-element elementor-element-314072d7 e-flex e-con-boxed e-con e-parent\" data-id=\"314072d7\" data-element_type=\"container\" data-settings=\"{&quot;background_background&quot;:&quot;classic&quot;}\">\n\t\t\t\t\t<div class=\"e-con-inner\">\n\t\t<div class=\"elementor-element elementor-element-36d638a2 e-con-full e-flex e-con e-child\" data-id=\"36d638a2\" data-element_type=\"container\">\n\t\t<div class=\"elementor-element elementor-element-743e0275 e-flex e-con-boxed e-con e-child\" data-id=\"743e0275\" data-element_type=\"container\">\n\t\t\t\t\t<div class=\"e-con-inner\">\n\t\t\t\t<div class=\"elementor-element elementor-element-41ef0adf elementor-widget elementor-widget-heading\" data-id=\"41ef0adf\" data-element_type=\"widget\" data-widget_type=\"heading.default\">\n\t\t\t\t<div class=\"elementor-widget-container\">\n\t\t\t\t\t<h3 class=\"elementor-heading-title elementor-size-default\">Herramientas para impulsar<br>tu negocio<\/h3>\t\t\t\t<\/div>\n\t\t\t\t<\/div>\n\t\t\t\t<div class=\"elementor-element elementor-element-10b5b17b elementor-widget elementor-widget-text-editor\" data-id=\"10b5b17b\" data-element_type=\"widget\" data-widget_type=\"text-editor.default\">\n\t\t\t\t<div class=\"elementor-widget-container\">\n\t\t\t\t\t\t\t\t\t<p>FinanEDI es la soluci\u00f3n en la nube gratuita que permite automatizar y optimizar los procesos financieros, contables y administrativos de tu negocio.<\/p>\t\t\t\t\t\t\t\t<\/div>\n\t\t\t\t<\/div>\n\t\t\t\t<div class=\"elementor-element elementor-element-2246e20 elementor-widget elementor-widget-button\" data-id=\"2246e20\" data-element_type=\"widget\" data-widget_type=\"button.default\">\n\t\t\t\t<div class=\"elementor-widget-container\">\n\t\t\t\t\t\t\t\t\t<div class=\"elementor-button-wrapper\">\n\t\t\t\t\t<a class=\"elementor-button elementor-button-link elementor-size-md\" href=\"https:\/\/finanedi.es\/\" target=\"_blank\">\n\t\t\t\t\t\t<span class=\"elementor-button-content-wrapper\">\n\t\t\t\t\t\t\t\t\t<span class=\"elementor-button-text\">Crear cuenta gratis<\/span>\n\t\t\t\t\t<\/span>\n\t\t\t\t\t<\/a>\n\t\t\t\t<\/div>\n\t\t\t\t\t\t\t\t<\/div>\n\t\t\t\t<\/div>\n\t\t\t\t\t<\/div>\n\t\t\t\t<\/div>\n\t\t\t\t<\/div>\n\t\t<div class=\"elementor-element elementor-element-67e5b6ee e-con-full e-flex e-con e-child\" data-id=\"67e5b6ee\" data-element_type=\"container\">\n\t\t\t\t<div class=\"elementor-element elementor-element-42c6029f elementor-widget elementor-widget-image\" data-id=\"42c6029f\" data-element_type=\"widget\" data-widget_type=\"image.default\">\n\t\t\t\t<div class=\"elementor-widget-container\">\n\t\t\t\t\t\t\t\t\t\t\t\t\t\t\t<img fetchpriority=\"high\" decoding=\"async\" width=\"300\" height=\"233\" src=\"https:\/\/finanedi.es\/blog\/contenido\/uploads\/2024\/09\/Dashborad_00115-300x233.png\" class=\"attachment-medium size-medium wp-image-5370\" alt=\"Herramientas para impulsar tu negocio - FinanEDI\" srcset=\"https:\/\/finanedi.es\/blog\/contenido\/uploads\/2024\/09\/Dashborad_00115-300x233.png 300w, https:\/\/finanedi.es\/blog\/contenido\/uploads\/2024\/09\/Dashborad_00115-768x597.png 768w, https:\/\/finanedi.es\/blog\/contenido\/uploads\/2024\/09\/Dashborad_00115.png 900w\" sizes=\"(max-width: 300px) 100vw, 300px\" \/>\t\t\t\t\t\t\t\t\t\t\t\t\t\t\t<\/div>\n\t\t\t\t<\/div>\n\t\t\t\t<\/div>\n\t\t\t\t\t<\/div>\n\t\t\t\t<\/div>\n\t\t<div class=\"elementor-element elementor-element-a5fd96e e-flex e-con-boxed e-con e-parent\" data-id=\"a5fd96e\" data-element_type=\"container\">\n\t\t\t\t\t<div class=\"e-con-inner\">\n\t\t\t\t<div class=\"elementor-element elementor-element-a6a7226 elementor-widget elementor-widget-spacer\" data-id=\"a6a7226\" data-element_type=\"widget\" data-widget_type=\"spacer.default\">\n\t\t\t\t<div class=\"elementor-widget-container\">\n\t\t\t\t\t\t\t<div class=\"elementor-spacer\">\n\t\t\t<div class=\"elementor-spacer-inner\"><\/div>\n\t\t<\/div>\n\t\t\t\t\t\t<\/div>\n\t\t\t\t<\/div>\n\t\t\t\t\t<\/div>\n\t\t\t\t<\/div>\n\t\t<div class=\"elementor-element elementor-element-c64b85c e-flex e-con-boxed e-con e-parent\" data-id=\"c64b85c\" data-element_type=\"container\">\n\t\t\t\t\t<div class=\"e-con-inner\">\n\t\t\t\t<div class=\"elementor-element elementor-element-60bfc07 elementor-widget elementor-widget-text-editor\" data-id=\"60bfc07\" data-element_type=\"widget\" data-widget_type=\"text-editor.default\">\n\t\t\t\t<div class=\"elementor-widget-container\">\n\t\t\t\t\t\t\t\t\t<p>El c\u00f3digo QR en las facturas no es solo una moda tecnol\u00f3gica, sino una pieza fundamental en la modernizaci\u00f3n y digitalizaci\u00f3n de la administraci\u00f3n tributaria. Entender su prop\u00f3sito, funcionamiento e implicaciones te permitir\u00e1 no solo cumplir con la ley, sino tambi\u00e9n optimizar tus procesos y contribuir a un ecosistema empresarial m\u00e1s transparente y eficiente.<\/p>\t\t\t\t\t\t\t\t<\/div>\n\t\t\t\t<\/div>\n\t\t\t\t\t<\/div>\n\t\t\t\t<\/div>\n\t\t<div class=\"elementor-element elementor-element-656fd3e6 e-flex e-con-boxed e-con e-parent\" data-id=\"656fd3e6\" data-element_type=\"container\">\n\t\t\t\t\t<div class=\"e-con-inner\">\n\t\t<div class=\"elementor-element elementor-element-2a0da662 e-flex e-con-boxed e-con e-child\" data-id=\"2a0da662\" data-element_type=\"container\">\n\t\t\t\t\t<div class=\"e-con-inner\">\n\t\t\t\t<div class=\"elementor-element elementor-element-60187712 elementor-widget elementor-widget-heading\" data-id=\"60187712\" data-element_type=\"widget\" data-widget_type=\"heading.default\">\n\t\t\t\t<div class=\"elementor-widget-container\">\n\t\t\t\t\t<h2 class=\"elementor-heading-title elementor-size-default\">Preguntas frecuentes<\/h2>\t\t\t\t<\/div>\n\t\t\t\t<\/div>\n\t\t\t\t\t<\/div>\n\t\t\t\t<\/div>\n\t\t<div class=\"elementor-element elementor-element-56accae e-flex e-con-boxed e-con e-child\" data-id=\"56accae\" data-element_type=\"container\">\n\t\t\t\t\t<div class=\"e-con-inner\">\n\t\t\t\t<div class=\"elementor-element elementor-element-5d236e0e elementor-widget elementor-widget-heading\" data-id=\"5d236e0e\" data-element_type=\"widget\" data-widget_type=\"heading.default\">\n\t\t\t\t<div class=\"elementor-widget-container\">\n\t\t\t\t\t<h3 class=\"elementor-heading-title elementor-size-default\">\u00bfEs obligatorio el c\u00f3digo QR en todas las facturas en Espa\u00f1a?<\/h3>\t\t\t\t<\/div>\n\t\t\t\t<\/div>\n\t\t\t\t<div class=\"elementor-element elementor-element-55ec5314 elementor-widget elementor-widget-text-editor\" data-id=\"55ec5314\" data-element_type=\"widget\" data-widget_type=\"text-editor.default\">\n\t\t\t\t<div class=\"elementor-widget-container\">\n\t\t\t\t\t\t\t\t\t<p>S\u00ed, la implementaci\u00f3n de sistemas como <b>Verifactu<\/b> har\u00e1 que el c\u00f3digo QR sea obligatorio en la mayor\u00eda de las facturas emitidas en territorio espa\u00f1ol a partir de las fechas de entrada en vigor (1 de enero de 2026 para sociedades y 1 de julio de 2026 para profesionales y aut\u00f3nomos). Existen excepciones para quienes ya usan el SII o sistemas forales como TicketBAI.<\/p>\t\t\t\t\t\t\t\t<\/div>\n\t\t\t\t<\/div>\n\t\t\t\t\t<\/div>\n\t\t\t\t<\/div>\n\t\t<div class=\"elementor-element elementor-element-5eb9f177 e-flex e-con-boxed e-con e-child\" data-id=\"5eb9f177\" data-element_type=\"container\">\n\t\t\t\t\t<div class=\"e-con-inner\">\n\t\t\t\t<div class=\"elementor-element elementor-element-62f70fe8 elementor-widget elementor-widget-heading\" data-id=\"62f70fe8\" data-element_type=\"widget\" data-widget_type=\"heading.default\">\n\t\t\t\t<div class=\"elementor-widget-container\">\n\t\t\t\t\t<h3 class=\"elementor-heading-title elementor-size-default\">\u00bfQu\u00e9 informaci\u00f3n contiene el c\u00f3digo QR de una factura?<\/h3>\t\t\t\t<\/div>\n\t\t\t\t<\/div>\n\t\t\t\t<div class=\"elementor-element elementor-element-1547dfa3 elementor-widget elementor-widget-text-editor\" data-id=\"1547dfa3\" data-element_type=\"widget\" data-widget_type=\"text-editor.default\">\n\t\t\t\t<div class=\"elementor-widget-container\">\n\t\t\t\t\t\t\t\t\t<p>El c\u00f3digo QR en una factura contiene datos esenciales y codificados como el <b>NIF del emisor y receptor<\/b>, el <b>importe total<\/b>, la <b>fecha de emisi\u00f3n<\/b>, el <b>tipo de factura<\/b>, y a menudo un <b>c\u00f3digo de huella (hash)<\/b> que asegura la integridad y autenticidad del documento. Esta informaci\u00f3n permite una verificaci\u00f3n r\u00e1pida y segura por parte de las autoridades fiscales.<\/p>\t\t\t\t\t\t\t\t<\/div>\n\t\t\t\t<\/div>\n\t\t\t\t\t<\/div>\n\t\t\t\t<\/div>\n\t\t<div class=\"elementor-element elementor-element-3030d56f e-flex e-con-boxed e-con e-child\" data-id=\"3030d56f\" data-element_type=\"container\">\n\t\t\t\t\t<div class=\"e-con-inner\">\n\t\t\t\t<div class=\"elementor-element elementor-element-4653ab32 elementor-widget elementor-widget-heading\" data-id=\"4653ab32\" data-element_type=\"widget\" data-widget_type=\"heading.default\">\n\t\t\t\t<div class=\"elementor-widget-container\">\n\t\t\t\t\t<h3 class=\"elementor-heading-title elementor-size-default\">\u00bfQu\u00e9 pasa si mi software de facturaci\u00f3n no genera el c\u00f3digo QR?<\/h3>\t\t\t\t<\/div>\n\t\t\t\t<\/div>\n\t\t\t\t<div class=\"elementor-element elementor-element-68146df3 elementor-widget elementor-widget-text-editor\" data-id=\"68146df3\" data-element_type=\"widget\" data-widget_type=\"text-editor.default\">\n\t\t\t\t<div class=\"elementor-widget-container\">\n\t\t\t\t\t\t\t\t\t<p>Si tu software de facturaci\u00f3n no genera el c\u00f3digo QR conforme a la normativa, no estar\u00e1s cumpliendo con las nuevas exigencias legales. Es crucial que <b>actualices tu programa o te cambies a una soluci\u00f3n que cumpla con los requisitos de sistemas como Verifactu<\/b>, ya que el incumplimiento puede acarrear sanciones por parte de la Agencia Tributaria.<\/p>\t\t\t\t\t\t\t\t<\/div>\n\t\t\t\t<\/div>\n\t\t\t\t\t<\/div>\n\t\t\t\t<\/div>\n\t\t<div class=\"elementor-element elementor-element-5a05bf86 e-flex e-con-boxed e-con e-child\" data-id=\"5a05bf86\" data-element_type=\"container\">\n\t\t\t\t\t<div class=\"e-con-inner\">\n\t\t\t\t<div class=\"elementor-element elementor-element-165fed70 elementor-widget elementor-widget-heading\" data-id=\"165fed70\" data-element_type=\"widget\" data-widget_type=\"heading.default\">\n\t\t\t\t<div class=\"elementor-widget-container\">\n\t\t\t\t\t<h3 class=\"elementor-heading-title elementor-size-default\">\u00bfPuedo escanear el c\u00f3digo QR de una factura con mi m\u00f3vil?<\/h3>\t\t\t\t<\/div>\n\t\t\t\t<\/div>\n\t\t\t\t<div class=\"elementor-element elementor-element-69b12fea elementor-widget elementor-widget-text-editor\" data-id=\"69b12fea\" data-element_type=\"widget\" data-widget_type=\"text-editor.default\">\n\t\t\t\t<div class=\"elementor-widget-container\">\n\t\t\t\t\t\t\t\t\t<p>S\u00ed, generalmente puedes escanear el c\u00f3digo QR de una factura con la c\u00e1mara de tu smartphone o una aplicaci\u00f3n espec\u00edfica de lectura de c\u00f3digos QR. Dependiendo del sistema, esto podr\u00eda permitirte verificar la validez de la factura o acceder a informaci\u00f3n adicional relevante sobre la misma, aunque su funci\u00f3n principal est\u00e1 ligada a la verificaci\u00f3n fiscal.<\/p>\t\t\t\t\t\t\t\t<\/div>\n\t\t\t\t<\/div>\n\t\t\t\t\t<\/div>\n\t\t\t\t<\/div>\n\t\t<div class=\"elementor-element elementor-element-5055b7c e-flex e-con-boxed e-con e-child\" data-id=\"5055b7c\" data-element_type=\"container\">\n\t\t\t\t\t<div class=\"e-con-inner\">\n\t\t\t\t<div class=\"elementor-element elementor-element-bd91384 elementor-widget elementor-widget-heading\" data-id=\"bd91384\" data-element_type=\"widget\" data-widget_type=\"heading.default\">\n\t\t\t\t<div class=\"elementor-widget-container\">\n\t\t\t\t\t<h3 class=\"elementor-heading-title elementor-size-default\">\u00bfEl c\u00f3digo QR sustituye a la factura electr\u00f3nica?<\/h3>\t\t\t\t<\/div>\n\t\t\t\t<\/div>\n\t\t\t\t<div class=\"elementor-element elementor-element-af99288 elementor-widget elementor-widget-text-editor\" data-id=\"af99288\" data-element_type=\"widget\" data-widget_type=\"text-editor.default\">\n\t\t\t\t<div class=\"elementor-widget-container\">\n\t\t\t\t\t\t\t\t\t<p>No, el c\u00f3digo QR <b>no sustituye a la factura electr\u00f3nica<\/b>, sino que es un <b>elemento complementario<\/b> que a menudo forma parte de ella o de su representaci\u00f3n impresa. La factura electr\u00f3nica es un formato digital de la factura, mientras que el c\u00f3digo QR es una herramienta para facilitar la lectura y verificaci\u00f3n r\u00e1pida de datos contenidos en esa factura, ya sea en formato digital o en papel. Su objetivo es interconectar el documento con los sistemas de control de las autoridades tributarias.<\/p>\t\t\t\t\t\t\t\t<\/div>\n\t\t\t\t<\/div>\n\t\t\t\t\t<\/div>\n\t\t\t\t<\/div>\n\t\t\t\t\t<\/div>\n\t\t\t\t<\/div>\n\t\t<div class=\"elementor-element elementor-element-5617d903 e-flex e-con-boxed e-con e-parent\" data-id=\"5617d903\" data-element_type=\"container\">\n\t\t\t\t\t<div class=\"e-con-inner\">\n\t\t<div class=\"elementor-element elementor-element-36018082 e-con-full e-flex e-con e-child\" data-id=\"36018082\" data-element_type=\"container\">\n\t\t\t\t<div class=\"elementor-element elementor-element-53171242 elementor-widget elementor-widget-spacer\" data-id=\"53171242\" data-element_type=\"widget\" data-widget_type=\"spacer.default\">\n\t\t\t\t<div class=\"elementor-widget-container\">\n\t\t\t\t\t\t\t<div class=\"elementor-spacer\">\n\t\t\t<div class=\"elementor-spacer-inner\"><\/div>\n\t\t<\/div>\n\t\t\t\t\t\t<\/div>\n\t\t\t\t<\/div>\n\t\t\t\t<\/div>\n\t\t<div class=\"elementor-element elementor-element-74c9bca1 e-con-full e-flex e-con e-child\" data-id=\"74c9bca1\" data-element_type=\"container\">\n\t\t\t\t<div class=\"elementor-element elementor-element-42a924a9 elementor-widget elementor-widget-heading\" data-id=\"42a924a9\" data-element_type=\"widget\" data-widget_type=\"heading.default\">\n\t\t\t\t<div class=\"elementor-widget-container\">\n\t\t\t\t\t<h3 class=\"elementor-heading-title elementor-size-default\">No te pierdas...<\/h3>\t\t\t\t<\/div>\n\t\t\t\t<\/div>\n\t\t\t\t<\/div>\n\t\t<div class=\"elementor-element elementor-element-2d744aa2 e-con-full e-flex e-con e-child\" data-id=\"2d744aa2\" data-element_type=\"container\">\n\t\t\t\t<div class=\"elementor-element elementor-element-2151714e elementor-widget elementor-widget-katen-post-five\" data-id=\"2151714e\" data-element_type=\"widget\" data-widget_type=\"katen-post-five.default\">\n\t\t\t\t<div class=\"elementor-widget-container\">\n\t\t\t\t\t\t\t<div class=\"padding-30 rounded bordered\">\n\n\t\t\t<div class=\"row infinite-wrapper\">\n\n\t\t\t\n\t\t\t\t<div class=\"col-md-12 col-sm-6 post-list-item post-item\">\n\t\t\t\t\t<!-- post -->\n\t\t\t\t\t<div class=\"post post-list clearfix\">\n\n\t\t\t\t\t\t<div class=\"thumb rounded\"><div class=\"inner\"><a href=\"https:\/\/finanedi.es\/blog\/verifactu-y-factura-electronica-diferencias\/\"><img decoding=\"async\" width=\"330\" height=\"250\" src=\"https:\/\/finanedi.es\/blog\/contenido\/uploads\/2025\/06\/Diferencias-entre-Verifactu-y-Factura-electronica-330x250.jpg\" class=\"attachment-katen-thumb-list size-katen-thumb-list wp-post-image\" alt=\"Diferencias entre Verifactu y Factura electr\u00f3nica\" \/><\/a><\/div><\/div>  \n\n\t\t\t\t\t\t<div class=\"details clearfix\">\n\t\t\t\t\t\t\t<ul class=\"meta list-inline mb-3\">\n\t\t\t\t\t\t\t\t<li class=\"list-inline-item\"><a href=\"https:\/\/finanedi.es\/blog\/category\/facturacion\/\">Facturaci\u00f3n<\/a><\/li>\t\t\t\t\t\t\t<\/ul>\n\t\t\t\t\t\t\t<h5 class=\"post-title\"><a href=\"https:\/\/finanedi.es\/blog\/verifactu-y-factura-electronica-diferencias\/\">Diferencias entre Verifactu y Factura electr\u00f3nica<\/a><\/h5>\n\t\t\t\t\t\t\t<p class=\"excerpt mb-0\">\n\t\t\t\t\t\t\t\tLa digitalizaci\u00f3n es un tren que ninguna pyme o aut\u00f3nomo puede permitirse perder. Dos t\u00e9rminos&hellip;\t\t\t\t\t\t\t<\/p>\n\t\t\t\t\t\t\t<div class=\"post-bottom clearfix d-flex align-items-center\">\n\t\t\t\t\t\t\t\t\t\t\t\t\t\t\t\t\t\t\t\t\t\t\t<\/div>\n\t\t\t\t\t\t<\/div>\n\t\t\t\t\t<\/div>\n\t\t\t\t<\/div>\n\n\t\t\t\n\t\t\t\t<div class=\"col-md-12 col-sm-6 post-list-item post-item\">\n\t\t\t\t\t<!-- post -->\n\t\t\t\t\t<div class=\"post post-list clearfix\">\n\n\t\t\t\t\t\t<div class=\"thumb rounded\"><div class=\"inner\"><a href=\"https:\/\/finanedi.es\/blog\/errores-comunes-al-emitir-facturas-electronicas-y-como-evitarlos\/\"><img decoding=\"async\" width=\"330\" height=\"250\" src=\"https:\/\/finanedi.es\/blog\/contenido\/uploads\/2025\/08\/Errores-comunes-al-emitir-facturas-electronicas-y-como-evitarlos-330x250.jpg\" class=\"attachment-katen-thumb-list size-katen-thumb-list wp-post-image\" alt=\"Errores comunes al emitir facturas electr\u00f3nicas y c\u00f3mo evitarlos\" \/><\/a><\/div><\/div>  \n\n\t\t\t\t\t\t<div class=\"details clearfix\">\n\t\t\t\t\t\t\t<ul class=\"meta list-inline mb-3\">\n\t\t\t\t\t\t\t\t<li class=\"list-inline-item\"><a href=\"https:\/\/finanedi.es\/blog\/category\/facturacion\/\">Facturaci\u00f3n<\/a><\/li>\t\t\t\t\t\t\t<\/ul>\n\t\t\t\t\t\t\t<h5 class=\"post-title\"><a href=\"https:\/\/finanedi.es\/blog\/errores-comunes-al-emitir-facturas-electronicas-y-como-evitarlos\/\">Errores comunes al emitir facturas electr\u00f3nicas y c\u00f3mo evitarlos<\/a><\/h5>\n\t\t\t\t\t\t\t<p class=\"excerpt mb-0\">\n\t\t\t\t\t\t\t\tLa factura electr\u00f3nica se ha convertido en un pilar fundamental de la gesti\u00f3n empresarial moderna,&hellip;\t\t\t\t\t\t\t<\/p>\n\t\t\t\t\t\t\t<div class=\"post-bottom clearfix d-flex align-items-center\">\n\t\t\t\t\t\t\t\t\t\t\t\t\t\t\t\t\t\t\t\t\t\t\t<\/div>\n\t\t\t\t\t\t<\/div>\n\t\t\t\t\t<\/div>\n\t\t\t\t<\/div>\n\n\t\t\t\n\t\t\t\t<div class=\"col-md-12 col-sm-6 post-list-item post-item\">\n\t\t\t\t\t<!-- post -->\n\t\t\t\t\t<div class=\"post post-list clearfix\">\n\n\t\t\t\t\t\t<div class=\"thumb rounded\"><div class=\"inner\"><a href=\"https:\/\/finanedi.es\/blog\/10-ventajas-de-utilizar-edi-en-tu-negocio\/\"><img loading=\"lazy\" decoding=\"async\" width=\"330\" height=\"250\" src=\"https:\/\/finanedi.es\/blog\/contenido\/uploads\/2024\/03\/shubham-dhage-T9rKvI3N0NM-unsplash-330x250.jpg\" class=\"attachment-katen-thumb-list size-katen-thumb-list wp-post-image\" alt=\"10 ventajas de utilizar EDI en tu negocio\" \/><\/a><\/div><\/div>  \n\n\t\t\t\t\t\t<div class=\"details clearfix\">\n\t\t\t\t\t\t\t<ul class=\"meta list-inline mb-3\">\n\t\t\t\t\t\t\t\t<li class=\"list-inline-item\"><a href=\"https:\/\/finanedi.es\/blog\/category\/facturacion\/\">Facturaci\u00f3n<\/a><\/li>\t\t\t\t\t\t\t<\/ul>\n\t\t\t\t\t\t\t<h5 class=\"post-title\"><a href=\"https:\/\/finanedi.es\/blog\/10-ventajas-de-utilizar-edi-en-tu-negocio\/\">10 ventajas de utilizar EDI en tu negocio<\/a><\/h5>\n\t\t\t\t\t\t\t<p class=\"excerpt mb-0\">\n\t\t\t\t\t\t\t\t\u00bfTe has preguntado alguna vez c\u00f3mo podr\u00edas mejorar la eficiencia y la precisi\u00f3n en el&hellip;\t\t\t\t\t\t\t<\/p>\n\t\t\t\t\t\t\t<div class=\"post-bottom clearfix d-flex align-items-center\">\n\t\t\t\t\t\t\t\t\t\t\t\t\t\t\t\t\t\t\t\t\t\t\t<\/div>\n\t\t\t\t\t\t<\/div>\n\t\t\t\t\t<\/div>\n\t\t\t\t<\/div>\n\n\t\t\t\n\t\t\t\t<div class=\"col-md-12 col-sm-6 post-list-item post-item\">\n\t\t\t\t\t<!-- post -->\n\t\t\t\t\t<div class=\"post post-list clearfix\">\n\n\t\t\t\t\t\t<div class=\"thumb rounded\"><div class=\"inner\"><a href=\"https:\/\/finanedi.es\/blog\/los-mejores-erp-para-autonomos-en-2024-top-5-opciones\/\"><img loading=\"lazy\" decoding=\"async\" width=\"330\" height=\"250\" src=\"https:\/\/finanedi.es\/blog\/contenido\/uploads\/2024\/07\/top-5-ERP-autonomos-330x250.jpg\" class=\"attachment-katen-thumb-list size-katen-thumb-list wp-post-image\" alt=\"Mejores ERP para aut\u00f3nomos\" \/><\/a><\/div><\/div>  \n\n\t\t\t\t\t\t<div class=\"details clearfix\">\n\t\t\t\t\t\t\t<ul class=\"meta list-inline mb-3\">\n\t\t\t\t\t\t\t\t<li class=\"list-inline-item\"><a href=\"https:\/\/finanedi.es\/blog\/category\/facturacion\/\">Facturaci\u00f3n<\/a><\/li>\t\t\t\t\t\t\t<\/ul>\n\t\t\t\t\t\t\t<h5 class=\"post-title\"><a href=\"https:\/\/finanedi.es\/blog\/los-mejores-erp-para-autonomos-en-2024-top-5-opciones\/\">Los mejores ERP para aut\u00f3nomos en 2025: Top 5 opciones<\/a><\/h5>\n\t\t\t\t\t\t\t<p class=\"excerpt mb-0\">\n\t\t\t\t\t\t\t\tEn el mundo actual, los aut\u00f3nomos enfrentan desaf\u00edos \u00fanicos en la gesti\u00f3n de sus negocios.&hellip;\t\t\t\t\t\t\t<\/p>\n\t\t\t\t\t\t\t<div class=\"post-bottom clearfix d-flex align-items-center\">\n\t\t\t\t\t\t\t\t\t\t\t\t\t\t\t\t\t\t\t\t\t\t\t<\/div>\n\t\t\t\t\t\t<\/div>\n\t\t\t\t\t<\/div>\n\t\t\t\t<\/div>\n\n\t\t\t\n\t\t\t<\/div>\n\n\t\t<\/div>\n\t\t\n        \t\t\t\t<\/div>\n\t\t\t\t<\/div>\n\t\t\t\t<\/div>\n\t\t\t\t\t<\/div>\n\t\t\t\t<\/div>\n\t\t\t\t<\/div>\n\t\t","protected":false},"excerpt":{"rendered":"<p>En la era digital, la forma en que gestionamos nuestras finanzas y obligaciones fiscales est\u00e1 en constante evoluci\u00f3n. Una de las innovaciones m\u00e1s recientes y relevantes que seguramente comenzar\u00e1s a ver, o incluso ya est\u00e1s utilizando, es la inclusi\u00f3n del C\u00f3digo QR en las facturas. Pero, \u00bfqu\u00e9 significa realmente este peque\u00f1o cuadrado pixelado para tu negocio? En FinanEDI, te desglosamos todo lo que necesitas saber.<\/p>\n","protected":false},"author":3,"featured_media":11373,"comment_status":"closed","ping_status":"open","sticky":false,"template":"","format":"standard","meta":{"_monsterinsights_skip_tracking":false,"_monsterinsights_sitenote_active":false,"_monsterinsights_sitenote_note":"","_monsterinsights_sitenote_category":0,"footnotes":""},"categories":[4],"tags":[],"class_list":["post-11369","post","type-post","status-publish","format-standard","has-post-thumbnail","hentry","category-facturacion"],"yoast_head":"<!-- This site is optimized with the Yoast SEO plugin v26.2 - https:\/\/yoast.com\/wordpress\/plugins\/seo\/ -->\n<title>El C\u00f3digo QR en tus facturas: \u00bfQu\u00e9 es, para qu\u00e9 sirve y c\u00f3mo te afecta?<\/title>\n<meta name=\"description\" content=\"Descubre el c\u00f3digo QR en facturas: qu\u00e9 es, c\u00f3mo funciona y por qu\u00e9 es clave para tu negocio con Verifactu. \u00a1Optimiza tu gesti\u00f3n fiscal ahora!\" \/>\n<meta name=\"robots\" content=\"index, follow, max-snippet:-1, max-image-preview:large, max-video-preview:-1\" \/>\n<link rel=\"canonical\" href=\"https:\/\/finanedi.es\/blog\/el-codigo-qr-en-tus-facturas-que-es-para-que-sirve-y-como-te-afecta\/\" \/>\n<meta property=\"og:locale\" content=\"es_ES\" \/>\n<meta property=\"og:type\" content=\"article\" \/>\n<meta property=\"og:title\" content=\"El C\u00f3digo QR en tus facturas: \u00bfQu\u00e9 es, para qu\u00e9 sirve y c\u00f3mo te afecta?\" \/>\n<meta property=\"og:description\" content=\"Descubre el c\u00f3digo QR en facturas: qu\u00e9 es, c\u00f3mo funciona y por qu\u00e9 es clave para tu negocio con Verifactu. \u00a1Optimiza tu gesti\u00f3n fiscal ahora!\" \/>\n<meta property=\"og:url\" content=\"https:\/\/finanedi.es\/blog\/el-codigo-qr-en-tus-facturas-que-es-para-que-sirve-y-como-te-afecta\/\" \/>\n<meta property=\"og:site_name\" content=\"Blog para pymes y aut\u00f3nomos - FinanEDI\" \/>\n<meta property=\"article:published_time\" content=\"2025-07-10T09:50:20+00:00\" \/>\n<meta property=\"article:modified_time\" content=\"2025-07-10T09:56:03+00:00\" \/>\n<meta property=\"og:image\" content=\"https:\/\/finanedi.es\/blog\/contenido\/uploads\/2025\/07\/Codigo-QR-en-tus-facturas.jpg\" \/>\n\t<meta property=\"og:image:width\" content=\"2000\" \/>\n\t<meta property=\"og:image:height\" content=\"1333\" \/>\n\t<meta property=\"og:image:type\" content=\"image\/jpeg\" \/>\n<meta name=\"author\" content=\"restevez\" \/>\n<meta name=\"twitter:card\" content=\"summary_large_image\" \/>\n<meta name=\"twitter:label1\" content=\"Escrito por\" \/>\n\t<meta name=\"twitter:data1\" content=\"restevez\" \/>\n\t<meta name=\"twitter:label2\" content=\"Tiempo de lectura\" \/>\n\t<meta name=\"twitter:data2\" content=\"8 minutos\" \/>\n<script type=\"application\/ld+json\" class=\"yoast-schema-graph\">{\"@context\":\"https:\/\/schema.org\",\"@graph\":[{\"@type\":\"Article\",\"@id\":\"https:\/\/finanedi.es\/blog\/el-codigo-qr-en-tus-facturas-que-es-para-que-sirve-y-como-te-afecta\/#article\",\"isPartOf\":{\"@id\":\"https:\/\/finanedi.es\/blog\/el-codigo-qr-en-tus-facturas-que-es-para-que-sirve-y-como-te-afecta\/\"},\"author\":{\"name\":\"restevez\",\"@id\":\"https:\/\/finanedi.es\/blog\/#\/schema\/person\/233ed58195d34f36f74f13ba1030ebd8\"},\"headline\":\"El C\u00f3digo QR en tus facturas: \u00bfQu\u00e9 es, para qu\u00e9 sirve y c\u00f3mo te afecta?\",\"datePublished\":\"2025-07-10T09:50:20+00:00\",\"dateModified\":\"2025-07-10T09:56:03+00:00\",\"mainEntityOfPage\":{\"@id\":\"https:\/\/finanedi.es\/blog\/el-codigo-qr-en-tus-facturas-que-es-para-que-sirve-y-como-te-afecta\/\"},\"wordCount\":1625,\"publisher\":{\"@id\":\"https:\/\/finanedi.es\/blog\/#organization\"},\"image\":{\"@id\":\"https:\/\/finanedi.es\/blog\/el-codigo-qr-en-tus-facturas-que-es-para-que-sirve-y-como-te-afecta\/#primaryimage\"},\"thumbnailUrl\":\"https:\/\/finanedi.es\/blog\/contenido\/uploads\/2025\/07\/Codigo-QR-en-tus-facturas.jpg\",\"articleSection\":[\"Facturaci\u00f3n\"],\"inLanguage\":\"es\"},{\"@type\":\"WebPage\",\"@id\":\"https:\/\/finanedi.es\/blog\/el-codigo-qr-en-tus-facturas-que-es-para-que-sirve-y-como-te-afecta\/\",\"url\":\"https:\/\/finanedi.es\/blog\/el-codigo-qr-en-tus-facturas-que-es-para-que-sirve-y-como-te-afecta\/\",\"name\":\"El C\u00f3digo QR en tus facturas: \u00bfQu\u00e9 es, para qu\u00e9 sirve y c\u00f3mo te afecta?\",\"isPartOf\":{\"@id\":\"https:\/\/finanedi.es\/blog\/#website\"},\"primaryImageOfPage\":{\"@id\":\"https:\/\/finanedi.es\/blog\/el-codigo-qr-en-tus-facturas-que-es-para-que-sirve-y-como-te-afecta\/#primaryimage\"},\"image\":{\"@id\":\"https:\/\/finanedi.es\/blog\/el-codigo-qr-en-tus-facturas-que-es-para-que-sirve-y-como-te-afecta\/#primaryimage\"},\"thumbnailUrl\":\"https:\/\/finanedi.es\/blog\/contenido\/uploads\/2025\/07\/Codigo-QR-en-tus-facturas.jpg\",\"datePublished\":\"2025-07-10T09:50:20+00:00\",\"dateModified\":\"2025-07-10T09:56:03+00:00\",\"description\":\"Descubre el c\u00f3digo QR en facturas: qu\u00e9 es, c\u00f3mo funciona y por qu\u00e9 es clave para tu negocio con Verifactu. \u00a1Optimiza tu gesti\u00f3n fiscal ahora!\",\"breadcrumb\":{\"@id\":\"https:\/\/finanedi.es\/blog\/el-codigo-qr-en-tus-facturas-que-es-para-que-sirve-y-como-te-afecta\/#breadcrumb\"},\"inLanguage\":\"es\",\"potentialAction\":[{\"@type\":\"ReadAction\",\"target\":[\"https:\/\/finanedi.es\/blog\/el-codigo-qr-en-tus-facturas-que-es-para-que-sirve-y-como-te-afecta\/\"]}]},{\"@type\":\"ImageObject\",\"inLanguage\":\"es\",\"@id\":\"https:\/\/finanedi.es\/blog\/el-codigo-qr-en-tus-facturas-que-es-para-que-sirve-y-como-te-afecta\/#primaryimage\",\"url\":\"https:\/\/finanedi.es\/blog\/contenido\/uploads\/2025\/07\/Codigo-QR-en-tus-facturas.jpg\",\"contentUrl\":\"https:\/\/finanedi.es\/blog\/contenido\/uploads\/2025\/07\/Codigo-QR-en-tus-facturas.jpg\",\"width\":2000,\"height\":1333,\"caption\":\"C\u00f3digo QR en tus facturas\"},{\"@type\":\"BreadcrumbList\",\"@id\":\"https:\/\/finanedi.es\/blog\/el-codigo-qr-en-tus-facturas-que-es-para-que-sirve-y-como-te-afecta\/#breadcrumb\",\"itemListElement\":[{\"@type\":\"ListItem\",\"position\":1,\"name\":\"Home\",\"item\":\"https:\/\/finanedi.es\/blog\/\"},{\"@type\":\"ListItem\",\"position\":2,\"name\":\"El C\u00f3digo QR en tus facturas: \u00bfQu\u00e9 es, para qu\u00e9 sirve y c\u00f3mo te afecta?\"}]},{\"@type\":\"WebSite\",\"@id\":\"https:\/\/finanedi.es\/blog\/#website\",\"url\":\"https:\/\/finanedi.es\/blog\/\",\"name\":\"Blog para pymes y aut\u00f3nomos - FinanEDI\",\"description\":\"Blog para aut\u00f3nomos y PYMES, sobre temas como facturaci\u00f3n, contabilidad, tecnolog\u00eda.\",\"publisher\":{\"@id\":\"https:\/\/finanedi.es\/blog\/#organization\"},\"potentialAction\":[{\"@type\":\"SearchAction\",\"target\":{\"@type\":\"EntryPoint\",\"urlTemplate\":\"https:\/\/finanedi.es\/blog\/?s={search_term_string}\"},\"query-input\":{\"@type\":\"PropertyValueSpecification\",\"valueRequired\":true,\"valueName\":\"search_term_string\"}}],\"inLanguage\":\"es\"},{\"@type\":\"Organization\",\"@id\":\"https:\/\/finanedi.es\/blog\/#organization\",\"name\":\"Blog para pymes y aut\u00f3nomos - FinanEDI\",\"url\":\"https:\/\/finanedi.es\/blog\/\",\"logo\":{\"@type\":\"ImageObject\",\"inLanguage\":\"es\",\"@id\":\"https:\/\/finanedi.es\/blog\/#\/schema\/logo\/image\/\",\"url\":\"https:\/\/finanedi.es\/blog\/contenido\/uploads\/2024\/02\/FinanEdiAzul1.svg\",\"contentUrl\":\"https:\/\/finanedi.es\/blog\/contenido\/uploads\/2024\/02\/FinanEdiAzul1.svg\",\"width\":142,\"height\":36,\"caption\":\"Blog para pymes y aut\u00f3nomos - FinanEDI\"},\"image\":{\"@id\":\"https:\/\/finanedi.es\/blog\/#\/schema\/logo\/image\/\"}},{\"@type\":\"Person\",\"@id\":\"https:\/\/finanedi.es\/blog\/#\/schema\/person\/233ed58195d34f36f74f13ba1030ebd8\",\"name\":\"restevez\",\"image\":{\"@type\":\"ImageObject\",\"inLanguage\":\"es\",\"@id\":\"https:\/\/finanedi.es\/blog\/#\/schema\/person\/image\/\",\"url\":\"https:\/\/secure.gravatar.com\/avatar\/6c4880db9746e4aa887a98e0ebf657788804dc4280120ef10331a2e6ebb4a9a0?s=96&d=mm&r=g\",\"contentUrl\":\"https:\/\/secure.gravatar.com\/avatar\/6c4880db9746e4aa887a98e0ebf657788804dc4280120ef10331a2e6ebb4a9a0?s=96&d=mm&r=g\",\"caption\":\"restevez\"},\"url\":\"https:\/\/finanedi.es\/blog\/author\/restevez\/\"}]}<\/script>\n<!-- \/ Yoast SEO plugin. -->","yoast_head_json":{"title":"El C\u00f3digo QR en tus facturas: \u00bfQu\u00e9 es, para qu\u00e9 sirve y c\u00f3mo te afecta?","description":"Descubre el c\u00f3digo QR en facturas: qu\u00e9 es, c\u00f3mo funciona y por qu\u00e9 es clave para tu negocio con Verifactu. \u00a1Optimiza tu gesti\u00f3n fiscal ahora!","robots":{"index":"index","follow":"follow","max-snippet":"max-snippet:-1","max-image-preview":"max-image-preview:large","max-video-preview":"max-video-preview:-1"},"canonical":"https:\/\/finanedi.es\/blog\/el-codigo-qr-en-tus-facturas-que-es-para-que-sirve-y-como-te-afecta\/","og_locale":"es_ES","og_type":"article","og_title":"El C\u00f3digo QR en tus facturas: \u00bfQu\u00e9 es, para qu\u00e9 sirve y c\u00f3mo te afecta?","og_description":"Descubre el c\u00f3digo QR en facturas: qu\u00e9 es, c\u00f3mo funciona y por qu\u00e9 es clave para tu negocio con Verifactu. \u00a1Optimiza tu gesti\u00f3n fiscal ahora!","og_url":"https:\/\/finanedi.es\/blog\/el-codigo-qr-en-tus-facturas-que-es-para-que-sirve-y-como-te-afecta\/","og_site_name":"Blog para pymes y aut\u00f3nomos - FinanEDI","article_published_time":"2025-07-10T09:50:20+00:00","article_modified_time":"2025-07-10T09:56:03+00:00","og_image":[{"width":2000,"height":1333,"url":"https:\/\/finanedi.es\/blog\/contenido\/uploads\/2025\/07\/Codigo-QR-en-tus-facturas.jpg","type":"image\/jpeg"}],"author":"restevez","twitter_card":"summary_large_image","twitter_misc":{"Escrito por":"restevez","Tiempo de lectura":"8 minutos"},"schema":{"@context":"https:\/\/schema.org","@graph":[{"@type":"Article","@id":"https:\/\/finanedi.es\/blog\/el-codigo-qr-en-tus-facturas-que-es-para-que-sirve-y-como-te-afecta\/#article","isPartOf":{"@id":"https:\/\/finanedi.es\/blog\/el-codigo-qr-en-tus-facturas-que-es-para-que-sirve-y-como-te-afecta\/"},"author":{"name":"restevez","@id":"https:\/\/finanedi.es\/blog\/#\/schema\/person\/233ed58195d34f36f74f13ba1030ebd8"},"headline":"El C\u00f3digo QR en tus facturas: \u00bfQu\u00e9 es, para qu\u00e9 sirve y c\u00f3mo te afecta?","datePublished":"2025-07-10T09:50:20+00:00","dateModified":"2025-07-10T09:56:03+00:00","mainEntityOfPage":{"@id":"https:\/\/finanedi.es\/blog\/el-codigo-qr-en-tus-facturas-que-es-para-que-sirve-y-como-te-afecta\/"},"wordCount":1625,"publisher":{"@id":"https:\/\/finanedi.es\/blog\/#organization"},"image":{"@id":"https:\/\/finanedi.es\/blog\/el-codigo-qr-en-tus-facturas-que-es-para-que-sirve-y-como-te-afecta\/#primaryimage"},"thumbnailUrl":"https:\/\/finanedi.es\/blog\/contenido\/uploads\/2025\/07\/Codigo-QR-en-tus-facturas.jpg","articleSection":["Facturaci\u00f3n"],"inLanguage":"es"},{"@type":"WebPage","@id":"https:\/\/finanedi.es\/blog\/el-codigo-qr-en-tus-facturas-que-es-para-que-sirve-y-como-te-afecta\/","url":"https:\/\/finanedi.es\/blog\/el-codigo-qr-en-tus-facturas-que-es-para-que-sirve-y-como-te-afecta\/","name":"El C\u00f3digo QR en tus facturas: \u00bfQu\u00e9 es, para qu\u00e9 sirve y c\u00f3mo te afecta?","isPartOf":{"@id":"https:\/\/finanedi.es\/blog\/#website"},"primaryImageOfPage":{"@id":"https:\/\/finanedi.es\/blog\/el-codigo-qr-en-tus-facturas-que-es-para-que-sirve-y-como-te-afecta\/#primaryimage"},"image":{"@id":"https:\/\/finanedi.es\/blog\/el-codigo-qr-en-tus-facturas-que-es-para-que-sirve-y-como-te-afecta\/#primaryimage"},"thumbnailUrl":"https:\/\/finanedi.es\/blog\/contenido\/uploads\/2025\/07\/Codigo-QR-en-tus-facturas.jpg","datePublished":"2025-07-10T09:50:20+00:00","dateModified":"2025-07-10T09:56:03+00:00","description":"Descubre el c\u00f3digo QR en facturas: qu\u00e9 es, c\u00f3mo funciona y por qu\u00e9 es clave para tu negocio con Verifactu. \u00a1Optimiza tu gesti\u00f3n fiscal ahora!","breadcrumb":{"@id":"https:\/\/finanedi.es\/blog\/el-codigo-qr-en-tus-facturas-que-es-para-que-sirve-y-como-te-afecta\/#breadcrumb"},"inLanguage":"es","potentialAction":[{"@type":"ReadAction","target":["https:\/\/finanedi.es\/blog\/el-codigo-qr-en-tus-facturas-que-es-para-que-sirve-y-como-te-afecta\/"]}]},{"@type":"ImageObject","inLanguage":"es","@id":"https:\/\/finanedi.es\/blog\/el-codigo-qr-en-tus-facturas-que-es-para-que-sirve-y-como-te-afecta\/#primaryimage","url":"https:\/\/finanedi.es\/blog\/contenido\/uploads\/2025\/07\/Codigo-QR-en-tus-facturas.jpg","contentUrl":"https:\/\/finanedi.es\/blog\/contenido\/uploads\/2025\/07\/Codigo-QR-en-tus-facturas.jpg","width":2000,"height":1333,"caption":"C\u00f3digo QR en tus facturas"},{"@type":"BreadcrumbList","@id":"https:\/\/finanedi.es\/blog\/el-codigo-qr-en-tus-facturas-que-es-para-que-sirve-y-como-te-afecta\/#breadcrumb","itemListElement":[{"@type":"ListItem","position":1,"name":"Home","item":"https:\/\/finanedi.es\/blog\/"},{"@type":"ListItem","position":2,"name":"El C\u00f3digo QR en tus facturas: \u00bfQu\u00e9 es, para qu\u00e9 sirve y c\u00f3mo te afecta?"}]},{"@type":"WebSite","@id":"https:\/\/finanedi.es\/blog\/#website","url":"https:\/\/finanedi.es\/blog\/","name":"Blog para pymes y aut\u00f3nomos - FinanEDI","description":"Blog para aut\u00f3nomos y PYMES, sobre temas como facturaci\u00f3n, contabilidad, tecnolog\u00eda.","publisher":{"@id":"https:\/\/finanedi.es\/blog\/#organization"},"potentialAction":[{"@type":"SearchAction","target":{"@type":"EntryPoint","urlTemplate":"https:\/\/finanedi.es\/blog\/?s={search_term_string}"},"query-input":{"@type":"PropertyValueSpecification","valueRequired":true,"valueName":"search_term_string"}}],"inLanguage":"es"},{"@type":"Organization","@id":"https:\/\/finanedi.es\/blog\/#organization","name":"Blog para pymes y aut\u00f3nomos - FinanEDI","url":"https:\/\/finanedi.es\/blog\/","logo":{"@type":"ImageObject","inLanguage":"es","@id":"https:\/\/finanedi.es\/blog\/#\/schema\/logo\/image\/","url":"https:\/\/finanedi.es\/blog\/contenido\/uploads\/2024\/02\/FinanEdiAzul1.svg","contentUrl":"https:\/\/finanedi.es\/blog\/contenido\/uploads\/2024\/02\/FinanEdiAzul1.svg","width":142,"height":36,"caption":"Blog para pymes y aut\u00f3nomos - FinanEDI"},"image":{"@id":"https:\/\/finanedi.es\/blog\/#\/schema\/logo\/image\/"}},{"@type":"Person","@id":"https:\/\/finanedi.es\/blog\/#\/schema\/person\/233ed58195d34f36f74f13ba1030ebd8","name":"restevez","image":{"@type":"ImageObject","inLanguage":"es","@id":"https:\/\/finanedi.es\/blog\/#\/schema\/person\/image\/","url":"https:\/\/secure.gravatar.com\/avatar\/6c4880db9746e4aa887a98e0ebf657788804dc4280120ef10331a2e6ebb4a9a0?s=96&d=mm&r=g","contentUrl":"https:\/\/secure.gravatar.com\/avatar\/6c4880db9746e4aa887a98e0ebf657788804dc4280120ef10331a2e6ebb4a9a0?s=96&d=mm&r=g","caption":"restevez"},"url":"https:\/\/finanedi.es\/blog\/author\/restevez\/"}]}},"_links":{"self":[{"href":"https:\/\/finanedi.es\/blog\/wp-json\/wp\/v2\/posts\/11369","targetHints":{"allow":["GET"]}}],"collection":[{"href":"https:\/\/finanedi.es\/blog\/wp-json\/wp\/v2\/posts"}],"about":[{"href":"https:\/\/finanedi.es\/blog\/wp-json\/wp\/v2\/types\/post"}],"author":[{"embeddable":true,"href":"https:\/\/finanedi.es\/blog\/wp-json\/wp\/v2\/users\/3"}],"replies":[{"embeddable":true,"href":"https:\/\/finanedi.es\/blog\/wp-json\/wp\/v2\/comments?post=11369"}],"version-history":[{"count":6,"href":"https:\/\/finanedi.es\/blog\/wp-json\/wp\/v2\/posts\/11369\/revisions"}],"predecessor-version":[{"id":11376,"href":"https:\/\/finanedi.es\/blog\/wp-json\/wp\/v2\/posts\/11369\/revisions\/11376"}],"wp:featuredmedia":[{"embeddable":true,"href":"https:\/\/finanedi.es\/blog\/wp-json\/wp\/v2\/media\/11373"}],"wp:attachment":[{"href":"https:\/\/finanedi.es\/blog\/wp-json\/wp\/v2\/media?parent=11369"}],"wp:term":[{"taxonomy":"category","embeddable":true,"href":"https:\/\/finanedi.es\/blog\/wp-json\/wp\/v2\/categories?post=11369"},{"taxonomy":"post_tag","embeddable":true,"href":"https:\/\/finanedi.es\/blog\/wp-json\/wp\/v2\/tags?post=11369"}],"curies":[{"name":"wp","href":"https:\/\/api.w.org\/{rel}","templated":true}]}}