{"id":11378,"date":"2025-07-11T08:45:45","date_gmt":"2025-07-11T06:45:45","guid":{"rendered":"https:\/\/finanedi.es\/blog\/?p=11378"},"modified":"2025-08-04T09:01:46","modified_gmt":"2025-08-04T07:01:46","slug":"verifactu-no-es-el-enemigo-como-convertir-la-obligacion-en-una-ventaja-competitiva","status":"publish","type":"post","link":"https:\/\/finanedi.es\/blog\/verifactu-no-es-el-enemigo-como-convertir-la-obligacion-en-una-ventaja-competitiva\/","title":{"rendered":"VeriFactu no es el enemigo: c\u00f3mo convertir la obligaci\u00f3n en una ventaja competitiva"},"content":{"rendered":"\t\t<div data-elementor-type=\"wp-post\" data-elementor-id=\"11378\" class=\"elementor elementor-11378\">\n\t\t\t\t<div class=\"elementor-element elementor-element-5ee3409 e-flex e-con-boxed e-con e-parent\" data-id=\"5ee3409\" data-element_type=\"container\">\n\t\t\t\t\t<div class=\"e-con-inner\">\n\t\t\t\t<div class=\"elementor-element elementor-element-da1973f elementor-widget elementor-widget-text-editor\" data-id=\"da1973f\" data-element_type=\"widget\" data-widget_type=\"text-editor.default\">\n\t\t\t\t<div class=\"elementor-widget-container\">\n\t\t\t\t\t\t\t\t\t<p data-start=\"310\" data-end=\"503\">Desde que se anunci\u00f3 la obligatoriedad de VeriFactu, muchas empresas han reaccionado con preocupaci\u00f3n: <em data-start=\"413\" data-end=\"503\">\u00bfQu\u00e9 tengo que hacer? \u00bfCu\u00e1ndo entra en vigor? \u00bfPuedo seguir usando mi software habitual?<\/em><\/p><p data-start=\"505\" data-end=\"747\">El problema no es la norma. El verdadero desaf\u00edo es c\u00f3mo gestionan sus procesos muchas pymes y aut\u00f3nomos. En este art\u00edculo te proponemos darle la vuelta a la situaci\u00f3n: <strong data-start=\"674\" data-end=\"747\">\u00bfy si en lugar de resistirse al cambio, lo aprovechamos para mejorar?<\/strong><\/p>\t\t\t\t\t\t\t\t<\/div>\n\t\t\t\t<\/div>\n\t\t\t\t\t<\/div>\n\t\t\t\t<\/div>\n\t\t<div class=\"elementor-element elementor-element-4ab14d9 e-flex e-con-boxed e-con e-parent\" data-id=\"4ab14d9\" data-element_type=\"container\">\n\t\t\t\t\t<div class=\"e-con-inner\">\n\t\t\t\t<div class=\"elementor-element elementor-element-5a7a52b elementor-widget elementor-widget-heading\" data-id=\"5a7a52b\" data-element_type=\"widget\" data-widget_type=\"heading.default\">\n\t\t\t\t<div class=\"elementor-widget-container\">\n\t\t\t\t\t<h2 class=\"elementor-heading-title elementor-size-default\">\u00bfQu\u00e9 es VeriFactu y por qu\u00e9 genera tanto ruido?<\/h2>\t\t\t\t<\/div>\n\t\t\t\t<\/div>\n\t\t\t\t\t<\/div>\n\t\t\t\t<\/div>\n\t\t<div class=\"elementor-element elementor-element-38731a1 e-flex e-con-boxed e-con e-parent\" data-id=\"38731a1\" data-element_type=\"container\">\n\t\t\t\t\t<div class=\"e-con-inner\">\n\t\t\t\t<div class=\"elementor-element elementor-element-5a71e50 elementor-widget elementor-widget-text-editor\" data-id=\"5a71e50\" data-element_type=\"widget\" data-widget_type=\"text-editor.default\">\n\t\t\t\t<div class=\"elementor-widget-container\">\n\t\t\t\t\t\t\t\t\t<p data-start=\"806\" data-end=\"1048\">VeriFactu es el sistema impulsado por la Agencia Tributaria para garantizar la integridad, conservaci\u00f3n y trazabilidad de las facturas. El objetivo es claro: luchar contra el fraude fiscal y asegurar que las empresas declaren lo que facturan.<\/p><p data-start=\"1050\" data-end=\"1234\">Para cumplir, las empresas deber\u00e1n utilizar programas de facturaci\u00f3n que generen facturas electr\u00f3nicas estructuradas y que, si as\u00ed lo indican, las comuniquen en tiempo real a Hacienda.<\/p><p data-start=\"1236\" data-end=\"1347\">Pero el problema no est\u00e1 solo en la norma. <strong data-start=\"1279\" data-end=\"1347\">Est\u00e1 en que muchos negocios siguen facturando como hace 15 a\u00f1os.<\/strong><\/p>\t\t\t\t\t\t\t\t<\/div>\n\t\t\t\t<\/div>\n\t\t\t\t\t<\/div>\n\t\t\t\t<\/div>\n\t\t<div class=\"elementor-element elementor-element-22f18948 e-flex e-con-boxed e-con e-parent\" data-id=\"22f18948\" data-element_type=\"container\">\n\t\t\t\t\t<div class=\"e-con-inner\">\n\t\t\t\t<div class=\"elementor-element elementor-element-94c8e42 elementor-widget elementor-widget-text-editor\" data-id=\"94c8e42\" data-element_type=\"widget\" data-widget_type=\"text-editor.default\">\n\t\t\t\t<div class=\"elementor-widget-container\">\n\t\t\t\t\t\t\t\t\t<p><strong>\ud83d\udcc4 Art\u00edculo relacionado<\/strong>:\u00a0<a href=\"https:\/\/finanedi.es\/blog\/verifactu-el-nuevo-horizonte-de-la-facturacion-para-pymes-y-autonomos\/\" target=\"_blank\" rel=\"noopener\">Verifactu: El nuevo horizonte de la facturaci\u00f3n para pymes y aut\u00f3nomos<\/a><\/p>\t\t\t\t\t\t\t\t<\/div>\n\t\t\t\t<\/div>\n\t\t\t\t\t<\/div>\n\t\t\t\t<\/div>\n\t\t<div class=\"elementor-element elementor-element-b87fb1a e-flex e-con-boxed e-con e-parent\" data-id=\"b87fb1a\" data-element_type=\"container\">\n\t\t\t\t\t<div class=\"e-con-inner\">\n\t\t\t\t<div class=\"elementor-element elementor-element-d28d547 elementor-widget elementor-widget-spacer\" data-id=\"d28d547\" data-element_type=\"widget\" data-widget_type=\"spacer.default\">\n\t\t\t\t<div class=\"elementor-widget-container\">\n\t\t\t\t\t\t\t<div class=\"elementor-spacer\">\n\t\t\t<div class=\"elementor-spacer-inner\"><\/div>\n\t\t<\/div>\n\t\t\t\t\t\t<\/div>\n\t\t\t\t<\/div>\n\t\t\t\t\t<\/div>\n\t\t\t\t<\/div>\n\t\t<div class=\"elementor-element elementor-element-2318c93 e-flex e-con-boxed e-con e-parent\" data-id=\"2318c93\" data-element_type=\"container\">\n\t\t\t\t\t<div class=\"e-con-inner\">\n\t\t\t\t<div class=\"elementor-element elementor-element-060cffb elementor-widget elementor-widget-heading\" data-id=\"060cffb\" data-element_type=\"widget\" data-widget_type=\"heading.default\">\n\t\t\t\t<div class=\"elementor-widget-container\">\n\t\t\t\t\t<h2 class=\"elementor-heading-title elementor-size-default\">El verdadero problema: la falta de digitalizaci\u00f3n<\/h2>\t\t\t\t<\/div>\n\t\t\t\t<\/div>\n\t\t\t\t\t<\/div>\n\t\t\t\t<\/div>\n\t\t<div class=\"elementor-element elementor-element-829725b e-flex e-con-boxed e-con e-parent\" data-id=\"829725b\" data-element_type=\"container\">\n\t\t\t\t\t<div class=\"e-con-inner\">\n\t\t\t\t<div class=\"elementor-element elementor-element-909a5db elementor-widget elementor-widget-text-editor\" data-id=\"909a5db\" data-element_type=\"widget\" data-widget_type=\"text-editor.default\">\n\t\t\t\t<div class=\"elementor-widget-container\">\n\t\t\t\t\t\t\t\t\t<p data-start=\"1408\" data-end=\"1423\">\u00bfTe suena esto?<\/p><ul data-start=\"1425\" data-end=\"1638\"><li data-start=\"1425\" data-end=\"1472\"><p data-start=\"1427\" data-end=\"1472\">Facturas en Excel sin control de versiones.<\/p><\/li><li data-start=\"1473\" data-end=\"1521\"><p data-start=\"1475\" data-end=\"1521\">Archivos PDF enviados manualmente por email.<\/p><\/li><li data-start=\"1522\" data-end=\"1564\"><p data-start=\"1524\" data-end=\"1564\">P\u00e9rdidas de tiempo conciliando cobros.<\/p><\/li><li data-start=\"1565\" data-end=\"1638\"><p data-start=\"1567\" data-end=\"1638\">Ninguna trazabilidad sobre cu\u00e1ndo se envi\u00f3 una factura, ni si se cobr\u00f3.<\/p><\/li><\/ul>\t\t\t\t\t\t\t\t<\/div>\n\t\t\t\t<\/div>\n\t\t\t\t\t<\/div>\n\t\t\t\t<\/div>\n\t\t<div class=\"elementor-element elementor-element-ac4cc87 e-flex e-con-boxed e-con e-parent\" data-id=\"ac4cc87\" data-element_type=\"container\">\n\t\t\t\t\t<div class=\"e-con-inner\">\n\t\t\t\t<div class=\"elementor-element elementor-element-29842c5 elementor-widget elementor-widget-text-editor\" data-id=\"29842c5\" data-element_type=\"widget\" data-widget_type=\"text-editor.default\">\n\t\t\t\t<div class=\"elementor-widget-container\">\n\t\t\t\t\t\t\t\t\t<p>VeriFactu no es m\u00e1s que un reflejo de una realidad: <strong data-start=\"1692\" data-end=\"1774\">la gesti\u00f3n financiera de muchas pymes sigue siendo manual, lenta e ineficiente<\/strong>.<\/p>\t\t\t\t\t\t\t\t<\/div>\n\t\t\t\t<\/div>\n\t\t\t\t\t<\/div>\n\t\t\t\t<\/div>\n\t\t<div class=\"elementor-element elementor-element-63878a3 e-flex e-con-boxed e-con e-parent\" data-id=\"63878a3\" data-element_type=\"container\">\n\t\t\t\t\t<div class=\"e-con-inner\">\n\t\t\t\t<div class=\"elementor-element elementor-element-553feb8 elementor-widget elementor-widget-spacer\" data-id=\"553feb8\" data-element_type=\"widget\" data-widget_type=\"spacer.default\">\n\t\t\t\t<div class=\"elementor-widget-container\">\n\t\t\t\t\t\t\t<div class=\"elementor-spacer\">\n\t\t\t<div class=\"elementor-spacer-inner\"><\/div>\n\t\t<\/div>\n\t\t\t\t\t\t<\/div>\n\t\t\t\t<\/div>\n\t\t\t\t\t<\/div>\n\t\t\t\t<\/div>\n\t\t<div class=\"elementor-element elementor-element-274fecf e-flex e-con-boxed e-con e-parent\" data-id=\"274fecf\" data-element_type=\"container\">\n\t\t\t\t\t<div class=\"e-con-inner\">\n\t\t\t\t<div class=\"elementor-element elementor-element-c0c275e elementor-widget elementor-widget-heading\" data-id=\"c0c275e\" data-element_type=\"widget\" data-widget_type=\"heading.default\">\n\t\t\t\t<div class=\"elementor-widget-container\">\n\t\t\t\t\t<h2 class=\"elementor-heading-title elementor-size-default\">La oportunidad detr\u00e1s del cambio<\/h2>\t\t\t\t<\/div>\n\t\t\t\t<\/div>\n\t\t\t\t\t<\/div>\n\t\t\t\t<\/div>\n\t\t<div class=\"elementor-element elementor-element-44ea7d0 e-flex e-con-boxed e-con e-parent\" data-id=\"44ea7d0\" data-element_type=\"container\">\n\t\t\t\t\t<div class=\"e-con-inner\">\n\t\t\t\t<div class=\"elementor-element elementor-element-dce01ae elementor-widget elementor-widget-text-editor\" data-id=\"dce01ae\" data-element_type=\"widget\" data-widget_type=\"text-editor.default\">\n\t\t\t\t<div class=\"elementor-widget-container\">\n\t\t\t\t\t\t\t\t\t<p>Cumplir con VeriFactu puede parecer una obligaci\u00f3n, pero en realidad puede ser <strong data-start=\"1898\" data-end=\"1954\">una gran oportunidad para profesionalizar tu negocio<\/strong>.<\/p>\t\t\t\t\t\t\t\t<\/div>\n\t\t\t\t<\/div>\n\t\t\t\t\t<\/div>\n\t\t\t\t<\/div>\n\t\t<div class=\"elementor-element elementor-element-680dbeb e-flex e-con-boxed e-con e-parent\" data-id=\"680dbeb\" data-element_type=\"container\">\n\t\t\t\t\t<div class=\"e-con-inner\">\n\t\t\t\t<div class=\"elementor-element elementor-element-52c156b elementor-widget elementor-widget-heading\" data-id=\"52c156b\" data-element_type=\"widget\" data-widget_type=\"heading.default\">\n\t\t\t\t<div class=\"elementor-widget-container\">\n\t\t\t\t\t<h3 class=\"elementor-heading-title elementor-size-default\">Qu\u00e9 ganas con adaptarte ya?<\/h3>\t\t\t\t<\/div>\n\t\t\t\t<\/div>\n\t\t\t\t\t<\/div>\n\t\t\t\t<\/div>\n\t\t<div class=\"elementor-element elementor-element-04c50f6 e-flex e-con-boxed e-con e-parent\" data-id=\"04c50f6\" data-element_type=\"container\">\n\t\t\t\t\t<div class=\"e-con-inner\">\n\t\t\t\t<div class=\"elementor-element elementor-element-d482811 elementor-widget elementor-widget-text-editor\" data-id=\"d482811\" data-element_type=\"widget\" data-widget_type=\"text-editor.default\">\n\t\t\t\t<div class=\"elementor-widget-container\">\n\t\t\t\t\t\t\t\t\t<ul><li data-start=\"1992\" data-end=\"2083\"><p data-start=\"1994\" data-end=\"2083\"><strong data-start=\"1994\" data-end=\"2011\">Menos errores<\/strong>: las facturas se generan con formatos validados y estructuras est\u00e1ndar.<\/p><\/li><li data-start=\"2084\" data-end=\"2171\"><p data-start=\"2086\" data-end=\"2171\"><strong data-start=\"2086\" data-end=\"2101\">M\u00e1s control<\/strong>: sabes en todo momento qu\u00e9 has facturado, cobrado o tienes pendiente.<\/p><\/li><li data-start=\"2172\" data-end=\"2260\"><p data-start=\"2174\" data-end=\"2260\"><strong data-start=\"2174\" data-end=\"2190\">M\u00e1s agilidad<\/strong>: automatizas procesos, ahorras tiempo y minimizas tareas repetitivas.<\/p><\/li><li data-start=\"2261\" data-end=\"2353\"><p data-start=\"2263\" data-end=\"2353\"><strong data-start=\"2263\" data-end=\"2279\">Mejor imagen<\/strong>: trabajar con facturas electr\u00f3nicas mejora la percepci\u00f3n de tus clientes.<\/p><\/li><li data-start=\"2354\" data-end=\"2473\"><p data-start=\"2356\" data-end=\"2473\"><strong data-start=\"2356\" data-end=\"2381\">Acceso a financiaci\u00f3n<\/strong>: una gesti\u00f3n clara te abre puertas al factoring, confirming y otras soluciones financieras.<\/p><\/li><\/ul>\t\t\t\t\t\t\t\t<\/div>\n\t\t\t\t<\/div>\n\t\t\t\t\t<\/div>\n\t\t\t\t<\/div>\n\t\t<div class=\"elementor-element elementor-element-3644e2fd e-flex e-con-boxed e-con e-parent\" data-id=\"3644e2fd\" data-element_type=\"container\">\n\t\t\t\t\t<div class=\"e-con-inner\">\n\t\t\t\t<div class=\"elementor-element elementor-element-471f3b73 elementor-widget elementor-widget-text-editor\" data-id=\"471f3b73\" data-element_type=\"widget\" data-widget_type=\"text-editor.default\">\n\t\t\t\t<div class=\"elementor-widget-container\">\n\t\t\t\t\t\t\t\t\t<p><strong>\ud83d\udcc4 Art\u00edculo relacionado<\/strong>:\u00a0\u00a0<a href=\"https:\/\/finanedi.es\/blog\/verifactu-y-factura-electronica-diferencias\/\" target=\"_blank\" rel=\"noopener\">Diferencias entre Verifactu y Factura electr\u00f3nica<\/a><\/p>\t\t\t\t\t\t\t\t<\/div>\n\t\t\t\t<\/div>\n\t\t\t\t\t<\/div>\n\t\t\t\t<\/div>\n\t\t<div class=\"elementor-element elementor-element-a4c0518 e-flex e-con-boxed e-con e-parent\" data-id=\"a4c0518\" data-element_type=\"container\">\n\t\t\t\t\t<div class=\"e-con-inner\">\n\t\t\t\t<div class=\"elementor-element elementor-element-7db9cc3 elementor-widget elementor-widget-spacer\" data-id=\"7db9cc3\" data-element_type=\"widget\" data-widget_type=\"spacer.default\">\n\t\t\t\t<div class=\"elementor-widget-container\">\n\t\t\t\t\t\t\t<div class=\"elementor-spacer\">\n\t\t\t<div class=\"elementor-spacer-inner\"><\/div>\n\t\t<\/div>\n\t\t\t\t\t\t<\/div>\n\t\t\t\t<\/div>\n\t\t\t\t\t<\/div>\n\t\t\t\t<\/div>\n\t\t<div class=\"elementor-element elementor-element-66bcd88 e-flex e-con-boxed e-con e-parent\" data-id=\"66bcd88\" data-element_type=\"container\">\n\t\t\t\t\t<div class=\"e-con-inner\">\n\t\t\t\t<div class=\"elementor-element elementor-element-87de35b elementor-widget elementor-widget-heading\" data-id=\"87de35b\" data-element_type=\"widget\" data-widget_type=\"heading.default\">\n\t\t\t\t<div class=\"elementor-widget-container\">\n\t\t\t\t\t<h2 class=\"elementor-heading-title elementor-size-default\">\u00bfY si aprovechas para modernizarlo todo?<\/h2>\t\t\t\t<\/div>\n\t\t\t\t<\/div>\n\t\t\t\t\t<\/div>\n\t\t\t\t<\/div>\n\t\t<div class=\"elementor-element elementor-element-9dacb4a e-flex e-con-boxed e-con e-parent\" data-id=\"9dacb4a\" data-element_type=\"container\">\n\t\t\t\t\t<div class=\"e-con-inner\">\n\t\t\t\t<div class=\"elementor-element elementor-element-277ab68 elementor-widget elementor-widget-text-editor\" data-id=\"277ab68\" data-element_type=\"widget\" data-widget_type=\"text-editor.default\">\n\t\t\t\t<div class=\"elementor-widget-container\">\n\t\t\t\t\t\t\t\t\t<p>Adaptarse a VeriFactu no tiene por qu\u00e9 ser un proyecto costoso o complejo. Hoy existen soluciones como <a href=\"https:\/\/finanedi.es\/\" target=\"_blank\" rel=\"noopener\"><strong data-start=\"2628\" data-end=\"2640\">FinanEDI<\/strong><\/a>, un programa gratuito de facturaci\u00f3n y contabilidad pensado para aut\u00f3nomos y pymes que:<\/p>\t\t\t\t\t\t\t\t<\/div>\n\t\t\t\t<\/div>\n\t\t\t\t\t<\/div>\n\t\t\t\t<\/div>\n\t\t<div class=\"elementor-element elementor-element-63dbed2 e-flex e-con-boxed e-con e-parent\" data-id=\"63dbed2\" data-element_type=\"container\">\n\t\t\t\t\t<div class=\"e-con-inner\">\n\t\t\t\t<div class=\"elementor-element elementor-element-5ca9f91 elementor-widget elementor-widget-text-editor\" data-id=\"5ca9f91\" data-element_type=\"widget\" data-widget_type=\"text-editor.default\">\n\t\t\t\t<div class=\"elementor-widget-container\">\n\t\t\t\t\t\t\t\t\t<ul><li data-start=\"2730\" data-end=\"2753\"><p data-start=\"2732\" data-end=\"2753\">Cumple con VeriFactu.<\/p><\/li><li data-start=\"2754\" data-end=\"2810\"><p data-start=\"2756\" data-end=\"2810\">Permite crear, enviar y registrar facturas f\u00e1cilmente.<\/p><\/li><li data-start=\"2811\" data-end=\"2842\"><p data-start=\"2813\" data-end=\"2842\">Lleva tu contabilidad al d\u00eda.<\/p><\/li><li data-start=\"2843\" data-end=\"2937\"><p data-start=\"2845\" data-end=\"2937\">Te conecta con opciones de financiaci\u00f3n como el <a href=\"https:\/\/finanedi.es\/blog\/descuento-de-pagares-solucion-para-mejorar-la-liquidez-de-tu-negocio\/\" target=\"_blank\" rel=\"noopener\"><strong data-start=\"2893\" data-end=\"2917\">descuento de pagar\u00e9s<\/strong> <\/a>o el <a href=\"https:\/\/finanedi.es\/blog\/que-es-el-factoring\/\" target=\"_blank\" rel=\"noopener\"><strong data-start=\"2923\" data-end=\"2936\">factoring<\/strong><\/a>.<\/p><\/li><\/ul>\t\t\t\t\t\t\t\t<\/div>\n\t\t\t\t<\/div>\n\t\t\t\t\t<\/div>\n\t\t\t\t<\/div>\n\t\t<div class=\"elementor-element elementor-element-ab35e28 e-flex e-con-boxed e-con e-parent\" data-id=\"ab35e28\" data-element_type=\"container\">\n\t\t\t\t\t<div class=\"e-con-inner\">\n\t\t\t\t<div class=\"elementor-element elementor-element-72bfa58 elementor-widget elementor-widget-text-editor\" data-id=\"72bfa58\" data-element_type=\"widget\" data-widget_type=\"text-editor.default\">\n\t\t\t\t<div class=\"elementor-widget-container\">\n\t\t\t\t\t\t\t\t\t<p>No se trata solo de evitar sanciones. Se trata de aprovechar el momento para <strong data-start=\"3016\" data-end=\"3081\">ganar eficiencia, profesionalizar tu negocio y competir mejor<\/strong>.<\/p>\t\t\t\t\t\t\t\t<\/div>\n\t\t\t\t<\/div>\n\t\t\t\t\t<\/div>\n\t\t\t\t<\/div>\n\t\t<div class=\"elementor-element elementor-element-ce83ae3 e-flex e-con-boxed e-con e-parent\" data-id=\"ce83ae3\" data-element_type=\"container\">\n\t\t\t\t\t<div class=\"e-con-inner\">\n\t\t\t\t<div class=\"elementor-element elementor-element-533987b elementor-widget elementor-widget-spacer\" data-id=\"533987b\" data-element_type=\"widget\" data-widget_type=\"spacer.default\">\n\t\t\t\t<div class=\"elementor-widget-container\">\n\t\t\t\t\t\t\t<div class=\"elementor-spacer\">\n\t\t\t<div class=\"elementor-spacer-inner\"><\/div>\n\t\t<\/div>\n\t\t\t\t\t\t<\/div>\n\t\t\t\t<\/div>\n\t\t\t\t\t<\/div>\n\t\t\t\t<\/div>\n\t\t<div class=\"elementor-element elementor-element-5df261fa e-flex e-con-boxed e-con e-parent\" data-id=\"5df261fa\" data-element_type=\"container\" data-settings=\"{&quot;background_background&quot;:&quot;classic&quot;}\">\n\t\t\t\t\t<div class=\"e-con-inner\">\n\t\t<div class=\"elementor-element elementor-element-4f49e396 e-con-full e-flex e-con e-child\" data-id=\"4f49e396\" data-element_type=\"container\">\n\t\t<div class=\"elementor-element elementor-element-663e844e e-flex e-con-boxed e-con e-child\" data-id=\"663e844e\" data-element_type=\"container\">\n\t\t\t\t\t<div class=\"e-con-inner\">\n\t\t\t\t<div class=\"elementor-element elementor-element-1acca30a elementor-widget elementor-widget-heading\" data-id=\"1acca30a\" data-element_type=\"widget\" data-widget_type=\"heading.default\">\n\t\t\t\t<div class=\"elementor-widget-container\">\n\t\t\t\t\t<h3 class=\"elementor-heading-title elementor-size-default\">Herramientas para impulsar<br>tu negocio<\/h3>\t\t\t\t<\/div>\n\t\t\t\t<\/div>\n\t\t\t\t<div class=\"elementor-element elementor-element-703f858b elementor-widget elementor-widget-text-editor\" data-id=\"703f858b\" data-element_type=\"widget\" data-widget_type=\"text-editor.default\">\n\t\t\t\t<div class=\"elementor-widget-container\">\n\t\t\t\t\t\t\t\t\t<p>FinanEDI es la soluci\u00f3n en la nube gratuita que permite automatizar y optimizar los procesos financieros, contables y administrativos de tu negocio.<\/p>\t\t\t\t\t\t\t\t<\/div>\n\t\t\t\t<\/div>\n\t\t\t\t<div class=\"elementor-element elementor-element-2286cf95 elementor-widget elementor-widget-button\" data-id=\"2286cf95\" data-element_type=\"widget\" data-widget_type=\"button.default\">\n\t\t\t\t<div class=\"elementor-widget-container\">\n\t\t\t\t\t\t\t\t\t<div class=\"elementor-button-wrapper\">\n\t\t\t\t\t<a class=\"elementor-button elementor-button-link elementor-size-md\" href=\"https:\/\/finanedi.es\/\" target=\"_blank\">\n\t\t\t\t\t\t<span class=\"elementor-button-content-wrapper\">\n\t\t\t\t\t\t\t\t\t<span class=\"elementor-button-text\">Crear cuenta gratis<\/span>\n\t\t\t\t\t<\/span>\n\t\t\t\t\t<\/a>\n\t\t\t\t<\/div>\n\t\t\t\t\t\t\t\t<\/div>\n\t\t\t\t<\/div>\n\t\t\t\t\t<\/div>\n\t\t\t\t<\/div>\n\t\t\t\t<\/div>\n\t\t<div class=\"elementor-element elementor-element-6a703922 e-con-full e-flex e-con e-child\" data-id=\"6a703922\" data-element_type=\"container\">\n\t\t\t\t<div class=\"elementor-element elementor-element-45fc643d elementor-widget elementor-widget-image\" data-id=\"45fc643d\" data-element_type=\"widget\" data-widget_type=\"image.default\">\n\t\t\t\t<div class=\"elementor-widget-container\">\n\t\t\t\t\t\t\t\t\t\t\t\t\t\t\t<img fetchpriority=\"high\" decoding=\"async\" width=\"300\" height=\"233\" src=\"https:\/\/finanedi.es\/blog\/contenido\/uploads\/2024\/09\/Dashborad_00115-300x233.png\" class=\"attachment-medium size-medium wp-image-5370\" alt=\"Herramientas para impulsar tu negocio - FinanEDI\" srcset=\"https:\/\/finanedi.es\/blog\/contenido\/uploads\/2024\/09\/Dashborad_00115-300x233.png 300w, https:\/\/finanedi.es\/blog\/contenido\/uploads\/2024\/09\/Dashborad_00115-768x597.png 768w, https:\/\/finanedi.es\/blog\/contenido\/uploads\/2024\/09\/Dashborad_00115.png 900w\" sizes=\"(max-width: 300px) 100vw, 300px\" \/>\t\t\t\t\t\t\t\t\t\t\t\t\t\t\t<\/div>\n\t\t\t\t<\/div>\n\t\t\t\t<\/div>\n\t\t\t\t\t<\/div>\n\t\t\t\t<\/div>\n\t\t<div class=\"elementor-element elementor-element-2f20077 e-flex e-con-boxed e-con e-parent\" data-id=\"2f20077\" data-element_type=\"container\">\n\t\t\t\t\t<div class=\"e-con-inner\">\n\t\t\t\t<div class=\"elementor-element elementor-element-cb16528 elementor-widget elementor-widget-spacer\" data-id=\"cb16528\" data-element_type=\"widget\" data-widget_type=\"spacer.default\">\n\t\t\t\t<div class=\"elementor-widget-container\">\n\t\t\t\t\t\t\t<div class=\"elementor-spacer\">\n\t\t\t<div class=\"elementor-spacer-inner\"><\/div>\n\t\t<\/div>\n\t\t\t\t\t\t<\/div>\n\t\t\t\t<\/div>\n\t\t\t\t\t<\/div>\n\t\t\t\t<\/div>\n\t\t<div class=\"elementor-element elementor-element-d0a1a48 e-flex e-con-boxed e-con e-parent\" data-id=\"d0a1a48\" data-element_type=\"container\">\n\t\t\t\t\t<div class=\"e-con-inner\">\n\t\t\t\t<div class=\"elementor-element elementor-element-c3c661e elementor-widget elementor-widget-text-editor\" data-id=\"c3c661e\" data-element_type=\"widget\" data-widget_type=\"text-editor.default\">\n\t\t\t\t<div class=\"elementor-widget-container\">\n\t\t\t\t\t\t\t\t\t<p data-start=\"4210\" data-end=\"4376\">VeriFactu no es un castigo. Es una llamada al orden digital. Una invitaci\u00f3n a modernizar la gesti\u00f3n de tu negocio y dejar atr\u00e1s procesos manuales que ya no funcionan.<\/p><p data-start=\"4378\" data-end=\"4532\">Los que se adaptan ahora tienen ventaja. No solo cumplen la ley, <strong data-start=\"4443\" data-end=\"4532\">sino que mejoran sus resultados, su control financiero y su capacidad de crecimiento.<\/strong><\/p>\t\t\t\t\t\t\t\t<\/div>\n\t\t\t\t<\/div>\n\t\t\t\t\t<\/div>\n\t\t\t\t<\/div>\n\t\t<div class=\"elementor-element elementor-element-3bc7a583 e-flex e-con-boxed e-con e-parent\" data-id=\"3bc7a583\" data-element_type=\"container\">\n\t\t\t\t\t<div class=\"e-con-inner\">\n\t\t\t\t<div class=\"elementor-element elementor-element-297a3a45 elementor-widget elementor-widget-text-editor\" data-id=\"297a3a45\" data-element_type=\"widget\" data-widget_type=\"text-editor.default\">\n\t\t\t\t<div class=\"elementor-widget-container\">\n\t\t\t\t\t\t\t\t\t<p><strong>\ud83d\udcc4 Art\u00edculo relacionado<\/strong>:\u00a0<a href=\"https:\/\/finanedi.es\/blog\/programas-de-facturacion-compatibles-con-verifactu\/\" target=\"_blank\" rel=\"noopener\">Los 10 programas de facturaci\u00f3n compatibles con VeriFactu<\/a><\/p>\t\t\t\t\t\t\t\t<\/div>\n\t\t\t\t<\/div>\n\t\t\t\t\t<\/div>\n\t\t\t\t<\/div>\n\t\t<div class=\"elementor-element elementor-element-0a3c693 e-flex e-con-boxed e-con e-parent\" data-id=\"0a3c693\" data-element_type=\"container\">\n\t\t\t\t\t<div class=\"e-con-inner\">\n\t\t\t\t<div class=\"elementor-element elementor-element-5cf2564 elementor-widget elementor-widget-spacer\" data-id=\"5cf2564\" data-element_type=\"widget\" data-widget_type=\"spacer.default\">\n\t\t\t\t<div class=\"elementor-widget-container\">\n\t\t\t\t\t\t\t<div class=\"elementor-spacer\">\n\t\t\t<div class=\"elementor-spacer-inner\"><\/div>\n\t\t<\/div>\n\t\t\t\t\t\t<\/div>\n\t\t\t\t<\/div>\n\t\t\t\t\t<\/div>\n\t\t\t\t<\/div>\n\t\t<div class=\"elementor-element elementor-element-4d133a39 e-flex e-con-boxed e-con e-parent\" data-id=\"4d133a39\" data-element_type=\"container\">\n\t\t\t\t\t<div class=\"e-con-inner\">\n\t\t<div class=\"elementor-element elementor-element-158bb7f6 e-flex e-con-boxed e-con e-child\" data-id=\"158bb7f6\" data-element_type=\"container\">\n\t\t\t\t\t<div class=\"e-con-inner\">\n\t\t\t\t<div class=\"elementor-element elementor-element-36b1b0ff elementor-widget elementor-widget-heading\" data-id=\"36b1b0ff\" data-element_type=\"widget\" data-widget_type=\"heading.default\">\n\t\t\t\t<div class=\"elementor-widget-container\">\n\t\t\t\t\t<h2 class=\"elementor-heading-title elementor-size-default\">Preguntas frecuentes sobre Verifactu<\/h2>\t\t\t\t<\/div>\n\t\t\t\t<\/div>\n\t\t\t\t\t<\/div>\n\t\t\t\t<\/div>\n\t\t<div class=\"elementor-element elementor-element-4cd825d5 e-flex e-con-boxed e-con e-child\" data-id=\"4cd825d5\" data-element_type=\"container\">\n\t\t\t\t\t<div class=\"e-con-inner\">\n\t\t\t\t<div class=\"elementor-element elementor-element-19e7837d elementor-widget elementor-widget-heading\" data-id=\"19e7837d\" data-element_type=\"widget\" data-widget_type=\"heading.default\">\n\t\t\t\t<div class=\"elementor-widget-container\">\n\t\t\t\t\t<h3 class=\"elementor-heading-title elementor-size-default\">\u00bfEs obligatorio VeriFactu para todas las empresas?<\/h3>\t\t\t\t<\/div>\n\t\t\t\t<\/div>\n\t\t\t\t<div class=\"elementor-element elementor-element-3171c0c4 elementor-widget elementor-widget-text-editor\" data-id=\"3171c0c4\" data-element_type=\"widget\" data-widget_type=\"text-editor.default\">\n\t\t\t\t<div class=\"elementor-widget-container\">\n\t\t\t\t\t\t\t\t\t<p>S\u00ed, aunque la implantaci\u00f3n ser\u00e1 progresiva, la obligaci\u00f3n afectar\u00e1 a aut\u00f3nomos y pymes de todos los sectores.<\/p>\t\t\t\t\t\t\t\t<\/div>\n\t\t\t\t<\/div>\n\t\t\t\t\t<\/div>\n\t\t\t\t<\/div>\n\t\t<div class=\"elementor-element elementor-element-613470fa e-flex e-con-boxed e-con e-child\" data-id=\"613470fa\" data-element_type=\"container\">\n\t\t\t\t\t<div class=\"e-con-inner\">\n\t\t\t\t<div class=\"elementor-element elementor-element-1bc76a41 elementor-widget elementor-widget-heading\" data-id=\"1bc76a41\" data-element_type=\"widget\" data-widget_type=\"heading.default\">\n\t\t\t\t<div class=\"elementor-widget-container\">\n\t\t\t\t\t<h3 class=\"elementor-heading-title elementor-size-default\">\u00bfTengo que enviar las facturas a Hacienda en tiempo real?<\/h3>\t\t\t\t<\/div>\n\t\t\t\t<\/div>\n\t\t\t\t<div class=\"elementor-element elementor-element-250f0339 elementor-widget elementor-widget-text-editor\" data-id=\"250f0339\" data-element_type=\"widget\" data-widget_type=\"text-editor.default\">\n\t\t\t\t<div class=\"elementor-widget-container\">\n\t\t\t\t\t\t\t\t\t<p>Solo si eliges el modo de env\u00edo directo. Pero incluso sin activarlo, el software debe estar homologado y registrar los datos exigidos.<\/p>\t\t\t\t\t\t\t\t<\/div>\n\t\t\t\t<\/div>\n\t\t\t\t\t<\/div>\n\t\t\t\t<\/div>\n\t\t<div class=\"elementor-element elementor-element-66783e23 e-flex e-con-boxed e-con e-child\" data-id=\"66783e23\" data-element_type=\"container\">\n\t\t\t\t\t<div class=\"e-con-inner\">\n\t\t\t\t<div class=\"elementor-element elementor-element-429e33e6 elementor-widget elementor-widget-heading\" data-id=\"429e33e6\" data-element_type=\"widget\" data-widget_type=\"heading.default\">\n\t\t\t\t<div class=\"elementor-widget-container\">\n\t\t\t\t\t<h3 class=\"elementor-heading-title elementor-size-default\">\u00bfQu\u00e9 diferencia hay entre factura electr\u00f3nica y VeriFactu?<\/h3>\t\t\t\t<\/div>\n\t\t\t\t<\/div>\n\t\t\t\t<div class=\"elementor-element elementor-element-7e038325 elementor-widget elementor-widget-text-editor\" data-id=\"7e038325\" data-element_type=\"widget\" data-widget_type=\"text-editor.default\">\n\t\t\t\t<div class=\"elementor-widget-container\">\n\t\t\t\t\t\t\t\t\t<p>VeriFactu exige un tipo concreto de factura electr\u00f3nica con trazabilidad y registro ante la AEAT.<\/p>\t\t\t\t\t\t\t\t<\/div>\n\t\t\t\t<\/div>\n\t\t\t\t\t<\/div>\n\t\t\t\t<\/div>\n\t\t<div class=\"elementor-element elementor-element-2a92a301 e-flex e-con-boxed e-con e-child\" data-id=\"2a92a301\" data-element_type=\"container\">\n\t\t\t\t\t<div class=\"e-con-inner\">\n\t\t\t\t<div class=\"elementor-element elementor-element-6f11efbe elementor-widget elementor-widget-heading\" data-id=\"6f11efbe\" data-element_type=\"widget\" data-widget_type=\"heading.default\">\n\t\t\t\t<div class=\"elementor-widget-container\">\n\t\t\t\t\t<h3 class=\"elementor-heading-title elementor-size-default\">\u00bfPuedo cumplir con VeriFactu con una herramienta gratuita?<\/h3>\t\t\t\t<\/div>\n\t\t\t\t<\/div>\n\t\t\t\t<div class=\"elementor-element elementor-element-27533e27 elementor-widget elementor-widget-text-editor\" data-id=\"27533e27\" data-element_type=\"widget\" data-widget_type=\"text-editor.default\">\n\t\t\t\t<div class=\"elementor-widget-container\">\n\t\t\t\t\t\t\t\t\t<p>S\u00ed. FinanEDI, por ejemplo, est\u00e1 preparado para cumplir con los requisitos de la normativa y es gratuito para aut\u00f3nomos y pymes.<\/p>\t\t\t\t\t\t\t\t<\/div>\n\t\t\t\t<\/div>\n\t\t\t\t\t<\/div>\n\t\t\t\t<\/div>\n\t\t<div class=\"elementor-element elementor-element-7f7d766 e-flex e-con-boxed e-con e-child\" data-id=\"7f7d766\" data-element_type=\"container\">\n\t\t\t\t\t<div class=\"e-con-inner\">\n\t\t\t\t<div class=\"elementor-element elementor-element-6ee471b elementor-widget elementor-widget-heading\" data-id=\"6ee471b\" data-element_type=\"widget\" data-widget_type=\"heading.default\">\n\t\t\t\t<div class=\"elementor-widget-container\">\n\t\t\t\t\t<h3 class=\"elementor-heading-title elementor-size-default\">\u00bfQu\u00e9 pasa si no me adapto?<\/h3>\t\t\t\t<\/div>\n\t\t\t\t<\/div>\n\t\t\t\t<div class=\"elementor-element elementor-element-7f2630d elementor-widget elementor-widget-text-editor\" data-id=\"7f2630d\" data-element_type=\"widget\" data-widget_type=\"text-editor.default\">\n\t\t\t\t<div class=\"elementor-widget-container\">\n\t\t\t\t\t\t\t\t\t<p>Podr\u00edas enfrentarte a sanciones por no usar un sistema validado. Adem\u00e1s, perder\u00e1s competitividad frente a quienes ya han digitalizado sus procesos.<\/p>\t\t\t\t\t\t\t\t<\/div>\n\t\t\t\t<\/div>\n\t\t\t\t\t<\/div>\n\t\t\t\t<\/div>\n\t\t\t\t\t<\/div>\n\t\t\t\t<\/div>\n\t\t<div class=\"elementor-element elementor-element-313aaec1 e-flex e-con-boxed e-con e-parent\" data-id=\"313aaec1\" data-element_type=\"container\">\n\t\t\t\t\t<div class=\"e-con-inner\">\n\t\t<div class=\"elementor-element elementor-element-7496241a e-con-full e-flex e-con e-child\" data-id=\"7496241a\" data-element_type=\"container\">\n\t\t\t\t<div class=\"elementor-element elementor-element-19209ca7 elementor-widget elementor-widget-spacer\" data-id=\"19209ca7\" data-element_type=\"widget\" data-widget_type=\"spacer.default\">\n\t\t\t\t<div class=\"elementor-widget-container\">\n\t\t\t\t\t\t\t<div class=\"elementor-spacer\">\n\t\t\t<div class=\"elementor-spacer-inner\"><\/div>\n\t\t<\/div>\n\t\t\t\t\t\t<\/div>\n\t\t\t\t<\/div>\n\t\t\t\t<\/div>\n\t\t<div class=\"elementor-element elementor-element-2bfc89a7 e-con-full e-flex e-con e-child\" data-id=\"2bfc89a7\" data-element_type=\"container\">\n\t\t\t\t<div class=\"elementor-element elementor-element-31fea373 elementor-widget elementor-widget-heading\" data-id=\"31fea373\" data-element_type=\"widget\" data-widget_type=\"heading.default\">\n\t\t\t\t<div class=\"elementor-widget-container\">\n\t\t\t\t\t<h3 class=\"elementor-heading-title elementor-size-default\">No te pierdas...<\/h3>\t\t\t\t<\/div>\n\t\t\t\t<\/div>\n\t\t\t\t<\/div>\n\t\t<div class=\"elementor-element elementor-element-3938d6b9 e-con-full e-flex e-con e-child\" data-id=\"3938d6b9\" data-element_type=\"container\">\n\t\t\t\t<div class=\"elementor-element elementor-element-2382c518 elementor-widget elementor-widget-katen-post-five\" data-id=\"2382c518\" data-element_type=\"widget\" data-widget_type=\"katen-post-five.default\">\n\t\t\t\t<div class=\"elementor-widget-container\">\n\t\t\t\t\t\t\t<div class=\"padding-30 rounded bordered\">\n\n\t\t\t<div class=\"row infinite-wrapper\">\n\n\t\t\t\n\t\t\t\t<div class=\"col-md-12 col-sm-6 post-list-item post-item\">\n\t\t\t\t\t<!-- post -->\n\t\t\t\t\t<div class=\"post post-list clearfix\">\n\n\t\t\t\t\t\t<div class=\"thumb rounded\"><div class=\"inner\"><a href=\"https:\/\/finanedi.es\/blog\/que-tipo-de-regimen-de-iva-te-corresponde\/\"><img decoding=\"async\" width=\"330\" height=\"250\" src=\"https:\/\/finanedi.es\/blog\/contenido\/uploads\/2025\/09\/Que-tipo-de-regimen-de-IVA-te-corresponde-330x250.jpg\" class=\"attachment-katen-thumb-list size-katen-thumb-list wp-post-image\" alt=\"Qu\u00e9 tipo de r\u00e9gimen de IVA te corresponde\" \/><\/a><\/div><\/div>  \n\n\t\t\t\t\t\t<div class=\"details clearfix\">\n\t\t\t\t\t\t\t<ul class=\"meta list-inline mb-3\">\n\t\t\t\t\t\t\t\t<li class=\"list-inline-item\"><a href=\"https:\/\/finanedi.es\/blog\/category\/facturacion\/\">Facturaci\u00f3n<\/a><\/li>\t\t\t\t\t\t\t<\/ul>\n\t\t\t\t\t\t\t<h5 class=\"post-title\"><a href=\"https:\/\/finanedi.es\/blog\/que-tipo-de-regimen-de-iva-te-corresponde\/\">\u00bfQu\u00e9 tipo de r\u00e9gimen de IVA te corresponde?<\/a><\/h5>\n\t\t\t\t\t\t\t<p class=\"excerpt mb-0\">\n\t\t\t\t\t\t\t\tElegir el r\u00e9gimen de IVA correcto es un paso clave para llevar tu contabilidad de&hellip;\t\t\t\t\t\t\t<\/p>\n\t\t\t\t\t\t\t<div class=\"post-bottom clearfix d-flex align-items-center\">\n\t\t\t\t\t\t\t\t\t\t\t\t\t\t\t\t\t\t\t\t\t\t\t<\/div>\n\t\t\t\t\t\t<\/div>\n\t\t\t\t\t<\/div>\n\t\t\t\t<\/div>\n\n\t\t\t\n\t\t\t\t<div class=\"col-md-12 col-sm-6 post-list-item post-item\">\n\t\t\t\t\t<!-- post -->\n\t\t\t\t\t<div class=\"post post-list clearfix\">\n\n\t\t\t\t\t\t<div class=\"thumb rounded\"><div class=\"inner\"><a href=\"https:\/\/finanedi.es\/blog\/facturacion-con-iva-intracomunitario-y-operaciones-triangulares\/\"><img decoding=\"async\" width=\"330\" height=\"250\" src=\"https:\/\/finanedi.es\/blog\/contenido\/uploads\/2025\/06\/Facturacion-con-IVA-intracomunitario-y-operaciones-triangulares-330x250.jpg\" class=\"attachment-katen-thumb-list size-katen-thumb-list wp-post-image\" alt=\"Facturaci\u00f3n con IVA intracomunitario y operaciones triangulares\" \/><\/a><\/div><\/div>  \n\n\t\t\t\t\t\t<div class=\"details clearfix\">\n\t\t\t\t\t\t\t<ul class=\"meta list-inline mb-3\">\n\t\t\t\t\t\t\t\t<li class=\"list-inline-item\"><a href=\"https:\/\/finanedi.es\/blog\/category\/facturacion\/\">Facturaci\u00f3n<\/a><\/li>\t\t\t\t\t\t\t<\/ul>\n\t\t\t\t\t\t\t<h5 class=\"post-title\"><a href=\"https:\/\/finanedi.es\/blog\/facturacion-con-iva-intracomunitario-y-operaciones-triangulares\/\">Facturaci\u00f3n con IVA intracomunitario y operaciones triangulares<\/a><\/h5>\n\t\t\t\t\t\t\t<p class=\"excerpt mb-0\">\n\t\t\t\t\t\t\t\tOperar en el mercado \u00fanico europeo ofrece grandes oportunidades para pymes y aut\u00f3nomos, pero tambi\u00e9n&hellip;\t\t\t\t\t\t\t<\/p>\n\t\t\t\t\t\t\t<div class=\"post-bottom clearfix d-flex align-items-center\">\n\t\t\t\t\t\t\t\t\t\t\t\t\t\t\t\t\t\t\t\t\t\t\t<\/div>\n\t\t\t\t\t\t<\/div>\n\t\t\t\t\t<\/div>\n\t\t\t\t<\/div>\n\n\t\t\t\n\t\t\t\t<div class=\"col-md-12 col-sm-6 post-list-item post-item\">\n\t\t\t\t\t<!-- post -->\n\t\t\t\t\t<div class=\"post post-list clearfix\">\n\n\t\t\t\t\t\t<div class=\"thumb rounded\"><div class=\"inner\"><a href=\"https:\/\/finanedi.es\/blog\/verifactu-no-es-el-enemigo-como-convertir-la-obligacion-en-una-ventaja-competitiva\/\"><img loading=\"lazy\" decoding=\"async\" width=\"330\" height=\"250\" src=\"https:\/\/finanedi.es\/blog\/contenido\/uploads\/2025\/07\/VeriFactu-no-es-el-enemigo-como-convertir-la-obligacion-en-una-ventaja-competitiva-330x250.jpg\" class=\"attachment-katen-thumb-list size-katen-thumb-list wp-post-image\" alt=\"VeriFactu no es el enemigo c\u00f3mo convertir la obligaci\u00f3n en una ventaja competitiva\" \/><\/a><\/div><\/div>  \n\n\t\t\t\t\t\t<div class=\"details clearfix\">\n\t\t\t\t\t\t\t<ul class=\"meta list-inline mb-3\">\n\t\t\t\t\t\t\t\t<li class=\"list-inline-item\"><a href=\"https:\/\/finanedi.es\/blog\/category\/facturacion\/\">Facturaci\u00f3n<\/a><\/li>\t\t\t\t\t\t\t<\/ul>\n\t\t\t\t\t\t\t<h5 class=\"post-title\"><a href=\"https:\/\/finanedi.es\/blog\/verifactu-no-es-el-enemigo-como-convertir-la-obligacion-en-una-ventaja-competitiva\/\">VeriFactu no es el enemigo: c\u00f3mo convertir la obligaci\u00f3n en una ventaja competitiva<\/a><\/h5>\n\t\t\t\t\t\t\t<p class=\"excerpt mb-0\">\n\t\t\t\t\t\t\t\tDesde que se anunci\u00f3 la obligatoriedad de VeriFactu, muchas empresas han reaccionado con preocupaci\u00f3n: \u00bfQu\u00e9&hellip;\t\t\t\t\t\t\t<\/p>\n\t\t\t\t\t\t\t<div class=\"post-bottom clearfix d-flex align-items-center\">\n\t\t\t\t\t\t\t\t\t\t\t\t\t\t\t\t\t\t\t\t\t\t\t<\/div>\n\t\t\t\t\t\t<\/div>\n\t\t\t\t\t<\/div>\n\t\t\t\t<\/div>\n\n\t\t\t\n\t\t\t\t<div class=\"col-md-12 col-sm-6 post-list-item post-item\">\n\t\t\t\t\t<!-- post -->\n\t\t\t\t\t<div class=\"post post-list clearfix\">\n\n\t\t\t\t\t\t<div class=\"thumb rounded\"><div class=\"inner\"><a href=\"https:\/\/finanedi.es\/blog\/factura-e-10-preguntas-frecuentes-factura-electronica\/\"><img loading=\"lazy\" decoding=\"async\" width=\"330\" height=\"250\" src=\"https:\/\/finanedi.es\/blog\/contenido\/uploads\/2024\/12\/factura-e-330x250.jpg\" class=\"attachment-katen-thumb-list size-katen-thumb-list wp-post-image\" alt=\"Factura electr\u00f3nica (Facturae)\" \/><\/a><\/div><\/div>  \n\n\t\t\t\t\t\t<div class=\"details clearfix\">\n\t\t\t\t\t\t\t<ul class=\"meta list-inline mb-3\">\n\t\t\t\t\t\t\t\t<li class=\"list-inline-item\"><a href=\"https:\/\/finanedi.es\/blog\/category\/facturacion\/\">Facturaci\u00f3n<\/a><\/li>\t\t\t\t\t\t\t<\/ul>\n\t\t\t\t\t\t\t<h5 class=\"post-title\"><a href=\"https:\/\/finanedi.es\/blog\/factura-e-10-preguntas-frecuentes-factura-electronica\/\">10 Preguntas frecuentes sobre la factura electr\u00f3nica<\/a><\/h5>\n\t\t\t\t\t\t\t<p class=\"excerpt mb-0\">\n\t\t\t\t\t\t\t\tLa factura electr\u00f3nica, tambi\u00e9n conocida como Facturae, ha revolucionado la manera en que las empresas&hellip;\t\t\t\t\t\t\t<\/p>\n\t\t\t\t\t\t\t<div class=\"post-bottom clearfix d-flex align-items-center\">\n\t\t\t\t\t\t\t\t\t\t\t\t\t\t\t\t\t\t\t\t\t\t\t<\/div>\n\t\t\t\t\t\t<\/div>\n\t\t\t\t\t<\/div>\n\t\t\t\t<\/div>\n\n\t\t\t\n\t\t\t\t<div class=\"col-md-12 col-sm-6 post-list-item post-item\">\n\t\t\t\t\t<!-- post -->\n\t\t\t\t\t<div class=\"post post-list clearfix\">\n\n\t\t\t\t\t\t<div class=\"thumb rounded\"><div class=\"inner\"><a href=\"https:\/\/finanedi.es\/blog\/diferencias-entre-ticket-y-factura-cual-usar-y-en-que-casos\/\"><img loading=\"lazy\" decoding=\"async\" width=\"330\" height=\"250\" src=\"https:\/\/finanedi.es\/blog\/contenido\/uploads\/2025\/08\/Diferencias-entre-ticket-y-factura-330x250.jpg\" class=\"attachment-katen-thumb-list size-katen-thumb-list wp-post-image\" alt=\"Diferencias entre ticket y factura \u00bfcu\u00e1l usar y en qu\u00e9 casos\" \/><\/a><\/div><\/div>  \n\n\t\t\t\t\t\t<div class=\"details clearfix\">\n\t\t\t\t\t\t\t<ul class=\"meta list-inline mb-3\">\n\t\t\t\t\t\t\t\t<li class=\"list-inline-item\"><a href=\"https:\/\/finanedi.es\/blog\/category\/facturacion\/\">Facturaci\u00f3n<\/a><\/li>\t\t\t\t\t\t\t<\/ul>\n\t\t\t\t\t\t\t<h5 class=\"post-title\"><a href=\"https:\/\/finanedi.es\/blog\/diferencias-entre-ticket-y-factura-cual-usar-y-en-que-casos\/\">Diferencias entre ticket y factura: \u00bfcu\u00e1l usar y en qu\u00e9 casos?<\/a><\/h5>\n\t\t\t\t\t\t\t<p class=\"excerpt mb-0\">\n\t\t\t\t\t\t\t\tEn el d\u00eda a d\u00eda de cualquier negocio, la gesti\u00f3n de la facturaci\u00f3n es un&hellip;\t\t\t\t\t\t\t<\/p>\n\t\t\t\t\t\t\t<div class=\"post-bottom clearfix d-flex align-items-center\">\n\t\t\t\t\t\t\t\t\t\t\t\t\t\t\t\t\t\t\t\t\t\t\t<\/div>\n\t\t\t\t\t\t<\/div>\n\t\t\t\t\t<\/div>\n\t\t\t\t<\/div>\n\n\t\t\t\n\t\t\t<\/div>\n\n\t\t<\/div>\n\t\t\n        \t\t\t\t<\/div>\n\t\t\t\t<\/div>\n\t\t\t\t<\/div>\n\t\t\t\t\t<\/div>\n\t\t\t\t<\/div>\n\t\t\t\t<\/div>\n\t\t","protected":false},"excerpt":{"rendered":"<p>Desde que se anunci\u00f3 la obligatoriedad de VeriFactu, muchas empresas han reaccionado con preocupaci\u00f3n: \u00bfQu\u00e9 tengo que hacer? \u00bfCu\u00e1ndo entra en vigor? \u00bfPuedo seguir usando mi software habitual?<\/p>\n<p>El problema no es la norma. El verdadero desaf\u00edo es c\u00f3mo gestionan sus procesos muchas pymes y aut\u00f3nomos. En este art\u00edculo te proponemos darle la vuelta a la situaci\u00f3n: \u00bfy si en lugar de resistirse al cambio, lo aprovechamos para mejorar?<\/p>\n","protected":false},"author":3,"featured_media":11381,"comment_status":"closed","ping_status":"open","sticky":false,"template":"","format":"standard","meta":{"_monsterinsights_skip_tracking":false,"_monsterinsights_sitenote_active":false,"_monsterinsights_sitenote_note":"","_monsterinsights_sitenote_category":0,"footnotes":""},"categories":[4],"tags":[91],"class_list":["post-11378","post","type-post","status-publish","format-standard","has-post-thumbnail","hentry","category-facturacion","tag-verifactu"],"yoast_head":"<!-- This site is optimized with the Yoast SEO plugin v26.2 - https:\/\/yoast.com\/wordpress\/plugins\/seo\/ -->\n<title>C\u00f3mo convertir Verifactu en una ventaja competitiva<\/title>\n<meta name=\"description\" content=\"Convierte VeriFactu en una oportunidad: descubre c\u00f3mo mejorar la gesti\u00f3n de tu negocio y ganar eficiencia cumpliendo la norma.\" \/>\n<meta name=\"robots\" content=\"index, follow, max-snippet:-1, max-image-preview:large, max-video-preview:-1\" \/>\n<link rel=\"canonical\" href=\"https:\/\/finanedi.es\/blog\/verifactu-no-es-el-enemigo-como-convertir-la-obligacion-en-una-ventaja-competitiva\/\" \/>\n<meta property=\"og:locale\" content=\"es_ES\" \/>\n<meta property=\"og:type\" content=\"article\" \/>\n<meta property=\"og:title\" content=\"C\u00f3mo convertir Verifactu en una ventaja competitiva\" \/>\n<meta property=\"og:description\" content=\"Convierte VeriFactu en una oportunidad: descubre c\u00f3mo mejorar la gesti\u00f3n de tu negocio y ganar eficiencia cumpliendo la norma.\" \/>\n<meta property=\"og:url\" content=\"https:\/\/finanedi.es\/blog\/verifactu-no-es-el-enemigo-como-convertir-la-obligacion-en-una-ventaja-competitiva\/\" \/>\n<meta property=\"og:site_name\" content=\"Blog para pymes y aut\u00f3nomos - FinanEDI\" \/>\n<meta property=\"article:published_time\" content=\"2025-07-11T06:45:45+00:00\" \/>\n<meta property=\"article:modified_time\" content=\"2025-08-04T07:01:46+00:00\" \/>\n<meta property=\"og:image\" content=\"https:\/\/finanedi.es\/blog\/contenido\/uploads\/2025\/07\/VeriFactu-no-es-el-enemigo-como-convertir-la-obligacion-en-una-ventaja-competitiva.jpg\" \/>\n\t<meta property=\"og:image:width\" content=\"2000\" \/>\n\t<meta property=\"og:image:height\" content=\"1333\" \/>\n\t<meta property=\"og:image:type\" content=\"image\/jpeg\" \/>\n<meta name=\"author\" content=\"restevez\" \/>\n<meta name=\"twitter:card\" content=\"summary_large_image\" \/>\n<meta name=\"twitter:label1\" content=\"Escrito por\" \/>\n\t<meta name=\"twitter:data1\" content=\"restevez\" \/>\n\t<meta name=\"twitter:label2\" content=\"Tiempo de lectura\" \/>\n\t<meta name=\"twitter:data2\" content=\"6 minutos\" \/>\n<script type=\"application\/ld+json\" class=\"yoast-schema-graph\">{\"@context\":\"https:\/\/schema.org\",\"@graph\":[{\"@type\":\"Article\",\"@id\":\"https:\/\/finanedi.es\/blog\/verifactu-no-es-el-enemigo-como-convertir-la-obligacion-en-una-ventaja-competitiva\/#article\",\"isPartOf\":{\"@id\":\"https:\/\/finanedi.es\/blog\/verifactu-no-es-el-enemigo-como-convertir-la-obligacion-en-una-ventaja-competitiva\/\"},\"author\":{\"name\":\"restevez\",\"@id\":\"https:\/\/finanedi.es\/blog\/#\/schema\/person\/233ed58195d34f36f74f13ba1030ebd8\"},\"headline\":\"VeriFactu no es el enemigo: c\u00f3mo convertir la obligaci\u00f3n en una ventaja competitiva\",\"datePublished\":\"2025-07-11T06:45:45+00:00\",\"dateModified\":\"2025-08-04T07:01:46+00:00\",\"mainEntityOfPage\":{\"@id\":\"https:\/\/finanedi.es\/blog\/verifactu-no-es-el-enemigo-como-convertir-la-obligacion-en-una-ventaja-competitiva\/\"},\"wordCount\":878,\"publisher\":{\"@id\":\"https:\/\/finanedi.es\/blog\/#organization\"},\"image\":{\"@id\":\"https:\/\/finanedi.es\/blog\/verifactu-no-es-el-enemigo-como-convertir-la-obligacion-en-una-ventaja-competitiva\/#primaryimage\"},\"thumbnailUrl\":\"https:\/\/finanedi.es\/blog\/contenido\/uploads\/2025\/07\/VeriFactu-no-es-el-enemigo-como-convertir-la-obligacion-en-una-ventaja-competitiva.jpg\",\"keywords\":[\"Verifactu\"],\"articleSection\":[\"Facturaci\u00f3n\"],\"inLanguage\":\"es\"},{\"@type\":\"WebPage\",\"@id\":\"https:\/\/finanedi.es\/blog\/verifactu-no-es-el-enemigo-como-convertir-la-obligacion-en-una-ventaja-competitiva\/\",\"url\":\"https:\/\/finanedi.es\/blog\/verifactu-no-es-el-enemigo-como-convertir-la-obligacion-en-una-ventaja-competitiva\/\",\"name\":\"C\u00f3mo convertir Verifactu en una ventaja competitiva\",\"isPartOf\":{\"@id\":\"https:\/\/finanedi.es\/blog\/#website\"},\"primaryImageOfPage\":{\"@id\":\"https:\/\/finanedi.es\/blog\/verifactu-no-es-el-enemigo-como-convertir-la-obligacion-en-una-ventaja-competitiva\/#primaryimage\"},\"image\":{\"@id\":\"https:\/\/finanedi.es\/blog\/verifactu-no-es-el-enemigo-como-convertir-la-obligacion-en-una-ventaja-competitiva\/#primaryimage\"},\"thumbnailUrl\":\"https:\/\/finanedi.es\/blog\/contenido\/uploads\/2025\/07\/VeriFactu-no-es-el-enemigo-como-convertir-la-obligacion-en-una-ventaja-competitiva.jpg\",\"datePublished\":\"2025-07-11T06:45:45+00:00\",\"dateModified\":\"2025-08-04T07:01:46+00:00\",\"description\":\"Convierte VeriFactu en una oportunidad: descubre c\u00f3mo mejorar la gesti\u00f3n de tu negocio y ganar eficiencia cumpliendo la norma.\",\"breadcrumb\":{\"@id\":\"https:\/\/finanedi.es\/blog\/verifactu-no-es-el-enemigo-como-convertir-la-obligacion-en-una-ventaja-competitiva\/#breadcrumb\"},\"inLanguage\":\"es\",\"potentialAction\":[{\"@type\":\"ReadAction\",\"target\":[\"https:\/\/finanedi.es\/blog\/verifactu-no-es-el-enemigo-como-convertir-la-obligacion-en-una-ventaja-competitiva\/\"]}]},{\"@type\":\"ImageObject\",\"inLanguage\":\"es\",\"@id\":\"https:\/\/finanedi.es\/blog\/verifactu-no-es-el-enemigo-como-convertir-la-obligacion-en-una-ventaja-competitiva\/#primaryimage\",\"url\":\"https:\/\/finanedi.es\/blog\/contenido\/uploads\/2025\/07\/VeriFactu-no-es-el-enemigo-como-convertir-la-obligacion-en-una-ventaja-competitiva.jpg\",\"contentUrl\":\"https:\/\/finanedi.es\/blog\/contenido\/uploads\/2025\/07\/VeriFactu-no-es-el-enemigo-como-convertir-la-obligacion-en-una-ventaja-competitiva.jpg\",\"width\":2000,\"height\":1333,\"caption\":\"VeriFactu no es el enemigo c\u00f3mo convertir la obligaci\u00f3n en una ventaja competitiva\"},{\"@type\":\"BreadcrumbList\",\"@id\":\"https:\/\/finanedi.es\/blog\/verifactu-no-es-el-enemigo-como-convertir-la-obligacion-en-una-ventaja-competitiva\/#breadcrumb\",\"itemListElement\":[{\"@type\":\"ListItem\",\"position\":1,\"name\":\"Home\",\"item\":\"https:\/\/finanedi.es\/blog\/\"},{\"@type\":\"ListItem\",\"position\":2,\"name\":\"VeriFactu no es el enemigo: c\u00f3mo convertir la obligaci\u00f3n en una ventaja competitiva\"}]},{\"@type\":\"WebSite\",\"@id\":\"https:\/\/finanedi.es\/blog\/#website\",\"url\":\"https:\/\/finanedi.es\/blog\/\",\"name\":\"Blog para pymes y aut\u00f3nomos - FinanEDI\",\"description\":\"Blog para aut\u00f3nomos y PYMES, sobre temas como facturaci\u00f3n, contabilidad, tecnolog\u00eda.\",\"publisher\":{\"@id\":\"https:\/\/finanedi.es\/blog\/#organization\"},\"potentialAction\":[{\"@type\":\"SearchAction\",\"target\":{\"@type\":\"EntryPoint\",\"urlTemplate\":\"https:\/\/finanedi.es\/blog\/?s={search_term_string}\"},\"query-input\":{\"@type\":\"PropertyValueSpecification\",\"valueRequired\":true,\"valueName\":\"search_term_string\"}}],\"inLanguage\":\"es\"},{\"@type\":\"Organization\",\"@id\":\"https:\/\/finanedi.es\/blog\/#organization\",\"name\":\"Blog para pymes y aut\u00f3nomos - FinanEDI\",\"url\":\"https:\/\/finanedi.es\/blog\/\",\"logo\":{\"@type\":\"ImageObject\",\"inLanguage\":\"es\",\"@id\":\"https:\/\/finanedi.es\/blog\/#\/schema\/logo\/image\/\",\"url\":\"https:\/\/finanedi.es\/blog\/contenido\/uploads\/2024\/02\/FinanEdiAzul1.svg\",\"contentUrl\":\"https:\/\/finanedi.es\/blog\/contenido\/uploads\/2024\/02\/FinanEdiAzul1.svg\",\"width\":142,\"height\":36,\"caption\":\"Blog para pymes y aut\u00f3nomos - FinanEDI\"},\"image\":{\"@id\":\"https:\/\/finanedi.es\/blog\/#\/schema\/logo\/image\/\"}},{\"@type\":\"Person\",\"@id\":\"https:\/\/finanedi.es\/blog\/#\/schema\/person\/233ed58195d34f36f74f13ba1030ebd8\",\"name\":\"restevez\",\"image\":{\"@type\":\"ImageObject\",\"inLanguage\":\"es\",\"@id\":\"https:\/\/finanedi.es\/blog\/#\/schema\/person\/image\/\",\"url\":\"https:\/\/secure.gravatar.com\/avatar\/6c4880db9746e4aa887a98e0ebf657788804dc4280120ef10331a2e6ebb4a9a0?s=96&d=mm&r=g\",\"contentUrl\":\"https:\/\/secure.gravatar.com\/avatar\/6c4880db9746e4aa887a98e0ebf657788804dc4280120ef10331a2e6ebb4a9a0?s=96&d=mm&r=g\",\"caption\":\"restevez\"},\"url\":\"https:\/\/finanedi.es\/blog\/author\/restevez\/\"}]}<\/script>\n<!-- \/ Yoast SEO plugin. -->","yoast_head_json":{"title":"C\u00f3mo convertir Verifactu en una ventaja competitiva","description":"Convierte VeriFactu en una oportunidad: descubre c\u00f3mo mejorar la gesti\u00f3n de tu negocio y ganar eficiencia cumpliendo la norma.","robots":{"index":"index","follow":"follow","max-snippet":"max-snippet:-1","max-image-preview":"max-image-preview:large","max-video-preview":"max-video-preview:-1"},"canonical":"https:\/\/finanedi.es\/blog\/verifactu-no-es-el-enemigo-como-convertir-la-obligacion-en-una-ventaja-competitiva\/","og_locale":"es_ES","og_type":"article","og_title":"C\u00f3mo convertir Verifactu en una ventaja competitiva","og_description":"Convierte VeriFactu en una oportunidad: descubre c\u00f3mo mejorar la gesti\u00f3n de tu negocio y ganar eficiencia cumpliendo la norma.","og_url":"https:\/\/finanedi.es\/blog\/verifactu-no-es-el-enemigo-como-convertir-la-obligacion-en-una-ventaja-competitiva\/","og_site_name":"Blog para pymes y aut\u00f3nomos - FinanEDI","article_published_time":"2025-07-11T06:45:45+00:00","article_modified_time":"2025-08-04T07:01:46+00:00","og_image":[{"width":2000,"height":1333,"url":"https:\/\/finanedi.es\/blog\/contenido\/uploads\/2025\/07\/VeriFactu-no-es-el-enemigo-como-convertir-la-obligacion-en-una-ventaja-competitiva.jpg","type":"image\/jpeg"}],"author":"restevez","twitter_card":"summary_large_image","twitter_misc":{"Escrito por":"restevez","Tiempo de lectura":"6 minutos"},"schema":{"@context":"https:\/\/schema.org","@graph":[{"@type":"Article","@id":"https:\/\/finanedi.es\/blog\/verifactu-no-es-el-enemigo-como-convertir-la-obligacion-en-una-ventaja-competitiva\/#article","isPartOf":{"@id":"https:\/\/finanedi.es\/blog\/verifactu-no-es-el-enemigo-como-convertir-la-obligacion-en-una-ventaja-competitiva\/"},"author":{"name":"restevez","@id":"https:\/\/finanedi.es\/blog\/#\/schema\/person\/233ed58195d34f36f74f13ba1030ebd8"},"headline":"VeriFactu no es el enemigo: c\u00f3mo convertir la obligaci\u00f3n en una ventaja competitiva","datePublished":"2025-07-11T06:45:45+00:00","dateModified":"2025-08-04T07:01:46+00:00","mainEntityOfPage":{"@id":"https:\/\/finanedi.es\/blog\/verifactu-no-es-el-enemigo-como-convertir-la-obligacion-en-una-ventaja-competitiva\/"},"wordCount":878,"publisher":{"@id":"https:\/\/finanedi.es\/blog\/#organization"},"image":{"@id":"https:\/\/finanedi.es\/blog\/verifactu-no-es-el-enemigo-como-convertir-la-obligacion-en-una-ventaja-competitiva\/#primaryimage"},"thumbnailUrl":"https:\/\/finanedi.es\/blog\/contenido\/uploads\/2025\/07\/VeriFactu-no-es-el-enemigo-como-convertir-la-obligacion-en-una-ventaja-competitiva.jpg","keywords":["Verifactu"],"articleSection":["Facturaci\u00f3n"],"inLanguage":"es"},{"@type":"WebPage","@id":"https:\/\/finanedi.es\/blog\/verifactu-no-es-el-enemigo-como-convertir-la-obligacion-en-una-ventaja-competitiva\/","url":"https:\/\/finanedi.es\/blog\/verifactu-no-es-el-enemigo-como-convertir-la-obligacion-en-una-ventaja-competitiva\/","name":"C\u00f3mo convertir Verifactu en una ventaja competitiva","isPartOf":{"@id":"https:\/\/finanedi.es\/blog\/#website"},"primaryImageOfPage":{"@id":"https:\/\/finanedi.es\/blog\/verifactu-no-es-el-enemigo-como-convertir-la-obligacion-en-una-ventaja-competitiva\/#primaryimage"},"image":{"@id":"https:\/\/finanedi.es\/blog\/verifactu-no-es-el-enemigo-como-convertir-la-obligacion-en-una-ventaja-competitiva\/#primaryimage"},"thumbnailUrl":"https:\/\/finanedi.es\/blog\/contenido\/uploads\/2025\/07\/VeriFactu-no-es-el-enemigo-como-convertir-la-obligacion-en-una-ventaja-competitiva.jpg","datePublished":"2025-07-11T06:45:45+00:00","dateModified":"2025-08-04T07:01:46+00:00","description":"Convierte VeriFactu en una oportunidad: descubre c\u00f3mo mejorar la gesti\u00f3n de tu negocio y ganar eficiencia cumpliendo la norma.","breadcrumb":{"@id":"https:\/\/finanedi.es\/blog\/verifactu-no-es-el-enemigo-como-convertir-la-obligacion-en-una-ventaja-competitiva\/#breadcrumb"},"inLanguage":"es","potentialAction":[{"@type":"ReadAction","target":["https:\/\/finanedi.es\/blog\/verifactu-no-es-el-enemigo-como-convertir-la-obligacion-en-una-ventaja-competitiva\/"]}]},{"@type":"ImageObject","inLanguage":"es","@id":"https:\/\/finanedi.es\/blog\/verifactu-no-es-el-enemigo-como-convertir-la-obligacion-en-una-ventaja-competitiva\/#primaryimage","url":"https:\/\/finanedi.es\/blog\/contenido\/uploads\/2025\/07\/VeriFactu-no-es-el-enemigo-como-convertir-la-obligacion-en-una-ventaja-competitiva.jpg","contentUrl":"https:\/\/finanedi.es\/blog\/contenido\/uploads\/2025\/07\/VeriFactu-no-es-el-enemigo-como-convertir-la-obligacion-en-una-ventaja-competitiva.jpg","width":2000,"height":1333,"caption":"VeriFactu no es el enemigo c\u00f3mo convertir la obligaci\u00f3n en una ventaja competitiva"},{"@type":"BreadcrumbList","@id":"https:\/\/finanedi.es\/blog\/verifactu-no-es-el-enemigo-como-convertir-la-obligacion-en-una-ventaja-competitiva\/#breadcrumb","itemListElement":[{"@type":"ListItem","position":1,"name":"Home","item":"https:\/\/finanedi.es\/blog\/"},{"@type":"ListItem","position":2,"name":"VeriFactu no es el enemigo: c\u00f3mo convertir la obligaci\u00f3n en una ventaja competitiva"}]},{"@type":"WebSite","@id":"https:\/\/finanedi.es\/blog\/#website","url":"https:\/\/finanedi.es\/blog\/","name":"Blog para pymes y aut\u00f3nomos - FinanEDI","description":"Blog para aut\u00f3nomos y PYMES, sobre temas como facturaci\u00f3n, contabilidad, tecnolog\u00eda.","publisher":{"@id":"https:\/\/finanedi.es\/blog\/#organization"},"potentialAction":[{"@type":"SearchAction","target":{"@type":"EntryPoint","urlTemplate":"https:\/\/finanedi.es\/blog\/?s={search_term_string}"},"query-input":{"@type":"PropertyValueSpecification","valueRequired":true,"valueName":"search_term_string"}}],"inLanguage":"es"},{"@type":"Organization","@id":"https:\/\/finanedi.es\/blog\/#organization","name":"Blog para pymes y aut\u00f3nomos - FinanEDI","url":"https:\/\/finanedi.es\/blog\/","logo":{"@type":"ImageObject","inLanguage":"es","@id":"https:\/\/finanedi.es\/blog\/#\/schema\/logo\/image\/","url":"https:\/\/finanedi.es\/blog\/contenido\/uploads\/2024\/02\/FinanEdiAzul1.svg","contentUrl":"https:\/\/finanedi.es\/blog\/contenido\/uploads\/2024\/02\/FinanEdiAzul1.svg","width":142,"height":36,"caption":"Blog para pymes y aut\u00f3nomos - FinanEDI"},"image":{"@id":"https:\/\/finanedi.es\/blog\/#\/schema\/logo\/image\/"}},{"@type":"Person","@id":"https:\/\/finanedi.es\/blog\/#\/schema\/person\/233ed58195d34f36f74f13ba1030ebd8","name":"restevez","image":{"@type":"ImageObject","inLanguage":"es","@id":"https:\/\/finanedi.es\/blog\/#\/schema\/person\/image\/","url":"https:\/\/secure.gravatar.com\/avatar\/6c4880db9746e4aa887a98e0ebf657788804dc4280120ef10331a2e6ebb4a9a0?s=96&d=mm&r=g","contentUrl":"https:\/\/secure.gravatar.com\/avatar\/6c4880db9746e4aa887a98e0ebf657788804dc4280120ef10331a2e6ebb4a9a0?s=96&d=mm&r=g","caption":"restevez"},"url":"https:\/\/finanedi.es\/blog\/author\/restevez\/"}]}},"_links":{"self":[{"href":"https:\/\/finanedi.es\/blog\/wp-json\/wp\/v2\/posts\/11378","targetHints":{"allow":["GET"]}}],"collection":[{"href":"https:\/\/finanedi.es\/blog\/wp-json\/wp\/v2\/posts"}],"about":[{"href":"https:\/\/finanedi.es\/blog\/wp-json\/wp\/v2\/types\/post"}],"author":[{"embeddable":true,"href":"https:\/\/finanedi.es\/blog\/wp-json\/wp\/v2\/users\/3"}],"replies":[{"embeddable":true,"href":"https:\/\/finanedi.es\/blog\/wp-json\/wp\/v2\/comments?post=11378"}],"version-history":[{"count":5,"href":"https:\/\/finanedi.es\/blog\/wp-json\/wp\/v2\/posts\/11378\/revisions"}],"predecessor-version":[{"id":11384,"href":"https:\/\/finanedi.es\/blog\/wp-json\/wp\/v2\/posts\/11378\/revisions\/11384"}],"wp:featuredmedia":[{"embeddable":true,"href":"https:\/\/finanedi.es\/blog\/wp-json\/wp\/v2\/media\/11381"}],"wp:attachment":[{"href":"https:\/\/finanedi.es\/blog\/wp-json\/wp\/v2\/media?parent=11378"}],"wp:term":[{"taxonomy":"category","embeddable":true,"href":"https:\/\/finanedi.es\/blog\/wp-json\/wp\/v2\/categories?post=11378"},{"taxonomy":"post_tag","embeddable":true,"href":"https:\/\/finanedi.es\/blog\/wp-json\/wp\/v2\/tags?post=11378"}],"curies":[{"name":"wp","href":"https:\/\/api.w.org\/{rel}","templated":true}]}}