{"id":11436,"date":"2025-07-21T13:36:44","date_gmt":"2025-07-21T11:36:44","guid":{"rendered":"https:\/\/finanedi.es\/blog\/?p=11436"},"modified":"2025-07-28T08:49:10","modified_gmt":"2025-07-28T06:49:10","slug":"que-hacer-si-tu-software-de-facturacion-no-es-compatible-con-verifactu","status":"publish","type":"post","link":"https:\/\/finanedi.es\/blog\/que-hacer-si-tu-software-de-facturacion-no-es-compatible-con-verifactu\/","title":{"rendered":"Qu\u00e9 hacer si tu software de facturaci\u00f3n no es compatible con VeriFactu"},"content":{"rendered":"\t\t<div data-elementor-type=\"wp-post\" data-elementor-id=\"11436\" class=\"elementor elementor-11436\">\n\t\t\t\t<div class=\"elementor-element elementor-element-79e9382 e-flex e-con-boxed e-con e-parent\" data-id=\"79e9382\" data-element_type=\"container\">\n\t\t\t\t\t<div class=\"e-con-inner\">\n\t\t\t\t<div class=\"elementor-element elementor-element-5d7e80a elementor-widget elementor-widget-text-editor\" data-id=\"5d7e80a\" data-element_type=\"widget\" data-widget_type=\"text-editor.default\">\n\t\t\t\t<div class=\"elementor-widget-container\">\n\t\t\t\t\t\t\t\t\t<p data-start=\"238\" data-end=\"541\">La llegada de VeriFactu ha supuesto un cambio profundo en la forma en la que aut\u00f3nomos y pymes deben gestionar su facturaci\u00f3n. Desde su entrada en vigor, muchas empresas se han encontrado con una dificultad importante: su software de facturaci\u00f3n no es compatible con el sistema de la Agencia Tributaria.<\/p><p data-start=\"543\" data-end=\"743\">Si este es tu caso, no te preocupes. En este art\u00edculo te explicamos qu\u00e9 implica esta incompatibilidad, qu\u00e9 alternativas tienes, y c\u00f3mo adaptarte sin comprometer la operativa de tu negocio.<\/p>\t\t\t\t\t\t\t\t<\/div>\n\t\t\t\t<\/div>\n\t\t\t\t\t<\/div>\n\t\t\t\t<\/div>\n\t\t<div class=\"elementor-element elementor-element-dcdfe33 e-flex e-con-boxed e-con e-parent\" data-id=\"dcdfe33\" data-element_type=\"container\">\n\t\t\t\t\t<div class=\"e-con-inner\">\n\t\t\t\t<div class=\"elementor-element elementor-element-7c3c94b elementor-widget elementor-widget-heading\" data-id=\"7c3c94b\" data-element_type=\"widget\" data-widget_type=\"heading.default\">\n\t\t\t\t<div class=\"elementor-widget-container\">\n\t\t\t\t\t<h2 class=\"elementor-heading-title elementor-size-default\">\u00bfQu\u00e9 es VeriFactu y por qu\u00e9 es tan importante?<\/h2>\t\t\t\t<\/div>\n\t\t\t\t<\/div>\n\t\t\t\t\t<\/div>\n\t\t\t\t<\/div>\n\t\t<div class=\"elementor-element elementor-element-50642cc e-flex e-con-boxed e-con e-parent\" data-id=\"50642cc\" data-element_type=\"container\">\n\t\t\t\t\t<div class=\"e-con-inner\">\n\t\t\t\t<div class=\"elementor-element elementor-element-a94aa21 elementor-widget elementor-widget-text-editor\" data-id=\"a94aa21\" data-element_type=\"widget\" data-widget_type=\"text-editor.default\">\n\t\t\t\t<div class=\"elementor-widget-container\">\n\t\t\t\t\t\t\t\t\t<p data-start=\"801\" data-end=\"1063\">VeriFactu es una iniciativa de la Agencia Tributaria incluida en el nuevo reglamento de sistemas de facturaci\u00f3n. Su objetivo principal es combatir el fraude fiscal garantizando la integridad, conservaci\u00f3n y trazabilidad de las facturas emitidas por las empresas.<\/p><p data-start=\"1065\" data-end=\"1260\">Los sistemas compatibles con VeriFactu permiten enviar autom\u00e1ticamente los registros de facturaci\u00f3n a Hacienda, de forma pr\u00e1cticamente inmediata, cumpliendo con requisitos t\u00e9cnicos espec\u00edficos:<\/p>\t\t\t\t\t\t\t\t<\/div>\n\t\t\t\t<\/div>\n\t\t\t\t\t<\/div>\n\t\t\t\t<\/div>\n\t\t<div class=\"elementor-element elementor-element-93a1f19 e-flex e-con-boxed e-con e-parent\" data-id=\"93a1f19\" data-element_type=\"container\">\n\t\t\t\t\t<div class=\"e-con-inner\">\n\t\t\t\t<div class=\"elementor-element elementor-element-c5b83b2 elementor-widget elementor-widget-text-editor\" data-id=\"c5b83b2\" data-element_type=\"widget\" data-widget_type=\"text-editor.default\">\n\t\t\t\t<div class=\"elementor-widget-container\">\n\t\t\t\t\t\t\t\t\t<ul><li data-start=\"1261\" data-end=\"1309\"><p data-start=\"1263\" data-end=\"1309\">Generaci\u00f3n de un c\u00f3digo QR y huella digital.<\/p><\/li><li data-start=\"1310\" data-end=\"1373\"><p data-start=\"1312\" data-end=\"1373\">Env\u00edo del registro de cada factura en tiempo real (o casi).<\/p><\/li><li data-start=\"1374\" data-end=\"1434\"><p data-start=\"1376\" data-end=\"1434\">Inalterabilidad de los datos una vez emitida la factura.<\/p><\/li><\/ul>\t\t\t\t\t\t\t\t<\/div>\n\t\t\t\t<\/div>\n\t\t\t\t\t<\/div>\n\t\t\t\t<\/div>\n\t\t<div class=\"elementor-element elementor-element-e0400c1 e-flex e-con-boxed e-con e-parent\" data-id=\"e0400c1\" data-element_type=\"container\">\n\t\t\t\t\t<div class=\"e-con-inner\">\n\t\t\t\t<div class=\"elementor-element elementor-element-2ead10d elementor-widget elementor-widget-text-editor\" data-id=\"2ead10d\" data-element_type=\"widget\" data-widget_type=\"text-editor.default\">\n\t\t\t\t<div class=\"elementor-widget-container\">\n\t\t\t\t\t\t\t\t\t<p>La ley exige que todos los programas de facturaci\u00f3n sean compatibles con estos requisitos, y aunque a\u00fan hay margen hasta la plena aplicaci\u00f3n obligatoria, <strong data-start=\"1590\" data-end=\"1616\">el cambio es inminente<\/strong>.<\/p>\t\t\t\t\t\t\t\t<\/div>\n\t\t\t\t<\/div>\n\t\t\t\t\t<\/div>\n\t\t\t\t<\/div>\n\t\t<div class=\"elementor-element elementor-element-5e715a e-flex e-con-boxed e-con e-parent\" data-id=\"5e715a\" data-element_type=\"container\">\n\t\t\t\t\t<div class=\"e-con-inner\">\n\t\t\t\t<div class=\"elementor-element elementor-element-7f28a32d elementor-widget elementor-widget-text-editor\" data-id=\"7f28a32d\" data-element_type=\"widget\" data-widget_type=\"text-editor.default\">\n\t\t\t\t<div class=\"elementor-widget-container\">\n\t\t\t\t\t\t\t\t\t<p><strong>\ud83d\udcc4 Art\u00edculo relacionado<\/strong>:\u00a0<a href=\"https:\/\/finanedi.es\/blog\/verifactu-el-nuevo-horizonte-de-la-facturacion-para-pymes-y-autonomos\/\" target=\"_blank\" rel=\"noopener\">Verifactu: El nuevo horizonte de la facturaci\u00f3n para pymes y aut\u00f3nomos<\/a><\/p>\t\t\t\t\t\t\t\t<\/div>\n\t\t\t\t<\/div>\n\t\t\t\t\t<\/div>\n\t\t\t\t<\/div>\n\t\t<div class=\"elementor-element elementor-element-be79e2d e-flex e-con-boxed e-con e-parent\" data-id=\"be79e2d\" data-element_type=\"container\">\n\t\t\t\t\t<div class=\"e-con-inner\">\n\t\t\t\t<div class=\"elementor-element elementor-element-dc746f3 elementor-widget elementor-widget-spacer\" data-id=\"dc746f3\" data-element_type=\"widget\" data-widget_type=\"spacer.default\">\n\t\t\t\t<div class=\"elementor-widget-container\">\n\t\t\t\t\t\t\t<div class=\"elementor-spacer\">\n\t\t\t<div class=\"elementor-spacer-inner\"><\/div>\n\t\t<\/div>\n\t\t\t\t\t\t<\/div>\n\t\t\t\t<\/div>\n\t\t\t\t\t<\/div>\n\t\t\t\t<\/div>\n\t\t<div class=\"elementor-element elementor-element-472b8ae e-flex e-con-boxed e-con e-parent\" data-id=\"472b8ae\" data-element_type=\"container\">\n\t\t\t\t\t<div class=\"e-con-inner\">\n\t\t\t\t<div class=\"elementor-element elementor-element-704172b elementor-widget elementor-widget-heading\" data-id=\"704172b\" data-element_type=\"widget\" data-widget_type=\"heading.default\">\n\t\t\t\t<div class=\"elementor-widget-container\">\n\t\t\t\t\t<h2 class=\"elementor-heading-title elementor-size-default\">\u00bfQu\u00e9 pasa si tu software no es compatible con VeriFactu?<\/h2>\t\t\t\t<\/div>\n\t\t\t\t<\/div>\n\t\t\t\t\t<\/div>\n\t\t\t\t<\/div>\n\t\t<div class=\"elementor-element elementor-element-e1d809d e-flex e-con-boxed e-con e-parent\" data-id=\"e1d809d\" data-element_type=\"container\">\n\t\t\t\t\t<div class=\"e-con-inner\">\n\t\t\t\t<div class=\"elementor-element elementor-element-fb3fb6b elementor-widget elementor-widget-text-editor\" data-id=\"fb3fb6b\" data-element_type=\"widget\" data-widget_type=\"text-editor.default\">\n\t\t\t\t<div class=\"elementor-widget-container\">\n\t\t\t\t\t\t\t\t\t<p>Si est\u00e1s utilizando un software que no puede generar facturas con el formato exigido por VeriFactu ni enviarlas a la Agencia Tributaria, te expones a varios riesgos:<\/p>\t\t\t\t\t\t\t\t<\/div>\n\t\t\t\t<\/div>\n\t\t\t\t\t<\/div>\n\t\t\t\t<\/div>\n\t\t<div class=\"elementor-element elementor-element-d3c61ed e-flex e-con-boxed e-con e-parent\" data-id=\"d3c61ed\" data-element_type=\"container\">\n\t\t\t\t\t<div class=\"e-con-inner\">\n\t\t\t\t<div class=\"elementor-element elementor-element-fc95fca elementor-widget elementor-widget-text-editor\" data-id=\"fc95fca\" data-element_type=\"widget\" data-widget_type=\"text-editor.default\">\n\t\t\t\t<div class=\"elementor-widget-container\">\n\t\t\t\t\t\t\t\t\t<ul><li data-start=\"1856\" data-end=\"1950\"><p data-start=\"1858\" data-end=\"1950\"><strong data-start=\"1858\" data-end=\"1887\">Multas por incumplimiento<\/strong> normativo cuando el uso de sistemas VeriFactu sea obligatorio.<\/p><\/li><li data-start=\"1951\" data-end=\"2063\"><p data-start=\"1953\" data-end=\"2063\"><strong data-start=\"1953\" data-end=\"1986\">Retrasos en la digitalizaci\u00f3n<\/strong> de tu negocio, perdiendo ventajas competitivas frente a empresas m\u00e1s \u00e1giles.<\/p><\/li><li data-start=\"2064\" data-end=\"2181\"><p data-start=\"2066\" data-end=\"2181\"><strong data-start=\"2066\" data-end=\"2096\">Incompatibilidades futuras<\/strong> con clientes o proveedores que exijan comprobantes v\u00e1lidos seg\u00fan la nueva normativa.<\/p><\/li><\/ul>\t\t\t\t\t\t\t\t<\/div>\n\t\t\t\t<\/div>\n\t\t\t\t\t<\/div>\n\t\t\t\t<\/div>\n\t\t<div class=\"elementor-element elementor-element-c3a9174 e-flex e-con-boxed e-con e-parent\" data-id=\"c3a9174\" data-element_type=\"container\">\n\t\t\t\t\t<div class=\"e-con-inner\">\n\t\t\t\t<div class=\"elementor-element elementor-element-fb644bb elementor-widget elementor-widget-text-editor\" data-id=\"fb644bb\" data-element_type=\"widget\" data-widget_type=\"text-editor.default\">\n\t\t\t\t<div class=\"elementor-widget-container\">\n\t\t\t\t\t\t\t\t\t<p>Lo m\u00e1s importante: <strong data-start=\"2202\" data-end=\"2235\">no puedes quedarte como est\u00e1s<\/strong>. Es necesario tomar medidas cuanto antes.<\/p>\t\t\t\t\t\t\t\t<\/div>\n\t\t\t\t<\/div>\n\t\t\t\t\t<\/div>\n\t\t\t\t<\/div>\n\t\t<div class=\"elementor-element elementor-element-855622e e-flex e-con-boxed e-con e-parent\" data-id=\"855622e\" data-element_type=\"container\">\n\t\t\t\t\t<div class=\"e-con-inner\">\n\t\t\t\t<div class=\"elementor-element elementor-element-8af91b2 elementor-widget elementor-widget-spacer\" data-id=\"8af91b2\" data-element_type=\"widget\" data-widget_type=\"spacer.default\">\n\t\t\t\t<div class=\"elementor-widget-container\">\n\t\t\t\t\t\t\t<div class=\"elementor-spacer\">\n\t\t\t<div class=\"elementor-spacer-inner\"><\/div>\n\t\t<\/div>\n\t\t\t\t\t\t<\/div>\n\t\t\t\t<\/div>\n\t\t\t\t\t<\/div>\n\t\t\t\t<\/div>\n\t\t<div class=\"elementor-element elementor-element-1bd84c0 e-flex e-con-boxed e-con e-parent\" data-id=\"1bd84c0\" data-element_type=\"container\">\n\t\t\t\t\t<div class=\"e-con-inner\">\n\t\t\t\t<div class=\"elementor-element elementor-element-cfab48e elementor-widget elementor-widget-heading\" data-id=\"cfab48e\" data-element_type=\"widget\" data-widget_type=\"heading.default\">\n\t\t\t\t<div class=\"elementor-widget-container\">\n\t\t\t\t\t<h2 class=\"elementor-heading-title elementor-size-default\">C\u00f3mo saber si tu software es compatible con VeriFactu<\/h2>\t\t\t\t<\/div>\n\t\t\t\t<\/div>\n\t\t\t\t\t<\/div>\n\t\t\t\t<\/div>\n\t\t<div class=\"elementor-element elementor-element-9463756 e-flex e-con-boxed e-con e-parent\" data-id=\"9463756\" data-element_type=\"container\">\n\t\t\t\t\t<div class=\"e-con-inner\">\n\t\t\t\t<div class=\"elementor-element elementor-element-a019c36 elementor-widget elementor-widget-text-editor\" data-id=\"a019c36\" data-element_type=\"widget\" data-widget_type=\"text-editor.default\">\n\t\t\t\t<div class=\"elementor-widget-container\">\n\t\t\t\t\t\t\t\t\t<p data-start=\"2342\" data-end=\"2469\">Antes de tomar decisiones, lo primero es verificar si tu sistema actual <strong data-start=\"2414\" data-end=\"2445\">ya cumple o puede adaptarse<\/strong> a VeriFactu. Para ello:<\/p>\t\t\t\t\t\t\t\t<\/div>\n\t\t\t\t<\/div>\n\t\t\t\t\t<\/div>\n\t\t\t\t<\/div>\n\t\t<div class=\"elementor-element elementor-element-5193679 e-flex e-con-boxed e-con e-parent\" data-id=\"5193679\" data-element_type=\"container\">\n\t\t\t\t\t<div class=\"e-con-inner\">\n\t\t\t\t<div class=\"elementor-element elementor-element-3bbb871 elementor-widget elementor-widget-text-editor\" data-id=\"3bbb871\" data-element_type=\"widget\" data-widget_type=\"text-editor.default\">\n\t\t\t\t<div class=\"elementor-widget-container\">\n\t\t\t\t\t\t\t\t\t<ul><li data-start=\"2471\" data-end=\"2582\"><p data-start=\"2474\" data-end=\"2582\"><strong data-start=\"2474\" data-end=\"2516\">Consulta con tu proveedor de software.<\/strong> Pregunta directamente si est\u00e1n homologados o en proceso de serlo.<\/p><\/li><li data-start=\"2583\" data-end=\"2726\"><p data-start=\"2586\" data-end=\"2726\"><strong data-start=\"2586\" data-end=\"2644\">Revisa el listado de programas registrados en la AEAT.<\/strong> Hacienda publica peri\u00f3dicamente una lista de sistemas que cumplen los requisitos.<\/p><\/li><li data-start=\"2727\" data-end=\"2863\"><p data-start=\"2730\" data-end=\"2863\"><strong data-start=\"2730\" data-end=\"2762\">Busca caracter\u00edsticas clave:<\/strong> generaci\u00f3n de huella digital, firma de facturas, c\u00f3digo QR, env\u00edo autom\u00e1tico a la AEAT, entre otras.<\/p><\/li><\/ul>\t\t\t\t\t\t\t\t<\/div>\n\t\t\t\t<\/div>\n\t\t\t\t\t<\/div>\n\t\t\t\t<\/div>\n\t\t<div class=\"elementor-element elementor-element-3f294f7b e-flex e-con-boxed e-con e-parent\" data-id=\"3f294f7b\" data-element_type=\"container\">\n\t\t\t\t\t<div class=\"e-con-inner\">\n\t\t\t\t<div class=\"elementor-element elementor-element-7c2e8181 elementor-widget elementor-widget-text-editor\" data-id=\"7c2e8181\" data-element_type=\"widget\" data-widget_type=\"text-editor.default\">\n\t\t\t\t<div class=\"elementor-widget-container\">\n\t\t\t\t\t\t\t\t\t<p><strong>\u26a0\ufe0f\u00a0 Importante<\/strong>: Algunos programas dicen ser \u201ccompatibles\u201d, pero no est\u00e1n homologados. Aseg\u00farate de que cumplen realmente con los est\u00e1ndares del reglamento t\u00e9cnico.<\/p>\t\t\t\t\t\t\t\t<\/div>\n\t\t\t\t<\/div>\n\t\t\t\t\t<\/div>\n\t\t\t\t<\/div>\n\t\t<div class=\"elementor-element elementor-element-4f31671 e-flex e-con-boxed e-con e-parent\" data-id=\"4f31671\" data-element_type=\"container\">\n\t\t\t\t\t<div class=\"e-con-inner\">\n\t\t\t\t<div class=\"elementor-element elementor-element-52c3590 elementor-widget elementor-widget-spacer\" data-id=\"52c3590\" data-element_type=\"widget\" data-widget_type=\"spacer.default\">\n\t\t\t\t<div class=\"elementor-widget-container\">\n\t\t\t\t\t\t\t<div class=\"elementor-spacer\">\n\t\t\t<div class=\"elementor-spacer-inner\"><\/div>\n\t\t<\/div>\n\t\t\t\t\t\t<\/div>\n\t\t\t\t<\/div>\n\t\t\t\t\t<\/div>\n\t\t\t\t<\/div>\n\t\t<div class=\"elementor-element elementor-element-2c59295 e-flex e-con-boxed e-con e-parent\" data-id=\"2c59295\" data-element_type=\"container\">\n\t\t\t\t\t<div class=\"e-con-inner\">\n\t\t\t\t<div class=\"elementor-element elementor-element-e0d0aa3 elementor-widget elementor-widget-heading\" data-id=\"e0d0aa3\" data-element_type=\"widget\" data-widget_type=\"heading.default\">\n\t\t\t\t<div class=\"elementor-widget-container\">\n\t\t\t\t\t<h2 class=\"elementor-heading-title elementor-size-default\">Opciones si tu software no es compatible con VeriFactu<\/h2>\t\t\t\t<\/div>\n\t\t\t\t<\/div>\n\t\t\t\t\t<\/div>\n\t\t\t\t<\/div>\n\t\t<div class=\"elementor-element elementor-element-2ca05f4 e-flex e-con-boxed e-con e-parent\" data-id=\"2ca05f4\" data-element_type=\"container\">\n\t\t\t\t\t<div class=\"e-con-inner\">\n\t\t\t\t<div class=\"elementor-element elementor-element-e1d4da6 elementor-widget elementor-widget-text-editor\" data-id=\"e1d4da6\" data-element_type=\"widget\" data-widget_type=\"text-editor.default\">\n\t\t\t\t<div class=\"elementor-widget-container\">\n\t\t\t\t\t\t\t\t\t<p>Si tu programa no se adapta, estas son las alternativas que tienes:<\/p>\t\t\t\t\t\t\t\t<\/div>\n\t\t\t\t<\/div>\n\t\t\t\t\t<\/div>\n\t\t\t\t<\/div>\n\t\t<div class=\"elementor-element elementor-element-f7f92fd e-flex e-con-boxed e-con e-parent\" data-id=\"f7f92fd\" data-element_type=\"container\">\n\t\t\t\t\t<div class=\"e-con-inner\">\n\t\t\t\t<div class=\"elementor-element elementor-element-78adbce elementor-widget elementor-widget-heading\" data-id=\"78adbce\" data-element_type=\"widget\" data-widget_type=\"heading.default\">\n\t\t\t\t<div class=\"elementor-widget-container\">\n\t\t\t\t\t<h3 class=\"elementor-heading-title elementor-size-default\">1. Cambiar a un software que s\u00ed lo sea<\/h3>\t\t\t\t<\/div>\n\t\t\t\t<\/div>\n\t\t\t\t\t<\/div>\n\t\t\t\t<\/div>\n\t\t<div class=\"elementor-element elementor-element-0ea8779 e-flex e-con-boxed e-con e-parent\" data-id=\"0ea8779\" data-element_type=\"container\">\n\t\t\t\t\t<div class=\"e-con-inner\">\n\t\t\t\t<div class=\"elementor-element elementor-element-c316a96 elementor-widget elementor-widget-text-editor\" data-id=\"c316a96\" data-element_type=\"widget\" data-widget_type=\"text-editor.default\">\n\t\t\t\t<div class=\"elementor-widget-container\">\n\t\t\t\t\t\t\t\t\t<p>La opci\u00f3n m\u00e1s directa es sustituir tu herramienta actual por un programa que <strong data-start=\"3288\" data-end=\"3365\">ya est\u00e9 homologado o preparado para enviar facturas a trav\u00e9s de VeriFactu<\/strong>.<\/p>\t\t\t\t\t\t\t\t<\/div>\n\t\t\t\t<\/div>\n\t\t\t\t\t<\/div>\n\t\t\t\t<\/div>\n\t\t<div class=\"elementor-element elementor-element-172f89f e-flex e-con-boxed e-con e-parent\" data-id=\"172f89f\" data-element_type=\"container\">\n\t\t\t\t\t<div class=\"e-con-inner\">\n\t\t\t\t<div class=\"elementor-element elementor-element-a3783f5 elementor-widget elementor-widget-text-editor\" data-id=\"a3783f5\" data-element_type=\"widget\" data-widget_type=\"text-editor.default\">\n\t\t\t\t<div class=\"elementor-widget-container\">\n\t\t\t\t\t\t\t\t\t<p><strong>Ventajas<\/strong><\/p>\t\t\t\t\t\t\t\t<\/div>\n\t\t\t\t<\/div>\n\t\t\t\t\t<\/div>\n\t\t\t\t<\/div>\n\t\t<div class=\"elementor-element elementor-element-ee529aa e-flex e-con-boxed e-con e-parent\" data-id=\"ee529aa\" data-element_type=\"container\">\n\t\t\t\t\t<div class=\"e-con-inner\">\n\t\t\t\t<div class=\"elementor-element elementor-element-d690bb2 elementor-widget elementor-widget-text-editor\" data-id=\"d690bb2\" data-element_type=\"widget\" data-widget_type=\"text-editor.default\">\n\t\t\t\t<div class=\"elementor-widget-container\">\n\t\t\t\t\t\t\t\t\t<ul data-start=\"3383\" data-end=\"3589\"><li data-start=\"3383\" data-end=\"3419\"><p data-start=\"3385\" data-end=\"3419\">Cumples con la normativa desde ya.<\/p><\/li><li data-start=\"3420\" data-end=\"3494\"><p data-start=\"3422\" data-end=\"3494\">Obtienes herramientas m\u00e1s modernas, con mejor soporte y actualizaciones.<\/p><\/li><li data-start=\"3495\" data-end=\"3589\"><p data-start=\"3497\" data-end=\"3589\">Suelen incluir funciones extra: contabilidad, conciliaci\u00f3n bancaria, gesti\u00f3n de cobros, etc.<\/p><\/li><\/ul>\t\t\t\t\t\t\t\t<\/div>\n\t\t\t\t<\/div>\n\t\t\t\t\t<\/div>\n\t\t\t\t<\/div>\n\t\t<div class=\"elementor-element elementor-element-62f49f4b e-flex e-con-boxed e-con e-parent\" data-id=\"62f49f4b\" data-element_type=\"container\">\n\t\t\t\t\t<div class=\"e-con-inner\">\n\t\t\t\t<div class=\"elementor-element elementor-element-1070b069 elementor-widget elementor-widget-text-editor\" data-id=\"1070b069\" data-element_type=\"widget\" data-widget_type=\"text-editor.default\">\n\t\t\t\t<div class=\"elementor-widget-container\">\n\t\t\t\t\t\t\t\t\t<p><strong>\ud83d\ude80 Ejemplo<\/strong>: <a href=\"https:\/\/finanedi.es\/\" target=\"_blank\" rel=\"noopener\">FinanEDI<\/a> es una herramienta de facturaci\u00f3n y contabilidad gratuita que ya est\u00e1 preparada para adaptarse a VeriFactu, lo que la convierte en una alternativa segura y pr\u00e1ctica para pymes y aut\u00f3nomos.<\/p>\t\t\t\t\t\t\t\t<\/div>\n\t\t\t\t<\/div>\n\t\t\t\t\t<\/div>\n\t\t\t\t<\/div>\n\t\t<div class=\"elementor-element elementor-element-797354d e-flex e-con-boxed e-con e-parent\" data-id=\"797354d\" data-element_type=\"container\">\n\t\t\t\t\t<div class=\"e-con-inner\">\n\t\t\t\t<div class=\"elementor-element elementor-element-5dfecbf elementor-widget elementor-widget-spacer\" data-id=\"5dfecbf\" data-element_type=\"widget\" data-widget_type=\"spacer.default\">\n\t\t\t\t<div class=\"elementor-widget-container\">\n\t\t\t\t\t\t\t<div class=\"elementor-spacer\">\n\t\t\t<div class=\"elementor-spacer-inner\"><\/div>\n\t\t<\/div>\n\t\t\t\t\t\t<\/div>\n\t\t\t\t<\/div>\n\t\t\t\t\t<\/div>\n\t\t\t\t<\/div>\n\t\t<div class=\"elementor-element elementor-element-5d2b57b e-flex e-con-boxed e-con e-parent\" data-id=\"5d2b57b\" data-element_type=\"container\">\n\t\t\t\t\t<div class=\"e-con-inner\">\n\t\t\t\t<div class=\"elementor-element elementor-element-5d623ba elementor-widget elementor-widget-heading\" data-id=\"5d623ba\" data-element_type=\"widget\" data-widget_type=\"heading.default\">\n\t\t\t\t<div class=\"elementor-widget-container\">\n\t\t\t\t\t<h3 class=\"elementor-heading-title elementor-size-default\">2. Utilizar un conector o m\u00f3dulo adicional<\/h3>\t\t\t\t<\/div>\n\t\t\t\t<\/div>\n\t\t\t\t\t<\/div>\n\t\t\t\t<\/div>\n\t\t<div class=\"elementor-element elementor-element-dcebe84 e-flex e-con-boxed e-con e-parent\" data-id=\"dcebe84\" data-element_type=\"container\">\n\t\t\t\t\t<div class=\"e-con-inner\">\n\t\t\t\t<div class=\"elementor-element elementor-element-45916f5 elementor-widget elementor-widget-text-editor\" data-id=\"45916f5\" data-element_type=\"widget\" data-widget_type=\"text-editor.default\">\n\t\t\t\t<div class=\"elementor-widget-container\">\n\t\t\t\t\t\t\t\t\t<p data-start=\"3869\" data-end=\"4052\">En algunos casos, tu software puede no ser compatible directamente, pero existen integraciones o conectores que permiten emitir facturas v\u00e1lidas y enviarlas al sistema de la AEAT.<\/p><p data-start=\"4054\" data-end=\"4144\">Estos m\u00f3dulos pueden ser desarrollos de terceros o plugins compatibles con tu herramienta.<\/p>\t\t\t\t\t\t\t\t<\/div>\n\t\t\t\t<\/div>\n\t\t\t\t\t<\/div>\n\t\t\t\t<\/div>\n\t\t<div class=\"elementor-element elementor-element-c3f51d3 e-flex e-con-boxed e-con e-parent\" data-id=\"c3f51d3\" data-element_type=\"container\">\n\t\t\t\t\t<div class=\"e-con-inner\">\n\t\t\t\t<div class=\"elementor-element elementor-element-a05ba5d elementor-widget elementor-widget-text-editor\" data-id=\"a05ba5d\" data-element_type=\"widget\" data-widget_type=\"text-editor.default\">\n\t\t\t\t<div class=\"elementor-widget-container\">\n\t\t\t\t\t\t\t\t\t<p><strong>Inconvenientes:<\/strong><\/p>\t\t\t\t\t\t\t\t<\/div>\n\t\t\t\t<\/div>\n\t\t\t\t\t<\/div>\n\t\t\t\t<\/div>\n\t\t<div class=\"elementor-element elementor-element-7136250 e-flex e-con-boxed e-con e-parent\" data-id=\"7136250\" data-element_type=\"container\">\n\t\t\t\t\t<div class=\"e-con-inner\">\n\t\t\t\t<div class=\"elementor-element elementor-element-de03369 elementor-widget elementor-widget-text-editor\" data-id=\"de03369\" data-element_type=\"widget\" data-widget_type=\"text-editor.default\">\n\t\t\t\t<div class=\"elementor-widget-container\">\n\t\t\t\t\t\t\t\t\t<ul><li data-start=\"4167\" data-end=\"4200\"><p data-start=\"4169\" data-end=\"4200\">Requiere configuraci\u00f3n t\u00e9cnica.<\/p><\/li><li data-start=\"4201\" data-end=\"4239\"><p data-start=\"4203\" data-end=\"4239\">No siempre es una soluci\u00f3n gratuita.<\/p><\/li><li data-start=\"4240\" data-end=\"4309\"><p data-start=\"4242\" data-end=\"4309\">Puede generar fricciones si el software base no est\u00e1 bien dise\u00f1ado.<\/p><\/li><\/ul>\t\t\t\t\t\t\t\t<\/div>\n\t\t\t\t<\/div>\n\t\t\t\t\t<\/div>\n\t\t\t\t<\/div>\n\t\t<div class=\"elementor-element elementor-element-69b5f2d e-flex e-con-boxed e-con e-parent\" data-id=\"69b5f2d\" data-element_type=\"container\">\n\t\t\t\t\t<div class=\"e-con-inner\">\n\t\t\t\t<div class=\"elementor-element elementor-element-986d28b elementor-widget elementor-widget-spacer\" data-id=\"986d28b\" data-element_type=\"widget\" data-widget_type=\"spacer.default\">\n\t\t\t\t<div class=\"elementor-widget-container\">\n\t\t\t\t\t\t\t<div class=\"elementor-spacer\">\n\t\t\t<div class=\"elementor-spacer-inner\"><\/div>\n\t\t<\/div>\n\t\t\t\t\t\t<\/div>\n\t\t\t\t<\/div>\n\t\t\t\t\t<\/div>\n\t\t\t\t<\/div>\n\t\t<div class=\"elementor-element elementor-element-f628be1 e-flex e-con-boxed e-con e-parent\" data-id=\"f628be1\" data-element_type=\"container\">\n\t\t\t\t\t<div class=\"e-con-inner\">\n\t\t\t\t<div class=\"elementor-element elementor-element-1569c01 elementor-widget elementor-widget-heading\" data-id=\"1569c01\" data-element_type=\"widget\" data-widget_type=\"heading.default\">\n\t\t\t\t<div class=\"elementor-widget-container\">\n\t\t\t\t\t<h3 class=\"elementor-heading-title elementor-size-default\">3. Contratar servicios externos para emisi\u00f3n de facturas<\/h3>\t\t\t\t<\/div>\n\t\t\t\t<\/div>\n\t\t\t\t\t<\/div>\n\t\t\t\t<\/div>\n\t\t<div class=\"elementor-element elementor-element-18ca1e8 e-flex e-con-boxed e-con e-parent\" data-id=\"18ca1e8\" data-element_type=\"container\">\n\t\t\t\t\t<div class=\"e-con-inner\">\n\t\t\t\t<div class=\"elementor-element elementor-element-74ec2f3 elementor-widget elementor-widget-text-editor\" data-id=\"74ec2f3\" data-element_type=\"widget\" data-widget_type=\"text-editor.default\">\n\t\t\t\t<div class=\"elementor-widget-container\">\n\t\t\t\t\t\t\t\t\t<p>Algunas asesor\u00edas o empresas tecnol\u00f3gicas ofrecen servicios de emisi\u00f3n de facturas en tu nombre a trav\u00e9s de sistemas homologados. Es decir, t\u00fa les das los datos y ellos se encargan de emitir y reportar las facturas correctamente.<\/p>\t\t\t\t\t\t\t\t<\/div>\n\t\t\t\t<\/div>\n\t\t\t\t\t<\/div>\n\t\t\t\t<\/div>\n\t\t<div class=\"elementor-element elementor-element-68cf4c2 e-flex e-con-boxed e-con e-parent\" data-id=\"68cf4c2\" data-element_type=\"container\">\n\t\t\t\t\t<div class=\"e-con-inner\">\n\t\t\t\t<div class=\"elementor-element elementor-element-f44f304 elementor-widget elementor-widget-text-editor\" data-id=\"f44f304\" data-element_type=\"widget\" data-widget_type=\"text-editor.default\">\n\t\t\t\t<div class=\"elementor-widget-container\">\n\t\t\t\t\t\t\t\t\t<p><strong>Contras:<\/strong><\/p>\t\t\t\t\t\t\t\t<\/div>\n\t\t\t\t<\/div>\n\t\t\t\t\t<\/div>\n\t\t\t\t<\/div>\n\t\t<div class=\"elementor-element elementor-element-02495e9 e-flex e-con-boxed e-con e-parent\" data-id=\"02495e9\" data-element_type=\"container\">\n\t\t\t\t\t<div class=\"e-con-inner\">\n\t\t\t\t<div class=\"elementor-element elementor-element-d087662 elementor-widget elementor-widget-text-editor\" data-id=\"d087662\" data-element_type=\"widget\" data-widget_type=\"text-editor.default\">\n\t\t\t\t<div class=\"elementor-widget-container\">\n\t\t\t\t\t\t\t\t\t<ul><li data-start=\"4783\" data-end=\"4809\"><p data-start=\"4785\" data-end=\"4809\">Dependencia de terceros.<\/p><\/li><li data-start=\"4810\" data-end=\"4854\"><p data-start=\"4812\" data-end=\"4854\">Coste recurrente si se usa con frecuencia.<\/p><\/li><\/ul>\t\t\t\t\t\t\t\t<\/div>\n\t\t\t\t<\/div>\n\t\t\t\t\t<\/div>\n\t\t\t\t<\/div>\n\t\t<div class=\"elementor-element elementor-element-f835436 e-flex e-con-boxed e-con e-parent\" data-id=\"f835436\" data-element_type=\"container\">\n\t\t\t\t\t<div class=\"e-con-inner\">\n\t\t\t\t<div class=\"elementor-element elementor-element-b99f9fa elementor-widget elementor-widget-spacer\" data-id=\"b99f9fa\" data-element_type=\"widget\" data-widget_type=\"spacer.default\">\n\t\t\t\t<div class=\"elementor-widget-container\">\n\t\t\t\t\t\t\t<div class=\"elementor-spacer\">\n\t\t\t<div class=\"elementor-spacer-inner\"><\/div>\n\t\t<\/div>\n\t\t\t\t\t\t<\/div>\n\t\t\t\t<\/div>\n\t\t\t\t\t<\/div>\n\t\t\t\t<\/div>\n\t\t<div class=\"elementor-element elementor-element-4ff17c1 e-flex e-con-boxed e-con e-parent\" data-id=\"4ff17c1\" data-element_type=\"container\">\n\t\t\t\t\t<div class=\"e-con-inner\">\n\t\t\t\t<div class=\"elementor-element elementor-element-eb3b06a elementor-widget elementor-widget-heading\" data-id=\"eb3b06a\" data-element_type=\"widget\" data-widget_type=\"heading.default\">\n\t\t\t\t<div class=\"elementor-widget-container\">\n\t\t\t\t\t<h3 class=\"elementor-heading-title elementor-size-default\">4. Esperar a que tu proveedor se actualice (con condiciones)<\/h3>\t\t\t\t<\/div>\n\t\t\t\t<\/div>\n\t\t\t\t\t<\/div>\n\t\t\t\t<\/div>\n\t\t<div class=\"elementor-element elementor-element-99292e8 e-flex e-con-boxed e-con e-parent\" data-id=\"99292e8\" data-element_type=\"container\">\n\t\t\t\t\t<div class=\"e-con-inner\">\n\t\t\t\t<div class=\"elementor-element elementor-element-0c32753 elementor-widget elementor-widget-text-editor\" data-id=\"0c32753\" data-element_type=\"widget\" data-widget_type=\"text-editor.default\">\n\t\t\t\t<div class=\"elementor-widget-container\">\n\t\t\t\t\t\t\t\t\t<p>Si est\u00e1s satisfecho con tu software actual y el proveedor te ha confirmado que est\u00e1n trabajando en la adaptaci\u00f3n a VeriFactu, puedes esperar siempre que exista una garant\u00eda firme y no quede mucho tiempo para el cambio obligatorio. Eso s\u00ed:<\/p>\t\t\t\t\t\t\t\t<\/div>\n\t\t\t\t<\/div>\n\t\t\t\t\t<\/div>\n\t\t\t\t<\/div>\n\t\t<div class=\"elementor-element elementor-element-6f03a4d e-flex e-con-boxed e-con e-parent\" data-id=\"6f03a4d\" data-element_type=\"container\">\n\t\t\t\t\t<div class=\"e-con-inner\">\n\t\t\t\t<div class=\"elementor-element elementor-element-69a6b13 elementor-widget elementor-widget-text-editor\" data-id=\"69a6b13\" data-element_type=\"widget\" data-widget_type=\"text-editor.default\">\n\t\t\t\t<div class=\"elementor-widget-container\">\n\t\t\t\t\t\t\t\t\t<ul><li data-start=\"5179\" data-end=\"5227\"><p data-start=\"5181\" data-end=\"5227\">Exige una <strong data-start=\"5191\" data-end=\"5209\">fecha estimada<\/strong> de actualizaci\u00f3n.<\/p><\/li><li data-start=\"5228\" data-end=\"5290\"><p data-start=\"5230\" data-end=\"5290\">Aseg\u00farate de que se incluir\u00e1n todos los requisitos t\u00e9cnicos.<\/p><\/li><\/ul>\t\t\t\t\t\t\t\t<\/div>\n\t\t\t\t<\/div>\n\t\t\t\t\t<\/div>\n\t\t\t\t<\/div>\n\t\t<div class=\"elementor-element elementor-element-3c0d57f e-flex e-con-boxed e-con e-parent\" data-id=\"3c0d57f\" data-element_type=\"container\">\n\t\t\t\t\t<div class=\"e-con-inner\">\n\t\t\t\t<div class=\"elementor-element elementor-element-0f62b62 elementor-widget elementor-widget-spacer\" data-id=\"0f62b62\" data-element_type=\"widget\" data-widget_type=\"spacer.default\">\n\t\t\t\t<div class=\"elementor-widget-container\">\n\t\t\t\t\t\t\t<div class=\"elementor-spacer\">\n\t\t\t<div class=\"elementor-spacer-inner\"><\/div>\n\t\t<\/div>\n\t\t\t\t\t\t<\/div>\n\t\t\t\t<\/div>\n\t\t\t\t\t<\/div>\n\t\t\t\t<\/div>\n\t\t<div class=\"elementor-element elementor-element-5129f54 e-flex e-con-boxed e-con e-parent\" data-id=\"5129f54\" data-element_type=\"container\">\n\t\t\t\t\t<div class=\"e-con-inner\">\n\t\t\t\t<div class=\"elementor-element elementor-element-cd84e13 elementor-widget elementor-widget-heading\" data-id=\"cd84e13\" data-element_type=\"widget\" data-widget_type=\"heading.default\">\n\t\t\t\t<div class=\"elementor-widget-container\">\n\t\t\t\t\t<h2 class=\"elementor-heading-title elementor-size-default\">Consejos para una transici\u00f3n segura<\/h2>\t\t\t\t<\/div>\n\t\t\t\t<\/div>\n\t\t\t\t\t<\/div>\n\t\t\t\t<\/div>\n\t\t<div class=\"elementor-element elementor-element-6e6a738 e-flex e-con-boxed e-con e-parent\" data-id=\"6e6a738\" data-element_type=\"container\">\n\t\t\t\t\t<div class=\"e-con-inner\">\n\t\t\t\t<div class=\"elementor-element elementor-element-3d84c3d elementor-widget elementor-widget-text-editor\" data-id=\"3d84c3d\" data-element_type=\"widget\" data-widget_type=\"text-editor.default\">\n\t\t\t\t<div class=\"elementor-widget-container\">\n\t\t\t\t\t\t\t\t\t<ul><li data-start=\"5337\" data-end=\"5476\"><p data-start=\"5340\" data-end=\"5476\"><strong data-start=\"5340\" data-end=\"5369\">No esperes a \u00faltima hora.<\/strong> Aunque a\u00fan no sea obligatorio, implementar el cambio con tiempo te da margen para adaptarte sin urgencias.<\/p><\/li><li data-start=\"5477\" data-end=\"5578\"><p data-start=\"5480\" data-end=\"5578\"><strong data-start=\"5480\" data-end=\"5502\">Forma a tu equipo.<\/strong> Si tienes empleados, aseg\u00farate de que entienden c\u00f3mo usar el nuevo sistema.<\/p><\/li><li data-start=\"5579\" data-end=\"5709\"><p data-start=\"5582\" data-end=\"5709\"><strong data-start=\"5582\" data-end=\"5598\">Haz pruebas.<\/strong> Antes de hacer el cambio definitivo, genera facturas de prueba para comprobar que todo funciona correctamente.<\/p><\/li><li data-start=\"5710\" data-end=\"5896\"><p data-start=\"5713\" data-end=\"5896\"><strong data-start=\"5713\" data-end=\"5759\">Aprovecha para digitalizar otros procesos.<\/strong> Muchos programas compatibles con VeriFactu tambi\u00e9n te permiten llevar la contabilidad, automatizar impuestos o controlar pagos y cobros.<\/p><\/li><\/ul>\t\t\t\t\t\t\t\t<\/div>\n\t\t\t\t<\/div>\n\t\t\t\t\t<\/div>\n\t\t\t\t<\/div>\n\t\t<div class=\"elementor-element elementor-element-82b2344 e-flex e-con-boxed e-con e-parent\" data-id=\"82b2344\" data-element_type=\"container\">\n\t\t\t\t\t<div class=\"e-con-inner\">\n\t\t\t\t<div class=\"elementor-element elementor-element-7869362 elementor-widget elementor-widget-spacer\" data-id=\"7869362\" data-element_type=\"widget\" data-widget_type=\"spacer.default\">\n\t\t\t\t<div class=\"elementor-widget-container\">\n\t\t\t\t\t\t\t<div class=\"elementor-spacer\">\n\t\t\t<div class=\"elementor-spacer-inner\"><\/div>\n\t\t<\/div>\n\t\t\t\t\t\t<\/div>\n\t\t\t\t<\/div>\n\t\t\t\t\t<\/div>\n\t\t\t\t<\/div>\n\t\t<div class=\"elementor-element elementor-element-e3e307e e-flex e-con-boxed e-con e-parent\" data-id=\"e3e307e\" data-element_type=\"container\">\n\t\t\t\t\t<div class=\"e-con-inner\">\n\t\t\t\t<div class=\"elementor-element elementor-element-f9bd473 elementor-widget elementor-widget-heading\" data-id=\"f9bd473\" data-element_type=\"widget\" data-widget_type=\"heading.default\">\n\t\t\t\t<div class=\"elementor-widget-container\">\n\t\t\t\t\t<h2 class=\"elementor-heading-title elementor-size-default\">\u00bfY si no haces nada?<\/h2>\t\t\t\t<\/div>\n\t\t\t\t<\/div>\n\t\t\t\t\t<\/div>\n\t\t\t\t<\/div>\n\t\t<div class=\"elementor-element elementor-element-55a0b21 e-flex e-con-boxed e-con e-parent\" data-id=\"55a0b21\" data-element_type=\"container\">\n\t\t\t\t\t<div class=\"e-con-inner\">\n\t\t\t\t<div class=\"elementor-element elementor-element-bf8f020 elementor-widget elementor-widget-text-editor\" data-id=\"bf8f020\" data-element_type=\"widget\" data-widget_type=\"text-editor.default\">\n\t\t\t\t<div class=\"elementor-widget-container\">\n\t\t\t\t\t\t\t\t\t<p data-start=\"5928\" data-end=\"6182\">Ignorar la obligaci\u00f3n de utilizar un sistema compatible con VeriFactu <strong data-start=\"5998\" data-end=\"6039\">no es una opci\u00f3n viable a medio plazo<\/strong>. La ley prev\u00e9 sanciones para quienes usen sistemas de facturaci\u00f3n alterables o que no reporten los datos a Hacienda conforme a los requisitos.<\/p><p data-start=\"6184\" data-end=\"6303\">Adem\u00e1s, corres el riesgo de quedar fuera de juego frente a tus competidores o de generar desconfianza con tus clientes.<\/p>\t\t\t\t\t\t\t\t<\/div>\n\t\t\t\t<\/div>\n\t\t\t\t\t<\/div>\n\t\t\t\t<\/div>\n\t\t<div class=\"elementor-element elementor-element-09878b2 e-flex e-con-boxed e-con e-parent\" data-id=\"09878b2\" data-element_type=\"container\">\n\t\t\t\t\t<div class=\"e-con-inner\">\n\t\t\t\t<div class=\"elementor-element elementor-element-1768860 elementor-widget elementor-widget-spacer\" data-id=\"1768860\" data-element_type=\"widget\" data-widget_type=\"spacer.default\">\n\t\t\t\t<div class=\"elementor-widget-container\">\n\t\t\t\t\t\t\t<div class=\"elementor-spacer\">\n\t\t\t<div class=\"elementor-spacer-inner\"><\/div>\n\t\t<\/div>\n\t\t\t\t\t\t<\/div>\n\t\t\t\t<\/div>\n\t\t\t\t\t<\/div>\n\t\t\t\t<\/div>\n\t\t<div class=\"elementor-element elementor-element-6bcf316d e-flex e-con-boxed e-con e-parent\" data-id=\"6bcf316d\" data-element_type=\"container\" data-settings=\"{&quot;background_background&quot;:&quot;classic&quot;}\">\n\t\t\t\t\t<div class=\"e-con-inner\">\n\t\t<div class=\"elementor-element elementor-element-7e036841 e-con-full e-flex e-con e-child\" data-id=\"7e036841\" data-element_type=\"container\">\n\t\t<div class=\"elementor-element elementor-element-52cb0142 e-flex e-con-boxed e-con e-child\" data-id=\"52cb0142\" data-element_type=\"container\">\n\t\t\t\t\t<div class=\"e-con-inner\">\n\t\t\t\t<div class=\"elementor-element elementor-element-3a5e1c3 elementor-widget elementor-widget-heading\" data-id=\"3a5e1c3\" data-element_type=\"widget\" data-widget_type=\"heading.default\">\n\t\t\t\t<div class=\"elementor-widget-container\">\n\t\t\t\t\t<h3 class=\"elementor-heading-title elementor-size-default\">Herramientas para impulsar<br>tu negocio<\/h3>\t\t\t\t<\/div>\n\t\t\t\t<\/div>\n\t\t\t\t<div class=\"elementor-element elementor-element-642df6c6 elementor-widget elementor-widget-text-editor\" data-id=\"642df6c6\" data-element_type=\"widget\" data-widget_type=\"text-editor.default\">\n\t\t\t\t<div class=\"elementor-widget-container\">\n\t\t\t\t\t\t\t\t\t<p>FinanEDI es la soluci\u00f3n en la nube gratuita que permite automatizar y optimizar los procesos financieros, contables y administrativos de tu negocio.<\/p>\t\t\t\t\t\t\t\t<\/div>\n\t\t\t\t<\/div>\n\t\t\t\t<div class=\"elementor-element elementor-element-2ab31e4a elementor-widget elementor-widget-button\" data-id=\"2ab31e4a\" data-element_type=\"widget\" data-widget_type=\"button.default\">\n\t\t\t\t<div class=\"elementor-widget-container\">\n\t\t\t\t\t\t\t\t\t<div class=\"elementor-button-wrapper\">\n\t\t\t\t\t<a class=\"elementor-button elementor-button-link elementor-size-md\" href=\"https:\/\/finanedi.es\/\" target=\"_blank\">\n\t\t\t\t\t\t<span class=\"elementor-button-content-wrapper\">\n\t\t\t\t\t\t\t\t\t<span class=\"elementor-button-text\">Crear cuenta gratis<\/span>\n\t\t\t\t\t<\/span>\n\t\t\t\t\t<\/a>\n\t\t\t\t<\/div>\n\t\t\t\t\t\t\t\t<\/div>\n\t\t\t\t<\/div>\n\t\t\t\t\t<\/div>\n\t\t\t\t<\/div>\n\t\t\t\t<\/div>\n\t\t<div class=\"elementor-element elementor-element-2b3a86e1 e-con-full e-flex e-con e-child\" data-id=\"2b3a86e1\" data-element_type=\"container\">\n\t\t\t\t<div class=\"elementor-element elementor-element-142cfffd elementor-widget elementor-widget-image\" data-id=\"142cfffd\" data-element_type=\"widget\" data-widget_type=\"image.default\">\n\t\t\t\t<div class=\"elementor-widget-container\">\n\t\t\t\t\t\t\t\t\t\t\t\t\t\t\t<img fetchpriority=\"high\" decoding=\"async\" width=\"300\" height=\"233\" src=\"https:\/\/finanedi.es\/blog\/contenido\/uploads\/2024\/09\/Dashborad_00115-300x233.png\" class=\"attachment-medium size-medium wp-image-5370\" alt=\"Herramientas para impulsar tu negocio - FinanEDI\" srcset=\"https:\/\/finanedi.es\/blog\/contenido\/uploads\/2024\/09\/Dashborad_00115-300x233.png 300w, https:\/\/finanedi.es\/blog\/contenido\/uploads\/2024\/09\/Dashborad_00115-768x597.png 768w, https:\/\/finanedi.es\/blog\/contenido\/uploads\/2024\/09\/Dashborad_00115.png 900w\" sizes=\"(max-width: 300px) 100vw, 300px\" \/>\t\t\t\t\t\t\t\t\t\t\t\t\t\t\t<\/div>\n\t\t\t\t<\/div>\n\t\t\t\t<\/div>\n\t\t\t\t\t<\/div>\n\t\t\t\t<\/div>\n\t\t<div class=\"elementor-element elementor-element-9a9d757 e-flex e-con-boxed e-con e-parent\" data-id=\"9a9d757\" data-element_type=\"container\">\n\t\t\t\t\t<div class=\"e-con-inner\">\n\t\t\t\t<div class=\"elementor-element elementor-element-6f877ac elementor-widget elementor-widget-spacer\" data-id=\"6f877ac\" data-element_type=\"widget\" data-widget_type=\"spacer.default\">\n\t\t\t\t<div class=\"elementor-widget-container\">\n\t\t\t\t\t\t\t<div class=\"elementor-spacer\">\n\t\t\t<div class=\"elementor-spacer-inner\"><\/div>\n\t\t<\/div>\n\t\t\t\t\t\t<\/div>\n\t\t\t\t<\/div>\n\t\t\t\t\t<\/div>\n\t\t\t\t<\/div>\n\t\t<div class=\"elementor-element elementor-element-de9ffce e-flex e-con-boxed e-con e-parent\" data-id=\"de9ffce\" data-element_type=\"container\">\n\t\t\t\t\t<div class=\"e-con-inner\">\n\t\t\t\t<div class=\"elementor-element elementor-element-dd6e232 elementor-widget elementor-widget-text-editor\" data-id=\"dd6e232\" data-element_type=\"widget\" data-widget_type=\"text-editor.default\">\n\t\t\t\t<div class=\"elementor-widget-container\">\n\t\t\t\t\t\t\t\t\t<p data-start=\"6325\" data-end=\"6619\">Si tu software no es compatible con VeriFactu, no est\u00e1s solo. Muchos aut\u00f3nomos y peque\u00f1as empresas se encuentran en esta situaci\u00f3n. Pero lo importante es actuar ya: evaluar tus opciones, buscar una herramienta adecuada (como FinanEDI), y prepararte con tiempo para cumplir con la normativa.<\/p><p data-start=\"6621\" data-end=\"6769\">Adaptarte a VeriFactu no solo es una obligaci\u00f3n, sino una oportunidad para modernizar tu facturaci\u00f3n y llevar un mayor control sobre tu negocio.<\/p>\t\t\t\t\t\t\t\t<\/div>\n\t\t\t\t<\/div>\n\t\t\t\t\t<\/div>\n\t\t\t\t<\/div>\n\t\t<div class=\"elementor-element elementor-element-53ebe982 e-flex e-con-boxed e-con e-parent\" data-id=\"53ebe982\" data-element_type=\"container\">\n\t\t\t\t\t<div class=\"e-con-inner\">\n\t\t<div class=\"elementor-element elementor-element-13dc8f23 e-flex e-con-boxed e-con e-child\" data-id=\"13dc8f23\" data-element_type=\"container\">\n\t\t\t\t\t<div class=\"e-con-inner\">\n\t\t\t\t<div class=\"elementor-element elementor-element-22b55149 elementor-widget elementor-widget-heading\" data-id=\"22b55149\" data-element_type=\"widget\" data-widget_type=\"heading.default\">\n\t\t\t\t<div class=\"elementor-widget-container\">\n\t\t\t\t\t<h2 class=\"elementor-heading-title elementor-size-default\">Preguntas frecuentes<\/h2>\t\t\t\t<\/div>\n\t\t\t\t<\/div>\n\t\t\t\t\t<\/div>\n\t\t\t\t<\/div>\n\t\t<div class=\"elementor-element elementor-element-3de2e936 e-flex e-con-boxed e-con e-child\" data-id=\"3de2e936\" data-element_type=\"container\">\n\t\t\t\t\t<div class=\"e-con-inner\">\n\t\t\t\t<div class=\"elementor-element elementor-element-2557a4a6 elementor-widget elementor-widget-heading\" data-id=\"2557a4a6\" data-element_type=\"widget\" data-widget_type=\"heading.default\">\n\t\t\t\t<div class=\"elementor-widget-container\">\n\t\t\t\t\t<h3 class=\"elementor-heading-title elementor-size-default\">\u00bfQu\u00e9 pasa si sigo usando un software no compatible cuando VeriFactu sea obligatorio?<\/h3>\t\t\t\t<\/div>\n\t\t\t\t<\/div>\n\t\t\t\t<div class=\"elementor-element elementor-element-1d995775 elementor-widget elementor-widget-text-editor\" data-id=\"1d995775\" data-element_type=\"widget\" data-widget_type=\"text-editor.default\">\n\t\t\t\t<div class=\"elementor-widget-container\">\n\t\t\t\t\t\t\t\t\t<p>Te expones a sanciones por parte de la Agencia Tributaria y a que tus facturas no se consideren v\u00e1lidas fiscalmente. Adem\u00e1s, podr\u00edas tener problemas con clientes o proveedores que exijan facturas conformes a la normativa.<\/p>\t\t\t\t\t\t\t\t<\/div>\n\t\t\t\t<\/div>\n\t\t\t\t\t<\/div>\n\t\t\t\t<\/div>\n\t\t<div class=\"elementor-element elementor-element-5b5af15f e-flex e-con-boxed e-con e-child\" data-id=\"5b5af15f\" data-element_type=\"container\">\n\t\t\t\t\t<div class=\"e-con-inner\">\n\t\t\t\t<div class=\"elementor-element elementor-element-79d46d5 elementor-widget elementor-widget-heading\" data-id=\"79d46d5\" data-element_type=\"widget\" data-widget_type=\"heading.default\">\n\t\t\t\t<div class=\"elementor-widget-container\">\n\t\t\t\t\t<h3 class=\"elementor-heading-title elementor-size-default\">\u00bfPuedo seguir usando mi software actual si complemento con otro compatible con VeriFactu?<\/h3>\t\t\t\t<\/div>\n\t\t\t\t<\/div>\n\t\t\t\t<div class=\"elementor-element elementor-element-778c8e0f elementor-widget elementor-widget-text-editor\" data-id=\"778c8e0f\" data-element_type=\"widget\" data-widget_type=\"text-editor.default\">\n\t\t\t\t<div class=\"elementor-widget-container\">\n\t\t\t\t\t\t\t\t\t<p>S\u00ed, es posible si el segundo software cumple con la normativa y puedes emitir desde \u00e9l las facturas que deban registrarse en la AEAT. Lo importante es que todas las facturas cumplan con los requisitos t\u00e9cnicos.<\/p>\t\t\t\t\t\t\t\t<\/div>\n\t\t\t\t<\/div>\n\t\t\t\t\t<\/div>\n\t\t\t\t<\/div>\n\t\t<div class=\"elementor-element elementor-element-73f86eae e-flex e-con-boxed e-con e-child\" data-id=\"73f86eae\" data-element_type=\"container\">\n\t\t\t\t\t<div class=\"e-con-inner\">\n\t\t\t\t<div class=\"elementor-element elementor-element-413f936f elementor-widget elementor-widget-heading\" data-id=\"413f936f\" data-element_type=\"widget\" data-widget_type=\"heading.default\">\n\t\t\t\t<div class=\"elementor-widget-container\">\n\t\t\t\t\t<h3 class=\"elementor-heading-title elementor-size-default\">\u00bfHay programas gratuitos compatibles con VeriFactu?<\/h3>\t\t\t\t<\/div>\n\t\t\t\t<\/div>\n\t\t\t\t<div class=\"elementor-element elementor-element-5602a628 elementor-widget elementor-widget-text-editor\" data-id=\"5602a628\" data-element_type=\"widget\" data-widget_type=\"text-editor.default\">\n\t\t\t\t<div class=\"elementor-widget-container\">\n\t\t\t\t\t\t\t\t\t<p>S\u00ed. Algunos programas, como <strong data-start=\"929\" data-end=\"941\">FinanEDI<\/strong>, ofrecen soluciones gratuitas para aut\u00f3nomos y pymes que permiten adaptarse a la nueva normativa sin coste.<\/p>\t\t\t\t\t\t\t\t<\/div>\n\t\t\t\t<\/div>\n\t\t\t\t\t<\/div>\n\t\t\t\t<\/div>\n\t\t<div class=\"elementor-element elementor-element-5f685d2d e-flex e-con-boxed e-con e-child\" data-id=\"5f685d2d\" data-element_type=\"container\">\n\t\t\t\t\t<div class=\"e-con-inner\">\n\t\t\t\t<div class=\"elementor-element elementor-element-3cc93168 elementor-widget elementor-widget-heading\" data-id=\"3cc93168\" data-element_type=\"widget\" data-widget_type=\"heading.default\">\n\t\t\t\t<div class=\"elementor-widget-container\">\n\t\t\t\t\t<h3 class=\"elementor-heading-title elementor-size-default\"> \u00bfC\u00f3mo s\u00e9 si un software est\u00e1 homologado por Hacienda para VeriFactu?<\/h3>\t\t\t\t<\/div>\n\t\t\t\t<\/div>\n\t\t\t\t<div class=\"elementor-element elementor-element-637d87f7 elementor-widget elementor-widget-text-editor\" data-id=\"637d87f7\" data-element_type=\"widget\" data-widget_type=\"text-editor.default\">\n\t\t\t\t<div class=\"elementor-widget-container\">\n\t\t\t\t\t\t\t\t\t<p data-start=\"1138\" data-end=\"1338\">Debes consultar el listado oficial publicado por la Agencia Tributaria o preguntar directamente al proveedor. Aseg\u00farate de que el sistema cumple con la normativa t\u00e9cnica del Reglamento de Facturaci\u00f3n.<\/p>\t\t\t\t\t\t\t\t<\/div>\n\t\t\t\t<\/div>\n\t\t\t\t\t<\/div>\n\t\t\t\t<\/div>\n\t\t<div class=\"elementor-element elementor-element-3518098 e-flex e-con-boxed e-con e-child\" data-id=\"3518098\" data-element_type=\"container\">\n\t\t\t\t\t<div class=\"e-con-inner\">\n\t\t\t\t<div class=\"elementor-element elementor-element-484ad97 elementor-widget elementor-widget-heading\" data-id=\"484ad97\" data-element_type=\"widget\" data-widget_type=\"heading.default\">\n\t\t\t\t<div class=\"elementor-widget-container\">\n\t\t\t\t\t<h3 class=\"elementor-heading-title elementor-size-default\">\u00bfCu\u00e1ndo ser\u00e1 obligatoria la facturaci\u00f3n con sistemas compatibles con VeriFactu?<\/h3>\t\t\t\t<\/div>\n\t\t\t\t<\/div>\n\t\t\t\t<div class=\"elementor-element elementor-element-34d7569 elementor-widget elementor-widget-text-editor\" data-id=\"34d7569\" data-element_type=\"widget\" data-widget_type=\"text-editor.default\">\n\t\t\t\t<div class=\"elementor-widget-container\">\n\t\t\t\t\t\t\t\t\t<p data-start=\"1438\" data-end=\"1644\">La entrada en vigor definitiva depender\u00e1 del calendario oficial, pero est\u00e1 previsto que en 2025-2026 se aplique de forma general a empresas y aut\u00f3nomos. Cuanto antes te adaptes, mejor preparado estar\u00e1s.<\/p>\t\t\t\t\t\t\t\t<\/div>\n\t\t\t\t<\/div>\n\t\t\t\t\t<\/div>\n\t\t\t\t<\/div>\n\t\t\t\t\t<\/div>\n\t\t\t\t<\/div>\n\t\t<div class=\"elementor-element elementor-element-6df086ff e-flex e-con-boxed e-con e-parent\" data-id=\"6df086ff\" data-element_type=\"container\">\n\t\t\t\t\t<div class=\"e-con-inner\">\n\t\t<div class=\"elementor-element elementor-element-2009a276 e-con-full e-flex e-con e-child\" data-id=\"2009a276\" data-element_type=\"container\">\n\t\t\t\t<div class=\"elementor-element elementor-element-1e430a50 elementor-widget elementor-widget-spacer\" data-id=\"1e430a50\" data-element_type=\"widget\" data-widget_type=\"spacer.default\">\n\t\t\t\t<div class=\"elementor-widget-container\">\n\t\t\t\t\t\t\t<div class=\"elementor-spacer\">\n\t\t\t<div class=\"elementor-spacer-inner\"><\/div>\n\t\t<\/div>\n\t\t\t\t\t\t<\/div>\n\t\t\t\t<\/div>\n\t\t\t\t<\/div>\n\t\t<div class=\"elementor-element elementor-element-6842cb0e e-con-full e-flex e-con e-child\" data-id=\"6842cb0e\" data-element_type=\"container\">\n\t\t\t\t<div class=\"elementor-element elementor-element-1323df5e elementor-widget elementor-widget-heading\" data-id=\"1323df5e\" data-element_type=\"widget\" data-widget_type=\"heading.default\">\n\t\t\t\t<div class=\"elementor-widget-container\">\n\t\t\t\t\t<h3 class=\"elementor-heading-title elementor-size-default\">No te pierdas...<\/h3>\t\t\t\t<\/div>\n\t\t\t\t<\/div>\n\t\t\t\t<\/div>\n\t\t<div class=\"elementor-element elementor-element-92284d6 e-con-full e-flex e-con e-child\" data-id=\"92284d6\" data-element_type=\"container\">\n\t\t\t\t<div class=\"elementor-element elementor-element-c005329 elementor-widget elementor-widget-katen-post-five\" data-id=\"c005329\" data-element_type=\"widget\" data-widget_type=\"katen-post-five.default\">\n\t\t\t\t<div class=\"elementor-widget-container\">\n\t\t\t\t\t\t\t<div class=\"padding-30 rounded bordered\">\n\n\t\t\t<div class=\"row infinite-wrapper\">\n\n\t\t\t\n\t\t\t\t<div class=\"col-md-12 col-sm-6 post-list-item post-item\">\n\t\t\t\t\t<!-- post -->\n\t\t\t\t\t<div class=\"post post-list clearfix\">\n\n\t\t\t\t\t\t<div class=\"thumb rounded\"><div class=\"inner\"><a href=\"https:\/\/finanedi.es\/blog\/que-es-la-trazabilidad-en-facturacion-y-por-que-es-clave-con-verifactu\/\"><img decoding=\"async\" width=\"330\" height=\"250\" src=\"https:\/\/finanedi.es\/blog\/contenido\/uploads\/2025\/08\/Que-es-la-trazabilidad-en-facturacion-y-por-que-es-clave-con-Verifactu-330x250.jpg\" class=\"attachment-katen-thumb-list size-katen-thumb-list wp-post-image\" alt=\"\u00bfQu\u00e9 es la trazabilidad en facturaci\u00f3n y por qu\u00e9 es clave con Verifactu\" \/><\/a><\/div><\/div>  \n\n\t\t\t\t\t\t<div class=\"details clearfix\">\n\t\t\t\t\t\t\t<ul class=\"meta list-inline mb-3\">\n\t\t\t\t\t\t\t\t<li class=\"list-inline-item\"><a href=\"https:\/\/finanedi.es\/blog\/category\/facturacion\/\">Facturaci\u00f3n<\/a><\/li>\t\t\t\t\t\t\t<\/ul>\n\t\t\t\t\t\t\t<h5 class=\"post-title\"><a href=\"https:\/\/finanedi.es\/blog\/que-es-la-trazabilidad-en-facturacion-y-por-que-es-clave-con-verifactu\/\">\u00bfQu\u00e9 es la trazabilidad en facturaci\u00f3n y por qu\u00e9 es clave con Verifactu?<\/a><\/h5>\n\t\t\t\t\t\t\t<p class=\"excerpt mb-0\">\n\t\t\t\t\t\t\t\tCon la entrada en vigor del sistema Verifactu, las empresas y aut\u00f3nomos deben enfrentarse a&hellip;\t\t\t\t\t\t\t<\/p>\n\t\t\t\t\t\t\t<div class=\"post-bottom clearfix d-flex align-items-center\">\n\t\t\t\t\t\t\t\t\t\t\t\t\t\t\t\t\t\t\t\t\t\t\t<\/div>\n\t\t\t\t\t\t<\/div>\n\t\t\t\t\t<\/div>\n\t\t\t\t<\/div>\n\n\t\t\t\n\t\t\t\t<div class=\"col-md-12 col-sm-6 post-list-item post-item\">\n\t\t\t\t\t<!-- post -->\n\t\t\t\t\t<div class=\"post post-list clearfix\">\n\n\t\t\t\t\t\t<div class=\"thumb rounded\"><div class=\"inner\"><a href=\"https:\/\/finanedi.es\/blog\/como-elegir-el-mejor-programa-de-facturacion-gratuita-para-tu-pyme\/\"><img decoding=\"async\" width=\"330\" height=\"250\" src=\"https:\/\/finanedi.es\/blog\/contenido\/uploads\/2025\/10\/Como-elegir-el-mejor-programa-de-facturacion-gratuita-para-tu-pyme-330x250.jpg\" class=\"attachment-katen-thumb-list size-katen-thumb-list wp-post-image\" alt=\"C\u00f3mo elegir el mejor programa de facturaci\u00f3n gratuita para tu pyme\" \/><\/a><\/div><\/div>  \n\n\t\t\t\t\t\t<div class=\"details clearfix\">\n\t\t\t\t\t\t\t<ul class=\"meta list-inline mb-3\">\n\t\t\t\t\t\t\t\t<li class=\"list-inline-item\"><a href=\"https:\/\/finanedi.es\/blog\/category\/facturacion\/\">Facturaci\u00f3n<\/a><\/li>\t\t\t\t\t\t\t<\/ul>\n\t\t\t\t\t\t\t<h5 class=\"post-title\"><a href=\"https:\/\/finanedi.es\/blog\/como-elegir-el-mejor-programa-de-facturacion-gratuita-para-tu-pyme\/\">C\u00f3mo elegir el mejor programa de facturaci\u00f3n gratuita para tu pyme<\/a><\/h5>\n\t\t\t\t\t\t\t<p class=\"excerpt mb-0\">\n\t\t\t\t\t\t\t\tGestionar las facturas de una peque\u00f1a o mediana empresa puede ser una tarea compleja si&hellip;\t\t\t\t\t\t\t<\/p>\n\t\t\t\t\t\t\t<div class=\"post-bottom clearfix d-flex align-items-center\">\n\t\t\t\t\t\t\t\t\t\t\t\t\t\t\t\t\t\t\t\t\t\t\t<\/div>\n\t\t\t\t\t\t<\/div>\n\t\t\t\t\t<\/div>\n\t\t\t\t<\/div>\n\n\t\t\t\n\t\t\t\t<div class=\"col-md-12 col-sm-6 post-list-item post-item\">\n\t\t\t\t\t<!-- post -->\n\t\t\t\t\t<div class=\"post post-list clearfix\">\n\n\t\t\t\t\t\t<div class=\"thumb rounded\"><div class=\"inner\"><a href=\"https:\/\/finanedi.es\/blog\/modelos-de-factura-cual-es-el-mejor-para-tu-pyme\/\"><img loading=\"lazy\" decoding=\"async\" width=\"330\" height=\"250\" src=\"https:\/\/finanedi.es\/blog\/contenido\/uploads\/2025\/05\/Modelos-de-factura-\u00bfcual-es-el-mejor-para-tu-pyme-330x250.jpg\" class=\"attachment-katen-thumb-list size-katen-thumb-list wp-post-image\" alt=\"Modelos de factura \u00bfCu\u00e1l es el mejor para tu pyme\" \/><\/a><\/div><\/div>  \n\n\t\t\t\t\t\t<div class=\"details clearfix\">\n\t\t\t\t\t\t\t<ul class=\"meta list-inline mb-3\">\n\t\t\t\t\t\t\t\t<li class=\"list-inline-item\"><a href=\"https:\/\/finanedi.es\/blog\/category\/facturacion\/\">Facturaci\u00f3n<\/a><\/li>\t\t\t\t\t\t\t<\/ul>\n\t\t\t\t\t\t\t<h5 class=\"post-title\"><a href=\"https:\/\/finanedi.es\/blog\/modelos-de-factura-cual-es-el-mejor-para-tu-pyme\/\">Modelos de factura: \u00bfcu\u00e1l es el mejor para tu pyme?<\/a><\/h5>\n\t\t\t\t\t\t\t<p class=\"excerpt mb-0\">\n\t\t\t\t\t\t\t\tCuando una pyme empieza a emitir facturas, suele surgir la misma duda: \u00bfqu\u00e9 modelo de&hellip;\t\t\t\t\t\t\t<\/p>\n\t\t\t\t\t\t\t<div class=\"post-bottom clearfix d-flex align-items-center\">\n\t\t\t\t\t\t\t\t\t\t\t\t\t\t\t\t\t\t\t\t\t\t\t<\/div>\n\t\t\t\t\t\t<\/div>\n\t\t\t\t\t<\/div>\n\t\t\t\t<\/div>\n\n\t\t\t\n\t\t\t\t<div class=\"col-md-12 col-sm-6 post-list-item post-item\">\n\t\t\t\t\t<!-- post -->\n\t\t\t\t\t<div class=\"post post-list clearfix\">\n\n\t\t\t\t\t\t<div class=\"thumb rounded\"><div class=\"inner\"><a href=\"https:\/\/finanedi.es\/blog\/facturacion-con-iva-intracomunitario-y-operaciones-triangulares\/\"><img loading=\"lazy\" decoding=\"async\" width=\"330\" height=\"250\" src=\"https:\/\/finanedi.es\/blog\/contenido\/uploads\/2025\/06\/Facturacion-con-IVA-intracomunitario-y-operaciones-triangulares-330x250.jpg\" class=\"attachment-katen-thumb-list size-katen-thumb-list wp-post-image\" alt=\"Facturaci\u00f3n con IVA intracomunitario y operaciones triangulares\" \/><\/a><\/div><\/div>  \n\n\t\t\t\t\t\t<div class=\"details clearfix\">\n\t\t\t\t\t\t\t<ul class=\"meta list-inline mb-3\">\n\t\t\t\t\t\t\t\t<li class=\"list-inline-item\"><a href=\"https:\/\/finanedi.es\/blog\/category\/facturacion\/\">Facturaci\u00f3n<\/a><\/li>\t\t\t\t\t\t\t<\/ul>\n\t\t\t\t\t\t\t<h5 class=\"post-title\"><a href=\"https:\/\/finanedi.es\/blog\/facturacion-con-iva-intracomunitario-y-operaciones-triangulares\/\">Facturaci\u00f3n con IVA intracomunitario y operaciones triangulares<\/a><\/h5>\n\t\t\t\t\t\t\t<p class=\"excerpt mb-0\">\n\t\t\t\t\t\t\t\tOperar en el mercado \u00fanico europeo ofrece grandes oportunidades para pymes y aut\u00f3nomos, pero tambi\u00e9n&hellip;\t\t\t\t\t\t\t<\/p>\n\t\t\t\t\t\t\t<div class=\"post-bottom clearfix d-flex align-items-center\">\n\t\t\t\t\t\t\t\t\t\t\t\t\t\t\t\t\t\t\t\t\t\t\t<\/div>\n\t\t\t\t\t\t<\/div>\n\t\t\t\t\t<\/div>\n\t\t\t\t<\/div>\n\n\t\t\t\n\t\t\t<\/div>\n\n\t\t<\/div>\n\t\t\n        \t\t\t\t<\/div>\n\t\t\t\t<\/div>\n\t\t\t\t<\/div>\n\t\t\t\t\t<\/div>\n\t\t\t\t<\/div>\n\t\t\t\t<\/div>\n\t\t","protected":false},"excerpt":{"rendered":"<p>La llegada de VeriFactu ha supuesto un cambio profundo en la forma en la que aut\u00f3nomos y pymes deben gestionar su facturaci\u00f3n. Desde su entrada en vigor, muchas empresas se han encontrado con una dificultad importante: su software de facturaci\u00f3n no es compatible con el sistema de la Agencia Tributaria.<\/p>\n<p>Si este es tu caso, no te preocupes. En este art\u00edculo te explicamos qu\u00e9 implica esta incompatibilidad, qu\u00e9 alternativas tienes, y c\u00f3mo adaptarte sin comprometer la operativa de tu negocio.<\/p>\n","protected":false},"author":3,"featured_media":11439,"comment_status":"closed","ping_status":"open","sticky":false,"template":"","format":"standard","meta":{"_monsterinsights_skip_tracking":false,"_monsterinsights_sitenote_active":false,"_monsterinsights_sitenote_note":"","_monsterinsights_sitenote_category":0,"footnotes":""},"categories":[4],"tags":[91],"class_list":["post-11436","post","type-post","status-publish","format-standard","has-post-thumbnail","hentry","category-facturacion","tag-verifactu"],"yoast_head":"<!-- This site is optimized with the Yoast SEO plugin v26.2 - https:\/\/yoast.com\/wordpress\/plugins\/seo\/ -->\n<title>Qu\u00e9 hacer si tu software no es compatible con VeriFactu<\/title>\n<meta name=\"description\" content=\"\u00bfTu software no es compatible con VeriFactu? Descubre qu\u00e9 opciones tienes para cumplir con la normativa y evitar sanciones.\" \/>\n<meta name=\"robots\" content=\"index, follow, max-snippet:-1, max-image-preview:large, max-video-preview:-1\" \/>\n<link rel=\"canonical\" href=\"https:\/\/finanedi.es\/blog\/que-hacer-si-tu-software-de-facturacion-no-es-compatible-con-verifactu\/\" \/>\n<meta property=\"og:locale\" content=\"es_ES\" \/>\n<meta property=\"og:type\" content=\"article\" \/>\n<meta property=\"og:title\" content=\"Qu\u00e9 hacer si tu software no es compatible con VeriFactu\" \/>\n<meta property=\"og:description\" content=\"\u00bfTu software no es compatible con VeriFactu? Descubre qu\u00e9 opciones tienes para cumplir con la normativa y evitar sanciones.\" \/>\n<meta property=\"og:url\" content=\"https:\/\/finanedi.es\/blog\/que-hacer-si-tu-software-de-facturacion-no-es-compatible-con-verifactu\/\" \/>\n<meta property=\"og:site_name\" content=\"Blog para pymes y aut\u00f3nomos - FinanEDI\" \/>\n<meta property=\"article:published_time\" content=\"2025-07-21T11:36:44+00:00\" \/>\n<meta property=\"article:modified_time\" content=\"2025-07-28T06:49:10+00:00\" \/>\n<meta property=\"og:image\" content=\"https:\/\/finanedi.es\/blog\/contenido\/uploads\/2025\/07\/Que-hacer-si-tu-software-de-facturacion-no-es-compatible-con-VeriFactu.jpg\" \/>\n\t<meta property=\"og:image:width\" content=\"2000\" \/>\n\t<meta property=\"og:image:height\" content=\"1333\" \/>\n\t<meta property=\"og:image:type\" content=\"image\/jpeg\" \/>\n<meta name=\"author\" content=\"restevez\" \/>\n<meta name=\"twitter:card\" content=\"summary_large_image\" \/>\n<meta name=\"twitter:label1\" content=\"Escrito por\" \/>\n\t<meta name=\"twitter:data1\" content=\"restevez\" \/>\n\t<meta name=\"twitter:label2\" content=\"Tiempo de lectura\" \/>\n\t<meta name=\"twitter:data2\" content=\"8 minutos\" \/>\n<script type=\"application\/ld+json\" class=\"yoast-schema-graph\">{\"@context\":\"https:\/\/schema.org\",\"@graph\":[{\"@type\":\"Article\",\"@id\":\"https:\/\/finanedi.es\/blog\/que-hacer-si-tu-software-de-facturacion-no-es-compatible-con-verifactu\/#article\",\"isPartOf\":{\"@id\":\"https:\/\/finanedi.es\/blog\/que-hacer-si-tu-software-de-facturacion-no-es-compatible-con-verifactu\/\"},\"author\":{\"name\":\"restevez\",\"@id\":\"https:\/\/finanedi.es\/blog\/#\/schema\/person\/233ed58195d34f36f74f13ba1030ebd8\"},\"headline\":\"Qu\u00e9 hacer si tu software de facturaci\u00f3n no es compatible con VeriFactu\",\"datePublished\":\"2025-07-21T11:36:44+00:00\",\"dateModified\":\"2025-07-28T06:49:10+00:00\",\"mainEntityOfPage\":{\"@id\":\"https:\/\/finanedi.es\/blog\/que-hacer-si-tu-software-de-facturacion-no-es-compatible-con-verifactu\/\"},\"wordCount\":1393,\"publisher\":{\"@id\":\"https:\/\/finanedi.es\/blog\/#organization\"},\"image\":{\"@id\":\"https:\/\/finanedi.es\/blog\/que-hacer-si-tu-software-de-facturacion-no-es-compatible-con-verifactu\/#primaryimage\"},\"thumbnailUrl\":\"https:\/\/finanedi.es\/blog\/contenido\/uploads\/2025\/07\/Que-hacer-si-tu-software-de-facturacion-no-es-compatible-con-VeriFactu.jpg\",\"keywords\":[\"Verifactu\"],\"articleSection\":[\"Facturaci\u00f3n\"],\"inLanguage\":\"es\"},{\"@type\":\"WebPage\",\"@id\":\"https:\/\/finanedi.es\/blog\/que-hacer-si-tu-software-de-facturacion-no-es-compatible-con-verifactu\/\",\"url\":\"https:\/\/finanedi.es\/blog\/que-hacer-si-tu-software-de-facturacion-no-es-compatible-con-verifactu\/\",\"name\":\"Qu\u00e9 hacer si tu software no es compatible con VeriFactu\",\"isPartOf\":{\"@id\":\"https:\/\/finanedi.es\/blog\/#website\"},\"primaryImageOfPage\":{\"@id\":\"https:\/\/finanedi.es\/blog\/que-hacer-si-tu-software-de-facturacion-no-es-compatible-con-verifactu\/#primaryimage\"},\"image\":{\"@id\":\"https:\/\/finanedi.es\/blog\/que-hacer-si-tu-software-de-facturacion-no-es-compatible-con-verifactu\/#primaryimage\"},\"thumbnailUrl\":\"https:\/\/finanedi.es\/blog\/contenido\/uploads\/2025\/07\/Que-hacer-si-tu-software-de-facturacion-no-es-compatible-con-VeriFactu.jpg\",\"datePublished\":\"2025-07-21T11:36:44+00:00\",\"dateModified\":\"2025-07-28T06:49:10+00:00\",\"description\":\"\u00bfTu software no es compatible con VeriFactu? Descubre qu\u00e9 opciones tienes para cumplir con la normativa y evitar sanciones.\",\"breadcrumb\":{\"@id\":\"https:\/\/finanedi.es\/blog\/que-hacer-si-tu-software-de-facturacion-no-es-compatible-con-verifactu\/#breadcrumb\"},\"inLanguage\":\"es\",\"potentialAction\":[{\"@type\":\"ReadAction\",\"target\":[\"https:\/\/finanedi.es\/blog\/que-hacer-si-tu-software-de-facturacion-no-es-compatible-con-verifactu\/\"]}]},{\"@type\":\"ImageObject\",\"inLanguage\":\"es\",\"@id\":\"https:\/\/finanedi.es\/blog\/que-hacer-si-tu-software-de-facturacion-no-es-compatible-con-verifactu\/#primaryimage\",\"url\":\"https:\/\/finanedi.es\/blog\/contenido\/uploads\/2025\/07\/Que-hacer-si-tu-software-de-facturacion-no-es-compatible-con-VeriFactu.jpg\",\"contentUrl\":\"https:\/\/finanedi.es\/blog\/contenido\/uploads\/2025\/07\/Que-hacer-si-tu-software-de-facturacion-no-es-compatible-con-VeriFactu.jpg\",\"width\":2000,\"height\":1333,\"caption\":\"Qu\u00e9 hacer si tu software de facturaci\u00f3n no es compatible con VeriFactu\"},{\"@type\":\"BreadcrumbList\",\"@id\":\"https:\/\/finanedi.es\/blog\/que-hacer-si-tu-software-de-facturacion-no-es-compatible-con-verifactu\/#breadcrumb\",\"itemListElement\":[{\"@type\":\"ListItem\",\"position\":1,\"name\":\"Home\",\"item\":\"https:\/\/finanedi.es\/blog\/\"},{\"@type\":\"ListItem\",\"position\":2,\"name\":\"Qu\u00e9 hacer si tu software de facturaci\u00f3n no es compatible con VeriFactu\"}]},{\"@type\":\"WebSite\",\"@id\":\"https:\/\/finanedi.es\/blog\/#website\",\"url\":\"https:\/\/finanedi.es\/blog\/\",\"name\":\"Blog para pymes y aut\u00f3nomos - FinanEDI\",\"description\":\"Blog para aut\u00f3nomos y PYMES, sobre temas como facturaci\u00f3n, contabilidad, tecnolog\u00eda.\",\"publisher\":{\"@id\":\"https:\/\/finanedi.es\/blog\/#organization\"},\"potentialAction\":[{\"@type\":\"SearchAction\",\"target\":{\"@type\":\"EntryPoint\",\"urlTemplate\":\"https:\/\/finanedi.es\/blog\/?s={search_term_string}\"},\"query-input\":{\"@type\":\"PropertyValueSpecification\",\"valueRequired\":true,\"valueName\":\"search_term_string\"}}],\"inLanguage\":\"es\"},{\"@type\":\"Organization\",\"@id\":\"https:\/\/finanedi.es\/blog\/#organization\",\"name\":\"Blog para pymes y aut\u00f3nomos - FinanEDI\",\"url\":\"https:\/\/finanedi.es\/blog\/\",\"logo\":{\"@type\":\"ImageObject\",\"inLanguage\":\"es\",\"@id\":\"https:\/\/finanedi.es\/blog\/#\/schema\/logo\/image\/\",\"url\":\"https:\/\/finanedi.es\/blog\/contenido\/uploads\/2024\/02\/FinanEdiAzul1.svg\",\"contentUrl\":\"https:\/\/finanedi.es\/blog\/contenido\/uploads\/2024\/02\/FinanEdiAzul1.svg\",\"width\":142,\"height\":36,\"caption\":\"Blog para pymes y aut\u00f3nomos - FinanEDI\"},\"image\":{\"@id\":\"https:\/\/finanedi.es\/blog\/#\/schema\/logo\/image\/\"}},{\"@type\":\"Person\",\"@id\":\"https:\/\/finanedi.es\/blog\/#\/schema\/person\/233ed58195d34f36f74f13ba1030ebd8\",\"name\":\"restevez\",\"image\":{\"@type\":\"ImageObject\",\"inLanguage\":\"es\",\"@id\":\"https:\/\/finanedi.es\/blog\/#\/schema\/person\/image\/\",\"url\":\"https:\/\/secure.gravatar.com\/avatar\/6c4880db9746e4aa887a98e0ebf657788804dc4280120ef10331a2e6ebb4a9a0?s=96&d=mm&r=g\",\"contentUrl\":\"https:\/\/secure.gravatar.com\/avatar\/6c4880db9746e4aa887a98e0ebf657788804dc4280120ef10331a2e6ebb4a9a0?s=96&d=mm&r=g\",\"caption\":\"restevez\"},\"url\":\"https:\/\/finanedi.es\/blog\/author\/restevez\/\"}]}<\/script>\n<!-- \/ Yoast SEO plugin. -->","yoast_head_json":{"title":"Qu\u00e9 hacer si tu software no es compatible con VeriFactu","description":"\u00bfTu software no es compatible con VeriFactu? Descubre qu\u00e9 opciones tienes para cumplir con la normativa y evitar sanciones.","robots":{"index":"index","follow":"follow","max-snippet":"max-snippet:-1","max-image-preview":"max-image-preview:large","max-video-preview":"max-video-preview:-1"},"canonical":"https:\/\/finanedi.es\/blog\/que-hacer-si-tu-software-de-facturacion-no-es-compatible-con-verifactu\/","og_locale":"es_ES","og_type":"article","og_title":"Qu\u00e9 hacer si tu software no es compatible con VeriFactu","og_description":"\u00bfTu software no es compatible con VeriFactu? Descubre qu\u00e9 opciones tienes para cumplir con la normativa y evitar sanciones.","og_url":"https:\/\/finanedi.es\/blog\/que-hacer-si-tu-software-de-facturacion-no-es-compatible-con-verifactu\/","og_site_name":"Blog para pymes y aut\u00f3nomos - FinanEDI","article_published_time":"2025-07-21T11:36:44+00:00","article_modified_time":"2025-07-28T06:49:10+00:00","og_image":[{"width":2000,"height":1333,"url":"https:\/\/finanedi.es\/blog\/contenido\/uploads\/2025\/07\/Que-hacer-si-tu-software-de-facturacion-no-es-compatible-con-VeriFactu.jpg","type":"image\/jpeg"}],"author":"restevez","twitter_card":"summary_large_image","twitter_misc":{"Escrito por":"restevez","Tiempo de lectura":"8 minutos"},"schema":{"@context":"https:\/\/schema.org","@graph":[{"@type":"Article","@id":"https:\/\/finanedi.es\/blog\/que-hacer-si-tu-software-de-facturacion-no-es-compatible-con-verifactu\/#article","isPartOf":{"@id":"https:\/\/finanedi.es\/blog\/que-hacer-si-tu-software-de-facturacion-no-es-compatible-con-verifactu\/"},"author":{"name":"restevez","@id":"https:\/\/finanedi.es\/blog\/#\/schema\/person\/233ed58195d34f36f74f13ba1030ebd8"},"headline":"Qu\u00e9 hacer si tu software de facturaci\u00f3n no es compatible con VeriFactu","datePublished":"2025-07-21T11:36:44+00:00","dateModified":"2025-07-28T06:49:10+00:00","mainEntityOfPage":{"@id":"https:\/\/finanedi.es\/blog\/que-hacer-si-tu-software-de-facturacion-no-es-compatible-con-verifactu\/"},"wordCount":1393,"publisher":{"@id":"https:\/\/finanedi.es\/blog\/#organization"},"image":{"@id":"https:\/\/finanedi.es\/blog\/que-hacer-si-tu-software-de-facturacion-no-es-compatible-con-verifactu\/#primaryimage"},"thumbnailUrl":"https:\/\/finanedi.es\/blog\/contenido\/uploads\/2025\/07\/Que-hacer-si-tu-software-de-facturacion-no-es-compatible-con-VeriFactu.jpg","keywords":["Verifactu"],"articleSection":["Facturaci\u00f3n"],"inLanguage":"es"},{"@type":"WebPage","@id":"https:\/\/finanedi.es\/blog\/que-hacer-si-tu-software-de-facturacion-no-es-compatible-con-verifactu\/","url":"https:\/\/finanedi.es\/blog\/que-hacer-si-tu-software-de-facturacion-no-es-compatible-con-verifactu\/","name":"Qu\u00e9 hacer si tu software no es compatible con VeriFactu","isPartOf":{"@id":"https:\/\/finanedi.es\/blog\/#website"},"primaryImageOfPage":{"@id":"https:\/\/finanedi.es\/blog\/que-hacer-si-tu-software-de-facturacion-no-es-compatible-con-verifactu\/#primaryimage"},"image":{"@id":"https:\/\/finanedi.es\/blog\/que-hacer-si-tu-software-de-facturacion-no-es-compatible-con-verifactu\/#primaryimage"},"thumbnailUrl":"https:\/\/finanedi.es\/blog\/contenido\/uploads\/2025\/07\/Que-hacer-si-tu-software-de-facturacion-no-es-compatible-con-VeriFactu.jpg","datePublished":"2025-07-21T11:36:44+00:00","dateModified":"2025-07-28T06:49:10+00:00","description":"\u00bfTu software no es compatible con VeriFactu? Descubre qu\u00e9 opciones tienes para cumplir con la normativa y evitar sanciones.","breadcrumb":{"@id":"https:\/\/finanedi.es\/blog\/que-hacer-si-tu-software-de-facturacion-no-es-compatible-con-verifactu\/#breadcrumb"},"inLanguage":"es","potentialAction":[{"@type":"ReadAction","target":["https:\/\/finanedi.es\/blog\/que-hacer-si-tu-software-de-facturacion-no-es-compatible-con-verifactu\/"]}]},{"@type":"ImageObject","inLanguage":"es","@id":"https:\/\/finanedi.es\/blog\/que-hacer-si-tu-software-de-facturacion-no-es-compatible-con-verifactu\/#primaryimage","url":"https:\/\/finanedi.es\/blog\/contenido\/uploads\/2025\/07\/Que-hacer-si-tu-software-de-facturacion-no-es-compatible-con-VeriFactu.jpg","contentUrl":"https:\/\/finanedi.es\/blog\/contenido\/uploads\/2025\/07\/Que-hacer-si-tu-software-de-facturacion-no-es-compatible-con-VeriFactu.jpg","width":2000,"height":1333,"caption":"Qu\u00e9 hacer si tu software de facturaci\u00f3n no es compatible con VeriFactu"},{"@type":"BreadcrumbList","@id":"https:\/\/finanedi.es\/blog\/que-hacer-si-tu-software-de-facturacion-no-es-compatible-con-verifactu\/#breadcrumb","itemListElement":[{"@type":"ListItem","position":1,"name":"Home","item":"https:\/\/finanedi.es\/blog\/"},{"@type":"ListItem","position":2,"name":"Qu\u00e9 hacer si tu software de facturaci\u00f3n no es compatible con VeriFactu"}]},{"@type":"WebSite","@id":"https:\/\/finanedi.es\/blog\/#website","url":"https:\/\/finanedi.es\/blog\/","name":"Blog para pymes y aut\u00f3nomos - FinanEDI","description":"Blog para aut\u00f3nomos y PYMES, sobre temas como facturaci\u00f3n, contabilidad, tecnolog\u00eda.","publisher":{"@id":"https:\/\/finanedi.es\/blog\/#organization"},"potentialAction":[{"@type":"SearchAction","target":{"@type":"EntryPoint","urlTemplate":"https:\/\/finanedi.es\/blog\/?s={search_term_string}"},"query-input":{"@type":"PropertyValueSpecification","valueRequired":true,"valueName":"search_term_string"}}],"inLanguage":"es"},{"@type":"Organization","@id":"https:\/\/finanedi.es\/blog\/#organization","name":"Blog para pymes y aut\u00f3nomos - FinanEDI","url":"https:\/\/finanedi.es\/blog\/","logo":{"@type":"ImageObject","inLanguage":"es","@id":"https:\/\/finanedi.es\/blog\/#\/schema\/logo\/image\/","url":"https:\/\/finanedi.es\/blog\/contenido\/uploads\/2024\/02\/FinanEdiAzul1.svg","contentUrl":"https:\/\/finanedi.es\/blog\/contenido\/uploads\/2024\/02\/FinanEdiAzul1.svg","width":142,"height":36,"caption":"Blog para pymes y aut\u00f3nomos - FinanEDI"},"image":{"@id":"https:\/\/finanedi.es\/blog\/#\/schema\/logo\/image\/"}},{"@type":"Person","@id":"https:\/\/finanedi.es\/blog\/#\/schema\/person\/233ed58195d34f36f74f13ba1030ebd8","name":"restevez","image":{"@type":"ImageObject","inLanguage":"es","@id":"https:\/\/finanedi.es\/blog\/#\/schema\/person\/image\/","url":"https:\/\/secure.gravatar.com\/avatar\/6c4880db9746e4aa887a98e0ebf657788804dc4280120ef10331a2e6ebb4a9a0?s=96&d=mm&r=g","contentUrl":"https:\/\/secure.gravatar.com\/avatar\/6c4880db9746e4aa887a98e0ebf657788804dc4280120ef10331a2e6ebb4a9a0?s=96&d=mm&r=g","caption":"restevez"},"url":"https:\/\/finanedi.es\/blog\/author\/restevez\/"}]}},"_links":{"self":[{"href":"https:\/\/finanedi.es\/blog\/wp-json\/wp\/v2\/posts\/11436","targetHints":{"allow":["GET"]}}],"collection":[{"href":"https:\/\/finanedi.es\/blog\/wp-json\/wp\/v2\/posts"}],"about":[{"href":"https:\/\/finanedi.es\/blog\/wp-json\/wp\/v2\/types\/post"}],"author":[{"embeddable":true,"href":"https:\/\/finanedi.es\/blog\/wp-json\/wp\/v2\/users\/3"}],"replies":[{"embeddable":true,"href":"https:\/\/finanedi.es\/blog\/wp-json\/wp\/v2\/comments?post=11436"}],"version-history":[{"count":5,"href":"https:\/\/finanedi.es\/blog\/wp-json\/wp\/v2\/posts\/11436\/revisions"}],"predecessor-version":[{"id":11442,"href":"https:\/\/finanedi.es\/blog\/wp-json\/wp\/v2\/posts\/11436\/revisions\/11442"}],"wp:featuredmedia":[{"embeddable":true,"href":"https:\/\/finanedi.es\/blog\/wp-json\/wp\/v2\/media\/11439"}],"wp:attachment":[{"href":"https:\/\/finanedi.es\/blog\/wp-json\/wp\/v2\/media?parent=11436"}],"wp:term":[{"taxonomy":"category","embeddable":true,"href":"https:\/\/finanedi.es\/blog\/wp-json\/wp\/v2\/categories?post=11436"},{"taxonomy":"post_tag","embeddable":true,"href":"https:\/\/finanedi.es\/blog\/wp-json\/wp\/v2\/tags?post=11436"}],"curies":[{"name":"wp","href":"https:\/\/api.w.org\/{rel}","templated":true}]}}