{"id":11451,"date":"2025-07-23T11:05:59","date_gmt":"2025-07-23T09:05:59","guid":{"rendered":"https:\/\/finanedi.es\/blog\/?p=11451"},"modified":"2025-07-23T11:28:34","modified_gmt":"2025-07-23T09:28:34","slug":"errores-contables-frecuentes-al-usar-excel-como-programa-de-facturacion","status":"publish","type":"post","link":"https:\/\/finanedi.es\/blog\/errores-contables-frecuentes-al-usar-excel-como-programa-de-facturacion\/","title":{"rendered":"Errores contables frecuentes al usar Excel como programa de facturaci\u00f3n"},"content":{"rendered":"\t\t<div data-elementor-type=\"wp-post\" data-elementor-id=\"11451\" class=\"elementor elementor-11451\">\n\t\t\t\t<div class=\"elementor-element elementor-element-c427222 e-flex e-con-boxed e-con e-parent\" data-id=\"c427222\" data-element_type=\"container\">\n\t\t\t\t\t<div class=\"e-con-inner\">\n\t\t\t\t<div class=\"elementor-element elementor-element-047bc15 elementor-widget elementor-widget-text-editor\" data-id=\"047bc15\" data-element_type=\"widget\" data-widget_type=\"text-editor.default\">\n\t\t\t\t<div class=\"elementor-widget-container\">\n\t\t\t\t\t\t\t\t\t<p>Excel es, sin duda, una de las herramientas m\u00e1s utilizadas por aut\u00f3nomos y peque\u00f1as empresas para llevar sus cuentas y emitir facturas. Su accesibilidad, versatilidad y bajo coste lo convierten en una opci\u00f3n atractiva a primera vista. Sin embargo, cuando se usa como sistema principal de facturaci\u00f3n y contabilidad, pueden aparecer problemas importantes.<\/p>\t\t\t\t\t\t\t\t<\/div>\n\t\t\t\t<\/div>\n\t\t\t\t\t<\/div>\n\t\t\t\t<\/div>\n\t\t<div class=\"elementor-element elementor-element-7742478 e-flex e-con-boxed e-con e-parent\" data-id=\"7742478\" data-element_type=\"container\">\n\t\t\t\t\t<div class=\"e-con-inner\">\n\t\t\t\t<div class=\"elementor-element elementor-element-0cb1666 elementor-widget elementor-widget-heading\" data-id=\"0cb1666\" data-element_type=\"widget\" data-widget_type=\"heading.default\">\n\t\t\t\t<div class=\"elementor-widget-container\">\n\t\t\t\t\t<h2 class=\"elementor-heading-title elementor-size-default\">1. Numeraci\u00f3n de facturas incorrecta o duplicada<\/h2>\t\t\t\t<\/div>\n\t\t\t\t<\/div>\n\t\t\t\t\t<\/div>\n\t\t\t\t<\/div>\n\t\t<div class=\"elementor-element elementor-element-d3c2f0b e-flex e-con-boxed e-con e-parent\" data-id=\"d3c2f0b\" data-element_type=\"container\">\n\t\t\t\t\t<div class=\"e-con-inner\">\n\t\t\t\t<div class=\"elementor-element elementor-element-c9851b8 elementor-widget elementor-widget-text-editor\" data-id=\"c9851b8\" data-element_type=\"widget\" data-widget_type=\"text-editor.default\">\n\t\t\t\t<div class=\"elementor-widget-container\">\n\t\t\t\t\t\t\t\t\t<p>Uno de los fallos m\u00e1s comunes al usar Excel para facturar es la numeraci\u00f3n manual de las facturas. Muchos usuarios escriben el n\u00famero directamente en cada celda, sin mecanismos de control que aseguren una serie correlativa y sin duplicados.<\/p>\t\t\t\t\t\t\t\t<\/div>\n\t\t\t\t<\/div>\n\t\t\t\t\t<\/div>\n\t\t\t\t<\/div>\n\t\t<div class=\"elementor-element elementor-element-40e176a e-flex e-con-boxed e-con e-parent\" data-id=\"40e176a\" data-element_type=\"container\">\n\t\t\t\t\t<div class=\"e-con-inner\">\n\t\t\t\t<div class=\"elementor-element elementor-element-ab0a75b elementor-widget elementor-widget-text-editor\" data-id=\"ab0a75b\" data-element_type=\"widget\" data-widget_type=\"text-editor.default\">\n\t\t\t\t<div class=\"elementor-widget-container\">\n\t\t\t\t\t\t\t\t\t<p><strong>\u00bfPor qu\u00e9 es un problema?<\/strong><\/p>\t\t\t\t\t\t\t\t<\/div>\n\t\t\t\t<\/div>\n\t\t\t\t\t<\/div>\n\t\t\t\t<\/div>\n\t\t<div class=\"elementor-element elementor-element-80d08a3 e-flex e-con-boxed e-con e-parent\" data-id=\"80d08a3\" data-element_type=\"container\">\n\t\t\t\t\t<div class=\"e-con-inner\">\n\t\t\t\t<div class=\"elementor-element elementor-element-9deda36 elementor-widget elementor-widget-text-editor\" data-id=\"9deda36\" data-element_type=\"widget\" data-widget_type=\"text-editor.default\">\n\t\t\t\t<div class=\"elementor-widget-container\">\n\t\t\t\t\t\t\t\t\t<ul><li data-start=\"1333\" data-end=\"1403\"><p data-start=\"1335\" data-end=\"1403\">Romper la secuencia num\u00e9rica puede invalidar facturas ante Hacienda.<\/p><\/li><li data-start=\"1404\" data-end=\"1502\"><p data-start=\"1406\" data-end=\"1502\">Los duplicados dificultan la conciliaci\u00f3n contable y pueden generar errores en el IVA declarado.<\/p><\/li><li data-start=\"1503\" data-end=\"1579\"><p data-start=\"1505\" data-end=\"1579\">Si tienes varias hojas o archivos, es f\u00e1cil perder el control de la serie.<\/p><\/li><\/ul>\t\t\t\t\t\t\t\t<\/div>\n\t\t\t\t<\/div>\n\t\t\t\t\t<\/div>\n\t\t\t\t<\/div>\n\t\t<div class=\"elementor-element elementor-element-8ec3a8c e-flex e-con-boxed e-con e-parent\" data-id=\"8ec3a8c\" data-element_type=\"container\">\n\t\t\t\t\t<div class=\"e-con-inner\">\n\t\t\t\t<div class=\"elementor-element elementor-element-32945dd elementor-widget elementor-widget-spacer\" data-id=\"32945dd\" data-element_type=\"widget\" data-widget_type=\"spacer.default\">\n\t\t\t\t<div class=\"elementor-widget-container\">\n\t\t\t\t\t\t\t<div class=\"elementor-spacer\">\n\t\t\t<div class=\"elementor-spacer-inner\"><\/div>\n\t\t<\/div>\n\t\t\t\t\t\t<\/div>\n\t\t\t\t<\/div>\n\t\t\t\t\t<\/div>\n\t\t\t\t<\/div>\n\t\t<div class=\"elementor-element elementor-element-35e3dc0 e-flex e-con-boxed e-con e-parent\" data-id=\"35e3dc0\" data-element_type=\"container\">\n\t\t\t\t\t<div class=\"e-con-inner\">\n\t\t\t\t<div class=\"elementor-element elementor-element-8a22906 elementor-widget elementor-widget-heading\" data-id=\"8a22906\" data-element_type=\"widget\" data-widget_type=\"heading.default\">\n\t\t\t\t<div class=\"elementor-widget-container\">\n\t\t\t\t\t<h2 class=\"elementor-heading-title elementor-size-default\">2. C\u00e1lculo err\u00f3neo de importes e impuestos<\/h2>\t\t\t\t<\/div>\n\t\t\t\t<\/div>\n\t\t\t\t\t<\/div>\n\t\t\t\t<\/div>\n\t\t<div class=\"elementor-element elementor-element-e0edce6 e-flex e-con-boxed e-con e-parent\" data-id=\"e0edce6\" data-element_type=\"container\">\n\t\t\t\t\t<div class=\"e-con-inner\">\n\t\t\t\t<div class=\"elementor-element elementor-element-dfef487 elementor-widget elementor-widget-text-editor\" data-id=\"dfef487\" data-element_type=\"widget\" data-widget_type=\"text-editor.default\">\n\t\t\t\t<div class=\"elementor-widget-container\">\n\t\t\t\t\t\t\t\t\t<p data-start=\"1633\" data-end=\"1740\">Excel permite hacer f\u00f3rmulas, pero no todos los usuarios las dominan. Es muy habitual encontrar errores en:<\/p><ul data-start=\"1741\" data-end=\"1834\"><li data-start=\"1741\" data-end=\"1772\"><p data-start=\"1743\" data-end=\"1772\">El c\u00e1lculo del IVA o el IRPF.<\/p><\/li><li data-start=\"1773\" data-end=\"1803\"><p data-start=\"1775\" data-end=\"1803\">La aplicaci\u00f3n de descuentos.<\/p><\/li><li data-start=\"1804\" data-end=\"1834\"><p data-start=\"1806\" data-end=\"1834\">La suma total de la factura.<\/p><\/li><\/ul>\t\t\t\t\t\t\t\t<\/div>\n\t\t\t\t<\/div>\n\t\t\t\t\t<\/div>\n\t\t\t\t<\/div>\n\t\t<div class=\"elementor-element elementor-element-6003196d e-flex e-con-boxed e-con e-parent\" data-id=\"6003196d\" data-element_type=\"container\">\n\t\t\t\t\t<div class=\"e-con-inner\">\n\t\t\t\t<div class=\"elementor-element elementor-element-4feac16c elementor-widget elementor-widget-text-editor\" data-id=\"4feac16c\" data-element_type=\"widget\" data-widget_type=\"text-editor.default\">\n\t\t\t\t<div class=\"elementor-widget-container\">\n\t\t\t\t\t\t\t\t\t<p><strong>Ejemplo cl\u00e1sico<\/strong>: Una f\u00f3rmula mal arrastrada puede dejar de sumar una celda, o aplicar un tipo impositivo diferente al deseado.<\/p>\t\t\t\t\t\t\t\t<\/div>\n\t\t\t\t<\/div>\n\t\t\t\t\t<\/div>\n\t\t\t\t<\/div>\n\t\t<div class=\"elementor-element elementor-element-f872bbd e-flex e-con-boxed e-con e-parent\" data-id=\"f872bbd\" data-element_type=\"container\">\n\t\t\t\t\t<div class=\"e-con-inner\">\n\t\t\t\t<div class=\"elementor-element elementor-element-c99c773 elementor-widget elementor-widget-text-editor\" data-id=\"c99c773\" data-element_type=\"widget\" data-widget_type=\"text-editor.default\">\n\t\t\t\t<div class=\"elementor-widget-container\">\n\t\t\t\t\t\t\t\t\t<p><strong>Consecuencia:<\/strong><\/p>\t\t\t\t\t\t\t\t<\/div>\n\t\t\t\t<\/div>\n\t\t\t\t\t<\/div>\n\t\t\t\t<\/div>\n\t\t<div class=\"elementor-element elementor-element-328a88a e-flex e-con-boxed e-con e-parent\" data-id=\"328a88a\" data-element_type=\"container\">\n\t\t\t\t\t<div class=\"e-con-inner\">\n\t\t\t\t<div class=\"elementor-element elementor-element-23d231c elementor-widget elementor-widget-text-editor\" data-id=\"23d231c\" data-element_type=\"widget\" data-widget_type=\"text-editor.default\">\n\t\t\t\t<div class=\"elementor-widget-container\">\n\t\t\t\t\t\t\t\t\t<p>Errores en los importes que afectan directamente a tus ingresos, a tus declaraciones fiscales y a la confianza del cliente.<\/p>\t\t\t\t\t\t\t\t<\/div>\n\t\t\t\t<\/div>\n\t\t\t\t\t<\/div>\n\t\t\t\t<\/div>\n\t\t<div class=\"elementor-element elementor-element-51e934f e-flex e-con-boxed e-con e-parent\" data-id=\"51e934f\" data-element_type=\"container\">\n\t\t\t\t\t<div class=\"e-con-inner\">\n\t\t\t\t<div class=\"elementor-element elementor-element-8493b64 elementor-widget elementor-widget-spacer\" data-id=\"8493b64\" data-element_type=\"widget\" data-widget_type=\"spacer.default\">\n\t\t\t\t<div class=\"elementor-widget-container\">\n\t\t\t\t\t\t\t<div class=\"elementor-spacer\">\n\t\t\t<div class=\"elementor-spacer-inner\"><\/div>\n\t\t<\/div>\n\t\t\t\t\t\t<\/div>\n\t\t\t\t<\/div>\n\t\t\t\t\t<\/div>\n\t\t\t\t<\/div>\n\t\t<div class=\"elementor-element elementor-element-c8a4088 e-flex e-con-boxed e-con e-parent\" data-id=\"c8a4088\" data-element_type=\"container\">\n\t\t\t\t\t<div class=\"e-con-inner\">\n\t\t\t\t<div class=\"elementor-element elementor-element-a66c124 elementor-widget elementor-widget-heading\" data-id=\"a66c124\" data-element_type=\"widget\" data-widget_type=\"heading.default\">\n\t\t\t\t<div class=\"elementor-widget-container\">\n\t\t\t\t\t<h2 class=\"elementor-heading-title elementor-size-default\">3. Ausencia de control sobre los cobros y vencimientos<\/h2>\t\t\t\t<\/div>\n\t\t\t\t<\/div>\n\t\t\t\t\t<\/div>\n\t\t\t\t<\/div>\n\t\t<div class=\"elementor-element elementor-element-272f29c e-flex e-con-boxed e-con e-parent\" data-id=\"272f29c\" data-element_type=\"container\">\n\t\t\t\t\t<div class=\"e-con-inner\">\n\t\t\t\t<div class=\"elementor-element elementor-element-60306c7 elementor-widget elementor-widget-text-editor\" data-id=\"60306c7\" data-element_type=\"widget\" data-widget_type=\"text-editor.default\">\n\t\t\t\t<div class=\"elementor-widget-container\">\n\t\t\t\t\t\t\t\t\t<p data-start=\"2179\" data-end=\"2317\">Excel no ofrece alertas autom\u00e1ticas ni seguimiento del estado de una factura. \u00bfEst\u00e1 cobrada? \u00bfEst\u00e1 vencida? \u00bfCu\u00e1ntos d\u00edas lleva pendiente?<\/p><p data-start=\"2319\" data-end=\"2335\">Muchos usuarios:<\/p>\t\t\t\t\t\t\t\t<\/div>\n\t\t\t\t<\/div>\n\t\t\t\t\t<\/div>\n\t\t\t\t<\/div>\n\t\t<div class=\"elementor-element elementor-element-5c69428 e-flex e-con-boxed e-con e-parent\" data-id=\"5c69428\" data-element_type=\"container\">\n\t\t\t\t\t<div class=\"e-con-inner\">\n\t\t\t\t<div class=\"elementor-element elementor-element-cbb8e64 elementor-widget elementor-widget-text-editor\" data-id=\"cbb8e64\" data-element_type=\"widget\" data-widget_type=\"text-editor.default\">\n\t\t\t\t<div class=\"elementor-widget-container\">\n\t\t\t\t\t\t\t\t\t<ul><li data-start=\"2336\" data-end=\"2371\"><p data-start=\"2338\" data-end=\"2371\">No actualizan el estado del pago.<\/p><\/li><li data-start=\"2372\" data-end=\"2420\"><p data-start=\"2374\" data-end=\"2420\">Pierden visibilidad sobre lo que deben cobrar.<\/p><\/li><li data-start=\"2421\" data-end=\"2458\"><p data-start=\"2423\" data-end=\"2458\">Se dan cuenta tarde de los impagos.<\/p><\/li><\/ul>\t\t\t\t\t\t\t\t<\/div>\n\t\t\t\t<\/div>\n\t\t\t\t\t<\/div>\n\t\t\t\t<\/div>\n\t\t<div class=\"elementor-element elementor-element-ecc6572 e-flex e-con-boxed e-con e-parent\" data-id=\"ecc6572\" data-element_type=\"container\">\n\t\t\t\t\t<div class=\"e-con-inner\">\n\t\t\t\t<div class=\"elementor-element elementor-element-19d1eeb elementor-widget elementor-widget-text-editor\" data-id=\"19d1eeb\" data-element_type=\"widget\" data-widget_type=\"text-editor.default\">\n\t\t\t\t<div class=\"elementor-widget-container\">\n\t\t\t\t\t\t\t\t\t<p><strong>Resultado:<\/strong><\/p>\t\t\t\t\t\t\t\t<\/div>\n\t\t\t\t<\/div>\n\t\t\t\t\t<\/div>\n\t\t\t\t<\/div>\n\t\t<div class=\"elementor-element elementor-element-1392f5c e-flex e-con-boxed e-con e-parent\" data-id=\"1392f5c\" data-element_type=\"container\">\n\t\t\t\t\t<div class=\"e-con-inner\">\n\t\t\t\t<div class=\"elementor-element elementor-element-f0a1357 elementor-widget elementor-widget-text-editor\" data-id=\"f0a1357\" data-element_type=\"widget\" data-widget_type=\"text-editor.default\">\n\t\t\t\t<div class=\"elementor-widget-container\">\n\t\t\t\t\t\t\t\t\t<p>Problemas de liquidez, p\u00e9rdida de control financiero y dificultad para anticipar necesidades de financiaci\u00f3n.<\/p>\t\t\t\t\t\t\t\t<\/div>\n\t\t\t\t<\/div>\n\t\t\t\t\t<\/div>\n\t\t\t\t<\/div>\n\t\t<div class=\"elementor-element elementor-element-060ac52 e-flex e-con-boxed e-con e-parent\" data-id=\"060ac52\" data-element_type=\"container\">\n\t\t\t\t\t<div class=\"e-con-inner\">\n\t\t\t\t<div class=\"elementor-element elementor-element-38dbf8b elementor-widget elementor-widget-spacer\" data-id=\"38dbf8b\" data-element_type=\"widget\" data-widget_type=\"spacer.default\">\n\t\t\t\t<div class=\"elementor-widget-container\">\n\t\t\t\t\t\t\t<div class=\"elementor-spacer\">\n\t\t\t<div class=\"elementor-spacer-inner\"><\/div>\n\t\t<\/div>\n\t\t\t\t\t\t<\/div>\n\t\t\t\t<\/div>\n\t\t\t\t\t<\/div>\n\t\t\t\t<\/div>\n\t\t<div class=\"elementor-element elementor-element-5d77db6 e-flex e-con-boxed e-con e-parent\" data-id=\"5d77db6\" data-element_type=\"container\">\n\t\t\t\t\t<div class=\"e-con-inner\">\n\t\t\t\t<div class=\"elementor-element elementor-element-01544c6 elementor-widget elementor-widget-heading\" data-id=\"01544c6\" data-element_type=\"widget\" data-widget_type=\"heading.default\">\n\t\t\t\t<div class=\"elementor-widget-container\">\n\t\t\t\t\t<h2 class=\"elementor-heading-title elementor-size-default\">4. Falta de trazabilidad y registro seguro<\/h2>\t\t\t\t<\/div>\n\t\t\t\t<\/div>\n\t\t\t\t\t<\/div>\n\t\t\t\t<\/div>\n\t\t<div class=\"elementor-element elementor-element-383e593 e-flex e-con-boxed e-con e-parent\" data-id=\"383e593\" data-element_type=\"container\">\n\t\t\t\t\t<div class=\"e-con-inner\">\n\t\t\t\t<div class=\"elementor-element elementor-element-61e6102 elementor-widget elementor-widget-text-editor\" data-id=\"61e6102\" data-element_type=\"widget\" data-widget_type=\"text-editor.default\">\n\t\t\t\t<div class=\"elementor-widget-container\">\n\t\t\t\t\t\t\t\t\t<p data-start=\"2638\" data-end=\"2740\">Una hoja de Excel puede ser f\u00e1cilmente modificada, borrada o sobrescrita. No deja constancia de:<\/p><ul data-start=\"2741\" data-end=\"2819\"><li data-start=\"2741\" data-end=\"2770\"><p data-start=\"2743\" data-end=\"2770\">Cu\u00e1ndo se cre\u00f3 una factura.<\/p><\/li><li data-start=\"2771\" data-end=\"2795\"><p data-start=\"2773\" data-end=\"2795\">Si ha sido modificada.<\/p><\/li><li data-start=\"2796\" data-end=\"2819\"><p data-start=\"2798\" data-end=\"2819\">Qui\u00e9n hizo el cambio.<\/p><\/li><\/ul>\t\t\t\t\t\t\t\t<\/div>\n\t\t\t\t<\/div>\n\t\t\t\t\t<\/div>\n\t\t\t\t<\/div>\n\t\t<div class=\"elementor-element elementor-element-0b4c3a4 e-flex e-con-boxed e-con e-parent\" data-id=\"0b4c3a4\" data-element_type=\"container\">\n\t\t\t\t\t<div class=\"e-con-inner\">\n\t\t\t\t<div class=\"elementor-element elementor-element-10c5f54 elementor-widget elementor-widget-text-editor\" data-id=\"10c5f54\" data-element_type=\"widget\" data-widget_type=\"text-editor.default\">\n\t\t\t\t<div class=\"elementor-widget-container\">\n\t\t\t\t\t\t\t\t\t<p><strong>Esto implica:<\/strong><\/p>\t\t\t\t\t\t\t\t<\/div>\n\t\t\t\t<\/div>\n\t\t\t\t\t<\/div>\n\t\t\t\t<\/div>\n\t\t<div class=\"elementor-element elementor-element-aa184c0 e-flex e-con-boxed e-con e-parent\" data-id=\"aa184c0\" data-element_type=\"container\">\n\t\t\t\t\t<div class=\"e-con-inner\">\n\t\t\t\t<div class=\"elementor-element elementor-element-ec1cbc6 elementor-widget elementor-widget-text-editor\" data-id=\"ec1cbc6\" data-element_type=\"widget\" data-widget_type=\"text-editor.default\">\n\t\t\t\t<div class=\"elementor-widget-container\">\n\t\t\t\t\t\t\t\t\t<ul><li data-start=\"2839\" data-end=\"2917\"><p data-start=\"2841\" data-end=\"2917\"><strong data-start=\"2841\" data-end=\"2862\">Nula trazabilidad<\/strong>, lo que puede ser un problema serio en una inspecci\u00f3n.<\/p><\/li><li data-start=\"2918\" data-end=\"3029\"><p data-start=\"2920\" data-end=\"3029\">No cumplir con los requisitos de inalterabilidad que exige la normativa actual (especialmente con <a href=\"https:\/\/finanedi.es\/blog\/verifactu-finanedi\/\" target=\"_blank\" rel=\"noopener\">VeriFactu<\/a>).<\/p><\/li><li data-start=\"3030\" data-end=\"3113\"><p data-start=\"3032\" data-end=\"3113\">Riesgo de fraude interno si hay varios usuarios manipulando archivos sin control.<\/p><\/li><\/ul>\t\t\t\t\t\t\t\t<\/div>\n\t\t\t\t<\/div>\n\t\t\t\t\t<\/div>\n\t\t\t\t<\/div>\n\t\t<div class=\"elementor-element elementor-element-d49b37d e-flex e-con-boxed e-con e-parent\" data-id=\"d49b37d\" data-element_type=\"container\">\n\t\t\t\t\t<div class=\"e-con-inner\">\n\t\t\t\t<div class=\"elementor-element elementor-element-869c122 elementor-widget elementor-widget-spacer\" data-id=\"869c122\" data-element_type=\"widget\" data-widget_type=\"spacer.default\">\n\t\t\t\t<div class=\"elementor-widget-container\">\n\t\t\t\t\t\t\t<div class=\"elementor-spacer\">\n\t\t\t<div class=\"elementor-spacer-inner\"><\/div>\n\t\t<\/div>\n\t\t\t\t\t\t<\/div>\n\t\t\t\t<\/div>\n\t\t\t\t\t<\/div>\n\t\t\t\t<\/div>\n\t\t<div class=\"elementor-element elementor-element-2cd4356 e-flex e-con-boxed e-con e-parent\" data-id=\"2cd4356\" data-element_type=\"container\">\n\t\t\t\t\t<div class=\"e-con-inner\">\n\t\t\t\t<div class=\"elementor-element elementor-element-6b12c23 elementor-widget elementor-widget-heading\" data-id=\"6b12c23\" data-element_type=\"widget\" data-widget_type=\"heading.default\">\n\t\t\t\t<div class=\"elementor-widget-container\">\n\t\t\t\t\t<h2 class=\"elementor-heading-title elementor-size-default\">5. No se adapta a los requisitos fiscales actuales<\/h2>\t\t\t\t<\/div>\n\t\t\t\t<\/div>\n\t\t\t\t\t<\/div>\n\t\t\t\t<\/div>\n\t\t<div class=\"elementor-element elementor-element-61122b6 e-flex e-con-boxed e-con e-parent\" data-id=\"61122b6\" data-element_type=\"container\">\n\t\t\t\t\t<div class=\"e-con-inner\">\n\t\t\t\t<div class=\"elementor-element elementor-element-70e3991 elementor-widget elementor-widget-text-editor\" data-id=\"70e3991\" data-element_type=\"widget\" data-widget_type=\"text-editor.default\">\n\t\t\t\t<div class=\"elementor-widget-container\">\n\t\t\t\t\t\t\t\t\t<p>Con la entrada en vigor del nuevo reglamento de facturaci\u00f3n y la incorporaci\u00f3n del sistema VeriFactu, <strong data-start=\"3277\" data-end=\"3335\">Excel por s\u00ed solo no cumple con los requisitos legales<\/strong> para emitir facturas v\u00e1lidas a medio plazo.<\/p>\t\t\t\t\t\t\t\t<\/div>\n\t\t\t\t<\/div>\n\t\t\t\t\t<\/div>\n\t\t\t\t<\/div>\n\t\t<div class=\"elementor-element elementor-element-e8d0300 e-flex e-con-boxed e-con e-parent\" data-id=\"e8d0300\" data-element_type=\"container\">\n\t\t\t\t\t<div class=\"e-con-inner\">\n\t\t\t\t<div class=\"elementor-element elementor-element-5ee038d elementor-widget elementor-widget-text-editor\" data-id=\"5ee038d\" data-element_type=\"widget\" data-widget_type=\"text-editor.default\">\n\t\t\t\t<div class=\"elementor-widget-container\">\n\t\t\t\t\t\t\t\t\t<p><strong>\u00bfPor qu\u00e9?<\/strong><\/p>\t\t\t\t\t\t\t\t<\/div>\n\t\t\t\t<\/div>\n\t\t\t\t\t<\/div>\n\t\t\t\t<\/div>\n\t\t<div class=\"elementor-element elementor-element-6275d9c e-flex e-con-boxed e-con e-parent\" data-id=\"6275d9c\" data-element_type=\"container\">\n\t\t\t\t\t<div class=\"e-con-inner\">\n\t\t\t\t<div class=\"elementor-element elementor-element-8e82f0e elementor-widget elementor-widget-text-editor\" data-id=\"8e82f0e\" data-element_type=\"widget\" data-widget_type=\"text-editor.default\">\n\t\t\t\t<div class=\"elementor-widget-container\">\n\t\t\t\t\t\t\t\t\t<ul><li data-start=\"3395\" data-end=\"3438\"><p data-start=\"3397\" data-end=\"3438\">No genera <a href=\"https:\/\/finanedi.es\/blog\/el-codigo-qr-en-tus-facturas-que-es-para-que-sirve-y-como-te-afecta\/\" target=\"_blank\" rel=\"noopener\">c\u00f3digos QR<\/a> ni firmas digitales.<\/p><\/li><li data-start=\"3439\" data-end=\"3506\"><p data-start=\"3441\" data-end=\"3506\">No puede enviar facturas a la Agencia Tributaria autom\u00e1ticamente.<\/p><\/li><li data-start=\"3507\" data-end=\"3580\"><p data-start=\"3509\" data-end=\"3580\">No est\u00e1 homologado ni permite garantizar la integridad de las facturas.<\/p><\/li><\/ul>\t\t\t\t\t\t\t\t<\/div>\n\t\t\t\t<\/div>\n\t\t\t\t\t<\/div>\n\t\t\t\t<\/div>\n\t\t<div class=\"elementor-element elementor-element-b2f4274 e-flex e-con-boxed e-con e-parent\" data-id=\"b2f4274\" data-element_type=\"container\">\n\t\t\t\t\t<div class=\"e-con-inner\">\n\t\t\t\t<div class=\"elementor-element elementor-element-0f6d011 elementor-widget elementor-widget-text-editor\" data-id=\"0f6d011\" data-element_type=\"widget\" data-widget_type=\"text-editor.default\">\n\t\t\t\t<div class=\"elementor-widget-container\">\n\t\t\t\t\t\t\t\t\t<p>Seguir us\u00e1ndolo te puede exponer a <strong data-start=\"3617\" data-end=\"3630\">sanciones<\/strong> y a problemas legales si no complementas el sistema con una soluci\u00f3n adaptada.<\/p>\t\t\t\t\t\t\t\t<\/div>\n\t\t\t\t<\/div>\n\t\t\t\t\t<\/div>\n\t\t\t\t<\/div>\n\t\t<div class=\"elementor-element elementor-element-31b5ce2 e-flex e-con-boxed e-con e-parent\" data-id=\"31b5ce2\" data-element_type=\"container\">\n\t\t\t\t\t<div class=\"e-con-inner\">\n\t\t\t\t<div class=\"elementor-element elementor-element-8bb444e elementor-widget elementor-widget-spacer\" data-id=\"8bb444e\" data-element_type=\"widget\" data-widget_type=\"spacer.default\">\n\t\t\t\t<div class=\"elementor-widget-container\">\n\t\t\t\t\t\t\t<div class=\"elementor-spacer\">\n\t\t\t<div class=\"elementor-spacer-inner\"><\/div>\n\t\t<\/div>\n\t\t\t\t\t\t<\/div>\n\t\t\t\t<\/div>\n\t\t\t\t\t<\/div>\n\t\t\t\t<\/div>\n\t\t<div class=\"elementor-element elementor-element-8c05736 e-flex e-con-boxed e-con e-parent\" data-id=\"8c05736\" data-element_type=\"container\">\n\t\t\t\t\t<div class=\"e-con-inner\">\n\t\t\t\t<div class=\"elementor-element elementor-element-2789a91 elementor-widget elementor-widget-heading\" data-id=\"2789a91\" data-element_type=\"widget\" data-widget_type=\"heading.default\">\n\t\t\t\t<div class=\"elementor-widget-container\">\n\t\t\t\t\t<h2 class=\"elementor-heading-title elementor-size-default\">6. Dificultades para llevar contabilidad real<\/h2>\t\t\t\t<\/div>\n\t\t\t\t<\/div>\n\t\t\t\t\t<\/div>\n\t\t\t\t<\/div>\n\t\t<div class=\"elementor-element elementor-element-b9afe63 e-flex e-con-boxed e-con e-parent\" data-id=\"b9afe63\" data-element_type=\"container\">\n\t\t\t\t\t<div class=\"e-con-inner\">\n\t\t\t\t<div class=\"elementor-element elementor-element-0cc99e8 elementor-widget elementor-widget-text-editor\" data-id=\"0cc99e8\" data-element_type=\"widget\" data-widget_type=\"text-editor.default\">\n\t\t\t\t<div class=\"elementor-widget-container\">\n\t\t\t\t\t\t\t\t\t<p data-start=\"3766\" data-end=\"3863\">Aunque se pueden registrar ingresos y gastos en Excel, no es una herramienta contable. No genera:<\/p><ul data-start=\"3864\" data-end=\"3928\"><li data-start=\"3864\" data-end=\"3875\"><p data-start=\"3866\" data-end=\"3875\">Balances.<\/p><\/li><li data-start=\"3876\" data-end=\"3900\"><p data-start=\"3878\" data-end=\"3900\">Cuentas de resultados.<\/p><\/li><li data-start=\"3901\" data-end=\"3928\"><p data-start=\"3903\" data-end=\"3928\">Libros contables v\u00e1lidos.<\/p><\/li><\/ul><p data-start=\"3930\" data-end=\"4047\">Tampoco permite exportar f\u00e1cilmente a formatos oficiales, ni se integra con modelos tributarios como el <a href=\"https:\/\/finanedi.es\/blog\/modelo-303-del-iva-que-es-pymes-autonomos\/\" target=\"_blank\" rel=\"noopener\">303<\/a> o el<a href=\"https:\/\/finanedi.es\/blog\/modelo-130-pagos-fraccionados-del-irpf\/\" target=\"_blank\" rel=\"noopener\"> 130<\/a>.<\/p>\t\t\t\t\t\t\t\t<\/div>\n\t\t\t\t<\/div>\n\t\t\t\t\t<\/div>\n\t\t\t\t<\/div>\n\t\t<div class=\"elementor-element elementor-element-93035a9 e-flex e-con-boxed e-con e-parent\" data-id=\"93035a9\" data-element_type=\"container\">\n\t\t\t\t\t<div class=\"e-con-inner\">\n\t\t\t\t<div class=\"elementor-element elementor-element-f97f6a4 elementor-widget elementor-widget-text-editor\" data-id=\"f97f6a4\" data-element_type=\"widget\" data-widget_type=\"text-editor.default\">\n\t\t\t\t<div class=\"elementor-widget-container\">\n\t\t\t\t\t\t\t\t\t<p><strong>\u00bfQu\u00e9 implica?<\/strong><\/p>\t\t\t\t\t\t\t\t<\/div>\n\t\t\t\t<\/div>\n\t\t\t\t\t<\/div>\n\t\t\t\t<\/div>\n\t\t<div class=\"elementor-element elementor-element-bcc8a21 e-flex e-con-boxed e-con e-parent\" data-id=\"bcc8a21\" data-element_type=\"container\">\n\t\t\t\t\t<div class=\"e-con-inner\">\n\t\t\t\t<div class=\"elementor-element elementor-element-4ab88cc elementor-widget elementor-widget-text-editor\" data-id=\"4ab88cc\" data-element_type=\"widget\" data-widget_type=\"text-editor.default\">\n\t\t\t\t<div class=\"elementor-widget-container\">\n\t\t\t\t\t\t\t\t\t<ul data-start=\"4067\" data-end=\"4180\"><li data-start=\"4067\" data-end=\"4103\"><p data-start=\"4069\" data-end=\"4103\">M\u00e1s trabajo para ti o tu asesor\u00eda.<\/p><\/li><li data-start=\"4104\" data-end=\"4146\"><p data-start=\"4106\" data-end=\"4146\">Mayor probabilidad de errores contables.<\/p><\/li><li data-start=\"4147\" data-end=\"4180\"><p data-start=\"4149\" data-end=\"4180\">P\u00e9rdida de tiempo y eficiencia.<\/p><\/li><\/ul>\t\t\t\t\t\t\t\t<\/div>\n\t\t\t\t<\/div>\n\t\t\t\t\t<\/div>\n\t\t\t\t<\/div>\n\t\t<div class=\"elementor-element elementor-element-8d50e31 e-flex e-con-boxed e-con e-parent\" data-id=\"8d50e31\" data-element_type=\"container\">\n\t\t\t\t\t<div class=\"e-con-inner\">\n\t\t\t\t<div class=\"elementor-element elementor-element-34d5b68 elementor-widget elementor-widget-spacer\" data-id=\"34d5b68\" data-element_type=\"widget\" data-widget_type=\"spacer.default\">\n\t\t\t\t<div class=\"elementor-widget-container\">\n\t\t\t\t\t\t\t<div class=\"elementor-spacer\">\n\t\t\t<div class=\"elementor-spacer-inner\"><\/div>\n\t\t<\/div>\n\t\t\t\t\t\t<\/div>\n\t\t\t\t<\/div>\n\t\t\t\t\t<\/div>\n\t\t\t\t<\/div>\n\t\t<div class=\"elementor-element elementor-element-5ef22f0 e-flex e-con-boxed e-con e-parent\" data-id=\"5ef22f0\" data-element_type=\"container\">\n\t\t\t\t\t<div class=\"e-con-inner\">\n\t\t\t\t<div class=\"elementor-element elementor-element-4a15cba elementor-widget elementor-widget-heading\" data-id=\"4a15cba\" data-element_type=\"widget\" data-widget_type=\"heading.default\">\n\t\t\t\t<div class=\"elementor-widget-container\">\n\t\t\t\t\t<h2 class=\"elementor-heading-title elementor-size-default\">7. Falta de copias de seguridad y riesgo de p\u00e9rdida de datos<\/h2>\t\t\t\t<\/div>\n\t\t\t\t<\/div>\n\t\t\t\t\t<\/div>\n\t\t\t\t<\/div>\n\t\t<div class=\"elementor-element elementor-element-d7da5cc e-flex e-con-boxed e-con e-parent\" data-id=\"d7da5cc\" data-element_type=\"container\">\n\t\t\t\t\t<div class=\"e-con-inner\">\n\t\t\t\t<div class=\"elementor-element elementor-element-0c3c257 elementor-widget elementor-widget-text-editor\" data-id=\"0c3c257\" data-element_type=\"widget\" data-widget_type=\"text-editor.default\">\n\t\t\t\t<div class=\"elementor-widget-container\">\n\t\t\t\t\t\t\t\t\t<p data-start=\"4252\" data-end=\"4381\">\u00bfTienes una copia autom\u00e1tica de tu Excel? \u00bfEst\u00e1s seguro de que no la sobrescribir\u00e1s por error? \u00bfY si se te estropea el ordenador?<\/p><p data-start=\"4383\" data-end=\"4429\">Muchos aut\u00f3nomos pierden a\u00f1os de facturas por:<\/p><ul data-start=\"4430\" data-end=\"4544\"><li data-start=\"4430\" data-end=\"4453\"><p data-start=\"4432\" data-end=\"4453\">No guardar versiones.<\/p><\/li><li data-start=\"4454\" data-end=\"4504\"><p data-start=\"4456\" data-end=\"4504\">Usar archivos locales no respaldados en la nube.<\/p><\/li><li data-start=\"4505\" data-end=\"4544\"><p data-start=\"4507\" data-end=\"4544\">No saber recuperar una copia antigua.<\/p><\/li><\/ul>\t\t\t\t\t\t\t\t<\/div>\n\t\t\t\t<\/div>\n\t\t\t\t\t<\/div>\n\t\t\t\t<\/div>\n\t\t<div class=\"elementor-element elementor-element-39b5d38 e-flex e-con-boxed e-con e-parent\" data-id=\"39b5d38\" data-element_type=\"container\">\n\t\t\t\t\t<div class=\"e-con-inner\">\n\t\t\t\t<div class=\"elementor-element elementor-element-6475676 elementor-widget elementor-widget-spacer\" data-id=\"6475676\" data-element_type=\"widget\" data-widget_type=\"spacer.default\">\n\t\t\t\t<div class=\"elementor-widget-container\">\n\t\t\t\t\t\t\t<div class=\"elementor-spacer\">\n\t\t\t<div class=\"elementor-spacer-inner\"><\/div>\n\t\t<\/div>\n\t\t\t\t\t\t<\/div>\n\t\t\t\t<\/div>\n\t\t\t\t\t<\/div>\n\t\t\t\t<\/div>\n\t\t<div class=\"elementor-element elementor-element-881b9fc e-flex e-con-boxed e-con e-parent\" data-id=\"881b9fc\" data-element_type=\"container\">\n\t\t\t\t\t<div class=\"e-con-inner\">\n\t\t\t\t<div class=\"elementor-element elementor-element-0782281 elementor-widget elementor-widget-heading\" data-id=\"0782281\" data-element_type=\"widget\" data-widget_type=\"heading.default\">\n\t\t\t\t<div class=\"elementor-widget-container\">\n\t\t\t\t\t<h2 class=\"elementor-heading-title elementor-size-default\">\u00bfPor qu\u00e9 usar Excel sigue siendo tan habitual?<\/h2>\t\t\t\t<\/div>\n\t\t\t\t<\/div>\n\t\t\t\t\t<\/div>\n\t\t\t\t<\/div>\n\t\t<div class=\"elementor-element elementor-element-04e0aaf e-flex e-con-boxed e-con e-parent\" data-id=\"04e0aaf\" data-element_type=\"container\">\n\t\t\t\t\t<div class=\"e-con-inner\">\n\t\t\t\t<div class=\"elementor-element elementor-element-40d002f elementor-widget elementor-widget-text-editor\" data-id=\"40d002f\" data-element_type=\"widget\" data-widget_type=\"text-editor.default\">\n\t\t\t\t<div class=\"elementor-widget-container\">\n\t\t\t\t\t\t\t\t\t<p data-start=\"4602\" data-end=\"4709\">A pesar de todos estos riesgos, Excel sigue siendo usado por miles de aut\u00f3nomos y pymes por varias razones:<\/p><ul data-start=\"4710\" data-end=\"4834\"><li data-start=\"4710\" data-end=\"4743\"><p data-start=\"4712\" data-end=\"4743\">Es gratis o ya viene instalado.<\/p><\/li><li data-start=\"4744\" data-end=\"4797\"><p data-start=\"4746\" data-end=\"4797\">Es f\u00e1cil de usar si solo haces unas pocas facturas.<\/p><\/li><li data-start=\"4798\" data-end=\"4834\"><p data-start=\"4800\" data-end=\"4834\">Da una sensaci\u00f3n de control total.<\/p><\/li><\/ul><p data-start=\"4836\" data-end=\"4985\">Pero esta comodidad inicial puede salir cara con el tiempo: errores, p\u00e9rdidas de informaci\u00f3n, sanciones o falta de profesionalidad ante los clientes.<\/p>\t\t\t\t\t\t\t\t<\/div>\n\t\t\t\t<\/div>\n\t\t\t\t\t<\/div>\n\t\t\t\t<\/div>\n\t\t<div class=\"elementor-element elementor-element-ebed562 e-flex e-con-boxed e-con e-parent\" data-id=\"ebed562\" data-element_type=\"container\">\n\t\t\t\t\t<div class=\"e-con-inner\">\n\t\t\t\t<div class=\"elementor-element elementor-element-7168466 elementor-widget elementor-widget-spacer\" data-id=\"7168466\" data-element_type=\"widget\" data-widget_type=\"spacer.default\">\n\t\t\t\t<div class=\"elementor-widget-container\">\n\t\t\t\t\t\t\t<div class=\"elementor-spacer\">\n\t\t\t<div class=\"elementor-spacer-inner\"><\/div>\n\t\t<\/div>\n\t\t\t\t\t\t<\/div>\n\t\t\t\t<\/div>\n\t\t\t\t\t<\/div>\n\t\t\t\t<\/div>\n\t\t<div class=\"elementor-element elementor-element-0b4deee e-flex e-con-boxed e-con e-parent\" data-id=\"0b4deee\" data-element_type=\"container\">\n\t\t\t\t\t<div class=\"e-con-inner\">\n\t\t\t\t<div class=\"elementor-element elementor-element-4e2bfad elementor-widget elementor-widget-heading\" data-id=\"4e2bfad\" data-element_type=\"widget\" data-widget_type=\"heading.default\">\n\t\t\t\t<div class=\"elementor-widget-container\">\n\t\t\t\t\t<h2 class=\"elementor-heading-title elementor-size-default\">Alternativas a Excel: soluciones pr\u00e1cticas y gratuitas<\/h2>\t\t\t\t<\/div>\n\t\t\t\t<\/div>\n\t\t\t\t\t<\/div>\n\t\t\t\t<\/div>\n\t\t<div class=\"elementor-element elementor-element-7e311d1 e-flex e-con-boxed e-con e-parent\" data-id=\"7e311d1\" data-element_type=\"container\">\n\t\t\t\t\t<div class=\"e-con-inner\">\n\t\t\t\t<div class=\"elementor-element elementor-element-19d4922 elementor-widget elementor-widget-text-editor\" data-id=\"19d4922\" data-element_type=\"widget\" data-widget_type=\"text-editor.default\">\n\t\t\t\t<div class=\"elementor-widget-container\">\n\t\t\t\t\t\t\t\t\t<p>Afortunadamente, hoy existen herramientas que permiten llevar la facturaci\u00f3n <strong data-start=\"5128\" data-end=\"5167\">de forma autom\u00e1tica, segura y legal<\/strong> sin perder sencillez ni tener que invertir grandes cantidades de dinero.<\/p>\t\t\t\t\t\t\t\t<\/div>\n\t\t\t\t<\/div>\n\t\t\t\t\t<\/div>\n\t\t\t\t<\/div>\n\t\t<div class=\"elementor-element elementor-element-8990ebc e-flex e-con-boxed e-con e-parent\" data-id=\"8990ebc\" data-element_type=\"container\">\n\t\t\t\t\t<div class=\"e-con-inner\">\n\t\t\t\t<div class=\"elementor-element elementor-element-f8fc4da elementor-widget elementor-widget-heading\" data-id=\"f8fc4da\" data-element_type=\"widget\" data-widget_type=\"heading.default\">\n\t\t\t\t<div class=\"elementor-widget-container\">\n\t\t\t\t\t<h3 class=\"elementor-heading-title elementor-size-default\"><a href=\"https:\/\/finanedi.es\/\" target=\"_blank\">Una de ellas es FinanEDI:<\/a><\/h3>\t\t\t\t<\/div>\n\t\t\t\t<\/div>\n\t\t\t\t\t<\/div>\n\t\t\t\t<\/div>\n\t\t<div class=\"elementor-element elementor-element-894f9d8 e-flex e-con-boxed e-con e-parent\" data-id=\"894f9d8\" data-element_type=\"container\">\n\t\t\t\t\t<div class=\"e-con-inner\">\n\t\t\t\t<div class=\"elementor-element elementor-element-3447708 elementor-widget elementor-widget-text-editor\" data-id=\"3447708\" data-element_type=\"widget\" data-widget_type=\"text-editor.default\">\n\t\t\t\t<div class=\"elementor-widget-container\">\n\t\t\t\t\t\t\t\t\t<ul><li data-start=\"5276\" data-end=\"5326\"><p data-start=\"5278\" data-end=\"5326\">Programa gratuito de facturaci\u00f3n y contabilidad.<\/p><\/li><li data-start=\"5327\" data-end=\"5366\"><p data-start=\"5329\" data-end=\"5366\">Preparado para adaptarse a VeriFactu.<\/p><\/li><li data-start=\"5367\" data-end=\"5428\"><p data-start=\"5369\" data-end=\"5428\">Crea y env\u00eda facturas f\u00e1cilmente con numeraci\u00f3n autom\u00e1tica.<\/p><\/li><li data-start=\"5429\" data-end=\"5475\"><p data-start=\"5431\" data-end=\"5475\">Calcula impuestos y genera libros contables.<\/p><\/li><li data-start=\"5476\" data-end=\"5531\"><p data-start=\"5478\" data-end=\"5531\">Te permite hacer seguimiento de pagos y vencimientos.<\/p><\/li><li data-start=\"5532\" data-end=\"5593\"><p data-start=\"5534\" data-end=\"5593\">Guarda todo en la nube con copias de seguridad autom\u00e1ticas.<\/p><\/li><\/ul>\t\t\t\t\t\t\t\t<\/div>\n\t\t\t\t<\/div>\n\t\t\t\t\t<\/div>\n\t\t\t\t<\/div>\n\t\t<div class=\"elementor-element elementor-element-0be8ed0 e-flex e-con-boxed e-con e-parent\" data-id=\"0be8ed0\" data-element_type=\"container\">\n\t\t\t\t\t<div class=\"e-con-inner\">\n\t\t\t\t<div class=\"elementor-element elementor-element-02cf88e elementor-widget elementor-widget-spacer\" data-id=\"02cf88e\" data-element_type=\"widget\" data-widget_type=\"spacer.default\">\n\t\t\t\t<div class=\"elementor-widget-container\">\n\t\t\t\t\t\t\t<div class=\"elementor-spacer\">\n\t\t\t<div class=\"elementor-spacer-inner\"><\/div>\n\t\t<\/div>\n\t\t\t\t\t\t<\/div>\n\t\t\t\t<\/div>\n\t\t\t\t\t<\/div>\n\t\t\t\t<\/div>\n\t\t<div class=\"elementor-element elementor-element-4acaa675 e-flex e-con-boxed e-con e-parent\" data-id=\"4acaa675\" data-element_type=\"container\" data-settings=\"{&quot;background_background&quot;:&quot;classic&quot;}\">\n\t\t\t\t\t<div class=\"e-con-inner\">\n\t\t<div class=\"elementor-element elementor-element-3d2e82fb e-con-full e-flex e-con e-child\" data-id=\"3d2e82fb\" data-element_type=\"container\">\n\t\t<div class=\"elementor-element elementor-element-45c13254 e-flex e-con-boxed e-con e-child\" data-id=\"45c13254\" data-element_type=\"container\">\n\t\t\t\t\t<div class=\"e-con-inner\">\n\t\t\t\t<div class=\"elementor-element elementor-element-3ebc77e6 elementor-widget elementor-widget-heading\" data-id=\"3ebc77e6\" data-element_type=\"widget\" data-widget_type=\"heading.default\">\n\t\t\t\t<div class=\"elementor-widget-container\">\n\t\t\t\t\t<h3 class=\"elementor-heading-title elementor-size-default\">Herramientas para impulsar<br>tu negocio<\/h3>\t\t\t\t<\/div>\n\t\t\t\t<\/div>\n\t\t\t\t<div class=\"elementor-element elementor-element-46b38835 elementor-widget elementor-widget-text-editor\" data-id=\"46b38835\" data-element_type=\"widget\" data-widget_type=\"text-editor.default\">\n\t\t\t\t<div class=\"elementor-widget-container\">\n\t\t\t\t\t\t\t\t\t<p>FinanEDI es la soluci\u00f3n en la nube gratuita que permite automatizar y optimizar los procesos financieros, contables y administrativos de tu negocio.<\/p>\t\t\t\t\t\t\t\t<\/div>\n\t\t\t\t<\/div>\n\t\t\t\t<div class=\"elementor-element elementor-element-17483fd9 elementor-widget elementor-widget-button\" data-id=\"17483fd9\" data-element_type=\"widget\" data-widget_type=\"button.default\">\n\t\t\t\t<div class=\"elementor-widget-container\">\n\t\t\t\t\t\t\t\t\t<div class=\"elementor-button-wrapper\">\n\t\t\t\t\t<a class=\"elementor-button elementor-button-link elementor-size-md\" href=\"https:\/\/finanedi.es\/\" target=\"_blank\">\n\t\t\t\t\t\t<span class=\"elementor-button-content-wrapper\">\n\t\t\t\t\t\t\t\t\t<span class=\"elementor-button-text\">Crear cuenta gratis<\/span>\n\t\t\t\t\t<\/span>\n\t\t\t\t\t<\/a>\n\t\t\t\t<\/div>\n\t\t\t\t\t\t\t\t<\/div>\n\t\t\t\t<\/div>\n\t\t\t\t\t<\/div>\n\t\t\t\t<\/div>\n\t\t\t\t<\/div>\n\t\t<div class=\"elementor-element elementor-element-676adea9 e-con-full e-flex e-con e-child\" data-id=\"676adea9\" data-element_type=\"container\">\n\t\t\t\t<div class=\"elementor-element elementor-element-765de63 elementor-widget elementor-widget-image\" data-id=\"765de63\" data-element_type=\"widget\" data-widget_type=\"image.default\">\n\t\t\t\t<div class=\"elementor-widget-container\">\n\t\t\t\t\t\t\t\t\t\t\t\t\t\t\t<img fetchpriority=\"high\" decoding=\"async\" width=\"300\" height=\"233\" src=\"https:\/\/finanedi.es\/blog\/contenido\/uploads\/2024\/09\/Dashborad_00115-300x233.png\" class=\"attachment-medium size-medium wp-image-5370\" alt=\"Herramientas para impulsar tu negocio - FinanEDI\" srcset=\"https:\/\/finanedi.es\/blog\/contenido\/uploads\/2024\/09\/Dashborad_00115-300x233.png 300w, https:\/\/finanedi.es\/blog\/contenido\/uploads\/2024\/09\/Dashborad_00115-768x597.png 768w, https:\/\/finanedi.es\/blog\/contenido\/uploads\/2024\/09\/Dashborad_00115.png 900w\" sizes=\"(max-width: 300px) 100vw, 300px\" \/>\t\t\t\t\t\t\t\t\t\t\t\t\t\t\t<\/div>\n\t\t\t\t<\/div>\n\t\t\t\t<\/div>\n\t\t\t\t\t<\/div>\n\t\t\t\t<\/div>\n\t\t<div class=\"elementor-element elementor-element-195f085 e-flex e-con-boxed e-con e-parent\" data-id=\"195f085\" data-element_type=\"container\">\n\t\t\t\t\t<div class=\"e-con-inner\">\n\t\t\t\t<div class=\"elementor-element elementor-element-4425602 elementor-widget elementor-widget-spacer\" data-id=\"4425602\" data-element_type=\"widget\" data-widget_type=\"spacer.default\">\n\t\t\t\t<div class=\"elementor-widget-container\">\n\t\t\t\t\t\t\t<div class=\"elementor-spacer\">\n\t\t\t<div class=\"elementor-spacer-inner\"><\/div>\n\t\t<\/div>\n\t\t\t\t\t\t<\/div>\n\t\t\t\t<\/div>\n\t\t\t\t\t<\/div>\n\t\t\t\t<\/div>\n\t\t<div class=\"elementor-element elementor-element-a27ae8d e-flex e-con-boxed e-con e-parent\" data-id=\"a27ae8d\" data-element_type=\"container\">\n\t\t\t\t\t<div class=\"e-con-inner\">\n\t\t\t\t<div class=\"elementor-element elementor-element-3928f58 elementor-widget elementor-widget-text-editor\" data-id=\"3928f58\" data-element_type=\"widget\" data-widget_type=\"text-editor.default\">\n\t\t\t\t<div class=\"elementor-widget-container\">\n\t\t\t\t\t\t\t\t\t<p data-start=\"5615\" data-end=\"5880\">Excel puede parecer una buena soluci\u00f3n para empezar, pero <strong data-start=\"5673\" data-end=\"5721\">no es un programa de facturaci\u00f3n profesional<\/strong>. Los errores contables que se derivan de su uso son frecuentes y pueden tener consecuencias importantes: desde problemas de liquidez hasta sanciones fiscales.<\/p><p data-start=\"5882\" data-end=\"6048\">Si te est\u00e1s tomando en serio tu actividad como aut\u00f3nomo o pyme, es hora de dar el salto a una herramienta que te garantice seguridad, cumplimiento legal y eficiencia.<\/p>\t\t\t\t\t\t\t\t<\/div>\n\t\t\t\t<\/div>\n\t\t\t\t\t<\/div>\n\t\t\t\t<\/div>\n\t\t<div class=\"elementor-element elementor-element-7e3257df e-flex e-con-boxed e-con e-parent\" data-id=\"7e3257df\" data-element_type=\"container\">\n\t\t\t\t\t<div class=\"e-con-inner\">\n\t\t<div class=\"elementor-element elementor-element-6f1dcb67 e-flex e-con-boxed e-con e-child\" data-id=\"6f1dcb67\" data-element_type=\"container\">\n\t\t\t\t\t<div class=\"e-con-inner\">\n\t\t\t\t<div class=\"elementor-element elementor-element-5b682dc3 elementor-widget elementor-widget-heading\" data-id=\"5b682dc3\" data-element_type=\"widget\" data-widget_type=\"heading.default\">\n\t\t\t\t<div class=\"elementor-widget-container\">\n\t\t\t\t\t<h2 class=\"elementor-heading-title elementor-size-default\">Preguntas frecuentes<\/h2>\t\t\t\t<\/div>\n\t\t\t\t<\/div>\n\t\t\t\t\t<\/div>\n\t\t\t\t<\/div>\n\t\t<div class=\"elementor-element elementor-element-53043216 e-flex e-con-boxed e-con e-child\" data-id=\"53043216\" data-element_type=\"container\">\n\t\t\t\t\t<div class=\"e-con-inner\">\n\t\t\t\t<div class=\"elementor-element elementor-element-18ba6637 elementor-widget elementor-widget-heading\" data-id=\"18ba6637\" data-element_type=\"widget\" data-widget_type=\"heading.default\">\n\t\t\t\t<div class=\"elementor-widget-container\">\n\t\t\t\t\t<h3 class=\"elementor-heading-title elementor-size-default\"> \u00bfPuedo seguir usando Excel para hacer facturas en 2025?<\/h3>\t\t\t\t<\/div>\n\t\t\t\t<\/div>\n\t\t\t\t<div class=\"elementor-element elementor-element-13430af8 elementor-widget elementor-widget-text-editor\" data-id=\"13430af8\" data-element_type=\"widget\" data-widget_type=\"text-editor.default\">\n\t\t\t\t<div class=\"elementor-widget-container\">\n\t\t\t\t\t\t\t\t\t<p>S\u00ed, pero con limitaciones. Excel no cumple con los requisitos del nuevo reglamento de facturaci\u00f3n ni con VeriFactu, por lo que su uso ser\u00e1 cada vez menos viable si no lo complementas con un software homologado.<\/p>\t\t\t\t\t\t\t\t<\/div>\n\t\t\t\t<\/div>\n\t\t\t\t\t<\/div>\n\t\t\t\t<\/div>\n\t\t<div class=\"elementor-element elementor-element-10d287db e-flex e-con-boxed e-con e-child\" data-id=\"10d287db\" data-element_type=\"container\">\n\t\t\t\t\t<div class=\"e-con-inner\">\n\t\t\t\t<div class=\"elementor-element elementor-element-146be1c3 elementor-widget elementor-widget-heading\" data-id=\"146be1c3\" data-element_type=\"widget\" data-widget_type=\"heading.default\">\n\t\t\t\t<div class=\"elementor-widget-container\">\n\t\t\t\t\t<h3 class=\"elementor-heading-title elementor-size-default\">\u00bfEs legal emitir facturas desde Excel?<\/h3>\t\t\t\t<\/div>\n\t\t\t\t<\/div>\n\t\t\t\t<div class=\"elementor-element elementor-element-74558401 elementor-widget elementor-widget-text-editor\" data-id=\"74558401\" data-element_type=\"widget\" data-widget_type=\"text-editor.default\">\n\t\t\t\t<div class=\"elementor-widget-container\">\n\t\t\t\t\t\t\t\t\t<p>Es legal siempre que la factura contenga todos los datos obligatorios y no se modifique despu\u00e9s de su emisi\u00f3n. Sin embargo, no garantiza trazabilidad, ni integridad, ni cumplimiento con las nuevas exigencias fiscales.<\/p>\t\t\t\t\t\t\t\t<\/div>\n\t\t\t\t<\/div>\n\t\t\t\t\t<\/div>\n\t\t\t\t<\/div>\n\t\t<div class=\"elementor-element elementor-element-586a5be6 e-flex e-con-boxed e-con e-child\" data-id=\"586a5be6\" data-element_type=\"container\">\n\t\t\t\t\t<div class=\"e-con-inner\">\n\t\t\t\t<div class=\"elementor-element elementor-element-18496132 elementor-widget elementor-widget-heading\" data-id=\"18496132\" data-element_type=\"widget\" data-widget_type=\"heading.default\">\n\t\t\t\t<div class=\"elementor-widget-container\">\n\t\t\t\t\t<h3 class=\"elementor-heading-title elementor-size-default\">\u00bfQu\u00e9 pasa si cometo un error de c\u00e1lculo en una factura hecha con Excel?<\/h3>\t\t\t\t<\/div>\n\t\t\t\t<\/div>\n\t\t\t\t<div class=\"elementor-element elementor-element-5c975eb2 elementor-widget elementor-widget-text-editor\" data-id=\"5c975eb2\" data-element_type=\"widget\" data-widget_type=\"text-editor.default\">\n\t\t\t\t<div class=\"elementor-widget-container\">\n\t\t\t\t\t\t\t\t\t<p>Un error puede afectar directamente a tus declaraciones fiscales y a la percepci\u00f3n del cliente. Corregirlo requiere emitir una factura rectificativa, lo que puede complicarse si no llevas un buen control.<\/p>\t\t\t\t\t\t\t\t<\/div>\n\t\t\t\t<\/div>\n\t\t\t\t\t<\/div>\n\t\t\t\t<\/div>\n\t\t<div class=\"elementor-element elementor-element-6ad29022 e-flex e-con-boxed e-con e-child\" data-id=\"6ad29022\" data-element_type=\"container\">\n\t\t\t\t\t<div class=\"e-con-inner\">\n\t\t\t\t<div class=\"elementor-element elementor-element-25457f elementor-widget elementor-widget-heading\" data-id=\"25457f\" data-element_type=\"widget\" data-widget_type=\"heading.default\">\n\t\t\t\t<div class=\"elementor-widget-container\">\n\t\t\t\t\t<h3 class=\"elementor-heading-title elementor-size-default\"> \u00bfC\u00f3mo puedo evitar errores si sigo usando Excel?<\/h3>\t\t\t\t<\/div>\n\t\t\t\t<\/div>\n\t\t\t\t<div class=\"elementor-element elementor-element-1146df12 elementor-widget elementor-widget-text-editor\" data-id=\"1146df12\" data-element_type=\"widget\" data-widget_type=\"text-editor.default\">\n\t\t\t\t<div class=\"elementor-widget-container\">\n\t\t\t\t\t\t\t\t\t<p>Revisa cuidadosamente las f\u00f3rmulas, usa plantillas bien dise\u00f1adas y lleva un registro estricto. Aun as\u00ed, seguir\u00e1s teniendo limitaciones importantes frente a un software profesional.<\/p>\t\t\t\t\t\t\t\t<\/div>\n\t\t\t\t<\/div>\n\t\t\t\t\t<\/div>\n\t\t\t\t<\/div>\n\t\t<div class=\"elementor-element elementor-element-e2386b7 e-flex e-con-boxed e-con e-child\" data-id=\"e2386b7\" data-element_type=\"container\">\n\t\t\t\t\t<div class=\"e-con-inner\">\n\t\t\t\t<div class=\"elementor-element elementor-element-65614c3 elementor-widget elementor-widget-heading\" data-id=\"65614c3\" data-element_type=\"widget\" data-widget_type=\"heading.default\">\n\t\t\t\t<div class=\"elementor-widget-container\">\n\t\t\t\t\t<h3 class=\"elementor-heading-title elementor-size-default\">\u00bfQu\u00e9 alternativa gratuita puedo usar en lugar de Excel para facturar?<\/h3>\t\t\t\t<\/div>\n\t\t\t\t<\/div>\n\t\t\t\t<div class=\"elementor-element elementor-element-fde366f elementor-widget elementor-widget-text-editor\" data-id=\"fde366f\" data-element_type=\"widget\" data-widget_type=\"text-editor.default\">\n\t\t\t\t<div class=\"elementor-widget-container\">\n\t\t\t\t\t\t\t\t\t<p>FinanEDI es una alternativa gratuita y adaptada a la normativa vigente. Permite emitir facturas, controlar pagos, llevar la contabilidad y prepararte para VeriFactu de forma sencilla y segura.<\/p>\t\t\t\t\t\t\t\t<\/div>\n\t\t\t\t<\/div>\n\t\t\t\t\t<\/div>\n\t\t\t\t<\/div>\n\t\t\t\t\t<\/div>\n\t\t\t\t<\/div>\n\t\t<div class=\"elementor-element elementor-element-6a71ede5 e-flex e-con-boxed e-con e-parent\" data-id=\"6a71ede5\" data-element_type=\"container\">\n\t\t\t\t\t<div class=\"e-con-inner\">\n\t\t<div class=\"elementor-element elementor-element-12fef189 e-con-full e-flex e-con e-child\" data-id=\"12fef189\" data-element_type=\"container\">\n\t\t\t\t<div class=\"elementor-element elementor-element-1d3e05e0 elementor-widget elementor-widget-spacer\" data-id=\"1d3e05e0\" data-element_type=\"widget\" data-widget_type=\"spacer.default\">\n\t\t\t\t<div class=\"elementor-widget-container\">\n\t\t\t\t\t\t\t<div class=\"elementor-spacer\">\n\t\t\t<div class=\"elementor-spacer-inner\"><\/div>\n\t\t<\/div>\n\t\t\t\t\t\t<\/div>\n\t\t\t\t<\/div>\n\t\t\t\t<\/div>\n\t\t<div class=\"elementor-element elementor-element-7b6edc8b e-con-full e-flex e-con e-child\" data-id=\"7b6edc8b\" data-element_type=\"container\">\n\t\t\t\t<div class=\"elementor-element elementor-element-1d7cd8ff elementor-widget elementor-widget-heading\" data-id=\"1d7cd8ff\" data-element_type=\"widget\" data-widget_type=\"heading.default\">\n\t\t\t\t<div class=\"elementor-widget-container\">\n\t\t\t\t\t<h3 class=\"elementor-heading-title elementor-size-default\">No te pierdas...<\/h3>\t\t\t\t<\/div>\n\t\t\t\t<\/div>\n\t\t\t\t<\/div>\n\t\t<div class=\"elementor-element elementor-element-5a6ed191 e-con-full e-flex e-con e-child\" data-id=\"5a6ed191\" data-element_type=\"container\">\n\t\t\t\t<div class=\"elementor-element elementor-element-6b7464d5 elementor-widget elementor-widget-katen-post-five\" data-id=\"6b7464d5\" data-element_type=\"widget\" data-widget_type=\"katen-post-five.default\">\n\t\t\t\t<div class=\"elementor-widget-container\">\n\t\t\t\t\t\t\t<div class=\"padding-30 rounded bordered\">\n\n\t\t\t<div class=\"row infinite-wrapper\">\n\n\t\t\t\n\t\t\t\t<div class=\"col-md-12 col-sm-6 post-list-item post-item\">\n\t\t\t\t\t<!-- post -->\n\t\t\t\t\t<div class=\"post post-list clearfix\">\n\n\t\t\t\t\t\t<div class=\"thumb rounded\"><div class=\"inner\"><a href=\"https:\/\/finanedi.es\/blog\/sistema-vies\/\"><img decoding=\"async\" width=\"330\" height=\"250\" src=\"https:\/\/finanedi.es\/blog\/contenido\/uploads\/2024\/11\/Sistema-VIES-Que-es-y-como-funciona-330x250.jpg\" class=\"attachment-katen-thumb-list size-katen-thumb-list wp-post-image\" alt=\"Sistema VIES Qu\u00e9 es y c\u00f3mo funciona\" \/><\/a><\/div><\/div>  \n\n\t\t\t\t\t\t<div class=\"details clearfix\">\n\t\t\t\t\t\t\t<ul class=\"meta list-inline mb-3\">\n\t\t\t\t\t\t\t\t<li class=\"list-inline-item\"><a href=\"https:\/\/finanedi.es\/blog\/category\/contabilidad\/\">Contabilidad<\/a><\/li>\t\t\t\t\t\t\t<\/ul>\n\t\t\t\t\t\t\t<h5 class=\"post-title\"><a href=\"https:\/\/finanedi.es\/blog\/sistema-vies\/\">Sistema VIES: Qu\u00e9 es y c\u00f3mo funciona<\/a><\/h5>\n\t\t\t\t\t\t\t<p class=\"excerpt mb-0\">\n\t\t\t\t\t\t\t\tEl Sistema VIES (Sistema de Intercambio de Informaci\u00f3n sobre el IVA) es una herramienta crucial&hellip;\t\t\t\t\t\t\t<\/p>\n\t\t\t\t\t\t\t<div class=\"post-bottom clearfix d-flex align-items-center\">\n\t\t\t\t\t\t\t\t\t\t\t\t\t\t\t\t\t\t\t\t\t\t\t<\/div>\n\t\t\t\t\t\t<\/div>\n\t\t\t\t\t<\/div>\n\t\t\t\t<\/div>\n\n\t\t\t\n\t\t\t\t<div class=\"col-md-12 col-sm-6 post-list-item post-item\">\n\t\t\t\t\t<!-- post -->\n\t\t\t\t\t<div class=\"post post-list clearfix\">\n\n\t\t\t\t\t\t<div class=\"thumb rounded\"><div class=\"inner\"><a href=\"https:\/\/finanedi.es\/blog\/automatizacion-contable-herramientas-y-beneficios-para-pymes\/\"><img decoding=\"async\" width=\"330\" height=\"250\" src=\"https:\/\/finanedi.es\/blog\/contenido\/uploads\/2025\/04\/Automatizacion-contable-330x250.jpg\" class=\"attachment-katen-thumb-list size-katen-thumb-list wp-post-image\" alt=\"Automatizaci\u00f3n contable\" \/><\/a><\/div><\/div>  \n\n\t\t\t\t\t\t<div class=\"details clearfix\">\n\t\t\t\t\t\t\t<ul class=\"meta list-inline mb-3\">\n\t\t\t\t\t\t\t\t<li class=\"list-inline-item\"><a href=\"https:\/\/finanedi.es\/blog\/category\/contabilidad\/\">Contabilidad<\/a><\/li>\t\t\t\t\t\t\t<\/ul>\n\t\t\t\t\t\t\t<h5 class=\"post-title\"><a href=\"https:\/\/finanedi.es\/blog\/automatizacion-contable-herramientas-y-beneficios-para-pymes\/\">Automatizaci\u00f3n contable: herramientas y beneficios para pymes<\/a><\/h5>\n\t\t\t\t\t\t\t<p class=\"excerpt mb-0\">\n\t\t\t\t\t\t\t\tLa contabilidad es una de las funciones m\u00e1s importantes dentro de cualquier empresa, ya que&hellip;\t\t\t\t\t\t\t<\/p>\n\t\t\t\t\t\t\t<div class=\"post-bottom clearfix d-flex align-items-center\">\n\t\t\t\t\t\t\t\t\t\t\t\t\t\t\t\t\t\t\t\t\t\t\t<\/div>\n\t\t\t\t\t\t<\/div>\n\t\t\t\t\t<\/div>\n\t\t\t\t<\/div>\n\n\t\t\t\n\t\t\t\t<div class=\"col-md-12 col-sm-6 post-list-item post-item\">\n\t\t\t\t\t<!-- post -->\n\t\t\t\t\t<div class=\"post post-list clearfix\">\n\n\t\t\t\t\t\t<div class=\"thumb rounded\"><div class=\"inner\"><a href=\"https:\/\/finanedi.es\/blog\/los-beneficios-de-digitalizar-tu-contabilidad-por-que-dar-el-salto\/\"><img loading=\"lazy\" decoding=\"async\" width=\"330\" height=\"250\" src=\"https:\/\/finanedi.es\/blog\/contenido\/uploads\/2024\/08\/Los-beneficios-de-digitalizar-tu-contabilidad-330x250.jpg\" class=\"attachment-katen-thumb-list size-katen-thumb-list wp-post-image\" alt=\"Imagen de una calculadora antigua\" \/><\/a><\/div><\/div>  \n\n\t\t\t\t\t\t<div class=\"details clearfix\">\n\t\t\t\t\t\t\t<ul class=\"meta list-inline mb-3\">\n\t\t\t\t\t\t\t\t<li class=\"list-inline-item\"><a href=\"https:\/\/finanedi.es\/blog\/category\/contabilidad\/\">Contabilidad<\/a><\/li>\t\t\t\t\t\t\t<\/ul>\n\t\t\t\t\t\t\t<h5 class=\"post-title\"><a href=\"https:\/\/finanedi.es\/blog\/los-beneficios-de-digitalizar-tu-contabilidad-por-que-dar-el-salto\/\">Los beneficios de digitalizar tu contabilidad: Por qu\u00e9 dar el salto<\/a><\/h5>\n\t\t\t\t\t\t\t<p class=\"excerpt mb-0\">\n\t\t\t\t\t\t\t\tEn la actualidad, las pymes y aut\u00f3nomos se enfrentan a un panorama empresarial en constante&hellip;\t\t\t\t\t\t\t<\/p>\n\t\t\t\t\t\t\t<div class=\"post-bottom clearfix d-flex align-items-center\">\n\t\t\t\t\t\t\t\t\t\t\t\t\t\t\t\t\t\t\t\t\t\t\t<\/div>\n\t\t\t\t\t\t<\/div>\n\t\t\t\t\t<\/div>\n\t\t\t\t<\/div>\n\n\t\t\t\n\t\t\t\t<div class=\"col-md-12 col-sm-6 post-list-item post-item\">\n\t\t\t\t\t<!-- post -->\n\t\t\t\t\t<div class=\"post post-list clearfix\">\n\n\t\t\t\t\t\t<div class=\"thumb rounded\"><div class=\"inner\"><a href=\"https:\/\/finanedi.es\/blog\/factura-rectificativa-que-es\/\"><img loading=\"lazy\" decoding=\"async\" width=\"330\" height=\"250\" src=\"https:\/\/finanedi.es\/blog\/contenido\/uploads\/2025\/03\/Factura-rectificativa-330x250.jpg\" class=\"attachment-katen-thumb-list size-katen-thumb-list wp-post-image\" alt=\"\u00bfQu\u00e9 es una factura rectificativa?\u200b\" \/><\/a><\/div><\/div>  \n\n\t\t\t\t\t\t<div class=\"details clearfix\">\n\t\t\t\t\t\t\t<ul class=\"meta list-inline mb-3\">\n\t\t\t\t\t\t\t\t<li class=\"list-inline-item\"><a href=\"https:\/\/finanedi.es\/blog\/category\/contabilidad\/\">Contabilidad<\/a><\/li>\t\t\t\t\t\t\t<\/ul>\n\t\t\t\t\t\t\t<h5 class=\"post-title\"><a href=\"https:\/\/finanedi.es\/blog\/factura-rectificativa-que-es\/\">Factura Rectificativa: Qu\u00e9 es, cu\u00e1ndo usarla y c\u00f3mo emitirla<\/a><\/h5>\n\t\t\t\t\t\t\t<p class=\"excerpt mb-0\">\n\t\t\t\t\t\t\t\t\u00bfQu\u00e9 es una factura rectificativa? Una factura rectificativa es un documento emitido para corregir errores&hellip;\t\t\t\t\t\t\t<\/p>\n\t\t\t\t\t\t\t<div class=\"post-bottom clearfix d-flex align-items-center\">\n\t\t\t\t\t\t\t\t\t\t\t\t\t\t\t\t\t\t\t\t\t\t\t<\/div>\n\t\t\t\t\t\t<\/div>\n\t\t\t\t\t<\/div>\n\t\t\t\t<\/div>\n\n\t\t\t\n\t\t\t<\/div>\n\n\t\t<\/div>\n\t\t\n        \t\t\t\t<\/div>\n\t\t\t\t<\/div>\n\t\t\t\t<\/div>\n\t\t\t\t\t<\/div>\n\t\t\t\t<\/div>\n\t\t\t\t<\/div>\n\t\t","protected":false},"excerpt":{"rendered":"<p>Excel es, sin duda, una de las herramientas m\u00e1s utilizadas por aut\u00f3nomos y peque\u00f1as empresas para llevar sus cuentas y emitir facturas. Su accesibilidad, versatilidad y bajo coste lo convierten en una opci\u00f3n atractiva a primera vista. Sin embargo, cuando se usa como sistema principal de facturaci\u00f3n y contabilidad, pueden aparecer problemas importantes.<\/p>\n","protected":false},"author":3,"featured_media":11454,"comment_status":"closed","ping_status":"open","sticky":false,"template":"","format":"standard","meta":{"_monsterinsights_skip_tracking":false,"_monsterinsights_sitenote_active":false,"_monsterinsights_sitenote_note":"","_monsterinsights_sitenote_category":0,"footnotes":""},"categories":[6],"tags":[],"class_list":["post-11451","post","type-post","status-publish","format-standard","has-post-thumbnail","hentry","category-contabilidad"],"yoast_head":"<!-- This site is optimized with the Yoast SEO plugin v26.2 - https:\/\/yoast.com\/wordpress\/plugins\/seo\/ -->\n<title>Errores contables al usar Excel como programa de facturaci\u00f3n<\/title>\n<meta name=\"description\" content=\"Descubre los errores m\u00e1s comunes al usar Excel para facturar y por qu\u00e9 puede poner en riesgo la contabilidad de tu negocio.\" \/>\n<meta name=\"robots\" content=\"index, follow, max-snippet:-1, max-image-preview:large, max-video-preview:-1\" \/>\n<link rel=\"canonical\" href=\"https:\/\/finanedi.es\/blog\/errores-contables-frecuentes-al-usar-excel-como-programa-de-facturacion\/\" \/>\n<meta property=\"og:locale\" content=\"es_ES\" \/>\n<meta property=\"og:type\" content=\"article\" \/>\n<meta property=\"og:title\" content=\"Errores contables al usar Excel como programa de facturaci\u00f3n\" \/>\n<meta property=\"og:description\" content=\"Descubre los errores m\u00e1s comunes al usar Excel para facturar y por qu\u00e9 puede poner en riesgo la contabilidad de tu negocio.\" \/>\n<meta property=\"og:url\" content=\"https:\/\/finanedi.es\/blog\/errores-contables-frecuentes-al-usar-excel-como-programa-de-facturacion\/\" \/>\n<meta property=\"og:site_name\" content=\"Blog para pymes y aut\u00f3nomos - FinanEDI\" \/>\n<meta property=\"article:published_time\" content=\"2025-07-23T09:05:59+00:00\" \/>\n<meta property=\"article:modified_time\" content=\"2025-07-23T09:28:34+00:00\" \/>\n<meta property=\"og:image\" content=\"https:\/\/finanedi.es\/blog\/contenido\/uploads\/2025\/07\/Errores-contables-frecuentes-al-usar-Excel-como-programa-de-facturacion.jpg\" \/>\n\t<meta property=\"og:image:width\" content=\"2000\" \/>\n\t<meta property=\"og:image:height\" content=\"1335\" \/>\n\t<meta property=\"og:image:type\" content=\"image\/jpeg\" \/>\n<meta name=\"author\" content=\"restevez\" \/>\n<meta name=\"twitter:card\" content=\"summary_large_image\" \/>\n<meta name=\"twitter:label1\" content=\"Escrito por\" \/>\n\t<meta name=\"twitter:data1\" content=\"restevez\" \/>\n\t<meta name=\"twitter:label2\" content=\"Tiempo de lectura\" \/>\n\t<meta name=\"twitter:data2\" content=\"7 minutos\" \/>\n<script type=\"application\/ld+json\" class=\"yoast-schema-graph\">{\"@context\":\"https:\/\/schema.org\",\"@graph\":[{\"@type\":\"Article\",\"@id\":\"https:\/\/finanedi.es\/blog\/errores-contables-frecuentes-al-usar-excel-como-programa-de-facturacion\/#article\",\"isPartOf\":{\"@id\":\"https:\/\/finanedi.es\/blog\/errores-contables-frecuentes-al-usar-excel-como-programa-de-facturacion\/\"},\"author\":{\"name\":\"restevez\",\"@id\":\"https:\/\/finanedi.es\/blog\/#\/schema\/person\/233ed58195d34f36f74f13ba1030ebd8\"},\"headline\":\"Errores contables frecuentes al usar Excel como programa de facturaci\u00f3n\",\"datePublished\":\"2025-07-23T09:05:59+00:00\",\"dateModified\":\"2025-07-23T09:28:34+00:00\",\"mainEntityOfPage\":{\"@id\":\"https:\/\/finanedi.es\/blog\/errores-contables-frecuentes-al-usar-excel-como-programa-de-facturacion\/\"},\"wordCount\":1216,\"publisher\":{\"@id\":\"https:\/\/finanedi.es\/blog\/#organization\"},\"image\":{\"@id\":\"https:\/\/finanedi.es\/blog\/errores-contables-frecuentes-al-usar-excel-como-programa-de-facturacion\/#primaryimage\"},\"thumbnailUrl\":\"https:\/\/finanedi.es\/blog\/contenido\/uploads\/2025\/07\/Errores-contables-frecuentes-al-usar-Excel-como-programa-de-facturacion.jpg\",\"articleSection\":[\"Contabilidad\"],\"inLanguage\":\"es\"},{\"@type\":\"WebPage\",\"@id\":\"https:\/\/finanedi.es\/blog\/errores-contables-frecuentes-al-usar-excel-como-programa-de-facturacion\/\",\"url\":\"https:\/\/finanedi.es\/blog\/errores-contables-frecuentes-al-usar-excel-como-programa-de-facturacion\/\",\"name\":\"Errores contables al usar Excel como programa de facturaci\u00f3n\",\"isPartOf\":{\"@id\":\"https:\/\/finanedi.es\/blog\/#website\"},\"primaryImageOfPage\":{\"@id\":\"https:\/\/finanedi.es\/blog\/errores-contables-frecuentes-al-usar-excel-como-programa-de-facturacion\/#primaryimage\"},\"image\":{\"@id\":\"https:\/\/finanedi.es\/blog\/errores-contables-frecuentes-al-usar-excel-como-programa-de-facturacion\/#primaryimage\"},\"thumbnailUrl\":\"https:\/\/finanedi.es\/blog\/contenido\/uploads\/2025\/07\/Errores-contables-frecuentes-al-usar-Excel-como-programa-de-facturacion.jpg\",\"datePublished\":\"2025-07-23T09:05:59+00:00\",\"dateModified\":\"2025-07-23T09:28:34+00:00\",\"description\":\"Descubre los errores m\u00e1s comunes al usar Excel para facturar y por qu\u00e9 puede poner en riesgo la contabilidad de tu negocio.\",\"breadcrumb\":{\"@id\":\"https:\/\/finanedi.es\/blog\/errores-contables-frecuentes-al-usar-excel-como-programa-de-facturacion\/#breadcrumb\"},\"inLanguage\":\"es\",\"potentialAction\":[{\"@type\":\"ReadAction\",\"target\":[\"https:\/\/finanedi.es\/blog\/errores-contables-frecuentes-al-usar-excel-como-programa-de-facturacion\/\"]}]},{\"@type\":\"ImageObject\",\"inLanguage\":\"es\",\"@id\":\"https:\/\/finanedi.es\/blog\/errores-contables-frecuentes-al-usar-excel-como-programa-de-facturacion\/#primaryimage\",\"url\":\"https:\/\/finanedi.es\/blog\/contenido\/uploads\/2025\/07\/Errores-contables-frecuentes-al-usar-Excel-como-programa-de-facturacion.jpg\",\"contentUrl\":\"https:\/\/finanedi.es\/blog\/contenido\/uploads\/2025\/07\/Errores-contables-frecuentes-al-usar-Excel-como-programa-de-facturacion.jpg\",\"width\":2000,\"height\":1335,\"caption\":\"Errores contables frecuentes al usar Excel como programa de facturaci\u00f3n\"},{\"@type\":\"BreadcrumbList\",\"@id\":\"https:\/\/finanedi.es\/blog\/errores-contables-frecuentes-al-usar-excel-como-programa-de-facturacion\/#breadcrumb\",\"itemListElement\":[{\"@type\":\"ListItem\",\"position\":1,\"name\":\"Home\",\"item\":\"https:\/\/finanedi.es\/blog\/\"},{\"@type\":\"ListItem\",\"position\":2,\"name\":\"Errores contables frecuentes al usar Excel como programa de facturaci\u00f3n\"}]},{\"@type\":\"WebSite\",\"@id\":\"https:\/\/finanedi.es\/blog\/#website\",\"url\":\"https:\/\/finanedi.es\/blog\/\",\"name\":\"Blog para pymes y aut\u00f3nomos - FinanEDI\",\"description\":\"Blog para aut\u00f3nomos y PYMES, sobre temas como facturaci\u00f3n, contabilidad, tecnolog\u00eda.\",\"publisher\":{\"@id\":\"https:\/\/finanedi.es\/blog\/#organization\"},\"potentialAction\":[{\"@type\":\"SearchAction\",\"target\":{\"@type\":\"EntryPoint\",\"urlTemplate\":\"https:\/\/finanedi.es\/blog\/?s={search_term_string}\"},\"query-input\":{\"@type\":\"PropertyValueSpecification\",\"valueRequired\":true,\"valueName\":\"search_term_string\"}}],\"inLanguage\":\"es\"},{\"@type\":\"Organization\",\"@id\":\"https:\/\/finanedi.es\/blog\/#organization\",\"name\":\"Blog para pymes y aut\u00f3nomos - FinanEDI\",\"url\":\"https:\/\/finanedi.es\/blog\/\",\"logo\":{\"@type\":\"ImageObject\",\"inLanguage\":\"es\",\"@id\":\"https:\/\/finanedi.es\/blog\/#\/schema\/logo\/image\/\",\"url\":\"https:\/\/finanedi.es\/blog\/contenido\/uploads\/2024\/02\/FinanEdiAzul1.svg\",\"contentUrl\":\"https:\/\/finanedi.es\/blog\/contenido\/uploads\/2024\/02\/FinanEdiAzul1.svg\",\"width\":142,\"height\":36,\"caption\":\"Blog para pymes y aut\u00f3nomos - FinanEDI\"},\"image\":{\"@id\":\"https:\/\/finanedi.es\/blog\/#\/schema\/logo\/image\/\"}},{\"@type\":\"Person\",\"@id\":\"https:\/\/finanedi.es\/blog\/#\/schema\/person\/233ed58195d34f36f74f13ba1030ebd8\",\"name\":\"restevez\",\"image\":{\"@type\":\"ImageObject\",\"inLanguage\":\"es\",\"@id\":\"https:\/\/finanedi.es\/blog\/#\/schema\/person\/image\/\",\"url\":\"https:\/\/secure.gravatar.com\/avatar\/6c4880db9746e4aa887a98e0ebf657788804dc4280120ef10331a2e6ebb4a9a0?s=96&d=mm&r=g\",\"contentUrl\":\"https:\/\/secure.gravatar.com\/avatar\/6c4880db9746e4aa887a98e0ebf657788804dc4280120ef10331a2e6ebb4a9a0?s=96&d=mm&r=g\",\"caption\":\"restevez\"},\"url\":\"https:\/\/finanedi.es\/blog\/author\/restevez\/\"}]}<\/script>\n<!-- \/ Yoast SEO plugin. -->","yoast_head_json":{"title":"Errores contables al usar Excel como programa de facturaci\u00f3n","description":"Descubre los errores m\u00e1s comunes al usar Excel para facturar y por qu\u00e9 puede poner en riesgo la contabilidad de tu negocio.","robots":{"index":"index","follow":"follow","max-snippet":"max-snippet:-1","max-image-preview":"max-image-preview:large","max-video-preview":"max-video-preview:-1"},"canonical":"https:\/\/finanedi.es\/blog\/errores-contables-frecuentes-al-usar-excel-como-programa-de-facturacion\/","og_locale":"es_ES","og_type":"article","og_title":"Errores contables al usar Excel como programa de facturaci\u00f3n","og_description":"Descubre los errores m\u00e1s comunes al usar Excel para facturar y por qu\u00e9 puede poner en riesgo la contabilidad de tu negocio.","og_url":"https:\/\/finanedi.es\/blog\/errores-contables-frecuentes-al-usar-excel-como-programa-de-facturacion\/","og_site_name":"Blog para pymes y aut\u00f3nomos - FinanEDI","article_published_time":"2025-07-23T09:05:59+00:00","article_modified_time":"2025-07-23T09:28:34+00:00","og_image":[{"width":2000,"height":1335,"url":"https:\/\/finanedi.es\/blog\/contenido\/uploads\/2025\/07\/Errores-contables-frecuentes-al-usar-Excel-como-programa-de-facturacion.jpg","type":"image\/jpeg"}],"author":"restevez","twitter_card":"summary_large_image","twitter_misc":{"Escrito por":"restevez","Tiempo de lectura":"7 minutos"},"schema":{"@context":"https:\/\/schema.org","@graph":[{"@type":"Article","@id":"https:\/\/finanedi.es\/blog\/errores-contables-frecuentes-al-usar-excel-como-programa-de-facturacion\/#article","isPartOf":{"@id":"https:\/\/finanedi.es\/blog\/errores-contables-frecuentes-al-usar-excel-como-programa-de-facturacion\/"},"author":{"name":"restevez","@id":"https:\/\/finanedi.es\/blog\/#\/schema\/person\/233ed58195d34f36f74f13ba1030ebd8"},"headline":"Errores contables frecuentes al usar Excel como programa de facturaci\u00f3n","datePublished":"2025-07-23T09:05:59+00:00","dateModified":"2025-07-23T09:28:34+00:00","mainEntityOfPage":{"@id":"https:\/\/finanedi.es\/blog\/errores-contables-frecuentes-al-usar-excel-como-programa-de-facturacion\/"},"wordCount":1216,"publisher":{"@id":"https:\/\/finanedi.es\/blog\/#organization"},"image":{"@id":"https:\/\/finanedi.es\/blog\/errores-contables-frecuentes-al-usar-excel-como-programa-de-facturacion\/#primaryimage"},"thumbnailUrl":"https:\/\/finanedi.es\/blog\/contenido\/uploads\/2025\/07\/Errores-contables-frecuentes-al-usar-Excel-como-programa-de-facturacion.jpg","articleSection":["Contabilidad"],"inLanguage":"es"},{"@type":"WebPage","@id":"https:\/\/finanedi.es\/blog\/errores-contables-frecuentes-al-usar-excel-como-programa-de-facturacion\/","url":"https:\/\/finanedi.es\/blog\/errores-contables-frecuentes-al-usar-excel-como-programa-de-facturacion\/","name":"Errores contables al usar Excel como programa de facturaci\u00f3n","isPartOf":{"@id":"https:\/\/finanedi.es\/blog\/#website"},"primaryImageOfPage":{"@id":"https:\/\/finanedi.es\/blog\/errores-contables-frecuentes-al-usar-excel-como-programa-de-facturacion\/#primaryimage"},"image":{"@id":"https:\/\/finanedi.es\/blog\/errores-contables-frecuentes-al-usar-excel-como-programa-de-facturacion\/#primaryimage"},"thumbnailUrl":"https:\/\/finanedi.es\/blog\/contenido\/uploads\/2025\/07\/Errores-contables-frecuentes-al-usar-Excel-como-programa-de-facturacion.jpg","datePublished":"2025-07-23T09:05:59+00:00","dateModified":"2025-07-23T09:28:34+00:00","description":"Descubre los errores m\u00e1s comunes al usar Excel para facturar y por qu\u00e9 puede poner en riesgo la contabilidad de tu negocio.","breadcrumb":{"@id":"https:\/\/finanedi.es\/blog\/errores-contables-frecuentes-al-usar-excel-como-programa-de-facturacion\/#breadcrumb"},"inLanguage":"es","potentialAction":[{"@type":"ReadAction","target":["https:\/\/finanedi.es\/blog\/errores-contables-frecuentes-al-usar-excel-como-programa-de-facturacion\/"]}]},{"@type":"ImageObject","inLanguage":"es","@id":"https:\/\/finanedi.es\/blog\/errores-contables-frecuentes-al-usar-excel-como-programa-de-facturacion\/#primaryimage","url":"https:\/\/finanedi.es\/blog\/contenido\/uploads\/2025\/07\/Errores-contables-frecuentes-al-usar-Excel-como-programa-de-facturacion.jpg","contentUrl":"https:\/\/finanedi.es\/blog\/contenido\/uploads\/2025\/07\/Errores-contables-frecuentes-al-usar-Excel-como-programa-de-facturacion.jpg","width":2000,"height":1335,"caption":"Errores contables frecuentes al usar Excel como programa de facturaci\u00f3n"},{"@type":"BreadcrumbList","@id":"https:\/\/finanedi.es\/blog\/errores-contables-frecuentes-al-usar-excel-como-programa-de-facturacion\/#breadcrumb","itemListElement":[{"@type":"ListItem","position":1,"name":"Home","item":"https:\/\/finanedi.es\/blog\/"},{"@type":"ListItem","position":2,"name":"Errores contables frecuentes al usar Excel como programa de facturaci\u00f3n"}]},{"@type":"WebSite","@id":"https:\/\/finanedi.es\/blog\/#website","url":"https:\/\/finanedi.es\/blog\/","name":"Blog para pymes y aut\u00f3nomos - FinanEDI","description":"Blog para aut\u00f3nomos y PYMES, sobre temas como facturaci\u00f3n, contabilidad, tecnolog\u00eda.","publisher":{"@id":"https:\/\/finanedi.es\/blog\/#organization"},"potentialAction":[{"@type":"SearchAction","target":{"@type":"EntryPoint","urlTemplate":"https:\/\/finanedi.es\/blog\/?s={search_term_string}"},"query-input":{"@type":"PropertyValueSpecification","valueRequired":true,"valueName":"search_term_string"}}],"inLanguage":"es"},{"@type":"Organization","@id":"https:\/\/finanedi.es\/blog\/#organization","name":"Blog para pymes y aut\u00f3nomos - FinanEDI","url":"https:\/\/finanedi.es\/blog\/","logo":{"@type":"ImageObject","inLanguage":"es","@id":"https:\/\/finanedi.es\/blog\/#\/schema\/logo\/image\/","url":"https:\/\/finanedi.es\/blog\/contenido\/uploads\/2024\/02\/FinanEdiAzul1.svg","contentUrl":"https:\/\/finanedi.es\/blog\/contenido\/uploads\/2024\/02\/FinanEdiAzul1.svg","width":142,"height":36,"caption":"Blog para pymes y aut\u00f3nomos - FinanEDI"},"image":{"@id":"https:\/\/finanedi.es\/blog\/#\/schema\/logo\/image\/"}},{"@type":"Person","@id":"https:\/\/finanedi.es\/blog\/#\/schema\/person\/233ed58195d34f36f74f13ba1030ebd8","name":"restevez","image":{"@type":"ImageObject","inLanguage":"es","@id":"https:\/\/finanedi.es\/blog\/#\/schema\/person\/image\/","url":"https:\/\/secure.gravatar.com\/avatar\/6c4880db9746e4aa887a98e0ebf657788804dc4280120ef10331a2e6ebb4a9a0?s=96&d=mm&r=g","contentUrl":"https:\/\/secure.gravatar.com\/avatar\/6c4880db9746e4aa887a98e0ebf657788804dc4280120ef10331a2e6ebb4a9a0?s=96&d=mm&r=g","caption":"restevez"},"url":"https:\/\/finanedi.es\/blog\/author\/restevez\/"}]}},"_links":{"self":[{"href":"https:\/\/finanedi.es\/blog\/wp-json\/wp\/v2\/posts\/11451","targetHints":{"allow":["GET"]}}],"collection":[{"href":"https:\/\/finanedi.es\/blog\/wp-json\/wp\/v2\/posts"}],"about":[{"href":"https:\/\/finanedi.es\/blog\/wp-json\/wp\/v2\/types\/post"}],"author":[{"embeddable":true,"href":"https:\/\/finanedi.es\/blog\/wp-json\/wp\/v2\/users\/3"}],"replies":[{"embeddable":true,"href":"https:\/\/finanedi.es\/blog\/wp-json\/wp\/v2\/comments?post=11451"}],"version-history":[{"count":5,"href":"https:\/\/finanedi.es\/blog\/wp-json\/wp\/v2\/posts\/11451\/revisions"}],"predecessor-version":[{"id":11457,"href":"https:\/\/finanedi.es\/blog\/wp-json\/wp\/v2\/posts\/11451\/revisions\/11457"}],"wp:featuredmedia":[{"embeddable":true,"href":"https:\/\/finanedi.es\/blog\/wp-json\/wp\/v2\/media\/11454"}],"wp:attachment":[{"href":"https:\/\/finanedi.es\/blog\/wp-json\/wp\/v2\/media?parent=11451"}],"wp:term":[{"taxonomy":"category","embeddable":true,"href":"https:\/\/finanedi.es\/blog\/wp-json\/wp\/v2\/categories?post=11451"},{"taxonomy":"post_tag","embeddable":true,"href":"https:\/\/finanedi.es\/blog\/wp-json\/wp\/v2\/tags?post=11451"}],"curies":[{"name":"wp","href":"https:\/\/api.w.org\/{rel}","templated":true}]}}