{"id":11534,"date":"2025-08-19T12:13:26","date_gmt":"2025-08-19T10:13:26","guid":{"rendered":"https:\/\/finanedi.es\/blog\/?p=11534"},"modified":"2025-08-19T12:22:11","modified_gmt":"2025-08-19T10:22:11","slug":"conoce-la-factura-consular-cuando-tienes-que-usarla-y-como-hacerla","status":"publish","type":"post","link":"https:\/\/finanedi.es\/blog\/conoce-la-factura-consular-cuando-tienes-que-usarla-y-como-hacerla\/","title":{"rendered":"Conoce la factura consular: \u00bfcu\u00e1ndo tienes que usarla y c\u00f3mo hacerla?"},"content":{"rendered":"\t\t<div data-elementor-type=\"wp-post\" data-elementor-id=\"11534\" class=\"elementor elementor-11534\">\n\t\t\t\t<div class=\"elementor-element elementor-element-c249ab5 e-flex e-con-boxed e-con e-parent\" data-id=\"c249ab5\" data-element_type=\"container\">\n\t\t\t\t\t<div class=\"e-con-inner\">\n\t\t\t\t<div class=\"elementor-element elementor-element-b29d7e5 elementor-widget elementor-widget-text-editor\" data-id=\"b29d7e5\" data-element_type=\"widget\" data-widget_type=\"text-editor.default\">\n\t\t\t\t<div class=\"elementor-widget-container\">\n\t\t\t\t\t\t\t\t\t<p>En el comercio internacional existen distintos documentos que garantizan el buen curso de las operaciones. Uno de ellos, menos conocido pero a\u00fan vigente en algunos pa\u00edses, es la <strong data-start=\"531\" data-end=\"551\">factura consular<\/strong>. Si tu negocio exporta productos, es posible que en alg\u00fan momento te soliciten este requisito.<\/p>\t\t\t\t\t\t\t\t<\/div>\n\t\t\t\t<\/div>\n\t\t\t\t\t<\/div>\n\t\t\t\t<\/div>\n\t\t<div class=\"elementor-element elementor-element-9ad4f60 e-flex e-con-boxed e-con e-parent\" data-id=\"9ad4f60\" data-element_type=\"container\">\n\t\t\t\t\t<div class=\"e-con-inner\">\n\t\t\t\t<div class=\"elementor-element elementor-element-dc9bd4a elementor-widget elementor-widget-heading\" data-id=\"dc9bd4a\" data-element_type=\"widget\" data-widget_type=\"heading.default\">\n\t\t\t\t<div class=\"elementor-widget-container\">\n\t\t\t\t\t<h2 class=\"elementor-heading-title elementor-size-default\">\u00bfQu\u00e9 es una factura consular?<\/h2>\t\t\t\t<\/div>\n\t\t\t\t<\/div>\n\t\t\t\t\t<\/div>\n\t\t\t\t<\/div>\n\t\t<div class=\"elementor-element elementor-element-c6b0241 e-flex e-con-boxed e-con e-parent\" data-id=\"c6b0241\" data-element_type=\"container\">\n\t\t\t\t\t<div class=\"e-con-inner\">\n\t\t\t\t<div class=\"elementor-element elementor-element-251a08a elementor-widget elementor-widget-text-editor\" data-id=\"251a08a\" data-element_type=\"widget\" data-widget_type=\"text-editor.default\">\n\t\t\t\t<div class=\"elementor-widget-container\">\n\t\t\t\t\t\t\t\t\t<p data-start=\"797\" data-end=\"1067\">La <strong data-start=\"800\" data-end=\"820\">factura consular<\/strong> es un documento emitido por el exportador y validado en el consulado del pa\u00eds importador, ubicado en el pa\u00eds de origen de la mercanc\u00eda. Su objetivo es certificar el valor, procedencia y caracter\u00edsticas de los bienes que se env\u00edan al extranjero.<\/p><p data-start=\"1069\" data-end=\"1340\">A diferencia de la factura comercial, que emite libremente el exportador, la factura consular requiere un visado o legalizaci\u00f3n por parte del consulado antes del env\u00edo. Este procedimiento a\u00f1ade formalidad, pero tambi\u00e9n costes y tiempo al proceso de exportaci\u00f3n.<\/p>\t\t\t\t\t\t\t\t<\/div>\n\t\t\t\t<\/div>\n\t\t\t\t\t<\/div>\n\t\t\t\t<\/div>\n\t\t<div class=\"elementor-element elementor-element-b4e112e e-flex e-con-boxed e-con e-parent\" data-id=\"b4e112e\" data-element_type=\"container\">\n\t\t\t\t\t<div class=\"e-con-inner\">\n\t\t\t\t<div class=\"elementor-element elementor-element-150bf4a elementor-widget elementor-widget-spacer\" data-id=\"150bf4a\" data-element_type=\"widget\" data-widget_type=\"spacer.default\">\n\t\t\t\t<div class=\"elementor-widget-container\">\n\t\t\t\t\t\t\t<div class=\"elementor-spacer\">\n\t\t\t<div class=\"elementor-spacer-inner\"><\/div>\n\t\t<\/div>\n\t\t\t\t\t\t<\/div>\n\t\t\t\t<\/div>\n\t\t\t\t\t<\/div>\n\t\t\t\t<\/div>\n\t\t<div class=\"elementor-element elementor-element-2787357 e-flex e-con-boxed e-con e-parent\" data-id=\"2787357\" data-element_type=\"container\">\n\t\t\t\t\t<div class=\"e-con-inner\">\n\t\t\t\t<div class=\"elementor-element elementor-element-3235440 elementor-widget elementor-widget-heading\" data-id=\"3235440\" data-element_type=\"widget\" data-widget_type=\"heading.default\">\n\t\t\t\t<div class=\"elementor-widget-container\">\n\t\t\t\t\t<h2 class=\"elementor-heading-title elementor-size-default\">\u00bfPara qu\u00e9 sirve la factura consular?<\/h2>\t\t\t\t<\/div>\n\t\t\t\t<\/div>\n\t\t\t\t\t<\/div>\n\t\t\t\t<\/div>\n\t\t<div class=\"elementor-element elementor-element-8e6f7c6 e-flex e-con-boxed e-con e-parent\" data-id=\"8e6f7c6\" data-element_type=\"container\">\n\t\t\t\t\t<div class=\"e-con-inner\">\n\t\t\t\t<div class=\"elementor-element elementor-element-6db4a9d elementor-widget elementor-widget-text-editor\" data-id=\"6db4a9d\" data-element_type=\"widget\" data-widget_type=\"text-editor.default\">\n\t\t\t\t<div class=\"elementor-widget-container\">\n\t\t\t\t\t\t\t\t\t<p data-start=\"1388\" data-end=\"1440\">La factura consular cumple varias funciones clave:<\/p><ul data-start=\"1442\" data-end=\"1921\"><li data-start=\"1442\" data-end=\"1559\"><p data-start=\"1444\" data-end=\"1559\"><strong data-start=\"1444\" data-end=\"1493\">Controlar el valor declarado de la mercanc\u00eda.<\/strong> Ayuda a evitar fraudes en la subfacturaci\u00f3n o sobrefacturaci\u00f3n.<\/p><\/li><li data-start=\"1560\" data-end=\"1677\"><p data-start=\"1562\" data-end=\"1677\"><strong data-start=\"1562\" data-end=\"1603\">Verificar el origen de los productos.<\/strong> Esto influye en la aplicaci\u00f3n de aranceles o restricciones comerciales.<\/p><\/li><li data-start=\"1678\" data-end=\"1821\"><p data-start=\"1680\" data-end=\"1821\"><strong data-start=\"1680\" data-end=\"1720\">Facilitar el trabajo de las aduanas.<\/strong> Las autoridades del pa\u00eds importador disponen de informaci\u00f3n precisa y validada sobre la operaci\u00f3n.<\/p><\/li><li data-start=\"1822\" data-end=\"1921\"><p data-start=\"1824\" data-end=\"1921\"><strong data-start=\"1824\" data-end=\"1857\">Prevenir pr\u00e1cticas desleales.<\/strong> Sirve como medida contra la competencia desleal y el dumping.<\/p><\/li><\/ul><p data-start=\"1923\" data-end=\"2034\">En resumen, su funci\u00f3n principal es aportar seguridad y transparencia en las operaciones internacionales.<\/p>\t\t\t\t\t\t\t\t<\/div>\n\t\t\t\t<\/div>\n\t\t\t\t\t<\/div>\n\t\t\t\t<\/div>\n\t\t<div class=\"elementor-element elementor-element-1944254 e-flex e-con-boxed e-con e-parent\" data-id=\"1944254\" data-element_type=\"container\">\n\t\t\t\t\t<div class=\"e-con-inner\">\n\t\t\t\t<div class=\"elementor-element elementor-element-4f78d4a elementor-widget elementor-widget-spacer\" data-id=\"4f78d4a\" data-element_type=\"widget\" data-widget_type=\"spacer.default\">\n\t\t\t\t<div class=\"elementor-widget-container\">\n\t\t\t\t\t\t\t<div class=\"elementor-spacer\">\n\t\t\t<div class=\"elementor-spacer-inner\"><\/div>\n\t\t<\/div>\n\t\t\t\t\t\t<\/div>\n\t\t\t\t<\/div>\n\t\t\t\t\t<\/div>\n\t\t\t\t<\/div>\n\t\t<div class=\"elementor-element elementor-element-dd32bb0 e-flex e-con-boxed e-con e-parent\" data-id=\"dd32bb0\" data-element_type=\"container\">\n\t\t\t\t\t<div class=\"e-con-inner\">\n\t\t\t\t<div class=\"elementor-element elementor-element-fcb7f5d elementor-widget elementor-widget-heading\" data-id=\"fcb7f5d\" data-element_type=\"widget\" data-widget_type=\"heading.default\">\n\t\t\t\t<div class=\"elementor-widget-container\">\n\t\t\t\t\t<h2 class=\"elementor-heading-title elementor-size-default\">\u00bfQu\u00e9 pa\u00edses solicitan factura consular?<\/h2>\t\t\t\t<\/div>\n\t\t\t\t<\/div>\n\t\t\t\t\t<\/div>\n\t\t\t\t<\/div>\n\t\t<div class=\"elementor-element elementor-element-bf3f6d2 e-flex e-con-boxed e-con e-parent\" data-id=\"bf3f6d2\" data-element_type=\"container\">\n\t\t\t\t\t<div class=\"e-con-inner\">\n\t\t\t\t<div class=\"elementor-element elementor-element-c2d19be elementor-widget elementor-widget-text-editor\" data-id=\"c2d19be\" data-element_type=\"widget\" data-widget_type=\"text-editor.default\">\n\t\t\t\t<div class=\"elementor-widget-container\">\n\t\t\t\t\t\t\t\t\t<p>Actualmente, no todos los pa\u00edses la exigen. De hecho, muchos han eliminado este requisito para simplificar tr\u00e1mites y reducir costes. Sin embargo, sigue siendo necesaria en algunos mercados de \u00c1frica, Am\u00e9rica Latina y Asia.<\/p>\t\t\t\t\t\t\t\t<\/div>\n\t\t\t\t<\/div>\n\t\t\t\t\t<\/div>\n\t\t\t\t<\/div>\n\t\t<div class=\"elementor-element elementor-element-4ef7de0 e-flex e-con-boxed e-con e-parent\" data-id=\"4ef7de0\" data-element_type=\"container\">\n\t\t\t\t\t<div class=\"e-con-inner\">\n\t\t\t\t<div class=\"elementor-element elementor-element-f8b1375 elementor-widget elementor-widget-text-editor\" data-id=\"f8b1375\" data-element_type=\"widget\" data-widget_type=\"text-editor.default\">\n\t\t\t\t<div class=\"elementor-widget-container\">\n\t\t\t\t\t\t\t\t\t<p data-start=\"2312\" data-end=\"2397\">Entre los pa\u00edses que tradicionalmente han requerido factura consular se encuentran:<\/p><ul data-start=\"2399\" data-end=\"2525\"><li data-start=\"2399\" data-end=\"2413\"><p data-start=\"2401\" data-end=\"2413\"><strong data-start=\"2401\" data-end=\"2411\">Egipto<\/strong><\/p><\/li><li data-start=\"2414\" data-end=\"2428\"><p data-start=\"2416\" data-end=\"2428\"><strong data-start=\"2416\" data-end=\"2426\">Angola<\/strong><\/p><\/li><li data-start=\"2429\" data-end=\"2444\"><p data-start=\"2431\" data-end=\"2444\"><strong data-start=\"2431\" data-end=\"2442\">Nigeria<\/strong><\/p><\/li><li data-start=\"2445\" data-end=\"2459\"><p data-start=\"2447\" data-end=\"2459\"><strong data-start=\"2447\" data-end=\"2457\">Brasil<\/strong><\/p><\/li><li data-start=\"2460\" data-end=\"2508\"><p data-start=\"2462\" data-end=\"2508\"><strong data-start=\"2462\" data-end=\"2475\">Argentina<\/strong> (en ciertos casos espec\u00edficos)<\/p><\/li><li data-start=\"2509\" data-end=\"2525\"><p data-start=\"2511\" data-end=\"2525\"><strong data-start=\"2511\" data-end=\"2523\">Paraguay<\/strong><\/p><\/li><\/ul>\t\t\t\t\t\t\t\t<\/div>\n\t\t\t\t<\/div>\n\t\t\t\t\t<\/div>\n\t\t\t\t<\/div>\n\t\t<div class=\"elementor-element elementor-element-eec6cc1 e-flex e-con-boxed e-con e-parent\" data-id=\"eec6cc1\" data-element_type=\"container\">\n\t\t\t\t\t<div class=\"e-con-inner\">\n\t\t\t\t<div class=\"elementor-element elementor-element-5860058 elementor-widget elementor-widget-text-editor\" data-id=\"5860058\" data-element_type=\"widget\" data-widget_type=\"text-editor.default\">\n\t\t\t\t<div class=\"elementor-widget-container\">\n\t\t\t\t\t\t\t\t\t<p>Es importante que antes de realizar una exportaci\u00f3n verifiques con tu asesor en comercio exterior, la C\u00e1mara de Comercio o el propio consulado del pa\u00eds importador si es obligatorio.<\/p>\t\t\t\t\t\t\t\t<\/div>\n\t\t\t\t<\/div>\n\t\t\t\t\t<\/div>\n\t\t\t\t<\/div>\n\t\t<div class=\"elementor-element elementor-element-79e5728 e-flex e-con-boxed e-con e-parent\" data-id=\"79e5728\" data-element_type=\"container\">\n\t\t\t\t\t<div class=\"e-con-inner\">\n\t\t\t\t<div class=\"elementor-element elementor-element-734179c elementor-widget elementor-widget-spacer\" data-id=\"734179c\" data-element_type=\"widget\" data-widget_type=\"spacer.default\">\n\t\t\t\t<div class=\"elementor-widget-container\">\n\t\t\t\t\t\t\t<div class=\"elementor-spacer\">\n\t\t\t<div class=\"elementor-spacer-inner\"><\/div>\n\t\t<\/div>\n\t\t\t\t\t\t<\/div>\n\t\t\t\t<\/div>\n\t\t\t\t\t<\/div>\n\t\t\t\t<\/div>\n\t\t<div class=\"elementor-element elementor-element-79e1016 e-flex e-con-boxed e-con e-parent\" data-id=\"79e1016\" data-element_type=\"container\">\n\t\t\t\t\t<div class=\"e-con-inner\">\n\t\t\t\t<div class=\"elementor-element elementor-element-aae2106 elementor-widget elementor-widget-heading\" data-id=\"aae2106\" data-element_type=\"widget\" data-widget_type=\"heading.default\">\n\t\t\t\t<div class=\"elementor-widget-container\">\n\t\t\t\t\t<h2 class=\"elementor-heading-title elementor-size-default\">\u00bfQu\u00e9 informaci\u00f3n debe incluir la factura consular?<\/h2>\t\t\t\t<\/div>\n\t\t\t\t<\/div>\n\t\t\t\t\t<\/div>\n\t\t\t\t<\/div>\n\t\t<div class=\"elementor-element elementor-element-396df8a e-flex e-con-boxed e-con e-parent\" data-id=\"396df8a\" data-element_type=\"container\">\n\t\t\t\t\t<div class=\"e-con-inner\">\n\t\t\t\t<div class=\"elementor-element elementor-element-f61c221 elementor-widget elementor-widget-text-editor\" data-id=\"f61c221\" data-element_type=\"widget\" data-widget_type=\"text-editor.default\">\n\t\t\t\t<div class=\"elementor-widget-container\">\n\t\t\t\t\t\t\t\t\t<p data-start=\"2784\" data-end=\"2870\">Aunque el formato puede variar seg\u00fan cada pa\u00eds, una factura consular suele contener:<\/p><ol data-start=\"2872\" data-end=\"3348\"><li data-start=\"2872\" data-end=\"2960\"><p data-start=\"2875\" data-end=\"2960\">Datos del exportador y del importador: nombre, direcci\u00f3n y NIF o n\u00famero fiscal.<\/p><\/li><li data-start=\"2961\" data-end=\"3073\"><p data-start=\"2964\" data-end=\"3073\">Descripci\u00f3n detallada de la mercanc\u00eda: naturaleza, cantidad, peso bruto y neto, valor unitario y total.<\/p><\/li><li data-start=\"3074\" data-end=\"3115\"><p data-start=\"3077\" data-end=\"3115\">Pa\u00eds de origen de los productos.<\/p><\/li><li data-start=\"3116\" data-end=\"3160\"><p data-start=\"3119\" data-end=\"3160\">Condiciones de entrega (Incoterms).<\/p><\/li><li data-start=\"3161\" data-end=\"3195\"><p data-start=\"3164\" data-end=\"3195\">Moneda de la transacci\u00f3n.<\/p><\/li><li data-start=\"3196\" data-end=\"3242\"><p data-start=\"3199\" data-end=\"3242\">N\u00famero de factura comercial asociada.<\/p><\/li><li data-start=\"3243\" data-end=\"3281\"><p data-start=\"3246\" data-end=\"3281\">Firma y sello del exportador.<\/p><\/li><li data-start=\"3282\" data-end=\"3348\"><p data-start=\"3285\" data-end=\"3348\">Legalizaci\u00f3n por parte del consulado del pa\u00eds importador.<\/p><\/li><\/ol><p data-start=\"3350\" data-end=\"3497\">Algunos consulados solicitan adem\u00e1s que la factura se redacte en el idioma oficial del pa\u00eds receptor, o que se acompa\u00f1e de traducci\u00f3n jurada.<\/p>\t\t\t\t\t\t\t\t<\/div>\n\t\t\t\t<\/div>\n\t\t\t\t\t<\/div>\n\t\t\t\t<\/div>\n\t\t<div class=\"elementor-element elementor-element-c2570ec e-flex e-con-boxed e-con e-parent\" data-id=\"c2570ec\" data-element_type=\"container\">\n\t\t\t\t\t<div class=\"e-con-inner\">\n\t\t\t\t<div class=\"elementor-element elementor-element-b7a9fce elementor-widget elementor-widget-spacer\" data-id=\"b7a9fce\" data-element_type=\"widget\" data-widget_type=\"spacer.default\">\n\t\t\t\t<div class=\"elementor-widget-container\">\n\t\t\t\t\t\t\t<div class=\"elementor-spacer\">\n\t\t\t<div class=\"elementor-spacer-inner\"><\/div>\n\t\t<\/div>\n\t\t\t\t\t\t<\/div>\n\t\t\t\t<\/div>\n\t\t\t\t\t<\/div>\n\t\t\t\t<\/div>\n\t\t<div class=\"elementor-element elementor-element-25d44b9 e-flex e-con-boxed e-con e-parent\" data-id=\"25d44b9\" data-element_type=\"container\">\n\t\t\t\t\t<div class=\"e-con-inner\">\n\t\t\t\t<div class=\"elementor-element elementor-element-24314fb elementor-widget elementor-widget-heading\" data-id=\"24314fb\" data-element_type=\"widget\" data-widget_type=\"heading.default\">\n\t\t\t\t<div class=\"elementor-widget-container\">\n\t\t\t\t\t<h2 class=\"elementor-heading-title elementor-size-default\">Ventajas y desventajas de la factura consular<\/h2>\t\t\t\t<\/div>\n\t\t\t\t<\/div>\n\t\t\t\t\t<\/div>\n\t\t\t\t<\/div>\n\t\t<div class=\"elementor-element elementor-element-30f3d74 e-flex e-con-boxed e-con e-parent\" data-id=\"30f3d74\" data-element_type=\"container\">\n\t\t\t\t\t<div class=\"e-con-inner\">\n\t\t\t\t<div class=\"elementor-element elementor-element-97bd250 elementor-widget elementor-widget-text-editor\" data-id=\"97bd250\" data-element_type=\"widget\" data-widget_type=\"text-editor.default\">\n\t\t\t\t<div class=\"elementor-widget-container\">\n\t\t\t\t\t\t\t\t\t<p>Como todo tr\u00e1mite, la factura consular presenta aspectos positivos y negativos:<\/p>\t\t\t\t\t\t\t\t<\/div>\n\t\t\t\t<\/div>\n\t\t\t\t\t<\/div>\n\t\t\t\t<\/div>\n\t\t<div class=\"elementor-element elementor-element-1c4bdb5 e-flex e-con-boxed e-con e-parent\" data-id=\"1c4bdb5\" data-element_type=\"container\">\n\t\t\t\t\t<div class=\"e-con-inner\">\n\t\t\t\t<div class=\"elementor-element elementor-element-207c7b7 elementor-widget elementor-widget-heading\" data-id=\"207c7b7\" data-element_type=\"widget\" data-widget_type=\"heading.default\">\n\t\t\t\t<div class=\"elementor-widget-container\">\n\t\t\t\t\t<h3 class=\"elementor-heading-title elementor-size-default\">Ventajas<\/h3>\t\t\t\t<\/div>\n\t\t\t\t<\/div>\n\t\t\t\t\t<\/div>\n\t\t\t\t<\/div>\n\t\t<div class=\"elementor-element elementor-element-259c76a e-flex e-con-boxed e-con e-parent\" data-id=\"259c76a\" data-element_type=\"container\">\n\t\t\t\t\t<div class=\"e-con-inner\">\n\t\t\t\t<div class=\"elementor-element elementor-element-89025ba elementor-widget elementor-widget-text-editor\" data-id=\"89025ba\" data-element_type=\"widget\" data-widget_type=\"text-editor.default\">\n\t\t\t\t<div class=\"elementor-widget-container\">\n\t\t\t\t\t\t\t\t\t<ul><li data-start=\"5102\" data-end=\"5167\"><p data-start=\"5104\" data-end=\"5167\">Aporta mayor seguridad jur\u00eddica en el comercio internacional.<\/p><\/li><li data-start=\"5168\" data-end=\"5238\"><p data-start=\"5170\" data-end=\"5238\">Facilita el despacho de aduanas en pa\u00edses con controles estrictos.<\/p><\/li><li data-start=\"5239\" data-end=\"5298\"><p data-start=\"5241\" data-end=\"5298\">Evita conflictos en el valor declarado de la mercanc\u00eda.<\/p><\/li><\/ul>\t\t\t\t\t\t\t\t<\/div>\n\t\t\t\t<\/div>\n\t\t\t\t\t<\/div>\n\t\t\t\t<\/div>\n\t\t<div class=\"elementor-element elementor-element-c2c0c0f e-flex e-con-boxed e-con e-parent\" data-id=\"c2c0c0f\" data-element_type=\"container\">\n\t\t\t\t\t<div class=\"e-con-inner\">\n\t\t\t\t<div class=\"elementor-element elementor-element-1d2a354 elementor-widget elementor-widget-heading\" data-id=\"1d2a354\" data-element_type=\"widget\" data-widget_type=\"heading.default\">\n\t\t\t\t<div class=\"elementor-widget-container\">\n\t\t\t\t\t<h3 class=\"elementor-heading-title elementor-size-default\">Desventajas<\/h3>\t\t\t\t<\/div>\n\t\t\t\t<\/div>\n\t\t\t\t\t<\/div>\n\t\t\t\t<\/div>\n\t\t<div class=\"elementor-element elementor-element-59084d8 e-flex e-con-boxed e-con e-parent\" data-id=\"59084d8\" data-element_type=\"container\">\n\t\t\t\t\t<div class=\"e-con-inner\">\n\t\t\t\t<div class=\"elementor-element elementor-element-587b802 elementor-widget elementor-widget-text-editor\" data-id=\"587b802\" data-element_type=\"widget\" data-widget_type=\"text-editor.default\">\n\t\t\t\t<div class=\"elementor-widget-container\">\n\t\t\t\t\t\t\t\t\t<ul data-start=\"5319\" data-end=\"5508\"><li data-start=\"5319\" data-end=\"5368\"><p data-start=\"5321\" data-end=\"5368\">Supone un coste adicional para el exportador.<\/p><\/li><li data-start=\"5369\" data-end=\"5427\"><p data-start=\"5371\" data-end=\"5427\">Puede retrasar la operaci\u00f3n si no se tramita a tiempo.<\/p><\/li><li data-start=\"5428\" data-end=\"5508\"><p data-start=\"5430\" data-end=\"5508\">No siempre est\u00e1 claro en qu\u00e9 pa\u00edses es obligatoria, lo que genera confusi\u00f3n.<\/p><\/li><\/ul>\t\t\t\t\t\t\t\t<\/div>\n\t\t\t\t<\/div>\n\t\t\t\t\t<\/div>\n\t\t\t\t<\/div>\n\t\t<div class=\"elementor-element elementor-element-ceb93e4 e-flex e-con-boxed e-con e-parent\" data-id=\"ceb93e4\" data-element_type=\"container\">\n\t\t\t\t\t<div class=\"e-con-inner\">\n\t\t\t\t<div class=\"elementor-element elementor-element-971cf5e elementor-widget elementor-widget-spacer\" data-id=\"971cf5e\" data-element_type=\"widget\" data-widget_type=\"spacer.default\">\n\t\t\t\t<div class=\"elementor-widget-container\">\n\t\t\t\t\t\t\t<div class=\"elementor-spacer\">\n\t\t\t<div class=\"elementor-spacer-inner\"><\/div>\n\t\t<\/div>\n\t\t\t\t\t\t<\/div>\n\t\t\t\t<\/div>\n\t\t\t\t\t<\/div>\n\t\t\t\t<\/div>\n\t\t<div class=\"elementor-element elementor-element-beb66f5 e-flex e-con-boxed e-con e-parent\" data-id=\"beb66f5\" data-element_type=\"container\">\n\t\t\t\t\t<div class=\"e-con-inner\">\n\t\t\t\t<div class=\"elementor-element elementor-element-177c691 elementor-widget elementor-widget-heading\" data-id=\"177c691\" data-element_type=\"widget\" data-widget_type=\"heading.default\">\n\t\t\t\t<div class=\"elementor-widget-container\">\n\t\t\t\t\t<h2 class=\"elementor-heading-title elementor-size-default\">Recomendaciones para las pymes exportadoras<\/h2>\t\t\t\t<\/div>\n\t\t\t\t<\/div>\n\t\t\t\t\t<\/div>\n\t\t\t\t<\/div>\n\t\t<div class=\"elementor-element elementor-element-c73a94f e-flex e-con-boxed e-con e-parent\" data-id=\"c73a94f\" data-element_type=\"container\">\n\t\t\t\t\t<div class=\"e-con-inner\">\n\t\t\t\t<div class=\"elementor-element elementor-element-f87fd1d elementor-widget elementor-widget-text-editor\" data-id=\"f87fd1d\" data-element_type=\"widget\" data-widget_type=\"text-editor.default\">\n\t\t\t\t<div class=\"elementor-widget-container\">\n\t\t\t\t\t\t\t\t\t<p data-start=\"5563\" data-end=\"5645\">Si eres aut\u00f3nomo o pyme y planeas exportar, ten en cuenta estas recomendaciones:<\/p><ul data-start=\"5647\" data-end=\"6177\"><li data-start=\"5647\" data-end=\"5738\"><p data-start=\"5649\" data-end=\"5738\"><strong data-start=\"5649\" data-end=\"5686\">Consulta siempre antes de enviar.<\/strong> Revisa si el pa\u00eds destino exige factura consular.<\/p><\/li><li data-start=\"5739\" data-end=\"5867\"><p data-start=\"5741\" data-end=\"5867\"><strong data-start=\"5741\" data-end=\"5778\">Ap\u00f3yate en tu C\u00e1mara de Comercio.<\/strong> Muchas ofrecen servicios de informaci\u00f3n y asesor\u00eda sobre documentaci\u00f3n de exportaci\u00f3n.<\/p><\/li><li data-start=\"5868\" data-end=\"5977\"><p data-start=\"5870\" data-end=\"5977\"><strong data-start=\"5870\" data-end=\"5911\">Organiza la documentaci\u00f3n con tiempo.<\/strong> Un error o retraso puede generar costes log\u00edsticos importantes.<\/p><\/li><li data-start=\"5978\" data-end=\"6177\"><p data-start=\"5980\" data-end=\"6177\"><strong data-start=\"5980\" data-end=\"6054\">Usa software de facturaci\u00f3n que te ayude a centralizar la informaci\u00f3n.<\/strong> Programas de gesti\u00f3n de facturas, lo que reduce riesgos al preparar documentaci\u00f3n internacional.<\/p><\/li><\/ul>\t\t\t\t\t\t\t\t<\/div>\n\t\t\t\t<\/div>\n\t\t\t\t\t<\/div>\n\t\t\t\t<\/div>\n\t\t<div class=\"elementor-element elementor-element-76e0bdc e-flex e-con-boxed e-con e-parent\" data-id=\"76e0bdc\" data-element_type=\"container\">\n\t\t\t\t\t<div class=\"e-con-inner\">\n\t\t\t\t<div class=\"elementor-element elementor-element-f39bcb1 elementor-widget elementor-widget-spacer\" data-id=\"f39bcb1\" data-element_type=\"widget\" data-widget_type=\"spacer.default\">\n\t\t\t\t<div class=\"elementor-widget-container\">\n\t\t\t\t\t\t\t<div class=\"elementor-spacer\">\n\t\t\t<div class=\"elementor-spacer-inner\"><\/div>\n\t\t<\/div>\n\t\t\t\t\t\t<\/div>\n\t\t\t\t<\/div>\n\t\t\t\t\t<\/div>\n\t\t\t\t<\/div>\n\t\t<div class=\"elementor-element elementor-element-409e3c48 e-flex e-con-boxed e-con e-parent\" data-id=\"409e3c48\" data-element_type=\"container\" data-settings=\"{&quot;background_background&quot;:&quot;classic&quot;}\">\n\t\t\t\t\t<div class=\"e-con-inner\">\n\t\t<div class=\"elementor-element elementor-element-6f1494aa e-con-full e-flex e-con e-child\" data-id=\"6f1494aa\" data-element_type=\"container\">\n\t\t<div class=\"elementor-element elementor-element-1c26dd22 e-flex e-con-boxed e-con e-child\" data-id=\"1c26dd22\" data-element_type=\"container\">\n\t\t\t\t\t<div class=\"e-con-inner\">\n\t\t\t\t<div class=\"elementor-element elementor-element-7750cfc0 elementor-widget elementor-widget-heading\" data-id=\"7750cfc0\" data-element_type=\"widget\" data-widget_type=\"heading.default\">\n\t\t\t\t<div class=\"elementor-widget-container\">\n\t\t\t\t\t<h3 class=\"elementor-heading-title elementor-size-default\">Herramientas para impulsar<br>tu negocio<\/h3>\t\t\t\t<\/div>\n\t\t\t\t<\/div>\n\t\t\t\t<div class=\"elementor-element elementor-element-612282c4 elementor-widget elementor-widget-text-editor\" data-id=\"612282c4\" data-element_type=\"widget\" data-widget_type=\"text-editor.default\">\n\t\t\t\t<div class=\"elementor-widget-container\">\n\t\t\t\t\t\t\t\t\t<p>FinanEDI es la soluci\u00f3n en la nube gratuita que permite automatizar y optimizar los procesos financieros, contables y administrativos de tu negocio.<\/p>\t\t\t\t\t\t\t\t<\/div>\n\t\t\t\t<\/div>\n\t\t\t\t<div class=\"elementor-element elementor-element-461cf4f elementor-widget elementor-widget-button\" data-id=\"461cf4f\" data-element_type=\"widget\" data-widget_type=\"button.default\">\n\t\t\t\t<div class=\"elementor-widget-container\">\n\t\t\t\t\t\t\t\t\t<div class=\"elementor-button-wrapper\">\n\t\t\t\t\t<a class=\"elementor-button elementor-button-link elementor-size-md\" href=\"https:\/\/finanedi.es\/\" target=\"_blank\">\n\t\t\t\t\t\t<span class=\"elementor-button-content-wrapper\">\n\t\t\t\t\t\t\t\t\t<span class=\"elementor-button-text\">Crear cuenta gratis<\/span>\n\t\t\t\t\t<\/span>\n\t\t\t\t\t<\/a>\n\t\t\t\t<\/div>\n\t\t\t\t\t\t\t\t<\/div>\n\t\t\t\t<\/div>\n\t\t\t\t\t<\/div>\n\t\t\t\t<\/div>\n\t\t\t\t<\/div>\n\t\t<div class=\"elementor-element elementor-element-1379aea e-con-full e-flex e-con e-child\" data-id=\"1379aea\" data-element_type=\"container\">\n\t\t\t\t<div class=\"elementor-element elementor-element-20e377a0 elementor-widget elementor-widget-image\" data-id=\"20e377a0\" data-element_type=\"widget\" data-widget_type=\"image.default\">\n\t\t\t\t<div class=\"elementor-widget-container\">\n\t\t\t\t\t\t\t\t\t\t\t\t\t\t\t<img fetchpriority=\"high\" decoding=\"async\" width=\"300\" height=\"233\" src=\"https:\/\/finanedi.es\/blog\/contenido\/uploads\/2024\/09\/Dashborad_00115-300x233.png\" class=\"attachment-medium size-medium wp-image-5370\" alt=\"Herramientas para impulsar tu negocio - FinanEDI\" srcset=\"https:\/\/finanedi.es\/blog\/contenido\/uploads\/2024\/09\/Dashborad_00115-300x233.png 300w, https:\/\/finanedi.es\/blog\/contenido\/uploads\/2024\/09\/Dashborad_00115-768x597.png 768w, https:\/\/finanedi.es\/blog\/contenido\/uploads\/2024\/09\/Dashborad_00115.png 900w\" sizes=\"(max-width: 300px) 100vw, 300px\" \/>\t\t\t\t\t\t\t\t\t\t\t\t\t\t\t<\/div>\n\t\t\t\t<\/div>\n\t\t\t\t<\/div>\n\t\t\t\t\t<\/div>\n\t\t\t\t<\/div>\n\t\t<div class=\"elementor-element elementor-element-4898be0 e-flex e-con-boxed e-con e-parent\" data-id=\"4898be0\" data-element_type=\"container\">\n\t\t\t\t\t<div class=\"e-con-inner\">\n\t\t\t\t<div class=\"elementor-element elementor-element-19e35ba elementor-widget elementor-widget-spacer\" data-id=\"19e35ba\" data-element_type=\"widget\" data-widget_type=\"spacer.default\">\n\t\t\t\t<div class=\"elementor-widget-container\">\n\t\t\t\t\t\t\t<div class=\"elementor-spacer\">\n\t\t\t<div class=\"elementor-spacer-inner\"><\/div>\n\t\t<\/div>\n\t\t\t\t\t\t<\/div>\n\t\t\t\t<\/div>\n\t\t\t\t\t<\/div>\n\t\t\t\t<\/div>\n\t\t<div class=\"elementor-element elementor-element-5b5506e e-flex e-con-boxed e-con e-parent\" data-id=\"5b5506e\" data-element_type=\"container\">\n\t\t\t\t\t<div class=\"e-con-inner\">\n\t\t\t\t<div class=\"elementor-element elementor-element-df2b9f4 elementor-widget elementor-widget-text-editor\" data-id=\"df2b9f4\" data-element_type=\"widget\" data-widget_type=\"text-editor.default\">\n\t\t\t\t<div class=\"elementor-widget-container\">\n\t\t\t\t\t\t\t\t\t<p data-start=\"6199\" data-end=\"6470\">La factura consular es un documento menos habitual que la factura comercial, pero todav\u00eda necesario en determinados destinos de exportaci\u00f3n. Conocer sus caracter\u00edsticas y requisitos puede evitarte problemas en aduanas y garantizar que tu operaci\u00f3n llegue a buen puerto.<\/p><p data-start=\"6472\" data-end=\"6739\">Si tu empresa exporta, lo mejor es informarte con antelaci\u00f3n, preparar bien la documentaci\u00f3n y apoyarte en herramientas digitales que simplifiquen la gesti\u00f3n de facturas. De esta manera, tu negocio podr\u00e1 centrarse en crecer internacionalmente sin contratiempos.<\/p>\t\t\t\t\t\t\t\t<\/div>\n\t\t\t\t<\/div>\n\t\t\t\t\t<\/div>\n\t\t\t\t<\/div>\n\t\t<div class=\"elementor-element elementor-element-6ba1b78e e-flex e-con-boxed e-con e-parent\" data-id=\"6ba1b78e\" data-element_type=\"container\">\n\t\t\t\t\t<div class=\"e-con-inner\">\n\t\t<div class=\"elementor-element elementor-element-3bb3ffa0 e-flex e-con-boxed e-con e-child\" data-id=\"3bb3ffa0\" data-element_type=\"container\">\n\t\t\t\t\t<div class=\"e-con-inner\">\n\t\t\t\t<div class=\"elementor-element elementor-element-1b161516 elementor-widget elementor-widget-heading\" data-id=\"1b161516\" data-element_type=\"widget\" data-widget_type=\"heading.default\">\n\t\t\t\t<div class=\"elementor-widget-container\">\n\t\t\t\t\t<h2 class=\"elementor-heading-title elementor-size-default\">Preguntas frecuentes<\/h2>\t\t\t\t<\/div>\n\t\t\t\t<\/div>\n\t\t\t\t\t<\/div>\n\t\t\t\t<\/div>\n\t\t<div class=\"elementor-element elementor-element-53ac9026 e-flex e-con-boxed e-con e-child\" data-id=\"53ac9026\" data-element_type=\"container\">\n\t\t\t\t\t<div class=\"e-con-inner\">\n\t\t\t\t<div class=\"elementor-element elementor-element-7f927bdd elementor-widget elementor-widget-heading\" data-id=\"7f927bdd\" data-element_type=\"widget\" data-widget_type=\"heading.default\">\n\t\t\t\t<div class=\"elementor-widget-container\">\n\t\t\t\t\t<h3 class=\"elementor-heading-title elementor-size-default\">\u00bfLa factura consular sustituye a la factura comercial?<\/h3>\t\t\t\t<\/div>\n\t\t\t\t<\/div>\n\t\t\t\t<div class=\"elementor-element elementor-element-3b3129de elementor-widget elementor-widget-text-editor\" data-id=\"3b3129de\" data-element_type=\"widget\" data-widget_type=\"text-editor.default\">\n\t\t\t\t<div class=\"elementor-widget-container\">\n\t\t\t\t\t\t\t\t\t<p>No, la factura consular complementa a la comercial, no la reemplaza. Ambas deben emitirse.<\/p>\t\t\t\t\t\t\t\t<\/div>\n\t\t\t\t<\/div>\n\t\t\t\t\t<\/div>\n\t\t\t\t<\/div>\n\t\t<div class=\"elementor-element elementor-element-2b82e770 e-flex e-con-boxed e-con e-child\" data-id=\"2b82e770\" data-element_type=\"container\">\n\t\t\t\t\t<div class=\"e-con-inner\">\n\t\t\t\t<div class=\"elementor-element elementor-element-e54422c elementor-widget elementor-widget-heading\" data-id=\"e54422c\" data-element_type=\"widget\" data-widget_type=\"heading.default\">\n\t\t\t\t<div class=\"elementor-widget-container\">\n\t\t\t\t\t<h3 class=\"elementor-heading-title elementor-size-default\">\u00bfEs obligatoria en todos los pa\u00edses?<\/h3>\t\t\t\t<\/div>\n\t\t\t\t<\/div>\n\t\t\t\t<div class=\"elementor-element elementor-element-6aca9775 elementor-widget elementor-widget-text-editor\" data-id=\"6aca9775\" data-element_type=\"widget\" data-widget_type=\"text-editor.default\">\n\t\t\t\t<div class=\"elementor-widget-container\">\n\t\t\t\t\t\t\t\t\t<p>No, solo en aquellos que as\u00ed lo establecen en su normativa de importaci\u00f3n.<\/p>\t\t\t\t\t\t\t\t<\/div>\n\t\t\t\t<\/div>\n\t\t\t\t\t<\/div>\n\t\t\t\t<\/div>\n\t\t<div class=\"elementor-element elementor-element-7cddbba8 e-flex e-con-boxed e-con e-child\" data-id=\"7cddbba8\" data-element_type=\"container\">\n\t\t\t\t\t<div class=\"e-con-inner\">\n\t\t\t\t<div class=\"elementor-element elementor-element-56b47aac elementor-widget elementor-widget-heading\" data-id=\"56b47aac\" data-element_type=\"widget\" data-widget_type=\"heading.default\">\n\t\t\t\t<div class=\"elementor-widget-container\">\n\t\t\t\t\t<h3 class=\"elementor-heading-title elementor-size-default\">\u00bfCu\u00e1nto cuesta tramitar una factura consular?<\/h3>\t\t\t\t<\/div>\n\t\t\t\t<\/div>\n\t\t\t\t<div class=\"elementor-element elementor-element-42477800 elementor-widget elementor-widget-text-editor\" data-id=\"42477800\" data-element_type=\"widget\" data-widget_type=\"text-editor.default\">\n\t\t\t\t<div class=\"elementor-widget-container\">\n\t\t\t\t\t\t\t\t\t<p>Depende del pa\u00eds y del valor de la mercanc\u00eda; cada consulado establece sus tasas.<\/p>\t\t\t\t\t\t\t\t<\/div>\n\t\t\t\t<\/div>\n\t\t\t\t\t<\/div>\n\t\t\t\t<\/div>\n\t\t<div class=\"elementor-element elementor-element-642c6f9e e-flex e-con-boxed e-con e-child\" data-id=\"642c6f9e\" data-element_type=\"container\">\n\t\t\t\t\t<div class=\"e-con-inner\">\n\t\t\t\t<div class=\"elementor-element elementor-element-78155d elementor-widget elementor-widget-heading\" data-id=\"78155d\" data-element_type=\"widget\" data-widget_type=\"heading.default\">\n\t\t\t\t<div class=\"elementor-widget-container\">\n\t\t\t\t\t<h3 class=\"elementor-heading-title elementor-size-default\">\u00bfQu\u00e9 pasa si env\u00edo la mercanc\u00eda sin factura consular cuando es obligatoria?<\/h3>\t\t\t\t<\/div>\n\t\t\t\t<\/div>\n\t\t\t\t<div class=\"elementor-element elementor-element-1f23b75d elementor-widget elementor-widget-text-editor\" data-id=\"1f23b75d\" data-element_type=\"widget\" data-widget_type=\"text-editor.default\">\n\t\t\t\t<div class=\"elementor-widget-container\">\n\t\t\t\t\t\t\t\t\t<p>La operaci\u00f3n puede sufrir retrasos, multas o incluso la retenci\u00f3n de la carga en aduanas.<\/p>\t\t\t\t\t\t\t\t<\/div>\n\t\t\t\t<\/div>\n\t\t\t\t\t<\/div>\n\t\t\t\t<\/div>\n\t\t<div class=\"elementor-element elementor-element-850aec4 e-flex e-con-boxed e-con e-child\" data-id=\"850aec4\" data-element_type=\"container\">\n\t\t\t\t\t<div class=\"e-con-inner\">\n\t\t\t\t<div class=\"elementor-element elementor-element-47d16dc elementor-widget elementor-widget-heading\" data-id=\"47d16dc\" data-element_type=\"widget\" data-widget_type=\"heading.default\">\n\t\t\t\t<div class=\"elementor-widget-container\">\n\t\t\t\t\t<h3 class=\"elementor-heading-title elementor-size-default\">\u00bfPuedo hacer la factura consular online?<\/h3>\t\t\t\t<\/div>\n\t\t\t\t<\/div>\n\t\t\t\t<div class=\"elementor-element elementor-element-a9b0b8d elementor-widget elementor-widget-text-editor\" data-id=\"a9b0b8d\" data-element_type=\"widget\" data-widget_type=\"text-editor.default\">\n\t\t\t\t<div class=\"elementor-widget-container\">\n\t\t\t\t\t\t\t\t\t<p>Algunos consulados permiten iniciar el tr\u00e1mite digitalmente, pero la legalizaci\u00f3n suele requerir presencia f\u00edsica o gestor autorizado.<\/p>\t\t\t\t\t\t\t\t<\/div>\n\t\t\t\t<\/div>\n\t\t\t\t\t<\/div>\n\t\t\t\t<\/div>\n\t\t\t\t\t<\/div>\n\t\t\t\t<\/div>\n\t\t<div class=\"elementor-element elementor-element-39895674 e-flex e-con-boxed e-con e-parent\" data-id=\"39895674\" data-element_type=\"container\">\n\t\t\t\t\t<div class=\"e-con-inner\">\n\t\t<div class=\"elementor-element elementor-element-70421d4c e-con-full e-flex e-con e-child\" data-id=\"70421d4c\" data-element_type=\"container\">\n\t\t\t\t<div class=\"elementor-element elementor-element-d52d289 elementor-widget elementor-widget-spacer\" data-id=\"d52d289\" data-element_type=\"widget\" data-widget_type=\"spacer.default\">\n\t\t\t\t<div class=\"elementor-widget-container\">\n\t\t\t\t\t\t\t<div class=\"elementor-spacer\">\n\t\t\t<div class=\"elementor-spacer-inner\"><\/div>\n\t\t<\/div>\n\t\t\t\t\t\t<\/div>\n\t\t\t\t<\/div>\n\t\t\t\t<\/div>\n\t\t<div class=\"elementor-element elementor-element-3e91db1a e-con-full e-flex e-con e-child\" data-id=\"3e91db1a\" data-element_type=\"container\">\n\t\t\t\t<div class=\"elementor-element elementor-element-45f606b5 elementor-widget elementor-widget-heading\" data-id=\"45f606b5\" data-element_type=\"widget\" data-widget_type=\"heading.default\">\n\t\t\t\t<div class=\"elementor-widget-container\">\n\t\t\t\t\t<h3 class=\"elementor-heading-title elementor-size-default\">No te pierdas...<\/h3>\t\t\t\t<\/div>\n\t\t\t\t<\/div>\n\t\t\t\t<\/div>\n\t\t<div class=\"elementor-element elementor-element-1c7e4677 e-con-full e-flex e-con e-child\" data-id=\"1c7e4677\" data-element_type=\"container\">\n\t\t\t\t<div class=\"elementor-element elementor-element-42307cf2 elementor-widget elementor-widget-katen-post-five\" data-id=\"42307cf2\" data-element_type=\"widget\" data-widget_type=\"katen-post-five.default\">\n\t\t\t\t<div class=\"elementor-widget-container\">\n\t\t\t\t\t\t\t<div class=\"padding-30 rounded bordered\">\n\n\t\t\t<div class=\"row infinite-wrapper\">\n\n\t\t\t\n\t\t\t\t<div class=\"col-md-12 col-sm-6 post-list-item post-item\">\n\t\t\t\t\t<!-- post -->\n\t\t\t\t\t<div class=\"post post-list clearfix\">\n\n\t\t\t\t\t\t<div class=\"thumb rounded\"><div class=\"inner\"><a href=\"https:\/\/finanedi.es\/blog\/que-es-un-erp-y-por-que-es-crucial-para-tu-negocio\/\"><img decoding=\"async\" width=\"330\" height=\"250\" src=\"https:\/\/finanedi.es\/blog\/contenido\/uploads\/2024\/07\/que-es-un-ERP-330x250.jpg\" class=\"attachment-katen-thumb-list size-katen-thumb-list wp-post-image\" alt=\"Qu\u00e9 es un ERP\" \/><\/a><\/div><\/div>  \n\n\t\t\t\t\t\t<div class=\"details clearfix\">\n\t\t\t\t\t\t\t<ul class=\"meta list-inline mb-3\">\n\t\t\t\t\t\t\t\t<li class=\"list-inline-item\"><a href=\"https:\/\/finanedi.es\/blog\/category\/facturacion\/\">Facturaci\u00f3n<\/a><\/li>\t\t\t\t\t\t\t<\/ul>\n\t\t\t\t\t\t\t<h5 class=\"post-title\"><a href=\"https:\/\/finanedi.es\/blog\/que-es-un-erp-y-por-que-es-crucial-para-tu-negocio\/\">\u00bfQu\u00e9 es un ERP y por qu\u00e9 es crucial para tu negocio?<\/a><\/h5>\n\t\t\t\t\t\t\t<p class=\"excerpt mb-0\">\n\t\t\t\t\t\t\t\tLa gesti\u00f3n empresarial se ha vuelto cada vez m\u00e1s compleja, y las empresas buscan constantemente&hellip;\t\t\t\t\t\t\t<\/p>\n\t\t\t\t\t\t\t<div class=\"post-bottom clearfix d-flex align-items-center\">\n\t\t\t\t\t\t\t\t\t\t\t\t\t\t\t\t\t\t\t\t\t\t\t<\/div>\n\t\t\t\t\t\t<\/div>\n\t\t\t\t\t<\/div>\n\t\t\t\t<\/div>\n\n\t\t\t\n\t\t\t\t<div class=\"col-md-12 col-sm-6 post-list-item post-item\">\n\t\t\t\t\t<!-- post -->\n\t\t\t\t\t<div class=\"post post-list clearfix\">\n\n\t\t\t\t\t\t<div class=\"thumb rounded\"><div class=\"inner\"><a href=\"https:\/\/finanedi.es\/blog\/nif-iva-la-llave-para-tu-negocio-en-el-mercado-europeo\/\"><img decoding=\"async\" width=\"330\" height=\"250\" src=\"https:\/\/finanedi.es\/blog\/contenido\/uploads\/2025\/06\/NIF-IVA-La-llave-para-tu-negocio-en-el-mercado-europeo-330x250.jpg\" class=\"attachment-katen-thumb-list size-katen-thumb-list wp-post-image\" alt=\"NIF-IVA La llave para tu negocio en el mercado europeo\" \/><\/a><\/div><\/div>  \n\n\t\t\t\t\t\t<div class=\"details clearfix\">\n\t\t\t\t\t\t\t<ul class=\"meta list-inline mb-3\">\n\t\t\t\t\t\t\t\t<li class=\"list-inline-item\"><a href=\"https:\/\/finanedi.es\/blog\/category\/facturacion\/\">Facturaci\u00f3n<\/a><\/li>\t\t\t\t\t\t\t<\/ul>\n\t\t\t\t\t\t\t<h5 class=\"post-title\"><a href=\"https:\/\/finanedi.es\/blog\/nif-iva-la-llave-para-tu-negocio-en-el-mercado-europeo\/\">NIF-IVA: La llave para tu negocio en el mercado europeo<\/a><\/h5>\n\t\t\t\t\t\t\t<p class=\"excerpt mb-0\">\n\t\t\t\t\t\t\t\t\u00bfEres aut\u00f3nomo o tienes una pyme y sue\u00f1as con expandir tu negocio m\u00e1s all\u00e1 de&hellip;\t\t\t\t\t\t\t<\/p>\n\t\t\t\t\t\t\t<div class=\"post-bottom clearfix d-flex align-items-center\">\n\t\t\t\t\t\t\t\t\t\t\t\t\t\t\t\t\t\t\t\t\t\t\t<\/div>\n\t\t\t\t\t\t<\/div>\n\t\t\t\t\t<\/div>\n\t\t\t\t<\/div>\n\n\t\t\t\n\t\t\t\t<div class=\"col-md-12 col-sm-6 post-list-item post-item\">\n\t\t\t\t\t<!-- post -->\n\t\t\t\t\t<div class=\"post post-list clearfix\">\n\n\t\t\t\t\t\t<div class=\"thumb rounded\"><div class=\"inner\"><a href=\"https:\/\/finanedi.es\/blog\/haz-tu-factura-aplicacion-de-facturacion\/\"><img loading=\"lazy\" decoding=\"async\" width=\"330\" height=\"250\" src=\"https:\/\/finanedi.es\/blog\/contenido\/uploads\/2024\/11\/Haz-tu-factura-Aplicacion-de-facturacion-330x250.jpg\" class=\"attachment-katen-thumb-list size-katen-thumb-list wp-post-image\" alt=\"Haz tu factura Aplicaci\u00f3n de facturaci\u00f3n\" \/><\/a><\/div><\/div>  \n\n\t\t\t\t\t\t<div class=\"details clearfix\">\n\t\t\t\t\t\t\t<ul class=\"meta list-inline mb-3\">\n\t\t\t\t\t\t\t\t<li class=\"list-inline-item\"><a href=\"https:\/\/finanedi.es\/blog\/category\/facturacion\/\">Facturaci\u00f3n<\/a><\/li>\t\t\t\t\t\t\t<\/ul>\n\t\t\t\t\t\t\t<h5 class=\"post-title\"><a href=\"https:\/\/finanedi.es\/blog\/haz-tu-factura-aplicacion-de-facturacion\/\">Haz tu factura: Aplicaci\u00f3n de facturaci\u00f3n<\/a><\/h5>\n\t\t\t\t\t\t\t<p class=\"excerpt mb-0\">\n\t\t\t\t\t\t\t\tEn cumplimiento con la normativa de Bizkaia, la Diputaci\u00f3n Foral de Bizkaia ha desarrollado Haz&hellip;\t\t\t\t\t\t\t<\/p>\n\t\t\t\t\t\t\t<div class=\"post-bottom clearfix d-flex align-items-center\">\n\t\t\t\t\t\t\t\t\t\t\t\t\t\t\t\t\t\t\t\t\t\t\t<\/div>\n\t\t\t\t\t\t<\/div>\n\t\t\t\t\t<\/div>\n\t\t\t\t<\/div>\n\n\t\t\t\n\t\t\t\t<div class=\"col-md-12 col-sm-6 post-list-item post-item\">\n\t\t\t\t\t<!-- post -->\n\t\t\t\t\t<div class=\"post post-list clearfix\">\n\n\t\t\t\t\t\t<div class=\"thumb rounded\"><div class=\"inner\"><a href=\"https:\/\/finanedi.es\/blog\/que-sanciones-existen-por-no-emitir-factura-electronica\/\"><img loading=\"lazy\" decoding=\"async\" width=\"330\" height=\"250\" src=\"https:\/\/finanedi.es\/blog\/contenido\/uploads\/2025\/10\/Que-sanciones-existen-por-no-emitir-factura-electronica-330x250.jpg\" class=\"attachment-katen-thumb-list size-katen-thumb-list wp-post-image\" alt=\"Qu\u00e9 sanciones existen por no emitir factura electr\u00f3nica\" \/><\/a><\/div><\/div>  \n\n\t\t\t\t\t\t<div class=\"details clearfix\">\n\t\t\t\t\t\t\t<ul class=\"meta list-inline mb-3\">\n\t\t\t\t\t\t\t\t<li class=\"list-inline-item\"><a href=\"https:\/\/finanedi.es\/blog\/category\/facturacion\/\">Facturaci\u00f3n<\/a><\/li>\t\t\t\t\t\t\t<\/ul>\n\t\t\t\t\t\t\t<h5 class=\"post-title\"><a href=\"https:\/\/finanedi.es\/blog\/que-sanciones-existen-por-no-emitir-factura-electronica\/\">Qu\u00e9 sanciones existen por no emitir factura electr\u00f3nica<\/a><\/h5>\n\t\t\t\t\t\t\t<p class=\"excerpt mb-0\">\n\t\t\t\t\t\t\t\tLa factura electr\u00f3nica ya no es una opci\u00f3n, sino una obligaci\u00f3n para la mayor\u00eda de&hellip;\t\t\t\t\t\t\t<\/p>\n\t\t\t\t\t\t\t<div class=\"post-bottom clearfix d-flex align-items-center\">\n\t\t\t\t\t\t\t\t\t\t\t\t\t\t\t\t\t\t\t\t\t\t\t<\/div>\n\t\t\t\t\t\t<\/div>\n\t\t\t\t\t<\/div>\n\t\t\t\t<\/div>\n\n\t\t\t\n\t\t\t<\/div>\n\n\t\t<\/div>\n\t\t\n        \t\t\t\t<\/div>\n\t\t\t\t<\/div>\n\t\t\t\t<\/div>\n\t\t\t\t\t<\/div>\n\t\t\t\t<\/div>\n\t\t\t\t<\/div>\n\t\t","protected":false},"excerpt":{"rendered":"<p>En el comercio internacional existen distintos documentos que garantizan el buen curso de las operaciones. Uno de ellos, menos conocido pero a\u00fan vigente en algunos pa\u00edses, es la factura consular. Si tu negocio exporta productos, es posible que en alg\u00fan momento te soliciten este requisito.<\/p>\n","protected":false},"author":3,"featured_media":11537,"comment_status":"closed","ping_status":"open","sticky":false,"template":"","format":"standard","meta":{"_monsterinsights_skip_tracking":false,"_monsterinsights_sitenote_active":false,"_monsterinsights_sitenote_note":"","_monsterinsights_sitenote_category":0,"footnotes":""},"categories":[4],"tags":[],"class_list":["post-11534","post","type-post","status-publish","format-standard","has-post-thumbnail","hentry","category-facturacion"],"yoast_head":"<!-- This site is optimized with the Yoast SEO plugin v26.2 - https:\/\/yoast.com\/wordpress\/plugins\/seo\/ -->\n<title>Factura consular: \u00bfCu\u00e1ndo tienes que usarla y c\u00f3mo hacerla?<\/title>\n<meta name=\"description\" content=\"Descubre qu\u00e9 es la factura consular, en qu\u00e9 pa\u00edses se exige y c\u00f3mo tramitarla para evitar retrasos en tus exportaciones.\" \/>\n<meta name=\"robots\" content=\"index, follow, max-snippet:-1, max-image-preview:large, max-video-preview:-1\" \/>\n<link rel=\"canonical\" href=\"https:\/\/finanedi.es\/blog\/conoce-la-factura-consular-cuando-tienes-que-usarla-y-como-hacerla\/\" \/>\n<meta property=\"og:locale\" content=\"es_ES\" \/>\n<meta property=\"og:type\" content=\"article\" \/>\n<meta property=\"og:title\" content=\"Factura consular: \u00bfCu\u00e1ndo tienes que usarla y c\u00f3mo hacerla?\" \/>\n<meta property=\"og:description\" content=\"Descubre qu\u00e9 es la factura consular, en qu\u00e9 pa\u00edses se exige y c\u00f3mo tramitarla para evitar retrasos en tus exportaciones.\" \/>\n<meta property=\"og:url\" content=\"https:\/\/finanedi.es\/blog\/conoce-la-factura-consular-cuando-tienes-que-usarla-y-como-hacerla\/\" \/>\n<meta property=\"og:site_name\" content=\"Blog para pymes y aut\u00f3nomos - FinanEDI\" \/>\n<meta property=\"article:published_time\" content=\"2025-08-19T10:13:26+00:00\" \/>\n<meta property=\"article:modified_time\" content=\"2025-08-19T10:22:11+00:00\" \/>\n<meta property=\"og:image\" content=\"https:\/\/finanedi.es\/blog\/contenido\/uploads\/2025\/08\/Conoce-la-factura-consular-\u00bfcuando-tienes-que-usarla-y-como-hacerla.jpg\" \/>\n\t<meta property=\"og:image:width\" content=\"2000\" \/>\n\t<meta property=\"og:image:height\" content=\"1334\" \/>\n\t<meta property=\"og:image:type\" content=\"image\/jpeg\" \/>\n<meta name=\"author\" content=\"restevez\" \/>\n<meta name=\"twitter:card\" content=\"summary_large_image\" \/>\n<meta name=\"twitter:label1\" content=\"Escrito por\" \/>\n\t<meta name=\"twitter:data1\" content=\"restevez\" \/>\n\t<meta name=\"twitter:label2\" content=\"Tiempo de lectura\" \/>\n\t<meta name=\"twitter:data2\" content=\"6 minutos\" \/>\n<script type=\"application\/ld+json\" class=\"yoast-schema-graph\">{\"@context\":\"https:\/\/schema.org\",\"@graph\":[{\"@type\":\"Article\",\"@id\":\"https:\/\/finanedi.es\/blog\/conoce-la-factura-consular-cuando-tienes-que-usarla-y-como-hacerla\/#article\",\"isPartOf\":{\"@id\":\"https:\/\/finanedi.es\/blog\/conoce-la-factura-consular-cuando-tienes-que-usarla-y-como-hacerla\/\"},\"author\":{\"name\":\"restevez\",\"@id\":\"https:\/\/finanedi.es\/blog\/#\/schema\/person\/233ed58195d34f36f74f13ba1030ebd8\"},\"headline\":\"Conoce la factura consular: \u00bfcu\u00e1ndo tienes que usarla y c\u00f3mo hacerla?\",\"datePublished\":\"2025-08-19T10:13:26+00:00\",\"dateModified\":\"2025-08-19T10:22:11+00:00\",\"mainEntityOfPage\":{\"@id\":\"https:\/\/finanedi.es\/blog\/conoce-la-factura-consular-cuando-tienes-que-usarla-y-como-hacerla\/\"},\"wordCount\":1023,\"publisher\":{\"@id\":\"https:\/\/finanedi.es\/blog\/#organization\"},\"image\":{\"@id\":\"https:\/\/finanedi.es\/blog\/conoce-la-factura-consular-cuando-tienes-que-usarla-y-como-hacerla\/#primaryimage\"},\"thumbnailUrl\":\"https:\/\/finanedi.es\/blog\/contenido\/uploads\/2025\/08\/Conoce-la-factura-consular-\u00bfcuando-tienes-que-usarla-y-como-hacerla.jpg\",\"articleSection\":[\"Facturaci\u00f3n\"],\"inLanguage\":\"es\"},{\"@type\":\"WebPage\",\"@id\":\"https:\/\/finanedi.es\/blog\/conoce-la-factura-consular-cuando-tienes-que-usarla-y-como-hacerla\/\",\"url\":\"https:\/\/finanedi.es\/blog\/conoce-la-factura-consular-cuando-tienes-que-usarla-y-como-hacerla\/\",\"name\":\"Factura consular: \u00bfCu\u00e1ndo tienes que usarla y c\u00f3mo hacerla?\",\"isPartOf\":{\"@id\":\"https:\/\/finanedi.es\/blog\/#website\"},\"primaryImageOfPage\":{\"@id\":\"https:\/\/finanedi.es\/blog\/conoce-la-factura-consular-cuando-tienes-que-usarla-y-como-hacerla\/#primaryimage\"},\"image\":{\"@id\":\"https:\/\/finanedi.es\/blog\/conoce-la-factura-consular-cuando-tienes-que-usarla-y-como-hacerla\/#primaryimage\"},\"thumbnailUrl\":\"https:\/\/finanedi.es\/blog\/contenido\/uploads\/2025\/08\/Conoce-la-factura-consular-\u00bfcuando-tienes-que-usarla-y-como-hacerla.jpg\",\"datePublished\":\"2025-08-19T10:13:26+00:00\",\"dateModified\":\"2025-08-19T10:22:11+00:00\",\"description\":\"Descubre qu\u00e9 es la factura consular, en qu\u00e9 pa\u00edses se exige y c\u00f3mo tramitarla para evitar retrasos en tus exportaciones.\",\"breadcrumb\":{\"@id\":\"https:\/\/finanedi.es\/blog\/conoce-la-factura-consular-cuando-tienes-que-usarla-y-como-hacerla\/#breadcrumb\"},\"inLanguage\":\"es\",\"potentialAction\":[{\"@type\":\"ReadAction\",\"target\":[\"https:\/\/finanedi.es\/blog\/conoce-la-factura-consular-cuando-tienes-que-usarla-y-como-hacerla\/\"]}]},{\"@type\":\"ImageObject\",\"inLanguage\":\"es\",\"@id\":\"https:\/\/finanedi.es\/blog\/conoce-la-factura-consular-cuando-tienes-que-usarla-y-como-hacerla\/#primaryimage\",\"url\":\"https:\/\/finanedi.es\/blog\/contenido\/uploads\/2025\/08\/Conoce-la-factura-consular-\u00bfcuando-tienes-que-usarla-y-como-hacerla.jpg\",\"contentUrl\":\"https:\/\/finanedi.es\/blog\/contenido\/uploads\/2025\/08\/Conoce-la-factura-consular-\u00bfcuando-tienes-que-usarla-y-como-hacerla.jpg\",\"width\":2000,\"height\":1334,\"caption\":\"Conoce la factura consular \u00bfcu\u00e1ndo tienes que usarla y c\u00f3mo hacerla\"},{\"@type\":\"BreadcrumbList\",\"@id\":\"https:\/\/finanedi.es\/blog\/conoce-la-factura-consular-cuando-tienes-que-usarla-y-como-hacerla\/#breadcrumb\",\"itemListElement\":[{\"@type\":\"ListItem\",\"position\":1,\"name\":\"Home\",\"item\":\"https:\/\/finanedi.es\/blog\/\"},{\"@type\":\"ListItem\",\"position\":2,\"name\":\"Conoce la factura consular: \u00bfcu\u00e1ndo tienes que usarla y c\u00f3mo hacerla?\"}]},{\"@type\":\"WebSite\",\"@id\":\"https:\/\/finanedi.es\/blog\/#website\",\"url\":\"https:\/\/finanedi.es\/blog\/\",\"name\":\"Blog para pymes y aut\u00f3nomos - FinanEDI\",\"description\":\"Blog para aut\u00f3nomos y PYMES, sobre temas como facturaci\u00f3n, contabilidad, tecnolog\u00eda.\",\"publisher\":{\"@id\":\"https:\/\/finanedi.es\/blog\/#organization\"},\"potentialAction\":[{\"@type\":\"SearchAction\",\"target\":{\"@type\":\"EntryPoint\",\"urlTemplate\":\"https:\/\/finanedi.es\/blog\/?s={search_term_string}\"},\"query-input\":{\"@type\":\"PropertyValueSpecification\",\"valueRequired\":true,\"valueName\":\"search_term_string\"}}],\"inLanguage\":\"es\"},{\"@type\":\"Organization\",\"@id\":\"https:\/\/finanedi.es\/blog\/#organization\",\"name\":\"Blog para pymes y aut\u00f3nomos - FinanEDI\",\"url\":\"https:\/\/finanedi.es\/blog\/\",\"logo\":{\"@type\":\"ImageObject\",\"inLanguage\":\"es\",\"@id\":\"https:\/\/finanedi.es\/blog\/#\/schema\/logo\/image\/\",\"url\":\"https:\/\/finanedi.es\/blog\/contenido\/uploads\/2024\/02\/FinanEdiAzul1.svg\",\"contentUrl\":\"https:\/\/finanedi.es\/blog\/contenido\/uploads\/2024\/02\/FinanEdiAzul1.svg\",\"width\":142,\"height\":36,\"caption\":\"Blog para pymes y aut\u00f3nomos - FinanEDI\"},\"image\":{\"@id\":\"https:\/\/finanedi.es\/blog\/#\/schema\/logo\/image\/\"}},{\"@type\":\"Person\",\"@id\":\"https:\/\/finanedi.es\/blog\/#\/schema\/person\/233ed58195d34f36f74f13ba1030ebd8\",\"name\":\"restevez\",\"image\":{\"@type\":\"ImageObject\",\"inLanguage\":\"es\",\"@id\":\"https:\/\/finanedi.es\/blog\/#\/schema\/person\/image\/\",\"url\":\"https:\/\/secure.gravatar.com\/avatar\/6c4880db9746e4aa887a98e0ebf657788804dc4280120ef10331a2e6ebb4a9a0?s=96&d=mm&r=g\",\"contentUrl\":\"https:\/\/secure.gravatar.com\/avatar\/6c4880db9746e4aa887a98e0ebf657788804dc4280120ef10331a2e6ebb4a9a0?s=96&d=mm&r=g\",\"caption\":\"restevez\"},\"url\":\"https:\/\/finanedi.es\/blog\/author\/restevez\/\"}]}<\/script>\n<!-- \/ Yoast SEO plugin. -->","yoast_head_json":{"title":"Factura consular: \u00bfCu\u00e1ndo tienes que usarla y c\u00f3mo hacerla?","description":"Descubre qu\u00e9 es la factura consular, en qu\u00e9 pa\u00edses se exige y c\u00f3mo tramitarla para evitar retrasos en tus exportaciones.","robots":{"index":"index","follow":"follow","max-snippet":"max-snippet:-1","max-image-preview":"max-image-preview:large","max-video-preview":"max-video-preview:-1"},"canonical":"https:\/\/finanedi.es\/blog\/conoce-la-factura-consular-cuando-tienes-que-usarla-y-como-hacerla\/","og_locale":"es_ES","og_type":"article","og_title":"Factura consular: \u00bfCu\u00e1ndo tienes que usarla y c\u00f3mo hacerla?","og_description":"Descubre qu\u00e9 es la factura consular, en qu\u00e9 pa\u00edses se exige y c\u00f3mo tramitarla para evitar retrasos en tus exportaciones.","og_url":"https:\/\/finanedi.es\/blog\/conoce-la-factura-consular-cuando-tienes-que-usarla-y-como-hacerla\/","og_site_name":"Blog para pymes y aut\u00f3nomos - FinanEDI","article_published_time":"2025-08-19T10:13:26+00:00","article_modified_time":"2025-08-19T10:22:11+00:00","og_image":[{"width":2000,"height":1334,"url":"https:\/\/finanedi.es\/blog\/contenido\/uploads\/2025\/08\/Conoce-la-factura-consular-\u00bfcuando-tienes-que-usarla-y-como-hacerla.jpg","type":"image\/jpeg"}],"author":"restevez","twitter_card":"summary_large_image","twitter_misc":{"Escrito por":"restevez","Tiempo de lectura":"6 minutos"},"schema":{"@context":"https:\/\/schema.org","@graph":[{"@type":"Article","@id":"https:\/\/finanedi.es\/blog\/conoce-la-factura-consular-cuando-tienes-que-usarla-y-como-hacerla\/#article","isPartOf":{"@id":"https:\/\/finanedi.es\/blog\/conoce-la-factura-consular-cuando-tienes-que-usarla-y-como-hacerla\/"},"author":{"name":"restevez","@id":"https:\/\/finanedi.es\/blog\/#\/schema\/person\/233ed58195d34f36f74f13ba1030ebd8"},"headline":"Conoce la factura consular: \u00bfcu\u00e1ndo tienes que usarla y c\u00f3mo hacerla?","datePublished":"2025-08-19T10:13:26+00:00","dateModified":"2025-08-19T10:22:11+00:00","mainEntityOfPage":{"@id":"https:\/\/finanedi.es\/blog\/conoce-la-factura-consular-cuando-tienes-que-usarla-y-como-hacerla\/"},"wordCount":1023,"publisher":{"@id":"https:\/\/finanedi.es\/blog\/#organization"},"image":{"@id":"https:\/\/finanedi.es\/blog\/conoce-la-factura-consular-cuando-tienes-que-usarla-y-como-hacerla\/#primaryimage"},"thumbnailUrl":"https:\/\/finanedi.es\/blog\/contenido\/uploads\/2025\/08\/Conoce-la-factura-consular-\u00bfcuando-tienes-que-usarla-y-como-hacerla.jpg","articleSection":["Facturaci\u00f3n"],"inLanguage":"es"},{"@type":"WebPage","@id":"https:\/\/finanedi.es\/blog\/conoce-la-factura-consular-cuando-tienes-que-usarla-y-como-hacerla\/","url":"https:\/\/finanedi.es\/blog\/conoce-la-factura-consular-cuando-tienes-que-usarla-y-como-hacerla\/","name":"Factura consular: \u00bfCu\u00e1ndo tienes que usarla y c\u00f3mo hacerla?","isPartOf":{"@id":"https:\/\/finanedi.es\/blog\/#website"},"primaryImageOfPage":{"@id":"https:\/\/finanedi.es\/blog\/conoce-la-factura-consular-cuando-tienes-que-usarla-y-como-hacerla\/#primaryimage"},"image":{"@id":"https:\/\/finanedi.es\/blog\/conoce-la-factura-consular-cuando-tienes-que-usarla-y-como-hacerla\/#primaryimage"},"thumbnailUrl":"https:\/\/finanedi.es\/blog\/contenido\/uploads\/2025\/08\/Conoce-la-factura-consular-\u00bfcuando-tienes-que-usarla-y-como-hacerla.jpg","datePublished":"2025-08-19T10:13:26+00:00","dateModified":"2025-08-19T10:22:11+00:00","description":"Descubre qu\u00e9 es la factura consular, en qu\u00e9 pa\u00edses se exige y c\u00f3mo tramitarla para evitar retrasos en tus exportaciones.","breadcrumb":{"@id":"https:\/\/finanedi.es\/blog\/conoce-la-factura-consular-cuando-tienes-que-usarla-y-como-hacerla\/#breadcrumb"},"inLanguage":"es","potentialAction":[{"@type":"ReadAction","target":["https:\/\/finanedi.es\/blog\/conoce-la-factura-consular-cuando-tienes-que-usarla-y-como-hacerla\/"]}]},{"@type":"ImageObject","inLanguage":"es","@id":"https:\/\/finanedi.es\/blog\/conoce-la-factura-consular-cuando-tienes-que-usarla-y-como-hacerla\/#primaryimage","url":"https:\/\/finanedi.es\/blog\/contenido\/uploads\/2025\/08\/Conoce-la-factura-consular-\u00bfcuando-tienes-que-usarla-y-como-hacerla.jpg","contentUrl":"https:\/\/finanedi.es\/blog\/contenido\/uploads\/2025\/08\/Conoce-la-factura-consular-\u00bfcuando-tienes-que-usarla-y-como-hacerla.jpg","width":2000,"height":1334,"caption":"Conoce la factura consular \u00bfcu\u00e1ndo tienes que usarla y c\u00f3mo hacerla"},{"@type":"BreadcrumbList","@id":"https:\/\/finanedi.es\/blog\/conoce-la-factura-consular-cuando-tienes-que-usarla-y-como-hacerla\/#breadcrumb","itemListElement":[{"@type":"ListItem","position":1,"name":"Home","item":"https:\/\/finanedi.es\/blog\/"},{"@type":"ListItem","position":2,"name":"Conoce la factura consular: \u00bfcu\u00e1ndo tienes que usarla y c\u00f3mo hacerla?"}]},{"@type":"WebSite","@id":"https:\/\/finanedi.es\/blog\/#website","url":"https:\/\/finanedi.es\/blog\/","name":"Blog para pymes y aut\u00f3nomos - FinanEDI","description":"Blog para aut\u00f3nomos y PYMES, sobre temas como facturaci\u00f3n, contabilidad, tecnolog\u00eda.","publisher":{"@id":"https:\/\/finanedi.es\/blog\/#organization"},"potentialAction":[{"@type":"SearchAction","target":{"@type":"EntryPoint","urlTemplate":"https:\/\/finanedi.es\/blog\/?s={search_term_string}"},"query-input":{"@type":"PropertyValueSpecification","valueRequired":true,"valueName":"search_term_string"}}],"inLanguage":"es"},{"@type":"Organization","@id":"https:\/\/finanedi.es\/blog\/#organization","name":"Blog para pymes y aut\u00f3nomos - FinanEDI","url":"https:\/\/finanedi.es\/blog\/","logo":{"@type":"ImageObject","inLanguage":"es","@id":"https:\/\/finanedi.es\/blog\/#\/schema\/logo\/image\/","url":"https:\/\/finanedi.es\/blog\/contenido\/uploads\/2024\/02\/FinanEdiAzul1.svg","contentUrl":"https:\/\/finanedi.es\/blog\/contenido\/uploads\/2024\/02\/FinanEdiAzul1.svg","width":142,"height":36,"caption":"Blog para pymes y aut\u00f3nomos - FinanEDI"},"image":{"@id":"https:\/\/finanedi.es\/blog\/#\/schema\/logo\/image\/"}},{"@type":"Person","@id":"https:\/\/finanedi.es\/blog\/#\/schema\/person\/233ed58195d34f36f74f13ba1030ebd8","name":"restevez","image":{"@type":"ImageObject","inLanguage":"es","@id":"https:\/\/finanedi.es\/blog\/#\/schema\/person\/image\/","url":"https:\/\/secure.gravatar.com\/avatar\/6c4880db9746e4aa887a98e0ebf657788804dc4280120ef10331a2e6ebb4a9a0?s=96&d=mm&r=g","contentUrl":"https:\/\/secure.gravatar.com\/avatar\/6c4880db9746e4aa887a98e0ebf657788804dc4280120ef10331a2e6ebb4a9a0?s=96&d=mm&r=g","caption":"restevez"},"url":"https:\/\/finanedi.es\/blog\/author\/restevez\/"}]}},"_links":{"self":[{"href":"https:\/\/finanedi.es\/blog\/wp-json\/wp\/v2\/posts\/11534","targetHints":{"allow":["GET"]}}],"collection":[{"href":"https:\/\/finanedi.es\/blog\/wp-json\/wp\/v2\/posts"}],"about":[{"href":"https:\/\/finanedi.es\/blog\/wp-json\/wp\/v2\/types\/post"}],"author":[{"embeddable":true,"href":"https:\/\/finanedi.es\/blog\/wp-json\/wp\/v2\/users\/3"}],"replies":[{"embeddable":true,"href":"https:\/\/finanedi.es\/blog\/wp-json\/wp\/v2\/comments?post=11534"}],"version-history":[{"count":5,"href":"https:\/\/finanedi.es\/blog\/wp-json\/wp\/v2\/posts\/11534\/revisions"}],"predecessor-version":[{"id":11540,"href":"https:\/\/finanedi.es\/blog\/wp-json\/wp\/v2\/posts\/11534\/revisions\/11540"}],"wp:featuredmedia":[{"embeddable":true,"href":"https:\/\/finanedi.es\/blog\/wp-json\/wp\/v2\/media\/11537"}],"wp:attachment":[{"href":"https:\/\/finanedi.es\/blog\/wp-json\/wp\/v2\/media?parent=11534"}],"wp:term":[{"taxonomy":"category","embeddable":true,"href":"https:\/\/finanedi.es\/blog\/wp-json\/wp\/v2\/categories?post=11534"},{"taxonomy":"post_tag","embeddable":true,"href":"https:\/\/finanedi.es\/blog\/wp-json\/wp\/v2\/tags?post=11534"}],"curies":[{"name":"wp","href":"https:\/\/api.w.org\/{rel}","templated":true}]}}