{"id":11548,"date":"2025-08-21T10:49:56","date_gmt":"2025-08-21T08:49:56","guid":{"rendered":"https:\/\/finanedi.es\/blog\/?p=11548"},"modified":"2025-08-21T11:02:47","modified_gmt":"2025-08-21T09:02:47","slug":"facturas-intracomunitarias-obligaciones-y-ejemplos-practicos","status":"publish","type":"post","link":"https:\/\/finanedi.es\/blog\/facturas-intracomunitarias-obligaciones-y-ejemplos-practicos\/","title":{"rendered":"Facturas intracomunitarias: obligaciones y ejemplos pr\u00e1cticos"},"content":{"rendered":"\t\t<div data-elementor-type=\"wp-post\" data-elementor-id=\"11548\" class=\"elementor elementor-11548\">\n\t\t\t\t<div class=\"elementor-element elementor-element-77cfef8 e-flex e-con-boxed e-con e-parent\" data-id=\"77cfef8\" data-element_type=\"container\">\n\t\t\t\t\t<div class=\"e-con-inner\">\n\t\t\t\t<div class=\"elementor-element elementor-element-7c330a8 elementor-widget elementor-widget-text-editor\" data-id=\"7c330a8\" data-element_type=\"widget\" data-widget_type=\"text-editor.default\">\n\t\t\t\t<div class=\"elementor-widget-container\">\n\t\t\t\t\t\t\t\t\t<p>Las operaciones intracomunitarias forman parte del d\u00eda a d\u00eda de muchas pymes y aut\u00f3nomos que trabajan con clientes y proveedores dentro de la Uni\u00f3n Europea. Sin embargo, emitir y contabilizar <strong data-start=\"394\" data-end=\"424\">facturas intracomunitarias<\/strong> no es tan sencillo como las nacionales, ya que tienen particularidades fiscales y legales que es importante conocer para evitar sanciones o errores en la declaraci\u00f3n de impuestos.<\/p>\t\t\t\t\t\t\t\t<\/div>\n\t\t\t\t<\/div>\n\t\t\t\t\t<\/div>\n\t\t\t\t<\/div>\n\t\t<div class=\"elementor-element elementor-element-7edabc9 e-flex e-con-boxed e-con e-parent\" data-id=\"7edabc9\" data-element_type=\"container\">\n\t\t\t\t\t<div class=\"e-con-inner\">\n\t\t\t\t<div class=\"elementor-element elementor-element-94483d8 elementor-widget elementor-widget-heading\" data-id=\"94483d8\" data-element_type=\"widget\" data-widget_type=\"heading.default\">\n\t\t\t\t<div class=\"elementor-widget-container\">\n\t\t\t\t\t<h2 class=\"elementor-heading-title elementor-size-default\">\u00bfQu\u00e9 es una factura intracomunitaria?<\/h2>\t\t\t\t<\/div>\n\t\t\t\t<\/div>\n\t\t\t\t\t<\/div>\n\t\t\t\t<\/div>\n\t\t<div class=\"elementor-element elementor-element-f4f4430 e-flex e-con-boxed e-con e-parent\" data-id=\"f4f4430\" data-element_type=\"container\">\n\t\t\t\t\t<div class=\"e-con-inner\">\n\t\t\t\t<div class=\"elementor-element elementor-element-9a538cf elementor-widget elementor-widget-text-editor\" data-id=\"9a538cf\" data-element_type=\"widget\" data-widget_type=\"text-editor.default\">\n\t\t\t\t<div class=\"elementor-widget-container\">\n\t\t\t\t\t\t\t\t\t<p data-start=\"804\" data-end=\"1042\">Una factura intracomunitaria es aquella que se emite o recibe en el marco de una operaci\u00f3n de compraventa de bienes o prestaci\u00f3n de servicios entre empresas o profesionales establecidos en diferentes pa\u00edses de la Uni\u00f3n Europea (UE).<\/p><p data-start=\"1044\" data-end=\"1234\">Estas operaciones tienen un tratamiento fiscal especial, ya que est\u00e1n sujetas a la normativa del IVA intracomunitario, tambi\u00e9n conocido como r\u00e9gimen de inversi\u00f3n del sujeto pasivo.<\/p>\t\t\t\t\t\t\t\t<\/div>\n\t\t\t\t<\/div>\n\t\t\t\t\t<\/div>\n\t\t\t\t<\/div>\n\t\t<div class=\"elementor-element elementor-element-92ced40 e-flex e-con-boxed e-con e-parent\" data-id=\"92ced40\" data-element_type=\"container\">\n\t\t\t\t\t<div class=\"e-con-inner\">\n\t\t\t\t<div class=\"elementor-element elementor-element-d141f9a elementor-widget elementor-widget-spacer\" data-id=\"d141f9a\" data-element_type=\"widget\" data-widget_type=\"spacer.default\">\n\t\t\t\t<div class=\"elementor-widget-container\">\n\t\t\t\t\t\t\t<div class=\"elementor-spacer\">\n\t\t\t<div class=\"elementor-spacer-inner\"><\/div>\n\t\t<\/div>\n\t\t\t\t\t\t<\/div>\n\t\t\t\t<\/div>\n\t\t\t\t\t<\/div>\n\t\t\t\t<\/div>\n\t\t<div class=\"elementor-element elementor-element-572c473 e-flex e-con-boxed e-con e-parent\" data-id=\"572c473\" data-element_type=\"container\">\n\t\t\t\t\t<div class=\"e-con-inner\">\n\t\t\t\t<div class=\"elementor-element elementor-element-6620ab8 elementor-widget elementor-widget-heading\" data-id=\"6620ab8\" data-element_type=\"widget\" data-widget_type=\"heading.default\">\n\t\t\t\t<div class=\"elementor-widget-container\">\n\t\t\t\t\t<h2 class=\"elementor-heading-title elementor-size-default\">Obligaciones fiscales de las facturas intracomunitarias<\/h2>\t\t\t\t<\/div>\n\t\t\t\t<\/div>\n\t\t\t\t\t<\/div>\n\t\t\t\t<\/div>\n\t\t<div class=\"elementor-element elementor-element-21dda20 e-flex e-con-boxed e-con e-parent\" data-id=\"21dda20\" data-element_type=\"container\">\n\t\t\t\t\t<div class=\"e-con-inner\">\n\t\t\t\t<div class=\"elementor-element elementor-element-fe7d81f elementor-widget elementor-widget-text-editor\" data-id=\"fe7d81f\" data-element_type=\"widget\" data-widget_type=\"text-editor.default\">\n\t\t\t\t<div class=\"elementor-widget-container\">\n\t\t\t\t\t\t\t\t\t<p>Emitir o recibir una factura intracomunitaria implica cumplir con una serie de requisitos legales y fiscales. Los principales son:<\/p>\t\t\t\t\t\t\t\t<\/div>\n\t\t\t\t<\/div>\n\t\t\t\t\t<\/div>\n\t\t\t\t<\/div>\n\t\t<div class=\"elementor-element elementor-element-8ead10a e-flex e-con-boxed e-con e-parent\" data-id=\"8ead10a\" data-element_type=\"container\">\n\t\t\t\t\t<div class=\"e-con-inner\">\n\t\t\t\t<div class=\"elementor-element elementor-element-1b2c20c elementor-widget elementor-widget-heading\" data-id=\"1b2c20c\" data-element_type=\"widget\" data-widget_type=\"heading.default\">\n\t\t\t\t<div class=\"elementor-widget-container\">\n\t\t\t\t\t<h3 class=\"elementor-heading-title elementor-size-default\">1. Estar dado de alta en el ROI<\/h3>\t\t\t\t<\/div>\n\t\t\t\t<\/div>\n\t\t\t\t\t<\/div>\n\t\t\t\t<\/div>\n\t\t<div class=\"elementor-element elementor-element-0f3a043 e-flex e-con-boxed e-con e-parent\" data-id=\"0f3a043\" data-element_type=\"container\">\n\t\t\t\t\t<div class=\"e-con-inner\">\n\t\t\t\t<div class=\"elementor-element elementor-element-67254c4 elementor-widget elementor-widget-text-editor\" data-id=\"67254c4\" data-element_type=\"widget\" data-widget_type=\"text-editor.default\">\n\t\t\t\t<div class=\"elementor-widget-container\">\n\t\t\t\t\t\t\t\t\t<p>El Registro de Operadores Intracomunitarios (ROI) es obligatorio para poder facturar o recibir facturas intracomunitarias sin IVA. Al inscribirse, se obtiene un NIF-IVA intracomunitario, que debe incluirse en la factura.<\/p>\t\t\t\t\t\t\t\t<\/div>\n\t\t\t\t<\/div>\n\t\t\t\t\t<\/div>\n\t\t\t\t<\/div>\n\t\t<div class=\"elementor-element elementor-element-a6b9b93 e-flex e-con-boxed e-con e-parent\" data-id=\"a6b9b93\" data-element_type=\"container\">\n\t\t\t\t\t<div class=\"e-con-inner\">\n\t\t\t\t<div class=\"elementor-element elementor-element-ceceb08 elementor-widget elementor-widget-heading\" data-id=\"ceceb08\" data-element_type=\"widget\" data-widget_type=\"heading.default\">\n\t\t\t\t<div class=\"elementor-widget-container\">\n\t\t\t\t\t<h3 class=\"elementor-heading-title elementor-size-default\">2. Verificar el NIF-IVA del cliente o proveedor<\/h3>\t\t\t\t<\/div>\n\t\t\t\t<\/div>\n\t\t\t\t\t<\/div>\n\t\t\t\t<\/div>\n\t\t<div class=\"elementor-element elementor-element-9ab89aa e-flex e-con-boxed e-con e-parent\" data-id=\"9ab89aa\" data-element_type=\"container\">\n\t\t\t\t\t<div class=\"e-con-inner\">\n\t\t\t\t<div class=\"elementor-element elementor-element-4896b6a elementor-widget elementor-widget-text-editor\" data-id=\"4896b6a\" data-element_type=\"widget\" data-widget_type=\"text-editor.default\">\n\t\t\t\t<div class=\"elementor-widget-container\">\n\t\t\t\t\t\t\t\t\t<p>Antes de emitir una factura intracomunitaria, es necesario comprobar que la otra parte tambi\u00e9n est\u00e1 registrada en el ROI. Esto se puede verificar en la plataforma <a href=\"https:\/\/finanedi.es\/blog\/sistema-vies\/\" target=\"_blank\" rel=\"noopener\">VIES (VAT Information Exchange System)<\/a>.<\/p>\t\t\t\t\t\t\t\t<\/div>\n\t\t\t\t<\/div>\n\t\t\t\t\t<\/div>\n\t\t\t\t<\/div>\n\t\t<div class=\"elementor-element elementor-element-659fc03 e-flex e-con-boxed e-con e-parent\" data-id=\"659fc03\" data-element_type=\"container\">\n\t\t\t\t\t<div class=\"e-con-inner\">\n\t\t\t\t<div class=\"elementor-element elementor-element-4c200cb elementor-widget elementor-widget-heading\" data-id=\"4c200cb\" data-element_type=\"widget\" data-widget_type=\"heading.default\">\n\t\t\t\t<div class=\"elementor-widget-container\">\n\t\t\t\t\t<h3 class=\"elementor-heading-title elementor-size-default\">3. Autorrepercusi\u00f3n del IVA<\/h3>\t\t\t\t<\/div>\n\t\t\t\t<\/div>\n\t\t\t\t\t<\/div>\n\t\t\t\t<\/div>\n\t\t<div class=\"elementor-element elementor-element-91dfe4d e-flex e-con-boxed e-con e-parent\" data-id=\"91dfe4d\" data-element_type=\"container\">\n\t\t\t\t\t<div class=\"e-con-inner\">\n\t\t\t\t<div class=\"elementor-element elementor-element-4683b3d elementor-widget elementor-widget-text-editor\" data-id=\"4683b3d\" data-element_type=\"widget\" data-widget_type=\"text-editor.default\">\n\t\t\t\t<div class=\"elementor-widget-container\">\n\t\t\t\t\t\t\t\t\t<p>En la mayor\u00eda de los casos, las facturas intracomunitarias se emiten sin IVA. El destinatario debe autorrepercutirse el impuesto, es decir, declararlo simult\u00e1neamente como repercutido y soportado en su declaraci\u00f3n de IVA.<\/p>\t\t\t\t\t\t\t\t<\/div>\n\t\t\t\t<\/div>\n\t\t\t\t\t<\/div>\n\t\t\t\t<\/div>\n\t\t<div class=\"elementor-element elementor-element-a890a69 e-flex e-con-boxed e-con e-parent\" data-id=\"a890a69\" data-element_type=\"container\">\n\t\t\t\t\t<div class=\"e-con-inner\">\n\t\t\t\t<div class=\"elementor-element elementor-element-7a31938 elementor-widget elementor-widget-heading\" data-id=\"7a31938\" data-element_type=\"widget\" data-widget_type=\"heading.default\">\n\t\t\t\t<div class=\"elementor-widget-container\">\n\t\t\t\t\t<h3 class=\"elementor-heading-title elementor-size-default\">4. Declaraci\u00f3n en el modelo 349<\/h3>\t\t\t\t<\/div>\n\t\t\t\t<\/div>\n\t\t\t\t\t<\/div>\n\t\t\t\t<\/div>\n\t\t<div class=\"elementor-element elementor-element-4802c90 e-flex e-con-boxed e-con e-parent\" data-id=\"4802c90\" data-element_type=\"container\">\n\t\t\t\t\t<div class=\"e-con-inner\">\n\t\t\t\t<div class=\"elementor-element elementor-element-465e539 elementor-widget elementor-widget-text-editor\" data-id=\"465e539\" data-element_type=\"widget\" data-widget_type=\"text-editor.default\">\n\t\t\t\t<div class=\"elementor-widget-container\">\n\t\t\t\t\t\t\t\t\t<p>Todas las operaciones intracomunitarias deben declararse en el<a href=\"https:\/\/finanedi.es\/blog\/modelo-349-operaciones-intracomunitarias\/\" target=\"_blank\" rel=\"noopener\"> <strong data-start=\"2333\" data-end=\"2347\">modelo 349<\/strong><\/a>, un resumen informativo que Hacienda utiliza para contrastar los datos con otros Estados miembros.<\/p>\t\t\t\t\t\t\t\t<\/div>\n\t\t\t\t<\/div>\n\t\t\t\t\t<\/div>\n\t\t\t\t<\/div>\n\t\t<div class=\"elementor-element elementor-element-723d0de e-flex e-con-boxed e-con e-parent\" data-id=\"723d0de\" data-element_type=\"container\">\n\t\t\t\t\t<div class=\"e-con-inner\">\n\t\t\t\t<div class=\"elementor-element elementor-element-b43b5db elementor-widget elementor-widget-heading\" data-id=\"b43b5db\" data-element_type=\"widget\" data-widget_type=\"heading.default\">\n\t\t\t\t<div class=\"elementor-widget-container\">\n\t\t\t\t\t<h3 class=\"elementor-heading-title elementor-size-default\">5. Inclusi\u00f3n en los libros de IVA<\/h3>\t\t\t\t<\/div>\n\t\t\t\t<\/div>\n\t\t\t\t\t<\/div>\n\t\t\t\t<\/div>\n\t\t<div class=\"elementor-element elementor-element-e91c27e e-flex e-con-boxed e-con e-parent\" data-id=\"e91c27e\" data-element_type=\"container\">\n\t\t\t\t\t<div class=\"e-con-inner\">\n\t\t\t\t<div class=\"elementor-element elementor-element-6664fc1 elementor-widget elementor-widget-text-editor\" data-id=\"6664fc1\" data-element_type=\"widget\" data-widget_type=\"text-editor.default\">\n\t\t\t\t<div class=\"elementor-widget-container\">\n\t\t\t\t\t\t\t\t\t<p>Las facturas intracomunitarias deben registrarse en los <strong data-start=\"2546\" data-end=\"2590\">libros de facturas expedidas y recibidas<\/strong>, tal como establece el SII o el sistema de gesti\u00f3n del IVA.<\/p>\t\t\t\t\t\t\t\t<\/div>\n\t\t\t\t<\/div>\n\t\t\t\t\t<\/div>\n\t\t\t\t<\/div>\n\t\t<div class=\"elementor-element elementor-element-c6cde91 e-flex e-con-boxed e-con e-parent\" data-id=\"c6cde91\" data-element_type=\"container\">\n\t\t\t\t\t<div class=\"e-con-inner\">\n\t\t\t\t<div class=\"elementor-element elementor-element-44c99e6 elementor-widget elementor-widget-spacer\" data-id=\"44c99e6\" data-element_type=\"widget\" data-widget_type=\"spacer.default\">\n\t\t\t\t<div class=\"elementor-widget-container\">\n\t\t\t\t\t\t\t<div class=\"elementor-spacer\">\n\t\t\t<div class=\"elementor-spacer-inner\"><\/div>\n\t\t<\/div>\n\t\t\t\t\t\t<\/div>\n\t\t\t\t<\/div>\n\t\t\t\t\t<\/div>\n\t\t\t\t<\/div>\n\t\t<div class=\"elementor-element elementor-element-151897e e-flex e-con-boxed e-con e-parent\" data-id=\"151897e\" data-element_type=\"container\">\n\t\t\t\t\t<div class=\"e-con-inner\">\n\t\t\t\t<div class=\"elementor-element elementor-element-89712d7 elementor-widget elementor-widget-heading\" data-id=\"89712d7\" data-element_type=\"widget\" data-widget_type=\"heading.default\">\n\t\t\t\t<div class=\"elementor-widget-container\">\n\t\t\t\t\t<h2 class=\"elementor-heading-title elementor-size-default\">Requisitos formales de una factura intracomunitaria<\/h2>\t\t\t\t<\/div>\n\t\t\t\t<\/div>\n\t\t\t\t\t<\/div>\n\t\t\t\t<\/div>\n\t\t<div class=\"elementor-element elementor-element-d0fe462 e-flex e-con-boxed e-con e-parent\" data-id=\"d0fe462\" data-element_type=\"container\">\n\t\t\t\t\t<div class=\"e-con-inner\">\n\t\t\t\t<div class=\"elementor-element elementor-element-d1f1b44 elementor-widget elementor-widget-text-editor\" data-id=\"d1f1b44\" data-element_type=\"widget\" data-widget_type=\"text-editor.default\">\n\t\t\t\t<div class=\"elementor-widget-container\">\n\t\t\t\t\t\t\t\t\t<p data-start=\"2715\" data-end=\"2876\">Adem\u00e1s de los elementos comunes a cualquier factura (n\u00famero, fecha, datos de emisor y receptor, concepto, importe\u2026), una factura intracomunitaria debe incluir:<\/p><ul data-start=\"2878\" data-end=\"3137\"><li data-start=\"2878\" data-end=\"2935\"><p data-start=\"2880\" data-end=\"2935\">El NIF-IVA intracomunitario de emisor y receptor.<\/p><\/li><li data-start=\"2936\" data-end=\"3042\"><p data-start=\"2938\" data-end=\"3042\">La menci\u00f3n de \u201coperaci\u00f3n intracomunitaria exenta de IVA seg\u00fan la Directiva<strong> 2006\/112\/CE\u201d<\/strong> o similar.<\/p><\/li><li data-start=\"3043\" data-end=\"3137\"><p data-start=\"3045\" data-end=\"3137\">En caso de inversi\u00f3n del sujeto pasivo, la expresi\u00f3n \u201cIVA debido por el destinatario\u201d.<\/p><\/li><\/ul>\t\t\t\t\t\t\t\t<\/div>\n\t\t\t\t<\/div>\n\t\t\t\t\t<\/div>\n\t\t\t\t<\/div>\n\t\t<div class=\"elementor-element elementor-element-36d049f e-flex e-con-boxed e-con e-parent\" data-id=\"36d049f\" data-element_type=\"container\">\n\t\t\t\t\t<div class=\"e-con-inner\">\n\t\t\t\t<div class=\"elementor-element elementor-element-f1ac48b elementor-widget elementor-widget-spacer\" data-id=\"f1ac48b\" data-element_type=\"widget\" data-widget_type=\"spacer.default\">\n\t\t\t\t<div class=\"elementor-widget-container\">\n\t\t\t\t\t\t\t<div class=\"elementor-spacer\">\n\t\t\t<div class=\"elementor-spacer-inner\"><\/div>\n\t\t<\/div>\n\t\t\t\t\t\t<\/div>\n\t\t\t\t<\/div>\n\t\t\t\t\t<\/div>\n\t\t\t\t<\/div>\n\t\t<div class=\"elementor-element elementor-element-ab1072b e-flex e-con-boxed e-con e-parent\" data-id=\"ab1072b\" data-element_type=\"container\">\n\t\t\t\t\t<div class=\"e-con-inner\">\n\t\t\t\t<div class=\"elementor-element elementor-element-6d5bf5d elementor-widget elementor-widget-heading\" data-id=\"6d5bf5d\" data-element_type=\"widget\" data-widget_type=\"heading.default\">\n\t\t\t\t<div class=\"elementor-widget-container\">\n\t\t\t\t\t<h2 class=\"elementor-heading-title elementor-size-default\">Ejemplos pr\u00e1cticos de facturas intracomunitarias<\/h2>\t\t\t\t<\/div>\n\t\t\t\t<\/div>\n\t\t\t\t\t<\/div>\n\t\t\t\t<\/div>\n\t\t<div class=\"elementor-element elementor-element-68551bb e-flex e-con-boxed e-con e-parent\" data-id=\"68551bb\" data-element_type=\"container\">\n\t\t\t\t\t<div class=\"e-con-inner\">\n\t\t\t\t<div class=\"elementor-element elementor-element-671bc57 elementor-widget elementor-widget-text-editor\" data-id=\"671bc57\" data-element_type=\"widget\" data-widget_type=\"text-editor.default\">\n\t\t\t\t<div class=\"elementor-widget-container\">\n\t\t\t\t\t\t\t\t\t<p>Veamos algunos supuestos habituales para entender mejor su aplicaci\u00f3n.<\/p>\t\t\t\t\t\t\t\t<\/div>\n\t\t\t\t<\/div>\n\t\t\t\t\t<\/div>\n\t\t\t\t<\/div>\n\t\t<div class=\"elementor-element elementor-element-0930a9b e-flex e-con-boxed e-con e-parent\" data-id=\"0930a9b\" data-element_type=\"container\">\n\t\t\t\t\t<div class=\"e-con-inner\">\n\t\t\t\t<div class=\"elementor-element elementor-element-15708ad elementor-widget elementor-widget-heading\" data-id=\"15708ad\" data-element_type=\"widget\" data-widget_type=\"heading.default\">\n\t\t\t\t<div class=\"elementor-widget-container\">\n\t\t\t\t\t<h3 class=\"elementor-heading-title elementor-size-default\">1: Venta de bienes a una empresa de Francia<\/h3>\t\t\t\t<\/div>\n\t\t\t\t<\/div>\n\t\t\t\t\t<\/div>\n\t\t\t\t<\/div>\n\t\t<div class=\"elementor-element elementor-element-1da863d e-flex e-con-boxed e-con e-parent\" data-id=\"1da863d\" data-element_type=\"container\">\n\t\t\t\t\t<div class=\"e-con-inner\">\n\t\t\t\t<div class=\"elementor-element elementor-element-a107ae4 elementor-widget elementor-widget-text-editor\" data-id=\"a107ae4\" data-element_type=\"widget\" data-widget_type=\"text-editor.default\">\n\t\t\t\t<div class=\"elementor-widget-container\">\n\t\t\t\t\t\t\t\t\t<ul><li data-start=\"3329\" data-end=\"3386\"><p data-start=\"3331\" data-end=\"3386\">Empresa espa\u00f1ola vende maquinaria a empresa francesa.<\/p><\/li><li data-start=\"3387\" data-end=\"3427\"><p data-start=\"3389\" data-end=\"3427\">Ambas est\u00e1n dadas de alta en el ROI.<\/p><\/li><li data-start=\"3428\" data-end=\"3495\"><p data-start=\"3430\" data-end=\"3495\">La factura se emite sin IVA, con los NIF-IVA de ambas empresas.<\/p><\/li><li data-start=\"3496\" data-end=\"3556\"><p data-start=\"3498\" data-end=\"3556\">El comprador franc\u00e9s se autorepercute el IVA en su pa\u00eds.<\/p><\/li><\/ul>\t\t\t\t\t\t\t\t<\/div>\n\t\t\t\t<\/div>\n\t\t\t\t\t<\/div>\n\t\t\t\t<\/div>\n\t\t<div class=\"elementor-element elementor-element-da5759c e-flex e-con-boxed e-con e-parent\" data-id=\"da5759c\" data-element_type=\"container\">\n\t\t\t\t\t<div class=\"e-con-inner\">\n\t\t\t\t<div class=\"elementor-element elementor-element-3d39de1 elementor-widget elementor-widget-heading\" data-id=\"3d39de1\" data-element_type=\"widget\" data-widget_type=\"heading.default\">\n\t\t\t\t<div class=\"elementor-widget-container\">\n\t\t\t\t\t<h2 class=\"elementor-heading-title elementor-size-default\">2: Prestaci\u00f3n de servicios de marketing a una empresa alemana<\/h2>\t\t\t\t<\/div>\n\t\t\t\t<\/div>\n\t\t\t\t\t<\/div>\n\t\t\t\t<\/div>\n\t\t<div class=\"elementor-element elementor-element-129c6c8 e-flex e-con-boxed e-con e-parent\" data-id=\"129c6c8\" data-element_type=\"container\">\n\t\t\t\t\t<div class=\"e-con-inner\">\n\t\t\t\t<div class=\"elementor-element elementor-element-ccf4985 elementor-widget elementor-widget-text-editor\" data-id=\"ccf4985\" data-element_type=\"widget\" data-widget_type=\"text-editor.default\">\n\t\t\t\t<div class=\"elementor-widget-container\">\n\t\t\t\t\t\t\t\t\t<ul><li data-start=\"3634\" data-end=\"3709\"><p data-start=\"3636\" data-end=\"3709\">Un aut\u00f3nomo en Espa\u00f1a presta servicios digitales a una empresa alemana.<\/p><\/li><li data-start=\"3710\" data-end=\"3745\"><p data-start=\"3712\" data-end=\"3745\">Ambas partes figuran en el ROI.<\/p><\/li><li data-start=\"3746\" data-end=\"3818\"><p data-start=\"3748\" data-end=\"3818\">La factura se emite sin IVA, indicando \u201coperaci\u00f3n intracomunitaria\u201d.<\/p><\/li><li data-start=\"3819\" data-end=\"3883\"><p data-start=\"3821\" data-end=\"3883\">El cliente alem\u00e1n se encarga de la autorrepercusi\u00f3n del IVA.<\/p><\/li><\/ul>\t\t\t\t\t\t\t\t<\/div>\n\t\t\t\t<\/div>\n\t\t\t\t\t<\/div>\n\t\t\t\t<\/div>\n\t\t<div class=\"elementor-element elementor-element-b5f5031 e-flex e-con-boxed e-con e-parent\" data-id=\"b5f5031\" data-element_type=\"container\">\n\t\t\t\t\t<div class=\"e-con-inner\">\n\t\t\t\t<div class=\"elementor-element elementor-element-f6d4578 elementor-widget elementor-widget-heading\" data-id=\"f6d4578\" data-element_type=\"widget\" data-widget_type=\"heading.default\">\n\t\t\t\t<div class=\"elementor-widget-container\">\n\t\t\t\t\t<h2 class=\"elementor-heading-title elementor-size-default\">3: Compra de software a una empresa irlandesa<\/h2>\t\t\t\t<\/div>\n\t\t\t\t<\/div>\n\t\t\t\t\t<\/div>\n\t\t\t\t<\/div>\n\t\t<div class=\"elementor-element elementor-element-8a6ccfb e-flex e-con-boxed e-con e-parent\" data-id=\"8a6ccfb\" data-element_type=\"container\">\n\t\t\t\t\t<div class=\"e-con-inner\">\n\t\t\t\t<div class=\"elementor-element elementor-element-442e2a8 elementor-widget elementor-widget-text-editor\" data-id=\"442e2a8\" data-element_type=\"widget\" data-widget_type=\"text-editor.default\">\n\t\t\t\t<div class=\"elementor-widget-container\">\n\t\t\t\t\t\t\t\t\t<ul><li data-start=\"3945\" data-end=\"4018\"><p data-start=\"3947\" data-end=\"4018\">Una pyme espa\u00f1ola adquiere un servicio SaaS a una empresa de Irlanda.<\/p><\/li><li data-start=\"4019\" data-end=\"4049\"><p data-start=\"4021\" data-end=\"4049\">Recibe la factura sin IVA.<\/p><\/li><li data-start=\"4050\" data-end=\"4129\"><p data-start=\"4052\" data-end=\"4129\">La pyme espa\u00f1ola debe autorepercutirse el IVA en su declaraci\u00f3n trimestral.<\/p><\/li><\/ul>\t\t\t\t\t\t\t\t<\/div>\n\t\t\t\t<\/div>\n\t\t\t\t\t<\/div>\n\t\t\t\t<\/div>\n\t\t<div class=\"elementor-element elementor-element-b48229d e-flex e-con-boxed e-con e-parent\" data-id=\"b48229d\" data-element_type=\"container\">\n\t\t\t\t\t<div class=\"e-con-inner\">\n\t\t\t\t<div class=\"elementor-element elementor-element-01dcedf elementor-widget elementor-widget-spacer\" data-id=\"01dcedf\" data-element_type=\"widget\" data-widget_type=\"spacer.default\">\n\t\t\t\t<div class=\"elementor-widget-container\">\n\t\t\t\t\t\t\t<div class=\"elementor-spacer\">\n\t\t\t<div class=\"elementor-spacer-inner\"><\/div>\n\t\t<\/div>\n\t\t\t\t\t\t<\/div>\n\t\t\t\t<\/div>\n\t\t\t\t\t<\/div>\n\t\t\t\t<\/div>\n\t\t<div class=\"elementor-element elementor-element-48e1df0 e-flex e-con-boxed e-con e-parent\" data-id=\"48e1df0\" data-element_type=\"container\">\n\t\t\t\t\t<div class=\"e-con-inner\">\n\t\t\t\t<div class=\"elementor-element elementor-element-b5b74e6 elementor-widget elementor-widget-heading\" data-id=\"b5b74e6\" data-element_type=\"widget\" data-widget_type=\"heading.default\">\n\t\t\t\t<div class=\"elementor-widget-container\">\n\t\t\t\t\t<h2 class=\"elementor-heading-title elementor-size-default\">Errores frecuentes en facturas intracomunitarias<\/h2>\t\t\t\t<\/div>\n\t\t\t\t<\/div>\n\t\t\t\t\t<\/div>\n\t\t\t\t<\/div>\n\t\t<div class=\"elementor-element elementor-element-88a0379 e-flex e-con-boxed e-con e-parent\" data-id=\"88a0379\" data-element_type=\"container\">\n\t\t\t\t\t<div class=\"e-con-inner\">\n\t\t\t\t<div class=\"elementor-element elementor-element-2fb47e0 elementor-widget elementor-widget-text-editor\" data-id=\"2fb47e0\" data-element_type=\"widget\" data-widget_type=\"text-editor.default\">\n\t\t\t\t<div class=\"elementor-widget-container\">\n\t\t\t\t\t\t\t\t\t<ul><li data-start=\"4189\" data-end=\"4253\"><p data-start=\"4192\" data-end=\"4253\"><strong data-start=\"4192\" data-end=\"4223\">No estar inscrito en el ROI<\/strong> antes de emitir la factura.<\/p><\/li><li data-start=\"4254\" data-end=\"4319\"><p data-start=\"4257\" data-end=\"4319\"><strong data-start=\"4257\" data-end=\"4282\">Olvidar el modelo 349<\/strong>, lo que puede conllevar sanciones.<\/p><\/li><li data-start=\"4320\" data-end=\"4377\"><p data-start=\"4323\" data-end=\"4377\"><strong data-start=\"4323\" data-end=\"4352\">Aplicar IVA en la factura<\/strong> cuando no corresponde.<\/p><\/li><li data-start=\"4378\" data-end=\"4440\"><p data-start=\"4381\" data-end=\"4440\"><strong data-start=\"4381\" data-end=\"4408\">No verificar el NIF-IVA<\/strong> de la contraparte en el VIES.<\/p><\/li><\/ul>\t\t\t\t\t\t\t\t<\/div>\n\t\t\t\t<\/div>\n\t\t\t\t\t<\/div>\n\t\t\t\t<\/div>\n\t\t<div class=\"elementor-element elementor-element-a31f959 e-flex e-con-boxed e-con e-parent\" data-id=\"a31f959\" data-element_type=\"container\">\n\t\t\t\t\t<div class=\"e-con-inner\">\n\t\t\t\t<div class=\"elementor-element elementor-element-44ed50a elementor-widget elementor-widget-spacer\" data-id=\"44ed50a\" data-element_type=\"widget\" data-widget_type=\"spacer.default\">\n\t\t\t\t<div class=\"elementor-widget-container\">\n\t\t\t\t\t\t\t<div class=\"elementor-spacer\">\n\t\t\t<div class=\"elementor-spacer-inner\"><\/div>\n\t\t<\/div>\n\t\t\t\t\t\t<\/div>\n\t\t\t\t<\/div>\n\t\t\t\t\t<\/div>\n\t\t\t\t<\/div>\n\t\t<div class=\"elementor-element elementor-element-759b2194 e-flex e-con-boxed e-con e-parent\" data-id=\"759b2194\" data-element_type=\"container\" data-settings=\"{&quot;background_background&quot;:&quot;classic&quot;}\">\n\t\t\t\t\t<div class=\"e-con-inner\">\n\t\t<div class=\"elementor-element elementor-element-11383f1b e-con-full e-flex e-con e-child\" data-id=\"11383f1b\" data-element_type=\"container\">\n\t\t<div class=\"elementor-element elementor-element-10b30dce e-flex e-con-boxed e-con e-child\" data-id=\"10b30dce\" data-element_type=\"container\">\n\t\t\t\t\t<div class=\"e-con-inner\">\n\t\t\t\t<div class=\"elementor-element elementor-element-69e28855 elementor-widget elementor-widget-heading\" data-id=\"69e28855\" data-element_type=\"widget\" data-widget_type=\"heading.default\">\n\t\t\t\t<div class=\"elementor-widget-container\">\n\t\t\t\t\t<h3 class=\"elementor-heading-title elementor-size-default\">Herramientas para impulsar<br>tu negocio<\/h3>\t\t\t\t<\/div>\n\t\t\t\t<\/div>\n\t\t\t\t<div class=\"elementor-element elementor-element-2b82f39e elementor-widget elementor-widget-text-editor\" data-id=\"2b82f39e\" data-element_type=\"widget\" data-widget_type=\"text-editor.default\">\n\t\t\t\t<div class=\"elementor-widget-container\">\n\t\t\t\t\t\t\t\t\t<p>FinanEDI es la soluci\u00f3n en la nube gratuita que permite automatizar y optimizar los procesos financieros, contables y administrativos de tu negocio.<\/p>\t\t\t\t\t\t\t\t<\/div>\n\t\t\t\t<\/div>\n\t\t\t\t<div class=\"elementor-element elementor-element-366202c9 elementor-widget elementor-widget-button\" data-id=\"366202c9\" data-element_type=\"widget\" data-widget_type=\"button.default\">\n\t\t\t\t<div class=\"elementor-widget-container\">\n\t\t\t\t\t\t\t\t\t<div class=\"elementor-button-wrapper\">\n\t\t\t\t\t<a class=\"elementor-button elementor-button-link elementor-size-md\" href=\"https:\/\/finanedi.es\/\" target=\"_blank\">\n\t\t\t\t\t\t<span class=\"elementor-button-content-wrapper\">\n\t\t\t\t\t\t\t\t\t<span class=\"elementor-button-text\">Crear cuenta gratis<\/span>\n\t\t\t\t\t<\/span>\n\t\t\t\t\t<\/a>\n\t\t\t\t<\/div>\n\t\t\t\t\t\t\t\t<\/div>\n\t\t\t\t<\/div>\n\t\t\t\t\t<\/div>\n\t\t\t\t<\/div>\n\t\t\t\t<\/div>\n\t\t<div class=\"elementor-element elementor-element-29ffbb57 e-con-full e-flex e-con e-child\" data-id=\"29ffbb57\" data-element_type=\"container\">\n\t\t\t\t<div class=\"elementor-element elementor-element-71b11fd8 elementor-widget elementor-widget-image\" data-id=\"71b11fd8\" data-element_type=\"widget\" data-widget_type=\"image.default\">\n\t\t\t\t<div class=\"elementor-widget-container\">\n\t\t\t\t\t\t\t\t\t\t\t\t\t\t\t<img fetchpriority=\"high\" decoding=\"async\" width=\"300\" height=\"233\" src=\"https:\/\/finanedi.es\/blog\/contenido\/uploads\/2024\/09\/Dashborad_00115-300x233.png\" class=\"attachment-medium size-medium wp-image-5370\" alt=\"Herramientas para impulsar tu negocio - FinanEDI\" srcset=\"https:\/\/finanedi.es\/blog\/contenido\/uploads\/2024\/09\/Dashborad_00115-300x233.png 300w, https:\/\/finanedi.es\/blog\/contenido\/uploads\/2024\/09\/Dashborad_00115-768x597.png 768w, https:\/\/finanedi.es\/blog\/contenido\/uploads\/2024\/09\/Dashborad_00115.png 900w\" sizes=\"(max-width: 300px) 100vw, 300px\" \/>\t\t\t\t\t\t\t\t\t\t\t\t\t\t\t<\/div>\n\t\t\t\t<\/div>\n\t\t\t\t<\/div>\n\t\t\t\t\t<\/div>\n\t\t\t\t<\/div>\n\t\t<div class=\"elementor-element elementor-element-27e3a82 e-flex e-con-boxed e-con e-parent\" data-id=\"27e3a82\" data-element_type=\"container\">\n\t\t\t\t\t<div class=\"e-con-inner\">\n\t\t\t\t<div class=\"elementor-element elementor-element-0b039bd elementor-widget elementor-widget-spacer\" data-id=\"0b039bd\" data-element_type=\"widget\" data-widget_type=\"spacer.default\">\n\t\t\t\t<div class=\"elementor-widget-container\">\n\t\t\t\t\t\t\t<div class=\"elementor-spacer\">\n\t\t\t<div class=\"elementor-spacer-inner\"><\/div>\n\t\t<\/div>\n\t\t\t\t\t\t<\/div>\n\t\t\t\t<\/div>\n\t\t\t\t\t<\/div>\n\t\t\t\t<\/div>\n\t\t<div class=\"elementor-element elementor-element-b0e9f47 e-flex e-con-boxed e-con e-parent\" data-id=\"b0e9f47\" data-element_type=\"container\">\n\t\t\t\t\t<div class=\"e-con-inner\">\n\t\t\t\t<div class=\"elementor-element elementor-element-d296b25 elementor-widget elementor-widget-text-editor\" data-id=\"d296b25\" data-element_type=\"widget\" data-widget_type=\"text-editor.default\">\n\t\t\t\t<div class=\"elementor-widget-container\">\n\t\t\t\t\t\t\t\t\t<p>Las facturas intracomunitarias son una herramienta clave para las empresas que operan en la UE, pero requieren un cumplimiento riguroso de las normas fiscales. Conocer sus obligaciones, registrar correctamente las operaciones y declarar en el modelo 349 es esencial para evitar problemas con Hacienda.<\/p>\t\t\t\t\t\t\t\t<\/div>\n\t\t\t\t<\/div>\n\t\t\t\t\t<\/div>\n\t\t\t\t<\/div>\n\t\t<div class=\"elementor-element elementor-element-194e96a4 e-flex e-con-boxed e-con e-parent\" data-id=\"194e96a4\" data-element_type=\"container\">\n\t\t\t\t\t<div class=\"e-con-inner\">\n\t\t<div class=\"elementor-element elementor-element-5c23f099 e-flex e-con-boxed e-con e-child\" data-id=\"5c23f099\" data-element_type=\"container\">\n\t\t\t\t\t<div class=\"e-con-inner\">\n\t\t\t\t<div class=\"elementor-element elementor-element-58177f09 elementor-widget elementor-widget-heading\" data-id=\"58177f09\" data-element_type=\"widget\" data-widget_type=\"heading.default\">\n\t\t\t\t<div class=\"elementor-widget-container\">\n\t\t\t\t\t<h3 class=\"elementor-heading-title elementor-size-default\">Preguntas frecuentes<\/h3>\t\t\t\t<\/div>\n\t\t\t\t<\/div>\n\t\t\t\t\t<\/div>\n\t\t\t\t<\/div>\n\t\t<div class=\"elementor-element elementor-element-47243470 e-flex e-con-boxed e-con e-child\" data-id=\"47243470\" data-element_type=\"container\">\n\t\t\t\t\t<div class=\"e-con-inner\">\n\t\t\t\t<div class=\"elementor-element elementor-element-1aefc2be elementor-widget elementor-widget-heading\" data-id=\"1aefc2be\" data-element_type=\"widget\" data-widget_type=\"heading.default\">\n\t\t\t\t<div class=\"elementor-widget-container\">\n\t\t\t\t\t<h4 class=\"elementor-heading-title elementor-size-default\">\u00bfQu\u00e9 pasa si no estoy dado de alta en el ROI?<\/h4>\t\t\t\t<\/div>\n\t\t\t\t<\/div>\n\t\t\t\t<div class=\"elementor-element elementor-element-20dd0135 elementor-widget elementor-widget-text-editor\" data-id=\"20dd0135\" data-element_type=\"widget\" data-widget_type=\"text-editor.default\">\n\t\t\t\t<div class=\"elementor-widget-container\">\n\t\t\t\t\t\t\t\t\t<p>No podr\u00e1s emitir facturas intracomunitarias sin IVA y deber\u00e1s facturar con IVA espa\u00f1ol, lo que puede generar problemas fiscales.<\/p>\t\t\t\t\t\t\t\t<\/div>\n\t\t\t\t<\/div>\n\t\t\t\t\t<\/div>\n\t\t\t\t<\/div>\n\t\t<div class=\"elementor-element elementor-element-1d7d22bd e-flex e-con-boxed e-con e-child\" data-id=\"1d7d22bd\" data-element_type=\"container\">\n\t\t\t\t\t<div class=\"e-con-inner\">\n\t\t\t\t<div class=\"elementor-element elementor-element-736dd8f3 elementor-widget elementor-widget-heading\" data-id=\"736dd8f3\" data-element_type=\"widget\" data-widget_type=\"heading.default\">\n\t\t\t\t<div class=\"elementor-widget-container\">\n\t\t\t\t\t<h4 class=\"elementor-heading-title elementor-size-default\">\u00bfSiempre van sin IVA las facturas intracomunitarias?<\/h4>\t\t\t\t<\/div>\n\t\t\t\t<\/div>\n\t\t\t\t<div class=\"elementor-element elementor-element-74183aab elementor-widget elementor-widget-text-editor\" data-id=\"74183aab\" data-element_type=\"widget\" data-widget_type=\"text-editor.default\">\n\t\t\t\t<div class=\"elementor-widget-container\">\n\t\t\t\t\t\t\t\t\t<p data-start=\"5192\" data-end=\"5361\">No. Existen excepciones, por ejemplo, en servicios relacionados con inmuebles o en ventas a particulares.<\/p>\t\t\t\t\t\t\t\t<\/div>\n\t\t\t\t<\/div>\n\t\t\t\t\t<\/div>\n\t\t\t\t<\/div>\n\t\t<div class=\"elementor-element elementor-element-51342af0 e-flex e-con-boxed e-con e-child\" data-id=\"51342af0\" data-element_type=\"container\">\n\t\t\t\t\t<div class=\"e-con-inner\">\n\t\t\t\t<div class=\"elementor-element elementor-element-4fa7f3a8 elementor-widget elementor-widget-heading\" data-id=\"4fa7f3a8\" data-element_type=\"widget\" data-widget_type=\"heading.default\">\n\t\t\t\t<div class=\"elementor-widget-container\">\n\t\t\t\t\t<h4 class=\"elementor-heading-title elementor-size-default\">\u00bfQu\u00e9 es la autorrepercusi\u00f3n del IVA?<\/h4>\t\t\t\t<\/div>\n\t\t\t\t<\/div>\n\t\t\t\t<div class=\"elementor-element elementor-element-157ff390 elementor-widget elementor-widget-text-editor\" data-id=\"157ff390\" data-element_type=\"widget\" data-widget_type=\"text-editor.default\">\n\t\t\t\t<div class=\"elementor-widget-container\">\n\t\t\t\t\t\t\t\t\t<p>Es la obligaci\u00f3n del destinatario de una factura intracomunitaria de declarar simult\u00e1neamente el IVA repercutido y soportado en su pa\u00eds.<\/p>\t\t\t\t\t\t\t\t<\/div>\n\t\t\t\t<\/div>\n\t\t\t\t\t<\/div>\n\t\t\t\t<\/div>\n\t\t<div class=\"elementor-element elementor-element-70bc08ba e-flex e-con-boxed e-con e-child\" data-id=\"70bc08ba\" data-element_type=\"container\">\n\t\t\t\t\t<div class=\"e-con-inner\">\n\t\t\t\t<div class=\"elementor-element elementor-element-1f6fe0e elementor-widget elementor-widget-heading\" data-id=\"1f6fe0e\" data-element_type=\"widget\" data-widget_type=\"heading.default\">\n\t\t\t\t<div class=\"elementor-widget-container\">\n\t\t\t\t\t<h4 class=\"elementor-heading-title elementor-size-default\">\u00bfD\u00f3nde se comprueba el NIF-IVA de un cliente europeo?<\/h4>\t\t\t\t<\/div>\n\t\t\t\t<\/div>\n\t\t\t\t<div class=\"elementor-element elementor-element-4b60f9d9 elementor-widget elementor-widget-text-editor\" data-id=\"4b60f9d9\" data-element_type=\"widget\" data-widget_type=\"text-editor.default\">\n\t\t\t\t<div class=\"elementor-widget-container\">\n\t\t\t\t\t\t\t\t\t<p>En el sistema VIES de la Comisi\u00f3n Europea.<\/p>\t\t\t\t\t\t\t\t<\/div>\n\t\t\t\t<\/div>\n\t\t\t\t\t<\/div>\n\t\t\t\t<\/div>\n\t\t<div class=\"elementor-element elementor-element-c75f9ec e-flex e-con-boxed e-con e-child\" data-id=\"c75f9ec\" data-element_type=\"container\">\n\t\t\t\t\t<div class=\"e-con-inner\">\n\t\t\t\t<div class=\"elementor-element elementor-element-12cd75d elementor-widget elementor-widget-heading\" data-id=\"12cd75d\" data-element_type=\"widget\" data-widget_type=\"heading.default\">\n\t\t\t\t<div class=\"elementor-widget-container\">\n\t\t\t\t\t<h4 class=\"elementor-heading-title elementor-size-default\">\u00bfHay sanciones por no presentar el modelo 349?<\/h4>\t\t\t\t<\/div>\n\t\t\t\t<\/div>\n\t\t\t\t<div class=\"elementor-element elementor-element-566d610 elementor-widget elementor-widget-text-editor\" data-id=\"566d610\" data-element_type=\"widget\" data-widget_type=\"text-editor.default\">\n\t\t\t\t<div class=\"elementor-widget-container\">\n\t\t\t\t\t\t\t\t\t<p>S\u00ed. Hacienda puede imponer sanciones econ\u00f3micas por incumplimiento de esta obligaci\u00f3n informativa.<\/p>\t\t\t\t\t\t\t\t<\/div>\n\t\t\t\t<\/div>\n\t\t\t\t\t<\/div>\n\t\t\t\t<\/div>\n\t\t\t\t\t<\/div>\n\t\t\t\t<\/div>\n\t\t<div class=\"elementor-element elementor-element-52be79d7 e-flex e-con-boxed e-con e-parent\" data-id=\"52be79d7\" data-element_type=\"container\">\n\t\t\t\t\t<div class=\"e-con-inner\">\n\t\t<div class=\"elementor-element elementor-element-6f734b01 e-con-full e-flex e-con e-child\" data-id=\"6f734b01\" data-element_type=\"container\">\n\t\t\t\t<div class=\"elementor-element elementor-element-203eb48b elementor-widget elementor-widget-spacer\" data-id=\"203eb48b\" data-element_type=\"widget\" data-widget_type=\"spacer.default\">\n\t\t\t\t<div class=\"elementor-widget-container\">\n\t\t\t\t\t\t\t<div class=\"elementor-spacer\">\n\t\t\t<div class=\"elementor-spacer-inner\"><\/div>\n\t\t<\/div>\n\t\t\t\t\t\t<\/div>\n\t\t\t\t<\/div>\n\t\t\t\t<\/div>\n\t\t<div class=\"elementor-element elementor-element-744df4eb e-con-full e-flex e-con e-child\" data-id=\"744df4eb\" data-element_type=\"container\">\n\t\t\t\t<div class=\"elementor-element elementor-element-3d69d8dd elementor-widget elementor-widget-heading\" data-id=\"3d69d8dd\" data-element_type=\"widget\" data-widget_type=\"heading.default\">\n\t\t\t\t<div class=\"elementor-widget-container\">\n\t\t\t\t\t<h3 class=\"elementor-heading-title elementor-size-default\">No te pierdas...<\/h3>\t\t\t\t<\/div>\n\t\t\t\t<\/div>\n\t\t\t\t<\/div>\n\t\t<div class=\"elementor-element elementor-element-2c4accb0 e-con-full e-flex e-con e-child\" data-id=\"2c4accb0\" data-element_type=\"container\">\n\t\t\t\t<div class=\"elementor-element elementor-element-62acfbc elementor-widget elementor-widget-katen-post-five\" data-id=\"62acfbc\" data-element_type=\"widget\" data-widget_type=\"katen-post-five.default\">\n\t\t\t\t<div class=\"elementor-widget-container\">\n\t\t\t\t\t\t\t<div class=\"padding-30 rounded bordered\">\n\n\t\t\t<div class=\"row infinite-wrapper\">\n\n\t\t\t\n\t\t\t\t<div class=\"col-md-12 col-sm-6 post-list-item post-item\">\n\t\t\t\t\t<!-- post -->\n\t\t\t\t\t<div class=\"post post-list clearfix\">\n\n\t\t\t\t\t\t<div class=\"thumb rounded\"><div class=\"inner\"><a href=\"https:\/\/finanedi.es\/blog\/recibo-de-pago-que-es-para-que-sirve-y-como-hacerlo-correctamente\/\"><img decoding=\"async\" width=\"330\" height=\"250\" src=\"https:\/\/finanedi.es\/blog\/contenido\/uploads\/2025\/04\/Recibo-de-pago-330x250.jpg\" class=\"attachment-katen-thumb-list size-katen-thumb-list wp-post-image\" alt=\"\u00bfQu\u00e9 es un recibo de pago?\u200b\" \/><\/a><\/div><\/div>  \n\n\t\t\t\t\t\t<div class=\"details clearfix\">\n\t\t\t\t\t\t\t<ul class=\"meta list-inline mb-3\">\n\t\t\t\t\t\t\t\t<li class=\"list-inline-item\"><a href=\"https:\/\/finanedi.es\/blog\/category\/facturacion\/\">Facturaci\u00f3n<\/a><\/li>\t\t\t\t\t\t\t<\/ul>\n\t\t\t\t\t\t\t<h5 class=\"post-title\"><a href=\"https:\/\/finanedi.es\/blog\/recibo-de-pago-que-es-para-que-sirve-y-como-hacerlo-correctamente\/\">Recibo de pago: qu\u00e9 es, para qu\u00e9 sirve y c\u00f3mo hacerlo correctamente<\/a><\/h5>\n\t\t\t\t\t\t\t<p class=\"excerpt mb-0\">\n\t\t\t\t\t\t\t\tEn el d\u00eda a d\u00eda de cualquier negocio, es habitual realizar pagos por servicios prestados,&hellip;\t\t\t\t\t\t\t<\/p>\n\t\t\t\t\t\t\t<div class=\"post-bottom clearfix d-flex align-items-center\">\n\t\t\t\t\t\t\t\t\t\t\t\t\t\t\t\t\t\t\t\t\t\t\t<\/div>\n\t\t\t\t\t\t<\/div>\n\t\t\t\t\t<\/div>\n\t\t\t\t<\/div>\n\n\t\t\t\n\t\t\t\t<div class=\"col-md-12 col-sm-6 post-list-item post-item\">\n\t\t\t\t\t<!-- post -->\n\t\t\t\t\t<div class=\"post post-list clearfix\">\n\n\t\t\t\t\t\t<div class=\"thumb rounded\"><div class=\"inner\"><a href=\"https:\/\/finanedi.es\/blog\/anfix-alternativa\/\"><img decoding=\"async\" width=\"330\" height=\"250\" src=\"https:\/\/finanedi.es\/blog\/contenido\/uploads\/2024\/12\/Altenativa-Anfix-1-330x250.jpg\" class=\"attachment-katen-thumb-list size-katen-thumb-list wp-post-image\" alt=\"Anfix vs. FinanEDI: \u00bfCu\u00e1l es la mejor opci\u00f3n para tu negocio?\" \/><\/a><\/div><\/div>  \n\n\t\t\t\t\t\t<div class=\"details clearfix\">\n\t\t\t\t\t\t\t<ul class=\"meta list-inline mb-3\">\n\t\t\t\t\t\t\t\t<li class=\"list-inline-item\"><a href=\"https:\/\/finanedi.es\/blog\/category\/facturacion\/\">Facturaci\u00f3n<\/a><\/li>\t\t\t\t\t\t\t<\/ul>\n\t\t\t\t\t\t\t<h5 class=\"post-title\"><a href=\"https:\/\/finanedi.es\/blog\/anfix-alternativa\/\">Anfix vs. FinanEDI: \u00bfCu\u00e1l es la mejor opci\u00f3n para tu negocio?<\/a><\/h5>\n\t\t\t\t\t\t\t<p class=\"excerpt mb-0\">\n\t\t\t\t\t\t\t\tEn este art\u00edculo, comparamos FinanEDI con uno de los programas de gesti\u00f3n y facturaci\u00f3n de&hellip;\t\t\t\t\t\t\t<\/p>\n\t\t\t\t\t\t\t<div class=\"post-bottom clearfix d-flex align-items-center\">\n\t\t\t\t\t\t\t\t\t\t\t\t\t\t\t\t\t\t\t\t\t\t\t<\/div>\n\t\t\t\t\t\t<\/div>\n\t\t\t\t\t<\/div>\n\t\t\t\t<\/div>\n\n\t\t\t\n\t\t\t\t<div class=\"col-md-12 col-sm-6 post-list-item post-item\">\n\t\t\t\t\t<!-- post -->\n\t\t\t\t\t<div class=\"post post-list clearfix\">\n\n\t\t\t\t\t\t<div class=\"thumb rounded\"><div class=\"inner\"><a href=\"https:\/\/finanedi.es\/blog\/si-usas-excel-o-word-para-facturar-eso-se-acabo-top-programas-de-facturacion\/\"><img loading=\"lazy\" decoding=\"async\" width=\"330\" height=\"250\" src=\"https:\/\/finanedi.es\/blog\/contenido\/uploads\/2025\/09\/Si-usas-Excel-o-Word-para-facturar-eso-se-acabo-Top-programas-de-facturacion-330x250.jpg\" class=\"attachment-katen-thumb-list size-katen-thumb-list wp-post-image\" alt=\"Top programas de facturaci\u00f3n| Si usas Excel o Word para facturar, eso se acab\u00f3\" \/><\/a><\/div><\/div>  \n\n\t\t\t\t\t\t<div class=\"details clearfix\">\n\t\t\t\t\t\t\t<ul class=\"meta list-inline mb-3\">\n\t\t\t\t\t\t\t\t<li class=\"list-inline-item\"><a href=\"https:\/\/finanedi.es\/blog\/category\/facturacion\/\">Facturaci\u00f3n<\/a><\/li>\t\t\t\t\t\t\t<\/ul>\n\t\t\t\t\t\t\t<h5 class=\"post-title\"><a href=\"https:\/\/finanedi.es\/blog\/si-usas-excel-o-word-para-facturar-eso-se-acabo-top-programas-de-facturacion\/\">Si usas Excel o Word para facturar, eso se acab\u00f3 &#8211; Top programas de facturaci\u00f3n<\/a><\/h5>\n\t\t\t\t\t\t\t<p class=\"excerpt mb-0\">\n\t\t\t\t\t\t\t\tLa factura electr\u00f3nica obligatoria ya es una realidad en Espa\u00f1a. Si hasta ahora te defend\u00edas&hellip;\t\t\t\t\t\t\t<\/p>\n\t\t\t\t\t\t\t<div class=\"post-bottom clearfix d-flex align-items-center\">\n\t\t\t\t\t\t\t\t\t\t\t\t\t\t\t\t\t\t\t\t\t\t\t<\/div>\n\t\t\t\t\t\t<\/div>\n\t\t\t\t\t<\/div>\n\t\t\t\t<\/div>\n\n\t\t\t\n\t\t\t\t<div class=\"col-md-12 col-sm-6 post-list-item post-item\">\n\t\t\t\t\t<!-- post -->\n\t\t\t\t\t<div class=\"post post-list clearfix\">\n\n\t\t\t\t\t\t<div class=\"thumb rounded\"><div class=\"inner\"><a href=\"https:\/\/finanedi.es\/blog\/que-es-el-sii\/\"><img loading=\"lazy\" decoding=\"async\" width=\"330\" height=\"250\" src=\"https:\/\/finanedi.es\/blog\/contenido\/uploads\/2025\/02\/Que-es-el-SII-y-como-afecta-a-tu-facturacion-330x250.jpg\" class=\"attachment-katen-thumb-list size-katen-thumb-list wp-post-image\" alt=\"Qu\u00e9 es el SII y c\u00f3mo afecta a tu facturaci\u00f3n\" \/><\/a><\/div><\/div>  \n\n\t\t\t\t\t\t<div class=\"details clearfix\">\n\t\t\t\t\t\t\t<ul class=\"meta list-inline mb-3\">\n\t\t\t\t\t\t\t\t<li class=\"list-inline-item\"><a href=\"https:\/\/finanedi.es\/blog\/category\/facturacion\/\">Facturaci\u00f3n<\/a><\/li>\t\t\t\t\t\t\t<\/ul>\n\t\t\t\t\t\t\t<h5 class=\"post-title\"><a href=\"https:\/\/finanedi.es\/blog\/que-es-el-sii\/\">Qu\u00e9 es el SII y c\u00f3mo afecta a tu facturaci\u00f3n<\/a><\/h5>\n\t\t\t\t\t\t\t<p class=\"excerpt mb-0\">\n\t\t\t\t\t\t\t\tEl entorno de la facturaci\u00f3n y la contabilidad empresarial en Espa\u00f1a ha evolucionado significativamente en&hellip;\t\t\t\t\t\t\t<\/p>\n\t\t\t\t\t\t\t<div class=\"post-bottom clearfix d-flex align-items-center\">\n\t\t\t\t\t\t\t\t\t\t\t\t\t\t\t\t\t\t\t\t\t\t\t<\/div>\n\t\t\t\t\t\t<\/div>\n\t\t\t\t\t<\/div>\n\t\t\t\t<\/div>\n\n\t\t\t\n\t\t\t<\/div>\n\n\t\t<\/div>\n\t\t\n        \t\t\t\t<\/div>\n\t\t\t\t<\/div>\n\t\t\t\t<\/div>\n\t\t\t\t\t<\/div>\n\t\t\t\t<\/div>\n\t\t\t\t<\/div>\n\t\t","protected":false},"excerpt":{"rendered":"<p>Las operaciones intracomunitarias forman parte del d\u00eda a d\u00eda de muchas pymes y aut\u00f3nomos que trabajan con clientes y proveedores dentro de la Uni\u00f3n Europea. Sin embargo, emitir y contabilizar facturas intracomunitarias no es tan sencillo como las nacionales, ya que tienen particularidades fiscales y legales que es importante conocer para evitar sanciones o errores en la declaraci\u00f3n de impuestos.<\/p>\n","protected":false},"author":3,"featured_media":11551,"comment_status":"closed","ping_status":"open","sticky":false,"template":"","format":"standard","meta":{"_monsterinsights_skip_tracking":false,"_monsterinsights_sitenote_active":false,"_monsterinsights_sitenote_note":"","_monsterinsights_sitenote_category":0,"footnotes":""},"categories":[4],"tags":[],"class_list":["post-11548","post","type-post","status-publish","format-standard","has-post-thumbnail","hentry","category-facturacion"],"yoast_head":"<!-- This site is optimized with the Yoast SEO plugin v26.2 - https:\/\/yoast.com\/wordpress\/plugins\/seo\/ -->\n<title>Facturas intracomunitarias: obligaciones y ejemplos pr\u00e1cticos<\/title>\n<meta name=\"description\" content=\"Descubre c\u00f3mo emitir facturas intracomunitarias, sus obligaciones fiscales y ejemplos pr\u00e1cticos para pymes y aut\u00f3nomos.\" \/>\n<meta name=\"robots\" content=\"index, follow, max-snippet:-1, max-image-preview:large, max-video-preview:-1\" \/>\n<link rel=\"canonical\" href=\"https:\/\/finanedi.es\/blog\/facturas-intracomunitarias-obligaciones-y-ejemplos-practicos\/\" \/>\n<meta property=\"og:locale\" content=\"es_ES\" \/>\n<meta property=\"og:type\" content=\"article\" \/>\n<meta property=\"og:title\" content=\"Facturas intracomunitarias: obligaciones y ejemplos pr\u00e1cticos\" \/>\n<meta property=\"og:description\" content=\"Descubre c\u00f3mo emitir facturas intracomunitarias, sus obligaciones fiscales y ejemplos pr\u00e1cticos para pymes y aut\u00f3nomos.\" \/>\n<meta property=\"og:url\" content=\"https:\/\/finanedi.es\/blog\/facturas-intracomunitarias-obligaciones-y-ejemplos-practicos\/\" \/>\n<meta property=\"og:site_name\" content=\"Blog para pymes y aut\u00f3nomos - FinanEDI\" \/>\n<meta property=\"article:published_time\" content=\"2025-08-21T08:49:56+00:00\" \/>\n<meta property=\"article:modified_time\" content=\"2025-08-21T09:02:47+00:00\" \/>\n<meta property=\"og:image\" content=\"https:\/\/finanedi.es\/blog\/contenido\/uploads\/2025\/08\/Facturas-intracomunitarias-obligaciones-y-ejemplos-practicos.jpg\" \/>\n\t<meta property=\"og:image:width\" content=\"1800\" \/>\n\t<meta property=\"og:image:height\" content=\"1200\" \/>\n\t<meta property=\"og:image:type\" content=\"image\/jpeg\" \/>\n<meta name=\"author\" content=\"restevez\" \/>\n<meta name=\"twitter:card\" content=\"summary_large_image\" \/>\n<meta name=\"twitter:label1\" content=\"Escrito por\" \/>\n\t<meta name=\"twitter:data1\" content=\"restevez\" \/>\n\t<meta name=\"twitter:label2\" content=\"Tiempo de lectura\" \/>\n\t<meta name=\"twitter:data2\" content=\"6 minutos\" \/>\n<script type=\"application\/ld+json\" class=\"yoast-schema-graph\">{\"@context\":\"https:\/\/schema.org\",\"@graph\":[{\"@type\":\"Article\",\"@id\":\"https:\/\/finanedi.es\/blog\/facturas-intracomunitarias-obligaciones-y-ejemplos-practicos\/#article\",\"isPartOf\":{\"@id\":\"https:\/\/finanedi.es\/blog\/facturas-intracomunitarias-obligaciones-y-ejemplos-practicos\/\"},\"author\":{\"name\":\"restevez\",\"@id\":\"https:\/\/finanedi.es\/blog\/#\/schema\/person\/233ed58195d34f36f74f13ba1030ebd8\"},\"headline\":\"Facturas intracomunitarias: obligaciones y ejemplos pr\u00e1cticos\",\"datePublished\":\"2025-08-21T08:49:56+00:00\",\"dateModified\":\"2025-08-21T09:02:47+00:00\",\"mainEntityOfPage\":{\"@id\":\"https:\/\/finanedi.es\/blog\/facturas-intracomunitarias-obligaciones-y-ejemplos-practicos\/\"},\"wordCount\":946,\"publisher\":{\"@id\":\"https:\/\/finanedi.es\/blog\/#organization\"},\"image\":{\"@id\":\"https:\/\/finanedi.es\/blog\/facturas-intracomunitarias-obligaciones-y-ejemplos-practicos\/#primaryimage\"},\"thumbnailUrl\":\"https:\/\/finanedi.es\/blog\/contenido\/uploads\/2025\/08\/Facturas-intracomunitarias-obligaciones-y-ejemplos-practicos.jpg\",\"articleSection\":[\"Facturaci\u00f3n\"],\"inLanguage\":\"es\"},{\"@type\":\"WebPage\",\"@id\":\"https:\/\/finanedi.es\/blog\/facturas-intracomunitarias-obligaciones-y-ejemplos-practicos\/\",\"url\":\"https:\/\/finanedi.es\/blog\/facturas-intracomunitarias-obligaciones-y-ejemplos-practicos\/\",\"name\":\"Facturas intracomunitarias: obligaciones y ejemplos pr\u00e1cticos\",\"isPartOf\":{\"@id\":\"https:\/\/finanedi.es\/blog\/#website\"},\"primaryImageOfPage\":{\"@id\":\"https:\/\/finanedi.es\/blog\/facturas-intracomunitarias-obligaciones-y-ejemplos-practicos\/#primaryimage\"},\"image\":{\"@id\":\"https:\/\/finanedi.es\/blog\/facturas-intracomunitarias-obligaciones-y-ejemplos-practicos\/#primaryimage\"},\"thumbnailUrl\":\"https:\/\/finanedi.es\/blog\/contenido\/uploads\/2025\/08\/Facturas-intracomunitarias-obligaciones-y-ejemplos-practicos.jpg\",\"datePublished\":\"2025-08-21T08:49:56+00:00\",\"dateModified\":\"2025-08-21T09:02:47+00:00\",\"description\":\"Descubre c\u00f3mo emitir facturas intracomunitarias, sus obligaciones fiscales y ejemplos pr\u00e1cticos para pymes y aut\u00f3nomos.\",\"breadcrumb\":{\"@id\":\"https:\/\/finanedi.es\/blog\/facturas-intracomunitarias-obligaciones-y-ejemplos-practicos\/#breadcrumb\"},\"inLanguage\":\"es\",\"potentialAction\":[{\"@type\":\"ReadAction\",\"target\":[\"https:\/\/finanedi.es\/blog\/facturas-intracomunitarias-obligaciones-y-ejemplos-practicos\/\"]}]},{\"@type\":\"ImageObject\",\"inLanguage\":\"es\",\"@id\":\"https:\/\/finanedi.es\/blog\/facturas-intracomunitarias-obligaciones-y-ejemplos-practicos\/#primaryimage\",\"url\":\"https:\/\/finanedi.es\/blog\/contenido\/uploads\/2025\/08\/Facturas-intracomunitarias-obligaciones-y-ejemplos-practicos.jpg\",\"contentUrl\":\"https:\/\/finanedi.es\/blog\/contenido\/uploads\/2025\/08\/Facturas-intracomunitarias-obligaciones-y-ejemplos-practicos.jpg\",\"width\":1800,\"height\":1200,\"caption\":\"Facturas intracomunitarias obligaciones y ejemplos pr\u00e1cticos\"},{\"@type\":\"BreadcrumbList\",\"@id\":\"https:\/\/finanedi.es\/blog\/facturas-intracomunitarias-obligaciones-y-ejemplos-practicos\/#breadcrumb\",\"itemListElement\":[{\"@type\":\"ListItem\",\"position\":1,\"name\":\"Home\",\"item\":\"https:\/\/finanedi.es\/blog\/\"},{\"@type\":\"ListItem\",\"position\":2,\"name\":\"Facturas intracomunitarias: obligaciones y ejemplos pr\u00e1cticos\"}]},{\"@type\":\"WebSite\",\"@id\":\"https:\/\/finanedi.es\/blog\/#website\",\"url\":\"https:\/\/finanedi.es\/blog\/\",\"name\":\"Blog para pymes y aut\u00f3nomos - FinanEDI\",\"description\":\"Blog para aut\u00f3nomos y PYMES, sobre temas como facturaci\u00f3n, contabilidad, tecnolog\u00eda.\",\"publisher\":{\"@id\":\"https:\/\/finanedi.es\/blog\/#organization\"},\"potentialAction\":[{\"@type\":\"SearchAction\",\"target\":{\"@type\":\"EntryPoint\",\"urlTemplate\":\"https:\/\/finanedi.es\/blog\/?s={search_term_string}\"},\"query-input\":{\"@type\":\"PropertyValueSpecification\",\"valueRequired\":true,\"valueName\":\"search_term_string\"}}],\"inLanguage\":\"es\"},{\"@type\":\"Organization\",\"@id\":\"https:\/\/finanedi.es\/blog\/#organization\",\"name\":\"Blog para pymes y aut\u00f3nomos - FinanEDI\",\"url\":\"https:\/\/finanedi.es\/blog\/\",\"logo\":{\"@type\":\"ImageObject\",\"inLanguage\":\"es\",\"@id\":\"https:\/\/finanedi.es\/blog\/#\/schema\/logo\/image\/\",\"url\":\"https:\/\/finanedi.es\/blog\/contenido\/uploads\/2024\/02\/FinanEdiAzul1.svg\",\"contentUrl\":\"https:\/\/finanedi.es\/blog\/contenido\/uploads\/2024\/02\/FinanEdiAzul1.svg\",\"width\":142,\"height\":36,\"caption\":\"Blog para pymes y aut\u00f3nomos - FinanEDI\"},\"image\":{\"@id\":\"https:\/\/finanedi.es\/blog\/#\/schema\/logo\/image\/\"}},{\"@type\":\"Person\",\"@id\":\"https:\/\/finanedi.es\/blog\/#\/schema\/person\/233ed58195d34f36f74f13ba1030ebd8\",\"name\":\"restevez\",\"image\":{\"@type\":\"ImageObject\",\"inLanguage\":\"es\",\"@id\":\"https:\/\/finanedi.es\/blog\/#\/schema\/person\/image\/\",\"url\":\"https:\/\/secure.gravatar.com\/avatar\/6c4880db9746e4aa887a98e0ebf657788804dc4280120ef10331a2e6ebb4a9a0?s=96&d=mm&r=g\",\"contentUrl\":\"https:\/\/secure.gravatar.com\/avatar\/6c4880db9746e4aa887a98e0ebf657788804dc4280120ef10331a2e6ebb4a9a0?s=96&d=mm&r=g\",\"caption\":\"restevez\"},\"url\":\"https:\/\/finanedi.es\/blog\/author\/restevez\/\"}]}<\/script>\n<!-- \/ Yoast SEO plugin. -->","yoast_head_json":{"title":"Facturas intracomunitarias: obligaciones y ejemplos pr\u00e1cticos","description":"Descubre c\u00f3mo emitir facturas intracomunitarias, sus obligaciones fiscales y ejemplos pr\u00e1cticos para pymes y aut\u00f3nomos.","robots":{"index":"index","follow":"follow","max-snippet":"max-snippet:-1","max-image-preview":"max-image-preview:large","max-video-preview":"max-video-preview:-1"},"canonical":"https:\/\/finanedi.es\/blog\/facturas-intracomunitarias-obligaciones-y-ejemplos-practicos\/","og_locale":"es_ES","og_type":"article","og_title":"Facturas intracomunitarias: obligaciones y ejemplos pr\u00e1cticos","og_description":"Descubre c\u00f3mo emitir facturas intracomunitarias, sus obligaciones fiscales y ejemplos pr\u00e1cticos para pymes y aut\u00f3nomos.","og_url":"https:\/\/finanedi.es\/blog\/facturas-intracomunitarias-obligaciones-y-ejemplos-practicos\/","og_site_name":"Blog para pymes y aut\u00f3nomos - FinanEDI","article_published_time":"2025-08-21T08:49:56+00:00","article_modified_time":"2025-08-21T09:02:47+00:00","og_image":[{"width":1800,"height":1200,"url":"https:\/\/finanedi.es\/blog\/contenido\/uploads\/2025\/08\/Facturas-intracomunitarias-obligaciones-y-ejemplos-practicos.jpg","type":"image\/jpeg"}],"author":"restevez","twitter_card":"summary_large_image","twitter_misc":{"Escrito por":"restevez","Tiempo de lectura":"6 minutos"},"schema":{"@context":"https:\/\/schema.org","@graph":[{"@type":"Article","@id":"https:\/\/finanedi.es\/blog\/facturas-intracomunitarias-obligaciones-y-ejemplos-practicos\/#article","isPartOf":{"@id":"https:\/\/finanedi.es\/blog\/facturas-intracomunitarias-obligaciones-y-ejemplos-practicos\/"},"author":{"name":"restevez","@id":"https:\/\/finanedi.es\/blog\/#\/schema\/person\/233ed58195d34f36f74f13ba1030ebd8"},"headline":"Facturas intracomunitarias: obligaciones y ejemplos pr\u00e1cticos","datePublished":"2025-08-21T08:49:56+00:00","dateModified":"2025-08-21T09:02:47+00:00","mainEntityOfPage":{"@id":"https:\/\/finanedi.es\/blog\/facturas-intracomunitarias-obligaciones-y-ejemplos-practicos\/"},"wordCount":946,"publisher":{"@id":"https:\/\/finanedi.es\/blog\/#organization"},"image":{"@id":"https:\/\/finanedi.es\/blog\/facturas-intracomunitarias-obligaciones-y-ejemplos-practicos\/#primaryimage"},"thumbnailUrl":"https:\/\/finanedi.es\/blog\/contenido\/uploads\/2025\/08\/Facturas-intracomunitarias-obligaciones-y-ejemplos-practicos.jpg","articleSection":["Facturaci\u00f3n"],"inLanguage":"es"},{"@type":"WebPage","@id":"https:\/\/finanedi.es\/blog\/facturas-intracomunitarias-obligaciones-y-ejemplos-practicos\/","url":"https:\/\/finanedi.es\/blog\/facturas-intracomunitarias-obligaciones-y-ejemplos-practicos\/","name":"Facturas intracomunitarias: obligaciones y ejemplos pr\u00e1cticos","isPartOf":{"@id":"https:\/\/finanedi.es\/blog\/#website"},"primaryImageOfPage":{"@id":"https:\/\/finanedi.es\/blog\/facturas-intracomunitarias-obligaciones-y-ejemplos-practicos\/#primaryimage"},"image":{"@id":"https:\/\/finanedi.es\/blog\/facturas-intracomunitarias-obligaciones-y-ejemplos-practicos\/#primaryimage"},"thumbnailUrl":"https:\/\/finanedi.es\/blog\/contenido\/uploads\/2025\/08\/Facturas-intracomunitarias-obligaciones-y-ejemplos-practicos.jpg","datePublished":"2025-08-21T08:49:56+00:00","dateModified":"2025-08-21T09:02:47+00:00","description":"Descubre c\u00f3mo emitir facturas intracomunitarias, sus obligaciones fiscales y ejemplos pr\u00e1cticos para pymes y aut\u00f3nomos.","breadcrumb":{"@id":"https:\/\/finanedi.es\/blog\/facturas-intracomunitarias-obligaciones-y-ejemplos-practicos\/#breadcrumb"},"inLanguage":"es","potentialAction":[{"@type":"ReadAction","target":["https:\/\/finanedi.es\/blog\/facturas-intracomunitarias-obligaciones-y-ejemplos-practicos\/"]}]},{"@type":"ImageObject","inLanguage":"es","@id":"https:\/\/finanedi.es\/blog\/facturas-intracomunitarias-obligaciones-y-ejemplos-practicos\/#primaryimage","url":"https:\/\/finanedi.es\/blog\/contenido\/uploads\/2025\/08\/Facturas-intracomunitarias-obligaciones-y-ejemplos-practicos.jpg","contentUrl":"https:\/\/finanedi.es\/blog\/contenido\/uploads\/2025\/08\/Facturas-intracomunitarias-obligaciones-y-ejemplos-practicos.jpg","width":1800,"height":1200,"caption":"Facturas intracomunitarias obligaciones y ejemplos pr\u00e1cticos"},{"@type":"BreadcrumbList","@id":"https:\/\/finanedi.es\/blog\/facturas-intracomunitarias-obligaciones-y-ejemplos-practicos\/#breadcrumb","itemListElement":[{"@type":"ListItem","position":1,"name":"Home","item":"https:\/\/finanedi.es\/blog\/"},{"@type":"ListItem","position":2,"name":"Facturas intracomunitarias: obligaciones y ejemplos pr\u00e1cticos"}]},{"@type":"WebSite","@id":"https:\/\/finanedi.es\/blog\/#website","url":"https:\/\/finanedi.es\/blog\/","name":"Blog para pymes y aut\u00f3nomos - FinanEDI","description":"Blog para aut\u00f3nomos y PYMES, sobre temas como facturaci\u00f3n, contabilidad, tecnolog\u00eda.","publisher":{"@id":"https:\/\/finanedi.es\/blog\/#organization"},"potentialAction":[{"@type":"SearchAction","target":{"@type":"EntryPoint","urlTemplate":"https:\/\/finanedi.es\/blog\/?s={search_term_string}"},"query-input":{"@type":"PropertyValueSpecification","valueRequired":true,"valueName":"search_term_string"}}],"inLanguage":"es"},{"@type":"Organization","@id":"https:\/\/finanedi.es\/blog\/#organization","name":"Blog para pymes y aut\u00f3nomos - FinanEDI","url":"https:\/\/finanedi.es\/blog\/","logo":{"@type":"ImageObject","inLanguage":"es","@id":"https:\/\/finanedi.es\/blog\/#\/schema\/logo\/image\/","url":"https:\/\/finanedi.es\/blog\/contenido\/uploads\/2024\/02\/FinanEdiAzul1.svg","contentUrl":"https:\/\/finanedi.es\/blog\/contenido\/uploads\/2024\/02\/FinanEdiAzul1.svg","width":142,"height":36,"caption":"Blog para pymes y aut\u00f3nomos - FinanEDI"},"image":{"@id":"https:\/\/finanedi.es\/blog\/#\/schema\/logo\/image\/"}},{"@type":"Person","@id":"https:\/\/finanedi.es\/blog\/#\/schema\/person\/233ed58195d34f36f74f13ba1030ebd8","name":"restevez","image":{"@type":"ImageObject","inLanguage":"es","@id":"https:\/\/finanedi.es\/blog\/#\/schema\/person\/image\/","url":"https:\/\/secure.gravatar.com\/avatar\/6c4880db9746e4aa887a98e0ebf657788804dc4280120ef10331a2e6ebb4a9a0?s=96&d=mm&r=g","contentUrl":"https:\/\/secure.gravatar.com\/avatar\/6c4880db9746e4aa887a98e0ebf657788804dc4280120ef10331a2e6ebb4a9a0?s=96&d=mm&r=g","caption":"restevez"},"url":"https:\/\/finanedi.es\/blog\/author\/restevez\/"}]}},"_links":{"self":[{"href":"https:\/\/finanedi.es\/blog\/wp-json\/wp\/v2\/posts\/11548","targetHints":{"allow":["GET"]}}],"collection":[{"href":"https:\/\/finanedi.es\/blog\/wp-json\/wp\/v2\/posts"}],"about":[{"href":"https:\/\/finanedi.es\/blog\/wp-json\/wp\/v2\/types\/post"}],"author":[{"embeddable":true,"href":"https:\/\/finanedi.es\/blog\/wp-json\/wp\/v2\/users\/3"}],"replies":[{"embeddable":true,"href":"https:\/\/finanedi.es\/blog\/wp-json\/wp\/v2\/comments?post=11548"}],"version-history":[{"count":5,"href":"https:\/\/finanedi.es\/blog\/wp-json\/wp\/v2\/posts\/11548\/revisions"}],"predecessor-version":[{"id":11554,"href":"https:\/\/finanedi.es\/blog\/wp-json\/wp\/v2\/posts\/11548\/revisions\/11554"}],"wp:featuredmedia":[{"embeddable":true,"href":"https:\/\/finanedi.es\/blog\/wp-json\/wp\/v2\/media\/11551"}],"wp:attachment":[{"href":"https:\/\/finanedi.es\/blog\/wp-json\/wp\/v2\/media?parent=11548"}],"wp:term":[{"taxonomy":"category","embeddable":true,"href":"https:\/\/finanedi.es\/blog\/wp-json\/wp\/v2\/categories?post=11548"},{"taxonomy":"post_tag","embeddable":true,"href":"https:\/\/finanedi.es\/blog\/wp-json\/wp\/v2\/tags?post=11548"}],"curies":[{"name":"wp","href":"https:\/\/api.w.org\/{rel}","templated":true}]}}