{"id":11577,"date":"2025-08-29T10:02:13","date_gmt":"2025-08-29T08:02:13","guid":{"rendered":"https:\/\/finanedi.es\/blog\/?p=11577"},"modified":"2025-08-29T10:11:00","modified_gmt":"2025-08-29T08:11:00","slug":"tipos-de-factura-cuales-existen-cuando-utilizarlas-y-en-que-se-diferencian","status":"publish","type":"post","link":"https:\/\/finanedi.es\/blog\/tipos-de-factura-cuales-existen-cuando-utilizarlas-y-en-que-se-diferencian\/","title":{"rendered":"Tipos de factura: cu\u00e1les existen, cu\u00e1ndo utilizarlas y en qu\u00e9 se diferencian"},"content":{"rendered":"\t\t<div data-elementor-type=\"wp-post\" data-elementor-id=\"11577\" class=\"elementor elementor-11577\">\n\t\t\t\t<div class=\"elementor-element elementor-element-0bb6685 e-flex e-con-boxed e-con e-parent\" data-id=\"0bb6685\" data-element_type=\"container\">\n\t\t\t\t\t<div class=\"e-con-inner\">\n\t\t\t\t<div class=\"elementor-element elementor-element-af40885 elementor-widget elementor-widget-text-editor\" data-id=\"af40885\" data-element_type=\"widget\" data-widget_type=\"text-editor.default\">\n\t\t\t\t<div class=\"elementor-widget-container\">\n\t\t\t\t\t\t\t\t\t<p>La <strong data-start=\"393\" data-end=\"404\">factura<\/strong> es mucho m\u00e1s que un simple documento: es la base de la contabilidad de tu negocio, el justificante de tus operaciones comerciales y la referencia que Hacienda utilizar\u00e1 para comprobar que cumples con tus obligaciones fiscales.<\/p>\t\t\t\t\t\t\t\t<\/div>\n\t\t\t\t<\/div>\n\t\t\t\t\t<\/div>\n\t\t\t\t<\/div>\n\t\t<div class=\"elementor-element elementor-element-cfa03cd e-flex e-con-boxed e-con e-parent\" data-id=\"cfa03cd\" data-element_type=\"container\">\n\t\t\t\t\t<div class=\"e-con-inner\">\n\t\t\t\t<div class=\"elementor-element elementor-element-4c18eb0 elementor-widget elementor-widget-text-editor\" data-id=\"4c18eb0\" data-element_type=\"widget\" data-widget_type=\"text-editor.default\">\n\t\t\t\t<div class=\"elementor-widget-container\">\n\t\t\t\t\t\t\t\t\t<p>Pero no todas las facturas son iguales. Existen diferentes tipos, cada una con caracter\u00edsticas propias y situaciones concretas en las que se deben utilizar.<\/p>\t\t\t\t\t\t\t\t<\/div>\n\t\t\t\t<\/div>\n\t\t\t\t\t<\/div>\n\t\t\t\t<\/div>\n\t\t<div class=\"elementor-element elementor-element-22479dd e-flex e-con-boxed e-con e-parent\" data-id=\"22479dd\" data-element_type=\"container\">\n\t\t\t\t\t<div class=\"e-con-inner\">\n\t\t\t\t<div class=\"elementor-element elementor-element-f83a4a5 elementor-widget elementor-widget-spacer\" data-id=\"f83a4a5\" data-element_type=\"widget\" data-widget_type=\"spacer.default\">\n\t\t\t\t<div class=\"elementor-widget-container\">\n\t\t\t\t\t\t\t<div class=\"elementor-spacer\">\n\t\t\t<div class=\"elementor-spacer-inner\"><\/div>\n\t\t<\/div>\n\t\t\t\t\t\t<\/div>\n\t\t\t\t<\/div>\n\t\t\t\t\t<\/div>\n\t\t\t\t<\/div>\n\t\t<div class=\"elementor-element elementor-element-a5bdc35 e-flex e-con-boxed e-con e-parent\" data-id=\"a5bdc35\" data-element_type=\"container\">\n\t\t\t\t\t<div class=\"e-con-inner\">\n\t\t\t\t<div class=\"elementor-element elementor-element-d8f0941 elementor-widget elementor-widget-heading\" data-id=\"d8f0941\" data-element_type=\"widget\" data-widget_type=\"heading.default\">\n\t\t\t\t<div class=\"elementor-widget-container\">\n\t\t\t\t\t<h2 class=\"elementor-heading-title elementor-size-default\">1. Factura ordinaria<\/h2>\t\t\t\t<\/div>\n\t\t\t\t<\/div>\n\t\t\t\t<div class=\"elementor-element elementor-element-b5fb475 elementor-widget elementor-widget-text-editor\" data-id=\"b5fb475\" data-element_type=\"widget\" data-widget_type=\"text-editor.default\">\n\t\t\t\t<div class=\"elementor-widget-container\">\n\t\t\t\t\t\t\t\t\t<p>Es el tipo de factura m\u00e1s com\u00fan y utilizada en el d\u00eda a d\u00eda de cualquier negocio.<\/p>\t\t\t\t\t\t\t\t<\/div>\n\t\t\t\t<\/div>\n\t\t\t\t<div class=\"elementor-element elementor-element-4c5984b elementor-widget elementor-widget-heading\" data-id=\"4c5984b\" data-element_type=\"widget\" data-widget_type=\"heading.default\">\n\t\t\t\t<div class=\"elementor-widget-container\">\n\t\t\t\t\t<h3 class=\"elementor-heading-title elementor-size-default\">\u00bfQu\u00e9 es la factura ordinaria?<\/h3>\t\t\t\t<\/div>\n\t\t\t\t<\/div>\n\t\t\t\t<div class=\"elementor-element elementor-element-ee8bab6 elementor-widget elementor-widget-text-editor\" data-id=\"ee8bab6\" data-element_type=\"widget\" data-widget_type=\"text-editor.default\">\n\t\t\t\t<div class=\"elementor-widget-container\">\n\t\t\t\t\t\t\t\t\t<p>Una <a href=\"https:\/\/finanedi.es\/blog\/facturas-proforma-ordinarias-rectificativas-diferencias\/\" target=\"_blank\" rel=\"noopener\">factura ordinaria<\/a> refleja una operaci\u00f3n de compraventa de bienes o servicios e incluye todos los datos obligatorios: identificaci\u00f3n del emisor y receptor, descripci\u00f3n del producto o servicio, base imponible, impuestos (IVA, IRPF si procede) y total a pagar.<\/p>\t\t\t\t\t\t\t\t<\/div>\n\t\t\t\t<\/div>\n\t\t\t\t<div class=\"elementor-element elementor-element-d56713b elementor-widget elementor-widget-heading\" data-id=\"d56713b\" data-element_type=\"widget\" data-widget_type=\"heading.default\">\n\t\t\t\t<div class=\"elementor-widget-container\">\n\t\t\t\t\t<h3 class=\"elementor-heading-title elementor-size-default\">\u00bfCu\u00e1ndo se utiliza la factura ordinaria?<\/h3>\t\t\t\t<\/div>\n\t\t\t\t<\/div>\n\t\t\t\t<div class=\"elementor-element elementor-element-8d9caeb elementor-widget elementor-widget-text-editor\" data-id=\"8d9caeb\" data-element_type=\"widget\" data-widget_type=\"text-editor.default\">\n\t\t\t\t<div class=\"elementor-widget-container\">\n\t\t\t\t\t\t\t\t\t<ul><li data-start=\"1360\" data-end=\"1456\"><p data-start=\"1362\" data-end=\"1456\">En cualquier operaci\u00f3n habitual de compraventa entre empresas, aut\u00f3nomos o clientes finales.<\/p><\/li><li data-start=\"1457\" data-end=\"1569\"><p data-start=\"1459\" data-end=\"1569\">Cuando se realiza una venta nacional, intracomunitaria o exportaci\u00f3n (aunque con reglas fiscales distintas).<\/p><\/li><\/ul>\t\t\t\t\t\t\t\t<\/div>\n\t\t\t\t<\/div>\n\t\t\t\t<div class=\"elementor-element elementor-element-62c96d7d elementor-widget elementor-widget-text-editor\" data-id=\"62c96d7d\" data-element_type=\"widget\" data-widget_type=\"text-editor.default\">\n\t\t\t\t<div class=\"elementor-widget-container\">\n\t\t\t\t\t\t\t\t\t<p><strong>\ud83d\udcc4 Ejemplo<\/strong>: Un dise\u00f1ador gr\u00e1fico emite una factura ordinaria a su cliente por un trabajo realizado.<\/p>\t\t\t\t\t\t\t\t<\/div>\n\t\t\t\t<\/div>\n\t\t\t\t<div class=\"elementor-element elementor-element-edc0889 elementor-widget elementor-widget-spacer\" data-id=\"edc0889\" data-element_type=\"widget\" data-widget_type=\"spacer.default\">\n\t\t\t\t<div class=\"elementor-widget-container\">\n\t\t\t\t\t\t\t<div class=\"elementor-spacer\">\n\t\t\t<div class=\"elementor-spacer-inner\"><\/div>\n\t\t<\/div>\n\t\t\t\t\t\t<\/div>\n\t\t\t\t<\/div>\n\t\t\t\t\t<\/div>\n\t\t\t\t<\/div>\n\t\t<div class=\"elementor-element elementor-element-0614450 e-flex e-con-boxed e-con e-parent\" data-id=\"0614450\" data-element_type=\"container\">\n\t\t\t\t\t<div class=\"e-con-inner\">\n\t\t\t\t<div class=\"elementor-element elementor-element-51320c9 elementor-widget elementor-widget-heading\" data-id=\"51320c9\" data-element_type=\"widget\" data-widget_type=\"heading.default\">\n\t\t\t\t<div class=\"elementor-widget-container\">\n\t\t\t\t\t<h2 class=\"elementor-heading-title elementor-size-default\">2. Factura simplificada<\/h2>\t\t\t\t<\/div>\n\t\t\t\t<\/div>\n\t\t\t\t<div class=\"elementor-element elementor-element-d2737f0 elementor-widget elementor-widget-text-editor\" data-id=\"d2737f0\" data-element_type=\"widget\" data-widget_type=\"text-editor.default\">\n\t\t\t\t<div class=\"elementor-widget-container\">\n\t\t\t\t\t\t\t\t\t<p>La evoluci\u00f3n del antiguo <strong data-start=\"1734\" data-end=\"1744\">ticket<\/strong>.<\/p>\t\t\t\t\t\t\t\t<\/div>\n\t\t\t\t<\/div>\n\t\t\t\t<div class=\"elementor-element elementor-element-ef69ced elementor-widget elementor-widget-heading\" data-id=\"ef69ced\" data-element_type=\"widget\" data-widget_type=\"heading.default\">\n\t\t\t\t<div class=\"elementor-widget-container\">\n\t\t\t\t\t<h3 class=\"elementor-heading-title elementor-size-default\">\u00bfQu\u00e9 es la factura simplificada?<\/h3>\t\t\t\t<\/div>\n\t\t\t\t<\/div>\n\t\t\t\t<div class=\"elementor-element elementor-element-0a946e6 elementor-widget elementor-widget-text-editor\" data-id=\"0a946e6\" data-element_type=\"widget\" data-widget_type=\"text-editor.default\">\n\t\t\t\t<div class=\"elementor-widget-container\">\n\t\t\t\t\t\t\t\t\t<p>Una <a href=\"https:\/\/finanedi.es\/blog\/diferencias-entre-ticket-y-factura-cual-usar-y-en-que-casos\/\" target=\"_blank\" rel=\"noopener\">factura simplificada<\/a> contiene menos informaci\u00f3n que la ordinaria. No exige detallar los datos completos del cliente, aunque s\u00ed debe incluir el desglose del IVA.<\/p>\t\t\t\t\t\t\t\t<\/div>\n\t\t\t\t<\/div>\n\t\t\t\t<div class=\"elementor-element elementor-element-aef3709 elementor-widget elementor-widget-heading\" data-id=\"aef3709\" data-element_type=\"widget\" data-widget_type=\"heading.default\">\n\t\t\t\t<div class=\"elementor-widget-container\">\n\t\t\t\t\t<h3 class=\"elementor-heading-title elementor-size-default\">\u00bfCu\u00e1ndo se utiliza la factura simplificada?<\/h3>\t\t\t\t<\/div>\n\t\t\t\t<\/div>\n\t\t\t\t<div class=\"elementor-element elementor-element-15fdb96 elementor-widget elementor-widget-text-editor\" data-id=\"15fdb96\" data-element_type=\"widget\" data-widget_type=\"text-editor.default\">\n\t\t\t\t<div class=\"elementor-widget-container\">\n\t\t\t\t\t\t\t\t\t<ul><li data-start=\"1958\" data-end=\"2024\"><p data-start=\"1960\" data-end=\"2024\">Para operaciones de importe inferior a <strong data-start=\"1999\" data-end=\"2021\">400 \u20ac IVA incluido<\/strong>.<\/p><\/li><li data-start=\"2025\" data-end=\"2153\"><p data-start=\"2027\" data-end=\"2153\">En determinados casos, hasta <strong data-start=\"2056\" data-end=\"2067\">3.000 \u20ac<\/strong> (hosteler\u00eda, transporte, aparcamientos, peluquer\u00edas, discotecas, autopistas, etc.).<\/p><\/li><\/ul>\t\t\t\t\t\t\t\t<\/div>\n\t\t\t\t<\/div>\n\t\t\t\t<div class=\"elementor-element elementor-element-5a9529c elementor-widget elementor-widget-text-editor\" data-id=\"5a9529c\" data-element_type=\"widget\" data-widget_type=\"text-editor.default\">\n\t\t\t\t<div class=\"elementor-widget-container\">\n\t\t\t\t\t\t\t\t\t<p><strong>\ud83d\udcc4 Ejemplo<\/strong>: El recibo que te entregan en un restaurante o una peluquer\u00eda es una factura simplificada.<\/p>\t\t\t\t\t\t\t\t<\/div>\n\t\t\t\t<\/div>\n\t\t\t\t<div class=\"elementor-element elementor-element-16ac1ab elementor-widget elementor-widget-spacer\" data-id=\"16ac1ab\" data-element_type=\"widget\" data-widget_type=\"spacer.default\">\n\t\t\t\t<div class=\"elementor-widget-container\">\n\t\t\t\t\t\t\t<div class=\"elementor-spacer\">\n\t\t\t<div class=\"elementor-spacer-inner\"><\/div>\n\t\t<\/div>\n\t\t\t\t\t\t<\/div>\n\t\t\t\t<\/div>\n\t\t\t\t\t<\/div>\n\t\t\t\t<\/div>\n\t\t<div class=\"elementor-element elementor-element-0259c8b e-flex e-con-boxed e-con e-parent\" data-id=\"0259c8b\" data-element_type=\"container\">\n\t\t\t\t\t<div class=\"e-con-inner\">\n\t\t\t\t<div class=\"elementor-element elementor-element-2c0ecf5 elementor-widget elementor-widget-heading\" data-id=\"2c0ecf5\" data-element_type=\"widget\" data-widget_type=\"heading.default\">\n\t\t\t\t<div class=\"elementor-widget-container\">\n\t\t\t\t\t<h2 class=\"elementor-heading-title elementor-size-default\">3. Factura rectificativa<\/h2>\t\t\t\t<\/div>\n\t\t\t\t<\/div>\n\t\t\t\t<div class=\"elementor-element elementor-element-45e8c6d elementor-widget elementor-widget-text-editor\" data-id=\"45e8c6d\" data-element_type=\"widget\" data-widget_type=\"text-editor.default\">\n\t\t\t\t<div class=\"elementor-widget-container\">\n\t\t\t\t\t\t\t\t\t<p>Sirve para <strong data-start=\"2307\" data-end=\"2327\">corregir errores<\/strong> en una factura ya emitida.<\/p>\t\t\t\t\t\t\t\t<\/div>\n\t\t\t\t<\/div>\n\t\t\t\t<div class=\"elementor-element elementor-element-a818898 elementor-widget elementor-widget-heading\" data-id=\"a818898\" data-element_type=\"widget\" data-widget_type=\"heading.default\">\n\t\t\t\t<div class=\"elementor-widget-container\">\n\t\t\t\t\t<h3 class=\"elementor-heading-title elementor-size-default\">\u00bfQu\u00e9 es la factura rectificativa?<\/h3>\t\t\t\t<\/div>\n\t\t\t\t<\/div>\n\t\t\t\t<div class=\"elementor-element elementor-element-1e0aabe elementor-widget elementor-widget-text-editor\" data-id=\"1e0aabe\" data-element_type=\"widget\" data-widget_type=\"text-editor.default\">\n\t\t\t\t<div class=\"elementor-widget-container\">\n\t\t\t\t\t\t\t\t\t<p>Una <a href=\"https:\/\/finanedi.es\/blog\/factura-rectificativa-que-es\/\" target=\"_blank\" rel=\"noopener\">factura que sustituye total o parcialmente a otra anterior<\/a> con alg\u00fan error (importe incorrecto, datos mal consignados, devoluci\u00f3n de productos, descuentos no aplicados, etc.).<\/p>\t\t\t\t\t\t\t\t<\/div>\n\t\t\t\t<\/div>\n\t\t\t\t<div class=\"elementor-element elementor-element-a947103 elementor-widget elementor-widget-heading\" data-id=\"a947103\" data-element_type=\"widget\" data-widget_type=\"heading.default\">\n\t\t\t\t<div class=\"elementor-widget-container\">\n\t\t\t\t\t<h3 class=\"elementor-heading-title elementor-size-default\">\u00bfCu\u00e1ndo se utiliza la factura rectificativa?<\/h3>\t\t\t\t<\/div>\n\t\t\t\t<\/div>\n\t\t\t\t<div class=\"elementor-element elementor-element-bb23ac1 elementor-widget elementor-widget-text-editor\" data-id=\"bb23ac1\" data-element_type=\"widget\" data-widget_type=\"text-editor.default\">\n\t\t\t\t<div class=\"elementor-widget-container\">\n\t\t\t\t\t\t\t\t\t<ul><li data-start=\"2582\" data-end=\"2628\"><p data-start=\"2584\" data-end=\"2628\">Para anular una factura emitida por error.<\/p><\/li><li data-start=\"2629\" data-end=\"2682\"><p data-start=\"2631\" data-end=\"2682\">Para modificar la base imponible o los impuestos.<\/p><\/li><li data-start=\"2683\" data-end=\"2729\"><p data-start=\"2685\" data-end=\"2729\">Para registrar devoluciones o incidencias.<\/p><\/li><\/ul>\t\t\t\t\t\t\t\t<\/div>\n\t\t\t\t<\/div>\n\t\t\t\t<div class=\"elementor-element elementor-element-9e83eb1 elementor-widget elementor-widget-text-editor\" data-id=\"9e83eb1\" data-element_type=\"widget\" data-widget_type=\"text-editor.default\">\n\t\t\t\t<div class=\"elementor-widget-container\">\n\t\t\t\t\t\t\t\t\t<p><strong>\ud83d\udcc4 Ejemplo<\/strong>: Emitiste una factura por 1.000 \u20ac cuando en realidad eran 900 \u20ac. Debes emitir una factura rectificativa para corregirlo.<\/p>\t\t\t\t\t\t\t\t<\/div>\n\t\t\t\t<\/div>\n\t\t\t\t<div class=\"elementor-element elementor-element-8b70075 elementor-widget elementor-widget-spacer\" data-id=\"8b70075\" data-element_type=\"widget\" data-widget_type=\"spacer.default\">\n\t\t\t\t<div class=\"elementor-widget-container\">\n\t\t\t\t\t\t\t<div class=\"elementor-spacer\">\n\t\t\t<div class=\"elementor-spacer-inner\"><\/div>\n\t\t<\/div>\n\t\t\t\t\t\t<\/div>\n\t\t\t\t<\/div>\n\t\t\t\t\t<\/div>\n\t\t\t\t<\/div>\n\t\t<div class=\"elementor-element elementor-element-89d978e e-flex e-con-boxed e-con e-parent\" data-id=\"89d978e\" data-element_type=\"container\">\n\t\t\t\t\t<div class=\"e-con-inner\">\n\t\t\t\t<div class=\"elementor-element elementor-element-6cb1493 elementor-widget elementor-widget-heading\" data-id=\"6cb1493\" data-element_type=\"widget\" data-widget_type=\"heading.default\">\n\t\t\t\t<div class=\"elementor-widget-container\">\n\t\t\t\t\t<h2 class=\"elementor-heading-title elementor-size-default\">4. Factura proforma<\/h2>\t\t\t\t<\/div>\n\t\t\t\t<\/div>\n\t\t\t\t<div class=\"elementor-element elementor-element-ff00283 elementor-widget elementor-widget-text-editor\" data-id=\"ff00283\" data-element_type=\"widget\" data-widget_type=\"text-editor.default\">\n\t\t\t\t<div class=\"elementor-widget-container\">\n\t\t\t\t\t\t\t\t\t<p>Aunque no tiene validez contable ni fiscal, se utiliza con mucha frecuencia.<\/p>\t\t\t\t\t\t\t\t<\/div>\n\t\t\t\t<\/div>\n\t\t\t\t<div class=\"elementor-element elementor-element-005d3f2 elementor-widget elementor-widget-heading\" data-id=\"005d3f2\" data-element_type=\"widget\" data-widget_type=\"heading.default\">\n\t\t\t\t<div class=\"elementor-widget-container\">\n\t\t\t\t\t<h3 class=\"elementor-heading-title elementor-size-default\">\u00bfQu\u00e9 es la factura proforma?<\/h3>\t\t\t\t<\/div>\n\t\t\t\t<\/div>\n\t\t\t\t<div class=\"elementor-element elementor-element-a2dedcb elementor-widget elementor-widget-text-editor\" data-id=\"a2dedcb\" data-element_type=\"widget\" data-widget_type=\"text-editor.default\">\n\t\t\t\t<div class=\"elementor-widget-container\">\n\t\t\t\t\t\t\t\t\t<p>Un <a href=\"https:\/\/finanedi.es\/blog\/factura-proforma\/\" target=\"_blank\" rel=\"noopener\">documento informativo que refleja las condiciones de una operaci\u00f3n<\/a>, pero que <strong data-start=\"3072\" data-end=\"3109\">no equivale a una factura oficial<\/strong>. Es m\u00e1s parecido a un presupuesto.<\/p>\t\t\t\t\t\t\t\t<\/div>\n\t\t\t\t<\/div>\n\t\t\t\t<div class=\"elementor-element elementor-element-471137c elementor-widget elementor-widget-heading\" data-id=\"471137c\" data-element_type=\"widget\" data-widget_type=\"heading.default\">\n\t\t\t\t<div class=\"elementor-widget-container\">\n\t\t\t\t\t<h3 class=\"elementor-heading-title elementor-size-default\">\u00bfCu\u00e1ndo se utiliza la factura oproforma?<\/h3>\t\t\t\t<\/div>\n\t\t\t\t<\/div>\n\t\t\t\t<div class=\"elementor-element elementor-element-03292fc elementor-widget elementor-widget-text-editor\" data-id=\"03292fc\" data-element_type=\"widget\" data-widget_type=\"text-editor.default\">\n\t\t\t\t<div class=\"elementor-widget-container\">\n\t\t\t\t\t\t\t\t\t<ul><li data-start=\"3174\" data-end=\"3222\"><p data-start=\"3176\" data-end=\"3222\">Para enviar una oferta comercial al cliente.<\/p><\/li><li data-start=\"3223\" data-end=\"3304\"><p data-start=\"3225\" data-end=\"3304\">Como documento previo en operaciones internacionales para tr\u00e1mites aduaneros.<\/p><\/li><li data-start=\"3305\" data-end=\"3351\"><p data-start=\"3307\" data-end=\"3351\">Antes de cerrar un acuerdo de compraventa.<\/p><\/li><\/ul>\t\t\t\t\t\t\t\t<\/div>\n\t\t\t\t<\/div>\n\t\t\t\t<div class=\"elementor-element elementor-element-48a6ea1 elementor-widget elementor-widget-text-editor\" data-id=\"48a6ea1\" data-element_type=\"widget\" data-widget_type=\"text-editor.default\">\n\t\t\t\t<div class=\"elementor-widget-container\">\n\t\t\t\t\t\t\t\t\t<p><strong>\ud83d\udcc4 Ejemplo<\/strong>: Una empresa exportadora env\u00eda una factura proforma a su cliente extranjero para que este tramite una licencia de importaci\u00f3n.<\/p>\t\t\t\t\t\t\t\t<\/div>\n\t\t\t\t<\/div>\n\t\t\t\t<div class=\"elementor-element elementor-element-ebd4db4 elementor-widget elementor-widget-spacer\" data-id=\"ebd4db4\" data-element_type=\"widget\" data-widget_type=\"spacer.default\">\n\t\t\t\t<div class=\"elementor-widget-container\">\n\t\t\t\t\t\t\t<div class=\"elementor-spacer\">\n\t\t\t<div class=\"elementor-spacer-inner\"><\/div>\n\t\t<\/div>\n\t\t\t\t\t\t<\/div>\n\t\t\t\t<\/div>\n\t\t\t\t\t<\/div>\n\t\t\t\t<\/div>\n\t\t<div class=\"elementor-element elementor-element-fba85ab e-flex e-con-boxed e-con e-parent\" data-id=\"fba85ab\" data-element_type=\"container\">\n\t\t\t\t\t<div class=\"e-con-inner\">\n\t\t\t\t<div class=\"elementor-element elementor-element-51f063b elementor-widget elementor-widget-heading\" data-id=\"51f063b\" data-element_type=\"widget\" data-widget_type=\"heading.default\">\n\t\t\t\t<div class=\"elementor-widget-container\">\n\t\t\t\t\t<h2 class=\"elementor-heading-title elementor-size-default\">5. Factura recapitulativa<\/h2>\t\t\t\t<\/div>\n\t\t\t\t<\/div>\n\t\t\t\t<div class=\"elementor-element elementor-element-3466d93 elementor-widget elementor-widget-text-editor\" data-id=\"3466d93\" data-element_type=\"widget\" data-widget_type=\"text-editor.default\">\n\t\t\t\t<div class=\"elementor-widget-container\">\n\t\t\t\t\t\t\t\t\t<p>Agrupa varias operaciones en un \u00fanico documento.<\/p>\t\t\t\t\t\t\t\t<\/div>\n\t\t\t\t<\/div>\n\t\t\t\t<div class=\"elementor-element elementor-element-8ffdcfd elementor-widget elementor-widget-heading\" data-id=\"8ffdcfd\" data-element_type=\"widget\" data-widget_type=\"heading.default\">\n\t\t\t\t<div class=\"elementor-widget-container\">\n\t\t\t\t\t<h3 class=\"elementor-heading-title elementor-size-default\">\u00bfQu\u00e9 es la factura recapitulativa?<\/h3>\t\t\t\t<\/div>\n\t\t\t\t<\/div>\n\t\t\t\t<div class=\"elementor-element elementor-element-564281d elementor-widget elementor-widget-text-editor\" data-id=\"564281d\" data-element_type=\"widget\" data-widget_type=\"text-editor.default\">\n\t\t\t\t<div class=\"elementor-widget-container\">\n\t\t\t\t\t\t\t\t\t<p>Una <a href=\"https:\/\/finanedi.es\/blog\/que-es-una-factura-recapitulativa-y-en-que-casos-puedes-utilizarla\/\" target=\"_blank\" rel=\"noopener\">factura que engloba diferentes ventas o servicios<\/a> realizados a un mismo cliente dentro de un per\u00edodo determinado (normalmente un mes).<\/p>\t\t\t\t\t\t\t\t<\/div>\n\t\t\t\t<\/div>\n\t\t\t\t<div class=\"elementor-element elementor-element-af6a4ee elementor-widget elementor-widget-heading\" data-id=\"af6a4ee\" data-element_type=\"widget\" data-widget_type=\"heading.default\">\n\t\t\t\t<div class=\"elementor-widget-container\">\n\t\t\t\t\t<h3 class=\"elementor-heading-title elementor-size-default\">\u00bfCu\u00e1ndo se utiliza la factura recapitulativa?<\/h3>\t\t\t\t<\/div>\n\t\t\t\t<\/div>\n\t\t\t\t<div class=\"elementor-element elementor-element-9aba3ec elementor-widget elementor-widget-text-editor\" data-id=\"9aba3ec\" data-element_type=\"widget\" data-widget_type=\"text-editor.default\">\n\t\t\t\t<div class=\"elementor-widget-container\">\n\t\t\t\t\t\t\t\t\t<ul><li data-start=\"3766\" data-end=\"3838\"><p data-start=\"3768\" data-end=\"3838\">Cuando un negocio emite muchas facturas peque\u00f1as a un mismo cliente.<\/p><\/li><li data-start=\"3839\" data-end=\"3909\"><p data-start=\"3841\" data-end=\"3909\">Para simplificar la contabilidad y evitar emitir facturas diarias.<\/p><\/li><\/ul>\t\t\t\t\t\t\t\t<\/div>\n\t\t\t\t<\/div>\n\t\t\t\t<div class=\"elementor-element elementor-element-9a17755 elementor-widget elementor-widget-text-editor\" data-id=\"9a17755\" data-element_type=\"widget\" data-widget_type=\"text-editor.default\">\n\t\t\t\t<div class=\"elementor-widget-container\">\n\t\t\t\t\t\t\t\t\t<p><strong>\ud83d\udcc4 Ejemplo<\/strong>: Una empresa de transporte que trabaja todas las semanas con un mismo cliente puede emitir una factura recapitulativa mensual en lugar de varias facturas individuales.<\/p>\t\t\t\t\t\t\t\t<\/div>\n\t\t\t\t<\/div>\n\t\t\t\t<div class=\"elementor-element elementor-element-cae30d9 elementor-widget elementor-widget-spacer\" data-id=\"cae30d9\" data-element_type=\"widget\" data-widget_type=\"spacer.default\">\n\t\t\t\t<div class=\"elementor-widget-container\">\n\t\t\t\t\t\t\t<div class=\"elementor-spacer\">\n\t\t\t<div class=\"elementor-spacer-inner\"><\/div>\n\t\t<\/div>\n\t\t\t\t\t\t<\/div>\n\t\t\t\t<\/div>\n\t\t\t\t\t<\/div>\n\t\t\t\t<\/div>\n\t\t<div class=\"elementor-element elementor-element-8b8e0d4 e-flex e-con-boxed e-con e-parent\" data-id=\"8b8e0d4\" data-element_type=\"container\">\n\t\t\t\t\t<div class=\"e-con-inner\">\n\t\t\t\t<div class=\"elementor-element elementor-element-7761375 elementor-widget elementor-widget-heading\" data-id=\"7761375\" data-element_type=\"widget\" data-widget_type=\"heading.default\">\n\t\t\t\t<div class=\"elementor-widget-container\">\n\t\t\t\t\t<h2 class=\"elementor-heading-title elementor-size-default\">6. Factura intracomunitaria<\/h2>\t\t\t\t<\/div>\n\t\t\t\t<\/div>\n\t\t\t\t<div class=\"elementor-element elementor-element-80ea1af elementor-widget elementor-widget-text-editor\" data-id=\"80ea1af\" data-element_type=\"widget\" data-widget_type=\"text-editor.default\">\n\t\t\t\t<div class=\"elementor-widget-container\">\n\t\t\t\t\t\t\t\t\t<p>Especial para operaciones dentro de la Uni\u00f3n Europea.<\/p>\t\t\t\t\t\t\t\t<\/div>\n\t\t\t\t<\/div>\n\t\t\t\t<div class=\"elementor-element elementor-element-b6d1c68 elementor-widget elementor-widget-heading\" data-id=\"b6d1c68\" data-element_type=\"widget\" data-widget_type=\"heading.default\">\n\t\t\t\t<div class=\"elementor-widget-container\">\n\t\t\t\t\t<h3 class=\"elementor-heading-title elementor-size-default\">\u00bfQu\u00e9 es la factura intracomunitaria?<\/h3>\t\t\t\t<\/div>\n\t\t\t\t<\/div>\n\t\t\t\t<div class=\"elementor-element elementor-element-8400636 elementor-widget elementor-widget-text-editor\" data-id=\"8400636\" data-element_type=\"widget\" data-widget_type=\"text-editor.default\">\n\t\t\t\t<div class=\"elementor-widget-container\">\n\t\t\t\t\t\t\t\t\t<p>Una <a href=\"https:\/\/finanedi.es\/blog\/facturas-intracomunitarias-obligaciones-y-ejemplos-practicos\/\" target=\"_blank\" rel=\"noopener\">factura emitida cuando el emisor y el cliente pertenecen a pa\u00edses distintos de la UE<\/a>, siempre que ambos est\u00e9n dados de alta en el <strong data-start=\"5119\" data-end=\"5169\">Registro de Operadores Intracomunitarios (ROI)<\/strong> y tengan n\u00famero de IVA intracomunitario.<\/p>\t\t\t\t\t\t\t\t<\/div>\n\t\t\t\t<\/div>\n\t\t\t\t<div class=\"elementor-element elementor-element-c0556fe elementor-widget elementor-widget-heading\" data-id=\"c0556fe\" data-element_type=\"widget\" data-widget_type=\"heading.default\">\n\t\t\t\t<div class=\"elementor-widget-container\">\n\t\t\t\t\t<h3 class=\"elementor-heading-title elementor-size-default\">\u00bfCu\u00e1ndo se utiliza la factura intracomunitaria?<\/h3>\t\t\t\t<\/div>\n\t\t\t\t<\/div>\n\t\t\t\t<div class=\"elementor-element elementor-element-3a2192f elementor-widget elementor-widget-text-editor\" data-id=\"3a2192f\" data-element_type=\"widget\" data-widget_type=\"text-editor.default\">\n\t\t\t\t<div class=\"elementor-widget-container\">\n\t\t\t\t\t\t\t\t\t<ul><li data-start=\"5240\" data-end=\"5322\"><p data-start=\"5242\" data-end=\"5322\">En ventas de bienes o servicios a empresas de otros Estados miembros de la UE.<\/p><\/li><li data-start=\"5323\" data-end=\"5406\"><p data-start=\"5325\" data-end=\"5406\">Con r\u00e9gimen de inversi\u00f3n del sujeto pasivo (no se repercute IVA en la factura).<\/p><\/li><\/ul>\t\t\t\t\t\t\t\t<\/div>\n\t\t\t\t<\/div>\n\t\t\t\t<div class=\"elementor-element elementor-element-f0bbd61 elementor-widget elementor-widget-text-editor\" data-id=\"f0bbd61\" data-element_type=\"widget\" data-widget_type=\"text-editor.default\">\n\t\t\t\t<div class=\"elementor-widget-container\">\n\t\t\t\t\t\t\t\t\t<p><strong>\ud83d\udcc4 Ejemplo<\/strong>: Una empresa espa\u00f1ola que vende productos a otra empresa en Francia emite una factura intracomunitaria sin IVA, indicando el n\u00famero de IVA de ambos.<\/p>\t\t\t\t\t\t\t\t<\/div>\n\t\t\t\t<\/div>\n\t\t\t\t<div class=\"elementor-element elementor-element-410b571 elementor-widget elementor-widget-spacer\" data-id=\"410b571\" data-element_type=\"widget\" data-widget_type=\"spacer.default\">\n\t\t\t\t<div class=\"elementor-widget-container\">\n\t\t\t\t\t\t\t<div class=\"elementor-spacer\">\n\t\t\t<div class=\"elementor-spacer-inner\"><\/div>\n\t\t<\/div>\n\t\t\t\t\t\t<\/div>\n\t\t\t\t<\/div>\n\t\t\t\t\t<\/div>\n\t\t\t\t<\/div>\n\t\t<div class=\"elementor-element elementor-element-16514b9 e-flex e-con-boxed e-con e-parent\" data-id=\"16514b9\" data-element_type=\"container\">\n\t\t\t\t\t<div class=\"e-con-inner\">\n\t\t\t\t<div class=\"elementor-element elementor-element-ce696c7 elementor-widget elementor-widget-heading\" data-id=\"ce696c7\" data-element_type=\"widget\" data-widget_type=\"heading.default\">\n\t\t\t\t<div class=\"elementor-widget-container\">\n\t\t\t\t\t<h2 class=\"elementor-heading-title elementor-size-default\">7. Factura exportaci\u00f3n<\/h2>\t\t\t\t<\/div>\n\t\t\t\t<\/div>\n\t\t\t\t<div class=\"elementor-element elementor-element-4e05352 elementor-widget elementor-widget-text-editor\" data-id=\"4e05352\" data-element_type=\"widget\" data-widget_type=\"text-editor.default\">\n\t\t\t\t<div class=\"elementor-widget-container\">\n\t\t\t\t\t\t\t\t\t<p>Pensada para operaciones fuera de la Uni\u00f3n Europea.<\/p>\t\t\t\t\t\t\t\t<\/div>\n\t\t\t\t<\/div>\n\t\t\t\t<div class=\"elementor-element elementor-element-159aab2 elementor-widget elementor-widget-heading\" data-id=\"159aab2\" data-element_type=\"widget\" data-widget_type=\"heading.default\">\n\t\t\t\t<div class=\"elementor-widget-container\">\n\t\t\t\t\t<h3 class=\"elementor-heading-title elementor-size-default\">\u00bfQu\u00e9 es la factura de exportaci\u00f3n?<\/h3>\t\t\t\t<\/div>\n\t\t\t\t<\/div>\n\t\t\t\t<div class=\"elementor-element elementor-element-f542d95 elementor-widget elementor-widget-text-editor\" data-id=\"f542d95\" data-element_type=\"widget\" data-widget_type=\"text-editor.default\">\n\t\t\t\t<div class=\"elementor-widget-container\">\n\t\t\t\t\t\t\t\t\t<p>Factura que documenta una compraventa internacional con destino a pa\u00edses terceros (fuera de la UE). Normalmente exenta de IVA, aunque debe cumplir con requisitos aduaneros.<\/p>\t\t\t\t\t\t\t\t<\/div>\n\t\t\t\t<\/div>\n\t\t\t\t<div class=\"elementor-element elementor-element-e560880 elementor-widget elementor-widget-heading\" data-id=\"e560880\" data-element_type=\"widget\" data-widget_type=\"heading.default\">\n\t\t\t\t<div class=\"elementor-widget-container\">\n\t\t\t\t\t<h3 class=\"elementor-heading-title elementor-size-default\">\u00bfCu\u00e1ndo se utiliza la factura de exportaci\u00f3n?<\/h3>\t\t\t\t<\/div>\n\t\t\t\t<\/div>\n\t\t\t\t<div class=\"elementor-element elementor-element-a653f76 elementor-widget elementor-widget-text-editor\" data-id=\"a653f76\" data-element_type=\"widget\" data-widget_type=\"text-editor.default\">\n\t\t\t\t<div class=\"elementor-widget-container\">\n\t\t\t\t\t\t\t\t\t<ul><li data-start=\"5877\" data-end=\"5939\"><p data-start=\"5879\" data-end=\"5939\">En ventas de bienes o servicios a clientes fuera de la UE.<\/p><\/li><li data-start=\"5940\" data-end=\"6010\"><p data-start=\"5942\" data-end=\"6010\">Para tr\u00e1mites aduaneros y fiscales en la operaci\u00f3n de exportaci\u00f3n.<\/p><\/li><\/ul>\t\t\t\t\t\t\t\t<\/div>\n\t\t\t\t<\/div>\n\t\t\t\t<div class=\"elementor-element elementor-element-b407f1e elementor-widget elementor-widget-text-editor\" data-id=\"b407f1e\" data-element_type=\"widget\" data-widget_type=\"text-editor.default\">\n\t\t\t\t<div class=\"elementor-widget-container\">\n\t\t\t\t\t\t\t\t\t<p><strong>\ud83d\udcc4 Ejemplo<\/strong>: Una empresa espa\u00f1ola que vende maquinaria a un cliente en M\u00e9xico emite una factura de exportaci\u00f3n.<\/p>\t\t\t\t\t\t\t\t<\/div>\n\t\t\t\t<\/div>\n\t\t\t\t<div class=\"elementor-element elementor-element-ea3d51f elementor-widget elementor-widget-spacer\" data-id=\"ea3d51f\" data-element_type=\"widget\" data-widget_type=\"spacer.default\">\n\t\t\t\t<div class=\"elementor-widget-container\">\n\t\t\t\t\t\t\t<div class=\"elementor-spacer\">\n\t\t\t<div class=\"elementor-spacer-inner\"><\/div>\n\t\t<\/div>\n\t\t\t\t\t\t<\/div>\n\t\t\t\t<\/div>\n\t\t\t\t\t<\/div>\n\t\t\t\t<\/div>\n\t\t<div class=\"elementor-element elementor-element-b9d4daa e-flex e-con-boxed e-con e-parent\" data-id=\"b9d4daa\" data-element_type=\"container\">\n\t\t\t\t\t<div class=\"e-con-inner\">\n\t\t\t\t<div class=\"elementor-element elementor-element-dc05c6d elementor-widget elementor-widget-heading\" data-id=\"dc05c6d\" data-element_type=\"widget\" data-widget_type=\"heading.default\">\n\t\t\t\t<div class=\"elementor-widget-container\">\n\t\t\t\t\t<h2 class=\"elementor-heading-title elementor-size-default\">8. Otros tipos de factura menos frecuentes<\/h2>\t\t\t\t<\/div>\n\t\t\t\t<\/div>\n\t\t\t\t\t<\/div>\n\t\t\t\t<\/div>\n\t\t<div class=\"elementor-element elementor-element-3341596 e-flex e-con-boxed e-con e-parent\" data-id=\"3341596\" data-element_type=\"container\">\n\t\t\t\t\t<div class=\"e-con-inner\">\n\t\t\t\t<div class=\"elementor-element elementor-element-9ab90ff elementor-widget elementor-widget-text-editor\" data-id=\"9ab90ff\" data-element_type=\"widget\" data-widget_type=\"text-editor.default\">\n\t\t\t\t<div class=\"elementor-widget-container\">\n\t\t\t\t\t\t\t\t\t<p>Adem\u00e1s de las anteriores, existen documentos espec\u00edficos que tambi\u00e9n pueden considerarse facturas en determinados contextos:<\/p>\t\t\t\t\t\t\t\t<\/div>\n\t\t\t\t<\/div>\n\t\t\t\t\t<\/div>\n\t\t\t\t<\/div>\n\t\t<div class=\"elementor-element elementor-element-9ddee8a e-flex e-con-boxed e-con e-parent\" data-id=\"9ddee8a\" data-element_type=\"container\">\n\t\t\t\t\t<div class=\"e-con-inner\">\n\t\t\t\t<div class=\"elementor-element elementor-element-20c0c7c elementor-widget elementor-widget-text-editor\" data-id=\"20c0c7c\" data-element_type=\"widget\" data-widget_type=\"text-editor.default\">\n\t\t\t\t<div class=\"elementor-widget-container\">\n\t\t\t\t\t\t\t\t\t<p><strong data-start=\"6310\" data-end=\"6330\">Factura consular<\/strong>: exigida en algunos pa\u00edses para importar mercanc\u00edas, visada por el consulado del pa\u00eds de destino.<\/p>\t\t\t\t\t\t\t\t<\/div>\n\t\t\t\t<\/div>\n\t\t\t\t\t<\/div>\n\t\t\t\t<\/div>\n\t\t<div class=\"elementor-element elementor-element-b05a7f9 e-flex e-con-boxed e-con e-parent\" data-id=\"b05a7f9\" data-element_type=\"container\">\n\t\t\t\t\t<div class=\"e-con-inner\">\n\t\t\t\t<div class=\"elementor-element elementor-element-32b1ffe elementor-widget elementor-widget-text-editor\" data-id=\"32b1ffe\" data-element_type=\"widget\" data-widget_type=\"text-editor.default\">\n\t\t\t\t<div class=\"elementor-widget-container\">\n\t\t\t\t\t\t\t\t\t<p><strong data-start=\"6433\" data-end=\"6456\">De anticipo<\/strong>: cuando el cliente realiza un pago previo a la entrega del bien o servicio.<\/p>\t\t\t\t\t\t\t\t<\/div>\n\t\t\t\t<\/div>\n\t\t\t\t\t<\/div>\n\t\t\t\t<\/div>\n\t\t<div class=\"elementor-element elementor-element-04d1b83 e-flex e-con-boxed e-con e-parent\" data-id=\"04d1b83\" data-element_type=\"container\">\n\t\t\t\t\t<div class=\"e-con-inner\">\n\t\t\t\t<div class=\"elementor-element elementor-element-6b8ef8e elementor-widget elementor-widget-text-editor\" data-id=\"6b8ef8e\" data-element_type=\"widget\" data-widget_type=\"text-editor.default\">\n\t\t\t\t<div class=\"elementor-widget-container\">\n\t\t\t\t\t\t\t\t\t<p><strong data-start=\"6537\" data-end=\"6563\">Factura de autoconsumo<\/strong>: cuando la empresa destina productos o servicios a su propio uso.<\/p>\t\t\t\t\t\t\t\t<\/div>\n\t\t\t\t<\/div>\n\t\t\t\t\t<\/div>\n\t\t\t\t<\/div>\n\t\t<div class=\"elementor-element elementor-element-b02d038 e-flex e-con-boxed e-con e-parent\" data-id=\"b02d038\" data-element_type=\"container\">\n\t\t\t\t\t<div class=\"e-con-inner\">\n\t\t\t\t<div class=\"elementor-element elementor-element-a518d27 elementor-widget elementor-widget-spacer\" data-id=\"a518d27\" data-element_type=\"widget\" data-widget_type=\"spacer.default\">\n\t\t\t\t<div class=\"elementor-widget-container\">\n\t\t\t\t\t\t\t<div class=\"elementor-spacer\">\n\t\t\t<div class=\"elementor-spacer-inner\"><\/div>\n\t\t<\/div>\n\t\t\t\t\t\t<\/div>\n\t\t\t\t<\/div>\n\t\t\t\t\t<\/div>\n\t\t\t\t<\/div>\n\t\t<div class=\"elementor-element elementor-element-6ec0b71 e-flex e-con-boxed e-con e-parent\" data-id=\"6ec0b71\" data-element_type=\"container\">\n\t\t\t\t\t<div class=\"e-con-inner\">\n\t\t\t\t<div class=\"elementor-element elementor-element-302b9b1 elementor-widget elementor-widget-heading\" data-id=\"302b9b1\" data-element_type=\"widget\" data-widget_type=\"heading.default\">\n\t\t\t\t<div class=\"elementor-widget-container\">\n\t\t\t\t\t<h2 class=\"elementor-heading-title elementor-size-default\">Diferencias clave entre los principales tipos de factura<\/h2>\t\t\t\t<\/div>\n\t\t\t\t<\/div>\n\t\t\t\t\t<\/div>\n\t\t\t\t<\/div>\n\t\t<div class=\"elementor-element elementor-element-d63e6d8 e-flex e-con-boxed e-con e-parent\" data-id=\"d63e6d8\" data-element_type=\"container\">\n\t\t\t\t\t<div class=\"e-con-inner\">\n\t\t\t\t<div class=\"elementor-element elementor-element-2aa01a4 elementor-widget elementor-widget-spacer\" data-id=\"2aa01a4\" data-element_type=\"widget\" data-widget_type=\"spacer.default\">\n\t\t\t\t<div class=\"elementor-widget-container\">\n\t\t\t\t\t\t\t<div class=\"elementor-spacer\">\n\t\t\t<div class=\"elementor-spacer-inner\"><\/div>\n\t\t<\/div>\n\t\t\t\t\t\t<\/div>\n\t\t\t\t<\/div>\n\t\t\t\t\t<\/div>\n\t\t\t\t<\/div>\n\t\t<div class=\"elementor-element elementor-element-12d9f605 e-flex e-con-boxed e-con e-parent\" data-id=\"12d9f605\" data-element_type=\"container\">\n\t\t\t\t\t<div class=\"e-con-inner\">\n\t\t\t\t<div class=\"elementor-element elementor-element-72e966f2 elementor-widget elementor-widget-html\" data-id=\"72e966f2\" data-element_type=\"widget\" data-widget_type=\"html.default\">\n\t\t\t\t<div class=\"elementor-widget-container\">\n\t\t\t\t\t<style>\r\n    .comparative-table {\r\n        width: 100%;\r\n        border-collapse: collapse;\r\n        font-size: 14px;\r\n        font-family: 'Arial', sans-serif;\r\n        text-align: left;\r\n    }\r\n\r\n    .comparative-table thead tr {\r\n        background-color: #1A2543;\r\n        color: white;\r\n        text-align: left;\r\n    }\r\n    \r\n    .comparative-table thead th {\r\n        color: white;\r\n    }\r\n\r\n    .comparative-table th,\r\n    .comparative-table td {\r\n        padding: 12px 15px;\r\n        border: 1px solid #dddddd;\r\n    }\r\n\r\n    .comparative-table tbody tr {\r\n        border-bottom: 1px solid #dddddd;\r\n    }\r\n\r\n    .comparative-table tbody tr:nth-of-type(even) {\r\n        background-color: #FBFCFF;\r\n    }\r\n\r\n    .comparative-table tbody tr:hover {\r\n        background-color: #F0F4FF;\r\n    }\r\n    \r\n    .bold{\r\n        font-weight: bold;   \r\n    }\r\n\r\n    \/* Nueva clase para centrar iconos *\/\r\n    .center {\r\n        text-align: center;\r\n    }\r\n\r\n<\/style>\r\n\r\n<table class=\"comparative-table\">\r\n    <thead>\r\n        <tr>\r\n            <th>Tipo de factura<\/th>\r\n            <th class=\"center\">Validez fiscal<\/th>\r\n            <th>Cu\u00e1ndo se usa<\/th>\r\n            <th>Ejemplo pr\u00e1ctico<\/th>\r\n        <\/tr>\r\n    <\/thead>\r\n    <tbody>\r\n        <tr>\r\n            <td class=\"bold\">Ordinaria<\/td>\r\n            <td class=\"center\">\u2705<\/td>\r\n            <td>Operaciones habituales de venta de bienes o servicios<\/td>\r\n            <td>Venta de un servicio de consultor\u00eda<\/td>\r\n        <\/tr>\r\n        <tr>\r\n            <td class=\"bold\">Simplificada<\/td>\r\n            <td class=\"center\">\u2705<\/td>\r\n            <td>Ventas menores a 400 \u20ac o sectores espec\u00edficos<\/td>\r\n            <td>Ticket en un restaurante<\/td>\r\n        <\/tr>\r\n        <tr>\r\n            <td class=\"bold\">Rectificativa<\/td>\r\n            <td class=\"center\">\u2705<\/td>\r\n            <td>Correcci\u00f3n de errores o devoluciones<\/td>\r\n            <td>Corregir una factura con importe err\u00f3neo<\/td>\r\n        <\/tr>\r\n        <tr>\r\n            <td class=\"bold\">Proforma<\/td>\r\n            <td class=\"center\">\u274c<\/td>\r\n            <td>Presupuesto o documento previo<\/td>\r\n            <td>Oferta comercial internacional<\/td>\r\n        <\/tr>\r\n        <tr>\r\n            <td class=\"bold\">Recapitulativa<\/td>\r\n            <td class=\"center\">\u2705<\/td>\r\n            <td>Varias operaciones con un mismo cliente<\/td>\r\n            <td>Factura mensual de transporte<\/td>\r\n        <\/tr>\r\n        <tr>\r\n            <td class=\"bold\">Electr\u00f3nica<\/td>\r\n            <td class=\"center\">\u2705<\/td>\r\n            <td>Relaci\u00f3n con Administraci\u00f3n P\u00fablica y empresas<\/td>\r\n            <td>Factura en FACe<\/td>\r\n        <\/tr>\r\n        <tr>\r\n            <td class=\"bold\">Intracomunitaria<\/td>\r\n            <td class=\"center\">\u2705<\/td>\r\n            <td>Ventas dentro de la UE entre empresas<\/td>\r\n            <td>Venta a Francia sin IVA<\/td>\r\n        <\/tr>\r\n        <tr>\r\n            <td class=\"bold\">Exportaci\u00f3n<\/td>\r\n            <td class=\"center\">\u2705<\/td>\r\n            <td>Ventas fuera de la UE<\/td>\r\n            <td>Venta de maquinaria a M\u00e9xico<\/td>\r\n        <\/tr>\r\n    <\/tbody>\r\n<\/table>\r\n\t\t\t\t<\/div>\n\t\t\t\t<\/div>\n\t\t\t\t\t<\/div>\n\t\t\t\t<\/div>\n\t\t<div class=\"elementor-element elementor-element-6d23cb4 e-flex e-con-boxed e-con e-parent\" data-id=\"6d23cb4\" data-element_type=\"container\">\n\t\t\t\t\t<div class=\"e-con-inner\">\n\t\t\t\t<div class=\"elementor-element elementor-element-a130b85 elementor-widget elementor-widget-spacer\" data-id=\"a130b85\" data-element_type=\"widget\" data-widget_type=\"spacer.default\">\n\t\t\t\t<div class=\"elementor-widget-container\">\n\t\t\t\t\t\t\t<div class=\"elementor-spacer\">\n\t\t\t<div class=\"elementor-spacer-inner\"><\/div>\n\t\t<\/div>\n\t\t\t\t\t\t<\/div>\n\t\t\t\t<\/div>\n\t\t\t\t\t<\/div>\n\t\t\t\t<\/div>\n\t\t<div class=\"elementor-element elementor-element-51c9fb0 e-flex e-con-boxed e-con e-parent\" data-id=\"51c9fb0\" data-element_type=\"container\">\n\t\t\t\t\t<div class=\"e-con-inner\">\n\t\t\t\t<div class=\"elementor-element elementor-element-75f349d elementor-widget elementor-widget-text-editor\" data-id=\"75f349d\" data-element_type=\"widget\" data-widget_type=\"text-editor.default\">\n\t\t\t\t<div class=\"elementor-widget-container\">\n\t\t\t\t\t\t\t\t\t<p>Conocer los <strong data-start=\"7570\" data-end=\"7591\">tipos de facturas<\/strong> que existen y sus diferencias es fundamental para evitar errores, cumplir con la normativa y llevar una contabilidad clara y ordenada.<\/p>\t\t\t\t\t\t\t\t<\/div>\n\t\t\t\t<\/div>\n\t\t\t\t\t<\/div>\n\t\t\t\t<\/div>\n\t\t<div class=\"elementor-element elementor-element-6650f3b e-flex e-con-boxed e-con e-parent\" data-id=\"6650f3b\" data-element_type=\"container\">\n\t\t\t\t\t<div class=\"e-con-inner\">\n\t\t\t\t<div class=\"elementor-element elementor-element-1e573c5 elementor-widget elementor-widget-text-editor\" data-id=\"1e573c5\" data-element_type=\"widget\" data-widget_type=\"text-editor.default\">\n\t\t\t\t<div class=\"elementor-widget-container\">\n\t\t\t\t\t\t\t\t\t<p>En la pr\u00e1ctica, las m\u00e1s habituales son la <strong data-start=\"7772\" data-end=\"7829\">factura ordinaria, la simplificada y la rectificativa<\/strong>, pero dependiendo de tu negocio es muy probable que necesites usar tambi\u00e9n facturas electr\u00f3nicas, intracomunitarias o incluso de exportaci\u00f3n.<\/p>\t\t\t\t\t\t\t\t<\/div>\n\t\t\t\t<\/div>\n\t\t\t\t\t<\/div>\n\t\t\t\t<\/div>\n\t\t<div class=\"elementor-element elementor-element-cf12e10 e-flex e-con-boxed e-con e-parent\" data-id=\"cf12e10\" data-element_type=\"container\">\n\t\t\t\t\t<div class=\"e-con-inner\">\n\t\t\t\t<div class=\"elementor-element elementor-element-9137a1d elementor-widget elementor-widget-text-editor\" data-id=\"9137a1d\" data-element_type=\"widget\" data-widget_type=\"text-editor.default\">\n\t\t\t\t<div class=\"elementor-widget-container\">\n\t\t\t\t\t\t\t\t\t<p>Dominar estas diferencias te permitir\u00e1 facturar con seguridad y dar a tu negocio una imagen profesional, adem\u00e1s de ahorrarte problemas con Hacienda.<\/p>\t\t\t\t\t\t\t\t<\/div>\n\t\t\t\t<\/div>\n\t\t\t\t\t<\/div>\n\t\t\t\t<\/div>\n\t\t<div class=\"elementor-element elementor-element-8ee1ecc e-flex e-con-boxed e-con e-parent\" data-id=\"8ee1ecc\" data-element_type=\"container\">\n\t\t\t\t\t<div class=\"e-con-inner\">\n\t\t\t\t<div class=\"elementor-element elementor-element-443933b elementor-widget elementor-widget-spacer\" data-id=\"443933b\" data-element_type=\"widget\" data-widget_type=\"spacer.default\">\n\t\t\t\t<div class=\"elementor-widget-container\">\n\t\t\t\t\t\t\t<div class=\"elementor-spacer\">\n\t\t\t<div class=\"elementor-spacer-inner\"><\/div>\n\t\t<\/div>\n\t\t\t\t\t\t<\/div>\n\t\t\t\t<\/div>\n\t\t\t\t\t<\/div>\n\t\t\t\t<\/div>\n\t\t<div class=\"elementor-element elementor-element-2f9afd68 e-flex e-con-boxed e-con e-parent\" data-id=\"2f9afd68\" data-element_type=\"container\">\n\t\t\t\t\t<div class=\"e-con-inner\">\n\t\t<div class=\"elementor-element elementor-element-4714225e e-flex e-con-boxed e-con e-child\" data-id=\"4714225e\" data-element_type=\"container\">\n\t\t\t\t\t<div class=\"e-con-inner\">\n\t\t\t\t<div class=\"elementor-element elementor-element-bca0d17 elementor-widget elementor-widget-heading\" data-id=\"bca0d17\" data-element_type=\"widget\" data-widget_type=\"heading.default\">\n\t\t\t\t<div class=\"elementor-widget-container\">\n\t\t\t\t\t<h2 class=\"elementor-heading-title elementor-size-default\">Preguntas frecuentes<\/h2>\t\t\t\t<\/div>\n\t\t\t\t<\/div>\n\t\t\t\t\t<\/div>\n\t\t\t\t<\/div>\n\t\t<div class=\"elementor-element elementor-element-7223adcd e-flex e-con-boxed e-con e-child\" data-id=\"7223adcd\" data-element_type=\"container\">\n\t\t\t\t\t<div class=\"e-con-inner\">\n\t\t\t\t<div class=\"elementor-element elementor-element-1cde48ad elementor-widget elementor-widget-heading\" data-id=\"1cde48ad\" data-element_type=\"widget\" data-widget_type=\"heading.default\">\n\t\t\t\t<div class=\"elementor-widget-container\">\n\t\t\t\t\t<h3 class=\"elementor-heading-title elementor-size-default\">Cu\u00e1l es la diferencia principal entre una factura ordinaria y una simplificada?<\/h3>\t\t\t\t<\/div>\n\t\t\t\t<\/div>\n\t\t\t\t<div class=\"elementor-element elementor-element-6fdc8e19 elementor-widget elementor-widget-text-editor\" data-id=\"6fdc8e19\" data-element_type=\"widget\" data-widget_type=\"text-editor.default\">\n\t\t\t\t<div class=\"elementor-widget-container\">\n\t\t\t\t\t\t\t\t\t<p>La factura ordinaria requiere todos los datos del cliente y desglose completo de impuestos, mientras que la simplificada se usa para importes bajos y no siempre requiere los datos completos del receptor.<\/p>\t\t\t\t\t\t\t\t<\/div>\n\t\t\t\t<\/div>\n\t\t\t\t\t<\/div>\n\t\t\t\t<\/div>\n\t\t<div class=\"elementor-element elementor-element-6eea98e3 e-flex e-con-boxed e-con e-child\" data-id=\"6eea98e3\" data-element_type=\"container\">\n\t\t\t\t\t<div class=\"e-con-inner\">\n\t\t\t\t<div class=\"elementor-element elementor-element-526a2852 elementor-widget elementor-widget-heading\" data-id=\"526a2852\" data-element_type=\"widget\" data-widget_type=\"heading.default\">\n\t\t\t\t<div class=\"elementor-widget-container\">\n\t\t\t\t\t<h3 class=\"elementor-heading-title elementor-size-default\">\u00bfCu\u00e1ndo debo emitir una factura rectificativa?<\/h3>\t\t\t\t<\/div>\n\t\t\t\t<\/div>\n\t\t\t\t<div class=\"elementor-element elementor-element-7e1fdcc1 elementor-widget elementor-widget-text-editor\" data-id=\"7e1fdcc1\" data-element_type=\"widget\" data-widget_type=\"text-editor.default\">\n\t\t\t\t<div class=\"elementor-widget-container\">\n\t\t\t\t\t\t\t\t\t<p>Se emite siempre que haya un error en una factura ya emitida, como un importe incorrecto, devoluci\u00f3n de productos o descuentos no aplicados.<\/p>\t\t\t\t\t\t\t\t<\/div>\n\t\t\t\t<\/div>\n\t\t\t\t\t<\/div>\n\t\t\t\t<\/div>\n\t\t<div class=\"elementor-element elementor-element-3c81e18b e-flex e-con-boxed e-con e-child\" data-id=\"3c81e18b\" data-element_type=\"container\">\n\t\t\t\t\t<div class=\"e-con-inner\">\n\t\t\t\t<div class=\"elementor-element elementor-element-231d2b35 elementor-widget elementor-widget-heading\" data-id=\"231d2b35\" data-element_type=\"widget\" data-widget_type=\"heading.default\">\n\t\t\t\t<div class=\"elementor-widget-container\">\n\t\t\t\t\t<h3 class=\"elementor-heading-title elementor-size-default\">\u00bfEs obligatorio emitir facturas electr\u00f3nicas?<\/h3>\t\t\t\t<\/div>\n\t\t\t\t<\/div>\n\t\t\t\t<div class=\"elementor-element elementor-element-2e9d243f elementor-widget elementor-widget-text-editor\" data-id=\"2e9d243f\" data-element_type=\"widget\" data-widget_type=\"text-editor.default\">\n\t\t\t\t<div class=\"elementor-widget-container\">\n\t\t\t\t\t\t\t\t\t<p>S\u00ed, para las operaciones con la Administraci\u00f3n P\u00fablica y, cada vez m\u00e1s, para negocios entre empresas y aut\u00f3nomos, especialmente desde la entrada de Verifactu.<\/p>\t\t\t\t\t\t\t\t<\/div>\n\t\t\t\t<\/div>\n\t\t\t\t\t<\/div>\n\t\t\t\t<\/div>\n\t\t<div class=\"elementor-element elementor-element-1f73c068 e-flex e-con-boxed e-con e-child\" data-id=\"1f73c068\" data-element_type=\"container\">\n\t\t\t\t\t<div class=\"e-con-inner\">\n\t\t\t\t<div class=\"elementor-element elementor-element-689cc440 elementor-widget elementor-widget-heading\" data-id=\"689cc440\" data-element_type=\"widget\" data-widget_type=\"heading.default\">\n\t\t\t\t<div class=\"elementor-widget-container\">\n\t\t\t\t\t<h3 class=\"elementor-heading-title elementor-size-default\">\u00bfQu\u00e9 es una factura intracomunitaria y c\u00f3mo funciona el IVA?<\/h3>\t\t\t\t<\/div>\n\t\t\t\t<\/div>\n\t\t\t\t<div class=\"elementor-element elementor-element-f7ecf31 elementor-widget elementor-widget-text-editor\" data-id=\"f7ecf31\" data-element_type=\"widget\" data-widget_type=\"text-editor.default\">\n\t\t\t\t<div class=\"elementor-widget-container\">\n\t\t\t\t\t\t\t\t\t<p>Se utiliza en ventas entre empresas de distintos pa\u00edses de la UE. Normalmente no se aplica IVA en la factura, ya que el cliente es quien lo autoliquida en su pa\u00eds.<\/p>\t\t\t\t\t\t\t\t<\/div>\n\t\t\t\t<\/div>\n\t\t\t\t\t<\/div>\n\t\t\t\t<\/div>\n\t\t<div class=\"elementor-element elementor-element-a8165a8 e-flex e-con-boxed e-con e-child\" data-id=\"a8165a8\" data-element_type=\"container\">\n\t\t\t\t\t<div class=\"e-con-inner\">\n\t\t\t\t<div class=\"elementor-element elementor-element-8389f62 elementor-widget elementor-widget-heading\" data-id=\"8389f62\" data-element_type=\"widget\" data-widget_type=\"heading.default\">\n\t\t\t\t<div class=\"elementor-widget-container\">\n\t\t\t\t\t<h3 class=\"elementor-heading-title elementor-size-default\">\u00bfPuedo usar una factura proforma como justificante contable?<\/h3>\t\t\t\t<\/div>\n\t\t\t\t<\/div>\n\t\t\t\t<div class=\"elementor-element elementor-element-fbc0c3a elementor-widget elementor-widget-text-editor\" data-id=\"fbc0c3a\" data-element_type=\"widget\" data-widget_type=\"text-editor.default\">\n\t\t\t\t<div class=\"elementor-widget-container\">\n\t\t\t\t\t\t\t\t\t<p>No, la factura proforma solo sirve como documento informativo o presupuesto; no tiene validez fiscal ni contable.<\/p>\t\t\t\t\t\t\t\t<\/div>\n\t\t\t\t<\/div>\n\t\t\t\t\t<\/div>\n\t\t\t\t<\/div>\n\t\t\t\t\t<\/div>\n\t\t\t\t<\/div>\n\t\t<div class=\"elementor-element elementor-element-2d1c2501 e-flex e-con-boxed e-con e-parent\" data-id=\"2d1c2501\" data-element_type=\"container\">\n\t\t\t\t\t<div class=\"e-con-inner\">\n\t\t<div class=\"elementor-element elementor-element-47fe9ced e-con-full e-flex e-con e-child\" data-id=\"47fe9ced\" data-element_type=\"container\">\n\t\t\t\t<div class=\"elementor-element elementor-element-70f1c4d6 elementor-widget elementor-widget-spacer\" data-id=\"70f1c4d6\" data-element_type=\"widget\" data-widget_type=\"spacer.default\">\n\t\t\t\t<div class=\"elementor-widget-container\">\n\t\t\t\t\t\t\t<div class=\"elementor-spacer\">\n\t\t\t<div class=\"elementor-spacer-inner\"><\/div>\n\t\t<\/div>\n\t\t\t\t\t\t<\/div>\n\t\t\t\t<\/div>\n\t\t\t\t<\/div>\n\t\t<div class=\"elementor-element elementor-element-229c8230 e-con-full e-flex e-con e-child\" data-id=\"229c8230\" data-element_type=\"container\">\n\t\t\t\t<div class=\"elementor-element elementor-element-3914ba61 elementor-widget elementor-widget-heading\" data-id=\"3914ba61\" data-element_type=\"widget\" data-widget_type=\"heading.default\">\n\t\t\t\t<div class=\"elementor-widget-container\">\n\t\t\t\t\t<h3 class=\"elementor-heading-title elementor-size-default\">No te pierdas...<\/h3>\t\t\t\t<\/div>\n\t\t\t\t<\/div>\n\t\t\t\t<\/div>\n\t\t<div class=\"elementor-element elementor-element-6c3da4e3 e-con-full e-flex e-con e-child\" data-id=\"6c3da4e3\" data-element_type=\"container\">\n\t\t\t\t<div class=\"elementor-element elementor-element-57a19a16 elementor-widget elementor-widget-katen-post-five\" data-id=\"57a19a16\" data-element_type=\"widget\" data-widget_type=\"katen-post-five.default\">\n\t\t\t\t<div class=\"elementor-widget-container\">\n\t\t\t\t\t\t\t<div class=\"padding-30 rounded bordered\">\n\n\t\t\t<div class=\"row infinite-wrapper\">\n\n\t\t\t\n\t\t\t\t<div class=\"col-md-12 col-sm-6 post-list-item post-item\">\n\t\t\t\t\t<!-- post -->\n\t\t\t\t\t<div class=\"post post-list clearfix\">\n\n\t\t\t\t\t\t<div class=\"thumb rounded\"><div class=\"inner\"><a href=\"https:\/\/finanedi.es\/blog\/nif-iva-la-llave-para-tu-negocio-en-el-mercado-europeo\/\"><img fetchpriority=\"high\" decoding=\"async\" width=\"330\" height=\"250\" src=\"https:\/\/finanedi.es\/blog\/contenido\/uploads\/2025\/06\/NIF-IVA-La-llave-para-tu-negocio-en-el-mercado-europeo-330x250.jpg\" class=\"attachment-katen-thumb-list size-katen-thumb-list wp-post-image\" alt=\"NIF-IVA La llave para tu negocio en el mercado europeo\" \/><\/a><\/div><\/div>  \n\n\t\t\t\t\t\t<div class=\"details clearfix\">\n\t\t\t\t\t\t\t<ul class=\"meta list-inline mb-3\">\n\t\t\t\t\t\t\t\t<li class=\"list-inline-item\"><a href=\"https:\/\/finanedi.es\/blog\/category\/facturacion\/\">Facturaci\u00f3n<\/a><\/li>\t\t\t\t\t\t\t<\/ul>\n\t\t\t\t\t\t\t<h5 class=\"post-title\"><a href=\"https:\/\/finanedi.es\/blog\/nif-iva-la-llave-para-tu-negocio-en-el-mercado-europeo\/\">NIF-IVA: La llave para tu negocio en el mercado europeo<\/a><\/h5>\n\t\t\t\t\t\t\t<p class=\"excerpt mb-0\">\n\t\t\t\t\t\t\t\t\u00bfEres aut\u00f3nomo o tienes una pyme y sue\u00f1as con expandir tu negocio m\u00e1s all\u00e1 de&hellip;\t\t\t\t\t\t\t<\/p>\n\t\t\t\t\t\t\t<div class=\"post-bottom clearfix d-flex align-items-center\">\n\t\t\t\t\t\t\t\t\t\t\t\t\t\t\t\t\t\t\t\t\t\t\t<\/div>\n\t\t\t\t\t\t<\/div>\n\t\t\t\t\t<\/div>\n\t\t\t\t<\/div>\n\n\t\t\t\n\t\t\t\t<div class=\"col-md-12 col-sm-6 post-list-item post-item\">\n\t\t\t\t\t<!-- post -->\n\t\t\t\t\t<div class=\"post post-list clearfix\">\n\n\t\t\t\t\t\t<div class=\"thumb rounded\"><div class=\"inner\"><a href=\"https:\/\/finanedi.es\/blog\/10-ventajas-de-utilizar-edi-en-tu-negocio\/\"><img decoding=\"async\" width=\"330\" height=\"250\" src=\"https:\/\/finanedi.es\/blog\/contenido\/uploads\/2024\/03\/shubham-dhage-T9rKvI3N0NM-unsplash-330x250.jpg\" class=\"attachment-katen-thumb-list size-katen-thumb-list wp-post-image\" alt=\"10 ventajas de utilizar EDI en tu negocio\" \/><\/a><\/div><\/div>  \n\n\t\t\t\t\t\t<div class=\"details clearfix\">\n\t\t\t\t\t\t\t<ul class=\"meta list-inline mb-3\">\n\t\t\t\t\t\t\t\t<li class=\"list-inline-item\"><a href=\"https:\/\/finanedi.es\/blog\/category\/facturacion\/\">Facturaci\u00f3n<\/a><\/li>\t\t\t\t\t\t\t<\/ul>\n\t\t\t\t\t\t\t<h5 class=\"post-title\"><a href=\"https:\/\/finanedi.es\/blog\/10-ventajas-de-utilizar-edi-en-tu-negocio\/\">10 ventajas de utilizar EDI en tu negocio<\/a><\/h5>\n\t\t\t\t\t\t\t<p class=\"excerpt mb-0\">\n\t\t\t\t\t\t\t\t\u00bfTe has preguntado alguna vez c\u00f3mo podr\u00edas mejorar la eficiencia y la precisi\u00f3n en el&hellip;\t\t\t\t\t\t\t<\/p>\n\t\t\t\t\t\t\t<div class=\"post-bottom clearfix d-flex align-items-center\">\n\t\t\t\t\t\t\t\t\t\t\t\t\t\t\t\t\t\t\t\t\t\t\t<\/div>\n\t\t\t\t\t\t<\/div>\n\t\t\t\t\t<\/div>\n\t\t\t\t<\/div>\n\n\t\t\t\n\t\t\t\t<div class=\"col-md-12 col-sm-6 post-list-item post-item\">\n\t\t\t\t\t<!-- post -->\n\t\t\t\t\t<div class=\"post post-list clearfix\">\n\n\t\t\t\t\t\t<div class=\"thumb rounded\"><div class=\"inner\"><a href=\"https:\/\/finanedi.es\/blog\/ciberseguridad-para-facturas-como-proteger-los-datos-de-tu-empresa-y-evitar-fraudes\/\"><img decoding=\"async\" width=\"330\" height=\"250\" src=\"https:\/\/finanedi.es\/blog\/contenido\/uploads\/2025\/09\/Ciberseguridad-para-facturas-Como-proteger-los-datos-de-tu-empresa-y-evitar-fraudes-330x250.jpg\" class=\"attachment-katen-thumb-list size-katen-thumb-list wp-post-image\" alt=\"Ciberseguridad para facturas C\u00f3mo proteger los datos de tu empresa y evitar fraudes\" \/><\/a><\/div><\/div>  \n\n\t\t\t\t\t\t<div class=\"details clearfix\">\n\t\t\t\t\t\t\t<ul class=\"meta list-inline mb-3\">\n\t\t\t\t\t\t\t\t<li class=\"list-inline-item\"><a href=\"https:\/\/finanedi.es\/blog\/category\/facturacion\/\">Facturaci\u00f3n<\/a><\/li>\t\t\t\t\t\t\t<\/ul>\n\t\t\t\t\t\t\t<h5 class=\"post-title\"><a href=\"https:\/\/finanedi.es\/blog\/ciberseguridad-para-facturas-como-proteger-los-datos-de-tu-empresa-y-evitar-fraudes\/\">Ciberseguridad para facturas: C\u00f3mo proteger los datos de tu empresa y evitar fraudes<\/a><\/h5>\n\t\t\t\t\t\t\t<p class=\"excerpt mb-0\">\n\t\t\t\t\t\t\t\tEn un entorno cada vez m\u00e1s digital, la ciberseguridad en la facturaci\u00f3n se ha convertido&hellip;\t\t\t\t\t\t\t<\/p>\n\t\t\t\t\t\t\t<div class=\"post-bottom clearfix d-flex align-items-center\">\n\t\t\t\t\t\t\t\t\t\t\t\t\t\t\t\t\t\t\t\t\t\t\t<\/div>\n\t\t\t\t\t\t<\/div>\n\t\t\t\t\t<\/div>\n\t\t\t\t<\/div>\n\n\t\t\t\n\t\t\t\t<div class=\"col-md-12 col-sm-6 post-list-item post-item\">\n\t\t\t\t\t<!-- post -->\n\t\t\t\t\t<div class=\"post post-list clearfix\">\n\n\t\t\t\t\t\t<div class=\"thumb rounded\"><div class=\"inner\"><a href=\"https:\/\/finanedi.es\/blog\/el-fin-de-borrar-facturas-adaptandose-a-la-nueva-normativa\/\"><img loading=\"lazy\" decoding=\"async\" width=\"330\" height=\"250\" src=\"https:\/\/finanedi.es\/blog\/contenido\/uploads\/2025\/06\/El-fin-de-borrar-facturas-Adaptandose-a-la-nueva-normativa-330x250.jpg\" class=\"attachment-katen-thumb-list size-katen-thumb-list wp-post-image\" alt=\"El fin de borrar facturas Adapt\u00e1ndose a la nueva normativa\" \/><\/a><\/div><\/div>  \n\n\t\t\t\t\t\t<div class=\"details clearfix\">\n\t\t\t\t\t\t\t<ul class=\"meta list-inline mb-3\">\n\t\t\t\t\t\t\t\t<li class=\"list-inline-item\"><a href=\"https:\/\/finanedi.es\/blog\/category\/facturacion\/\">Facturaci\u00f3n<\/a><\/li>\t\t\t\t\t\t\t<\/ul>\n\t\t\t\t\t\t\t<h5 class=\"post-title\"><a href=\"https:\/\/finanedi.es\/blog\/el-fin-de-borrar-facturas-adaptandose-a-la-nueva-normativa\/\">El fin de borrar facturas emitidas: Adapt\u00e1ndose a la nueva normativa<\/a><\/h5>\n\t\t\t\t\t\t\t<p class=\"excerpt mb-0\">\n\t\t\t\t\t\t\t\t\u00bfQui\u00e9n no ha pensado alguna vez eso de &quot;ups, la he liado con esta factura,&hellip;\t\t\t\t\t\t\t<\/p>\n\t\t\t\t\t\t\t<div class=\"post-bottom clearfix d-flex align-items-center\">\n\t\t\t\t\t\t\t\t\t\t\t\t\t\t\t\t\t\t\t\t\t\t\t<\/div>\n\t\t\t\t\t\t<\/div>\n\t\t\t\t\t<\/div>\n\t\t\t\t<\/div>\n\n\t\t\t\n\t\t\t<\/div>\n\n\t\t<\/div>\n\t\t\n        \t\t\t\t<\/div>\n\t\t\t\t<\/div>\n\t\t\t\t<\/div>\n\t\t\t\t\t<\/div>\n\t\t\t\t<\/div>\n\t\t\t\t<\/div>\n\t\t","protected":false},"excerpt":{"rendered":"<p>La factura es mucho m\u00e1s que un simple documento: es la base de la contabilidad de tu negocio, el justificante de tus operaciones comerciales y la referencia que Hacienda utilizar\u00e1 para comprobar que cumples con tus obligaciones fiscales.<br \/>\nPero no todas las facturas son iguales. Existen diferentes tipos, cada una con caracter\u00edsticas propias y situaciones concretas en las que se deben utilizar.<\/p>\n","protected":false},"author":3,"featured_media":11583,"comment_status":"closed","ping_status":"open","sticky":false,"template":"","format":"standard","meta":{"_monsterinsights_skip_tracking":false,"_monsterinsights_sitenote_active":false,"_monsterinsights_sitenote_note":"","_monsterinsights_sitenote_category":0,"footnotes":""},"categories":[4],"tags":[],"class_list":["post-11577","post","type-post","status-publish","format-standard","has-post-thumbnail","hentry","category-facturacion"],"yoast_head":"<!-- This site is optimized with the Yoast SEO plugin v26.2 - https:\/\/yoast.com\/wordpress\/plugins\/seo\/ -->\n<title>Tipos de factura: cu\u00e1les existen, cu\u00e1ndo utilizarlas y en qu\u00e9 se diferencian<\/title>\n<meta name=\"description\" content=\"Descubre los tipos de factura, cu\u00e1ndo se usan y sus diferencias para llevar tu contabilidad y facturaci\u00f3n de forma sencilla.\" \/>\n<meta name=\"robots\" content=\"index, follow, max-snippet:-1, max-image-preview:large, max-video-preview:-1\" \/>\n<link rel=\"canonical\" href=\"https:\/\/finanedi.es\/blog\/tipos-de-factura-cuales-existen-cuando-utilizarlas-y-en-que-se-diferencian\/\" \/>\n<meta property=\"og:locale\" content=\"es_ES\" \/>\n<meta property=\"og:type\" content=\"article\" \/>\n<meta property=\"og:title\" content=\"Tipos de factura: cu\u00e1les existen, cu\u00e1ndo utilizarlas y en qu\u00e9 se diferencian\" \/>\n<meta property=\"og:description\" content=\"Descubre los tipos de factura, cu\u00e1ndo se usan y sus diferencias para llevar tu contabilidad y facturaci\u00f3n de forma sencilla.\" \/>\n<meta property=\"og:url\" content=\"https:\/\/finanedi.es\/blog\/tipos-de-factura-cuales-existen-cuando-utilizarlas-y-en-que-se-diferencian\/\" \/>\n<meta property=\"og:site_name\" content=\"Blog para pymes y aut\u00f3nomos - FinanEDI\" \/>\n<meta property=\"article:published_time\" content=\"2025-08-29T08:02:13+00:00\" \/>\n<meta property=\"article:modified_time\" content=\"2025-08-29T08:11:00+00:00\" \/>\n<meta property=\"og:image\" content=\"https:\/\/finanedi.es\/blog\/contenido\/uploads\/2025\/08\/Tipos-de-factura-cuales-existen-cuando-utilizarlas-y-en-que-se-diferencian.jpg\" \/>\n\t<meta property=\"og:image:width\" content=\"2000\" \/>\n\t<meta property=\"og:image:height\" content=\"1333\" \/>\n\t<meta property=\"og:image:type\" content=\"image\/jpeg\" \/>\n<meta name=\"author\" content=\"restevez\" \/>\n<meta name=\"twitter:card\" content=\"summary_large_image\" \/>\n<meta name=\"twitter:label1\" content=\"Escrito por\" \/>\n\t<meta name=\"twitter:data1\" content=\"restevez\" \/>\n\t<meta name=\"twitter:label2\" content=\"Tiempo de lectura\" \/>\n\t<meta name=\"twitter:data2\" content=\"10 minutos\" \/>\n<script type=\"application\/ld+json\" class=\"yoast-schema-graph\">{\"@context\":\"https:\/\/schema.org\",\"@graph\":[{\"@type\":\"Article\",\"@id\":\"https:\/\/finanedi.es\/blog\/tipos-de-factura-cuales-existen-cuando-utilizarlas-y-en-que-se-diferencian\/#article\",\"isPartOf\":{\"@id\":\"https:\/\/finanedi.es\/blog\/tipos-de-factura-cuales-existen-cuando-utilizarlas-y-en-que-se-diferencian\/\"},\"author\":{\"name\":\"restevez\",\"@id\":\"https:\/\/finanedi.es\/blog\/#\/schema\/person\/233ed58195d34f36f74f13ba1030ebd8\"},\"headline\":\"Tipos de factura: cu\u00e1les existen, cu\u00e1ndo utilizarlas y en qu\u00e9 se diferencian\",\"datePublished\":\"2025-08-29T08:02:13+00:00\",\"dateModified\":\"2025-08-29T08:11:00+00:00\",\"mainEntityOfPage\":{\"@id\":\"https:\/\/finanedi.es\/blog\/tipos-de-factura-cuales-existen-cuando-utilizarlas-y-en-que-se-diferencian\/\"},\"wordCount\":1383,\"publisher\":{\"@id\":\"https:\/\/finanedi.es\/blog\/#organization\"},\"image\":{\"@id\":\"https:\/\/finanedi.es\/blog\/tipos-de-factura-cuales-existen-cuando-utilizarlas-y-en-que-se-diferencian\/#primaryimage\"},\"thumbnailUrl\":\"https:\/\/finanedi.es\/blog\/contenido\/uploads\/2025\/08\/Tipos-de-factura-cuales-existen-cuando-utilizarlas-y-en-que-se-diferencian.jpg\",\"articleSection\":[\"Facturaci\u00f3n\"],\"inLanguage\":\"es\"},{\"@type\":\"WebPage\",\"@id\":\"https:\/\/finanedi.es\/blog\/tipos-de-factura-cuales-existen-cuando-utilizarlas-y-en-que-se-diferencian\/\",\"url\":\"https:\/\/finanedi.es\/blog\/tipos-de-factura-cuales-existen-cuando-utilizarlas-y-en-que-se-diferencian\/\",\"name\":\"Tipos de factura: cu\u00e1les existen, cu\u00e1ndo utilizarlas y en qu\u00e9 se diferencian\",\"isPartOf\":{\"@id\":\"https:\/\/finanedi.es\/blog\/#website\"},\"primaryImageOfPage\":{\"@id\":\"https:\/\/finanedi.es\/blog\/tipos-de-factura-cuales-existen-cuando-utilizarlas-y-en-que-se-diferencian\/#primaryimage\"},\"image\":{\"@id\":\"https:\/\/finanedi.es\/blog\/tipos-de-factura-cuales-existen-cuando-utilizarlas-y-en-que-se-diferencian\/#primaryimage\"},\"thumbnailUrl\":\"https:\/\/finanedi.es\/blog\/contenido\/uploads\/2025\/08\/Tipos-de-factura-cuales-existen-cuando-utilizarlas-y-en-que-se-diferencian.jpg\",\"datePublished\":\"2025-08-29T08:02:13+00:00\",\"dateModified\":\"2025-08-29T08:11:00+00:00\",\"description\":\"Descubre los tipos de factura, cu\u00e1ndo se usan y sus diferencias para llevar tu contabilidad y facturaci\u00f3n de forma sencilla.\",\"breadcrumb\":{\"@id\":\"https:\/\/finanedi.es\/blog\/tipos-de-factura-cuales-existen-cuando-utilizarlas-y-en-que-se-diferencian\/#breadcrumb\"},\"inLanguage\":\"es\",\"potentialAction\":[{\"@type\":\"ReadAction\",\"target\":[\"https:\/\/finanedi.es\/blog\/tipos-de-factura-cuales-existen-cuando-utilizarlas-y-en-que-se-diferencian\/\"]}]},{\"@type\":\"ImageObject\",\"inLanguage\":\"es\",\"@id\":\"https:\/\/finanedi.es\/blog\/tipos-de-factura-cuales-existen-cuando-utilizarlas-y-en-que-se-diferencian\/#primaryimage\",\"url\":\"https:\/\/finanedi.es\/blog\/contenido\/uploads\/2025\/08\/Tipos-de-factura-cuales-existen-cuando-utilizarlas-y-en-que-se-diferencian.jpg\",\"contentUrl\":\"https:\/\/finanedi.es\/blog\/contenido\/uploads\/2025\/08\/Tipos-de-factura-cuales-existen-cuando-utilizarlas-y-en-que-se-diferencian.jpg\",\"width\":2000,\"height\":1333,\"caption\":\"Tipos de factura cu\u00e1les existen, cu\u00e1ndo utilizarlas y en qu\u00e9 se diferencian\"},{\"@type\":\"BreadcrumbList\",\"@id\":\"https:\/\/finanedi.es\/blog\/tipos-de-factura-cuales-existen-cuando-utilizarlas-y-en-que-se-diferencian\/#breadcrumb\",\"itemListElement\":[{\"@type\":\"ListItem\",\"position\":1,\"name\":\"Home\",\"item\":\"https:\/\/finanedi.es\/blog\/\"},{\"@type\":\"ListItem\",\"position\":2,\"name\":\"Tipos de factura: cu\u00e1les existen, cu\u00e1ndo utilizarlas y en qu\u00e9 se diferencian\"}]},{\"@type\":\"WebSite\",\"@id\":\"https:\/\/finanedi.es\/blog\/#website\",\"url\":\"https:\/\/finanedi.es\/blog\/\",\"name\":\"Blog para pymes y aut\u00f3nomos - FinanEDI\",\"description\":\"Blog para aut\u00f3nomos y PYMES, sobre temas como facturaci\u00f3n, contabilidad, tecnolog\u00eda.\",\"publisher\":{\"@id\":\"https:\/\/finanedi.es\/blog\/#organization\"},\"potentialAction\":[{\"@type\":\"SearchAction\",\"target\":{\"@type\":\"EntryPoint\",\"urlTemplate\":\"https:\/\/finanedi.es\/blog\/?s={search_term_string}\"},\"query-input\":{\"@type\":\"PropertyValueSpecification\",\"valueRequired\":true,\"valueName\":\"search_term_string\"}}],\"inLanguage\":\"es\"},{\"@type\":\"Organization\",\"@id\":\"https:\/\/finanedi.es\/blog\/#organization\",\"name\":\"Blog para pymes y aut\u00f3nomos - FinanEDI\",\"url\":\"https:\/\/finanedi.es\/blog\/\",\"logo\":{\"@type\":\"ImageObject\",\"inLanguage\":\"es\",\"@id\":\"https:\/\/finanedi.es\/blog\/#\/schema\/logo\/image\/\",\"url\":\"https:\/\/finanedi.es\/blog\/contenido\/uploads\/2024\/02\/FinanEdiAzul1.svg\",\"contentUrl\":\"https:\/\/finanedi.es\/blog\/contenido\/uploads\/2024\/02\/FinanEdiAzul1.svg\",\"width\":142,\"height\":36,\"caption\":\"Blog para pymes y aut\u00f3nomos - FinanEDI\"},\"image\":{\"@id\":\"https:\/\/finanedi.es\/blog\/#\/schema\/logo\/image\/\"}},{\"@type\":\"Person\",\"@id\":\"https:\/\/finanedi.es\/blog\/#\/schema\/person\/233ed58195d34f36f74f13ba1030ebd8\",\"name\":\"restevez\",\"image\":{\"@type\":\"ImageObject\",\"inLanguage\":\"es\",\"@id\":\"https:\/\/finanedi.es\/blog\/#\/schema\/person\/image\/\",\"url\":\"https:\/\/secure.gravatar.com\/avatar\/6c4880db9746e4aa887a98e0ebf657788804dc4280120ef10331a2e6ebb4a9a0?s=96&d=mm&r=g\",\"contentUrl\":\"https:\/\/secure.gravatar.com\/avatar\/6c4880db9746e4aa887a98e0ebf657788804dc4280120ef10331a2e6ebb4a9a0?s=96&d=mm&r=g\",\"caption\":\"restevez\"},\"url\":\"https:\/\/finanedi.es\/blog\/author\/restevez\/\"}]}<\/script>\n<!-- \/ Yoast SEO plugin. -->","yoast_head_json":{"title":"Tipos de factura: cu\u00e1les existen, cu\u00e1ndo utilizarlas y en qu\u00e9 se diferencian","description":"Descubre los tipos de factura, cu\u00e1ndo se usan y sus diferencias para llevar tu contabilidad y facturaci\u00f3n de forma sencilla.","robots":{"index":"index","follow":"follow","max-snippet":"max-snippet:-1","max-image-preview":"max-image-preview:large","max-video-preview":"max-video-preview:-1"},"canonical":"https:\/\/finanedi.es\/blog\/tipos-de-factura-cuales-existen-cuando-utilizarlas-y-en-que-se-diferencian\/","og_locale":"es_ES","og_type":"article","og_title":"Tipos de factura: cu\u00e1les existen, cu\u00e1ndo utilizarlas y en qu\u00e9 se diferencian","og_description":"Descubre los tipos de factura, cu\u00e1ndo se usan y sus diferencias para llevar tu contabilidad y facturaci\u00f3n de forma sencilla.","og_url":"https:\/\/finanedi.es\/blog\/tipos-de-factura-cuales-existen-cuando-utilizarlas-y-en-que-se-diferencian\/","og_site_name":"Blog para pymes y aut\u00f3nomos - FinanEDI","article_published_time":"2025-08-29T08:02:13+00:00","article_modified_time":"2025-08-29T08:11:00+00:00","og_image":[{"width":2000,"height":1333,"url":"https:\/\/finanedi.es\/blog\/contenido\/uploads\/2025\/08\/Tipos-de-factura-cuales-existen-cuando-utilizarlas-y-en-que-se-diferencian.jpg","type":"image\/jpeg"}],"author":"restevez","twitter_card":"summary_large_image","twitter_misc":{"Escrito por":"restevez","Tiempo de lectura":"10 minutos"},"schema":{"@context":"https:\/\/schema.org","@graph":[{"@type":"Article","@id":"https:\/\/finanedi.es\/blog\/tipos-de-factura-cuales-existen-cuando-utilizarlas-y-en-que-se-diferencian\/#article","isPartOf":{"@id":"https:\/\/finanedi.es\/blog\/tipos-de-factura-cuales-existen-cuando-utilizarlas-y-en-que-se-diferencian\/"},"author":{"name":"restevez","@id":"https:\/\/finanedi.es\/blog\/#\/schema\/person\/233ed58195d34f36f74f13ba1030ebd8"},"headline":"Tipos de factura: cu\u00e1les existen, cu\u00e1ndo utilizarlas y en qu\u00e9 se diferencian","datePublished":"2025-08-29T08:02:13+00:00","dateModified":"2025-08-29T08:11:00+00:00","mainEntityOfPage":{"@id":"https:\/\/finanedi.es\/blog\/tipos-de-factura-cuales-existen-cuando-utilizarlas-y-en-que-se-diferencian\/"},"wordCount":1383,"publisher":{"@id":"https:\/\/finanedi.es\/blog\/#organization"},"image":{"@id":"https:\/\/finanedi.es\/blog\/tipos-de-factura-cuales-existen-cuando-utilizarlas-y-en-que-se-diferencian\/#primaryimage"},"thumbnailUrl":"https:\/\/finanedi.es\/blog\/contenido\/uploads\/2025\/08\/Tipos-de-factura-cuales-existen-cuando-utilizarlas-y-en-que-se-diferencian.jpg","articleSection":["Facturaci\u00f3n"],"inLanguage":"es"},{"@type":"WebPage","@id":"https:\/\/finanedi.es\/blog\/tipos-de-factura-cuales-existen-cuando-utilizarlas-y-en-que-se-diferencian\/","url":"https:\/\/finanedi.es\/blog\/tipos-de-factura-cuales-existen-cuando-utilizarlas-y-en-que-se-diferencian\/","name":"Tipos de factura: cu\u00e1les existen, cu\u00e1ndo utilizarlas y en qu\u00e9 se diferencian","isPartOf":{"@id":"https:\/\/finanedi.es\/blog\/#website"},"primaryImageOfPage":{"@id":"https:\/\/finanedi.es\/blog\/tipos-de-factura-cuales-existen-cuando-utilizarlas-y-en-que-se-diferencian\/#primaryimage"},"image":{"@id":"https:\/\/finanedi.es\/blog\/tipos-de-factura-cuales-existen-cuando-utilizarlas-y-en-que-se-diferencian\/#primaryimage"},"thumbnailUrl":"https:\/\/finanedi.es\/blog\/contenido\/uploads\/2025\/08\/Tipos-de-factura-cuales-existen-cuando-utilizarlas-y-en-que-se-diferencian.jpg","datePublished":"2025-08-29T08:02:13+00:00","dateModified":"2025-08-29T08:11:00+00:00","description":"Descubre los tipos de factura, cu\u00e1ndo se usan y sus diferencias para llevar tu contabilidad y facturaci\u00f3n de forma sencilla.","breadcrumb":{"@id":"https:\/\/finanedi.es\/blog\/tipos-de-factura-cuales-existen-cuando-utilizarlas-y-en-que-se-diferencian\/#breadcrumb"},"inLanguage":"es","potentialAction":[{"@type":"ReadAction","target":["https:\/\/finanedi.es\/blog\/tipos-de-factura-cuales-existen-cuando-utilizarlas-y-en-que-se-diferencian\/"]}]},{"@type":"ImageObject","inLanguage":"es","@id":"https:\/\/finanedi.es\/blog\/tipos-de-factura-cuales-existen-cuando-utilizarlas-y-en-que-se-diferencian\/#primaryimage","url":"https:\/\/finanedi.es\/blog\/contenido\/uploads\/2025\/08\/Tipos-de-factura-cuales-existen-cuando-utilizarlas-y-en-que-se-diferencian.jpg","contentUrl":"https:\/\/finanedi.es\/blog\/contenido\/uploads\/2025\/08\/Tipos-de-factura-cuales-existen-cuando-utilizarlas-y-en-que-se-diferencian.jpg","width":2000,"height":1333,"caption":"Tipos de factura cu\u00e1les existen, cu\u00e1ndo utilizarlas y en qu\u00e9 se diferencian"},{"@type":"BreadcrumbList","@id":"https:\/\/finanedi.es\/blog\/tipos-de-factura-cuales-existen-cuando-utilizarlas-y-en-que-se-diferencian\/#breadcrumb","itemListElement":[{"@type":"ListItem","position":1,"name":"Home","item":"https:\/\/finanedi.es\/blog\/"},{"@type":"ListItem","position":2,"name":"Tipos de factura: cu\u00e1les existen, cu\u00e1ndo utilizarlas y en qu\u00e9 se diferencian"}]},{"@type":"WebSite","@id":"https:\/\/finanedi.es\/blog\/#website","url":"https:\/\/finanedi.es\/blog\/","name":"Blog para pymes y aut\u00f3nomos - FinanEDI","description":"Blog para aut\u00f3nomos y PYMES, sobre temas como facturaci\u00f3n, contabilidad, tecnolog\u00eda.","publisher":{"@id":"https:\/\/finanedi.es\/blog\/#organization"},"potentialAction":[{"@type":"SearchAction","target":{"@type":"EntryPoint","urlTemplate":"https:\/\/finanedi.es\/blog\/?s={search_term_string}"},"query-input":{"@type":"PropertyValueSpecification","valueRequired":true,"valueName":"search_term_string"}}],"inLanguage":"es"},{"@type":"Organization","@id":"https:\/\/finanedi.es\/blog\/#organization","name":"Blog para pymes y aut\u00f3nomos - FinanEDI","url":"https:\/\/finanedi.es\/blog\/","logo":{"@type":"ImageObject","inLanguage":"es","@id":"https:\/\/finanedi.es\/blog\/#\/schema\/logo\/image\/","url":"https:\/\/finanedi.es\/blog\/contenido\/uploads\/2024\/02\/FinanEdiAzul1.svg","contentUrl":"https:\/\/finanedi.es\/blog\/contenido\/uploads\/2024\/02\/FinanEdiAzul1.svg","width":142,"height":36,"caption":"Blog para pymes y aut\u00f3nomos - FinanEDI"},"image":{"@id":"https:\/\/finanedi.es\/blog\/#\/schema\/logo\/image\/"}},{"@type":"Person","@id":"https:\/\/finanedi.es\/blog\/#\/schema\/person\/233ed58195d34f36f74f13ba1030ebd8","name":"restevez","image":{"@type":"ImageObject","inLanguage":"es","@id":"https:\/\/finanedi.es\/blog\/#\/schema\/person\/image\/","url":"https:\/\/secure.gravatar.com\/avatar\/6c4880db9746e4aa887a98e0ebf657788804dc4280120ef10331a2e6ebb4a9a0?s=96&d=mm&r=g","contentUrl":"https:\/\/secure.gravatar.com\/avatar\/6c4880db9746e4aa887a98e0ebf657788804dc4280120ef10331a2e6ebb4a9a0?s=96&d=mm&r=g","caption":"restevez"},"url":"https:\/\/finanedi.es\/blog\/author\/restevez\/"}]}},"_links":{"self":[{"href":"https:\/\/finanedi.es\/blog\/wp-json\/wp\/v2\/posts\/11577","targetHints":{"allow":["GET"]}}],"collection":[{"href":"https:\/\/finanedi.es\/blog\/wp-json\/wp\/v2\/posts"}],"about":[{"href":"https:\/\/finanedi.es\/blog\/wp-json\/wp\/v2\/types\/post"}],"author":[{"embeddable":true,"href":"https:\/\/finanedi.es\/blog\/wp-json\/wp\/v2\/users\/3"}],"replies":[{"embeddable":true,"href":"https:\/\/finanedi.es\/blog\/wp-json\/wp\/v2\/comments?post=11577"}],"version-history":[{"count":8,"href":"https:\/\/finanedi.es\/blog\/wp-json\/wp\/v2\/posts\/11577\/revisions"}],"predecessor-version":[{"id":11586,"href":"https:\/\/finanedi.es\/blog\/wp-json\/wp\/v2\/posts\/11577\/revisions\/11586"}],"wp:featuredmedia":[{"embeddable":true,"href":"https:\/\/finanedi.es\/blog\/wp-json\/wp\/v2\/media\/11583"}],"wp:attachment":[{"href":"https:\/\/finanedi.es\/blog\/wp-json\/wp\/v2\/media?parent=11577"}],"wp:term":[{"taxonomy":"category","embeddable":true,"href":"https:\/\/finanedi.es\/blog\/wp-json\/wp\/v2\/categories?post=11577"},{"taxonomy":"post_tag","embeddable":true,"href":"https:\/\/finanedi.es\/blog\/wp-json\/wp\/v2\/tags?post=11577"}],"curies":[{"name":"wp","href":"https:\/\/api.w.org\/{rel}","templated":true}]}}