{"id":11596,"date":"2025-09-08T13:02:24","date_gmt":"2025-09-08T11:02:24","guid":{"rendered":"https:\/\/finanedi.es\/blog\/?p=11596"},"modified":"2025-09-08T13:04:47","modified_gmt":"2025-09-08T11:04:47","slug":"facturar-sin-fallos-errores-frecuentes-al-facturar-como-autonomo","status":"publish","type":"post","link":"https:\/\/finanedi.es\/blog\/facturar-sin-fallos-errores-frecuentes-al-facturar-como-autonomo\/","title":{"rendered":"Facturar sin fallos: Errores frecuentes al facturar como aut\u00f3nomo"},"content":{"rendered":"\t\t<div data-elementor-type=\"wp-post\" data-elementor-id=\"11596\" class=\"elementor elementor-11596\">\n\t\t\t\t<div class=\"elementor-element elementor-element-35eb454 e-flex e-con-boxed e-con e-parent\" data-id=\"35eb454\" data-element_type=\"container\">\n\t\t\t\t\t<div class=\"e-con-inner\">\n\t\t\t\t<div class=\"elementor-element elementor-element-18061cb elementor-widget elementor-widget-text-editor\" data-id=\"18061cb\" data-element_type=\"widget\" data-widget_type=\"text-editor.default\">\n\t\t\t\t<div class=\"elementor-widget-container\">\n\t\t\t\t\t\t\t\t\t<p>Facturar es una de las tareas m\u00e1s importantes de un aut\u00f3nomo, pero tambi\u00e9n una de las que m\u00e1s dolores de cabeza puede dar. Un peque\u00f1o error puede no solo retrasar tus pagos, sino tambi\u00e9n generarte problemas con Hacienda. Para que esto no te pase, hemos recopilado los errores m\u00e1s comunes y te damos las claves para evitarlos.<\/p>\t\t\t\t\t\t\t\t<\/div>\n\t\t\t\t<\/div>\n\t\t\t\t\t<\/div>\n\t\t\t\t<\/div>\n\t\t<div class=\"elementor-element elementor-element-2d003b9 e-flex e-con-boxed e-con e-parent\" data-id=\"2d003b9\" data-element_type=\"container\">\n\t\t\t\t\t<div class=\"e-con-inner\">\n\t\t\t\t<div class=\"elementor-element elementor-element-317f538 elementor-widget elementor-widget-heading\" data-id=\"317f538\" data-element_type=\"widget\" data-widget_type=\"heading.default\">\n\t\t\t\t<div class=\"elementor-widget-container\">\n\t\t\t\t\t<h2 class=\"elementor-heading-title elementor-size-default\">Error 1: No incluir los datos obligatorios<\/h2>\t\t\t\t<\/div>\n\t\t\t\t<\/div>\n\t\t\t\t<div class=\"elementor-element elementor-element-6bf9587 elementor-widget elementor-widget-text-editor\" data-id=\"6bf9587\" data-element_type=\"widget\" data-widget_type=\"text-editor.default\">\n\t\t\t\t<div class=\"elementor-widget-container\">\n\t\t\t\t\t\t\t\t\t<p>Este es el error m\u00e1s b\u00e1sico y a la vez el m\u00e1s com\u00fan. Una factura no es solo un papel con un precio; es un documento legal que debe cumplir con unos requisitos espec\u00edficos. Si falta alg\u00fan dato, la factura no tiene validez y tu cliente no podr\u00e1 pagarte.<\/p>\t\t\t\t\t\t\t\t<\/div>\n\t\t\t\t<\/div>\n\t\t\t\t<div class=\"elementor-element elementor-element-fe75f68 elementor-widget elementor-widget-heading\" data-id=\"fe75f68\" data-element_type=\"widget\" data-widget_type=\"heading.default\">\n\t\t\t\t<div class=\"elementor-widget-container\">\n\t\t\t\t\t<h3 class=\"elementor-heading-title elementor-size-default\">\u00bfQu\u00e9 datos no puedes olvidar?<\/h3>\t\t\t\t<\/div>\n\t\t\t\t<\/div>\n\t\t\t\t<div class=\"elementor-element elementor-element-059aeb9 elementor-widget elementor-widget-text-editor\" data-id=\"059aeb9\" data-element_type=\"widget\" data-widget_type=\"text-editor.default\">\n\t\t\t\t<div class=\"elementor-widget-container\">\n\t\t\t\t\t\t\t\t\t<ul><li><p><b>Tu informaci\u00f3n fiscal:<\/b> Nombre o raz\u00f3n social, <a href=\"https:\/\/finanedi.es\/blog\/nif-desglosando-los-numeros-de-identificacion-fiscal-en-espana-y-sus-tipos\/\" target=\"_blank\" rel=\"noopener\">NIF\/CIF<\/a> y direcci\u00f3n fiscal completa.<\/p><\/li><li><p><b>Informaci\u00f3n fiscal de tu cliente:<\/b> Nombre o raz\u00f3n social, NIF\/CIF y direcci\u00f3n fiscal completa.<\/p><\/li><li><p><b>N\u00famero de factura:<\/b> Debe ser correlativo y sin saltos.<\/p><\/li><li><p><b>Fecha de emisi\u00f3n:<\/b> El d\u00eda en que se crea la factura.<\/p><\/li><li><p><b>Descripci\u00f3n del servicio o producto:<\/b> Detalla claramente el trabajo realizado.<\/p><\/li><li><p><b>Base imponible:<\/b> El precio sin impuestos.<\/p><\/li><li><p><b>IVA e IRPF (si aplica):<\/b> Los porcentajes y el importe correspondiente.<\/p><\/li><li><p><b>Importe total:<\/b> La cantidad final a pagar.<\/p><\/li><\/ul>\t\t\t\t\t\t\t\t<\/div>\n\t\t\t\t<\/div>\n\t\t\t\t<div class=\"elementor-element elementor-element-1f6f2386 elementor-widget elementor-widget-text-editor\" data-id=\"1f6f2386\" data-element_type=\"widget\" data-widget_type=\"text-editor.default\">\n\t\t\t\t<div class=\"elementor-widget-container\">\n\t\t\t\t\t\t\t\t\t<p><strong>\ud83d\udca1 C\u00f3mo solucionarlo<\/strong>: Si utilizas un software como FinanEDI, este tipo de herramientas ya te gu\u00edan para que no se te olvide nada.<\/p>\t\t\t\t\t\t\t\t<\/div>\n\t\t\t\t<\/div>\n\t\t\t\t<div class=\"elementor-element elementor-element-7d29ffe elementor-widget elementor-widget-spacer\" data-id=\"7d29ffe\" data-element_type=\"widget\" data-widget_type=\"spacer.default\">\n\t\t\t\t<div class=\"elementor-widget-container\">\n\t\t\t\t\t\t\t<div class=\"elementor-spacer\">\n\t\t\t<div class=\"elementor-spacer-inner\"><\/div>\n\t\t<\/div>\n\t\t\t\t\t\t<\/div>\n\t\t\t\t<\/div>\n\t\t\t\t\t<\/div>\n\t\t\t\t<\/div>\n\t\t<div class=\"elementor-element elementor-element-9f1c017 e-flex e-con-boxed e-con e-parent\" data-id=\"9f1c017\" data-element_type=\"container\">\n\t\t\t\t\t<div class=\"e-con-inner\">\n\t\t\t\t<div class=\"elementor-element elementor-element-5ab2930 elementor-widget elementor-widget-heading\" data-id=\"5ab2930\" data-element_type=\"widget\" data-widget_type=\"heading.default\">\n\t\t\t\t<div class=\"elementor-widget-container\">\n\t\t\t\t\t<h2 class=\"elementor-heading-title elementor-size-default\">Error 2: Calcular mal los impuestos (IVA e IRPF)<\/h2>\t\t\t\t<\/div>\n\t\t\t\t<\/div>\n\t\t\t\t<div class=\"elementor-element elementor-element-600fdf4 elementor-widget elementor-widget-text-editor\" data-id=\"600fdf4\" data-element_type=\"widget\" data-widget_type=\"text-editor.default\">\n\t\t\t\t<div class=\"elementor-widget-container\">\n\t\t\t\t\t\t\t\t\t<p>A muchos aut\u00f3nomos se les enreda la cabeza con el IVA y el IRPF, y es f\u00e1cil cometer errores al calcularlos.<\/p>\t\t\t\t\t\t\t\t<\/div>\n\t\t\t\t<\/div>\n\t\t\t\t<div class=\"elementor-element elementor-element-09c8f13 elementor-widget elementor-widget-text-editor\" data-id=\"09c8f13\" data-element_type=\"widget\" data-widget_type=\"text-editor.default\">\n\t\t\t\t<div class=\"elementor-widget-container\">\n\t\t\t\t\t\t\t\t\t<ul><li><p><b>IVA:<\/b> El Impuesto sobre el Valor A\u00f1adido es el m\u00e1s habitual. El tipo general es del 21%, pero si vendes a la Uni\u00f3n Europea, el IVA puede ser del 0% si la operaci\u00f3n es intracomunitaria.<\/p><\/li><li><p><b>IRPF:<\/b> La retenci\u00f3n del Impuesto sobre la Renta de las Personas F\u00edsicas es una cantidad que tu cliente te retiene y que luego \u00e9l ingresa a Hacienda. Por lo general, si eres un profesional, tu cliente la aplica. Si facturas a particulares o al extranjero, no debes aplicarla. El tipo general de IRPF para nuevos aut\u00f3nomos es del 7% durante los 3 primeros a\u00f1os.<\/p><\/li><\/ul>\t\t\t\t\t\t\t\t<\/div>\n\t\t\t\t<\/div>\n\t\t\t\t<div class=\"elementor-element elementor-element-0e895be elementor-widget elementor-widget-text-editor\" data-id=\"0e895be\" data-element_type=\"widget\" data-widget_type=\"text-editor.default\">\n\t\t\t\t<div class=\"elementor-widget-container\">\n\t\t\t\t\t\t\t\t\t<p><strong>\ud83d\udca1 C\u00f3mo solucionarlo: <\/strong>Antes de emitir una factura, revisa siempre los porcentajes que debes aplicar. Si trabajas con un gestor o una asesor\u00eda, preg\u00fantales las dudas que tengas. Si usas un software de facturaci\u00f3n, el c\u00e1lculo se hace de forma autom\u00e1tica.<\/p>\t\t\t\t\t\t\t\t<\/div>\n\t\t\t\t<\/div>\n\t\t\t\t<div class=\"elementor-element elementor-element-f54dade elementor-widget elementor-widget-spacer\" data-id=\"f54dade\" data-element_type=\"widget\" data-widget_type=\"spacer.default\">\n\t\t\t\t<div class=\"elementor-widget-container\">\n\t\t\t\t\t\t\t<div class=\"elementor-spacer\">\n\t\t\t<div class=\"elementor-spacer-inner\"><\/div>\n\t\t<\/div>\n\t\t\t\t\t\t<\/div>\n\t\t\t\t<\/div>\n\t\t\t\t\t<\/div>\n\t\t\t\t<\/div>\n\t\t<div class=\"elementor-element elementor-element-b4f43da e-flex e-con-boxed e-con e-parent\" data-id=\"b4f43da\" data-element_type=\"container\">\n\t\t\t\t\t<div class=\"e-con-inner\">\n\t\t\t\t<div class=\"elementor-element elementor-element-cd4a97d elementor-widget elementor-widget-heading\" data-id=\"cd4a97d\" data-element_type=\"widget\" data-widget_type=\"heading.default\">\n\t\t\t\t<div class=\"elementor-widget-container\">\n\t\t\t\t\t<h2 class=\"elementor-heading-title elementor-size-default\">Error 3: No guardar copias de tus facturas\n<\/h2>\t\t\t\t<\/div>\n\t\t\t\t<\/div>\n\t\t\t\t<div class=\"elementor-element elementor-element-ef22792 elementor-widget elementor-widget-text-editor\" data-id=\"ef22792\" data-element_type=\"widget\" data-widget_type=\"text-editor.default\">\n\t\t\t\t<div class=\"elementor-widget-container\">\n\t\t\t\t\t\t\t\t\t<p>La Ley General Tributaria obliga a guardar todas las facturas emitidas y recibidas durante al menos 4 a\u00f1os, aunque es recomendable hacerlo por un periodo m\u00e1s largo, por ejemplo, 5 a\u00f1os. No tener una copia puede ser un problema si Hacienda te pide una revisi\u00f3n.<\/p>\t\t\t\t\t\t\t\t<\/div>\n\t\t\t\t<\/div>\n\t\t\t\t<div class=\"elementor-element elementor-element-1cace18 elementor-widget elementor-widget-text-editor\" data-id=\"1cace18\" data-element_type=\"widget\" data-widget_type=\"text-editor.default\">\n\t\t\t\t<div class=\"elementor-widget-container\">\n\t\t\t\t\t\t\t\t\t<p><strong>\ud83d\udca1 C\u00f3mo solucionarlo<\/strong>: Digitaliza todo. Guarda tus facturas en la nube (Dropbox, Google Drive, etc.) o en un software de facturaci\u00f3n que te permita almacenarlas de forma segura. Aseg\u00farate de que tus copias de seguridad se hagan de forma regular.<\/p>\t\t\t\t\t\t\t\t<\/div>\n\t\t\t\t<\/div>\n\t\t\t\t<div class=\"elementor-element elementor-element-f2d3bae elementor-widget elementor-widget-spacer\" data-id=\"f2d3bae\" data-element_type=\"widget\" data-widget_type=\"spacer.default\">\n\t\t\t\t<div class=\"elementor-widget-container\">\n\t\t\t\t\t\t\t<div class=\"elementor-spacer\">\n\t\t\t<div class=\"elementor-spacer-inner\"><\/div>\n\t\t<\/div>\n\t\t\t\t\t\t<\/div>\n\t\t\t\t<\/div>\n\t\t\t\t\t<\/div>\n\t\t\t\t<\/div>\n\t\t<div class=\"elementor-element elementor-element-31b7f3e e-flex e-con-boxed e-con e-parent\" data-id=\"31b7f3e\" data-element_type=\"container\">\n\t\t\t\t\t<div class=\"e-con-inner\">\n\t\t\t\t<div class=\"elementor-element elementor-element-1ae0ad6 elementor-widget elementor-widget-heading\" data-id=\"1ae0ad6\" data-element_type=\"widget\" data-widget_type=\"heading.default\">\n\t\t\t\t<div class=\"elementor-widget-container\">\n\t\t\t\t\t<h2 class=\"elementor-heading-title elementor-size-default\">Error 4: No seguir una numeraci\u00f3n correlativa<\/h2>\t\t\t\t<\/div>\n\t\t\t\t<\/div>\n\t\t\t\t<div class=\"elementor-element elementor-element-93f4737 elementor-widget elementor-widget-text-editor\" data-id=\"93f4737\" data-element_type=\"widget\" data-widget_type=\"text-editor.default\">\n\t\t\t\t<div class=\"elementor-widget-container\">\n\t\t\t\t\t\t\t\t\t<p>Cada factura debe tener un n\u00famero \u00fanico que siga un orden cronol\u00f3gico, sin saltos. Por ejemplo: 001, 002, 003&#8230; No puedes tener dos facturas con el mismo n\u00famero o saltarte uno.<\/p>\t\t\t\t\t\t\t\t<\/div>\n\t\t\t\t<\/div>\n\t\t\t\t<div class=\"elementor-element elementor-element-affd2c4 elementor-widget elementor-widget-text-editor\" data-id=\"affd2c4\" data-element_type=\"widget\" data-widget_type=\"text-editor.default\">\n\t\t\t\t<div class=\"elementor-widget-container\">\n\t\t\t\t\t\t\t\t\t<p><strong>\ud83d\udca1 C\u00f3mo solucionarlo<\/strong>: Es muy f\u00e1cil si utilizas un sistema de facturaci\u00f3n. FinanEDI, por ejemplo, asigna autom\u00e1ticamente el siguiente n\u00famero de factura, evitando errores y duplicados.<\/p>\t\t\t\t\t\t\t\t<\/div>\n\t\t\t\t<\/div>\n\t\t\t\t<div class=\"elementor-element elementor-element-583b6ec elementor-widget elementor-widget-spacer\" data-id=\"583b6ec\" data-element_type=\"widget\" data-widget_type=\"spacer.default\">\n\t\t\t\t<div class=\"elementor-widget-container\">\n\t\t\t\t\t\t\t<div class=\"elementor-spacer\">\n\t\t\t<div class=\"elementor-spacer-inner\"><\/div>\n\t\t<\/div>\n\t\t\t\t\t\t<\/div>\n\t\t\t\t<\/div>\n\t\t\t\t\t<\/div>\n\t\t\t\t<\/div>\n\t\t<div class=\"elementor-element elementor-element-78c527c e-flex e-con-boxed e-con e-parent\" data-id=\"78c527c\" data-element_type=\"container\">\n\t\t\t\t\t<div class=\"e-con-inner\">\n\t\t\t\t<div class=\"elementor-element elementor-element-db91003 elementor-widget elementor-widget-heading\" data-id=\"db91003\" data-element_type=\"widget\" data-widget_type=\"heading.default\">\n\t\t\t\t<div class=\"elementor-widget-container\">\n\t\t\t\t\t<h2 class=\"elementor-heading-title elementor-size-default\">Error 5: No usar un software de facturaci\u00f3n<\/h2>\t\t\t\t<\/div>\n\t\t\t\t<\/div>\n\t\t\t\t<div class=\"elementor-element elementor-element-bac3dc3 elementor-widget elementor-widget-text-editor\" data-id=\"bac3dc3\" data-element_type=\"widget\" data-widget_type=\"text-editor.default\">\n\t\t\t\t<div class=\"elementor-widget-container\">\n\t\t\t\t\t\t\t\t\t<p>Muchos aut\u00f3nomos <a href=\"https:\/\/finanedi.es\/blog\/si-usas-excel-o-word-para-facturar-eso-se-acabo-top-programas-de-facturacion\/\">siguen usando Excel o Word para facturar<\/a>, y aunque parece una soluci\u00f3n r\u00e1pida, a la larga genera m\u00e1s problemas que beneficios: errores de c\u00e1lculo, p\u00e9rdida de archivos, falta de control y m\u00e1s tiempo invertido.<\/p>\t\t\t\t\t\t\t\t<\/div>\n\t\t\t\t<\/div>\n\t\t\t\t<div class=\"elementor-element elementor-element-26169c8 elementor-widget elementor-widget-text-editor\" data-id=\"26169c8\" data-element_type=\"widget\" data-widget_type=\"text-editor.default\">\n\t\t\t\t<div class=\"elementor-widget-container\">\n\t\t\t\t\t\t\t\t\t<p><strong>\ud83d\udca1 C\u00f3mo solucionarlo<\/strong>: La mejor soluci\u00f3n es invertir en un software de facturaci\u00f3n. Estas herramientas est\u00e1n dise\u00f1adas para automatizar el proceso, calcular los impuestos, crear facturas profesionales y organizar tu contabilidad.<\/p>\t\t\t\t\t\t\t\t<\/div>\n\t\t\t\t<\/div>\n\t\t\t\t<div class=\"elementor-element elementor-element-c29f70b elementor-widget elementor-widget-spacer\" data-id=\"c29f70b\" data-element_type=\"widget\" data-widget_type=\"spacer.default\">\n\t\t\t\t<div class=\"elementor-widget-container\">\n\t\t\t\t\t\t\t<div class=\"elementor-spacer\">\n\t\t\t<div class=\"elementor-spacer-inner\"><\/div>\n\t\t<\/div>\n\t\t\t\t\t\t<\/div>\n\t\t\t\t<\/div>\n\t\t\t\t\t<\/div>\n\t\t\t\t<\/div>\n\t\t<div class=\"elementor-element elementor-element-63f5a985 e-flex e-con-boxed e-con e-parent\" data-id=\"63f5a985\" data-element_type=\"container\" data-settings=\"{&quot;background_background&quot;:&quot;classic&quot;}\">\n\t\t\t\t\t<div class=\"e-con-inner\">\n\t\t<div class=\"elementor-element elementor-element-215c7dff e-con-full e-flex e-con e-child\" data-id=\"215c7dff\" data-element_type=\"container\">\n\t\t<div class=\"elementor-element elementor-element-69732040 e-flex e-con-boxed e-con e-child\" data-id=\"69732040\" data-element_type=\"container\">\n\t\t\t\t\t<div class=\"e-con-inner\">\n\t\t\t\t<div class=\"elementor-element elementor-element-5eee3fd5 elementor-widget elementor-widget-heading\" data-id=\"5eee3fd5\" data-element_type=\"widget\" data-widget_type=\"heading.default\">\n\t\t\t\t<div class=\"elementor-widget-container\">\n\t\t\t\t\t<h3 class=\"elementor-heading-title elementor-size-default\">Herramientas para impulsar<br>tu negocio<\/h3>\t\t\t\t<\/div>\n\t\t\t\t<\/div>\n\t\t\t\t<div class=\"elementor-element elementor-element-33a779a4 elementor-widget elementor-widget-text-editor\" data-id=\"33a779a4\" data-element_type=\"widget\" data-widget_type=\"text-editor.default\">\n\t\t\t\t<div class=\"elementor-widget-container\">\n\t\t\t\t\t\t\t\t\t<p>FinanEDI es la soluci\u00f3n en la nube gratuita que permite automatizar y optimizar los procesos financieros, contables y administrativos de tu negocio.<\/p>\t\t\t\t\t\t\t\t<\/div>\n\t\t\t\t<\/div>\n\t\t\t\t<div class=\"elementor-element elementor-element-867de2c elementor-widget elementor-widget-button\" data-id=\"867de2c\" data-element_type=\"widget\" data-widget_type=\"button.default\">\n\t\t\t\t<div class=\"elementor-widget-container\">\n\t\t\t\t\t\t\t\t\t<div class=\"elementor-button-wrapper\">\n\t\t\t\t\t<a class=\"elementor-button elementor-button-link elementor-size-md\" href=\"https:\/\/finanedi.es\/\" target=\"_blank\">\n\t\t\t\t\t\t<span class=\"elementor-button-content-wrapper\">\n\t\t\t\t\t\t\t\t\t<span class=\"elementor-button-text\">Crear cuenta gratis<\/span>\n\t\t\t\t\t<\/span>\n\t\t\t\t\t<\/a>\n\t\t\t\t<\/div>\n\t\t\t\t\t\t\t\t<\/div>\n\t\t\t\t<\/div>\n\t\t\t\t\t<\/div>\n\t\t\t\t<\/div>\n\t\t\t\t<\/div>\n\t\t<div class=\"elementor-element elementor-element-5236669d e-con-full e-flex e-con e-child\" data-id=\"5236669d\" data-element_type=\"container\">\n\t\t\t\t<div class=\"elementor-element elementor-element-3a7cce36 elementor-widget elementor-widget-image\" data-id=\"3a7cce36\" data-element_type=\"widget\" data-widget_type=\"image.default\">\n\t\t\t\t<div class=\"elementor-widget-container\">\n\t\t\t\t\t\t\t\t\t\t\t\t\t\t\t<img fetchpriority=\"high\" decoding=\"async\" width=\"300\" height=\"233\" src=\"https:\/\/finanedi.es\/blog\/contenido\/uploads\/2024\/09\/Dashborad_00115-300x233.png\" class=\"attachment-medium size-medium wp-image-5370\" alt=\"Herramientas para impulsar tu negocio - FinanEDI\" srcset=\"https:\/\/finanedi.es\/blog\/contenido\/uploads\/2024\/09\/Dashborad_00115-300x233.png 300w, https:\/\/finanedi.es\/blog\/contenido\/uploads\/2024\/09\/Dashborad_00115-768x597.png 768w, https:\/\/finanedi.es\/blog\/contenido\/uploads\/2024\/09\/Dashborad_00115.png 900w\" sizes=\"(max-width: 300px) 100vw, 300px\" \/>\t\t\t\t\t\t\t\t\t\t\t\t\t\t\t<\/div>\n\t\t\t\t<\/div>\n\t\t\t\t<\/div>\n\t\t\t\t\t<\/div>\n\t\t\t\t<\/div>\n\t\t<div class=\"elementor-element elementor-element-8253321 e-flex e-con-boxed e-con e-parent\" data-id=\"8253321\" data-element_type=\"container\">\n\t\t\t\t\t<div class=\"e-con-inner\">\n\t\t\t\t<div class=\"elementor-element elementor-element-d9750da elementor-widget elementor-widget-spacer\" data-id=\"d9750da\" data-element_type=\"widget\" data-widget_type=\"spacer.default\">\n\t\t\t\t<div class=\"elementor-widget-container\">\n\t\t\t\t\t\t\t<div class=\"elementor-spacer\">\n\t\t\t<div class=\"elementor-spacer-inner\"><\/div>\n\t\t<\/div>\n\t\t\t\t\t\t<\/div>\n\t\t\t\t<\/div>\n\t\t\t\t\t<\/div>\n\t\t\t\t<\/div>\n\t\t<div class=\"elementor-element elementor-element-cf98ea7 e-flex e-con-boxed e-con e-parent\" data-id=\"cf98ea7\" data-element_type=\"container\">\n\t\t\t\t\t<div class=\"e-con-inner\">\n\t\t\t\t<div class=\"elementor-element elementor-element-1b0740b elementor-widget elementor-widget-text-editor\" data-id=\"1b0740b\" data-element_type=\"widget\" data-widget_type=\"text-editor.default\">\n\t\t\t\t<div class=\"elementor-widget-container\">\n\t\t\t\t\t\t\t\t\t<p>Facturar correctamente es crucial para la salud de tu negocio. Si evitas estos errores, no solo tendr\u00e1s m\u00e1s tranquilidad, sino que tambi\u00e9n dar\u00e1s una imagen m\u00e1s profesional a tus clientes y tendr\u00e1s tu contabilidad siempre al d\u00eda.<\/p>\t\t\t\t\t\t\t\t<\/div>\n\t\t\t\t<\/div>\n\t\t\t\t\t<\/div>\n\t\t\t\t<\/div>\n\t\t<div class=\"elementor-element elementor-element-6bd31870 e-flex e-con-boxed e-con e-parent\" data-id=\"6bd31870\" data-element_type=\"container\">\n\t\t\t\t\t<div class=\"e-con-inner\">\n\t\t<div class=\"elementor-element elementor-element-2ad3010f e-flex e-con-boxed e-con e-child\" data-id=\"2ad3010f\" data-element_type=\"container\">\n\t\t\t\t\t<div class=\"e-con-inner\">\n\t\t\t\t<div class=\"elementor-element elementor-element-55ac8a43 elementor-widget elementor-widget-heading\" data-id=\"55ac8a43\" data-element_type=\"widget\" data-widget_type=\"heading.default\">\n\t\t\t\t<div class=\"elementor-widget-container\">\n\t\t\t\t\t<h2 class=\"elementor-heading-title elementor-size-default\">Preguntas frecuentes<\/h2>\t\t\t\t<\/div>\n\t\t\t\t<\/div>\n\t\t\t\t\t<\/div>\n\t\t\t\t<\/div>\n\t\t<div class=\"elementor-element elementor-element-1cf5dc03 e-flex e-con-boxed e-con e-child\" data-id=\"1cf5dc03\" data-element_type=\"container\">\n\t\t\t\t\t<div class=\"e-con-inner\">\n\t\t\t\t<div class=\"elementor-element elementor-element-3346abaf elementor-widget elementor-widget-heading\" data-id=\"3346abaf\" data-element_type=\"widget\" data-widget_type=\"heading.default\">\n\t\t\t\t<div class=\"elementor-widget-container\">\n\t\t\t\t\t<h3 class=\"elementor-heading-title elementor-size-default\">\u00bfQu\u00e9 es la base imponible y el importe total?<\/h3>\t\t\t\t<\/div>\n\t\t\t\t<\/div>\n\t\t\t\t<div class=\"elementor-element elementor-element-5cfa0d34 elementor-widget elementor-widget-text-editor\" data-id=\"5cfa0d34\" data-element_type=\"widget\" data-widget_type=\"text-editor.default\">\n\t\t\t\t<div class=\"elementor-widget-container\">\n\t\t\t\t\t\t\t\t\t<p>La <b>base imponible<\/b> es el precio del producto o servicio sin incluir los impuestos. El <b>importe total<\/b> es la cantidad final que tu cliente debe pagar, es decir, la base imponible m\u00e1s el IVA y, si aplica, menos la retenci\u00f3n de IRPF.<\/p>\t\t\t\t\t\t\t\t<\/div>\n\t\t\t\t<\/div>\n\t\t\t\t\t<\/div>\n\t\t\t\t<\/div>\n\t\t<div class=\"elementor-element elementor-element-706fd19a e-flex e-con-boxed e-con e-child\" data-id=\"706fd19a\" data-element_type=\"container\">\n\t\t\t\t\t<div class=\"e-con-inner\">\n\t\t\t\t<div class=\"elementor-element elementor-element-428b7164 elementor-widget elementor-widget-heading\" data-id=\"428b7164\" data-element_type=\"widget\" data-widget_type=\"heading.default\">\n\t\t\t\t<div class=\"elementor-widget-container\">\n\t\t\t\t\t<h3 class=\"elementor-heading-title elementor-size-default\">\u00bfDebo aplicar siempre IRPF en mis facturas?<\/h3>\t\t\t\t<\/div>\n\t\t\t\t<\/div>\n\t\t\t\t<div class=\"elementor-element elementor-element-275291f6 elementor-widget elementor-widget-text-editor\" data-id=\"275291f6\" data-element_type=\"widget\" data-widget_type=\"text-editor.default\">\n\t\t\t\t<div class=\"elementor-widget-container\">\n\t\t\t\t\t\t\t\t\t<p>No. La retenci\u00f3n de <b>IRPF<\/b> solo se aplica si eres un profesional que factura a otro profesional o a una empresa dentro del territorio espa\u00f1ol. Si facturas a particulares, a clientes en el extranjero, o si eres un aut\u00f3nomo minorista (como un comerciante), no debes aplicar IRPF.<\/p>\t\t\t\t\t\t\t\t<\/div>\n\t\t\t\t<\/div>\n\t\t\t\t\t<\/div>\n\t\t\t\t<\/div>\n\t\t<div class=\"elementor-element elementor-element-22dbe693 e-flex e-con-boxed e-con e-child\" data-id=\"22dbe693\" data-element_type=\"container\">\n\t\t\t\t\t<div class=\"e-con-inner\">\n\t\t\t\t<div class=\"elementor-element elementor-element-892e32a elementor-widget elementor-widget-heading\" data-id=\"892e32a\" data-element_type=\"widget\" data-widget_type=\"heading.default\">\n\t\t\t\t<div class=\"elementor-widget-container\">\n\t\t\t\t\t<h3 class=\"elementor-heading-title elementor-size-default\">\u00bfQu\u00e9 hago si me equivoco en una factura ya emitida?<\/h3>\t\t\t\t<\/div>\n\t\t\t\t<\/div>\n\t\t\t\t<div class=\"elementor-element elementor-element-2d4d5d8f elementor-widget elementor-widget-text-editor\" data-id=\"2d4d5d8f\" data-element_type=\"widget\" data-widget_type=\"text-editor.default\">\n\t\t\t\t<div class=\"elementor-widget-container\">\n\t\t\t\t\t\t\t\t\t<p>No puedes modificar una factura ya enviada. La soluci\u00f3n es emitir una <a href=\"https:\/\/finanedi.es\/blog\/factura-rectificativa-que-es\/\" target=\"_blank\" rel=\"noopener\"><b>factura rectificativa<\/b><\/a>. Esta nueva factura debe indicar el n\u00famero de la factura original y corregir los datos err\u00f3neos, como la cantidad, los impuestos o cualquier otro error.<\/p>\t\t\t\t\t\t\t\t<\/div>\n\t\t\t\t<\/div>\n\t\t\t\t\t<\/div>\n\t\t\t\t<\/div>\n\t\t<div class=\"elementor-element elementor-element-53bd23e1 e-flex e-con-boxed e-con e-child\" data-id=\"53bd23e1\" data-element_type=\"container\">\n\t\t\t\t\t<div class=\"e-con-inner\">\n\t\t\t\t<div class=\"elementor-element elementor-element-176d5705 elementor-widget elementor-widget-heading\" data-id=\"176d5705\" data-element_type=\"widget\" data-widget_type=\"heading.default\">\n\t\t\t\t<div class=\"elementor-widget-container\">\n\t\t\t\t\t<h3 class=\"elementor-heading-title elementor-size-default\">\u00bfPuedo usar un software de facturaci\u00f3n gratuito?<\/h3>\t\t\t\t<\/div>\n\t\t\t\t<\/div>\n\t\t\t\t<div class=\"elementor-element elementor-element-760e1f80 elementor-widget elementor-widget-text-editor\" data-id=\"760e1f80\" data-element_type=\"widget\" data-widget_type=\"text-editor.default\">\n\t\t\t\t<div class=\"elementor-widget-container\">\n\t\t\t\t\t\t\t\t\t<p>S\u00ed, existen opciones gratuitas, pero suelen tener limitaciones, como un n\u00famero m\u00e1ximo de facturas al mes o menos funciones. Si tu volumen de trabajo es bajo, puede ser una buena opci\u00f3n para empezar, pero a medida que tu negocio crezca, te recomendamos usar un software de pago que te ofrezca m\u00e1s herramientas para gestionar tu contabilidad de forma m\u00e1s eficiente.<\/p>\t\t\t\t\t\t\t\t<\/div>\n\t\t\t\t<\/div>\n\t\t\t\t\t<\/div>\n\t\t\t\t<\/div>\n\t\t<div class=\"elementor-element elementor-element-cf541d4 e-flex e-con-boxed e-con e-child\" data-id=\"cf541d4\" data-element_type=\"container\">\n\t\t\t\t\t<div class=\"e-con-inner\">\n\t\t\t\t<div class=\"elementor-element elementor-element-aa3889e elementor-widget elementor-widget-heading\" data-id=\"aa3889e\" data-element_type=\"widget\" data-widget_type=\"heading.default\">\n\t\t\t\t<div class=\"elementor-widget-container\">\n\t\t\t\t\t<h3 class=\"elementor-heading-title elementor-size-default\">\u00bfEs obligatorio conservar las facturas en papel?<\/h3>\t\t\t\t<\/div>\n\t\t\t\t<\/div>\n\t\t\t\t<div class=\"elementor-element elementor-element-8fe393d elementor-widget elementor-widget-text-editor\" data-id=\"8fe393d\" data-element_type=\"widget\" data-widget_type=\"text-editor.default\">\n\t\t\t\t<div class=\"elementor-widget-container\">\n\t\t\t\t\t\t\t\t\t<p>No. La ley permite la conservaci\u00f3n de facturas en formato digital, siempre y cuando estas garanticen la autenticidad y la integridad de los datos. De hecho, guardar las facturas en la nube o en un software de facturaci\u00f3n es mucho m\u00e1s seguro y eficiente, ya que evitas p\u00e9rdidas y ahorras espacio.<\/p>\t\t\t\t\t\t\t\t<\/div>\n\t\t\t\t<\/div>\n\t\t\t\t\t<\/div>\n\t\t\t\t<\/div>\n\t\t\t\t\t<\/div>\n\t\t\t\t<\/div>\n\t\t<div class=\"elementor-element elementor-element-3e1adab3 e-flex e-con-boxed e-con e-parent\" data-id=\"3e1adab3\" data-element_type=\"container\">\n\t\t\t\t\t<div class=\"e-con-inner\">\n\t\t<div class=\"elementor-element elementor-element-6d22b753 e-con-full e-flex e-con e-child\" data-id=\"6d22b753\" data-element_type=\"container\">\n\t\t\t\t<div class=\"elementor-element elementor-element-4d36b8ec elementor-widget elementor-widget-spacer\" data-id=\"4d36b8ec\" data-element_type=\"widget\" data-widget_type=\"spacer.default\">\n\t\t\t\t<div class=\"elementor-widget-container\">\n\t\t\t\t\t\t\t<div class=\"elementor-spacer\">\n\t\t\t<div class=\"elementor-spacer-inner\"><\/div>\n\t\t<\/div>\n\t\t\t\t\t\t<\/div>\n\t\t\t\t<\/div>\n\t\t\t\t<\/div>\n\t\t<div class=\"elementor-element elementor-element-7b8ff431 e-con-full e-flex e-con e-child\" data-id=\"7b8ff431\" data-element_type=\"container\">\n\t\t\t\t<div class=\"elementor-element elementor-element-594722b6 elementor-widget elementor-widget-heading\" data-id=\"594722b6\" data-element_type=\"widget\" data-widget_type=\"heading.default\">\n\t\t\t\t<div class=\"elementor-widget-container\">\n\t\t\t\t\t<h3 class=\"elementor-heading-title elementor-size-default\">No te pierdas...<\/h3>\t\t\t\t<\/div>\n\t\t\t\t<\/div>\n\t\t\t\t<\/div>\n\t\t<div class=\"elementor-element elementor-element-2339832a e-con-full e-flex e-con e-child\" data-id=\"2339832a\" data-element_type=\"container\">\n\t\t\t\t<div class=\"elementor-element elementor-element-59b7fa59 elementor-widget elementor-widget-katen-post-five\" data-id=\"59b7fa59\" data-element_type=\"widget\" data-widget_type=\"katen-post-five.default\">\n\t\t\t\t<div class=\"elementor-widget-container\">\n\t\t\t\t\t\t\t<div class=\"padding-30 rounded bordered\">\n\n\t\t\t<div class=\"row infinite-wrapper\">\n\n\t\t\t\n\t\t\t\t<div class=\"col-md-12 col-sm-6 post-list-item post-item\">\n\t\t\t\t\t<!-- post -->\n\t\t\t\t\t<div class=\"post post-list clearfix\">\n\n\t\t\t\t\t\t<div class=\"thumb rounded\"><div class=\"inner\"><a href=\"https:\/\/finanedi.es\/blog\/verifactu-4-dudas-clave-que-debes-resolver-antes-de-su-entrada-en-vigor\/\"><img decoding=\"async\" width=\"330\" height=\"250\" src=\"https:\/\/finanedi.es\/blog\/contenido\/uploads\/2025\/08\/Verifactu-4-dudas-clave-que-debes-resolver-antes-de-su-entrada-en-vigor-330x250.jpg\" class=\"attachment-katen-thumb-list size-katen-thumb-list wp-post-image\" alt=\"Verifactu 4 dudas clave que debes resolver antes de su entrada en vigor\" \/><\/a><\/div><\/div>  \n\n\t\t\t\t\t\t<div class=\"details clearfix\">\n\t\t\t\t\t\t\t<ul class=\"meta list-inline mb-3\">\n\t\t\t\t\t\t\t\t<li class=\"list-inline-item\"><a href=\"https:\/\/finanedi.es\/blog\/category\/facturacion\/\">Facturaci\u00f3n<\/a><\/li>\t\t\t\t\t\t\t<\/ul>\n\t\t\t\t\t\t\t<h5 class=\"post-title\"><a href=\"https:\/\/finanedi.es\/blog\/verifactu-4-dudas-clave-que-debes-resolver-antes-de-su-entrada-en-vigor\/\">Verifactu: 4 dudas clave que debes resolver antes de su entrada en vigor<\/a><\/h5>\n\t\t\t\t\t\t\t<p class=\"excerpt mb-0\">\n\t\t\t\t\t\t\t\tLa facturaci\u00f3n electr\u00f3nica est\u00e1 transformando la forma en que aut\u00f3nomos y empresas gestionan su actividad.&hellip;\t\t\t\t\t\t\t<\/p>\n\t\t\t\t\t\t\t<div class=\"post-bottom clearfix d-flex align-items-center\">\n\t\t\t\t\t\t\t\t\t\t\t\t\t\t\t\t\t\t\t\t\t\t\t<\/div>\n\t\t\t\t\t\t<\/div>\n\t\t\t\t\t<\/div>\n\t\t\t\t<\/div>\n\n\t\t\t\n\t\t\t\t<div class=\"col-md-12 col-sm-6 post-list-item post-item\">\n\t\t\t\t\t<!-- post -->\n\t\t\t\t\t<div class=\"post post-list clearfix\">\n\n\t\t\t\t\t\t<div class=\"thumb rounded\"><div class=\"inner\"><a href=\"https:\/\/finanedi.es\/blog\/el-codigo-qr-en-tus-facturas-que-es-para-que-sirve-y-como-te-afecta\/\"><img decoding=\"async\" width=\"330\" height=\"250\" src=\"https:\/\/finanedi.es\/blog\/contenido\/uploads\/2025\/07\/Codigo-QR-en-tus-facturas-330x250.jpg\" class=\"attachment-katen-thumb-list size-katen-thumb-list wp-post-image\" alt=\"C\u00f3digo QR en tus facturas\" \/><\/a><\/div><\/div>  \n\n\t\t\t\t\t\t<div class=\"details clearfix\">\n\t\t\t\t\t\t\t<ul class=\"meta list-inline mb-3\">\n\t\t\t\t\t\t\t\t<li class=\"list-inline-item\"><a href=\"https:\/\/finanedi.es\/blog\/category\/facturacion\/\">Facturaci\u00f3n<\/a><\/li>\t\t\t\t\t\t\t<\/ul>\n\t\t\t\t\t\t\t<h5 class=\"post-title\"><a href=\"https:\/\/finanedi.es\/blog\/el-codigo-qr-en-tus-facturas-que-es-para-que-sirve-y-como-te-afecta\/\">El C\u00f3digo QR en tus facturas: \u00bfQu\u00e9 es, para qu\u00e9 sirve y c\u00f3mo te afecta?<\/a><\/h5>\n\t\t\t\t\t\t\t<p class=\"excerpt mb-0\">\n\t\t\t\t\t\t\t\tEn la era digital, la forma en que gestionamos nuestras finanzas y obligaciones fiscales est\u00e1&hellip;\t\t\t\t\t\t\t<\/p>\n\t\t\t\t\t\t\t<div class=\"post-bottom clearfix d-flex align-items-center\">\n\t\t\t\t\t\t\t\t\t\t\t\t\t\t\t\t\t\t\t\t\t\t\t<\/div>\n\t\t\t\t\t\t<\/div>\n\t\t\t\t\t<\/div>\n\t\t\t\t<\/div>\n\n\t\t\t\n\t\t\t\t<div class=\"col-md-12 col-sm-6 post-list-item post-item\">\n\t\t\t\t\t<!-- post -->\n\t\t\t\t\t<div class=\"post post-list clearfix\">\n\n\t\t\t\t\t\t<div class=\"thumb rounded\"><div class=\"inner\"><a href=\"https:\/\/finanedi.es\/blog\/verifactu-que-datos-se-estan-enviando-a-hacienda\/\"><img loading=\"lazy\" decoding=\"async\" width=\"330\" height=\"250\" src=\"https:\/\/finanedi.es\/blog\/contenido\/uploads\/2025\/07\/VeriFactu-\u00bfque-datos-se-estan-enviando-a-Hacienda-330x250.jpg\" class=\"attachment-katen-thumb-list size-katen-thumb-list wp-post-image\" alt=\"VeriFactu \u00bfqu\u00e9 datos se est\u00e1n enviando a Hacienda\" \/><\/a><\/div><\/div>  \n\n\t\t\t\t\t\t<div class=\"details clearfix\">\n\t\t\t\t\t\t\t<ul class=\"meta list-inline mb-3\">\n\t\t\t\t\t\t\t\t<li class=\"list-inline-item\"><a href=\"https:\/\/finanedi.es\/blog\/category\/facturacion\/\">Facturaci\u00f3n<\/a><\/li>\t\t\t\t\t\t\t<\/ul>\n\t\t\t\t\t\t\t<h5 class=\"post-title\"><a href=\"https:\/\/finanedi.es\/blog\/verifactu-que-datos-se-estan-enviando-a-hacienda\/\">VeriFactu y seguridad fiscal: \u00bfqu\u00e9 datos se est\u00e1n enviando a Hacienda?<\/a><\/h5>\n\t\t\t\t\t\t\t<p class=\"excerpt mb-0\">\n\t\t\t\t\t\t\t\tCon la implantaci\u00f3n progresiva de VeriFactu, muchos aut\u00f3nomos y pymes se est\u00e1n haciendo la misma&hellip;\t\t\t\t\t\t\t<\/p>\n\t\t\t\t\t\t\t<div class=\"post-bottom clearfix d-flex align-items-center\">\n\t\t\t\t\t\t\t\t\t\t\t\t\t\t\t\t\t\t\t\t\t\t\t<\/div>\n\t\t\t\t\t\t<\/div>\n\t\t\t\t\t<\/div>\n\t\t\t\t<\/div>\n\n\t\t\t\n\t\t\t\t<div class=\"col-md-12 col-sm-6 post-list-item post-item\">\n\t\t\t\t\t<!-- post -->\n\t\t\t\t\t<div class=\"post post-list clearfix\">\n\n\t\t\t\t\t\t<div class=\"thumb rounded\"><div class=\"inner\"><a href=\"https:\/\/finanedi.es\/blog\/haz-tu-factura-aplicacion-de-facturacion\/\"><img loading=\"lazy\" decoding=\"async\" width=\"330\" height=\"250\" src=\"https:\/\/finanedi.es\/blog\/contenido\/uploads\/2024\/11\/Haz-tu-factura-Aplicacion-de-facturacion-330x250.jpg\" class=\"attachment-katen-thumb-list size-katen-thumb-list wp-post-image\" alt=\"Haz tu factura Aplicaci\u00f3n de facturaci\u00f3n\" \/><\/a><\/div><\/div>  \n\n\t\t\t\t\t\t<div class=\"details clearfix\">\n\t\t\t\t\t\t\t<ul class=\"meta list-inline mb-3\">\n\t\t\t\t\t\t\t\t<li class=\"list-inline-item\"><a href=\"https:\/\/finanedi.es\/blog\/category\/facturacion\/\">Facturaci\u00f3n<\/a><\/li>\t\t\t\t\t\t\t<\/ul>\n\t\t\t\t\t\t\t<h5 class=\"post-title\"><a href=\"https:\/\/finanedi.es\/blog\/haz-tu-factura-aplicacion-de-facturacion\/\">Haz tu factura: Aplicaci\u00f3n de facturaci\u00f3n<\/a><\/h5>\n\t\t\t\t\t\t\t<p class=\"excerpt mb-0\">\n\t\t\t\t\t\t\t\tEn cumplimiento con la normativa de Bizkaia, la Diputaci\u00f3n Foral de Bizkaia ha desarrollado Haz&hellip;\t\t\t\t\t\t\t<\/p>\n\t\t\t\t\t\t\t<div class=\"post-bottom clearfix d-flex align-items-center\">\n\t\t\t\t\t\t\t\t\t\t\t\t\t\t\t\t\t\t\t\t\t\t\t<\/div>\n\t\t\t\t\t\t<\/div>\n\t\t\t\t\t<\/div>\n\t\t\t\t<\/div>\n\n\t\t\t\n\t\t\t\t<div class=\"col-md-12 col-sm-6 post-list-item post-item\">\n\t\t\t\t\t<!-- post -->\n\t\t\t\t\t<div class=\"post post-list clearfix\">\n\n\t\t\t\t\t\t<div class=\"thumb rounded\"><div class=\"inner\"><a href=\"https:\/\/finanedi.es\/blog\/haz-tu-factura-vs-finanedi\/\"><img loading=\"lazy\" decoding=\"async\" width=\"330\" height=\"250\" src=\"https:\/\/finanedi.es\/blog\/contenido\/uploads\/2024\/12\/Haz-Tu-Factura-vs-FinanEDI-1-330x250.jpg\" class=\"attachment-katen-thumb-list size-katen-thumb-list wp-post-image\" alt=\"Haz Tu Factura vs FinanEDI\" \/><\/a><\/div><\/div>  \n\n\t\t\t\t\t\t<div class=\"details clearfix\">\n\t\t\t\t\t\t\t<ul class=\"meta list-inline mb-3\">\n\t\t\t\t\t\t\t\t<li class=\"list-inline-item\"><a href=\"https:\/\/finanedi.es\/blog\/category\/facturacion\/\">Facturaci\u00f3n<\/a><\/li>\t\t\t\t\t\t\t<\/ul>\n\t\t\t\t\t\t\t<h5 class=\"post-title\"><a href=\"https:\/\/finanedi.es\/blog\/haz-tu-factura-vs-finanedi\/\">FinanEDI vs. Haz Tu Factura: \u00bfCu\u00e1l es la mejor opci\u00f3n para tu negocio?<\/a><\/h5>\n\t\t\t\t\t\t\t<p class=\"excerpt mb-0\">\n\t\t\t\t\t\t\t\tEn este art\u00edculo, vamos a comparar dos opciones totalmente gratuitas: Haz Tu Factura y FinanEDI,&hellip;\t\t\t\t\t\t\t<\/p>\n\t\t\t\t\t\t\t<div class=\"post-bottom clearfix d-flex align-items-center\">\n\t\t\t\t\t\t\t\t\t\t\t\t\t\t\t\t\t\t\t\t\t\t\t<\/div>\n\t\t\t\t\t\t<\/div>\n\t\t\t\t\t<\/div>\n\t\t\t\t<\/div>\n\n\t\t\t\n\t\t\t<\/div>\n\n\t\t<\/div>\n\t\t\n        \t\t\t\t<\/div>\n\t\t\t\t<\/div>\n\t\t\t\t<\/div>\n\t\t\t\t\t<\/div>\n\t\t\t\t<\/div>\n\t\t\t\t<\/div>\n\t\t","protected":false},"excerpt":{"rendered":"<p>Facturar es una de las tareas m\u00e1s importantes de un aut\u00f3nomo, pero tambi\u00e9n una de las que m\u00e1s dolores de cabeza puede dar. Un peque\u00f1o error puede no solo retrasar tus pagos, sino tambi\u00e9n generarte problemas con Hacienda. Para que esto no te pase, hemos recopilado los errores m\u00e1s comunes y te damos las claves para evitarlos.<\/p>\n","protected":false},"author":3,"featured_media":11599,"comment_status":"closed","ping_status":"open","sticky":false,"template":"","format":"standard","meta":{"_monsterinsights_skip_tracking":false,"_monsterinsights_sitenote_active":false,"_monsterinsights_sitenote_note":"","_monsterinsights_sitenote_category":0,"footnotes":""},"categories":[4],"tags":[],"class_list":["post-11596","post","type-post","status-publish","format-standard","has-post-thumbnail","hentry","category-facturacion"],"yoast_head":"<!-- This site is optimized with the Yoast SEO plugin v26.2 - https:\/\/yoast.com\/wordpress\/plugins\/seo\/ -->\n<title>Facturar sin fallos: Errores frecuentes al facturar como aut\u00f3nomo<\/title>\n<meta name=\"description\" content=\"Aprende a evitar los errores de facturaci\u00f3n m\u00e1s comunes como aut\u00f3nomo. Descubre c\u00f3mo solucionar problemas con IVA, IRPF y datos obligatorios.\" \/>\n<meta name=\"robots\" content=\"index, follow, max-snippet:-1, max-image-preview:large, max-video-preview:-1\" \/>\n<link rel=\"canonical\" href=\"https:\/\/finanedi.es\/blog\/facturar-sin-fallos-errores-frecuentes-al-facturar-como-autonomo\/\" \/>\n<meta property=\"og:locale\" content=\"es_ES\" \/>\n<meta property=\"og:type\" content=\"article\" \/>\n<meta property=\"og:title\" content=\"Facturar sin fallos: Errores frecuentes al facturar como aut\u00f3nomo\" \/>\n<meta property=\"og:description\" content=\"Aprende a evitar los errores de facturaci\u00f3n m\u00e1s comunes como aut\u00f3nomo. Descubre c\u00f3mo solucionar problemas con IVA, IRPF y datos obligatorios.\" \/>\n<meta property=\"og:url\" content=\"https:\/\/finanedi.es\/blog\/facturar-sin-fallos-errores-frecuentes-al-facturar-como-autonomo\/\" \/>\n<meta property=\"og:site_name\" content=\"Blog para pymes y aut\u00f3nomos - FinanEDI\" \/>\n<meta property=\"article:published_time\" content=\"2025-09-08T11:02:24+00:00\" \/>\n<meta property=\"article:modified_time\" content=\"2025-09-08T11:04:47+00:00\" \/>\n<meta property=\"og:image\" content=\"https:\/\/finanedi.es\/blog\/contenido\/uploads\/2025\/09\/Facturar-sin-fallos-Errores-frecuentes-al-facturar-como-autonomo.jpg\" \/>\n\t<meta property=\"og:image:width\" content=\"1246\" \/>\n\t<meta property=\"og:image:height\" content=\"736\" \/>\n\t<meta property=\"og:image:type\" content=\"image\/jpeg\" \/>\n<meta name=\"author\" content=\"restevez\" \/>\n<meta name=\"twitter:card\" content=\"summary_large_image\" \/>\n<meta name=\"twitter:label1\" content=\"Escrito por\" \/>\n\t<meta name=\"twitter:data1\" content=\"restevez\" \/>\n\t<meta name=\"twitter:label2\" content=\"Tiempo de lectura\" \/>\n\t<meta name=\"twitter:data2\" content=\"8 minutos\" \/>\n<script type=\"application\/ld+json\" class=\"yoast-schema-graph\">{\"@context\":\"https:\/\/schema.org\",\"@graph\":[{\"@type\":\"Article\",\"@id\":\"https:\/\/finanedi.es\/blog\/facturar-sin-fallos-errores-frecuentes-al-facturar-como-autonomo\/#article\",\"isPartOf\":{\"@id\":\"https:\/\/finanedi.es\/blog\/facturar-sin-fallos-errores-frecuentes-al-facturar-como-autonomo\/\"},\"author\":{\"name\":\"restevez\",\"@id\":\"https:\/\/finanedi.es\/blog\/#\/schema\/person\/233ed58195d34f36f74f13ba1030ebd8\"},\"headline\":\"Facturar sin fallos: Errores frecuentes al facturar como aut\u00f3nomo\",\"datePublished\":\"2025-09-08T11:02:24+00:00\",\"dateModified\":\"2025-09-08T11:04:47+00:00\",\"mainEntityOfPage\":{\"@id\":\"https:\/\/finanedi.es\/blog\/facturar-sin-fallos-errores-frecuentes-al-facturar-como-autonomo\/\"},\"wordCount\":1203,\"publisher\":{\"@id\":\"https:\/\/finanedi.es\/blog\/#organization\"},\"image\":{\"@id\":\"https:\/\/finanedi.es\/blog\/facturar-sin-fallos-errores-frecuentes-al-facturar-como-autonomo\/#primaryimage\"},\"thumbnailUrl\":\"https:\/\/finanedi.es\/blog\/contenido\/uploads\/2025\/09\/Facturar-sin-fallos-Errores-frecuentes-al-facturar-como-autonomo.jpg\",\"articleSection\":[\"Facturaci\u00f3n\"],\"inLanguage\":\"es\"},{\"@type\":\"WebPage\",\"@id\":\"https:\/\/finanedi.es\/blog\/facturar-sin-fallos-errores-frecuentes-al-facturar-como-autonomo\/\",\"url\":\"https:\/\/finanedi.es\/blog\/facturar-sin-fallos-errores-frecuentes-al-facturar-como-autonomo\/\",\"name\":\"Facturar sin fallos: Errores frecuentes al facturar como aut\u00f3nomo\",\"isPartOf\":{\"@id\":\"https:\/\/finanedi.es\/blog\/#website\"},\"primaryImageOfPage\":{\"@id\":\"https:\/\/finanedi.es\/blog\/facturar-sin-fallos-errores-frecuentes-al-facturar-como-autonomo\/#primaryimage\"},\"image\":{\"@id\":\"https:\/\/finanedi.es\/blog\/facturar-sin-fallos-errores-frecuentes-al-facturar-como-autonomo\/#primaryimage\"},\"thumbnailUrl\":\"https:\/\/finanedi.es\/blog\/contenido\/uploads\/2025\/09\/Facturar-sin-fallos-Errores-frecuentes-al-facturar-como-autonomo.jpg\",\"datePublished\":\"2025-09-08T11:02:24+00:00\",\"dateModified\":\"2025-09-08T11:04:47+00:00\",\"description\":\"Aprende a evitar los errores de facturaci\u00f3n m\u00e1s comunes como aut\u00f3nomo. Descubre c\u00f3mo solucionar problemas con IVA, IRPF y datos obligatorios.\",\"breadcrumb\":{\"@id\":\"https:\/\/finanedi.es\/blog\/facturar-sin-fallos-errores-frecuentes-al-facturar-como-autonomo\/#breadcrumb\"},\"inLanguage\":\"es\",\"potentialAction\":[{\"@type\":\"ReadAction\",\"target\":[\"https:\/\/finanedi.es\/blog\/facturar-sin-fallos-errores-frecuentes-al-facturar-como-autonomo\/\"]}]},{\"@type\":\"ImageObject\",\"inLanguage\":\"es\",\"@id\":\"https:\/\/finanedi.es\/blog\/facturar-sin-fallos-errores-frecuentes-al-facturar-como-autonomo\/#primaryimage\",\"url\":\"https:\/\/finanedi.es\/blog\/contenido\/uploads\/2025\/09\/Facturar-sin-fallos-Errores-frecuentes-al-facturar-como-autonomo.jpg\",\"contentUrl\":\"https:\/\/finanedi.es\/blog\/contenido\/uploads\/2025\/09\/Facturar-sin-fallos-Errores-frecuentes-al-facturar-como-autonomo.jpg\",\"width\":1246,\"height\":736,\"caption\":\"Facturar sin fallos Errores frecuentes al facturar como aut\u00f3nomo\"},{\"@type\":\"BreadcrumbList\",\"@id\":\"https:\/\/finanedi.es\/blog\/facturar-sin-fallos-errores-frecuentes-al-facturar-como-autonomo\/#breadcrumb\",\"itemListElement\":[{\"@type\":\"ListItem\",\"position\":1,\"name\":\"Home\",\"item\":\"https:\/\/finanedi.es\/blog\/\"},{\"@type\":\"ListItem\",\"position\":2,\"name\":\"Facturar sin fallos: Errores frecuentes al facturar como aut\u00f3nomo\"}]},{\"@type\":\"WebSite\",\"@id\":\"https:\/\/finanedi.es\/blog\/#website\",\"url\":\"https:\/\/finanedi.es\/blog\/\",\"name\":\"Blog para pymes y aut\u00f3nomos - FinanEDI\",\"description\":\"Blog para aut\u00f3nomos y PYMES, sobre temas como facturaci\u00f3n, contabilidad, tecnolog\u00eda.\",\"publisher\":{\"@id\":\"https:\/\/finanedi.es\/blog\/#organization\"},\"potentialAction\":[{\"@type\":\"SearchAction\",\"target\":{\"@type\":\"EntryPoint\",\"urlTemplate\":\"https:\/\/finanedi.es\/blog\/?s={search_term_string}\"},\"query-input\":{\"@type\":\"PropertyValueSpecification\",\"valueRequired\":true,\"valueName\":\"search_term_string\"}}],\"inLanguage\":\"es\"},{\"@type\":\"Organization\",\"@id\":\"https:\/\/finanedi.es\/blog\/#organization\",\"name\":\"Blog para pymes y aut\u00f3nomos - FinanEDI\",\"url\":\"https:\/\/finanedi.es\/blog\/\",\"logo\":{\"@type\":\"ImageObject\",\"inLanguage\":\"es\",\"@id\":\"https:\/\/finanedi.es\/blog\/#\/schema\/logo\/image\/\",\"url\":\"https:\/\/finanedi.es\/blog\/contenido\/uploads\/2024\/02\/FinanEdiAzul1.svg\",\"contentUrl\":\"https:\/\/finanedi.es\/blog\/contenido\/uploads\/2024\/02\/FinanEdiAzul1.svg\",\"width\":142,\"height\":36,\"caption\":\"Blog para pymes y aut\u00f3nomos - FinanEDI\"},\"image\":{\"@id\":\"https:\/\/finanedi.es\/blog\/#\/schema\/logo\/image\/\"}},{\"@type\":\"Person\",\"@id\":\"https:\/\/finanedi.es\/blog\/#\/schema\/person\/233ed58195d34f36f74f13ba1030ebd8\",\"name\":\"restevez\",\"image\":{\"@type\":\"ImageObject\",\"inLanguage\":\"es\",\"@id\":\"https:\/\/finanedi.es\/blog\/#\/schema\/person\/image\/\",\"url\":\"https:\/\/secure.gravatar.com\/avatar\/6c4880db9746e4aa887a98e0ebf657788804dc4280120ef10331a2e6ebb4a9a0?s=96&d=mm&r=g\",\"contentUrl\":\"https:\/\/secure.gravatar.com\/avatar\/6c4880db9746e4aa887a98e0ebf657788804dc4280120ef10331a2e6ebb4a9a0?s=96&d=mm&r=g\",\"caption\":\"restevez\"},\"url\":\"https:\/\/finanedi.es\/blog\/author\/restevez\/\"}]}<\/script>\n<!-- \/ Yoast SEO plugin. -->","yoast_head_json":{"title":"Facturar sin fallos: Errores frecuentes al facturar como aut\u00f3nomo","description":"Aprende a evitar los errores de facturaci\u00f3n m\u00e1s comunes como aut\u00f3nomo. Descubre c\u00f3mo solucionar problemas con IVA, IRPF y datos obligatorios.","robots":{"index":"index","follow":"follow","max-snippet":"max-snippet:-1","max-image-preview":"max-image-preview:large","max-video-preview":"max-video-preview:-1"},"canonical":"https:\/\/finanedi.es\/blog\/facturar-sin-fallos-errores-frecuentes-al-facturar-como-autonomo\/","og_locale":"es_ES","og_type":"article","og_title":"Facturar sin fallos: Errores frecuentes al facturar como aut\u00f3nomo","og_description":"Aprende a evitar los errores de facturaci\u00f3n m\u00e1s comunes como aut\u00f3nomo. Descubre c\u00f3mo solucionar problemas con IVA, IRPF y datos obligatorios.","og_url":"https:\/\/finanedi.es\/blog\/facturar-sin-fallos-errores-frecuentes-al-facturar-como-autonomo\/","og_site_name":"Blog para pymes y aut\u00f3nomos - FinanEDI","article_published_time":"2025-09-08T11:02:24+00:00","article_modified_time":"2025-09-08T11:04:47+00:00","og_image":[{"width":1246,"height":736,"url":"https:\/\/finanedi.es\/blog\/contenido\/uploads\/2025\/09\/Facturar-sin-fallos-Errores-frecuentes-al-facturar-como-autonomo.jpg","type":"image\/jpeg"}],"author":"restevez","twitter_card":"summary_large_image","twitter_misc":{"Escrito por":"restevez","Tiempo de lectura":"8 minutos"},"schema":{"@context":"https:\/\/schema.org","@graph":[{"@type":"Article","@id":"https:\/\/finanedi.es\/blog\/facturar-sin-fallos-errores-frecuentes-al-facturar-como-autonomo\/#article","isPartOf":{"@id":"https:\/\/finanedi.es\/blog\/facturar-sin-fallos-errores-frecuentes-al-facturar-como-autonomo\/"},"author":{"name":"restevez","@id":"https:\/\/finanedi.es\/blog\/#\/schema\/person\/233ed58195d34f36f74f13ba1030ebd8"},"headline":"Facturar sin fallos: Errores frecuentes al facturar como aut\u00f3nomo","datePublished":"2025-09-08T11:02:24+00:00","dateModified":"2025-09-08T11:04:47+00:00","mainEntityOfPage":{"@id":"https:\/\/finanedi.es\/blog\/facturar-sin-fallos-errores-frecuentes-al-facturar-como-autonomo\/"},"wordCount":1203,"publisher":{"@id":"https:\/\/finanedi.es\/blog\/#organization"},"image":{"@id":"https:\/\/finanedi.es\/blog\/facturar-sin-fallos-errores-frecuentes-al-facturar-como-autonomo\/#primaryimage"},"thumbnailUrl":"https:\/\/finanedi.es\/blog\/contenido\/uploads\/2025\/09\/Facturar-sin-fallos-Errores-frecuentes-al-facturar-como-autonomo.jpg","articleSection":["Facturaci\u00f3n"],"inLanguage":"es"},{"@type":"WebPage","@id":"https:\/\/finanedi.es\/blog\/facturar-sin-fallos-errores-frecuentes-al-facturar-como-autonomo\/","url":"https:\/\/finanedi.es\/blog\/facturar-sin-fallos-errores-frecuentes-al-facturar-como-autonomo\/","name":"Facturar sin fallos: Errores frecuentes al facturar como aut\u00f3nomo","isPartOf":{"@id":"https:\/\/finanedi.es\/blog\/#website"},"primaryImageOfPage":{"@id":"https:\/\/finanedi.es\/blog\/facturar-sin-fallos-errores-frecuentes-al-facturar-como-autonomo\/#primaryimage"},"image":{"@id":"https:\/\/finanedi.es\/blog\/facturar-sin-fallos-errores-frecuentes-al-facturar-como-autonomo\/#primaryimage"},"thumbnailUrl":"https:\/\/finanedi.es\/blog\/contenido\/uploads\/2025\/09\/Facturar-sin-fallos-Errores-frecuentes-al-facturar-como-autonomo.jpg","datePublished":"2025-09-08T11:02:24+00:00","dateModified":"2025-09-08T11:04:47+00:00","description":"Aprende a evitar los errores de facturaci\u00f3n m\u00e1s comunes como aut\u00f3nomo. Descubre c\u00f3mo solucionar problemas con IVA, IRPF y datos obligatorios.","breadcrumb":{"@id":"https:\/\/finanedi.es\/blog\/facturar-sin-fallos-errores-frecuentes-al-facturar-como-autonomo\/#breadcrumb"},"inLanguage":"es","potentialAction":[{"@type":"ReadAction","target":["https:\/\/finanedi.es\/blog\/facturar-sin-fallos-errores-frecuentes-al-facturar-como-autonomo\/"]}]},{"@type":"ImageObject","inLanguage":"es","@id":"https:\/\/finanedi.es\/blog\/facturar-sin-fallos-errores-frecuentes-al-facturar-como-autonomo\/#primaryimage","url":"https:\/\/finanedi.es\/blog\/contenido\/uploads\/2025\/09\/Facturar-sin-fallos-Errores-frecuentes-al-facturar-como-autonomo.jpg","contentUrl":"https:\/\/finanedi.es\/blog\/contenido\/uploads\/2025\/09\/Facturar-sin-fallos-Errores-frecuentes-al-facturar-como-autonomo.jpg","width":1246,"height":736,"caption":"Facturar sin fallos Errores frecuentes al facturar como aut\u00f3nomo"},{"@type":"BreadcrumbList","@id":"https:\/\/finanedi.es\/blog\/facturar-sin-fallos-errores-frecuentes-al-facturar-como-autonomo\/#breadcrumb","itemListElement":[{"@type":"ListItem","position":1,"name":"Home","item":"https:\/\/finanedi.es\/blog\/"},{"@type":"ListItem","position":2,"name":"Facturar sin fallos: Errores frecuentes al facturar como aut\u00f3nomo"}]},{"@type":"WebSite","@id":"https:\/\/finanedi.es\/blog\/#website","url":"https:\/\/finanedi.es\/blog\/","name":"Blog para pymes y aut\u00f3nomos - FinanEDI","description":"Blog para aut\u00f3nomos y PYMES, sobre temas como facturaci\u00f3n, contabilidad, tecnolog\u00eda.","publisher":{"@id":"https:\/\/finanedi.es\/blog\/#organization"},"potentialAction":[{"@type":"SearchAction","target":{"@type":"EntryPoint","urlTemplate":"https:\/\/finanedi.es\/blog\/?s={search_term_string}"},"query-input":{"@type":"PropertyValueSpecification","valueRequired":true,"valueName":"search_term_string"}}],"inLanguage":"es"},{"@type":"Organization","@id":"https:\/\/finanedi.es\/blog\/#organization","name":"Blog para pymes y aut\u00f3nomos - FinanEDI","url":"https:\/\/finanedi.es\/blog\/","logo":{"@type":"ImageObject","inLanguage":"es","@id":"https:\/\/finanedi.es\/blog\/#\/schema\/logo\/image\/","url":"https:\/\/finanedi.es\/blog\/contenido\/uploads\/2024\/02\/FinanEdiAzul1.svg","contentUrl":"https:\/\/finanedi.es\/blog\/contenido\/uploads\/2024\/02\/FinanEdiAzul1.svg","width":142,"height":36,"caption":"Blog para pymes y aut\u00f3nomos - FinanEDI"},"image":{"@id":"https:\/\/finanedi.es\/blog\/#\/schema\/logo\/image\/"}},{"@type":"Person","@id":"https:\/\/finanedi.es\/blog\/#\/schema\/person\/233ed58195d34f36f74f13ba1030ebd8","name":"restevez","image":{"@type":"ImageObject","inLanguage":"es","@id":"https:\/\/finanedi.es\/blog\/#\/schema\/person\/image\/","url":"https:\/\/secure.gravatar.com\/avatar\/6c4880db9746e4aa887a98e0ebf657788804dc4280120ef10331a2e6ebb4a9a0?s=96&d=mm&r=g","contentUrl":"https:\/\/secure.gravatar.com\/avatar\/6c4880db9746e4aa887a98e0ebf657788804dc4280120ef10331a2e6ebb4a9a0?s=96&d=mm&r=g","caption":"restevez"},"url":"https:\/\/finanedi.es\/blog\/author\/restevez\/"}]}},"_links":{"self":[{"href":"https:\/\/finanedi.es\/blog\/wp-json\/wp\/v2\/posts\/11596","targetHints":{"allow":["GET"]}}],"collection":[{"href":"https:\/\/finanedi.es\/blog\/wp-json\/wp\/v2\/posts"}],"about":[{"href":"https:\/\/finanedi.es\/blog\/wp-json\/wp\/v2\/types\/post"}],"author":[{"embeddable":true,"href":"https:\/\/finanedi.es\/blog\/wp-json\/wp\/v2\/users\/3"}],"replies":[{"embeddable":true,"href":"https:\/\/finanedi.es\/blog\/wp-json\/wp\/v2\/comments?post=11596"}],"version-history":[{"count":5,"href":"https:\/\/finanedi.es\/blog\/wp-json\/wp\/v2\/posts\/11596\/revisions"}],"predecessor-version":[{"id":11602,"href":"https:\/\/finanedi.es\/blog\/wp-json\/wp\/v2\/posts\/11596\/revisions\/11602"}],"wp:featuredmedia":[{"embeddable":true,"href":"https:\/\/finanedi.es\/blog\/wp-json\/wp\/v2\/media\/11599"}],"wp:attachment":[{"href":"https:\/\/finanedi.es\/blog\/wp-json\/wp\/v2\/media?parent=11596"}],"wp:term":[{"taxonomy":"category","embeddable":true,"href":"https:\/\/finanedi.es\/blog\/wp-json\/wp\/v2\/categories?post=11596"},{"taxonomy":"post_tag","embeddable":true,"href":"https:\/\/finanedi.es\/blog\/wp-json\/wp\/v2\/tags?post=11596"}],"curies":[{"name":"wp","href":"https:\/\/api.w.org\/{rel}","templated":true}]}}