{"id":11773,"date":"2025-10-27T09:27:03","date_gmt":"2025-10-27T08:27:03","guid":{"rendered":"https:\/\/finanedi.es\/blog\/?p=11773"},"modified":"2025-10-27T09:35:16","modified_gmt":"2025-10-27T08:35:16","slug":"que-sanciones-existen-por-no-emitir-factura-electronica","status":"publish","type":"post","link":"https:\/\/finanedi.es\/blog\/que-sanciones-existen-por-no-emitir-factura-electronica\/","title":{"rendered":"Qu\u00e9 sanciones existen por no emitir factura electr\u00f3nica"},"content":{"rendered":"\t\t<div data-elementor-type=\"wp-post\" data-elementor-id=\"11773\" class=\"elementor elementor-11773\">\n\t\t\t\t<div class=\"elementor-element elementor-element-ff022c4 e-flex e-con-boxed e-con e-parent\" data-id=\"ff022c4\" data-element_type=\"container\">\n\t\t\t\t\t<div class=\"e-con-inner\">\n\t\t\t\t<div class=\"elementor-element elementor-element-ba02c8b elementor-widget elementor-widget-text-editor\" data-id=\"ba02c8b\" data-element_type=\"widget\" data-widget_type=\"text-editor.default\">\n\t\t\t\t<div class=\"elementor-widget-container\">\n\t\t\t\t\t\t\t\t\t<p>La factura electr\u00f3nica ya no es una opci\u00f3n, sino una obligaci\u00f3n para la mayor\u00eda de las empresas y aut\u00f3nomos en Espa\u00f1a. Con la entrada en vigor de la Ley Crea y Crece y la normativa VeriFactu, el incumplimiento de esta obligaci\u00f3n puede conllevar sanciones econ\u00f3micas importantes.<\/p>\t\t\t\t\t\t\t\t<\/div>\n\t\t\t\t<\/div>\n\t\t\t\t\t<\/div>\n\t\t\t\t<\/div>\n\t\t<div class=\"elementor-element elementor-element-d90dba9 e-flex e-con-boxed e-con e-parent\" data-id=\"d90dba9\" data-element_type=\"container\">\n\t\t\t\t\t<div class=\"e-con-inner\">\n\t\t\t\t<div class=\"elementor-element elementor-element-1570532 elementor-widget elementor-widget-heading\" data-id=\"1570532\" data-element_type=\"widget\" data-widget_type=\"heading.default\">\n\t\t\t\t<div class=\"elementor-widget-container\">\n\t\t\t\t\t<h2 class=\"elementor-heading-title elementor-size-default\">1. Contexto legal: la obligatoriedad de la factura electr\u00f3nica<\/h2>\t\t\t\t<\/div>\n\t\t\t\t<\/div>\n\t\t\t\t\t<\/div>\n\t\t\t\t<\/div>\n\t\t<div class=\"elementor-element elementor-element-e7117b4 e-flex e-con-boxed e-con e-parent\" data-id=\"e7117b4\" data-element_type=\"container\">\n\t\t\t\t\t<div class=\"e-con-inner\">\n\t\t\t\t<div class=\"elementor-element elementor-element-b7a9c19 elementor-widget elementor-widget-text-editor\" data-id=\"b7a9c19\" data-element_type=\"widget\" data-widget_type=\"text-editor.default\">\n\t\t\t\t<div class=\"elementor-widget-container\">\n\t\t\t\t\t\t\t\t\t<p data-start=\"690\" data-end=\"1003\">La Ley 18\/2022, de creaci\u00f3n y crecimiento de empresas, conocida como Ley Crea y Crece, tiene como objetivo reducir la morosidad y digitalizar las relaciones empresariales. Una de sus medidas m\u00e1s destacadas es la obligaci\u00f3n de emitir facturas electr\u00f3nicas en las operaciones entre empresas y aut\u00f3nomos.<\/p>\t\t\t\t\t\t\t\t<\/div>\n\t\t\t\t<\/div>\n\t\t\t\t\t<\/div>\n\t\t\t\t<\/div>\n\t\t<div class=\"elementor-element elementor-element-ba4a5f4 e-flex e-con-boxed e-con e-parent\" data-id=\"ba4a5f4\" data-element_type=\"container\">\n\t\t\t\t\t<div class=\"e-con-inner\">\n\t\t\t\t<div class=\"elementor-element elementor-element-6852786 elementor-widget elementor-widget-text-editor\" data-id=\"6852786\" data-element_type=\"widget\" data-widget_type=\"text-editor.default\">\n\t\t\t\t<div class=\"elementor-widget-container\">\n\t\t\t\t\t\t\t\t\t<ul><li data-start=\"1017\" data-end=\"1153\"><p data-start=\"1019\" data-end=\"1153\">Todas las empresas y aut\u00f3nomos deber\u00e1n emitir facturas electr\u00f3nicas en sus transacciones B2B (entre profesionales y empresas).<\/p><\/li><li data-start=\"1154\" data-end=\"1246\"><p data-start=\"1156\" data-end=\"1246\">Las empresas que facturan a la Administraci\u00f3n P\u00fablica ya estaban obligadas desde 2015.<\/p><\/li><li data-start=\"1247\" data-end=\"1440\"><p data-start=\"1249\" data-end=\"1293\">El calendario de aplicaci\u00f3n ser\u00e1 progresivo:<\/p><ul data-start=\"1296\" data-end=\"1440\"><li data-start=\"1296\" data-end=\"1389\"><p data-start=\"1298\" data-end=\"1389\">Empresas con facturaci\u00f3n anual superior a 8 millones de euros: obligaci\u00f3n desde 2025.<\/p><\/li><li data-start=\"1392\" data-end=\"1440\"><p data-start=\"1394\" data-end=\"1440\">Resto de empresas y aut\u00f3nomos: desde 2026.<\/p><\/li><\/ul><\/li><\/ul>\t\t\t\t\t\t\t\t<\/div>\n\t\t\t\t<\/div>\n\t\t\t\t\t<\/div>\n\t\t\t\t<\/div>\n\t\t<div class=\"elementor-element elementor-element-909afc9 e-flex e-con-boxed e-con e-parent\" data-id=\"909afc9\" data-element_type=\"container\">\n\t\t\t\t\t<div class=\"e-con-inner\">\n\t\t\t\t<div class=\"elementor-element elementor-element-e425877 elementor-widget elementor-widget-spacer\" data-id=\"e425877\" data-element_type=\"widget\" data-widget_type=\"spacer.default\">\n\t\t\t\t<div class=\"elementor-widget-container\">\n\t\t\t\t\t\t\t<div class=\"elementor-spacer\">\n\t\t\t<div class=\"elementor-spacer-inner\"><\/div>\n\t\t<\/div>\n\t\t\t\t\t\t<\/div>\n\t\t\t\t<\/div>\n\t\t\t\t\t<\/div>\n\t\t\t\t<\/div>\n\t\t<div class=\"elementor-element elementor-element-1db322c e-flex e-con-boxed e-con e-parent\" data-id=\"1db322c\" data-element_type=\"container\">\n\t\t\t\t\t<div class=\"e-con-inner\">\n\t\t\t\t<div class=\"elementor-element elementor-element-1de0471 elementor-widget elementor-widget-heading\" data-id=\"1de0471\" data-element_type=\"widget\" data-widget_type=\"heading.default\">\n\t\t\t\t<div class=\"elementor-widget-container\">\n\t\t\t\t\t<h2 class=\"elementor-heading-title elementor-size-default\">2. Qu\u00e9 ocurre si no se cumple la obligaci\u00f3n de emitir factura electr\u00f3nica<\/h2>\t\t\t\t<\/div>\n\t\t\t\t<\/div>\n\t\t\t\t\t<\/div>\n\t\t\t\t<\/div>\n\t\t<div class=\"elementor-element elementor-element-93fc533 e-flex e-con-boxed e-con e-parent\" data-id=\"93fc533\" data-element_type=\"container\">\n\t\t\t\t\t<div class=\"e-con-inner\">\n\t\t\t\t<div class=\"elementor-element elementor-element-be52084 elementor-widget elementor-widget-text-editor\" data-id=\"be52084\" data-element_type=\"widget\" data-widget_type=\"text-editor.default\">\n\t\t\t\t<div class=\"elementor-widget-container\">\n\t\t\t\t\t\t\t\t\t<p>No emitir una factura electr\u00f3nica cuando la ley lo exige puede considerarse una infracci\u00f3n administrativa. Las sanciones var\u00edan seg\u00fan el tipo de incumplimiento y la gravedad del caso, pero en general, se contemplan tres situaciones principales:<\/p>\t\t\t\t\t\t\t\t<\/div>\n\t\t\t\t<\/div>\n\t\t\t\t\t<\/div>\n\t\t\t\t<\/div>\n\t\t<div class=\"elementor-element elementor-element-2410da6 e-flex e-con-boxed e-con e-parent\" data-id=\"2410da6\" data-element_type=\"container\">\n\t\t\t\t\t<div class=\"e-con-inner\">\n\t\t\t\t<div class=\"elementor-element elementor-element-02d7265 elementor-widget elementor-widget-heading\" data-id=\"02d7265\" data-element_type=\"widget\" data-widget_type=\"heading.default\">\n\t\t\t\t<div class=\"elementor-widget-container\">\n\t\t\t\t\t<h3 class=\"elementor-heading-title elementor-size-default\">No emitir una factura cuando se est\u00e1 obligado<\/h3>\t\t\t\t<\/div>\n\t\t\t\t<\/div>\n\t\t\t\t\t<\/div>\n\t\t\t\t<\/div>\n\t\t<div class=\"elementor-element elementor-element-99791a7 e-flex e-con-boxed e-con e-parent\" data-id=\"99791a7\" data-element_type=\"container\">\n\t\t\t\t\t<div class=\"e-con-inner\">\n\t\t\t\t<div class=\"elementor-element elementor-element-950d54b elementor-widget elementor-widget-text-editor\" data-id=\"950d54b\" data-element_type=\"widget\" data-widget_type=\"text-editor.default\">\n\t\t\t\t<div class=\"elementor-widget-container\">\n\t\t\t\t\t\t\t\t\t<p>Emitir facturas en papel, o simplemente no emitirlas, puede considerarse una infracci\u00f3n tributaria leve o grave, dependiendo del impacto y la intenci\u00f3n.<\/p>\t\t\t\t\t\t\t\t<\/div>\n\t\t\t\t<\/div>\n\t\t\t\t<div class=\"elementor-element elementor-element-c836390 elementor-widget elementor-widget-text-editor\" data-id=\"c836390\" data-element_type=\"widget\" data-widget_type=\"text-editor.default\">\n\t\t\t\t<div class=\"elementor-widget-container\">\n\t\t\t\t\t\t\t\t\t<p>\u26a0\ufe0f <strong data-start=\"1995\" data-end=\"2007\">Sanci\u00f3n:<\/strong> multas de <strong data-start=\"2018\" data-end=\"2040\">150 a 10.000 euros<\/strong>, seg\u00fan el n\u00famero de operaciones y su cuant\u00eda.<\/p>\t\t\t\t\t\t\t\t<\/div>\n\t\t\t\t<\/div>\n\t\t\t\t\t<\/div>\n\t\t\t\t<\/div>\n\t\t<div class=\"elementor-element elementor-element-fae4b20 e-flex e-con-boxed e-con e-parent\" data-id=\"fae4b20\" data-element_type=\"container\">\n\t\t\t\t\t<div class=\"e-con-inner\">\n\t\t\t\t<div class=\"elementor-element elementor-element-4221adf elementor-widget elementor-widget-spacer\" data-id=\"4221adf\" data-element_type=\"widget\" data-widget_type=\"spacer.default\">\n\t\t\t\t<div class=\"elementor-widget-container\">\n\t\t\t\t\t\t\t<div class=\"elementor-spacer\">\n\t\t\t<div class=\"elementor-spacer-inner\"><\/div>\n\t\t<\/div>\n\t\t\t\t\t\t<\/div>\n\t\t\t\t<\/div>\n\t\t\t\t\t<\/div>\n\t\t\t\t<\/div>\n\t\t<div class=\"elementor-element elementor-element-49bee51 e-flex e-con-boxed e-con e-parent\" data-id=\"49bee51\" data-element_type=\"container\">\n\t\t\t\t\t<div class=\"e-con-inner\">\n\t\t\t\t<div class=\"elementor-element elementor-element-cfe524e elementor-widget elementor-widget-heading\" data-id=\"cfe524e\" data-element_type=\"widget\" data-widget_type=\"heading.default\">\n\t\t\t\t<div class=\"elementor-widget-container\">\n\t\t\t\t\t<h3 class=\"elementor-heading-title elementor-size-default\">Emitir facturas que no cumplen los requisitos legales<\/h3>\t\t\t\t<\/div>\n\t\t\t\t<\/div>\n\t\t\t\t\t<\/div>\n\t\t\t\t<\/div>\n\t\t<div class=\"elementor-element elementor-element-0106b12 e-flex e-con-boxed e-con e-parent\" data-id=\"0106b12\" data-element_type=\"container\">\n\t\t\t\t\t<div class=\"e-con-inner\">\n\t\t\t\t<div class=\"elementor-element elementor-element-7cb6c29 elementor-widget elementor-widget-text-editor\" data-id=\"7cb6c29\" data-element_type=\"widget\" data-widget_type=\"text-editor.default\">\n\t\t\t\t<div class=\"elementor-widget-container\">\n\t\t\t\t\t\t\t\t\t<p>Si se emiten facturas electr\u00f3nicas con errores o sin los datos exigidos por la normativa (como el identificador \u00fanico o el formato estructurado), tambi\u00e9n puede acarrear sanciones.<\/p>\t\t\t\t\t\t\t\t<\/div>\n\t\t\t\t<\/div>\n\t\t<div class=\"elementor-element elementor-element-eb92c0a e-con-full e-flex e-con e-child\" data-id=\"eb92c0a\" data-element_type=\"container\">\n\t\t\t\t<div class=\"elementor-element elementor-element-203428c elementor-widget elementor-widget-text-editor\" data-id=\"203428c\" data-element_type=\"widget\" data-widget_type=\"text-editor.default\">\n\t\t\t\t<div class=\"elementor-widget-container\">\n\t\t\t\t\t\t\t\t\t<p>\u26a0\ufe0f <strong data-start=\"2339\" data-end=\"2351\">Sanci\u00f3n:<\/strong> desde <strong data-start=\"2358\" data-end=\"2383\">75 hasta 10.000 euros<\/strong>, dependiendo de la gravedad y del perjuicio causado.<\/p>\t\t\t\t\t\t\t\t<\/div>\n\t\t\t\t<\/div>\n\t\t\t\t<\/div>\n\t\t\t\t\t<\/div>\n\t\t\t\t<\/div>\n\t\t<div class=\"elementor-element elementor-element-18a3a20 e-flex e-con-boxed e-con e-parent\" data-id=\"18a3a20\" data-element_type=\"container\">\n\t\t\t\t\t<div class=\"e-con-inner\">\n\t\t\t\t<div class=\"elementor-element elementor-element-b37969f elementor-widget elementor-widget-spacer\" data-id=\"b37969f\" data-element_type=\"widget\" data-widget_type=\"spacer.default\">\n\t\t\t\t<div class=\"elementor-widget-container\">\n\t\t\t\t\t\t\t<div class=\"elementor-spacer\">\n\t\t\t<div class=\"elementor-spacer-inner\"><\/div>\n\t\t<\/div>\n\t\t\t\t\t\t<\/div>\n\t\t\t\t<\/div>\n\t\t\t\t\t<\/div>\n\t\t\t\t<\/div>\n\t\t<div class=\"elementor-element elementor-element-7f55ad7 e-flex e-con-boxed e-con e-parent\" data-id=\"7f55ad7\" data-element_type=\"container\">\n\t\t\t\t\t<div class=\"e-con-inner\">\n\t\t\t\t<div class=\"elementor-element elementor-element-ee1bae6 elementor-widget elementor-widget-heading\" data-id=\"ee1bae6\" data-element_type=\"widget\" data-widget_type=\"heading.default\">\n\t\t\t\t<div class=\"elementor-widget-container\">\n\t\t\t\t\t<h3 class=\"elementor-heading-title elementor-size-default\">Obstaculizar el env\u00edo o recepci\u00f3n de facturas electr\u00f3nicas<\/h3>\t\t\t\t<\/div>\n\t\t\t\t<\/div>\n\t\t\t\t\t<\/div>\n\t\t\t\t<\/div>\n\t\t<div class=\"elementor-element elementor-element-e7a251b e-flex e-con-boxed e-con e-parent\" data-id=\"e7a251b\" data-element_type=\"container\">\n\t\t\t\t\t<div class=\"e-con-inner\">\n\t\t\t\t<div class=\"elementor-element elementor-element-83ff1ea elementor-widget elementor-widget-text-editor\" data-id=\"83ff1ea\" data-element_type=\"widget\" data-widget_type=\"text-editor.default\">\n\t\t\t\t<div class=\"elementor-widget-container\">\n\t\t\t\t\t\t\t\t\t<p>Seg\u00fan el art\u00edculo 201 del Reglamento de Facturaci\u00f3n, negarse a recibir facturas electr\u00f3nicas o poner trabas al acceso del cliente tambi\u00e9n es sancionable.<\/p>\t\t\t\t\t\t\t\t<\/div>\n\t\t\t\t<\/div>\n\t\t<div class=\"elementor-element elementor-element-ee2ea10 e-con-full e-flex e-con e-child\" data-id=\"ee2ea10\" data-element_type=\"container\">\n\t\t\t\t<div class=\"elementor-element elementor-element-8b551ae elementor-widget elementor-widget-text-editor\" data-id=\"8b551ae\" data-element_type=\"widget\" data-widget_type=\"text-editor.default\">\n\t\t\t\t<div class=\"elementor-widget-container\">\n\t\t\t\t\t\t\t\t\t<p><strong data-start=\"2668\" data-end=\"2680\">\u26a0\ufe0f Sanci\u00f3n:<\/strong> multas de <strong data-start=\"2691\" data-end=\"2713\">hasta 10.000 euros<\/strong> por impedir el derecho de acceso.<\/p>\t\t\t\t\t\t\t\t<\/div>\n\t\t\t\t<\/div>\n\t\t\t\t<\/div>\n\t\t\t\t\t<\/div>\n\t\t\t\t<\/div>\n\t\t<div class=\"elementor-element elementor-element-c21e519 e-flex e-con-boxed e-con e-parent\" data-id=\"c21e519\" data-element_type=\"container\">\n\t\t\t\t\t<div class=\"e-con-inner\">\n\t\t\t\t<div class=\"elementor-element elementor-element-3929cf1 elementor-widget elementor-widget-spacer\" data-id=\"3929cf1\" data-element_type=\"widget\" data-widget_type=\"spacer.default\">\n\t\t\t\t<div class=\"elementor-widget-container\">\n\t\t\t\t\t\t\t<div class=\"elementor-spacer\">\n\t\t\t<div class=\"elementor-spacer-inner\"><\/div>\n\t\t<\/div>\n\t\t\t\t\t\t<\/div>\n\t\t\t\t<\/div>\n\t\t\t\t\t<\/div>\n\t\t\t\t<\/div>\n\t\t<div class=\"elementor-element elementor-element-ba8f325 e-flex e-con-boxed e-con e-parent\" data-id=\"ba8f325\" data-element_type=\"container\">\n\t\t\t\t\t<div class=\"e-con-inner\">\n\t\t\t\t<div class=\"elementor-element elementor-element-2d39ffa elementor-widget elementor-widget-heading\" data-id=\"2d39ffa\" data-element_type=\"widget\" data-widget_type=\"heading.default\">\n\t\t\t\t<div class=\"elementor-widget-container\">\n\t\t\t\t\t<h2 class=\"elementor-heading-title elementor-size-default\">3. Qu\u00e9 debe contener una factura electr\u00f3nica v\u00e1lida<\/h2>\t\t\t\t<\/div>\n\t\t\t\t<\/div>\n\t\t\t\t\t<\/div>\n\t\t\t\t<\/div>\n\t\t<div class=\"elementor-element elementor-element-d7c7320 e-flex e-con-boxed e-con e-parent\" data-id=\"d7c7320\" data-element_type=\"container\">\n\t\t\t\t\t<div class=\"e-con-inner\">\n\t\t\t\t<div class=\"elementor-element elementor-element-a952fc9 elementor-widget elementor-widget-text-editor\" data-id=\"a952fc9\" data-element_type=\"widget\" data-widget_type=\"text-editor.default\">\n\t\t\t\t<div class=\"elementor-widget-container\">\n\t\t\t\t\t\t\t\t\t<p>Para evitar sanciones, es fundamental que tus facturas cumplan con todos los requisitos legales. Seg\u00fan la normativa vigente, una factura electr\u00f3nica debe incluir:<\/p>\t\t\t\t\t\t\t\t<\/div>\n\t\t\t\t<\/div>\n\t\t\t\t\t<\/div>\n\t\t\t\t<\/div>\n\t\t<div class=\"elementor-element elementor-element-98ebbc0 e-flex e-con-boxed e-con e-parent\" data-id=\"98ebbc0\" data-element_type=\"container\">\n\t\t\t\t\t<div class=\"e-con-inner\">\n\t\t\t\t<div class=\"elementor-element elementor-element-655e7e2 elementor-widget elementor-widget-text-editor\" data-id=\"655e7e2\" data-element_type=\"widget\" data-widget_type=\"text-editor.default\">\n\t\t\t\t<div class=\"elementor-widget-container\">\n\t\t\t\t\t\t\t\t\t<ul><li data-start=\"2981\" data-end=\"3011\"><p data-start=\"2983\" data-end=\"3011\">N\u00famero y serie de factura.<\/p><\/li><li data-start=\"3012\" data-end=\"3033\"><p data-start=\"3014\" data-end=\"3033\">Fecha de emisi\u00f3n.<\/p><\/li><li data-start=\"3034\" data-end=\"3104\"><p data-start=\"3036\" data-end=\"3104\">Datos fiscales del emisor y del cliente (nombre, NIF y direcci\u00f3n).<\/p><\/li><li data-start=\"3105\" data-end=\"3157\"><p data-start=\"3107\" data-end=\"3157\">Descripci\u00f3n detallada de los bienes o servicios.<\/p><\/li><li data-start=\"3158\" data-end=\"3193\"><p data-start=\"3160\" data-end=\"3193\">Tipo impositivo y<a href=\"https:\/\/finanedi.es\/blog\/que-tipo-de-regimen-de-iva-te-corresponde\/\" target=\"_blank\" rel=\"noopener\"> cuota de IVA<\/a>.<\/p><\/li><li data-start=\"3194\" data-end=\"3235\"><p data-start=\"3196\" data-end=\"3235\">Base imponible y total de la factura.<\/p><\/li><li data-start=\"3236\" data-end=\"3298\"><p data-start=\"3238\" data-end=\"3298\">Firma electr\u00f3nica o identificaci\u00f3n autenticada del emisor.<\/p><\/li><li data-start=\"3299\" data-end=\"3380\"><p data-start=\"3301\" data-end=\"3380\">Formato estructurado compatible (como <a href=\"https:\/\/finanedi.es\/blog\/facturae-faceb2b-y-dehu-conecta-tu-pyme-con-la-administracion\/\" target=\"_blank\" rel=\"noopener\"><strong data-start=\"3339\" data-end=\"3351\">Facturae<\/strong><\/a>, XML o PDF con metadatos).<\/p><\/li><\/ul>\t\t\t\t\t\t\t\t<\/div>\n\t\t\t\t<\/div>\n\t\t\t\t\t<\/div>\n\t\t\t\t<\/div>\n\t\t<div class=\"elementor-element elementor-element-b211e27 e-flex e-con-boxed e-con e-parent\" data-id=\"b211e27\" data-element_type=\"container\">\n\t\t\t\t\t<div class=\"e-con-inner\">\n\t\t\t\t<div class=\"elementor-element elementor-element-56c978f elementor-widget elementor-widget-text-editor\" data-id=\"56c978f\" data-element_type=\"widget\" data-widget_type=\"text-editor.default\">\n\t\t\t\t<div class=\"elementor-widget-container\">\n\t\t\t\t\t\t\t\t\t<p>Adem\u00e1s, debe garantizar la autenticidad, integridad y legibilidad del documento durante al menos cuatro a\u00f1os, seg\u00fan la Agencia Tributaria.<\/p>\t\t\t\t\t\t\t\t<\/div>\n\t\t\t\t<\/div>\n\t\t\t\t\t<\/div>\n\t\t\t\t<\/div>\n\t\t<div class=\"elementor-element elementor-element-7cf72b4 e-flex e-con-boxed e-con e-parent\" data-id=\"7cf72b4\" data-element_type=\"container\">\n\t\t\t\t\t<div class=\"e-con-inner\">\n\t\t\t\t<div class=\"elementor-element elementor-element-38de2b4 elementor-widget elementor-widget-spacer\" data-id=\"38de2b4\" data-element_type=\"widget\" data-widget_type=\"spacer.default\">\n\t\t\t\t<div class=\"elementor-widget-container\">\n\t\t\t\t\t\t\t<div class=\"elementor-spacer\">\n\t\t\t<div class=\"elementor-spacer-inner\"><\/div>\n\t\t<\/div>\n\t\t\t\t\t\t<\/div>\n\t\t\t\t<\/div>\n\t\t\t\t\t<\/div>\n\t\t\t\t<\/div>\n\t\t<div class=\"elementor-element elementor-element-f6eaa80 e-flex e-con-boxed e-con e-parent\" data-id=\"f6eaa80\" data-element_type=\"container\">\n\t\t\t\t\t<div class=\"e-con-inner\">\n\t\t\t\t<div class=\"elementor-element elementor-element-4d7af1b elementor-widget elementor-widget-heading\" data-id=\"4d7af1b\" data-element_type=\"widget\" data-widget_type=\"heading.default\">\n\t\t\t\t<div class=\"elementor-widget-container\">\n\t\t\t\t\t<h2 class=\"elementor-heading-title elementor-size-default\">4. El papel de VeriFactu en la factura electr\u00f3nica<\/h2>\t\t\t\t<\/div>\n\t\t\t\t<\/div>\n\t\t\t\t\t<\/div>\n\t\t\t\t<\/div>\n\t\t<div class=\"elementor-element elementor-element-369f78c e-flex e-con-boxed e-con e-parent\" data-id=\"369f78c\" data-element_type=\"container\">\n\t\t\t\t\t<div class=\"e-con-inner\">\n\t\t\t\t<div class=\"elementor-element elementor-element-01cd7e3 elementor-widget elementor-widget-text-editor\" data-id=\"01cd7e3\" data-element_type=\"widget\" data-widget_type=\"text-editor.default\">\n\t\t\t\t<div class=\"elementor-widget-container\">\n\t\t\t\t\t\t\t\t\t<p>El <strong data-start=\"3597\" data-end=\"3618\"><a href=\"https:\/\/finanedi.es\/blog\/verifactu-el-nuevo-horizonte-de-la-facturacion-para-pymes-y-autonomos\/\" target=\"_blank\" rel=\"noopener\">sistema VeriFactu<\/a> <\/strong>ser\u00e1 clave para garantizar que todas las facturas emitidas se registren correctamente ante Hacienda. Este sistema permitir\u00e1:<\/p>\t\t\t\t\t\t\t\t<\/div>\n\t\t\t\t<\/div>\n\t\t\t\t\t<\/div>\n\t\t\t\t<\/div>\n\t\t<div class=\"elementor-element elementor-element-724bb2b e-flex e-con-boxed e-con e-parent\" data-id=\"724bb2b\" data-element_type=\"container\">\n\t\t\t\t\t<div class=\"e-con-inner\">\n\t\t\t\t<div class=\"elementor-element elementor-element-0571d94 elementor-widget elementor-widget-text-editor\" data-id=\"0571d94\" data-element_type=\"widget\" data-widget_type=\"text-editor.default\">\n\t\t\t\t<div class=\"elementor-widget-container\">\n\t\t\t\t\t\t\t\t\t<ul><li data-start=\"3786\" data-end=\"3835\"><p data-start=\"3788\" data-end=\"3835\">Enviar las facturas en tiempo real a la AEAT.<\/p><\/li><li data-start=\"3836\" data-end=\"3874\"><p data-start=\"3838\" data-end=\"3874\">Evitar manipulaciones posteriores.<\/p><\/li><li data-start=\"3875\" data-end=\"3927\"><p data-start=\"3877\" data-end=\"3927\">Facilitar la trazabilidad y control de ingresos.<\/p><\/li><\/ul>\t\t\t\t\t\t\t\t<\/div>\n\t\t\t\t<\/div>\n\t\t\t\t\t<\/div>\n\t\t\t\t<\/div>\n\t\t<div class=\"elementor-element elementor-element-131c618 e-flex e-con-boxed e-con e-parent\" data-id=\"131c618\" data-element_type=\"container\">\n\t\t\t\t\t<div class=\"e-con-inner\">\n\t\t\t\t<div class=\"elementor-element elementor-element-9238e05 elementor-widget elementor-widget-text-editor\" data-id=\"9238e05\" data-element_type=\"widget\" data-widget_type=\"text-editor.default\">\n\t\t\t\t<div class=\"elementor-widget-container\">\n\t\t\t\t\t\t\t\t\t<p>No usar un <strong data-start=\"3940\" data-end=\"3973\">software adaptado a VeriFactu<\/strong> tambi\u00e9n puede considerarse una infracci\u00f3n si impide cumplir con la normativa, con sanciones de hasta <strong data-start=\"4075\" data-end=\"4091\">50.000 euros<\/strong> para los desarrolladores o usuarios reincidentes.<\/p>\t\t\t\t\t\t\t\t<\/div>\n\t\t\t\t<\/div>\n\t\t\t\t\t<\/div>\n\t\t\t\t<\/div>\n\t\t<div class=\"elementor-element elementor-element-1e855855 e-flex e-con-boxed e-con e-parent\" data-id=\"1e855855\" data-element_type=\"container\">\n\t\t\t\t\t<div class=\"e-con-inner\">\n\t\t\t\t<div class=\"elementor-element elementor-element-16ec6ffc elementor-widget elementor-widget-text-editor\" data-id=\"16ec6ffc\" data-element_type=\"widget\" data-widget_type=\"text-editor.default\">\n\t\t\t\t<div class=\"elementor-widget-container\">\n\t\t\t\t\t\t\t\t\t<p><strong>\ud83d\udcc4 Art\u00edculo relacionado<\/strong>:\u00a0<a href=\"https:\/\/finanedi.es\/blog\/quien-esta-obligado-a-usar-verifactu\/\" target=\"_blank\" rel=\"noopener\">\u00bfQui\u00e9n est\u00e1 obligado a usar VeriFactu?<\/a><\/p>\t\t\t\t\t\t\t\t<\/div>\n\t\t\t\t<\/div>\n\t\t\t\t\t<\/div>\n\t\t\t\t<\/div>\n\t\t<div class=\"elementor-element elementor-element-32e4db5 e-flex e-con-boxed e-con e-parent\" data-id=\"32e4db5\" data-element_type=\"container\">\n\t\t\t\t\t<div class=\"e-con-inner\">\n\t\t\t\t<div class=\"elementor-element elementor-element-f4a5863 elementor-widget elementor-widget-spacer\" data-id=\"f4a5863\" data-element_type=\"widget\" data-widget_type=\"spacer.default\">\n\t\t\t\t<div class=\"elementor-widget-container\">\n\t\t\t\t\t\t\t<div class=\"elementor-spacer\">\n\t\t\t<div class=\"elementor-spacer-inner\"><\/div>\n\t\t<\/div>\n\t\t\t\t\t\t<\/div>\n\t\t\t\t<\/div>\n\t\t\t\t\t<\/div>\n\t\t\t\t<\/div>\n\t\t<div class=\"elementor-element elementor-element-59aa42c e-flex e-con-boxed e-con e-parent\" data-id=\"59aa42c\" data-element_type=\"container\">\n\t\t\t\t\t<div class=\"e-con-inner\">\n\t\t\t\t<div class=\"elementor-element elementor-element-f8181e8 elementor-widget elementor-widget-heading\" data-id=\"f8181e8\" data-element_type=\"widget\" data-widget_type=\"heading.default\">\n\t\t\t\t<div class=\"elementor-widget-container\">\n\t\t\t\t\t<h2 class=\"elementor-heading-title elementor-size-default\">5. C\u00f3mo evitar sanciones: consejos pr\u00e1cticos<\/h2>\t\t\t\t<\/div>\n\t\t\t\t<\/div>\n\t\t\t\t\t<\/div>\n\t\t\t\t<\/div>\n\t\t<div class=\"elementor-element elementor-element-82a6e01 e-flex e-con-boxed e-con e-parent\" data-id=\"82a6e01\" data-element_type=\"container\">\n\t\t\t\t\t<div class=\"e-con-inner\">\n\t\t\t\t<div class=\"elementor-element elementor-element-3e29b49 elementor-widget elementor-widget-text-editor\" data-id=\"3e29b49\" data-element_type=\"widget\" data-widget_type=\"text-editor.default\">\n\t\t\t\t<div class=\"elementor-widget-container\">\n\t\t\t\t\t\t\t\t\t<ul><li data-start=\"4201\" data-end=\"4328\"><p data-start=\"4204\" data-end=\"4328\">Usa un programa de facturaci\u00f3n homologado, como <a href=\"https:\/\/finanedi.es\/\" target=\"_blank\" rel=\"noopener\">FinanEDI<\/a>, que cumpla con los requisitos legales y t\u00e9cnicos de la AEAT.<\/p><\/li><li data-start=\"4329\" data-end=\"4421\"><p data-start=\"4332\" data-end=\"4421\">Emite siempre facturas electr\u00f3nicas cuando trabajes con otras empresas o aut\u00f3nomos.<\/p><\/li><li data-start=\"4422\" data-end=\"4522\"><p data-start=\"4425\" data-end=\"4522\">Conserva tus facturas durante al menos 4 a\u00f1os y aseg\u00farate de poder recuperarlas f\u00e1cilmente.<\/p><\/li><li data-start=\"4523\" data-end=\"4613\"><p data-start=\"4526\" data-end=\"4613\">Verifica que tus clientes puedan recibir facturas electr\u00f3nicas y no las rechacen.<\/p><\/li><li data-start=\"4614\" data-end=\"4713\"><p data-start=\"4617\" data-end=\"4713\">Mantente actualizado sobre los plazos de implantaci\u00f3n y las novedades del sistema VeriFactu.<\/p><\/li><\/ul>\t\t\t\t\t\t\t\t<\/div>\n\t\t\t\t<\/div>\n\t\t\t\t\t<\/div>\n\t\t\t\t<\/div>\n\t\t<div class=\"elementor-element elementor-element-73e7b6e e-flex e-con-boxed e-con e-parent\" data-id=\"73e7b6e\" data-element_type=\"container\">\n\t\t\t\t\t<div class=\"e-con-inner\">\n\t\t\t\t<div class=\"elementor-element elementor-element-af1943e elementor-widget elementor-widget-spacer\" data-id=\"af1943e\" data-element_type=\"widget\" data-widget_type=\"spacer.default\">\n\t\t\t\t<div class=\"elementor-widget-container\">\n\t\t\t\t\t\t\t<div class=\"elementor-spacer\">\n\t\t\t<div class=\"elementor-spacer-inner\"><\/div>\n\t\t<\/div>\n\t\t\t\t\t\t<\/div>\n\t\t\t\t<\/div>\n\t\t\t\t\t<\/div>\n\t\t\t\t<\/div>\n\t\t<div class=\"elementor-element elementor-element-e29d8c5 e-flex e-con-boxed e-con e-parent\" data-id=\"e29d8c5\" data-element_type=\"container\">\n\t\t\t\t\t<div class=\"e-con-inner\">\n\t\t\t\t<div class=\"elementor-element elementor-element-b78b0cb elementor-widget elementor-widget-heading\" data-id=\"b78b0cb\" data-element_type=\"widget\" data-widget_type=\"heading.default\">\n\t\t\t\t<div class=\"elementor-widget-container\">\n\t\t\t\t\t<h2 class=\"elementor-heading-title elementor-size-default\">6. Qu\u00e9 hacer si ya has cometido un incumplimiento<\/h2>\t\t\t\t<\/div>\n\t\t\t\t<\/div>\n\t\t\t\t\t<\/div>\n\t\t\t\t<\/div>\n\t\t<div class=\"elementor-element elementor-element-7150c98 e-flex e-con-boxed e-con e-parent\" data-id=\"7150c98\" data-element_type=\"container\">\n\t\t\t\t\t<div class=\"e-con-inner\">\n\t\t\t\t<div class=\"elementor-element elementor-element-7251fc9 elementor-widget elementor-widget-text-editor\" data-id=\"7251fc9\" data-element_type=\"widget\" data-widget_type=\"text-editor.default\">\n\t\t\t\t<div class=\"elementor-widget-container\">\n\t\t\t\t\t\t\t\t\t<p>Si has emitido facturas incorrectas o no electr\u00f3nicas, es importante corregirlas cuanto antes:<\/p>\t\t\t\t\t\t\t\t<\/div>\n\t\t\t\t<\/div>\n\t\t\t\t\t<\/div>\n\t\t\t\t<\/div>\n\t\t<div class=\"elementor-element elementor-element-e6fd01b e-flex e-con-boxed e-con e-parent\" data-id=\"e6fd01b\" data-element_type=\"container\">\n\t\t\t\t\t<div class=\"e-con-inner\">\n\t\t\t\t<div class=\"elementor-element elementor-element-956a9f2 elementor-widget elementor-widget-text-editor\" data-id=\"956a9f2\" data-element_type=\"widget\" data-widget_type=\"text-editor.default\">\n\t\t\t\t<div class=\"elementor-widget-container\">\n\t\t\t\t\t\t\t\t\t<ul><li data-start=\"4877\" data-end=\"4948\"><p data-start=\"4879\" data-end=\"4948\">Emite facturas rectificativas con el formato y datos adecuados.<\/p><\/li><li data-start=\"4949\" data-end=\"5018\"><p data-start=\"4951\" data-end=\"5018\"><a href=\"https:\/\/sede.agenciatributaria.gob.es\/Sede\/procedimientoini\/ZN01.shtml\" target=\"_blank\" rel=\"noopener\">Notifica a la AEAT<\/a> si has detectado errores en tus registros.<\/p><\/li><li data-start=\"5019\" data-end=\"5115\"><p data-start=\"5021\" data-end=\"5115\">Adopta un sistema de facturaci\u00f3n electr\u00f3nica lo antes posible para evitar reincidencias.<\/p><\/li><\/ul>\t\t\t\t\t\t\t\t<\/div>\n\t\t\t\t<\/div>\n\t\t\t\t\t<\/div>\n\t\t\t\t<\/div>\n\t\t<div class=\"elementor-element elementor-element-914541c e-flex e-con-boxed e-con e-parent\" data-id=\"914541c\" data-element_type=\"container\">\n\t\t\t\t\t<div class=\"e-con-inner\">\n\t\t\t\t<div class=\"elementor-element elementor-element-ebebf28 elementor-widget elementor-widget-text-editor\" data-id=\"ebebf28\" data-element_type=\"widget\" data-widget_type=\"text-editor.default\">\n\t\t\t\t<div class=\"elementor-widget-container\">\n\t\t\t\t\t\t\t\t\t<p>En muchos casos, si el empresario demuestra voluntad de subsanar el error, la administraci\u00f3n puede reducir la sanci\u00f3n o incluso eximirla.<\/p>\t\t\t\t\t\t\t\t<\/div>\n\t\t\t\t<\/div>\n\t\t\t\t\t<\/div>\n\t\t\t\t<\/div>\n\t\t<div class=\"elementor-element elementor-element-caf8ee3 e-flex e-con-boxed e-con e-parent\" data-id=\"caf8ee3\" data-element_type=\"container\">\n\t\t\t\t\t<div class=\"e-con-inner\">\n\t\t\t\t<div class=\"elementor-element elementor-element-418bd27 elementor-widget elementor-widget-spacer\" data-id=\"418bd27\" data-element_type=\"widget\" data-widget_type=\"spacer.default\">\n\t\t\t\t<div class=\"elementor-widget-container\">\n\t\t\t\t\t\t\t<div class=\"elementor-spacer\">\n\t\t\t<div class=\"elementor-spacer-inner\"><\/div>\n\t\t<\/div>\n\t\t\t\t\t\t<\/div>\n\t\t\t\t<\/div>\n\t\t\t\t\t<\/div>\n\t\t\t\t<\/div>\n\t\t<div class=\"elementor-element elementor-element-543b685f e-flex e-con-boxed e-con e-parent\" data-id=\"543b685f\" data-element_type=\"container\" data-settings=\"{&quot;background_background&quot;:&quot;classic&quot;}\">\n\t\t\t\t\t<div class=\"e-con-inner\">\n\t\t<div class=\"elementor-element elementor-element-22ab14e5 e-con-full e-flex e-con e-child\" data-id=\"22ab14e5\" data-element_type=\"container\">\n\t\t<div class=\"elementor-element elementor-element-2af6dfd9 e-flex e-con-boxed e-con e-child\" data-id=\"2af6dfd9\" data-element_type=\"container\">\n\t\t\t\t\t<div class=\"e-con-inner\">\n\t\t\t\t<div class=\"elementor-element elementor-element-63cc8c3d elementor-widget elementor-widget-heading\" data-id=\"63cc8c3d\" data-element_type=\"widget\" data-widget_type=\"heading.default\">\n\t\t\t\t<div class=\"elementor-widget-container\">\n\t\t\t\t\t<h3 class=\"elementor-heading-title elementor-size-default\">Herramientas para impulsar<br>tu negocio<\/h3>\t\t\t\t<\/div>\n\t\t\t\t<\/div>\n\t\t\t\t<div class=\"elementor-element elementor-element-470e6e97 elementor-widget elementor-widget-text-editor\" data-id=\"470e6e97\" data-element_type=\"widget\" data-widget_type=\"text-editor.default\">\n\t\t\t\t<div class=\"elementor-widget-container\">\n\t\t\t\t\t\t\t\t\t<p>FinanEDI es la soluci\u00f3n en la nube gratuita que permite automatizar y optimizar los procesos financieros, contables y administrativos de tu negocio.<\/p>\t\t\t\t\t\t\t\t<\/div>\n\t\t\t\t<\/div>\n\t\t\t\t<div class=\"elementor-element elementor-element-3e5d8ff2 elementor-widget elementor-widget-button\" data-id=\"3e5d8ff2\" data-element_type=\"widget\" data-widget_type=\"button.default\">\n\t\t\t\t<div class=\"elementor-widget-container\">\n\t\t\t\t\t\t\t\t\t<div class=\"elementor-button-wrapper\">\n\t\t\t\t\t<a class=\"elementor-button elementor-button-link elementor-size-md\" href=\"https:\/\/finanedi.es\/\" target=\"_blank\">\n\t\t\t\t\t\t<span class=\"elementor-button-content-wrapper\">\n\t\t\t\t\t\t\t\t\t<span class=\"elementor-button-text\">Crear cuenta gratis<\/span>\n\t\t\t\t\t<\/span>\n\t\t\t\t\t<\/a>\n\t\t\t\t<\/div>\n\t\t\t\t\t\t\t\t<\/div>\n\t\t\t\t<\/div>\n\t\t\t\t\t<\/div>\n\t\t\t\t<\/div>\n\t\t\t\t<\/div>\n\t\t<div class=\"elementor-element elementor-element-621086a4 e-con-full e-flex e-con e-child\" data-id=\"621086a4\" data-element_type=\"container\">\n\t\t\t\t<div class=\"elementor-element elementor-element-7fb1f967 elementor-widget elementor-widget-image\" data-id=\"7fb1f967\" data-element_type=\"widget\" data-widget_type=\"image.default\">\n\t\t\t\t<div class=\"elementor-widget-container\">\n\t\t\t\t\t\t\t\t\t\t\t\t\t\t\t<img fetchpriority=\"high\" decoding=\"async\" width=\"300\" height=\"233\" src=\"https:\/\/finanedi.es\/blog\/contenido\/uploads\/2024\/09\/Dashborad_00115-300x233.png\" class=\"attachment-medium size-medium wp-image-5370\" alt=\"Herramientas para impulsar tu negocio - FinanEDI\" srcset=\"https:\/\/finanedi.es\/blog\/contenido\/uploads\/2024\/09\/Dashborad_00115-300x233.png 300w, https:\/\/finanedi.es\/blog\/contenido\/uploads\/2024\/09\/Dashborad_00115-768x597.png 768w, https:\/\/finanedi.es\/blog\/contenido\/uploads\/2024\/09\/Dashborad_00115.png 900w\" sizes=\"(max-width: 300px) 100vw, 300px\" \/>\t\t\t\t\t\t\t\t\t\t\t\t\t\t\t<\/div>\n\t\t\t\t<\/div>\n\t\t\t\t<\/div>\n\t\t\t\t\t<\/div>\n\t\t\t\t<\/div>\n\t\t<div class=\"elementor-element elementor-element-165a161 e-flex e-con-boxed e-con e-parent\" data-id=\"165a161\" data-element_type=\"container\">\n\t\t\t\t\t<div class=\"e-con-inner\">\n\t\t\t\t<div class=\"elementor-element elementor-element-c21b641 elementor-widget elementor-widget-spacer\" data-id=\"c21b641\" data-element_type=\"widget\" data-widget_type=\"spacer.default\">\n\t\t\t\t<div class=\"elementor-widget-container\">\n\t\t\t\t\t\t\t<div class=\"elementor-spacer\">\n\t\t\t<div class=\"elementor-spacer-inner\"><\/div>\n\t\t<\/div>\n\t\t\t\t\t\t<\/div>\n\t\t\t\t<\/div>\n\t\t\t\t\t<\/div>\n\t\t\t\t<\/div>\n\t\t<div class=\"elementor-element elementor-element-7f02395 e-flex e-con-boxed e-con e-parent\" data-id=\"7f02395\" data-element_type=\"container\">\n\t\t\t\t\t<div class=\"e-con-inner\">\n\t\t\t\t<div class=\"elementor-element elementor-element-89f5d84 elementor-widget elementor-widget-text-editor\" data-id=\"89f5d84\" data-element_type=\"widget\" data-widget_type=\"text-editor.default\">\n\t\t\t\t<div class=\"elementor-widget-container\">\n\t\t\t\t\t\t\t\t\t<p data-start=\"5287\" data-end=\"5482\">Las sanciones por no emitir factura electr\u00f3nica pueden ser costosas y perjudiciales para la reputaci\u00f3n de tu negocio. Pero con la herramienta adecuada, cumplir con la normativa es sencillo.<\/p><p data-start=\"5484\" data-end=\"5805\">La transici\u00f3n hacia la factura electr\u00f3nica no solo es una obligaci\u00f3n legal, sino una oportunidad para mejorar la eficiencia y el control financiero de tu empresa. Con <a href=\"https:\/\/finanedi.es\/\">FinanEDI<\/a>, puedes emitir y gestionar tus facturas electr\u00f3nicas de forma segura, cumpliendo con VeriFactu y la Ley Crea y Crece, sin complicaciones.<\/p>\t\t\t\t\t\t\t\t<\/div>\n\t\t\t\t<\/div>\n\t\t\t\t\t<\/div>\n\t\t\t\t<\/div>\n\t\t<div class=\"elementor-element elementor-element-166b929 e-flex e-con-boxed e-con e-parent\" data-id=\"166b929\" data-element_type=\"container\">\n\t\t\t\t\t<div class=\"e-con-inner\">\n\t\t<div class=\"elementor-element elementor-element-31ba11f3 e-flex e-con-boxed e-con e-child\" data-id=\"31ba11f3\" data-element_type=\"container\">\n\t\t\t\t\t<div class=\"e-con-inner\">\n\t\t\t\t<div class=\"elementor-element elementor-element-2c22d9c2 elementor-widget elementor-widget-heading\" data-id=\"2c22d9c2\" data-element_type=\"widget\" data-widget_type=\"heading.default\">\n\t\t\t\t<div class=\"elementor-widget-container\">\n\t\t\t\t\t<h2 class=\"elementor-heading-title elementor-size-default\">Preguntas frecuentes<\/h2>\t\t\t\t<\/div>\n\t\t\t\t<\/div>\n\t\t\t\t\t<\/div>\n\t\t\t\t<\/div>\n\t\t<div class=\"elementor-element elementor-element-3c0bc59a e-flex e-con-boxed e-con e-child\" data-id=\"3c0bc59a\" data-element_type=\"container\">\n\t\t\t\t\t<div class=\"e-con-inner\">\n\t\t\t\t<div class=\"elementor-element elementor-element-5b808c30 elementor-widget elementor-widget-heading\" data-id=\"5b808c30\" data-element_type=\"widget\" data-widget_type=\"heading.default\">\n\t\t\t\t<div class=\"elementor-widget-container\">\n\t\t\t\t\t<h3 class=\"elementor-heading-title elementor-size-default\">\u00bfYa es obligatorio emitir factura electr\u00f3nica para todos los aut\u00f3nomos?<\/h3>\t\t\t\t<\/div>\n\t\t\t\t<\/div>\n\t\t\t\t<div class=\"elementor-element elementor-element-124695b3 elementor-widget elementor-widget-text-editor\" data-id=\"124695b3\" data-element_type=\"widget\" data-widget_type=\"text-editor.default\">\n\t\t\t\t<div class=\"elementor-widget-container\">\n\t\t\t\t\t\t\t\t\t<p>No todav\u00eda. La obligaci\u00f3n se aplicar\u00e1 progresivamente entre 2025 y 2026, dependiendo del tama\u00f1o de la empresa.<\/p>\t\t\t\t\t\t\t\t<\/div>\n\t\t\t\t<\/div>\n\t\t\t\t\t<\/div>\n\t\t\t\t<\/div>\n\t\t<div class=\"elementor-element elementor-element-4799e471 e-flex e-con-boxed e-con e-child\" data-id=\"4799e471\" data-element_type=\"container\">\n\t\t\t\t\t<div class=\"e-con-inner\">\n\t\t\t\t<div class=\"elementor-element elementor-element-7b813ac4 elementor-widget elementor-widget-heading\" data-id=\"7b813ac4\" data-element_type=\"widget\" data-widget_type=\"heading.default\">\n\t\t\t\t<div class=\"elementor-widget-container\">\n\t\t\t\t\t<h3 class=\"elementor-heading-title elementor-size-default\">\u00bfPuedo seguir emitiendo facturas en PDF?<\/h3>\t\t\t\t<\/div>\n\t\t\t\t<\/div>\n\t\t\t\t<div class=\"elementor-element elementor-element-107ba74d elementor-widget elementor-widget-text-editor\" data-id=\"107ba74d\" data-element_type=\"widget\" data-widget_type=\"text-editor.default\">\n\t\t\t\t<div class=\"elementor-widget-container\">\n\t\t\t\t\t\t\t\t\t<p>Solo si el PDF cumple con los requisitos t\u00e9cnicos del formato electr\u00f3nico (por ejemplo, con metadatos estructurados). De lo contrario, no es v\u00e1lido.<\/p>\t\t\t\t\t\t\t\t<\/div>\n\t\t\t\t<\/div>\n\t\t\t\t\t<\/div>\n\t\t\t\t<\/div>\n\t\t<div class=\"elementor-element elementor-element-1161238b e-flex e-con-boxed e-con e-child\" data-id=\"1161238b\" data-element_type=\"container\">\n\t\t\t\t\t<div class=\"e-con-inner\">\n\t\t\t\t<div class=\"elementor-element elementor-element-331187b8 elementor-widget elementor-widget-heading\" data-id=\"331187b8\" data-element_type=\"widget\" data-widget_type=\"heading.default\">\n\t\t\t\t<div class=\"elementor-widget-container\">\n\t\t\t\t\t<h3 class=\"elementor-heading-title elementor-size-default\">\u00bfQu\u00e9 pasa si mi cliente no acepta facturas electr\u00f3nicas?<\/h3>\t\t\t\t<\/div>\n\t\t\t\t<\/div>\n\t\t\t\t<div class=\"elementor-element elementor-element-2e8c9689 elementor-widget elementor-widget-text-editor\" data-id=\"2e8c9689\" data-element_type=\"widget\" data-widget_type=\"text-editor.default\">\n\t\t\t\t<div class=\"elementor-widget-container\">\n\t\t\t\t\t\t\t\t\t<p>La ley obliga a las empresas a aceptarlas, por lo que negarse podr\u00eda acarrear sanciones.<\/p>\t\t\t\t\t\t\t\t<\/div>\n\t\t\t\t<\/div>\n\t\t\t\t\t<\/div>\n\t\t\t\t<\/div>\n\t\t<div class=\"elementor-element elementor-element-1bcf4b1 e-flex e-con-boxed e-con e-child\" data-id=\"1bcf4b1\" data-element_type=\"container\">\n\t\t\t\t\t<div class=\"e-con-inner\">\n\t\t\t\t<div class=\"elementor-element elementor-element-6bae4c4 elementor-widget elementor-widget-heading\" data-id=\"6bae4c4\" data-element_type=\"widget\" data-widget_type=\"heading.default\">\n\t\t\t\t<div class=\"elementor-widget-container\">\n\t\t\t\t\t<h3 class=\"elementor-heading-title elementor-size-default\">\u00bfC\u00f3mo saber si mi software cumple con VeriFactu?<\/h3>\t\t\t\t<\/div>\n\t\t\t\t<\/div>\n\t\t\t\t<div class=\"elementor-element elementor-element-42f16ecc elementor-widget elementor-widget-text-editor\" data-id=\"42f16ecc\" data-element_type=\"widget\" data-widget_type=\"text-editor.default\">\n\t\t\t\t<div class=\"elementor-widget-container\">\n\t\t\t\t\t\t\t\t\t<p>Debe estar adaptado a los requisitos t\u00e9cnicos publicados por la AEAT y permitir la comunicaci\u00f3n autom\u00e1tica con la Agencia Tributaria.<\/p>\t\t\t\t\t\t\t\t<\/div>\n\t\t\t\t<\/div>\n\t\t\t\t\t<\/div>\n\t\t\t\t<\/div>\n\t\t<div class=\"elementor-element elementor-element-e9d16c0 e-con-full e-flex e-con e-child\" data-id=\"e9d16c0\" data-element_type=\"container\">\n\t\t\t\t<div class=\"elementor-element elementor-element-b099d22 elementor-widget elementor-widget-heading\" data-id=\"b099d22\" data-element_type=\"widget\" data-widget_type=\"heading.default\">\n\t\t\t\t<div class=\"elementor-widget-container\">\n\t\t\t\t\t<h3 class=\"elementor-heading-title elementor-size-default\">\u00bfFinanEDI cumple con la normativa de factura electr\u00f3nica?<\/h3>\t\t\t\t<\/div>\n\t\t\t\t<\/div>\n\t\t\t\t<div class=\"elementor-element elementor-element-c04b7f3 elementor-widget elementor-widget-text-editor\" data-id=\"c04b7f3\" data-element_type=\"widget\" data-widget_type=\"text-editor.default\">\n\t\t\t\t<div class=\"elementor-widget-container\">\n\t\t\t\t\t\t\t\t\t<p>S\u00ed. FinanEDI permite emitir, enviar y conservar facturas electr\u00f3nicas de acuerdo con la normativa vigente y el sistema VeriFactu.<\/p>\t\t\t\t\t\t\t\t<\/div>\n\t\t\t\t<\/div>\n\t\t\t\t<\/div>\n\t\t\t\t\t<\/div>\n\t\t\t\t<\/div>\n\t\t<div class=\"elementor-element elementor-element-649bc821 e-flex e-con-boxed e-con e-parent\" data-id=\"649bc821\" data-element_type=\"container\">\n\t\t\t\t\t<div class=\"e-con-inner\">\n\t\t<div class=\"elementor-element elementor-element-65d9e7c6 e-con-full e-flex e-con e-child\" data-id=\"65d9e7c6\" data-element_type=\"container\">\n\t\t\t\t<div class=\"elementor-element elementor-element-3a7476eb elementor-widget elementor-widget-spacer\" data-id=\"3a7476eb\" data-element_type=\"widget\" data-widget_type=\"spacer.default\">\n\t\t\t\t<div class=\"elementor-widget-container\">\n\t\t\t\t\t\t\t<div class=\"elementor-spacer\">\n\t\t\t<div class=\"elementor-spacer-inner\"><\/div>\n\t\t<\/div>\n\t\t\t\t\t\t<\/div>\n\t\t\t\t<\/div>\n\t\t\t\t<\/div>\n\t\t<div class=\"elementor-element elementor-element-2329d616 e-con-full e-flex e-con e-child\" data-id=\"2329d616\" data-element_type=\"container\">\n\t\t\t\t<div class=\"elementor-element elementor-element-2d516673 elementor-widget elementor-widget-heading\" data-id=\"2d516673\" data-element_type=\"widget\" data-widget_type=\"heading.default\">\n\t\t\t\t<div class=\"elementor-widget-container\">\n\t\t\t\t\t<h3 class=\"elementor-heading-title elementor-size-default\">No te pierdas...<\/h3>\t\t\t\t<\/div>\n\t\t\t\t<\/div>\n\t\t\t\t<\/div>\n\t\t<div class=\"elementor-element elementor-element-1ce59988 e-con-full e-flex e-con e-child\" data-id=\"1ce59988\" data-element_type=\"container\">\n\t\t\t\t<div class=\"elementor-element elementor-element-30ac23b1 elementor-widget elementor-widget-katen-post-five\" data-id=\"30ac23b1\" data-element_type=\"widget\" data-widget_type=\"katen-post-five.default\">\n\t\t\t\t<div class=\"elementor-widget-container\">\n\t\t\t\t\t\t\t<div class=\"padding-30 rounded bordered\">\n\n\t\t\t<div class=\"row infinite-wrapper\">\n\n\t\t\t\n\t\t\t\t<div class=\"col-md-12 col-sm-6 post-list-item post-item\">\n\t\t\t\t\t<!-- post -->\n\t\t\t\t\t<div class=\"post post-list clearfix\">\n\n\t\t\t\t\t\t<div class=\"thumb rounded\"><div class=\"inner\"><a href=\"https:\/\/finanedi.es\/blog\/que-es-la-base-imponible-de-una-factura\/\"><img decoding=\"async\" width=\"330\" height=\"250\" src=\"https:\/\/finanedi.es\/blog\/contenido\/uploads\/2024\/07\/cierre-contable-330x250.jpg\" class=\"attachment-katen-thumb-list size-katen-thumb-list wp-post-image\" alt=\"\u00bfQu\u00e9 es el asiento de cierre contable?\" \/><\/a><\/div><\/div>  \n\n\t\t\t\t\t\t<div class=\"details clearfix\">\n\t\t\t\t\t\t\t<ul class=\"meta list-inline mb-3\">\n\t\t\t\t\t\t\t\t<li class=\"list-inline-item\"><a href=\"https:\/\/finanedi.es\/blog\/category\/facturacion\/\">Facturaci\u00f3n<\/a><\/li>\t\t\t\t\t\t\t<\/ul>\n\t\t\t\t\t\t\t<h5 class=\"post-title\"><a href=\"https:\/\/finanedi.es\/blog\/que-es-la-base-imponible-de-una-factura\/\">\u00bfQu\u00e9 es la base imponible de una factura?<\/a><\/h5>\n\t\t\t\t\t\t\t<p class=\"excerpt mb-0\">\n\t\t\t\t\t\t\t\tEn el mundo de las finanzas y la contabilidad, uno de los t\u00e9rminos m\u00e1s importantes&hellip;\t\t\t\t\t\t\t<\/p>\n\t\t\t\t\t\t\t<div class=\"post-bottom clearfix d-flex align-items-center\">\n\t\t\t\t\t\t\t\t\t\t\t\t\t\t\t\t\t\t\t\t\t\t\t<\/div>\n\t\t\t\t\t\t<\/div>\n\t\t\t\t\t<\/div>\n\t\t\t\t<\/div>\n\n\t\t\t\n\t\t\t\t<div class=\"col-md-12 col-sm-6 post-list-item post-item\">\n\t\t\t\t\t<!-- post -->\n\t\t\t\t\t<div class=\"post post-list clearfix\">\n\n\t\t\t\t\t\t<div class=\"thumb rounded\"><div class=\"inner\"><a href=\"https:\/\/finanedi.es\/blog\/que-tipo-de-regimen-de-iva-te-corresponde\/\"><img decoding=\"async\" width=\"330\" height=\"250\" src=\"https:\/\/finanedi.es\/blog\/contenido\/uploads\/2025\/09\/Que-tipo-de-regimen-de-IVA-te-corresponde-330x250.jpg\" class=\"attachment-katen-thumb-list size-katen-thumb-list wp-post-image\" alt=\"Qu\u00e9 tipo de r\u00e9gimen de IVA te corresponde\" \/><\/a><\/div><\/div>  \n\n\t\t\t\t\t\t<div class=\"details clearfix\">\n\t\t\t\t\t\t\t<ul class=\"meta list-inline mb-3\">\n\t\t\t\t\t\t\t\t<li class=\"list-inline-item\"><a href=\"https:\/\/finanedi.es\/blog\/category\/facturacion\/\">Facturaci\u00f3n<\/a><\/li>\t\t\t\t\t\t\t<\/ul>\n\t\t\t\t\t\t\t<h5 class=\"post-title\"><a href=\"https:\/\/finanedi.es\/blog\/que-tipo-de-regimen-de-iva-te-corresponde\/\">\u00bfQu\u00e9 tipo de r\u00e9gimen de IVA te corresponde?<\/a><\/h5>\n\t\t\t\t\t\t\t<p class=\"excerpt mb-0\">\n\t\t\t\t\t\t\t\tElegir el r\u00e9gimen de IVA correcto es un paso clave para llevar tu contabilidad de&hellip;\t\t\t\t\t\t\t<\/p>\n\t\t\t\t\t\t\t<div class=\"post-bottom clearfix d-flex align-items-center\">\n\t\t\t\t\t\t\t\t\t\t\t\t\t\t\t\t\t\t\t\t\t\t\t<\/div>\n\t\t\t\t\t\t<\/div>\n\t\t\t\t\t<\/div>\n\t\t\t\t<\/div>\n\n\t\t\t\n\t\t\t\t<div class=\"col-md-12 col-sm-6 post-list-item post-item\">\n\t\t\t\t\t<!-- post -->\n\t\t\t\t\t<div class=\"post post-list clearfix\">\n\n\t\t\t\t\t\t<div class=\"thumb rounded\"><div class=\"inner\"><a href=\"https:\/\/finanedi.es\/blog\/factura-inversa-que-es-cuando-emitirla-y-sus-ventajas\/\"><img loading=\"lazy\" decoding=\"async\" width=\"330\" height=\"250\" src=\"https:\/\/finanedi.es\/blog\/contenido\/uploads\/2024\/08\/Factura-inversa-330x250.jpg\" class=\"attachment-katen-thumb-list size-katen-thumb-list wp-post-image\" alt=\"Persona creando una factura inversa\" \/><\/a><\/div><\/div>  \n\n\t\t\t\t\t\t<div class=\"details clearfix\">\n\t\t\t\t\t\t\t<ul class=\"meta list-inline mb-3\">\n\t\t\t\t\t\t\t\t<li class=\"list-inline-item\"><a href=\"https:\/\/finanedi.es\/blog\/category\/facturacion\/\">Facturaci\u00f3n<\/a><\/li>\t\t\t\t\t\t\t<\/ul>\n\t\t\t\t\t\t\t<h5 class=\"post-title\"><a href=\"https:\/\/finanedi.es\/blog\/factura-inversa-que-es-cuando-emitirla-y-sus-ventajas\/\">Factura inversa: Qu\u00e9 es, cu\u00e1ndo emitirla y sus ventajas<\/a><\/h5>\n\t\t\t\t\t\t\t<p class=\"excerpt mb-0\">\n\t\t\t\t\t\t\t\tExisten modalidades espec\u00edficas de facturaci\u00f3n que responden a situaciones particulares: la factura inversa o la&hellip;\t\t\t\t\t\t\t<\/p>\n\t\t\t\t\t\t\t<div class=\"post-bottom clearfix d-flex align-items-center\">\n\t\t\t\t\t\t\t\t\t\t\t\t\t\t\t\t\t\t\t\t\t\t\t<\/div>\n\t\t\t\t\t\t<\/div>\n\t\t\t\t\t<\/div>\n\t\t\t\t<\/div>\n\n\t\t\t\n\t\t\t\t<div class=\"col-md-12 col-sm-6 post-list-item post-item\">\n\t\t\t\t\t<!-- post -->\n\t\t\t\t\t<div class=\"post post-list clearfix\">\n\n\t\t\t\t\t\t<div class=\"thumb rounded\"><div class=\"inner\"><a href=\"https:\/\/finanedi.es\/blog\/alternativa-holded\/\"><img loading=\"lazy\" decoding=\"async\" width=\"330\" height=\"250\" src=\"https:\/\/finanedi.es\/blog\/contenido\/uploads\/2024\/12\/Altenativa-Holded-1-330x250.jpg\" class=\"attachment-katen-thumb-list size-katen-thumb-list wp-post-image\" alt=\"Holded vs. FinanEDI: \u00bfCu\u00e1l es la mejor opci\u00f3n para tu negocio?\" \/><\/a><\/div><\/div>  \n\n\t\t\t\t\t\t<div class=\"details clearfix\">\n\t\t\t\t\t\t\t<ul class=\"meta list-inline mb-3\">\n\t\t\t\t\t\t\t\t<li class=\"list-inline-item\"><a href=\"https:\/\/finanedi.es\/blog\/category\/facturacion\/\">Facturaci\u00f3n<\/a><\/li>\t\t\t\t\t\t\t<\/ul>\n\t\t\t\t\t\t\t<h5 class=\"post-title\"><a href=\"https:\/\/finanedi.es\/blog\/alternativa-holded\/\">FinanEDI vs. Holded: \u00bfCu\u00e1l es la mejor opci\u00f3n para tu negocio?<\/a><\/h5>\n\t\t\t\t\t\t\t<p class=\"excerpt mb-0\">\n\t\t\t\t\t\t\t\tEn este art\u00edculo, comparamos FinanEDI con uno de los programas de facturaci\u00f3n y contabilidad m\u00e1s&hellip;\t\t\t\t\t\t\t<\/p>\n\t\t\t\t\t\t\t<div class=\"post-bottom clearfix d-flex align-items-center\">\n\t\t\t\t\t\t\t\t\t\t\t\t\t\t\t\t\t\t\t\t\t\t\t<\/div>\n\t\t\t\t\t\t<\/div>\n\t\t\t\t\t<\/div>\n\t\t\t\t<\/div>\n\n\t\t\t\n\t\t\t<\/div>\n\n\t\t<\/div>\n\t\t\n        \t\t\t\t<\/div>\n\t\t\t\t<\/div>\n\t\t\t\t<\/div>\n\t\t\t\t\t<\/div>\n\t\t\t\t<\/div>\n\t\t\t\t<\/div>\n\t\t","protected":false},"excerpt":{"rendered":"<p>La factura electr\u00f3nica ya no es una opci\u00f3n, sino una obligaci\u00f3n para la mayor\u00eda de las empresas y aut\u00f3nomos en Espa\u00f1a. Con la entrada en vigor de la Ley Crea y Crece y la normativa VeriFactu, el incumplimiento de esta obligaci\u00f3n puede conllevar sanciones econ\u00f3micas importantes.<\/p>\n","protected":false},"author":3,"featured_media":11775,"comment_status":"closed","ping_status":"open","sticky":false,"template":"","format":"standard","meta":{"_monsterinsights_skip_tracking":false,"_monsterinsights_sitenote_active":false,"_monsterinsights_sitenote_note":"","_monsterinsights_sitenote_category":0,"footnotes":""},"categories":[4],"tags":[],"class_list":["post-11773","post","type-post","status-publish","format-standard","has-post-thumbnail","hentry","category-facturacion"],"yoast_head":"<!-- This site is optimized with the Yoast SEO plugin v26.2 - https:\/\/yoast.com\/wordpress\/plugins\/seo\/ -->\n<title>Qu\u00e9 sanciones existen por no emitir factura electr\u00f3nica<\/title>\n<meta name=\"description\" content=\"Evita multas por no emitir factura electr\u00f3nica. Conoce las sanciones y c\u00f3mo cumplir la ley f\u00e1cilmente con FinanEDI.\" \/>\n<meta name=\"robots\" content=\"index, follow, max-snippet:-1, max-image-preview:large, max-video-preview:-1\" \/>\n<link rel=\"canonical\" href=\"https:\/\/finanedi.es\/blog\/que-sanciones-existen-por-no-emitir-factura-electronica\/\" \/>\n<meta property=\"og:locale\" content=\"es_ES\" \/>\n<meta property=\"og:type\" content=\"article\" \/>\n<meta property=\"og:title\" content=\"Qu\u00e9 sanciones existen por no emitir factura electr\u00f3nica\" \/>\n<meta property=\"og:description\" content=\"Evita multas por no emitir factura electr\u00f3nica. Conoce las sanciones y c\u00f3mo cumplir la ley f\u00e1cilmente con FinanEDI.\" \/>\n<meta property=\"og:url\" content=\"https:\/\/finanedi.es\/blog\/que-sanciones-existen-por-no-emitir-factura-electronica\/\" \/>\n<meta property=\"og:site_name\" content=\"Blog para pymes y aut\u00f3nomos - FinanEDI\" \/>\n<meta property=\"article:published_time\" content=\"2025-10-27T08:27:03+00:00\" \/>\n<meta property=\"article:modified_time\" content=\"2025-10-27T08:35:16+00:00\" \/>\n<meta property=\"og:image\" content=\"https:\/\/finanedi.es\/blog\/contenido\/uploads\/2025\/10\/Que-sanciones-existen-por-no-emitir-factura-electronica.jpg\" \/>\n\t<meta property=\"og:image:width\" content=\"2000\" \/>\n\t<meta property=\"og:image:height\" content=\"1334\" \/>\n\t<meta property=\"og:image:type\" content=\"image\/jpeg\" \/>\n<meta name=\"author\" content=\"restevez\" \/>\n<meta name=\"twitter:card\" content=\"summary_large_image\" \/>\n<meta name=\"twitter:label1\" content=\"Escrito por\" \/>\n\t<meta name=\"twitter:data1\" content=\"restevez\" \/>\n\t<meta name=\"twitter:label2\" content=\"Tiempo de lectura\" \/>\n\t<meta name=\"twitter:data2\" content=\"7 minutos\" \/>\n<script type=\"application\/ld+json\" class=\"yoast-schema-graph\">{\"@context\":\"https:\/\/schema.org\",\"@graph\":[{\"@type\":\"Article\",\"@id\":\"https:\/\/finanedi.es\/blog\/que-sanciones-existen-por-no-emitir-factura-electronica\/#article\",\"isPartOf\":{\"@id\":\"https:\/\/finanedi.es\/blog\/que-sanciones-existen-por-no-emitir-factura-electronica\/\"},\"author\":{\"name\":\"restevez\",\"@id\":\"https:\/\/finanedi.es\/blog\/#\/schema\/person\/233ed58195d34f36f74f13ba1030ebd8\"},\"headline\":\"Qu\u00e9 sanciones existen por no emitir factura electr\u00f3nica\",\"datePublished\":\"2025-10-27T08:27:03+00:00\",\"dateModified\":\"2025-10-27T08:35:16+00:00\",\"mainEntityOfPage\":{\"@id\":\"https:\/\/finanedi.es\/blog\/que-sanciones-existen-por-no-emitir-factura-electronica\/\"},\"wordCount\":1149,\"publisher\":{\"@id\":\"https:\/\/finanedi.es\/blog\/#organization\"},\"image\":{\"@id\":\"https:\/\/finanedi.es\/blog\/que-sanciones-existen-por-no-emitir-factura-electronica\/#primaryimage\"},\"thumbnailUrl\":\"https:\/\/finanedi.es\/blog\/contenido\/uploads\/2025\/10\/Que-sanciones-existen-por-no-emitir-factura-electronica.jpg\",\"articleSection\":[\"Facturaci\u00f3n\"],\"inLanguage\":\"es\"},{\"@type\":\"WebPage\",\"@id\":\"https:\/\/finanedi.es\/blog\/que-sanciones-existen-por-no-emitir-factura-electronica\/\",\"url\":\"https:\/\/finanedi.es\/blog\/que-sanciones-existen-por-no-emitir-factura-electronica\/\",\"name\":\"Qu\u00e9 sanciones existen por no emitir factura electr\u00f3nica\",\"isPartOf\":{\"@id\":\"https:\/\/finanedi.es\/blog\/#website\"},\"primaryImageOfPage\":{\"@id\":\"https:\/\/finanedi.es\/blog\/que-sanciones-existen-por-no-emitir-factura-electronica\/#primaryimage\"},\"image\":{\"@id\":\"https:\/\/finanedi.es\/blog\/que-sanciones-existen-por-no-emitir-factura-electronica\/#primaryimage\"},\"thumbnailUrl\":\"https:\/\/finanedi.es\/blog\/contenido\/uploads\/2025\/10\/Que-sanciones-existen-por-no-emitir-factura-electronica.jpg\",\"datePublished\":\"2025-10-27T08:27:03+00:00\",\"dateModified\":\"2025-10-27T08:35:16+00:00\",\"description\":\"Evita multas por no emitir factura electr\u00f3nica. Conoce las sanciones y c\u00f3mo cumplir la ley f\u00e1cilmente con FinanEDI.\",\"breadcrumb\":{\"@id\":\"https:\/\/finanedi.es\/blog\/que-sanciones-existen-por-no-emitir-factura-electronica\/#breadcrumb\"},\"inLanguage\":\"es\",\"potentialAction\":[{\"@type\":\"ReadAction\",\"target\":[\"https:\/\/finanedi.es\/blog\/que-sanciones-existen-por-no-emitir-factura-electronica\/\"]}]},{\"@type\":\"ImageObject\",\"inLanguage\":\"es\",\"@id\":\"https:\/\/finanedi.es\/blog\/que-sanciones-existen-por-no-emitir-factura-electronica\/#primaryimage\",\"url\":\"https:\/\/finanedi.es\/blog\/contenido\/uploads\/2025\/10\/Que-sanciones-existen-por-no-emitir-factura-electronica.jpg\",\"contentUrl\":\"https:\/\/finanedi.es\/blog\/contenido\/uploads\/2025\/10\/Que-sanciones-existen-por-no-emitir-factura-electronica.jpg\",\"width\":2000,\"height\":1334,\"caption\":\"Qu\u00e9 sanciones existen por no emitir factura electr\u00f3nica\"},{\"@type\":\"BreadcrumbList\",\"@id\":\"https:\/\/finanedi.es\/blog\/que-sanciones-existen-por-no-emitir-factura-electronica\/#breadcrumb\",\"itemListElement\":[{\"@type\":\"ListItem\",\"position\":1,\"name\":\"Home\",\"item\":\"https:\/\/finanedi.es\/blog\/\"},{\"@type\":\"ListItem\",\"position\":2,\"name\":\"Qu\u00e9 sanciones existen por no emitir factura electr\u00f3nica\"}]},{\"@type\":\"WebSite\",\"@id\":\"https:\/\/finanedi.es\/blog\/#website\",\"url\":\"https:\/\/finanedi.es\/blog\/\",\"name\":\"Blog para pymes y aut\u00f3nomos - FinanEDI\",\"description\":\"Blog para aut\u00f3nomos y PYMES, sobre temas como facturaci\u00f3n, contabilidad, tecnolog\u00eda.\",\"publisher\":{\"@id\":\"https:\/\/finanedi.es\/blog\/#organization\"},\"potentialAction\":[{\"@type\":\"SearchAction\",\"target\":{\"@type\":\"EntryPoint\",\"urlTemplate\":\"https:\/\/finanedi.es\/blog\/?s={search_term_string}\"},\"query-input\":{\"@type\":\"PropertyValueSpecification\",\"valueRequired\":true,\"valueName\":\"search_term_string\"}}],\"inLanguage\":\"es\"},{\"@type\":\"Organization\",\"@id\":\"https:\/\/finanedi.es\/blog\/#organization\",\"name\":\"Blog para pymes y aut\u00f3nomos - FinanEDI\",\"url\":\"https:\/\/finanedi.es\/blog\/\",\"logo\":{\"@type\":\"ImageObject\",\"inLanguage\":\"es\",\"@id\":\"https:\/\/finanedi.es\/blog\/#\/schema\/logo\/image\/\",\"url\":\"https:\/\/finanedi.es\/blog\/contenido\/uploads\/2024\/02\/FinanEdiAzul1.svg\",\"contentUrl\":\"https:\/\/finanedi.es\/blog\/contenido\/uploads\/2024\/02\/FinanEdiAzul1.svg\",\"width\":142,\"height\":36,\"caption\":\"Blog para pymes y aut\u00f3nomos - FinanEDI\"},\"image\":{\"@id\":\"https:\/\/finanedi.es\/blog\/#\/schema\/logo\/image\/\"}},{\"@type\":\"Person\",\"@id\":\"https:\/\/finanedi.es\/blog\/#\/schema\/person\/233ed58195d34f36f74f13ba1030ebd8\",\"name\":\"restevez\",\"image\":{\"@type\":\"ImageObject\",\"inLanguage\":\"es\",\"@id\":\"https:\/\/finanedi.es\/blog\/#\/schema\/person\/image\/\",\"url\":\"https:\/\/secure.gravatar.com\/avatar\/6c4880db9746e4aa887a98e0ebf657788804dc4280120ef10331a2e6ebb4a9a0?s=96&d=mm&r=g\",\"contentUrl\":\"https:\/\/secure.gravatar.com\/avatar\/6c4880db9746e4aa887a98e0ebf657788804dc4280120ef10331a2e6ebb4a9a0?s=96&d=mm&r=g\",\"caption\":\"restevez\"},\"url\":\"https:\/\/finanedi.es\/blog\/author\/restevez\/\"}]}<\/script>\n<!-- \/ Yoast SEO plugin. -->","yoast_head_json":{"title":"Qu\u00e9 sanciones existen por no emitir factura electr\u00f3nica","description":"Evita multas por no emitir factura electr\u00f3nica. Conoce las sanciones y c\u00f3mo cumplir la ley f\u00e1cilmente con FinanEDI.","robots":{"index":"index","follow":"follow","max-snippet":"max-snippet:-1","max-image-preview":"max-image-preview:large","max-video-preview":"max-video-preview:-1"},"canonical":"https:\/\/finanedi.es\/blog\/que-sanciones-existen-por-no-emitir-factura-electronica\/","og_locale":"es_ES","og_type":"article","og_title":"Qu\u00e9 sanciones existen por no emitir factura electr\u00f3nica","og_description":"Evita multas por no emitir factura electr\u00f3nica. Conoce las sanciones y c\u00f3mo cumplir la ley f\u00e1cilmente con FinanEDI.","og_url":"https:\/\/finanedi.es\/blog\/que-sanciones-existen-por-no-emitir-factura-electronica\/","og_site_name":"Blog para pymes y aut\u00f3nomos - FinanEDI","article_published_time":"2025-10-27T08:27:03+00:00","article_modified_time":"2025-10-27T08:35:16+00:00","og_image":[{"width":2000,"height":1334,"url":"https:\/\/finanedi.es\/blog\/contenido\/uploads\/2025\/10\/Que-sanciones-existen-por-no-emitir-factura-electronica.jpg","type":"image\/jpeg"}],"author":"restevez","twitter_card":"summary_large_image","twitter_misc":{"Escrito por":"restevez","Tiempo de lectura":"7 minutos"},"schema":{"@context":"https:\/\/schema.org","@graph":[{"@type":"Article","@id":"https:\/\/finanedi.es\/blog\/que-sanciones-existen-por-no-emitir-factura-electronica\/#article","isPartOf":{"@id":"https:\/\/finanedi.es\/blog\/que-sanciones-existen-por-no-emitir-factura-electronica\/"},"author":{"name":"restevez","@id":"https:\/\/finanedi.es\/blog\/#\/schema\/person\/233ed58195d34f36f74f13ba1030ebd8"},"headline":"Qu\u00e9 sanciones existen por no emitir factura electr\u00f3nica","datePublished":"2025-10-27T08:27:03+00:00","dateModified":"2025-10-27T08:35:16+00:00","mainEntityOfPage":{"@id":"https:\/\/finanedi.es\/blog\/que-sanciones-existen-por-no-emitir-factura-electronica\/"},"wordCount":1149,"publisher":{"@id":"https:\/\/finanedi.es\/blog\/#organization"},"image":{"@id":"https:\/\/finanedi.es\/blog\/que-sanciones-existen-por-no-emitir-factura-electronica\/#primaryimage"},"thumbnailUrl":"https:\/\/finanedi.es\/blog\/contenido\/uploads\/2025\/10\/Que-sanciones-existen-por-no-emitir-factura-electronica.jpg","articleSection":["Facturaci\u00f3n"],"inLanguage":"es"},{"@type":"WebPage","@id":"https:\/\/finanedi.es\/blog\/que-sanciones-existen-por-no-emitir-factura-electronica\/","url":"https:\/\/finanedi.es\/blog\/que-sanciones-existen-por-no-emitir-factura-electronica\/","name":"Qu\u00e9 sanciones existen por no emitir factura electr\u00f3nica","isPartOf":{"@id":"https:\/\/finanedi.es\/blog\/#website"},"primaryImageOfPage":{"@id":"https:\/\/finanedi.es\/blog\/que-sanciones-existen-por-no-emitir-factura-electronica\/#primaryimage"},"image":{"@id":"https:\/\/finanedi.es\/blog\/que-sanciones-existen-por-no-emitir-factura-electronica\/#primaryimage"},"thumbnailUrl":"https:\/\/finanedi.es\/blog\/contenido\/uploads\/2025\/10\/Que-sanciones-existen-por-no-emitir-factura-electronica.jpg","datePublished":"2025-10-27T08:27:03+00:00","dateModified":"2025-10-27T08:35:16+00:00","description":"Evita multas por no emitir factura electr\u00f3nica. Conoce las sanciones y c\u00f3mo cumplir la ley f\u00e1cilmente con FinanEDI.","breadcrumb":{"@id":"https:\/\/finanedi.es\/blog\/que-sanciones-existen-por-no-emitir-factura-electronica\/#breadcrumb"},"inLanguage":"es","potentialAction":[{"@type":"ReadAction","target":["https:\/\/finanedi.es\/blog\/que-sanciones-existen-por-no-emitir-factura-electronica\/"]}]},{"@type":"ImageObject","inLanguage":"es","@id":"https:\/\/finanedi.es\/blog\/que-sanciones-existen-por-no-emitir-factura-electronica\/#primaryimage","url":"https:\/\/finanedi.es\/blog\/contenido\/uploads\/2025\/10\/Que-sanciones-existen-por-no-emitir-factura-electronica.jpg","contentUrl":"https:\/\/finanedi.es\/blog\/contenido\/uploads\/2025\/10\/Que-sanciones-existen-por-no-emitir-factura-electronica.jpg","width":2000,"height":1334,"caption":"Qu\u00e9 sanciones existen por no emitir factura electr\u00f3nica"},{"@type":"BreadcrumbList","@id":"https:\/\/finanedi.es\/blog\/que-sanciones-existen-por-no-emitir-factura-electronica\/#breadcrumb","itemListElement":[{"@type":"ListItem","position":1,"name":"Home","item":"https:\/\/finanedi.es\/blog\/"},{"@type":"ListItem","position":2,"name":"Qu\u00e9 sanciones existen por no emitir factura electr\u00f3nica"}]},{"@type":"WebSite","@id":"https:\/\/finanedi.es\/blog\/#website","url":"https:\/\/finanedi.es\/blog\/","name":"Blog para pymes y aut\u00f3nomos - FinanEDI","description":"Blog para aut\u00f3nomos y PYMES, sobre temas como facturaci\u00f3n, contabilidad, tecnolog\u00eda.","publisher":{"@id":"https:\/\/finanedi.es\/blog\/#organization"},"potentialAction":[{"@type":"SearchAction","target":{"@type":"EntryPoint","urlTemplate":"https:\/\/finanedi.es\/blog\/?s={search_term_string}"},"query-input":{"@type":"PropertyValueSpecification","valueRequired":true,"valueName":"search_term_string"}}],"inLanguage":"es"},{"@type":"Organization","@id":"https:\/\/finanedi.es\/blog\/#organization","name":"Blog para pymes y aut\u00f3nomos - FinanEDI","url":"https:\/\/finanedi.es\/blog\/","logo":{"@type":"ImageObject","inLanguage":"es","@id":"https:\/\/finanedi.es\/blog\/#\/schema\/logo\/image\/","url":"https:\/\/finanedi.es\/blog\/contenido\/uploads\/2024\/02\/FinanEdiAzul1.svg","contentUrl":"https:\/\/finanedi.es\/blog\/contenido\/uploads\/2024\/02\/FinanEdiAzul1.svg","width":142,"height":36,"caption":"Blog para pymes y aut\u00f3nomos - FinanEDI"},"image":{"@id":"https:\/\/finanedi.es\/blog\/#\/schema\/logo\/image\/"}},{"@type":"Person","@id":"https:\/\/finanedi.es\/blog\/#\/schema\/person\/233ed58195d34f36f74f13ba1030ebd8","name":"restevez","image":{"@type":"ImageObject","inLanguage":"es","@id":"https:\/\/finanedi.es\/blog\/#\/schema\/person\/image\/","url":"https:\/\/secure.gravatar.com\/avatar\/6c4880db9746e4aa887a98e0ebf657788804dc4280120ef10331a2e6ebb4a9a0?s=96&d=mm&r=g","contentUrl":"https:\/\/secure.gravatar.com\/avatar\/6c4880db9746e4aa887a98e0ebf657788804dc4280120ef10331a2e6ebb4a9a0?s=96&d=mm&r=g","caption":"restevez"},"url":"https:\/\/finanedi.es\/blog\/author\/restevez\/"}]}},"_links":{"self":[{"href":"https:\/\/finanedi.es\/blog\/wp-json\/wp\/v2\/posts\/11773","targetHints":{"allow":["GET"]}}],"collection":[{"href":"https:\/\/finanedi.es\/blog\/wp-json\/wp\/v2\/posts"}],"about":[{"href":"https:\/\/finanedi.es\/blog\/wp-json\/wp\/v2\/types\/post"}],"author":[{"embeddable":true,"href":"https:\/\/finanedi.es\/blog\/wp-json\/wp\/v2\/users\/3"}],"replies":[{"embeddable":true,"href":"https:\/\/finanedi.es\/blog\/wp-json\/wp\/v2\/comments?post=11773"}],"version-history":[{"count":4,"href":"https:\/\/finanedi.es\/blog\/wp-json\/wp\/v2\/posts\/11773\/revisions"}],"predecessor-version":[{"id":11778,"href":"https:\/\/finanedi.es\/blog\/wp-json\/wp\/v2\/posts\/11773\/revisions\/11778"}],"wp:featuredmedia":[{"embeddable":true,"href":"https:\/\/finanedi.es\/blog\/wp-json\/wp\/v2\/media\/11775"}],"wp:attachment":[{"href":"https:\/\/finanedi.es\/blog\/wp-json\/wp\/v2\/media?parent=11773"}],"wp:term":[{"taxonomy":"category","embeddable":true,"href":"https:\/\/finanedi.es\/blog\/wp-json\/wp\/v2\/categories?post=11773"},{"taxonomy":"post_tag","embeddable":true,"href":"https:\/\/finanedi.es\/blog\/wp-json\/wp\/v2\/tags?post=11773"}],"curies":[{"name":"wp","href":"https:\/\/api.w.org\/{rel}","templated":true}]}}