{"id":11779,"date":"2025-10-29T10:10:35","date_gmt":"2025-10-29T09:10:35","guid":{"rendered":"https:\/\/finanedi.es\/blog\/?p=11779"},"modified":"2025-10-29T10:21:53","modified_gmt":"2025-10-29T09:21:53","slug":"5-tips-para-estar-preparado-para-verifactu","status":"publish","type":"post","link":"https:\/\/finanedi.es\/blog\/5-tips-para-estar-preparado-para-verifactu\/","title":{"rendered":"5 tips para estar preparado para VeriFactu"},"content":{"rendered":"\t\t<div data-elementor-type=\"wp-post\" data-elementor-id=\"11779\" class=\"elementor elementor-11779\">\n\t\t\t\t<div class=\"elementor-element elementor-element-d04d6ee e-flex e-con-boxed e-con e-parent\" data-id=\"d04d6ee\" data-element_type=\"container\">\n\t\t\t\t\t<div class=\"e-con-inner\">\n\t\t\t\t<div class=\"elementor-element elementor-element-e0bb925 elementor-widget elementor-widget-text-editor\" data-id=\"e0bb925\" data-element_type=\"widget\" data-widget_type=\"text-editor.default\">\n\t\t\t\t<div class=\"elementor-widget-container\">\n\t\t\t\t\t\t\t\t\t<p data-start=\"279\" data-end=\"649\">La facturaci\u00f3n electr\u00f3nica est\u00e1 viviendo una transformaci\u00f3n decisiva con la llegada de <strong data-start=\"366\" data-end=\"379\">VeriFactu<\/strong>, el nuevo sistema de control de facturaci\u00f3n impulsado por la Agencia Tributaria. Su objetivo es garantizar la integridad, trazabilidad y veracidad de las facturas emitidas por aut\u00f3nomos y empresas, contribuyendo a reducir el fraude y a modernizar la gesti\u00f3n contable.<\/p><p data-start=\"651\" data-end=\"972\">Aunque su implantaci\u00f3n a\u00fan no es obligatoria para todos, <strong data-start=\"708\" data-end=\"764\">prepararse con antelaci\u00f3n puede marcar la diferencia<\/strong> entre una transici\u00f3n ordenada y un proceso lleno de complicaciones.<\/p>\t\t\t\t\t\t\t\t<\/div>\n\t\t\t\t<\/div>\n\t\t\t\t\t<\/div>\n\t\t\t\t<\/div>\n\t\t<div class=\"elementor-element elementor-element-cf3635a e-flex e-con-boxed e-con e-parent\" data-id=\"cf3635a\" data-element_type=\"container\">\n\t\t\t\t\t<div class=\"e-con-inner\">\n\t\t\t\t<div class=\"elementor-element elementor-element-564d8f8 elementor-widget elementor-widget-heading\" data-id=\"564d8f8\" data-element_type=\"widget\" data-widget_type=\"heading.default\">\n\t\t\t\t<div class=\"elementor-widget-container\">\n\t\t\t\t\t<h2 class=\"elementor-heading-title elementor-size-default\">\u00bfQu\u00e9 es VeriFactu?<\/h2>\t\t\t\t<\/div>\n\t\t\t\t<\/div>\n\t\t\t\t\t<\/div>\n\t\t\t\t<\/div>\n\t\t<div class=\"elementor-element elementor-element-0f43e0c e-flex e-con-boxed e-con e-parent\" data-id=\"0f43e0c\" data-element_type=\"container\">\n\t\t\t\t\t<div class=\"e-con-inner\">\n\t\t\t\t<div class=\"elementor-element elementor-element-ea6144d elementor-widget elementor-widget-text-editor\" data-id=\"ea6144d\" data-element_type=\"widget\" data-widget_type=\"text-editor.default\">\n\t\t\t\t<div class=\"elementor-widget-container\">\n\t\t\t\t\t\t\t\t\t<p data-start=\"1003\" data-end=\"1277\">VeriFactu es un sistema de facturaci\u00f3n electr\u00f3nica promovido por la <a href=\"https:\/\/sede.agenciatributaria.gob.es\/\" target=\"_blank\" rel=\"noopener\">Agencia Tributaria (AEAT)<\/a> que obliga a los programas de facturaci\u00f3n a generar registros de facturaci\u00f3n verificables y a enviarlos al sistema de la AEAT.<\/p><p data-start=\"1279\" data-end=\"1687\">En la pr\u00e1ctica, esto significa que cada factura emitida deber\u00e1 ir acompa\u00f1ada de un registro inform\u00e1tico con firma digital que garantice que los datos no han sido modificados. Adem\u00e1s, los programas certificados como \u201csistemas VeriFactu\u201d deber\u00e1n cumplir una serie de requisitos t\u00e9cnicos recogidos en el Reglamento de Certificaci\u00f3n de Software de Facturaci\u00f3n, aprobado por el <a href=\"https:\/\/www.boe.es\/buscar\/act.php?id=BOE-A-2023-24840\" target=\"_blank\" rel=\"noopener\">Real Decreto 1007\/2023<\/a>.<\/p><p data-start=\"1689\" data-end=\"1884\">Su implantaci\u00f3n afectar\u00e1 a aut\u00f3nomos, pymes y grandes empresas, y est\u00e1 pensada para que la Agencia Tributaria pueda recibir informaci\u00f3n casi en tiempo real sobre las operaciones facturadas.<\/p>\t\t\t\t\t\t\t\t<\/div>\n\t\t\t\t<\/div>\n\t\t\t\t\t<\/div>\n\t\t\t\t<\/div>\n\t\t<div class=\"elementor-element elementor-element-93626ab e-flex e-con-boxed e-con e-parent\" data-id=\"93626ab\" data-element_type=\"container\">\n\t\t\t\t\t<div class=\"e-con-inner\">\n\t\t\t\t<div class=\"elementor-element elementor-element-4ad22502 elementor-widget elementor-widget-text-editor\" data-id=\"4ad22502\" data-element_type=\"widget\" data-widget_type=\"text-editor.default\">\n\t\t\t\t<div class=\"elementor-widget-container\">\n\t\t\t\t\t\t\t\t\t<p><strong>\ud83d\udcc4 Art\u00edculo relacionado<\/strong>:\u00a0<a href=\"https:\/\/finanedi.es\/blog\/verifactu-el-nuevo-horizonte-de-la-facturacion-para-pymes-y-autonomos\/\" target=\"_blank\" rel=\"noopener\">Verifactu: El nuevo horizonte de la facturaci\u00f3n para pymes y aut\u00f3nomos<\/a><\/p>\t\t\t\t\t\t\t\t<\/div>\n\t\t\t\t<\/div>\n\t\t\t\t\t<\/div>\n\t\t\t\t<\/div>\n\t\t<div class=\"elementor-element elementor-element-5a16b69 e-flex e-con-boxed e-con e-parent\" data-id=\"5a16b69\" data-element_type=\"container\">\n\t\t\t\t\t<div class=\"e-con-inner\">\n\t\t\t\t<div class=\"elementor-element elementor-element-ed349f3 elementor-widget elementor-widget-spacer\" data-id=\"ed349f3\" data-element_type=\"widget\" data-widget_type=\"spacer.default\">\n\t\t\t\t<div class=\"elementor-widget-container\">\n\t\t\t\t\t\t\t<div class=\"elementor-spacer\">\n\t\t\t<div class=\"elementor-spacer-inner\"><\/div>\n\t\t<\/div>\n\t\t\t\t\t\t<\/div>\n\t\t\t\t<\/div>\n\t\t\t\t\t<\/div>\n\t\t\t\t<\/div>\n\t\t<div class=\"elementor-element elementor-element-21ace33 e-flex e-con-boxed e-con e-parent\" data-id=\"21ace33\" data-element_type=\"container\">\n\t\t\t\t\t<div class=\"e-con-inner\">\n\t\t\t\t<div class=\"elementor-element elementor-element-d005a1f elementor-widget elementor-widget-heading\" data-id=\"d005a1f\" data-element_type=\"widget\" data-widget_type=\"heading.default\">\n\t\t\t\t<div class=\"elementor-widget-container\">\n\t\t\t\t\t<h2 class=\"elementor-heading-title elementor-size-default\">1. Revisa si tu software de facturaci\u00f3n cumple los requisitos VeriFactu<\/h2>\t\t\t\t<\/div>\n\t\t\t\t<\/div>\n\t\t\t\t\t<\/div>\n\t\t\t\t<\/div>\n\t\t<div class=\"elementor-element elementor-element-d68951c e-flex e-con-boxed e-con e-parent\" data-id=\"d68951c\" data-element_type=\"container\">\n\t\t\t\t\t<div class=\"e-con-inner\">\n\t\t\t\t<div class=\"elementor-element elementor-element-3f23895 elementor-widget elementor-widget-text-editor\" data-id=\"3f23895\" data-element_type=\"widget\" data-widget_type=\"text-editor.default\">\n\t\t\t\t<div class=\"elementor-widget-container\">\n\t\t\t\t\t\t\t\t\t<p data-start=\"1967\" data-end=\"2171\">El primer paso para prepararte es verificar que tu programa de facturaci\u00f3n se ajusta al nuevo marco legal. No todos los softwares actuales cumplen los requisitos t\u00e9cnicos que establece la normativa.<\/p><p data-start=\"2173\" data-end=\"2235\">El sistema VeriFactu exige que el software sea capaz de:<\/p>\t\t\t\t\t\t\t\t<\/div>\n\t\t\t\t<\/div>\n\t\t\t\t\t<\/div>\n\t\t\t\t<\/div>\n\t\t<div class=\"elementor-element elementor-element-9cb9edc e-flex e-con-boxed e-con e-parent\" data-id=\"9cb9edc\" data-element_type=\"container\">\n\t\t\t\t\t<div class=\"e-con-inner\">\n\t\t\t\t<div class=\"elementor-element elementor-element-9b804cd elementor-widget elementor-widget-text-editor\" data-id=\"9b804cd\" data-element_type=\"widget\" data-widget_type=\"text-editor.default\">\n\t\t\t\t<div class=\"elementor-widget-container\">\n\t\t\t\t\t\t\t\t\t<ul><li data-start=\"2236\" data-end=\"2321\"><p data-start=\"2238\" data-end=\"2321\"><strong data-start=\"2238\" data-end=\"2277\">Generar un registro de cada factura<\/strong> con un identificador \u00fanico e inalterable.<\/p><\/li><li data-start=\"2322\" data-end=\"2400\"><p data-start=\"2324\" data-end=\"2400\"><strong data-start=\"2324\" data-end=\"2365\">Firmar electr\u00f3nicamente cada registro<\/strong> para garantizar su autenticidad.<\/p><\/li><li data-start=\"2401\" data-end=\"2603\"><p data-start=\"2403\" data-end=\"2603\"><strong data-start=\"2403\" data-end=\"2437\">Enviar los registros a la AEAT<\/strong> (en el caso de software VeriFactu propiamente dicho) o <strong data-start=\"2493\" data-end=\"2525\">almacenarlos de forma segura<\/strong> si se trata de un sistema que a\u00fan no remite la informaci\u00f3n autom\u00e1ticamente.<\/p><\/li><li data-start=\"2604\" data-end=\"2677\"><p data-start=\"2606\" data-end=\"2677\"><strong data-start=\"2606\" data-end=\"2649\">Evitar cualquier modificaci\u00f3n posterior<\/strong> de las facturas emitidas.<\/p><\/li><\/ul>\t\t\t\t\t\t\t\t<\/div>\n\t\t\t\t<\/div>\n\t\t\t\t\t<\/div>\n\t\t\t\t<\/div>\n\t\t<div class=\"elementor-element elementor-element-95ab4ac e-flex e-con-boxed e-con e-parent\" data-id=\"95ab4ac\" data-element_type=\"container\">\n\t\t\t\t\t<div class=\"e-con-inner\">\n\t\t\t\t<div class=\"elementor-element elementor-element-509fe7f elementor-widget elementor-widget-text-editor\" data-id=\"509fe7f\" data-element_type=\"widget\" data-widget_type=\"text-editor.default\">\n\t\t\t\t<div class=\"elementor-widget-container\">\n\t\t\t\t\t\t\t\t\t<p>Si tu <a href=\"https:\/\/finanedi.es\/blog\/que-hacer-si-tu-software-de-facturacion-no-es-compatible-con-verifactu\/\" target=\"_blank\" rel=\"noopener\">herramienta actual no cumple estos requisitos<\/a>, deber\u00e1s actualizarla o migrar a un software compatible con VeriFactu, como <a href=\"https:\/\/finanedi.es\/\" target=\"_blank\" rel=\"noopener\">FinanEDI<\/a>, que ya est\u00e1 adaptado a la nueva normativa y permite gestionar la facturaci\u00f3n electr\u00f3nica de forma sencilla y gratuita.<\/p>\t\t\t\t\t\t\t\t<\/div>\n\t\t\t\t<\/div>\n\t\t\t\t\t<\/div>\n\t\t\t\t<\/div>\n\t\t<div class=\"elementor-element elementor-element-779d9a93 e-flex e-con-boxed e-con e-parent\" data-id=\"779d9a93\" data-element_type=\"container\">\n\t\t\t\t\t<div class=\"e-con-inner\">\n\t\t\t\t<div class=\"elementor-element elementor-element-4883fc87 elementor-widget elementor-widget-text-editor\" data-id=\"4883fc87\" data-element_type=\"widget\" data-widget_type=\"text-editor.default\">\n\t\t\t\t<div class=\"elementor-widget-container\">\n\t\t\t\t\t\t\t\t\t<p><strong>\ud83d\udcc4 Art\u00edculo relacionado<\/strong>:\u00a0\u00a0<a href=\"https:\/\/finanedi.es\/blog\/programas-de-facturacion-compatibles-con-verifactu\/\" target=\"_blank\" rel=\"noopener\">Los 10 programas de facturaci\u00f3n compatibles con VeriFactu<\/a><\/p>\t\t\t\t\t\t\t\t<\/div>\n\t\t\t\t<\/div>\n\t\t\t\t\t<\/div>\n\t\t\t\t<\/div>\n\t\t<div class=\"elementor-element elementor-element-908870b e-flex e-con-boxed e-con e-parent\" data-id=\"908870b\" data-element_type=\"container\">\n\t\t\t\t\t<div class=\"e-con-inner\">\n\t\t\t\t<div class=\"elementor-element elementor-element-302f312 elementor-widget elementor-widget-spacer\" data-id=\"302f312\" data-element_type=\"widget\" data-widget_type=\"spacer.default\">\n\t\t\t\t<div class=\"elementor-widget-container\">\n\t\t\t\t\t\t\t<div class=\"elementor-spacer\">\n\t\t\t<div class=\"elementor-spacer-inner\"><\/div>\n\t\t<\/div>\n\t\t\t\t\t\t<\/div>\n\t\t\t\t<\/div>\n\t\t\t\t\t<\/div>\n\t\t\t\t<\/div>\n\t\t<div class=\"elementor-element elementor-element-4d63664 e-flex e-con-boxed e-con e-parent\" data-id=\"4d63664\" data-element_type=\"container\">\n\t\t\t\t\t<div class=\"e-con-inner\">\n\t\t\t\t<div class=\"elementor-element elementor-element-15143c3 elementor-widget elementor-widget-heading\" data-id=\"15143c3\" data-element_type=\"widget\" data-widget_type=\"heading.default\">\n\t\t\t\t<div class=\"elementor-widget-container\">\n\t\t\t\t\t<h2 class=\"elementor-heading-title elementor-size-default\">2. Digitaliza todos tus procesos de facturaci\u00f3n<\/h2>\t\t\t\t<\/div>\n\t\t\t\t<\/div>\n\t\t\t\t\t<\/div>\n\t\t\t\t<\/div>\n\t\t<div class=\"elementor-element elementor-element-d61b632 e-flex e-con-boxed e-con e-parent\" data-id=\"d61b632\" data-element_type=\"container\">\n\t\t\t\t\t<div class=\"e-con-inner\">\n\t\t\t\t<div class=\"elementor-element elementor-element-8595c10 elementor-widget elementor-widget-text-editor\" data-id=\"8595c10\" data-element_type=\"widget\" data-widget_type=\"text-editor.default\">\n\t\t\t\t<div class=\"elementor-widget-container\">\n\t\t\t\t\t\t\t\t\t<p data-start=\"3002\" data-end=\"3221\">VeriFactu no solo supone un cambio t\u00e9cnico, sino tambi\u00e9n una oportunidad para digitalizar por completo la gesti\u00f3n administrativa.<br data-start=\"3135\" data-end=\"3138\" \/>Aprovecha este proceso para revisar c\u00f3mo generas, env\u00edas y archivas tus facturas.<\/p><p data-start=\"3223\" data-end=\"3259\">Algunas recomendaciones pr\u00e1cticas:<\/p>\t\t\t\t\t\t\t\t<\/div>\n\t\t\t\t<\/div>\n\t\t\t\t\t<\/div>\n\t\t\t\t<\/div>\n\t\t<div class=\"elementor-element elementor-element-3e962ad e-flex e-con-boxed e-con e-parent\" data-id=\"3e962ad\" data-element_type=\"container\">\n\t\t\t\t\t<div class=\"e-con-inner\">\n\t\t\t\t<div class=\"elementor-element elementor-element-d3dd8e5 elementor-widget elementor-widget-text-editor\" data-id=\"d3dd8e5\" data-element_type=\"widget\" data-widget_type=\"text-editor.default\">\n\t\t\t\t<div class=\"elementor-widget-container\">\n\t\t\t\t\t\t\t\t\t<ul><li data-start=\"3260\" data-end=\"3354\"><p data-start=\"3262\" data-end=\"3354\"><strong data-start=\"3262\" data-end=\"3313\">Emite todas las facturas en formato electr\u00f3nico<\/strong>, incluso antes de que sea obligatorio.<\/p><\/li><li data-start=\"3355\" data-end=\"3501\"><p data-start=\"3357\" data-end=\"3501\"><strong data-start=\"3357\" data-end=\"3401\">Automatiza el env\u00edo y la contabilizaci\u00f3n<\/strong>, integrando la facturaci\u00f3n con tus sistemas contables o con un programa de gesti\u00f3n como <a href=\"https:\/\/finanedi.es\/\" target=\"_blank\" rel=\"noopener\">FinanEDI<\/a>.<\/p><\/li><li data-start=\"3502\" data-end=\"3635\"><p data-start=\"3504\" data-end=\"3635\"><strong data-start=\"3504\" data-end=\"3524\">Elimina el papel<\/strong>: la normativa de VeriFactu busca precisamente que todos los procesos sean digitales, auditables y trazables.<\/p><\/li><\/ul>\t\t\t\t\t\t\t\t<\/div>\n\t\t\t\t<\/div>\n\t\t\t\t\t<\/div>\n\t\t\t\t<\/div>\n\t\t<div class=\"elementor-element elementor-element-b0b6b34 e-flex e-con-boxed e-con e-parent\" data-id=\"b0b6b34\" data-element_type=\"container\">\n\t\t\t\t\t<div class=\"e-con-inner\">\n\t\t\t\t<div class=\"elementor-element elementor-element-350cfd6 elementor-widget elementor-widget-text-editor\" data-id=\"350cfd6\" data-element_type=\"widget\" data-widget_type=\"text-editor.default\">\n\t\t\t\t<div class=\"elementor-widget-container\">\n\t\t\t\t\t\t\t\t\t<p>Digitalizar no solo te ayudar\u00e1 a cumplir la ley, sino que ahorrar\u00e1s tiempo, evitar\u00e1s errores y tendr\u00e1s un mayor control financiero de tu negocio.<\/p>\t\t\t\t\t\t\t\t<\/div>\n\t\t\t\t<\/div>\n\t\t\t\t\t<\/div>\n\t\t\t\t<\/div>\n\t\t<div class=\"elementor-element elementor-element-a8b7aa5 e-flex e-con-boxed e-con e-parent\" data-id=\"a8b7aa5\" data-element_type=\"container\">\n\t\t\t\t\t<div class=\"e-con-inner\">\n\t\t\t\t<div class=\"elementor-element elementor-element-cac9ce4 elementor-widget elementor-widget-spacer\" data-id=\"cac9ce4\" data-element_type=\"widget\" data-widget_type=\"spacer.default\">\n\t\t\t\t<div class=\"elementor-widget-container\">\n\t\t\t\t\t\t\t<div class=\"elementor-spacer\">\n\t\t\t<div class=\"elementor-spacer-inner\"><\/div>\n\t\t<\/div>\n\t\t\t\t\t\t<\/div>\n\t\t\t\t<\/div>\n\t\t\t\t\t<\/div>\n\t\t\t\t<\/div>\n\t\t<div class=\"elementor-element elementor-element-3c577a7 e-flex e-con-boxed e-con e-parent\" data-id=\"3c577a7\" data-element_type=\"container\">\n\t\t\t\t\t<div class=\"e-con-inner\">\n\t\t\t\t<div class=\"elementor-element elementor-element-e09cee7 elementor-widget elementor-widget-heading\" data-id=\"e09cee7\" data-element_type=\"widget\" data-widget_type=\"heading.default\">\n\t\t\t\t<div class=\"elementor-widget-container\">\n\t\t\t\t\t<h2 class=\"elementor-heading-title elementor-size-default\">3. Mant\u00e9n actualizados tus datos fiscales y los de tus clientes<\/h2>\t\t\t\t<\/div>\n\t\t\t\t<\/div>\n\t\t\t\t\t<\/div>\n\t\t\t\t<\/div>\n\t\t<div class=\"elementor-element elementor-element-cf0840e e-flex e-con-boxed e-con e-parent\" data-id=\"cf0840e\" data-element_type=\"container\">\n\t\t\t\t\t<div class=\"e-con-inner\">\n\t\t\t\t<div class=\"elementor-element elementor-element-4f1c8b7 elementor-widget elementor-widget-text-editor\" data-id=\"4f1c8b7\" data-element_type=\"widget\" data-widget_type=\"text-editor.default\">\n\t\t\t\t<div class=\"elementor-widget-container\">\n\t\t\t\t\t\t\t\t\t<p data-start=\"3861\" data-end=\"4158\">Uno de los aspectos m\u00e1s importantes en la implantaci\u00f3n de VeriFactu ser\u00e1 la calidad de los datos.<br data-start=\"3962\" data-end=\"3965\" \/>El sistema verificar\u00e1 la informaci\u00f3n que figura en las facturas, por lo que errores en los NIF, direcciones o tipos de IVA pueden derivar en problemas con Hacienda o incluso en sanciones.<\/p><p data-start=\"4160\" data-end=\"4195\">Antes de la llegada de VeriFactu:<\/p>\t\t\t\t\t\t\t\t<\/div>\n\t\t\t\t<\/div>\n\t\t\t\t\t<\/div>\n\t\t\t\t<\/div>\n\t\t<div class=\"elementor-element elementor-element-af63e7b e-flex e-con-boxed e-con e-parent\" data-id=\"af63e7b\" data-element_type=\"container\">\n\t\t\t\t\t<div class=\"e-con-inner\">\n\t\t\t\t<div class=\"elementor-element elementor-element-18c21ce elementor-widget elementor-widget-text-editor\" data-id=\"18c21ce\" data-element_type=\"widget\" data-widget_type=\"text-editor.default\">\n\t\t\t\t<div class=\"elementor-widget-container\">\n\t\t\t\t\t\t\t\t\t<ul><li data-start=\"4196\" data-end=\"4279\"><p data-start=\"4198\" data-end=\"4279\"><strong data-start=\"4198\" data-end=\"4227\">Revisa tus datos fiscales<\/strong> (raz\u00f3n social, NIF, domicilio, ep\u00edgrafe del IAE).<\/p><\/li><li data-start=\"4280\" data-end=\"4403\"><p data-start=\"4282\" data-end=\"4403\"><strong data-start=\"4282\" data-end=\"4329\">Actualiza tu base de clientes y proveedores<\/strong>, asegur\u00e1ndote de que toda la informaci\u00f3n est\u00e9 correctamente registrada.<\/p><\/li><li data-start=\"4404\" data-end=\"4480\"><p data-start=\"4406\" data-end=\"4480\"><strong data-start=\"4406\" data-end=\"4460\">Verifica los tipos de IVA y retenciones aplicables<\/strong> a cada operaci\u00f3n.<\/p><\/li><\/ul>\t\t\t\t\t\t\t\t<\/div>\n\t\t\t\t<\/div>\n\t\t\t\t\t<\/div>\n\t\t\t\t<\/div>\n\t\t<div class=\"elementor-element elementor-element-b5d9b2d e-flex e-con-boxed e-con e-parent\" data-id=\"b5d9b2d\" data-element_type=\"container\">\n\t\t\t\t\t<div class=\"e-con-inner\">\n\t\t\t\t<div class=\"elementor-element elementor-element-2c41235 elementor-widget elementor-widget-text-editor\" data-id=\"2c41235\" data-element_type=\"widget\" data-widget_type=\"text-editor.default\">\n\t\t\t\t<div class=\"elementor-widget-container\">\n\t\t\t\t\t\t\t\t\t<p>Una buena pr\u00e1ctica es configurar plantillas de facturaci\u00f3n autom\u00e1ticas en tu programa, con los datos correctos de cada cliente, para evitar errores humanos en la emisi\u00f3n.<\/p>\t\t\t\t\t\t\t\t<\/div>\n\t\t\t\t<\/div>\n\t\t\t\t\t<\/div>\n\t\t\t\t<\/div>\n\t\t<div class=\"elementor-element elementor-element-0aeb182 e-flex e-con-boxed e-con e-parent\" data-id=\"0aeb182\" data-element_type=\"container\">\n\t\t\t\t\t<div class=\"e-con-inner\">\n\t\t\t\t<div class=\"elementor-element elementor-element-5d718d8 elementor-widget elementor-widget-heading\" data-id=\"5d718d8\" data-element_type=\"widget\" data-widget_type=\"heading.default\">\n\t\t\t\t<div class=\"elementor-widget-container\">\n\t\t\t\t\t<h2 class=\"elementor-heading-title elementor-size-default\">4. Forma a tu equipo o familiar\u00edzate con el nuevo sistema<\/h2>\t\t\t\t<\/div>\n\t\t\t\t<\/div>\n\t\t\t\t\t<\/div>\n\t\t\t\t<\/div>\n\t\t<div class=\"elementor-element elementor-element-957a7a5 e-flex e-con-boxed e-con e-parent\" data-id=\"957a7a5\" data-element_type=\"container\">\n\t\t\t\t\t<div class=\"e-con-inner\">\n\t\t\t\t<div class=\"elementor-element elementor-element-a20d2b0 elementor-widget elementor-widget-text-editor\" data-id=\"a20d2b0\" data-element_type=\"widget\" data-widget_type=\"text-editor.default\">\n\t\t\t\t<div class=\"elementor-widget-container\">\n\t\t\t\t\t\t\t\t\t<p data-start=\"4725\" data-end=\"4972\">Aunque VeriFactu ser\u00e1 un cambio principalmente tecnol\u00f3gico, tambi\u00e9n exigir\u00e1 adaptaci\u00f3n por parte de las personas que gestionan la facturaci\u00f3n.<br data-start=\"4871\" data-end=\"4874\" \/>Por eso, es clave formar a tu equipo administrativo o contable en los nuevos procedimientos.<\/p><p data-start=\"4974\" data-end=\"5006\">Algunas acciones recomendadas:<\/p>\t\t\t\t\t\t\t\t<\/div>\n\t\t\t\t<\/div>\n\t\t\t\t\t<\/div>\n\t\t\t\t<\/div>\n\t\t<div class=\"elementor-element elementor-element-8a945f3 e-flex e-con-boxed e-con e-parent\" data-id=\"8a945f3\" data-element_type=\"container\">\n\t\t\t\t\t<div class=\"e-con-inner\">\n\t\t\t\t<div class=\"elementor-element elementor-element-b304873 elementor-widget elementor-widget-text-editor\" data-id=\"b304873\" data-element_type=\"widget\" data-widget_type=\"text-editor.default\">\n\t\t\t\t<div class=\"elementor-widget-container\">\n\t\t\t\t\t\t\t\t\t<ul><li data-start=\"5007\" data-end=\"5086\"><p data-start=\"5009\" data-end=\"5086\">Participa en webinars o formaciones sobre la implantaci\u00f3n de VeriFactu.<\/p><\/li><li data-start=\"5087\" data-end=\"5195\"><p data-start=\"5089\" data-end=\"5195\">Consulta las gu\u00edas publicadas por la Agencia Tributaria para entender c\u00f3mo se generan los registros.<\/p><\/li><li data-start=\"5196\" data-end=\"5283\"><p data-start=\"5198\" data-end=\"5283\">Si trabajas con asesores externos, aseg\u00farate de que ellos tambi\u00e9n est\u00e9n preparados.<\/p><\/li><li data-start=\"5284\" data-end=\"5426\"><p data-start=\"5286\" data-end=\"5426\">Familiar\u00edzate con el entorno del software VeriFactu que vayas a utilizar, probando sus funciones antes de la entrada en vigor obligatoria.<\/p><\/li><\/ul>\t\t\t\t\t\t\t\t<\/div>\n\t\t\t\t<\/div>\n\t\t\t\t\t<\/div>\n\t\t\t\t<\/div>\n\t\t<div class=\"elementor-element elementor-element-c3b0dfa e-flex e-con-boxed e-con e-parent\" data-id=\"c3b0dfa\" data-element_type=\"container\">\n\t\t\t\t\t<div class=\"e-con-inner\">\n\t\t\t\t<div class=\"elementor-element elementor-element-2032be5 elementor-widget elementor-widget-text-editor\" data-id=\"2032be5\" data-element_type=\"widget\" data-widget_type=\"text-editor.default\">\n\t\t\t\t<div class=\"elementor-widget-container\">\n\t\t\t\t\t\t\t\t\t<p>Una transici\u00f3n ordenada reduce el riesgo de errores y evita posibles sanciones. Cuanto m\u00e1s conozcas el sistema, m\u00e1s f\u00e1cil ser\u00e1 incorporarlo en tu d\u00eda a d\u00eda.<\/p>\t\t\t\t\t\t\t\t<\/div>\n\t\t\t\t<\/div>\n\t\t\t\t\t<\/div>\n\t\t\t\t<\/div>\n\t\t<div class=\"elementor-element elementor-element-c2e2b00 e-flex e-con-boxed e-con e-parent\" data-id=\"c2e2b00\" data-element_type=\"container\">\n\t\t\t\t\t<div class=\"e-con-inner\">\n\t\t\t\t<div class=\"elementor-element elementor-element-cbc37bd elementor-widget elementor-widget-spacer\" data-id=\"cbc37bd\" data-element_type=\"widget\" data-widget_type=\"spacer.default\">\n\t\t\t\t<div class=\"elementor-widget-container\">\n\t\t\t\t\t\t\t<div class=\"elementor-spacer\">\n\t\t\t<div class=\"elementor-spacer-inner\"><\/div>\n\t\t<\/div>\n\t\t\t\t\t\t<\/div>\n\t\t\t\t<\/div>\n\t\t\t\t\t<\/div>\n\t\t\t\t<\/div>\n\t\t<div class=\"elementor-element elementor-element-b5d574b e-flex e-con-boxed e-con e-parent\" data-id=\"b5d574b\" data-element_type=\"container\">\n\t\t\t\t\t<div class=\"e-con-inner\">\n\t\t\t\t<div class=\"elementor-element elementor-element-d54f6d3 elementor-widget elementor-widget-heading\" data-id=\"d54f6d3\" data-element_type=\"widget\" data-widget_type=\"heading.default\">\n\t\t\t\t<div class=\"elementor-widget-container\">\n\t\t\t\t\t<h2 class=\"elementor-heading-title elementor-size-default\">5. Aprovecha la transici\u00f3n para mejorar tu control financiero<\/h2>\t\t\t\t<\/div>\n\t\t\t\t<\/div>\n\t\t\t\t\t<\/div>\n\t\t\t\t<\/div>\n\t\t<div class=\"elementor-element elementor-element-30c0e83 e-flex e-con-boxed e-con e-parent\" data-id=\"30c0e83\" data-element_type=\"container\">\n\t\t\t\t\t<div class=\"e-con-inner\">\n\t\t\t\t<div class=\"elementor-element elementor-element-2215abf elementor-widget elementor-widget-text-editor\" data-id=\"2215abf\" data-element_type=\"widget\" data-widget_type=\"text-editor.default\">\n\t\t\t\t<div class=\"elementor-widget-container\">\n\t\t\t\t\t\t\t\t\t<p data-start=\"5661\" data-end=\"5931\">VeriFactu no solo cambia la forma en que se emiten las facturas: puede ser el impulso que tu empresa necesitaba para mejorar su gesti\u00f3n financiera.<br data-start=\"5812\" data-end=\"5815\" \/>Al centralizar y automatizar los procesos, tendr\u00e1s una visi\u00f3n m\u00e1s clara de la liquidez, los cobros y los gastos.<\/p><p data-start=\"5933\" data-end=\"5986\">Usar un programa adaptado a VeriFactu te permitir\u00e1:<\/p>\t\t\t\t\t\t\t\t<\/div>\n\t\t\t\t<\/div>\n\t\t\t\t\t<\/div>\n\t\t\t\t<\/div>\n\t\t<div class=\"elementor-element elementor-element-703bdb7 e-flex e-con-boxed e-con e-parent\" data-id=\"703bdb7\" data-element_type=\"container\">\n\t\t\t\t\t<div class=\"e-con-inner\">\n\t\t\t\t<div class=\"elementor-element elementor-element-668d38c elementor-widget elementor-widget-text-editor\" data-id=\"668d38c\" data-element_type=\"widget\" data-widget_type=\"text-editor.default\">\n\t\t\t\t<div class=\"elementor-widget-container\">\n\t\t\t\t\t\t\t\t\t<ul><li data-start=\"5987\" data-end=\"6064\"><p data-start=\"5989\" data-end=\"6064\"><strong data-start=\"5989\" data-end=\"6062\">Controlar en tiempo real las facturas emitidas y pendientes de cobro.<\/strong><\/p><\/li><li data-start=\"6065\" data-end=\"6142\"><p data-start=\"6067\" data-end=\"6142\"><strong data-start=\"6067\" data-end=\"6096\">Reducir errores contables<\/strong> al integrar autom\u00e1ticamente la informaci\u00f3n.<\/p><\/li><li data-start=\"6143\" data-end=\"6239\"><p data-start=\"6145\" data-end=\"6239\"><strong data-start=\"6145\" data-end=\"6184\">Mejorar la planificaci\u00f3n financiera<\/strong>, ya que dispondr\u00e1s de datos precisos y actualizados.<\/p><\/li><\/ul>\t\t\t\t\t\t\t\t<\/div>\n\t\t\t\t<\/div>\n\t\t\t\t\t<\/div>\n\t\t\t\t<\/div>\n\t\t<div class=\"elementor-element elementor-element-570fb08 e-flex e-con-boxed e-con e-parent\" data-id=\"570fb08\" data-element_type=\"container\">\n\t\t\t\t\t<div class=\"e-con-inner\">\n\t\t\t\t<div class=\"elementor-element elementor-element-b3ff193 elementor-widget elementor-widget-text-editor\" data-id=\"b3ff193\" data-element_type=\"widget\" data-widget_type=\"text-editor.default\">\n\t\t\t\t<div class=\"elementor-widget-container\">\n\t\t\t\t\t\t\t\t\t<p>En el caso de<a href=\"https:\/\/finanedi.es\/\"> FinanEDI<\/a>, adem\u00e1s, puedes combinar la facturaci\u00f3n electr\u00f3nica con herramientas de contabilidad, conciliaci\u00f3n y financiaci\u00f3n empresarial, todo en un mismo entorno.<\/p>\t\t\t\t\t\t\t\t<\/div>\n\t\t\t\t<\/div>\n\t\t\t\t\t<\/div>\n\t\t\t\t<\/div>\n\t\t<div class=\"elementor-element elementor-element-40d776f e-flex e-con-boxed e-con e-parent\" data-id=\"40d776f\" data-element_type=\"container\">\n\t\t\t\t\t<div class=\"e-con-inner\">\n\t\t\t\t<div class=\"elementor-element elementor-element-35b38f3 elementor-widget elementor-widget-spacer\" data-id=\"35b38f3\" data-element_type=\"widget\" data-widget_type=\"spacer.default\">\n\t\t\t\t<div class=\"elementor-widget-container\">\n\t\t\t\t\t\t\t<div class=\"elementor-spacer\">\n\t\t\t<div class=\"elementor-spacer-inner\"><\/div>\n\t\t<\/div>\n\t\t\t\t\t\t<\/div>\n\t\t\t\t<\/div>\n\t\t\t\t\t<\/div>\n\t\t\t\t<\/div>\n\t\t<div class=\"elementor-element elementor-element-c668a61 e-flex e-con-boxed e-con e-parent\" data-id=\"c668a61\" data-element_type=\"container\">\n\t\t\t\t\t<div class=\"e-con-inner\">\n\t\t\t\t<div class=\"elementor-element elementor-element-959e55a elementor-widget elementor-widget-heading\" data-id=\"959e55a\" data-element_type=\"widget\" data-widget_type=\"heading.default\">\n\t\t\t\t<div class=\"elementor-widget-container\">\n\t\t\t\t\t<h2 class=\"elementor-heading-title elementor-size-default\">\u00bfCu\u00e1ndo ser\u00e1 obligatorio VeriFactu?<\/h2>\t\t\t\t<\/div>\n\t\t\t\t<\/div>\n\t\t\t\t\t<\/div>\n\t\t\t\t<\/div>\n\t\t<div class=\"elementor-element elementor-element-4cdadc1 e-flex e-con-boxed e-con e-parent\" data-id=\"4cdadc1\" data-element_type=\"container\">\n\t\t\t\t\t<div class=\"e-con-inner\">\n\t\t\t\t<div class=\"elementor-element elementor-element-7a0db4c elementor-widget elementor-widget-text-editor\" data-id=\"7a0db4c\" data-element_type=\"widget\" data-widget_type=\"text-editor.default\">\n\t\t\t\t<div class=\"elementor-widget-container\">\n\t\t\t\t\t\t\t\t\t<p data-start=\"6474\" data-end=\"6698\">El calendario de implantaci\u00f3n a\u00fan est\u00e1 en desarrollo, pero se espera que el sistema VeriFactu sea obligatorio a partir de 2025 para determinados sectores y que en 2026 se extienda a la mayor\u00eda de pymes y aut\u00f3nomos.<\/p><p data-start=\"6700\" data-end=\"6851\">Prepararse con tiempo te permitir\u00e1 evitar prisas, adaptar tus sistemas de forma gradual y garantizar el cumplimiento normativo desde el primer d\u00eda.<\/p>\t\t\t\t\t\t\t\t<\/div>\n\t\t\t\t<\/div>\n\t\t\t\t\t<\/div>\n\t\t\t\t<\/div>\n\t\t<div class=\"elementor-element elementor-element-2f30a3f e-flex e-con-boxed e-con e-parent\" data-id=\"2f30a3f\" data-element_type=\"container\">\n\t\t\t\t\t<div class=\"e-con-inner\">\n\t\t\t\t<div class=\"elementor-element elementor-element-d84d7cc elementor-widget elementor-widget-spacer\" data-id=\"d84d7cc\" data-element_type=\"widget\" data-widget_type=\"spacer.default\">\n\t\t\t\t<div class=\"elementor-widget-container\">\n\t\t\t\t\t\t\t<div class=\"elementor-spacer\">\n\t\t\t<div class=\"elementor-spacer-inner\"><\/div>\n\t\t<\/div>\n\t\t\t\t\t\t<\/div>\n\t\t\t\t<\/div>\n\t\t\t\t\t<\/div>\n\t\t\t\t<\/div>\n\t\t<div class=\"elementor-element elementor-element-4086037e e-flex e-con-boxed e-con e-parent\" data-id=\"4086037e\" data-element_type=\"container\" data-settings=\"{&quot;background_background&quot;:&quot;classic&quot;}\">\n\t\t\t\t\t<div class=\"e-con-inner\">\n\t\t<div class=\"elementor-element elementor-element-4056f2fe e-con-full e-flex e-con e-child\" data-id=\"4056f2fe\" data-element_type=\"container\">\n\t\t<div class=\"elementor-element elementor-element-7ddd37b4 e-flex e-con-boxed e-con e-child\" data-id=\"7ddd37b4\" data-element_type=\"container\">\n\t\t\t\t\t<div class=\"e-con-inner\">\n\t\t\t\t<div class=\"elementor-element elementor-element-21fca424 elementor-widget elementor-widget-heading\" data-id=\"21fca424\" data-element_type=\"widget\" data-widget_type=\"heading.default\">\n\t\t\t\t<div class=\"elementor-widget-container\">\n\t\t\t\t\t<h3 class=\"elementor-heading-title elementor-size-default\">Herramientas para impulsar<br>tu negocio<\/h3>\t\t\t\t<\/div>\n\t\t\t\t<\/div>\n\t\t\t\t<div class=\"elementor-element elementor-element-7518f514 elementor-widget elementor-widget-text-editor\" data-id=\"7518f514\" data-element_type=\"widget\" data-widget_type=\"text-editor.default\">\n\t\t\t\t<div class=\"elementor-widget-container\">\n\t\t\t\t\t\t\t\t\t<p>FinanEDI es la soluci\u00f3n en la nube gratuita que permite automatizar y optimizar los procesos financieros, contables y administrativos de tu negocio.<\/p>\t\t\t\t\t\t\t\t<\/div>\n\t\t\t\t<\/div>\n\t\t\t\t<div class=\"elementor-element elementor-element-5d4099b8 elementor-widget elementor-widget-button\" data-id=\"5d4099b8\" data-element_type=\"widget\" data-widget_type=\"button.default\">\n\t\t\t\t<div class=\"elementor-widget-container\">\n\t\t\t\t\t\t\t\t\t<div class=\"elementor-button-wrapper\">\n\t\t\t\t\t<a class=\"elementor-button elementor-button-link elementor-size-md\" href=\"https:\/\/finanedi.es\/\" target=\"_blank\">\n\t\t\t\t\t\t<span class=\"elementor-button-content-wrapper\">\n\t\t\t\t\t\t\t\t\t<span class=\"elementor-button-text\">Crear cuenta gratis<\/span>\n\t\t\t\t\t<\/span>\n\t\t\t\t\t<\/a>\n\t\t\t\t<\/div>\n\t\t\t\t\t\t\t\t<\/div>\n\t\t\t\t<\/div>\n\t\t\t\t\t<\/div>\n\t\t\t\t<\/div>\n\t\t\t\t<\/div>\n\t\t<div class=\"elementor-element elementor-element-6352cb35 e-con-full e-flex e-con e-child\" data-id=\"6352cb35\" data-element_type=\"container\">\n\t\t\t\t<div class=\"elementor-element elementor-element-47562e92 elementor-widget elementor-widget-image\" data-id=\"47562e92\" data-element_type=\"widget\" data-widget_type=\"image.default\">\n\t\t\t\t<div class=\"elementor-widget-container\">\n\t\t\t\t\t\t\t\t\t\t\t\t\t\t\t<img fetchpriority=\"high\" decoding=\"async\" width=\"300\" height=\"233\" src=\"https:\/\/finanedi.es\/blog\/contenido\/uploads\/2024\/09\/Dashborad_00115-300x233.png\" class=\"attachment-medium size-medium wp-image-5370\" alt=\"Herramientas para impulsar tu negocio - FinanEDI\" srcset=\"https:\/\/finanedi.es\/blog\/contenido\/uploads\/2024\/09\/Dashborad_00115-300x233.png 300w, https:\/\/finanedi.es\/blog\/contenido\/uploads\/2024\/09\/Dashborad_00115-768x597.png 768w, https:\/\/finanedi.es\/blog\/contenido\/uploads\/2024\/09\/Dashborad_00115.png 900w\" sizes=\"(max-width: 300px) 100vw, 300px\" \/>\t\t\t\t\t\t\t\t\t\t\t\t\t\t\t<\/div>\n\t\t\t\t<\/div>\n\t\t\t\t<\/div>\n\t\t\t\t\t<\/div>\n\t\t\t\t<\/div>\n\t\t<div class=\"elementor-element elementor-element-8a1ebd1 e-flex e-con-boxed e-con e-parent\" data-id=\"8a1ebd1\" data-element_type=\"container\">\n\t\t\t\t\t<div class=\"e-con-inner\">\n\t\t\t\t<div class=\"elementor-element elementor-element-b5a0be2 elementor-widget elementor-widget-spacer\" data-id=\"b5a0be2\" data-element_type=\"widget\" data-widget_type=\"spacer.default\">\n\t\t\t\t<div class=\"elementor-widget-container\">\n\t\t\t\t\t\t\t<div class=\"elementor-spacer\">\n\t\t\t<div class=\"elementor-spacer-inner\"><\/div>\n\t\t<\/div>\n\t\t\t\t\t\t<\/div>\n\t\t\t\t<\/div>\n\t\t\t\t\t<\/div>\n\t\t\t\t<\/div>\n\t\t<div class=\"elementor-element elementor-element-7a6ca6a e-flex e-con-boxed e-con e-parent\" data-id=\"7a6ca6a\" data-element_type=\"container\">\n\t\t\t\t\t<div class=\"e-con-inner\">\n\t\t\t\t<div class=\"elementor-element elementor-element-15bfc94 elementor-widget elementor-widget-text-editor\" data-id=\"15bfc94\" data-element_type=\"widget\" data-widget_type=\"text-editor.default\">\n\t\t\t\t<div class=\"elementor-widget-container\">\n\t\t\t\t\t\t\t\t\t<p data-start=\"6873\" data-end=\"7126\">La llegada de VeriFactu marca un antes y un despu\u00e9s en la relaci\u00f3n entre empresas, aut\u00f3nomos y la Agencia Tributaria. M\u00e1s que una obligaci\u00f3n, es una oportunidad para modernizar la gesti\u00f3n de tu negocio, ganar eficiencia y reducir riesgos fiscales.<\/p><p data-start=\"7128\" data-end=\"7371\">Si sigues estos cinco consejos \u2014verificar tu software, digitalizar procesos, mantener datos actualizados, formarte y aprovechar la transici\u00f3n para optimizar tu gesti\u00f3n\u2014 estar\u00e1s completamente preparado para afrontar este cambio con \u00e9xito.<\/p>\t\t\t\t\t\t\t\t<\/div>\n\t\t\t\t<\/div>\n\t\t\t\t\t<\/div>\n\t\t\t\t<\/div>\n\t\t<div class=\"elementor-element elementor-element-4956de9b e-flex e-con-boxed e-con e-parent\" data-id=\"4956de9b\" data-element_type=\"container\">\n\t\t\t\t\t<div class=\"e-con-inner\">\n\t\t<div class=\"elementor-element elementor-element-16eb8d50 e-flex e-con-boxed e-con e-child\" data-id=\"16eb8d50\" data-element_type=\"container\">\n\t\t\t\t\t<div class=\"e-con-inner\">\n\t\t\t\t<div class=\"elementor-element elementor-element-4e4e2b9c elementor-widget elementor-widget-heading\" data-id=\"4e4e2b9c\" data-element_type=\"widget\" data-widget_type=\"heading.default\">\n\t\t\t\t<div class=\"elementor-widget-container\">\n\t\t\t\t\t<h3 class=\"elementor-heading-title elementor-size-default\">Preguntas frecuentes sobre VeriFactu<\/h3>\t\t\t\t<\/div>\n\t\t\t\t<\/div>\n\t\t\t\t\t<\/div>\n\t\t\t\t<\/div>\n\t\t<div class=\"elementor-element elementor-element-5e8ab50 e-flex e-con-boxed e-con e-child\" data-id=\"5e8ab50\" data-element_type=\"container\">\n\t\t\t\t\t<div class=\"e-con-inner\">\n\t\t\t\t<div class=\"elementor-element elementor-element-6f9161d9 elementor-widget elementor-widget-heading\" data-id=\"6f9161d9\" data-element_type=\"widget\" data-widget_type=\"heading.default\">\n\t\t\t\t<div class=\"elementor-widget-container\">\n\t\t\t\t\t<h4 class=\"elementor-heading-title elementor-size-default\">\u00bfQu\u00e9 significa que un software sea compatible con VeriFactu?<\/h4>\t\t\t\t<\/div>\n\t\t\t\t<\/div>\n\t\t\t\t<div class=\"elementor-element elementor-element-6fb8786a elementor-widget elementor-widget-text-editor\" data-id=\"6fb8786a\" data-element_type=\"widget\" data-widget_type=\"text-editor.default\">\n\t\t\t\t<div class=\"elementor-widget-container\">\n\t\t\t\t\t\t\t\t\t<p>Un software compatible con VeriFactu es aquel que cumple los requisitos t\u00e9cnicos establecidos por la Agencia Tributaria para generar, firmar y enviar registros de facturaci\u00f3n. Esto garantiza que las facturas sean \u00edntegras, verificables y no modificables. Programas como FinanEDI ya est\u00e1n adaptados para cumplir con esta normativa.<\/p>\t\t\t\t\t\t\t\t<\/div>\n\t\t\t\t<\/div>\n\t\t\t\t\t<\/div>\n\t\t\t\t<\/div>\n\t\t<div class=\"elementor-element elementor-element-2ea609f4 e-flex e-con-boxed e-con e-child\" data-id=\"2ea609f4\" data-element_type=\"container\">\n\t\t\t\t\t<div class=\"e-con-inner\">\n\t\t\t\t<div class=\"elementor-element elementor-element-547d6ac4 elementor-widget elementor-widget-heading\" data-id=\"547d6ac4\" data-element_type=\"widget\" data-widget_type=\"heading.default\">\n\t\t\t\t<div class=\"elementor-widget-container\">\n\t\t\t\t\t<h4 class=\"elementor-heading-title elementor-size-default\">\u00bfCu\u00e1ndo ser\u00e1 obligatorio utilizar VeriFactu?<\/h4>\t\t\t\t<\/div>\n\t\t\t\t<\/div>\n\t\t\t\t<div class=\"elementor-element elementor-element-3652e27e elementor-widget elementor-widget-text-editor\" data-id=\"3652e27e\" data-element_type=\"widget\" data-widget_type=\"text-editor.default\">\n\t\t\t\t<div class=\"elementor-widget-container\">\n\t\t\t\t\t\t\t\t\t<p>Aunque la normativa ya est\u00e1 aprobada, su implantaci\u00f3n ser\u00e1 progresiva. Se espera que durante 2025 comience la obligatoriedad para ciertos colectivos y que a lo largo de 2026 se extienda a todas las pymes y aut\u00f3nomos. Prepararse con antelaci\u00f3n es clave para evitar interrupciones en la facturaci\u00f3n.<\/p>\t\t\t\t\t\t\t\t<\/div>\n\t\t\t\t<\/div>\n\t\t\t\t\t<\/div>\n\t\t\t\t<\/div>\n\t\t<div class=\"elementor-element elementor-element-24f9e8f e-flex e-con-boxed e-con e-child\" data-id=\"24f9e8f\" data-element_type=\"container\">\n\t\t\t\t\t<div class=\"e-con-inner\">\n\t\t\t\t<div class=\"elementor-element elementor-element-5b4dcf5e elementor-widget elementor-widget-heading\" data-id=\"5b4dcf5e\" data-element_type=\"widget\" data-widget_type=\"heading.default\">\n\t\t\t\t<div class=\"elementor-widget-container\">\n\t\t\t\t\t<h4 class=\"elementor-heading-title elementor-size-default\">\u00bfVeriFactu sustituye a la factura electr\u00f3nica?<\/h4>\t\t\t\t<\/div>\n\t\t\t\t<\/div>\n\t\t\t\t<div class=\"elementor-element elementor-element-508adc2f elementor-widget elementor-widget-text-editor\" data-id=\"508adc2f\" data-element_type=\"widget\" data-widget_type=\"text-editor.default\">\n\t\t\t\t<div class=\"elementor-widget-container\">\n\t\t\t\t\t\t\t\t\t<p>No exactamente. VeriFactu es un sistema complementario a la factura electr\u00f3nica, centrado en garantizar la trazabilidad y veracidad de los datos de facturaci\u00f3n. Las facturas seguir\u00e1n gener\u00e1ndose en formato electr\u00f3nico, pero con un registro adicional validado por la AEAT.<\/p>\t\t\t\t\t\t\t\t<\/div>\n\t\t\t\t<\/div>\n\t\t\t\t\t<\/div>\n\t\t\t\t<\/div>\n\t\t<div class=\"elementor-element elementor-element-8755f4e e-flex e-con-boxed e-con e-child\" data-id=\"8755f4e\" data-element_type=\"container\">\n\t\t\t\t\t<div class=\"e-con-inner\">\n\t\t\t\t<div class=\"elementor-element elementor-element-65bcdd74 elementor-widget elementor-widget-heading\" data-id=\"65bcdd74\" data-element_type=\"widget\" data-widget_type=\"heading.default\">\n\t\t\t\t<div class=\"elementor-widget-container\">\n\t\t\t\t\t<h4 class=\"elementor-heading-title elementor-size-default\">\u00bfPuedo seguir usando mi programa actual de facturaci\u00f3n?<\/h4>\t\t\t\t<\/div>\n\t\t\t\t<\/div>\n\t\t\t\t<div class=\"elementor-element elementor-element-6ad76e77 elementor-widget elementor-widget-text-editor\" data-id=\"6ad76e77\" data-element_type=\"widget\" data-widget_type=\"text-editor.default\">\n\t\t\t\t<div class=\"elementor-widget-container\">\n\t\t\t\t\t\t\t\t\t<p data-start=\"1476\" data-end=\"1759\">Solo si tu software cumple con las especificaciones de VeriFactu. De lo contrario, deber\u00e1s actualizarlo o migrar a uno certificado. Elegir un programa preparado, como FinanEDI, te permitir\u00e1 emitir facturas conforme a la normativa sin complicaciones ni costes adicionales.<\/p>\t\t\t\t\t\t\t\t<\/div>\n\t\t\t\t<\/div>\n\t\t\t\t\t<\/div>\n\t\t\t\t<\/div>\n\t\t<div class=\"elementor-element elementor-element-6318b0b e-con-full e-flex e-con e-child\" data-id=\"6318b0b\" data-element_type=\"container\">\n\t\t\t\t<div class=\"elementor-element elementor-element-b250073 elementor-widget elementor-widget-heading\" data-id=\"b250073\" data-element_type=\"widget\" data-widget_type=\"heading.default\">\n\t\t\t\t<div class=\"elementor-widget-container\">\n\t\t\t\t\t<h4 class=\"elementor-heading-title elementor-size-default\">\u00bfQu\u00e9 ventajas aporta VeriFactu a los aut\u00f3nomos y pymes?<\/h4>\t\t\t\t<\/div>\n\t\t\t\t<\/div>\n\t\t\t\t<div class=\"elementor-element elementor-element-81904ca elementor-widget elementor-widget-text-editor\" data-id=\"81904ca\" data-element_type=\"widget\" data-widget_type=\"text-editor.default\">\n\t\t\t\t<div class=\"elementor-widget-container\">\n\t\t\t\t\t\t\t\t\t<p>Adem\u00e1s de cumplir con la ley, VeriFactu ofrece mayor control y seguridad sobre la facturaci\u00f3n, reduce el riesgo de errores y mejora la relaci\u00f3n con Hacienda. Tambi\u00e9n facilita la automatizaci\u00f3n contable y permite tener informaci\u00f3n financiera m\u00e1s fiable en tiempo real, ideal para tomar decisiones empresariales m\u00e1s precisas.<\/p>\t\t\t\t\t\t\t\t<\/div>\n\t\t\t\t<\/div>\n\t\t\t\t<\/div>\n\t\t\t\t\t<\/div>\n\t\t\t\t<\/div>\n\t\t<div class=\"elementor-element elementor-element-26c65e4b e-flex e-con-boxed e-con e-parent\" data-id=\"26c65e4b\" data-element_type=\"container\">\n\t\t\t\t\t<div class=\"e-con-inner\">\n\t\t<div class=\"elementor-element elementor-element-69eaf2a2 e-con-full e-flex e-con e-child\" data-id=\"69eaf2a2\" data-element_type=\"container\">\n\t\t\t\t<div class=\"elementor-element elementor-element-2d961e9e elementor-widget elementor-widget-spacer\" data-id=\"2d961e9e\" data-element_type=\"widget\" data-widget_type=\"spacer.default\">\n\t\t\t\t<div class=\"elementor-widget-container\">\n\t\t\t\t\t\t\t<div class=\"elementor-spacer\">\n\t\t\t<div class=\"elementor-spacer-inner\"><\/div>\n\t\t<\/div>\n\t\t\t\t\t\t<\/div>\n\t\t\t\t<\/div>\n\t\t\t\t<\/div>\n\t\t<div class=\"elementor-element elementor-element-2e2a2259 e-con-full e-flex e-con e-child\" data-id=\"2e2a2259\" data-element_type=\"container\">\n\t\t\t\t<div class=\"elementor-element elementor-element-658b96ce elementor-widget elementor-widget-heading\" data-id=\"658b96ce\" data-element_type=\"widget\" data-widget_type=\"heading.default\">\n\t\t\t\t<div class=\"elementor-widget-container\">\n\t\t\t\t\t<h3 class=\"elementor-heading-title elementor-size-default\">No te pierdas...<\/h3>\t\t\t\t<\/div>\n\t\t\t\t<\/div>\n\t\t\t\t<\/div>\n\t\t<div class=\"elementor-element elementor-element-28de58a8 e-con-full e-flex e-con e-child\" data-id=\"28de58a8\" data-element_type=\"container\">\n\t\t\t\t<div class=\"elementor-element elementor-element-79eda2f3 elementor-widget elementor-widget-katen-post-five\" data-id=\"79eda2f3\" data-element_type=\"widget\" data-widget_type=\"katen-post-five.default\">\n\t\t\t\t<div class=\"elementor-widget-container\">\n\t\t\t\t\t\t\t<div class=\"padding-30 rounded bordered\">\n\n\t\t\t<div class=\"row infinite-wrapper\">\n\n\t\t\t\n\t\t\t\t<div class=\"col-md-12 col-sm-6 post-list-item post-item\">\n\t\t\t\t\t<!-- post -->\n\t\t\t\t\t<div class=\"post post-list clearfix\">\n\n\t\t\t\t\t\t<div class=\"thumb rounded\"><div class=\"inner\"><a href=\"https:\/\/finanedi.es\/blog\/que-hacer-si-tu-software-de-facturacion-no-es-compatible-con-verifactu\/\"><img decoding=\"async\" width=\"330\" height=\"250\" src=\"https:\/\/finanedi.es\/blog\/contenido\/uploads\/2025\/07\/Que-hacer-si-tu-software-de-facturacion-no-es-compatible-con-VeriFactu-330x250.jpg\" class=\"attachment-katen-thumb-list size-katen-thumb-list wp-post-image\" alt=\"Qu\u00e9 hacer si tu software de facturaci\u00f3n no es compatible con VeriFactu\" \/><\/a><\/div><\/div>  \n\n\t\t\t\t\t\t<div class=\"details clearfix\">\n\t\t\t\t\t\t\t<ul class=\"meta list-inline mb-3\">\n\t\t\t\t\t\t\t\t<li class=\"list-inline-item\"><a href=\"https:\/\/finanedi.es\/blog\/category\/facturacion\/\">Facturaci\u00f3n<\/a><\/li>\t\t\t\t\t\t\t<\/ul>\n\t\t\t\t\t\t\t<h5 class=\"post-title\"><a href=\"https:\/\/finanedi.es\/blog\/que-hacer-si-tu-software-de-facturacion-no-es-compatible-con-verifactu\/\">Qu\u00e9 hacer si tu software de facturaci\u00f3n no es compatible con VeriFactu<\/a><\/h5>\n\t\t\t\t\t\t\t<p class=\"excerpt mb-0\">\n\t\t\t\t\t\t\t\tLa llegada de VeriFactu ha supuesto un cambio profundo en la forma en la que&hellip;\t\t\t\t\t\t\t<\/p>\n\t\t\t\t\t\t\t<div class=\"post-bottom clearfix d-flex align-items-center\">\n\t\t\t\t\t\t\t\t\t\t\t\t\t\t\t\t\t\t\t\t\t\t\t<\/div>\n\t\t\t\t\t\t<\/div>\n\t\t\t\t\t<\/div>\n\t\t\t\t<\/div>\n\n\t\t\t\n\t\t\t\t<div class=\"col-md-12 col-sm-6 post-list-item post-item\">\n\t\t\t\t\t<!-- post -->\n\t\t\t\t\t<div class=\"post post-list clearfix\">\n\n\t\t\t\t\t\t<div class=\"thumb rounded\"><div class=\"inner\"><a href=\"https:\/\/finanedi.es\/blog\/verifactu-y-factura-electronica-diferencias\/\"><img decoding=\"async\" width=\"330\" height=\"250\" src=\"https:\/\/finanedi.es\/blog\/contenido\/uploads\/2025\/06\/Diferencias-entre-Verifactu-y-Factura-electronica-330x250.jpg\" class=\"attachment-katen-thumb-list size-katen-thumb-list wp-post-image\" alt=\"Diferencias entre Verifactu y Factura electr\u00f3nica\" \/><\/a><\/div><\/div>  \n\n\t\t\t\t\t\t<div class=\"details clearfix\">\n\t\t\t\t\t\t\t<ul class=\"meta list-inline mb-3\">\n\t\t\t\t\t\t\t\t<li class=\"list-inline-item\"><a href=\"https:\/\/finanedi.es\/blog\/category\/facturacion\/\">Facturaci\u00f3n<\/a><\/li>\t\t\t\t\t\t\t<\/ul>\n\t\t\t\t\t\t\t<h5 class=\"post-title\"><a href=\"https:\/\/finanedi.es\/blog\/verifactu-y-factura-electronica-diferencias\/\">Diferencias entre Verifactu y Factura electr\u00f3nica<\/a><\/h5>\n\t\t\t\t\t\t\t<p class=\"excerpt mb-0\">\n\t\t\t\t\t\t\t\tLa digitalizaci\u00f3n es un tren que ninguna pyme o aut\u00f3nomo puede permitirse perder. Dos t\u00e9rminos&hellip;\t\t\t\t\t\t\t<\/p>\n\t\t\t\t\t\t\t<div class=\"post-bottom clearfix d-flex align-items-center\">\n\t\t\t\t\t\t\t\t\t\t\t\t\t\t\t\t\t\t\t\t\t\t\t<\/div>\n\t\t\t\t\t\t<\/div>\n\t\t\t\t\t<\/div>\n\t\t\t\t<\/div>\n\n\t\t\t\n\t\t\t\t<div class=\"col-md-12 col-sm-6 post-list-item post-item\">\n\t\t\t\t\t<!-- post -->\n\t\t\t\t\t<div class=\"post post-list clearfix\">\n\n\t\t\t\t\t\t<div class=\"thumb rounded\"><div class=\"inner\"><a href=\"https:\/\/finanedi.es\/blog\/verifactu-para-autonomos-que-es-como-cumplir-con-hacienda-y-facturar-facil\/\"><img loading=\"lazy\" decoding=\"async\" width=\"330\" height=\"250\" src=\"https:\/\/finanedi.es\/blog\/contenido\/uploads\/2025\/09\/Verifactu-para-autonomos-que-es-como-cumplir-con-Hacienda-y-facturar-facil-330x250.jpg\" class=\"attachment-katen-thumb-list size-katen-thumb-list wp-post-image\" alt=\"Verifactu para aut\u00f3nomos qu\u00e9 es, c\u00f3mo cumplir con Hacienda y facturar f\u00e1cil\" \/><\/a><\/div><\/div>  \n\n\t\t\t\t\t\t<div class=\"details clearfix\">\n\t\t\t\t\t\t\t<ul class=\"meta list-inline mb-3\">\n\t\t\t\t\t\t\t\t<li class=\"list-inline-item\"><a href=\"https:\/\/finanedi.es\/blog\/category\/facturacion\/\">Facturaci\u00f3n<\/a><\/li>\t\t\t\t\t\t\t<\/ul>\n\t\t\t\t\t\t\t<h5 class=\"post-title\"><a href=\"https:\/\/finanedi.es\/blog\/verifactu-para-autonomos-que-es-como-cumplir-con-hacienda-y-facturar-facil\/\">Verifactu para aut\u00f3nomos: qu\u00e9 es, c\u00f3mo cumplir con Hacienda y facturar f\u00e1cil<\/a><\/h5>\n\t\t\t\t\t\t\t<p class=\"excerpt mb-0\">\n\t\t\t\t\t\t\t\tLa facturaci\u00f3n es una de las tareas m\u00e1s importantes y, a la vez, m\u00e1s tediosas&hellip;\t\t\t\t\t\t\t<\/p>\n\t\t\t\t\t\t\t<div class=\"post-bottom clearfix d-flex align-items-center\">\n\t\t\t\t\t\t\t\t\t\t\t\t\t\t\t\t\t\t\t\t\t\t\t<\/div>\n\t\t\t\t\t\t<\/div>\n\t\t\t\t\t<\/div>\n\t\t\t\t<\/div>\n\n\t\t\t\n\t\t\t\t<div class=\"col-md-12 col-sm-6 post-list-item post-item\">\n\t\t\t\t\t<!-- post -->\n\t\t\t\t\t<div class=\"post post-list clearfix\">\n\n\t\t\t\t\t\t<div class=\"thumb rounded\"><div class=\"inner\"><a href=\"https:\/\/finanedi.es\/blog\/verifactu-una-obligacion-o-tu-proximo-aliado-estrategico-para-la-inteligencia-de-negocio\/\"><img loading=\"lazy\" decoding=\"async\" width=\"330\" height=\"250\" src=\"https:\/\/finanedi.es\/blog\/contenido\/uploads\/2025\/07\/Verifactu-\u00bfUna-obligacion-o-tu-proximo-aliado-estrategico-para-la-inteligencia-de-negocio-330x250.jpg\" class=\"attachment-katen-thumb-list size-katen-thumb-list wp-post-image\" alt=\"\" \/><\/a><\/div><\/div>  \n\n\t\t\t\t\t\t<div class=\"details clearfix\">\n\t\t\t\t\t\t\t<ul class=\"meta list-inline mb-3\">\n\t\t\t\t\t\t\t\t<li class=\"list-inline-item\"><a href=\"https:\/\/finanedi.es\/blog\/category\/facturacion\/\">Facturaci\u00f3n<\/a><\/li>\t\t\t\t\t\t\t<\/ul>\n\t\t\t\t\t\t\t<h5 class=\"post-title\"><a href=\"https:\/\/finanedi.es\/blog\/verifactu-una-obligacion-o-tu-proximo-aliado-estrategico-para-la-inteligencia-de-negocio\/\">Verifactu: \u00bfUna obligaci\u00f3n o tu pr\u00f3ximo aliado estrat\u00e9gico para la inteligencia de negocio?<\/a><\/h5>\n\t\t\t\t\t\t\t<p class=\"excerpt mb-0\">\n\t\t\t\t\t\t\t\tCuando escuchamos hablar de Verifactu, la primera imagen que suele venir a la mente es&hellip;\t\t\t\t\t\t\t<\/p>\n\t\t\t\t\t\t\t<div class=\"post-bottom clearfix d-flex align-items-center\">\n\t\t\t\t\t\t\t\t\t\t\t\t\t\t\t\t\t\t\t\t\t\t\t<\/div>\n\t\t\t\t\t\t<\/div>\n\t\t\t\t\t<\/div>\n\t\t\t\t<\/div>\n\n\t\t\t\n\t\t\t<\/div>\n\n\t\t<\/div>\n\t\t\n        \t\t\t\t<\/div>\n\t\t\t\t<\/div>\n\t\t\t\t<\/div>\n\t\t\t\t\t<\/div>\n\t\t\t\t<\/div>\n\t\t\t\t<\/div>\n\t\t","protected":false},"excerpt":{"rendered":"<p>La facturaci\u00f3n electr\u00f3nica est\u00e1 viviendo una transformaci\u00f3n decisiva con la llegada de VeriFactu, el nuevo sistema de control de facturaci\u00f3n impulsado por la Agencia Tributaria. Su objetivo es garantizar la integridad, trazabilidad y veracidad de las facturas emitidas por aut\u00f3nomos y empresas, contribuyendo a reducir el fraude y a modernizar la gesti\u00f3n contable.<\/p>\n<p>Aunque su implantaci\u00f3n a\u00fan no es obligatoria para todos, prepararse con antelaci\u00f3n puede marcar la diferencia entre una transici\u00f3n ordenada y un proceso lleno de complicaciones. En este art\u00edculo te contamos qu\u00e9 es VeriFactu y te damos 5 consejos pr\u00e1cticos para que tu negocio est\u00e9 listo cuando entre en vigor.<\/p>\n","protected":false},"author":3,"featured_media":11784,"comment_status":"closed","ping_status":"open","sticky":false,"template":"","format":"standard","meta":{"_monsterinsights_skip_tracking":false,"_monsterinsights_sitenote_active":false,"_monsterinsights_sitenote_note":"","_monsterinsights_sitenote_category":0,"footnotes":""},"categories":[4],"tags":[91],"class_list":["post-11779","post","type-post","status-publish","format-standard","has-post-thumbnail","hentry","category-facturacion","tag-verifactu"],"yoast_head":"<!-- This site is optimized with the Yoast SEO plugin v26.2 - https:\/\/yoast.com\/wordpress\/plugins\/seo\/ -->\n<title>5 tips para estar preparado para VeriFactu<\/title>\n<meta name=\"description\" content=\"Descubre 5 tips esenciales para preparar tu negocio para VeriFactu y adaptarte a la nueva facturaci\u00f3n electr\u00f3nica.\" \/>\n<meta name=\"robots\" content=\"index, follow, max-snippet:-1, max-image-preview:large, max-video-preview:-1\" \/>\n<link rel=\"canonical\" href=\"https:\/\/finanedi.es\/blog\/5-tips-para-estar-preparado-para-verifactu\/\" \/>\n<meta property=\"og:locale\" content=\"es_ES\" \/>\n<meta property=\"og:type\" content=\"article\" \/>\n<meta property=\"og:title\" content=\"5 tips para estar preparado para VeriFactu\" \/>\n<meta property=\"og:description\" content=\"Descubre 5 tips esenciales para preparar tu negocio para VeriFactu y adaptarte a la nueva facturaci\u00f3n electr\u00f3nica.\" \/>\n<meta property=\"og:url\" content=\"https:\/\/finanedi.es\/blog\/5-tips-para-estar-preparado-para-verifactu\/\" \/>\n<meta property=\"og:site_name\" content=\"Blog para pymes y aut\u00f3nomos - FinanEDI\" \/>\n<meta property=\"article:published_time\" content=\"2025-10-29T09:10:35+00:00\" \/>\n<meta property=\"article:modified_time\" content=\"2025-10-29T09:21:53+00:00\" \/>\n<meta property=\"og:image\" content=\"https:\/\/finanedi.es\/blog\/contenido\/uploads\/2025\/10\/5-tips-para-estar-preparado-para-VeriFactu.jpg\" \/>\n\t<meta property=\"og:image:width\" content=\"2000\" \/>\n\t<meta property=\"og:image:height\" content=\"1125\" \/>\n\t<meta property=\"og:image:type\" content=\"image\/jpeg\" \/>\n<meta name=\"author\" content=\"restevez\" \/>\n<meta name=\"twitter:card\" content=\"summary_large_image\" \/>\n<meta name=\"twitter:label1\" content=\"Escrito por\" \/>\n\t<meta name=\"twitter:data1\" content=\"restevez\" \/>\n\t<meta name=\"twitter:label2\" content=\"Tiempo de lectura\" \/>\n\t<meta name=\"twitter:data2\" content=\"8 minutos\" \/>\n<script type=\"application\/ld+json\" class=\"yoast-schema-graph\">{\"@context\":\"https:\/\/schema.org\",\"@graph\":[{\"@type\":\"Article\",\"@id\":\"https:\/\/finanedi.es\/blog\/5-tips-para-estar-preparado-para-verifactu\/#article\",\"isPartOf\":{\"@id\":\"https:\/\/finanedi.es\/blog\/5-tips-para-estar-preparado-para-verifactu\/\"},\"author\":{\"name\":\"restevez\",\"@id\":\"https:\/\/finanedi.es\/blog\/#\/schema\/person\/233ed58195d34f36f74f13ba1030ebd8\"},\"headline\":\"5 tips para estar preparado para VeriFactu\",\"datePublished\":\"2025-10-29T09:10:35+00:00\",\"dateModified\":\"2025-10-29T09:21:53+00:00\",\"mainEntityOfPage\":{\"@id\":\"https:\/\/finanedi.es\/blog\/5-tips-para-estar-preparado-para-verifactu\/\"},\"wordCount\":1571,\"publisher\":{\"@id\":\"https:\/\/finanedi.es\/blog\/#organization\"},\"image\":{\"@id\":\"https:\/\/finanedi.es\/blog\/5-tips-para-estar-preparado-para-verifactu\/#primaryimage\"},\"thumbnailUrl\":\"https:\/\/finanedi.es\/blog\/contenido\/uploads\/2025\/10\/5-tips-para-estar-preparado-para-VeriFactu.jpg\",\"keywords\":[\"Verifactu\"],\"articleSection\":[\"Facturaci\u00f3n\"],\"inLanguage\":\"es\"},{\"@type\":\"WebPage\",\"@id\":\"https:\/\/finanedi.es\/blog\/5-tips-para-estar-preparado-para-verifactu\/\",\"url\":\"https:\/\/finanedi.es\/blog\/5-tips-para-estar-preparado-para-verifactu\/\",\"name\":\"5 tips para estar preparado para VeriFactu\",\"isPartOf\":{\"@id\":\"https:\/\/finanedi.es\/blog\/#website\"},\"primaryImageOfPage\":{\"@id\":\"https:\/\/finanedi.es\/blog\/5-tips-para-estar-preparado-para-verifactu\/#primaryimage\"},\"image\":{\"@id\":\"https:\/\/finanedi.es\/blog\/5-tips-para-estar-preparado-para-verifactu\/#primaryimage\"},\"thumbnailUrl\":\"https:\/\/finanedi.es\/blog\/contenido\/uploads\/2025\/10\/5-tips-para-estar-preparado-para-VeriFactu.jpg\",\"datePublished\":\"2025-10-29T09:10:35+00:00\",\"dateModified\":\"2025-10-29T09:21:53+00:00\",\"description\":\"Descubre 5 tips esenciales para preparar tu negocio para VeriFactu y adaptarte a la nueva facturaci\u00f3n electr\u00f3nica.\",\"breadcrumb\":{\"@id\":\"https:\/\/finanedi.es\/blog\/5-tips-para-estar-preparado-para-verifactu\/#breadcrumb\"},\"inLanguage\":\"es\",\"potentialAction\":[{\"@type\":\"ReadAction\",\"target\":[\"https:\/\/finanedi.es\/blog\/5-tips-para-estar-preparado-para-verifactu\/\"]}]},{\"@type\":\"ImageObject\",\"inLanguage\":\"es\",\"@id\":\"https:\/\/finanedi.es\/blog\/5-tips-para-estar-preparado-para-verifactu\/#primaryimage\",\"url\":\"https:\/\/finanedi.es\/blog\/contenido\/uploads\/2025\/10\/5-tips-para-estar-preparado-para-VeriFactu.jpg\",\"contentUrl\":\"https:\/\/finanedi.es\/blog\/contenido\/uploads\/2025\/10\/5-tips-para-estar-preparado-para-VeriFactu.jpg\",\"width\":2000,\"height\":1125,\"caption\":\"5 tips para estar preparado para VeriFactu\"},{\"@type\":\"BreadcrumbList\",\"@id\":\"https:\/\/finanedi.es\/blog\/5-tips-para-estar-preparado-para-verifactu\/#breadcrumb\",\"itemListElement\":[{\"@type\":\"ListItem\",\"position\":1,\"name\":\"Home\",\"item\":\"https:\/\/finanedi.es\/blog\/\"},{\"@type\":\"ListItem\",\"position\":2,\"name\":\"5 tips para estar preparado para VeriFactu\"}]},{\"@type\":\"WebSite\",\"@id\":\"https:\/\/finanedi.es\/blog\/#website\",\"url\":\"https:\/\/finanedi.es\/blog\/\",\"name\":\"Blog para pymes y aut\u00f3nomos - FinanEDI\",\"description\":\"Blog para aut\u00f3nomos y PYMES, sobre temas como facturaci\u00f3n, contabilidad, tecnolog\u00eda.\",\"publisher\":{\"@id\":\"https:\/\/finanedi.es\/blog\/#organization\"},\"potentialAction\":[{\"@type\":\"SearchAction\",\"target\":{\"@type\":\"EntryPoint\",\"urlTemplate\":\"https:\/\/finanedi.es\/blog\/?s={search_term_string}\"},\"query-input\":{\"@type\":\"PropertyValueSpecification\",\"valueRequired\":true,\"valueName\":\"search_term_string\"}}],\"inLanguage\":\"es\"},{\"@type\":\"Organization\",\"@id\":\"https:\/\/finanedi.es\/blog\/#organization\",\"name\":\"Blog para pymes y aut\u00f3nomos - FinanEDI\",\"url\":\"https:\/\/finanedi.es\/blog\/\",\"logo\":{\"@type\":\"ImageObject\",\"inLanguage\":\"es\",\"@id\":\"https:\/\/finanedi.es\/blog\/#\/schema\/logo\/image\/\",\"url\":\"https:\/\/finanedi.es\/blog\/contenido\/uploads\/2024\/02\/FinanEdiAzul1.svg\",\"contentUrl\":\"https:\/\/finanedi.es\/blog\/contenido\/uploads\/2024\/02\/FinanEdiAzul1.svg\",\"width\":142,\"height\":36,\"caption\":\"Blog para pymes y aut\u00f3nomos - FinanEDI\"},\"image\":{\"@id\":\"https:\/\/finanedi.es\/blog\/#\/schema\/logo\/image\/\"}},{\"@type\":\"Person\",\"@id\":\"https:\/\/finanedi.es\/blog\/#\/schema\/person\/233ed58195d34f36f74f13ba1030ebd8\",\"name\":\"restevez\",\"image\":{\"@type\":\"ImageObject\",\"inLanguage\":\"es\",\"@id\":\"https:\/\/finanedi.es\/blog\/#\/schema\/person\/image\/\",\"url\":\"https:\/\/secure.gravatar.com\/avatar\/6c4880db9746e4aa887a98e0ebf657788804dc4280120ef10331a2e6ebb4a9a0?s=96&d=mm&r=g\",\"contentUrl\":\"https:\/\/secure.gravatar.com\/avatar\/6c4880db9746e4aa887a98e0ebf657788804dc4280120ef10331a2e6ebb4a9a0?s=96&d=mm&r=g\",\"caption\":\"restevez\"},\"url\":\"https:\/\/finanedi.es\/blog\/author\/restevez\/\"}]}<\/script>\n<!-- \/ Yoast SEO plugin. -->","yoast_head_json":{"title":"5 tips para estar preparado para VeriFactu","description":"Descubre 5 tips esenciales para preparar tu negocio para VeriFactu y adaptarte a la nueva facturaci\u00f3n electr\u00f3nica.","robots":{"index":"index","follow":"follow","max-snippet":"max-snippet:-1","max-image-preview":"max-image-preview:large","max-video-preview":"max-video-preview:-1"},"canonical":"https:\/\/finanedi.es\/blog\/5-tips-para-estar-preparado-para-verifactu\/","og_locale":"es_ES","og_type":"article","og_title":"5 tips para estar preparado para VeriFactu","og_description":"Descubre 5 tips esenciales para preparar tu negocio para VeriFactu y adaptarte a la nueva facturaci\u00f3n electr\u00f3nica.","og_url":"https:\/\/finanedi.es\/blog\/5-tips-para-estar-preparado-para-verifactu\/","og_site_name":"Blog para pymes y aut\u00f3nomos - FinanEDI","article_published_time":"2025-10-29T09:10:35+00:00","article_modified_time":"2025-10-29T09:21:53+00:00","og_image":[{"width":2000,"height":1125,"url":"https:\/\/finanedi.es\/blog\/contenido\/uploads\/2025\/10\/5-tips-para-estar-preparado-para-VeriFactu.jpg","type":"image\/jpeg"}],"author":"restevez","twitter_card":"summary_large_image","twitter_misc":{"Escrito por":"restevez","Tiempo de lectura":"8 minutos"},"schema":{"@context":"https:\/\/schema.org","@graph":[{"@type":"Article","@id":"https:\/\/finanedi.es\/blog\/5-tips-para-estar-preparado-para-verifactu\/#article","isPartOf":{"@id":"https:\/\/finanedi.es\/blog\/5-tips-para-estar-preparado-para-verifactu\/"},"author":{"name":"restevez","@id":"https:\/\/finanedi.es\/blog\/#\/schema\/person\/233ed58195d34f36f74f13ba1030ebd8"},"headline":"5 tips para estar preparado para VeriFactu","datePublished":"2025-10-29T09:10:35+00:00","dateModified":"2025-10-29T09:21:53+00:00","mainEntityOfPage":{"@id":"https:\/\/finanedi.es\/blog\/5-tips-para-estar-preparado-para-verifactu\/"},"wordCount":1571,"publisher":{"@id":"https:\/\/finanedi.es\/blog\/#organization"},"image":{"@id":"https:\/\/finanedi.es\/blog\/5-tips-para-estar-preparado-para-verifactu\/#primaryimage"},"thumbnailUrl":"https:\/\/finanedi.es\/blog\/contenido\/uploads\/2025\/10\/5-tips-para-estar-preparado-para-VeriFactu.jpg","keywords":["Verifactu"],"articleSection":["Facturaci\u00f3n"],"inLanguage":"es"},{"@type":"WebPage","@id":"https:\/\/finanedi.es\/blog\/5-tips-para-estar-preparado-para-verifactu\/","url":"https:\/\/finanedi.es\/blog\/5-tips-para-estar-preparado-para-verifactu\/","name":"5 tips para estar preparado para VeriFactu","isPartOf":{"@id":"https:\/\/finanedi.es\/blog\/#website"},"primaryImageOfPage":{"@id":"https:\/\/finanedi.es\/blog\/5-tips-para-estar-preparado-para-verifactu\/#primaryimage"},"image":{"@id":"https:\/\/finanedi.es\/blog\/5-tips-para-estar-preparado-para-verifactu\/#primaryimage"},"thumbnailUrl":"https:\/\/finanedi.es\/blog\/contenido\/uploads\/2025\/10\/5-tips-para-estar-preparado-para-VeriFactu.jpg","datePublished":"2025-10-29T09:10:35+00:00","dateModified":"2025-10-29T09:21:53+00:00","description":"Descubre 5 tips esenciales para preparar tu negocio para VeriFactu y adaptarte a la nueva facturaci\u00f3n electr\u00f3nica.","breadcrumb":{"@id":"https:\/\/finanedi.es\/blog\/5-tips-para-estar-preparado-para-verifactu\/#breadcrumb"},"inLanguage":"es","potentialAction":[{"@type":"ReadAction","target":["https:\/\/finanedi.es\/blog\/5-tips-para-estar-preparado-para-verifactu\/"]}]},{"@type":"ImageObject","inLanguage":"es","@id":"https:\/\/finanedi.es\/blog\/5-tips-para-estar-preparado-para-verifactu\/#primaryimage","url":"https:\/\/finanedi.es\/blog\/contenido\/uploads\/2025\/10\/5-tips-para-estar-preparado-para-VeriFactu.jpg","contentUrl":"https:\/\/finanedi.es\/blog\/contenido\/uploads\/2025\/10\/5-tips-para-estar-preparado-para-VeriFactu.jpg","width":2000,"height":1125,"caption":"5 tips para estar preparado para VeriFactu"},{"@type":"BreadcrumbList","@id":"https:\/\/finanedi.es\/blog\/5-tips-para-estar-preparado-para-verifactu\/#breadcrumb","itemListElement":[{"@type":"ListItem","position":1,"name":"Home","item":"https:\/\/finanedi.es\/blog\/"},{"@type":"ListItem","position":2,"name":"5 tips para estar preparado para VeriFactu"}]},{"@type":"WebSite","@id":"https:\/\/finanedi.es\/blog\/#website","url":"https:\/\/finanedi.es\/blog\/","name":"Blog para pymes y aut\u00f3nomos - FinanEDI","description":"Blog para aut\u00f3nomos y PYMES, sobre temas como facturaci\u00f3n, contabilidad, tecnolog\u00eda.","publisher":{"@id":"https:\/\/finanedi.es\/blog\/#organization"},"potentialAction":[{"@type":"SearchAction","target":{"@type":"EntryPoint","urlTemplate":"https:\/\/finanedi.es\/blog\/?s={search_term_string}"},"query-input":{"@type":"PropertyValueSpecification","valueRequired":true,"valueName":"search_term_string"}}],"inLanguage":"es"},{"@type":"Organization","@id":"https:\/\/finanedi.es\/blog\/#organization","name":"Blog para pymes y aut\u00f3nomos - FinanEDI","url":"https:\/\/finanedi.es\/blog\/","logo":{"@type":"ImageObject","inLanguage":"es","@id":"https:\/\/finanedi.es\/blog\/#\/schema\/logo\/image\/","url":"https:\/\/finanedi.es\/blog\/contenido\/uploads\/2024\/02\/FinanEdiAzul1.svg","contentUrl":"https:\/\/finanedi.es\/blog\/contenido\/uploads\/2024\/02\/FinanEdiAzul1.svg","width":142,"height":36,"caption":"Blog para pymes y aut\u00f3nomos - FinanEDI"},"image":{"@id":"https:\/\/finanedi.es\/blog\/#\/schema\/logo\/image\/"}},{"@type":"Person","@id":"https:\/\/finanedi.es\/blog\/#\/schema\/person\/233ed58195d34f36f74f13ba1030ebd8","name":"restevez","image":{"@type":"ImageObject","inLanguage":"es","@id":"https:\/\/finanedi.es\/blog\/#\/schema\/person\/image\/","url":"https:\/\/secure.gravatar.com\/avatar\/6c4880db9746e4aa887a98e0ebf657788804dc4280120ef10331a2e6ebb4a9a0?s=96&d=mm&r=g","contentUrl":"https:\/\/secure.gravatar.com\/avatar\/6c4880db9746e4aa887a98e0ebf657788804dc4280120ef10331a2e6ebb4a9a0?s=96&d=mm&r=g","caption":"restevez"},"url":"https:\/\/finanedi.es\/blog\/author\/restevez\/"}]}},"_links":{"self":[{"href":"https:\/\/finanedi.es\/blog\/wp-json\/wp\/v2\/posts\/11779","targetHints":{"allow":["GET"]}}],"collection":[{"href":"https:\/\/finanedi.es\/blog\/wp-json\/wp\/v2\/posts"}],"about":[{"href":"https:\/\/finanedi.es\/blog\/wp-json\/wp\/v2\/types\/post"}],"author":[{"embeddable":true,"href":"https:\/\/finanedi.es\/blog\/wp-json\/wp\/v2\/users\/3"}],"replies":[{"embeddable":true,"href":"https:\/\/finanedi.es\/blog\/wp-json\/wp\/v2\/comments?post=11779"}],"version-history":[{"count":8,"href":"https:\/\/finanedi.es\/blog\/wp-json\/wp\/v2\/posts\/11779\/revisions"}],"predecessor-version":[{"id":11798,"href":"https:\/\/finanedi.es\/blog\/wp-json\/wp\/v2\/posts\/11779\/revisions\/11798"}],"wp:featuredmedia":[{"embeddable":true,"href":"https:\/\/finanedi.es\/blog\/wp-json\/wp\/v2\/media\/11784"}],"wp:attachment":[{"href":"https:\/\/finanedi.es\/blog\/wp-json\/wp\/v2\/media?parent=11779"}],"wp:term":[{"taxonomy":"category","embeddable":true,"href":"https:\/\/finanedi.es\/blog\/wp-json\/wp\/v2\/categories?post=11779"},{"taxonomy":"post_tag","embeddable":true,"href":"https:\/\/finanedi.es\/blog\/wp-json\/wp\/v2\/tags?post=11779"}],"curies":[{"name":"wp","href":"https:\/\/api.w.org\/{rel}","templated":true}]}}