{"id":1700,"date":"2024-07-09T07:59:21","date_gmt":"2024-07-09T05:59:21","guid":{"rendered":"https:\/\/finanedi.es\/blog\/?p=1700"},"modified":"2024-08-29T09:59:24","modified_gmt":"2024-08-29T07:59:24","slug":"10-terminos-clave-en-contabilidad-que-debes-conocer","status":"publish","type":"post","link":"https:\/\/finanedi.es\/blog\/10-terminos-clave-en-contabilidad-que-debes-conocer\/","title":{"rendered":"10 T\u00e9rminos clave en contabilidad que debes conocer"},"content":{"rendered":"\t\t<div data-elementor-type=\"wp-post\" data-elementor-id=\"1700\" class=\"elementor elementor-1700\">\n\t\t\t\t<div class=\"elementor-element elementor-element-42cb0e7 e-flex e-con-boxed e-con e-parent\" data-id=\"42cb0e7\" data-element_type=\"container\">\n\t\t\t\t\t<div class=\"e-con-inner\">\n\t\t\t\t<div class=\"elementor-element elementor-element-91267c6 elementor-widget elementor-widget-text-editor\" data-id=\"91267c6\" data-element_type=\"widget\" data-widget_type=\"text-editor.default\">\n\t\t\t\t<div class=\"elementor-widget-container\">\n\t\t\t\t\t\t\t\t\t<p>La <a title=\"\u00bfQu\u00e9 es la contabilidad?\" href=\"https:\/\/finanedi.es\/blog\/que-es-la-contabilidad\/\" target=\"_blank\" rel=\"noopener\">contabilidad es el lenguaje de los negocios<\/a>, y entender sus t\u00e9rminos clave es esencial para cualquier persona involucrada en la <strong>gesti\u00f3n financiera<\/strong> de una empresa.<\/p>\t\t\t\t\t\t\t\t<\/div>\n\t\t\t\t<\/div>\n\t\t\t\t\t<\/div>\n\t\t\t\t<\/div>\n\t\t<div class=\"elementor-element elementor-element-7d9a6a1 e-flex e-con-boxed e-con e-parent\" data-id=\"7d9a6a1\" data-element_type=\"container\">\n\t\t\t\t\t<div class=\"e-con-inner\">\n\t\t\t\t<div class=\"elementor-element elementor-element-d7aa718 elementor-widget elementor-widget-heading\" data-id=\"d7aa718\" data-element_type=\"widget\" data-widget_type=\"heading.default\">\n\t\t\t\t<div class=\"elementor-widget-container\">\n\t\t\t\t\t<h2 class=\"elementor-heading-title elementor-size-default\">Balance general<\/h2>\t\t\t\t<\/div>\n\t\t\t\t<\/div>\n\t\t\t\t\t<\/div>\n\t\t\t\t<\/div>\n\t\t<div class=\"elementor-element elementor-element-f137729 e-flex e-con-boxed e-con e-parent\" data-id=\"f137729\" data-element_type=\"container\">\n\t\t\t\t\t<div class=\"e-con-inner\">\n\t\t\t\t<div class=\"elementor-element elementor-element-13cad4e elementor-widget elementor-widget-text-editor\" data-id=\"13cad4e\" data-element_type=\"widget\" data-widget_type=\"text-editor.default\">\n\t\t\t\t<div class=\"elementor-widget-container\">\n\t\t\t\t\t\t\t\t\t<p>El <strong>Balance general<\/strong>, tambi\u00e9n conocido como estado de situaci\u00f3n financiera, es uno de los estados financieros m\u00e1s importantes de una empresa. Presenta una instant\u00e1nea de la situaci\u00f3n financiera en un momento espec\u00edfico, mostrando los activos, pasivos y patrimonio neto.<\/p><ul><li><strong>Activos<\/strong>: Recursos controlados por la empresa que se espera generen beneficios econ\u00f3micos futuros.<\/li><li><strong>Pasivos<\/strong>: Obligaciones de la empresa, como deudas y otros compromisos.<\/li><li><strong>Patrimonio neto<\/strong>: Diferencia entre los activos y los pasivos, representando el valor residual de los propietarios.<\/li><\/ul><p>El Balance General sigue la f\u00f3rmula fundamental de contabilidad:\u00a0<strong>Activos = Pasivos + Patrimonio Neto<\/strong>.<\/p>\t\t\t\t\t\t\t\t<\/div>\n\t\t\t\t<\/div>\n\t\t\t\t\t<\/div>\n\t\t\t\t<\/div>\n\t\t<div class=\"elementor-element elementor-element-4a367ff e-flex e-con-boxed e-con e-parent\" data-id=\"4a367ff\" data-element_type=\"container\">\n\t\t\t\t\t<div class=\"e-con-inner\">\n\t\t\t\t<div class=\"elementor-element elementor-element-ec755da elementor-widget elementor-widget-spacer\" data-id=\"ec755da\" data-element_type=\"widget\" data-widget_type=\"spacer.default\">\n\t\t\t\t<div class=\"elementor-widget-container\">\n\t\t\t\t\t\t\t<div class=\"elementor-spacer\">\n\t\t\t<div class=\"elementor-spacer-inner\"><\/div>\n\t\t<\/div>\n\t\t\t\t\t\t<\/div>\n\t\t\t\t<\/div>\n\t\t\t\t\t<\/div>\n\t\t\t\t<\/div>\n\t\t<div class=\"elementor-element elementor-element-248c444 e-flex e-con-boxed e-con e-parent\" data-id=\"248c444\" data-element_type=\"container\">\n\t\t\t\t\t<div class=\"e-con-inner\">\n\t\t\t\t<div class=\"elementor-element elementor-element-ef48aaa elementor-widget elementor-widget-heading\" data-id=\"ef48aaa\" data-element_type=\"widget\" data-widget_type=\"heading.default\">\n\t\t\t\t<div class=\"elementor-widget-container\">\n\t\t\t\t\t<h2 class=\"elementor-heading-title elementor-size-default\">Estado de resultados<\/h2>\t\t\t\t<\/div>\n\t\t\t\t<\/div>\n\t\t\t\t\t<\/div>\n\t\t\t\t<\/div>\n\t\t<div class=\"elementor-element elementor-element-abace7b e-flex e-con-boxed e-con e-parent\" data-id=\"abace7b\" data-element_type=\"container\">\n\t\t\t\t\t<div class=\"e-con-inner\">\n\t\t\t\t<div class=\"elementor-element elementor-element-862d9ab elementor-widget elementor-widget-text-editor\" data-id=\"862d9ab\" data-element_type=\"widget\" data-widget_type=\"text-editor.default\">\n\t\t\t\t<div class=\"elementor-widget-container\">\n\t\t\t\t\t\t\t\t\t<p>El <strong>Estado de resultados<\/strong>, tambi\u00e9n conocido como cuenta de p\u00e9rdidas y ganancias, detalla los ingresos y gastos de una empresa durante un periodo espec\u00edfico, generalmente un trimestre o un a\u00f1o. Este estado financiero muestra la rentabilidad de la empresa.<\/p><ul><li><strong>Ingresos<\/strong>: Dinero generado por las actividades operativas, como ventas de productos o servicios.<\/li><li><strong>Gastos<\/strong>: Costos incurridos en la operaci\u00f3n del negocio, como salarios, alquiler, y suministros.<\/li><\/ul><p>El resultado final del Estado de Resultados es la <strong>utilidad neta<\/strong>, que indica si la empresa ha tenido ganancias o p\u00e9rdidas durante el periodo.<\/p>\t\t\t\t\t\t\t\t<\/div>\n\t\t\t\t<\/div>\n\t\t\t\t\t<\/div>\n\t\t\t\t<\/div>\n\t\t<div class=\"elementor-element elementor-element-fa580cc e-flex e-con-boxed e-con e-parent\" data-id=\"fa580cc\" data-element_type=\"container\">\n\t\t\t\t\t<div class=\"e-con-inner\">\n\t\t\t\t<div class=\"elementor-element elementor-element-fdc729d elementor-widget elementor-widget-spacer\" data-id=\"fdc729d\" data-element_type=\"widget\" data-widget_type=\"spacer.default\">\n\t\t\t\t<div class=\"elementor-widget-container\">\n\t\t\t\t\t\t\t<div class=\"elementor-spacer\">\n\t\t\t<div class=\"elementor-spacer-inner\"><\/div>\n\t\t<\/div>\n\t\t\t\t\t\t<\/div>\n\t\t\t\t<\/div>\n\t\t\t\t\t<\/div>\n\t\t\t\t<\/div>\n\t\t<div class=\"elementor-element elementor-element-8889c88 e-flex e-con-boxed e-con e-parent\" data-id=\"8889c88\" data-element_type=\"container\">\n\t\t\t\t\t<div class=\"e-con-inner\">\n\t\t\t\t<div class=\"elementor-element elementor-element-81aeb4f elementor-widget elementor-widget-heading\" data-id=\"81aeb4f\" data-element_type=\"widget\" data-widget_type=\"heading.default\">\n\t\t\t\t<div class=\"elementor-widget-container\">\n\t\t\t\t\t<h2 class=\"elementor-heading-title elementor-size-default\">Flujo de efectivo<\/h2>\t\t\t\t<\/div>\n\t\t\t\t<\/div>\n\t\t\t\t\t<\/div>\n\t\t\t\t<\/div>\n\t\t<div class=\"elementor-element elementor-element-bfae4cc e-flex e-con-boxed e-con e-parent\" data-id=\"bfae4cc\" data-element_type=\"container\">\n\t\t\t\t\t<div class=\"e-con-inner\">\n\t\t\t\t<div class=\"elementor-element elementor-element-4530511 elementor-widget elementor-widget-text-editor\" data-id=\"4530511\" data-element_type=\"widget\" data-widget_type=\"text-editor.default\">\n\t\t\t\t<div class=\"elementor-widget-container\">\n\t\t\t\t\t\t\t\t\t<p>El <strong>Flujo de efectivo<\/strong> es el movimiento de dinero dentro y fuera de una empresa durante un periodo espec\u00edfico. Es crucial para evaluar la liquidez y la capacidad de la empresa para cubrir sus obligaciones a corto plazo.<\/p><ul><li><strong>Flujo de efectivo operativo<\/strong>: Dinero generado por las actividades operativas.<\/li><li><strong>Flujo de efectivo de inversi\u00f3n<\/strong>: Dinero utilizado para comprar o vender activos a largo plazo.<\/li><li><strong>Flujo de efectivo de financiamiento<\/strong>: Dinero obtenido o pagado en relaci\u00f3n con financiamiento, como pr\u00e9stamos y dividendos.<\/li><\/ul><p>Un flujo de efectivo positivo indica que la empresa est\u00e1 generando suficiente dinero para mantener sus operaciones y crecer.<\/p>\t\t\t\t\t\t\t\t<\/div>\n\t\t\t\t<\/div>\n\t\t\t\t\t<\/div>\n\t\t\t\t<\/div>\n\t\t<div class=\"elementor-element elementor-element-785768f e-flex e-con-boxed e-con e-parent\" data-id=\"785768f\" data-element_type=\"container\">\n\t\t\t\t\t<div class=\"e-con-inner\">\n\t\t\t\t<div class=\"elementor-element elementor-element-fdb16cf elementor-widget elementor-widget-spacer\" data-id=\"fdb16cf\" data-element_type=\"widget\" data-widget_type=\"spacer.default\">\n\t\t\t\t<div class=\"elementor-widget-container\">\n\t\t\t\t\t\t\t<div class=\"elementor-spacer\">\n\t\t\t<div class=\"elementor-spacer-inner\"><\/div>\n\t\t<\/div>\n\t\t\t\t\t\t<\/div>\n\t\t\t\t<\/div>\n\t\t\t\t\t<\/div>\n\t\t\t\t<\/div>\n\t\t<div class=\"elementor-element elementor-element-aa0a922 e-flex e-con-boxed e-con e-parent\" data-id=\"aa0a922\" data-element_type=\"container\">\n\t\t\t\t\t<div class=\"e-con-inner\">\n\t\t\t\t<div class=\"elementor-element elementor-element-57a64ec elementor-widget elementor-widget-heading\" data-id=\"57a64ec\" data-element_type=\"widget\" data-widget_type=\"heading.default\">\n\t\t\t\t<div class=\"elementor-widget-container\">\n\t\t\t\t\t<h2 class=\"elementor-heading-title elementor-size-default\">Libro Mayor<\/h2>\t\t\t\t<\/div>\n\t\t\t\t<\/div>\n\t\t\t\t\t<\/div>\n\t\t\t\t<\/div>\n\t\t<div class=\"elementor-element elementor-element-d5c3aef e-flex e-con-boxed e-con e-parent\" data-id=\"d5c3aef\" data-element_type=\"container\">\n\t\t\t\t\t<div class=\"e-con-inner\">\n\t\t\t\t<div class=\"elementor-element elementor-element-2243546 elementor-widget elementor-widget-text-editor\" data-id=\"2243546\" data-element_type=\"widget\" data-widget_type=\"text-editor.default\">\n\t\t\t\t<div class=\"elementor-widget-container\">\n\t\t\t\t\t\t\t\t\t<p>El <strong>Libro Mayor<\/strong> es un registro completo de todas las transacciones financieras de una empresa. Cada cuenta del Libro Mayor refleja una categor\u00eda espec\u00edfica, como activos, pasivos, ingresos y gastos.<\/p><p>El proceso de contabilizaci\u00f3n incluye el registro de cada transacci\u00f3n en el <strong>libro diario<\/strong> y luego la transferencia al Libro Mayor. Este registro es esencial para preparar estados financieros precisos.<\/p>\t\t\t\t\t\t\t\t<\/div>\n\t\t\t\t<\/div>\n\t\t\t\t\t<\/div>\n\t\t\t\t<\/div>\n\t\t<div class=\"elementor-element elementor-element-56ab938 e-flex e-con-boxed e-con e-parent\" data-id=\"56ab938\" data-element_type=\"container\">\n\t\t\t\t\t<div class=\"e-con-inner\">\n\t\t\t\t<div class=\"elementor-element elementor-element-b8433ed elementor-widget elementor-widget-katen-post-five\" data-id=\"b8433ed\" data-element_type=\"widget\" data-widget_type=\"katen-post-five.default\">\n\t\t\t\t<div class=\"elementor-widget-container\">\n\t\t\t\t\t\t\t<div class=\"padding-30 rounded bordered\">\n\n\t\t\t<div class=\"row infinite-wrapper\">\n\n\t\t\t\n\t\t\t\t<div class=\"col-md-12 col-sm-6 post-list-item post-item\">\n\t\t\t\t\t<!-- post -->\n\t\t\t\t\t<div class=\"post post-list clearfix\">\n\n\t\t\t\t\t\t<div class=\"thumb rounded\"><div class=\"inner\"><a href=\"https:\/\/finanedi.es\/blog\/libros-contables-libro-diario-libro-mayor\/\"><img fetchpriority=\"high\" decoding=\"async\" width=\"330\" height=\"250\" src=\"https:\/\/finanedi.es\/blog\/contenido\/uploads\/2024\/07\/Libros-Contables-libro-diario-libro-mayor-330x250.jpg\" class=\"attachment-katen-thumb-list size-katen-thumb-list wp-post-image\" alt=\"Libros Contables libro diario libro mayor\" srcset=\"https:\/\/finanedi.es\/blog\/contenido\/uploads\/2024\/07\/Libros-Contables-libro-diario-libro-mayor-330x250.jpg 330w, https:\/\/finanedi.es\/blog\/contenido\/uploads\/2024\/07\/Libros-Contables-libro-diario-libro-mayor-300x228.jpg 300w, https:\/\/finanedi.es\/blog\/contenido\/uploads\/2024\/07\/Libros-Contables-libro-diario-libro-mayor-1024x778.jpg 1024w, https:\/\/finanedi.es\/blog\/contenido\/uploads\/2024\/07\/Libros-Contables-libro-diario-libro-mayor-768x583.jpg 768w, https:\/\/finanedi.es\/blog\/contenido\/uploads\/2024\/07\/Libros-Contables-libro-diario-libro-mayor-1536x1167.jpg 1536w, https:\/\/finanedi.es\/blog\/contenido\/uploads\/2024\/07\/Libros-Contables-libro-diario-libro-mayor.jpg 2000w\" sizes=\"(max-width: 330px) 100vw, 330px\" \/><\/a><\/div><\/div>  \n\n\t\t\t\t\t\t<div class=\"details clearfix\">\n\t\t\t\t\t\t\t<ul class=\"meta list-inline mb-3\">\n\t\t\t\t\t\t\t\t<li class=\"list-inline-item\"><a href=\"https:\/\/finanedi.es\/blog\/category\/contabilidad\/\">Contabilidad<\/a><\/li>\t\t\t\t\t\t\t<\/ul>\n\t\t\t\t\t\t\t<h5 class=\"post-title\"><a href=\"https:\/\/finanedi.es\/blog\/libros-contables-libro-diario-libro-mayor\/\">Libros Contables:  Entender su importancia<\/a><\/h5>\n\t\t\t\t\t\t\t<p class=\"excerpt mb-0\">\n\t\t\t\t\t\t\t\tLa contabilidad es fundamental para cualquier empresa, ya que permite llevar un control adecuado de&hellip;\t\t\t\t\t\t\t<\/p>\n\t\t\t\t\t\t\t<div class=\"post-bottom clearfix d-flex align-items-center\">\n\t\t\t\t\t\t\t\t\t\t\t\t\t\t\t\t\t\t\t\t\t\t\t<\/div>\n\t\t\t\t\t\t<\/div>\n\t\t\t\t\t<\/div>\n\t\t\t\t<\/div>\n\n\t\t\t\n\t\t\t<\/div>\n\n\t\t<\/div>\n\t\t\n        \t\t\t\t<\/div>\n\t\t\t\t<\/div>\n\t\t\t\t\t<\/div>\n\t\t\t\t<\/div>\n\t\t<div class=\"elementor-element elementor-element-d2e8faa e-flex e-con-boxed e-con e-parent\" data-id=\"d2e8faa\" data-element_type=\"container\">\n\t\t\t\t\t<div class=\"e-con-inner\">\n\t\t\t\t<div class=\"elementor-element elementor-element-13ccfc7 elementor-widget elementor-widget-spacer\" data-id=\"13ccfc7\" data-element_type=\"widget\" data-widget_type=\"spacer.default\">\n\t\t\t\t<div class=\"elementor-widget-container\">\n\t\t\t\t\t\t\t<div class=\"elementor-spacer\">\n\t\t\t<div class=\"elementor-spacer-inner\"><\/div>\n\t\t<\/div>\n\t\t\t\t\t\t<\/div>\n\t\t\t\t<\/div>\n\t\t\t\t\t<\/div>\n\t\t\t\t<\/div>\n\t\t<div class=\"elementor-element elementor-element-4e6b107 e-flex e-con-boxed e-con e-parent\" data-id=\"4e6b107\" data-element_type=\"container\">\n\t\t\t\t\t<div class=\"e-con-inner\">\n\t\t\t\t<div class=\"elementor-element elementor-element-97689b6 elementor-widget elementor-widget-heading\" data-id=\"97689b6\" data-element_type=\"widget\" data-widget_type=\"heading.default\">\n\t\t\t\t<div class=\"elementor-widget-container\">\n\t\t\t\t\t<h2 class=\"elementor-heading-title elementor-size-default\">Depreciaci\u00f3n<\/h2>\t\t\t\t<\/div>\n\t\t\t\t<\/div>\n\t\t\t\t\t<\/div>\n\t\t\t\t<\/div>\n\t\t<div class=\"elementor-element elementor-element-1590ebd e-flex e-con-boxed e-con e-parent\" data-id=\"1590ebd\" data-element_type=\"container\">\n\t\t\t\t\t<div class=\"e-con-inner\">\n\t\t\t\t<div class=\"elementor-element elementor-element-d23afcc elementor-widget elementor-widget-text-editor\" data-id=\"d23afcc\" data-element_type=\"widget\" data-widget_type=\"text-editor.default\">\n\t\t\t\t<div class=\"elementor-widget-container\">\n\t\t\t\t\t\t\t\t\t<p>La<strong> Depreciaci\u00f3n<\/strong> es el proceso de asignar el costo de un activo tangible a lo largo de su vida \u00fatil. Este t\u00e9rmino es importante para reflejar el desgaste y la obsolescencia de los activos a lo largo del tiempo.<\/p><ul><li><strong>M\u00e9todo lineal<\/strong>: Distribuye el costo del activo de manera uniforme durante su vida \u00fatil.<\/li><li><strong>M\u00e9todo de saldo decreciente<\/strong>: Atribuye un gasto mayor al principio de la vida \u00fatil del activo y menor en los a\u00f1os posteriores.<\/li><\/ul><p>La depreciaci\u00f3n afecta tanto al Balance General como al Estado de Resultados, reduciendo el valor del activo y aumentando los gastos.<\/p>\t\t\t\t\t\t\t\t<\/div>\n\t\t\t\t<\/div>\n\t\t\t\t\t<\/div>\n\t\t\t\t<\/div>\n\t\t<div class=\"elementor-element elementor-element-f1f9686 e-flex e-con-boxed e-con e-parent\" data-id=\"f1f9686\" data-element_type=\"container\">\n\t\t\t\t\t<div class=\"e-con-inner\">\n\t\t\t\t<div class=\"elementor-element elementor-element-f705342 elementor-widget elementor-widget-spacer\" data-id=\"f705342\" data-element_type=\"widget\" data-widget_type=\"spacer.default\">\n\t\t\t\t<div class=\"elementor-widget-container\">\n\t\t\t\t\t\t\t<div class=\"elementor-spacer\">\n\t\t\t<div class=\"elementor-spacer-inner\"><\/div>\n\t\t<\/div>\n\t\t\t\t\t\t<\/div>\n\t\t\t\t<\/div>\n\t\t\t\t\t<\/div>\n\t\t\t\t<\/div>\n\t\t<div class=\"elementor-element elementor-element-895d834 e-flex e-con-boxed e-con e-parent\" data-id=\"895d834\" data-element_type=\"container\">\n\t\t\t\t\t<div class=\"e-con-inner\">\n\t\t\t\t<div class=\"elementor-element elementor-element-5630a97 elementor-widget elementor-widget-heading\" data-id=\"5630a97\" data-element_type=\"widget\" data-widget_type=\"heading.default\">\n\t\t\t\t<div class=\"elementor-widget-container\">\n\t\t\t\t\t<h2 class=\"elementor-heading-title elementor-size-default\">Amortizaci\u00f3n<\/h2>\t\t\t\t<\/div>\n\t\t\t\t<\/div>\n\t\t\t\t\t<\/div>\n\t\t\t\t<\/div>\n\t\t<div class=\"elementor-element elementor-element-c8a820a e-flex e-con-boxed e-con e-parent\" data-id=\"c8a820a\" data-element_type=\"container\">\n\t\t\t\t\t<div class=\"e-con-inner\">\n\t\t\t\t<div class=\"elementor-element elementor-element-4b63fe9 elementor-widget elementor-widget-text-editor\" data-id=\"4b63fe9\" data-element_type=\"widget\" data-widget_type=\"text-editor.default\">\n\t\t\t\t<div class=\"elementor-widget-container\">\n\t\t\t\t\t\t\t\t\t<p>La <strong>Amortizaci\u00f3n<\/strong> es similar a la depreciaci\u00f3n, pero se aplica a activos intangibles, como patentes, marcas registradas y fondos de comercio. Este proceso distribuye el costo de los activos intangibles a lo largo de su vida \u00fatil estimada.<\/p><p>La amortizaci\u00f3n tambi\u00e9n se refleja en el Balance General y el Estado de Resultados, y es esencial para comprender el valor real de los activos intangibles de una empresa.<\/p>\t\t\t\t\t\t\t\t<\/div>\n\t\t\t\t<\/div>\n\t\t\t\t\t<\/div>\n\t\t\t\t<\/div>\n\t\t<div class=\"elementor-element elementor-element-5cf624b e-flex e-con-boxed e-con e-parent\" data-id=\"5cf624b\" data-element_type=\"container\">\n\t\t\t\t\t<div class=\"e-con-inner\">\n\t\t\t\t<div class=\"elementor-element elementor-element-11a5b77 elementor-widget elementor-widget-spacer\" data-id=\"11a5b77\" data-element_type=\"widget\" data-widget_type=\"spacer.default\">\n\t\t\t\t<div class=\"elementor-widget-container\">\n\t\t\t\t\t\t\t<div class=\"elementor-spacer\">\n\t\t\t<div class=\"elementor-spacer-inner\"><\/div>\n\t\t<\/div>\n\t\t\t\t\t\t<\/div>\n\t\t\t\t<\/div>\n\t\t\t\t\t<\/div>\n\t\t\t\t<\/div>\n\t\t<div class=\"elementor-element elementor-element-89c118f e-flex e-con-boxed e-con e-parent\" data-id=\"89c118f\" data-element_type=\"container\">\n\t\t\t\t\t<div class=\"e-con-inner\">\n\t\t\t\t<div class=\"elementor-element elementor-element-28347f0 elementor-widget elementor-widget-heading\" data-id=\"28347f0\" data-element_type=\"widget\" data-widget_type=\"heading.default\">\n\t\t\t\t<div class=\"elementor-widget-container\">\n\t\t\t\t\t<h2 class=\"elementor-heading-title elementor-size-default\">Activos corrientes<\/h2>\t\t\t\t<\/div>\n\t\t\t\t<\/div>\n\t\t\t\t\t<\/div>\n\t\t\t\t<\/div>\n\t\t<div class=\"elementor-element elementor-element-4bbe36b e-flex e-con-boxed e-con e-parent\" data-id=\"4bbe36b\" data-element_type=\"container\">\n\t\t\t\t\t<div class=\"e-con-inner\">\n\t\t\t\t<div class=\"elementor-element elementor-element-fc35373 elementor-widget elementor-widget-text-editor\" data-id=\"fc35373\" data-element_type=\"widget\" data-widget_type=\"text-editor.default\">\n\t\t\t\t<div class=\"elementor-widget-container\">\n\t\t\t\t\t\t\t\t\t<p>Los <strong>Activos corrientes<\/strong> son activos que se espera se conviertan en efectivo, se vendan o se consuman dentro de un a\u00f1o. Incluyen:<\/p><ul><li><strong>Efectivo y equivalentes de efectivo<\/strong>: Dinero en caja y en bancos.<\/li><li><strong>Cuentas por cobrar<\/strong>: Dinero adeudado por clientes.<\/li><li><strong>Inventarios<\/strong>: Bienes disponibles para la venta.<\/li><\/ul><p>La gesti\u00f3n efectiva de los activos corrientes es crucial para mantener la liquidez y la operaci\u00f3n continua del negocio.<\/p>\t\t\t\t\t\t\t\t<\/div>\n\t\t\t\t<\/div>\n\t\t\t\t\t<\/div>\n\t\t\t\t<\/div>\n\t\t<div class=\"elementor-element elementor-element-a851234 e-flex e-con-boxed e-con e-parent\" data-id=\"a851234\" data-element_type=\"container\">\n\t\t\t\t\t<div class=\"e-con-inner\">\n\t\t\t\t<div class=\"elementor-element elementor-element-0c0f68b elementor-widget elementor-widget-spacer\" data-id=\"0c0f68b\" data-element_type=\"widget\" data-widget_type=\"spacer.default\">\n\t\t\t\t<div class=\"elementor-widget-container\">\n\t\t\t\t\t\t\t<div class=\"elementor-spacer\">\n\t\t\t<div class=\"elementor-spacer-inner\"><\/div>\n\t\t<\/div>\n\t\t\t\t\t\t<\/div>\n\t\t\t\t<\/div>\n\t\t\t\t\t<\/div>\n\t\t\t\t<\/div>\n\t\t<div class=\"elementor-element elementor-element-ba2de8d e-flex e-con-boxed e-con e-parent\" data-id=\"ba2de8d\" data-element_type=\"container\">\n\t\t\t\t\t<div class=\"e-con-inner\">\n\t\t\t\t<div class=\"elementor-element elementor-element-901939c elementor-widget elementor-widget-heading\" data-id=\"901939c\" data-element_type=\"widget\" data-widget_type=\"heading.default\">\n\t\t\t\t<div class=\"elementor-widget-container\">\n\t\t\t\t\t<h2 class=\"elementor-heading-title elementor-size-default\">Pasivos corrientes<\/h2>\t\t\t\t<\/div>\n\t\t\t\t<\/div>\n\t\t\t\t\t<\/div>\n\t\t\t\t<\/div>\n\t\t<div class=\"elementor-element elementor-element-faef1c8 e-flex e-con-boxed e-con e-parent\" data-id=\"faef1c8\" data-element_type=\"container\">\n\t\t\t\t\t<div class=\"e-con-inner\">\n\t\t\t\t<div class=\"elementor-element elementor-element-d9187bc elementor-widget elementor-widget-text-editor\" data-id=\"d9187bc\" data-element_type=\"widget\" data-widget_type=\"text-editor.default\">\n\t\t\t\t<div class=\"elementor-widget-container\">\n\t\t\t\t\t\t\t\t\t<p>Los <strong>Pasivos corrientes<\/strong> son obligaciones que la empresa debe pagar dentro de un a\u00f1o. Incluyen:<\/p><ul><li><strong>Cuentas por pagar<\/strong>: Dinero adeudado a proveedores.<\/li><li><strong>Pr\u00e9stamos a corto plazo<\/strong>: Deudas que deben liquidarse en el corto plazo.<\/li><li><strong>Gastos acumulados<\/strong>: Costos incurridos pero no pagados, como salarios y alquiler.<\/li><\/ul><p>La capacidad de la empresa para gestionar sus pasivos corrientes afecta su solvencia y estabilidad financiera.<\/p>\t\t\t\t\t\t\t\t<\/div>\n\t\t\t\t<\/div>\n\t\t\t\t\t<\/div>\n\t\t\t\t<\/div>\n\t\t<div class=\"elementor-element elementor-element-bd56d43 e-flex e-con-boxed e-con e-parent\" data-id=\"bd56d43\" data-element_type=\"container\">\n\t\t\t\t\t<div class=\"e-con-inner\">\n\t\t\t\t<div class=\"elementor-element elementor-element-c1b4d6e elementor-widget elementor-widget-spacer\" data-id=\"c1b4d6e\" data-element_type=\"widget\" data-widget_type=\"spacer.default\">\n\t\t\t\t<div class=\"elementor-widget-container\">\n\t\t\t\t\t\t\t<div class=\"elementor-spacer\">\n\t\t\t<div class=\"elementor-spacer-inner\"><\/div>\n\t\t<\/div>\n\t\t\t\t\t\t<\/div>\n\t\t\t\t<\/div>\n\t\t\t\t\t<\/div>\n\t\t\t\t<\/div>\n\t\t<div class=\"elementor-element elementor-element-eb813de e-flex e-con-boxed e-con e-parent\" data-id=\"eb813de\" data-element_type=\"container\">\n\t\t\t\t\t<div class=\"e-con-inner\">\n\t\t\t\t<div class=\"elementor-element elementor-element-64b17d7 elementor-widget elementor-widget-heading\" data-id=\"64b17d7\" data-element_type=\"widget\" data-widget_type=\"heading.default\">\n\t\t\t\t<div class=\"elementor-widget-container\">\n\t\t\t\t\t<h2 class=\"elementor-heading-title elementor-size-default\">Patrimonio<\/h2>\t\t\t\t<\/div>\n\t\t\t\t<\/div>\n\t\t\t\t\t<\/div>\n\t\t\t\t<\/div>\n\t\t<div class=\"elementor-element elementor-element-5685d3a e-flex e-con-boxed e-con e-parent\" data-id=\"5685d3a\" data-element_type=\"container\">\n\t\t\t\t\t<div class=\"e-con-inner\">\n\t\t\t\t<div class=\"elementor-element elementor-element-f93888f elementor-widget elementor-widget-text-editor\" data-id=\"f93888f\" data-element_type=\"widget\" data-widget_type=\"text-editor.default\">\n\t\t\t\t<div class=\"elementor-widget-container\">\n\t\t\t\t\t\t\t\t\t<p>El <strong>Patrimonio<\/strong>, o patrimonio neto, representa la participaci\u00f3n de los propietarios en los activos de la empresa despu\u00e9s de deducir los pasivos. Incluye:<\/p><ul><li><strong>Capital social<\/strong>: Inversiones directas de los propietarios.<\/li><li><strong>Utilidades retenidas<\/strong>: Ganancias acumuladas no distribuidas como dividendos.<\/li><\/ul><p>El patrimonio es un indicador clave de la estabilidad financiera y la capacidad de crecimiento de la empresa.<\/p>\t\t\t\t\t\t\t\t<\/div>\n\t\t\t\t<\/div>\n\t\t\t\t\t<\/div>\n\t\t\t\t<\/div>\n\t\t<div class=\"elementor-element elementor-element-8fd53de e-flex e-con-boxed e-con e-parent\" data-id=\"8fd53de\" data-element_type=\"container\">\n\t\t\t\t\t<div class=\"e-con-inner\">\n\t\t\t\t<div class=\"elementor-element elementor-element-c54b1d1 elementor-widget elementor-widget-spacer\" data-id=\"c54b1d1\" data-element_type=\"widget\" data-widget_type=\"spacer.default\">\n\t\t\t\t<div class=\"elementor-widget-container\">\n\t\t\t\t\t\t\t<div class=\"elementor-spacer\">\n\t\t\t<div class=\"elementor-spacer-inner\"><\/div>\n\t\t<\/div>\n\t\t\t\t\t\t<\/div>\n\t\t\t\t<\/div>\n\t\t\t\t\t<\/div>\n\t\t\t\t<\/div>\n\t\t<div class=\"elementor-element elementor-element-dbb9e3f e-flex e-con-boxed e-con e-parent\" data-id=\"dbb9e3f\" data-element_type=\"container\">\n\t\t\t\t\t<div class=\"e-con-inner\">\n\t\t\t\t<div class=\"elementor-element elementor-element-abaf62a elementor-widget elementor-widget-heading\" data-id=\"abaf62a\" data-element_type=\"widget\" data-widget_type=\"heading.default\">\n\t\t\t\t<div class=\"elementor-widget-container\">\n\t\t\t\t\t<h2 class=\"elementor-heading-title elementor-size-default\">Capital de trabajo<\/h2>\t\t\t\t<\/div>\n\t\t\t\t<\/div>\n\t\t\t\t\t<\/div>\n\t\t\t\t<\/div>\n\t\t<div class=\"elementor-element elementor-element-4d02f98 e-flex e-con-boxed e-con e-parent\" data-id=\"4d02f98\" data-element_type=\"container\">\n\t\t\t\t\t<div class=\"e-con-inner\">\n\t\t\t\t<div class=\"elementor-element elementor-element-8d17876 elementor-widget elementor-widget-text-editor\" data-id=\"8d17876\" data-element_type=\"widget\" data-widget_type=\"text-editor.default\">\n\t\t\t\t<div class=\"elementor-widget-container\">\n\t\t\t\t\t\t\t\t\t<p>El <strong>Capital de trabajo<\/strong> es la diferencia entre los activos corrientes y los pasivos corrientes. Es una medida de la eficiencia operativa y la liquidez a corto plazo de la empresa.<\/p><p>Un capital de trabajo positivo indica que la empresa puede cubrir sus deudas a corto plazo y continuar sus operaciones diarias sin problemas financieros. La gesti\u00f3n del capital de trabajo incluye optimizar los ciclos de cobro y pago, as\u00ed como gestionar los inventarios de manera eficiente.<\/p>\t\t\t\t\t\t\t\t<\/div>\n\t\t\t\t<\/div>\n\t\t\t\t\t<\/div>\n\t\t\t\t<\/div>\n\t\t<div class=\"elementor-element elementor-element-6511f99 e-flex e-con-boxed e-con e-parent\" data-id=\"6511f99\" data-element_type=\"container\">\n\t\t\t\t\t<div class=\"e-con-inner\">\n\t\t\t\t<div class=\"elementor-element elementor-element-0861c7e elementor-widget elementor-widget-spacer\" data-id=\"0861c7e\" data-element_type=\"widget\" data-widget_type=\"spacer.default\">\n\t\t\t\t<div class=\"elementor-widget-container\">\n\t\t\t\t\t\t\t<div class=\"elementor-spacer\">\n\t\t\t<div class=\"elementor-spacer-inner\"><\/div>\n\t\t<\/div>\n\t\t\t\t\t\t<\/div>\n\t\t\t\t<\/div>\n\t\t\t\t\t<\/div>\n\t\t\t\t<\/div>\n\t\t<div class=\"elementor-element elementor-element-20175ad e-flex e-con-boxed e-con e-parent\" data-id=\"20175ad\" data-element_type=\"container\">\n\t\t\t\t\t<div class=\"e-con-inner\">\n\t\t\t\t<div class=\"elementor-element elementor-element-9cdd184 elementor-widget elementor-widget-text-editor\" data-id=\"9cdd184\" data-element_type=\"widget\" data-widget_type=\"text-editor.default\">\n\t\t\t\t<div class=\"elementor-widget-container\">\n\t\t\t\t\t\t\t\t\t<p>Comprender estos t\u00e9rminos clave de <a title=\"\u00bfQu\u00e9 es la contabilidad?\" href=\"https:\/\/finanedi.es\/blog\/que-es-la-contabilidad\/\" target=\"_blank\" rel=\"noopener\">contabilidad es esencial para cualquier persona involucrada en la gesti\u00f3n financiera<\/a> de una empresa. Estos conceptos no solo ayudan a mantener registros precisos, sino que tambi\u00e9n son fundamentales para tomar decisiones informadas y estrat\u00e9gicas. La contabilidad proporciona una base s\u00f3lida para evaluar la salud financiera de una empresa, planificar su crecimiento y asegurar su \u00e9xito a largo plazo.<\/p>\t\t\t\t\t\t\t\t<\/div>\n\t\t\t\t<\/div>\n\t\t\t\t\t<\/div>\n\t\t\t\t<\/div>\n\t\t<div class=\"elementor-element elementor-element-2433f3d e-flex e-con-boxed e-con e-parent\" data-id=\"2433f3d\" data-element_type=\"container\">\n\t\t\t\t\t<div class=\"e-con-inner\">\n\t\t\t\t<div class=\"elementor-element elementor-element-3871bcf elementor-widget elementor-widget-katen-post-five\" data-id=\"3871bcf\" data-element_type=\"widget\" data-widget_type=\"katen-post-five.default\">\n\t\t\t\t<div class=\"elementor-widget-container\">\n\t\t\t\t\t\t\t<div class=\"padding-30 rounded bordered\">\n\n\t\t\t<div class=\"row infinite-wrapper\">\n\n\t\t\t\n\t\t\t\t<div class=\"col-md-12 col-sm-6 post-list-item post-item\">\n\t\t\t\t\t<!-- post -->\n\t\t\t\t\t<div class=\"post post-list clearfix\">\n\n\t\t\t\t\t\t<div class=\"thumb rounded\"><div class=\"inner\"><a href=\"https:\/\/finanedi.es\/blog\/que-gastos-son-deducibles-para-autonomos-y-empresas\/\"><img decoding=\"async\" width=\"330\" height=\"250\" src=\"https:\/\/finanedi.es\/blog\/contenido\/uploads\/2025\/10\/Que-gastos-son-deducibles-para-autonomos-y-empresas-330x250.jpg\" class=\"attachment-katen-thumb-list size-katen-thumb-list wp-post-image\" alt=\"Qu\u00e9 gastos son deducibles para aut\u00f3nomos y empresas\" \/><\/a><\/div><\/div>  \n\n\t\t\t\t\t\t<div class=\"details clearfix\">\n\t\t\t\t\t\t\t<ul class=\"meta list-inline mb-3\">\n\t\t\t\t\t\t\t\t<li class=\"list-inline-item\"><a href=\"https:\/\/finanedi.es\/blog\/category\/contabilidad\/\">Contabilidad<\/a><\/li>\t\t\t\t\t\t\t<\/ul>\n\t\t\t\t\t\t\t<h5 class=\"post-title\"><a href=\"https:\/\/finanedi.es\/blog\/que-gastos-son-deducibles-para-autonomos-y-empresas\/\">Qu\u00e9 gastos son deducibles para aut\u00f3nomos y empresas<\/a><\/h5>\n\t\t\t\t\t\t\t<p class=\"excerpt mb-0\">\n\t\t\t\t\t\t\t\tLlevar la contabilidad al d\u00eda no es solo una cuesti\u00f3n de orden: tambi\u00e9n puede marcar&hellip;\t\t\t\t\t\t\t<\/p>\n\t\t\t\t\t\t\t<div class=\"post-bottom clearfix d-flex align-items-center\">\n\t\t\t\t\t\t\t\t\t\t\t\t\t\t\t\t\t\t\t\t\t\t\t<\/div>\n\t\t\t\t\t\t<\/div>\n\t\t\t\t\t<\/div>\n\t\t\t\t<\/div>\n\n\t\t\t\n\t\t\t\t<div class=\"col-md-12 col-sm-6 post-list-item post-item\">\n\t\t\t\t\t<!-- post -->\n\t\t\t\t\t<div class=\"post post-list clearfix\">\n\n\t\t\t\t\t\t<div class=\"thumb rounded\"><div class=\"inner\"><a href=\"https:\/\/finanedi.es\/blog\/impuesto-de-sociedades-lo-que-toda-pyme-debe-saber-para-optimizar-su-fiscalidad\/\"><img decoding=\"async\" width=\"330\" height=\"250\" src=\"https:\/\/finanedi.es\/blog\/contenido\/uploads\/2025\/10\/Impuesto-de-Sociedades-lo-que-toda-pyme-debe-saber-para-optimizar-su-fiscalidad-330x250.jpg\" class=\"attachment-katen-thumb-list size-katen-thumb-list wp-post-image\" alt=\"Impuesto de Sociedades lo que toda pyme debe saber para optimizar su fiscalidad\" \/><\/a><\/div><\/div>  \n\n\t\t\t\t\t\t<div class=\"details clearfix\">\n\t\t\t\t\t\t\t<ul class=\"meta list-inline mb-3\">\n\t\t\t\t\t\t\t\t<li class=\"list-inline-item\"><a href=\"https:\/\/finanedi.es\/blog\/category\/contabilidad\/\">Contabilidad<\/a><\/li>\t\t\t\t\t\t\t<\/ul>\n\t\t\t\t\t\t\t<h5 class=\"post-title\"><a href=\"https:\/\/finanedi.es\/blog\/impuesto-de-sociedades-lo-que-toda-pyme-debe-saber-para-optimizar-su-fiscalidad\/\">Impuesto de Sociedades: lo que toda pyme debe saber para optimizar su fiscalidad<\/a><\/h5>\n\t\t\t\t\t\t\t<p class=\"excerpt mb-0\">\n\t\t\t\t\t\t\t\tCada a\u00f1o, miles de empresas espa\u00f1olas se enfrentan al mismo reto: presentar el Impuesto de&hellip;\t\t\t\t\t\t\t<\/p>\n\t\t\t\t\t\t\t<div class=\"post-bottom clearfix d-flex align-items-center\">\n\t\t\t\t\t\t\t\t\t\t\t\t\t\t\t\t\t\t\t\t\t\t\t<\/div>\n\t\t\t\t\t\t<\/div>\n\t\t\t\t\t<\/div>\n\t\t\t\t<\/div>\n\n\t\t\t\n\t\t\t\t<div class=\"col-md-12 col-sm-6 post-list-item post-item\">\n\t\t\t\t\t<!-- post -->\n\t\t\t\t\t<div class=\"post post-list clearfix\">\n\n\t\t\t\t\t\t<div class=\"thumb rounded\"><div class=\"inner\"><a href=\"https:\/\/finanedi.es\/blog\/que-es-el-codigo-irus-en-el-deposito-de-cuentas-anuales\/\"><img loading=\"lazy\" decoding=\"async\" width=\"330\" height=\"250\" src=\"https:\/\/finanedi.es\/blog\/contenido\/uploads\/2025\/07\/Que-es-el-codigo-IRUS-en-el-deposito-de-cuentas-anuales-330x250.jpg\" class=\"attachment-katen-thumb-list size-katen-thumb-list wp-post-image\" alt=\"\u00bfQu\u00e9 es el c\u00f3digo IRUS en el dep\u00f3sito de cuentas anuales\" \/><\/a><\/div><\/div>  \n\n\t\t\t\t\t\t<div class=\"details clearfix\">\n\t\t\t\t\t\t\t<ul class=\"meta list-inline mb-3\">\n\t\t\t\t\t\t\t\t<li class=\"list-inline-item\"><a href=\"https:\/\/finanedi.es\/blog\/category\/contabilidad\/\">Contabilidad<\/a><\/li>\t\t\t\t\t\t\t<\/ul>\n\t\t\t\t\t\t\t<h5 class=\"post-title\"><a href=\"https:\/\/finanedi.es\/blog\/que-es-el-codigo-irus-en-el-deposito-de-cuentas-anuales\/\">\u00bfQu\u00e9 es el c\u00f3digo IRUS en el dep\u00f3sito de cuentas anuales?<\/a><\/h5>\n\t\t\t\t\t\t\t<p class=\"excerpt mb-0\">\n\t\t\t\t\t\t\t\tCuando una empresa presenta sus cuentas anuales en el Registro Mercantil, es com\u00fan encontrarse con&hellip;\t\t\t\t\t\t\t<\/p>\n\t\t\t\t\t\t\t<div class=\"post-bottom clearfix d-flex align-items-center\">\n\t\t\t\t\t\t\t\t\t\t\t\t\t\t\t\t\t\t\t\t\t\t\t<\/div>\n\t\t\t\t\t\t<\/div>\n\t\t\t\t\t<\/div>\n\t\t\t\t<\/div>\n\n\t\t\t\n\t\t\t\t<div class=\"col-md-12 col-sm-6 post-list-item post-item\">\n\t\t\t\t\t<!-- post -->\n\t\t\t\t\t<div class=\"post post-list clearfix\">\n\n\t\t\t\t\t\t<div class=\"thumb rounded\"><div class=\"inner\"><a href=\"https:\/\/finanedi.es\/blog\/errores-contables-frecuentes-al-usar-excel-como-programa-de-facturacion\/\"><img loading=\"lazy\" decoding=\"async\" width=\"330\" height=\"250\" src=\"https:\/\/finanedi.es\/blog\/contenido\/uploads\/2025\/07\/Errores-contables-frecuentes-al-usar-Excel-como-programa-de-facturacion-330x250.jpg\" class=\"attachment-katen-thumb-list size-katen-thumb-list wp-post-image\" alt=\"Errores contables frecuentes al usar Excel como programa de facturaci\u00f3n\" \/><\/a><\/div><\/div>  \n\n\t\t\t\t\t\t<div class=\"details clearfix\">\n\t\t\t\t\t\t\t<ul class=\"meta list-inline mb-3\">\n\t\t\t\t\t\t\t\t<li class=\"list-inline-item\"><a href=\"https:\/\/finanedi.es\/blog\/category\/contabilidad\/\">Contabilidad<\/a><\/li>\t\t\t\t\t\t\t<\/ul>\n\t\t\t\t\t\t\t<h5 class=\"post-title\"><a href=\"https:\/\/finanedi.es\/blog\/errores-contables-frecuentes-al-usar-excel-como-programa-de-facturacion\/\">Errores contables frecuentes al usar Excel como programa de facturaci\u00f3n<\/a><\/h5>\n\t\t\t\t\t\t\t<p class=\"excerpt mb-0\">\n\t\t\t\t\t\t\t\tExcel es, sin duda, una de las herramientas m\u00e1s utilizadas por aut\u00f3nomos y peque\u00f1as empresas&hellip;\t\t\t\t\t\t\t<\/p>\n\t\t\t\t\t\t\t<div class=\"post-bottom clearfix d-flex align-items-center\">\n\t\t\t\t\t\t\t\t\t\t\t\t\t\t\t\t\t\t\t\t\t\t\t<\/div>\n\t\t\t\t\t\t<\/div>\n\t\t\t\t\t<\/div>\n\t\t\t\t<\/div>\n\n\t\t\t\n\t\t\t<\/div>\n\n\t\t<\/div>\n\t\t\n        \t\t\t\t<\/div>\n\t\t\t\t<\/div>\n\t\t\t\t\t<\/div>\n\t\t\t\t<\/div>\n\t\t<div class=\"elementor-element elementor-element-eb8231f e-flex e-con-boxed e-con e-parent\" data-id=\"eb8231f\" data-element_type=\"container\">\n\t\t\t\t\t<div class=\"e-con-inner\">\n\t\t\t\t<div class=\"elementor-element elementor-element-709abcd elementor-widget elementor-widget-katen-post-two\" data-id=\"709abcd\" data-element_type=\"widget\" data-widget_type=\"katen-post-two.default\">\n\t\t\t\t<div class=\"elementor-widget-container\">\n\t\t\t\t\t\n\t\t<div class=\"padding-30 rounded bordered\">\n\n\t\t\t<div class=\"row gy-5\">\n\n\t\t\t\t\t\t\t<div class=\"col-sm-6\">\n\t\t\t\t\t<!-- post -->\n\t\t\t\t\t<div class=\"post\">\n\t\t\t\t\t\t<div class=\"thumb rounded\">\n\t\t\t\t\t\t\t<a href=\"https:\/\/finanedi.es\/blog\/category\/facturacion\/\" class=\"category-badge position-absolute\">Facturaci\u00f3n<\/a><a href=\"https:\/\/finanedi.es\/blog\/5-tips-para-estar-preparado-para-verifactu\/\"><div class=\"inner\"><img loading=\"lazy\" decoding=\"async\" width=\"325\" height=\"233\" src=\"https:\/\/finanedi.es\/blog\/contenido\/uploads\/2025\/10\/5-tips-para-estar-preparado-para-VeriFactu-325x233.jpg\" class=\"attachment-katen-thumb-featured-sm size-katen-thumb-featured-sm wp-post-image\" alt=\"5 tips para estar preparado para VeriFactu\" srcset=\"https:\/\/finanedi.es\/blog\/contenido\/uploads\/2025\/10\/5-tips-para-estar-preparado-para-VeriFactu-325x233.jpg 325w, https:\/\/finanedi.es\/blog\/contenido\/uploads\/2025\/10\/5-tips-para-estar-preparado-para-VeriFactu-750x540.jpg 750w, https:\/\/finanedi.es\/blog\/contenido\/uploads\/2025\/10\/5-tips-para-estar-preparado-para-VeriFactu-110x80.jpg 110w\" sizes=\"(max-width: 325px) 100vw, 325px\" \/><\/div><\/a>\t\t\t\t\t\t<\/div>\n\t\t\t\t\t\t<ul class=\"meta list-inline mt-4 mb-0\">\n\t\t\t\t\t\t\t\t\t\t\t\t\t\t\t\t\t\t\t\t\t\t<li class=\"list-inline-item\">29 de octubre de 2025<\/li>\n\t\t\t\t\t\t\t\t\t\t\t\t\t<\/ul>\n\t\t\t\t\t\t<h5 class=\"post-title mb-3 mt-3\"><a href=\"https:\/\/finanedi.es\/blog\/5-tips-para-estar-preparado-para-verifactu\/\">5 tips para estar preparado para VeriFactu<\/a><\/h5>\n\t\t\t\t\t\t<p class=\"excerpt mb-0\">\n\t\t\t\t\t\t\tLa facturaci\u00f3n electr\u00f3nica est\u00e1 viviendo una transformaci\u00f3n decisiva con la llegada de VeriFactu, el nuevo sistema de control de facturaci\u00f3n&hellip;\t\t\t\t\t\t<\/p>\n\t\t\t\t\t<\/div>\n\t\t\t\t<\/div>\n\n\t\t\t\t<div class=\"col-sm-6\">\n\n\t\t\t\t\t\t\t\t\t\n\t\t\t\t\t<!-- post -->\n\t\t\t\t\t<div class=\"post post-list-sm square\">\n\t\t\t\t\t\t<div class=\"thumb rounded\"><a href=\"https:\/\/finanedi.es\/blog\/que-sanciones-existen-por-no-emitir-factura-electronica\/\"><div class=\"inner\"><img loading=\"lazy\" decoding=\"async\" width=\"110\" height=\"80\" src=\"https:\/\/finanedi.es\/blog\/contenido\/uploads\/2025\/10\/Que-sanciones-existen-por-no-emitir-factura-electronica-110x80.jpg\" class=\"attachment-katen-thumb-list-sm size-katen-thumb-list-sm wp-post-image\" alt=\"Qu\u00e9 sanciones existen por no emitir factura electr\u00f3nica\" srcset=\"https:\/\/finanedi.es\/blog\/contenido\/uploads\/2025\/10\/Que-sanciones-existen-por-no-emitir-factura-electronica-110x80.jpg 110w, https:\/\/finanedi.es\/blog\/contenido\/uploads\/2025\/10\/Que-sanciones-existen-por-no-emitir-factura-electronica-750x540.jpg 750w, https:\/\/finanedi.es\/blog\/contenido\/uploads\/2025\/10\/Que-sanciones-existen-por-no-emitir-factura-electronica-325x233.jpg 325w\" sizes=\"(max-width: 110px) 100vw, 110px\" \/><\/div><\/a><\/div>\t\t\t\t\t\t<div class=\"details clearfix\">\n\t\t\t\t\t\t\t<h6 class=\"post-title my-0\"><a href=\"https:\/\/finanedi.es\/blog\/que-sanciones-existen-por-no-emitir-factura-electronica\/\">Qu\u00e9 sanciones existen por no emitir factura electr\u00f3nica<\/a><\/h6>\n\t\t\t\t\t\t\t<ul class=\"meta list-inline mt-1 mb-0\">\n\t\t\t\t\t\t\t\t\t\t\t\t\t\t\t\t\t<li class=\"list-inline-item\">27 de octubre de 2025<\/li>\n\t\t\t\t\t\t\t\t\t\t\t\t\t\t\t<\/ul>\n\t\t\t\t\t\t<\/div>\n\t\t\t\t\t<\/div>\n\n\t\t\t\t\t\t\t\t\n\t\t\t\t\t<!-- post -->\n\t\t\t\t\t<div class=\"post post-list-sm square\">\n\t\t\t\t\t\t<div class=\"thumb rounded\"><a href=\"https:\/\/finanedi.es\/blog\/que-debe-incluir-una-factura-electronica-segun-la-ley\/\"><div class=\"inner\"><img loading=\"lazy\" decoding=\"async\" width=\"110\" height=\"80\" src=\"https:\/\/finanedi.es\/blog\/contenido\/uploads\/2025\/10\/Que-debe-incluir-una-factura-electronica-segun-la-ley-110x80.jpg\" class=\"attachment-katen-thumb-list-sm size-katen-thumb-list-sm wp-post-image\" alt=\"Qu\u00e9 debe incluir una factura electr\u00f3nica seg\u00fan la ley\" srcset=\"https:\/\/finanedi.es\/blog\/contenido\/uploads\/2025\/10\/Que-debe-incluir-una-factura-electronica-segun-la-ley-110x80.jpg 110w, https:\/\/finanedi.es\/blog\/contenido\/uploads\/2025\/10\/Que-debe-incluir-una-factura-electronica-segun-la-ley-750x540.jpg 750w, https:\/\/finanedi.es\/blog\/contenido\/uploads\/2025\/10\/Que-debe-incluir-una-factura-electronica-segun-la-ley-325x233.jpg 325w\" sizes=\"(max-width: 110px) 100vw, 110px\" \/><\/div><\/a><\/div>\t\t\t\t\t\t<div class=\"details clearfix\">\n\t\t\t\t\t\t\t<h6 class=\"post-title my-0\"><a href=\"https:\/\/finanedi.es\/blog\/que-debe-incluir-una-factura-electronica-segun-la-ley\/\">Qu\u00e9 debe incluir una factura electr\u00f3nica seg\u00fan la ley<\/a><\/h6>\n\t\t\t\t\t\t\t<ul class=\"meta list-inline mt-1 mb-0\">\n\t\t\t\t\t\t\t\t\t\t\t\t\t\t\t\t\t<li class=\"list-inline-item\">23 de octubre de 2025<\/li>\n\t\t\t\t\t\t\t\t\t\t\t\t\t\t\t<\/ul>\n\t\t\t\t\t\t<\/div>\n\t\t\t\t\t<\/div>\n\n\t\t\t\t\t\t\t\t\n\t\t\t\t\t<!-- post -->\n\t\t\t\t\t<div class=\"post post-list-sm square\">\n\t\t\t\t\t\t<div class=\"thumb rounded\"><a href=\"https:\/\/finanedi.es\/blog\/ventajas-de-digitalizar-tu-pyme-y-adaptarte-a-verifactu-antes-de-que-sea-obligatorio\/\"><div class=\"inner\"><img loading=\"lazy\" decoding=\"async\" width=\"110\" height=\"80\" src=\"https:\/\/finanedi.es\/blog\/contenido\/uploads\/2025\/10\/Ventajas-de-digitalizar-tu-pyme-y-adaptarte-a-VeriFactu-antes-de-que-sea-obligatorio-110x80.jpg\" class=\"attachment-katen-thumb-list-sm size-katen-thumb-list-sm wp-post-image\" alt=\"Ventajas de digitalizar tu pyme y adaptarte a VeriFactu antes de que sea obligatorio\" srcset=\"https:\/\/finanedi.es\/blog\/contenido\/uploads\/2025\/10\/Ventajas-de-digitalizar-tu-pyme-y-adaptarte-a-VeriFactu-antes-de-que-sea-obligatorio-110x80.jpg 110w, https:\/\/finanedi.es\/blog\/contenido\/uploads\/2025\/10\/Ventajas-de-digitalizar-tu-pyme-y-adaptarte-a-VeriFactu-antes-de-que-sea-obligatorio-750x540.jpg 750w, https:\/\/finanedi.es\/blog\/contenido\/uploads\/2025\/10\/Ventajas-de-digitalizar-tu-pyme-y-adaptarte-a-VeriFactu-antes-de-que-sea-obligatorio-325x233.jpg 325w\" sizes=\"(max-width: 110px) 100vw, 110px\" \/><\/div><\/a><\/div>\t\t\t\t\t\t<div class=\"details clearfix\">\n\t\t\t\t\t\t\t<h6 class=\"post-title my-0\"><a href=\"https:\/\/finanedi.es\/blog\/ventajas-de-digitalizar-tu-pyme-y-adaptarte-a-verifactu-antes-de-que-sea-obligatorio\/\">Ventajas de digitalizar tu pyme y adaptarte a VeriFactu antes de que sea obligatorio<\/a><\/h6>\n\t\t\t\t\t\t\t<ul class=\"meta list-inline mt-1 mb-0\">\n\t\t\t\t\t\t\t\t\t\t\t\t\t\t\t\t\t<li class=\"list-inline-item\">20 de octubre de 2025<\/li>\n\t\t\t\t\t\t\t\t\t\t\t\t\t\t\t<\/ul>\n\t\t\t\t\t\t<\/div>\n\t\t\t\t\t<\/div>\n\n\t\t\t\t\t\t\t\t\n\t\t\t\t\t<!-- post -->\n\t\t\t\t\t<div class=\"post post-list-sm square\">\n\t\t\t\t\t\t<div class=\"thumb rounded\"><a href=\"https:\/\/finanedi.es\/blog\/como-elegir-el-mejor-programa-de-facturacion-gratuita-para-tu-pyme\/\"><div class=\"inner\"><img loading=\"lazy\" decoding=\"async\" width=\"110\" height=\"80\" src=\"https:\/\/finanedi.es\/blog\/contenido\/uploads\/2025\/10\/Como-elegir-el-mejor-programa-de-facturacion-gratuita-para-tu-pyme-110x80.jpg\" class=\"attachment-katen-thumb-list-sm size-katen-thumb-list-sm wp-post-image\" alt=\"C\u00f3mo elegir el mejor programa de facturaci\u00f3n gratuita para tu pyme\" srcset=\"https:\/\/finanedi.es\/blog\/contenido\/uploads\/2025\/10\/Como-elegir-el-mejor-programa-de-facturacion-gratuita-para-tu-pyme-110x80.jpg 110w, https:\/\/finanedi.es\/blog\/contenido\/uploads\/2025\/10\/Como-elegir-el-mejor-programa-de-facturacion-gratuita-para-tu-pyme-750x540.jpg 750w, https:\/\/finanedi.es\/blog\/contenido\/uploads\/2025\/10\/Como-elegir-el-mejor-programa-de-facturacion-gratuita-para-tu-pyme-325x233.jpg 325w\" sizes=\"(max-width: 110px) 100vw, 110px\" \/><\/div><\/a><\/div>\t\t\t\t\t\t<div class=\"details clearfix\">\n\t\t\t\t\t\t\t<h6 class=\"post-title my-0\"><a href=\"https:\/\/finanedi.es\/blog\/como-elegir-el-mejor-programa-de-facturacion-gratuita-para-tu-pyme\/\">C\u00f3mo elegir el mejor programa de facturaci\u00f3n gratuita para tu pyme<\/a><\/h6>\n\t\t\t\t\t\t\t<ul class=\"meta list-inline mt-1 mb-0\">\n\t\t\t\t\t\t\t\t\t\t\t\t\t\t\t\t\t<li class=\"list-inline-item\">17 de octubre de 2025<\/li>\n\t\t\t\t\t\t\t\t\t\t\t\t\t\t\t<\/ul>\n\t\t\t\t\t\t<\/div>\n\t\t\t\t\t<\/div>\n\n\t\t\t<\/div>\n\n\t\t\n\t\t\t\t\n\t\t\t\t\t<\/div>\n\n\t\t<\/div>\n\n        \t\t\t\t<\/div>\n\t\t\t\t<\/div>\n\t\t\t\t\t<\/div>\n\t\t\t\t<\/div>\n\t\t\t\t<\/div>\n\t\t","protected":false},"excerpt":{"rendered":"<p>Comprender estos t\u00e9rminos clave de contabilidad es esencial para cualquier persona involucrada en la gesti\u00f3n financiera de una empresa.<\/p>\n","protected":false},"author":3,"featured_media":1702,"comment_status":"closed","ping_status":"closed","sticky":false,"template":"","format":"standard","meta":{"_monsterinsights_skip_tracking":false,"_monsterinsights_sitenote_active":false,"_monsterinsights_sitenote_note":"","_monsterinsights_sitenote_category":0,"footnotes":""},"categories":[6],"tags":[],"class_list":["post-1700","post","type-post","status-publish","format-standard","has-post-thumbnail","hentry","category-contabilidad"],"yoast_head":"<!-- This site is optimized with the Yoast SEO plugin v26.2 - https:\/\/yoast.com\/wordpress\/plugins\/seo\/ -->\n<title>10 T\u00e9rminos clave en contabilidad que debes conocer<\/title>\n<meta name=\"description\" content=\"Comprender estos t\u00e9rminos clave de contabilidad es esencial para cualquier persona involucrada en la gesti\u00f3n financiera de una empresa.\" \/>\n<meta name=\"robots\" content=\"index, follow, max-snippet:-1, max-image-preview:large, max-video-preview:-1\" \/>\n<link rel=\"canonical\" href=\"https:\/\/finanedi.es\/blog\/10-terminos-clave-en-contabilidad-que-debes-conocer\/\" \/>\n<meta property=\"og:locale\" content=\"es_ES\" \/>\n<meta property=\"og:type\" content=\"article\" \/>\n<meta property=\"og:title\" content=\"10 T\u00e9rminos clave en contabilidad que debes conocer\" \/>\n<meta property=\"og:description\" content=\"Comprender estos t\u00e9rminos clave de contabilidad es esencial para cualquier persona involucrada en la gesti\u00f3n financiera de una empresa.\" \/>\n<meta property=\"og:url\" content=\"https:\/\/finanedi.es\/blog\/10-terminos-clave-en-contabilidad-que-debes-conocer\/\" \/>\n<meta property=\"og:site_name\" content=\"Blog para pymes y aut\u00f3nomos - FinanEDI\" \/>\n<meta property=\"article:published_time\" content=\"2024-07-09T05:59:21+00:00\" \/>\n<meta property=\"article:modified_time\" content=\"2024-08-29T07:59:24+00:00\" \/>\n<meta property=\"og:image\" content=\"https:\/\/finanedi.es\/blog\/contenido\/uploads\/2024\/07\/10-Terminos-clave-en-contabilidad-que-debes-conocer.jpg\" \/>\n\t<meta property=\"og:image:width\" content=\"2000\" \/>\n\t<meta property=\"og:image:height\" content=\"1334\" \/>\n\t<meta property=\"og:image:type\" content=\"image\/jpeg\" \/>\n<meta name=\"author\" content=\"restevez\" \/>\n<meta name=\"twitter:card\" content=\"summary_large_image\" \/>\n<meta name=\"twitter:label1\" content=\"Escrito por\" \/>\n\t<meta name=\"twitter:data1\" content=\"restevez\" \/>\n\t<meta name=\"twitter:label2\" content=\"Tiempo de lectura\" \/>\n\t<meta name=\"twitter:data2\" content=\"7 minutos\" \/>\n<script type=\"application\/ld+json\" class=\"yoast-schema-graph\">{\"@context\":\"https:\/\/schema.org\",\"@graph\":[{\"@type\":\"Article\",\"@id\":\"https:\/\/finanedi.es\/blog\/10-terminos-clave-en-contabilidad-que-debes-conocer\/#article\",\"isPartOf\":{\"@id\":\"https:\/\/finanedi.es\/blog\/10-terminos-clave-en-contabilidad-que-debes-conocer\/\"},\"author\":{\"name\":\"restevez\",\"@id\":\"https:\/\/finanedi.es\/blog\/#\/schema\/person\/233ed58195d34f36f74f13ba1030ebd8\"},\"headline\":\"10 T\u00e9rminos clave en contabilidad que debes conocer\",\"datePublished\":\"2024-07-09T05:59:21+00:00\",\"dateModified\":\"2024-08-29T07:59:24+00:00\",\"mainEntityOfPage\":{\"@id\":\"https:\/\/finanedi.es\/blog\/10-terminos-clave-en-contabilidad-que-debes-conocer\/\"},\"wordCount\":1152,\"publisher\":{\"@id\":\"https:\/\/finanedi.es\/blog\/#organization\"},\"image\":{\"@id\":\"https:\/\/finanedi.es\/blog\/10-terminos-clave-en-contabilidad-que-debes-conocer\/#primaryimage\"},\"thumbnailUrl\":\"https:\/\/finanedi.es\/blog\/contenido\/uploads\/2024\/07\/10-Terminos-clave-en-contabilidad-que-debes-conocer.jpg\",\"articleSection\":[\"Contabilidad\"],\"inLanguage\":\"es\"},{\"@type\":\"WebPage\",\"@id\":\"https:\/\/finanedi.es\/blog\/10-terminos-clave-en-contabilidad-que-debes-conocer\/\",\"url\":\"https:\/\/finanedi.es\/blog\/10-terminos-clave-en-contabilidad-que-debes-conocer\/\",\"name\":\"10 T\u00e9rminos clave en contabilidad que debes conocer\",\"isPartOf\":{\"@id\":\"https:\/\/finanedi.es\/blog\/#website\"},\"primaryImageOfPage\":{\"@id\":\"https:\/\/finanedi.es\/blog\/10-terminos-clave-en-contabilidad-que-debes-conocer\/#primaryimage\"},\"image\":{\"@id\":\"https:\/\/finanedi.es\/blog\/10-terminos-clave-en-contabilidad-que-debes-conocer\/#primaryimage\"},\"thumbnailUrl\":\"https:\/\/finanedi.es\/blog\/contenido\/uploads\/2024\/07\/10-Terminos-clave-en-contabilidad-que-debes-conocer.jpg\",\"datePublished\":\"2024-07-09T05:59:21+00:00\",\"dateModified\":\"2024-08-29T07:59:24+00:00\",\"description\":\"Comprender estos t\u00e9rminos clave de contabilidad es esencial para cualquier persona involucrada en la gesti\u00f3n financiera de una empresa.\",\"breadcrumb\":{\"@id\":\"https:\/\/finanedi.es\/blog\/10-terminos-clave-en-contabilidad-que-debes-conocer\/#breadcrumb\"},\"inLanguage\":\"es\",\"potentialAction\":[{\"@type\":\"ReadAction\",\"target\":[\"https:\/\/finanedi.es\/blog\/10-terminos-clave-en-contabilidad-que-debes-conocer\/\"]}]},{\"@type\":\"ImageObject\",\"inLanguage\":\"es\",\"@id\":\"https:\/\/finanedi.es\/blog\/10-terminos-clave-en-contabilidad-que-debes-conocer\/#primaryimage\",\"url\":\"https:\/\/finanedi.es\/blog\/contenido\/uploads\/2024\/07\/10-Terminos-clave-en-contabilidad-que-debes-conocer.jpg\",\"contentUrl\":\"https:\/\/finanedi.es\/blog\/contenido\/uploads\/2024\/07\/10-Terminos-clave-en-contabilidad-que-debes-conocer.jpg\",\"width\":2000,\"height\":1334,\"caption\":\"10 T\u00e9rminos clave en contabilidad que debes conocer\"},{\"@type\":\"BreadcrumbList\",\"@id\":\"https:\/\/finanedi.es\/blog\/10-terminos-clave-en-contabilidad-que-debes-conocer\/#breadcrumb\",\"itemListElement\":[{\"@type\":\"ListItem\",\"position\":1,\"name\":\"Home\",\"item\":\"https:\/\/finanedi.es\/blog\/\"},{\"@type\":\"ListItem\",\"position\":2,\"name\":\"10 T\u00e9rminos clave en contabilidad que debes conocer\"}]},{\"@type\":\"WebSite\",\"@id\":\"https:\/\/finanedi.es\/blog\/#website\",\"url\":\"https:\/\/finanedi.es\/blog\/\",\"name\":\"Blog para pymes y aut\u00f3nomos - FinanEDI\",\"description\":\"Blog para aut\u00f3nomos y PYMES, sobre temas como facturaci\u00f3n, contabilidad, tecnolog\u00eda.\",\"publisher\":{\"@id\":\"https:\/\/finanedi.es\/blog\/#organization\"},\"potentialAction\":[{\"@type\":\"SearchAction\",\"target\":{\"@type\":\"EntryPoint\",\"urlTemplate\":\"https:\/\/finanedi.es\/blog\/?s={search_term_string}\"},\"query-input\":{\"@type\":\"PropertyValueSpecification\",\"valueRequired\":true,\"valueName\":\"search_term_string\"}}],\"inLanguage\":\"es\"},{\"@type\":\"Organization\",\"@id\":\"https:\/\/finanedi.es\/blog\/#organization\",\"name\":\"Blog para pymes y aut\u00f3nomos - FinanEDI\",\"url\":\"https:\/\/finanedi.es\/blog\/\",\"logo\":{\"@type\":\"ImageObject\",\"inLanguage\":\"es\",\"@id\":\"https:\/\/finanedi.es\/blog\/#\/schema\/logo\/image\/\",\"url\":\"https:\/\/finanedi.es\/blog\/contenido\/uploads\/2024\/02\/FinanEdiAzul1.svg\",\"contentUrl\":\"https:\/\/finanedi.es\/blog\/contenido\/uploads\/2024\/02\/FinanEdiAzul1.svg\",\"width\":142,\"height\":36,\"caption\":\"Blog para pymes y aut\u00f3nomos - FinanEDI\"},\"image\":{\"@id\":\"https:\/\/finanedi.es\/blog\/#\/schema\/logo\/image\/\"}},{\"@type\":\"Person\",\"@id\":\"https:\/\/finanedi.es\/blog\/#\/schema\/person\/233ed58195d34f36f74f13ba1030ebd8\",\"name\":\"restevez\",\"image\":{\"@type\":\"ImageObject\",\"inLanguage\":\"es\",\"@id\":\"https:\/\/finanedi.es\/blog\/#\/schema\/person\/image\/\",\"url\":\"https:\/\/secure.gravatar.com\/avatar\/6c4880db9746e4aa887a98e0ebf657788804dc4280120ef10331a2e6ebb4a9a0?s=96&d=mm&r=g\",\"contentUrl\":\"https:\/\/secure.gravatar.com\/avatar\/6c4880db9746e4aa887a98e0ebf657788804dc4280120ef10331a2e6ebb4a9a0?s=96&d=mm&r=g\",\"caption\":\"restevez\"},\"url\":\"https:\/\/finanedi.es\/blog\/author\/restevez\/\"}]}<\/script>\n<!-- \/ Yoast SEO plugin. -->","yoast_head_json":{"title":"10 T\u00e9rminos clave en contabilidad que debes conocer","description":"Comprender estos t\u00e9rminos clave de contabilidad es esencial para cualquier persona involucrada en la gesti\u00f3n financiera de una empresa.","robots":{"index":"index","follow":"follow","max-snippet":"max-snippet:-1","max-image-preview":"max-image-preview:large","max-video-preview":"max-video-preview:-1"},"canonical":"https:\/\/finanedi.es\/blog\/10-terminos-clave-en-contabilidad-que-debes-conocer\/","og_locale":"es_ES","og_type":"article","og_title":"10 T\u00e9rminos clave en contabilidad que debes conocer","og_description":"Comprender estos t\u00e9rminos clave de contabilidad es esencial para cualquier persona involucrada en la gesti\u00f3n financiera de una empresa.","og_url":"https:\/\/finanedi.es\/blog\/10-terminos-clave-en-contabilidad-que-debes-conocer\/","og_site_name":"Blog para pymes y aut\u00f3nomos - FinanEDI","article_published_time":"2024-07-09T05:59:21+00:00","article_modified_time":"2024-08-29T07:59:24+00:00","og_image":[{"width":2000,"height":1334,"url":"https:\/\/finanedi.es\/blog\/contenido\/uploads\/2024\/07\/10-Terminos-clave-en-contabilidad-que-debes-conocer.jpg","type":"image\/jpeg"}],"author":"restevez","twitter_card":"summary_large_image","twitter_misc":{"Escrito por":"restevez","Tiempo de lectura":"7 minutos"},"schema":{"@context":"https:\/\/schema.org","@graph":[{"@type":"Article","@id":"https:\/\/finanedi.es\/blog\/10-terminos-clave-en-contabilidad-que-debes-conocer\/#article","isPartOf":{"@id":"https:\/\/finanedi.es\/blog\/10-terminos-clave-en-contabilidad-que-debes-conocer\/"},"author":{"name":"restevez","@id":"https:\/\/finanedi.es\/blog\/#\/schema\/person\/233ed58195d34f36f74f13ba1030ebd8"},"headline":"10 T\u00e9rminos clave en contabilidad que debes conocer","datePublished":"2024-07-09T05:59:21+00:00","dateModified":"2024-08-29T07:59:24+00:00","mainEntityOfPage":{"@id":"https:\/\/finanedi.es\/blog\/10-terminos-clave-en-contabilidad-que-debes-conocer\/"},"wordCount":1152,"publisher":{"@id":"https:\/\/finanedi.es\/blog\/#organization"},"image":{"@id":"https:\/\/finanedi.es\/blog\/10-terminos-clave-en-contabilidad-que-debes-conocer\/#primaryimage"},"thumbnailUrl":"https:\/\/finanedi.es\/blog\/contenido\/uploads\/2024\/07\/10-Terminos-clave-en-contabilidad-que-debes-conocer.jpg","articleSection":["Contabilidad"],"inLanguage":"es"},{"@type":"WebPage","@id":"https:\/\/finanedi.es\/blog\/10-terminos-clave-en-contabilidad-que-debes-conocer\/","url":"https:\/\/finanedi.es\/blog\/10-terminos-clave-en-contabilidad-que-debes-conocer\/","name":"10 T\u00e9rminos clave en contabilidad que debes conocer","isPartOf":{"@id":"https:\/\/finanedi.es\/blog\/#website"},"primaryImageOfPage":{"@id":"https:\/\/finanedi.es\/blog\/10-terminos-clave-en-contabilidad-que-debes-conocer\/#primaryimage"},"image":{"@id":"https:\/\/finanedi.es\/blog\/10-terminos-clave-en-contabilidad-que-debes-conocer\/#primaryimage"},"thumbnailUrl":"https:\/\/finanedi.es\/blog\/contenido\/uploads\/2024\/07\/10-Terminos-clave-en-contabilidad-que-debes-conocer.jpg","datePublished":"2024-07-09T05:59:21+00:00","dateModified":"2024-08-29T07:59:24+00:00","description":"Comprender estos t\u00e9rminos clave de contabilidad es esencial para cualquier persona involucrada en la gesti\u00f3n financiera de una empresa.","breadcrumb":{"@id":"https:\/\/finanedi.es\/blog\/10-terminos-clave-en-contabilidad-que-debes-conocer\/#breadcrumb"},"inLanguage":"es","potentialAction":[{"@type":"ReadAction","target":["https:\/\/finanedi.es\/blog\/10-terminos-clave-en-contabilidad-que-debes-conocer\/"]}]},{"@type":"ImageObject","inLanguage":"es","@id":"https:\/\/finanedi.es\/blog\/10-terminos-clave-en-contabilidad-que-debes-conocer\/#primaryimage","url":"https:\/\/finanedi.es\/blog\/contenido\/uploads\/2024\/07\/10-Terminos-clave-en-contabilidad-que-debes-conocer.jpg","contentUrl":"https:\/\/finanedi.es\/blog\/contenido\/uploads\/2024\/07\/10-Terminos-clave-en-contabilidad-que-debes-conocer.jpg","width":2000,"height":1334,"caption":"10 T\u00e9rminos clave en contabilidad que debes conocer"},{"@type":"BreadcrumbList","@id":"https:\/\/finanedi.es\/blog\/10-terminos-clave-en-contabilidad-que-debes-conocer\/#breadcrumb","itemListElement":[{"@type":"ListItem","position":1,"name":"Home","item":"https:\/\/finanedi.es\/blog\/"},{"@type":"ListItem","position":2,"name":"10 T\u00e9rminos clave en contabilidad que debes conocer"}]},{"@type":"WebSite","@id":"https:\/\/finanedi.es\/blog\/#website","url":"https:\/\/finanedi.es\/blog\/","name":"Blog para pymes y aut\u00f3nomos - FinanEDI","description":"Blog para aut\u00f3nomos y PYMES, sobre temas como facturaci\u00f3n, contabilidad, tecnolog\u00eda.","publisher":{"@id":"https:\/\/finanedi.es\/blog\/#organization"},"potentialAction":[{"@type":"SearchAction","target":{"@type":"EntryPoint","urlTemplate":"https:\/\/finanedi.es\/blog\/?s={search_term_string}"},"query-input":{"@type":"PropertyValueSpecification","valueRequired":true,"valueName":"search_term_string"}}],"inLanguage":"es"},{"@type":"Organization","@id":"https:\/\/finanedi.es\/blog\/#organization","name":"Blog para pymes y aut\u00f3nomos - FinanEDI","url":"https:\/\/finanedi.es\/blog\/","logo":{"@type":"ImageObject","inLanguage":"es","@id":"https:\/\/finanedi.es\/blog\/#\/schema\/logo\/image\/","url":"https:\/\/finanedi.es\/blog\/contenido\/uploads\/2024\/02\/FinanEdiAzul1.svg","contentUrl":"https:\/\/finanedi.es\/blog\/contenido\/uploads\/2024\/02\/FinanEdiAzul1.svg","width":142,"height":36,"caption":"Blog para pymes y aut\u00f3nomos - FinanEDI"},"image":{"@id":"https:\/\/finanedi.es\/blog\/#\/schema\/logo\/image\/"}},{"@type":"Person","@id":"https:\/\/finanedi.es\/blog\/#\/schema\/person\/233ed58195d34f36f74f13ba1030ebd8","name":"restevez","image":{"@type":"ImageObject","inLanguage":"es","@id":"https:\/\/finanedi.es\/blog\/#\/schema\/person\/image\/","url":"https:\/\/secure.gravatar.com\/avatar\/6c4880db9746e4aa887a98e0ebf657788804dc4280120ef10331a2e6ebb4a9a0?s=96&d=mm&r=g","contentUrl":"https:\/\/secure.gravatar.com\/avatar\/6c4880db9746e4aa887a98e0ebf657788804dc4280120ef10331a2e6ebb4a9a0?s=96&d=mm&r=g","caption":"restevez"},"url":"https:\/\/finanedi.es\/blog\/author\/restevez\/"}]}},"_links":{"self":[{"href":"https:\/\/finanedi.es\/blog\/wp-json\/wp\/v2\/posts\/1700","targetHints":{"allow":["GET"]}}],"collection":[{"href":"https:\/\/finanedi.es\/blog\/wp-json\/wp\/v2\/posts"}],"about":[{"href":"https:\/\/finanedi.es\/blog\/wp-json\/wp\/v2\/types\/post"}],"author":[{"embeddable":true,"href":"https:\/\/finanedi.es\/blog\/wp-json\/wp\/v2\/users\/3"}],"replies":[{"embeddable":true,"href":"https:\/\/finanedi.es\/blog\/wp-json\/wp\/v2\/comments?post=1700"}],"version-history":[{"count":31,"href":"https:\/\/finanedi.es\/blog\/wp-json\/wp\/v2\/posts\/1700\/revisions"}],"predecessor-version":[{"id":4946,"href":"https:\/\/finanedi.es\/blog\/wp-json\/wp\/v2\/posts\/1700\/revisions\/4946"}],"wp:featuredmedia":[{"embeddable":true,"href":"https:\/\/finanedi.es\/blog\/wp-json\/wp\/v2\/media\/1702"}],"wp:attachment":[{"href":"https:\/\/finanedi.es\/blog\/wp-json\/wp\/v2\/media?parent=1700"}],"wp:term":[{"taxonomy":"category","embeddable":true,"href":"https:\/\/finanedi.es\/blog\/wp-json\/wp\/v2\/categories?post=1700"},{"taxonomy":"post_tag","embeddable":true,"href":"https:\/\/finanedi.es\/blog\/wp-json\/wp\/v2\/tags?post=1700"}],"curies":[{"name":"wp","href":"https:\/\/api.w.org\/{rel}","templated":true}]}}