{"id":1914,"date":"2024-07-12T08:57:39","date_gmt":"2024-07-12T06:57:39","guid":{"rendered":"https:\/\/finanedi.es\/blog\/?p=1914"},"modified":"2025-05-21T08:51:02","modified_gmt":"2025-05-21T06:51:02","slug":"que-es-el-nif-numero-de-identificacion-fiscal","status":"publish","type":"post","link":"https:\/\/finanedi.es\/blog\/que-es-el-nif-numero-de-identificacion-fiscal\/","title":{"rendered":"\u00bfQu\u00e9 es el NIF? N\u00famero de Identificaci\u00f3n Fiscal"},"content":{"rendered":"\t\t<div data-elementor-type=\"wp-post\" data-elementor-id=\"1914\" class=\"elementor elementor-1914\">\n\t\t\t\t<div class=\"elementor-element elementor-element-f982c0f e-flex e-con-boxed e-con e-parent\" data-id=\"f982c0f\" data-element_type=\"container\">\n\t\t\t\t\t<div class=\"e-con-inner\">\n\t\t\t\t<div class=\"elementor-element elementor-element-97ceeb8 elementor-widget elementor-widget-text-editor\" data-id=\"97ceeb8\" data-element_type=\"widget\" data-widget_type=\"text-editor.default\">\n\t\t\t\t<div class=\"elementor-widget-container\">\n\t\t\t\t\t\t\t\t\t<p data-pm-slice=\"1 1 []\">El <strong>N\u00famero de Identificaci\u00f3n Fiscal<\/strong>, conocido como <strong>NIF<\/strong>, es un c\u00f3digo \u00fanico asignado por la Agencia Tributaria en Espa\u00f1a a personas f\u00edsicas y jur\u00eddicas para su identificaci\u00f3n fiscal. Este n\u00famero es imprescindible para realizar actividades econ\u00f3micas y administrativas, siendo obligatorio en cualquier transacci\u00f3n que implique obligaciones tributarias.<\/p>\t\t\t\t\t\t\t\t<\/div>\n\t\t\t\t<\/div>\n\t\t\t\t\t<\/div>\n\t\t\t\t<\/div>\n\t\t<div class=\"elementor-element elementor-element-9c81dcc e-flex e-con-boxed e-con e-parent\" data-id=\"9c81dcc\" data-element_type=\"container\">\n\t\t\t\t\t<div class=\"e-con-inner\">\n\t\t\t\t<div class=\"elementor-element elementor-element-5db4d44 elementor-widget elementor-widget-heading\" data-id=\"5db4d44\" data-element_type=\"widget\" data-widget_type=\"heading.default\">\n\t\t\t\t<div class=\"elementor-widget-container\">\n\t\t\t\t\t<h2 class=\"elementor-heading-title elementor-size-default\">\u00bfPara qu\u00e9 sirve el NIF?<\/h2>\t\t\t\t<\/div>\n\t\t\t\t<\/div>\n\t\t\t\t\t<\/div>\n\t\t\t\t<\/div>\n\t\t<div class=\"elementor-element elementor-element-bb6e760 e-flex e-con-boxed e-con e-parent\" data-id=\"bb6e760\" data-element_type=\"container\">\n\t\t\t\t\t<div class=\"e-con-inner\">\n\t\t\t\t<div class=\"elementor-element elementor-element-cc3467c elementor-widget elementor-widget-text-editor\" data-id=\"cc3467c\" data-element_type=\"widget\" data-widget_type=\"text-editor.default\">\n\t\t\t\t<div class=\"elementor-widget-container\">\n\t\t\t\t\t\t\t\t\t<p data-pm-slice=\"1 1 []\">Cumple un papel fundamental en el \u00e1mbito fiscal y administrativo. Algunas de sus aplicaciones m\u00e1s importantes son:<\/p>\t\t\t\t\t\t\t\t<\/div>\n\t\t\t\t<\/div>\n\t\t\t\t<div class=\"elementor-element elementor-element-b49b877 elementor-widget elementor-widget-text-editor\" data-id=\"b49b877\" data-element_type=\"widget\" data-widget_type=\"text-editor.default\">\n\t\t\t\t<div class=\"elementor-widget-container\">\n\t\t\t\t\t\t\t\t\t<ul data-spread=\"false\" data-pm-slice=\"3 3 []\">\n<li>\n<p><strong>Declaraci\u00f3n de impuestos<\/strong>: Todas las personas y entidades deben incluir su NIF en las declaraciones tributarias presentadas ante la <a href=\"https:\/\/sede.agenciatributaria.gob.es\/\" target=\"_blank\" rel=\"noopener\">Agencia Tributaria<\/a>.<\/p>\n<\/li>\n<li>\n<p><strong>Emisi\u00f3n de facturas<\/strong>: El NIF debe figurar en todas las facturas emitidas y recibidas, tanto en transacciones nacionales como internacionales.<\/p>\n<\/li>\n<li>\n<p><strong>Apertura de cuentas bancarias<\/strong>: Es un requisito indispensable para abrir cuentas en entidades bancarias espa\u00f1olas.<\/p>\n<\/li>\n<li>\n<p><strong>Transacciones comerciales<\/strong>: Se utiliza en contratos, compras, ventas y cualquier otra operaci\u00f3n comercial.<\/p>\n<\/li>\n<li>\n<p><strong>Registro de propiedades<\/strong>: Es imprescindible para registrar bienes inmuebles y otros activos.<\/p>\n<\/li>\n<li>\n<p><strong>Relaci\u00f3n con la Administraci\u00f3n Tributaria<\/strong>: Para cualquier gesti\u00f3n fiscal o administrativa, es necesario contar con el NIF.<\/p>\n<\/li>\n<\/ul>\t\t\t\t\t\t\t\t<\/div>\n\t\t\t\t<\/div>\n\t\t\t\t\t<\/div>\n\t\t\t\t<\/div>\n\t\t<div class=\"elementor-element elementor-element-4c43262 e-flex e-con-boxed e-con e-parent\" data-id=\"4c43262\" data-element_type=\"container\">\n\t\t\t\t\t<div class=\"e-con-inner\">\n\t\t\t\t<div class=\"elementor-element elementor-element-2a8932f elementor-widget elementor-widget-spacer\" data-id=\"2a8932f\" data-element_type=\"widget\" data-widget_type=\"spacer.default\">\n\t\t\t\t<div class=\"elementor-widget-container\">\n\t\t\t\t\t\t\t<div class=\"elementor-spacer\">\n\t\t\t<div class=\"elementor-spacer-inner\"><\/div>\n\t\t<\/div>\n\t\t\t\t\t\t<\/div>\n\t\t\t\t<\/div>\n\t\t\t\t\t<\/div>\n\t\t\t\t<\/div>\n\t\t<div class=\"elementor-element elementor-element-71168ee e-flex e-con-boxed e-con e-parent\" data-id=\"71168ee\" data-element_type=\"container\">\n\t\t\t\t\t<div class=\"e-con-inner\">\n\t\t\t\t<div class=\"elementor-element elementor-element-8fea127 elementor-widget elementor-widget-heading\" data-id=\"8fea127\" data-element_type=\"widget\" data-widget_type=\"heading.default\">\n\t\t\t\t<div class=\"elementor-widget-container\">\n\t\t\t\t\t<h2 class=\"elementor-heading-title elementor-size-default\">Formato del n\u00famero de identificaci\u00f3n fiscal <\/h2>\t\t\t\t<\/div>\n\t\t\t\t<\/div>\n\t\t\t\t\t<\/div>\n\t\t\t\t<\/div>\n\t\t<div class=\"elementor-element elementor-element-1dd7e0a e-flex e-con-boxed e-con e-parent\" data-id=\"1dd7e0a\" data-element_type=\"container\">\n\t\t\t\t\t<div class=\"e-con-inner\">\n\t\t\t\t<div class=\"elementor-element elementor-element-4aad5f7 elementor-widget elementor-widget-text-editor\" data-id=\"4aad5f7\" data-element_type=\"widget\" data-widget_type=\"text-editor.default\">\n\t\t\t\t<div class=\"elementor-widget-container\">\n\t\t\t\t\t\t\t\t\t<p>El formato\u00a0var\u00eda dependiendo de si se trata de una persona f\u00edsica o jur\u00eddica:<\/p><ul><li><strong>Personas f\u00edsicas espa\u00f1olas<\/strong>: El NIF coincide con el n\u00famero del Documento Nacional de Identidad (DNI), a\u00f1adiendo una letra de control al final (por ejemplo, 12345678A).<\/li><li><strong>Personas jur\u00eddicas y entidades<\/strong>: El NIF comienza con una letra que indica el tipo de entidad, seguida de un n\u00famero. Por ejemplo, las sociedades an\u00f3nimas llevan la letra \u00abA\u00bb (A12345678), las sociedades limitadas llevan la letra \u00abB\u00bb (B12345678), y las asociaciones llevan la letra \u00abG\u00bb (G12345678).<\/li><\/ul>\t\t\t\t\t\t\t\t<\/div>\n\t\t\t\t<\/div>\n\t\t\t\t\t<\/div>\n\t\t\t\t<\/div>\n\t\t<div class=\"elementor-element elementor-element-ebc82f1 e-flex e-con-boxed e-con e-parent\" data-id=\"ebc82f1\" data-element_type=\"container\">\n\t\t\t\t\t<div class=\"e-con-inner\">\n\t\t\t\t<div class=\"elementor-element elementor-element-3e2490e elementor-widget elementor-widget-text-editor\" data-id=\"3e2490e\" data-element_type=\"widget\" data-widget_type=\"text-editor.default\">\n\t\t\t\t<div class=\"elementor-widget-container\">\n\t\t\t\t\t\t\t\t\t<p><strong>\ud83d\uddc2\ufe0f\u00a0 Art\u00edculo relacionado:<\/strong> <a title=\"NIF, DNI y NIE: Comprender sus diferencias\" href=\"https:\/\/finanedi.es\/blog\/nif-dni-y-nie-comprender-sus-diferencias\/\" target=\"_blank\" rel=\"noopener\">NIF, DNI y NIE: Comprender sus diferencias<\/a><\/p>\t\t\t\t\t\t\t\t<\/div>\n\t\t\t\t<\/div>\n\t\t\t\t\t<\/div>\n\t\t\t\t<\/div>\n\t\t<div class=\"elementor-element elementor-element-c26d90b e-flex e-con-boxed e-con e-parent\" data-id=\"c26d90b\" data-element_type=\"container\">\n\t\t\t\t\t<div class=\"e-con-inner\">\n\t\t\t\t<div class=\"elementor-element elementor-element-913068d elementor-widget elementor-widget-spacer\" data-id=\"913068d\" data-element_type=\"widget\" data-widget_type=\"spacer.default\">\n\t\t\t\t<div class=\"elementor-widget-container\">\n\t\t\t\t\t\t\t<div class=\"elementor-spacer\">\n\t\t\t<div class=\"elementor-spacer-inner\"><\/div>\n\t\t<\/div>\n\t\t\t\t\t\t<\/div>\n\t\t\t\t<\/div>\n\t\t\t\t\t<\/div>\n\t\t\t\t<\/div>\n\t\t<div class=\"elementor-element elementor-element-39a5673 e-flex e-con-boxed e-con e-parent\" data-id=\"39a5673\" data-element_type=\"container\">\n\t\t\t\t\t<div class=\"e-con-inner\">\n\t\t\t\t<div class=\"elementor-element elementor-element-67de21d elementor-widget elementor-widget-heading\" data-id=\"67de21d\" data-element_type=\"widget\" data-widget_type=\"heading.default\">\n\t\t\t\t<div class=\"elementor-widget-container\">\n\t\t\t\t\t<h2 class=\"elementor-heading-title elementor-size-default\">\u00bfC\u00f3mo obtener el NIF?<\/h2>\t\t\t\t<\/div>\n\t\t\t\t<\/div>\n\t\t\t\t\t<\/div>\n\t\t\t\t<\/div>\n\t\t<div class=\"elementor-element elementor-element-c5b2e8f e-flex e-con-boxed e-con e-parent\" data-id=\"c5b2e8f\" data-element_type=\"container\">\n\t\t\t\t\t<div class=\"e-con-inner\">\n\t\t\t\t<div class=\"elementor-element elementor-element-666881b elementor-widget elementor-widget-text-editor\" data-id=\"666881b\" data-element_type=\"widget\" data-widget_type=\"text-editor.default\">\n\t\t\t\t<div class=\"elementor-widget-container\">\n\t\t\t\t\t\t\t\t\t<p data-pm-slice=\"1 1 []\">El proceso para obtener el NIF depende de si se trata de una persona f\u00edsica o jur\u00eddica.<\/p>\t\t\t\t\t\t\t\t<\/div>\n\t\t\t\t<\/div>\n\t\t\t\t\t<\/div>\n\t\t\t\t<\/div>\n\t\t<div class=\"elementor-element elementor-element-3325f65 e-flex e-con-boxed e-con e-parent\" data-id=\"3325f65\" data-element_type=\"container\">\n\t\t\t\t\t<div class=\"e-con-inner\">\n\t\t\t\t<div class=\"elementor-element elementor-element-1d3b0f7 elementor-widget elementor-widget-heading\" data-id=\"1d3b0f7\" data-element_type=\"widget\" data-widget_type=\"heading.default\">\n\t\t\t\t<div class=\"elementor-widget-container\">\n\t\t\t\t\t<h3 class=\"elementor-heading-title elementor-size-default\">Para personas f\u00edsicas<\/h3>\t\t\t\t<\/div>\n\t\t\t\t<\/div>\n\t\t\t\t\t<\/div>\n\t\t\t\t<\/div>\n\t\t<div class=\"elementor-element elementor-element-3bbd3e4 e-flex e-con-boxed e-con e-parent\" data-id=\"3bbd3e4\" data-element_type=\"container\">\n\t\t\t\t\t<div class=\"e-con-inner\">\n\t\t\t\t<div class=\"elementor-element elementor-element-8368704 elementor-widget elementor-widget-text-editor\" data-id=\"8368704\" data-element_type=\"widget\" data-widget_type=\"text-editor.default\">\n\t\t\t\t<div class=\"elementor-widget-container\">\n\t\t\t\t\t\t\t\t\t<ul data-spread=\"false\" data-pm-slice=\"3 3 []\"><li><p><strong>Espa\u00f1oles<\/strong>: El NIF se asigna autom\u00e1ticamente al emitir el DNI.<\/p><\/li><li><p><strong>Extranjeros residentes<\/strong>: Deben solicitar el N\u00famero de Identificaci\u00f3n de Extranjeros (NIE), que posteriormente se usa como NIF. Este tr\u00e1mite se realiza en las oficinas de la Polic\u00eda Nacional.<\/p><\/li><\/ul>\t\t\t\t\t\t\t\t<\/div>\n\t\t\t\t<\/div>\n\t\t\t\t\t<\/div>\n\t\t\t\t<\/div>\n\t\t<div class=\"elementor-element elementor-element-334494c e-flex e-con-boxed e-con e-parent\" data-id=\"334494c\" data-element_type=\"container\">\n\t\t\t\t\t<div class=\"e-con-inner\">\n\t\t\t\t<div class=\"elementor-element elementor-element-d15bc76 elementor-widget elementor-widget-heading\" data-id=\"d15bc76\" data-element_type=\"widget\" data-widget_type=\"heading.default\">\n\t\t\t\t<div class=\"elementor-widget-container\">\n\t\t\t\t\t<h3 class=\"elementor-heading-title elementor-size-default\">Para personas jur\u00eddicas<\/h3>\t\t\t\t<\/div>\n\t\t\t\t<\/div>\n\t\t\t\t\t<\/div>\n\t\t\t\t<\/div>\n\t\t<div class=\"elementor-element elementor-element-48f7e6f e-flex e-con-boxed e-con e-parent\" data-id=\"48f7e6f\" data-element_type=\"container\">\n\t\t\t\t\t<div class=\"e-con-inner\">\n\t\t\t\t<div class=\"elementor-element elementor-element-fd8de72 elementor-widget elementor-widget-text-editor\" data-id=\"fd8de72\" data-element_type=\"widget\" data-widget_type=\"text-editor.default\">\n\t\t\t\t<div class=\"elementor-widget-container\">\n\t\t\t\t\t\t\t\t\t<p data-pm-slice=\"1 3 []\">El proceso para empresas y entidades implica los siguientes pasos:<\/p><ol start=\"1\" data-spread=\"false\"><li><p><strong>Constituci\u00f3n de la entidad<\/strong>: Registrar la empresa en el Registro Mercantil.<\/p><\/li><li><p><strong>Solicitud del NIF<\/strong>: Presentar el<a href=\"https:\/\/finanedi.es\/blog\/modelo-036-que-es-y-como-rellenarlo\/\" target=\"_blank\" rel=\"noopener\"> modelo 036<\/a> ante la <a href=\"https:\/\/sede.agenciatributaria.gob.es\/Sede\/procedimientoini\/G322.shtml\" target=\"_blank\" rel=\"noopener\">Agencia Tributaria<\/a>, junto con la documentaci\u00f3n de identidad de los representantes legales y el acta de constituci\u00f3n de la entidad.<\/p><\/li><\/ol>\t\t\t\t\t\t\t\t<\/div>\n\t\t\t\t<\/div>\n\t\t\t\t\t<\/div>\n\t\t\t\t<\/div>\n\t\t<div class=\"elementor-element elementor-element-eefb05b e-flex e-con-boxed e-con e-parent\" data-id=\"eefb05b\" data-element_type=\"container\">\n\t\t\t\t\t<div class=\"e-con-inner\">\n\t\t\t\t<div class=\"elementor-element elementor-element-41a6a8d elementor-widget elementor-widget-spacer\" data-id=\"41a6a8d\" data-element_type=\"widget\" data-widget_type=\"spacer.default\">\n\t\t\t\t<div class=\"elementor-widget-container\">\n\t\t\t\t\t\t\t<div class=\"elementor-spacer\">\n\t\t\t<div class=\"elementor-spacer-inner\"><\/div>\n\t\t<\/div>\n\t\t\t\t\t\t<\/div>\n\t\t\t\t<\/div>\n\t\t\t\t\t<\/div>\n\t\t\t\t<\/div>\n\t\t<div class=\"elementor-element elementor-element-407359c e-flex e-con-boxed e-con e-parent\" data-id=\"407359c\" data-element_type=\"container\">\n\t\t\t\t\t<div class=\"e-con-inner\">\n\t\t\t\t<div class=\"elementor-element elementor-element-1aa4288 elementor-widget elementor-widget-heading\" data-id=\"1aa4288\" data-element_type=\"widget\" data-widget_type=\"heading.default\">\n\t\t\t\t<div class=\"elementor-widget-container\">\n\t\t\t\t\t<h2 class=\"elementor-heading-title elementor-size-default\">NIF intracomunitario<\/h2>\t\t\t\t<\/div>\n\t\t\t\t<\/div>\n\t\t\t\t\t<\/div>\n\t\t\t\t<\/div>\n\t\t<div class=\"elementor-element elementor-element-244daa4 e-flex e-con-boxed e-con e-parent\" data-id=\"244daa4\" data-element_type=\"container\">\n\t\t\t\t\t<div class=\"e-con-inner\">\n\t\t\t\t<div class=\"elementor-element elementor-element-9c868df elementor-widget elementor-widget-text-editor\" data-id=\"9c868df\" data-element_type=\"widget\" data-widget_type=\"text-editor.default\">\n\t\t\t\t<div class=\"elementor-widget-container\">\n\t\t\t\t\t\t\t\t\t<p data-pm-slice=\"1 1 []\">El NIF intracomunitario es obligatorio para empresas que realizan operaciones comerciales dentro de la Uni\u00f3n Europea. Este identificador permite beneficiarse de ventajas fiscales, como la exenci\u00f3n del IVA en transacciones intracomunitarias. Para obtenerlo, es necesario registrarse en el <strong>Registro de Operadores Intracomunitarios (ROI)<\/strong> mediante la presentaci\u00f3n del modelo 036 en la Agencia Tributaria.<\/p>\t\t\t\t\t\t\t\t<\/div>\n\t\t\t\t<\/div>\n\t\t\t\t\t<\/div>\n\t\t\t\t<\/div>\n\t\t<div class=\"elementor-element elementor-element-78fa760 e-flex e-con-boxed e-con e-parent\" data-id=\"78fa760\" data-element_type=\"container\">\n\t\t\t\t\t<div class=\"e-con-inner\">\n\t\t\t\t<div class=\"elementor-element elementor-element-d9333b7 elementor-widget elementor-widget-heading\" data-id=\"d9333b7\" data-element_type=\"widget\" data-widget_type=\"heading.default\">\n\t\t\t\t<div class=\"elementor-widget-container\">\n\t\t\t\t\t<h2 class=\"elementor-heading-title elementor-size-default\">\u00bfC\u00f3mo verificar un NIF?<\/h2>\t\t\t\t<\/div>\n\t\t\t\t<\/div>\n\t\t\t\t\t<\/div>\n\t\t\t\t<\/div>\n\t\t<div class=\"elementor-element elementor-element-c9920f0 e-flex e-con-boxed e-con e-parent\" data-id=\"c9920f0\" data-element_type=\"container\">\n\t\t\t\t\t<div class=\"e-con-inner\">\n\t\t\t\t<div class=\"elementor-element elementor-element-41c7073 elementor-widget elementor-widget-text-editor\" data-id=\"41c7073\" data-element_type=\"widget\" data-widget_type=\"text-editor.default\">\n\t\t\t\t<div class=\"elementor-widget-container\">\n\t\t\t\t\t\t\t\t\t<p data-pm-slice=\"1 1 []\">La verificaci\u00f3n de la validez de un NIF es crucial para evitar problemas en transacciones comerciales. Se puede realizar de diversas formas:<\/p>\t\t\t\t\t\t\t\t<\/div>\n\t\t\t\t<\/div>\n\t\t\t\t<div class=\"elementor-element elementor-element-af63ee6 elementor-widget elementor-widget-text-editor\" data-id=\"af63ee6\" data-element_type=\"widget\" data-widget_type=\"text-editor.default\">\n\t\t\t\t<div class=\"elementor-widget-container\">\n\t\t\t\t\t\t\t\t\t<ul data-spread=\"false\" data-pm-slice=\"3 3 []\"><li><p><strong>Consulta en la Agencia Tributaria<\/strong>: Existe un servicio en l\u00ednea para verificar la autenticidad.<\/p><\/li><li><p><strong>Registros mercantiles<\/strong>: Para entidades jur\u00eddicas, se puede comprobar su validez en el Registro Mercantil.<\/p><\/li><li><p><strong>Servicios en l\u00ednea<\/strong>: Diversas plataformas permiten la verificaci\u00f3n\u00a0 para garantizar su autenticidad en operaciones comerciales.<\/p><\/li><\/ul>\t\t\t\t\t\t\t\t<\/div>\n\t\t\t\t<\/div>\n\t\t\t\t\t<\/div>\n\t\t\t\t<\/div>\n\t\t<div class=\"elementor-element elementor-element-86db1b8 e-flex e-con-boxed e-con e-parent\" data-id=\"86db1b8\" data-element_type=\"container\">\n\t\t\t\t\t<div class=\"e-con-inner\">\n\t\t\t\t<div class=\"elementor-element elementor-element-4328eee elementor-widget elementor-widget-spacer\" data-id=\"4328eee\" data-element_type=\"widget\" data-widget_type=\"spacer.default\">\n\t\t\t\t<div class=\"elementor-widget-container\">\n\t\t\t\t\t\t\t<div class=\"elementor-spacer\">\n\t\t\t<div class=\"elementor-spacer-inner\"><\/div>\n\t\t<\/div>\n\t\t\t\t\t\t<\/div>\n\t\t\t\t<\/div>\n\t\t\t\t\t<\/div>\n\t\t\t\t<\/div>\n\t\t<div class=\"elementor-element elementor-element-14b872f3 e-flex e-con-boxed e-con e-parent\" data-id=\"14b872f3\" data-element_type=\"container\" data-settings=\"{&quot;background_background&quot;:&quot;classic&quot;}\">\n\t\t\t\t\t<div class=\"e-con-inner\">\n\t\t<div class=\"elementor-element elementor-element-47d9a4c4 e-con-full e-flex e-con e-child\" data-id=\"47d9a4c4\" data-element_type=\"container\">\n\t\t<div class=\"elementor-element elementor-element-f224a8e e-flex e-con-boxed e-con e-child\" data-id=\"f224a8e\" data-element_type=\"container\">\n\t\t\t\t\t<div class=\"e-con-inner\">\n\t\t\t\t<div class=\"elementor-element elementor-element-7c656ca8 elementor-widget elementor-widget-heading\" data-id=\"7c656ca8\" data-element_type=\"widget\" data-widget_type=\"heading.default\">\n\t\t\t\t<div class=\"elementor-widget-container\">\n\t\t\t\t\t<h3 class=\"elementor-heading-title elementor-size-default\">Herramientas para impulsar<br>tu negocio<\/h3>\t\t\t\t<\/div>\n\t\t\t\t<\/div>\n\t\t\t\t<div class=\"elementor-element elementor-element-cc1b7a4 elementor-widget elementor-widget-text-editor\" data-id=\"cc1b7a4\" data-element_type=\"widget\" data-widget_type=\"text-editor.default\">\n\t\t\t\t<div class=\"elementor-widget-container\">\n\t\t\t\t\t\t\t\t\t<p>FinanEDI es la soluci\u00f3n en la nube gratuita que permite automatizar y optimizar los procesos financieros, contables y administrativos de tu negocio.<\/p>\t\t\t\t\t\t\t\t<\/div>\n\t\t\t\t<\/div>\n\t\t\t\t<div class=\"elementor-element elementor-element-39e40d91 elementor-widget elementor-widget-button\" data-id=\"39e40d91\" data-element_type=\"widget\" data-widget_type=\"button.default\">\n\t\t\t\t<div class=\"elementor-widget-container\">\n\t\t\t\t\t\t\t\t\t<div class=\"elementor-button-wrapper\">\n\t\t\t\t\t<a class=\"elementor-button elementor-button-link elementor-size-md\" href=\"https:\/\/finanedi.es\/\" target=\"_blank\">\n\t\t\t\t\t\t<span class=\"elementor-button-content-wrapper\">\n\t\t\t\t\t\t\t\t\t<span class=\"elementor-button-text\">Crear cuenta gratis<\/span>\n\t\t\t\t\t<\/span>\n\t\t\t\t\t<\/a>\n\t\t\t\t<\/div>\n\t\t\t\t\t\t\t\t<\/div>\n\t\t\t\t<\/div>\n\t\t\t\t\t<\/div>\n\t\t\t\t<\/div>\n\t\t\t\t<\/div>\n\t\t<div class=\"elementor-element elementor-element-4316abb1 e-con-full e-flex e-con e-child\" data-id=\"4316abb1\" data-element_type=\"container\">\n\t\t\t\t<div class=\"elementor-element elementor-element-636f6f76 elementor-widget elementor-widget-image\" data-id=\"636f6f76\" data-element_type=\"widget\" data-widget_type=\"image.default\">\n\t\t\t\t<div class=\"elementor-widget-container\">\n\t\t\t\t\t\t\t\t\t\t\t\t\t\t\t<img fetchpriority=\"high\" decoding=\"async\" width=\"300\" height=\"233\" src=\"https:\/\/finanedi.es\/blog\/contenido\/uploads\/2024\/09\/Dashborad_00115-300x233.png\" class=\"attachment-medium size-medium wp-image-5370\" alt=\"Herramientas para impulsar tu negocio - FinanEDI\" srcset=\"https:\/\/finanedi.es\/blog\/contenido\/uploads\/2024\/09\/Dashborad_00115-300x233.png 300w, https:\/\/finanedi.es\/blog\/contenido\/uploads\/2024\/09\/Dashborad_00115-768x597.png 768w, https:\/\/finanedi.es\/blog\/contenido\/uploads\/2024\/09\/Dashborad_00115.png 900w\" sizes=\"(max-width: 300px) 100vw, 300px\" \/>\t\t\t\t\t\t\t\t\t\t\t\t\t\t\t<\/div>\n\t\t\t\t<\/div>\n\t\t\t\t<\/div>\n\t\t\t\t\t<\/div>\n\t\t\t\t<\/div>\n\t\t<div class=\"elementor-element elementor-element-e43706b e-flex e-con-boxed e-con e-parent\" data-id=\"e43706b\" data-element_type=\"container\">\n\t\t\t\t\t<div class=\"e-con-inner\">\n\t\t\t\t<div class=\"elementor-element elementor-element-043eb6d elementor-widget elementor-widget-spacer\" data-id=\"043eb6d\" data-element_type=\"widget\" data-widget_type=\"spacer.default\">\n\t\t\t\t<div class=\"elementor-widget-container\">\n\t\t\t\t\t\t\t<div class=\"elementor-spacer\">\n\t\t\t<div class=\"elementor-spacer-inner\"><\/div>\n\t\t<\/div>\n\t\t\t\t\t\t<\/div>\n\t\t\t\t<\/div>\n\t\t\t\t\t<\/div>\n\t\t\t\t<\/div>\n\t\t<div class=\"elementor-element elementor-element-a7956ab e-flex e-con-boxed e-con e-parent\" data-id=\"a7956ab\" data-element_type=\"container\">\n\t\t\t\t\t<div class=\"e-con-inner\">\n\t\t\t\t<div class=\"elementor-element elementor-element-68bf5b0 elementor-widget elementor-widget-text-editor\" data-id=\"68bf5b0\" data-element_type=\"widget\" data-widget_type=\"text-editor.default\">\n\t\t\t\t<div class=\"elementor-widget-container\">\n\t\t\t\t\t\t\t\t\t<p data-pm-slice=\"1 1 []\">El NIF es una herramienta esencial en el sistema fiscal espa\u00f1ol, permitiendo la correcta identificaci\u00f3n y cumplimiento de obligaciones tributarias para personas y empresas. Entender su importancia, formato y proceso de obtenci\u00f3n es clave para operar sin inconvenientes en Espa\u00f1a. Es fundamental mantenerlo actualizado y utilizarlo correctamente en todas las gestiones fiscales y administrativas para evitar problemas legales.<\/p>\t\t\t\t\t\t\t\t<\/div>\n\t\t\t\t<\/div>\n\t\t\t\t\t<\/div>\n\t\t\t\t<\/div>\n\t\t<div class=\"elementor-element elementor-element-723f1933 e-flex e-con-boxed e-con e-parent\" data-id=\"723f1933\" data-element_type=\"container\">\n\t\t\t\t\t<div class=\"e-con-inner\">\n\t\t<div class=\"elementor-element elementor-element-56633472 e-flex e-con-boxed e-con e-child\" data-id=\"56633472\" data-element_type=\"container\">\n\t\t\t\t\t<div class=\"e-con-inner\">\n\t\t\t\t<div class=\"elementor-element elementor-element-2d4a785d elementor-widget elementor-widget-heading\" data-id=\"2d4a785d\" data-element_type=\"widget\" data-widget_type=\"heading.default\">\n\t\t\t\t<div class=\"elementor-widget-container\">\n\t\t\t\t\t<h3 class=\"elementor-heading-title elementor-size-default\">Preguntas frecuentes<\/h3>\t\t\t\t<\/div>\n\t\t\t\t<\/div>\n\t\t\t\t\t<\/div>\n\t\t\t\t<\/div>\n\t\t<div class=\"elementor-element elementor-element-55f93c92 e-flex e-con-boxed e-con e-child\" data-id=\"55f93c92\" data-element_type=\"container\">\n\t\t\t\t\t<div class=\"e-con-inner\">\n\t\t\t\t<div class=\"elementor-element elementor-element-6e40e207 elementor-widget elementor-widget-heading\" data-id=\"6e40e207\" data-element_type=\"widget\" data-widget_type=\"heading.default\">\n\t\t\t\t<div class=\"elementor-widget-container\">\n\t\t\t\t\t<h4 class=\"elementor-heading-title elementor-size-default\">\u00bfC\u00f3mo se compone el NIF de una persona f\u00edsica?<\/h4>\t\t\t\t<\/div>\n\t\t\t\t<\/div>\n\t\t\t\t<div class=\"elementor-element elementor-element-3bfbcc3e elementor-widget elementor-widget-text-editor\" data-id=\"3bfbcc3e\" data-element_type=\"widget\" data-widget_type=\"text-editor.default\">\n\t\t\t\t<div class=\"elementor-widget-container\">\n\t\t\t\t\t\t\t\t\t<p>El NIF de las personas f\u00edsicas espa\u00f1olas coincide con su n\u00famero de DNI, seguido de una letra de control (por ejemplo, 12345678A). En el caso de los extranjeros residentes, el NIF corresponde a su NIE (N\u00famero de Identidad de Extranjero), que incluye una letra inicial (X, Y o Z), n\u00fameros, y una letra final.<\/p>\t\t\t\t\t\t\t\t<\/div>\n\t\t\t\t<\/div>\n\t\t\t\t\t<\/div>\n\t\t\t\t<\/div>\n\t\t<div class=\"elementor-element elementor-element-6517c45e e-flex e-con-boxed e-con e-child\" data-id=\"6517c45e\" data-element_type=\"container\">\n\t\t\t\t\t<div class=\"e-con-inner\">\n\t\t\t\t<div class=\"elementor-element elementor-element-6bb6ee5c elementor-widget elementor-widget-heading\" data-id=\"6bb6ee5c\" data-element_type=\"widget\" data-widget_type=\"heading.default\">\n\t\t\t\t<div class=\"elementor-widget-container\">\n\t\t\t\t\t<h4 class=\"elementor-heading-title elementor-size-default\">\u00bfQu\u00e9 diferencia hay entre el NIF y el CIF?<\/h4>\t\t\t\t<\/div>\n\t\t\t\t<\/div>\n\t\t\t\t<div class=\"elementor-element elementor-element-7883eb6b elementor-widget elementor-widget-text-editor\" data-id=\"7883eb6b\" data-element_type=\"widget\" data-widget_type=\"text-editor.default\">\n\t\t\t\t<div class=\"elementor-widget-container\">\n\t\t\t\t\t\t\t\t\t<p>El CIF (C\u00f3digo de Identificaci\u00f3n Fiscal) se utilizaba antes para identificar a empresas, pero desde 2008 fue sustituido por el NIF tambi\u00e9n para personas jur\u00eddicas. Por tanto, hoy en d\u00eda el NIF se aplica tanto a personas f\u00edsicas como jur\u00eddicas, aunque el formato var\u00eda dependiendo del tipo de entidad.<\/p>\t\t\t\t\t\t\t\t<\/div>\n\t\t\t\t<\/div>\n\t\t\t\t\t<\/div>\n\t\t\t\t<\/div>\n\t\t<div class=\"elementor-element elementor-element-4429f3f5 e-flex e-con-boxed e-con e-child\" data-id=\"4429f3f5\" data-element_type=\"container\">\n\t\t\t\t\t<div class=\"e-con-inner\">\n\t\t\t\t<div class=\"elementor-element elementor-element-e108272 elementor-widget elementor-widget-heading\" data-id=\"e108272\" data-element_type=\"widget\" data-widget_type=\"heading.default\">\n\t\t\t\t<div class=\"elementor-widget-container\">\n\t\t\t\t\t<h4 class=\"elementor-heading-title elementor-size-default\">\u00bfC\u00f3mo puedo solicitar mi NIF?<\/h4>\t\t\t\t<\/div>\n\t\t\t\t<\/div>\n\t\t\t\t<div class=\"elementor-element elementor-element-222e8d89 elementor-widget elementor-widget-text-editor\" data-id=\"222e8d89\" data-element_type=\"widget\" data-widget_type=\"text-editor.default\">\n\t\t\t\t<div class=\"elementor-widget-container\">\n\t\t\t\t\t\t\t\t\t<ul><li><strong>Para personas f\u00edsicas espa\u00f1olas:<\/strong> Se asigna autom\u00e1ticamente al obtener el DNI.<\/li><li><strong>Para extranjeros residentes:<\/strong> Se asigna al tramitar el NIE en la Oficina de Extranjer\u00eda o Comisar\u00eda de Polic\u00eda.<\/li><li><strong>Para personas jur\u00eddicas:<\/strong> Las empresas deben solicitarlo en la Agencia Tributaria al realizar su inscripci\u00f3n en el Registro Mercantil.<\/li><\/ul>\t\t\t\t\t\t\t\t<\/div>\n\t\t\t\t<\/div>\n\t\t\t\t\t<\/div>\n\t\t\t\t<\/div>\n\t\t<div class=\"elementor-element elementor-element-4386cf55 e-flex e-con-boxed e-con e-child\" data-id=\"4386cf55\" data-element_type=\"container\">\n\t\t\t\t\t<div class=\"e-con-inner\">\n\t\t\t\t<div class=\"elementor-element elementor-element-1a27f120 elementor-widget elementor-widget-heading\" data-id=\"1a27f120\" data-element_type=\"widget\" data-widget_type=\"heading.default\">\n\t\t\t\t<div class=\"elementor-widget-container\">\n\t\t\t\t\t<h4 class=\"elementor-heading-title elementor-size-default\">\u00bfQu\u00e9 hago si pierdo mi NIF o tengo dudas sobre \u00e9l?<\/h4>\t\t\t\t<\/div>\n\t\t\t\t<\/div>\n\t\t\t\t<div class=\"elementor-element elementor-element-5f08732a elementor-widget elementor-widget-text-editor\" data-id=\"5f08732a\" data-element_type=\"widget\" data-widget_type=\"text-editor.default\">\n\t\t\t\t<div class=\"elementor-widget-container\">\n\t\t\t\t\t\t\t\t\t<p>Si eres persona f\u00edsica, puedes consultar tu NIF en documentos oficiales como tu DNI, n\u00f3minas o facturas. Si representas a una empresa, el NIF estar\u00e1 en el certificado de inscripci\u00f3n en el Registro Mercantil o en comunicaciones oficiales de la Agencia Tributaria. En caso de dudas o p\u00e9rdida, contacta con la Agencia Tributaria para solicitar un duplicado.<\/p>\t\t\t\t\t\t\t\t<\/div>\n\t\t\t\t<\/div>\n\t\t\t\t\t<\/div>\n\t\t\t\t<\/div>\n\t\t\t\t\t<\/div>\n\t\t\t\t<\/div>\n\t\t<div class=\"elementor-element elementor-element-ab87631 e-flex e-con-boxed e-con e-parent\" data-id=\"ab87631\" data-element_type=\"container\">\n\t\t\t\t\t<div class=\"e-con-inner\">\n\t\t<div class=\"elementor-element elementor-element-3220b12f e-con-full e-flex e-con e-child\" data-id=\"3220b12f\" data-element_type=\"container\">\n\t\t\t\t<div class=\"elementor-element elementor-element-4469c1e0 elementor-widget elementor-widget-spacer\" data-id=\"4469c1e0\" data-element_type=\"widget\" data-widget_type=\"spacer.default\">\n\t\t\t\t<div class=\"elementor-widget-container\">\n\t\t\t\t\t\t\t<div class=\"elementor-spacer\">\n\t\t\t<div class=\"elementor-spacer-inner\"><\/div>\n\t\t<\/div>\n\t\t\t\t\t\t<\/div>\n\t\t\t\t<\/div>\n\t\t\t\t<\/div>\n\t\t<div class=\"elementor-element elementor-element-1f9d9c92 e-con-full e-flex e-con e-child\" data-id=\"1f9d9c92\" data-element_type=\"container\">\n\t\t\t\t<div class=\"elementor-element elementor-element-25c27ed3 elementor-widget elementor-widget-heading\" data-id=\"25c27ed3\" data-element_type=\"widget\" data-widget_type=\"heading.default\">\n\t\t\t\t<div class=\"elementor-widget-container\">\n\t\t\t\t\t<h3 class=\"elementor-heading-title elementor-size-default\">No te pierdas...<\/h3>\t\t\t\t<\/div>\n\t\t\t\t<\/div>\n\t\t\t\t<\/div>\n\t\t<div class=\"elementor-element elementor-element-337fc9eb e-con-full e-flex e-con e-child\" data-id=\"337fc9eb\" data-element_type=\"container\">\n\t\t\t\t<div class=\"elementor-element elementor-element-58bfa9f elementor-widget elementor-widget-katen-post-five\" data-id=\"58bfa9f\" data-element_type=\"widget\" data-widget_type=\"katen-post-five.default\">\n\t\t\t\t<div class=\"elementor-widget-container\">\n\t\t\t\t\t\t\t<div class=\"padding-30 rounded bordered\">\n\n\t\t\t<div class=\"row infinite-wrapper\">\n\n\t\t\t\n\t\t\t\t<div class=\"col-md-12 col-sm-6 post-list-item post-item\">\n\t\t\t\t\t<!-- post -->\n\t\t\t\t\t<div class=\"post post-list clearfix\">\n\n\t\t\t\t\t\t<div class=\"thumb rounded\"><div class=\"inner\"><a href=\"https:\/\/finanedi.es\/blog\/modelo-420-impuesto-general-indirecto-canario\/\"><img decoding=\"async\" width=\"330\" height=\"250\" src=\"https:\/\/finanedi.es\/blog\/contenido\/uploads\/2024\/12\/Modelo-420-330x250.jpg\" class=\"attachment-katen-thumb-list size-katen-thumb-list wp-post-image\" alt=\"Modelo 420: Impuesto General Indirecto Canario\" \/><\/a><\/div><\/div>  \n\n\t\t\t\t\t\t<div class=\"details clearfix\">\n\t\t\t\t\t\t\t<ul class=\"meta list-inline mb-3\">\n\t\t\t\t\t\t\t\t<li class=\"list-inline-item\"><a href=\"https:\/\/finanedi.es\/blog\/category\/contabilidad\/\">Contabilidad<\/a><\/li>\t\t\t\t\t\t\t<\/ul>\n\t\t\t\t\t\t\t<h5 class=\"post-title\"><a href=\"https:\/\/finanedi.es\/blog\/modelo-420-impuesto-general-indirecto-canario\/\">Modelo 420: Impuesto General Indirecto Canario<\/a><\/h5>\n\t\t\t\t\t\t\t<p class=\"excerpt mb-0\">\n\t\t\t\t\t\t\t\tEl Modelo 420 es un instrumento esencial para las empresas y aut\u00f3nomos que operan en&hellip;\t\t\t\t\t\t\t<\/p>\n\t\t\t\t\t\t\t<div class=\"post-bottom clearfix d-flex align-items-center\">\n\t\t\t\t\t\t\t\t\t\t\t\t\t\t\t\t\t\t\t\t\t\t\t<\/div>\n\t\t\t\t\t\t<\/div>\n\t\t\t\t\t<\/div>\n\t\t\t\t<\/div>\n\n\t\t\t\n\t\t\t\t<div class=\"col-md-12 col-sm-6 post-list-item post-item\">\n\t\t\t\t\t<!-- post -->\n\t\t\t\t\t<div class=\"post post-list clearfix\">\n\n\t\t\t\t\t\t<div class=\"thumb rounded\"><div class=\"inner\"><a href=\"https:\/\/finanedi.es\/blog\/plan-general-contable-para-pymes-pgc\/\"><img decoding=\"async\" width=\"330\" height=\"250\" src=\"https:\/\/finanedi.es\/blog\/contenido\/uploads\/2025\/03\/Plan-General-Contable-para-pymes-330x250.jpg\" class=\"attachment-katen-thumb-list size-katen-thumb-list wp-post-image\" alt=\"Plan General Contable para pymes\" \/><\/a><\/div><\/div>  \n\n\t\t\t\t\t\t<div class=\"details clearfix\">\n\t\t\t\t\t\t\t<ul class=\"meta list-inline mb-3\">\n\t\t\t\t\t\t\t\t<li class=\"list-inline-item\"><a href=\"https:\/\/finanedi.es\/blog\/category\/contabilidad\/\">Contabilidad<\/a><\/li>\t\t\t\t\t\t\t<\/ul>\n\t\t\t\t\t\t\t<h5 class=\"post-title\"><a href=\"https:\/\/finanedi.es\/blog\/plan-general-contable-para-pymes-pgc\/\">Plan General Contable (PGC) para pymes: Facilita tu gesti\u00f3n financiera<\/a><\/h5>\n\t\t\t\t\t\t\t<p class=\"excerpt mb-0\">\n\t\t\t\t\t\t\t\tLlevar las cuentas de un negocio puede ser un reto, pero \u00bfsab\u00edas que existe un&hellip;\t\t\t\t\t\t\t<\/p>\n\t\t\t\t\t\t\t<div class=\"post-bottom clearfix d-flex align-items-center\">\n\t\t\t\t\t\t\t\t\t\t\t\t\t\t\t\t\t\t\t\t\t\t\t<\/div>\n\t\t\t\t\t\t<\/div>\n\t\t\t\t\t<\/div>\n\t\t\t\t<\/div>\n\n\t\t\t\n\t\t\t\t<div class=\"col-md-12 col-sm-6 post-list-item post-item\">\n\t\t\t\t\t<!-- post -->\n\t\t\t\t\t<div class=\"post post-list clearfix\">\n\n\t\t\t\t\t\t<div class=\"thumb rounded\"><div class=\"inner\"><a href=\"https:\/\/finanedi.es\/blog\/que-es-un-suplido\/\"><img loading=\"lazy\" decoding=\"async\" width=\"330\" height=\"250\" src=\"https:\/\/finanedi.es\/blog\/contenido\/uploads\/2024\/05\/mediamodifier-I3HPUolh5hA-unsplash-1-330x250.jpg\" class=\"attachment-katen-thumb-list size-katen-thumb-list wp-post-image\" alt=\"\u00bfQu\u00e9 es un suplido?\" \/><\/a><\/div><\/div>  \n\n\t\t\t\t\t\t<div class=\"details clearfix\">\n\t\t\t\t\t\t\t<ul class=\"meta list-inline mb-3\">\n\t\t\t\t\t\t\t\t<li class=\"list-inline-item\"><a href=\"https:\/\/finanedi.es\/blog\/category\/contabilidad\/\">Contabilidad<\/a><\/li>\t\t\t\t\t\t\t<\/ul>\n\t\t\t\t\t\t\t<h5 class=\"post-title\"><a href=\"https:\/\/finanedi.es\/blog\/que-es-un-suplido\/\">\u00bfQu\u00e9 es un suplido?<\/a><\/h5>\n\t\t\t\t\t\t\t<p class=\"excerpt mb-0\">\n\t\t\t\t\t\t\t\tEn el entorno empresarial, los suplidos representan un aspecto crucial en la gesti\u00f3n financiera. Su&hellip;\t\t\t\t\t\t\t<\/p>\n\t\t\t\t\t\t\t<div class=\"post-bottom clearfix d-flex align-items-center\">\n\t\t\t\t\t\t\t\t\t\t\t\t\t\t\t\t\t\t\t\t\t\t\t<\/div>\n\t\t\t\t\t\t<\/div>\n\t\t\t\t\t<\/div>\n\t\t\t\t<\/div>\n\n\t\t\t\n\t\t\t\t<div class=\"col-md-12 col-sm-6 post-list-item post-item\">\n\t\t\t\t\t<!-- post -->\n\t\t\t\t\t<div class=\"post post-list clearfix\">\n\n\t\t\t\t\t\t<div class=\"thumb rounded\"><div class=\"inner\"><a href=\"https:\/\/finanedi.es\/blog\/conciliacion-bancaria-importancia-y-como-hacerla-correctamente\/\"><img loading=\"lazy\" decoding=\"async\" width=\"330\" height=\"250\" src=\"https:\/\/finanedi.es\/blog\/contenido\/uploads\/2024\/08\/Conciliacion-bancaria-Importancia-330x250.jpg\" class=\"attachment-katen-thumb-list size-katen-thumb-list wp-post-image\" alt=\"Conciliaci\u00f3n bancaria\" \/><\/a><\/div><\/div>  \n\n\t\t\t\t\t\t<div class=\"details clearfix\">\n\t\t\t\t\t\t\t<ul class=\"meta list-inline mb-3\">\n\t\t\t\t\t\t\t\t<li class=\"list-inline-item\"><a href=\"https:\/\/finanedi.es\/blog\/category\/contabilidad\/\">Contabilidad<\/a><\/li>\t\t\t\t\t\t\t<\/ul>\n\t\t\t\t\t\t\t<h5 class=\"post-title\"><a href=\"https:\/\/finanedi.es\/blog\/conciliacion-bancaria-importancia-y-como-hacerla-correctamente\/\">Conciliaci\u00f3n bancaria: Importancia y c\u00f3mo hacerla correctamente<\/a><\/h5>\n\t\t\t\t\t\t\t<p class=\"excerpt mb-0\">\n\t\t\t\t\t\t\t\tLa conciliaci\u00f3n bancaria es uno de los procesos m\u00e1s cr\u00edticos dentro de la contabilidad de&hellip;\t\t\t\t\t\t\t<\/p>\n\t\t\t\t\t\t\t<div class=\"post-bottom clearfix d-flex align-items-center\">\n\t\t\t\t\t\t\t\t\t\t\t\t\t\t\t\t\t\t\t\t\t\t\t<\/div>\n\t\t\t\t\t\t<\/div>\n\t\t\t\t\t<\/div>\n\t\t\t\t<\/div>\n\n\t\t\t\n\t\t\t\t<div class=\"col-md-12 col-sm-6 post-list-item post-item\">\n\t\t\t\t\t<!-- post -->\n\t\t\t\t\t<div class=\"post post-list clearfix\">\n\n\t\t\t\t\t\t<div class=\"thumb rounded\"><div class=\"inner\"><a href=\"https:\/\/finanedi.es\/blog\/iae-impuesto-sobre-actividades-economicas-que-es-y-como-afecta-a-tu-empresa\/\"><img loading=\"lazy\" decoding=\"async\" width=\"330\" height=\"250\" src=\"https:\/\/finanedi.es\/blog\/contenido\/uploads\/2024\/08\/Impuesto-sobre-Actividades-Economicas-330x250.jpg\" class=\"attachment-katen-thumb-list size-katen-thumb-list wp-post-image\" alt=\"Impuesto sobre Actividades Econ\u00f3micas\" \/><\/a><\/div><\/div>  \n\n\t\t\t\t\t\t<div class=\"details clearfix\">\n\t\t\t\t\t\t\t<ul class=\"meta list-inline mb-3\">\n\t\t\t\t\t\t\t\t<li class=\"list-inline-item\"><a href=\"https:\/\/finanedi.es\/blog\/category\/contabilidad\/\">Contabilidad<\/a><\/li>\t\t\t\t\t\t\t<\/ul>\n\t\t\t\t\t\t\t<h5 class=\"post-title\"><a href=\"https:\/\/finanedi.es\/blog\/iae-impuesto-sobre-actividades-economicas-que-es-y-como-afecta-a-tu-empresa\/\">Impuesto sobre actividades econ\u00f3micas: Qu\u00e9 es y c\u00f3mo afecta a tu empresa<\/a><\/h5>\n\t\t\t\t\t\t\t<p class=\"excerpt mb-0\">\n\t\t\t\t\t\t\t\tEl Impuesto sobre Actividades Econ\u00f3micas (IAE) es un tributo local que recae sobre todas las&hellip;\t\t\t\t\t\t\t<\/p>\n\t\t\t\t\t\t\t<div class=\"post-bottom clearfix d-flex align-items-center\">\n\t\t\t\t\t\t\t\t\t\t\t\t\t\t\t\t\t\t\t\t\t\t\t<\/div>\n\t\t\t\t\t\t<\/div>\n\t\t\t\t\t<\/div>\n\t\t\t\t<\/div>\n\n\t\t\t\n\t\t\t\t<div class=\"col-md-12 col-sm-6 post-list-item post-item\">\n\t\t\t\t\t<!-- post -->\n\t\t\t\t\t<div class=\"post post-list clearfix\">\n\n\t\t\t\t\t\t<div class=\"thumb rounded\"><div class=\"inner\"><a href=\"https:\/\/finanedi.es\/blog\/10-terminos-clave-en-contabilidad-que-debes-conocer\/\"><img loading=\"lazy\" decoding=\"async\" width=\"330\" height=\"250\" src=\"https:\/\/finanedi.es\/blog\/contenido\/uploads\/2024\/07\/10-Terminos-clave-en-contabilidad-que-debes-conocer-330x250.jpg\" class=\"attachment-katen-thumb-list size-katen-thumb-list wp-post-image\" alt=\"10 T\u00e9rminos clave en contabilidad que debes conocer\" \/><\/a><\/div><\/div>  \n\n\t\t\t\t\t\t<div class=\"details clearfix\">\n\t\t\t\t\t\t\t<ul class=\"meta list-inline mb-3\">\n\t\t\t\t\t\t\t\t<li class=\"list-inline-item\"><a href=\"https:\/\/finanedi.es\/blog\/category\/contabilidad\/\">Contabilidad<\/a><\/li>\t\t\t\t\t\t\t<\/ul>\n\t\t\t\t\t\t\t<h5 class=\"post-title\"><a href=\"https:\/\/finanedi.es\/blog\/10-terminos-clave-en-contabilidad-que-debes-conocer\/\">10 T\u00e9rminos clave en contabilidad que debes conocer<\/a><\/h5>\n\t\t\t\t\t\t\t<p class=\"excerpt mb-0\">\n\t\t\t\t\t\t\t\tLa contabilidad es el lenguaje de los negocios, y entender sus t\u00e9rminos clave es esencial&hellip;\t\t\t\t\t\t\t<\/p>\n\t\t\t\t\t\t\t<div class=\"post-bottom clearfix d-flex align-items-center\">\n\t\t\t\t\t\t\t\t\t\t\t\t\t\t\t\t\t\t\t\t\t\t\t<\/div>\n\t\t\t\t\t\t<\/div>\n\t\t\t\t\t<\/div>\n\t\t\t\t<\/div>\n\n\t\t\t\n\t\t\t\t<div class=\"col-md-12 col-sm-6 post-list-item post-item\">\n\t\t\t\t\t<!-- post -->\n\t\t\t\t\t<div class=\"post post-list clearfix\">\n\n\t\t\t\t\t\t<div class=\"thumb rounded\"><div class=\"inner\"><a href=\"https:\/\/finanedi.es\/blog\/que-es-la-cuenta-de-perdidas-y-ganancias\/\"><img loading=\"lazy\" decoding=\"async\" width=\"330\" height=\"250\" src=\"https:\/\/finanedi.es\/blog\/contenido\/uploads\/2024\/09\/Cuenta-de-perdidas-y-ganancias-330x250.jpg\" class=\"attachment-katen-thumb-list size-katen-thumb-list wp-post-image\" alt=\"Cuenta de p\u00e9rdidas y ganancias\" \/><\/a><\/div><\/div>  \n\n\t\t\t\t\t\t<div class=\"details clearfix\">\n\t\t\t\t\t\t\t<ul class=\"meta list-inline mb-3\">\n\t\t\t\t\t\t\t\t<li class=\"list-inline-item\"><a href=\"https:\/\/finanedi.es\/blog\/category\/contabilidad\/\">Contabilidad<\/a><\/li>\t\t\t\t\t\t\t<\/ul>\n\t\t\t\t\t\t\t<h5 class=\"post-title\"><a href=\"https:\/\/finanedi.es\/blog\/que-es-la-cuenta-de-perdidas-y-ganancias\/\">\u00bfQu\u00e9 es la Cuenta de p\u00e9rdidas y ganancias?  (PyG)<\/a><\/h5>\n\t\t\t\t\t\t\t<p class=\"excerpt mb-0\">\n\t\t\t\t\t\t\t\tLa cuenta de p\u00e9rdidas y ganancias refleja los resultados de la empresa en un per\u00edodo&hellip;\t\t\t\t\t\t\t<\/p>\n\t\t\t\t\t\t\t<div class=\"post-bottom clearfix d-flex align-items-center\">\n\t\t\t\t\t\t\t\t\t\t\t\t\t\t\t\t\t\t\t\t\t\t\t<\/div>\n\t\t\t\t\t\t<\/div>\n\t\t\t\t\t<\/div>\n\t\t\t\t<\/div>\n\n\t\t\t\n\t\t\t<\/div>\n\n\t\t<\/div>\n\t\t\n        \t\t\t\t<\/div>\n\t\t\t\t<\/div>\n\t\t\t\t<\/div>\n\t\t\t\t\t<\/div>\n\t\t\t\t<\/div>\n\t\t\t\t<\/div>\n\t\t","protected":false},"excerpt":{"rendered":"<p>El N\u00famero de Identificaci\u00f3n Fiscal, com\u00fanmente conocido como NIF, es un n\u00famero  esencial para la realizaci\u00f3n de actividades econ\u00f3micas y administrativas, y su uso es obligatorio en cualquier transacci\u00f3n que implique obligaciones tributarias.<\/p>\n","protected":false},"author":3,"featured_media":10791,"comment_status":"closed","ping_status":"closed","sticky":false,"template":"","format":"standard","meta":{"_monsterinsights_skip_tracking":false,"_monsterinsights_sitenote_active":false,"_monsterinsights_sitenote_note":"","_monsterinsights_sitenote_category":0,"footnotes":""},"categories":[6],"tags":[63],"class_list":["post-1914","post","type-post","status-publish","format-standard","has-post-thumbnail","hentry","category-contabilidad","tag-glosario-empresarial"],"yoast_head":"<!-- This site is optimized with the Yoast SEO plugin v26.2 - https:\/\/yoast.com\/wordpress\/plugins\/seo\/ -->\n<title>\u00bfQu\u00e9 es el NIF? N\u00famero de Identificaci\u00f3n Fiscal y su funci\u00f3n<\/title>\n<meta name=\"description\" content=\"Descubre qu\u00e9 es el NIF, su importancia para personas y empresas, y c\u00f3mo obtener este n\u00famero de identificaci\u00f3n fiscal en Espa\u00f1a.\" \/>\n<meta name=\"robots\" content=\"index, follow, max-snippet:-1, max-image-preview:large, max-video-preview:-1\" \/>\n<link rel=\"canonical\" href=\"https:\/\/finanedi.es\/blog\/que-es-el-nif-numero-de-identificacion-fiscal\/\" \/>\n<meta property=\"og:locale\" content=\"es_ES\" \/>\n<meta property=\"og:type\" content=\"article\" \/>\n<meta property=\"og:title\" content=\"\u00bfQu\u00e9 es el NIF? N\u00famero de Identificaci\u00f3n Fiscal y su funci\u00f3n\" \/>\n<meta property=\"og:description\" content=\"Descubre qu\u00e9 es el NIF, su importancia para personas y empresas, y c\u00f3mo obtener este n\u00famero de identificaci\u00f3n fiscal en Espa\u00f1a.\" \/>\n<meta property=\"og:url\" content=\"https:\/\/finanedi.es\/blog\/que-es-el-nif-numero-de-identificacion-fiscal\/\" \/>\n<meta property=\"og:site_name\" content=\"Blog para pymes y aut\u00f3nomos - FinanEDI\" \/>\n<meta property=\"article:published_time\" content=\"2024-07-12T06:57:39+00:00\" \/>\n<meta property=\"article:modified_time\" content=\"2025-05-21T06:51:02+00:00\" \/>\n<meta property=\"og:image\" content=\"https:\/\/finanedi.es\/blog\/contenido\/uploads\/2024\/07\/Que-es-el-nif-1.jpg\" \/>\n\t<meta property=\"og:image:width\" content=\"2000\" \/>\n\t<meta property=\"og:image:height\" content=\"1333\" \/>\n\t<meta property=\"og:image:type\" content=\"image\/jpeg\" \/>\n<meta name=\"author\" content=\"restevez\" \/>\n<meta name=\"twitter:card\" content=\"summary_large_image\" \/>\n<meta name=\"twitter:label1\" content=\"Escrito por\" \/>\n\t<meta name=\"twitter:data1\" content=\"restevez\" \/>\n\t<meta name=\"twitter:label2\" content=\"Tiempo de lectura\" \/>\n\t<meta name=\"twitter:data2\" content=\"7 minutos\" \/>\n<script type=\"application\/ld+json\" class=\"yoast-schema-graph\">{\"@context\":\"https:\/\/schema.org\",\"@graph\":[{\"@type\":\"Article\",\"@id\":\"https:\/\/finanedi.es\/blog\/que-es-el-nif-numero-de-identificacion-fiscal\/#article\",\"isPartOf\":{\"@id\":\"https:\/\/finanedi.es\/blog\/que-es-el-nif-numero-de-identificacion-fiscal\/\"},\"author\":{\"name\":\"restevez\",\"@id\":\"https:\/\/finanedi.es\/blog\/#\/schema\/person\/233ed58195d34f36f74f13ba1030ebd8\"},\"headline\":\"\u00bfQu\u00e9 es el NIF? N\u00famero de Identificaci\u00f3n Fiscal\",\"datePublished\":\"2024-07-12T06:57:39+00:00\",\"dateModified\":\"2025-05-21T06:51:02+00:00\",\"mainEntityOfPage\":{\"@id\":\"https:\/\/finanedi.es\/blog\/que-es-el-nif-numero-de-identificacion-fiscal\/\"},\"wordCount\":1128,\"publisher\":{\"@id\":\"https:\/\/finanedi.es\/blog\/#organization\"},\"image\":{\"@id\":\"https:\/\/finanedi.es\/blog\/que-es-el-nif-numero-de-identificacion-fiscal\/#primaryimage\"},\"thumbnailUrl\":\"https:\/\/finanedi.es\/blog\/contenido\/uploads\/2024\/07\/Que-es-el-nif-1.jpg\",\"keywords\":[\"Glosario empresarial\"],\"articleSection\":[\"Contabilidad\"],\"inLanguage\":\"es\"},{\"@type\":\"WebPage\",\"@id\":\"https:\/\/finanedi.es\/blog\/que-es-el-nif-numero-de-identificacion-fiscal\/\",\"url\":\"https:\/\/finanedi.es\/blog\/que-es-el-nif-numero-de-identificacion-fiscal\/\",\"name\":\"\u00bfQu\u00e9 es el NIF? N\u00famero de Identificaci\u00f3n Fiscal y su funci\u00f3n\",\"isPartOf\":{\"@id\":\"https:\/\/finanedi.es\/blog\/#website\"},\"primaryImageOfPage\":{\"@id\":\"https:\/\/finanedi.es\/blog\/que-es-el-nif-numero-de-identificacion-fiscal\/#primaryimage\"},\"image\":{\"@id\":\"https:\/\/finanedi.es\/blog\/que-es-el-nif-numero-de-identificacion-fiscal\/#primaryimage\"},\"thumbnailUrl\":\"https:\/\/finanedi.es\/blog\/contenido\/uploads\/2024\/07\/Que-es-el-nif-1.jpg\",\"datePublished\":\"2024-07-12T06:57:39+00:00\",\"dateModified\":\"2025-05-21T06:51:02+00:00\",\"description\":\"Descubre qu\u00e9 es el NIF, su importancia para personas y empresas, y c\u00f3mo obtener este n\u00famero de identificaci\u00f3n fiscal en Espa\u00f1a.\",\"breadcrumb\":{\"@id\":\"https:\/\/finanedi.es\/blog\/que-es-el-nif-numero-de-identificacion-fiscal\/#breadcrumb\"},\"inLanguage\":\"es\",\"potentialAction\":[{\"@type\":\"ReadAction\",\"target\":[\"https:\/\/finanedi.es\/blog\/que-es-el-nif-numero-de-identificacion-fiscal\/\"]}]},{\"@type\":\"ImageObject\",\"inLanguage\":\"es\",\"@id\":\"https:\/\/finanedi.es\/blog\/que-es-el-nif-numero-de-identificacion-fiscal\/#primaryimage\",\"url\":\"https:\/\/finanedi.es\/blog\/contenido\/uploads\/2024\/07\/Que-es-el-nif-1.jpg\",\"contentUrl\":\"https:\/\/finanedi.es\/blog\/contenido\/uploads\/2024\/07\/Que-es-el-nif-1.jpg\",\"width\":2000,\"height\":1333,\"caption\":\"Qu\u00e9 es el NIF\"},{\"@type\":\"BreadcrumbList\",\"@id\":\"https:\/\/finanedi.es\/blog\/que-es-el-nif-numero-de-identificacion-fiscal\/#breadcrumb\",\"itemListElement\":[{\"@type\":\"ListItem\",\"position\":1,\"name\":\"Home\",\"item\":\"https:\/\/finanedi.es\/blog\/\"},{\"@type\":\"ListItem\",\"position\":2,\"name\":\"\u00bfQu\u00e9 es el NIF? N\u00famero de Identificaci\u00f3n Fiscal\"}]},{\"@type\":\"WebSite\",\"@id\":\"https:\/\/finanedi.es\/blog\/#website\",\"url\":\"https:\/\/finanedi.es\/blog\/\",\"name\":\"Blog para pymes y aut\u00f3nomos - FinanEDI\",\"description\":\"Blog para aut\u00f3nomos y PYMES, sobre temas como facturaci\u00f3n, contabilidad, tecnolog\u00eda.\",\"publisher\":{\"@id\":\"https:\/\/finanedi.es\/blog\/#organization\"},\"potentialAction\":[{\"@type\":\"SearchAction\",\"target\":{\"@type\":\"EntryPoint\",\"urlTemplate\":\"https:\/\/finanedi.es\/blog\/?s={search_term_string}\"},\"query-input\":{\"@type\":\"PropertyValueSpecification\",\"valueRequired\":true,\"valueName\":\"search_term_string\"}}],\"inLanguage\":\"es\"},{\"@type\":\"Organization\",\"@id\":\"https:\/\/finanedi.es\/blog\/#organization\",\"name\":\"Blog para pymes y aut\u00f3nomos - FinanEDI\",\"url\":\"https:\/\/finanedi.es\/blog\/\",\"logo\":{\"@type\":\"ImageObject\",\"inLanguage\":\"es\",\"@id\":\"https:\/\/finanedi.es\/blog\/#\/schema\/logo\/image\/\",\"url\":\"https:\/\/finanedi.es\/blog\/contenido\/uploads\/2024\/02\/FinanEdiAzul1.svg\",\"contentUrl\":\"https:\/\/finanedi.es\/blog\/contenido\/uploads\/2024\/02\/FinanEdiAzul1.svg\",\"width\":142,\"height\":36,\"caption\":\"Blog para pymes y aut\u00f3nomos - FinanEDI\"},\"image\":{\"@id\":\"https:\/\/finanedi.es\/blog\/#\/schema\/logo\/image\/\"}},{\"@type\":\"Person\",\"@id\":\"https:\/\/finanedi.es\/blog\/#\/schema\/person\/233ed58195d34f36f74f13ba1030ebd8\",\"name\":\"restevez\",\"image\":{\"@type\":\"ImageObject\",\"inLanguage\":\"es\",\"@id\":\"https:\/\/finanedi.es\/blog\/#\/schema\/person\/image\/\",\"url\":\"https:\/\/secure.gravatar.com\/avatar\/6c4880db9746e4aa887a98e0ebf657788804dc4280120ef10331a2e6ebb4a9a0?s=96&d=mm&r=g\",\"contentUrl\":\"https:\/\/secure.gravatar.com\/avatar\/6c4880db9746e4aa887a98e0ebf657788804dc4280120ef10331a2e6ebb4a9a0?s=96&d=mm&r=g\",\"caption\":\"restevez\"},\"url\":\"https:\/\/finanedi.es\/blog\/author\/restevez\/\"}]}<\/script>\n<!-- \/ Yoast SEO plugin. -->","yoast_head_json":{"title":"\u00bfQu\u00e9 es el NIF? N\u00famero de Identificaci\u00f3n Fiscal y su funci\u00f3n","description":"Descubre qu\u00e9 es el NIF, su importancia para personas y empresas, y c\u00f3mo obtener este n\u00famero de identificaci\u00f3n fiscal en Espa\u00f1a.","robots":{"index":"index","follow":"follow","max-snippet":"max-snippet:-1","max-image-preview":"max-image-preview:large","max-video-preview":"max-video-preview:-1"},"canonical":"https:\/\/finanedi.es\/blog\/que-es-el-nif-numero-de-identificacion-fiscal\/","og_locale":"es_ES","og_type":"article","og_title":"\u00bfQu\u00e9 es el NIF? N\u00famero de Identificaci\u00f3n Fiscal y su funci\u00f3n","og_description":"Descubre qu\u00e9 es el NIF, su importancia para personas y empresas, y c\u00f3mo obtener este n\u00famero de identificaci\u00f3n fiscal en Espa\u00f1a.","og_url":"https:\/\/finanedi.es\/blog\/que-es-el-nif-numero-de-identificacion-fiscal\/","og_site_name":"Blog para pymes y aut\u00f3nomos - FinanEDI","article_published_time":"2024-07-12T06:57:39+00:00","article_modified_time":"2025-05-21T06:51:02+00:00","og_image":[{"width":2000,"height":1333,"url":"https:\/\/finanedi.es\/blog\/contenido\/uploads\/2024\/07\/Que-es-el-nif-1.jpg","type":"image\/jpeg"}],"author":"restevez","twitter_card":"summary_large_image","twitter_misc":{"Escrito por":"restevez","Tiempo de lectura":"7 minutos"},"schema":{"@context":"https:\/\/schema.org","@graph":[{"@type":"Article","@id":"https:\/\/finanedi.es\/blog\/que-es-el-nif-numero-de-identificacion-fiscal\/#article","isPartOf":{"@id":"https:\/\/finanedi.es\/blog\/que-es-el-nif-numero-de-identificacion-fiscal\/"},"author":{"name":"restevez","@id":"https:\/\/finanedi.es\/blog\/#\/schema\/person\/233ed58195d34f36f74f13ba1030ebd8"},"headline":"\u00bfQu\u00e9 es el NIF? N\u00famero de Identificaci\u00f3n Fiscal","datePublished":"2024-07-12T06:57:39+00:00","dateModified":"2025-05-21T06:51:02+00:00","mainEntityOfPage":{"@id":"https:\/\/finanedi.es\/blog\/que-es-el-nif-numero-de-identificacion-fiscal\/"},"wordCount":1128,"publisher":{"@id":"https:\/\/finanedi.es\/blog\/#organization"},"image":{"@id":"https:\/\/finanedi.es\/blog\/que-es-el-nif-numero-de-identificacion-fiscal\/#primaryimage"},"thumbnailUrl":"https:\/\/finanedi.es\/blog\/contenido\/uploads\/2024\/07\/Que-es-el-nif-1.jpg","keywords":["Glosario empresarial"],"articleSection":["Contabilidad"],"inLanguage":"es"},{"@type":"WebPage","@id":"https:\/\/finanedi.es\/blog\/que-es-el-nif-numero-de-identificacion-fiscal\/","url":"https:\/\/finanedi.es\/blog\/que-es-el-nif-numero-de-identificacion-fiscal\/","name":"\u00bfQu\u00e9 es el NIF? N\u00famero de Identificaci\u00f3n Fiscal y su funci\u00f3n","isPartOf":{"@id":"https:\/\/finanedi.es\/blog\/#website"},"primaryImageOfPage":{"@id":"https:\/\/finanedi.es\/blog\/que-es-el-nif-numero-de-identificacion-fiscal\/#primaryimage"},"image":{"@id":"https:\/\/finanedi.es\/blog\/que-es-el-nif-numero-de-identificacion-fiscal\/#primaryimage"},"thumbnailUrl":"https:\/\/finanedi.es\/blog\/contenido\/uploads\/2024\/07\/Que-es-el-nif-1.jpg","datePublished":"2024-07-12T06:57:39+00:00","dateModified":"2025-05-21T06:51:02+00:00","description":"Descubre qu\u00e9 es el NIF, su importancia para personas y empresas, y c\u00f3mo obtener este n\u00famero de identificaci\u00f3n fiscal en Espa\u00f1a.","breadcrumb":{"@id":"https:\/\/finanedi.es\/blog\/que-es-el-nif-numero-de-identificacion-fiscal\/#breadcrumb"},"inLanguage":"es","potentialAction":[{"@type":"ReadAction","target":["https:\/\/finanedi.es\/blog\/que-es-el-nif-numero-de-identificacion-fiscal\/"]}]},{"@type":"ImageObject","inLanguage":"es","@id":"https:\/\/finanedi.es\/blog\/que-es-el-nif-numero-de-identificacion-fiscal\/#primaryimage","url":"https:\/\/finanedi.es\/blog\/contenido\/uploads\/2024\/07\/Que-es-el-nif-1.jpg","contentUrl":"https:\/\/finanedi.es\/blog\/contenido\/uploads\/2024\/07\/Que-es-el-nif-1.jpg","width":2000,"height":1333,"caption":"Qu\u00e9 es el NIF"},{"@type":"BreadcrumbList","@id":"https:\/\/finanedi.es\/blog\/que-es-el-nif-numero-de-identificacion-fiscal\/#breadcrumb","itemListElement":[{"@type":"ListItem","position":1,"name":"Home","item":"https:\/\/finanedi.es\/blog\/"},{"@type":"ListItem","position":2,"name":"\u00bfQu\u00e9 es el NIF? N\u00famero de Identificaci\u00f3n Fiscal"}]},{"@type":"WebSite","@id":"https:\/\/finanedi.es\/blog\/#website","url":"https:\/\/finanedi.es\/blog\/","name":"Blog para pymes y aut\u00f3nomos - FinanEDI","description":"Blog para aut\u00f3nomos y PYMES, sobre temas como facturaci\u00f3n, contabilidad, tecnolog\u00eda.","publisher":{"@id":"https:\/\/finanedi.es\/blog\/#organization"},"potentialAction":[{"@type":"SearchAction","target":{"@type":"EntryPoint","urlTemplate":"https:\/\/finanedi.es\/blog\/?s={search_term_string}"},"query-input":{"@type":"PropertyValueSpecification","valueRequired":true,"valueName":"search_term_string"}}],"inLanguage":"es"},{"@type":"Organization","@id":"https:\/\/finanedi.es\/blog\/#organization","name":"Blog para pymes y aut\u00f3nomos - FinanEDI","url":"https:\/\/finanedi.es\/blog\/","logo":{"@type":"ImageObject","inLanguage":"es","@id":"https:\/\/finanedi.es\/blog\/#\/schema\/logo\/image\/","url":"https:\/\/finanedi.es\/blog\/contenido\/uploads\/2024\/02\/FinanEdiAzul1.svg","contentUrl":"https:\/\/finanedi.es\/blog\/contenido\/uploads\/2024\/02\/FinanEdiAzul1.svg","width":142,"height":36,"caption":"Blog para pymes y aut\u00f3nomos - FinanEDI"},"image":{"@id":"https:\/\/finanedi.es\/blog\/#\/schema\/logo\/image\/"}},{"@type":"Person","@id":"https:\/\/finanedi.es\/blog\/#\/schema\/person\/233ed58195d34f36f74f13ba1030ebd8","name":"restevez","image":{"@type":"ImageObject","inLanguage":"es","@id":"https:\/\/finanedi.es\/blog\/#\/schema\/person\/image\/","url":"https:\/\/secure.gravatar.com\/avatar\/6c4880db9746e4aa887a98e0ebf657788804dc4280120ef10331a2e6ebb4a9a0?s=96&d=mm&r=g","contentUrl":"https:\/\/secure.gravatar.com\/avatar\/6c4880db9746e4aa887a98e0ebf657788804dc4280120ef10331a2e6ebb4a9a0?s=96&d=mm&r=g","caption":"restevez"},"url":"https:\/\/finanedi.es\/blog\/author\/restevez\/"}]}},"_links":{"self":[{"href":"https:\/\/finanedi.es\/blog\/wp-json\/wp\/v2\/posts\/1914","targetHints":{"allow":["GET"]}}],"collection":[{"href":"https:\/\/finanedi.es\/blog\/wp-json\/wp\/v2\/posts"}],"about":[{"href":"https:\/\/finanedi.es\/blog\/wp-json\/wp\/v2\/types\/post"}],"author":[{"embeddable":true,"href":"https:\/\/finanedi.es\/blog\/wp-json\/wp\/v2\/users\/3"}],"replies":[{"embeddable":true,"href":"https:\/\/finanedi.es\/blog\/wp-json\/wp\/v2\/comments?post=1914"}],"version-history":[{"count":40,"href":"https:\/\/finanedi.es\/blog\/wp-json\/wp\/v2\/posts\/1914\/revisions"}],"predecessor-version":[{"id":10794,"href":"https:\/\/finanedi.es\/blog\/wp-json\/wp\/v2\/posts\/1914\/revisions\/10794"}],"wp:featuredmedia":[{"embeddable":true,"href":"https:\/\/finanedi.es\/blog\/wp-json\/wp\/v2\/media\/10791"}],"wp:attachment":[{"href":"https:\/\/finanedi.es\/blog\/wp-json\/wp\/v2\/media?parent=1914"}],"wp:term":[{"taxonomy":"category","embeddable":true,"href":"https:\/\/finanedi.es\/blog\/wp-json\/wp\/v2\/categories?post=1914"},{"taxonomy":"post_tag","embeddable":true,"href":"https:\/\/finanedi.es\/blog\/wp-json\/wp\/v2\/tags?post=1914"}],"curies":[{"name":"wp","href":"https:\/\/api.w.org\/{rel}","templated":true}]}}