{"id":1920,"date":"2024-07-18T08:07:22","date_gmt":"2024-07-18T06:07:22","guid":{"rendered":"https:\/\/finanedi.es\/blog\/?p=1920"},"modified":"2024-08-29T09:45:00","modified_gmt":"2024-08-29T07:45:00","slug":"nif-para-personas-fisicas-y-juridicas","status":"publish","type":"post","link":"https:\/\/finanedi.es\/blog\/nif-para-personas-fisicas-y-juridicas\/","title":{"rendered":"NIF para personas F\u00edsicas y Jur\u00eddicas"},"content":{"rendered":"\t\t<div data-elementor-type=\"wp-post\" data-elementor-id=\"1920\" class=\"elementor elementor-1920\">\n\t\t\t\t<div class=\"elementor-element elementor-element-dd1873e e-flex e-con-boxed e-con e-parent\" data-id=\"dd1873e\" data-element_type=\"container\">\n\t\t\t\t\t<div class=\"e-con-inner\">\n\t\t\t\t<div class=\"elementor-element elementor-element-a838b80 elementor-widget elementor-widget-text-editor\" data-id=\"a838b80\" data-element_type=\"widget\" data-widget_type=\"text-editor.default\">\n\t\t\t\t<div class=\"elementor-widget-container\">\n\t\t\t\t\t\t\t\t\t<p>El <strong>N\u00famero de Identificaci\u00f3n Fiscal (NIF)<\/strong> es un componente fundamental del sistema fiscal espa\u00f1ol. Su importancia radica en su uso obligatorio para cualquier actividad econ\u00f3mica, administrativa y legal en el pa\u00eds. En este art\u00edculo, nos centraremos en explicar qu\u00e9 es el NIF, las diferencias entre el NIF para personas f\u00edsicas y jur\u00eddicas, y c\u00f3mo obtenerlo.<\/p>\t\t\t\t\t\t\t\t<\/div>\n\t\t\t\t<\/div>\n\t\t\t\t\t<\/div>\n\t\t\t\t<\/div>\n\t\t<div class=\"elementor-element elementor-element-8ceb10a e-flex e-con-boxed e-con e-parent\" data-id=\"8ceb10a\" data-element_type=\"container\">\n\t\t\t\t\t<div class=\"e-con-inner\">\n\t\t\t\t<div class=\"elementor-element elementor-element-6ddbe0d elementor-widget elementor-widget-heading\" data-id=\"6ddbe0d\" data-element_type=\"widget\" data-widget_type=\"heading.default\">\n\t\t\t\t<div class=\"elementor-widget-container\">\n\t\t\t\t\t<h2 class=\"elementor-heading-title elementor-size-default\">\u00bfQu\u00e9 es el NIF?<\/h2>\t\t\t\t<\/div>\n\t\t\t\t<\/div>\n\t\t\t\t\t<\/div>\n\t\t\t\t<\/div>\n\t\t<div class=\"elementor-element elementor-element-7043ff2 e-flex e-con-boxed e-con e-parent\" data-id=\"7043ff2\" data-element_type=\"container\">\n\t\t\t\t\t<div class=\"e-con-inner\">\n\t\t\t\t<div class=\"elementor-element elementor-element-b731f20 elementor-widget elementor-widget-text-editor\" data-id=\"b731f20\" data-element_type=\"widget\" data-widget_type=\"text-editor.default\">\n\t\t\t\t<div class=\"elementor-widget-container\">\n\t\t\t\t\t\t\t\t\t<p>El NIF, o N\u00famero de Identificaci\u00f3n Fiscal, es un <strong>c\u00f3digo \u00fanico que asigna la Agencia Tributaria espa\u00f1ola a cada contribuyente<\/strong>. Este c\u00f3digo sirve para identificar a las personas y entidades en sus relaciones con la Hacienda P\u00fablica. Su uso es obligatorio en declaraciones de impuestos, emisi\u00f3n de facturas, y cualquier tr\u00e1mite fiscal o administrativo.<\/p>\t\t\t\t\t\t\t\t<\/div>\n\t\t\t\t<\/div>\n\t\t\t\t\t<\/div>\n\t\t\t\t<\/div>\n\t\t<div class=\"elementor-element elementor-element-95b3dc2 e-flex e-con-boxed e-con e-parent\" data-id=\"95b3dc2\" data-element_type=\"container\">\n\t\t\t\t\t<div class=\"e-con-inner\">\n\t\t\t\t<div class=\"elementor-element elementor-element-a2d72d1 elementor-widget elementor-widget-spacer\" data-id=\"a2d72d1\" data-element_type=\"widget\" data-widget_type=\"spacer.default\">\n\t\t\t\t<div class=\"elementor-widget-container\">\n\t\t\t\t\t\t\t<div class=\"elementor-spacer\">\n\t\t\t<div class=\"elementor-spacer-inner\"><\/div>\n\t\t<\/div>\n\t\t\t\t\t\t<\/div>\n\t\t\t\t<\/div>\n\t\t\t\t\t<\/div>\n\t\t\t\t<\/div>\n\t\t<div class=\"elementor-element elementor-element-f4c3dd0 e-flex e-con-boxed e-con e-parent\" data-id=\"f4c3dd0\" data-element_type=\"container\">\n\t\t\t\t\t<div class=\"e-con-inner\">\n\t\t\t\t<div class=\"elementor-element elementor-element-94a7c7a elementor-widget elementor-widget-heading\" data-id=\"94a7c7a\" data-element_type=\"widget\" data-widget_type=\"heading.default\">\n\t\t\t\t<div class=\"elementor-widget-container\">\n\t\t\t\t\t<h3 class=\"elementor-heading-title elementor-size-default\">NIF para personas f\u00edsicas<\/h3>\t\t\t\t<\/div>\n\t\t\t\t<\/div>\n\t\t\t\t\t<\/div>\n\t\t\t\t<\/div>\n\t\t<div class=\"elementor-element elementor-element-b439232 e-flex e-con-boxed e-con e-parent\" data-id=\"b439232\" data-element_type=\"container\">\n\t\t\t\t\t<div class=\"e-con-inner\">\n\t\t\t\t<div class=\"elementor-element elementor-element-90d0bd5 elementor-widget elementor-widget-spacer\" data-id=\"90d0bd5\" data-element_type=\"widget\" data-widget_type=\"spacer.default\">\n\t\t\t\t<div class=\"elementor-widget-container\">\n\t\t\t\t\t\t\t<div class=\"elementor-spacer\">\n\t\t\t<div class=\"elementor-spacer-inner\"><\/div>\n\t\t<\/div>\n\t\t\t\t\t\t<\/div>\n\t\t\t\t<\/div>\n\t\t\t\t\t<\/div>\n\t\t\t\t<\/div>\n\t\t<div class=\"elementor-element elementor-element-e1916d9 e-flex e-con-boxed e-con e-parent\" data-id=\"e1916d9\" data-element_type=\"container\">\n\t\t\t\t\t<div class=\"e-con-inner\">\n\t\t\t\t<div class=\"elementor-element elementor-element-0ac8a3b elementor-widget elementor-widget-heading\" data-id=\"0ac8a3b\" data-element_type=\"widget\" data-widget_type=\"heading.default\">\n\t\t\t\t<div class=\"elementor-widget-container\">\n\t\t\t\t\t<h4 class=\"elementor-heading-title elementor-size-default\">Caracter\u00edsticas del NIF para personas f\u00edsicas<\/h4>\t\t\t\t<\/div>\n\t\t\t\t<\/div>\n\t\t\t\t\t<\/div>\n\t\t\t\t<\/div>\n\t\t<div class=\"elementor-element elementor-element-27efa72 e-flex e-con-boxed e-con e-parent\" data-id=\"27efa72\" data-element_type=\"container\">\n\t\t\t\t\t<div class=\"e-con-inner\">\n\t\t\t\t<div class=\"elementor-element elementor-element-08eeb87 elementor-widget elementor-widget-text-editor\" data-id=\"08eeb87\" data-element_type=\"widget\" data-widget_type=\"text-editor.default\">\n\t\t\t\t<div class=\"elementor-widget-container\">\n\t\t\t\t\t\t\t\t\t<p>Para los ciudadanos espa\u00f1oles, coincide con el n\u00famero del Documento Nacional de Identidad (DNI), a\u00f1adiendo una letra de control al final (por ejemplo, 12345678A). Esta letra se calcula a partir de los n\u00fameros del DNI mediante un algoritmo espec\u00edfico.<\/p><p>Para los extranjeros residentes en Espa\u00f1a, el NIF se corresponde con el N\u00famero de Identificaci\u00f3n de Extranjeros (NIE), que tiene un formato diferente: una letra inicial (X, Y o Z), seguida de siete d\u00edgitos y una letra de control (por ejemplo, X1234567A).<\/p>\t\t\t\t\t\t\t\t<\/div>\n\t\t\t\t<\/div>\n\t\t\t\t\t<\/div>\n\t\t\t\t<\/div>\n\t\t<div class=\"elementor-element elementor-element-e34b7bb e-flex e-con-boxed e-con e-parent\" data-id=\"e34b7bb\" data-element_type=\"container\">\n\t\t\t\t\t<div class=\"e-con-inner\">\n\t\t\t\t<div class=\"elementor-element elementor-element-cdb05ca elementor-widget elementor-widget-heading\" data-id=\"cdb05ca\" data-element_type=\"widget\" data-widget_type=\"heading.default\">\n\t\t\t\t<div class=\"elementor-widget-container\">\n\t\t\t\t\t<h4 class=\"elementor-heading-title elementor-size-default\">Uso del NIF para personas f\u00edsicas<\/h4>\t\t\t\t<\/div>\n\t\t\t\t<\/div>\n\t\t\t\t\t<\/div>\n\t\t\t\t<\/div>\n\t\t<div class=\"elementor-element elementor-element-68fe472 e-flex e-con-boxed e-con e-parent\" data-id=\"68fe472\" data-element_type=\"container\">\n\t\t\t\t\t<div class=\"e-con-inner\">\n\t\t\t\t<div class=\"elementor-element elementor-element-fe399f9 elementor-widget elementor-widget-text-editor\" data-id=\"fe399f9\" data-element_type=\"widget\" data-widget_type=\"text-editor.default\">\n\t\t\t\t<div class=\"elementor-widget-container\">\n\t\t\t\t\t\t\t\t\t<p>El N\u00famero de Identificaci\u00f3n Fiscal (NIF) es un elemento fundamental en la vida cotidiana de cualquier persona f\u00edsica en Espa\u00f1a, ya que se utiliza en una amplia variedad de situaciones legales, financieras y administrativas. A continuaci\u00f3n, se detalla su relevancia en diferentes contextos:<\/p><ul><li><strong>Declaraci\u00f3n de impuestos<\/strong>: El NIF es absolutamente imprescindible para la presentaci\u00f3n de cualquier tipo de declaraci\u00f3n fiscal ante la Agencia Tributaria. Esto incluye la declaraci\u00f3n anual del Impuesto sobre la Renta de las Personas F\u00edsicas (IRPF), as\u00ed como otras obligaciones tributarias que puedan surgir. Sin el NIF, no es posible gestionar de manera correcta y legal las obligaciones fiscales, lo que podr\u00eda acarrear sanciones y multas.<\/li><li><strong>Emisi\u00f3n y recepci\u00f3n de facturas<\/strong>: En el \u00e1mbito comercial, el NIF debe aparecer obligatoriamente en todas las facturas, tanto emitidas como recibidas. Esto es crucial para llevar una contabilidad precisa y cumplir con la normativa fiscal vigente.\u00a0<\/li><li><strong>Apertura y gesti\u00f3n de cuentas bancarias<\/strong>: El NIF es un requisito obligatorio para abrir y gestionar cuentas en cualquier entidad financiera. Sin este n\u00famero, las instituciones bancarias no pueden realizar las verificaciones necesarias para cumplir con las normativas de prevenci\u00f3n de lavado de dinero y financiamiento del terrorismo.\u00a0<\/li><li><strong>Tr\u00e1mites administrativos<\/strong>: El NIF es necesario en una amplia gama de tr\u00e1mites administrativos, que incluyen, pero no se limitan a, registros civiles (como el registro de nacimientos o matrimonios), la gesti\u00f3n de propiedades (compra, venta o alquiler de inmuebles), y otros procesos legales como la obtenci\u00f3n de licencias o permisos. Su uso garantiza que las personas f\u00edsicas est\u00e9n correctamente identificadas en los registros oficiales y que se cumplan todas las obligaciones legales asociadas.<\/li><\/ul>\t\t\t\t\t\t\t\t<\/div>\n\t\t\t\t<\/div>\n\t\t\t\t\t<\/div>\n\t\t\t\t<\/div>\n\t\t<div class=\"elementor-element elementor-element-a3723a0 e-flex e-con-boxed e-con e-parent\" data-id=\"a3723a0\" data-element_type=\"container\">\n\t\t\t\t\t<div class=\"e-con-inner\">\n\t\t\t\t<div class=\"elementor-element elementor-element-b2b89e2 elementor-widget elementor-widget-heading\" data-id=\"b2b89e2\" data-element_type=\"widget\" data-widget_type=\"heading.default\">\n\t\t\t\t<div class=\"elementor-widget-container\">\n\t\t\t\t\t<h4 class=\"elementor-heading-title elementor-size-default\">Obtenci\u00f3n del NIF para personas f\u00edsicas<\/h4>\t\t\t\t<\/div>\n\t\t\t\t<\/div>\n\t\t\t\t\t<\/div>\n\t\t\t\t<\/div>\n\t\t<div class=\"elementor-element elementor-element-1be88f5 e-flex e-con-boxed e-con e-parent\" data-id=\"1be88f5\" data-element_type=\"container\">\n\t\t\t\t\t<div class=\"e-con-inner\">\n\t\t\t\t<div class=\"elementor-element elementor-element-1ad70f7 elementor-widget elementor-widget-text-editor\" data-id=\"1ad70f7\" data-element_type=\"widget\" data-widget_type=\"text-editor.default\">\n\t\t\t\t<div class=\"elementor-widget-container\">\n\t\t\t\t\t\t\t\t\t<ul><li><strong>Espa\u00f1oles<\/strong>: El NIF se asigna autom\u00e1ticamente al emitir el DNI. No se requiere ning\u00fan tr\u00e1mite adicional.<\/li><li><strong>Extranjeros<\/strong>: Deben solicitar el NIE en las oficinas de la Polic\u00eda Nacional. Este tr\u00e1mite puede realizarse directamente en Espa\u00f1a o a trav\u00e9s de las embajadas y consulados espa\u00f1oles en el extranjero.<\/li><\/ul>\t\t\t\t\t\t\t\t<\/div>\n\t\t\t\t<\/div>\n\t\t\t\t\t<\/div>\n\t\t\t\t<\/div>\n\t\t<div class=\"elementor-element elementor-element-c966e00 e-flex e-con-boxed e-con e-parent\" data-id=\"c966e00\" data-element_type=\"container\">\n\t\t\t\t\t<div class=\"e-con-inner\">\n\t\t\t\t<div class=\"elementor-element elementor-element-22c6d1d elementor-widget elementor-widget-spacer\" data-id=\"22c6d1d\" data-element_type=\"widget\" data-widget_type=\"spacer.default\">\n\t\t\t\t<div class=\"elementor-widget-container\">\n\t\t\t\t\t\t\t<div class=\"elementor-spacer\">\n\t\t\t<div class=\"elementor-spacer-inner\"><\/div>\n\t\t<\/div>\n\t\t\t\t\t\t<\/div>\n\t\t\t\t<\/div>\n\t\t\t\t\t<\/div>\n\t\t\t\t<\/div>\n\t\t<div class=\"elementor-element elementor-element-b9ec765 e-flex e-con-boxed e-con e-parent\" data-id=\"b9ec765\" data-element_type=\"container\">\n\t\t\t\t\t<div class=\"e-con-inner\">\n\t\t\t\t<div class=\"elementor-element elementor-element-8574f17 elementor-widget elementor-widget-heading\" data-id=\"8574f17\" data-element_type=\"widget\" data-widget_type=\"heading.default\">\n\t\t\t\t<div class=\"elementor-widget-container\">\n\t\t\t\t\t<h3 class=\"elementor-heading-title elementor-size-default\">NIF para personas jur\u00eddicas<\/h3>\t\t\t\t<\/div>\n\t\t\t\t<\/div>\n\t\t\t\t\t<\/div>\n\t\t\t\t<\/div>\n\t\t<div class=\"elementor-element elementor-element-28eb09c e-flex e-con-boxed e-con e-parent\" data-id=\"28eb09c\" data-element_type=\"container\">\n\t\t\t\t\t<div class=\"e-con-inner\">\n\t\t\t\t<div class=\"elementor-element elementor-element-98b763c elementor-widget elementor-widget-spacer\" data-id=\"98b763c\" data-element_type=\"widget\" data-widget_type=\"spacer.default\">\n\t\t\t\t<div class=\"elementor-widget-container\">\n\t\t\t\t\t\t\t<div class=\"elementor-spacer\">\n\t\t\t<div class=\"elementor-spacer-inner\"><\/div>\n\t\t<\/div>\n\t\t\t\t\t\t<\/div>\n\t\t\t\t<\/div>\n\t\t\t\t\t<\/div>\n\t\t\t\t<\/div>\n\t\t<div class=\"elementor-element elementor-element-1a1e6c3 e-flex e-con-boxed e-con e-parent\" data-id=\"1a1e6c3\" data-element_type=\"container\">\n\t\t\t\t\t<div class=\"e-con-inner\">\n\t\t\t\t<div class=\"elementor-element elementor-element-790563a elementor-widget elementor-widget-heading\" data-id=\"790563a\" data-element_type=\"widget\" data-widget_type=\"heading.default\">\n\t\t\t\t<div class=\"elementor-widget-container\">\n\t\t\t\t\t<h4 class=\"elementor-heading-title elementor-size-default\">Caracter\u00edsticas del NIF para personas jur\u00eddicas<\/h4>\t\t\t\t<\/div>\n\t\t\t\t<\/div>\n\t\t\t\t\t<\/div>\n\t\t\t\t<\/div>\n\t\t<div class=\"elementor-element elementor-element-088f978 e-flex e-con-boxed e-con e-parent\" data-id=\"088f978\" data-element_type=\"container\">\n\t\t\t\t\t<div class=\"e-con-inner\">\n\t\t\t\t<div class=\"elementor-element elementor-element-15692a5 elementor-widget elementor-widget-text-editor\" data-id=\"15692a5\" data-element_type=\"widget\" data-widget_type=\"text-editor.default\">\n\t\t\t\t<div class=\"elementor-widget-container\">\n\t\t\t\t\t\t\t\t\t<p>El NIF para personas jur\u00eddicas tiene un formato espec\u00edfico que empieza con una letra que indica el tipo de entidad, seguida de un n\u00famero.<\/p>\t\t\t\t\t\t\t\t<\/div>\n\t\t\t\t<\/div>\n\t\t\t\t\t<\/div>\n\t\t\t\t<\/div>\n\t\t<div class=\"elementor-element elementor-element-81a09ff e-flex e-con-boxed e-con e-parent\" data-id=\"81a09ff\" data-element_type=\"container\">\n\t\t\t\t\t<div class=\"e-con-inner\">\n\t\t\t\t<div class=\"elementor-element elementor-element-e03a34e elementor-widget elementor-widget-html\" data-id=\"e03a34e\" data-element_type=\"widget\" data-widget_type=\"html.default\">\n\t\t\t\t<div class=\"elementor-widget-container\">\n\t\t\t\t\t<style>\r\n        .comparative-table {\r\n            width: 100%;\r\n            border-collapse: collapse;\r\n            font-size: 14px;\r\n            font-family: 'Arial', sans-serif;\r\n            text-align: left;\r\n        }\r\n\r\n        .comparative-table thead tr {\r\n            background-color: #1A2543;\r\n            color: white;\r\n            text-align: left;\r\n        }\r\n        \r\n         .comparative-table thead th {\r\n             color: white;\r\n         }\r\n\r\n        .comparative-table th,\r\n        .comparative-table td {\r\n            padding: 8px 16px;\r\n            border: 1px solid #dddddd;\r\n        }\r\n\r\n        .comparative-table tbody tr {\r\n            border-bottom: 1px solid #dddddd;\r\n        }\r\n\r\n        .comparative-table tbody tr:nth-of-type(even) {\r\n            background-color: #FBFCFF;\r\n        }\r\n\r\n        .comparative-table tbody tr:hover {\r\n            background-color: #F0F4FF;\r\n        }\r\n        \r\n        .bold{\r\n         font-weight: bold;   \r\n        }\r\n\r\n    <\/style>\r\n    <title>Comparativa Indexa Capital vs Finizens<\/title>\r\n<\/head>\r\n<body>\r\n    <table class=\"comparative-table\">\r\n        <thead>\r\n            <tr>\r\n                <th>Letra<\/th>\r\n                <th>Forma jur\u00eddica<\/th>\r\n            <\/tr>\r\n        <\/thead>\r\n        <tbody>\r\n            <tr>\r\n                <td class=\"bold\">A<\/td>\r\n                <td>Sociedad an\u00f3nima<\/td>\r\n            <\/tr>\r\n            <tr>\r\n                <td class=\"bold\">B<\/td>\r\n                <td>Sociedad responsabilidad limitada<\/td>\r\n            <\/tr>\r\n            <tr>\r\n                <td class=\"bold\">C<\/td>\r\n                <td>Sociedad colectiva<\/td>\r\n            <\/tr>\r\n            <tr>\r\n                <td class=\"bold\">D<\/td>\r\n                <td>Comunidad de bienes<\/td>\r\n            <\/tr>\r\n            <tr>\r\n                <td class=\"bold\">F<\/td>\r\n                <td>Sociedad cooperativa<\/td>\r\n            <\/tr>\r\n            <tr>\r\n                <td class=\"bold\">G<\/td>\r\n                <td>Asociaci\u00f3n<\/td>\r\n            <\/tr>\r\n            <tr>\r\n                <td class=\"bold\">H<\/td>\r\n                <td>Comunidad de propietarios<\/td>\r\n            <\/tr>\r\n            <tr>\r\n                <td class=\"bold\">J<\/td>\r\n                <td>Sociedad civil<\/td>\r\n            <\/tr>\r\n            <tr>\r\n                <td class=\"bold\">P<\/td>\r\n                <td>Corporaci\u00f3n local<\/td>\r\n            <\/tr>\r\n            <tr>\r\n                <td class=\"bold\">Q<\/td>\r\n                <td>Organismo p\u00fablico<\/td>\r\n            <\/tr>\r\n            <tr>\r\n                <td class=\"bold\">S<\/td>\r\n                <td>\u00d3rganos de administraci\u00f3n del Estado<\/td>\r\n            <\/tr>\r\n            <tr>\r\n                <td class=\"bold\">U<\/td>\r\n                <td>Uni\u00f3n temporal de empresas<\/td>\r\n            <\/tr>\r\n            <tr>\r\n                <td class=\"bold\">V<\/td>\r\n                <td>Otros tipos no definidos<\/td>\r\n            <\/tr>\r\n            <tr>\r\n                <td class=\"bold\">N<\/td>\r\n                <td>Entidad extranjera<\/td>\r\n            <\/tr>\r\n            <tr>\r\n                <td class=\"bold\">W<\/td>\r\n                <td>Establecimientos pendientes de entidades no residentes en Espa\u00f1a<\/td>\r\n            <\/tr>\r\n            \r\n           \r\n           \r\n        <\/tbody>\r\n    <\/table>\r\n<\/body>\r\n<\/html>\r\n\t\t\t\t<\/div>\n\t\t\t\t<\/div>\n\t\t\t\t\t<\/div>\n\t\t\t\t<\/div>\n\t\t<div class=\"elementor-element elementor-element-97adfb3 e-flex e-con-boxed e-con e-parent\" data-id=\"97adfb3\" data-element_type=\"container\">\n\t\t\t\t\t<div class=\"e-con-inner\">\n\t\t\t\t<div class=\"elementor-element elementor-element-496819a elementor-widget elementor-widget-spacer\" data-id=\"496819a\" data-element_type=\"widget\" data-widget_type=\"spacer.default\">\n\t\t\t\t<div class=\"elementor-widget-container\">\n\t\t\t\t\t\t\t<div class=\"elementor-spacer\">\n\t\t\t<div class=\"elementor-spacer-inner\"><\/div>\n\t\t<\/div>\n\t\t\t\t\t\t<\/div>\n\t\t\t\t<\/div>\n\t\t\t\t\t<\/div>\n\t\t\t\t<\/div>\n\t\t<div class=\"elementor-element elementor-element-5fa70ef e-flex e-con-boxed e-con e-parent\" data-id=\"5fa70ef\" data-element_type=\"container\">\n\t\t\t\t\t<div class=\"e-con-inner\">\n\t\t\t\t<div class=\"elementor-element elementor-element-ea09c1d elementor-widget elementor-widget-heading\" data-id=\"ea09c1d\" data-element_type=\"widget\" data-widget_type=\"heading.default\">\n\t\t\t\t<div class=\"elementor-widget-container\">\n\t\t\t\t\t<h4 class=\"elementor-heading-title elementor-size-default\">Uso del NIF para personas jur\u00eddicas<\/h4>\t\t\t\t<\/div>\n\t\t\t\t<\/div>\n\t\t\t\t\t<\/div>\n\t\t\t\t<\/div>\n\t\t<div class=\"elementor-element elementor-element-35a68f0 e-flex e-con-boxed e-con e-parent\" data-id=\"35a68f0\" data-element_type=\"container\">\n\t\t\t\t\t<div class=\"e-con-inner\">\n\t\t\t\t<div class=\"elementor-element elementor-element-118025a elementor-widget elementor-widget-text-editor\" data-id=\"118025a\" data-element_type=\"widget\" data-widget_type=\"text-editor.default\">\n\t\t\t\t<div class=\"elementor-widget-container\">\n\t\t\t\t\t\t\t\t\t<p>El NIF es indispensable para:<\/p><ul><li><strong>Declaraciones fiscales<\/strong>: Imprescindible para la presentaci\u00f3n de impuestos de la empresa.<\/li><li><strong>Facturaci\u00f3n<\/strong>: Debe aparecer en todas las facturas emitidas y recibidas por la empresa.<\/li><li><strong>Contratos y transacciones comerciales<\/strong>: Utilizado en la formalizaci\u00f3n de contratos y transacciones comerciales.<\/li><li><strong>Registro de propiedades y bienes<\/strong>: Necesario para registrar bienes inmuebles y otros activos a nombre de la empresa.<\/li><\/ul>\t\t\t\t\t\t\t\t<\/div>\n\t\t\t\t<\/div>\n\t\t\t\t\t<\/div>\n\t\t\t\t<\/div>\n\t\t<div class=\"elementor-element elementor-element-e2f9180 e-flex e-con-boxed e-con e-parent\" data-id=\"e2f9180\" data-element_type=\"container\">\n\t\t\t\t\t<div class=\"e-con-inner\">\n\t\t\t\t<div class=\"elementor-element elementor-element-645c3a4 elementor-widget elementor-widget-heading\" data-id=\"645c3a4\" data-element_type=\"widget\" data-widget_type=\"heading.default\">\n\t\t\t\t<div class=\"elementor-widget-container\">\n\t\t\t\t\t<h4 class=\"elementor-heading-title elementor-size-default\">Obtenci\u00f3n del NIF para personas jur\u00eddicas<\/h4>\t\t\t\t<\/div>\n\t\t\t\t<\/div>\n\t\t\t\t\t<\/div>\n\t\t\t\t<\/div>\n\t\t<div class=\"elementor-element elementor-element-32f9fde e-flex e-con-boxed e-con e-parent\" data-id=\"32f9fde\" data-element_type=\"container\">\n\t\t\t\t\t<div class=\"e-con-inner\">\n\t\t\t\t<div class=\"elementor-element elementor-element-019b649 elementor-widget elementor-widget-text-editor\" data-id=\"019b649\" data-element_type=\"widget\" data-widget_type=\"text-editor.default\">\n\t\t\t\t<div class=\"elementor-widget-container\">\n\t\t\t\t\t\t\t\t\t<ul><li><strong>Registro Mercantil<\/strong>: La empresa debe estar registrada en el Registro Mercantil.<\/li><li><strong>Solicitud del NIF<\/strong>: Presentar la solicitud en la Agencia Tributaria, acompa\u00f1ada de los documentos necesarios, como el acta de constituci\u00f3n de la empresa y el nombramiento de los representantes legales.<\/li><li><strong>Documento provisional<\/strong>: Inicialmente, se otorga un NIF provisional que se convierte en definitivo una vez completados todos los tr\u00e1mites.<\/li><\/ul>\t\t\t\t\t\t\t\t<\/div>\n\t\t\t\t<\/div>\n\t\t\t\t\t<\/div>\n\t\t\t\t<\/div>\n\t\t<div class=\"elementor-element elementor-element-3be7bb3 e-flex e-con-boxed e-con e-parent\" data-id=\"3be7bb3\" data-element_type=\"container\">\n\t\t\t\t\t<div class=\"e-con-inner\">\n\t\t\t\t<div class=\"elementor-element elementor-element-3316333 elementor-widget elementor-widget-spacer\" data-id=\"3316333\" data-element_type=\"widget\" data-widget_type=\"spacer.default\">\n\t\t\t\t<div class=\"elementor-widget-container\">\n\t\t\t\t\t\t\t<div class=\"elementor-spacer\">\n\t\t\t<div class=\"elementor-spacer-inner\"><\/div>\n\t\t<\/div>\n\t\t\t\t\t\t<\/div>\n\t\t\t\t<\/div>\n\t\t\t\t\t<\/div>\n\t\t\t\t<\/div>\n\t\t<div class=\"elementor-element elementor-element-a137457 e-flex e-con-boxed e-con e-parent\" data-id=\"a137457\" data-element_type=\"container\">\n\t\t\t\t\t<div class=\"e-con-inner\">\n\t\t\t\t<div class=\"elementor-element elementor-element-7c7d113 elementor-widget elementor-widget-heading\" data-id=\"7c7d113\" data-element_type=\"widget\" data-widget_type=\"heading.default\">\n\t\t\t\t<div class=\"elementor-widget-container\">\n\t\t\t\t\t<h3 class=\"elementor-heading-title elementor-size-default\">Diferencias entre el NIF de personas f\u00edsicas y jur\u00eddicas<\/h3>\t\t\t\t<\/div>\n\t\t\t\t<\/div>\n\t\t\t\t\t<\/div>\n\t\t\t\t<\/div>\n\t\t<div class=\"elementor-element elementor-element-14e84a5 e-flex e-con-boxed e-con e-parent\" data-id=\"14e84a5\" data-element_type=\"container\">\n\t\t\t\t\t<div class=\"e-con-inner\">\n\t\t\t\t<div class=\"elementor-element elementor-element-ab8f654 elementor-widget elementor-widget-text-editor\" data-id=\"ab8f654\" data-element_type=\"widget\" data-widget_type=\"text-editor.default\">\n\t\t\t\t<div class=\"elementor-widget-container\">\n\t\t\t\t\t\t\t\t\t<p>Aunque ambos NIFs cumplen la funci\u00f3n de identificaci\u00f3n fiscal, existen varias diferencias clave:<\/p><ul><li><strong>Formato<\/strong>: El NIF de personas f\u00edsicas suele coincidir con el DNI o NIE, mientras que el de personas jur\u00eddicas sigue un formato espec\u00edfico con una letra inicial y un n\u00famero.<\/li><li><strong>Proceso de obtenci\u00f3n<\/strong>: Para personas f\u00edsicas espa\u00f1olas, se asigna autom\u00e1ticamente con el DNI. Para extranjeros, requiere la solicitud del NIE. Para personas jur\u00eddicas, implica un proceso de registro y solicitud m\u00e1s complejo.<\/li><li><strong>Usos y aplicaci\u00f3n<\/strong>: Mientras que el NIF de personas f\u00edsicas se utiliza principalmente para identificar individuos en sus relaciones fiscales y legales, el de personas jur\u00eddicas es esencial para todas las operaciones comerciales y fiscales de una empresa.<\/li><\/ul>\t\t\t\t\t\t\t\t<\/div>\n\t\t\t\t<\/div>\n\t\t\t\t\t<\/div>\n\t\t\t\t<\/div>\n\t\t<div class=\"elementor-element elementor-element-9c29905 e-flex e-con-boxed e-con e-parent\" data-id=\"9c29905\" data-element_type=\"container\">\n\t\t\t\t\t<div class=\"e-con-inner\">\n\t\t\t\t<div class=\"elementor-element elementor-element-9778c47 elementor-widget elementor-widget-text-editor\" data-id=\"9778c47\" data-element_type=\"widget\" data-widget_type=\"text-editor.default\">\n\t\t\t\t<div class=\"elementor-widget-container\">\n\t\t\t\t\t\t\t\t\t<p>El <strong>NIF<\/strong> es un elemento esencial en el sistema fiscal espa\u00f1ol, indispensable tanto para individuos como para entidades. Comprender sus caracter\u00edsticas, usos y el proceso de obtenci\u00f3n es crucial para el cumplimiento de las obligaciones fiscales y la realizaci\u00f3n de cualquier actividad econ\u00f3mica y administrativa en Espa\u00f1a. Asegurarse de tener un NIF v\u00e1lido y de utilizarlo correctamente en todas las transacciones es fundamental para evitar problemas legales y fiscales.<\/p>\t\t\t\t\t\t\t\t<\/div>\n\t\t\t\t<\/div>\n\t\t\t\t\t<\/div>\n\t\t\t\t<\/div>\n\t\t<div class=\"elementor-element elementor-element-5e6f1de e-flex e-con-boxed e-con e-parent\" data-id=\"5e6f1de\" data-element_type=\"container\">\n\t\t\t\t\t<div class=\"e-con-inner\">\n\t\t\t\t<div class=\"elementor-element elementor-element-50ed1d2 elementor-widget elementor-widget-spacer\" data-id=\"50ed1d2\" data-element_type=\"widget\" data-widget_type=\"spacer.default\">\n\t\t\t\t<div class=\"elementor-widget-container\">\n\t\t\t\t\t\t\t<div class=\"elementor-spacer\">\n\t\t\t<div class=\"elementor-spacer-inner\"><\/div>\n\t\t<\/div>\n\t\t\t\t\t\t<\/div>\n\t\t\t\t<\/div>\n\t\t\t\t\t<\/div>\n\t\t\t\t<\/div>\n\t\t<div class=\"elementor-element elementor-element-2e3ea61 e-flex e-con-boxed e-con e-parent\" data-id=\"2e3ea61\" data-element_type=\"container\">\n\t\t\t\t\t<div class=\"e-con-inner\">\n\t\t\t\t<div class=\"elementor-element elementor-element-df31861 elementor-widget elementor-widget-heading\" data-id=\"df31861\" data-element_type=\"widget\" data-widget_type=\"heading.default\">\n\t\t\t\t<div class=\"elementor-widget-container\">\n\t\t\t\t\t<h3 class=\"elementor-heading-title elementor-size-default\">No te pierdas...<\/h3>\t\t\t\t<\/div>\n\t\t\t\t<\/div>\n\t\t\t\t\t<\/div>\n\t\t\t\t<\/div>\n\t\t<div class=\"elementor-element elementor-element-c7646f0 e-flex e-con-boxed e-con e-parent\" data-id=\"c7646f0\" data-element_type=\"container\">\n\t\t\t\t\t<div class=\"e-con-inner\">\n\t\t\t\t<div class=\"elementor-element elementor-element-a99ee18 elementor-widget elementor-widget-katen-post-five\" data-id=\"a99ee18\" data-element_type=\"widget\" data-widget_type=\"katen-post-five.default\">\n\t\t\t\t<div class=\"elementor-widget-container\">\n\t\t\t\t\t\t\t<div class=\"padding-30 rounded bordered\">\n\n\t\t\t<div class=\"row infinite-wrapper\">\n\n\t\t\t\n\t\t\t\t<div class=\"col-md-12 col-sm-6 post-list-item post-item\">\n\t\t\t\t\t<!-- post -->\n\t\t\t\t\t<div class=\"post post-list clearfix\">\n\n\t\t\t\t\t\t<div class=\"thumb rounded\"><div class=\"inner\"><a href=\"https:\/\/finanedi.es\/blog\/que-gastos-son-deducibles-para-autonomos-y-empresas\/\"><img fetchpriority=\"high\" decoding=\"async\" width=\"330\" height=\"250\" src=\"https:\/\/finanedi.es\/blog\/contenido\/uploads\/2025\/10\/Que-gastos-son-deducibles-para-autonomos-y-empresas-330x250.jpg\" class=\"attachment-katen-thumb-list size-katen-thumb-list wp-post-image\" alt=\"Qu\u00e9 gastos son deducibles para aut\u00f3nomos y empresas\" \/><\/a><\/div><\/div>  \n\n\t\t\t\t\t\t<div class=\"details clearfix\">\n\t\t\t\t\t\t\t<ul class=\"meta list-inline mb-3\">\n\t\t\t\t\t\t\t\t<li class=\"list-inline-item\"><a href=\"https:\/\/finanedi.es\/blog\/category\/contabilidad\/\">Contabilidad<\/a><\/li>\t\t\t\t\t\t\t<\/ul>\n\t\t\t\t\t\t\t<h5 class=\"post-title\"><a href=\"https:\/\/finanedi.es\/blog\/que-gastos-son-deducibles-para-autonomos-y-empresas\/\">Qu\u00e9 gastos son deducibles para aut\u00f3nomos y empresas<\/a><\/h5>\n\t\t\t\t\t\t\t<p class=\"excerpt mb-0\">\n\t\t\t\t\t\t\t\tLlevar la contabilidad al d\u00eda no es solo una cuesti\u00f3n de orden: tambi\u00e9n puede marcar&hellip;\t\t\t\t\t\t\t<\/p>\n\t\t\t\t\t\t\t<div class=\"post-bottom clearfix d-flex align-items-center\">\n\t\t\t\t\t\t\t\t\t\t\t\t\t\t\t\t\t\t\t\t\t\t\t<\/div>\n\t\t\t\t\t\t<\/div>\n\t\t\t\t\t<\/div>\n\t\t\t\t<\/div>\n\n\t\t\t\n\t\t\t\t<div class=\"col-md-12 col-sm-6 post-list-item post-item\">\n\t\t\t\t\t<!-- post -->\n\t\t\t\t\t<div class=\"post post-list clearfix\">\n\n\t\t\t\t\t\t<div class=\"thumb rounded\"><div class=\"inner\"><a href=\"https:\/\/finanedi.es\/blog\/impuesto-de-sociedades-lo-que-toda-pyme-debe-saber-para-optimizar-su-fiscalidad\/\"><img decoding=\"async\" width=\"330\" height=\"250\" src=\"https:\/\/finanedi.es\/blog\/contenido\/uploads\/2025\/10\/Impuesto-de-Sociedades-lo-que-toda-pyme-debe-saber-para-optimizar-su-fiscalidad-330x250.jpg\" class=\"attachment-katen-thumb-list size-katen-thumb-list wp-post-image\" alt=\"Impuesto de Sociedades lo que toda pyme debe saber para optimizar su fiscalidad\" \/><\/a><\/div><\/div>  \n\n\t\t\t\t\t\t<div class=\"details clearfix\">\n\t\t\t\t\t\t\t<ul class=\"meta list-inline mb-3\">\n\t\t\t\t\t\t\t\t<li class=\"list-inline-item\"><a href=\"https:\/\/finanedi.es\/blog\/category\/contabilidad\/\">Contabilidad<\/a><\/li>\t\t\t\t\t\t\t<\/ul>\n\t\t\t\t\t\t\t<h5 class=\"post-title\"><a href=\"https:\/\/finanedi.es\/blog\/impuesto-de-sociedades-lo-que-toda-pyme-debe-saber-para-optimizar-su-fiscalidad\/\">Impuesto de Sociedades: lo que toda pyme debe saber para optimizar su fiscalidad<\/a><\/h5>\n\t\t\t\t\t\t\t<p class=\"excerpt mb-0\">\n\t\t\t\t\t\t\t\tCada a\u00f1o, miles de empresas espa\u00f1olas se enfrentan al mismo reto: presentar el Impuesto de&hellip;\t\t\t\t\t\t\t<\/p>\n\t\t\t\t\t\t\t<div class=\"post-bottom clearfix d-flex align-items-center\">\n\t\t\t\t\t\t\t\t\t\t\t\t\t\t\t\t\t\t\t\t\t\t\t<\/div>\n\t\t\t\t\t\t<\/div>\n\t\t\t\t\t<\/div>\n\t\t\t\t<\/div>\n\n\t\t\t\n\t\t\t\t<div class=\"col-md-12 col-sm-6 post-list-item post-item\">\n\t\t\t\t\t<!-- post -->\n\t\t\t\t\t<div class=\"post post-list clearfix\">\n\n\t\t\t\t\t\t<div class=\"thumb rounded\"><div class=\"inner\"><a href=\"https:\/\/finanedi.es\/blog\/que-es-el-codigo-irus-en-el-deposito-de-cuentas-anuales\/\"><img decoding=\"async\" width=\"330\" height=\"250\" src=\"https:\/\/finanedi.es\/blog\/contenido\/uploads\/2025\/07\/Que-es-el-codigo-IRUS-en-el-deposito-de-cuentas-anuales-330x250.jpg\" class=\"attachment-katen-thumb-list size-katen-thumb-list wp-post-image\" alt=\"\u00bfQu\u00e9 es el c\u00f3digo IRUS en el dep\u00f3sito de cuentas anuales\" \/><\/a><\/div><\/div>  \n\n\t\t\t\t\t\t<div class=\"details clearfix\">\n\t\t\t\t\t\t\t<ul class=\"meta list-inline mb-3\">\n\t\t\t\t\t\t\t\t<li class=\"list-inline-item\"><a href=\"https:\/\/finanedi.es\/blog\/category\/contabilidad\/\">Contabilidad<\/a><\/li>\t\t\t\t\t\t\t<\/ul>\n\t\t\t\t\t\t\t<h5 class=\"post-title\"><a href=\"https:\/\/finanedi.es\/blog\/que-es-el-codigo-irus-en-el-deposito-de-cuentas-anuales\/\">\u00bfQu\u00e9 es el c\u00f3digo IRUS en el dep\u00f3sito de cuentas anuales?<\/a><\/h5>\n\t\t\t\t\t\t\t<p class=\"excerpt mb-0\">\n\t\t\t\t\t\t\t\tCuando una empresa presenta sus cuentas anuales en el Registro Mercantil, es com\u00fan encontrarse con&hellip;\t\t\t\t\t\t\t<\/p>\n\t\t\t\t\t\t\t<div class=\"post-bottom clearfix d-flex align-items-center\">\n\t\t\t\t\t\t\t\t\t\t\t\t\t\t\t\t\t\t\t\t\t\t\t<\/div>\n\t\t\t\t\t\t<\/div>\n\t\t\t\t\t<\/div>\n\t\t\t\t<\/div>\n\n\t\t\t\n\t\t\t\t<div class=\"col-md-12 col-sm-6 post-list-item post-item\">\n\t\t\t\t\t<!-- post -->\n\t\t\t\t\t<div class=\"post post-list clearfix\">\n\n\t\t\t\t\t\t<div class=\"thumb rounded\"><div class=\"inner\"><a href=\"https:\/\/finanedi.es\/blog\/errores-contables-frecuentes-al-usar-excel-como-programa-de-facturacion\/\"><img loading=\"lazy\" decoding=\"async\" width=\"330\" height=\"250\" src=\"https:\/\/finanedi.es\/blog\/contenido\/uploads\/2025\/07\/Errores-contables-frecuentes-al-usar-Excel-como-programa-de-facturacion-330x250.jpg\" class=\"attachment-katen-thumb-list size-katen-thumb-list wp-post-image\" alt=\"Errores contables frecuentes al usar Excel como programa de facturaci\u00f3n\" \/><\/a><\/div><\/div>  \n\n\t\t\t\t\t\t<div class=\"details clearfix\">\n\t\t\t\t\t\t\t<ul class=\"meta list-inline mb-3\">\n\t\t\t\t\t\t\t\t<li class=\"list-inline-item\"><a href=\"https:\/\/finanedi.es\/blog\/category\/contabilidad\/\">Contabilidad<\/a><\/li>\t\t\t\t\t\t\t<\/ul>\n\t\t\t\t\t\t\t<h5 class=\"post-title\"><a href=\"https:\/\/finanedi.es\/blog\/errores-contables-frecuentes-al-usar-excel-como-programa-de-facturacion\/\">Errores contables frecuentes al usar Excel como programa de facturaci\u00f3n<\/a><\/h5>\n\t\t\t\t\t\t\t<p class=\"excerpt mb-0\">\n\t\t\t\t\t\t\t\tExcel es, sin duda, una de las herramientas m\u00e1s utilizadas por aut\u00f3nomos y peque\u00f1as empresas&hellip;\t\t\t\t\t\t\t<\/p>\n\t\t\t\t\t\t\t<div class=\"post-bottom clearfix d-flex align-items-center\">\n\t\t\t\t\t\t\t\t\t\t\t\t\t\t\t\t\t\t\t\t\t\t\t<\/div>\n\t\t\t\t\t\t<\/div>\n\t\t\t\t\t<\/div>\n\t\t\t\t<\/div>\n\n\t\t\t\n\t\t\t<\/div>\n\n\t\t<\/div>\n\t\t\n        \t\t\t\t<\/div>\n\t\t\t\t<\/div>\n\t\t\t\t\t<\/div>\n\t\t\t\t<\/div>\n\t\t\t\t<\/div>\n\t\t","protected":false},"excerpt":{"rendered":"<p>En este art\u00edculo, nos centraremos en explicar qu\u00e9 es el NIF, las diferencias entre el NIF para personas f\u00edsicas y jur\u00eddicas, y c\u00f3mo obtenerlo.<\/p>\n","protected":false},"author":3,"featured_media":1928,"comment_status":"closed","ping_status":"open","sticky":false,"template":"","format":"standard","meta":{"_monsterinsights_skip_tracking":false,"_monsterinsights_sitenote_active":false,"_monsterinsights_sitenote_note":"","_monsterinsights_sitenote_category":0,"footnotes":""},"categories":[6],"tags":[63],"class_list":["post-1920","post","type-post","status-publish","format-standard","has-post-thumbnail","hentry","category-contabilidad","tag-glosario-empresarial"],"yoast_head":"<!-- This site is optimized with the Yoast SEO plugin v26.2 - https:\/\/yoast.com\/wordpress\/plugins\/seo\/ -->\n<title>NIF para personas F\u00edsicas y Jur\u00eddicas<\/title>\n<meta name=\"description\" content=\"En este art\u00edculo explicamos qu\u00e9 es el NIF, las diferencias entre el NIF para personas f\u00edsicas y jur\u00eddicas, y c\u00f3mo obtenerlo.\" \/>\n<meta name=\"robots\" content=\"index, follow, max-snippet:-1, max-image-preview:large, max-video-preview:-1\" \/>\n<link rel=\"canonical\" href=\"https:\/\/finanedi.es\/blog\/nif-para-personas-fisicas-y-juridicas\/\" \/>\n<meta property=\"og:locale\" content=\"es_ES\" \/>\n<meta property=\"og:type\" content=\"article\" \/>\n<meta property=\"og:title\" content=\"NIF para personas F\u00edsicas y Jur\u00eddicas\" \/>\n<meta property=\"og:description\" content=\"En este art\u00edculo explicamos qu\u00e9 es el NIF, las diferencias entre el NIF para personas f\u00edsicas y jur\u00eddicas, y c\u00f3mo obtenerlo.\" \/>\n<meta property=\"og:url\" content=\"https:\/\/finanedi.es\/blog\/nif-para-personas-fisicas-y-juridicas\/\" \/>\n<meta property=\"og:site_name\" content=\"Blog para pymes y aut\u00f3nomos - FinanEDI\" \/>\n<meta property=\"article:published_time\" content=\"2024-07-18T06:07:22+00:00\" \/>\n<meta property=\"article:modified_time\" content=\"2024-08-29T07:45:00+00:00\" \/>\n<meta property=\"og:image\" content=\"https:\/\/finanedi.es\/blog\/contenido\/uploads\/2024\/07\/NIF-Personas-Fisicas-Juridicas.jpg\" \/>\n\t<meta property=\"og:image:width\" content=\"2000\" \/>\n\t<meta property=\"og:image:height\" content=\"1333\" \/>\n\t<meta property=\"og:image:type\" content=\"image\/jpeg\" \/>\n<meta name=\"author\" content=\"restevez\" \/>\n<meta name=\"twitter:card\" content=\"summary_large_image\" \/>\n<meta name=\"twitter:label1\" content=\"Escrito por\" \/>\n\t<meta name=\"twitter:data1\" content=\"restevez\" \/>\n\t<meta name=\"twitter:label2\" content=\"Tiempo de lectura\" \/>\n\t<meta name=\"twitter:data2\" content=\"6 minutos\" \/>\n<script type=\"application\/ld+json\" class=\"yoast-schema-graph\">{\"@context\":\"https:\/\/schema.org\",\"@graph\":[{\"@type\":\"Article\",\"@id\":\"https:\/\/finanedi.es\/blog\/nif-para-personas-fisicas-y-juridicas\/#article\",\"isPartOf\":{\"@id\":\"https:\/\/finanedi.es\/blog\/nif-para-personas-fisicas-y-juridicas\/\"},\"author\":{\"name\":\"restevez\",\"@id\":\"https:\/\/finanedi.es\/blog\/#\/schema\/person\/233ed58195d34f36f74f13ba1030ebd8\"},\"headline\":\"NIF para personas F\u00edsicas y Jur\u00eddicas\",\"datePublished\":\"2024-07-18T06:07:22+00:00\",\"dateModified\":\"2024-08-29T07:45:00+00:00\",\"mainEntityOfPage\":{\"@id\":\"https:\/\/finanedi.es\/blog\/nif-para-personas-fisicas-y-juridicas\/\"},\"wordCount\":1195,\"publisher\":{\"@id\":\"https:\/\/finanedi.es\/blog\/#organization\"},\"image\":{\"@id\":\"https:\/\/finanedi.es\/blog\/nif-para-personas-fisicas-y-juridicas\/#primaryimage\"},\"thumbnailUrl\":\"https:\/\/finanedi.es\/blog\/contenido\/uploads\/2024\/07\/NIF-Personas-Fisicas-Juridicas.jpg\",\"keywords\":[\"Glosario empresarial\"],\"articleSection\":[\"Contabilidad\"],\"inLanguage\":\"es\"},{\"@type\":\"WebPage\",\"@id\":\"https:\/\/finanedi.es\/blog\/nif-para-personas-fisicas-y-juridicas\/\",\"url\":\"https:\/\/finanedi.es\/blog\/nif-para-personas-fisicas-y-juridicas\/\",\"name\":\"NIF para personas F\u00edsicas y Jur\u00eddicas\",\"isPartOf\":{\"@id\":\"https:\/\/finanedi.es\/blog\/#website\"},\"primaryImageOfPage\":{\"@id\":\"https:\/\/finanedi.es\/blog\/nif-para-personas-fisicas-y-juridicas\/#primaryimage\"},\"image\":{\"@id\":\"https:\/\/finanedi.es\/blog\/nif-para-personas-fisicas-y-juridicas\/#primaryimage\"},\"thumbnailUrl\":\"https:\/\/finanedi.es\/blog\/contenido\/uploads\/2024\/07\/NIF-Personas-Fisicas-Juridicas.jpg\",\"datePublished\":\"2024-07-18T06:07:22+00:00\",\"dateModified\":\"2024-08-29T07:45:00+00:00\",\"description\":\"En este art\u00edculo explicamos qu\u00e9 es el NIF, las diferencias entre el NIF para personas f\u00edsicas y jur\u00eddicas, y c\u00f3mo obtenerlo.\",\"breadcrumb\":{\"@id\":\"https:\/\/finanedi.es\/blog\/nif-para-personas-fisicas-y-juridicas\/#breadcrumb\"},\"inLanguage\":\"es\",\"potentialAction\":[{\"@type\":\"ReadAction\",\"target\":[\"https:\/\/finanedi.es\/blog\/nif-para-personas-fisicas-y-juridicas\/\"]}]},{\"@type\":\"ImageObject\",\"inLanguage\":\"es\",\"@id\":\"https:\/\/finanedi.es\/blog\/nif-para-personas-fisicas-y-juridicas\/#primaryimage\",\"url\":\"https:\/\/finanedi.es\/blog\/contenido\/uploads\/2024\/07\/NIF-Personas-Fisicas-Juridicas.jpg\",\"contentUrl\":\"https:\/\/finanedi.es\/blog\/contenido\/uploads\/2024\/07\/NIF-Personas-Fisicas-Juridicas.jpg\",\"width\":2000,\"height\":1333,\"caption\":\"NIF-Personas-F\u00edsicas-Jur\u00eddicas\"},{\"@type\":\"BreadcrumbList\",\"@id\":\"https:\/\/finanedi.es\/blog\/nif-para-personas-fisicas-y-juridicas\/#breadcrumb\",\"itemListElement\":[{\"@type\":\"ListItem\",\"position\":1,\"name\":\"Home\",\"item\":\"https:\/\/finanedi.es\/blog\/\"},{\"@type\":\"ListItem\",\"position\":2,\"name\":\"NIF para personas F\u00edsicas y Jur\u00eddicas\"}]},{\"@type\":\"WebSite\",\"@id\":\"https:\/\/finanedi.es\/blog\/#website\",\"url\":\"https:\/\/finanedi.es\/blog\/\",\"name\":\"Blog para pymes y aut\u00f3nomos - FinanEDI\",\"description\":\"Blog para aut\u00f3nomos y PYMES, sobre temas como facturaci\u00f3n, contabilidad, tecnolog\u00eda.\",\"publisher\":{\"@id\":\"https:\/\/finanedi.es\/blog\/#organization\"},\"potentialAction\":[{\"@type\":\"SearchAction\",\"target\":{\"@type\":\"EntryPoint\",\"urlTemplate\":\"https:\/\/finanedi.es\/blog\/?s={search_term_string}\"},\"query-input\":{\"@type\":\"PropertyValueSpecification\",\"valueRequired\":true,\"valueName\":\"search_term_string\"}}],\"inLanguage\":\"es\"},{\"@type\":\"Organization\",\"@id\":\"https:\/\/finanedi.es\/blog\/#organization\",\"name\":\"Blog para pymes y aut\u00f3nomos - FinanEDI\",\"url\":\"https:\/\/finanedi.es\/blog\/\",\"logo\":{\"@type\":\"ImageObject\",\"inLanguage\":\"es\",\"@id\":\"https:\/\/finanedi.es\/blog\/#\/schema\/logo\/image\/\",\"url\":\"https:\/\/finanedi.es\/blog\/contenido\/uploads\/2024\/02\/FinanEdiAzul1.svg\",\"contentUrl\":\"https:\/\/finanedi.es\/blog\/contenido\/uploads\/2024\/02\/FinanEdiAzul1.svg\",\"width\":142,\"height\":36,\"caption\":\"Blog para pymes y aut\u00f3nomos - FinanEDI\"},\"image\":{\"@id\":\"https:\/\/finanedi.es\/blog\/#\/schema\/logo\/image\/\"}},{\"@type\":\"Person\",\"@id\":\"https:\/\/finanedi.es\/blog\/#\/schema\/person\/233ed58195d34f36f74f13ba1030ebd8\",\"name\":\"restevez\",\"image\":{\"@type\":\"ImageObject\",\"inLanguage\":\"es\",\"@id\":\"https:\/\/finanedi.es\/blog\/#\/schema\/person\/image\/\",\"url\":\"https:\/\/secure.gravatar.com\/avatar\/6c4880db9746e4aa887a98e0ebf657788804dc4280120ef10331a2e6ebb4a9a0?s=96&d=mm&r=g\",\"contentUrl\":\"https:\/\/secure.gravatar.com\/avatar\/6c4880db9746e4aa887a98e0ebf657788804dc4280120ef10331a2e6ebb4a9a0?s=96&d=mm&r=g\",\"caption\":\"restevez\"},\"url\":\"https:\/\/finanedi.es\/blog\/author\/restevez\/\"}]}<\/script>\n<!-- \/ Yoast SEO plugin. -->","yoast_head_json":{"title":"NIF para personas F\u00edsicas y Jur\u00eddicas","description":"En este art\u00edculo explicamos qu\u00e9 es el NIF, las diferencias entre el NIF para personas f\u00edsicas y jur\u00eddicas, y c\u00f3mo obtenerlo.","robots":{"index":"index","follow":"follow","max-snippet":"max-snippet:-1","max-image-preview":"max-image-preview:large","max-video-preview":"max-video-preview:-1"},"canonical":"https:\/\/finanedi.es\/blog\/nif-para-personas-fisicas-y-juridicas\/","og_locale":"es_ES","og_type":"article","og_title":"NIF para personas F\u00edsicas y Jur\u00eddicas","og_description":"En este art\u00edculo explicamos qu\u00e9 es el NIF, las diferencias entre el NIF para personas f\u00edsicas y jur\u00eddicas, y c\u00f3mo obtenerlo.","og_url":"https:\/\/finanedi.es\/blog\/nif-para-personas-fisicas-y-juridicas\/","og_site_name":"Blog para pymes y aut\u00f3nomos - FinanEDI","article_published_time":"2024-07-18T06:07:22+00:00","article_modified_time":"2024-08-29T07:45:00+00:00","og_image":[{"width":2000,"height":1333,"url":"https:\/\/finanedi.es\/blog\/contenido\/uploads\/2024\/07\/NIF-Personas-Fisicas-Juridicas.jpg","type":"image\/jpeg"}],"author":"restevez","twitter_card":"summary_large_image","twitter_misc":{"Escrito por":"restevez","Tiempo de lectura":"6 minutos"},"schema":{"@context":"https:\/\/schema.org","@graph":[{"@type":"Article","@id":"https:\/\/finanedi.es\/blog\/nif-para-personas-fisicas-y-juridicas\/#article","isPartOf":{"@id":"https:\/\/finanedi.es\/blog\/nif-para-personas-fisicas-y-juridicas\/"},"author":{"name":"restevez","@id":"https:\/\/finanedi.es\/blog\/#\/schema\/person\/233ed58195d34f36f74f13ba1030ebd8"},"headline":"NIF para personas F\u00edsicas y Jur\u00eddicas","datePublished":"2024-07-18T06:07:22+00:00","dateModified":"2024-08-29T07:45:00+00:00","mainEntityOfPage":{"@id":"https:\/\/finanedi.es\/blog\/nif-para-personas-fisicas-y-juridicas\/"},"wordCount":1195,"publisher":{"@id":"https:\/\/finanedi.es\/blog\/#organization"},"image":{"@id":"https:\/\/finanedi.es\/blog\/nif-para-personas-fisicas-y-juridicas\/#primaryimage"},"thumbnailUrl":"https:\/\/finanedi.es\/blog\/contenido\/uploads\/2024\/07\/NIF-Personas-Fisicas-Juridicas.jpg","keywords":["Glosario empresarial"],"articleSection":["Contabilidad"],"inLanguage":"es"},{"@type":"WebPage","@id":"https:\/\/finanedi.es\/blog\/nif-para-personas-fisicas-y-juridicas\/","url":"https:\/\/finanedi.es\/blog\/nif-para-personas-fisicas-y-juridicas\/","name":"NIF para personas F\u00edsicas y Jur\u00eddicas","isPartOf":{"@id":"https:\/\/finanedi.es\/blog\/#website"},"primaryImageOfPage":{"@id":"https:\/\/finanedi.es\/blog\/nif-para-personas-fisicas-y-juridicas\/#primaryimage"},"image":{"@id":"https:\/\/finanedi.es\/blog\/nif-para-personas-fisicas-y-juridicas\/#primaryimage"},"thumbnailUrl":"https:\/\/finanedi.es\/blog\/contenido\/uploads\/2024\/07\/NIF-Personas-Fisicas-Juridicas.jpg","datePublished":"2024-07-18T06:07:22+00:00","dateModified":"2024-08-29T07:45:00+00:00","description":"En este art\u00edculo explicamos qu\u00e9 es el NIF, las diferencias entre el NIF para personas f\u00edsicas y jur\u00eddicas, y c\u00f3mo obtenerlo.","breadcrumb":{"@id":"https:\/\/finanedi.es\/blog\/nif-para-personas-fisicas-y-juridicas\/#breadcrumb"},"inLanguage":"es","potentialAction":[{"@type":"ReadAction","target":["https:\/\/finanedi.es\/blog\/nif-para-personas-fisicas-y-juridicas\/"]}]},{"@type":"ImageObject","inLanguage":"es","@id":"https:\/\/finanedi.es\/blog\/nif-para-personas-fisicas-y-juridicas\/#primaryimage","url":"https:\/\/finanedi.es\/blog\/contenido\/uploads\/2024\/07\/NIF-Personas-Fisicas-Juridicas.jpg","contentUrl":"https:\/\/finanedi.es\/blog\/contenido\/uploads\/2024\/07\/NIF-Personas-Fisicas-Juridicas.jpg","width":2000,"height":1333,"caption":"NIF-Personas-F\u00edsicas-Jur\u00eddicas"},{"@type":"BreadcrumbList","@id":"https:\/\/finanedi.es\/blog\/nif-para-personas-fisicas-y-juridicas\/#breadcrumb","itemListElement":[{"@type":"ListItem","position":1,"name":"Home","item":"https:\/\/finanedi.es\/blog\/"},{"@type":"ListItem","position":2,"name":"NIF para personas F\u00edsicas y Jur\u00eddicas"}]},{"@type":"WebSite","@id":"https:\/\/finanedi.es\/blog\/#website","url":"https:\/\/finanedi.es\/blog\/","name":"Blog para pymes y aut\u00f3nomos - FinanEDI","description":"Blog para aut\u00f3nomos y PYMES, sobre temas como facturaci\u00f3n, contabilidad, tecnolog\u00eda.","publisher":{"@id":"https:\/\/finanedi.es\/blog\/#organization"},"potentialAction":[{"@type":"SearchAction","target":{"@type":"EntryPoint","urlTemplate":"https:\/\/finanedi.es\/blog\/?s={search_term_string}"},"query-input":{"@type":"PropertyValueSpecification","valueRequired":true,"valueName":"search_term_string"}}],"inLanguage":"es"},{"@type":"Organization","@id":"https:\/\/finanedi.es\/blog\/#organization","name":"Blog para pymes y aut\u00f3nomos - FinanEDI","url":"https:\/\/finanedi.es\/blog\/","logo":{"@type":"ImageObject","inLanguage":"es","@id":"https:\/\/finanedi.es\/blog\/#\/schema\/logo\/image\/","url":"https:\/\/finanedi.es\/blog\/contenido\/uploads\/2024\/02\/FinanEdiAzul1.svg","contentUrl":"https:\/\/finanedi.es\/blog\/contenido\/uploads\/2024\/02\/FinanEdiAzul1.svg","width":142,"height":36,"caption":"Blog para pymes y aut\u00f3nomos - FinanEDI"},"image":{"@id":"https:\/\/finanedi.es\/blog\/#\/schema\/logo\/image\/"}},{"@type":"Person","@id":"https:\/\/finanedi.es\/blog\/#\/schema\/person\/233ed58195d34f36f74f13ba1030ebd8","name":"restevez","image":{"@type":"ImageObject","inLanguage":"es","@id":"https:\/\/finanedi.es\/blog\/#\/schema\/person\/image\/","url":"https:\/\/secure.gravatar.com\/avatar\/6c4880db9746e4aa887a98e0ebf657788804dc4280120ef10331a2e6ebb4a9a0?s=96&d=mm&r=g","contentUrl":"https:\/\/secure.gravatar.com\/avatar\/6c4880db9746e4aa887a98e0ebf657788804dc4280120ef10331a2e6ebb4a9a0?s=96&d=mm&r=g","caption":"restevez"},"url":"https:\/\/finanedi.es\/blog\/author\/restevez\/"}]}},"_links":{"self":[{"href":"https:\/\/finanedi.es\/blog\/wp-json\/wp\/v2\/posts\/1920","targetHints":{"allow":["GET"]}}],"collection":[{"href":"https:\/\/finanedi.es\/blog\/wp-json\/wp\/v2\/posts"}],"about":[{"href":"https:\/\/finanedi.es\/blog\/wp-json\/wp\/v2\/types\/post"}],"author":[{"embeddable":true,"href":"https:\/\/finanedi.es\/blog\/wp-json\/wp\/v2\/users\/3"}],"replies":[{"embeddable":true,"href":"https:\/\/finanedi.es\/blog\/wp-json\/wp\/v2\/comments?post=1920"}],"version-history":[{"count":43,"href":"https:\/\/finanedi.es\/blog\/wp-json\/wp\/v2\/posts\/1920\/revisions"}],"predecessor-version":[{"id":4898,"href":"https:\/\/finanedi.es\/blog\/wp-json\/wp\/v2\/posts\/1920\/revisions\/4898"}],"wp:featuredmedia":[{"embeddable":true,"href":"https:\/\/finanedi.es\/blog\/wp-json\/wp\/v2\/media\/1928"}],"wp:attachment":[{"href":"https:\/\/finanedi.es\/blog\/wp-json\/wp\/v2\/media?parent=1920"}],"wp:term":[{"taxonomy":"category","embeddable":true,"href":"https:\/\/finanedi.es\/blog\/wp-json\/wp\/v2\/categories?post=1920"},{"taxonomy":"post_tag","embeddable":true,"href":"https:\/\/finanedi.es\/blog\/wp-json\/wp\/v2\/tags?post=1920"}],"curies":[{"name":"wp","href":"https:\/\/api.w.org\/{rel}","templated":true}]}}