{"id":2000,"date":"2024-07-20T12:09:07","date_gmt":"2024-07-20T10:09:07","guid":{"rendered":"https:\/\/finanedi.es\/blog\/?p=2000"},"modified":"2025-03-28T11:36:20","modified_gmt":"2025-03-28T10:36:20","slug":"kit-digital-que-es-y-como-solicitarlo","status":"publish","type":"post","link":"https:\/\/finanedi.es\/blog\/kit-digital-que-es-y-como-solicitarlo\/","title":{"rendered":"Kit Digital: \u00bfQu\u00e9 es y c\u00f3mo solicitarlo?"},"content":{"rendered":"\t\t<div data-elementor-type=\"wp-post\" data-elementor-id=\"2000\" class=\"elementor elementor-2000\">\n\t\t\t\t<div class=\"elementor-element elementor-element-4a8bbb5 e-flex e-con-boxed e-con e-parent\" data-id=\"4a8bbb5\" data-element_type=\"container\">\n\t\t\t\t\t<div class=\"e-con-inner\">\n\t\t\t\t<div class=\"elementor-element elementor-element-a0ba8e0 elementor-widget elementor-widget-text-editor\" data-id=\"a0ba8e0\" data-element_type=\"widget\" data-widget_type=\"text-editor.default\">\n\t\t\t\t<div class=\"elementor-widget-container\">\n\t\t\t\t\t\t\t\t\t<p>La <strong>transformaci\u00f3n digital<\/strong> es una necesidad urgente para <strong>aut\u00f3nomos y las pymes&nbsp;<\/strong>que desean mantenerse competitivas en el mercado actual. El <strong>Kit Digital<\/strong> es una iniciativa dise\u00f1ada para facilitar este proceso, proporcionando recursos y herramientas esenciales.<\/p>\t\t\t\t\t\t\t\t<\/div>\n\t\t\t\t<\/div>\n\t\t\t\t\t<\/div>\n\t\t\t\t<\/div>\n\t\t<div class=\"elementor-element elementor-element-6e0490d e-flex e-con-boxed e-con e-parent\" data-id=\"6e0490d\" data-element_type=\"container\">\n\t\t\t\t\t<div class=\"e-con-inner\">\n\t\t\t\t<div class=\"elementor-element elementor-element-174417d elementor-widget elementor-widget-heading\" data-id=\"174417d\" data-element_type=\"widget\" data-widget_type=\"heading.default\">\n\t\t\t\t<div class=\"elementor-widget-container\">\n\t\t\t\t\t<h2 class=\"elementor-heading-title elementor-size-default\">\u00bfQu\u00e9 es el Kit Digital?<\/h2>\t\t\t\t<\/div>\n\t\t\t\t<\/div>\n\t\t\t\t\t<\/div>\n\t\t\t\t<\/div>\n\t\t<div class=\"elementor-element elementor-element-90f185d e-flex e-con-boxed e-con e-parent\" data-id=\"90f185d\" data-element_type=\"container\">\n\t\t\t\t\t<div class=\"e-con-inner\">\n\t\t\t\t<div class=\"elementor-element elementor-element-47dc218 elementor-widget elementor-widget-text-editor\" data-id=\"47dc218\" data-element_type=\"widget\" data-widget_type=\"text-editor.default\">\n\t\t\t\t<div class=\"elementor-widget-container\">\n\t\t\t\t\t\t\t\t\t<p>El <strong>Kit Digital<\/strong> es un <strong>programa de ayudas econ\u00f3micas destinado a pymes y aut\u00f3nomos<\/strong> para promover la adopci\u00f3n de soluciones digitales que mejoren su productividad y eficiencia. Este kit incluye una serie de herramientas y recursos digitales subvencionados que permiten a las empresas modernizarse y adaptarse a las nuevas exigencias tecnol\u00f3gicas del mercado.<\/p>\t\t\t\t\t\t\t\t<\/div>\n\t\t\t\t<\/div>\n\t\t\t\t\t<\/div>\n\t\t\t\t<\/div>\n\t\t<div class=\"elementor-element elementor-element-b3d0cc5 e-flex e-con-boxed e-con e-parent\" data-id=\"b3d0cc5\" data-element_type=\"container\">\n\t\t\t\t\t<div class=\"e-con-inner\">\n\t\t\t\t<div class=\"elementor-element elementor-element-01606d4 elementor-widget elementor-widget-video\" data-id=\"01606d4\" data-element_type=\"widget\" data-settings=\"{&quot;youtube_url&quot;:&quot;https:\\\/\\\/www.youtube.com\\\/watch?v=fI_Y5W25hPs&amp;t=44s&quot;,&quot;video_type&quot;:&quot;youtube&quot;,&quot;controls&quot;:&quot;yes&quot;}\" data-widget_type=\"video.default\">\n\t\t\t\t<div class=\"elementor-widget-container\">\n\t\t\t\t\t\t\t<div class=\"elementor-wrapper elementor-open-inline\">\n\t\t\t<div class=\"elementor-video\"><\/div>\t\t<\/div>\n\t\t\t\t\t\t<\/div>\n\t\t\t\t<\/div>\n\t\t\t\t\t<\/div>\n\t\t\t\t<\/div>\n\t\t<div class=\"elementor-element elementor-element-2be9008 e-flex e-con-boxed e-con e-parent\" data-id=\"2be9008\" data-element_type=\"container\">\n\t\t\t\t\t<div class=\"e-con-inner\">\n\t\t\t\t<div class=\"elementor-element elementor-element-8af6ce8 elementor-widget elementor-widget-spacer\" data-id=\"8af6ce8\" data-element_type=\"widget\" data-widget_type=\"spacer.default\">\n\t\t\t\t<div class=\"elementor-widget-container\">\n\t\t\t\t\t\t\t<div class=\"elementor-spacer\">\n\t\t\t<div class=\"elementor-spacer-inner\"><\/div>\n\t\t<\/div>\n\t\t\t\t\t\t<\/div>\n\t\t\t\t<\/div>\n\t\t\t\t\t<\/div>\n\t\t\t\t<\/div>\n\t\t<div class=\"elementor-element elementor-element-d95dd31 e-flex e-con-boxed e-con e-parent\" data-id=\"d95dd31\" data-element_type=\"container\">\n\t\t\t\t\t<div class=\"e-con-inner\">\n\t\t\t\t<div class=\"elementor-element elementor-element-029c544 elementor-widget elementor-widget-heading\" data-id=\"029c544\" data-element_type=\"widget\" data-widget_type=\"heading.default\">\n\t\t\t\t<div class=\"elementor-widget-container\">\n\t\t\t\t\t<h3 class=\"elementor-heading-title elementor-size-default\">Beneficios del Kit Digital<\/h3>\t\t\t\t<\/div>\n\t\t\t\t<\/div>\n\t\t\t\t\t<\/div>\n\t\t\t\t<\/div>\n\t\t<div class=\"elementor-element elementor-element-bfb4748 e-flex e-con-boxed e-con e-parent\" data-id=\"bfb4748\" data-element_type=\"container\">\n\t\t\t\t\t<div class=\"e-con-inner\">\n\t\t\t\t<div class=\"elementor-element elementor-element-8a92923 elementor-widget elementor-widget-text-editor\" data-id=\"8a92923\" data-element_type=\"widget\" data-widget_type=\"text-editor.default\">\n\t\t\t\t<div class=\"elementor-widget-container\">\n\t\t\t\t\t\t\t\t\t<p>Los aut\u00f3nomos y\u00a0 pymes que acceden al <strong>Kit Digital<\/strong> pueden disfrutar de una amplia gama de beneficios. Entre ellos se incluyen:<\/p><ul><li><strong>Mejora de la eficiencia operativa<\/strong>: Las herramientas digitales permiten automatizar procesos y optimizar el uso de recursos.<\/li><li><strong>Aumento de la competitividad<\/strong>: Al adoptar tecnolog\u00edas avanzadas, las pymes pueden ofrecer mejores productos y servicios.<\/li><li><strong>Reducci\u00f3n de costes<\/strong>: La digitalizaci\u00f3n ayuda a minimizar errores y mejorar la gesti\u00f3n de inventarios y finanzas.<\/li><li><strong>Facilita la expansi\u00f3n<\/strong>: Las herramientas digitales facilitan la entrada a nuevos mercados y la gesti\u00f3n de clientes a nivel global.<\/li><\/ul>\t\t\t\t\t\t\t\t<\/div>\n\t\t\t\t<\/div>\n\t\t\t\t\t<\/div>\n\t\t\t\t<\/div>\n\t\t<div class=\"elementor-element elementor-element-37c98fbb e-flex e-con-boxed e-con e-parent\" data-id=\"37c98fbb\" data-element_type=\"container\" data-settings=\"{&quot;background_background&quot;:&quot;classic&quot;}\">\n\t\t\t\t\t<div class=\"e-con-inner\">\n\t\t<div class=\"elementor-element elementor-element-68569558 e-con-full e-flex e-con e-child\" data-id=\"68569558\" data-element_type=\"container\">\n\t\t<div class=\"elementor-element elementor-element-3ceb152b e-flex e-con-boxed e-con e-child\" data-id=\"3ceb152b\" data-element_type=\"container\">\n\t\t\t\t\t<div class=\"e-con-inner\">\n\t\t\t\t<div class=\"elementor-element elementor-element-a3be5dd elementor-widget elementor-widget-heading\" data-id=\"a3be5dd\" data-element_type=\"widget\" data-widget_type=\"heading.default\">\n\t\t\t\t<div class=\"elementor-widget-container\">\n\t\t\t\t\t<h3 class=\"elementor-heading-title elementor-size-default\">Digitaliza tu empresa<\/h3>\t\t\t\t<\/div>\n\t\t\t\t<\/div>\n\t\t\t\t<div class=\"elementor-element elementor-element-33f3a871 elementor-widget elementor-widget-text-editor\" data-id=\"33f3a871\" data-element_type=\"widget\" data-widget_type=\"text-editor.default\">\n\t\t\t\t<div class=\"elementor-widget-container\">\n\t\t\t\t\t\t\t\t\t<p>Simplifica tu d\u00eda a d\u00eda con nuestra plataforma de facturaci\u00f3n electr\u00f3nica.<\/p>\t\t\t\t\t\t\t\t<\/div>\n\t\t\t\t<\/div>\n\t\t\t\t<div class=\"elementor-element elementor-element-4ea2fb11 elementor-widget elementor-widget-button\" data-id=\"4ea2fb11\" data-element_type=\"widget\" data-widget_type=\"button.default\">\n\t\t\t\t<div class=\"elementor-widget-container\">\n\t\t\t\t\t\t\t\t\t<div class=\"elementor-button-wrapper\">\n\t\t\t\t\t<a class=\"elementor-button elementor-button-link elementor-size-md\" href=\"https:\/\/myaccount.finanedi.es\/signup\" target=\"_blank\">\n\t\t\t\t\t\t<span class=\"elementor-button-content-wrapper\">\n\t\t\t\t\t\t\t\t\t<span class=\"elementor-button-text\">Crear cuenta gratis<\/span>\n\t\t\t\t\t<\/span>\n\t\t\t\t\t<\/a>\n\t\t\t\t<\/div>\n\t\t\t\t\t\t\t\t<\/div>\n\t\t\t\t<\/div>\n\t\t\t\t\t<\/div>\n\t\t\t\t<\/div>\n\t\t\t\t<\/div>\n\t\t<div class=\"elementor-element elementor-element-1db7b820 e-con-full e-flex e-con e-child\" data-id=\"1db7b820\" data-element_type=\"container\">\n\t\t\t\t<div class=\"elementor-element elementor-element-67115b54 elementor-widget elementor-widget-image\" data-id=\"67115b54\" data-element_type=\"widget\" data-widget_type=\"image.default\">\n\t\t\t\t<div class=\"elementor-widget-container\">\n\t\t\t\t\t\t\t\t\t\t\t\t\t\t\t<img fetchpriority=\"high\" decoding=\"async\" width=\"300\" height=\"202\" src=\"https:\/\/finanedi.es\/blog\/contenido\/uploads\/2024\/03\/Documentos-300x202.png\" class=\"attachment-medium size-medium wp-image-399\" alt=\"Crear factura FinanEDI\" srcset=\"https:\/\/finanedi.es\/blog\/contenido\/uploads\/2024\/03\/Documentos-300x202.png 300w, https:\/\/finanedi.es\/blog\/contenido\/uploads\/2024\/03\/Documentos-1024x691.png 1024w, https:\/\/finanedi.es\/blog\/contenido\/uploads\/2024\/03\/Documentos-768x518.png 768w, https:\/\/finanedi.es\/blog\/contenido\/uploads\/2024\/03\/Documentos-1536x1036.png 1536w, https:\/\/finanedi.es\/blog\/contenido\/uploads\/2024\/03\/Documentos.png 1920w\" sizes=\"(max-width: 300px) 100vw, 300px\" \/>\t\t\t\t\t\t\t\t\t\t\t\t\t\t\t<\/div>\n\t\t\t\t<\/div>\n\t\t\t\t<\/div>\n\t\t\t\t\t<\/div>\n\t\t\t\t<\/div>\n\t\t<div class=\"elementor-element elementor-element-6dc365b e-flex e-con-boxed e-con e-parent\" data-id=\"6dc365b\" data-element_type=\"container\">\n\t\t\t\t\t<div class=\"e-con-inner\">\n\t\t\t\t<div class=\"elementor-element elementor-element-905d83f elementor-widget elementor-widget-spacer\" data-id=\"905d83f\" data-element_type=\"widget\" data-widget_type=\"spacer.default\">\n\t\t\t\t<div class=\"elementor-widget-container\">\n\t\t\t\t\t\t\t<div class=\"elementor-spacer\">\n\t\t\t<div class=\"elementor-spacer-inner\"><\/div>\n\t\t<\/div>\n\t\t\t\t\t\t<\/div>\n\t\t\t\t<\/div>\n\t\t\t\t\t<\/div>\n\t\t\t\t<\/div>\n\t\t<div class=\"elementor-element elementor-element-4f499d3 e-flex e-con-boxed e-con e-parent\" data-id=\"4f499d3\" data-element_type=\"container\">\n\t\t\t\t\t<div class=\"e-con-inner\">\n\t\t\t\t<div class=\"elementor-element elementor-element-51b6cc2 elementor-widget elementor-widget-heading\" data-id=\"51b6cc2\" data-element_type=\"widget\" data-widget_type=\"heading.default\">\n\t\t\t\t<div class=\"elementor-widget-container\">\n\t\t\t\t\t<h3 class=\"elementor-heading-title elementor-size-default\">\u00bfQui\u00e9n puede solicitar el Kit Digital?<\/h3>\t\t\t\t<\/div>\n\t\t\t\t<\/div>\n\t\t\t\t\t<\/div>\n\t\t\t\t<\/div>\n\t\t<div class=\"elementor-element elementor-element-c6dcff3 e-flex e-con-boxed e-con e-parent\" data-id=\"c6dcff3\" data-element_type=\"container\">\n\t\t\t\t\t<div class=\"e-con-inner\">\n\t\t\t\t<div class=\"elementor-element elementor-element-16b5b57 elementor-widget elementor-widget-text-editor\" data-id=\"16b5b57\" data-element_type=\"widget\" data-widget_type=\"text-editor.default\">\n\t\t\t\t<div class=\"elementor-widget-container\">\n\t\t\t\t\t\t\t\t\t<p>El <strong>Kit Digital<\/strong> est\u00e1 dirigido a pymes y aut\u00f3nomos que \u00a0deber\u00e1n cumplir una serie de requisitos:<\/p><ul><li>Ser una pyme o aut\u00f3nomo.<\/li><li>Tener el domicilio fiscal en Espa\u00f1a<\/li><li>Estar al corriente de sus obligaciones tributarias y con la Seguridad Social.<\/li><li>No estar en situaci\u00f3n de crisis.<\/li><li>Estar registrada en el Censo de empresarios, profesionales y retenedores de la Agencia Estatal de Administraci\u00f3n Tributaria o el correspondiente censo de la Administraci\u00f3n Tributaria Foral.<\/li><li>No estar sujeto a ninguna orden de recuperaci\u00f3n pendiente por parte de la Comisi\u00f3n Europea que haya declarado una ayuda ilegal e incompatible con el mercado com\u00fan.<\/li><li>No incurrir en ninguna de las prohibiciones establecidas en el art\u00edculo 13.2 de la Ley 38\/2003, de 17 de noviembre, General de Subvenciones<\/li><li>No superar el l\u00edmite de ayudas minimis, que comprende todas las subvenciones otorgadas por estados de la UE inferiores a 200.000 \u20ac.<\/li><li>Disponer de la evaluaci\u00f3n del Nivel de Madurez Digital conforme al<a title=\"Test de diagn\u00f3stico digital: Requisito obligatorio para solicitar el Kit Digital\" href=\"https:\/\/finanedi.es\/blog\/kit-digital-test-de-diagnostico-digital\/\" target=\"_blank\" rel=\"noopener\"> test de diagn\u00f3stico<\/a> en la plataforma Acelera pyme.<\/li><\/ul>\t\t\t\t\t\t\t\t<\/div>\n\t\t\t\t<\/div>\n\t\t\t\t\t<\/div>\n\t\t\t\t<\/div>\n\t\t<div class=\"elementor-element elementor-element-0823091 e-flex e-con-boxed e-con e-parent\" data-id=\"0823091\" data-element_type=\"container\">\n\t\t\t\t\t<div class=\"e-con-inner\">\n\t\t\t\t<div class=\"elementor-element elementor-element-17823af elementor-widget elementor-widget-text-editor\" data-id=\"17823af\" data-element_type=\"widget\" data-widget_type=\"text-editor.default\">\n\t\t\t\t<div class=\"elementor-widget-container\">\n\t\t\t\t\t\t\t\t\t<p><strong>\ud83d\udcc4 Art\u00edculo relacionado<\/strong>: <a href=\"https:\/\/finanedi.es\/blog\/kit-digital-a-quien-va-dirigido\/\" target=\"_blank\" rel=\"noopener\">\u00bfA qui\u00e9n va dirigido el Kit Digital? &#8211; Segmentos de beneficiarios (2024)<\/a><\/p>\t\t\t\t\t\t\t\t<\/div>\n\t\t\t\t<\/div>\n\t\t\t\t\t<\/div>\n\t\t\t\t<\/div>\n\t\t<div class=\"elementor-element elementor-element-1597a81 e-flex e-con-boxed e-con e-parent\" data-id=\"1597a81\" data-element_type=\"container\">\n\t\t\t\t\t<div class=\"e-con-inner\">\n\t\t\t\t<div class=\"elementor-element elementor-element-cffca6e elementor-widget elementor-widget-text-editor\" data-id=\"cffca6e\" data-element_type=\"widget\" data-widget_type=\"text-editor.default\">\n\t\t\t\t<div class=\"elementor-widget-container\">\n\t\t\t\t\t\t\t\t\t<p><strong>\ud83d\udcc4 Art\u00edculo relacionado<\/strong>:<a title=\"Test de diagn\u00f3stico digital: Requisito obligatorio para solicitar el Kit Digital\" href=\"https:\/\/finanedi.es\/blog\/kit-digital-test-de-diagnostico-digital\/\"> Kit Digital: Test de diagn\u00f3stico digital &#8211; Requisito obligatorio<\/a><\/p>\t\t\t\t\t\t\t\t<\/div>\n\t\t\t\t<\/div>\n\t\t\t\t\t<\/div>\n\t\t\t\t<\/div>\n\t\t<div class=\"elementor-element elementor-element-5e8bd11 e-flex e-con-boxed e-con e-parent\" data-id=\"5e8bd11\" data-element_type=\"container\">\n\t\t\t\t\t<div class=\"e-con-inner\">\n\t\t\t\t<div class=\"elementor-element elementor-element-3218e38 elementor-widget elementor-widget-spacer\" data-id=\"3218e38\" data-element_type=\"widget\" data-widget_type=\"spacer.default\">\n\t\t\t\t<div class=\"elementor-widget-container\">\n\t\t\t\t\t\t\t<div class=\"elementor-spacer\">\n\t\t\t<div class=\"elementor-spacer-inner\"><\/div>\n\t\t<\/div>\n\t\t\t\t\t\t<\/div>\n\t\t\t\t<\/div>\n\t\t\t\t\t<\/div>\n\t\t\t\t<\/div>\n\t\t<div class=\"elementor-element elementor-element-b6f4dc6 e-flex e-con-boxed e-con e-parent\" data-id=\"b6f4dc6\" data-element_type=\"container\">\n\t\t\t\t\t<div class=\"e-con-inner\">\n\t\t\t\t<div class=\"elementor-element elementor-element-acf3073 elementor-widget elementor-widget-heading\" data-id=\"acf3073\" data-element_type=\"widget\" data-widget_type=\"heading.default\">\n\t\t\t\t<div class=\"elementor-widget-container\">\n\t\t\t\t\t<h3 class=\"elementor-heading-title elementor-size-default\">Pasos para solicitar el Kit Digital:<\/h3>\t\t\t\t<\/div>\n\t\t\t\t<\/div>\n\t\t\t\t\t<\/div>\n\t\t\t\t<\/div>\n\t\t<div class=\"elementor-element elementor-element-77f8dd0 e-flex e-con-boxed e-con e-parent\" data-id=\"77f8dd0\" data-element_type=\"container\">\n\t\t\t\t\t<div class=\"e-con-inner\">\n\t\t\t\t\t<\/div>\n\t\t\t\t<\/div>\n\t\t<div class=\"elementor-element elementor-element-f6f0c3d e-flex e-con-boxed e-con e-parent\" data-id=\"f6f0c3d\" data-element_type=\"container\">\n\t\t\t\t\t<div class=\"e-con-inner\">\n\t\t\t\t<div class=\"elementor-element elementor-element-da82f18 elementor-widget elementor-widget-heading\" data-id=\"da82f18\" data-element_type=\"widget\" data-widget_type=\"heading.default\">\n\t\t\t\t<div class=\"elementor-widget-container\">\n\t\t\t\t\t<h4 class=\"elementor-heading-title elementor-size-default\">\u00bfC\u00f3mo solicitar el Kit Digital?<\/h4>\t\t\t\t<\/div>\n\t\t\t\t<\/div>\n\t\t\t\t\t<\/div>\n\t\t\t\t<\/div>\n\t\t<div class=\"elementor-element elementor-element-d4afa93 e-flex e-con-boxed e-con e-parent\" data-id=\"d4afa93\" data-element_type=\"container\">\n\t\t\t\t\t<div class=\"e-con-inner\">\n\t\t\t\t<div class=\"elementor-element elementor-element-066e5e1 elementor-widget elementor-widget-text-editor\" data-id=\"066e5e1\" data-element_type=\"widget\" data-widget_type=\"text-editor.default\">\n\t\t\t\t<div class=\"elementor-widget-container\">\n\t\t\t\t\t\t\t\t\t<p>Solicitar el <strong>Kit Digital<\/strong> es un proceso sencillo pero requiere seguir una serie de pasos detallados. Aqu\u00ed te los explicamos:<\/p>\t\t\t\t\t\t\t\t<\/div>\n\t\t\t\t<\/div>\n\t\t\t\t\t<\/div>\n\t\t\t\t<\/div>\n\t\t<div class=\"elementor-element elementor-element-074eab0 e-flex e-con-boxed e-con e-parent\" data-id=\"074eab0\" data-element_type=\"container\">\n\t\t\t\t\t<div class=\"e-con-inner\">\n\t\t\t\t<div class=\"elementor-element elementor-element-e71f9da elementor-widget elementor-widget-text-editor\" data-id=\"e71f9da\" data-element_type=\"widget\" data-widget_type=\"text-editor.default\">\n\t\t\t\t<div class=\"elementor-widget-container\">\n\t\t\t\t\t\t\t\t\t<ol><li><strong>Registro y test de diagn\u00f3stico digital<\/strong>: Antes de solicitar la ayuda, es necesario evaluar el grado de digitalizaci\u00f3n de tu empresa para determinar las ayudas disponibles. Para hacerlo, reg\u00edstrate en <a href=\"https:\/\/www.acelerapyme.es\/\" target=\"_blank\" rel=\"noopener\">acelerapyme.es<\/a> y completa el <a title=\"Test de diagn\u00f3stico digital: Requisito obligatorio para solicitar el Kit Digital\" href=\"https:\/\/finanedi.es\/blog\/kit-digital-test-de-diagnostico-digital\/\" target=\"_blank\" rel=\"noopener\">test de diagn\u00f3stico digital<\/a>.<\/li><li><strong>Elecci\u00f3n de soluciones digitales<\/strong>: En base a los resultados del test, se pueden <a href=\"https:\/\/www.acelerapyme.es\/kit-digital\/soluciones-digitales\" target=\"_blank\" rel=\"noopener\">seleccionar las soluciones digitales<\/a> que m\u00e1s se adapten a las necesidades de la empresa.<\/li><li><strong>Solicitud de la ayuda<\/strong>: Finalmente, se debe completar y enviar el formulario de solicitud con toda la documentaci\u00f3n requerida. Para ello, necesitar\u00e1s disponer de certificado digital o <a href=\"https:\/\/clave.gob.es\/clave_Home\/clave.html\" target=\"_blank\" rel=\"noopener\">Cl@ve<\/a>.<\/li><li><strong>Firma agente digitalizador<\/strong>: Finalmente, firma un acuerdo de colaboraci\u00f3n con el agente digitalizador seleccionado. A partir de aqu\u00ed, el agente digitalizador se encargar\u00e1 de implementar la soluci\u00f3n digital que mejor se ajuste a tu empresa.<\/li><\/ol>\t\t\t\t\t\t\t\t<\/div>\n\t\t\t\t<\/div>\n\t\t\t\t\t<\/div>\n\t\t\t\t<\/div>\n\t\t<div class=\"elementor-element elementor-element-9274af2 e-flex e-con-boxed e-con e-parent\" data-id=\"9274af2\" data-element_type=\"container\">\n\t\t\t\t\t<div class=\"e-con-inner\">\n\t\t\t\t<div class=\"elementor-element elementor-element-0cc2aba elementor-widget elementor-widget-text-editor\" data-id=\"0cc2aba\" data-element_type=\"widget\" data-widget_type=\"text-editor.default\">\n\t\t\t\t<div class=\"elementor-widget-container\">\n\t\t\t\t\t\t\t\t\t<p>\ud83d\udcc1 <strong>Documentaci\u00f3n de ayuda<\/strong>:\u00a0<\/p><ul><li><a href=\"https:\/\/portal.gestion.sedepkd.red.gob.es\/portal\/common\/help\/PKD_Guia_ADA.pdf\" target=\"_blank\" rel=\"noopener\">Gu\u00eda de usuario<\/a><\/li><li><a href=\"https:\/\/portal.gestion.sedepkd.red.gob.es\/portal\/common\/help\/PKD_FAQs.pdf\" target=\"_blank\" rel=\"noopener\">Preguntas frecuentes<\/a><\/li><\/ul>\t\t\t\t\t\t\t\t<\/div>\n\t\t\t\t<\/div>\n\t\t\t\t\t<\/div>\n\t\t\t\t<\/div>\n\t\t<div class=\"elementor-element elementor-element-89a7527 e-flex e-con-boxed e-con e-parent\" data-id=\"89a7527\" data-element_type=\"container\">\n\t\t\t\t\t<div class=\"e-con-inner\">\n\t\t\t\t<div class=\"elementor-element elementor-element-37ad5b6 elementor-widget elementor-widget-spacer\" data-id=\"37ad5b6\" data-element_type=\"widget\" data-widget_type=\"spacer.default\">\n\t\t\t\t<div class=\"elementor-widget-container\">\n\t\t\t\t\t\t\t<div class=\"elementor-spacer\">\n\t\t\t<div class=\"elementor-spacer-inner\"><\/div>\n\t\t<\/div>\n\t\t\t\t\t\t<\/div>\n\t\t\t\t<\/div>\n\t\t\t\t\t<\/div>\n\t\t\t\t<\/div>\n\t\t<div class=\"elementor-element elementor-element-7f5090e7 e-flex e-con-boxed e-con e-parent\" data-id=\"7f5090e7\" data-element_type=\"container\">\n\t\t\t\t\t<div class=\"e-con-inner\">\n\t\t<div class=\"elementor-element elementor-element-4a5be260 e-con-full e-flex e-con e-child\" data-id=\"4a5be260\" data-element_type=\"container\">\n\t\t\t\t<div class=\"elementor-element elementor-element-d4a51f2 elementor-widget elementor-widget-spacer\" data-id=\"d4a51f2\" data-element_type=\"widget\" data-widget_type=\"spacer.default\">\n\t\t\t\t<div class=\"elementor-widget-container\">\n\t\t\t\t\t\t\t<div class=\"elementor-spacer\">\n\t\t\t<div class=\"elementor-spacer-inner\"><\/div>\n\t\t<\/div>\n\t\t\t\t\t\t<\/div>\n\t\t\t\t<\/div>\n\t\t\t\t<\/div>\n\t\t<div class=\"elementor-element elementor-element-6dced2b2 e-con-full e-flex e-con e-child\" data-id=\"6dced2b2\" data-element_type=\"container\">\n\t\t\t\t<div class=\"elementor-element elementor-element-79fb3a0a elementor-widget elementor-widget-heading\" data-id=\"79fb3a0a\" data-element_type=\"widget\" data-widget_type=\"heading.default\">\n\t\t\t\t<div class=\"elementor-widget-container\">\n\t\t\t\t\t<h3 class=\"elementor-heading-title elementor-size-default\">No te pierdas...<\/h3>\t\t\t\t<\/div>\n\t\t\t\t<\/div>\n\t\t\t\t<\/div>\n\t\t<div class=\"elementor-element elementor-element-708131cc e-con-full e-flex e-con e-child\" data-id=\"708131cc\" data-element_type=\"container\">\n\t\t\t\t<div class=\"elementor-element elementor-element-3d4ccea2 elementor-widget elementor-widget-katen-post-five\" data-id=\"3d4ccea2\" data-element_type=\"widget\" data-widget_type=\"katen-post-five.default\">\n\t\t\t\t<div class=\"elementor-widget-container\">\n\t\t\t\t\t\t\t<div class=\"padding-30 rounded bordered\">\n\n\t\t\t<div class=\"row infinite-wrapper\">\n\n\t\t\t\n\t\t\t\t<div class=\"col-md-12 col-sm-6 post-list-item post-item\">\n\t\t\t\t\t<!-- post -->\n\t\t\t\t\t<div class=\"post post-list clearfix\">\n\n\t\t\t\t\t\t<div class=\"thumb rounded\"><div class=\"inner\"><a href=\"https:\/\/finanedi.es\/blog\/como-elegir-el-mejor-programa-de-facturacion-gratuita-para-tu-pyme\/\"><img decoding=\"async\" width=\"330\" height=\"250\" src=\"https:\/\/finanedi.es\/blog\/contenido\/uploads\/2025\/10\/Como-elegir-el-mejor-programa-de-facturacion-gratuita-para-tu-pyme-330x250.jpg\" class=\"attachment-katen-thumb-list size-katen-thumb-list wp-post-image\" alt=\"C\u00f3mo elegir el mejor programa de facturaci\u00f3n gratuita para tu pyme\" \/><\/a><\/div><\/div>  \n\n\t\t\t\t\t\t<div class=\"details clearfix\">\n\t\t\t\t\t\t\t<ul class=\"meta list-inline mb-3\">\n\t\t\t\t\t\t\t\t<li class=\"list-inline-item\"><a href=\"https:\/\/finanedi.es\/blog\/category\/facturacion\/\">Facturaci\u00f3n<\/a><\/li>\t\t\t\t\t\t\t<\/ul>\n\t\t\t\t\t\t\t<h5 class=\"post-title\"><a href=\"https:\/\/finanedi.es\/blog\/como-elegir-el-mejor-programa-de-facturacion-gratuita-para-tu-pyme\/\">C\u00f3mo elegir el mejor programa de facturaci\u00f3n gratuita para tu pyme<\/a><\/h5>\n\t\t\t\t\t\t\t<p class=\"excerpt mb-0\">\n\t\t\t\t\t\t\t\tGestionar las facturas de una peque\u00f1a o mediana empresa puede ser una tarea compleja si&hellip;\t\t\t\t\t\t\t<\/p>\n\t\t\t\t\t\t\t<div class=\"post-bottom clearfix d-flex align-items-center\">\n\t\t\t\t\t\t\t\t\t\t\t\t\t\t\t\t\t\t\t\t\t\t\t<\/div>\n\t\t\t\t\t\t<\/div>\n\t\t\t\t\t<\/div>\n\t\t\t\t<\/div>\n\n\t\t\t\n\t\t\t\t<div class=\"col-md-12 col-sm-6 post-list-item post-item\">\n\t\t\t\t\t<!-- post -->\n\t\t\t\t\t<div class=\"post post-list clearfix\">\n\n\t\t\t\t\t\t<div class=\"thumb rounded\"><div class=\"inner\"><a href=\"https:\/\/finanedi.es\/blog\/dehu-que-es-y-como-puede-ayudarte-a-gestionar-notificaciones-electronicas-de-la-administracion\/\"><img decoding=\"async\" width=\"330\" height=\"250\" src=\"https:\/\/finanedi.es\/blog\/contenido\/uploads\/2025\/07\/DEHu-que-es-y-como-puede-ayudarte-a-gestionar-notificaciones-electronicas-de-la-Administracion-330x250.jpg\" class=\"attachment-katen-thumb-list size-katen-thumb-list wp-post-image\" alt=\"DEH\u00fa qu\u00e9 es y c\u00f3mo puede ayudarte a gestionar notificaciones electr\u00f3nicas de la Administraci\u00f3n\" \/><\/a><\/div><\/div>  \n\n\t\t\t\t\t\t<div class=\"details clearfix\">\n\t\t\t\t\t\t\t<ul class=\"meta list-inline mb-3\">\n\t\t\t\t\t\t\t\t<li class=\"list-inline-item\"><a href=\"https:\/\/finanedi.es\/blog\/category\/autonomos\/\">Aut\u00f3nomos<\/a><\/li>\t\t\t\t\t\t\t<\/ul>\n\t\t\t\t\t\t\t<h5 class=\"post-title\"><a href=\"https:\/\/finanedi.es\/blog\/dehu-que-es-y-como-puede-ayudarte-a-gestionar-notificaciones-electronicas-de-la-administracion\/\">DEH\u00fa: qu\u00e9 es y c\u00f3mo puede ayudarte a gestionar notificaciones electr\u00f3nicas de la Administraci\u00f3n<\/a><\/h5>\n\t\t\t\t\t\t\t<p class=\"excerpt mb-0\">\n\t\t\t\t\t\t\t\tEn los \u00faltimos a\u00f1os, la digitalizaci\u00f3n ha transformado la forma en la que las empresas,&hellip;\t\t\t\t\t\t\t<\/p>\n\t\t\t\t\t\t\t<div class=\"post-bottom clearfix d-flex align-items-center\">\n\t\t\t\t\t\t\t\t\t\t\t\t\t\t\t\t\t\t\t\t\t\t\t<\/div>\n\t\t\t\t\t\t<\/div>\n\t\t\t\t\t<\/div>\n\t\t\t\t<\/div>\n\n\t\t\t\n\t\t\t\t<div class=\"col-md-12 col-sm-6 post-list-item post-item\">\n\t\t\t\t\t<!-- post -->\n\t\t\t\t\t<div class=\"post post-list clearfix\">\n\n\t\t\t\t\t\t<div class=\"thumb rounded\"><div class=\"inner\"><a href=\"https:\/\/finanedi.es\/blog\/la-ia-en-espana-como-estan-las-empresas-espanolas-adoptando-la-inteligencia-artificial\/\"><img loading=\"lazy\" decoding=\"async\" width=\"330\" height=\"250\" src=\"https:\/\/finanedi.es\/blog\/contenido\/uploads\/2025\/06\/La-IA-en-Espana-\u00bfComo-estan-las-empresas-espanolas-adoptando-la-Inteligencia-Artificial-330x250.jpg\" class=\"attachment-katen-thumb-list size-katen-thumb-list wp-post-image\" alt=\"La IA en Espa\u00f1a \u00bfC\u00f3mo est\u00e1n las empresas espa\u00f1olas adoptando la Inteligencia Artificial\" \/><\/a><\/div><\/div>  \n\n\t\t\t\t\t\t<div class=\"details clearfix\">\n\t\t\t\t\t\t\t<ul class=\"meta list-inline mb-3\">\n\t\t\t\t\t\t\t\t<li class=\"list-inline-item\"><a href=\"https:\/\/finanedi.es\/blog\/category\/pymes\/\">PYMES<\/a><\/li>\t\t\t\t\t\t\t<\/ul>\n\t\t\t\t\t\t\t<h5 class=\"post-title\"><a href=\"https:\/\/finanedi.es\/blog\/la-ia-en-espana-como-estan-las-empresas-espanolas-adoptando-la-inteligencia-artificial\/\">La IA en Espa\u00f1a: \u00bfC\u00f3mo est\u00e1n las empresas espa\u00f1olas adoptando la Inteligencia Artificial?<\/a><\/h5>\n\t\t\t\t\t\t\t<p class=\"excerpt mb-0\">\n\t\t\t\t\t\t\t\t\u00bfEst\u00e1 tu pyme o tu actividad como aut\u00f3nomo lista para la revoluci\u00f3n de la Inteligencia&hellip;\t\t\t\t\t\t\t<\/p>\n\t\t\t\t\t\t\t<div class=\"post-bottom clearfix d-flex align-items-center\">\n\t\t\t\t\t\t\t\t\t\t\t\t\t\t\t\t\t\t\t\t\t\t\t<\/div>\n\t\t\t\t\t\t<\/div>\n\t\t\t\t\t<\/div>\n\t\t\t\t<\/div>\n\n\t\t\t\n\t\t\t\t<div class=\"col-md-12 col-sm-6 post-list-item post-item\">\n\t\t\t\t\t<!-- post -->\n\t\t\t\t\t<div class=\"post post-list clearfix\">\n\n\t\t\t\t\t\t<div class=\"thumb rounded\"><div class=\"inner\"><a href=\"https:\/\/finanedi.es\/blog\/12-de-mayo-dia-europeo-de-las-pymes-celebrando-el-motor-economico-de-europa\/\"><img loading=\"lazy\" decoding=\"async\" width=\"330\" height=\"250\" src=\"https:\/\/finanedi.es\/blog\/contenido\/uploads\/2025\/05\/12-de-mayo-Dia-Europeo-de-las-pymes-330x250.jpg\" class=\"attachment-katen-thumb-list size-katen-thumb-list wp-post-image\" alt=\"12 de mayo D\u00eda Europeo de las pymes\" \/><\/a><\/div><\/div>  \n\n\t\t\t\t\t\t<div class=\"details clearfix\">\n\t\t\t\t\t\t\t<ul class=\"meta list-inline mb-3\">\n\t\t\t\t\t\t\t\t<li class=\"list-inline-item\"><a href=\"https:\/\/finanedi.es\/blog\/category\/pymes\/\">PYMES<\/a><\/li>\t\t\t\t\t\t\t<\/ul>\n\t\t\t\t\t\t\t<h5 class=\"post-title\"><a href=\"https:\/\/finanedi.es\/blog\/12-de-mayo-dia-europeo-de-las-pymes-celebrando-el-motor-economico-de-europa\/\">12 de mayo: D\u00eda Europeo de las pymes \u2013 Celebrando el motor econ\u00f3mico de Europa<\/a><\/h5>\n\t\t\t\t\t\t\t<p class=\"excerpt mb-0\">\n\t\t\t\t\t\t\t\tEl 12 de mayo se celebra el D\u00eda Europeo de las PYMES, una fecha que&hellip;\t\t\t\t\t\t\t<\/p>\n\t\t\t\t\t\t\t<div class=\"post-bottom clearfix d-flex align-items-center\">\n\t\t\t\t\t\t\t\t\t\t\t\t\t\t\t\t\t\t\t\t\t\t\t<\/div>\n\t\t\t\t\t\t<\/div>\n\t\t\t\t\t<\/div>\n\t\t\t\t<\/div>\n\n\t\t\t\n\t\t\t<\/div>\n\n\t\t<\/div>\n\t\t\n        \t\t\t\t<\/div>\n\t\t\t\t<\/div>\n\t\t\t\t<\/div>\n\t\t\t\t\t<\/div>\n\t\t\t\t<\/div>\n\t\t\t\t<\/div>\n\t\t","protected":false},"excerpt":{"rendered":"<p>La transformaci\u00f3n digital es una necesidad urgente para aut\u00f3nomos y las pymes que desean mantenerse competitivas en el mercado actual. El Kit Digital es una iniciativa dise\u00f1ada para facilitar este proceso, proporcionando recursos y herramientas esenciales.<\/p>\n","protected":false},"author":3,"featured_media":2018,"comment_status":"closed","ping_status":"open","sticky":false,"template":"","format":"standard","meta":{"_monsterinsights_skip_tracking":false,"_monsterinsights_sitenote_active":false,"_monsterinsights_sitenote_note":"","_monsterinsights_sitenote_category":0,"footnotes":""},"categories":[8,43],"tags":[65],"class_list":["post-2000","post","type-post","status-publish","format-standard","has-post-thumbnail","hentry","category-autonomos","category-pymes","tag-kit-digital"],"yoast_head":"<!-- This site is optimized with the Yoast SEO plugin v26.2 - https:\/\/yoast.com\/wordpress\/plugins\/seo\/ -->\n<title>Kit Digital: Transforma tu negocio con ayudas oficiales<\/title>\n<meta name=\"description\" content=\"Aprovecha las subvenciones para digitalizar tu empresa. Hasta 12.000\u20ac gratis para pymes. Mejora tecnol\u00f3gica sin inversi\u00f3n inicial.\" \/>\n<meta name=\"robots\" content=\"index, follow, max-snippet:-1, max-image-preview:large, max-video-preview:-1\" \/>\n<link rel=\"canonical\" href=\"https:\/\/finanedi.es\/blog\/kit-digital-que-es-y-como-solicitarlo\/\" \/>\n<meta property=\"og:locale\" content=\"es_ES\" \/>\n<meta property=\"og:type\" content=\"article\" \/>\n<meta property=\"og:title\" content=\"Kit Digital: Transforma tu negocio con ayudas oficiales\" \/>\n<meta property=\"og:description\" content=\"Aprovecha las subvenciones para digitalizar tu empresa. Hasta 12.000\u20ac gratis para pymes. Mejora tecnol\u00f3gica sin inversi\u00f3n inicial.\" \/>\n<meta property=\"og:url\" content=\"https:\/\/finanedi.es\/blog\/kit-digital-que-es-y-como-solicitarlo\/\" \/>\n<meta property=\"og:site_name\" content=\"Blog para pymes y aut\u00f3nomos - FinanEDI\" \/>\n<meta property=\"article:published_time\" content=\"2024-07-20T10:09:07+00:00\" \/>\n<meta property=\"article:modified_time\" content=\"2025-03-28T10:36:20+00:00\" \/>\n<meta property=\"og:image\" content=\"https:\/\/finanedi.es\/blog\/contenido\/uploads\/2024\/07\/Kit-digital-que-es-1.jpg\" \/>\n\t<meta property=\"og:image:width\" content=\"1579\" \/>\n\t<meta property=\"og:image:height\" content=\"960\" \/>\n\t<meta property=\"og:image:type\" content=\"image\/jpeg\" \/>\n<meta name=\"author\" content=\"restevez\" \/>\n<meta name=\"twitter:card\" content=\"summary_large_image\" \/>\n<meta name=\"twitter:label1\" content=\"Escrito por\" \/>\n\t<meta name=\"twitter:data1\" content=\"restevez\" \/>\n\t<meta name=\"twitter:label2\" content=\"Tiempo de lectura\" \/>\n\t<meta name=\"twitter:data2\" content=\"5 minutos\" \/>\n<script type=\"application\/ld+json\" class=\"yoast-schema-graph\">{\"@context\":\"https:\/\/schema.org\",\"@graph\":[{\"@type\":\"Article\",\"@id\":\"https:\/\/finanedi.es\/blog\/kit-digital-que-es-y-como-solicitarlo\/#article\",\"isPartOf\":{\"@id\":\"https:\/\/finanedi.es\/blog\/kit-digital-que-es-y-como-solicitarlo\/\"},\"author\":{\"name\":\"restevez\",\"@id\":\"https:\/\/finanedi.es\/blog\/#\/schema\/person\/233ed58195d34f36f74f13ba1030ebd8\"},\"headline\":\"Kit Digital: \u00bfQu\u00e9 es y c\u00f3mo solicitarlo?\",\"datePublished\":\"2024-07-20T10:09:07+00:00\",\"dateModified\":\"2025-03-28T10:36:20+00:00\",\"mainEntityOfPage\":{\"@id\":\"https:\/\/finanedi.es\/blog\/kit-digital-que-es-y-como-solicitarlo\/\"},\"wordCount\":749,\"publisher\":{\"@id\":\"https:\/\/finanedi.es\/blog\/#organization\"},\"image\":{\"@id\":\"https:\/\/finanedi.es\/blog\/kit-digital-que-es-y-como-solicitarlo\/#primaryimage\"},\"thumbnailUrl\":\"https:\/\/finanedi.es\/blog\/contenido\/uploads\/2024\/07\/Kit-digital-que-es-1.jpg\",\"keywords\":[\"Kit Digital\"],\"articleSection\":[\"Aut\u00f3nomos\",\"PYMES\"],\"inLanguage\":\"es\"},{\"@type\":\"WebPage\",\"@id\":\"https:\/\/finanedi.es\/blog\/kit-digital-que-es-y-como-solicitarlo\/\",\"url\":\"https:\/\/finanedi.es\/blog\/kit-digital-que-es-y-como-solicitarlo\/\",\"name\":\"Kit Digital: Transforma tu negocio con ayudas oficiales\",\"isPartOf\":{\"@id\":\"https:\/\/finanedi.es\/blog\/#website\"},\"primaryImageOfPage\":{\"@id\":\"https:\/\/finanedi.es\/blog\/kit-digital-que-es-y-como-solicitarlo\/#primaryimage\"},\"image\":{\"@id\":\"https:\/\/finanedi.es\/blog\/kit-digital-que-es-y-como-solicitarlo\/#primaryimage\"},\"thumbnailUrl\":\"https:\/\/finanedi.es\/blog\/contenido\/uploads\/2024\/07\/Kit-digital-que-es-1.jpg\",\"datePublished\":\"2024-07-20T10:09:07+00:00\",\"dateModified\":\"2025-03-28T10:36:20+00:00\",\"description\":\"Aprovecha las subvenciones para digitalizar tu empresa. Hasta 12.000\u20ac gratis para pymes. Mejora tecnol\u00f3gica sin inversi\u00f3n inicial.\",\"breadcrumb\":{\"@id\":\"https:\/\/finanedi.es\/blog\/kit-digital-que-es-y-como-solicitarlo\/#breadcrumb\"},\"inLanguage\":\"es\",\"potentialAction\":[{\"@type\":\"ReadAction\",\"target\":[\"https:\/\/finanedi.es\/blog\/kit-digital-que-es-y-como-solicitarlo\/\"]}]},{\"@type\":\"ImageObject\",\"inLanguage\":\"es\",\"@id\":\"https:\/\/finanedi.es\/blog\/kit-digital-que-es-y-como-solicitarlo\/#primaryimage\",\"url\":\"https:\/\/finanedi.es\/blog\/contenido\/uploads\/2024\/07\/Kit-digital-que-es-1.jpg\",\"contentUrl\":\"https:\/\/finanedi.es\/blog\/contenido\/uploads\/2024\/07\/Kit-digital-que-es-1.jpg\",\"width\":1579,\"height\":960,\"caption\":\"Kit digital que es\"},{\"@type\":\"BreadcrumbList\",\"@id\":\"https:\/\/finanedi.es\/blog\/kit-digital-que-es-y-como-solicitarlo\/#breadcrumb\",\"itemListElement\":[{\"@type\":\"ListItem\",\"position\":1,\"name\":\"Home\",\"item\":\"https:\/\/finanedi.es\/blog\/\"},{\"@type\":\"ListItem\",\"position\":2,\"name\":\"Kit Digital: \u00bfQu\u00e9 es y c\u00f3mo solicitarlo?\"}]},{\"@type\":\"WebSite\",\"@id\":\"https:\/\/finanedi.es\/blog\/#website\",\"url\":\"https:\/\/finanedi.es\/blog\/\",\"name\":\"Blog para pymes y aut\u00f3nomos - FinanEDI\",\"description\":\"Blog para aut\u00f3nomos y PYMES, sobre temas como facturaci\u00f3n, contabilidad, tecnolog\u00eda.\",\"publisher\":{\"@id\":\"https:\/\/finanedi.es\/blog\/#organization\"},\"potentialAction\":[{\"@type\":\"SearchAction\",\"target\":{\"@type\":\"EntryPoint\",\"urlTemplate\":\"https:\/\/finanedi.es\/blog\/?s={search_term_string}\"},\"query-input\":{\"@type\":\"PropertyValueSpecification\",\"valueRequired\":true,\"valueName\":\"search_term_string\"}}],\"inLanguage\":\"es\"},{\"@type\":\"Organization\",\"@id\":\"https:\/\/finanedi.es\/blog\/#organization\",\"name\":\"Blog para pymes y aut\u00f3nomos - FinanEDI\",\"url\":\"https:\/\/finanedi.es\/blog\/\",\"logo\":{\"@type\":\"ImageObject\",\"inLanguage\":\"es\",\"@id\":\"https:\/\/finanedi.es\/blog\/#\/schema\/logo\/image\/\",\"url\":\"https:\/\/finanedi.es\/blog\/contenido\/uploads\/2024\/02\/FinanEdiAzul1.svg\",\"contentUrl\":\"https:\/\/finanedi.es\/blog\/contenido\/uploads\/2024\/02\/FinanEdiAzul1.svg\",\"width\":142,\"height\":36,\"caption\":\"Blog para pymes y aut\u00f3nomos - FinanEDI\"},\"image\":{\"@id\":\"https:\/\/finanedi.es\/blog\/#\/schema\/logo\/image\/\"}},{\"@type\":\"Person\",\"@id\":\"https:\/\/finanedi.es\/blog\/#\/schema\/person\/233ed58195d34f36f74f13ba1030ebd8\",\"name\":\"restevez\",\"image\":{\"@type\":\"ImageObject\",\"inLanguage\":\"es\",\"@id\":\"https:\/\/finanedi.es\/blog\/#\/schema\/person\/image\/\",\"url\":\"https:\/\/secure.gravatar.com\/avatar\/6c4880db9746e4aa887a98e0ebf657788804dc4280120ef10331a2e6ebb4a9a0?s=96&d=mm&r=g\",\"contentUrl\":\"https:\/\/secure.gravatar.com\/avatar\/6c4880db9746e4aa887a98e0ebf657788804dc4280120ef10331a2e6ebb4a9a0?s=96&d=mm&r=g\",\"caption\":\"restevez\"},\"url\":\"https:\/\/finanedi.es\/blog\/author\/restevez\/\"}]}<\/script>\n<!-- \/ Yoast SEO plugin. -->","yoast_head_json":{"title":"Kit Digital: Transforma tu negocio con ayudas oficiales","description":"Aprovecha las subvenciones para digitalizar tu empresa. Hasta 12.000\u20ac gratis para pymes. Mejora tecnol\u00f3gica sin inversi\u00f3n inicial.","robots":{"index":"index","follow":"follow","max-snippet":"max-snippet:-1","max-image-preview":"max-image-preview:large","max-video-preview":"max-video-preview:-1"},"canonical":"https:\/\/finanedi.es\/blog\/kit-digital-que-es-y-como-solicitarlo\/","og_locale":"es_ES","og_type":"article","og_title":"Kit Digital: Transforma tu negocio con ayudas oficiales","og_description":"Aprovecha las subvenciones para digitalizar tu empresa. Hasta 12.000\u20ac gratis para pymes. Mejora tecnol\u00f3gica sin inversi\u00f3n inicial.","og_url":"https:\/\/finanedi.es\/blog\/kit-digital-que-es-y-como-solicitarlo\/","og_site_name":"Blog para pymes y aut\u00f3nomos - FinanEDI","article_published_time":"2024-07-20T10:09:07+00:00","article_modified_time":"2025-03-28T10:36:20+00:00","og_image":[{"width":1579,"height":960,"url":"https:\/\/finanedi.es\/blog\/contenido\/uploads\/2024\/07\/Kit-digital-que-es-1.jpg","type":"image\/jpeg"}],"author":"restevez","twitter_card":"summary_large_image","twitter_misc":{"Escrito por":"restevez","Tiempo de lectura":"5 minutos"},"schema":{"@context":"https:\/\/schema.org","@graph":[{"@type":"Article","@id":"https:\/\/finanedi.es\/blog\/kit-digital-que-es-y-como-solicitarlo\/#article","isPartOf":{"@id":"https:\/\/finanedi.es\/blog\/kit-digital-que-es-y-como-solicitarlo\/"},"author":{"name":"restevez","@id":"https:\/\/finanedi.es\/blog\/#\/schema\/person\/233ed58195d34f36f74f13ba1030ebd8"},"headline":"Kit Digital: \u00bfQu\u00e9 es y c\u00f3mo solicitarlo?","datePublished":"2024-07-20T10:09:07+00:00","dateModified":"2025-03-28T10:36:20+00:00","mainEntityOfPage":{"@id":"https:\/\/finanedi.es\/blog\/kit-digital-que-es-y-como-solicitarlo\/"},"wordCount":749,"publisher":{"@id":"https:\/\/finanedi.es\/blog\/#organization"},"image":{"@id":"https:\/\/finanedi.es\/blog\/kit-digital-que-es-y-como-solicitarlo\/#primaryimage"},"thumbnailUrl":"https:\/\/finanedi.es\/blog\/contenido\/uploads\/2024\/07\/Kit-digital-que-es-1.jpg","keywords":["Kit Digital"],"articleSection":["Aut\u00f3nomos","PYMES"],"inLanguage":"es"},{"@type":"WebPage","@id":"https:\/\/finanedi.es\/blog\/kit-digital-que-es-y-como-solicitarlo\/","url":"https:\/\/finanedi.es\/blog\/kit-digital-que-es-y-como-solicitarlo\/","name":"Kit Digital: Transforma tu negocio con ayudas oficiales","isPartOf":{"@id":"https:\/\/finanedi.es\/blog\/#website"},"primaryImageOfPage":{"@id":"https:\/\/finanedi.es\/blog\/kit-digital-que-es-y-como-solicitarlo\/#primaryimage"},"image":{"@id":"https:\/\/finanedi.es\/blog\/kit-digital-que-es-y-como-solicitarlo\/#primaryimage"},"thumbnailUrl":"https:\/\/finanedi.es\/blog\/contenido\/uploads\/2024\/07\/Kit-digital-que-es-1.jpg","datePublished":"2024-07-20T10:09:07+00:00","dateModified":"2025-03-28T10:36:20+00:00","description":"Aprovecha las subvenciones para digitalizar tu empresa. Hasta 12.000\u20ac gratis para pymes. Mejora tecnol\u00f3gica sin inversi\u00f3n inicial.","breadcrumb":{"@id":"https:\/\/finanedi.es\/blog\/kit-digital-que-es-y-como-solicitarlo\/#breadcrumb"},"inLanguage":"es","potentialAction":[{"@type":"ReadAction","target":["https:\/\/finanedi.es\/blog\/kit-digital-que-es-y-como-solicitarlo\/"]}]},{"@type":"ImageObject","inLanguage":"es","@id":"https:\/\/finanedi.es\/blog\/kit-digital-que-es-y-como-solicitarlo\/#primaryimage","url":"https:\/\/finanedi.es\/blog\/contenido\/uploads\/2024\/07\/Kit-digital-que-es-1.jpg","contentUrl":"https:\/\/finanedi.es\/blog\/contenido\/uploads\/2024\/07\/Kit-digital-que-es-1.jpg","width":1579,"height":960,"caption":"Kit digital que es"},{"@type":"BreadcrumbList","@id":"https:\/\/finanedi.es\/blog\/kit-digital-que-es-y-como-solicitarlo\/#breadcrumb","itemListElement":[{"@type":"ListItem","position":1,"name":"Home","item":"https:\/\/finanedi.es\/blog\/"},{"@type":"ListItem","position":2,"name":"Kit Digital: \u00bfQu\u00e9 es y c\u00f3mo solicitarlo?"}]},{"@type":"WebSite","@id":"https:\/\/finanedi.es\/blog\/#website","url":"https:\/\/finanedi.es\/blog\/","name":"Blog para pymes y aut\u00f3nomos - FinanEDI","description":"Blog para aut\u00f3nomos y PYMES, sobre temas como facturaci\u00f3n, contabilidad, tecnolog\u00eda.","publisher":{"@id":"https:\/\/finanedi.es\/blog\/#organization"},"potentialAction":[{"@type":"SearchAction","target":{"@type":"EntryPoint","urlTemplate":"https:\/\/finanedi.es\/blog\/?s={search_term_string}"},"query-input":{"@type":"PropertyValueSpecification","valueRequired":true,"valueName":"search_term_string"}}],"inLanguage":"es"},{"@type":"Organization","@id":"https:\/\/finanedi.es\/blog\/#organization","name":"Blog para pymes y aut\u00f3nomos - FinanEDI","url":"https:\/\/finanedi.es\/blog\/","logo":{"@type":"ImageObject","inLanguage":"es","@id":"https:\/\/finanedi.es\/blog\/#\/schema\/logo\/image\/","url":"https:\/\/finanedi.es\/blog\/contenido\/uploads\/2024\/02\/FinanEdiAzul1.svg","contentUrl":"https:\/\/finanedi.es\/blog\/contenido\/uploads\/2024\/02\/FinanEdiAzul1.svg","width":142,"height":36,"caption":"Blog para pymes y aut\u00f3nomos - FinanEDI"},"image":{"@id":"https:\/\/finanedi.es\/blog\/#\/schema\/logo\/image\/"}},{"@type":"Person","@id":"https:\/\/finanedi.es\/blog\/#\/schema\/person\/233ed58195d34f36f74f13ba1030ebd8","name":"restevez","image":{"@type":"ImageObject","inLanguage":"es","@id":"https:\/\/finanedi.es\/blog\/#\/schema\/person\/image\/","url":"https:\/\/secure.gravatar.com\/avatar\/6c4880db9746e4aa887a98e0ebf657788804dc4280120ef10331a2e6ebb4a9a0?s=96&d=mm&r=g","contentUrl":"https:\/\/secure.gravatar.com\/avatar\/6c4880db9746e4aa887a98e0ebf657788804dc4280120ef10331a2e6ebb4a9a0?s=96&d=mm&r=g","caption":"restevez"},"url":"https:\/\/finanedi.es\/blog\/author\/restevez\/"}]}},"_links":{"self":[{"href":"https:\/\/finanedi.es\/blog\/wp-json\/wp\/v2\/posts\/2000","targetHints":{"allow":["GET"]}}],"collection":[{"href":"https:\/\/finanedi.es\/blog\/wp-json\/wp\/v2\/posts"}],"about":[{"href":"https:\/\/finanedi.es\/blog\/wp-json\/wp\/v2\/types\/post"}],"author":[{"embeddable":true,"href":"https:\/\/finanedi.es\/blog\/wp-json\/wp\/v2\/users\/3"}],"replies":[{"embeddable":true,"href":"https:\/\/finanedi.es\/blog\/wp-json\/wp\/v2\/comments?post=2000"}],"version-history":[{"count":49,"href":"https:\/\/finanedi.es\/blog\/wp-json\/wp\/v2\/posts\/2000\/revisions"}],"predecessor-version":[{"id":10214,"href":"https:\/\/finanedi.es\/blog\/wp-json\/wp\/v2\/posts\/2000\/revisions\/10214"}],"wp:featuredmedia":[{"embeddable":true,"href":"https:\/\/finanedi.es\/blog\/wp-json\/wp\/v2\/media\/2018"}],"wp:attachment":[{"href":"https:\/\/finanedi.es\/blog\/wp-json\/wp\/v2\/media?parent=2000"}],"wp:term":[{"taxonomy":"category","embeddable":true,"href":"https:\/\/finanedi.es\/blog\/wp-json\/wp\/v2\/categories?post=2000"},{"taxonomy":"post_tag","embeddable":true,"href":"https:\/\/finanedi.es\/blog\/wp-json\/wp\/v2\/tags?post=2000"}],"curies":[{"name":"wp","href":"https:\/\/api.w.org\/{rel}","templated":true}]}}