{"id":2279,"date":"2024-07-18T14:46:09","date_gmt":"2024-07-18T12:46:09","guid":{"rendered":"https:\/\/finanedi.es\/blog\/?p=2279"},"modified":"2024-08-23T14:20:02","modified_gmt":"2024-08-23T12:20:02","slug":"redes-sociales-para-las-pymes-un-terreno-aun-por-explorar","status":"publish","type":"post","link":"https:\/\/finanedi.es\/blog\/redes-sociales-para-las-pymes-un-terreno-aun-por-explorar\/","title":{"rendered":"Redes sociales para las PYMES: Un terreno a\u00fan por explorar"},"content":{"rendered":"\t\t<div data-elementor-type=\"wp-post\" data-elementor-id=\"2279\" class=\"elementor elementor-2279\">\n\t\t\t\t<div class=\"elementor-element elementor-element-ca13717 e-flex e-con-boxed e-con e-parent\" data-id=\"ca13717\" data-element_type=\"container\">\n\t\t\t\t\t<div class=\"e-con-inner\">\n\t\t\t\t<div class=\"elementor-element elementor-element-51ec72c elementor-widget elementor-widget-text-editor\" data-id=\"51ec72c\" data-element_type=\"widget\" data-widget_type=\"text-editor.default\">\n\t\t\t\t<div class=\"elementor-widget-container\">\n\t\t\t\t\t\t\t\t\t<p>Seg\u00fan un estudio de BeeDIGITAL, <strong>solo el 22 % de las PYMES y aut\u00f3nomos utilizan las redes sociales<\/strong> en sus estrategias de negocio. Esta falta de presencia digital no solo limita su visibilidad, sino que tambi\u00e9n les hace perder valiosas oportunidades de venta. Se proyecta que para 2028, el comercio a trav\u00e9s de redes sociales, conocido como social commerce, representar\u00e1 el <strong>21,7 % del total de transacciones en ecommerce.<\/strong> Por tanto, es crucial que las PYMES reconsideren su enfoque y aprovechen el potencial de las redes sociales para mantenerse competitivas y aumentar sus ventas.<\/p>\t\t\t\t\t\t\t\t<\/div>\n\t\t\t\t<\/div>\n\t\t\t\t\t<\/div>\n\t\t\t\t<\/div>\n\t\t<div class=\"elementor-element elementor-element-356958c e-flex e-con-boxed e-con e-parent\" data-id=\"356958c\" data-element_type=\"container\">\n\t\t\t\t\t<div class=\"e-con-inner\">\n\t\t\t\t<div class=\"elementor-element elementor-element-505f45b elementor-widget elementor-widget-text-editor\" data-id=\"505f45b\" data-element_type=\"widget\" data-widget_type=\"text-editor.default\">\n\t\t\t\t<div class=\"elementor-widget-container\">\n\t\t\t\t\t\t\t\t\t<p>Estas plataformas no solo ofrecen una manera econ\u00f3mica y efectiva de llegar a nuevos clientes, sino que tambi\u00e9n proporcionan un espacio para interactuar y fidelizar a los consumidores existentes.<\/p>\t\t\t\t\t\t\t\t<\/div>\n\t\t\t\t<\/div>\n\t\t\t\t\t<\/div>\n\t\t\t\t<\/div>\n\t\t<div class=\"elementor-element elementor-element-02d0bd7 e-flex e-con-boxed e-con e-parent\" data-id=\"02d0bd7\" data-element_type=\"container\">\n\t\t\t\t\t<div class=\"e-con-inner\">\n\t\t\t\t<div class=\"elementor-element elementor-element-812a581 elementor-widget elementor-widget-heading\" data-id=\"812a581\" data-element_type=\"widget\" data-widget_type=\"heading.default\">\n\t\t\t\t<div class=\"elementor-widget-container\">\n\t\t\t\t\t<h4 class=\"elementor-heading-title elementor-size-default\">Construcci\u00f3n de marca y reconocimiento<\/h4>\t\t\t\t<\/div>\n\t\t\t\t<\/div>\n\t\t\t\t\t<\/div>\n\t\t\t\t<\/div>\n\t\t<div class=\"elementor-element elementor-element-348f327 e-flex e-con-boxed e-con e-parent\" data-id=\"348f327\" data-element_type=\"container\">\n\t\t\t\t\t<div class=\"e-con-inner\">\n\t\t\t\t<div class=\"elementor-element elementor-element-0ee811d elementor-widget elementor-widget-text-editor\" data-id=\"0ee811d\" data-element_type=\"widget\" data-widget_type=\"text-editor.default\">\n\t\t\t\t<div class=\"elementor-widget-container\">\n\t\t\t\t\t\t\t\t\t<p>Las <strong>redes sociales<\/strong> ofrecen una plataforma excelente para <strong>construir y fortalecer la identidad de una marca.<\/strong> A trav\u00e9s de publicaciones regulares, las PYMES pueden mostrar su personalidad, valores y lo que las hace \u00fanicas. Las im\u00e1genes, los v\u00eddeos y los mensajes coherentes ayudan a crear una imagen de marca reconocible y memorable.<\/p>\t\t\t\t\t\t\t\t<\/div>\n\t\t\t\t<\/div>\n\t\t\t\t\t<\/div>\n\t\t\t\t<\/div>\n\t\t<div class=\"elementor-element elementor-element-70a42f5 e-flex e-con-boxed e-con e-parent\" data-id=\"70a42f5\" data-element_type=\"container\">\n\t\t\t\t\t<div class=\"e-con-inner\">\n\t\t\t\t<div class=\"elementor-element elementor-element-3ff8188 elementor-widget elementor-widget-text-editor\" data-id=\"3ff8188\" data-element_type=\"widget\" data-widget_type=\"text-editor.default\">\n\t\t\t\t<div class=\"elementor-widget-container\">\n\t\t\t\t\t\t\t\t\t<p>\ud83d\udce2 <strong>Consejo:<\/strong> Utiliza un dise\u00f1o gr\u00e1fico atractivo y un tono de voz coherente en todas las publicaciones para mantener la identidad de la marca clara y reconocible.<\/p>\t\t\t\t\t\t\t\t<\/div>\n\t\t\t\t<\/div>\n\t\t\t\t\t<\/div>\n\t\t\t\t<\/div>\n\t\t<div class=\"elementor-element elementor-element-89b04a1 e-flex e-con-boxed e-con e-parent\" data-id=\"89b04a1\" data-element_type=\"container\">\n\t\t\t\t\t<div class=\"e-con-inner\">\n\t\t\t\t<div class=\"elementor-element elementor-element-61ec77b elementor-widget elementor-widget-spacer\" data-id=\"61ec77b\" data-element_type=\"widget\" data-widget_type=\"spacer.default\">\n\t\t\t\t<div class=\"elementor-widget-container\">\n\t\t\t\t\t\t\t<div class=\"elementor-spacer\">\n\t\t\t<div class=\"elementor-spacer-inner\"><\/div>\n\t\t<\/div>\n\t\t\t\t\t\t<\/div>\n\t\t\t\t<\/div>\n\t\t\t\t\t<\/div>\n\t\t\t\t<\/div>\n\t\t<div class=\"elementor-element elementor-element-4253b4e e-flex e-con-boxed e-con e-parent\" data-id=\"4253b4e\" data-element_type=\"container\">\n\t\t\t\t\t<div class=\"e-con-inner\">\n\t\t\t\t<div class=\"elementor-element elementor-element-dfd3a1c elementor-widget elementor-widget-heading\" data-id=\"dfd3a1c\" data-element_type=\"widget\" data-widget_type=\"heading.default\">\n\t\t\t\t<div class=\"elementor-widget-container\">\n\t\t\t\t\t<h4 class=\"elementor-heading-title elementor-size-default\">Interacci\u00f3n y compromiso con el cliente<\/h4>\t\t\t\t<\/div>\n\t\t\t\t<\/div>\n\t\t\t\t\t<\/div>\n\t\t\t\t<\/div>\n\t\t<div class=\"elementor-element elementor-element-381ee53 e-flex e-con-boxed e-con e-parent\" data-id=\"381ee53\" data-element_type=\"container\">\n\t\t\t\t\t<div class=\"e-con-inner\">\n\t\t\t\t<div class=\"elementor-element elementor-element-b093295 elementor-widget elementor-widget-text-editor\" data-id=\"b093295\" data-element_type=\"widget\" data-widget_type=\"text-editor.default\">\n\t\t\t\t<div class=\"elementor-widget-container\">\n\t\t\t\t\t\t\t\t\t<p>Las <strong>redes sociales permiten una comunicaci\u00f3n bidireccional<\/strong> entre las empresas y sus clientes. Las PYMES pueden<strong> interactuar directamente con sus seguidores<\/strong>, respondiendo a sus preguntas, comentarios y cr\u00edticas en tiempo real. Esta interacci\u00f3n no solo mejora la satisfacci\u00f3n del cliente, sino que tambi\u00e9n puede proporcionar informaci\u00f3n valiosa sobre las preferencias y necesidades del consumidor.<\/p>\t\t\t\t\t\t\t\t<\/div>\n\t\t\t\t<\/div>\n\t\t\t\t\t<\/div>\n\t\t\t\t<\/div>\n\t\t<div class=\"elementor-element elementor-element-47335da e-flex e-con-boxed e-con e-parent\" data-id=\"47335da\" data-element_type=\"container\">\n\t\t\t\t\t<div class=\"e-con-inner\">\n\t\t\t\t<div class=\"elementor-element elementor-element-6596d63 elementor-widget elementor-widget-text-editor\" data-id=\"6596d63\" data-element_type=\"widget\" data-widget_type=\"text-editor.default\">\n\t\t\t\t<div class=\"elementor-widget-container\">\n\t\t\t\t\t\t\t\t\t<p><strong>\ud83d\udce2 Consejo:<\/strong> Mant\u00e9n una respuesta r\u00e1pida y profesional en las interacciones para construir una relaci\u00f3n de confianza con los clientes.<\/p>\t\t\t\t\t\t\t\t<\/div>\n\t\t\t\t<\/div>\n\t\t\t\t\t<\/div>\n\t\t\t\t<\/div>\n\t\t<div class=\"elementor-element elementor-element-8bcd389 e-flex e-con-boxed e-con e-parent\" data-id=\"8bcd389\" data-element_type=\"container\">\n\t\t\t\t\t<div class=\"e-con-inner\">\n\t\t\t\t<div class=\"elementor-element elementor-element-8331662 elementor-widget elementor-widget-spacer\" data-id=\"8331662\" data-element_type=\"widget\" data-widget_type=\"spacer.default\">\n\t\t\t\t<div class=\"elementor-widget-container\">\n\t\t\t\t\t\t\t<div class=\"elementor-spacer\">\n\t\t\t<div class=\"elementor-spacer-inner\"><\/div>\n\t\t<\/div>\n\t\t\t\t\t\t<\/div>\n\t\t\t\t<\/div>\n\t\t\t\t\t<\/div>\n\t\t\t\t<\/div>\n\t\t<div class=\"elementor-element elementor-element-b75edfd e-flex e-con-boxed e-con e-parent\" data-id=\"b75edfd\" data-element_type=\"container\">\n\t\t\t\t\t<div class=\"e-con-inner\">\n\t\t\t\t<div class=\"elementor-element elementor-element-11c75f8 elementor-widget elementor-widget-heading\" data-id=\"11c75f8\" data-element_type=\"widget\" data-widget_type=\"heading.default\">\n\t\t\t\t<div class=\"elementor-widget-container\">\n\t\t\t\t\t<h4 class=\"elementor-heading-title elementor-size-default\">Publicidad dirigida<\/h4>\t\t\t\t<\/div>\n\t\t\t\t<\/div>\n\t\t\t\t\t<\/div>\n\t\t\t\t<\/div>\n\t\t<div class=\"elementor-element elementor-element-1072f74 e-flex e-con-boxed e-con e-parent\" data-id=\"1072f74\" data-element_type=\"container\">\n\t\t\t\t\t<div class=\"e-con-inner\">\n\t\t\t\t<div class=\"elementor-element elementor-element-f2619b1 elementor-widget elementor-widget-text-editor\" data-id=\"f2619b1\" data-element_type=\"widget\" data-widget_type=\"text-editor.default\">\n\t\t\t\t<div class=\"elementor-widget-container\">\n\t\t\t\t\t\t\t\t\t<p>A diferencia de los m\u00e9todos tradicionales de publicidad, las <strong>redes sociales<\/strong> ofrecen opciones de <strong>publicidad dirigida<\/strong> que permiten a las PYMES llegar exactamente a su <strong>p\u00fablico objetivo<\/strong>. Con herramientas de segmentaci\u00f3n basadas en la demograf\u00eda, intereses y comportamientos de los usuarios, las campa\u00f1as publicitarias en redes sociales pueden ser altamente efectivas y econ\u00f3micas.<\/p>\t\t\t\t\t\t\t\t<\/div>\n\t\t\t\t<\/div>\n\t\t\t\t\t<\/div>\n\t\t\t\t<\/div>\n\t\t<div class=\"elementor-element elementor-element-2785097 e-flex e-con-boxed e-con e-parent\" data-id=\"2785097\" data-element_type=\"container\">\n\t\t\t\t\t<div class=\"e-con-inner\">\n\t\t\t\t<div class=\"elementor-element elementor-element-71c72cb elementor-widget elementor-widget-text-editor\" data-id=\"71c72cb\" data-element_type=\"widget\" data-widget_type=\"text-editor.default\">\n\t\t\t\t<div class=\"elementor-widget-container\">\n\t\t\t\t\t\t\t\t\t<p><strong>\ud83d\udce2 Consejo:<\/strong> Utiliza las anal\u00edticas y estad\u00edsticas de las plataformas para ajustar y optimizar las campa\u00f1as publicitarias en tiempo real.<\/p>\t\t\t\t\t\t\t\t<\/div>\n\t\t\t\t<\/div>\n\t\t\t\t\t<\/div>\n\t\t\t\t<\/div>\n\t\t<div class=\"elementor-element elementor-element-9bacf98 e-flex e-con-boxed e-con e-parent\" data-id=\"9bacf98\" data-element_type=\"container\">\n\t\t\t\t\t<div class=\"e-con-inner\">\n\t\t\t\t<div class=\"elementor-element elementor-element-5d0a87d elementor-widget elementor-widget-spacer\" data-id=\"5d0a87d\" data-element_type=\"widget\" data-widget_type=\"spacer.default\">\n\t\t\t\t<div class=\"elementor-widget-container\">\n\t\t\t\t\t\t\t<div class=\"elementor-spacer\">\n\t\t\t<div class=\"elementor-spacer-inner\"><\/div>\n\t\t<\/div>\n\t\t\t\t\t\t<\/div>\n\t\t\t\t<\/div>\n\t\t\t\t\t<\/div>\n\t\t\t\t<\/div>\n\t\t<div class=\"elementor-element elementor-element-a80a31a e-flex e-con-boxed e-con e-parent\" data-id=\"a80a31a\" data-element_type=\"container\">\n\t\t\t\t\t<div class=\"e-con-inner\">\n\t\t\t\t<div class=\"elementor-element elementor-element-91b9292 elementor-widget elementor-widget-heading\" data-id=\"91b9292\" data-element_type=\"widget\" data-widget_type=\"heading.default\">\n\t\t\t\t<div class=\"elementor-widget-container\">\n\t\t\t\t\t<h4 class=\"elementor-heading-title elementor-size-default\"> Contenido generado por el usuario<\/h4>\t\t\t\t<\/div>\n\t\t\t\t<\/div>\n\t\t\t\t\t<\/div>\n\t\t\t\t<\/div>\n\t\t<div class=\"elementor-element elementor-element-c98845e e-flex e-con-boxed e-con e-parent\" data-id=\"c98845e\" data-element_type=\"container\">\n\t\t\t\t\t<div class=\"e-con-inner\">\n\t\t\t\t<div class=\"elementor-element elementor-element-20d12fd elementor-widget elementor-widget-text-editor\" data-id=\"20d12fd\" data-element_type=\"widget\" data-widget_type=\"text-editor.default\">\n\t\t\t\t<div class=\"elementor-widget-container\">\n\t\t\t\t\t\t\t\t\t<p>El <strong>contenido generado por el usuario<\/strong> (UGC, por sus siglas en ingl\u00e9s) es una poderosa herramienta para las PYMES. Alentando a los clientes a <strong>compartir sus experiencias y opiniones<\/strong> sobre los productos o servicios, las empresas pueden beneficiarse de la publicidad boca a boca y del contenido aut\u00e9ntico que genera confianza.<\/p>\t\t\t\t\t\t\t\t<\/div>\n\t\t\t\t<\/div>\n\t\t\t\t\t<\/div>\n\t\t\t\t<\/div>\n\t\t<div class=\"elementor-element elementor-element-6ea2ee9 e-flex e-con-boxed e-con e-parent\" data-id=\"6ea2ee9\" data-element_type=\"container\">\n\t\t\t\t\t<div class=\"e-con-inner\">\n\t\t\t\t<div class=\"elementor-element elementor-element-a68d366 elementor-widget elementor-widget-text-editor\" data-id=\"a68d366\" data-element_type=\"widget\" data-widget_type=\"text-editor.default\">\n\t\t\t\t<div class=\"elementor-widget-container\">\n\t\t\t\t\t\t\t\t\t<p><strong>\ud83d\udce2 Consejo:<\/strong> Organiza concursos o campa\u00f1as que motiven a los clientes a crear y compartir contenido relacionado con tu marca.<\/p>\t\t\t\t\t\t\t\t<\/div>\n\t\t\t\t<\/div>\n\t\t\t\t\t<\/div>\n\t\t\t\t<\/div>\n\t\t<div class=\"elementor-element elementor-element-3f9aa31 e-flex e-con-boxed e-con e-parent\" data-id=\"3f9aa31\" data-element_type=\"container\">\n\t\t\t\t\t<div class=\"e-con-inner\">\n\t\t\t\t<div class=\"elementor-element elementor-element-256e513 elementor-widget elementor-widget-spacer\" data-id=\"256e513\" data-element_type=\"widget\" data-widget_type=\"spacer.default\">\n\t\t\t\t<div class=\"elementor-widget-container\">\n\t\t\t\t\t\t\t<div class=\"elementor-spacer\">\n\t\t\t<div class=\"elementor-spacer-inner\"><\/div>\n\t\t<\/div>\n\t\t\t\t\t\t<\/div>\n\t\t\t\t<\/div>\n\t\t\t\t\t<\/div>\n\t\t\t\t<\/div>\n\t\t<div class=\"elementor-element elementor-element-8887e3a e-flex e-con-boxed e-con e-parent\" data-id=\"8887e3a\" data-element_type=\"container\">\n\t\t\t\t\t<div class=\"e-con-inner\">\n\t\t\t\t<div class=\"elementor-element elementor-element-4613c6a elementor-widget elementor-widget-heading\" data-id=\"4613c6a\" data-element_type=\"widget\" data-widget_type=\"heading.default\">\n\t\t\t\t<div class=\"elementor-widget-container\">\n\t\t\t\t\t<h4 class=\"elementor-heading-title elementor-size-default\">Tendencias y noticias en tiempo real<\/h4>\t\t\t\t<\/div>\n\t\t\t\t<\/div>\n\t\t\t\t\t<\/div>\n\t\t\t\t<\/div>\n\t\t<div class=\"elementor-element elementor-element-6497c37 e-flex e-con-boxed e-con e-parent\" data-id=\"6497c37\" data-element_type=\"container\">\n\t\t\t\t\t<div class=\"e-con-inner\">\n\t\t\t\t<div class=\"elementor-element elementor-element-8561c60 elementor-widget elementor-widget-text-editor\" data-id=\"8561c60\" data-element_type=\"widget\" data-widget_type=\"text-editor.default\">\n\t\t\t\t<div class=\"elementor-widget-container\">\n\t\t\t\t\t\t\t\t\t<p>Las <strong>redes sociales<\/strong> son una excelente manera de <strong>mantenerse al d\u00eda con las \u00faltimas tendencias<\/strong> y noticias relevantes para el sector. Al estar al tanto de lo que est\u00e1 ocurriendo en el mundo y en la industria, las PYMES pueden adaptar r\u00e1pidamente sus estrategias de marketing para aprovechar las nuevas oportunidades.<\/p>\t\t\t\t\t\t\t\t<\/div>\n\t\t\t\t<\/div>\n\t\t\t\t\t<\/div>\n\t\t\t\t<\/div>\n\t\t<div class=\"elementor-element elementor-element-76b2442 e-flex e-con-boxed e-con e-parent\" data-id=\"76b2442\" data-element_type=\"container\">\n\t\t\t\t\t<div class=\"e-con-inner\">\n\t\t\t\t<div class=\"elementor-element elementor-element-8645a6e elementor-widget elementor-widget-text-editor\" data-id=\"8645a6e\" data-element_type=\"widget\" data-widget_type=\"text-editor.default\">\n\t\t\t\t<div class=\"elementor-widget-container\">\n\t\t\t\t\t\t\t\t\t<p><strong>\ud83d\udce2\u00a0 Consejo:<\/strong> Sigue a l\u00edderes de opini\u00f3n y fuentes de noticias relevantes en tu sector para obtener informaci\u00f3n actualizada y valiosa.<\/p>\t\t\t\t\t\t\t\t<\/div>\n\t\t\t\t<\/div>\n\t\t\t\t\t<\/div>\n\t\t\t\t<\/div>\n\t\t<div class=\"elementor-element elementor-element-f52aed0 e-flex e-con-boxed e-con e-parent\" data-id=\"f52aed0\" data-element_type=\"container\">\n\t\t\t\t\t<div class=\"e-con-inner\">\n\t\t\t\t<div class=\"elementor-element elementor-element-99c940e elementor-widget elementor-widget-spacer\" data-id=\"99c940e\" data-element_type=\"widget\" data-widget_type=\"spacer.default\">\n\t\t\t\t<div class=\"elementor-widget-container\">\n\t\t\t\t\t\t\t<div class=\"elementor-spacer\">\n\t\t\t<div class=\"elementor-spacer-inner\"><\/div>\n\t\t<\/div>\n\t\t\t\t\t\t<\/div>\n\t\t\t\t<\/div>\n\t\t\t\t\t<\/div>\n\t\t\t\t<\/div>\n\t\t<div class=\"elementor-element elementor-element-f7b8e3e e-flex e-con-boxed e-con e-parent\" data-id=\"f7b8e3e\" data-element_type=\"container\">\n\t\t\t\t\t<div class=\"e-con-inner\">\n\t\t\t\t<div class=\"elementor-element elementor-element-1008b57 elementor-widget elementor-widget-heading\" data-id=\"1008b57\" data-element_type=\"widget\" data-widget_type=\"heading.default\">\n\t\t\t\t<div class=\"elementor-widget-container\">\n\t\t\t\t\t<h4 class=\"elementor-heading-title elementor-size-default\">Medici\u00f3n y an\u00e1lisis de resultados<\/h4>\t\t\t\t<\/div>\n\t\t\t\t<\/div>\n\t\t\t\t\t<\/div>\n\t\t\t\t<\/div>\n\t\t<div class=\"elementor-element elementor-element-c5bfd31 e-flex e-con-boxed e-con e-parent\" data-id=\"c5bfd31\" data-element_type=\"container\">\n\t\t\t\t\t<div class=\"e-con-inner\">\n\t\t\t\t<div class=\"elementor-element elementor-element-53b4c8e elementor-widget elementor-widget-text-editor\" data-id=\"53b4c8e\" data-element_type=\"widget\" data-widget_type=\"text-editor.default\">\n\t\t\t\t<div class=\"elementor-widget-container\">\n\t\t\t\t\t\t\t\t\t<p>Las plataformas de redes sociales proporcionan una variedad de <strong>herramientas anal\u00edticas<\/strong> que permiten a las PYMES <strong>medir el rendimiento de sus campa\u00f1as y publicaciones<\/strong>. Estas herramientas pueden ayudar a identificar qu\u00e9 estrategias est\u00e1n funcionando y cu\u00e1les necesitan ajustes.<\/p>\t\t\t\t\t\t\t\t<\/div>\n\t\t\t\t<\/div>\n\t\t\t\t\t<\/div>\n\t\t\t\t<\/div>\n\t\t<div class=\"elementor-element elementor-element-112b9f4 e-flex e-con-boxed e-con e-parent\" data-id=\"112b9f4\" data-element_type=\"container\">\n\t\t\t\t\t<div class=\"e-con-inner\">\n\t\t\t\t<div class=\"elementor-element elementor-element-c328c1e elementor-widget elementor-widget-text-editor\" data-id=\"c328c1e\" data-element_type=\"widget\" data-widget_type=\"text-editor.default\">\n\t\t\t\t<div class=\"elementor-widget-container\">\n\t\t\t\t\t\t\t\t\t<p><strong>\ud83d\udce2\u00a0 Consejo:<\/strong> Realiza un an\u00e1lisis regular de las m\u00e9tricas clave, como el alcance, la interacci\u00f3n y la conversi\u00f3n, para tomar decisiones basadas en datos.<\/p>\t\t\t\t\t\t\t\t<\/div>\n\t\t\t\t<\/div>\n\t\t\t\t\t<\/div>\n\t\t\t\t<\/div>\n\t\t<div class=\"elementor-element elementor-element-f1e9925 e-flex e-con-boxed e-con e-parent\" data-id=\"f1e9925\" data-element_type=\"container\">\n\t\t\t\t\t<div class=\"e-con-inner\">\n\t\t\t\t<div class=\"elementor-element elementor-element-99fba20 elementor-widget elementor-widget-spacer\" data-id=\"99fba20\" data-element_type=\"widget\" data-widget_type=\"spacer.default\">\n\t\t\t\t<div class=\"elementor-widget-container\">\n\t\t\t\t\t\t\t<div class=\"elementor-spacer\">\n\t\t\t<div class=\"elementor-spacer-inner\"><\/div>\n\t\t<\/div>\n\t\t\t\t\t\t<\/div>\n\t\t\t\t<\/div>\n\t\t\t\t\t<\/div>\n\t\t\t\t<\/div>\n\t\t<div class=\"elementor-element elementor-element-18ff1bf e-flex e-con-boxed e-con e-parent\" data-id=\"18ff1bf\" data-element_type=\"container\">\n\t\t\t\t\t<div class=\"e-con-inner\">\n\t\t\t\t<div class=\"elementor-element elementor-element-74a1fbf elementor-widget elementor-widget-text-editor\" data-id=\"74a1fbf\" data-element_type=\"widget\" data-widget_type=\"text-editor.default\">\n\t\t\t\t<div class=\"elementor-widget-container\">\n\t\t\t\t\t\t\t\t\t<p>El uso estrat\u00e9gico de las redes sociales puede ser un factor decisivo en el \u00e9xito de las PYMES. Al construir una marca s\u00f3lida, interactuar con los clientes, aprovechar la publicidad dirigida, fomentar el contenido generado por el usuario, seguir las tendencias en tiempo real y medir los resultados, las peque\u00f1as y medianas empresas pueden maximizar su impacto en el mercado digital y aumentar sus ventas de manera significativa.<\/p><p>Las PYMES que comprendan y utilicen el poder de las redes sociales estar\u00e1n mejor posicionadas para competir en el din\u00e1mico mundo empresarial de hoy.<\/p>\t\t\t\t\t\t\t\t<\/div>\n\t\t\t\t<\/div>\n\t\t\t\t\t<\/div>\n\t\t\t\t<\/div>\n\t\t<div class=\"elementor-element elementor-element-87b6634 e-flex e-con-boxed e-con e-parent\" data-id=\"87b6634\" data-element_type=\"container\">\n\t\t\t\t\t<div class=\"e-con-inner\">\n\t\t\t\t<div class=\"elementor-element elementor-element-d635243 elementor-widget elementor-widget-spacer\" data-id=\"d635243\" data-element_type=\"widget\" data-widget_type=\"spacer.default\">\n\t\t\t\t<div class=\"elementor-widget-container\">\n\t\t\t\t\t\t\t<div class=\"elementor-spacer\">\n\t\t\t<div class=\"elementor-spacer-inner\"><\/div>\n\t\t<\/div>\n\t\t\t\t\t\t<\/div>\n\t\t\t\t<\/div>\n\t\t\t\t\t<\/div>\n\t\t\t\t<\/div>\n\t\t<div class=\"elementor-element elementor-element-d550a89 e-flex e-con-boxed e-con e-parent\" data-id=\"d550a89\" data-element_type=\"container\">\n\t\t\t\t\t<div class=\"e-con-inner\">\n\t\t\t\t<div class=\"elementor-element elementor-element-ba53fd4 elementor-widget elementor-widget-heading\" data-id=\"ba53fd4\" data-element_type=\"widget\" data-widget_type=\"heading.default\">\n\t\t\t\t<div class=\"elementor-widget-container\">\n\t\t\t\t\t<h3 class=\"elementor-heading-title elementor-size-default\">No te pierdas...<\/h3>\t\t\t\t<\/div>\n\t\t\t\t<\/div>\n\t\t\t\t\t<\/div>\n\t\t\t\t<\/div>\n\t\t<div class=\"elementor-element elementor-element-444ac86 e-flex e-con-boxed e-con e-parent\" data-id=\"444ac86\" data-element_type=\"container\">\n\t\t\t\t\t<div class=\"e-con-inner\">\n\t\t\t\t<div class=\"elementor-element elementor-element-88157bd elementor-widget elementor-widget-katen-post-five\" data-id=\"88157bd\" data-element_type=\"widget\" data-widget_type=\"katen-post-five.default\">\n\t\t\t\t<div class=\"elementor-widget-container\">\n\t\t\t\t\t\t\t<div class=\"padding-30 rounded bordered\">\n\n\t\t\t<div class=\"row infinite-wrapper\">\n\n\t\t\t\n\t\t\t\t<div class=\"col-md-12 col-sm-6 post-list-item post-item\">\n\t\t\t\t\t<!-- post -->\n\t\t\t\t\t<div class=\"post post-list clearfix\">\n\n\t\t\t\t\t\t<div class=\"thumb rounded\"><div class=\"inner\"><a href=\"https:\/\/finanedi.es\/blog\/asesoria-laboral-pymes-y-autonomos\/\"><img fetchpriority=\"high\" decoding=\"async\" width=\"330\" height=\"250\" src=\"https:\/\/finanedi.es\/blog\/contenido\/uploads\/2024\/10\/Asesoria-laboral-330x250.jpg\" class=\"attachment-katen-thumb-list size-katen-thumb-list wp-post-image\" alt=\"Asesor\u00eda laboral para pymes y aut\u00f3nomos\" \/><\/a><\/div><\/div>  \n\n\t\t\t\t\t\t<div class=\"details clearfix\">\n\t\t\t\t\t\t\t<ul class=\"meta list-inline mb-3\">\n\t\t\t\t\t\t\t\t<li class=\"list-inline-item\"><a href=\"https:\/\/finanedi.es\/blog\/category\/autonomos\/\">Aut\u00f3nomos<\/a><\/li>\t\t\t\t\t\t\t<\/ul>\n\t\t\t\t\t\t\t<h5 class=\"post-title\"><a href=\"https:\/\/finanedi.es\/blog\/asesoria-laboral-pymes-y-autonomos\/\">La importancia de la asesor\u00eda laboral para pymes y aut\u00f3nomos<\/a><\/h5>\n\t\t\t\t\t\t\t<p class=\"excerpt mb-0\">\n\t\t\t\t\t\t\t\tLa asesor\u00eda laboral es un servicio esencial para cualquier negocio, especialmente para las pymes y&hellip;\t\t\t\t\t\t\t<\/p>\n\t\t\t\t\t\t\t<div class=\"post-bottom clearfix d-flex align-items-center\">\n\t\t\t\t\t\t\t\t\t\t\t\t\t\t\t\t\t\t\t\t\t\t\t<\/div>\n\t\t\t\t\t\t<\/div>\n\t\t\t\t\t<\/div>\n\t\t\t\t<\/div>\n\n\t\t\t\n\t\t\t\t<div class=\"col-md-12 col-sm-6 post-list-item post-item\">\n\t\t\t\t\t<!-- post -->\n\t\t\t\t\t<div class=\"post post-list clearfix\">\n\n\t\t\t\t\t\t<div class=\"thumb rounded\"><div class=\"inner\"><a href=\"https:\/\/finanedi.es\/blog\/kit-consulting-que-es\/\"><img decoding=\"async\" width=\"330\" height=\"250\" src=\"https:\/\/finanedi.es\/blog\/contenido\/uploads\/2024\/07\/kit-Consulting-que-es-330x250.jpg\" class=\"attachment-katen-thumb-list size-katen-thumb-list wp-post-image\" alt=\"kit Consulting que es\" \/><\/a><\/div><\/div>  \n\n\t\t\t\t\t\t<div class=\"details clearfix\">\n\t\t\t\t\t\t\t<ul class=\"meta list-inline mb-3\">\n\t\t\t\t\t\t\t\t<li class=\"list-inline-item\"><a href=\"https:\/\/finanedi.es\/blog\/category\/pymes\/\">PYMES<\/a><\/li>\t\t\t\t\t\t\t<\/ul>\n\t\t\t\t\t\t\t<h5 class=\"post-title\"><a href=\"https:\/\/finanedi.es\/blog\/kit-consulting-que-es\/\">\u00bfQu\u00e9 es Kit Consulting?<\/a><\/h5>\n\t\t\t\t\t\t\t<p class=\"excerpt mb-0\">\n\t\t\t\t\t\t\t\t\u00bfQu\u00e9 es Kit Consulting? Kit Consulting es una nueva iniciativa de apoyo enfocada en pymes&hellip;\t\t\t\t\t\t\t<\/p>\n\t\t\t\t\t\t\t<div class=\"post-bottom clearfix d-flex align-items-center\">\n\t\t\t\t\t\t\t\t\t\t\t\t\t\t\t\t\t\t\t\t\t\t\t<\/div>\n\t\t\t\t\t\t<\/div>\n\t\t\t\t\t<\/div>\n\t\t\t\t<\/div>\n\n\t\t\t\n\t\t\t\t<div class=\"col-md-12 col-sm-6 post-list-item post-item\">\n\t\t\t\t\t<!-- post -->\n\t\t\t\t\t<div class=\"post post-list clearfix\">\n\n\t\t\t\t\t\t<div class=\"thumb rounded\"><div class=\"inner\"><a href=\"https:\/\/finanedi.es\/blog\/que-es-infocif\/\"><img decoding=\"async\" width=\"330\" height=\"250\" src=\"https:\/\/finanedi.es\/blog\/contenido\/uploads\/2024\/09\/Home-Infocif-330x250.jpg\" class=\"attachment-katen-thumb-list size-katen-thumb-list wp-post-image\" alt=\"Home Infocif\" \/><\/a><\/div><\/div>  \n\n\t\t\t\t\t\t<div class=\"details clearfix\">\n\t\t\t\t\t\t\t<ul class=\"meta list-inline mb-3\">\n\t\t\t\t\t\t\t\t<li class=\"list-inline-item\"><a href=\"https:\/\/finanedi.es\/blog\/category\/pymes\/\">PYMES<\/a><\/li>\t\t\t\t\t\t\t<\/ul>\n\t\t\t\t\t\t\t<h5 class=\"post-title\"><a href=\"https:\/\/finanedi.es\/blog\/que-es-infocif\/\">Infocif: c\u00f3mo datos confiables impulsan  tu negocio<\/a><\/h5>\n\t\t\t\t\t\t\t<p class=\"excerpt mb-0\">\n\t\t\t\t\t\t\t\t\ud83d\uded1 \u00bfInfocif ya no funciona?: Infocif ha dejado de operar. Sin embargo, existen diversas alternativas&hellip;\t\t\t\t\t\t\t<\/p>\n\t\t\t\t\t\t\t<div class=\"post-bottom clearfix d-flex align-items-center\">\n\t\t\t\t\t\t\t\t\t\t\t\t\t\t\t\t\t\t\t\t\t\t\t<\/div>\n\t\t\t\t\t\t<\/div>\n\t\t\t\t\t<\/div>\n\t\t\t\t<\/div>\n\n\t\t\t\n\t\t\t\t<div class=\"col-md-12 col-sm-6 post-list-item post-item\">\n\t\t\t\t\t<!-- post -->\n\t\t\t\t\t<div class=\"post post-list clearfix\">\n\n\t\t\t\t\t\t<div class=\"thumb rounded\"><div class=\"inner\"><a href=\"https:\/\/finanedi.es\/blog\/que-es-el-reta-todo-lo-que-debes-saber-si-quieres-ser-autonomo\/\"><img loading=\"lazy\" decoding=\"async\" width=\"330\" height=\"250\" src=\"https:\/\/finanedi.es\/blog\/contenido\/uploads\/2024\/08\/Que-es-el-RETA-330x250.jpg\" class=\"attachment-katen-thumb-list size-katen-thumb-list wp-post-image\" alt=\"Aut\u00f3nomo buscando informaci\u00f3n sobre el RETA\" \/><\/a><\/div><\/div>  \n\n\t\t\t\t\t\t<div class=\"details clearfix\">\n\t\t\t\t\t\t\t<ul class=\"meta list-inline mb-3\">\n\t\t\t\t\t\t\t\t<li class=\"list-inline-item\"><a href=\"https:\/\/finanedi.es\/blog\/category\/autonomos\/\">Aut\u00f3nomos<\/a><\/li>\t\t\t\t\t\t\t<\/ul>\n\t\t\t\t\t\t\t<h5 class=\"post-title\"><a href=\"https:\/\/finanedi.es\/blog\/que-es-el-reta-todo-lo-que-debes-saber-si-quieres-ser-autonomo\/\">Qu\u00e9 es el RETA: Todo lo que debes saber si quieres ser aut\u00f3nomo<\/a><\/h5>\n\t\t\t\t\t\t\t<p class=\"excerpt mb-0\">\n\t\t\t\t\t\t\t\tConvertirse en aut\u00f3nomo en Espa\u00f1a es una decisi\u00f3n que implica asumir diversas responsabilidades y beneficios.&hellip;\t\t\t\t\t\t\t<\/p>\n\t\t\t\t\t\t\t<div class=\"post-bottom clearfix d-flex align-items-center\">\n\t\t\t\t\t\t\t\t\t\t\t\t\t\t\t\t\t\t\t\t\t\t\t<\/div>\n\t\t\t\t\t\t<\/div>\n\t\t\t\t\t<\/div>\n\t\t\t\t<\/div>\n\n\t\t\t\n\t\t\t<\/div>\n\n\t\t<\/div>\n\t\t\n        \t\t\t\t<\/div>\n\t\t\t\t<\/div>\n\t\t\t\t\t<\/div>\n\t\t\t\t<\/div>\n\t\t\t\t<\/div>\n\t\t","protected":false},"excerpt":{"rendered":"<p>El uso estrat\u00e9gico de las redes sociales puede ser un factor decisivo en el \u00e9xito de las PYMES. Al construir una marca s\u00f3lida, interactuar con los clientes, aprovechar la publicidad dirigida, fomentar el contenido generado por el usuario, seguir las tendencias en tiempo real y medir los resultados, las peque\u00f1as y medianas empresas pueden maximizar su impacto en el mercado digital y aumentar sus ventas de manera significativa.<\/p>\n","protected":false},"author":3,"featured_media":2287,"comment_status":"closed","ping_status":"open","sticky":false,"template":"","format":"standard","meta":{"_monsterinsights_skip_tracking":false,"_monsterinsights_sitenote_active":false,"_monsterinsights_sitenote_note":"","_monsterinsights_sitenote_category":0,"footnotes":""},"categories":[8,43],"tags":[],"class_list":["post-2279","post","type-post","status-publish","format-standard","has-post-thumbnail","hentry","category-autonomos","category-pymes"],"yoast_head":"<!-- This site is optimized with the Yoast SEO plugin v26.2 - https:\/\/yoast.com\/wordpress\/plugins\/seo\/ -->\n<title>Redes sociales para las PYMES: Un terreno a\u00fan por explorar<\/title>\n<meta name=\"description\" content=\"El uso estrat\u00e9gico de las redes sociales puede ser un factor decisivo en el \u00e9xito de las PYMES. Al construir una marca s\u00f3lida.\" \/>\n<meta name=\"robots\" content=\"index, follow, max-snippet:-1, max-image-preview:large, max-video-preview:-1\" \/>\n<link rel=\"canonical\" href=\"https:\/\/finanedi.es\/blog\/redes-sociales-para-las-pymes-un-terreno-aun-por-explorar\/\" \/>\n<meta property=\"og:locale\" content=\"es_ES\" \/>\n<meta property=\"og:type\" content=\"article\" \/>\n<meta property=\"og:title\" content=\"Redes sociales para las PYMES: Un terreno a\u00fan por explorar\" \/>\n<meta property=\"og:description\" content=\"El uso estrat\u00e9gico de las redes sociales puede ser un factor decisivo en el \u00e9xito de las PYMES. Al construir una marca s\u00f3lida.\" \/>\n<meta property=\"og:url\" content=\"https:\/\/finanedi.es\/blog\/redes-sociales-para-las-pymes-un-terreno-aun-por-explorar\/\" \/>\n<meta property=\"og:site_name\" content=\"Blog para pymes y aut\u00f3nomos - FinanEDI\" \/>\n<meta property=\"article:published_time\" content=\"2024-07-18T12:46:09+00:00\" \/>\n<meta property=\"article:modified_time\" content=\"2024-08-23T12:20:02+00:00\" \/>\n<meta property=\"og:image\" content=\"https:\/\/finanedi.es\/blog\/contenido\/uploads\/2024\/07\/redes-sociales-pymes.jpg\" \/>\n\t<meta property=\"og:image:width\" content=\"2000\" \/>\n\t<meta property=\"og:image:height\" content=\"1426\" \/>\n\t<meta property=\"og:image:type\" content=\"image\/jpeg\" \/>\n<meta name=\"author\" content=\"restevez\" \/>\n<meta name=\"twitter:card\" content=\"summary_large_image\" \/>\n<meta name=\"twitter:label1\" content=\"Escrito por\" \/>\n\t<meta name=\"twitter:data1\" content=\"restevez\" \/>\n\t<meta name=\"twitter:label2\" content=\"Tiempo de lectura\" \/>\n\t<meta name=\"twitter:data2\" content=\"6 minutos\" \/>\n<script type=\"application\/ld+json\" class=\"yoast-schema-graph\">{\"@context\":\"https:\/\/schema.org\",\"@graph\":[{\"@type\":\"Article\",\"@id\":\"https:\/\/finanedi.es\/blog\/redes-sociales-para-las-pymes-un-terreno-aun-por-explorar\/#article\",\"isPartOf\":{\"@id\":\"https:\/\/finanedi.es\/blog\/redes-sociales-para-las-pymes-un-terreno-aun-por-explorar\/\"},\"author\":{\"name\":\"restevez\",\"@id\":\"https:\/\/finanedi.es\/blog\/#\/schema\/person\/233ed58195d34f36f74f13ba1030ebd8\"},\"headline\":\"Redes sociales para las PYMES: Un terreno a\u00fan por explorar\",\"datePublished\":\"2024-07-18T12:46:09+00:00\",\"dateModified\":\"2024-08-23T12:20:02+00:00\",\"mainEntityOfPage\":{\"@id\":\"https:\/\/finanedi.es\/blog\/redes-sociales-para-las-pymes-un-terreno-aun-por-explorar\/\"},\"wordCount\":835,\"publisher\":{\"@id\":\"https:\/\/finanedi.es\/blog\/#organization\"},\"image\":{\"@id\":\"https:\/\/finanedi.es\/blog\/redes-sociales-para-las-pymes-un-terreno-aun-por-explorar\/#primaryimage\"},\"thumbnailUrl\":\"https:\/\/finanedi.es\/blog\/contenido\/uploads\/2024\/07\/redes-sociales-pymes.jpg\",\"articleSection\":[\"Aut\u00f3nomos\",\"PYMES\"],\"inLanguage\":\"es\"},{\"@type\":\"WebPage\",\"@id\":\"https:\/\/finanedi.es\/blog\/redes-sociales-para-las-pymes-un-terreno-aun-por-explorar\/\",\"url\":\"https:\/\/finanedi.es\/blog\/redes-sociales-para-las-pymes-un-terreno-aun-por-explorar\/\",\"name\":\"Redes sociales para las PYMES: Un terreno a\u00fan por explorar\",\"isPartOf\":{\"@id\":\"https:\/\/finanedi.es\/blog\/#website\"},\"primaryImageOfPage\":{\"@id\":\"https:\/\/finanedi.es\/blog\/redes-sociales-para-las-pymes-un-terreno-aun-por-explorar\/#primaryimage\"},\"image\":{\"@id\":\"https:\/\/finanedi.es\/blog\/redes-sociales-para-las-pymes-un-terreno-aun-por-explorar\/#primaryimage\"},\"thumbnailUrl\":\"https:\/\/finanedi.es\/blog\/contenido\/uploads\/2024\/07\/redes-sociales-pymes.jpg\",\"datePublished\":\"2024-07-18T12:46:09+00:00\",\"dateModified\":\"2024-08-23T12:20:02+00:00\",\"description\":\"El uso estrat\u00e9gico de las redes sociales puede ser un factor decisivo en el \u00e9xito de las PYMES. Al construir una marca s\u00f3lida.\",\"breadcrumb\":{\"@id\":\"https:\/\/finanedi.es\/blog\/redes-sociales-para-las-pymes-un-terreno-aun-por-explorar\/#breadcrumb\"},\"inLanguage\":\"es\",\"potentialAction\":[{\"@type\":\"ReadAction\",\"target\":[\"https:\/\/finanedi.es\/blog\/redes-sociales-para-las-pymes-un-terreno-aun-por-explorar\/\"]}]},{\"@type\":\"ImageObject\",\"inLanguage\":\"es\",\"@id\":\"https:\/\/finanedi.es\/blog\/redes-sociales-para-las-pymes-un-terreno-aun-por-explorar\/#primaryimage\",\"url\":\"https:\/\/finanedi.es\/blog\/contenido\/uploads\/2024\/07\/redes-sociales-pymes.jpg\",\"contentUrl\":\"https:\/\/finanedi.es\/blog\/contenido\/uploads\/2024\/07\/redes-sociales-pymes.jpg\",\"width\":2000,\"height\":1426,\"caption\":\"Redes sociales para pymes\"},{\"@type\":\"BreadcrumbList\",\"@id\":\"https:\/\/finanedi.es\/blog\/redes-sociales-para-las-pymes-un-terreno-aun-por-explorar\/#breadcrumb\",\"itemListElement\":[{\"@type\":\"ListItem\",\"position\":1,\"name\":\"Home\",\"item\":\"https:\/\/finanedi.es\/blog\/\"},{\"@type\":\"ListItem\",\"position\":2,\"name\":\"Redes sociales para las PYMES: Un terreno a\u00fan por explorar\"}]},{\"@type\":\"WebSite\",\"@id\":\"https:\/\/finanedi.es\/blog\/#website\",\"url\":\"https:\/\/finanedi.es\/blog\/\",\"name\":\"Blog para pymes y aut\u00f3nomos - FinanEDI\",\"description\":\"Blog para aut\u00f3nomos y PYMES, sobre temas como facturaci\u00f3n, contabilidad, tecnolog\u00eda.\",\"publisher\":{\"@id\":\"https:\/\/finanedi.es\/blog\/#organization\"},\"potentialAction\":[{\"@type\":\"SearchAction\",\"target\":{\"@type\":\"EntryPoint\",\"urlTemplate\":\"https:\/\/finanedi.es\/blog\/?s={search_term_string}\"},\"query-input\":{\"@type\":\"PropertyValueSpecification\",\"valueRequired\":true,\"valueName\":\"search_term_string\"}}],\"inLanguage\":\"es\"},{\"@type\":\"Organization\",\"@id\":\"https:\/\/finanedi.es\/blog\/#organization\",\"name\":\"Blog para pymes y aut\u00f3nomos - FinanEDI\",\"url\":\"https:\/\/finanedi.es\/blog\/\",\"logo\":{\"@type\":\"ImageObject\",\"inLanguage\":\"es\",\"@id\":\"https:\/\/finanedi.es\/blog\/#\/schema\/logo\/image\/\",\"url\":\"https:\/\/finanedi.es\/blog\/contenido\/uploads\/2024\/02\/FinanEdiAzul1.svg\",\"contentUrl\":\"https:\/\/finanedi.es\/blog\/contenido\/uploads\/2024\/02\/FinanEdiAzul1.svg\",\"width\":142,\"height\":36,\"caption\":\"Blog para pymes y aut\u00f3nomos - FinanEDI\"},\"image\":{\"@id\":\"https:\/\/finanedi.es\/blog\/#\/schema\/logo\/image\/\"}},{\"@type\":\"Person\",\"@id\":\"https:\/\/finanedi.es\/blog\/#\/schema\/person\/233ed58195d34f36f74f13ba1030ebd8\",\"name\":\"restevez\",\"image\":{\"@type\":\"ImageObject\",\"inLanguage\":\"es\",\"@id\":\"https:\/\/finanedi.es\/blog\/#\/schema\/person\/image\/\",\"url\":\"https:\/\/secure.gravatar.com\/avatar\/6c4880db9746e4aa887a98e0ebf657788804dc4280120ef10331a2e6ebb4a9a0?s=96&d=mm&r=g\",\"contentUrl\":\"https:\/\/secure.gravatar.com\/avatar\/6c4880db9746e4aa887a98e0ebf657788804dc4280120ef10331a2e6ebb4a9a0?s=96&d=mm&r=g\",\"caption\":\"restevez\"},\"url\":\"https:\/\/finanedi.es\/blog\/author\/restevez\/\"}]}<\/script>\n<!-- \/ Yoast SEO plugin. -->","yoast_head_json":{"title":"Redes sociales para las PYMES: Un terreno a\u00fan por explorar","description":"El uso estrat\u00e9gico de las redes sociales puede ser un factor decisivo en el \u00e9xito de las PYMES. Al construir una marca s\u00f3lida.","robots":{"index":"index","follow":"follow","max-snippet":"max-snippet:-1","max-image-preview":"max-image-preview:large","max-video-preview":"max-video-preview:-1"},"canonical":"https:\/\/finanedi.es\/blog\/redes-sociales-para-las-pymes-un-terreno-aun-por-explorar\/","og_locale":"es_ES","og_type":"article","og_title":"Redes sociales para las PYMES: Un terreno a\u00fan por explorar","og_description":"El uso estrat\u00e9gico de las redes sociales puede ser un factor decisivo en el \u00e9xito de las PYMES. Al construir una marca s\u00f3lida.","og_url":"https:\/\/finanedi.es\/blog\/redes-sociales-para-las-pymes-un-terreno-aun-por-explorar\/","og_site_name":"Blog para pymes y aut\u00f3nomos - FinanEDI","article_published_time":"2024-07-18T12:46:09+00:00","article_modified_time":"2024-08-23T12:20:02+00:00","og_image":[{"width":2000,"height":1426,"url":"https:\/\/finanedi.es\/blog\/contenido\/uploads\/2024\/07\/redes-sociales-pymes.jpg","type":"image\/jpeg"}],"author":"restevez","twitter_card":"summary_large_image","twitter_misc":{"Escrito por":"restevez","Tiempo de lectura":"6 minutos"},"schema":{"@context":"https:\/\/schema.org","@graph":[{"@type":"Article","@id":"https:\/\/finanedi.es\/blog\/redes-sociales-para-las-pymes-un-terreno-aun-por-explorar\/#article","isPartOf":{"@id":"https:\/\/finanedi.es\/blog\/redes-sociales-para-las-pymes-un-terreno-aun-por-explorar\/"},"author":{"name":"restevez","@id":"https:\/\/finanedi.es\/blog\/#\/schema\/person\/233ed58195d34f36f74f13ba1030ebd8"},"headline":"Redes sociales para las PYMES: Un terreno a\u00fan por explorar","datePublished":"2024-07-18T12:46:09+00:00","dateModified":"2024-08-23T12:20:02+00:00","mainEntityOfPage":{"@id":"https:\/\/finanedi.es\/blog\/redes-sociales-para-las-pymes-un-terreno-aun-por-explorar\/"},"wordCount":835,"publisher":{"@id":"https:\/\/finanedi.es\/blog\/#organization"},"image":{"@id":"https:\/\/finanedi.es\/blog\/redes-sociales-para-las-pymes-un-terreno-aun-por-explorar\/#primaryimage"},"thumbnailUrl":"https:\/\/finanedi.es\/blog\/contenido\/uploads\/2024\/07\/redes-sociales-pymes.jpg","articleSection":["Aut\u00f3nomos","PYMES"],"inLanguage":"es"},{"@type":"WebPage","@id":"https:\/\/finanedi.es\/blog\/redes-sociales-para-las-pymes-un-terreno-aun-por-explorar\/","url":"https:\/\/finanedi.es\/blog\/redes-sociales-para-las-pymes-un-terreno-aun-por-explorar\/","name":"Redes sociales para las PYMES: Un terreno a\u00fan por explorar","isPartOf":{"@id":"https:\/\/finanedi.es\/blog\/#website"},"primaryImageOfPage":{"@id":"https:\/\/finanedi.es\/blog\/redes-sociales-para-las-pymes-un-terreno-aun-por-explorar\/#primaryimage"},"image":{"@id":"https:\/\/finanedi.es\/blog\/redes-sociales-para-las-pymes-un-terreno-aun-por-explorar\/#primaryimage"},"thumbnailUrl":"https:\/\/finanedi.es\/blog\/contenido\/uploads\/2024\/07\/redes-sociales-pymes.jpg","datePublished":"2024-07-18T12:46:09+00:00","dateModified":"2024-08-23T12:20:02+00:00","description":"El uso estrat\u00e9gico de las redes sociales puede ser un factor decisivo en el \u00e9xito de las PYMES. Al construir una marca s\u00f3lida.","breadcrumb":{"@id":"https:\/\/finanedi.es\/blog\/redes-sociales-para-las-pymes-un-terreno-aun-por-explorar\/#breadcrumb"},"inLanguage":"es","potentialAction":[{"@type":"ReadAction","target":["https:\/\/finanedi.es\/blog\/redes-sociales-para-las-pymes-un-terreno-aun-por-explorar\/"]}]},{"@type":"ImageObject","inLanguage":"es","@id":"https:\/\/finanedi.es\/blog\/redes-sociales-para-las-pymes-un-terreno-aun-por-explorar\/#primaryimage","url":"https:\/\/finanedi.es\/blog\/contenido\/uploads\/2024\/07\/redes-sociales-pymes.jpg","contentUrl":"https:\/\/finanedi.es\/blog\/contenido\/uploads\/2024\/07\/redes-sociales-pymes.jpg","width":2000,"height":1426,"caption":"Redes sociales para pymes"},{"@type":"BreadcrumbList","@id":"https:\/\/finanedi.es\/blog\/redes-sociales-para-las-pymes-un-terreno-aun-por-explorar\/#breadcrumb","itemListElement":[{"@type":"ListItem","position":1,"name":"Home","item":"https:\/\/finanedi.es\/blog\/"},{"@type":"ListItem","position":2,"name":"Redes sociales para las PYMES: Un terreno a\u00fan por explorar"}]},{"@type":"WebSite","@id":"https:\/\/finanedi.es\/blog\/#website","url":"https:\/\/finanedi.es\/blog\/","name":"Blog para pymes y aut\u00f3nomos - FinanEDI","description":"Blog para aut\u00f3nomos y PYMES, sobre temas como facturaci\u00f3n, contabilidad, tecnolog\u00eda.","publisher":{"@id":"https:\/\/finanedi.es\/blog\/#organization"},"potentialAction":[{"@type":"SearchAction","target":{"@type":"EntryPoint","urlTemplate":"https:\/\/finanedi.es\/blog\/?s={search_term_string}"},"query-input":{"@type":"PropertyValueSpecification","valueRequired":true,"valueName":"search_term_string"}}],"inLanguage":"es"},{"@type":"Organization","@id":"https:\/\/finanedi.es\/blog\/#organization","name":"Blog para pymes y aut\u00f3nomos - FinanEDI","url":"https:\/\/finanedi.es\/blog\/","logo":{"@type":"ImageObject","inLanguage":"es","@id":"https:\/\/finanedi.es\/blog\/#\/schema\/logo\/image\/","url":"https:\/\/finanedi.es\/blog\/contenido\/uploads\/2024\/02\/FinanEdiAzul1.svg","contentUrl":"https:\/\/finanedi.es\/blog\/contenido\/uploads\/2024\/02\/FinanEdiAzul1.svg","width":142,"height":36,"caption":"Blog para pymes y aut\u00f3nomos - FinanEDI"},"image":{"@id":"https:\/\/finanedi.es\/blog\/#\/schema\/logo\/image\/"}},{"@type":"Person","@id":"https:\/\/finanedi.es\/blog\/#\/schema\/person\/233ed58195d34f36f74f13ba1030ebd8","name":"restevez","image":{"@type":"ImageObject","inLanguage":"es","@id":"https:\/\/finanedi.es\/blog\/#\/schema\/person\/image\/","url":"https:\/\/secure.gravatar.com\/avatar\/6c4880db9746e4aa887a98e0ebf657788804dc4280120ef10331a2e6ebb4a9a0?s=96&d=mm&r=g","contentUrl":"https:\/\/secure.gravatar.com\/avatar\/6c4880db9746e4aa887a98e0ebf657788804dc4280120ef10331a2e6ebb4a9a0?s=96&d=mm&r=g","caption":"restevez"},"url":"https:\/\/finanedi.es\/blog\/author\/restevez\/"}]}},"_links":{"self":[{"href":"https:\/\/finanedi.es\/blog\/wp-json\/wp\/v2\/posts\/2279","targetHints":{"allow":["GET"]}}],"collection":[{"href":"https:\/\/finanedi.es\/blog\/wp-json\/wp\/v2\/posts"}],"about":[{"href":"https:\/\/finanedi.es\/blog\/wp-json\/wp\/v2\/types\/post"}],"author":[{"embeddable":true,"href":"https:\/\/finanedi.es\/blog\/wp-json\/wp\/v2\/users\/3"}],"replies":[{"embeddable":true,"href":"https:\/\/finanedi.es\/blog\/wp-json\/wp\/v2\/comments?post=2279"}],"version-history":[{"count":17,"href":"https:\/\/finanedi.es\/blog\/wp-json\/wp\/v2\/posts\/2279\/revisions"}],"predecessor-version":[{"id":4494,"href":"https:\/\/finanedi.es\/blog\/wp-json\/wp\/v2\/posts\/2279\/revisions\/4494"}],"wp:featuredmedia":[{"embeddable":true,"href":"https:\/\/finanedi.es\/blog\/wp-json\/wp\/v2\/media\/2287"}],"wp:attachment":[{"href":"https:\/\/finanedi.es\/blog\/wp-json\/wp\/v2\/media?parent=2279"}],"wp:term":[{"taxonomy":"category","embeddable":true,"href":"https:\/\/finanedi.es\/blog\/wp-json\/wp\/v2\/categories?post=2279"},{"taxonomy":"post_tag","embeddable":true,"href":"https:\/\/finanedi.es\/blog\/wp-json\/wp\/v2\/tags?post=2279"}],"curies":[{"name":"wp","href":"https:\/\/api.w.org\/{rel}","templated":true}]}}