{"id":2952,"date":"2024-07-31T08:41:50","date_gmt":"2024-07-31T06:41:50","guid":{"rendered":"https:\/\/finanedi.es\/blog\/?p=2952"},"modified":"2024-08-29T09:14:45","modified_gmt":"2024-08-29T07:14:45","slug":"precios-psicologicos-la-ciencia-detras-de-los-precios-atractivos","status":"publish","type":"post","link":"https:\/\/finanedi.es\/blog\/precios-psicologicos-la-ciencia-detras-de-los-precios-atractivos\/","title":{"rendered":"Precios psicol\u00f3gicos: La ciencia detr\u00e1s de los precios atractivos"},"content":{"rendered":"\t\t<div data-elementor-type=\"wp-post\" data-elementor-id=\"2952\" class=\"elementor elementor-2952\">\n\t\t\t\t<div class=\"elementor-element elementor-element-b27774b e-flex e-con-boxed e-con e-parent\" data-id=\"b27774b\" data-element_type=\"container\">\n\t\t\t\t\t<div class=\"e-con-inner\">\n\t\t\t\t<div class=\"elementor-element elementor-element-9be698c elementor-widget elementor-widget-text-editor\" data-id=\"9be698c\" data-element_type=\"widget\" data-widget_type=\"text-editor.default\">\n\t\t\t\t<div class=\"elementor-widget-container\">\n\t\t\t\t\t\t\t\t\t<p>La<strong> fijaci\u00f3n de precios psicol\u00f3gicos<\/strong> es una <strong>estrategia de marketing<\/strong> que aprovecha los principios de la psicolog\u00eda para influir en las decisiones de compra de los consumidores. Esta t\u00e9cnica se basa en la <strong>forma en que las personas perciben los precios<\/strong> y c\u00f3mo ciertos n\u00fameros y formatos pueden hacer que los <strong>precios parezcan m\u00e1s atractivos<\/strong>.<\/p>\t\t\t\t\t\t\t\t<\/div>\n\t\t\t\t<\/div>\n\t\t\t\t\t<\/div>\n\t\t\t\t<\/div>\n\t\t<div class=\"elementor-element elementor-element-5924efa e-flex e-con-boxed e-con e-parent\" data-id=\"5924efa\" data-element_type=\"container\">\n\t\t\t\t\t<div class=\"e-con-inner\">\n\t\t\t\t<div class=\"elementor-element elementor-element-5426825 elementor-widget elementor-widget-heading\" data-id=\"5426825\" data-element_type=\"widget\" data-widget_type=\"heading.default\">\n\t\t\t\t<div class=\"elementor-widget-container\">\n\t\t\t\t\t<h2 class=\"elementor-heading-title elementor-size-default\">\u00bfQu\u00e9 es la fijaci\u00f3n de precios psicol\u00f3gicos?<\/h2>\t\t\t\t<\/div>\n\t\t\t\t<\/div>\n\t\t\t\t\t<\/div>\n\t\t\t\t<\/div>\n\t\t<div class=\"elementor-element elementor-element-8603895 e-flex e-con-boxed e-con e-parent\" data-id=\"8603895\" data-element_type=\"container\">\n\t\t\t\t\t<div class=\"e-con-inner\">\n\t\t\t\t<div class=\"elementor-element elementor-element-0130422 elementor-widget elementor-widget-text-editor\" data-id=\"0130422\" data-element_type=\"widget\" data-widget_type=\"text-editor.default\">\n\t\t\t\t<div class=\"elementor-widget-container\">\n\t\t\t\t\t\t\t\t\t<p>La fijaci\u00f3n de <strong>precios psicol\u00f3gicos<\/strong> implica establecer precios que tienen un impacto emocional o psicol\u00f3gico en los consumidores, haciendo que los productos o servicios parezcan m\u00e1s baratos o m\u00e1s valiosos de lo que realmente son. <strong>Los precios se configuran para influir en la percepci\u00f3n del comprador y fomentar la acci\u00f3n de compra<\/strong>. Algunas de las t\u00e9cnicas m\u00e1s comunes incluyen el uso de precios terminados en 9, la fijaci\u00f3n de precios de prestigio y el uso de n\u00fameros espec\u00edficos que resuenen mejor con los consumidores.<\/p>\t\t\t\t\t\t\t\t<\/div>\n\t\t\t\t<\/div>\n\t\t\t\t\t<\/div>\n\t\t\t\t<\/div>\n\t\t<div class=\"elementor-element elementor-element-4df3a5e e-flex e-con-boxed e-con e-parent\" data-id=\"4df3a5e\" data-element_type=\"container\">\n\t\t\t\t\t<div class=\"e-con-inner\">\n\t\t\t\t<div class=\"elementor-element elementor-element-4180b4e0 elementor-widget elementor-widget-text-editor\" data-id=\"4180b4e0\" data-element_type=\"widget\" data-widget_type=\"text-editor.default\">\n\t\t\t\t<div class=\"elementor-widget-container\">\n\t\t\t\t\t\t\t\t\t<p><strong>\ud83d\udcc4 Art\u00edculo relacionado<\/strong>:\u00a0<a href=\"https:\/\/finanedi.es\/blog\/metodos-efectivos-para-la-fijacion-de-precios-en-tu-empresa\/\">5 m\u00e9todos efectivos para la fijaci\u00f3n de precios en tu empresa<\/a><\/p>\t\t\t\t\t\t\t\t<\/div>\n\t\t\t\t<\/div>\n\t\t\t\t\t<\/div>\n\t\t\t\t<\/div>\n\t\t<div class=\"elementor-element elementor-element-72e8d80 e-flex e-con-boxed e-con e-parent\" data-id=\"72e8d80\" data-element_type=\"container\">\n\t\t\t\t\t<div class=\"e-con-inner\">\n\t\t\t\t<div class=\"elementor-element elementor-element-06eb8e0 elementor-widget elementor-widget-spacer\" data-id=\"06eb8e0\" data-element_type=\"widget\" data-widget_type=\"spacer.default\">\n\t\t\t\t<div class=\"elementor-widget-container\">\n\t\t\t\t\t\t\t<div class=\"elementor-spacer\">\n\t\t\t<div class=\"elementor-spacer-inner\"><\/div>\n\t\t<\/div>\n\t\t\t\t\t\t<\/div>\n\t\t\t\t<\/div>\n\t\t\t\t\t<\/div>\n\t\t\t\t<\/div>\n\t\t<div class=\"elementor-element elementor-element-b107c44 e-flex e-con-boxed e-con e-parent\" data-id=\"b107c44\" data-element_type=\"container\">\n\t\t\t\t\t<div class=\"e-con-inner\">\n\t\t\t\t<div class=\"elementor-element elementor-element-1e235a2 elementor-widget elementor-widget-heading\" data-id=\"1e235a2\" data-element_type=\"widget\" data-widget_type=\"heading.default\">\n\t\t\t\t<div class=\"elementor-widget-container\">\n\t\t\t\t\t<h3 class=\"elementor-heading-title elementor-size-default\">T\u00e9cnicas comunes de fijaci\u00f3n de precios psicol\u00f3gicos<\/h3>\t\t\t\t<\/div>\n\t\t\t\t<\/div>\n\t\t\t\t\t<\/div>\n\t\t\t\t<\/div>\n\t\t<div class=\"elementor-element elementor-element-0762474 e-flex e-con-boxed e-con e-parent\" data-id=\"0762474\" data-element_type=\"container\">\n\t\t\t\t\t<div class=\"e-con-inner\">\n\t\t\t\t<div class=\"elementor-element elementor-element-c426d54 elementor-widget elementor-widget-text-editor\" data-id=\"c426d54\" data-element_type=\"widget\" data-widget_type=\"text-editor.default\">\n\t\t\t\t<div class=\"elementor-widget-container\">\n\t\t\t\t\t\t\t\t\t<ul><li><p><strong>Precios terminados en 9<\/strong>: Una de las t\u00e9cnicas m\u00e1s conocidas es fijar precios que terminan en 9, como 9,99 en lugar de 10,00. Esta peque\u00f1a diferencia puede hacer que el precio parezca significativamente menor debido al fen\u00f3meno conocido como \u00abefecto del d\u00edgito izquierdo\u00bb.<\/p><\/li><li><p><strong>Precios de prestigio<\/strong>: Contrario a la t\u00e9cnica de precios terminados en 9, los precios de prestigio utilizan n\u00fameros redondos y elevados, como 100,00 o 200,00, para transmitir calidad y exclusividad. Este enfoque se utiliza a menudo en productos de lujo.<\/p><\/li><li><p><strong>Precios Bait-and-Switch<\/strong>: Se establecen precios bajos para atraer a los consumidores, pero una vez que se interesan, se les ofrecen productos de mayor precio o calidad superior. Aunque controvertida, esta t\u00e9cnica puede ser efectiva si se maneja con transparencia.<\/p><\/li><li><p><strong>Precios de paquete<\/strong>: Agrupar varios productos y venderlos a un precio conjunto que parece una oferta mejor que comprar cada art\u00edculo por separado. Esto da una sensaci\u00f3n de mayor valor por el dinero gastado.<\/p><\/li><li><p><strong>Precios anclados<\/strong>: Presentar un precio inicial alto y luego ofrecer descuentos o precios reducidos. El precio original sirve como ancla, haciendo que el precio con descuento parezca una oferta excepcional.<\/p><\/li><\/ul>\t\t\t\t\t\t\t\t<\/div>\n\t\t\t\t<\/div>\n\t\t\t\t\t<\/div>\n\t\t\t\t<\/div>\n\t\t<div class=\"elementor-element elementor-element-97b4876 e-flex e-con-boxed e-con e-parent\" data-id=\"97b4876\" data-element_type=\"container\">\n\t\t\t\t\t<div class=\"e-con-inner\">\n\t\t\t\t<div class=\"elementor-element elementor-element-62dbd06 elementor-widget elementor-widget-spacer\" data-id=\"62dbd06\" data-element_type=\"widget\" data-widget_type=\"spacer.default\">\n\t\t\t\t<div class=\"elementor-widget-container\">\n\t\t\t\t\t\t\t<div class=\"elementor-spacer\">\n\t\t\t<div class=\"elementor-spacer-inner\"><\/div>\n\t\t<\/div>\n\t\t\t\t\t\t<\/div>\n\t\t\t\t<\/div>\n\t\t\t\t\t<\/div>\n\t\t\t\t<\/div>\n\t\t<div class=\"elementor-element elementor-element-95d521b e-flex e-con-boxed e-con e-parent\" data-id=\"95d521b\" data-element_type=\"container\">\n\t\t\t\t\t<div class=\"e-con-inner\">\n\t\t\t\t<div class=\"elementor-element elementor-element-b8cfccb elementor-widget elementor-widget-heading\" data-id=\"b8cfccb\" data-element_type=\"widget\" data-widget_type=\"heading.default\">\n\t\t\t\t<div class=\"elementor-widget-container\">\n\t\t\t\t\t<h3 class=\"elementor-heading-title elementor-size-default\">Ventajas de la fijaci\u00f3n de precios psicol\u00f3gicos<\/h3>\t\t\t\t<\/div>\n\t\t\t\t<\/div>\n\t\t\t\t\t<\/div>\n\t\t\t\t<\/div>\n\t\t<div class=\"elementor-element elementor-element-dd56704 e-flex e-con-boxed e-con e-parent\" data-id=\"dd56704\" data-element_type=\"container\">\n\t\t\t\t\t<div class=\"e-con-inner\">\n\t\t\t\t<div class=\"elementor-element elementor-element-0d6f5a0 elementor-widget elementor-widget-text-editor\" data-id=\"0d6f5a0\" data-element_type=\"widget\" data-widget_type=\"text-editor.default\">\n\t\t\t\t<div class=\"elementor-widget-container\">\n\t\t\t\t\t\t\t\t\t<ul><li><p><strong>Aumento de Ventas<\/strong>: Los precios psicol\u00f3gicos pueden aumentar significativamente las ventas al hacer que los productos parezcan m\u00e1s asequibles o valiosos.<\/p><\/li><li><p><strong>Mejora de la Percepci\u00f3n del Valor<\/strong>: Al utilizar t\u00e9cnicas como precios de prestigio, puedes mejorar la percepci\u00f3n del valor de tu producto, atrayendo a consumidores dispuestos a pagar m\u00e1s por calidad y exclusividad.<\/p><\/li><li><p><strong>Competitividad<\/strong>: En mercados saturados, los precios psicol\u00f3gicos pueden darte una ventaja competitiva al atraer la atenci\u00f3n de los consumidores y diferenciarte de la competencia.<\/p><\/li><\/ul>\t\t\t\t\t\t\t\t<\/div>\n\t\t\t\t<\/div>\n\t\t\t\t\t<\/div>\n\t\t\t\t<\/div>\n\t\t<div class=\"elementor-element elementor-element-f913bc1 e-flex e-con-boxed e-con e-parent\" data-id=\"f913bc1\" data-element_type=\"container\">\n\t\t\t\t\t<div class=\"e-con-inner\">\n\t\t\t\t<div class=\"elementor-element elementor-element-3efabbc elementor-widget elementor-widget-spacer\" data-id=\"3efabbc\" data-element_type=\"widget\" data-widget_type=\"spacer.default\">\n\t\t\t\t<div class=\"elementor-widget-container\">\n\t\t\t\t\t\t\t<div class=\"elementor-spacer\">\n\t\t\t<div class=\"elementor-spacer-inner\"><\/div>\n\t\t<\/div>\n\t\t\t\t\t\t<\/div>\n\t\t\t\t<\/div>\n\t\t\t\t\t<\/div>\n\t\t\t\t<\/div>\n\t\t<div class=\"elementor-element elementor-element-fbefaab e-flex e-con-boxed e-con e-parent\" data-id=\"fbefaab\" data-element_type=\"container\">\n\t\t\t\t\t<div class=\"e-con-inner\">\n\t\t\t\t<div class=\"elementor-element elementor-element-821c07b elementor-widget elementor-widget-heading\" data-id=\"821c07b\" data-element_type=\"widget\" data-widget_type=\"heading.default\">\n\t\t\t\t<div class=\"elementor-widget-container\">\n\t\t\t\t\t<h3 class=\"elementor-heading-title elementor-size-default\">Desventajas de la fijaci\u00f3n de precios psicol\u00f3gicos<\/h3>\t\t\t\t<\/div>\n\t\t\t\t<\/div>\n\t\t\t\t\t<\/div>\n\t\t\t\t<\/div>\n\t\t<div class=\"elementor-element elementor-element-2d96e21 e-flex e-con-boxed e-con e-parent\" data-id=\"2d96e21\" data-element_type=\"container\">\n\t\t\t\t\t<div class=\"e-con-inner\">\n\t\t\t\t<div class=\"elementor-element elementor-element-11c10de elementor-widget elementor-widget-text-editor\" data-id=\"11c10de\" data-element_type=\"widget\" data-widget_type=\"text-editor.default\">\n\t\t\t\t<div class=\"elementor-widget-container\">\n\t\t\t\t\t\t\t\t\t<ol><li><p><strong>Percepci\u00f3n de Manipulaci\u00f3n<\/strong>: Algunos consumidores pueden percibir los precios psicol\u00f3gicos como manipuladores, lo que podr\u00eda afectar negativamente la imagen de tu marca si no se manejan con cuidado.<\/p><\/li><li><p><strong>Eficacia Limitada<\/strong>: No todos los mercados o segmentos de consumidores responden de la misma manera a los precios psicol\u00f3gicos. Es importante conocer bien a tu audiencia para aplicar estas t\u00e9cnicas de manera efectiva.<\/p><\/li><li><p><strong>Sostenibilidad a Largo Plazo<\/strong>: Dependiendo del enfoque, los precios psicol\u00f3gicos pueden no ser sostenibles a largo plazo, especialmente si se basan en descuentos frecuentes que podr\u00edan erosionar el valor percibido de tu marca.<\/p><\/li><\/ol>\t\t\t\t\t\t\t\t<\/div>\n\t\t\t\t<\/div>\n\t\t\t\t\t<\/div>\n\t\t\t\t<\/div>\n\t\t<div class=\"elementor-element elementor-element-77f74e1 e-flex e-con-boxed e-con e-parent\" data-id=\"77f74e1\" data-element_type=\"container\">\n\t\t\t\t\t<div class=\"e-con-inner\">\n\t\t\t\t<div class=\"elementor-element elementor-element-a15818d elementor-widget elementor-widget-text-editor\" data-id=\"a15818d\" data-element_type=\"widget\" data-widget_type=\"text-editor.default\">\n\t\t\t\t<div class=\"elementor-widget-container\">\n\t\t\t\t\t\t\t\t\t<p>La fijaci\u00f3n de precios psicol\u00f3gicos es una herramienta poderosa que, cuando se usa adecuadamente, puede aumentar las ventas, mejorar la percepci\u00f3n del valor y darte una ventaja competitiva. Sin embargo, es importante aplicarla con cuidado y \u00e9tica, entendiendo bien a tu audiencia y probando diferentes enfoques para encontrar el que mejor funcione para tu negocio. Al equilibrar la psicolog\u00eda del precio con una oferta de calidad y un buen servicio al cliente, puedes maximizar tus beneficios y construir una marca s\u00f3lida y confiable.<\/p>\t\t\t\t\t\t\t\t<\/div>\n\t\t\t\t<\/div>\n\t\t\t\t\t<\/div>\n\t\t\t\t<\/div>\n\t\t<div class=\"elementor-element elementor-element-40b6e1cb e-flex e-con-boxed e-con e-parent\" data-id=\"40b6e1cb\" data-element_type=\"container\">\n\t\t\t\t\t<div class=\"e-con-inner\">\n\t\t<div class=\"elementor-element elementor-element-197eeeac e-con-full e-flex e-con e-child\" data-id=\"197eeeac\" data-element_type=\"container\">\n\t\t\t\t<div class=\"elementor-element elementor-element-48ad2d70 elementor-widget elementor-widget-spacer\" data-id=\"48ad2d70\" data-element_type=\"widget\" data-widget_type=\"spacer.default\">\n\t\t\t\t<div class=\"elementor-widget-container\">\n\t\t\t\t\t\t\t<div class=\"elementor-spacer\">\n\t\t\t<div class=\"elementor-spacer-inner\"><\/div>\n\t\t<\/div>\n\t\t\t\t\t\t<\/div>\n\t\t\t\t<\/div>\n\t\t\t\t<\/div>\n\t\t<div class=\"elementor-element elementor-element-226ce415 e-con-full e-flex e-con e-child\" data-id=\"226ce415\" data-element_type=\"container\">\n\t\t\t\t<div class=\"elementor-element elementor-element-76b08b5d elementor-widget elementor-widget-heading\" data-id=\"76b08b5d\" data-element_type=\"widget\" data-widget_type=\"heading.default\">\n\t\t\t\t<div class=\"elementor-widget-container\">\n\t\t\t\t\t<h3 class=\"elementor-heading-title elementor-size-default\">No te pierdas...<\/h3>\t\t\t\t<\/div>\n\t\t\t\t<\/div>\n\t\t\t\t<\/div>\n\t\t<div class=\"elementor-element elementor-element-1723b5f0 e-con-full e-flex e-con e-child\" data-id=\"1723b5f0\" data-element_type=\"container\">\n\t\t\t\t<div class=\"elementor-element elementor-element-5d0a6d0b elementor-widget elementor-widget-katen-post-five\" data-id=\"5d0a6d0b\" data-element_type=\"widget\" data-widget_type=\"katen-post-five.default\">\n\t\t\t\t<div class=\"elementor-widget-container\">\n\t\t\t\t\t\t\t<div class=\"padding-30 rounded bordered\">\n\n\t\t\t<div class=\"row infinite-wrapper\">\n\n\t\t\t\n\t\t\t\t<div class=\"col-md-12 col-sm-6 post-list-item post-item\">\n\t\t\t\t\t<!-- post -->\n\t\t\t\t\t<div class=\"post post-list clearfix\">\n\n\t\t\t\t\t\t<div class=\"thumb rounded\"><div class=\"inner\"><a href=\"https:\/\/finanedi.es\/blog\/5-tips-para-estar-preparado-para-verifactu\/\"><img fetchpriority=\"high\" decoding=\"async\" width=\"330\" height=\"250\" src=\"https:\/\/finanedi.es\/blog\/contenido\/uploads\/2025\/10\/5-tips-para-estar-preparado-para-VeriFactu-330x250.jpg\" class=\"attachment-katen-thumb-list size-katen-thumb-list wp-post-image\" alt=\"5 tips para estar preparado para VeriFactu\" \/><\/a><\/div><\/div>  \n\n\t\t\t\t\t\t<div class=\"details clearfix\">\n\t\t\t\t\t\t\t<ul class=\"meta list-inline mb-3\">\n\t\t\t\t\t\t\t\t<li class=\"list-inline-item\"><a href=\"https:\/\/finanedi.es\/blog\/category\/facturacion\/\">Facturaci\u00f3n<\/a><\/li>\t\t\t\t\t\t\t<\/ul>\n\t\t\t\t\t\t\t<h5 class=\"post-title\"><a href=\"https:\/\/finanedi.es\/blog\/5-tips-para-estar-preparado-para-verifactu\/\">5 tips para estar preparado para VeriFactu<\/a><\/h5>\n\t\t\t\t\t\t\t<p class=\"excerpt mb-0\">\n\t\t\t\t\t\t\t\tLa facturaci\u00f3n electr\u00f3nica est\u00e1 viviendo una transformaci\u00f3n decisiva con la llegada de VeriFactu, el nuevo&hellip;\t\t\t\t\t\t\t<\/p>\n\t\t\t\t\t\t\t<div class=\"post-bottom clearfix d-flex align-items-center\">\n\t\t\t\t\t\t\t\t\t\t\t\t\t\t\t\t\t\t\t\t\t\t\t<\/div>\n\t\t\t\t\t\t<\/div>\n\t\t\t\t\t<\/div>\n\t\t\t\t<\/div>\n\n\t\t\t\n\t\t\t\t<div class=\"col-md-12 col-sm-6 post-list-item post-item\">\n\t\t\t\t\t<!-- post -->\n\t\t\t\t\t<div class=\"post post-list clearfix\">\n\n\t\t\t\t\t\t<div class=\"thumb rounded\"><div class=\"inner\"><a href=\"https:\/\/finanedi.es\/blog\/que-sanciones-existen-por-no-emitir-factura-electronica\/\"><img decoding=\"async\" width=\"330\" height=\"250\" src=\"https:\/\/finanedi.es\/blog\/contenido\/uploads\/2025\/10\/Que-sanciones-existen-por-no-emitir-factura-electronica-330x250.jpg\" class=\"attachment-katen-thumb-list size-katen-thumb-list wp-post-image\" alt=\"Qu\u00e9 sanciones existen por no emitir factura electr\u00f3nica\" \/><\/a><\/div><\/div>  \n\n\t\t\t\t\t\t<div class=\"details clearfix\">\n\t\t\t\t\t\t\t<ul class=\"meta list-inline mb-3\">\n\t\t\t\t\t\t\t\t<li class=\"list-inline-item\"><a href=\"https:\/\/finanedi.es\/blog\/category\/facturacion\/\">Facturaci\u00f3n<\/a><\/li>\t\t\t\t\t\t\t<\/ul>\n\t\t\t\t\t\t\t<h5 class=\"post-title\"><a href=\"https:\/\/finanedi.es\/blog\/que-sanciones-existen-por-no-emitir-factura-electronica\/\">Qu\u00e9 sanciones existen por no emitir factura electr\u00f3nica<\/a><\/h5>\n\t\t\t\t\t\t\t<p class=\"excerpt mb-0\">\n\t\t\t\t\t\t\t\tLa factura electr\u00f3nica ya no es una opci\u00f3n, sino una obligaci\u00f3n para la mayor\u00eda de&hellip;\t\t\t\t\t\t\t<\/p>\n\t\t\t\t\t\t\t<div class=\"post-bottom clearfix d-flex align-items-center\">\n\t\t\t\t\t\t\t\t\t\t\t\t\t\t\t\t\t\t\t\t\t\t\t<\/div>\n\t\t\t\t\t\t<\/div>\n\t\t\t\t\t<\/div>\n\t\t\t\t<\/div>\n\n\t\t\t\n\t\t\t\t<div class=\"col-md-12 col-sm-6 post-list-item post-item\">\n\t\t\t\t\t<!-- post -->\n\t\t\t\t\t<div class=\"post post-list clearfix\">\n\n\t\t\t\t\t\t<div class=\"thumb rounded\"><div class=\"inner\"><a href=\"https:\/\/finanedi.es\/blog\/que-gastos-son-deducibles-para-autonomos-y-empresas\/\"><img decoding=\"async\" width=\"330\" height=\"250\" src=\"https:\/\/finanedi.es\/blog\/contenido\/uploads\/2025\/10\/Que-gastos-son-deducibles-para-autonomos-y-empresas-330x250.jpg\" class=\"attachment-katen-thumb-list size-katen-thumb-list wp-post-image\" alt=\"Qu\u00e9 gastos son deducibles para aut\u00f3nomos y empresas\" \/><\/a><\/div><\/div>  \n\n\t\t\t\t\t\t<div class=\"details clearfix\">\n\t\t\t\t\t\t\t<ul class=\"meta list-inline mb-3\">\n\t\t\t\t\t\t\t\t<li class=\"list-inline-item\"><a href=\"https:\/\/finanedi.es\/blog\/category\/contabilidad\/\">Contabilidad<\/a><\/li>\t\t\t\t\t\t\t<\/ul>\n\t\t\t\t\t\t\t<h5 class=\"post-title\"><a href=\"https:\/\/finanedi.es\/blog\/que-gastos-son-deducibles-para-autonomos-y-empresas\/\">Qu\u00e9 gastos son deducibles para aut\u00f3nomos y empresas<\/a><\/h5>\n\t\t\t\t\t\t\t<p class=\"excerpt mb-0\">\n\t\t\t\t\t\t\t\tLlevar la contabilidad al d\u00eda no es solo una cuesti\u00f3n de orden: tambi\u00e9n puede marcar&hellip;\t\t\t\t\t\t\t<\/p>\n\t\t\t\t\t\t\t<div class=\"post-bottom clearfix d-flex align-items-center\">\n\t\t\t\t\t\t\t\t\t\t\t\t\t\t\t\t\t\t\t\t\t\t\t<\/div>\n\t\t\t\t\t\t<\/div>\n\t\t\t\t\t<\/div>\n\t\t\t\t<\/div>\n\n\t\t\t\n\t\t\t\t<div class=\"col-md-12 col-sm-6 post-list-item post-item\">\n\t\t\t\t\t<!-- post -->\n\t\t\t\t\t<div class=\"post post-list clearfix\">\n\n\t\t\t\t\t\t<div class=\"thumb rounded\"><div class=\"inner\"><a href=\"https:\/\/finanedi.es\/blog\/que-debe-incluir-una-factura-electronica-segun-la-ley\/\"><img loading=\"lazy\" decoding=\"async\" width=\"330\" height=\"250\" src=\"https:\/\/finanedi.es\/blog\/contenido\/uploads\/2025\/10\/Que-debe-incluir-una-factura-electronica-segun-la-ley-330x250.jpg\" class=\"attachment-katen-thumb-list size-katen-thumb-list wp-post-image\" alt=\"Qu\u00e9 debe incluir una factura electr\u00f3nica seg\u00fan la ley\" \/><\/a><\/div><\/div>  \n\n\t\t\t\t\t\t<div class=\"details clearfix\">\n\t\t\t\t\t\t\t<ul class=\"meta list-inline mb-3\">\n\t\t\t\t\t\t\t\t<li class=\"list-inline-item\"><a href=\"https:\/\/finanedi.es\/blog\/category\/facturacion\/\">Facturaci\u00f3n<\/a><\/li>\t\t\t\t\t\t\t<\/ul>\n\t\t\t\t\t\t\t<h5 class=\"post-title\"><a href=\"https:\/\/finanedi.es\/blog\/que-debe-incluir-una-factura-electronica-segun-la-ley\/\">Qu\u00e9 debe incluir una factura electr\u00f3nica seg\u00fan la ley<\/a><\/h5>\n\t\t\t\t\t\t\t<p class=\"excerpt mb-0\">\n\t\t\t\t\t\t\t\tLa factura electr\u00f3nica ya no es el futuro: es el presente obligatorio para aut\u00f3nomos y&hellip;\t\t\t\t\t\t\t<\/p>\n\t\t\t\t\t\t\t<div class=\"post-bottom clearfix d-flex align-items-center\">\n\t\t\t\t\t\t\t\t\t\t\t\t\t\t\t\t\t\t\t\t\t\t\t<\/div>\n\t\t\t\t\t\t<\/div>\n\t\t\t\t\t<\/div>\n\t\t\t\t<\/div>\n\n\t\t\t\n\t\t\t<\/div>\n\n\t\t<\/div>\n\t\t\n        \t\t\t\t<\/div>\n\t\t\t\t<\/div>\n\t\t\t\t<\/div>\n\t\t\t\t\t<\/div>\n\t\t\t\t<\/div>\n\t\t\t\t<\/div>\n\t\t","protected":false},"excerpt":{"rendered":"<p>En este art\u00edculo, exploraremos en detalle qu\u00e9 es la fijaci\u00f3n de precios psicol\u00f3gicos, sus ventajas y desventajas, y c\u00f3mo puedes aplicarla eficazmente en tu negocio.<\/p>\n","protected":false},"author":3,"featured_media":2955,"comment_status":"closed","ping_status":"open","sticky":false,"template":"","format":"standard","meta":{"_monsterinsights_skip_tracking":false,"_monsterinsights_sitenote_active":false,"_monsterinsights_sitenote_note":"","_monsterinsights_sitenote_category":0,"footnotes":""},"categories":[78],"tags":[],"class_list":["post-2952","post","type-post","status-publish","format-standard","has-post-thumbnail","hentry","category-ventas"],"yoast_head":"<!-- This site is optimized with the Yoast SEO plugin v26.2 - https:\/\/yoast.com\/wordpress\/plugins\/seo\/ -->\n<title>Precios psicol\u00f3gicos: La ciencia detr\u00e1s de los precios atractivos<\/title>\n<meta name=\"description\" content=\"En este art\u00edculo, exploraremos en detalle qu\u00e9 es la fijaci\u00f3n de precios psicol\u00f3gicos, sus ventajas y desventajas.\" \/>\n<meta name=\"robots\" content=\"index, follow, max-snippet:-1, max-image-preview:large, max-video-preview:-1\" \/>\n<link rel=\"canonical\" href=\"https:\/\/finanedi.es\/blog\/precios-psicologicos-la-ciencia-detras-de-los-precios-atractivos\/\" \/>\n<meta property=\"og:locale\" content=\"es_ES\" \/>\n<meta property=\"og:type\" content=\"article\" \/>\n<meta property=\"og:title\" content=\"Precios psicol\u00f3gicos: La ciencia detr\u00e1s de los precios atractivos\" \/>\n<meta property=\"og:description\" content=\"En este art\u00edculo, exploraremos en detalle qu\u00e9 es la fijaci\u00f3n de precios psicol\u00f3gicos, sus ventajas y desventajas.\" \/>\n<meta property=\"og:url\" content=\"https:\/\/finanedi.es\/blog\/precios-psicologicos-la-ciencia-detras-de-los-precios-atractivos\/\" \/>\n<meta property=\"og:site_name\" content=\"Blog para pymes y aut\u00f3nomos - FinanEDI\" \/>\n<meta property=\"article:published_time\" content=\"2024-07-31T06:41:50+00:00\" \/>\n<meta property=\"article:modified_time\" content=\"2024-08-29T07:14:45+00:00\" \/>\n<meta property=\"og:image\" content=\"https:\/\/finanedi.es\/blog\/contenido\/uploads\/2024\/07\/Precios-psicologicos.jpg\" \/>\n\t<meta property=\"og:image:width\" content=\"2000\" \/>\n\t<meta property=\"og:image:height\" content=\"1071\" \/>\n\t<meta property=\"og:image:type\" content=\"image\/jpeg\" \/>\n<meta name=\"author\" content=\"restevez\" \/>\n<meta name=\"twitter:card\" content=\"summary_large_image\" \/>\n<meta name=\"twitter:label1\" content=\"Escrito por\" \/>\n\t<meta name=\"twitter:data1\" content=\"restevez\" \/>\n\t<meta name=\"twitter:label2\" content=\"Tiempo de lectura\" \/>\n\t<meta name=\"twitter:data2\" content=\"5 minutos\" \/>\n<script type=\"application\/ld+json\" class=\"yoast-schema-graph\">{\"@context\":\"https:\/\/schema.org\",\"@graph\":[{\"@type\":\"Article\",\"@id\":\"https:\/\/finanedi.es\/blog\/precios-psicologicos-la-ciencia-detras-de-los-precios-atractivos\/#article\",\"isPartOf\":{\"@id\":\"https:\/\/finanedi.es\/blog\/precios-psicologicos-la-ciencia-detras-de-los-precios-atractivos\/\"},\"author\":{\"name\":\"restevez\",\"@id\":\"https:\/\/finanedi.es\/blog\/#\/schema\/person\/233ed58195d34f36f74f13ba1030ebd8\"},\"headline\":\"Precios psicol\u00f3gicos: La ciencia detr\u00e1s de los precios atractivos\",\"datePublished\":\"2024-07-31T06:41:50+00:00\",\"dateModified\":\"2024-08-29T07:14:45+00:00\",\"mainEntityOfPage\":{\"@id\":\"https:\/\/finanedi.es\/blog\/precios-psicologicos-la-ciencia-detras-de-los-precios-atractivos\/\"},\"wordCount\":805,\"publisher\":{\"@id\":\"https:\/\/finanedi.es\/blog\/#organization\"},\"image\":{\"@id\":\"https:\/\/finanedi.es\/blog\/precios-psicologicos-la-ciencia-detras-de-los-precios-atractivos\/#primaryimage\"},\"thumbnailUrl\":\"https:\/\/finanedi.es\/blog\/contenido\/uploads\/2024\/07\/Precios-psicologicos.jpg\",\"articleSection\":[\"Ventas\"],\"inLanguage\":\"es\"},{\"@type\":\"WebPage\",\"@id\":\"https:\/\/finanedi.es\/blog\/precios-psicologicos-la-ciencia-detras-de-los-precios-atractivos\/\",\"url\":\"https:\/\/finanedi.es\/blog\/precios-psicologicos-la-ciencia-detras-de-los-precios-atractivos\/\",\"name\":\"Precios psicol\u00f3gicos: La ciencia detr\u00e1s de los precios atractivos\",\"isPartOf\":{\"@id\":\"https:\/\/finanedi.es\/blog\/#website\"},\"primaryImageOfPage\":{\"@id\":\"https:\/\/finanedi.es\/blog\/precios-psicologicos-la-ciencia-detras-de-los-precios-atractivos\/#primaryimage\"},\"image\":{\"@id\":\"https:\/\/finanedi.es\/blog\/precios-psicologicos-la-ciencia-detras-de-los-precios-atractivos\/#primaryimage\"},\"thumbnailUrl\":\"https:\/\/finanedi.es\/blog\/contenido\/uploads\/2024\/07\/Precios-psicologicos.jpg\",\"datePublished\":\"2024-07-31T06:41:50+00:00\",\"dateModified\":\"2024-08-29T07:14:45+00:00\",\"description\":\"En este art\u00edculo, exploraremos en detalle qu\u00e9 es la fijaci\u00f3n de precios psicol\u00f3gicos, sus ventajas y desventajas.\",\"breadcrumb\":{\"@id\":\"https:\/\/finanedi.es\/blog\/precios-psicologicos-la-ciencia-detras-de-los-precios-atractivos\/#breadcrumb\"},\"inLanguage\":\"es\",\"potentialAction\":[{\"@type\":\"ReadAction\",\"target\":[\"https:\/\/finanedi.es\/blog\/precios-psicologicos-la-ciencia-detras-de-los-precios-atractivos\/\"]}]},{\"@type\":\"ImageObject\",\"inLanguage\":\"es\",\"@id\":\"https:\/\/finanedi.es\/blog\/precios-psicologicos-la-ciencia-detras-de-los-precios-atractivos\/#primaryimage\",\"url\":\"https:\/\/finanedi.es\/blog\/contenido\/uploads\/2024\/07\/Precios-psicologicos.jpg\",\"contentUrl\":\"https:\/\/finanedi.es\/blog\/contenido\/uploads\/2024\/07\/Precios-psicologicos.jpg\",\"width\":2000,\"height\":1071,\"caption\":\"Botellas de vino supermercado con diferentes precios\"},{\"@type\":\"BreadcrumbList\",\"@id\":\"https:\/\/finanedi.es\/blog\/precios-psicologicos-la-ciencia-detras-de-los-precios-atractivos\/#breadcrumb\",\"itemListElement\":[{\"@type\":\"ListItem\",\"position\":1,\"name\":\"Home\",\"item\":\"https:\/\/finanedi.es\/blog\/\"},{\"@type\":\"ListItem\",\"position\":2,\"name\":\"Precios psicol\u00f3gicos: La ciencia detr\u00e1s de los precios atractivos\"}]},{\"@type\":\"WebSite\",\"@id\":\"https:\/\/finanedi.es\/blog\/#website\",\"url\":\"https:\/\/finanedi.es\/blog\/\",\"name\":\"Blog para pymes y aut\u00f3nomos - FinanEDI\",\"description\":\"Blog para aut\u00f3nomos y PYMES, sobre temas como facturaci\u00f3n, contabilidad, tecnolog\u00eda.\",\"publisher\":{\"@id\":\"https:\/\/finanedi.es\/blog\/#organization\"},\"potentialAction\":[{\"@type\":\"SearchAction\",\"target\":{\"@type\":\"EntryPoint\",\"urlTemplate\":\"https:\/\/finanedi.es\/blog\/?s={search_term_string}\"},\"query-input\":{\"@type\":\"PropertyValueSpecification\",\"valueRequired\":true,\"valueName\":\"search_term_string\"}}],\"inLanguage\":\"es\"},{\"@type\":\"Organization\",\"@id\":\"https:\/\/finanedi.es\/blog\/#organization\",\"name\":\"Blog para pymes y aut\u00f3nomos - FinanEDI\",\"url\":\"https:\/\/finanedi.es\/blog\/\",\"logo\":{\"@type\":\"ImageObject\",\"inLanguage\":\"es\",\"@id\":\"https:\/\/finanedi.es\/blog\/#\/schema\/logo\/image\/\",\"url\":\"https:\/\/finanedi.es\/blog\/contenido\/uploads\/2024\/02\/FinanEdiAzul1.svg\",\"contentUrl\":\"https:\/\/finanedi.es\/blog\/contenido\/uploads\/2024\/02\/FinanEdiAzul1.svg\",\"width\":142,\"height\":36,\"caption\":\"Blog para pymes y aut\u00f3nomos - FinanEDI\"},\"image\":{\"@id\":\"https:\/\/finanedi.es\/blog\/#\/schema\/logo\/image\/\"}},{\"@type\":\"Person\",\"@id\":\"https:\/\/finanedi.es\/blog\/#\/schema\/person\/233ed58195d34f36f74f13ba1030ebd8\",\"name\":\"restevez\",\"image\":{\"@type\":\"ImageObject\",\"inLanguage\":\"es\",\"@id\":\"https:\/\/finanedi.es\/blog\/#\/schema\/person\/image\/\",\"url\":\"https:\/\/secure.gravatar.com\/avatar\/6c4880db9746e4aa887a98e0ebf657788804dc4280120ef10331a2e6ebb4a9a0?s=96&d=mm&r=g\",\"contentUrl\":\"https:\/\/secure.gravatar.com\/avatar\/6c4880db9746e4aa887a98e0ebf657788804dc4280120ef10331a2e6ebb4a9a0?s=96&d=mm&r=g\",\"caption\":\"restevez\"},\"url\":\"https:\/\/finanedi.es\/blog\/author\/restevez\/\"}]}<\/script>\n<!-- \/ Yoast SEO plugin. -->","yoast_head_json":{"title":"Precios psicol\u00f3gicos: La ciencia detr\u00e1s de los precios atractivos","description":"En este art\u00edculo, exploraremos en detalle qu\u00e9 es la fijaci\u00f3n de precios psicol\u00f3gicos, sus ventajas y desventajas.","robots":{"index":"index","follow":"follow","max-snippet":"max-snippet:-1","max-image-preview":"max-image-preview:large","max-video-preview":"max-video-preview:-1"},"canonical":"https:\/\/finanedi.es\/blog\/precios-psicologicos-la-ciencia-detras-de-los-precios-atractivos\/","og_locale":"es_ES","og_type":"article","og_title":"Precios psicol\u00f3gicos: La ciencia detr\u00e1s de los precios atractivos","og_description":"En este art\u00edculo, exploraremos en detalle qu\u00e9 es la fijaci\u00f3n de precios psicol\u00f3gicos, sus ventajas y desventajas.","og_url":"https:\/\/finanedi.es\/blog\/precios-psicologicos-la-ciencia-detras-de-los-precios-atractivos\/","og_site_name":"Blog para pymes y aut\u00f3nomos - FinanEDI","article_published_time":"2024-07-31T06:41:50+00:00","article_modified_time":"2024-08-29T07:14:45+00:00","og_image":[{"width":2000,"height":1071,"url":"https:\/\/finanedi.es\/blog\/contenido\/uploads\/2024\/07\/Precios-psicologicos.jpg","type":"image\/jpeg"}],"author":"restevez","twitter_card":"summary_large_image","twitter_misc":{"Escrito por":"restevez","Tiempo de lectura":"5 minutos"},"schema":{"@context":"https:\/\/schema.org","@graph":[{"@type":"Article","@id":"https:\/\/finanedi.es\/blog\/precios-psicologicos-la-ciencia-detras-de-los-precios-atractivos\/#article","isPartOf":{"@id":"https:\/\/finanedi.es\/blog\/precios-psicologicos-la-ciencia-detras-de-los-precios-atractivos\/"},"author":{"name":"restevez","@id":"https:\/\/finanedi.es\/blog\/#\/schema\/person\/233ed58195d34f36f74f13ba1030ebd8"},"headline":"Precios psicol\u00f3gicos: La ciencia detr\u00e1s de los precios atractivos","datePublished":"2024-07-31T06:41:50+00:00","dateModified":"2024-08-29T07:14:45+00:00","mainEntityOfPage":{"@id":"https:\/\/finanedi.es\/blog\/precios-psicologicos-la-ciencia-detras-de-los-precios-atractivos\/"},"wordCount":805,"publisher":{"@id":"https:\/\/finanedi.es\/blog\/#organization"},"image":{"@id":"https:\/\/finanedi.es\/blog\/precios-psicologicos-la-ciencia-detras-de-los-precios-atractivos\/#primaryimage"},"thumbnailUrl":"https:\/\/finanedi.es\/blog\/contenido\/uploads\/2024\/07\/Precios-psicologicos.jpg","articleSection":["Ventas"],"inLanguage":"es"},{"@type":"WebPage","@id":"https:\/\/finanedi.es\/blog\/precios-psicologicos-la-ciencia-detras-de-los-precios-atractivos\/","url":"https:\/\/finanedi.es\/blog\/precios-psicologicos-la-ciencia-detras-de-los-precios-atractivos\/","name":"Precios psicol\u00f3gicos: La ciencia detr\u00e1s de los precios atractivos","isPartOf":{"@id":"https:\/\/finanedi.es\/blog\/#website"},"primaryImageOfPage":{"@id":"https:\/\/finanedi.es\/blog\/precios-psicologicos-la-ciencia-detras-de-los-precios-atractivos\/#primaryimage"},"image":{"@id":"https:\/\/finanedi.es\/blog\/precios-psicologicos-la-ciencia-detras-de-los-precios-atractivos\/#primaryimage"},"thumbnailUrl":"https:\/\/finanedi.es\/blog\/contenido\/uploads\/2024\/07\/Precios-psicologicos.jpg","datePublished":"2024-07-31T06:41:50+00:00","dateModified":"2024-08-29T07:14:45+00:00","description":"En este art\u00edculo, exploraremos en detalle qu\u00e9 es la fijaci\u00f3n de precios psicol\u00f3gicos, sus ventajas y desventajas.","breadcrumb":{"@id":"https:\/\/finanedi.es\/blog\/precios-psicologicos-la-ciencia-detras-de-los-precios-atractivos\/#breadcrumb"},"inLanguage":"es","potentialAction":[{"@type":"ReadAction","target":["https:\/\/finanedi.es\/blog\/precios-psicologicos-la-ciencia-detras-de-los-precios-atractivos\/"]}]},{"@type":"ImageObject","inLanguage":"es","@id":"https:\/\/finanedi.es\/blog\/precios-psicologicos-la-ciencia-detras-de-los-precios-atractivos\/#primaryimage","url":"https:\/\/finanedi.es\/blog\/contenido\/uploads\/2024\/07\/Precios-psicologicos.jpg","contentUrl":"https:\/\/finanedi.es\/blog\/contenido\/uploads\/2024\/07\/Precios-psicologicos.jpg","width":2000,"height":1071,"caption":"Botellas de vino supermercado con diferentes precios"},{"@type":"BreadcrumbList","@id":"https:\/\/finanedi.es\/blog\/precios-psicologicos-la-ciencia-detras-de-los-precios-atractivos\/#breadcrumb","itemListElement":[{"@type":"ListItem","position":1,"name":"Home","item":"https:\/\/finanedi.es\/blog\/"},{"@type":"ListItem","position":2,"name":"Precios psicol\u00f3gicos: La ciencia detr\u00e1s de los precios atractivos"}]},{"@type":"WebSite","@id":"https:\/\/finanedi.es\/blog\/#website","url":"https:\/\/finanedi.es\/blog\/","name":"Blog para pymes y aut\u00f3nomos - FinanEDI","description":"Blog para aut\u00f3nomos y PYMES, sobre temas como facturaci\u00f3n, contabilidad, tecnolog\u00eda.","publisher":{"@id":"https:\/\/finanedi.es\/blog\/#organization"},"potentialAction":[{"@type":"SearchAction","target":{"@type":"EntryPoint","urlTemplate":"https:\/\/finanedi.es\/blog\/?s={search_term_string}"},"query-input":{"@type":"PropertyValueSpecification","valueRequired":true,"valueName":"search_term_string"}}],"inLanguage":"es"},{"@type":"Organization","@id":"https:\/\/finanedi.es\/blog\/#organization","name":"Blog para pymes y aut\u00f3nomos - FinanEDI","url":"https:\/\/finanedi.es\/blog\/","logo":{"@type":"ImageObject","inLanguage":"es","@id":"https:\/\/finanedi.es\/blog\/#\/schema\/logo\/image\/","url":"https:\/\/finanedi.es\/blog\/contenido\/uploads\/2024\/02\/FinanEdiAzul1.svg","contentUrl":"https:\/\/finanedi.es\/blog\/contenido\/uploads\/2024\/02\/FinanEdiAzul1.svg","width":142,"height":36,"caption":"Blog para pymes y aut\u00f3nomos - FinanEDI"},"image":{"@id":"https:\/\/finanedi.es\/blog\/#\/schema\/logo\/image\/"}},{"@type":"Person","@id":"https:\/\/finanedi.es\/blog\/#\/schema\/person\/233ed58195d34f36f74f13ba1030ebd8","name":"restevez","image":{"@type":"ImageObject","inLanguage":"es","@id":"https:\/\/finanedi.es\/blog\/#\/schema\/person\/image\/","url":"https:\/\/secure.gravatar.com\/avatar\/6c4880db9746e4aa887a98e0ebf657788804dc4280120ef10331a2e6ebb4a9a0?s=96&d=mm&r=g","contentUrl":"https:\/\/secure.gravatar.com\/avatar\/6c4880db9746e4aa887a98e0ebf657788804dc4280120ef10331a2e6ebb4a9a0?s=96&d=mm&r=g","caption":"restevez"},"url":"https:\/\/finanedi.es\/blog\/author\/restevez\/"}]}},"_links":{"self":[{"href":"https:\/\/finanedi.es\/blog\/wp-json\/wp\/v2\/posts\/2952","targetHints":{"allow":["GET"]}}],"collection":[{"href":"https:\/\/finanedi.es\/blog\/wp-json\/wp\/v2\/posts"}],"about":[{"href":"https:\/\/finanedi.es\/blog\/wp-json\/wp\/v2\/types\/post"}],"author":[{"embeddable":true,"href":"https:\/\/finanedi.es\/blog\/wp-json\/wp\/v2\/users\/3"}],"replies":[{"embeddable":true,"href":"https:\/\/finanedi.es\/blog\/wp-json\/wp\/v2\/comments?post=2952"}],"version-history":[{"count":14,"href":"https:\/\/finanedi.es\/blog\/wp-json\/wp\/v2\/posts\/2952\/revisions"}],"predecessor-version":[{"id":4841,"href":"https:\/\/finanedi.es\/blog\/wp-json\/wp\/v2\/posts\/2952\/revisions\/4841"}],"wp:featuredmedia":[{"embeddable":true,"href":"https:\/\/finanedi.es\/blog\/wp-json\/wp\/v2\/media\/2955"}],"wp:attachment":[{"href":"https:\/\/finanedi.es\/blog\/wp-json\/wp\/v2\/media?parent=2952"}],"wp:term":[{"taxonomy":"category","embeddable":true,"href":"https:\/\/finanedi.es\/blog\/wp-json\/wp\/v2\/categories?post=2952"},{"taxonomy":"post_tag","embeddable":true,"href":"https:\/\/finanedi.es\/blog\/wp-json\/wp\/v2\/tags?post=2952"}],"curies":[{"name":"wp","href":"https:\/\/api.w.org\/{rel}","templated":true}]}}