{"id":3104,"date":"2024-08-16T14:50:27","date_gmt":"2024-08-16T12:50:27","guid":{"rendered":"https:\/\/finanedi.es\/blog\/?p=3104"},"modified":"2024-08-29T08:13:22","modified_gmt":"2024-08-29T06:13:22","slug":"que-es-la-memoria-contable-la-clave-para-una-contabilidad-transparente","status":"publish","type":"post","link":"https:\/\/finanedi.es\/blog\/que-es-la-memoria-contable-la-clave-para-una-contabilidad-transparente\/","title":{"rendered":"Memoria contable: la clave para una contabilidad transparente"},"content":{"rendered":"\t\t<div data-elementor-type=\"wp-post\" data-elementor-id=\"3104\" class=\"elementor elementor-3104\">\n\t\t\t\t<div class=\"elementor-element elementor-element-ded87a2 e-flex e-con-boxed e-con e-parent\" data-id=\"ded87a2\" data-element_type=\"container\">\n\t\t\t\t\t<div class=\"e-con-inner\">\n\t\t\t\t<div class=\"elementor-element elementor-element-258bdc1 elementor-widget elementor-widget-text-editor\" data-id=\"258bdc1\" data-element_type=\"widget\" data-widget_type=\"text-editor.default\">\n\t\t\t\t<div class=\"elementor-widget-container\">\n\t\t\t\t\t\t\t\t\t<p>La <strong>memoria contable<\/strong> es un elemento fundamental en la <a href=\"https:\/\/finanedi.es\/blog\/que-es-la-contabilidad\/\">contabilidad<\/a> de cualquier empresa, proporcionando una visi\u00f3n detallada y comprensiva de las actividades financieras y operativas. Es un documento que acompa\u00f1a a los estados financieros anuales y tiene como objetivo principal ofrecer una explicaci\u00f3n cualitativa y cuantitativa de las cifras presentadas en dichos estados. Pero, \u00bfen qu\u00e9 consiste exactamente y c\u00f3mo puedes elaborarla de manera eficiente en tu empresa?<\/p>\t\t\t\t\t\t\t\t<\/div>\n\t\t\t\t<\/div>\n\t\t\t\t\t<\/div>\n\t\t\t\t<\/div>\n\t\t<div class=\"elementor-element elementor-element-4c72f4a e-flex e-con-boxed e-con e-parent\" data-id=\"4c72f4a\" data-element_type=\"container\">\n\t\t\t\t\t<div class=\"e-con-inner\">\n\t\t\t\t<div class=\"elementor-element elementor-element-563050f elementor-widget elementor-widget-heading\" data-id=\"563050f\" data-element_type=\"widget\" data-widget_type=\"heading.default\">\n\t\t\t\t<div class=\"elementor-widget-container\">\n\t\t\t\t\t<h2 class=\"elementor-heading-title elementor-size-default\">\u00bfQu\u00e9 es la memoria contable?<\/h2>\t\t\t\t<\/div>\n\t\t\t\t<\/div>\n\t\t\t\t\t<\/div>\n\t\t\t\t<\/div>\n\t\t<div class=\"elementor-element elementor-element-a7cc1d2 e-flex e-con-boxed e-con e-parent\" data-id=\"a7cc1d2\" data-element_type=\"container\">\n\t\t\t\t\t<div class=\"e-con-inner\">\n\t\t\t\t<div class=\"elementor-element elementor-element-ce9eeb1 elementor-widget elementor-widget-text-editor\" data-id=\"ce9eeb1\" data-element_type=\"widget\" data-widget_type=\"text-editor.default\">\n\t\t\t\t<div class=\"elementor-widget-container\">\n\t\t\t\t\t\t\t\t\t<p>La <strong>memoria contable<\/strong>, tambi\u00e9n conocida como informe anual o memoria financiera, es un informe detallado que<strong> ampl\u00eda y complementa la informaci\u00f3n contenida en los estados financieros<\/strong> de una empresa. Este documento no solo resume los datos num\u00e9ricos, sino que tambi\u00e9n proporciona un contexto narrativo que ayuda a entender mejor los resultados financieros y las decisiones empresariales.<\/p><p>Entre los <strong>componentes habituales de una memoria contable<\/strong> se incluyen:<\/p><ol><li><strong>Introducci\u00f3n y objetivo de la memoria<\/strong>: Se presenta el prop\u00f3sito del informe y una visi\u00f3n general de la situaci\u00f3n econ\u00f3mica de la empresa.<\/li><li><strong>Informaci\u00f3n general de la empresa<\/strong>: Descripci\u00f3n de la estructura organizativa, la actividad principal, el mercado en el que opera y cualquier cambio significativo durante el per\u00edodo contable.<\/li><li><strong>An\u00e1lisis de los estados financieros<\/strong>: Comentarios sobre el balance general, la cuenta de resultados y el estado de flujos de efectivo, explicando variaciones significativas y tendencias observadas.<\/li><li><strong>Hechos relevantes posteriores al cierre del ejercicio<\/strong>: Informaci\u00f3n sobre eventos ocurridos despu\u00e9s del cierre del ejercicio que puedan influir en la situaci\u00f3n financiera de la empresa.<\/li><li><strong>Pol\u00edticas contables y cambios en las mismas<\/strong>: Descripci\u00f3n de las pol\u00edticas contables aplicadas y cualquier cambio efectuado durante el ejercicio.<\/li><li><strong>Riesgos y oportunidades<\/strong>: Identificaci\u00f3n de los principales riesgos y oportunidades que enfrenta la empresa, junto con las estrategias adoptadas para gestionarlos.<\/li><li><strong>Responsabilidad social y sostenibilidad<\/strong>: Informaci\u00f3n sobre las acciones de responsabilidad social y sostenibilidad llevadas a cabo por la empresa.<\/li><\/ol>\t\t\t\t\t\t\t\t<\/div>\n\t\t\t\t<\/div>\n\t\t\t\t\t<\/div>\n\t\t\t\t<\/div>\n\t\t<div class=\"elementor-element elementor-element-c67edd5 e-flex e-con-boxed e-con e-parent\" data-id=\"c67edd5\" data-element_type=\"container\">\n\t\t\t\t\t<div class=\"e-con-inner\">\n\t\t\t\t<div class=\"elementor-element elementor-element-dd13fd4 elementor-widget elementor-widget-spacer\" data-id=\"dd13fd4\" data-element_type=\"widget\" data-widget_type=\"spacer.default\">\n\t\t\t\t<div class=\"elementor-widget-container\">\n\t\t\t\t\t\t\t<div class=\"elementor-spacer\">\n\t\t\t<div class=\"elementor-spacer-inner\"><\/div>\n\t\t<\/div>\n\t\t\t\t\t\t<\/div>\n\t\t\t\t<\/div>\n\t\t\t\t\t<\/div>\n\t\t\t\t<\/div>\n\t\t<div class=\"elementor-element elementor-element-212a3cd e-flex e-con-boxed e-con e-parent\" data-id=\"212a3cd\" data-element_type=\"container\">\n\t\t\t\t\t<div class=\"e-con-inner\">\n\t\t\t\t<div class=\"elementor-element elementor-element-36c9c62 elementor-widget elementor-widget-heading\" data-id=\"36c9c62\" data-element_type=\"widget\" data-widget_type=\"heading.default\">\n\t\t\t\t<div class=\"elementor-widget-container\">\n\t\t\t\t\t<h3 class=\"elementor-heading-title elementor-size-default\">Importancia de la memoria contable<\/h3>\t\t\t\t<\/div>\n\t\t\t\t<\/div>\n\t\t\t\t\t<\/div>\n\t\t\t\t<\/div>\n\t\t<div class=\"elementor-element elementor-element-7bb5067 e-flex e-con-boxed e-con e-parent\" data-id=\"7bb5067\" data-element_type=\"container\">\n\t\t\t\t\t<div class=\"e-con-inner\">\n\t\t\t\t<div class=\"elementor-element elementor-element-483edaa elementor-widget elementor-widget-text-editor\" data-id=\"483edaa\" data-element_type=\"widget\" data-widget_type=\"text-editor.default\">\n\t\t\t\t<div class=\"elementor-widget-container\">\n\t\t\t\t\t\t\t\t\t<p>La memoria contable juega un <strong>papel crucial en la transparencia y la comunicaci\u00f3n financiera<\/strong>. Permite a los accionistas, inversores, acreedores y otros interesados comprender no solo los resultados financieros, sino tambi\u00e9n las estrategias y decisiones que los han generado. Adem\u00e1s, facilita la toma de decisiones al proporcionar un an\u00e1lisis exhaustivo de la situaci\u00f3n financiera y operativa de la empresa.<\/p><p>Para las pymes y grandes corporaciones, una memoria contable bien elaborada puede:<\/p><ul><li><strong>Mejorar la transparencia<\/strong> y la confianza con los inversores y otros stakeholders.<\/li><li>Ayudar en la<strong> identificaci\u00f3n de \u00e1reas de mejora y oportunidades<\/strong> de crecimiento.<\/li><li>Proporcionar un <strong>registro hist\u00f3rico<\/strong> detallado de las decisiones y eventos importantes.<\/li><li>Facilitar el <strong>cumplimiento de las normativas<\/strong> contables y fiscales.<\/li><\/ul>\t\t\t\t\t\t\t\t<\/div>\n\t\t\t\t<\/div>\n\t\t\t\t\t<\/div>\n\t\t\t\t<\/div>\n\t\t<div class=\"elementor-element elementor-element-50a41e7 e-flex e-con-boxed e-con e-parent\" data-id=\"50a41e7\" data-element_type=\"container\">\n\t\t\t\t\t<div class=\"e-con-inner\">\n\t\t\t\t<div class=\"elementor-element elementor-element-a6c17c4 elementor-widget elementor-widget-spacer\" data-id=\"a6c17c4\" data-element_type=\"widget\" data-widget_type=\"spacer.default\">\n\t\t\t\t<div class=\"elementor-widget-container\">\n\t\t\t\t\t\t\t<div class=\"elementor-spacer\">\n\t\t\t<div class=\"elementor-spacer-inner\"><\/div>\n\t\t<\/div>\n\t\t\t\t\t\t<\/div>\n\t\t\t\t<\/div>\n\t\t\t\t\t<\/div>\n\t\t\t\t<\/div>\n\t\t<div class=\"elementor-element elementor-element-5b0de96 e-flex e-con-boxed e-con e-parent\" data-id=\"5b0de96\" data-element_type=\"container\">\n\t\t\t\t\t<div class=\"e-con-inner\">\n\t\t\t\t<div class=\"elementor-element elementor-element-06e2f6d elementor-widget elementor-widget-heading\" data-id=\"06e2f6d\" data-element_type=\"widget\" data-widget_type=\"heading.default\">\n\t\t\t\t<div class=\"elementor-widget-container\">\n\t\t\t\t\t<h3 class=\"elementor-heading-title elementor-size-default\">C\u00f3mo elaborar una memoria contable<\/h3>\t\t\t\t<\/div>\n\t\t\t\t<\/div>\n\t\t\t\t\t<\/div>\n\t\t\t\t<\/div>\n\t\t<div class=\"elementor-element elementor-element-bbabed5 e-flex e-con-boxed e-con e-parent\" data-id=\"bbabed5\" data-element_type=\"container\">\n\t\t\t\t\t<div class=\"e-con-inner\">\n\t\t\t\t<div class=\"elementor-element elementor-element-50ed355 elementor-widget elementor-widget-text-editor\" data-id=\"50ed355\" data-element_type=\"widget\" data-widget_type=\"text-editor.default\">\n\t\t\t\t<div class=\"elementor-widget-container\">\n\t\t\t\t\t\t\t\t\t<p>Elaborar una memoria contable efectiva requiere una planificaci\u00f3n cuidadosa y una comprensi\u00f3n clara de los objetivos y requisitos de tu empresa. Aqu\u00ed te ofrecemos una gu\u00eda paso a paso para ayudarte en el proceso:<\/p>\t\t\t\t\t\t\t\t<\/div>\n\t\t\t\t<\/div>\n\t\t\t\t\t<\/div>\n\t\t\t\t<\/div>\n\t\t<div class=\"elementor-element elementor-element-4be52eb e-flex e-con-boxed e-con e-parent\" data-id=\"4be52eb\" data-element_type=\"container\">\n\t\t\t\t\t<div class=\"e-con-inner\">\n\t\t\t\t<div class=\"elementor-element elementor-element-60ca281 elementor-widget elementor-widget-heading\" data-id=\"60ca281\" data-element_type=\"widget\" data-widget_type=\"heading.default\">\n\t\t\t\t<div class=\"elementor-widget-container\">\n\t\t\t\t\t<h4 class=\"elementor-heading-title elementor-size-default\">1. Re\u00fane la informaci\u00f3n necesaria<\/h4>\t\t\t\t<\/div>\n\t\t\t\t<\/div>\n\t\t\t\t\t<\/div>\n\t\t\t\t<\/div>\n\t\t<div class=\"elementor-element elementor-element-cce8e31 e-flex e-con-boxed e-con e-parent\" data-id=\"cce8e31\" data-element_type=\"container\">\n\t\t\t\t\t<div class=\"e-con-inner\">\n\t\t\t\t<div class=\"elementor-element elementor-element-8139fdb elementor-widget elementor-widget-text-editor\" data-id=\"8139fdb\" data-element_type=\"widget\" data-widget_type=\"text-editor.default\">\n\t\t\t\t<div class=\"elementor-widget-container\">\n\t\t\t\t\t\t\t\t\t<p>Antes de comenzar a redactar, recopila toda la informaci\u00f3n relevante, incluidos los estados financieros, informes de auditor\u00eda, actas de reuniones de la junta directiva y cualquier otra documentaci\u00f3n pertinente. Aseg\u00farate de contar con datos precisos y actualizados.<\/p>\t\t\t\t\t\t\t\t<\/div>\n\t\t\t\t<\/div>\n\t\t\t\t\t<\/div>\n\t\t\t\t<\/div>\n\t\t<div class=\"elementor-element elementor-element-0b154a3 e-flex e-con-boxed e-con e-parent\" data-id=\"0b154a3\" data-element_type=\"container\">\n\t\t\t\t\t<div class=\"e-con-inner\">\n\t\t\t\t<div class=\"elementor-element elementor-element-673ab70 elementor-widget elementor-widget-heading\" data-id=\"673ab70\" data-element_type=\"widget\" data-widget_type=\"heading.default\">\n\t\t\t\t<div class=\"elementor-widget-container\">\n\t\t\t\t\t<h4 class=\"elementor-heading-title elementor-size-default\">2. Define la estructura del informe<\/h4>\t\t\t\t<\/div>\n\t\t\t\t<\/div>\n\t\t\t\t\t<\/div>\n\t\t\t\t<\/div>\n\t\t<div class=\"elementor-element elementor-element-5e2f05a e-flex e-con-boxed e-con e-parent\" data-id=\"5e2f05a\" data-element_type=\"container\">\n\t\t\t\t\t<div class=\"e-con-inner\">\n\t\t\t\t<div class=\"elementor-element elementor-element-ef02edf elementor-widget elementor-widget-text-editor\" data-id=\"ef02edf\" data-element_type=\"widget\" data-widget_type=\"text-editor.default\">\n\t\t\t\t<div class=\"elementor-widget-container\">\n\t\t\t\t\t\t\t\t\t<p>Establece una estructura clara y l\u00f3gica para tu memoria contable. Aunque la estructura puede variar seg\u00fan las necesidades espec\u00edficas de tu empresa, debe incluir los componentes b\u00e1sicos mencionados anteriormente. Mant\u00e9n una narrativa coherente y fluida, y utiliza encabezados y subencabezados para facilitar la lectura.<\/p>\t\t\t\t\t\t\t\t<\/div>\n\t\t\t\t<\/div>\n\t\t\t\t\t<\/div>\n\t\t\t\t<\/div>\n\t\t<div class=\"elementor-element elementor-element-8b8b325 e-flex e-con-boxed e-con e-parent\" data-id=\"8b8b325\" data-element_type=\"container\">\n\t\t\t\t\t<div class=\"e-con-inner\">\n\t\t\t\t<div class=\"elementor-element elementor-element-9163af6 elementor-widget elementor-widget-heading\" data-id=\"9163af6\" data-element_type=\"widget\" data-widget_type=\"heading.default\">\n\t\t\t\t<div class=\"elementor-widget-container\">\n\t\t\t\t\t<h4 class=\"elementor-heading-title elementor-size-default\">3. Redacta la introducci\u00f3n y el objetivo de la memoria<\/h4>\t\t\t\t<\/div>\n\t\t\t\t<\/div>\n\t\t\t\t\t<\/div>\n\t\t\t\t<\/div>\n\t\t<div class=\"elementor-element elementor-element-0bd2dc6 e-flex e-con-boxed e-con e-parent\" data-id=\"0bd2dc6\" data-element_type=\"container\">\n\t\t\t\t\t<div class=\"e-con-inner\">\n\t\t\t\t<div class=\"elementor-element elementor-element-3c7e0f7 elementor-widget elementor-widget-text-editor\" data-id=\"3c7e0f7\" data-element_type=\"widget\" data-widget_type=\"text-editor.default\">\n\t\t\t\t<div class=\"elementor-widget-container\">\n\t\t\t\t\t\t\t\t\t<p>Comienza con una introducci\u00f3n que explique el prop\u00f3sito del informe y proporcione una visi\u00f3n general de la situaci\u00f3n econ\u00f3mica de la empresa. Puedes incluir una carta del CEO o del presidente del consejo de administraci\u00f3n para dar un toque personal.<\/p>\t\t\t\t\t\t\t\t<\/div>\n\t\t\t\t<\/div>\n\t\t\t\t\t<\/div>\n\t\t\t\t<\/div>\n\t\t<div class=\"elementor-element elementor-element-d706a79 e-flex e-con-boxed e-con e-parent\" data-id=\"d706a79\" data-element_type=\"container\">\n\t\t\t\t\t<div class=\"e-con-inner\">\n\t\t\t\t<div class=\"elementor-element elementor-element-54fc08a elementor-widget elementor-widget-heading\" data-id=\"54fc08a\" data-element_type=\"widget\" data-widget_type=\"heading.default\">\n\t\t\t\t<div class=\"elementor-widget-container\">\n\t\t\t\t\t<h4 class=\"elementor-heading-title elementor-size-default\">4. Describe la informaci\u00f3n general de la empresa<\/h4>\t\t\t\t<\/div>\n\t\t\t\t<\/div>\n\t\t\t\t\t<\/div>\n\t\t\t\t<\/div>\n\t\t<div class=\"elementor-element elementor-element-e3dae8c e-flex e-con-boxed e-con e-parent\" data-id=\"e3dae8c\" data-element_type=\"container\">\n\t\t\t\t\t<div class=\"e-con-inner\">\n\t\t\t\t<div class=\"elementor-element elementor-element-e16a7db elementor-widget elementor-widget-text-editor\" data-id=\"e16a7db\" data-element_type=\"widget\" data-widget_type=\"text-editor.default\">\n\t\t\t\t<div class=\"elementor-widget-container\">\n\t\t\t\t\t\t\t\t\t<p>Proporciona una descripci\u00f3n detallada de la empresa, su estructura organizativa, actividad principal y mercado en el que opera. Incluye informaci\u00f3n sobre cambios significativos ocurridos durante el per\u00edodo contable, como fusiones, adquisiciones o reestructuraciones.<\/p>\t\t\t\t\t\t\t\t<\/div>\n\t\t\t\t<\/div>\n\t\t\t\t\t<\/div>\n\t\t\t\t<\/div>\n\t\t<div class=\"elementor-element elementor-element-31800c1 e-flex e-con-boxed e-con e-parent\" data-id=\"31800c1\" data-element_type=\"container\">\n\t\t\t\t\t<div class=\"e-con-inner\">\n\t\t\t\t<div class=\"elementor-element elementor-element-a4eb862 elementor-widget elementor-widget-heading\" data-id=\"a4eb862\" data-element_type=\"widget\" data-widget_type=\"heading.default\">\n\t\t\t\t<div class=\"elementor-widget-container\">\n\t\t\t\t\t<h4 class=\"elementor-heading-title elementor-size-default\">5. Analiza los estados financieros<\/h4>\t\t\t\t<\/div>\n\t\t\t\t<\/div>\n\t\t\t\t\t<\/div>\n\t\t\t\t<\/div>\n\t\t<div class=\"elementor-element elementor-element-bfbd233 e-flex e-con-boxed e-con e-parent\" data-id=\"bfbd233\" data-element_type=\"container\">\n\t\t\t\t\t<div class=\"e-con-inner\">\n\t\t\t\t<div class=\"elementor-element elementor-element-a245595 elementor-widget elementor-widget-text-editor\" data-id=\"a245595\" data-element_type=\"widget\" data-widget_type=\"text-editor.default\">\n\t\t\t\t<div class=\"elementor-widget-container\">\n\t\t\t\t\t\t\t\t\t<p>Realiza un an\u00e1lisis detallado del balance general, la cuenta de resultados y el estado de flujos de efectivo. Explica las variaciones significativas y las tendencias observadas, y proporciona una interpretaci\u00f3n de los datos financieros en el contexto de las decisiones empresariales y el entorno econ\u00f3mico.<\/p>\t\t\t\t\t\t\t\t<\/div>\n\t\t\t\t<\/div>\n\t\t\t\t\t<\/div>\n\t\t\t\t<\/div>\n\t\t<div class=\"elementor-element elementor-element-23b0083 e-flex e-con-boxed e-con e-parent\" data-id=\"23b0083\" data-element_type=\"container\">\n\t\t\t\t\t<div class=\"e-con-inner\">\n\t\t\t\t<div class=\"elementor-element elementor-element-57a9101 elementor-widget elementor-widget-heading\" data-id=\"57a9101\" data-element_type=\"widget\" data-widget_type=\"heading.default\">\n\t\t\t\t<div class=\"elementor-widget-container\">\n\t\t\t\t\t<h4 class=\"elementor-heading-title elementor-size-default\">6. Informa sobre los hechos relevantes posteriores al cierre del ejercicio<\/h4>\t\t\t\t<\/div>\n\t\t\t\t<\/div>\n\t\t\t\t\t<\/div>\n\t\t\t\t<\/div>\n\t\t<div class=\"elementor-element elementor-element-71aa6ab e-flex e-con-boxed e-con e-parent\" data-id=\"71aa6ab\" data-element_type=\"container\">\n\t\t\t\t\t<div class=\"e-con-inner\">\n\t\t\t\t<div class=\"elementor-element elementor-element-cd97412 elementor-widget elementor-widget-text-editor\" data-id=\"cd97412\" data-element_type=\"widget\" data-widget_type=\"text-editor.default\">\n\t\t\t\t<div class=\"elementor-widget-container\">\n\t\t\t\t\t\t\t\t\t<p>Incluye cualquier evento significativo ocurrido despu\u00e9s del cierre del ejercicio que pueda afectar la situaci\u00f3n financiera de la empresa. Estos pueden incluir cambios en la legislaci\u00f3n, decisiones judiciales, adquisiciones o ventas importantes, entre otros.<\/p>\t\t\t\t\t\t\t\t<\/div>\n\t\t\t\t<\/div>\n\t\t\t\t\t<\/div>\n\t\t\t\t<\/div>\n\t\t<div class=\"elementor-element elementor-element-93aa8e5 e-flex e-con-boxed e-con e-parent\" data-id=\"93aa8e5\" data-element_type=\"container\">\n\t\t\t\t\t<div class=\"e-con-inner\">\n\t\t\t\t<div class=\"elementor-element elementor-element-5870030 elementor-widget elementor-widget-heading\" data-id=\"5870030\" data-element_type=\"widget\" data-widget_type=\"heading.default\">\n\t\t\t\t<div class=\"elementor-widget-container\">\n\t\t\t\t\t<h4 class=\"elementor-heading-title elementor-size-default\">7. Detalla las pol\u00edticas contables y cambios en las mismas<\/h4>\t\t\t\t<\/div>\n\t\t\t\t<\/div>\n\t\t\t\t\t<\/div>\n\t\t\t\t<\/div>\n\t\t<div class=\"elementor-element elementor-element-1c380a1 e-flex e-con-boxed e-con e-parent\" data-id=\"1c380a1\" data-element_type=\"container\">\n\t\t\t\t\t<div class=\"e-con-inner\">\n\t\t\t\t<div class=\"elementor-element elementor-element-8bda297 elementor-widget elementor-widget-text-editor\" data-id=\"8bda297\" data-element_type=\"widget\" data-widget_type=\"text-editor.default\">\n\t\t\t\t<div class=\"elementor-widget-container\">\n\t\t\t\t\t\t\t\t\t<p>Describe las pol\u00edticas contables aplicadas durante el ejercicio y cualquier cambio efectuado. Explica c\u00f3mo estos cambios han impactado los resultados financieros y la comparabilidad con ejercicios anteriores.<\/p>\t\t\t\t\t\t\t\t<\/div>\n\t\t\t\t<\/div>\n\t\t\t\t\t<\/div>\n\t\t\t\t<\/div>\n\t\t<div class=\"elementor-element elementor-element-36e6b52 e-flex e-con-boxed e-con e-parent\" data-id=\"36e6b52\" data-element_type=\"container\">\n\t\t\t\t\t<div class=\"e-con-inner\">\n\t\t\t\t<div class=\"elementor-element elementor-element-63626ec elementor-widget elementor-widget-heading\" data-id=\"63626ec\" data-element_type=\"widget\" data-widget_type=\"heading.default\">\n\t\t\t\t<div class=\"elementor-widget-container\">\n\t\t\t\t\t<h4 class=\"elementor-heading-title elementor-size-default\">8. Identifica riesgos y oportunidades<\/h4>\t\t\t\t<\/div>\n\t\t\t\t<\/div>\n\t\t\t\t\t<\/div>\n\t\t\t\t<\/div>\n\t\t<div class=\"elementor-element elementor-element-ffd25d5 e-flex e-con-boxed e-con e-parent\" data-id=\"ffd25d5\" data-element_type=\"container\">\n\t\t\t\t\t<div class=\"e-con-inner\">\n\t\t\t\t<div class=\"elementor-element elementor-element-9213167 elementor-widget elementor-widget-text-editor\" data-id=\"9213167\" data-element_type=\"widget\" data-widget_type=\"text-editor.default\">\n\t\t\t\t<div class=\"elementor-widget-container\">\n\t\t\t\t\t\t\t\t\t<p>Proporciona un an\u00e1lisis de los principales riesgos y oportunidades que enfrenta la empresa. Describe las estrategias adoptadas para gestionar estos riesgos y capitalizar las oportunidades, y c\u00f3mo estas decisiones pueden influir en el futuro de la empresa.<\/p>\t\t\t\t\t\t\t\t<\/div>\n\t\t\t\t<\/div>\n\t\t\t\t\t<\/div>\n\t\t\t\t<\/div>\n\t\t<div class=\"elementor-element elementor-element-37238ff e-flex e-con-boxed e-con e-parent\" data-id=\"37238ff\" data-element_type=\"container\">\n\t\t\t\t\t<div class=\"e-con-inner\">\n\t\t\t\t<div class=\"elementor-element elementor-element-b4f9268 elementor-widget elementor-widget-heading\" data-id=\"b4f9268\" data-element_type=\"widget\" data-widget_type=\"heading.default\">\n\t\t\t\t<div class=\"elementor-widget-container\">\n\t\t\t\t\t<h4 class=\"elementor-heading-title elementor-size-default\">9. Incluye informaci\u00f3n sobre responsabilidad social y sostenibilidad<\/h4>\t\t\t\t<\/div>\n\t\t\t\t<\/div>\n\t\t\t\t\t<\/div>\n\t\t\t\t<\/div>\n\t\t<div class=\"elementor-element elementor-element-b0691b8 e-flex e-con-boxed e-con e-parent\" data-id=\"b0691b8\" data-element_type=\"container\">\n\t\t\t\t\t<div class=\"e-con-inner\">\n\t\t\t\t<div class=\"elementor-element elementor-element-88a99b4 elementor-widget elementor-widget-text-editor\" data-id=\"88a99b4\" data-element_type=\"widget\" data-widget_type=\"text-editor.default\">\n\t\t\t\t<div class=\"elementor-widget-container\">\n\t\t\t\t\t\t\t\t\t<p>Destaca las acciones de responsabilidad social y sostenibilidad llevadas a cabo por la empresa. Esto puede incluir iniciativas medioambientales, programas comunitarios, pr\u00e1cticas laborales \u00e9ticas, entre otros.<\/p>\t\t\t\t\t\t\t\t<\/div>\n\t\t\t\t<\/div>\n\t\t\t\t\t<\/div>\n\t\t\t\t<\/div>\n\t\t<div class=\"elementor-element elementor-element-c872afb e-flex e-con-boxed e-con e-parent\" data-id=\"c872afb\" data-element_type=\"container\">\n\t\t\t\t\t<div class=\"e-con-inner\">\n\t\t\t\t<div class=\"elementor-element elementor-element-b2fd229 elementor-widget elementor-widget-heading\" data-id=\"b2fd229\" data-element_type=\"widget\" data-widget_type=\"heading.default\">\n\t\t\t\t<div class=\"elementor-widget-container\">\n\t\t\t\t\t<h4 class=\"elementor-heading-title elementor-size-default\">10. Revisa y valida el informe<\/h4>\t\t\t\t<\/div>\n\t\t\t\t<\/div>\n\t\t\t\t\t<\/div>\n\t\t\t\t<\/div>\n\t\t<div class=\"elementor-element elementor-element-acb2ca5 e-flex e-con-boxed e-con e-parent\" data-id=\"acb2ca5\" data-element_type=\"container\">\n\t\t\t\t\t<div class=\"e-con-inner\">\n\t\t\t\t<div class=\"elementor-element elementor-element-5a22e68 elementor-widget elementor-widget-text-editor\" data-id=\"5a22e68\" data-element_type=\"widget\" data-widget_type=\"text-editor.default\">\n\t\t\t\t<div class=\"elementor-widget-container\">\n\t\t\t\t\t\t\t\t\t<p>Finalmente, revisa cuidadosamente la memoria contable para asegurar su precisi\u00f3n y coherencia. Consulta con los responsables financieros y otros miembros clave de la empresa para validar la informaci\u00f3n y obtener retroalimentaci\u00f3n.<\/p>\t\t\t\t\t\t\t\t<\/div>\n\t\t\t\t<\/div>\n\t\t\t\t\t<\/div>\n\t\t\t\t<\/div>\n\t\t<div class=\"elementor-element elementor-element-38b750e2 e-flex e-con-boxed e-con e-parent\" data-id=\"38b750e2\" data-element_type=\"container\" data-settings=\"{&quot;background_background&quot;:&quot;classic&quot;}\">\n\t\t\t\t\t<div class=\"e-con-inner\">\n\t\t<div class=\"elementor-element elementor-element-db74890 e-con-full e-flex e-con e-child\" data-id=\"db74890\" data-element_type=\"container\">\n\t\t<div class=\"elementor-element elementor-element-2c1c411 e-flex e-con-boxed e-con e-child\" data-id=\"2c1c411\" data-element_type=\"container\">\n\t\t\t\t\t<div class=\"e-con-inner\">\n\t\t\t\t<div class=\"elementor-element elementor-element-4080d67 elementor-widget elementor-widget-heading\" data-id=\"4080d67\" data-element_type=\"widget\" data-widget_type=\"heading.default\">\n\t\t\t\t<div class=\"elementor-widget-container\">\n\t\t\t\t\t<h3 class=\"elementor-heading-title elementor-size-default\">Digitaliza tu empresa<\/h3>\t\t\t\t<\/div>\n\t\t\t\t<\/div>\n\t\t\t\t<div class=\"elementor-element elementor-element-649b8f79 elementor-widget elementor-widget-text-editor\" data-id=\"649b8f79\" data-element_type=\"widget\" data-widget_type=\"text-editor.default\">\n\t\t\t\t<div class=\"elementor-widget-container\">\n\t\t\t\t\t\t\t\t\t<p>Simplifica tu d\u00eda a d\u00eda con nuestra plataforma de facturaci\u00f3n electr\u00f3nica.<\/p>\t\t\t\t\t\t\t\t<\/div>\n\t\t\t\t<\/div>\n\t\t\t\t<div class=\"elementor-element elementor-element-1248161e elementor-widget elementor-widget-button\" data-id=\"1248161e\" data-element_type=\"widget\" data-widget_type=\"button.default\">\n\t\t\t\t<div class=\"elementor-widget-container\">\n\t\t\t\t\t\t\t\t\t<div class=\"elementor-button-wrapper\">\n\t\t\t\t\t<a class=\"elementor-button elementor-button-link elementor-size-md\" href=\"https:\/\/myaccount.finanedi.es\/signup\" target=\"_blank\">\n\t\t\t\t\t\t<span class=\"elementor-button-content-wrapper\">\n\t\t\t\t\t\t\t\t\t<span class=\"elementor-button-text\">Crear cuenta gratis<\/span>\n\t\t\t\t\t<\/span>\n\t\t\t\t\t<\/a>\n\t\t\t\t<\/div>\n\t\t\t\t\t\t\t\t<\/div>\n\t\t\t\t<\/div>\n\t\t\t\t\t<\/div>\n\t\t\t\t<\/div>\n\t\t\t\t<\/div>\n\t\t<div class=\"elementor-element elementor-element-54e8408b e-con-full e-flex e-con e-child\" data-id=\"54e8408b\" data-element_type=\"container\">\n\t\t\t\t<div class=\"elementor-element elementor-element-86ccb38 elementor-widget elementor-widget-image\" data-id=\"86ccb38\" data-element_type=\"widget\" data-widget_type=\"image.default\">\n\t\t\t\t<div class=\"elementor-widget-container\">\n\t\t\t\t\t\t\t\t\t\t\t\t\t\t\t<img fetchpriority=\"high\" decoding=\"async\" width=\"300\" height=\"202\" src=\"https:\/\/finanedi.es\/blog\/contenido\/uploads\/2024\/03\/Documentos-300x202.png\" class=\"attachment-medium size-medium wp-image-399\" alt=\"Crear factura FinanEDI\" srcset=\"https:\/\/finanedi.es\/blog\/contenido\/uploads\/2024\/03\/Documentos-300x202.png 300w, https:\/\/finanedi.es\/blog\/contenido\/uploads\/2024\/03\/Documentos-1024x691.png 1024w, https:\/\/finanedi.es\/blog\/contenido\/uploads\/2024\/03\/Documentos-768x518.png 768w, https:\/\/finanedi.es\/blog\/contenido\/uploads\/2024\/03\/Documentos-1536x1036.png 1536w, https:\/\/finanedi.es\/blog\/contenido\/uploads\/2024\/03\/Documentos.png 1920w\" sizes=\"(max-width: 300px) 100vw, 300px\" \/>\t\t\t\t\t\t\t\t\t\t\t\t\t\t\t<\/div>\n\t\t\t\t<\/div>\n\t\t\t\t<\/div>\n\t\t\t\t\t<\/div>\n\t\t\t\t<\/div>\n\t\t<div class=\"elementor-element elementor-element-734c4d4 e-flex e-con-boxed e-con e-parent\" data-id=\"734c4d4\" data-element_type=\"container\">\n\t\t\t\t\t<div class=\"e-con-inner\">\n\t\t\t\t<div class=\"elementor-element elementor-element-a7da31f elementor-widget elementor-widget-spacer\" data-id=\"a7da31f\" data-element_type=\"widget\" data-widget_type=\"spacer.default\">\n\t\t\t\t<div class=\"elementor-widget-container\">\n\t\t\t\t\t\t\t<div class=\"elementor-spacer\">\n\t\t\t<div class=\"elementor-spacer-inner\"><\/div>\n\t\t<\/div>\n\t\t\t\t\t\t<\/div>\n\t\t\t\t<\/div>\n\t\t\t\t\t<\/div>\n\t\t\t\t<\/div>\n\t\t<div class=\"elementor-element elementor-element-966d4ac e-flex e-con-boxed e-con e-parent\" data-id=\"966d4ac\" data-element_type=\"container\">\n\t\t\t\t\t<div class=\"e-con-inner\">\n\t\t\t\t<div class=\"elementor-element elementor-element-a16cae7 elementor-widget elementor-widget-text-editor\" data-id=\"a16cae7\" data-element_type=\"widget\" data-widget_type=\"text-editor.default\">\n\t\t\t\t<div class=\"elementor-widget-container\">\n\t\t\t\t\t\t\t\t\t<p>La elaboraci\u00f3n de una memoria contable es un proceso integral que requiere atenci\u00f3n al detalle y una comprensi\u00f3n profunda de las actividades y resultados financieros de la empresa. Al proporcionar una visi\u00f3n completa y transparente de la situaci\u00f3n econ\u00f3mica y operativa, la memoria contable no solo cumple con las exigencias normativas, sino que tambi\u00e9n fortalece la confianza y la credibilidad ante los stakeholders. Con una planificaci\u00f3n adecuada y un enfoque meticuloso, puedes crear una memoria contable que refleje fielmente la salud financiera de tu empresa y sus perspectivas futuras.<\/p>\t\t\t\t\t\t\t\t<\/div>\n\t\t\t\t<\/div>\n\t\t\t\t\t<\/div>\n\t\t\t\t<\/div>\n\t\t<div class=\"elementor-element elementor-element-46310ed8 e-flex e-con-boxed e-con e-parent\" data-id=\"46310ed8\" data-element_type=\"container\">\n\t\t\t\t\t<div class=\"e-con-inner\">\n\t\t<div class=\"elementor-element elementor-element-57d2a0b0 e-con-full e-flex e-con e-child\" data-id=\"57d2a0b0\" data-element_type=\"container\">\n\t\t\t\t<div class=\"elementor-element elementor-element-38f08c29 elementor-widget elementor-widget-spacer\" data-id=\"38f08c29\" data-element_type=\"widget\" data-widget_type=\"spacer.default\">\n\t\t\t\t<div class=\"elementor-widget-container\">\n\t\t\t\t\t\t\t<div class=\"elementor-spacer\">\n\t\t\t<div class=\"elementor-spacer-inner\"><\/div>\n\t\t<\/div>\n\t\t\t\t\t\t<\/div>\n\t\t\t\t<\/div>\n\t\t\t\t<\/div>\n\t\t<div class=\"elementor-element elementor-element-72573a9e e-con-full e-flex e-con e-child\" data-id=\"72573a9e\" data-element_type=\"container\">\n\t\t\t\t<div class=\"elementor-element elementor-element-46e77720 elementor-widget elementor-widget-heading\" data-id=\"46e77720\" data-element_type=\"widget\" data-widget_type=\"heading.default\">\n\t\t\t\t<div class=\"elementor-widget-container\">\n\t\t\t\t\t<h3 class=\"elementor-heading-title elementor-size-default\">No te pierdas...<\/h3>\t\t\t\t<\/div>\n\t\t\t\t<\/div>\n\t\t\t\t<\/div>\n\t\t<div class=\"elementor-element elementor-element-3272c289 e-con-full e-flex e-con e-child\" data-id=\"3272c289\" data-element_type=\"container\">\n\t\t\t\t<div class=\"elementor-element elementor-element-65624c31 elementor-widget elementor-widget-katen-post-five\" data-id=\"65624c31\" data-element_type=\"widget\" data-widget_type=\"katen-post-five.default\">\n\t\t\t\t<div class=\"elementor-widget-container\">\n\t\t\t\t\t\t\t<div class=\"padding-30 rounded bordered\">\n\n\t\t\t<div class=\"row infinite-wrapper\">\n\n\t\t\t\n\t\t\t\t<div class=\"col-md-12 col-sm-6 post-list-item post-item\">\n\t\t\t\t\t<!-- post -->\n\t\t\t\t\t<div class=\"post post-list clearfix\">\n\n\t\t\t\t\t\t<div class=\"thumb rounded\"><div class=\"inner\"><a href=\"https:\/\/finanedi.es\/blog\/que-gastos-son-deducibles-para-autonomos-y-empresas\/\"><img decoding=\"async\" width=\"330\" height=\"250\" src=\"https:\/\/finanedi.es\/blog\/contenido\/uploads\/2025\/10\/Que-gastos-son-deducibles-para-autonomos-y-empresas-330x250.jpg\" class=\"attachment-katen-thumb-list size-katen-thumb-list wp-post-image\" alt=\"Qu\u00e9 gastos son deducibles para aut\u00f3nomos y empresas\" \/><\/a><\/div><\/div>  \n\n\t\t\t\t\t\t<div class=\"details clearfix\">\n\t\t\t\t\t\t\t<ul class=\"meta list-inline mb-3\">\n\t\t\t\t\t\t\t\t<li class=\"list-inline-item\"><a href=\"https:\/\/finanedi.es\/blog\/category\/contabilidad\/\">Contabilidad<\/a><\/li>\t\t\t\t\t\t\t<\/ul>\n\t\t\t\t\t\t\t<h5 class=\"post-title\"><a href=\"https:\/\/finanedi.es\/blog\/que-gastos-son-deducibles-para-autonomos-y-empresas\/\">Qu\u00e9 gastos son deducibles para aut\u00f3nomos y empresas<\/a><\/h5>\n\t\t\t\t\t\t\t<p class=\"excerpt mb-0\">\n\t\t\t\t\t\t\t\tLlevar la contabilidad al d\u00eda no es solo una cuesti\u00f3n de orden: tambi\u00e9n puede marcar&hellip;\t\t\t\t\t\t\t<\/p>\n\t\t\t\t\t\t\t<div class=\"post-bottom clearfix d-flex align-items-center\">\n\t\t\t\t\t\t\t\t\t\t\t\t\t\t\t\t\t\t\t\t\t\t\t<\/div>\n\t\t\t\t\t\t<\/div>\n\t\t\t\t\t<\/div>\n\t\t\t\t<\/div>\n\n\t\t\t\n\t\t\t\t<div class=\"col-md-12 col-sm-6 post-list-item post-item\">\n\t\t\t\t\t<!-- post -->\n\t\t\t\t\t<div class=\"post post-list clearfix\">\n\n\t\t\t\t\t\t<div class=\"thumb rounded\"><div class=\"inner\"><a href=\"https:\/\/finanedi.es\/blog\/impuesto-de-sociedades-lo-que-toda-pyme-debe-saber-para-optimizar-su-fiscalidad\/\"><img decoding=\"async\" width=\"330\" height=\"250\" src=\"https:\/\/finanedi.es\/blog\/contenido\/uploads\/2025\/10\/Impuesto-de-Sociedades-lo-que-toda-pyme-debe-saber-para-optimizar-su-fiscalidad-330x250.jpg\" class=\"attachment-katen-thumb-list size-katen-thumb-list wp-post-image\" alt=\"Impuesto de Sociedades lo que toda pyme debe saber para optimizar su fiscalidad\" \/><\/a><\/div><\/div>  \n\n\t\t\t\t\t\t<div class=\"details clearfix\">\n\t\t\t\t\t\t\t<ul class=\"meta list-inline mb-3\">\n\t\t\t\t\t\t\t\t<li class=\"list-inline-item\"><a href=\"https:\/\/finanedi.es\/blog\/category\/contabilidad\/\">Contabilidad<\/a><\/li>\t\t\t\t\t\t\t<\/ul>\n\t\t\t\t\t\t\t<h5 class=\"post-title\"><a href=\"https:\/\/finanedi.es\/blog\/impuesto-de-sociedades-lo-que-toda-pyme-debe-saber-para-optimizar-su-fiscalidad\/\">Impuesto de Sociedades: lo que toda pyme debe saber para optimizar su fiscalidad<\/a><\/h5>\n\t\t\t\t\t\t\t<p class=\"excerpt mb-0\">\n\t\t\t\t\t\t\t\tCada a\u00f1o, miles de empresas espa\u00f1olas se enfrentan al mismo reto: presentar el Impuesto de&hellip;\t\t\t\t\t\t\t<\/p>\n\t\t\t\t\t\t\t<div class=\"post-bottom clearfix d-flex align-items-center\">\n\t\t\t\t\t\t\t\t\t\t\t\t\t\t\t\t\t\t\t\t\t\t\t<\/div>\n\t\t\t\t\t\t<\/div>\n\t\t\t\t\t<\/div>\n\t\t\t\t<\/div>\n\n\t\t\t\n\t\t\t\t<div class=\"col-md-12 col-sm-6 post-list-item post-item\">\n\t\t\t\t\t<!-- post -->\n\t\t\t\t\t<div class=\"post post-list clearfix\">\n\n\t\t\t\t\t\t<div class=\"thumb rounded\"><div class=\"inner\"><a href=\"https:\/\/finanedi.es\/blog\/que-es-el-codigo-irus-en-el-deposito-de-cuentas-anuales\/\"><img loading=\"lazy\" decoding=\"async\" width=\"330\" height=\"250\" src=\"https:\/\/finanedi.es\/blog\/contenido\/uploads\/2025\/07\/Que-es-el-codigo-IRUS-en-el-deposito-de-cuentas-anuales-330x250.jpg\" class=\"attachment-katen-thumb-list size-katen-thumb-list wp-post-image\" alt=\"\u00bfQu\u00e9 es el c\u00f3digo IRUS en el dep\u00f3sito de cuentas anuales\" \/><\/a><\/div><\/div>  \n\n\t\t\t\t\t\t<div class=\"details clearfix\">\n\t\t\t\t\t\t\t<ul class=\"meta list-inline mb-3\">\n\t\t\t\t\t\t\t\t<li class=\"list-inline-item\"><a href=\"https:\/\/finanedi.es\/blog\/category\/contabilidad\/\">Contabilidad<\/a><\/li>\t\t\t\t\t\t\t<\/ul>\n\t\t\t\t\t\t\t<h5 class=\"post-title\"><a href=\"https:\/\/finanedi.es\/blog\/que-es-el-codigo-irus-en-el-deposito-de-cuentas-anuales\/\">\u00bfQu\u00e9 es el c\u00f3digo IRUS en el dep\u00f3sito de cuentas anuales?<\/a><\/h5>\n\t\t\t\t\t\t\t<p class=\"excerpt mb-0\">\n\t\t\t\t\t\t\t\tCuando una empresa presenta sus cuentas anuales en el Registro Mercantil, es com\u00fan encontrarse con&hellip;\t\t\t\t\t\t\t<\/p>\n\t\t\t\t\t\t\t<div class=\"post-bottom clearfix d-flex align-items-center\">\n\t\t\t\t\t\t\t\t\t\t\t\t\t\t\t\t\t\t\t\t\t\t\t<\/div>\n\t\t\t\t\t\t<\/div>\n\t\t\t\t\t<\/div>\n\t\t\t\t<\/div>\n\n\t\t\t\n\t\t\t\t<div class=\"col-md-12 col-sm-6 post-list-item post-item\">\n\t\t\t\t\t<!-- post -->\n\t\t\t\t\t<div class=\"post post-list clearfix\">\n\n\t\t\t\t\t\t<div class=\"thumb rounded\"><div class=\"inner\"><a href=\"https:\/\/finanedi.es\/blog\/errores-contables-frecuentes-al-usar-excel-como-programa-de-facturacion\/\"><img loading=\"lazy\" decoding=\"async\" width=\"330\" height=\"250\" src=\"https:\/\/finanedi.es\/blog\/contenido\/uploads\/2025\/07\/Errores-contables-frecuentes-al-usar-Excel-como-programa-de-facturacion-330x250.jpg\" class=\"attachment-katen-thumb-list size-katen-thumb-list wp-post-image\" alt=\"Errores contables frecuentes al usar Excel como programa de facturaci\u00f3n\" \/><\/a><\/div><\/div>  \n\n\t\t\t\t\t\t<div class=\"details clearfix\">\n\t\t\t\t\t\t\t<ul class=\"meta list-inline mb-3\">\n\t\t\t\t\t\t\t\t<li class=\"list-inline-item\"><a href=\"https:\/\/finanedi.es\/blog\/category\/contabilidad\/\">Contabilidad<\/a><\/li>\t\t\t\t\t\t\t<\/ul>\n\t\t\t\t\t\t\t<h5 class=\"post-title\"><a href=\"https:\/\/finanedi.es\/blog\/errores-contables-frecuentes-al-usar-excel-como-programa-de-facturacion\/\">Errores contables frecuentes al usar Excel como programa de facturaci\u00f3n<\/a><\/h5>\n\t\t\t\t\t\t\t<p class=\"excerpt mb-0\">\n\t\t\t\t\t\t\t\tExcel es, sin duda, una de las herramientas m\u00e1s utilizadas por aut\u00f3nomos y peque\u00f1as empresas&hellip;\t\t\t\t\t\t\t<\/p>\n\t\t\t\t\t\t\t<div class=\"post-bottom clearfix d-flex align-items-center\">\n\t\t\t\t\t\t\t\t\t\t\t\t\t\t\t\t\t\t\t\t\t\t\t<\/div>\n\t\t\t\t\t\t<\/div>\n\t\t\t\t\t<\/div>\n\t\t\t\t<\/div>\n\n\t\t\t\n\t\t\t<\/div>\n\n\t\t<\/div>\n\t\t\n        \t\t\t\t<\/div>\n\t\t\t\t<\/div>\n\t\t\t\t<\/div>\n\t\t\t\t\t<\/div>\n\t\t\t\t<\/div>\n\t\t\t\t<\/div>\n\t\t","protected":false},"excerpt":{"rendered":"<p>La memoria contable es un elemento fundamental en la contabilidad de cualquier empresa, proporcionando una visi\u00f3n detallada y comprensiva de las actividades financieras y operativas. Es un documento que acompa\u00f1a a los estados financieros anuales y tiene como objetivo principal ofrecer una explicaci\u00f3n cualitativa y cuantitativa de las cifras presentadas en dichos estados. Pero, \u00bfen qu\u00e9 consiste exactamente y c\u00f3mo puedes elaborarla de manera eficiente en tu empresa?<\/p>\n","protected":false},"author":3,"featured_media":3108,"comment_status":"closed","ping_status":"open","sticky":false,"template":"","format":"standard","meta":{"_monsterinsights_skip_tracking":false,"_monsterinsights_sitenote_active":false,"_monsterinsights_sitenote_note":"","_monsterinsights_sitenote_category":0,"footnotes":""},"categories":[6],"tags":[63],"class_list":["post-3104","post","type-post","status-publish","format-standard","has-post-thumbnail","hentry","category-contabilidad","tag-glosario-empresarial"],"yoast_head":"<!-- This site is optimized with the Yoast SEO plugin v26.2 - https:\/\/yoast.com\/wordpress\/plugins\/seo\/ -->\n<title>Memoria contable: la clave para una contabilidad transparente - Blog para pymes y aut\u00f3nomos - FinanEDI<\/title>\n<meta name=\"description\" content=\"La memoria contable es un elemento fundamental en la contabilidad, proporcionando una visi\u00f3n detallada de las actividades financieras.\" \/>\n<meta name=\"robots\" content=\"index, follow, max-snippet:-1, max-image-preview:large, max-video-preview:-1\" \/>\n<link rel=\"canonical\" href=\"https:\/\/finanedi.es\/blog\/que-es-la-memoria-contable-la-clave-para-una-contabilidad-transparente\/\" \/>\n<meta property=\"og:locale\" content=\"es_ES\" \/>\n<meta property=\"og:type\" content=\"article\" \/>\n<meta property=\"og:title\" content=\"Memoria contable: la clave para una contabilidad transparente - Blog para pymes y aut\u00f3nomos - FinanEDI\" \/>\n<meta property=\"og:description\" content=\"La memoria contable es un elemento fundamental en la contabilidad, proporcionando una visi\u00f3n detallada de las actividades financieras.\" \/>\n<meta property=\"og:url\" content=\"https:\/\/finanedi.es\/blog\/que-es-la-memoria-contable-la-clave-para-una-contabilidad-transparente\/\" \/>\n<meta property=\"og:site_name\" content=\"Blog para pymes y aut\u00f3nomos - FinanEDI\" \/>\n<meta property=\"article:published_time\" content=\"2024-08-16T12:50:27+00:00\" \/>\n<meta property=\"article:modified_time\" content=\"2024-08-29T06:13:22+00:00\" \/>\n<meta property=\"og:image\" content=\"https:\/\/finanedi.es\/blog\/contenido\/uploads\/2024\/08\/Memoria-contable.jpg\" \/>\n\t<meta property=\"og:image:width\" content=\"2000\" \/>\n\t<meta property=\"og:image:height\" content=\"1125\" \/>\n\t<meta property=\"og:image:type\" content=\"image\/jpeg\" \/>\n<meta name=\"author\" content=\"restevez\" \/>\n<meta name=\"twitter:card\" content=\"summary_large_image\" \/>\n<meta name=\"twitter:label1\" content=\"Escrito por\" \/>\n\t<meta name=\"twitter:data1\" content=\"restevez\" \/>\n\t<meta name=\"twitter:label2\" content=\"Tiempo de lectura\" \/>\n\t<meta name=\"twitter:data2\" content=\"7 minutos\" \/>\n<script type=\"application\/ld+json\" class=\"yoast-schema-graph\">{\"@context\":\"https:\/\/schema.org\",\"@graph\":[{\"@type\":\"Article\",\"@id\":\"https:\/\/finanedi.es\/blog\/que-es-la-memoria-contable-la-clave-para-una-contabilidad-transparente\/#article\",\"isPartOf\":{\"@id\":\"https:\/\/finanedi.es\/blog\/que-es-la-memoria-contable-la-clave-para-una-contabilidad-transparente\/\"},\"author\":{\"name\":\"restevez\",\"@id\":\"https:\/\/finanedi.es\/blog\/#\/schema\/person\/233ed58195d34f36f74f13ba1030ebd8\"},\"headline\":\"Memoria contable: la clave para una contabilidad transparente\",\"datePublished\":\"2024-08-16T12:50:27+00:00\",\"dateModified\":\"2024-08-29T06:13:22+00:00\",\"mainEntityOfPage\":{\"@id\":\"https:\/\/finanedi.es\/blog\/que-es-la-memoria-contable-la-clave-para-una-contabilidad-transparente\/\"},\"wordCount\":1201,\"publisher\":{\"@id\":\"https:\/\/finanedi.es\/blog\/#organization\"},\"image\":{\"@id\":\"https:\/\/finanedi.es\/blog\/que-es-la-memoria-contable-la-clave-para-una-contabilidad-transparente\/#primaryimage\"},\"thumbnailUrl\":\"https:\/\/finanedi.es\/blog\/contenido\/uploads\/2024\/08\/Memoria-contable.jpg\",\"keywords\":[\"Glosario empresarial\"],\"articleSection\":[\"Contabilidad\"],\"inLanguage\":\"es\"},{\"@type\":\"WebPage\",\"@id\":\"https:\/\/finanedi.es\/blog\/que-es-la-memoria-contable-la-clave-para-una-contabilidad-transparente\/\",\"url\":\"https:\/\/finanedi.es\/blog\/que-es-la-memoria-contable-la-clave-para-una-contabilidad-transparente\/\",\"name\":\"Memoria contable: la clave para una contabilidad transparente - Blog para pymes y aut\u00f3nomos - FinanEDI\",\"isPartOf\":{\"@id\":\"https:\/\/finanedi.es\/blog\/#website\"},\"primaryImageOfPage\":{\"@id\":\"https:\/\/finanedi.es\/blog\/que-es-la-memoria-contable-la-clave-para-una-contabilidad-transparente\/#primaryimage\"},\"image\":{\"@id\":\"https:\/\/finanedi.es\/blog\/que-es-la-memoria-contable-la-clave-para-una-contabilidad-transparente\/#primaryimage\"},\"thumbnailUrl\":\"https:\/\/finanedi.es\/blog\/contenido\/uploads\/2024\/08\/Memoria-contable.jpg\",\"datePublished\":\"2024-08-16T12:50:27+00:00\",\"dateModified\":\"2024-08-29T06:13:22+00:00\",\"description\":\"La memoria contable es un elemento fundamental en la contabilidad, proporcionando una visi\u00f3n detallada de las actividades financieras.\",\"breadcrumb\":{\"@id\":\"https:\/\/finanedi.es\/blog\/que-es-la-memoria-contable-la-clave-para-una-contabilidad-transparente\/#breadcrumb\"},\"inLanguage\":\"es\",\"potentialAction\":[{\"@type\":\"ReadAction\",\"target\":[\"https:\/\/finanedi.es\/blog\/que-es-la-memoria-contable-la-clave-para-una-contabilidad-transparente\/\"]}]},{\"@type\":\"ImageObject\",\"inLanguage\":\"es\",\"@id\":\"https:\/\/finanedi.es\/blog\/que-es-la-memoria-contable-la-clave-para-una-contabilidad-transparente\/#primaryimage\",\"url\":\"https:\/\/finanedi.es\/blog\/contenido\/uploads\/2024\/08\/Memoria-contable.jpg\",\"contentUrl\":\"https:\/\/finanedi.es\/blog\/contenido\/uploads\/2024\/08\/Memoria-contable.jpg\",\"width\":2000,\"height\":1125,\"caption\":\"Libro Memoria contable\"},{\"@type\":\"BreadcrumbList\",\"@id\":\"https:\/\/finanedi.es\/blog\/que-es-la-memoria-contable-la-clave-para-una-contabilidad-transparente\/#breadcrumb\",\"itemListElement\":[{\"@type\":\"ListItem\",\"position\":1,\"name\":\"Home\",\"item\":\"https:\/\/finanedi.es\/blog\/\"},{\"@type\":\"ListItem\",\"position\":2,\"name\":\"Memoria contable: la clave para una contabilidad transparente\"}]},{\"@type\":\"WebSite\",\"@id\":\"https:\/\/finanedi.es\/blog\/#website\",\"url\":\"https:\/\/finanedi.es\/blog\/\",\"name\":\"Blog para pymes y aut\u00f3nomos - FinanEDI\",\"description\":\"Blog para aut\u00f3nomos y PYMES, sobre temas como facturaci\u00f3n, contabilidad, tecnolog\u00eda.\",\"publisher\":{\"@id\":\"https:\/\/finanedi.es\/blog\/#organization\"},\"potentialAction\":[{\"@type\":\"SearchAction\",\"target\":{\"@type\":\"EntryPoint\",\"urlTemplate\":\"https:\/\/finanedi.es\/blog\/?s={search_term_string}\"},\"query-input\":{\"@type\":\"PropertyValueSpecification\",\"valueRequired\":true,\"valueName\":\"search_term_string\"}}],\"inLanguage\":\"es\"},{\"@type\":\"Organization\",\"@id\":\"https:\/\/finanedi.es\/blog\/#organization\",\"name\":\"Blog para pymes y aut\u00f3nomos - FinanEDI\",\"url\":\"https:\/\/finanedi.es\/blog\/\",\"logo\":{\"@type\":\"ImageObject\",\"inLanguage\":\"es\",\"@id\":\"https:\/\/finanedi.es\/blog\/#\/schema\/logo\/image\/\",\"url\":\"https:\/\/finanedi.es\/blog\/contenido\/uploads\/2024\/02\/FinanEdiAzul1.svg\",\"contentUrl\":\"https:\/\/finanedi.es\/blog\/contenido\/uploads\/2024\/02\/FinanEdiAzul1.svg\",\"width\":142,\"height\":36,\"caption\":\"Blog para pymes y aut\u00f3nomos - FinanEDI\"},\"image\":{\"@id\":\"https:\/\/finanedi.es\/blog\/#\/schema\/logo\/image\/\"}},{\"@type\":\"Person\",\"@id\":\"https:\/\/finanedi.es\/blog\/#\/schema\/person\/233ed58195d34f36f74f13ba1030ebd8\",\"name\":\"restevez\",\"image\":{\"@type\":\"ImageObject\",\"inLanguage\":\"es\",\"@id\":\"https:\/\/finanedi.es\/blog\/#\/schema\/person\/image\/\",\"url\":\"https:\/\/secure.gravatar.com\/avatar\/6c4880db9746e4aa887a98e0ebf657788804dc4280120ef10331a2e6ebb4a9a0?s=96&d=mm&r=g\",\"contentUrl\":\"https:\/\/secure.gravatar.com\/avatar\/6c4880db9746e4aa887a98e0ebf657788804dc4280120ef10331a2e6ebb4a9a0?s=96&d=mm&r=g\",\"caption\":\"restevez\"},\"url\":\"https:\/\/finanedi.es\/blog\/author\/restevez\/\"}]}<\/script>\n<!-- \/ Yoast SEO plugin. -->","yoast_head_json":{"title":"Memoria contable: la clave para una contabilidad transparente - Blog para pymes y aut\u00f3nomos - FinanEDI","description":"La memoria contable es un elemento fundamental en la contabilidad, proporcionando una visi\u00f3n detallada de las actividades financieras.","robots":{"index":"index","follow":"follow","max-snippet":"max-snippet:-1","max-image-preview":"max-image-preview:large","max-video-preview":"max-video-preview:-1"},"canonical":"https:\/\/finanedi.es\/blog\/que-es-la-memoria-contable-la-clave-para-una-contabilidad-transparente\/","og_locale":"es_ES","og_type":"article","og_title":"Memoria contable: la clave para una contabilidad transparente - Blog para pymes y aut\u00f3nomos - FinanEDI","og_description":"La memoria contable es un elemento fundamental en la contabilidad, proporcionando una visi\u00f3n detallada de las actividades financieras.","og_url":"https:\/\/finanedi.es\/blog\/que-es-la-memoria-contable-la-clave-para-una-contabilidad-transparente\/","og_site_name":"Blog para pymes y aut\u00f3nomos - FinanEDI","article_published_time":"2024-08-16T12:50:27+00:00","article_modified_time":"2024-08-29T06:13:22+00:00","og_image":[{"width":2000,"height":1125,"url":"https:\/\/finanedi.es\/blog\/contenido\/uploads\/2024\/08\/Memoria-contable.jpg","type":"image\/jpeg"}],"author":"restevez","twitter_card":"summary_large_image","twitter_misc":{"Escrito por":"restevez","Tiempo de lectura":"7 minutos"},"schema":{"@context":"https:\/\/schema.org","@graph":[{"@type":"Article","@id":"https:\/\/finanedi.es\/blog\/que-es-la-memoria-contable-la-clave-para-una-contabilidad-transparente\/#article","isPartOf":{"@id":"https:\/\/finanedi.es\/blog\/que-es-la-memoria-contable-la-clave-para-una-contabilidad-transparente\/"},"author":{"name":"restevez","@id":"https:\/\/finanedi.es\/blog\/#\/schema\/person\/233ed58195d34f36f74f13ba1030ebd8"},"headline":"Memoria contable: la clave para una contabilidad transparente","datePublished":"2024-08-16T12:50:27+00:00","dateModified":"2024-08-29T06:13:22+00:00","mainEntityOfPage":{"@id":"https:\/\/finanedi.es\/blog\/que-es-la-memoria-contable-la-clave-para-una-contabilidad-transparente\/"},"wordCount":1201,"publisher":{"@id":"https:\/\/finanedi.es\/blog\/#organization"},"image":{"@id":"https:\/\/finanedi.es\/blog\/que-es-la-memoria-contable-la-clave-para-una-contabilidad-transparente\/#primaryimage"},"thumbnailUrl":"https:\/\/finanedi.es\/blog\/contenido\/uploads\/2024\/08\/Memoria-contable.jpg","keywords":["Glosario empresarial"],"articleSection":["Contabilidad"],"inLanguage":"es"},{"@type":"WebPage","@id":"https:\/\/finanedi.es\/blog\/que-es-la-memoria-contable-la-clave-para-una-contabilidad-transparente\/","url":"https:\/\/finanedi.es\/blog\/que-es-la-memoria-contable-la-clave-para-una-contabilidad-transparente\/","name":"Memoria contable: la clave para una contabilidad transparente - Blog para pymes y aut\u00f3nomos - FinanEDI","isPartOf":{"@id":"https:\/\/finanedi.es\/blog\/#website"},"primaryImageOfPage":{"@id":"https:\/\/finanedi.es\/blog\/que-es-la-memoria-contable-la-clave-para-una-contabilidad-transparente\/#primaryimage"},"image":{"@id":"https:\/\/finanedi.es\/blog\/que-es-la-memoria-contable-la-clave-para-una-contabilidad-transparente\/#primaryimage"},"thumbnailUrl":"https:\/\/finanedi.es\/blog\/contenido\/uploads\/2024\/08\/Memoria-contable.jpg","datePublished":"2024-08-16T12:50:27+00:00","dateModified":"2024-08-29T06:13:22+00:00","description":"La memoria contable es un elemento fundamental en la contabilidad, proporcionando una visi\u00f3n detallada de las actividades financieras.","breadcrumb":{"@id":"https:\/\/finanedi.es\/blog\/que-es-la-memoria-contable-la-clave-para-una-contabilidad-transparente\/#breadcrumb"},"inLanguage":"es","potentialAction":[{"@type":"ReadAction","target":["https:\/\/finanedi.es\/blog\/que-es-la-memoria-contable-la-clave-para-una-contabilidad-transparente\/"]}]},{"@type":"ImageObject","inLanguage":"es","@id":"https:\/\/finanedi.es\/blog\/que-es-la-memoria-contable-la-clave-para-una-contabilidad-transparente\/#primaryimage","url":"https:\/\/finanedi.es\/blog\/contenido\/uploads\/2024\/08\/Memoria-contable.jpg","contentUrl":"https:\/\/finanedi.es\/blog\/contenido\/uploads\/2024\/08\/Memoria-contable.jpg","width":2000,"height":1125,"caption":"Libro Memoria contable"},{"@type":"BreadcrumbList","@id":"https:\/\/finanedi.es\/blog\/que-es-la-memoria-contable-la-clave-para-una-contabilidad-transparente\/#breadcrumb","itemListElement":[{"@type":"ListItem","position":1,"name":"Home","item":"https:\/\/finanedi.es\/blog\/"},{"@type":"ListItem","position":2,"name":"Memoria contable: la clave para una contabilidad transparente"}]},{"@type":"WebSite","@id":"https:\/\/finanedi.es\/blog\/#website","url":"https:\/\/finanedi.es\/blog\/","name":"Blog para pymes y aut\u00f3nomos - FinanEDI","description":"Blog para aut\u00f3nomos y PYMES, sobre temas como facturaci\u00f3n, contabilidad, tecnolog\u00eda.","publisher":{"@id":"https:\/\/finanedi.es\/blog\/#organization"},"potentialAction":[{"@type":"SearchAction","target":{"@type":"EntryPoint","urlTemplate":"https:\/\/finanedi.es\/blog\/?s={search_term_string}"},"query-input":{"@type":"PropertyValueSpecification","valueRequired":true,"valueName":"search_term_string"}}],"inLanguage":"es"},{"@type":"Organization","@id":"https:\/\/finanedi.es\/blog\/#organization","name":"Blog para pymes y aut\u00f3nomos - FinanEDI","url":"https:\/\/finanedi.es\/blog\/","logo":{"@type":"ImageObject","inLanguage":"es","@id":"https:\/\/finanedi.es\/blog\/#\/schema\/logo\/image\/","url":"https:\/\/finanedi.es\/blog\/contenido\/uploads\/2024\/02\/FinanEdiAzul1.svg","contentUrl":"https:\/\/finanedi.es\/blog\/contenido\/uploads\/2024\/02\/FinanEdiAzul1.svg","width":142,"height":36,"caption":"Blog para pymes y aut\u00f3nomos - FinanEDI"},"image":{"@id":"https:\/\/finanedi.es\/blog\/#\/schema\/logo\/image\/"}},{"@type":"Person","@id":"https:\/\/finanedi.es\/blog\/#\/schema\/person\/233ed58195d34f36f74f13ba1030ebd8","name":"restevez","image":{"@type":"ImageObject","inLanguage":"es","@id":"https:\/\/finanedi.es\/blog\/#\/schema\/person\/image\/","url":"https:\/\/secure.gravatar.com\/avatar\/6c4880db9746e4aa887a98e0ebf657788804dc4280120ef10331a2e6ebb4a9a0?s=96&d=mm&r=g","contentUrl":"https:\/\/secure.gravatar.com\/avatar\/6c4880db9746e4aa887a98e0ebf657788804dc4280120ef10331a2e6ebb4a9a0?s=96&d=mm&r=g","caption":"restevez"},"url":"https:\/\/finanedi.es\/blog\/author\/restevez\/"}]}},"_links":{"self":[{"href":"https:\/\/finanedi.es\/blog\/wp-json\/wp\/v2\/posts\/3104","targetHints":{"allow":["GET"]}}],"collection":[{"href":"https:\/\/finanedi.es\/blog\/wp-json\/wp\/v2\/posts"}],"about":[{"href":"https:\/\/finanedi.es\/blog\/wp-json\/wp\/v2\/types\/post"}],"author":[{"embeddable":true,"href":"https:\/\/finanedi.es\/blog\/wp-json\/wp\/v2\/users\/3"}],"replies":[{"embeddable":true,"href":"https:\/\/finanedi.es\/blog\/wp-json\/wp\/v2\/comments?post=3104"}],"version-history":[{"count":15,"href":"https:\/\/finanedi.es\/blog\/wp-json\/wp\/v2\/posts\/3104\/revisions"}],"predecessor-version":[{"id":4724,"href":"https:\/\/finanedi.es\/blog\/wp-json\/wp\/v2\/posts\/3104\/revisions\/4724"}],"wp:featuredmedia":[{"embeddable":true,"href":"https:\/\/finanedi.es\/blog\/wp-json\/wp\/v2\/media\/3108"}],"wp:attachment":[{"href":"https:\/\/finanedi.es\/blog\/wp-json\/wp\/v2\/media?parent=3104"}],"wp:term":[{"taxonomy":"category","embeddable":true,"href":"https:\/\/finanedi.es\/blog\/wp-json\/wp\/v2\/categories?post=3104"},{"taxonomy":"post_tag","embeddable":true,"href":"https:\/\/finanedi.es\/blog\/wp-json\/wp\/v2\/tags?post=3104"}],"curies":[{"name":"wp","href":"https:\/\/api.w.org\/{rel}","templated":true}]}}