{"id":3280,"date":"2024-08-15T13:57:26","date_gmt":"2024-08-15T11:57:26","guid":{"rendered":"https:\/\/finanedi.es\/blog\/?p=3280"},"modified":"2024-08-29T08:47:28","modified_gmt":"2024-08-29T06:47:28","slug":"factura-recapitulativa-que-es-y-cuando-emitirla","status":"publish","type":"post","link":"https:\/\/finanedi.es\/blog\/factura-recapitulativa-que-es-y-cuando-emitirla\/","title":{"rendered":"Factura recapitulativa: Qu\u00e9 es y cu\u00e1ndo emitirla"},"content":{"rendered":"\t\t<div data-elementor-type=\"wp-post\" data-elementor-id=\"3280\" class=\"elementor elementor-3280\">\n\t\t\t\t<div class=\"elementor-element elementor-element-409ca4f e-flex e-con-boxed e-con e-parent\" data-id=\"409ca4f\" data-element_type=\"container\">\n\t\t\t\t\t<div class=\"e-con-inner\">\n\t\t\t\t<div class=\"elementor-element elementor-element-6df13d1 elementor-widget elementor-widget-text-editor\" data-id=\"6df13d1\" data-element_type=\"widget\" data-widget_type=\"text-editor.default\">\n\t\t\t\t<div class=\"elementor-widget-container\">\n\t\t\t\t\t\t\t\t\t<p>Las facturas son<strong> documentos esenciales que registran las transacciones comerciales<\/strong>. Entre las diversas tipolog\u00edas de facturas, una que destaca por su utilidad y funcionalidad es la <strong>factura recapitulativa<\/strong>. Este tipo de factura facilita la administraci\u00f3n y el seguimiento de m\u00faltiples transacciones en un periodo espec\u00edfico.<\/p>\t\t\t\t\t\t\t\t<\/div>\n\t\t\t\t<\/div>\n\t\t\t\t\t<\/div>\n\t\t\t\t<\/div>\n\t\t<div class=\"elementor-element elementor-element-0156d75 e-flex e-con-boxed e-con e-parent\" data-id=\"0156d75\" data-element_type=\"container\">\n\t\t\t\t\t<div class=\"e-con-inner\">\n\t\t\t\t<div class=\"elementor-element elementor-element-4fd3069 elementor-widget elementor-widget-heading\" data-id=\"4fd3069\" data-element_type=\"widget\" data-widget_type=\"heading.default\">\n\t\t\t\t<div class=\"elementor-widget-container\">\n\t\t\t\t\t<h2 class=\"elementor-heading-title elementor-size-default\">\u00bfQu\u00e9 es una factura recapitulativa?<\/h2>\t\t\t\t<\/div>\n\t\t\t\t<\/div>\n\t\t\t\t\t<\/div>\n\t\t\t\t<\/div>\n\t\t<div class=\"elementor-element elementor-element-f55c47b e-flex e-con-boxed e-con e-parent\" data-id=\"f55c47b\" data-element_type=\"container\">\n\t\t\t\t\t<div class=\"e-con-inner\">\n\t\t\t\t<div class=\"elementor-element elementor-element-b73918b elementor-widget elementor-widget-text-editor\" data-id=\"b73918b\" data-element_type=\"widget\" data-widget_type=\"text-editor.default\">\n\t\t\t\t<div class=\"elementor-widget-container\">\n\t\t\t\t\t\t\t\t\t<p>Una <strong>factura recapitulativa<\/strong> es un documento contable que agrupa varias operaciones o entregas de bienes y servicios realizadas a un mismo cliente dentro de un periodo determinado, generalmente un mes. En lugar de emitir una factura por cada transacci\u00f3n individual, la empresa puede consolidar todas estas operaciones en una sola factura. Esto <a href=\"https:\/\/finanedi.es\/blog\/transforma-tu-negocio-los-beneficios-de-crear-facturas-online\/\">simplifica el proceso de facturaci\u00f3n<\/a> tanto para el emisor como para el receptor.<\/p>\t\t\t\t\t\t\t\t<\/div>\n\t\t\t\t<\/div>\n\t\t\t\t\t<\/div>\n\t\t\t\t<\/div>\n\t\t<div class=\"elementor-element elementor-element-cb8ac4c e-flex e-con-boxed e-con e-parent\" data-id=\"cb8ac4c\" data-element_type=\"container\">\n\t\t\t\t\t<div class=\"e-con-inner\">\n\t\t\t\t<div class=\"elementor-element elementor-element-9eaa2b1 elementor-widget elementor-widget-heading\" data-id=\"9eaa2b1\" data-element_type=\"widget\" data-widget_type=\"heading.default\">\n\t\t\t\t<div class=\"elementor-widget-container\">\n\t\t\t\t\t<h3 class=\"elementor-heading-title elementor-size-default\">Caracter\u00edsticas de una factura recapitulativa<\/h3>\t\t\t\t<\/div>\n\t\t\t\t<\/div>\n\t\t\t\t\t<\/div>\n\t\t\t\t<\/div>\n\t\t<div class=\"elementor-element elementor-element-2cfe077 e-flex e-con-boxed e-con e-parent\" data-id=\"2cfe077\" data-element_type=\"container\">\n\t\t\t\t\t<div class=\"e-con-inner\">\n\t\t\t\t<div class=\"elementor-element elementor-element-f67ae2c elementor-widget elementor-widget-text-editor\" data-id=\"f67ae2c\" data-element_type=\"widget\" data-widget_type=\"text-editor.default\">\n\t\t\t\t<div class=\"elementor-widget-container\">\n\t\t\t\t\t\t\t\t\t<ul><li><strong>Periodo de Recapitulaci\u00f3n<\/strong>: La factura abarca todas las operaciones realizadas en un periodo determinado, que com\u00fanmente es mensual.<\/li><li><strong>Detalle de Operaciones<\/strong>: Debe incluir una lista detallada de todas las transacciones agrupadas, especificando fecha, descripci\u00f3n del bien o servicio, cantidad y precio.<\/li><li><strong>Identificaci\u00f3n del Cliente<\/strong>: Se debe identificar claramente al cliente al que se dirige la factura, con sus datos fiscales completos.<\/li><li><strong>Totalizaci\u00f3n<\/strong>: Incluye la suma total de todas las operaciones, con desglose de impuestos aplicables.<\/li><\/ul>\t\t\t\t\t\t\t\t<\/div>\n\t\t\t\t<\/div>\n\t\t\t\t\t<\/div>\n\t\t\t\t<\/div>\n\t\t<div class=\"elementor-element elementor-element-d144113 e-flex e-con-boxed e-con e-parent\" data-id=\"d144113\" data-element_type=\"container\">\n\t\t\t\t\t<div class=\"e-con-inner\">\n\t\t\t\t<div class=\"elementor-element elementor-element-4ad0180 elementor-widget elementor-widget-heading\" data-id=\"4ad0180\" data-element_type=\"widget\" data-widget_type=\"heading.default\">\n\t\t\t\t<div class=\"elementor-widget-container\">\n\t\t\t\t\t<h3 class=\"elementor-heading-title elementor-size-default\">Cu\u00e1ndo emitir una factura recapitulativa<\/h3>\t\t\t\t<\/div>\n\t\t\t\t<\/div>\n\t\t\t\t\t<\/div>\n\t\t\t\t<\/div>\n\t\t<div class=\"elementor-element elementor-element-2e2fe03 e-flex e-con-boxed e-con e-parent\" data-id=\"2e2fe03\" data-element_type=\"container\">\n\t\t\t\t\t<div class=\"e-con-inner\">\n\t\t\t\t<div class=\"elementor-element elementor-element-5b01f87 elementor-widget elementor-widget-text-editor\" data-id=\"5b01f87\" data-element_type=\"widget\" data-widget_type=\"text-editor.default\">\n\t\t\t\t<div class=\"elementor-widget-container\">\n\t\t\t\t\t\t\t\t\t<p>La emisi\u00f3n de una factura recapitulativa es apropiada en varios escenarios, incluyendo:<\/p><ul><li><strong>Frecuencia Alta de Transacciones<\/strong>: Cuando una empresa realiza m\u00faltiples entregas de productos o servicios a un mismo cliente en un corto periodo.<\/li><li><strong>Acuerdos Comerciales<\/strong>: Cuando se establecen acuerdos con clientes para recibir una factura \u00fanica a final de mes.<\/li><li><strong>Optimizaci\u00f3n Administrativa<\/strong>: Para simplificar y reducir la carga administrativa de emitir y procesar m\u00faltiples facturas individuales<\/li><\/ul>\t\t\t\t\t\t\t\t<\/div>\n\t\t\t\t<\/div>\n\t\t\t\t\t<\/div>\n\t\t\t\t<\/div>\n\t\t<div class=\"elementor-element elementor-element-d751d58 e-flex e-con-boxed e-con e-parent\" data-id=\"d751d58\" data-element_type=\"container\">\n\t\t\t\t\t<div class=\"e-con-inner\">\n\t\t\t\t<div class=\"elementor-element elementor-element-f0bbb6e elementor-widget elementor-widget-heading\" data-id=\"f0bbb6e\" data-element_type=\"widget\" data-widget_type=\"heading.default\">\n\t\t\t\t<div class=\"elementor-widget-container\">\n\t\t\t\t\t<h4 class=\"elementor-heading-title elementor-size-default\">Requisitos para emitir una factura recapitulativa<\/h4>\t\t\t\t<\/div>\n\t\t\t\t<\/div>\n\t\t\t\t\t<\/div>\n\t\t\t\t<\/div>\n\t\t<div class=\"elementor-element elementor-element-c98ce49 e-flex e-con-boxed e-con e-parent\" data-id=\"c98ce49\" data-element_type=\"container\">\n\t\t\t\t\t<div class=\"e-con-inner\">\n\t\t\t\t<div class=\"elementor-element elementor-element-cd99db0 elementor-widget elementor-widget-text-editor\" data-id=\"cd99db0\" data-element_type=\"widget\" data-widget_type=\"text-editor.default\">\n\t\t\t\t<div class=\"elementor-widget-container\">\n\t\t\t\t\t\t\t\t\t<p>La normativa fiscal en muchos pa\u00edses permite la emisi\u00f3n de facturas recapitulativas siempre que se cumplan ciertos requisitos:<\/p><ol><li><strong>Transacciones Documentadas<\/strong>: Todas las operaciones deben estar previamente documentadas y registradas.<\/li><li><strong>Periodo Definido<\/strong>: La factura debe cubrir un periodo claramente definido, usualmente mensual.<\/li><li><strong>Plazo de Emisi\u00f3n<\/strong>: Debe emitirse antes del d\u00eda 16 del mes siguiente al periodo que cubre.<\/li><\/ol>\t\t\t\t\t\t\t\t<\/div>\n\t\t\t\t<\/div>\n\t\t\t\t\t<\/div>\n\t\t\t\t<\/div>\n\t\t<div class=\"elementor-element elementor-element-482449d5 e-flex e-con-boxed e-con e-parent\" data-id=\"482449d5\" data-element_type=\"container\" data-settings=\"{&quot;background_background&quot;:&quot;classic&quot;}\">\n\t\t\t\t\t<div class=\"e-con-inner\">\n\t\t<div class=\"elementor-element elementor-element-7c397933 e-con-full e-flex e-con e-child\" data-id=\"7c397933\" data-element_type=\"container\">\n\t\t<div class=\"elementor-element elementor-element-1fe4f31f e-flex e-con-boxed e-con e-child\" data-id=\"1fe4f31f\" data-element_type=\"container\">\n\t\t\t\t\t<div class=\"e-con-inner\">\n\t\t\t\t<div class=\"elementor-element elementor-element-eabf1f9 elementor-widget elementor-widget-heading\" data-id=\"eabf1f9\" data-element_type=\"widget\" data-widget_type=\"heading.default\">\n\t\t\t\t<div class=\"elementor-widget-container\">\n\t\t\t\t\t<h3 class=\"elementor-heading-title elementor-size-default\">Digitaliza tu empresa<\/h3>\t\t\t\t<\/div>\n\t\t\t\t<\/div>\n\t\t\t\t<div class=\"elementor-element elementor-element-29d74087 elementor-widget elementor-widget-text-editor\" data-id=\"29d74087\" data-element_type=\"widget\" data-widget_type=\"text-editor.default\">\n\t\t\t\t<div class=\"elementor-widget-container\">\n\t\t\t\t\t\t\t\t\t<p>Simplifica tu d\u00eda a d\u00eda con nuestra plataforma de facturaci\u00f3n electr\u00f3nica.<\/p>\t\t\t\t\t\t\t\t<\/div>\n\t\t\t\t<\/div>\n\t\t\t\t<div class=\"elementor-element elementor-element-53c4f813 elementor-widget elementor-widget-button\" data-id=\"53c4f813\" data-element_type=\"widget\" data-widget_type=\"button.default\">\n\t\t\t\t<div class=\"elementor-widget-container\">\n\t\t\t\t\t\t\t\t\t<div class=\"elementor-button-wrapper\">\n\t\t\t\t\t<a class=\"elementor-button elementor-button-link elementor-size-md\" href=\"https:\/\/myaccount.finanedi.es\/signup\" target=\"_blank\">\n\t\t\t\t\t\t<span class=\"elementor-button-content-wrapper\">\n\t\t\t\t\t\t\t\t\t<span class=\"elementor-button-text\">Crear cuenta gratis<\/span>\n\t\t\t\t\t<\/span>\n\t\t\t\t\t<\/a>\n\t\t\t\t<\/div>\n\t\t\t\t\t\t\t\t<\/div>\n\t\t\t\t<\/div>\n\t\t\t\t\t<\/div>\n\t\t\t\t<\/div>\n\t\t\t\t<\/div>\n\t\t<div class=\"elementor-element elementor-element-501677f8 e-con-full e-flex e-con e-child\" data-id=\"501677f8\" data-element_type=\"container\">\n\t\t\t\t<div class=\"elementor-element elementor-element-55f853cc elementor-widget elementor-widget-image\" data-id=\"55f853cc\" data-element_type=\"widget\" data-widget_type=\"image.default\">\n\t\t\t\t<div class=\"elementor-widget-container\">\n\t\t\t\t\t\t\t\t\t\t\t\t\t\t\t<img fetchpriority=\"high\" decoding=\"async\" width=\"300\" height=\"202\" src=\"https:\/\/finanedi.es\/blog\/contenido\/uploads\/2024\/03\/Documentos-300x202.png\" class=\"attachment-medium size-medium wp-image-399\" alt=\"Crear factura FinanEDI\" srcset=\"https:\/\/finanedi.es\/blog\/contenido\/uploads\/2024\/03\/Documentos-300x202.png 300w, https:\/\/finanedi.es\/blog\/contenido\/uploads\/2024\/03\/Documentos-1024x691.png 1024w, https:\/\/finanedi.es\/blog\/contenido\/uploads\/2024\/03\/Documentos-768x518.png 768w, https:\/\/finanedi.es\/blog\/contenido\/uploads\/2024\/03\/Documentos-1536x1036.png 1536w, https:\/\/finanedi.es\/blog\/contenido\/uploads\/2024\/03\/Documentos.png 1920w\" sizes=\"(max-width: 300px) 100vw, 300px\" \/>\t\t\t\t\t\t\t\t\t\t\t\t\t\t\t<\/div>\n\t\t\t\t<\/div>\n\t\t\t\t<\/div>\n\t\t\t\t\t<\/div>\n\t\t\t\t<\/div>\n\t\t<div class=\"elementor-element elementor-element-3ca5ef3 e-flex e-con-boxed e-con e-parent\" data-id=\"3ca5ef3\" data-element_type=\"container\">\n\t\t\t\t\t<div class=\"e-con-inner\">\n\t\t\t\t<div class=\"elementor-element elementor-element-3365870 elementor-widget elementor-widget-spacer\" data-id=\"3365870\" data-element_type=\"widget\" data-widget_type=\"spacer.default\">\n\t\t\t\t<div class=\"elementor-widget-container\">\n\t\t\t\t\t\t\t<div class=\"elementor-spacer\">\n\t\t\t<div class=\"elementor-spacer-inner\"><\/div>\n\t\t<\/div>\n\t\t\t\t\t\t<\/div>\n\t\t\t\t<\/div>\n\t\t\t\t\t<\/div>\n\t\t\t\t<\/div>\n\t\t<div class=\"elementor-element elementor-element-dbce0d2 e-flex e-con-boxed e-con e-parent\" data-id=\"dbce0d2\" data-element_type=\"container\">\n\t\t\t\t\t<div class=\"e-con-inner\">\n\t\t\t\t<div class=\"elementor-element elementor-element-e6b9450 elementor-widget elementor-widget-heading\" data-id=\"e6b9450\" data-element_type=\"widget\" data-widget_type=\"heading.default\">\n\t\t\t\t<div class=\"elementor-widget-container\">\n\t\t\t\t\t<h3 class=\"elementor-heading-title elementor-size-default\">Importancia de la factura recapitulativa<\/h3>\t\t\t\t<\/div>\n\t\t\t\t<\/div>\n\t\t\t\t\t<\/div>\n\t\t\t\t<\/div>\n\t\t<div class=\"elementor-element elementor-element-29dbb1b e-flex e-con-boxed e-con e-parent\" data-id=\"29dbb1b\" data-element_type=\"container\">\n\t\t\t\t\t<div class=\"e-con-inner\">\n\t\t\t\t<div class=\"elementor-element elementor-element-5f5a17b elementor-widget elementor-widget-spacer\" data-id=\"5f5a17b\" data-element_type=\"widget\" data-widget_type=\"spacer.default\">\n\t\t\t\t<div class=\"elementor-widget-container\">\n\t\t\t\t\t\t\t<div class=\"elementor-spacer\">\n\t\t\t<div class=\"elementor-spacer-inner\"><\/div>\n\t\t<\/div>\n\t\t\t\t\t\t<\/div>\n\t\t\t\t<\/div>\n\t\t\t\t\t<\/div>\n\t\t\t\t<\/div>\n\t\t<div class=\"elementor-element elementor-element-b4feb84 e-flex e-con-boxed e-con e-parent\" data-id=\"b4feb84\" data-element_type=\"container\">\n\t\t\t\t\t<div class=\"e-con-inner\">\n\t\t\t\t<div class=\"elementor-element elementor-element-a94f6e7 elementor-widget elementor-widget-heading\" data-id=\"a94f6e7\" data-element_type=\"widget\" data-widget_type=\"heading.default\">\n\t\t\t\t<div class=\"elementor-widget-container\">\n\t\t\t\t\t<h4 class=\"elementor-heading-title elementor-size-default\">Simplificaci\u00f3n del proceso contable<\/h4>\t\t\t\t<\/div>\n\t\t\t\t<\/div>\n\t\t\t\t\t<\/div>\n\t\t\t\t<\/div>\n\t\t<div class=\"elementor-element elementor-element-745096a e-flex e-con-boxed e-con e-parent\" data-id=\"745096a\" data-element_type=\"container\">\n\t\t\t\t\t<div class=\"e-con-inner\">\n\t\t\t\t<div class=\"elementor-element elementor-element-01ec4d5 elementor-widget elementor-widget-text-editor\" data-id=\"01ec4d5\" data-element_type=\"widget\" data-widget_type=\"text-editor.default\">\n\t\t\t\t<div class=\"elementor-widget-container\">\n\t\t\t\t\t\t\t\t\t<p>La factura recapitulativa juega un papel crucial en la simplificaci\u00f3n del proceso contable. Al agrupar m\u00faltiples operaciones en un solo documento, se reduce significativamente la cantidad de facturas que se deben gestionar, archivar y contabilizar. Esto no solo ahorra tiempo, sino que tambi\u00e9n disminuye el riesgo de errores contables y administrativos.<\/p>\t\t\t\t\t\t\t\t<\/div>\n\t\t\t\t<\/div>\n\t\t\t\t\t<\/div>\n\t\t\t\t<\/div>\n\t\t<div class=\"elementor-element elementor-element-ef4e5cf e-flex e-con-boxed e-con e-parent\" data-id=\"ef4e5cf\" data-element_type=\"container\">\n\t\t\t\t\t<div class=\"e-con-inner\">\n\t\t\t\t<div class=\"elementor-element elementor-element-9e04092 elementor-widget elementor-widget-heading\" data-id=\"9e04092\" data-element_type=\"widget\" data-widget_type=\"heading.default\">\n\t\t\t\t<div class=\"elementor-widget-container\">\n\t\t\t\t\t<h4 class=\"elementor-heading-title elementor-size-default\">Mejora de la relaci\u00f3n con clientes<\/h4>\t\t\t\t<\/div>\n\t\t\t\t<\/div>\n\t\t\t\t\t<\/div>\n\t\t\t\t<\/div>\n\t\t<div class=\"elementor-element elementor-element-a378e00 e-flex e-con-boxed e-con e-parent\" data-id=\"a378e00\" data-element_type=\"container\">\n\t\t\t\t\t<div class=\"e-con-inner\">\n\t\t\t\t<div class=\"elementor-element elementor-element-f8851a4 elementor-widget elementor-widget-text-editor\" data-id=\"f8851a4\" data-element_type=\"widget\" data-widget_type=\"text-editor.default\">\n\t\t\t\t<div class=\"elementor-widget-container\">\n\t\t\t\t\t\t\t\t\t<p>Emitir facturas recapitulativas puede mejorar la relaci\u00f3n con los clientes. Al recibir una sola factura consolidada en lugar de m\u00faltiples facturas individuales, los clientes pueden gestionar sus pagos de manera m\u00e1s eficiente y clara. Esto tambi\u00e9n puede fortalecer la confianza y la transparencia en la relaci\u00f3n comercial.<\/p>\t\t\t\t\t\t\t\t<\/div>\n\t\t\t\t<\/div>\n\t\t\t\t\t<\/div>\n\t\t\t\t<\/div>\n\t\t<div class=\"elementor-element elementor-element-b2b6240 e-flex e-con-boxed e-con e-parent\" data-id=\"b2b6240\" data-element_type=\"container\">\n\t\t\t\t\t<div class=\"e-con-inner\">\n\t\t\t\t<div class=\"elementor-element elementor-element-0d063b6 elementor-widget elementor-widget-heading\" data-id=\"0d063b6\" data-element_type=\"widget\" data-widget_type=\"heading.default\">\n\t\t\t\t<div class=\"elementor-widget-container\">\n\t\t\t\t\t<h4 class=\"elementor-heading-title elementor-size-default\">Reducci\u00f3n de costos<\/h4>\t\t\t\t<\/div>\n\t\t\t\t<\/div>\n\t\t\t\t\t<\/div>\n\t\t\t\t<\/div>\n\t\t<div class=\"elementor-element elementor-element-25c9970 e-flex e-con-boxed e-con e-parent\" data-id=\"25c9970\" data-element_type=\"container\">\n\t\t\t\t\t<div class=\"e-con-inner\">\n\t\t\t\t<div class=\"elementor-element elementor-element-e87ea9d elementor-widget elementor-widget-text-editor\" data-id=\"e87ea9d\" data-element_type=\"widget\" data-widget_type=\"text-editor.default\">\n\t\t\t\t<div class=\"elementor-widget-container\">\n\t\t\t\t\t\t\t\t\t<p>La emisi\u00f3n y gesti\u00f3n de facturas tiene un costo asociado, tanto en t\u00e9rminos de tiempo como de recursos materiales (papel, tinta, env\u00edo). Al consolidar varias transacciones en una sola factura, las empresas pueden reducir estos costos operativos. Adem\u00e1s, la facturaci\u00f3n electr\u00f3nica de facturas recapitulativas puede potenciar a\u00fan m\u00e1s esta reducci\u00f3n de costos.<\/p>\t\t\t\t\t\t\t\t<\/div>\n\t\t\t\t<\/div>\n\t\t\t\t\t<\/div>\n\t\t\t\t<\/div>\n\t\t<div class=\"elementor-element elementor-element-4e58653 e-flex e-con-boxed e-con e-parent\" data-id=\"4e58653\" data-element_type=\"container\">\n\t\t\t\t\t<div class=\"e-con-inner\">\n\t\t\t\t<div class=\"elementor-element elementor-element-aecdcfd elementor-widget elementor-widget-spacer\" data-id=\"aecdcfd\" data-element_type=\"widget\" data-widget_type=\"spacer.default\">\n\t\t\t\t<div class=\"elementor-widget-container\">\n\t\t\t\t\t\t\t<div class=\"elementor-spacer\">\n\t\t\t<div class=\"elementor-spacer-inner\"><\/div>\n\t\t<\/div>\n\t\t\t\t\t\t<\/div>\n\t\t\t\t<\/div>\n\t\t\t\t\t<\/div>\n\t\t\t\t<\/div>\n\t\t<div class=\"elementor-element elementor-element-a4d579d e-flex e-con-boxed e-con e-parent\" data-id=\"a4d579d\" data-element_type=\"container\">\n\t\t\t\t\t<div class=\"e-con-inner\">\n\t\t\t\t<div class=\"elementor-element elementor-element-6aabc85 elementor-widget elementor-widget-heading\" data-id=\"6aabc85\" data-element_type=\"widget\" data-widget_type=\"heading.default\">\n\t\t\t\t<div class=\"elementor-widget-container\">\n\t\t\t\t\t<h3 class=\"elementor-heading-title elementor-size-default\">Ventajas de la factura recapitulativa<\/h3>\t\t\t\t<\/div>\n\t\t\t\t<\/div>\n\t\t\t\t\t<\/div>\n\t\t\t\t<\/div>\n\t\t<div class=\"elementor-element elementor-element-45f4181 e-flex e-con-boxed e-con e-parent\" data-id=\"45f4181\" data-element_type=\"container\">\n\t\t\t\t\t<div class=\"e-con-inner\">\n\t\t\t\t<div class=\"elementor-element elementor-element-41da7fd elementor-widget elementor-widget-spacer\" data-id=\"41da7fd\" data-element_type=\"widget\" data-widget_type=\"spacer.default\">\n\t\t\t\t<div class=\"elementor-widget-container\">\n\t\t\t\t\t\t\t<div class=\"elementor-spacer\">\n\t\t\t<div class=\"elementor-spacer-inner\"><\/div>\n\t\t<\/div>\n\t\t\t\t\t\t<\/div>\n\t\t\t\t<\/div>\n\t\t\t\t\t<\/div>\n\t\t\t\t<\/div>\n\t\t<div class=\"elementor-element elementor-element-43e2abb e-flex e-con-boxed e-con e-parent\" data-id=\"43e2abb\" data-element_type=\"container\">\n\t\t\t\t\t<div class=\"e-con-inner\">\n\t\t\t\t<div class=\"elementor-element elementor-element-253608f elementor-widget elementor-widget-heading\" data-id=\"253608f\" data-element_type=\"widget\" data-widget_type=\"heading.default\">\n\t\t\t\t<div class=\"elementor-widget-container\">\n\t\t\t\t\t<h4 class=\"elementor-heading-title elementor-size-default\">Eficiencia administrativa<\/h4>\t\t\t\t<\/div>\n\t\t\t\t<\/div>\n\t\t\t\t\t<\/div>\n\t\t\t\t<\/div>\n\t\t<div class=\"elementor-element elementor-element-502cddb e-flex e-con-boxed e-con e-parent\" data-id=\"502cddb\" data-element_type=\"container\">\n\t\t\t\t\t<div class=\"e-con-inner\">\n\t\t\t\t<div class=\"elementor-element elementor-element-9601e8e elementor-widget elementor-widget-text-editor\" data-id=\"9601e8e\" data-element_type=\"widget\" data-widget_type=\"text-editor.default\">\n\t\t\t\t<div class=\"elementor-widget-container\">\n\t\t\t\t\t\t\t\t\t<p>Una de las principales ventajas de la factura recapitulativa es la eficiencia administrativa. La consolidaci\u00f3n de transacciones simplifica la gesti\u00f3n de documentos y mejora la eficiencia del departamento contable. Esta pr\u00e1ctica es especialmente beneficiosa para empresas que manejan un alto volumen de ventas o servicios recurrentes.<\/p>\t\t\t\t\t\t\t\t<\/div>\n\t\t\t\t<\/div>\n\t\t\t\t\t<\/div>\n\t\t\t\t<\/div>\n\t\t<div class=\"elementor-element elementor-element-e6cf240 e-flex e-con-boxed e-con e-parent\" data-id=\"e6cf240\" data-element_type=\"container\">\n\t\t\t\t\t<div class=\"e-con-inner\">\n\t\t\t\t<div class=\"elementor-element elementor-element-1d1abb8 elementor-widget elementor-widget-heading\" data-id=\"1d1abb8\" data-element_type=\"widget\" data-widget_type=\"heading.default\">\n\t\t\t\t<div class=\"elementor-widget-container\">\n\t\t\t\t\t<h4 class=\"elementor-heading-title elementor-size-default\">Facilidad de auditor\u00eda<\/h4>\t\t\t\t<\/div>\n\t\t\t\t<\/div>\n\t\t\t\t\t<\/div>\n\t\t\t\t<\/div>\n\t\t<div class=\"elementor-element elementor-element-4ad4a51 e-flex e-con-boxed e-con e-parent\" data-id=\"4ad4a51\" data-element_type=\"container\">\n\t\t\t\t\t<div class=\"e-con-inner\">\n\t\t\t\t<div class=\"elementor-element elementor-element-a20c8ec elementor-widget elementor-widget-text-editor\" data-id=\"a20c8ec\" data-element_type=\"widget\" data-widget_type=\"text-editor.default\">\n\t\t\t\t<div class=\"elementor-widget-container\">\n\t\t\t\t\t\t\t\t\t<p>Para efectos de auditor\u00eda, las facturas recapitulativas ofrecen una visi\u00f3n clara y consolidada de las transacciones realizadas en un periodo espec\u00edfico. Esto facilita el trabajo de los auditores y asegura una mayor transparencia en la revisi\u00f3n de las cuentas.<\/p>\t\t\t\t\t\t\t\t<\/div>\n\t\t\t\t<\/div>\n\t\t\t\t\t<\/div>\n\t\t\t\t<\/div>\n\t\t<div class=\"elementor-element elementor-element-07ccb21 e-flex e-con-boxed e-con e-parent\" data-id=\"07ccb21\" data-element_type=\"container\">\n\t\t\t\t\t<div class=\"e-con-inner\">\n\t\t\t\t<div class=\"elementor-element elementor-element-1a7cb61 elementor-widget elementor-widget-heading\" data-id=\"1a7cb61\" data-element_type=\"widget\" data-widget_type=\"heading.default\">\n\t\t\t\t<div class=\"elementor-widget-container\">\n\t\t\t\t\t<h4 class=\"elementor-heading-title elementor-size-default\">Cumplimiento normativo<\/h4>\t\t\t\t<\/div>\n\t\t\t\t<\/div>\n\t\t\t\t\t<\/div>\n\t\t\t\t<\/div>\n\t\t<div class=\"elementor-element elementor-element-0ddb432 e-flex e-con-boxed e-con e-parent\" data-id=\"0ddb432\" data-element_type=\"container\">\n\t\t\t\t\t<div class=\"e-con-inner\">\n\t\t\t\t<div class=\"elementor-element elementor-element-247d035 elementor-widget elementor-widget-text-editor\" data-id=\"247d035\" data-element_type=\"widget\" data-widget_type=\"text-editor.default\">\n\t\t\t\t<div class=\"elementor-widget-container\">\n\t\t\t\t\t\t\t\t\t<p>Emitir facturas recapitulativas dentro de los par\u00e1metros establecidos por la ley garantiza el cumplimiento de las normativas fiscales. Esto es crucial para evitar sanciones y asegurar que la empresa se mantiene en buen estado con las autoridades fiscales.<\/p>\t\t\t\t\t\t\t\t<\/div>\n\t\t\t\t<\/div>\n\t\t\t\t\t<\/div>\n\t\t\t\t<\/div>\n\t\t<div class=\"elementor-element elementor-element-efa8e31 e-flex e-con-boxed e-con e-parent\" data-id=\"efa8e31\" data-element_type=\"container\">\n\t\t\t\t\t<div class=\"e-con-inner\">\n\t\t\t\t<div class=\"elementor-element elementor-element-07baffc elementor-widget elementor-widget-heading\" data-id=\"07baffc\" data-element_type=\"widget\" data-widget_type=\"heading.default\">\n\t\t\t\t<div class=\"elementor-widget-container\">\n\t\t\t\t\t<h4 class=\"elementor-heading-title elementor-size-default\">Mejora de la gesti\u00f3n financiera<\/h4>\t\t\t\t<\/div>\n\t\t\t\t<\/div>\n\t\t\t\t\t<\/div>\n\t\t\t\t<\/div>\n\t\t<div class=\"elementor-element elementor-element-1a6aed1 e-flex e-con-boxed e-con e-parent\" data-id=\"1a6aed1\" data-element_type=\"container\">\n\t\t\t\t\t<div class=\"e-con-inner\">\n\t\t\t\t<div class=\"elementor-element elementor-element-b50dca3 elementor-widget elementor-widget-text-editor\" data-id=\"b50dca3\" data-element_type=\"widget\" data-widget_type=\"text-editor.default\">\n\t\t\t\t<div class=\"elementor-widget-container\">\n\t\t\t\t\t\t\t\t\t<p>Al consolidar las transacciones en una sola factura, las empresas pueden obtener una mejor visi\u00f3n de su flujo de ingresos y gastos. Esto facilita la planificaci\u00f3n financiera y la toma de decisiones estrat\u00e9gicas, permitiendo un control m\u00e1s preciso sobre las finanzas de la empresa.<\/p>\t\t\t\t\t\t\t\t<\/div>\n\t\t\t\t<\/div>\n\t\t\t\t\t<\/div>\n\t\t\t\t<\/div>\n\t\t<div class=\"elementor-element elementor-element-11f2f13 e-flex e-con-boxed e-con e-parent\" data-id=\"11f2f13\" data-element_type=\"container\" data-settings=\"{&quot;background_background&quot;:&quot;classic&quot;}\">\n\t\t\t\t\t<div class=\"e-con-inner\">\n\t\t<div class=\"elementor-element elementor-element-47dc8103 e-con-full e-flex e-con e-child\" data-id=\"47dc8103\" data-element_type=\"container\">\n\t\t<div class=\"elementor-element elementor-element-1648c5ae e-flex e-con-boxed e-con e-child\" data-id=\"1648c5ae\" data-element_type=\"container\">\n\t\t\t\t\t<div class=\"e-con-inner\">\n\t\t\t\t<div class=\"elementor-element elementor-element-ab123c5 elementor-widget elementor-widget-heading\" data-id=\"ab123c5\" data-element_type=\"widget\" data-widget_type=\"heading.default\">\n\t\t\t\t<div class=\"elementor-widget-container\">\n\t\t\t\t\t<h3 class=\"elementor-heading-title elementor-size-default\">Digitaliza tu empresa<\/h3>\t\t\t\t<\/div>\n\t\t\t\t<\/div>\n\t\t\t\t<div class=\"elementor-element elementor-element-593b47b0 elementor-widget elementor-widget-text-editor\" data-id=\"593b47b0\" data-element_type=\"widget\" data-widget_type=\"text-editor.default\">\n\t\t\t\t<div class=\"elementor-widget-container\">\n\t\t\t\t\t\t\t\t\t<p>Simplifica tu d\u00eda a d\u00eda con nuestra plataforma de facturaci\u00f3n electr\u00f3nica.<\/p>\t\t\t\t\t\t\t\t<\/div>\n\t\t\t\t<\/div>\n\t\t\t\t<div class=\"elementor-element elementor-element-31c2c6ed elementor-widget elementor-widget-button\" data-id=\"31c2c6ed\" data-element_type=\"widget\" data-widget_type=\"button.default\">\n\t\t\t\t<div class=\"elementor-widget-container\">\n\t\t\t\t\t\t\t\t\t<div class=\"elementor-button-wrapper\">\n\t\t\t\t\t<a class=\"elementor-button elementor-button-link elementor-size-md\" href=\"https:\/\/myaccount.finanedi.es\/signup\" target=\"_blank\">\n\t\t\t\t\t\t<span class=\"elementor-button-content-wrapper\">\n\t\t\t\t\t\t\t\t\t<span class=\"elementor-button-text\">Crear cuenta gratis<\/span>\n\t\t\t\t\t<\/span>\n\t\t\t\t\t<\/a>\n\t\t\t\t<\/div>\n\t\t\t\t\t\t\t\t<\/div>\n\t\t\t\t<\/div>\n\t\t\t\t\t<\/div>\n\t\t\t\t<\/div>\n\t\t\t\t<\/div>\n\t\t<div class=\"elementor-element elementor-element-67c25991 e-con-full e-flex e-con e-child\" data-id=\"67c25991\" data-element_type=\"container\">\n\t\t\t\t<div class=\"elementor-element elementor-element-34725da elementor-widget elementor-widget-image\" data-id=\"34725da\" data-element_type=\"widget\" data-widget_type=\"image.default\">\n\t\t\t\t<div class=\"elementor-widget-container\">\n\t\t\t\t\t\t\t\t\t\t\t\t\t\t\t<img fetchpriority=\"high\" decoding=\"async\" width=\"300\" height=\"202\" src=\"https:\/\/finanedi.es\/blog\/contenido\/uploads\/2024\/03\/Documentos-300x202.png\" class=\"attachment-medium size-medium wp-image-399\" alt=\"Crear factura FinanEDI\" srcset=\"https:\/\/finanedi.es\/blog\/contenido\/uploads\/2024\/03\/Documentos-300x202.png 300w, https:\/\/finanedi.es\/blog\/contenido\/uploads\/2024\/03\/Documentos-1024x691.png 1024w, https:\/\/finanedi.es\/blog\/contenido\/uploads\/2024\/03\/Documentos-768x518.png 768w, https:\/\/finanedi.es\/blog\/contenido\/uploads\/2024\/03\/Documentos-1536x1036.png 1536w, https:\/\/finanedi.es\/blog\/contenido\/uploads\/2024\/03\/Documentos.png 1920w\" sizes=\"(max-width: 300px) 100vw, 300px\" \/>\t\t\t\t\t\t\t\t\t\t\t\t\t\t\t<\/div>\n\t\t\t\t<\/div>\n\t\t\t\t<\/div>\n\t\t\t\t\t<\/div>\n\t\t\t\t<\/div>\n\t\t<div class=\"elementor-element elementor-element-b272e4f e-flex e-con-boxed e-con e-parent\" data-id=\"b272e4f\" data-element_type=\"container\">\n\t\t\t\t\t<div class=\"e-con-inner\">\n\t\t\t\t<div class=\"elementor-element elementor-element-c0ba5f9 elementor-widget elementor-widget-spacer\" data-id=\"c0ba5f9\" data-element_type=\"widget\" data-widget_type=\"spacer.default\">\n\t\t\t\t<div class=\"elementor-widget-container\">\n\t\t\t\t\t\t\t<div class=\"elementor-spacer\">\n\t\t\t<div class=\"elementor-spacer-inner\"><\/div>\n\t\t<\/div>\n\t\t\t\t\t\t<\/div>\n\t\t\t\t<\/div>\n\t\t\t\t\t<\/div>\n\t\t\t\t<\/div>\n\t\t<div class=\"elementor-element elementor-element-bb29ea0 e-flex e-con-boxed e-con e-parent\" data-id=\"bb29ea0\" data-element_type=\"container\">\n\t\t\t\t\t<div class=\"e-con-inner\">\n\t\t\t\t<div class=\"elementor-element elementor-element-6145ba2 elementor-widget elementor-widget-text-editor\" data-id=\"6145ba2\" data-element_type=\"widget\" data-widget_type=\"text-editor.default\">\n\t\t\t\t<div class=\"elementor-widget-container\">\n\t\t\t\t\t\t\t\t\t<p>La <strong>factura recapitulativa<\/strong> es una <strong>herramienta valiosa en la gesti\u00f3n contable<\/strong> de una empresa. Su capacidad para simplificar procesos administrativos, mejorar la relaci\u00f3n con los clientes, reducir costos y facilitar la auditor\u00eda la convierte en una pr\u00e1ctica recomendable para muchas organizaciones. Adoptar el uso de facturas recapitulativas puede llevar a una mayor eficiencia operativa y a una gesti\u00f3n financiera m\u00e1s s\u00f3lida, beneficios que son clave para el \u00e9xito y crecimiento sostenido de cualquier negocio.<\/p>\t\t\t\t\t\t\t\t<\/div>\n\t\t\t\t<\/div>\n\t\t\t\t\t<\/div>\n\t\t\t\t<\/div>\n\t\t<div class=\"elementor-element elementor-element-2a9c673 e-flex e-con-boxed e-con e-parent\" data-id=\"2a9c673\" data-element_type=\"container\">\n\t\t\t\t\t<div class=\"e-con-inner\">\n\t\t<div class=\"elementor-element elementor-element-79f17364 e-con-full e-flex e-con e-child\" data-id=\"79f17364\" data-element_type=\"container\">\n\t\t\t\t<div class=\"elementor-element elementor-element-6dc268cd elementor-widget elementor-widget-spacer\" data-id=\"6dc268cd\" data-element_type=\"widget\" data-widget_type=\"spacer.default\">\n\t\t\t\t<div class=\"elementor-widget-container\">\n\t\t\t\t\t\t\t<div class=\"elementor-spacer\">\n\t\t\t<div class=\"elementor-spacer-inner\"><\/div>\n\t\t<\/div>\n\t\t\t\t\t\t<\/div>\n\t\t\t\t<\/div>\n\t\t\t\t<\/div>\n\t\t<div class=\"elementor-element elementor-element-59e3f5b4 e-con-full e-flex e-con e-child\" data-id=\"59e3f5b4\" data-element_type=\"container\">\n\t\t\t\t<div class=\"elementor-element elementor-element-1f975a8b elementor-widget elementor-widget-heading\" data-id=\"1f975a8b\" data-element_type=\"widget\" data-widget_type=\"heading.default\">\n\t\t\t\t<div class=\"elementor-widget-container\">\n\t\t\t\t\t<h3 class=\"elementor-heading-title elementor-size-default\">No te pierdas...<\/h3>\t\t\t\t<\/div>\n\t\t\t\t<\/div>\n\t\t\t\t<\/div>\n\t\t<div class=\"elementor-element elementor-element-7022a9b2 e-con-full e-flex e-con e-child\" data-id=\"7022a9b2\" data-element_type=\"container\">\n\t\t\t\t<div class=\"elementor-element elementor-element-723271d9 elementor-widget elementor-widget-katen-post-five\" data-id=\"723271d9\" data-element_type=\"widget\" data-widget_type=\"katen-post-five.default\">\n\t\t\t\t<div class=\"elementor-widget-container\">\n\t\t\t\t\t\t\t<div class=\"padding-30 rounded bordered\">\n\n\t\t\t<div class=\"row infinite-wrapper\">\n\n\t\t\t\n\t\t\t\t<div class=\"col-md-12 col-sm-6 post-list-item post-item\">\n\t\t\t\t\t<!-- post -->\n\t\t\t\t\t<div class=\"post post-list clearfix\">\n\n\t\t\t\t\t\t<div class=\"thumb rounded\"><div class=\"inner\"><a href=\"https:\/\/finanedi.es\/blog\/que-gastos-son-deducibles-para-autonomos-y-empresas\/\"><img decoding=\"async\" width=\"330\" height=\"250\" src=\"https:\/\/finanedi.es\/blog\/contenido\/uploads\/2025\/10\/Que-gastos-son-deducibles-para-autonomos-y-empresas-330x250.jpg\" class=\"attachment-katen-thumb-list size-katen-thumb-list wp-post-image\" alt=\"Qu\u00e9 gastos son deducibles para aut\u00f3nomos y empresas\" \/><\/a><\/div><\/div>  \n\n\t\t\t\t\t\t<div class=\"details clearfix\">\n\t\t\t\t\t\t\t<ul class=\"meta list-inline mb-3\">\n\t\t\t\t\t\t\t\t<li class=\"list-inline-item\"><a href=\"https:\/\/finanedi.es\/blog\/category\/contabilidad\/\">Contabilidad<\/a><\/li>\t\t\t\t\t\t\t<\/ul>\n\t\t\t\t\t\t\t<h5 class=\"post-title\"><a href=\"https:\/\/finanedi.es\/blog\/que-gastos-son-deducibles-para-autonomos-y-empresas\/\">Qu\u00e9 gastos son deducibles para aut\u00f3nomos y empresas<\/a><\/h5>\n\t\t\t\t\t\t\t<p class=\"excerpt mb-0\">\n\t\t\t\t\t\t\t\tLlevar la contabilidad al d\u00eda no es solo una cuesti\u00f3n de orden: tambi\u00e9n puede marcar&hellip;\t\t\t\t\t\t\t<\/p>\n\t\t\t\t\t\t\t<div class=\"post-bottom clearfix d-flex align-items-center\">\n\t\t\t\t\t\t\t\t\t\t\t\t\t\t\t\t\t\t\t\t\t\t\t<\/div>\n\t\t\t\t\t\t<\/div>\n\t\t\t\t\t<\/div>\n\t\t\t\t<\/div>\n\n\t\t\t\n\t\t\t\t<div class=\"col-md-12 col-sm-6 post-list-item post-item\">\n\t\t\t\t\t<!-- post -->\n\t\t\t\t\t<div class=\"post post-list clearfix\">\n\n\t\t\t\t\t\t<div class=\"thumb rounded\"><div class=\"inner\"><a href=\"https:\/\/finanedi.es\/blog\/impuesto-de-sociedades-lo-que-toda-pyme-debe-saber-para-optimizar-su-fiscalidad\/\"><img decoding=\"async\" width=\"330\" height=\"250\" src=\"https:\/\/finanedi.es\/blog\/contenido\/uploads\/2025\/10\/Impuesto-de-Sociedades-lo-que-toda-pyme-debe-saber-para-optimizar-su-fiscalidad-330x250.jpg\" class=\"attachment-katen-thumb-list size-katen-thumb-list wp-post-image\" alt=\"Impuesto de Sociedades lo que toda pyme debe saber para optimizar su fiscalidad\" \/><\/a><\/div><\/div>  \n\n\t\t\t\t\t\t<div class=\"details clearfix\">\n\t\t\t\t\t\t\t<ul class=\"meta list-inline mb-3\">\n\t\t\t\t\t\t\t\t<li class=\"list-inline-item\"><a href=\"https:\/\/finanedi.es\/blog\/category\/contabilidad\/\">Contabilidad<\/a><\/li>\t\t\t\t\t\t\t<\/ul>\n\t\t\t\t\t\t\t<h5 class=\"post-title\"><a href=\"https:\/\/finanedi.es\/blog\/impuesto-de-sociedades-lo-que-toda-pyme-debe-saber-para-optimizar-su-fiscalidad\/\">Impuesto de Sociedades: lo que toda pyme debe saber para optimizar su fiscalidad<\/a><\/h5>\n\t\t\t\t\t\t\t<p class=\"excerpt mb-0\">\n\t\t\t\t\t\t\t\tCada a\u00f1o, miles de empresas espa\u00f1olas se enfrentan al mismo reto: presentar el Impuesto de&hellip;\t\t\t\t\t\t\t<\/p>\n\t\t\t\t\t\t\t<div class=\"post-bottom clearfix d-flex align-items-center\">\n\t\t\t\t\t\t\t\t\t\t\t\t\t\t\t\t\t\t\t\t\t\t\t<\/div>\n\t\t\t\t\t\t<\/div>\n\t\t\t\t\t<\/div>\n\t\t\t\t<\/div>\n\n\t\t\t\n\t\t\t\t<div class=\"col-md-12 col-sm-6 post-list-item post-item\">\n\t\t\t\t\t<!-- post -->\n\t\t\t\t\t<div class=\"post post-list clearfix\">\n\n\t\t\t\t\t\t<div class=\"thumb rounded\"><div class=\"inner\"><a href=\"https:\/\/finanedi.es\/blog\/que-es-el-codigo-irus-en-el-deposito-de-cuentas-anuales\/\"><img loading=\"lazy\" decoding=\"async\" width=\"330\" height=\"250\" src=\"https:\/\/finanedi.es\/blog\/contenido\/uploads\/2025\/07\/Que-es-el-codigo-IRUS-en-el-deposito-de-cuentas-anuales-330x250.jpg\" class=\"attachment-katen-thumb-list size-katen-thumb-list wp-post-image\" alt=\"\u00bfQu\u00e9 es el c\u00f3digo IRUS en el dep\u00f3sito de cuentas anuales\" \/><\/a><\/div><\/div>  \n\n\t\t\t\t\t\t<div class=\"details clearfix\">\n\t\t\t\t\t\t\t<ul class=\"meta list-inline mb-3\">\n\t\t\t\t\t\t\t\t<li class=\"list-inline-item\"><a href=\"https:\/\/finanedi.es\/blog\/category\/contabilidad\/\">Contabilidad<\/a><\/li>\t\t\t\t\t\t\t<\/ul>\n\t\t\t\t\t\t\t<h5 class=\"post-title\"><a href=\"https:\/\/finanedi.es\/blog\/que-es-el-codigo-irus-en-el-deposito-de-cuentas-anuales\/\">\u00bfQu\u00e9 es el c\u00f3digo IRUS en el dep\u00f3sito de cuentas anuales?<\/a><\/h5>\n\t\t\t\t\t\t\t<p class=\"excerpt mb-0\">\n\t\t\t\t\t\t\t\tCuando una empresa presenta sus cuentas anuales en el Registro Mercantil, es com\u00fan encontrarse con&hellip;\t\t\t\t\t\t\t<\/p>\n\t\t\t\t\t\t\t<div class=\"post-bottom clearfix d-flex align-items-center\">\n\t\t\t\t\t\t\t\t\t\t\t\t\t\t\t\t\t\t\t\t\t\t\t<\/div>\n\t\t\t\t\t\t<\/div>\n\t\t\t\t\t<\/div>\n\t\t\t\t<\/div>\n\n\t\t\t\n\t\t\t\t<div class=\"col-md-12 col-sm-6 post-list-item post-item\">\n\t\t\t\t\t<!-- post -->\n\t\t\t\t\t<div class=\"post post-list clearfix\">\n\n\t\t\t\t\t\t<div class=\"thumb rounded\"><div class=\"inner\"><a href=\"https:\/\/finanedi.es\/blog\/errores-contables-frecuentes-al-usar-excel-como-programa-de-facturacion\/\"><img loading=\"lazy\" decoding=\"async\" width=\"330\" height=\"250\" src=\"https:\/\/finanedi.es\/blog\/contenido\/uploads\/2025\/07\/Errores-contables-frecuentes-al-usar-Excel-como-programa-de-facturacion-330x250.jpg\" class=\"attachment-katen-thumb-list size-katen-thumb-list wp-post-image\" alt=\"Errores contables frecuentes al usar Excel como programa de facturaci\u00f3n\" \/><\/a><\/div><\/div>  \n\n\t\t\t\t\t\t<div class=\"details clearfix\">\n\t\t\t\t\t\t\t<ul class=\"meta list-inline mb-3\">\n\t\t\t\t\t\t\t\t<li class=\"list-inline-item\"><a href=\"https:\/\/finanedi.es\/blog\/category\/contabilidad\/\">Contabilidad<\/a><\/li>\t\t\t\t\t\t\t<\/ul>\n\t\t\t\t\t\t\t<h5 class=\"post-title\"><a href=\"https:\/\/finanedi.es\/blog\/errores-contables-frecuentes-al-usar-excel-como-programa-de-facturacion\/\">Errores contables frecuentes al usar Excel como programa de facturaci\u00f3n<\/a><\/h5>\n\t\t\t\t\t\t\t<p class=\"excerpt mb-0\">\n\t\t\t\t\t\t\t\tExcel es, sin duda, una de las herramientas m\u00e1s utilizadas por aut\u00f3nomos y peque\u00f1as empresas&hellip;\t\t\t\t\t\t\t<\/p>\n\t\t\t\t\t\t\t<div class=\"post-bottom clearfix d-flex align-items-center\">\n\t\t\t\t\t\t\t\t\t\t\t\t\t\t\t\t\t\t\t\t\t\t\t<\/div>\n\t\t\t\t\t\t<\/div>\n\t\t\t\t\t<\/div>\n\t\t\t\t<\/div>\n\n\t\t\t\n\t\t\t<\/div>\n\n\t\t<\/div>\n\t\t\n        \t\t\t\t<\/div>\n\t\t\t\t<\/div>\n\t\t\t\t<\/div>\n\t\t\t\t\t<\/div>\n\t\t\t\t<\/div>\n\t\t\t\t<\/div>\n\t\t","protected":false},"excerpt":{"rendered":"<p>Las facturas son documentos esenciales que registran las transacciones comerciales. Entre las diversas tipolog\u00edas de facturas, una que destaca por su utilidad y funcionalidad es la factura recapitulativa. Este tipo de factura facilita la administraci\u00f3n y el seguimiento de m\u00faltiples transacciones en un periodo espec\u00edfico. <\/p>\n","protected":false},"author":3,"featured_media":3290,"comment_status":"closed","ping_status":"open","sticky":false,"template":"","format":"standard","meta":{"_monsterinsights_skip_tracking":false,"_monsterinsights_sitenote_active":false,"_monsterinsights_sitenote_note":"","_monsterinsights_sitenote_category":0,"footnotes":""},"categories":[4],"tags":[63],"class_list":["post-3280","post","type-post","status-publish","format-standard","has-post-thumbnail","hentry","category-facturacion","tag-glosario-empresarial"],"yoast_head":"<!-- This site is optimized with the Yoast SEO plugin v26.2 - https:\/\/yoast.com\/wordpress\/plugins\/seo\/ -->\n<title>Factura recapitulativa: Qu\u00e9 es y cu\u00e1ndo emitirla<\/title>\n<meta name=\"description\" content=\"La factura recapitulativa facilita la administraci\u00f3n y el seguimiento de m\u00faltiples transacciones en un periodo espec\u00edfico.\" \/>\n<meta name=\"robots\" content=\"index, follow, max-snippet:-1, max-image-preview:large, max-video-preview:-1\" \/>\n<link rel=\"canonical\" href=\"https:\/\/finanedi.es\/blog\/factura-recapitulativa-que-es-y-cuando-emitirla\/\" \/>\n<meta property=\"og:locale\" content=\"es_ES\" \/>\n<meta property=\"og:type\" content=\"article\" \/>\n<meta property=\"og:title\" content=\"Factura recapitulativa: Qu\u00e9 es y cu\u00e1ndo emitirla\" \/>\n<meta property=\"og:description\" content=\"La factura recapitulativa facilita la administraci\u00f3n y el seguimiento de m\u00faltiples transacciones en un periodo espec\u00edfico.\" \/>\n<meta property=\"og:url\" content=\"https:\/\/finanedi.es\/blog\/factura-recapitulativa-que-es-y-cuando-emitirla\/\" \/>\n<meta property=\"og:site_name\" content=\"Blog para pymes y aut\u00f3nomos - FinanEDI\" \/>\n<meta property=\"article:published_time\" content=\"2024-08-15T11:57:26+00:00\" \/>\n<meta property=\"article:modified_time\" content=\"2024-08-29T06:47:28+00:00\" \/>\n<meta property=\"og:image\" content=\"https:\/\/finanedi.es\/blog\/contenido\/uploads\/2024\/08\/Factura-recapitulativa.jpg\" \/>\n\t<meta property=\"og:image:width\" content=\"2000\" \/>\n\t<meta property=\"og:image:height\" content=\"1205\" \/>\n\t<meta property=\"og:image:type\" content=\"image\/jpeg\" \/>\n<meta name=\"author\" content=\"restevez\" \/>\n<meta name=\"twitter:card\" content=\"summary_large_image\" \/>\n<meta name=\"twitter:label1\" content=\"Escrito por\" \/>\n\t<meta name=\"twitter:data1\" content=\"restevez\" \/>\n\t<meta name=\"twitter:label2\" content=\"Tiempo de lectura\" \/>\n\t<meta name=\"twitter:data2\" content=\"6 minutos\" \/>\n<script type=\"application\/ld+json\" class=\"yoast-schema-graph\">{\"@context\":\"https:\/\/schema.org\",\"@graph\":[{\"@type\":\"Article\",\"@id\":\"https:\/\/finanedi.es\/blog\/factura-recapitulativa-que-es-y-cuando-emitirla\/#article\",\"isPartOf\":{\"@id\":\"https:\/\/finanedi.es\/blog\/factura-recapitulativa-que-es-y-cuando-emitirla\/\"},\"author\":{\"name\":\"restevez\",\"@id\":\"https:\/\/finanedi.es\/blog\/#\/schema\/person\/233ed58195d34f36f74f13ba1030ebd8\"},\"headline\":\"Factura recapitulativa: Qu\u00e9 es y cu\u00e1ndo emitirla\",\"datePublished\":\"2024-08-15T11:57:26+00:00\",\"dateModified\":\"2024-08-29T06:47:28+00:00\",\"mainEntityOfPage\":{\"@id\":\"https:\/\/finanedi.es\/blog\/factura-recapitulativa-que-es-y-cuando-emitirla\/\"},\"wordCount\":989,\"publisher\":{\"@id\":\"https:\/\/finanedi.es\/blog\/#organization\"},\"image\":{\"@id\":\"https:\/\/finanedi.es\/blog\/factura-recapitulativa-que-es-y-cuando-emitirla\/#primaryimage\"},\"thumbnailUrl\":\"https:\/\/finanedi.es\/blog\/contenido\/uploads\/2024\/08\/Factura-recapitulativa.jpg\",\"keywords\":[\"Glosario empresarial\"],\"articleSection\":[\"Facturaci\u00f3n\"],\"inLanguage\":\"es\"},{\"@type\":\"WebPage\",\"@id\":\"https:\/\/finanedi.es\/blog\/factura-recapitulativa-que-es-y-cuando-emitirla\/\",\"url\":\"https:\/\/finanedi.es\/blog\/factura-recapitulativa-que-es-y-cuando-emitirla\/\",\"name\":\"Factura recapitulativa: Qu\u00e9 es y cu\u00e1ndo emitirla\",\"isPartOf\":{\"@id\":\"https:\/\/finanedi.es\/blog\/#website\"},\"primaryImageOfPage\":{\"@id\":\"https:\/\/finanedi.es\/blog\/factura-recapitulativa-que-es-y-cuando-emitirla\/#primaryimage\"},\"image\":{\"@id\":\"https:\/\/finanedi.es\/blog\/factura-recapitulativa-que-es-y-cuando-emitirla\/#primaryimage\"},\"thumbnailUrl\":\"https:\/\/finanedi.es\/blog\/contenido\/uploads\/2024\/08\/Factura-recapitulativa.jpg\",\"datePublished\":\"2024-08-15T11:57:26+00:00\",\"dateModified\":\"2024-08-29T06:47:28+00:00\",\"description\":\"La factura recapitulativa facilita la administraci\u00f3n y el seguimiento de m\u00faltiples transacciones en un periodo espec\u00edfico.\",\"breadcrumb\":{\"@id\":\"https:\/\/finanedi.es\/blog\/factura-recapitulativa-que-es-y-cuando-emitirla\/#breadcrumb\"},\"inLanguage\":\"es\",\"potentialAction\":[{\"@type\":\"ReadAction\",\"target\":[\"https:\/\/finanedi.es\/blog\/factura-recapitulativa-que-es-y-cuando-emitirla\/\"]}]},{\"@type\":\"ImageObject\",\"inLanguage\":\"es\",\"@id\":\"https:\/\/finanedi.es\/blog\/factura-recapitulativa-que-es-y-cuando-emitirla\/#primaryimage\",\"url\":\"https:\/\/finanedi.es\/blog\/contenido\/uploads\/2024\/08\/Factura-recapitulativa.jpg\",\"contentUrl\":\"https:\/\/finanedi.es\/blog\/contenido\/uploads\/2024\/08\/Factura-recapitulativa.jpg\",\"width\":2000,\"height\":1205,\"caption\":\"Persona calculando el importe de una factura recapitulativa\"},{\"@type\":\"BreadcrumbList\",\"@id\":\"https:\/\/finanedi.es\/blog\/factura-recapitulativa-que-es-y-cuando-emitirla\/#breadcrumb\",\"itemListElement\":[{\"@type\":\"ListItem\",\"position\":1,\"name\":\"Home\",\"item\":\"https:\/\/finanedi.es\/blog\/\"},{\"@type\":\"ListItem\",\"position\":2,\"name\":\"Factura recapitulativa: Qu\u00e9 es y cu\u00e1ndo emitirla\"}]},{\"@type\":\"WebSite\",\"@id\":\"https:\/\/finanedi.es\/blog\/#website\",\"url\":\"https:\/\/finanedi.es\/blog\/\",\"name\":\"Blog para pymes y aut\u00f3nomos - FinanEDI\",\"description\":\"Blog para aut\u00f3nomos y PYMES, sobre temas como facturaci\u00f3n, contabilidad, tecnolog\u00eda.\",\"publisher\":{\"@id\":\"https:\/\/finanedi.es\/blog\/#organization\"},\"potentialAction\":[{\"@type\":\"SearchAction\",\"target\":{\"@type\":\"EntryPoint\",\"urlTemplate\":\"https:\/\/finanedi.es\/blog\/?s={search_term_string}\"},\"query-input\":{\"@type\":\"PropertyValueSpecification\",\"valueRequired\":true,\"valueName\":\"search_term_string\"}}],\"inLanguage\":\"es\"},{\"@type\":\"Organization\",\"@id\":\"https:\/\/finanedi.es\/blog\/#organization\",\"name\":\"Blog para pymes y aut\u00f3nomos - FinanEDI\",\"url\":\"https:\/\/finanedi.es\/blog\/\",\"logo\":{\"@type\":\"ImageObject\",\"inLanguage\":\"es\",\"@id\":\"https:\/\/finanedi.es\/blog\/#\/schema\/logo\/image\/\",\"url\":\"https:\/\/finanedi.es\/blog\/contenido\/uploads\/2024\/02\/FinanEdiAzul1.svg\",\"contentUrl\":\"https:\/\/finanedi.es\/blog\/contenido\/uploads\/2024\/02\/FinanEdiAzul1.svg\",\"width\":142,\"height\":36,\"caption\":\"Blog para pymes y aut\u00f3nomos - FinanEDI\"},\"image\":{\"@id\":\"https:\/\/finanedi.es\/blog\/#\/schema\/logo\/image\/\"}},{\"@type\":\"Person\",\"@id\":\"https:\/\/finanedi.es\/blog\/#\/schema\/person\/233ed58195d34f36f74f13ba1030ebd8\",\"name\":\"restevez\",\"image\":{\"@type\":\"ImageObject\",\"inLanguage\":\"es\",\"@id\":\"https:\/\/finanedi.es\/blog\/#\/schema\/person\/image\/\",\"url\":\"https:\/\/secure.gravatar.com\/avatar\/6c4880db9746e4aa887a98e0ebf657788804dc4280120ef10331a2e6ebb4a9a0?s=96&d=mm&r=g\",\"contentUrl\":\"https:\/\/secure.gravatar.com\/avatar\/6c4880db9746e4aa887a98e0ebf657788804dc4280120ef10331a2e6ebb4a9a0?s=96&d=mm&r=g\",\"caption\":\"restevez\"},\"url\":\"https:\/\/finanedi.es\/blog\/author\/restevez\/\"}]}<\/script>\n<!-- \/ Yoast SEO plugin. -->","yoast_head_json":{"title":"Factura recapitulativa: Qu\u00e9 es y cu\u00e1ndo emitirla","description":"La factura recapitulativa facilita la administraci\u00f3n y el seguimiento de m\u00faltiples transacciones en un periodo espec\u00edfico.","robots":{"index":"index","follow":"follow","max-snippet":"max-snippet:-1","max-image-preview":"max-image-preview:large","max-video-preview":"max-video-preview:-1"},"canonical":"https:\/\/finanedi.es\/blog\/factura-recapitulativa-que-es-y-cuando-emitirla\/","og_locale":"es_ES","og_type":"article","og_title":"Factura recapitulativa: Qu\u00e9 es y cu\u00e1ndo emitirla","og_description":"La factura recapitulativa facilita la administraci\u00f3n y el seguimiento de m\u00faltiples transacciones en un periodo espec\u00edfico.","og_url":"https:\/\/finanedi.es\/blog\/factura-recapitulativa-que-es-y-cuando-emitirla\/","og_site_name":"Blog para pymes y aut\u00f3nomos - FinanEDI","article_published_time":"2024-08-15T11:57:26+00:00","article_modified_time":"2024-08-29T06:47:28+00:00","og_image":[{"width":2000,"height":1205,"url":"https:\/\/finanedi.es\/blog\/contenido\/uploads\/2024\/08\/Factura-recapitulativa.jpg","type":"image\/jpeg"}],"author":"restevez","twitter_card":"summary_large_image","twitter_misc":{"Escrito por":"restevez","Tiempo de lectura":"6 minutos"},"schema":{"@context":"https:\/\/schema.org","@graph":[{"@type":"Article","@id":"https:\/\/finanedi.es\/blog\/factura-recapitulativa-que-es-y-cuando-emitirla\/#article","isPartOf":{"@id":"https:\/\/finanedi.es\/blog\/factura-recapitulativa-que-es-y-cuando-emitirla\/"},"author":{"name":"restevez","@id":"https:\/\/finanedi.es\/blog\/#\/schema\/person\/233ed58195d34f36f74f13ba1030ebd8"},"headline":"Factura recapitulativa: Qu\u00e9 es y cu\u00e1ndo emitirla","datePublished":"2024-08-15T11:57:26+00:00","dateModified":"2024-08-29T06:47:28+00:00","mainEntityOfPage":{"@id":"https:\/\/finanedi.es\/blog\/factura-recapitulativa-que-es-y-cuando-emitirla\/"},"wordCount":989,"publisher":{"@id":"https:\/\/finanedi.es\/blog\/#organization"},"image":{"@id":"https:\/\/finanedi.es\/blog\/factura-recapitulativa-que-es-y-cuando-emitirla\/#primaryimage"},"thumbnailUrl":"https:\/\/finanedi.es\/blog\/contenido\/uploads\/2024\/08\/Factura-recapitulativa.jpg","keywords":["Glosario empresarial"],"articleSection":["Facturaci\u00f3n"],"inLanguage":"es"},{"@type":"WebPage","@id":"https:\/\/finanedi.es\/blog\/factura-recapitulativa-que-es-y-cuando-emitirla\/","url":"https:\/\/finanedi.es\/blog\/factura-recapitulativa-que-es-y-cuando-emitirla\/","name":"Factura recapitulativa: Qu\u00e9 es y cu\u00e1ndo emitirla","isPartOf":{"@id":"https:\/\/finanedi.es\/blog\/#website"},"primaryImageOfPage":{"@id":"https:\/\/finanedi.es\/blog\/factura-recapitulativa-que-es-y-cuando-emitirla\/#primaryimage"},"image":{"@id":"https:\/\/finanedi.es\/blog\/factura-recapitulativa-que-es-y-cuando-emitirla\/#primaryimage"},"thumbnailUrl":"https:\/\/finanedi.es\/blog\/contenido\/uploads\/2024\/08\/Factura-recapitulativa.jpg","datePublished":"2024-08-15T11:57:26+00:00","dateModified":"2024-08-29T06:47:28+00:00","description":"La factura recapitulativa facilita la administraci\u00f3n y el seguimiento de m\u00faltiples transacciones en un periodo espec\u00edfico.","breadcrumb":{"@id":"https:\/\/finanedi.es\/blog\/factura-recapitulativa-que-es-y-cuando-emitirla\/#breadcrumb"},"inLanguage":"es","potentialAction":[{"@type":"ReadAction","target":["https:\/\/finanedi.es\/blog\/factura-recapitulativa-que-es-y-cuando-emitirla\/"]}]},{"@type":"ImageObject","inLanguage":"es","@id":"https:\/\/finanedi.es\/blog\/factura-recapitulativa-que-es-y-cuando-emitirla\/#primaryimage","url":"https:\/\/finanedi.es\/blog\/contenido\/uploads\/2024\/08\/Factura-recapitulativa.jpg","contentUrl":"https:\/\/finanedi.es\/blog\/contenido\/uploads\/2024\/08\/Factura-recapitulativa.jpg","width":2000,"height":1205,"caption":"Persona calculando el importe de una factura recapitulativa"},{"@type":"BreadcrumbList","@id":"https:\/\/finanedi.es\/blog\/factura-recapitulativa-que-es-y-cuando-emitirla\/#breadcrumb","itemListElement":[{"@type":"ListItem","position":1,"name":"Home","item":"https:\/\/finanedi.es\/blog\/"},{"@type":"ListItem","position":2,"name":"Factura recapitulativa: Qu\u00e9 es y cu\u00e1ndo emitirla"}]},{"@type":"WebSite","@id":"https:\/\/finanedi.es\/blog\/#website","url":"https:\/\/finanedi.es\/blog\/","name":"Blog para pymes y aut\u00f3nomos - FinanEDI","description":"Blog para aut\u00f3nomos y PYMES, sobre temas como facturaci\u00f3n, contabilidad, tecnolog\u00eda.","publisher":{"@id":"https:\/\/finanedi.es\/blog\/#organization"},"potentialAction":[{"@type":"SearchAction","target":{"@type":"EntryPoint","urlTemplate":"https:\/\/finanedi.es\/blog\/?s={search_term_string}"},"query-input":{"@type":"PropertyValueSpecification","valueRequired":true,"valueName":"search_term_string"}}],"inLanguage":"es"},{"@type":"Organization","@id":"https:\/\/finanedi.es\/blog\/#organization","name":"Blog para pymes y aut\u00f3nomos - FinanEDI","url":"https:\/\/finanedi.es\/blog\/","logo":{"@type":"ImageObject","inLanguage":"es","@id":"https:\/\/finanedi.es\/blog\/#\/schema\/logo\/image\/","url":"https:\/\/finanedi.es\/blog\/contenido\/uploads\/2024\/02\/FinanEdiAzul1.svg","contentUrl":"https:\/\/finanedi.es\/blog\/contenido\/uploads\/2024\/02\/FinanEdiAzul1.svg","width":142,"height":36,"caption":"Blog para pymes y aut\u00f3nomos - FinanEDI"},"image":{"@id":"https:\/\/finanedi.es\/blog\/#\/schema\/logo\/image\/"}},{"@type":"Person","@id":"https:\/\/finanedi.es\/blog\/#\/schema\/person\/233ed58195d34f36f74f13ba1030ebd8","name":"restevez","image":{"@type":"ImageObject","inLanguage":"es","@id":"https:\/\/finanedi.es\/blog\/#\/schema\/person\/image\/","url":"https:\/\/secure.gravatar.com\/avatar\/6c4880db9746e4aa887a98e0ebf657788804dc4280120ef10331a2e6ebb4a9a0?s=96&d=mm&r=g","contentUrl":"https:\/\/secure.gravatar.com\/avatar\/6c4880db9746e4aa887a98e0ebf657788804dc4280120ef10331a2e6ebb4a9a0?s=96&d=mm&r=g","caption":"restevez"},"url":"https:\/\/finanedi.es\/blog\/author\/restevez\/"}]}},"_links":{"self":[{"href":"https:\/\/finanedi.es\/blog\/wp-json\/wp\/v2\/posts\/3280","targetHints":{"allow":["GET"]}}],"collection":[{"href":"https:\/\/finanedi.es\/blog\/wp-json\/wp\/v2\/posts"}],"about":[{"href":"https:\/\/finanedi.es\/blog\/wp-json\/wp\/v2\/types\/post"}],"author":[{"embeddable":true,"href":"https:\/\/finanedi.es\/blog\/wp-json\/wp\/v2\/users\/3"}],"replies":[{"embeddable":true,"href":"https:\/\/finanedi.es\/blog\/wp-json\/wp\/v2\/comments?post=3280"}],"version-history":[{"count":21,"href":"https:\/\/finanedi.es\/blog\/wp-json\/wp\/v2\/posts\/3280\/revisions"}],"predecessor-version":[{"id":4772,"href":"https:\/\/finanedi.es\/blog\/wp-json\/wp\/v2\/posts\/3280\/revisions\/4772"}],"wp:featuredmedia":[{"embeddable":true,"href":"https:\/\/finanedi.es\/blog\/wp-json\/wp\/v2\/media\/3290"}],"wp:attachment":[{"href":"https:\/\/finanedi.es\/blog\/wp-json\/wp\/v2\/media?parent=3280"}],"wp:term":[{"taxonomy":"category","embeddable":true,"href":"https:\/\/finanedi.es\/blog\/wp-json\/wp\/v2\/categories?post=3280"},{"taxonomy":"post_tag","embeddable":true,"href":"https:\/\/finanedi.es\/blog\/wp-json\/wp\/v2\/tags?post=3280"}],"curies":[{"name":"wp","href":"https:\/\/api.w.org\/{rel}","templated":true}]}}