{"id":3301,"date":"2024-08-15T08:13:18","date_gmt":"2024-08-15T06:13:18","guid":{"rendered":"https:\/\/finanedi.es\/blog\/?p=3301"},"modified":"2024-08-29T08:54:50","modified_gmt":"2024-08-29T06:54:50","slug":"factura-inversa-que-es-cuando-emitirla-y-sus-ventajas","status":"publish","type":"post","link":"https:\/\/finanedi.es\/blog\/factura-inversa-que-es-cuando-emitirla-y-sus-ventajas\/","title":{"rendered":"Factura inversa: Qu\u00e9 es, cu\u00e1ndo emitirla y sus ventajas"},"content":{"rendered":"\t\t<div data-elementor-type=\"wp-post\" data-elementor-id=\"3301\" class=\"elementor elementor-3301\">\n\t\t\t\t<div class=\"elementor-element elementor-element-f5caf93 e-flex e-con-boxed e-con e-parent\" data-id=\"f5caf93\" data-element_type=\"container\">\n\t\t\t\t\t<div class=\"e-con-inner\">\n\t\t\t\t<div class=\"elementor-element elementor-element-cdddf28 elementor-widget elementor-widget-text-editor\" data-id=\"cdddf28\" data-element_type=\"widget\" data-widget_type=\"text-editor.default\">\n\t\t\t\t<div class=\"elementor-widget-container\">\n\t\t\t\t\t\t\t\t\t<p>Existen modalidades espec\u00edficas de facturaci\u00f3n que responden a situaciones particulares: la <strong>factura inversa<\/strong> o la <strong>autofactura<\/strong>.<\/p>\t\t\t\t\t\t\t\t<\/div>\n\t\t\t\t<\/div>\n\t\t\t\t\t<\/div>\n\t\t\t\t<\/div>\n\t\t<div class=\"elementor-element elementor-element-730ec53 e-flex e-con-boxed e-con e-parent\" data-id=\"730ec53\" data-element_type=\"container\">\n\t\t\t\t\t<div class=\"e-con-inner\">\n\t\t\t\t<div class=\"elementor-element elementor-element-cc61268 elementor-widget elementor-widget-heading\" data-id=\"cc61268\" data-element_type=\"widget\" data-widget_type=\"heading.default\">\n\t\t\t\t<div class=\"elementor-widget-container\">\n\t\t\t\t\t<h2 class=\"elementor-heading-title elementor-size-default\">\u00bfQu\u00e9 es la factura inversa?<\/h2>\t\t\t\t<\/div>\n\t\t\t\t<\/div>\n\t\t\t\t\t<\/div>\n\t\t\t\t<\/div>\n\t\t<div class=\"elementor-element elementor-element-62cf964 e-flex e-con-boxed e-con e-parent\" data-id=\"62cf964\" data-element_type=\"container\">\n\t\t\t\t\t<div class=\"e-con-inner\">\n\t\t\t\t<div class=\"elementor-element elementor-element-91b9ffb elementor-widget elementor-widget-text-editor\" data-id=\"91b9ffb\" data-element_type=\"widget\" data-widget_type=\"text-editor.default\">\n\t\t\t\t<div class=\"elementor-widget-container\">\n\t\t\t\t\t\t\t\t\t<p>La <strong>factura inversa<\/strong> es una <strong>modalidad de facturaci\u00f3n<\/strong> en la que <strong>el destinatario de los bienes o servicios (es decir, el cliente) es el encargado de emitir la factura en lugar del proveedor.<\/strong> Esta pr\u00e1ctica es com\u00fan en ciertas transacciones espec\u00edficas, como la compra de bienes agr\u00edcolas o transacciones internacionales, donde la normativa fiscal lo permite o lo exige.<\/p>\t\t\t\t\t\t\t\t<\/div>\n\t\t\t\t<\/div>\n\t\t\t\t\t<\/div>\n\t\t\t\t<\/div>\n\t\t<div class=\"elementor-element elementor-element-48020ec e-flex e-con-boxed e-con e-parent\" data-id=\"48020ec\" data-element_type=\"container\">\n\t\t\t\t\t<div class=\"e-con-inner\">\n\t\t\t\t<div class=\"elementor-element elementor-element-0a6b7a2 elementor-widget elementor-widget-heading\" data-id=\"0a6b7a2\" data-element_type=\"widget\" data-widget_type=\"heading.default\">\n\t\t\t\t<div class=\"elementor-widget-container\">\n\t\t\t\t\t<h3 class=\"elementor-heading-title elementor-size-default\">Caracter\u00edsticas de la factura inversa<\/h3>\t\t\t\t<\/div>\n\t\t\t\t<\/div>\n\t\t\t\t\t<\/div>\n\t\t\t\t<\/div>\n\t\t<div class=\"elementor-element elementor-element-a888da0 e-flex e-con-boxed e-con e-parent\" data-id=\"a888da0\" data-element_type=\"container\">\n\t\t\t\t\t<div class=\"e-con-inner\">\n\t\t\t\t<div class=\"elementor-element elementor-element-a173589 elementor-widget elementor-widget-text-editor\" data-id=\"a173589\" data-element_type=\"widget\" data-widget_type=\"text-editor.default\">\n\t\t\t\t<div class=\"elementor-widget-container\">\n\t\t\t\t\t\t\t\t\t<ul><li><strong>Emisi\u00f3n por el Cliente<\/strong>: El cliente es quien emite la factura, en vez del proveedor.<\/li><li><strong>Aplicaci\u00f3n Fiscal<\/strong>: Utilizada en situaciones donde la legislaci\u00f3n fiscal as\u00ed lo requiere.<\/li><li><strong>Transparencia<\/strong>: Facilita la transparencia y el control en ciertas transacciones comerciales.<\/li><\/ul>\t\t\t\t\t\t\t\t<\/div>\n\t\t\t\t<\/div>\n\t\t\t\t\t<\/div>\n\t\t\t\t<\/div>\n\t\t<div class=\"elementor-element elementor-element-ecffe61 e-flex e-con-boxed e-con e-parent\" data-id=\"ecffe61\" data-element_type=\"container\">\n\t\t\t\t\t<div class=\"e-con-inner\">\n\t\t\t\t<div class=\"elementor-element elementor-element-3f07180 elementor-widget elementor-widget-heading\" data-id=\"3f07180\" data-element_type=\"widget\" data-widget_type=\"heading.default\">\n\t\t\t\t<div class=\"elementor-widget-container\">\n\t\t\t\t\t<h3 class=\"elementor-heading-title elementor-size-default\">Cu\u00e1ndo emitir  una factura inversa<\/h3>\t\t\t\t<\/div>\n\t\t\t\t<\/div>\n\t\t\t\t\t<\/div>\n\t\t\t\t<\/div>\n\t\t<div class=\"elementor-element elementor-element-4b6b210 e-flex e-con-boxed e-con e-parent\" data-id=\"4b6b210\" data-element_type=\"container\">\n\t\t\t\t\t<div class=\"e-con-inner\">\n\t\t\t\t<div class=\"elementor-element elementor-element-d99f053 elementor-widget elementor-widget-text-editor\" data-id=\"d99f053\" data-element_type=\"widget\" data-widget_type=\"text-editor.default\">\n\t\t\t\t<div class=\"elementor-widget-container\">\n\t\t\t\t\t\t\t\t\t<ol><li><strong>Bienes Agr\u00edcolas<\/strong>: En algunos pa\u00edses, los compradores de productos agr\u00edcolas deben emitir la factura en lugar del productor.<\/li><li><strong>Transacciones Internacionales<\/strong>: En operaciones de importaci\u00f3n y exportaci\u00f3n, donde la normativa fiscal lo exige.<\/li><li><strong>Proveedores de Servicios<\/strong>: En ciertos servicios espec\u00edficos, donde el cliente debe emitir la factura.<\/li><\/ol>\t\t\t\t\t\t\t\t<\/div>\n\t\t\t\t<\/div>\n\t\t\t\t\t<\/div>\n\t\t\t\t<\/div>\n\t\t<div class=\"elementor-element elementor-element-353c4fcd e-flex e-con-boxed e-con e-parent\" data-id=\"353c4fcd\" data-element_type=\"container\" data-settings=\"{&quot;background_background&quot;:&quot;classic&quot;}\">\n\t\t\t\t\t<div class=\"e-con-inner\">\n\t\t<div class=\"elementor-element elementor-element-1cb5ca9 e-con-full e-flex e-con e-child\" data-id=\"1cb5ca9\" data-element_type=\"container\">\n\t\t<div class=\"elementor-element elementor-element-7d3d0188 e-flex e-con-boxed e-con e-child\" data-id=\"7d3d0188\" data-element_type=\"container\">\n\t\t\t\t\t<div class=\"e-con-inner\">\n\t\t\t\t<div class=\"elementor-element elementor-element-69cba554 elementor-widget elementor-widget-heading\" data-id=\"69cba554\" data-element_type=\"widget\" data-widget_type=\"heading.default\">\n\t\t\t\t<div class=\"elementor-widget-container\">\n\t\t\t\t\t<h3 class=\"elementor-heading-title elementor-size-default\">Digitaliza tu empresa<\/h3>\t\t\t\t<\/div>\n\t\t\t\t<\/div>\n\t\t\t\t<div class=\"elementor-element elementor-element-6b61ac95 elementor-widget elementor-widget-text-editor\" data-id=\"6b61ac95\" data-element_type=\"widget\" data-widget_type=\"text-editor.default\">\n\t\t\t\t<div class=\"elementor-widget-container\">\n\t\t\t\t\t\t\t\t\t<p>Simplifica tu d\u00eda a d\u00eda con nuestra plataforma de facturaci\u00f3n electr\u00f3nica.<\/p>\t\t\t\t\t\t\t\t<\/div>\n\t\t\t\t<\/div>\n\t\t\t\t<div class=\"elementor-element elementor-element-e9c4b06 elementor-widget elementor-widget-button\" data-id=\"e9c4b06\" data-element_type=\"widget\" data-widget_type=\"button.default\">\n\t\t\t\t<div class=\"elementor-widget-container\">\n\t\t\t\t\t\t\t\t\t<div class=\"elementor-button-wrapper\">\n\t\t\t\t\t<a class=\"elementor-button elementor-button-link elementor-size-md\" href=\"https:\/\/myaccount.finanedi.es\/signup\" target=\"_blank\">\n\t\t\t\t\t\t<span class=\"elementor-button-content-wrapper\">\n\t\t\t\t\t\t\t\t\t<span class=\"elementor-button-text\">Crear cuenta gratis<\/span>\n\t\t\t\t\t<\/span>\n\t\t\t\t\t<\/a>\n\t\t\t\t<\/div>\n\t\t\t\t\t\t\t\t<\/div>\n\t\t\t\t<\/div>\n\t\t\t\t\t<\/div>\n\t\t\t\t<\/div>\n\t\t\t\t<\/div>\n\t\t<div class=\"elementor-element elementor-element-3ab49cde e-con-full e-flex e-con e-child\" data-id=\"3ab49cde\" data-element_type=\"container\">\n\t\t\t\t<div class=\"elementor-element elementor-element-178db58b elementor-widget elementor-widget-image\" data-id=\"178db58b\" data-element_type=\"widget\" data-widget_type=\"image.default\">\n\t\t\t\t<div class=\"elementor-widget-container\">\n\t\t\t\t\t\t\t\t\t\t\t\t\t\t\t<img fetchpriority=\"high\" decoding=\"async\" width=\"300\" height=\"202\" src=\"https:\/\/finanedi.es\/blog\/contenido\/uploads\/2024\/03\/Documentos-300x202.png\" class=\"attachment-medium size-medium wp-image-399\" alt=\"Crear factura FinanEDI\" srcset=\"https:\/\/finanedi.es\/blog\/contenido\/uploads\/2024\/03\/Documentos-300x202.png 300w, https:\/\/finanedi.es\/blog\/contenido\/uploads\/2024\/03\/Documentos-1024x691.png 1024w, https:\/\/finanedi.es\/blog\/contenido\/uploads\/2024\/03\/Documentos-768x518.png 768w, https:\/\/finanedi.es\/blog\/contenido\/uploads\/2024\/03\/Documentos-1536x1036.png 1536w, https:\/\/finanedi.es\/blog\/contenido\/uploads\/2024\/03\/Documentos.png 1920w\" sizes=\"(max-width: 300px) 100vw, 300px\" \/>\t\t\t\t\t\t\t\t\t\t\t\t\t\t\t<\/div>\n\t\t\t\t<\/div>\n\t\t\t\t<\/div>\n\t\t\t\t\t<\/div>\n\t\t\t\t<\/div>\n\t\t<div class=\"elementor-element elementor-element-87b8c46 e-flex e-con-boxed e-con e-parent\" data-id=\"87b8c46\" data-element_type=\"container\">\n\t\t\t\t\t<div class=\"e-con-inner\">\n\t\t\t\t<div class=\"elementor-element elementor-element-ce9fb23 elementor-widget elementor-widget-spacer\" data-id=\"ce9fb23\" data-element_type=\"widget\" data-widget_type=\"spacer.default\">\n\t\t\t\t<div class=\"elementor-widget-container\">\n\t\t\t\t\t\t\t<div class=\"elementor-spacer\">\n\t\t\t<div class=\"elementor-spacer-inner\"><\/div>\n\t\t<\/div>\n\t\t\t\t\t\t<\/div>\n\t\t\t\t<\/div>\n\t\t\t\t\t<\/div>\n\t\t\t\t<\/div>\n\t\t<div class=\"elementor-element elementor-element-6ca3148 e-flex e-con-boxed e-con e-parent\" data-id=\"6ca3148\" data-element_type=\"container\">\n\t\t\t\t\t<div class=\"e-con-inner\">\n\t\t\t\t<div class=\"elementor-element elementor-element-8f99e68 elementor-widget elementor-widget-heading\" data-id=\"8f99e68\" data-element_type=\"widget\" data-widget_type=\"heading.default\">\n\t\t\t\t<div class=\"elementor-widget-container\">\n\t\t\t\t\t<h3 class=\"elementor-heading-title elementor-size-default\">Importancia de la factura inversa<\/h3>\t\t\t\t<\/div>\n\t\t\t\t<\/div>\n\t\t\t\t\t<\/div>\n\t\t\t\t<\/div>\n\t\t<div class=\"elementor-element elementor-element-7919630 e-flex e-con-boxed e-con e-parent\" data-id=\"7919630\" data-element_type=\"container\">\n\t\t\t\t\t<div class=\"e-con-inner\">\n\t\t\t\t<div class=\"elementor-element elementor-element-63316cd elementor-widget elementor-widget-spacer\" data-id=\"63316cd\" data-element_type=\"widget\" data-widget_type=\"spacer.default\">\n\t\t\t\t<div class=\"elementor-widget-container\">\n\t\t\t\t\t\t\t<div class=\"elementor-spacer\">\n\t\t\t<div class=\"elementor-spacer-inner\"><\/div>\n\t\t<\/div>\n\t\t\t\t\t\t<\/div>\n\t\t\t\t<\/div>\n\t\t\t\t\t<\/div>\n\t\t\t\t<\/div>\n\t\t<div class=\"elementor-element elementor-element-95ffd7e e-flex e-con-boxed e-con e-parent\" data-id=\"95ffd7e\" data-element_type=\"container\">\n\t\t\t\t\t<div class=\"e-con-inner\">\n\t\t\t\t<div class=\"elementor-element elementor-element-d4a7e6b elementor-widget elementor-widget-heading\" data-id=\"d4a7e6b\" data-element_type=\"widget\" data-widget_type=\"heading.default\">\n\t\t\t\t<div class=\"elementor-widget-container\">\n\t\t\t\t\t<h4 class=\"elementor-heading-title elementor-size-default\">Cumplimiento normativo<\/h4>\t\t\t\t<\/div>\n\t\t\t\t<\/div>\n\t\t\t\t\t<\/div>\n\t\t\t\t<\/div>\n\t\t<div class=\"elementor-element elementor-element-22a9e8b e-flex e-con-boxed e-con e-parent\" data-id=\"22a9e8b\" data-element_type=\"container\">\n\t\t\t\t\t<div class=\"e-con-inner\">\n\t\t\t\t<div class=\"elementor-element elementor-element-7600c89 elementor-widget elementor-widget-text-editor\" data-id=\"7600c89\" data-element_type=\"widget\" data-widget_type=\"text-editor.default\">\n\t\t\t\t<div class=\"elementor-widget-container\">\n\t\t\t\t\t\t\t\t\t<p>La\u00a0 factura inversa es un mecanismo importante para asegurar el cumplimiento de las normativas fiscales y contables. Emitir estos tipos de facturas de acuerdo con la legislaci\u00f3n vigente garantiza que la empresa no incurra en sanciones ni problemas legales.<\/p>\t\t\t\t\t\t\t\t<\/div>\n\t\t\t\t<\/div>\n\t\t\t\t\t<\/div>\n\t\t\t\t<\/div>\n\t\t<div class=\"elementor-element elementor-element-e3a09b1 e-flex e-con-boxed e-con e-parent\" data-id=\"e3a09b1\" data-element_type=\"container\">\n\t\t\t\t\t<div class=\"e-con-inner\">\n\t\t\t\t<div class=\"elementor-element elementor-element-d4780ab elementor-widget elementor-widget-heading\" data-id=\"d4780ab\" data-element_type=\"widget\" data-widget_type=\"heading.default\">\n\t\t\t\t<div class=\"elementor-widget-container\">\n\t\t\t\t\t<h4 class=\"elementor-heading-title elementor-size-default\">Registro adecuado de transacciones<\/h4>\t\t\t\t<\/div>\n\t\t\t\t<\/div>\n\t\t\t\t\t<\/div>\n\t\t\t\t<\/div>\n\t\t<div class=\"elementor-element elementor-element-efe10ff e-flex e-con-boxed e-con e-parent\" data-id=\"efe10ff\" data-element_type=\"container\">\n\t\t\t\t\t<div class=\"e-con-inner\">\n\t\t\t\t<div class=\"elementor-element elementor-element-acb4b8b elementor-widget elementor-widget-text-editor\" data-id=\"acb4b8b\" data-element_type=\"widget\" data-widget_type=\"text-editor.default\">\n\t\t\t\t<div class=\"elementor-widget-container\">\n\t\t\t\t\t\t\t\t\t<p>Estos tipos de facturas permiten el registro adecuado y transparente de las transacciones comerciales, especialmente en situaciones donde el proveedor no puede o no debe emitir la factura. Esto asegura que todas las operaciones est\u00e9n debidamente documentadas y contabilizadas.<\/p>\t\t\t\t\t\t\t\t<\/div>\n\t\t\t\t<\/div>\n\t\t\t\t\t<\/div>\n\t\t\t\t<\/div>\n\t\t<div class=\"elementor-element elementor-element-b9b9c81 e-flex e-con-boxed e-con e-parent\" data-id=\"b9b9c81\" data-element_type=\"container\">\n\t\t\t\t\t<div class=\"e-con-inner\">\n\t\t\t\t<div class=\"elementor-element elementor-element-aad090f elementor-widget elementor-widget-heading\" data-id=\"aad090f\" data-element_type=\"widget\" data-widget_type=\"heading.default\">\n\t\t\t\t<div class=\"elementor-widget-container\">\n\t\t\t\t\t<h4 class=\"elementor-heading-title elementor-size-default\">Transparencia y control<\/h4>\t\t\t\t<\/div>\n\t\t\t\t<\/div>\n\t\t\t\t\t<\/div>\n\t\t\t\t<\/div>\n\t\t<div class=\"elementor-element elementor-element-db93e8b e-flex e-con-boxed e-con e-parent\" data-id=\"db93e8b\" data-element_type=\"container\">\n\t\t\t\t\t<div class=\"e-con-inner\">\n\t\t\t\t<div class=\"elementor-element elementor-element-a2f10b0 elementor-widget elementor-widget-text-editor\" data-id=\"a2f10b0\" data-element_type=\"widget\" data-widget_type=\"text-editor.default\">\n\t\t\t\t<div class=\"elementor-widget-container\">\n\t\t\t\t\t\t\t\t\t<p>La emisi\u00f3n de autofacturas y facturas inversas facilita un mayor control y transparencia en las transacciones. Esto es especialmente importante en sectores como el agr\u00edcola o en el comercio internacional, donde es crucial llevar un registro claro y preciso de las operaciones realizadas.<\/p>\t\t\t\t\t\t\t\t<\/div>\n\t\t\t\t<\/div>\n\t\t\t\t\t<\/div>\n\t\t\t\t<\/div>\n\t\t<div class=\"elementor-element elementor-element-7a28baf e-flex e-con-boxed e-con e-parent\" data-id=\"7a28baf\" data-element_type=\"container\">\n\t\t\t\t\t<div class=\"e-con-inner\">\n\t\t\t\t<div class=\"elementor-element elementor-element-d71d19a elementor-widget elementor-widget-spacer\" data-id=\"d71d19a\" data-element_type=\"widget\" data-widget_type=\"spacer.default\">\n\t\t\t\t<div class=\"elementor-widget-container\">\n\t\t\t\t\t\t\t<div class=\"elementor-spacer\">\n\t\t\t<div class=\"elementor-spacer-inner\"><\/div>\n\t\t<\/div>\n\t\t\t\t\t\t<\/div>\n\t\t\t\t<\/div>\n\t\t\t\t\t<\/div>\n\t\t\t\t<\/div>\n\t\t<div class=\"elementor-element elementor-element-ca489c3 e-flex e-con-boxed e-con e-parent\" data-id=\"ca489c3\" data-element_type=\"container\">\n\t\t\t\t\t<div class=\"e-con-inner\">\n\t\t\t\t<div class=\"elementor-element elementor-element-74d179a elementor-widget elementor-widget-heading\" data-id=\"74d179a\" data-element_type=\"widget\" data-widget_type=\"heading.default\">\n\t\t\t\t<div class=\"elementor-widget-container\">\n\t\t\t\t\t<h3 class=\"elementor-heading-title elementor-size-default\">Ventajas de la factura inversa<\/h3>\t\t\t\t<\/div>\n\t\t\t\t<\/div>\n\t\t\t\t\t<\/div>\n\t\t\t\t<\/div>\n\t\t<div class=\"elementor-element elementor-element-ff11a35 e-flex e-con-boxed e-con e-parent\" data-id=\"ff11a35\" data-element_type=\"container\">\n\t\t\t\t\t<div class=\"e-con-inner\">\n\t\t\t\t<div class=\"elementor-element elementor-element-ced2b14 elementor-widget elementor-widget-spacer\" data-id=\"ced2b14\" data-element_type=\"widget\" data-widget_type=\"spacer.default\">\n\t\t\t\t<div class=\"elementor-widget-container\">\n\t\t\t\t\t\t\t<div class=\"elementor-spacer\">\n\t\t\t<div class=\"elementor-spacer-inner\"><\/div>\n\t\t<\/div>\n\t\t\t\t\t\t<\/div>\n\t\t\t\t<\/div>\n\t\t\t\t\t<\/div>\n\t\t\t\t<\/div>\n\t\t<div class=\"elementor-element elementor-element-8c814d2 e-flex e-con-boxed e-con e-parent\" data-id=\"8c814d2\" data-element_type=\"container\">\n\t\t\t\t\t<div class=\"e-con-inner\">\n\t\t\t\t<div class=\"elementor-element elementor-element-584c2c5 elementor-widget elementor-widget-heading\" data-id=\"584c2c5\" data-element_type=\"widget\" data-widget_type=\"heading.default\">\n\t\t\t\t<div class=\"elementor-widget-container\">\n\t\t\t\t\t<h4 class=\"elementor-heading-title elementor-size-default\">Reducci\u00f3n de riesgos fiscales<\/h4>\t\t\t\t<\/div>\n\t\t\t\t<\/div>\n\t\t\t\t\t<\/div>\n\t\t\t\t<\/div>\n\t\t<div class=\"elementor-element elementor-element-ca88952 e-flex e-con-boxed e-con e-parent\" data-id=\"ca88952\" data-element_type=\"container\">\n\t\t\t\t\t<div class=\"e-con-inner\">\n\t\t\t\t<div class=\"elementor-element elementor-element-acac115 elementor-widget elementor-widget-text-editor\" data-id=\"acac115\" data-element_type=\"widget\" data-widget_type=\"text-editor.default\">\n\t\t\t\t<div class=\"elementor-widget-container\">\n\t\t\t\t\t\t\t\t\t<p>Al emitir una facturas inversas, las empresas pueden minimizar los riesgos fiscales asociados a la falta de documentaci\u00f3n adecuada. Esto es crucial para evitar sanciones y asegurar que todas las transacciones cumplen con los requisitos legales.<\/p>\t\t\t\t\t\t\t\t<\/div>\n\t\t\t\t<\/div>\n\t\t\t\t\t<\/div>\n\t\t\t\t<\/div>\n\t\t<div class=\"elementor-element elementor-element-3e494a2 e-flex e-con-boxed e-con e-parent\" data-id=\"3e494a2\" data-element_type=\"container\">\n\t\t\t\t\t<div class=\"e-con-inner\">\n\t\t\t\t<div class=\"elementor-element elementor-element-d10a1ad elementor-widget elementor-widget-heading\" data-id=\"d10a1ad\" data-element_type=\"widget\" data-widget_type=\"heading.default\">\n\t\t\t\t<div class=\"elementor-widget-container\">\n\t\t\t\t\t<h4 class=\"elementor-heading-title elementor-size-default\">Mejora en la gesti\u00f3n contable<\/h4>\t\t\t\t<\/div>\n\t\t\t\t<\/div>\n\t\t\t\t\t<\/div>\n\t\t\t\t<\/div>\n\t\t<div class=\"elementor-element elementor-element-acce830 e-flex e-con-boxed e-con e-parent\" data-id=\"acce830\" data-element_type=\"container\">\n\t\t\t\t\t<div class=\"e-con-inner\">\n\t\t\t\t<div class=\"elementor-element elementor-element-181d524 elementor-widget elementor-widget-text-editor\" data-id=\"181d524\" data-element_type=\"widget\" data-widget_type=\"text-editor.default\">\n\t\t\t\t<div class=\"elementor-widget-container\">\n\t\t\t\t\t\t\t\t\t<p>Estos tipos de facturaci\u00f3n mejoran la gesti\u00f3n contable al proporcionar una documentaci\u00f3n clara y precisa de las transacciones. Esto facilita el trabajo del departamento contable y asegura que todas las operaciones se registren correctamente en los libros contables.<\/p>\t\t\t\t\t\t\t\t<\/div>\n\t\t\t\t<\/div>\n\t\t\t\t\t<\/div>\n\t\t\t\t<\/div>\n\t\t<div class=\"elementor-element elementor-element-cf04aa5 e-flex e-con-boxed e-con e-parent\" data-id=\"cf04aa5\" data-element_type=\"container\">\n\t\t\t\t\t<div class=\"e-con-inner\">\n\t\t\t\t<div class=\"elementor-element elementor-element-1e335f8 elementor-widget elementor-widget-heading\" data-id=\"1e335f8\" data-element_type=\"widget\" data-widget_type=\"heading.default\">\n\t\t\t\t<div class=\"elementor-widget-container\">\n\t\t\t\t\t<h4 class=\"elementor-heading-title elementor-size-default\">Facilita auditor\u00edas<\/h4>\t\t\t\t<\/div>\n\t\t\t\t<\/div>\n\t\t\t\t\t<\/div>\n\t\t\t\t<\/div>\n\t\t<div class=\"elementor-element elementor-element-29da505 e-flex e-con-boxed e-con e-parent\" data-id=\"29da505\" data-element_type=\"container\">\n\t\t\t\t\t<div class=\"e-con-inner\">\n\t\t\t\t<div class=\"elementor-element elementor-element-aea3cc5 elementor-widget elementor-widget-text-editor\" data-id=\"aea3cc5\" data-element_type=\"widget\" data-widget_type=\"text-editor.default\">\n\t\t\t\t<div class=\"elementor-widget-container\">\n\t\t\t\t\t\t\t\t\t<p>Las facturas inversas proporcionan un registro detallado de las transacciones, lo que facilita las auditor\u00edas internas y externas. Esto asegura que todas las operaciones est\u00e1n debidamente documentadas y cumplen con los requisitos fiscales y contables.<\/p>\t\t\t\t\t\t\t\t<\/div>\n\t\t\t\t<\/div>\n\t\t\t\t\t<\/div>\n\t\t\t\t<\/div>\n\t\t<div class=\"elementor-element elementor-element-9e67733 e-flex e-con-boxed e-con e-parent\" data-id=\"9e67733\" data-element_type=\"container\">\n\t\t\t\t\t<div class=\"e-con-inner\">\n\t\t\t\t<div class=\"elementor-element elementor-element-53c752c elementor-widget elementor-widget-heading\" data-id=\"53c752c\" data-element_type=\"widget\" data-widget_type=\"heading.default\">\n\t\t\t\t<div class=\"elementor-widget-container\">\n\t\t\t\t\t<h4 class=\"elementor-heading-title elementor-size-default\">Flexibilidad en las transacciones<\/h4>\t\t\t\t<\/div>\n\t\t\t\t<\/div>\n\t\t\t\t\t<\/div>\n\t\t\t\t<\/div>\n\t\t<div class=\"elementor-element elementor-element-d74a398 e-flex e-con-boxed e-con e-parent\" data-id=\"d74a398\" data-element_type=\"container\">\n\t\t\t\t\t<div class=\"e-con-inner\">\n\t\t\t\t<div class=\"elementor-element elementor-element-be2e0d0 elementor-widget elementor-widget-text-editor\" data-id=\"be2e0d0\" data-element_type=\"widget\" data-widget_type=\"text-editor.default\">\n\t\t\t\t<div class=\"elementor-widget-container\">\n\t\t\t\t\t\t\t\t\t<p>La posibilidad de emitir autofacturas y facturas inversas ofrece flexibilidad a las empresas para gestionar sus transacciones de manera eficiente. Esto es especialmente \u00fatil en situaciones donde el proveedor no puede emitir la factura, permitiendo que la empresa compradora tome la iniciativa para asegurar el cumplimiento normativo.<\/p>\t\t\t\t\t\t\t\t<\/div>\n\t\t\t\t<\/div>\n\t\t\t\t\t<\/div>\n\t\t\t\t<\/div>\n\t\t<div class=\"elementor-element elementor-element-5308ae6c e-flex e-con-boxed e-con e-parent\" data-id=\"5308ae6c\" data-element_type=\"container\" data-settings=\"{&quot;background_background&quot;:&quot;classic&quot;}\">\n\t\t\t\t\t<div class=\"e-con-inner\">\n\t\t<div class=\"elementor-element elementor-element-2734afe9 e-con-full e-flex e-con e-child\" data-id=\"2734afe9\" data-element_type=\"container\">\n\t\t<div class=\"elementor-element elementor-element-1bb6d991 e-flex e-con-boxed e-con e-child\" data-id=\"1bb6d991\" data-element_type=\"container\">\n\t\t\t\t\t<div class=\"e-con-inner\">\n\t\t\t\t<div class=\"elementor-element elementor-element-2c29b4c6 elementor-widget elementor-widget-heading\" data-id=\"2c29b4c6\" data-element_type=\"widget\" data-widget_type=\"heading.default\">\n\t\t\t\t<div class=\"elementor-widget-container\">\n\t\t\t\t\t<h3 class=\"elementor-heading-title elementor-size-default\">Digitaliza tu empresa<\/h3>\t\t\t\t<\/div>\n\t\t\t\t<\/div>\n\t\t\t\t<div class=\"elementor-element elementor-element-737aa3b3 elementor-widget elementor-widget-text-editor\" data-id=\"737aa3b3\" data-element_type=\"widget\" data-widget_type=\"text-editor.default\">\n\t\t\t\t<div class=\"elementor-widget-container\">\n\t\t\t\t\t\t\t\t\t<p>Simplifica tu d\u00eda a d\u00eda con nuestra plataforma de facturaci\u00f3n electr\u00f3nica.<\/p>\t\t\t\t\t\t\t\t<\/div>\n\t\t\t\t<\/div>\n\t\t\t\t<div class=\"elementor-element elementor-element-3997904c elementor-widget elementor-widget-button\" data-id=\"3997904c\" data-element_type=\"widget\" data-widget_type=\"button.default\">\n\t\t\t\t<div class=\"elementor-widget-container\">\n\t\t\t\t\t\t\t\t\t<div class=\"elementor-button-wrapper\">\n\t\t\t\t\t<a class=\"elementor-button elementor-button-link elementor-size-md\" href=\"https:\/\/myaccount.finanedi.es\/signup\" target=\"_blank\">\n\t\t\t\t\t\t<span class=\"elementor-button-content-wrapper\">\n\t\t\t\t\t\t\t\t\t<span class=\"elementor-button-text\">Crear cuenta gratis<\/span>\n\t\t\t\t\t<\/span>\n\t\t\t\t\t<\/a>\n\t\t\t\t<\/div>\n\t\t\t\t\t\t\t\t<\/div>\n\t\t\t\t<\/div>\n\t\t\t\t\t<\/div>\n\t\t\t\t<\/div>\n\t\t\t\t<\/div>\n\t\t<div class=\"elementor-element elementor-element-159a9f36 e-con-full e-flex e-con e-child\" data-id=\"159a9f36\" data-element_type=\"container\">\n\t\t\t\t<div class=\"elementor-element elementor-element-71e9295d elementor-widget elementor-widget-image\" data-id=\"71e9295d\" data-element_type=\"widget\" data-widget_type=\"image.default\">\n\t\t\t\t<div class=\"elementor-widget-container\">\n\t\t\t\t\t\t\t\t\t\t\t\t\t\t\t<img fetchpriority=\"high\" decoding=\"async\" width=\"300\" height=\"202\" src=\"https:\/\/finanedi.es\/blog\/contenido\/uploads\/2024\/03\/Documentos-300x202.png\" class=\"attachment-medium size-medium wp-image-399\" alt=\"Crear factura FinanEDI\" srcset=\"https:\/\/finanedi.es\/blog\/contenido\/uploads\/2024\/03\/Documentos-300x202.png 300w, https:\/\/finanedi.es\/blog\/contenido\/uploads\/2024\/03\/Documentos-1024x691.png 1024w, https:\/\/finanedi.es\/blog\/contenido\/uploads\/2024\/03\/Documentos-768x518.png 768w, https:\/\/finanedi.es\/blog\/contenido\/uploads\/2024\/03\/Documentos-1536x1036.png 1536w, https:\/\/finanedi.es\/blog\/contenido\/uploads\/2024\/03\/Documentos.png 1920w\" sizes=\"(max-width: 300px) 100vw, 300px\" \/>\t\t\t\t\t\t\t\t\t\t\t\t\t\t\t<\/div>\n\t\t\t\t<\/div>\n\t\t\t\t<\/div>\n\t\t\t\t\t<\/div>\n\t\t\t\t<\/div>\n\t\t<div class=\"elementor-element elementor-element-0d63130 e-flex e-con-boxed e-con e-parent\" data-id=\"0d63130\" data-element_type=\"container\">\n\t\t\t\t\t<div class=\"e-con-inner\">\n\t\t\t\t<div class=\"elementor-element elementor-element-13a1df2 elementor-widget elementor-widget-spacer\" data-id=\"13a1df2\" data-element_type=\"widget\" data-widget_type=\"spacer.default\">\n\t\t\t\t<div class=\"elementor-widget-container\">\n\t\t\t\t\t\t\t<div class=\"elementor-spacer\">\n\t\t\t<div class=\"elementor-spacer-inner\"><\/div>\n\t\t<\/div>\n\t\t\t\t\t\t<\/div>\n\t\t\t\t<\/div>\n\t\t\t\t\t<\/div>\n\t\t\t\t<\/div>\n\t\t<div class=\"elementor-element elementor-element-e551a25 e-flex e-con-boxed e-con e-parent\" data-id=\"e551a25\" data-element_type=\"container\">\n\t\t\t\t\t<div class=\"e-con-inner\">\n\t\t\t\t<div class=\"elementor-element elementor-element-3f4696c elementor-widget elementor-widget-text-editor\" data-id=\"3f4696c\" data-element_type=\"widget\" data-widget_type=\"text-editor.default\">\n\t\t\t\t<div class=\"elementor-widget-container\">\n\t\t\t\t\t\t\t\t\t<p>La <strong>factura inversa<\/strong> es una\u00a0 <strong>herramienta esencial en la gesti\u00f3n contable y fiscal de las empresas<\/strong>. Su correcto uso asegura el cumplimiento de las normativas legales, facilita el registro adecuado de las transacciones y mejora la transparencia y el control en las operaciones comerciales. Adoptar estas pr\u00e1cticas puede llevar a una mayor eficiencia administrativa, reducir riesgos fiscales y asegurar que todas las transacciones est\u00e9n debidamente documentadas, contribuyendo as\u00ed al \u00e9xito y la sostenibilidad de las empresas en el largo plazo.<\/p>\t\t\t\t\t\t\t\t<\/div>\n\t\t\t\t<\/div>\n\t\t\t\t\t<\/div>\n\t\t\t\t<\/div>\n\t\t<div class=\"elementor-element elementor-element-59b95342 e-flex e-con-boxed e-con e-parent\" data-id=\"59b95342\" data-element_type=\"container\">\n\t\t\t\t\t<div class=\"e-con-inner\">\n\t\t<div class=\"elementor-element elementor-element-6287d96d e-con-full e-flex e-con e-child\" data-id=\"6287d96d\" data-element_type=\"container\">\n\t\t\t\t<div class=\"elementor-element elementor-element-64aa2db elementor-widget elementor-widget-spacer\" data-id=\"64aa2db\" data-element_type=\"widget\" data-widget_type=\"spacer.default\">\n\t\t\t\t<div class=\"elementor-widget-container\">\n\t\t\t\t\t\t\t<div class=\"elementor-spacer\">\n\t\t\t<div class=\"elementor-spacer-inner\"><\/div>\n\t\t<\/div>\n\t\t\t\t\t\t<\/div>\n\t\t\t\t<\/div>\n\t\t\t\t<\/div>\n\t\t<div class=\"elementor-element elementor-element-6dcea11b e-con-full e-flex e-con e-child\" data-id=\"6dcea11b\" data-element_type=\"container\">\n\t\t\t\t<div class=\"elementor-element elementor-element-15e20222 elementor-widget elementor-widget-heading\" data-id=\"15e20222\" data-element_type=\"widget\" data-widget_type=\"heading.default\">\n\t\t\t\t<div class=\"elementor-widget-container\">\n\t\t\t\t\t<h3 class=\"elementor-heading-title elementor-size-default\">No te pierdas...<\/h3>\t\t\t\t<\/div>\n\t\t\t\t<\/div>\n\t\t\t\t<\/div>\n\t\t<div class=\"elementor-element elementor-element-621e2651 e-con-full e-flex e-con e-child\" data-id=\"621e2651\" data-element_type=\"container\">\n\t\t\t\t<div class=\"elementor-element elementor-element-35b33eb0 elementor-widget elementor-widget-katen-post-five\" data-id=\"35b33eb0\" data-element_type=\"widget\" data-widget_type=\"katen-post-five.default\">\n\t\t\t\t<div class=\"elementor-widget-container\">\n\t\t\t\t\t\t\t<div class=\"padding-30 rounded bordered\">\n\n\t\t\t<div class=\"row infinite-wrapper\">\n\n\t\t\t\n\t\t\t\t<div class=\"col-md-12 col-sm-6 post-list-item post-item\">\n\t\t\t\t\t<!-- post -->\n\t\t\t\t\t<div class=\"post post-list clearfix\">\n\n\t\t\t\t\t\t<div class=\"thumb rounded\"><div class=\"inner\"><a href=\"https:\/\/finanedi.es\/blog\/que-gastos-son-deducibles-para-autonomos-y-empresas\/\"><img decoding=\"async\" width=\"330\" height=\"250\" src=\"https:\/\/finanedi.es\/blog\/contenido\/uploads\/2025\/10\/Que-gastos-son-deducibles-para-autonomos-y-empresas-330x250.jpg\" class=\"attachment-katen-thumb-list size-katen-thumb-list wp-post-image\" alt=\"Qu\u00e9 gastos son deducibles para aut\u00f3nomos y empresas\" \/><\/a><\/div><\/div>  \n\n\t\t\t\t\t\t<div class=\"details clearfix\">\n\t\t\t\t\t\t\t<ul class=\"meta list-inline mb-3\">\n\t\t\t\t\t\t\t\t<li class=\"list-inline-item\"><a href=\"https:\/\/finanedi.es\/blog\/category\/contabilidad\/\">Contabilidad<\/a><\/li>\t\t\t\t\t\t\t<\/ul>\n\t\t\t\t\t\t\t<h5 class=\"post-title\"><a href=\"https:\/\/finanedi.es\/blog\/que-gastos-son-deducibles-para-autonomos-y-empresas\/\">Qu\u00e9 gastos son deducibles para aut\u00f3nomos y empresas<\/a><\/h5>\n\t\t\t\t\t\t\t<p class=\"excerpt mb-0\">\n\t\t\t\t\t\t\t\tLlevar la contabilidad al d\u00eda no es solo una cuesti\u00f3n de orden: tambi\u00e9n puede marcar&hellip;\t\t\t\t\t\t\t<\/p>\n\t\t\t\t\t\t\t<div class=\"post-bottom clearfix d-flex align-items-center\">\n\t\t\t\t\t\t\t\t\t\t\t\t\t\t\t\t\t\t\t\t\t\t\t<\/div>\n\t\t\t\t\t\t<\/div>\n\t\t\t\t\t<\/div>\n\t\t\t\t<\/div>\n\n\t\t\t\n\t\t\t\t<div class=\"col-md-12 col-sm-6 post-list-item post-item\">\n\t\t\t\t\t<!-- post -->\n\t\t\t\t\t<div class=\"post post-list clearfix\">\n\n\t\t\t\t\t\t<div class=\"thumb rounded\"><div class=\"inner\"><a href=\"https:\/\/finanedi.es\/blog\/impuesto-de-sociedades-lo-que-toda-pyme-debe-saber-para-optimizar-su-fiscalidad\/\"><img decoding=\"async\" width=\"330\" height=\"250\" src=\"https:\/\/finanedi.es\/blog\/contenido\/uploads\/2025\/10\/Impuesto-de-Sociedades-lo-que-toda-pyme-debe-saber-para-optimizar-su-fiscalidad-330x250.jpg\" class=\"attachment-katen-thumb-list size-katen-thumb-list wp-post-image\" alt=\"Impuesto de Sociedades lo que toda pyme debe saber para optimizar su fiscalidad\" \/><\/a><\/div><\/div>  \n\n\t\t\t\t\t\t<div class=\"details clearfix\">\n\t\t\t\t\t\t\t<ul class=\"meta list-inline mb-3\">\n\t\t\t\t\t\t\t\t<li class=\"list-inline-item\"><a href=\"https:\/\/finanedi.es\/blog\/category\/contabilidad\/\">Contabilidad<\/a><\/li>\t\t\t\t\t\t\t<\/ul>\n\t\t\t\t\t\t\t<h5 class=\"post-title\"><a href=\"https:\/\/finanedi.es\/blog\/impuesto-de-sociedades-lo-que-toda-pyme-debe-saber-para-optimizar-su-fiscalidad\/\">Impuesto de Sociedades: lo que toda pyme debe saber para optimizar su fiscalidad<\/a><\/h5>\n\t\t\t\t\t\t\t<p class=\"excerpt mb-0\">\n\t\t\t\t\t\t\t\tCada a\u00f1o, miles de empresas espa\u00f1olas se enfrentan al mismo reto: presentar el Impuesto de&hellip;\t\t\t\t\t\t\t<\/p>\n\t\t\t\t\t\t\t<div class=\"post-bottom clearfix d-flex align-items-center\">\n\t\t\t\t\t\t\t\t\t\t\t\t\t\t\t\t\t\t\t\t\t\t\t<\/div>\n\t\t\t\t\t\t<\/div>\n\t\t\t\t\t<\/div>\n\t\t\t\t<\/div>\n\n\t\t\t\n\t\t\t\t<div class=\"col-md-12 col-sm-6 post-list-item post-item\">\n\t\t\t\t\t<!-- post -->\n\t\t\t\t\t<div class=\"post post-list clearfix\">\n\n\t\t\t\t\t\t<div class=\"thumb rounded\"><div class=\"inner\"><a href=\"https:\/\/finanedi.es\/blog\/que-es-el-codigo-irus-en-el-deposito-de-cuentas-anuales\/\"><img loading=\"lazy\" decoding=\"async\" width=\"330\" height=\"250\" src=\"https:\/\/finanedi.es\/blog\/contenido\/uploads\/2025\/07\/Que-es-el-codigo-IRUS-en-el-deposito-de-cuentas-anuales-330x250.jpg\" class=\"attachment-katen-thumb-list size-katen-thumb-list wp-post-image\" alt=\"\u00bfQu\u00e9 es el c\u00f3digo IRUS en el dep\u00f3sito de cuentas anuales\" \/><\/a><\/div><\/div>  \n\n\t\t\t\t\t\t<div class=\"details clearfix\">\n\t\t\t\t\t\t\t<ul class=\"meta list-inline mb-3\">\n\t\t\t\t\t\t\t\t<li class=\"list-inline-item\"><a href=\"https:\/\/finanedi.es\/blog\/category\/contabilidad\/\">Contabilidad<\/a><\/li>\t\t\t\t\t\t\t<\/ul>\n\t\t\t\t\t\t\t<h5 class=\"post-title\"><a href=\"https:\/\/finanedi.es\/blog\/que-es-el-codigo-irus-en-el-deposito-de-cuentas-anuales\/\">\u00bfQu\u00e9 es el c\u00f3digo IRUS en el dep\u00f3sito de cuentas anuales?<\/a><\/h5>\n\t\t\t\t\t\t\t<p class=\"excerpt mb-0\">\n\t\t\t\t\t\t\t\tCuando una empresa presenta sus cuentas anuales en el Registro Mercantil, es com\u00fan encontrarse con&hellip;\t\t\t\t\t\t\t<\/p>\n\t\t\t\t\t\t\t<div class=\"post-bottom clearfix d-flex align-items-center\">\n\t\t\t\t\t\t\t\t\t\t\t\t\t\t\t\t\t\t\t\t\t\t\t<\/div>\n\t\t\t\t\t\t<\/div>\n\t\t\t\t\t<\/div>\n\t\t\t\t<\/div>\n\n\t\t\t\n\t\t\t\t<div class=\"col-md-12 col-sm-6 post-list-item post-item\">\n\t\t\t\t\t<!-- post -->\n\t\t\t\t\t<div class=\"post post-list clearfix\">\n\n\t\t\t\t\t\t<div class=\"thumb rounded\"><div class=\"inner\"><a href=\"https:\/\/finanedi.es\/blog\/errores-contables-frecuentes-al-usar-excel-como-programa-de-facturacion\/\"><img loading=\"lazy\" decoding=\"async\" width=\"330\" height=\"250\" src=\"https:\/\/finanedi.es\/blog\/contenido\/uploads\/2025\/07\/Errores-contables-frecuentes-al-usar-Excel-como-programa-de-facturacion-330x250.jpg\" class=\"attachment-katen-thumb-list size-katen-thumb-list wp-post-image\" alt=\"Errores contables frecuentes al usar Excel como programa de facturaci\u00f3n\" \/><\/a><\/div><\/div>  \n\n\t\t\t\t\t\t<div class=\"details clearfix\">\n\t\t\t\t\t\t\t<ul class=\"meta list-inline mb-3\">\n\t\t\t\t\t\t\t\t<li class=\"list-inline-item\"><a href=\"https:\/\/finanedi.es\/blog\/category\/contabilidad\/\">Contabilidad<\/a><\/li>\t\t\t\t\t\t\t<\/ul>\n\t\t\t\t\t\t\t<h5 class=\"post-title\"><a href=\"https:\/\/finanedi.es\/blog\/errores-contables-frecuentes-al-usar-excel-como-programa-de-facturacion\/\">Errores contables frecuentes al usar Excel como programa de facturaci\u00f3n<\/a><\/h5>\n\t\t\t\t\t\t\t<p class=\"excerpt mb-0\">\n\t\t\t\t\t\t\t\tExcel es, sin duda, una de las herramientas m\u00e1s utilizadas por aut\u00f3nomos y peque\u00f1as empresas&hellip;\t\t\t\t\t\t\t<\/p>\n\t\t\t\t\t\t\t<div class=\"post-bottom clearfix d-flex align-items-center\">\n\t\t\t\t\t\t\t\t\t\t\t\t\t\t\t\t\t\t\t\t\t\t\t<\/div>\n\t\t\t\t\t\t<\/div>\n\t\t\t\t\t<\/div>\n\t\t\t\t<\/div>\n\n\t\t\t\n\t\t\t<\/div>\n\n\t\t<\/div>\n\t\t\n        \t\t\t\t<\/div>\n\t\t\t\t<\/div>\n\t\t\t\t<\/div>\n\t\t\t\t\t<\/div>\n\t\t\t\t<\/div>\n\t\t\t\t<\/div>\n\t\t","protected":false},"excerpt":{"rendered":"<p>La factura inversa es una modalidad de facturaci\u00f3n en la que el destinatario de los bienes o servicios (es decir, el cliente) es el encargado de emitir la factura en lugar del proveedor. Esta pr\u00e1ctica es com\u00fan en ciertas transacciones espec\u00edficas, como la compra de bienes agr\u00edcolas o transacciones internacionales, donde la normativa fiscal lo permite o lo exige.<\/p>\n","protected":false},"author":3,"featured_media":3312,"comment_status":"closed","ping_status":"open","sticky":false,"template":"","format":"standard","meta":{"_monsterinsights_skip_tracking":false,"_monsterinsights_sitenote_active":false,"_monsterinsights_sitenote_note":"","_monsterinsights_sitenote_category":0,"footnotes":""},"categories":[4],"tags":[63],"class_list":["post-3301","post","type-post","status-publish","format-standard","has-post-thumbnail","hentry","category-facturacion","tag-glosario-empresarial"],"yoast_head":"<!-- This site is optimized with the Yoast SEO plugin v26.2 - https:\/\/yoast.com\/wordpress\/plugins\/seo\/ -->\n<title>Factura inversa: Qu\u00e9 es, cu\u00e1ndo emitirla y sus ventajas<\/title>\n<meta name=\"description\" content=\"Existen modalidades espec\u00edficas de facturaci\u00f3n que responden a situaciones particulares: la autofactura o la factura inversa.\" \/>\n<meta name=\"robots\" content=\"index, follow, max-snippet:-1, max-image-preview:large, max-video-preview:-1\" \/>\n<link rel=\"canonical\" href=\"https:\/\/finanedi.es\/blog\/factura-inversa-que-es-cuando-emitirla-y-sus-ventajas\/\" \/>\n<meta property=\"og:locale\" content=\"es_ES\" \/>\n<meta property=\"og:type\" content=\"article\" \/>\n<meta property=\"og:title\" content=\"Factura inversa: Qu\u00e9 es, cu\u00e1ndo emitirla y sus ventajas\" \/>\n<meta property=\"og:description\" content=\"Existen modalidades espec\u00edficas de facturaci\u00f3n que responden a situaciones particulares: la autofactura o la factura inversa.\" \/>\n<meta property=\"og:url\" content=\"https:\/\/finanedi.es\/blog\/factura-inversa-que-es-cuando-emitirla-y-sus-ventajas\/\" \/>\n<meta property=\"og:site_name\" content=\"Blog para pymes y aut\u00f3nomos - FinanEDI\" \/>\n<meta property=\"article:published_time\" content=\"2024-08-15T06:13:18+00:00\" \/>\n<meta property=\"article:modified_time\" content=\"2024-08-29T06:54:50+00:00\" \/>\n<meta property=\"og:image\" content=\"https:\/\/finanedi.es\/blog\/contenido\/uploads\/2024\/08\/Factura-inversa.jpg\" \/>\n\t<meta property=\"og:image:width\" content=\"2000\" \/>\n\t<meta property=\"og:image:height\" content=\"1123\" \/>\n\t<meta property=\"og:image:type\" content=\"image\/jpeg\" \/>\n<meta name=\"author\" content=\"restevez\" \/>\n<meta name=\"twitter:card\" content=\"summary_large_image\" \/>\n<meta name=\"twitter:label1\" content=\"Escrito por\" \/>\n\t<meta name=\"twitter:data1\" content=\"restevez\" \/>\n\t<meta name=\"twitter:label2\" content=\"Tiempo de lectura\" \/>\n\t<meta name=\"twitter:data2\" content=\"5 minutos\" \/>\n<script type=\"application\/ld+json\" class=\"yoast-schema-graph\">{\"@context\":\"https:\/\/schema.org\",\"@graph\":[{\"@type\":\"Article\",\"@id\":\"https:\/\/finanedi.es\/blog\/factura-inversa-que-es-cuando-emitirla-y-sus-ventajas\/#article\",\"isPartOf\":{\"@id\":\"https:\/\/finanedi.es\/blog\/factura-inversa-que-es-cuando-emitirla-y-sus-ventajas\/\"},\"author\":{\"name\":\"restevez\",\"@id\":\"https:\/\/finanedi.es\/blog\/#\/schema\/person\/233ed58195d34f36f74f13ba1030ebd8\"},\"headline\":\"Factura inversa: Qu\u00e9 es, cu\u00e1ndo emitirla y sus ventajas\",\"datePublished\":\"2024-08-15T06:13:18+00:00\",\"dateModified\":\"2024-08-29T06:54:50+00:00\",\"mainEntityOfPage\":{\"@id\":\"https:\/\/finanedi.es\/blog\/factura-inversa-que-es-cuando-emitirla-y-sus-ventajas\/\"},\"wordCount\":772,\"publisher\":{\"@id\":\"https:\/\/finanedi.es\/blog\/#organization\"},\"image\":{\"@id\":\"https:\/\/finanedi.es\/blog\/factura-inversa-que-es-cuando-emitirla-y-sus-ventajas\/#primaryimage\"},\"thumbnailUrl\":\"https:\/\/finanedi.es\/blog\/contenido\/uploads\/2024\/08\/Factura-inversa.jpg\",\"keywords\":[\"Glosario empresarial\"],\"articleSection\":[\"Facturaci\u00f3n\"],\"inLanguage\":\"es\"},{\"@type\":\"WebPage\",\"@id\":\"https:\/\/finanedi.es\/blog\/factura-inversa-que-es-cuando-emitirla-y-sus-ventajas\/\",\"url\":\"https:\/\/finanedi.es\/blog\/factura-inversa-que-es-cuando-emitirla-y-sus-ventajas\/\",\"name\":\"Factura inversa: Qu\u00e9 es, cu\u00e1ndo emitirla y sus ventajas\",\"isPartOf\":{\"@id\":\"https:\/\/finanedi.es\/blog\/#website\"},\"primaryImageOfPage\":{\"@id\":\"https:\/\/finanedi.es\/blog\/factura-inversa-que-es-cuando-emitirla-y-sus-ventajas\/#primaryimage\"},\"image\":{\"@id\":\"https:\/\/finanedi.es\/blog\/factura-inversa-que-es-cuando-emitirla-y-sus-ventajas\/#primaryimage\"},\"thumbnailUrl\":\"https:\/\/finanedi.es\/blog\/contenido\/uploads\/2024\/08\/Factura-inversa.jpg\",\"datePublished\":\"2024-08-15T06:13:18+00:00\",\"dateModified\":\"2024-08-29T06:54:50+00:00\",\"description\":\"Existen modalidades espec\u00edficas de facturaci\u00f3n que responden a situaciones particulares: la autofactura o la factura inversa.\",\"breadcrumb\":{\"@id\":\"https:\/\/finanedi.es\/blog\/factura-inversa-que-es-cuando-emitirla-y-sus-ventajas\/#breadcrumb\"},\"inLanguage\":\"es\",\"potentialAction\":[{\"@type\":\"ReadAction\",\"target\":[\"https:\/\/finanedi.es\/blog\/factura-inversa-que-es-cuando-emitirla-y-sus-ventajas\/\"]}]},{\"@type\":\"ImageObject\",\"inLanguage\":\"es\",\"@id\":\"https:\/\/finanedi.es\/blog\/factura-inversa-que-es-cuando-emitirla-y-sus-ventajas\/#primaryimage\",\"url\":\"https:\/\/finanedi.es\/blog\/contenido\/uploads\/2024\/08\/Factura-inversa.jpg\",\"contentUrl\":\"https:\/\/finanedi.es\/blog\/contenido\/uploads\/2024\/08\/Factura-inversa.jpg\",\"width\":2000,\"height\":1123,\"caption\":\"Persona creando una factura inversa\"},{\"@type\":\"BreadcrumbList\",\"@id\":\"https:\/\/finanedi.es\/blog\/factura-inversa-que-es-cuando-emitirla-y-sus-ventajas\/#breadcrumb\",\"itemListElement\":[{\"@type\":\"ListItem\",\"position\":1,\"name\":\"Home\",\"item\":\"https:\/\/finanedi.es\/blog\/\"},{\"@type\":\"ListItem\",\"position\":2,\"name\":\"Factura inversa: Qu\u00e9 es, cu\u00e1ndo emitirla y sus ventajas\"}]},{\"@type\":\"WebSite\",\"@id\":\"https:\/\/finanedi.es\/blog\/#website\",\"url\":\"https:\/\/finanedi.es\/blog\/\",\"name\":\"Blog para pymes y aut\u00f3nomos - FinanEDI\",\"description\":\"Blog para aut\u00f3nomos y PYMES, sobre temas como facturaci\u00f3n, contabilidad, tecnolog\u00eda.\",\"publisher\":{\"@id\":\"https:\/\/finanedi.es\/blog\/#organization\"},\"potentialAction\":[{\"@type\":\"SearchAction\",\"target\":{\"@type\":\"EntryPoint\",\"urlTemplate\":\"https:\/\/finanedi.es\/blog\/?s={search_term_string}\"},\"query-input\":{\"@type\":\"PropertyValueSpecification\",\"valueRequired\":true,\"valueName\":\"search_term_string\"}}],\"inLanguage\":\"es\"},{\"@type\":\"Organization\",\"@id\":\"https:\/\/finanedi.es\/blog\/#organization\",\"name\":\"Blog para pymes y aut\u00f3nomos - FinanEDI\",\"url\":\"https:\/\/finanedi.es\/blog\/\",\"logo\":{\"@type\":\"ImageObject\",\"inLanguage\":\"es\",\"@id\":\"https:\/\/finanedi.es\/blog\/#\/schema\/logo\/image\/\",\"url\":\"https:\/\/finanedi.es\/blog\/contenido\/uploads\/2024\/02\/FinanEdiAzul1.svg\",\"contentUrl\":\"https:\/\/finanedi.es\/blog\/contenido\/uploads\/2024\/02\/FinanEdiAzul1.svg\",\"width\":142,\"height\":36,\"caption\":\"Blog para pymes y aut\u00f3nomos - FinanEDI\"},\"image\":{\"@id\":\"https:\/\/finanedi.es\/blog\/#\/schema\/logo\/image\/\"}},{\"@type\":\"Person\",\"@id\":\"https:\/\/finanedi.es\/blog\/#\/schema\/person\/233ed58195d34f36f74f13ba1030ebd8\",\"name\":\"restevez\",\"image\":{\"@type\":\"ImageObject\",\"inLanguage\":\"es\",\"@id\":\"https:\/\/finanedi.es\/blog\/#\/schema\/person\/image\/\",\"url\":\"https:\/\/secure.gravatar.com\/avatar\/6c4880db9746e4aa887a98e0ebf657788804dc4280120ef10331a2e6ebb4a9a0?s=96&d=mm&r=g\",\"contentUrl\":\"https:\/\/secure.gravatar.com\/avatar\/6c4880db9746e4aa887a98e0ebf657788804dc4280120ef10331a2e6ebb4a9a0?s=96&d=mm&r=g\",\"caption\":\"restevez\"},\"url\":\"https:\/\/finanedi.es\/blog\/author\/restevez\/\"}]}<\/script>\n<!-- \/ Yoast SEO plugin. -->","yoast_head_json":{"title":"Factura inversa: Qu\u00e9 es, cu\u00e1ndo emitirla y sus ventajas","description":"Existen modalidades espec\u00edficas de facturaci\u00f3n que responden a situaciones particulares: la autofactura o la factura inversa.","robots":{"index":"index","follow":"follow","max-snippet":"max-snippet:-1","max-image-preview":"max-image-preview:large","max-video-preview":"max-video-preview:-1"},"canonical":"https:\/\/finanedi.es\/blog\/factura-inversa-que-es-cuando-emitirla-y-sus-ventajas\/","og_locale":"es_ES","og_type":"article","og_title":"Factura inversa: Qu\u00e9 es, cu\u00e1ndo emitirla y sus ventajas","og_description":"Existen modalidades espec\u00edficas de facturaci\u00f3n que responden a situaciones particulares: la autofactura o la factura inversa.","og_url":"https:\/\/finanedi.es\/blog\/factura-inversa-que-es-cuando-emitirla-y-sus-ventajas\/","og_site_name":"Blog para pymes y aut\u00f3nomos - FinanEDI","article_published_time":"2024-08-15T06:13:18+00:00","article_modified_time":"2024-08-29T06:54:50+00:00","og_image":[{"width":2000,"height":1123,"url":"https:\/\/finanedi.es\/blog\/contenido\/uploads\/2024\/08\/Factura-inversa.jpg","type":"image\/jpeg"}],"author":"restevez","twitter_card":"summary_large_image","twitter_misc":{"Escrito por":"restevez","Tiempo de lectura":"5 minutos"},"schema":{"@context":"https:\/\/schema.org","@graph":[{"@type":"Article","@id":"https:\/\/finanedi.es\/blog\/factura-inversa-que-es-cuando-emitirla-y-sus-ventajas\/#article","isPartOf":{"@id":"https:\/\/finanedi.es\/blog\/factura-inversa-que-es-cuando-emitirla-y-sus-ventajas\/"},"author":{"name":"restevez","@id":"https:\/\/finanedi.es\/blog\/#\/schema\/person\/233ed58195d34f36f74f13ba1030ebd8"},"headline":"Factura inversa: Qu\u00e9 es, cu\u00e1ndo emitirla y sus ventajas","datePublished":"2024-08-15T06:13:18+00:00","dateModified":"2024-08-29T06:54:50+00:00","mainEntityOfPage":{"@id":"https:\/\/finanedi.es\/blog\/factura-inversa-que-es-cuando-emitirla-y-sus-ventajas\/"},"wordCount":772,"publisher":{"@id":"https:\/\/finanedi.es\/blog\/#organization"},"image":{"@id":"https:\/\/finanedi.es\/blog\/factura-inversa-que-es-cuando-emitirla-y-sus-ventajas\/#primaryimage"},"thumbnailUrl":"https:\/\/finanedi.es\/blog\/contenido\/uploads\/2024\/08\/Factura-inversa.jpg","keywords":["Glosario empresarial"],"articleSection":["Facturaci\u00f3n"],"inLanguage":"es"},{"@type":"WebPage","@id":"https:\/\/finanedi.es\/blog\/factura-inversa-que-es-cuando-emitirla-y-sus-ventajas\/","url":"https:\/\/finanedi.es\/blog\/factura-inversa-que-es-cuando-emitirla-y-sus-ventajas\/","name":"Factura inversa: Qu\u00e9 es, cu\u00e1ndo emitirla y sus ventajas","isPartOf":{"@id":"https:\/\/finanedi.es\/blog\/#website"},"primaryImageOfPage":{"@id":"https:\/\/finanedi.es\/blog\/factura-inversa-que-es-cuando-emitirla-y-sus-ventajas\/#primaryimage"},"image":{"@id":"https:\/\/finanedi.es\/blog\/factura-inversa-que-es-cuando-emitirla-y-sus-ventajas\/#primaryimage"},"thumbnailUrl":"https:\/\/finanedi.es\/blog\/contenido\/uploads\/2024\/08\/Factura-inversa.jpg","datePublished":"2024-08-15T06:13:18+00:00","dateModified":"2024-08-29T06:54:50+00:00","description":"Existen modalidades espec\u00edficas de facturaci\u00f3n que responden a situaciones particulares: la autofactura o la factura inversa.","breadcrumb":{"@id":"https:\/\/finanedi.es\/blog\/factura-inversa-que-es-cuando-emitirla-y-sus-ventajas\/#breadcrumb"},"inLanguage":"es","potentialAction":[{"@type":"ReadAction","target":["https:\/\/finanedi.es\/blog\/factura-inversa-que-es-cuando-emitirla-y-sus-ventajas\/"]}]},{"@type":"ImageObject","inLanguage":"es","@id":"https:\/\/finanedi.es\/blog\/factura-inversa-que-es-cuando-emitirla-y-sus-ventajas\/#primaryimage","url":"https:\/\/finanedi.es\/blog\/contenido\/uploads\/2024\/08\/Factura-inversa.jpg","contentUrl":"https:\/\/finanedi.es\/blog\/contenido\/uploads\/2024\/08\/Factura-inversa.jpg","width":2000,"height":1123,"caption":"Persona creando una factura inversa"},{"@type":"BreadcrumbList","@id":"https:\/\/finanedi.es\/blog\/factura-inversa-que-es-cuando-emitirla-y-sus-ventajas\/#breadcrumb","itemListElement":[{"@type":"ListItem","position":1,"name":"Home","item":"https:\/\/finanedi.es\/blog\/"},{"@type":"ListItem","position":2,"name":"Factura inversa: Qu\u00e9 es, cu\u00e1ndo emitirla y sus ventajas"}]},{"@type":"WebSite","@id":"https:\/\/finanedi.es\/blog\/#website","url":"https:\/\/finanedi.es\/blog\/","name":"Blog para pymes y aut\u00f3nomos - FinanEDI","description":"Blog para aut\u00f3nomos y PYMES, sobre temas como facturaci\u00f3n, contabilidad, tecnolog\u00eda.","publisher":{"@id":"https:\/\/finanedi.es\/blog\/#organization"},"potentialAction":[{"@type":"SearchAction","target":{"@type":"EntryPoint","urlTemplate":"https:\/\/finanedi.es\/blog\/?s={search_term_string}"},"query-input":{"@type":"PropertyValueSpecification","valueRequired":true,"valueName":"search_term_string"}}],"inLanguage":"es"},{"@type":"Organization","@id":"https:\/\/finanedi.es\/blog\/#organization","name":"Blog para pymes y aut\u00f3nomos - FinanEDI","url":"https:\/\/finanedi.es\/blog\/","logo":{"@type":"ImageObject","inLanguage":"es","@id":"https:\/\/finanedi.es\/blog\/#\/schema\/logo\/image\/","url":"https:\/\/finanedi.es\/blog\/contenido\/uploads\/2024\/02\/FinanEdiAzul1.svg","contentUrl":"https:\/\/finanedi.es\/blog\/contenido\/uploads\/2024\/02\/FinanEdiAzul1.svg","width":142,"height":36,"caption":"Blog para pymes y aut\u00f3nomos - FinanEDI"},"image":{"@id":"https:\/\/finanedi.es\/blog\/#\/schema\/logo\/image\/"}},{"@type":"Person","@id":"https:\/\/finanedi.es\/blog\/#\/schema\/person\/233ed58195d34f36f74f13ba1030ebd8","name":"restevez","image":{"@type":"ImageObject","inLanguage":"es","@id":"https:\/\/finanedi.es\/blog\/#\/schema\/person\/image\/","url":"https:\/\/secure.gravatar.com\/avatar\/6c4880db9746e4aa887a98e0ebf657788804dc4280120ef10331a2e6ebb4a9a0?s=96&d=mm&r=g","contentUrl":"https:\/\/secure.gravatar.com\/avatar\/6c4880db9746e4aa887a98e0ebf657788804dc4280120ef10331a2e6ebb4a9a0?s=96&d=mm&r=g","caption":"restevez"},"url":"https:\/\/finanedi.es\/blog\/author\/restevez\/"}]}},"_links":{"self":[{"href":"https:\/\/finanedi.es\/blog\/wp-json\/wp\/v2\/posts\/3301","targetHints":{"allow":["GET"]}}],"collection":[{"href":"https:\/\/finanedi.es\/blog\/wp-json\/wp\/v2\/posts"}],"about":[{"href":"https:\/\/finanedi.es\/blog\/wp-json\/wp\/v2\/types\/post"}],"author":[{"embeddable":true,"href":"https:\/\/finanedi.es\/blog\/wp-json\/wp\/v2\/users\/3"}],"replies":[{"embeddable":true,"href":"https:\/\/finanedi.es\/blog\/wp-json\/wp\/v2\/comments?post=3301"}],"version-history":[{"count":25,"href":"https:\/\/finanedi.es\/blog\/wp-json\/wp\/v2\/posts\/3301\/revisions"}],"predecessor-version":[{"id":4775,"href":"https:\/\/finanedi.es\/blog\/wp-json\/wp\/v2\/posts\/3301\/revisions\/4775"}],"wp:featuredmedia":[{"embeddable":true,"href":"https:\/\/finanedi.es\/blog\/wp-json\/wp\/v2\/media\/3312"}],"wp:attachment":[{"href":"https:\/\/finanedi.es\/blog\/wp-json\/wp\/v2\/media?parent=3301"}],"wp:term":[{"taxonomy":"category","embeddable":true,"href":"https:\/\/finanedi.es\/blog\/wp-json\/wp\/v2\/categories?post=3301"},{"taxonomy":"post_tag","embeddable":true,"href":"https:\/\/finanedi.es\/blog\/wp-json\/wp\/v2\/tags?post=3301"}],"curies":[{"name":"wp","href":"https:\/\/api.w.org\/{rel}","templated":true}]}}