{"id":3626,"date":"2024-08-21T08:39:56","date_gmt":"2024-08-21T06:39:56","guid":{"rendered":"https:\/\/finanedi.es\/blog\/?p=3626"},"modified":"2024-08-29T08:45:39","modified_gmt":"2024-08-29T06:45:39","slug":"iae-impuesto-sobre-actividades-economicas-que-es-y-como-afecta-a-tu-empresa","status":"publish","type":"post","link":"https:\/\/finanedi.es\/blog\/iae-impuesto-sobre-actividades-economicas-que-es-y-como-afecta-a-tu-empresa\/","title":{"rendered":"Impuesto sobre actividades econ\u00f3micas: Qu\u00e9 es y c\u00f3mo afecta a tu empresa"},"content":{"rendered":"\t\t<div data-elementor-type=\"wp-post\" data-elementor-id=\"3626\" class=\"elementor elementor-3626\">\n\t\t\t\t<div class=\"elementor-element elementor-element-e0c7795 e-flex e-con-boxed e-con e-parent\" data-id=\"e0c7795\" data-element_type=\"container\">\n\t\t\t\t\t<div class=\"e-con-inner\">\n\t\t\t\t<div class=\"elementor-element elementor-element-2972d6f elementor-widget elementor-widget-text-editor\" data-id=\"2972d6f\" data-element_type=\"widget\" data-widget_type=\"text-editor.default\">\n\t\t\t\t<div class=\"elementor-widget-container\">\n\t\t\t\t\t\t\t\t\t<p>El <strong>Impuesto sobre Actividades Econ\u00f3micas (IAE)<\/strong> es un tributo local que recae sobre todas las empresas, aut\u00f3nomos, y profesionales que realizan actividades econ\u00f3micas en Espa\u00f1a. A menudo, este impuesto genera dudas, especialmente para las peque\u00f1as y medianas empresas que est\u00e1n obligadas a cumplir con \u00e9l.<\/p>\t\t\t\t\t\t\t\t<\/div>\n\t\t\t\t<\/div>\n\t\t\t\t\t<\/div>\n\t\t\t\t<\/div>\n\t\t<div class=\"elementor-element elementor-element-3bbb3cb e-flex e-con-boxed e-con e-parent\" data-id=\"3bbb3cb\" data-element_type=\"container\">\n\t\t\t\t\t<div class=\"e-con-inner\">\n\t\t\t\t<div class=\"elementor-element elementor-element-ed896de elementor-widget elementor-widget-heading\" data-id=\"ed896de\" data-element_type=\"widget\" data-widget_type=\"heading.default\">\n\t\t\t\t<div class=\"elementor-widget-container\">\n\t\t\t\t\t<h2 class=\"elementor-heading-title elementor-size-default\">\u00bfQu\u00e9 es el IAE?<\/h2>\t\t\t\t<\/div>\n\t\t\t\t<\/div>\n\t\t\t\t\t<\/div>\n\t\t\t\t<\/div>\n\t\t<div class=\"elementor-element elementor-element-2e7a2b5 e-flex e-con-boxed e-con e-parent\" data-id=\"2e7a2b5\" data-element_type=\"container\">\n\t\t\t\t\t<div class=\"e-con-inner\">\n\t\t\t\t<div class=\"elementor-element elementor-element-e5344fc elementor-widget elementor-widget-text-editor\" data-id=\"e5344fc\" data-element_type=\"widget\" data-widget_type=\"text-editor.default\">\n\t\t\t\t<div class=\"elementor-widget-container\">\n\t\t\t\t\t\t\t\t\t<p>El <strong>IAE<\/strong> es un <strong>impuesto directo que grava el ejercicio de actividades empresariales, profesionales<\/strong>,<strong> o art\u00edsticas en todo el territorio nacional.<\/strong> En t\u00e9rminos sencillos, cualquier empresa que realice una actividad econ\u00f3mica est\u00e1 sujeta a este impuesto, aunque existen algunas exenciones que discutiremos m\u00e1s adelante.<\/p><p>El <strong>objetivo del IAE es contribuir a la financiaci\u00f3n de los municipios<\/strong>, ya que es un tributo gestionado por las administraciones locales. Sin embargo, no todas las empresas est\u00e1n obligadas a pagarlo. Este impuesto solo se aplica a aquellas cuya cifra de negocio supera el mill\u00f3n de euros anuales.<\/p>\t\t\t\t\t\t\t\t<\/div>\n\t\t\t\t<\/div>\n\t\t\t\t\t<\/div>\n\t\t\t\t<\/div>\n\t\t<div class=\"elementor-element elementor-element-17f89db e-flex e-con-boxed e-con e-parent\" data-id=\"17f89db\" data-element_type=\"container\">\n\t\t\t\t\t<div class=\"e-con-inner\">\n\t\t\t\t<div class=\"elementor-element elementor-element-e330cdf elementor-widget elementor-widget-heading\" data-id=\"e330cdf\" data-element_type=\"widget\" data-widget_type=\"heading.default\">\n\t\t\t\t<div class=\"elementor-widget-container\">\n\t\t\t\t\t<h3 class=\"elementor-heading-title elementor-size-default\">\u00bfC\u00f3mo funciona el IAE en las Empresas?<\/h3>\t\t\t\t<\/div>\n\t\t\t\t<\/div>\n\t\t\t\t\t<\/div>\n\t\t\t\t<\/div>\n\t\t<div class=\"elementor-element elementor-element-3b77221 e-flex e-con-boxed e-con e-parent\" data-id=\"3b77221\" data-element_type=\"container\">\n\t\t\t\t\t<div class=\"e-con-inner\">\n\t\t\t\t<div class=\"elementor-element elementor-element-d203ec7 elementor-widget elementor-widget-text-editor\" data-id=\"d203ec7\" data-element_type=\"widget\" data-widget_type=\"text-editor.default\">\n\t\t\t\t<div class=\"elementor-widget-container\">\n\t\t\t\t\t\t\t\t\t<p>Entender c\u00f3mo funciona el IAE es crucial para asegurar que tu empresa cumple con sus obligaciones fiscales. El IAE se calcula en funci\u00f3n de varios factores, como el tipo de actividad econ\u00f3mica que realiza la empresa, la ubicaci\u00f3n del negocio, y el volumen de facturaci\u00f3n.<\/p><p>Por ejemplo, las empresas se clasifican en diferentes grupos seg\u00fan la actividad que desempe\u00f1an. Cada grupo tiene asignada una tarifa espec\u00edfica que determina el monto del impuesto a pagar. Adem\u00e1s, la ubicaci\u00f3n geogr\u00e1fica de la empresa puede afectar las tarifas, ya que los municipios pueden aplicar coeficientes correctores seg\u00fan su tama\u00f1o y nivel de servicios.<\/p>\t\t\t\t\t\t\t\t<\/div>\n\t\t\t\t<\/div>\n\t\t\t\t\t<\/div>\n\t\t\t\t<\/div>\n\t\t<div class=\"elementor-element elementor-element-db93197 e-flex e-con-boxed e-con e-parent\" data-id=\"db93197\" data-element_type=\"container\">\n\t\t\t\t\t<div class=\"e-con-inner\">\n\t\t\t\t<div class=\"elementor-element elementor-element-ec45b74 elementor-widget elementor-widget-heading\" data-id=\"ec45b74\" data-element_type=\"widget\" data-widget_type=\"heading.default\">\n\t\t\t\t<div class=\"elementor-widget-container\">\n\t\t\t\t\t<h3 class=\"elementor-heading-title elementor-size-default\">\u00bfQui\u00e9n est\u00e1 obligado a pagar el IAE?<\/h3>\t\t\t\t<\/div>\n\t\t\t\t<\/div>\n\t\t\t\t\t<\/div>\n\t\t\t\t<\/div>\n\t\t<div class=\"elementor-element elementor-element-6e569c9 e-flex e-con-boxed e-con e-parent\" data-id=\"6e569c9\" data-element_type=\"container\">\n\t\t\t\t\t<div class=\"e-con-inner\">\n\t\t\t\t<div class=\"elementor-element elementor-element-09f600c elementor-widget elementor-widget-text-editor\" data-id=\"09f600c\" data-element_type=\"widget\" data-widget_type=\"text-editor.default\">\n\t\t\t\t<div class=\"elementor-widget-container\">\n\t\t\t\t\t\t\t\t\t<p>El IAE es obligatorio para todas las personas jur\u00eddicas (empresas) y algunos aut\u00f3nomos, pero con excepciones importantes. Como se mencion\u00f3, las empresas con una cifra de negocio inferior al mill\u00f3n de euros est\u00e1n exentas del pago de este impuesto.<\/p><p>Adem\u00e1s, durante los dos primeros a\u00f1os de actividad, las empresas y aut\u00f3nomos tambi\u00e9n est\u00e1n exentos de pagar el IAE, lo que ofrece un respiro fiscal a los nuevos negocios mientras se consolidan en el mercado.<\/p>\t\t\t\t\t\t\t\t<\/div>\n\t\t\t\t<\/div>\n\t\t\t\t\t<\/div>\n\t\t\t\t<\/div>\n\t\t<div class=\"elementor-element elementor-element-c410839 e-flex e-con-boxed e-con e-parent\" data-id=\"c410839\" data-element_type=\"container\">\n\t\t\t\t\t<div class=\"e-con-inner\">\n\t\t\t\t<div class=\"elementor-element elementor-element-bee8af3 elementor-widget elementor-widget-heading\" data-id=\"bee8af3\" data-element_type=\"widget\" data-widget_type=\"heading.default\">\n\t\t\t\t<div class=\"elementor-widget-container\">\n\t\t\t\t\t<h4 class=\"elementor-heading-title elementor-size-default\">Exenciones y reducciones del IAE: \u00bfQui\u00e9n puede beneficiarse?<\/h4>\t\t\t\t<\/div>\n\t\t\t\t<\/div>\n\t\t\t\t\t<\/div>\n\t\t\t\t<\/div>\n\t\t<div class=\"elementor-element elementor-element-af6f3cd e-flex e-con-boxed e-con e-parent\" data-id=\"af6f3cd\" data-element_type=\"container\">\n\t\t\t\t\t<div class=\"e-con-inner\">\n\t\t\t\t<div class=\"elementor-element elementor-element-53a82bc elementor-widget elementor-widget-text-editor\" data-id=\"53a82bc\" data-element_type=\"widget\" data-widget_type=\"text-editor.default\">\n\t\t\t\t<div class=\"elementor-widget-container\">\n\t\t\t\t\t\t\t\t\t<p>Las exenciones del IAE est\u00e1n dise\u00f1adas para aliviar la carga fiscal en determinadas circunstancias. Adem\u00e1s de la exenci\u00f3n por cifra de negocio, tambi\u00e9n existen reducciones en funci\u00f3n de la ubicaci\u00f3n geogr\u00e1fica o la naturaleza de la actividad.<\/p><p>Por ejemplo, las cooperativas tienen derecho a una reducci\u00f3n del 95% en el IAE, y algunas actividades consideradas de inter\u00e9s general, como la agricultura o la pesca, pueden beneficiarse de exenciones adicionales.<\/p>\t\t\t\t\t\t\t\t<\/div>\n\t\t\t\t<\/div>\n\t\t\t\t\t<\/div>\n\t\t\t\t<\/div>\n\t\t<div class=\"elementor-element elementor-element-63b96e5 e-flex e-con-boxed e-con e-parent\" data-id=\"63b96e5\" data-element_type=\"container\">\n\t\t\t\t\t<div class=\"e-con-inner\">\n\t\t\t\t<div class=\"elementor-element elementor-element-209b342 elementor-widget elementor-widget-heading\" data-id=\"209b342\" data-element_type=\"widget\" data-widget_type=\"heading.default\">\n\t\t\t\t<div class=\"elementor-widget-container\">\n\t\t\t\t\t<h3 class=\"elementor-heading-title elementor-size-default\">Plazos y procedimiento para declarar el IAE<\/h3>\t\t\t\t<\/div>\n\t\t\t\t<\/div>\n\t\t\t\t\t<\/div>\n\t\t\t\t<\/div>\n\t\t<div class=\"elementor-element elementor-element-e994875 e-flex e-con-boxed e-con e-parent\" data-id=\"e994875\" data-element_type=\"container\">\n\t\t\t\t\t<div class=\"e-con-inner\">\n\t\t\t\t<div class=\"elementor-element elementor-element-17028a2 elementor-widget elementor-widget-text-editor\" data-id=\"17028a2\" data-element_type=\"widget\" data-widget_type=\"text-editor.default\">\n\t\t\t\t<div class=\"elementor-widget-container\">\n\t\t\t\t\t\t\t\t\t<p>Cumplir con los plazos de declaraci\u00f3n del IAE es esencial para evitar sanciones. El impuesto se liquida anualmente, y la declaraci\u00f3n debe presentarse entre el 1 y el 20 de diciembre de cada a\u00f1o. Es importante recordar que, aunque est\u00e9s exento de pagar el IAE, puede que sigas obligado a presentar la declaraci\u00f3n informativa.<\/p><p>El procedimiento para declarar el IAE var\u00eda seg\u00fan el municipio, pero generalmente se realiza a trav\u00e9s de la sede electr\u00f3nica del ayuntamiento correspondiente o de la Agencia Tributaria en el caso de las empresas que superan el mill\u00f3n de euros en facturaci\u00f3n.<\/p>\t\t\t\t\t\t\t\t<\/div>\n\t\t\t\t<\/div>\n\t\t\t\t\t<\/div>\n\t\t\t\t<\/div>\n\t\t<div class=\"elementor-element elementor-element-0d6827e e-flex e-con-boxed e-con e-parent\" data-id=\"0d6827e\" data-element_type=\"container\">\n\t\t\t\t\t<div class=\"e-con-inner\">\n\t\t\t\t<div class=\"elementor-element elementor-element-dca1cba elementor-widget elementor-widget-heading\" data-id=\"dca1cba\" data-element_type=\"widget\" data-widget_type=\"heading.default\">\n\t\t\t\t<div class=\"elementor-widget-container\">\n\t\t\t\t\t<h3 class=\"elementor-heading-title elementor-size-default\">Consejos para la gesti\u00f3n eficiente del IAE en tu empresa<\/h3>\t\t\t\t<\/div>\n\t\t\t\t<\/div>\n\t\t\t\t\t<\/div>\n\t\t\t\t<\/div>\n\t\t<div class=\"elementor-element elementor-element-5ced664 e-flex e-con-boxed e-con e-parent\" data-id=\"5ced664\" data-element_type=\"container\">\n\t\t\t\t\t<div class=\"e-con-inner\">\n\t\t\t\t<div class=\"elementor-element elementor-element-6a3c576 elementor-widget elementor-widget-text-editor\" data-id=\"6a3c576\" data-element_type=\"widget\" data-widget_type=\"text-editor.default\">\n\t\t\t\t<div class=\"elementor-widget-container\">\n\t\t\t\t\t\t\t\t\t<p>Gestionar el IAE de manera eficiente puede marcar la diferencia en la salud fiscal de tu empresa. Aqu\u00ed algunos consejos pr\u00e1cticos:<\/p><ul><li><strong>Consulta con un asesor fiscal<\/strong>: Un profesional puede ayudarte a determinar si tu empresa est\u00e1 sujeta al IAE y a aprovechar todas las exenciones y reducciones posibles.<\/li><li><strong>Mant\u00e9n un registro preciso de tu cifra de negocio<\/strong>: Esto es crucial para saber si est\u00e1s obligado a pagar el IAE y para calcular correctamente el impuesto.<\/li><li><strong>Revisa la normativa local<\/strong>: Dado que el IAE es un tributo local, las reglas pueden variar de un municipio a otro. Aseg\u00farate de estar al d\u00eda con las normativas espec\u00edficas de tu localidad.<\/li><\/ul>\t\t\t\t\t\t\t\t<\/div>\n\t\t\t\t<\/div>\n\t\t\t\t\t<\/div>\n\t\t\t\t<\/div>\n\t\t<div class=\"elementor-element elementor-element-29a9f78 e-flex e-con-boxed e-con e-parent\" data-id=\"29a9f78\" data-element_type=\"container\">\n\t\t\t\t\t<div class=\"e-con-inner\">\n\t\t\t\t<div class=\"elementor-element elementor-element-3c8d857 elementor-widget elementor-widget-text-editor\" data-id=\"3c8d857\" data-element_type=\"widget\" data-widget_type=\"text-editor.default\">\n\t\t\t\t<div class=\"elementor-widget-container\">\n\t\t\t\t\t\t\t\t\t<p><strong>El Impuesto sobre Actividades Econ\u00f3micas (IAE) es un aspecto clave de la fiscalidad empresarial en Espa\u00f1a<\/strong>. Aunque puede parecer complejo, entender c\u00f3mo funciona y qui\u00e9n est\u00e1 obligado a pagarlo es fundamental para evitar problemas con las autoridades fiscales. Al gestionar correctamente el IAE, no solo cumples con tus obligaciones legales, sino que tambi\u00e9n optimizas la estrategia fiscal de tu empresa, asegurando su sostenibilidad a largo plazo.<\/p>\t\t\t\t\t\t\t\t<\/div>\n\t\t\t\t<\/div>\n\t\t\t\t\t<\/div>\n\t\t\t\t<\/div>\n\t\t<div class=\"elementor-element elementor-element-361eae4e e-flex e-con-boxed e-con e-parent\" data-id=\"361eae4e\" data-element_type=\"container\">\n\t\t\t\t\t<div class=\"e-con-inner\">\n\t\t<div class=\"elementor-element elementor-element-32c581f3 e-con-full e-flex e-con e-child\" data-id=\"32c581f3\" data-element_type=\"container\">\n\t\t\t\t<div class=\"elementor-element elementor-element-e870977 elementor-widget elementor-widget-spacer\" data-id=\"e870977\" data-element_type=\"widget\" data-widget_type=\"spacer.default\">\n\t\t\t\t<div class=\"elementor-widget-container\">\n\t\t\t\t\t\t\t<div class=\"elementor-spacer\">\n\t\t\t<div class=\"elementor-spacer-inner\"><\/div>\n\t\t<\/div>\n\t\t\t\t\t\t<\/div>\n\t\t\t\t<\/div>\n\t\t\t\t<\/div>\n\t\t<div class=\"elementor-element elementor-element-3d49684 e-con-full e-flex e-con e-child\" data-id=\"3d49684\" data-element_type=\"container\">\n\t\t\t\t<div class=\"elementor-element elementor-element-48542967 elementor-widget elementor-widget-heading\" data-id=\"48542967\" data-element_type=\"widget\" data-widget_type=\"heading.default\">\n\t\t\t\t<div class=\"elementor-widget-container\">\n\t\t\t\t\t<h3 class=\"elementor-heading-title elementor-size-default\">No te pierdas...<\/h3>\t\t\t\t<\/div>\n\t\t\t\t<\/div>\n\t\t\t\t<\/div>\n\t\t<div class=\"elementor-element elementor-element-325ec8c2 e-con-full e-flex e-con e-child\" data-id=\"325ec8c2\" data-element_type=\"container\">\n\t\t\t\t<div class=\"elementor-element elementor-element-32b24360 elementor-widget elementor-widget-katen-post-five\" data-id=\"32b24360\" data-element_type=\"widget\" data-widget_type=\"katen-post-five.default\">\n\t\t\t\t<div class=\"elementor-widget-container\">\n\t\t\t\t\t\t\t<div class=\"padding-30 rounded bordered\">\n\n\t\t\t<div class=\"row infinite-wrapper\">\n\n\t\t\t\n\t\t\t\t<div class=\"col-md-12 col-sm-6 post-list-item post-item\">\n\t\t\t\t\t<!-- post -->\n\t\t\t\t\t<div class=\"post post-list clearfix\">\n\n\t\t\t\t\t\t<div class=\"thumb rounded\"><div class=\"inner\"><a href=\"https:\/\/finanedi.es\/blog\/que-gastos-son-deducibles-para-autonomos-y-empresas\/\"><img fetchpriority=\"high\" decoding=\"async\" width=\"330\" height=\"250\" src=\"https:\/\/finanedi.es\/blog\/contenido\/uploads\/2025\/10\/Que-gastos-son-deducibles-para-autonomos-y-empresas-330x250.jpg\" class=\"attachment-katen-thumb-list size-katen-thumb-list wp-post-image\" alt=\"Qu\u00e9 gastos son deducibles para aut\u00f3nomos y empresas\" \/><\/a><\/div><\/div>  \n\n\t\t\t\t\t\t<div class=\"details clearfix\">\n\t\t\t\t\t\t\t<ul class=\"meta list-inline mb-3\">\n\t\t\t\t\t\t\t\t<li class=\"list-inline-item\"><a href=\"https:\/\/finanedi.es\/blog\/category\/contabilidad\/\">Contabilidad<\/a><\/li>\t\t\t\t\t\t\t<\/ul>\n\t\t\t\t\t\t\t<h5 class=\"post-title\"><a href=\"https:\/\/finanedi.es\/blog\/que-gastos-son-deducibles-para-autonomos-y-empresas\/\">Qu\u00e9 gastos son deducibles para aut\u00f3nomos y empresas<\/a><\/h5>\n\t\t\t\t\t\t\t<p class=\"excerpt mb-0\">\n\t\t\t\t\t\t\t\tLlevar la contabilidad al d\u00eda no es solo una cuesti\u00f3n de orden: tambi\u00e9n puede marcar&hellip;\t\t\t\t\t\t\t<\/p>\n\t\t\t\t\t\t\t<div class=\"post-bottom clearfix d-flex align-items-center\">\n\t\t\t\t\t\t\t\t\t\t\t\t\t\t\t\t\t\t\t\t\t\t\t<\/div>\n\t\t\t\t\t\t<\/div>\n\t\t\t\t\t<\/div>\n\t\t\t\t<\/div>\n\n\t\t\t\n\t\t\t\t<div class=\"col-md-12 col-sm-6 post-list-item post-item\">\n\t\t\t\t\t<!-- post -->\n\t\t\t\t\t<div class=\"post post-list clearfix\">\n\n\t\t\t\t\t\t<div class=\"thumb rounded\"><div class=\"inner\"><a href=\"https:\/\/finanedi.es\/blog\/impuesto-de-sociedades-lo-que-toda-pyme-debe-saber-para-optimizar-su-fiscalidad\/\"><img decoding=\"async\" width=\"330\" height=\"250\" src=\"https:\/\/finanedi.es\/blog\/contenido\/uploads\/2025\/10\/Impuesto-de-Sociedades-lo-que-toda-pyme-debe-saber-para-optimizar-su-fiscalidad-330x250.jpg\" class=\"attachment-katen-thumb-list size-katen-thumb-list wp-post-image\" alt=\"Impuesto de Sociedades lo que toda pyme debe saber para optimizar su fiscalidad\" \/><\/a><\/div><\/div>  \n\n\t\t\t\t\t\t<div class=\"details clearfix\">\n\t\t\t\t\t\t\t<ul class=\"meta list-inline mb-3\">\n\t\t\t\t\t\t\t\t<li class=\"list-inline-item\"><a href=\"https:\/\/finanedi.es\/blog\/category\/contabilidad\/\">Contabilidad<\/a><\/li>\t\t\t\t\t\t\t<\/ul>\n\t\t\t\t\t\t\t<h5 class=\"post-title\"><a href=\"https:\/\/finanedi.es\/blog\/impuesto-de-sociedades-lo-que-toda-pyme-debe-saber-para-optimizar-su-fiscalidad\/\">Impuesto de Sociedades: lo que toda pyme debe saber para optimizar su fiscalidad<\/a><\/h5>\n\t\t\t\t\t\t\t<p class=\"excerpt mb-0\">\n\t\t\t\t\t\t\t\tCada a\u00f1o, miles de empresas espa\u00f1olas se enfrentan al mismo reto: presentar el Impuesto de&hellip;\t\t\t\t\t\t\t<\/p>\n\t\t\t\t\t\t\t<div class=\"post-bottom clearfix d-flex align-items-center\">\n\t\t\t\t\t\t\t\t\t\t\t\t\t\t\t\t\t\t\t\t\t\t\t<\/div>\n\t\t\t\t\t\t<\/div>\n\t\t\t\t\t<\/div>\n\t\t\t\t<\/div>\n\n\t\t\t\n\t\t\t\t<div class=\"col-md-12 col-sm-6 post-list-item post-item\">\n\t\t\t\t\t<!-- post -->\n\t\t\t\t\t<div class=\"post post-list clearfix\">\n\n\t\t\t\t\t\t<div class=\"thumb rounded\"><div class=\"inner\"><a href=\"https:\/\/finanedi.es\/blog\/que-es-el-codigo-irus-en-el-deposito-de-cuentas-anuales\/\"><img decoding=\"async\" width=\"330\" height=\"250\" src=\"https:\/\/finanedi.es\/blog\/contenido\/uploads\/2025\/07\/Que-es-el-codigo-IRUS-en-el-deposito-de-cuentas-anuales-330x250.jpg\" class=\"attachment-katen-thumb-list size-katen-thumb-list wp-post-image\" alt=\"\u00bfQu\u00e9 es el c\u00f3digo IRUS en el dep\u00f3sito de cuentas anuales\" \/><\/a><\/div><\/div>  \n\n\t\t\t\t\t\t<div class=\"details clearfix\">\n\t\t\t\t\t\t\t<ul class=\"meta list-inline mb-3\">\n\t\t\t\t\t\t\t\t<li class=\"list-inline-item\"><a href=\"https:\/\/finanedi.es\/blog\/category\/contabilidad\/\">Contabilidad<\/a><\/li>\t\t\t\t\t\t\t<\/ul>\n\t\t\t\t\t\t\t<h5 class=\"post-title\"><a href=\"https:\/\/finanedi.es\/blog\/que-es-el-codigo-irus-en-el-deposito-de-cuentas-anuales\/\">\u00bfQu\u00e9 es el c\u00f3digo IRUS en el dep\u00f3sito de cuentas anuales?<\/a><\/h5>\n\t\t\t\t\t\t\t<p class=\"excerpt mb-0\">\n\t\t\t\t\t\t\t\tCuando una empresa presenta sus cuentas anuales en el Registro Mercantil, es com\u00fan encontrarse con&hellip;\t\t\t\t\t\t\t<\/p>\n\t\t\t\t\t\t\t<div class=\"post-bottom clearfix d-flex align-items-center\">\n\t\t\t\t\t\t\t\t\t\t\t\t\t\t\t\t\t\t\t\t\t\t\t<\/div>\n\t\t\t\t\t\t<\/div>\n\t\t\t\t\t<\/div>\n\t\t\t\t<\/div>\n\n\t\t\t\n\t\t\t\t<div class=\"col-md-12 col-sm-6 post-list-item post-item\">\n\t\t\t\t\t<!-- post -->\n\t\t\t\t\t<div class=\"post post-list clearfix\">\n\n\t\t\t\t\t\t<div class=\"thumb rounded\"><div class=\"inner\"><a href=\"https:\/\/finanedi.es\/blog\/errores-contables-frecuentes-al-usar-excel-como-programa-de-facturacion\/\"><img loading=\"lazy\" decoding=\"async\" width=\"330\" height=\"250\" src=\"https:\/\/finanedi.es\/blog\/contenido\/uploads\/2025\/07\/Errores-contables-frecuentes-al-usar-Excel-como-programa-de-facturacion-330x250.jpg\" class=\"attachment-katen-thumb-list size-katen-thumb-list wp-post-image\" alt=\"Errores contables frecuentes al usar Excel como programa de facturaci\u00f3n\" \/><\/a><\/div><\/div>  \n\n\t\t\t\t\t\t<div class=\"details clearfix\">\n\t\t\t\t\t\t\t<ul class=\"meta list-inline mb-3\">\n\t\t\t\t\t\t\t\t<li class=\"list-inline-item\"><a href=\"https:\/\/finanedi.es\/blog\/category\/contabilidad\/\">Contabilidad<\/a><\/li>\t\t\t\t\t\t\t<\/ul>\n\t\t\t\t\t\t\t<h5 class=\"post-title\"><a href=\"https:\/\/finanedi.es\/blog\/errores-contables-frecuentes-al-usar-excel-como-programa-de-facturacion\/\">Errores contables frecuentes al usar Excel como programa de facturaci\u00f3n<\/a><\/h5>\n\t\t\t\t\t\t\t<p class=\"excerpt mb-0\">\n\t\t\t\t\t\t\t\tExcel es, sin duda, una de las herramientas m\u00e1s utilizadas por aut\u00f3nomos y peque\u00f1as empresas&hellip;\t\t\t\t\t\t\t<\/p>\n\t\t\t\t\t\t\t<div class=\"post-bottom clearfix d-flex align-items-center\">\n\t\t\t\t\t\t\t\t\t\t\t\t\t\t\t\t\t\t\t\t\t\t\t<\/div>\n\t\t\t\t\t\t<\/div>\n\t\t\t\t\t<\/div>\n\t\t\t\t<\/div>\n\n\t\t\t\n\t\t\t<\/div>\n\n\t\t<\/div>\n\t\t\n        \t\t\t\t<\/div>\n\t\t\t\t<\/div>\n\t\t\t\t<\/div>\n\t\t\t\t\t<\/div>\n\t\t\t\t<\/div>\n\t\t\t\t<\/div>\n\t\t","protected":false},"excerpt":{"rendered":"<p>El Impuesto sobre Actividades Econ\u00f3micas (IAE) es un tributo local que recae sobre todas las empresas, aut\u00f3nomos, y profesionales que realizan actividades econ\u00f3micas en Espa\u00f1a. A menudo, este impuesto genera dudas, especialmente para las peque\u00f1as y medianas empresas que est\u00e1n obligadas a cumplir con \u00e9l.<\/p>\n","protected":false},"author":3,"featured_media":3635,"comment_status":"closed","ping_status":"open","sticky":false,"template":"","format":"standard","meta":{"_monsterinsights_skip_tracking":false,"_monsterinsights_sitenote_active":false,"_monsterinsights_sitenote_note":"","_monsterinsights_sitenote_category":0,"footnotes":""},"categories":[6],"tags":[63],"class_list":["post-3626","post","type-post","status-publish","format-standard","has-post-thumbnail","hentry","category-contabilidad","tag-glosario-empresarial"],"yoast_head":"<!-- This site is optimized with the Yoast SEO plugin v26.2 - https:\/\/yoast.com\/wordpress\/plugins\/seo\/ -->\n<title>\u00bfQu\u00e9 es el Impuesto sobre Actividades Econ\u00f3micas ?<\/title>\n<meta name=\"description\" content=\"Qu\u00e9 es el Impuesto sobre Actividades Econ\u00f3micas, c\u00f3mo funciona, qui\u00e9n est\u00e1 obligado a pagarlo, y c\u00f3mo gestionarlo eficientemente.\" \/>\n<meta name=\"robots\" content=\"index, follow, max-snippet:-1, max-image-preview:large, max-video-preview:-1\" \/>\n<link rel=\"canonical\" href=\"https:\/\/finanedi.es\/blog\/iae-impuesto-sobre-actividades-economicas-que-es-y-como-afecta-a-tu-empresa\/\" \/>\n<meta property=\"og:locale\" content=\"es_ES\" \/>\n<meta property=\"og:type\" content=\"article\" \/>\n<meta property=\"og:title\" content=\"\u00bfQu\u00e9 es el Impuesto sobre Actividades Econ\u00f3micas ?\" \/>\n<meta property=\"og:description\" content=\"Qu\u00e9 es el Impuesto sobre Actividades Econ\u00f3micas, c\u00f3mo funciona, qui\u00e9n est\u00e1 obligado a pagarlo, y c\u00f3mo gestionarlo eficientemente.\" \/>\n<meta property=\"og:url\" content=\"https:\/\/finanedi.es\/blog\/iae-impuesto-sobre-actividades-economicas-que-es-y-como-afecta-a-tu-empresa\/\" \/>\n<meta property=\"og:site_name\" content=\"Blog para pymes y aut\u00f3nomos - FinanEDI\" \/>\n<meta property=\"article:published_time\" content=\"2024-08-21T06:39:56+00:00\" \/>\n<meta property=\"article:modified_time\" content=\"2024-08-29T06:45:39+00:00\" \/>\n<meta property=\"og:image\" content=\"https:\/\/finanedi.es\/blog\/contenido\/uploads\/2024\/08\/Impuesto-sobre-Actividades-Economicas.jpg\" \/>\n\t<meta property=\"og:image:width\" content=\"2000\" \/>\n\t<meta property=\"og:image:height\" content=\"1134\" \/>\n\t<meta property=\"og:image:type\" content=\"image\/jpeg\" \/>\n<meta name=\"author\" content=\"restevez\" \/>\n<meta name=\"twitter:card\" content=\"summary_large_image\" \/>\n<meta name=\"twitter:label1\" content=\"Escrito por\" \/>\n\t<meta name=\"twitter:data1\" content=\"restevez\" \/>\n\t<meta name=\"twitter:label2\" content=\"Tiempo de lectura\" \/>\n\t<meta name=\"twitter:data2\" content=\"5 minutos\" \/>\n<script type=\"application\/ld+json\" class=\"yoast-schema-graph\">{\"@context\":\"https:\/\/schema.org\",\"@graph\":[{\"@type\":\"Article\",\"@id\":\"https:\/\/finanedi.es\/blog\/iae-impuesto-sobre-actividades-economicas-que-es-y-como-afecta-a-tu-empresa\/#article\",\"isPartOf\":{\"@id\":\"https:\/\/finanedi.es\/blog\/iae-impuesto-sobre-actividades-economicas-que-es-y-como-afecta-a-tu-empresa\/\"},\"author\":{\"name\":\"restevez\",\"@id\":\"https:\/\/finanedi.es\/blog\/#\/schema\/person\/233ed58195d34f36f74f13ba1030ebd8\"},\"headline\":\"Impuesto sobre actividades econ\u00f3micas: Qu\u00e9 es y c\u00f3mo afecta a tu empresa\",\"datePublished\":\"2024-08-21T06:39:56+00:00\",\"dateModified\":\"2024-08-29T06:45:39+00:00\",\"mainEntityOfPage\":{\"@id\":\"https:\/\/finanedi.es\/blog\/iae-impuesto-sobre-actividades-economicas-que-es-y-como-afecta-a-tu-empresa\/\"},\"wordCount\":897,\"publisher\":{\"@id\":\"https:\/\/finanedi.es\/blog\/#organization\"},\"image\":{\"@id\":\"https:\/\/finanedi.es\/blog\/iae-impuesto-sobre-actividades-economicas-que-es-y-como-afecta-a-tu-empresa\/#primaryimage\"},\"thumbnailUrl\":\"https:\/\/finanedi.es\/blog\/contenido\/uploads\/2024\/08\/Impuesto-sobre-Actividades-Economicas.jpg\",\"keywords\":[\"Glosario empresarial\"],\"articleSection\":[\"Contabilidad\"],\"inLanguage\":\"es\"},{\"@type\":\"WebPage\",\"@id\":\"https:\/\/finanedi.es\/blog\/iae-impuesto-sobre-actividades-economicas-que-es-y-como-afecta-a-tu-empresa\/\",\"url\":\"https:\/\/finanedi.es\/blog\/iae-impuesto-sobre-actividades-economicas-que-es-y-como-afecta-a-tu-empresa\/\",\"name\":\"\u00bfQu\u00e9 es el Impuesto sobre Actividades Econ\u00f3micas ?\",\"isPartOf\":{\"@id\":\"https:\/\/finanedi.es\/blog\/#website\"},\"primaryImageOfPage\":{\"@id\":\"https:\/\/finanedi.es\/blog\/iae-impuesto-sobre-actividades-economicas-que-es-y-como-afecta-a-tu-empresa\/#primaryimage\"},\"image\":{\"@id\":\"https:\/\/finanedi.es\/blog\/iae-impuesto-sobre-actividades-economicas-que-es-y-como-afecta-a-tu-empresa\/#primaryimage\"},\"thumbnailUrl\":\"https:\/\/finanedi.es\/blog\/contenido\/uploads\/2024\/08\/Impuesto-sobre-Actividades-Economicas.jpg\",\"datePublished\":\"2024-08-21T06:39:56+00:00\",\"dateModified\":\"2024-08-29T06:45:39+00:00\",\"description\":\"Qu\u00e9 es el Impuesto sobre Actividades Econ\u00f3micas, c\u00f3mo funciona, qui\u00e9n est\u00e1 obligado a pagarlo, y c\u00f3mo gestionarlo eficientemente.\",\"breadcrumb\":{\"@id\":\"https:\/\/finanedi.es\/blog\/iae-impuesto-sobre-actividades-economicas-que-es-y-como-afecta-a-tu-empresa\/#breadcrumb\"},\"inLanguage\":\"es\",\"potentialAction\":[{\"@type\":\"ReadAction\",\"target\":[\"https:\/\/finanedi.es\/blog\/iae-impuesto-sobre-actividades-economicas-que-es-y-como-afecta-a-tu-empresa\/\"]}]},{\"@type\":\"ImageObject\",\"inLanguage\":\"es\",\"@id\":\"https:\/\/finanedi.es\/blog\/iae-impuesto-sobre-actividades-economicas-que-es-y-como-afecta-a-tu-empresa\/#primaryimage\",\"url\":\"https:\/\/finanedi.es\/blog\/contenido\/uploads\/2024\/08\/Impuesto-sobre-Actividades-Economicas.jpg\",\"contentUrl\":\"https:\/\/finanedi.es\/blog\/contenido\/uploads\/2024\/08\/Impuesto-sobre-Actividades-Economicas.jpg\",\"width\":2000,\"height\":1134,\"caption\":\"Impuesto sobre Actividades Econ\u00f3micas\"},{\"@type\":\"BreadcrumbList\",\"@id\":\"https:\/\/finanedi.es\/blog\/iae-impuesto-sobre-actividades-economicas-que-es-y-como-afecta-a-tu-empresa\/#breadcrumb\",\"itemListElement\":[{\"@type\":\"ListItem\",\"position\":1,\"name\":\"Home\",\"item\":\"https:\/\/finanedi.es\/blog\/\"},{\"@type\":\"ListItem\",\"position\":2,\"name\":\"Impuesto sobre actividades econ\u00f3micas: Qu\u00e9 es y c\u00f3mo afecta a tu empresa\"}]},{\"@type\":\"WebSite\",\"@id\":\"https:\/\/finanedi.es\/blog\/#website\",\"url\":\"https:\/\/finanedi.es\/blog\/\",\"name\":\"Blog para pymes y aut\u00f3nomos - FinanEDI\",\"description\":\"Blog para aut\u00f3nomos y PYMES, sobre temas como facturaci\u00f3n, contabilidad, tecnolog\u00eda.\",\"publisher\":{\"@id\":\"https:\/\/finanedi.es\/blog\/#organization\"},\"potentialAction\":[{\"@type\":\"SearchAction\",\"target\":{\"@type\":\"EntryPoint\",\"urlTemplate\":\"https:\/\/finanedi.es\/blog\/?s={search_term_string}\"},\"query-input\":{\"@type\":\"PropertyValueSpecification\",\"valueRequired\":true,\"valueName\":\"search_term_string\"}}],\"inLanguage\":\"es\"},{\"@type\":\"Organization\",\"@id\":\"https:\/\/finanedi.es\/blog\/#organization\",\"name\":\"Blog para pymes y aut\u00f3nomos - FinanEDI\",\"url\":\"https:\/\/finanedi.es\/blog\/\",\"logo\":{\"@type\":\"ImageObject\",\"inLanguage\":\"es\",\"@id\":\"https:\/\/finanedi.es\/blog\/#\/schema\/logo\/image\/\",\"url\":\"https:\/\/finanedi.es\/blog\/contenido\/uploads\/2024\/02\/FinanEdiAzul1.svg\",\"contentUrl\":\"https:\/\/finanedi.es\/blog\/contenido\/uploads\/2024\/02\/FinanEdiAzul1.svg\",\"width\":142,\"height\":36,\"caption\":\"Blog para pymes y aut\u00f3nomos - FinanEDI\"},\"image\":{\"@id\":\"https:\/\/finanedi.es\/blog\/#\/schema\/logo\/image\/\"}},{\"@type\":\"Person\",\"@id\":\"https:\/\/finanedi.es\/blog\/#\/schema\/person\/233ed58195d34f36f74f13ba1030ebd8\",\"name\":\"restevez\",\"image\":{\"@type\":\"ImageObject\",\"inLanguage\":\"es\",\"@id\":\"https:\/\/finanedi.es\/blog\/#\/schema\/person\/image\/\",\"url\":\"https:\/\/secure.gravatar.com\/avatar\/6c4880db9746e4aa887a98e0ebf657788804dc4280120ef10331a2e6ebb4a9a0?s=96&d=mm&r=g\",\"contentUrl\":\"https:\/\/secure.gravatar.com\/avatar\/6c4880db9746e4aa887a98e0ebf657788804dc4280120ef10331a2e6ebb4a9a0?s=96&d=mm&r=g\",\"caption\":\"restevez\"},\"url\":\"https:\/\/finanedi.es\/blog\/author\/restevez\/\"}]}<\/script>\n<!-- \/ Yoast SEO plugin. -->","yoast_head_json":{"title":"\u00bfQu\u00e9 es el Impuesto sobre Actividades Econ\u00f3micas ?","description":"Qu\u00e9 es el Impuesto sobre Actividades Econ\u00f3micas, c\u00f3mo funciona, qui\u00e9n est\u00e1 obligado a pagarlo, y c\u00f3mo gestionarlo eficientemente.","robots":{"index":"index","follow":"follow","max-snippet":"max-snippet:-1","max-image-preview":"max-image-preview:large","max-video-preview":"max-video-preview:-1"},"canonical":"https:\/\/finanedi.es\/blog\/iae-impuesto-sobre-actividades-economicas-que-es-y-como-afecta-a-tu-empresa\/","og_locale":"es_ES","og_type":"article","og_title":"\u00bfQu\u00e9 es el Impuesto sobre Actividades Econ\u00f3micas ?","og_description":"Qu\u00e9 es el Impuesto sobre Actividades Econ\u00f3micas, c\u00f3mo funciona, qui\u00e9n est\u00e1 obligado a pagarlo, y c\u00f3mo gestionarlo eficientemente.","og_url":"https:\/\/finanedi.es\/blog\/iae-impuesto-sobre-actividades-economicas-que-es-y-como-afecta-a-tu-empresa\/","og_site_name":"Blog para pymes y aut\u00f3nomos - FinanEDI","article_published_time":"2024-08-21T06:39:56+00:00","article_modified_time":"2024-08-29T06:45:39+00:00","og_image":[{"width":2000,"height":1134,"url":"https:\/\/finanedi.es\/blog\/contenido\/uploads\/2024\/08\/Impuesto-sobre-Actividades-Economicas.jpg","type":"image\/jpeg"}],"author":"restevez","twitter_card":"summary_large_image","twitter_misc":{"Escrito por":"restevez","Tiempo de lectura":"5 minutos"},"schema":{"@context":"https:\/\/schema.org","@graph":[{"@type":"Article","@id":"https:\/\/finanedi.es\/blog\/iae-impuesto-sobre-actividades-economicas-que-es-y-como-afecta-a-tu-empresa\/#article","isPartOf":{"@id":"https:\/\/finanedi.es\/blog\/iae-impuesto-sobre-actividades-economicas-que-es-y-como-afecta-a-tu-empresa\/"},"author":{"name":"restevez","@id":"https:\/\/finanedi.es\/blog\/#\/schema\/person\/233ed58195d34f36f74f13ba1030ebd8"},"headline":"Impuesto sobre actividades econ\u00f3micas: Qu\u00e9 es y c\u00f3mo afecta a tu empresa","datePublished":"2024-08-21T06:39:56+00:00","dateModified":"2024-08-29T06:45:39+00:00","mainEntityOfPage":{"@id":"https:\/\/finanedi.es\/blog\/iae-impuesto-sobre-actividades-economicas-que-es-y-como-afecta-a-tu-empresa\/"},"wordCount":897,"publisher":{"@id":"https:\/\/finanedi.es\/blog\/#organization"},"image":{"@id":"https:\/\/finanedi.es\/blog\/iae-impuesto-sobre-actividades-economicas-que-es-y-como-afecta-a-tu-empresa\/#primaryimage"},"thumbnailUrl":"https:\/\/finanedi.es\/blog\/contenido\/uploads\/2024\/08\/Impuesto-sobre-Actividades-Economicas.jpg","keywords":["Glosario empresarial"],"articleSection":["Contabilidad"],"inLanguage":"es"},{"@type":"WebPage","@id":"https:\/\/finanedi.es\/blog\/iae-impuesto-sobre-actividades-economicas-que-es-y-como-afecta-a-tu-empresa\/","url":"https:\/\/finanedi.es\/blog\/iae-impuesto-sobre-actividades-economicas-que-es-y-como-afecta-a-tu-empresa\/","name":"\u00bfQu\u00e9 es el Impuesto sobre Actividades Econ\u00f3micas ?","isPartOf":{"@id":"https:\/\/finanedi.es\/blog\/#website"},"primaryImageOfPage":{"@id":"https:\/\/finanedi.es\/blog\/iae-impuesto-sobre-actividades-economicas-que-es-y-como-afecta-a-tu-empresa\/#primaryimage"},"image":{"@id":"https:\/\/finanedi.es\/blog\/iae-impuesto-sobre-actividades-economicas-que-es-y-como-afecta-a-tu-empresa\/#primaryimage"},"thumbnailUrl":"https:\/\/finanedi.es\/blog\/contenido\/uploads\/2024\/08\/Impuesto-sobre-Actividades-Economicas.jpg","datePublished":"2024-08-21T06:39:56+00:00","dateModified":"2024-08-29T06:45:39+00:00","description":"Qu\u00e9 es el Impuesto sobre Actividades Econ\u00f3micas, c\u00f3mo funciona, qui\u00e9n est\u00e1 obligado a pagarlo, y c\u00f3mo gestionarlo eficientemente.","breadcrumb":{"@id":"https:\/\/finanedi.es\/blog\/iae-impuesto-sobre-actividades-economicas-que-es-y-como-afecta-a-tu-empresa\/#breadcrumb"},"inLanguage":"es","potentialAction":[{"@type":"ReadAction","target":["https:\/\/finanedi.es\/blog\/iae-impuesto-sobre-actividades-economicas-que-es-y-como-afecta-a-tu-empresa\/"]}]},{"@type":"ImageObject","inLanguage":"es","@id":"https:\/\/finanedi.es\/blog\/iae-impuesto-sobre-actividades-economicas-que-es-y-como-afecta-a-tu-empresa\/#primaryimage","url":"https:\/\/finanedi.es\/blog\/contenido\/uploads\/2024\/08\/Impuesto-sobre-Actividades-Economicas.jpg","contentUrl":"https:\/\/finanedi.es\/blog\/contenido\/uploads\/2024\/08\/Impuesto-sobre-Actividades-Economicas.jpg","width":2000,"height":1134,"caption":"Impuesto sobre Actividades Econ\u00f3micas"},{"@type":"BreadcrumbList","@id":"https:\/\/finanedi.es\/blog\/iae-impuesto-sobre-actividades-economicas-que-es-y-como-afecta-a-tu-empresa\/#breadcrumb","itemListElement":[{"@type":"ListItem","position":1,"name":"Home","item":"https:\/\/finanedi.es\/blog\/"},{"@type":"ListItem","position":2,"name":"Impuesto sobre actividades econ\u00f3micas: Qu\u00e9 es y c\u00f3mo afecta a tu empresa"}]},{"@type":"WebSite","@id":"https:\/\/finanedi.es\/blog\/#website","url":"https:\/\/finanedi.es\/blog\/","name":"Blog para pymes y aut\u00f3nomos - FinanEDI","description":"Blog para aut\u00f3nomos y PYMES, sobre temas como facturaci\u00f3n, contabilidad, tecnolog\u00eda.","publisher":{"@id":"https:\/\/finanedi.es\/blog\/#organization"},"potentialAction":[{"@type":"SearchAction","target":{"@type":"EntryPoint","urlTemplate":"https:\/\/finanedi.es\/blog\/?s={search_term_string}"},"query-input":{"@type":"PropertyValueSpecification","valueRequired":true,"valueName":"search_term_string"}}],"inLanguage":"es"},{"@type":"Organization","@id":"https:\/\/finanedi.es\/blog\/#organization","name":"Blog para pymes y aut\u00f3nomos - FinanEDI","url":"https:\/\/finanedi.es\/blog\/","logo":{"@type":"ImageObject","inLanguage":"es","@id":"https:\/\/finanedi.es\/blog\/#\/schema\/logo\/image\/","url":"https:\/\/finanedi.es\/blog\/contenido\/uploads\/2024\/02\/FinanEdiAzul1.svg","contentUrl":"https:\/\/finanedi.es\/blog\/contenido\/uploads\/2024\/02\/FinanEdiAzul1.svg","width":142,"height":36,"caption":"Blog para pymes y aut\u00f3nomos - FinanEDI"},"image":{"@id":"https:\/\/finanedi.es\/blog\/#\/schema\/logo\/image\/"}},{"@type":"Person","@id":"https:\/\/finanedi.es\/blog\/#\/schema\/person\/233ed58195d34f36f74f13ba1030ebd8","name":"restevez","image":{"@type":"ImageObject","inLanguage":"es","@id":"https:\/\/finanedi.es\/blog\/#\/schema\/person\/image\/","url":"https:\/\/secure.gravatar.com\/avatar\/6c4880db9746e4aa887a98e0ebf657788804dc4280120ef10331a2e6ebb4a9a0?s=96&d=mm&r=g","contentUrl":"https:\/\/secure.gravatar.com\/avatar\/6c4880db9746e4aa887a98e0ebf657788804dc4280120ef10331a2e6ebb4a9a0?s=96&d=mm&r=g","caption":"restevez"},"url":"https:\/\/finanedi.es\/blog\/author\/restevez\/"}]}},"_links":{"self":[{"href":"https:\/\/finanedi.es\/blog\/wp-json\/wp\/v2\/posts\/3626","targetHints":{"allow":["GET"]}}],"collection":[{"href":"https:\/\/finanedi.es\/blog\/wp-json\/wp\/v2\/posts"}],"about":[{"href":"https:\/\/finanedi.es\/blog\/wp-json\/wp\/v2\/types\/post"}],"author":[{"embeddable":true,"href":"https:\/\/finanedi.es\/blog\/wp-json\/wp\/v2\/users\/3"}],"replies":[{"embeddable":true,"href":"https:\/\/finanedi.es\/blog\/wp-json\/wp\/v2\/comments?post=3626"}],"version-history":[{"count":20,"href":"https:\/\/finanedi.es\/blog\/wp-json\/wp\/v2\/posts\/3626\/revisions"}],"predecessor-version":[{"id":4757,"href":"https:\/\/finanedi.es\/blog\/wp-json\/wp\/v2\/posts\/3626\/revisions\/4757"}],"wp:featuredmedia":[{"embeddable":true,"href":"https:\/\/finanedi.es\/blog\/wp-json\/wp\/v2\/media\/3635"}],"wp:attachment":[{"href":"https:\/\/finanedi.es\/blog\/wp-json\/wp\/v2\/media?parent=3626"}],"wp:term":[{"taxonomy":"category","embeddable":true,"href":"https:\/\/finanedi.es\/blog\/wp-json\/wp\/v2\/categories?post=3626"},{"taxonomy":"post_tag","embeddable":true,"href":"https:\/\/finanedi.es\/blog\/wp-json\/wp\/v2\/tags?post=3626"}],"curies":[{"name":"wp","href":"https:\/\/api.w.org\/{rel}","templated":true}]}}