{"id":503,"date":"2024-04-16T17:16:26","date_gmt":"2024-04-16T15:16:26","guid":{"rendered":"https:\/\/finanedi.es\/blog\/?p=503"},"modified":"2025-01-08T15:59:31","modified_gmt":"2025-01-08T14:59:31","slug":"modelo-111-que-es-el-modelo-111","status":"publish","type":"post","link":"https:\/\/finanedi.es\/blog\/modelo-111-que-es-el-modelo-111\/","title":{"rendered":"Modelo 111: Retenciones e ingresos a cuenta"},"content":{"rendered":"\t\t<div data-elementor-type=\"wp-post\" data-elementor-id=\"503\" class=\"elementor elementor-503\">\n\t\t\t\t<div class=\"elementor-element elementor-element-8e2ed0f e-flex e-con-boxed e-con e-parent\" data-id=\"8e2ed0f\" data-element_type=\"container\">\n\t\t\t\t\t<div class=\"e-con-inner\">\n\t\t\t\t<div class=\"elementor-element elementor-element-d0d6195 elementor-widget elementor-widget-text-editor\" data-id=\"d0d6195\" data-element_type=\"widget\" data-widget_type=\"text-editor.default\">\n\t\t\t\t<div class=\"elementor-widget-container\">\n\t\t\t\t\t\t\t\t\t<p>El <strong>Modelo 111<\/strong> es un documento crucial para aut\u00f3nomos y pymes en Espa\u00f1a. Su correcta comprensi\u00f3n y gesti\u00f3n no solo asegura el cumplimiento fiscal, sino que tambi\u00e9n optimiza los recursos financieros y administrativos de tu negocio.<\/p>\t\t\t\t\t\t\t\t<\/div>\n\t\t\t\t<\/div>\n\t\t\t\t\t<\/div>\n\t\t\t\t<\/div>\n\t\t<div class=\"elementor-element elementor-element-c491658 e-flex e-con-boxed e-con e-parent\" data-id=\"c491658\" data-element_type=\"container\">\n\t\t\t\t\t<div class=\"e-con-inner\">\n\t\t\t\t<div class=\"elementor-element elementor-element-3bd1de4 elementor-widget elementor-widget-heading\" data-id=\"3bd1de4\" data-element_type=\"widget\" data-widget_type=\"heading.default\">\n\t\t\t\t<div class=\"elementor-widget-container\">\n\t\t\t\t\t<h2 class=\"elementor-heading-title elementor-size-default\">\u00bfQu\u00e9 es el modelo 111?<\/h2>\t\t\t\t<\/div>\n\t\t\t\t<\/div>\n\t\t\t\t\t<\/div>\n\t\t\t\t<\/div>\n\t\t<div class=\"elementor-element elementor-element-6b79432 e-flex e-con-boxed e-con e-parent\" data-id=\"6b79432\" data-element_type=\"container\">\n\t\t\t\t\t<div class=\"e-con-inner\">\n\t\t\t\t<div class=\"elementor-element elementor-element-98d1bd9 elementor-widget elementor-widget-text-editor\" data-id=\"98d1bd9\" data-element_type=\"widget\" data-widget_type=\"text-editor.default\">\n\t\t\t\t<div class=\"elementor-widget-container\">\n\t\t\t\t\t\t\t\t\t<p>El <strong>Modelo 111<\/strong> es una declaraci\u00f3n trimestral obligatoria para aquellos aut\u00f3nomos y empresas que realizan retenciones a cuenta del <strong>Impuesto sobre la Renta de las Personas F\u00edsicas (IRPF)<\/strong> en Espa\u00f1a. Este formulario debe presentarse a la Agencia Tributaria y refleja las retenciones efectuadas sobre los salarios de los empleados, las facturas de los profesionales y las rentas derivadas de actividades econ\u00f3micas.<\/p>\t\t\t\t\t\t\t\t<\/div>\n\t\t\t\t<\/div>\n\t\t\t\t\t<\/div>\n\t\t\t\t<\/div>\n\t\t<div class=\"elementor-element elementor-element-2f676db e-flex e-con-boxed e-con e-parent\" data-id=\"2f676db\" data-element_type=\"container\">\n\t\t\t\t\t<div class=\"e-con-inner\">\n\t\t\t\t<div class=\"elementor-element elementor-element-898ffa7 elementor-widget elementor-widget-heading\" data-id=\"898ffa7\" data-element_type=\"widget\" data-widget_type=\"heading.default\">\n\t\t\t\t<div class=\"elementor-widget-container\">\n\t\t\t\t\t<h3 class=\"elementor-heading-title elementor-size-default\">\u00bfPara qu\u00e9 sirve el modelo 111?<\/h3>\t\t\t\t<\/div>\n\t\t\t\t<\/div>\n\t\t\t\t\t<\/div>\n\t\t\t\t<\/div>\n\t\t<div class=\"elementor-element elementor-element-8e3c845 e-flex e-con-boxed e-con e-parent\" data-id=\"8e3c845\" data-element_type=\"container\">\n\t\t\t\t\t<div class=\"e-con-inner\">\n\t\t\t\t<div class=\"elementor-element elementor-element-f7caa9e elementor-widget elementor-widget-text-editor\" data-id=\"f7caa9e\" data-element_type=\"widget\" data-widget_type=\"text-editor.default\">\n\t\t\t\t<div class=\"elementor-widget-container\">\n\t\t\t\t\t\t\t\t\t<p>El Modelo 111 sirve para que las empresas y profesionales aut\u00f3nomos cumplan con sus obligaciones fiscales en relaci\u00f3n con las retenciones del IRPF. Al presentar este formulario, <strong>se declaran e ingresan a la Agencia Tributaria las retenciones<\/strong> practicadas sobre los pagos realizados a trabajadores y profesionales, lo que permite a Hacienda llevar un control de los impuestos retenidos y garantizar el correcto cumplimiento de las obligaciones fiscales.<\/p>\t\t\t\t\t\t\t\t<\/div>\n\t\t\t\t<\/div>\n\t\t\t\t\t<\/div>\n\t\t\t\t<\/div>\n\t\t<div class=\"elementor-element elementor-element-d2a08d5 e-flex e-con-boxed e-con e-parent\" data-id=\"d2a08d5\" data-element_type=\"container\">\n\t\t\t\t\t<div class=\"e-con-inner\">\n\t\t\t\t<div class=\"elementor-element elementor-element-1d49227 elementor-widget elementor-widget-heading\" data-id=\"1d49227\" data-element_type=\"widget\" data-widget_type=\"heading.default\">\n\t\t\t\t<div class=\"elementor-widget-container\">\n\t\t\t\t\t<h3 class=\"elementor-heading-title elementor-size-default\">\u00bfCu\u00e1ndo se presenta el modelo 111?<\/h3>\t\t\t\t<\/div>\n\t\t\t\t<\/div>\n\t\t\t\t\t<\/div>\n\t\t\t\t<\/div>\n\t\t<div class=\"elementor-element elementor-element-1ab691a e-flex e-con-boxed e-con e-parent\" data-id=\"1ab691a\" data-element_type=\"container\">\n\t\t\t\t\t<div class=\"e-con-inner\">\n\t\t\t\t<div class=\"elementor-element elementor-element-e11327c elementor-widget elementor-widget-text-editor\" data-id=\"e11327c\" data-element_type=\"widget\" data-widget_type=\"text-editor.default\">\n\t\t\t\t<div class=\"elementor-widget-container\">\n\t\t\t\t\t\t\t\t\t<p>El Modelo 111 se presenta de <strong>forma trimestral<\/strong>, es decir, cada tres meses.\u00a0<\/p>\t\t\t\t\t\t\t\t<\/div>\n\t\t\t\t<\/div>\n\t\t\t\t\t<\/div>\n\t\t\t\t<\/div>\n\t\t<div class=\"elementor-element elementor-element-35487811 e-flex e-con-boxed e-con e-parent\" data-id=\"35487811\" data-element_type=\"container\">\n\t\t\t\t\t<div class=\"e-con-inner\">\n\t\t\t\t<div class=\"elementor-element elementor-element-4620633 elementor-widget elementor-widget-html\" data-id=\"4620633\" data-element_type=\"widget\" data-widget_type=\"html.default\">\n\t\t\t\t<div class=\"elementor-widget-container\">\n\t\t\t\t\t    <style>\n        .comparative-table {\n            width: 100%;\n            border-collapse: collapse;\n            font-size: 14px;\n            font-family: 'Arial', sans-serif;\n            text-align: left;\n        }\n\n        .comparative-table thead tr {\n            background-color: #1A2543;\n            color: white;\n            text-align: left;\n        }\n        \n         .comparative-table thead th {\n             color: white;\n         }\n\n        .comparative-table th,\n        .comparative-table td {\n            padding: 12px 15px;\n            border: 1px solid #dddddd;\n        }\n\n        .comparative-table tbody tr {\n            border-bottom: 1px solid #dddddd;\n        }\n\n        .comparative-table tbody tr:nth-of-type(even) {\n            background-color: #FBFCFF;\n        }\n\n        .comparative-table tbody tr:hover {\n            background-color: #F0F4FF;\n        }\n        \n        .bold{\n         font-weight: bold;   \n        }\n\n    <\/style>\n    <title>\u00bfCu\u00e1ndo se presenta el modelo 111?<\/title>\n<\/head>\n<body>\n    <table class=\"comparative-table\">\n        <thead>\n            <tr>\n                <th>Trimestre<\/th>\n                <th>Fecha presentaci\u00f3n<\/th>\n                          <\/tr>\n                          \n        <\/thead>\n        <tbody>\n            <tr>\n                <td class=\"bold\">1\u00ba<\/td>\n                <td> Del 1 al 20 de abril <\/td>\n                \n            <\/tr>\n             <tr>\n                <td class=\"bold\">2\u00ba<\/td>\n                <td>Del 1 al 20 de julio<\/td>\n               \n            <\/tr>\n              <tr>\n                <td class=\"bold\">3\u00ba<\/td>\n                 <td>Del 1 al 20 de octubre<\/td>\n              \n            <\/tr>\n             <\/tr>\n              <tr>\n                <td class=\"bold\">4\u00ba<\/td>\n              <td>Del 1 al 20 de enero<\/td>\n            <\/tr>\n             \n        <\/tbody>\n    <\/table>\n<\/body>\n<\/html>\t\t\t\t<\/div>\n\t\t\t\t<\/div>\n\t\t\t\t<div class=\"elementor-element elementor-element-ef32a30 elementor-widget elementor-widget-text-editor\" data-id=\"ef32a30\" data-element_type=\"widget\" data-widget_type=\"text-editor.default\">\n\t\t\t\t<div class=\"elementor-widget-container\">\n\t\t\t\t\t\t\t\t\t<p>\u2139\ufe0f El <strong>plazo m\u00e1ximo puede variar<\/strong>\u00a0si:\u00a0<\/p><ul><li>El <strong>d\u00eda 20 cae en fin de semana o festivo<\/strong>. Entonces se aplaza al siguiente d\u00eda h\u00e1bil (o laborable).<\/li><li>Si <strong>eliges como forma de pago la domiciliaci\u00f3n bancaria<\/strong>. En tal caso, debes presentarlo en los primeros 15 d\u00edas del mes correspondiente.<\/li><\/ul>\t\t\t\t\t\t\t\t<\/div>\n\t\t\t\t<\/div>\n\t\t\t\t\t<\/div>\n\t\t\t\t<\/div>\n\t\t<div class=\"elementor-element elementor-element-a5ffb3b e-flex e-con-boxed e-con e-parent\" data-id=\"a5ffb3b\" data-element_type=\"container\">\n\t\t\t\t\t<div class=\"e-con-inner\">\n\t\t\t\t<div class=\"elementor-element elementor-element-abf4b3d elementor-widget elementor-widget-text-editor\" data-id=\"abf4b3d\" data-element_type=\"widget\" data-widget_type=\"text-editor.default\">\n\t\t\t\t<div class=\"elementor-widget-container\">\n\t\t\t\t\t\t\t\t\t<p>\u26a0\ufe0f Sin embargo, <strong>hay ciertos contribuyentes que deben presentar este formulario de manera mensual.<\/strong> Esta obligaci\u00f3n concierne a entidades del sector p\u00fablico, grandes empresas\u00a0 o sociedades con volumen de operaciones superiores a 6 millones de euros. En tales circunstancias, se les requiere presentar su declaraci\u00f3n mensual dentro de los primeros 20 d\u00edas de cada mes.<\/p>\t\t\t\t\t\t\t\t<\/div>\n\t\t\t\t<\/div>\n\t\t\t\t\t<\/div>\n\t\t\t\t<\/div>\n\t\t<div class=\"elementor-element elementor-element-fca9542 e-flex e-con-boxed e-con e-parent\" data-id=\"fca9542\" data-element_type=\"container\">\n\t\t\t\t\t<div class=\"e-con-inner\">\n\t\t\t\t<div class=\"elementor-element elementor-element-62ce684 elementor-widget elementor-widget-heading\" data-id=\"62ce684\" data-element_type=\"widget\" data-widget_type=\"heading.default\">\n\t\t\t\t<div class=\"elementor-widget-container\">\n\t\t\t\t\t<h3 class=\"elementor-heading-title elementor-size-default\">\u00bfPor qu\u00e9 es importante para las PYMEs y Aut\u00f3nomos?<\/h3>\t\t\t\t<\/div>\n\t\t\t\t<\/div>\n\t\t\t\t\t<\/div>\n\t\t\t\t<\/div>\n\t\t<div class=\"elementor-element elementor-element-7783adc e-flex e-con-boxed e-con e-parent\" data-id=\"7783adc\" data-element_type=\"container\">\n\t\t\t\t\t<div class=\"e-con-inner\">\n\t\t\t\t<div class=\"elementor-element elementor-element-e5b9071 elementor-widget elementor-widget-text-editor\" data-id=\"e5b9071\" data-element_type=\"widget\" data-widget_type=\"text-editor.default\">\n\t\t\t\t<div class=\"elementor-widget-container\">\n\t\t\t\t\t\t\t\t\t<p>El Modelo 111 es esencial por varias razones:<\/p><ol><li><strong>Cumplimiento legal<\/strong>: Garantiza que tu empresa est\u00e9 al d\u00eda con sus obligaciones fiscales, evitando multas y sanciones.<\/li><li><strong>Control financiero<\/strong>: Permite un mejor control sobre las retenciones realizadas, lo que facilita la planificaci\u00f3n financiera.<\/li><li><strong>Transparencia<\/strong>: Mejora la transparencia y la credibilidad de tu negocio frente a empleados y colaboradores.<\/li><\/ol>\t\t\t\t\t\t\t\t<\/div>\n\t\t\t\t<\/div>\n\t\t\t\t\t<\/div>\n\t\t\t\t<\/div>\n\t\t<div class=\"elementor-element elementor-element-b192829 e-flex e-con-boxed e-con e-parent\" data-id=\"b192829\" data-element_type=\"container\">\n\t\t\t\t\t<div class=\"e-con-inner\">\n\t\t\t\t<div class=\"elementor-element elementor-element-3a034ed elementor-widget elementor-widget-heading\" data-id=\"3a034ed\" data-element_type=\"widget\" data-widget_type=\"heading.default\">\n\t\t\t\t<div class=\"elementor-widget-container\">\n\t\t\t\t\t<h3 class=\"elementor-heading-title elementor-size-default\">\u00bfD\u00f3nde se presenta el modelo 111?<\/h3>\t\t\t\t<\/div>\n\t\t\t\t<\/div>\n\t\t\t\t\t<\/div>\n\t\t\t\t<\/div>\n\t\t<div class=\"elementor-element elementor-element-3c6acb6 e-flex e-con-boxed e-con e-parent\" data-id=\"3c6acb6\" data-element_type=\"container\">\n\t\t\t\t\t<div class=\"e-con-inner\">\n\t\t\t\t<div class=\"elementor-element elementor-element-51397ea elementor-widget elementor-widget-text-editor\" data-id=\"51397ea\" data-element_type=\"widget\" data-widget_type=\"text-editor.default\">\n\t\t\t\t<div class=\"elementor-widget-container\">\n\t\t\t\t\t\t\t\t\t<p>El Modelo 111 se presenta <strong>a trav\u00e9s de la <a href=\"https:\/\/sede.agenciatributaria.gob.es\/Sede\/procedimientoini\/GH01.shtml\" target=\"_blank\" rel=\"noopener\">Sede electr\u00f3nica de la Agencia Tributaria<\/a><\/strong>, utilizando el sistema de declaraci\u00f3n y pago telem\u00e1tico. Este proceso permite a las empresas y profesionales aut\u00f3nomos cumplir con sus obligaciones fiscales de manera r\u00e1pida y sencilla, desde cualquier lugar con acceso a internet.<\/p><p>Si <strong>eres aut\u00f3nomo<\/strong> tienes dos opciones o presentarlo de <strong>forma telem\u00e1tica o de forma presencial<\/strong>.<\/p>\t\t\t\t\t\t\t\t<\/div>\n\t\t\t\t<\/div>\n\t\t\t\t\t<\/div>\n\t\t\t\t<\/div>\n\t\t<div class=\"elementor-element elementor-element-adbafd5 e-flex e-con-boxed e-con e-parent\" data-id=\"adbafd5\" data-element_type=\"container\">\n\t\t\t\t\t<div class=\"e-con-inner\">\n\t\t\t\t<div class=\"elementor-element elementor-element-ff398c1 elementor-widget elementor-widget-heading\" data-id=\"ff398c1\" data-element_type=\"widget\" data-widget_type=\"heading.default\">\n\t\t\t\t<div class=\"elementor-widget-container\">\n\t\t\t\t\t<h3 class=\"elementor-heading-title elementor-size-default\">Beneficios de una gesti\u00f3n eficiente<\/h3>\t\t\t\t<\/div>\n\t\t\t\t<\/div>\n\t\t\t\t\t<\/div>\n\t\t\t\t<\/div>\n\t\t<div class=\"elementor-element elementor-element-74de831 e-flex e-con-boxed e-con e-parent\" data-id=\"74de831\" data-element_type=\"container\">\n\t\t\t\t\t<div class=\"e-con-inner\">\n\t\t\t\t<div class=\"elementor-element elementor-element-b90be63 elementor-widget elementor-widget-text-editor\" data-id=\"b90be63\" data-element_type=\"widget\" data-widget_type=\"text-editor.default\">\n\t\t\t\t<div class=\"elementor-widget-container\">\n\t\t\t\t\t\t\t\t\t<ul><li><strong>Ahorro de tiempo y recursos<\/strong>: Un manejo adecuado del Modelo 111 permite ahorrar tiempo y recursos que pueden ser destinados a otras \u00e1reas estrat\u00e9gicas del negocio.<\/li><li><strong>Mejora en la planificaci\u00f3n financiera<\/strong>: Al tener un control preciso de las retenciones, es m\u00e1s f\u00e1cil prever gastos y planificar inversiones futuras.<\/li><li><strong>Confianza y credibilidad<\/strong>: Cumplir con tus obligaciones fiscales refuerza la confianza de tus empleados y colaboradores, mejorando el clima laboral y la reputaci\u00f3n de tu empresa.<\/li><\/ul>\t\t\t\t\t\t\t\t<\/div>\n\t\t\t\t<\/div>\n\t\t\t\t\t<\/div>\n\t\t\t\t<\/div>\n\t\t<div class=\"elementor-element elementor-element-a503c59 e-flex e-con-boxed e-con e-parent\" data-id=\"a503c59\" data-element_type=\"container\">\n\t\t\t\t\t<div class=\"e-con-inner\">\n\t\t\t\t<div class=\"elementor-element elementor-element-0b6b379 elementor-widget elementor-widget-heading\" data-id=\"0b6b379\" data-element_type=\"widget\" data-widget_type=\"heading.default\">\n\t\t\t\t<div class=\"elementor-widget-container\">\n\t\t\t\t\t<h3 class=\"elementor-heading-title elementor-size-default\">Consejos para optimizar la presentaci\u00f3n <\/h3>\t\t\t\t<\/div>\n\t\t\t\t<\/div>\n\t\t\t\t\t<\/div>\n\t\t\t\t<\/div>\n\t\t<div class=\"elementor-element elementor-element-4234cce e-flex e-con-boxed e-con e-parent\" data-id=\"4234cce\" data-element_type=\"container\">\n\t\t\t\t\t<div class=\"e-con-inner\">\n\t\t\t\t<div class=\"elementor-element elementor-element-fb82cdd elementor-widget elementor-widget-text-editor\" data-id=\"fb82cdd\" data-element_type=\"widget\" data-widget_type=\"text-editor.default\">\n\t\t\t\t<div class=\"elementor-widget-container\">\n\t\t\t\t\t\t\t\t\t<ul><li><strong>Automatiza el proceso<\/strong>: Utiliza software de gesti\u00f3n empresarial como FinanEDI para automatizar la recopilaci\u00f3n de datos y la presentaci\u00f3n del Modelo 111. Esto no solo reduce errores, sino que tambi\u00e9n agiliza el proceso.<\/li><li><strong>Asesor\u00eda profesional<\/strong>: Contar con un asesor fiscal o un gestor profesional puede marcar la diferencia, asegurando que todas las retenciones se realicen correctamente y a tiempo.<\/li><li><strong>Revisiones peri\u00f3dicas<\/strong>: Realiza revisiones peri\u00f3dicas de tus retenciones y declaraciones para asegurarte de que todo est\u00e9 en orden y evitar sorpresas desagradables.<\/li><\/ul>\t\t\t\t\t\t\t\t<\/div>\n\t\t\t\t<\/div>\n\t\t\t\t\t<\/div>\n\t\t\t\t<\/div>\n\t\t<div class=\"elementor-element elementor-element-772cd3b9 e-flex e-con-boxed e-con e-parent\" data-id=\"772cd3b9\" data-element_type=\"container\" data-settings=\"{&quot;background_background&quot;:&quot;classic&quot;}\">\n\t\t\t\t\t<div class=\"e-con-inner\">\n\t\t<div class=\"elementor-element elementor-element-41890436 e-con-full e-flex e-con e-child\" data-id=\"41890436\" data-element_type=\"container\">\n\t\t<div class=\"elementor-element elementor-element-1b47c1d5 e-flex e-con-boxed e-con e-child\" data-id=\"1b47c1d5\" data-element_type=\"container\">\n\t\t\t\t\t<div class=\"e-con-inner\">\n\t\t\t\t<div class=\"elementor-element elementor-element-763f0ee9 elementor-widget elementor-widget-heading\" data-id=\"763f0ee9\" data-element_type=\"widget\" data-widget_type=\"heading.default\">\n\t\t\t\t<div class=\"elementor-widget-container\">\n\t\t\t\t\t<h3 class=\"elementor-heading-title elementor-size-default\">Herramientas para impulsar<br>tu negocio<\/h3>\t\t\t\t<\/div>\n\t\t\t\t<\/div>\n\t\t\t\t<div class=\"elementor-element elementor-element-1dedef0e elementor-widget elementor-widget-text-editor\" data-id=\"1dedef0e\" data-element_type=\"widget\" data-widget_type=\"text-editor.default\">\n\t\t\t\t<div class=\"elementor-widget-container\">\n\t\t\t\t\t\t\t\t\t<p>FinanEDI es la soluci\u00f3n en la nube gratuita que permite automatizar y optimizar los procesos financieros, contables y administrativos de tu negocio.<\/p>\t\t\t\t\t\t\t\t<\/div>\n\t\t\t\t<\/div>\n\t\t\t\t<div class=\"elementor-element elementor-element-794a4429 elementor-widget elementor-widget-button\" data-id=\"794a4429\" data-element_type=\"widget\" data-widget_type=\"button.default\">\n\t\t\t\t<div class=\"elementor-widget-container\">\n\t\t\t\t\t\t\t\t\t<div class=\"elementor-button-wrapper\">\n\t\t\t\t\t<a class=\"elementor-button elementor-button-link elementor-size-md\" href=\"https:\/\/finanedi.es\/\" target=\"_blank\">\n\t\t\t\t\t\t<span class=\"elementor-button-content-wrapper\">\n\t\t\t\t\t\t\t\t\t<span class=\"elementor-button-text\">Crear cuenta gratis<\/span>\n\t\t\t\t\t<\/span>\n\t\t\t\t\t<\/a>\n\t\t\t\t<\/div>\n\t\t\t\t\t\t\t\t<\/div>\n\t\t\t\t<\/div>\n\t\t\t\t\t<\/div>\n\t\t\t\t<\/div>\n\t\t\t\t<\/div>\n\t\t<div class=\"elementor-element elementor-element-3cae6a6f e-con-full e-flex e-con e-child\" data-id=\"3cae6a6f\" data-element_type=\"container\">\n\t\t\t\t<div class=\"elementor-element elementor-element-772ac28a elementor-widget elementor-widget-image\" data-id=\"772ac28a\" data-element_type=\"widget\" data-widget_type=\"image.default\">\n\t\t\t\t<div class=\"elementor-widget-container\">\n\t\t\t\t\t\t\t\t\t\t\t\t\t\t\t<img fetchpriority=\"high\" decoding=\"async\" width=\"300\" height=\"233\" src=\"https:\/\/finanedi.es\/blog\/contenido\/uploads\/2024\/09\/Dashborad_00115-300x233.png\" class=\"attachment-medium size-medium wp-image-5370\" alt=\"Herramientas para impulsar tu negocio - FinanEDI\" srcset=\"https:\/\/finanedi.es\/blog\/contenido\/uploads\/2024\/09\/Dashborad_00115-300x233.png 300w, https:\/\/finanedi.es\/blog\/contenido\/uploads\/2024\/09\/Dashborad_00115-768x597.png 768w, https:\/\/finanedi.es\/blog\/contenido\/uploads\/2024\/09\/Dashborad_00115.png 900w\" sizes=\"(max-width: 300px) 100vw, 300px\" \/>\t\t\t\t\t\t\t\t\t\t\t\t\t\t\t<\/div>\n\t\t\t\t<\/div>\n\t\t\t\t<\/div>\n\t\t\t\t\t<\/div>\n\t\t\t\t<\/div>\n\t\t<div class=\"elementor-element elementor-element-d7de345 e-flex e-con-boxed e-con e-parent\" data-id=\"d7de345\" data-element_type=\"container\">\n\t\t\t\t\t<div class=\"e-con-inner\">\n\t\t\t\t<div class=\"elementor-element elementor-element-d2581c2 elementor-widget elementor-widget-spacer\" data-id=\"d2581c2\" data-element_type=\"widget\" data-widget_type=\"spacer.default\">\n\t\t\t\t<div class=\"elementor-widget-container\">\n\t\t\t\t\t\t\t<div class=\"elementor-spacer\">\n\t\t\t<div class=\"elementor-spacer-inner\"><\/div>\n\t\t<\/div>\n\t\t\t\t\t\t<\/div>\n\t\t\t\t<\/div>\n\t\t\t\t\t<\/div>\n\t\t\t\t<\/div>\n\t\t<div class=\"elementor-element elementor-element-1da307b e-flex e-con-boxed e-con e-parent\" data-id=\"1da307b\" data-element_type=\"container\">\n\t\t\t\t\t<div class=\"e-con-inner\">\n\t\t\t\t<div class=\"elementor-element elementor-element-bfa91fe elementor-widget elementor-widget-text-editor\" data-id=\"bfa91fe\" data-element_type=\"widget\" data-widget_type=\"text-editor.default\">\n\t\t\t\t<div class=\"elementor-widget-container\">\n\t\t\t\t\t\t\t\t\t<p>El Modelo 111, aunque puede parecer una tarea administrativa m\u00e1s, es fundamental para el buen funcionamiento de las PYMEs y los aut\u00f3nomos. Su correcta gesti\u00f3n no solo asegura el cumplimiento legal, sino que tambi\u00e9n ofrece beneficios significativos en t\u00e9rminos de ahorro de tiempo, recursos y mejora de la planificaci\u00f3n financiera. Automatizar este proceso y contar con asesor\u00eda profesional son pasos clave para optimizar la presentaci\u00f3n y, en \u00faltima instancia, fortalecer la salud financiera y la credibilidad de tu negocio.<\/p>\t\t\t\t\t\t\t\t<\/div>\n\t\t\t\t<\/div>\n\t\t\t\t\t<\/div>\n\t\t\t\t<\/div>\n\t\t<div class=\"elementor-element elementor-element-f03582 e-flex e-con-boxed e-con e-parent\" data-id=\"f03582\" data-element_type=\"container\">\n\t\t\t\t\t<div class=\"e-con-inner\">\n\t\t<div class=\"elementor-element elementor-element-49527a9 e-con-full e-flex e-con e-child\" data-id=\"49527a9\" data-element_type=\"container\">\n\t\t\t\t<div class=\"elementor-element elementor-element-696d7e6e elementor-widget elementor-widget-spacer\" data-id=\"696d7e6e\" data-element_type=\"widget\" data-widget_type=\"spacer.default\">\n\t\t\t\t<div class=\"elementor-widget-container\">\n\t\t\t\t\t\t\t<div class=\"elementor-spacer\">\n\t\t\t<div class=\"elementor-spacer-inner\"><\/div>\n\t\t<\/div>\n\t\t\t\t\t\t<\/div>\n\t\t\t\t<\/div>\n\t\t\t\t<\/div>\n\t\t<div class=\"elementor-element elementor-element-159cd0a e-con-full e-flex e-con e-child\" data-id=\"159cd0a\" data-element_type=\"container\">\n\t\t\t\t<div class=\"elementor-element elementor-element-6c7dc8a9 elementor-widget elementor-widget-heading\" data-id=\"6c7dc8a9\" data-element_type=\"widget\" data-widget_type=\"heading.default\">\n\t\t\t\t<div class=\"elementor-widget-container\">\n\t\t\t\t\t<h3 class=\"elementor-heading-title elementor-size-default\">No te pierdas...<\/h3>\t\t\t\t<\/div>\n\t\t\t\t<\/div>\n\t\t\t\t<\/div>\n\t\t<div class=\"elementor-element elementor-element-22a6536a e-con-full e-flex e-con e-child\" data-id=\"22a6536a\" data-element_type=\"container\">\n\t\t\t\t<div class=\"elementor-element elementor-element-5f805854 elementor-widget elementor-widget-katen-post-five\" data-id=\"5f805854\" data-element_type=\"widget\" data-widget_type=\"katen-post-five.default\">\n\t\t\t\t<div class=\"elementor-widget-container\">\n\t\t\t\t\t\t\t<div class=\"padding-30 rounded bordered\">\n\n\t\t\t<div class=\"row infinite-wrapper\">\n\n\t\t\t\n\t\t\t\t<div class=\"col-md-12 col-sm-6 post-list-item post-item\">\n\t\t\t\t\t<!-- post -->\n\t\t\t\t\t<div class=\"post post-list clearfix\">\n\n\t\t\t\t\t\t<div class=\"thumb rounded\"><div class=\"inner\"><a href=\"https:\/\/finanedi.es\/blog\/modelo-131-irpf-empresarios-y-profesionales-en-estimacion-objetiva\/\"><img decoding=\"async\" width=\"330\" height=\"250\" src=\"https:\/\/finanedi.es\/blog\/contenido\/uploads\/2025\/05\/Modelo-131.-IRPF.-Empresarios-y-profesionales-en-Estimacion-Objetiva-330x250.jpg\" class=\"attachment-katen-thumb-list size-katen-thumb-list wp-post-image\" alt=\"Modelo 131. IRPF. Empresarios y profesionales en Estimaci\u00f3n Objetiva\" \/><\/a><\/div><\/div>  \n\n\t\t\t\t\t\t<div class=\"details clearfix\">\n\t\t\t\t\t\t\t<ul class=\"meta list-inline mb-3\">\n\t\t\t\t\t\t\t\t<li class=\"list-inline-item\"><a href=\"https:\/\/finanedi.es\/blog\/category\/contabilidad\/\">Contabilidad<\/a><\/li>\t\t\t\t\t\t\t<\/ul>\n\t\t\t\t\t\t\t<h5 class=\"post-title\"><a href=\"https:\/\/finanedi.es\/blog\/modelo-131-irpf-empresarios-y-profesionales-en-estimacion-objetiva\/\">Modelo 131. IRPF. Empresarios y profesionales en Estimaci\u00f3n Objetiva<\/a><\/h5>\n\t\t\t\t\t\t\t<p class=\"excerpt mb-0\">\n\t\t\t\t\t\t\t\tPara muchos aut\u00f3nomos y peque\u00f1as empresas, enfrentarse a las obligaciones fiscales puede ser un quebradero&hellip;\t\t\t\t\t\t\t<\/p>\n\t\t\t\t\t\t\t<div class=\"post-bottom clearfix d-flex align-items-center\">\n\t\t\t\t\t\t\t\t\t\t\t\t\t\t\t\t\t\t\t\t\t\t\t<\/div>\n\t\t\t\t\t\t<\/div>\n\t\t\t\t\t<\/div>\n\t\t\t\t<\/div>\n\n\t\t\t\n\t\t\t\t<div class=\"col-md-12 col-sm-6 post-list-item post-item\">\n\t\t\t\t\t<!-- post -->\n\t\t\t\t\t<div class=\"post post-list clearfix\">\n\n\t\t\t\t\t\t<div class=\"thumb rounded\"><div class=\"inner\"><a href=\"https:\/\/finanedi.es\/blog\/modelo-840-impuesto-sobre-actividades-economicas-iae\/\"><img decoding=\"async\" width=\"330\" height=\"250\" src=\"https:\/\/finanedi.es\/blog\/contenido\/uploads\/2025\/03\/Modelo-840-330x250.jpg\" class=\"attachment-katen-thumb-list size-katen-thumb-list wp-post-image\" alt=\"Modelo 840 - Impuesto sobre Actividades Econ\u00f3micas (IAE)\" \/><\/a><\/div><\/div>  \n\n\t\t\t\t\t\t<div class=\"details clearfix\">\n\t\t\t\t\t\t\t<ul class=\"meta list-inline mb-3\">\n\t\t\t\t\t\t\t\t<li class=\"list-inline-item\"><a href=\"https:\/\/finanedi.es\/blog\/category\/contabilidad\/\">Contabilidad<\/a><\/li>\t\t\t\t\t\t\t<\/ul>\n\t\t\t\t\t\t\t<h5 class=\"post-title\"><a href=\"https:\/\/finanedi.es\/blog\/modelo-840-impuesto-sobre-actividades-economicas-iae\/\">Modelo 840 &#8211; Impuesto sobre Actividades Econ\u00f3micas (IAE)<\/a><\/h5>\n\t\t\t\t\t\t\t<p class=\"excerpt mb-0\">\n\t\t\t\t\t\t\t\tEl Modelo 840 es un documento clave para empresas y aut\u00f3nomos en Espa\u00f1a, ya que&hellip;\t\t\t\t\t\t\t<\/p>\n\t\t\t\t\t\t\t<div class=\"post-bottom clearfix d-flex align-items-center\">\n\t\t\t\t\t\t\t\t\t\t\t\t\t\t\t\t\t\t\t\t\t\t\t<\/div>\n\t\t\t\t\t\t<\/div>\n\t\t\t\t\t<\/div>\n\t\t\t\t<\/div>\n\n\t\t\t\n\t\t\t\t<div class=\"col-md-12 col-sm-6 post-list-item post-item\">\n\t\t\t\t\t<!-- post -->\n\t\t\t\t\t<div class=\"post post-list clearfix\">\n\n\t\t\t\t\t\t<div class=\"thumb rounded\"><div class=\"inner\"><a href=\"https:\/\/finanedi.es\/blog\/modelo-425-impuesto-general-indirecto-canario\/\"><img loading=\"lazy\" decoding=\"async\" width=\"330\" height=\"250\" src=\"https:\/\/finanedi.es\/blog\/contenido\/uploads\/2024\/12\/Modelo-425-330x250.jpg\" class=\"attachment-katen-thumb-list size-katen-thumb-list wp-post-image\" alt=\"Modelo 425. Impuesto General Indirecto Canario\" \/><\/a><\/div><\/div>  \n\n\t\t\t\t\t\t<div class=\"details clearfix\">\n\t\t\t\t\t\t\t<ul class=\"meta list-inline mb-3\">\n\t\t\t\t\t\t\t\t<li class=\"list-inline-item\"><a href=\"https:\/\/finanedi.es\/blog\/category\/contabilidad\/\">Contabilidad<\/a><\/li>\t\t\t\t\t\t\t<\/ul>\n\t\t\t\t\t\t\t<h5 class=\"post-title\"><a href=\"https:\/\/finanedi.es\/blog\/modelo-425-impuesto-general-indirecto-canario\/\">Modelo 425. Impuesto General Indirecto Canario<\/a><\/h5>\n\t\t\t\t\t\t\t<p class=\"excerpt mb-0\">\n\t\t\t\t\t\t\t\tEl Modelo 425 es un documento crucial para muchas empresas en Espa\u00f1a, especialmente para aquellas&hellip;\t\t\t\t\t\t\t<\/p>\n\t\t\t\t\t\t\t<div class=\"post-bottom clearfix d-flex align-items-center\">\n\t\t\t\t\t\t\t\t\t\t\t\t\t\t\t\t\t\t\t\t\t\t\t<\/div>\n\t\t\t\t\t\t<\/div>\n\t\t\t\t\t<\/div>\n\t\t\t\t<\/div>\n\n\t\t\t\n\t\t\t\t<div class=\"col-md-12 col-sm-6 post-list-item post-item\">\n\t\t\t\t\t<!-- post -->\n\t\t\t\t\t<div class=\"post post-list clearfix\">\n\n\t\t\t\t\t\t<div class=\"thumb rounded\"><div class=\"inner\"><a href=\"https:\/\/finanedi.es\/blog\/modelo-369-declaraciones-de-iva-del-regimen-one-stop-shop-oss\/\"><img loading=\"lazy\" decoding=\"async\" width=\"330\" height=\"250\" src=\"https:\/\/finanedi.es\/blog\/contenido\/uploads\/2024\/12\/Modelo-369-330x250.jpg\" class=\"attachment-katen-thumb-list size-katen-thumb-list wp-post-image\" alt=\"Modelo 369. Declaraciones de IVA del r\u00e9gimen One Stop Shop (OSS)\" \/><\/a><\/div><\/div>  \n\n\t\t\t\t\t\t<div class=\"details clearfix\">\n\t\t\t\t\t\t\t<ul class=\"meta list-inline mb-3\">\n\t\t\t\t\t\t\t\t<li class=\"list-inline-item\"><a href=\"https:\/\/finanedi.es\/blog\/category\/contabilidad\/\">Contabilidad<\/a><\/li>\t\t\t\t\t\t\t<\/ul>\n\t\t\t\t\t\t\t<h5 class=\"post-title\"><a href=\"https:\/\/finanedi.es\/blog\/modelo-369-declaraciones-de-iva-del-regimen-one-stop-shop-oss\/\">Modelo 369. Declaraciones de IVA del r\u00e9gimen One Stop Shop (OSS)<\/a><\/h5>\n\t\t\t\t\t\t\t<p class=\"excerpt mb-0\">\n\t\t\t\t\t\t\t\tEl Modelo 369 es una herramienta esencial para las empresas que proporcionan servicios electr\u00f3nicos, telecomunicaciones&hellip;\t\t\t\t\t\t\t<\/p>\n\t\t\t\t\t\t\t<div class=\"post-bottom clearfix d-flex align-items-center\">\n\t\t\t\t\t\t\t\t\t\t\t\t\t\t\t\t\t\t\t\t\t\t\t<\/div>\n\t\t\t\t\t\t<\/div>\n\t\t\t\t\t<\/div>\n\t\t\t\t<\/div>\n\n\t\t\t\n\t\t\t<\/div>\n\n\t\t<\/div>\n\t\t\n        \t\t\t\t<\/div>\n\t\t\t\t<\/div>\n\t\t\t\t<\/div>\n\t\t\t\t\t<\/div>\n\t\t\t\t<\/div>\n\t\t\t\t<\/div>\n\t\t","protected":false},"excerpt":{"rendered":"<p>El Modelo 111 es un documento crucial para aut\u00f3nomos y pymes en Espa\u00f1a. Su correcta comprensi\u00f3n y gesti\u00f3n no solo asegura el cumplimiento fiscal, sino que tambi\u00e9n optimiza los recursos financieros y administrativos de tu negocio.<\/p>\n","protected":false},"author":3,"featured_media":5869,"comment_status":"closed","ping_status":"open","sticky":false,"template":"","format":"standard","meta":{"_monsterinsights_skip_tracking":false,"_monsterinsights_sitenote_active":false,"_monsterinsights_sitenote_note":"","_monsterinsights_sitenote_category":0,"footnotes":""},"categories":[84],"tags":[38],"class_list":["post-503","post","type-post","status-publish","format-standard","has-post-thumbnail","hentry","category-modelos-tributarios","tag-modelo"],"yoast_head":"<!-- This site is optimized with the Yoast SEO plugin v26.2 - https:\/\/yoast.com\/wordpress\/plugins\/seo\/ -->\n<title>Modelo 111: \u00bfQu\u00e9 es y c\u00f3mo presentarlo correctamente?<\/title>\n<meta name=\"description\" content=\"Aprende qu\u00e9 es el Modelo 111, qui\u00e9n debe presentarlo y los pasos para cumplir con tus obligaciones fiscales sin complicaciones.\" \/>\n<meta name=\"robots\" content=\"index, follow, max-snippet:-1, max-image-preview:large, max-video-preview:-1\" \/>\n<link rel=\"canonical\" href=\"https:\/\/finanedi.es\/blog\/modelo-111-que-es-el-modelo-111\/\" \/>\n<meta property=\"og:locale\" content=\"es_ES\" \/>\n<meta property=\"og:type\" content=\"article\" \/>\n<meta property=\"og:title\" content=\"Modelo 111: \u00bfQu\u00e9 es y c\u00f3mo presentarlo correctamente?\" \/>\n<meta property=\"og:description\" content=\"Aprende qu\u00e9 es el Modelo 111, qui\u00e9n debe presentarlo y los pasos para cumplir con tus obligaciones fiscales sin complicaciones.\" \/>\n<meta property=\"og:url\" content=\"https:\/\/finanedi.es\/blog\/modelo-111-que-es-el-modelo-111\/\" \/>\n<meta property=\"og:site_name\" content=\"Blog para pymes y aut\u00f3nomos - FinanEDI\" \/>\n<meta property=\"article:published_time\" content=\"2024-04-16T15:16:26+00:00\" \/>\n<meta property=\"article:modified_time\" content=\"2025-01-08T14:59:31+00:00\" \/>\n<meta property=\"og:image\" content=\"https:\/\/finanedi.es\/blog\/contenido\/uploads\/2024\/10\/Modelo-111.jpg\" \/>\n\t<meta property=\"og:image:width\" content=\"1580\" \/>\n\t<meta property=\"og:image:height\" content=\"960\" \/>\n\t<meta property=\"og:image:type\" content=\"image\/jpeg\" \/>\n<meta name=\"author\" content=\"restevez\" \/>\n<meta name=\"twitter:card\" content=\"summary_large_image\" \/>\n<meta name=\"twitter:label1\" content=\"Escrito por\" \/>\n\t<meta name=\"twitter:data1\" content=\"restevez\" \/>\n\t<meta name=\"twitter:label2\" content=\"Tiempo de lectura\" \/>\n\t<meta name=\"twitter:data2\" content=\"6 minutos\" \/>\n<script type=\"application\/ld+json\" class=\"yoast-schema-graph\">{\"@context\":\"https:\/\/schema.org\",\"@graph\":[{\"@type\":\"Article\",\"@id\":\"https:\/\/finanedi.es\/blog\/modelo-111-que-es-el-modelo-111\/#article\",\"isPartOf\":{\"@id\":\"https:\/\/finanedi.es\/blog\/modelo-111-que-es-el-modelo-111\/\"},\"author\":{\"name\":\"restevez\",\"@id\":\"https:\/\/finanedi.es\/blog\/#\/schema\/person\/233ed58195d34f36f74f13ba1030ebd8\"},\"headline\":\"Modelo 111: Retenciones e ingresos a cuenta\",\"datePublished\":\"2024-04-16T15:16:26+00:00\",\"dateModified\":\"2025-01-08T14:59:31+00:00\",\"mainEntityOfPage\":{\"@id\":\"https:\/\/finanedi.es\/blog\/modelo-111-que-es-el-modelo-111\/\"},\"wordCount\":877,\"publisher\":{\"@id\":\"https:\/\/finanedi.es\/blog\/#organization\"},\"image\":{\"@id\":\"https:\/\/finanedi.es\/blog\/modelo-111-que-es-el-modelo-111\/#primaryimage\"},\"thumbnailUrl\":\"https:\/\/finanedi.es\/blog\/contenido\/uploads\/2024\/10\/Modelo-111.jpg\",\"keywords\":[\"Modelo\"],\"articleSection\":[\"Modelos tributarios\"],\"inLanguage\":\"es\"},{\"@type\":\"WebPage\",\"@id\":\"https:\/\/finanedi.es\/blog\/modelo-111-que-es-el-modelo-111\/\",\"url\":\"https:\/\/finanedi.es\/blog\/modelo-111-que-es-el-modelo-111\/\",\"name\":\"Modelo 111: \u00bfQu\u00e9 es y c\u00f3mo presentarlo correctamente?\",\"isPartOf\":{\"@id\":\"https:\/\/finanedi.es\/blog\/#website\"},\"primaryImageOfPage\":{\"@id\":\"https:\/\/finanedi.es\/blog\/modelo-111-que-es-el-modelo-111\/#primaryimage\"},\"image\":{\"@id\":\"https:\/\/finanedi.es\/blog\/modelo-111-que-es-el-modelo-111\/#primaryimage\"},\"thumbnailUrl\":\"https:\/\/finanedi.es\/blog\/contenido\/uploads\/2024\/10\/Modelo-111.jpg\",\"datePublished\":\"2024-04-16T15:16:26+00:00\",\"dateModified\":\"2025-01-08T14:59:31+00:00\",\"description\":\"Aprende qu\u00e9 es el Modelo 111, qui\u00e9n debe presentarlo y los pasos para cumplir con tus obligaciones fiscales sin complicaciones.\",\"breadcrumb\":{\"@id\":\"https:\/\/finanedi.es\/blog\/modelo-111-que-es-el-modelo-111\/#breadcrumb\"},\"inLanguage\":\"es\",\"potentialAction\":[{\"@type\":\"ReadAction\",\"target\":[\"https:\/\/finanedi.es\/blog\/modelo-111-que-es-el-modelo-111\/\"]}]},{\"@type\":\"ImageObject\",\"inLanguage\":\"es\",\"@id\":\"https:\/\/finanedi.es\/blog\/modelo-111-que-es-el-modelo-111\/#primaryimage\",\"url\":\"https:\/\/finanedi.es\/blog\/contenido\/uploads\/2024\/10\/Modelo-111.jpg\",\"contentUrl\":\"https:\/\/finanedi.es\/blog\/contenido\/uploads\/2024\/10\/Modelo-111.jpg\",\"width\":1580,\"height\":960,\"caption\":\"Modelo 111 - IRPF - Modelo tributario\"},{\"@type\":\"BreadcrumbList\",\"@id\":\"https:\/\/finanedi.es\/blog\/modelo-111-que-es-el-modelo-111\/#breadcrumb\",\"itemListElement\":[{\"@type\":\"ListItem\",\"position\":1,\"name\":\"Home\",\"item\":\"https:\/\/finanedi.es\/blog\/\"},{\"@type\":\"ListItem\",\"position\":2,\"name\":\"Modelo 111: Retenciones e ingresos a cuenta\"}]},{\"@type\":\"WebSite\",\"@id\":\"https:\/\/finanedi.es\/blog\/#website\",\"url\":\"https:\/\/finanedi.es\/blog\/\",\"name\":\"Blog para pymes y aut\u00f3nomos - FinanEDI\",\"description\":\"Blog para aut\u00f3nomos y PYMES, sobre temas como facturaci\u00f3n, contabilidad, tecnolog\u00eda.\",\"publisher\":{\"@id\":\"https:\/\/finanedi.es\/blog\/#organization\"},\"potentialAction\":[{\"@type\":\"SearchAction\",\"target\":{\"@type\":\"EntryPoint\",\"urlTemplate\":\"https:\/\/finanedi.es\/blog\/?s={search_term_string}\"},\"query-input\":{\"@type\":\"PropertyValueSpecification\",\"valueRequired\":true,\"valueName\":\"search_term_string\"}}],\"inLanguage\":\"es\"},{\"@type\":\"Organization\",\"@id\":\"https:\/\/finanedi.es\/blog\/#organization\",\"name\":\"Blog para pymes y aut\u00f3nomos - FinanEDI\",\"url\":\"https:\/\/finanedi.es\/blog\/\",\"logo\":{\"@type\":\"ImageObject\",\"inLanguage\":\"es\",\"@id\":\"https:\/\/finanedi.es\/blog\/#\/schema\/logo\/image\/\",\"url\":\"https:\/\/finanedi.es\/blog\/contenido\/uploads\/2024\/02\/FinanEdiAzul1.svg\",\"contentUrl\":\"https:\/\/finanedi.es\/blog\/contenido\/uploads\/2024\/02\/FinanEdiAzul1.svg\",\"width\":142,\"height\":36,\"caption\":\"Blog para pymes y aut\u00f3nomos - FinanEDI\"},\"image\":{\"@id\":\"https:\/\/finanedi.es\/blog\/#\/schema\/logo\/image\/\"}},{\"@type\":\"Person\",\"@id\":\"https:\/\/finanedi.es\/blog\/#\/schema\/person\/233ed58195d34f36f74f13ba1030ebd8\",\"name\":\"restevez\",\"image\":{\"@type\":\"ImageObject\",\"inLanguage\":\"es\",\"@id\":\"https:\/\/finanedi.es\/blog\/#\/schema\/person\/image\/\",\"url\":\"https:\/\/secure.gravatar.com\/avatar\/6c4880db9746e4aa887a98e0ebf657788804dc4280120ef10331a2e6ebb4a9a0?s=96&d=mm&r=g\",\"contentUrl\":\"https:\/\/secure.gravatar.com\/avatar\/6c4880db9746e4aa887a98e0ebf657788804dc4280120ef10331a2e6ebb4a9a0?s=96&d=mm&r=g\",\"caption\":\"restevez\"},\"url\":\"https:\/\/finanedi.es\/blog\/author\/restevez\/\"}]}<\/script>\n<!-- \/ Yoast SEO plugin. -->","yoast_head_json":{"title":"Modelo 111: \u00bfQu\u00e9 es y c\u00f3mo presentarlo correctamente?","description":"Aprende qu\u00e9 es el Modelo 111, qui\u00e9n debe presentarlo y los pasos para cumplir con tus obligaciones fiscales sin complicaciones.","robots":{"index":"index","follow":"follow","max-snippet":"max-snippet:-1","max-image-preview":"max-image-preview:large","max-video-preview":"max-video-preview:-1"},"canonical":"https:\/\/finanedi.es\/blog\/modelo-111-que-es-el-modelo-111\/","og_locale":"es_ES","og_type":"article","og_title":"Modelo 111: \u00bfQu\u00e9 es y c\u00f3mo presentarlo correctamente?","og_description":"Aprende qu\u00e9 es el Modelo 111, qui\u00e9n debe presentarlo y los pasos para cumplir con tus obligaciones fiscales sin complicaciones.","og_url":"https:\/\/finanedi.es\/blog\/modelo-111-que-es-el-modelo-111\/","og_site_name":"Blog para pymes y aut\u00f3nomos - FinanEDI","article_published_time":"2024-04-16T15:16:26+00:00","article_modified_time":"2025-01-08T14:59:31+00:00","og_image":[{"width":1580,"height":960,"url":"https:\/\/finanedi.es\/blog\/contenido\/uploads\/2024\/10\/Modelo-111.jpg","type":"image\/jpeg"}],"author":"restevez","twitter_card":"summary_large_image","twitter_misc":{"Escrito por":"restevez","Tiempo de lectura":"6 minutos"},"schema":{"@context":"https:\/\/schema.org","@graph":[{"@type":"Article","@id":"https:\/\/finanedi.es\/blog\/modelo-111-que-es-el-modelo-111\/#article","isPartOf":{"@id":"https:\/\/finanedi.es\/blog\/modelo-111-que-es-el-modelo-111\/"},"author":{"name":"restevez","@id":"https:\/\/finanedi.es\/blog\/#\/schema\/person\/233ed58195d34f36f74f13ba1030ebd8"},"headline":"Modelo 111: Retenciones e ingresos a cuenta","datePublished":"2024-04-16T15:16:26+00:00","dateModified":"2025-01-08T14:59:31+00:00","mainEntityOfPage":{"@id":"https:\/\/finanedi.es\/blog\/modelo-111-que-es-el-modelo-111\/"},"wordCount":877,"publisher":{"@id":"https:\/\/finanedi.es\/blog\/#organization"},"image":{"@id":"https:\/\/finanedi.es\/blog\/modelo-111-que-es-el-modelo-111\/#primaryimage"},"thumbnailUrl":"https:\/\/finanedi.es\/blog\/contenido\/uploads\/2024\/10\/Modelo-111.jpg","keywords":["Modelo"],"articleSection":["Modelos tributarios"],"inLanguage":"es"},{"@type":"WebPage","@id":"https:\/\/finanedi.es\/blog\/modelo-111-que-es-el-modelo-111\/","url":"https:\/\/finanedi.es\/blog\/modelo-111-que-es-el-modelo-111\/","name":"Modelo 111: \u00bfQu\u00e9 es y c\u00f3mo presentarlo correctamente?","isPartOf":{"@id":"https:\/\/finanedi.es\/blog\/#website"},"primaryImageOfPage":{"@id":"https:\/\/finanedi.es\/blog\/modelo-111-que-es-el-modelo-111\/#primaryimage"},"image":{"@id":"https:\/\/finanedi.es\/blog\/modelo-111-que-es-el-modelo-111\/#primaryimage"},"thumbnailUrl":"https:\/\/finanedi.es\/blog\/contenido\/uploads\/2024\/10\/Modelo-111.jpg","datePublished":"2024-04-16T15:16:26+00:00","dateModified":"2025-01-08T14:59:31+00:00","description":"Aprende qu\u00e9 es el Modelo 111, qui\u00e9n debe presentarlo y los pasos para cumplir con tus obligaciones fiscales sin complicaciones.","breadcrumb":{"@id":"https:\/\/finanedi.es\/blog\/modelo-111-que-es-el-modelo-111\/#breadcrumb"},"inLanguage":"es","potentialAction":[{"@type":"ReadAction","target":["https:\/\/finanedi.es\/blog\/modelo-111-que-es-el-modelo-111\/"]}]},{"@type":"ImageObject","inLanguage":"es","@id":"https:\/\/finanedi.es\/blog\/modelo-111-que-es-el-modelo-111\/#primaryimage","url":"https:\/\/finanedi.es\/blog\/contenido\/uploads\/2024\/10\/Modelo-111.jpg","contentUrl":"https:\/\/finanedi.es\/blog\/contenido\/uploads\/2024\/10\/Modelo-111.jpg","width":1580,"height":960,"caption":"Modelo 111 - IRPF - Modelo tributario"},{"@type":"BreadcrumbList","@id":"https:\/\/finanedi.es\/blog\/modelo-111-que-es-el-modelo-111\/#breadcrumb","itemListElement":[{"@type":"ListItem","position":1,"name":"Home","item":"https:\/\/finanedi.es\/blog\/"},{"@type":"ListItem","position":2,"name":"Modelo 111: Retenciones e ingresos a cuenta"}]},{"@type":"WebSite","@id":"https:\/\/finanedi.es\/blog\/#website","url":"https:\/\/finanedi.es\/blog\/","name":"Blog para pymes y aut\u00f3nomos - FinanEDI","description":"Blog para aut\u00f3nomos y PYMES, sobre temas como facturaci\u00f3n, contabilidad, tecnolog\u00eda.","publisher":{"@id":"https:\/\/finanedi.es\/blog\/#organization"},"potentialAction":[{"@type":"SearchAction","target":{"@type":"EntryPoint","urlTemplate":"https:\/\/finanedi.es\/blog\/?s={search_term_string}"},"query-input":{"@type":"PropertyValueSpecification","valueRequired":true,"valueName":"search_term_string"}}],"inLanguage":"es"},{"@type":"Organization","@id":"https:\/\/finanedi.es\/blog\/#organization","name":"Blog para pymes y aut\u00f3nomos - FinanEDI","url":"https:\/\/finanedi.es\/blog\/","logo":{"@type":"ImageObject","inLanguage":"es","@id":"https:\/\/finanedi.es\/blog\/#\/schema\/logo\/image\/","url":"https:\/\/finanedi.es\/blog\/contenido\/uploads\/2024\/02\/FinanEdiAzul1.svg","contentUrl":"https:\/\/finanedi.es\/blog\/contenido\/uploads\/2024\/02\/FinanEdiAzul1.svg","width":142,"height":36,"caption":"Blog para pymes y aut\u00f3nomos - FinanEDI"},"image":{"@id":"https:\/\/finanedi.es\/blog\/#\/schema\/logo\/image\/"}},{"@type":"Person","@id":"https:\/\/finanedi.es\/blog\/#\/schema\/person\/233ed58195d34f36f74f13ba1030ebd8","name":"restevez","image":{"@type":"ImageObject","inLanguage":"es","@id":"https:\/\/finanedi.es\/blog\/#\/schema\/person\/image\/","url":"https:\/\/secure.gravatar.com\/avatar\/6c4880db9746e4aa887a98e0ebf657788804dc4280120ef10331a2e6ebb4a9a0?s=96&d=mm&r=g","contentUrl":"https:\/\/secure.gravatar.com\/avatar\/6c4880db9746e4aa887a98e0ebf657788804dc4280120ef10331a2e6ebb4a9a0?s=96&d=mm&r=g","caption":"restevez"},"url":"https:\/\/finanedi.es\/blog\/author\/restevez\/"}]}},"_links":{"self":[{"href":"https:\/\/finanedi.es\/blog\/wp-json\/wp\/v2\/posts\/503","targetHints":{"allow":["GET"]}}],"collection":[{"href":"https:\/\/finanedi.es\/blog\/wp-json\/wp\/v2\/posts"}],"about":[{"href":"https:\/\/finanedi.es\/blog\/wp-json\/wp\/v2\/types\/post"}],"author":[{"embeddable":true,"href":"https:\/\/finanedi.es\/blog\/wp-json\/wp\/v2\/users\/3"}],"replies":[{"embeddable":true,"href":"https:\/\/finanedi.es\/blog\/wp-json\/wp\/v2\/comments?post=503"}],"version-history":[{"count":60,"href":"https:\/\/finanedi.es\/blog\/wp-json\/wp\/v2\/posts\/503\/revisions"}],"predecessor-version":[{"id":8341,"href":"https:\/\/finanedi.es\/blog\/wp-json\/wp\/v2\/posts\/503\/revisions\/8341"}],"wp:featuredmedia":[{"embeddable":true,"href":"https:\/\/finanedi.es\/blog\/wp-json\/wp\/v2\/media\/5869"}],"wp:attachment":[{"href":"https:\/\/finanedi.es\/blog\/wp-json\/wp\/v2\/media?parent=503"}],"wp:term":[{"taxonomy":"category","embeddable":true,"href":"https:\/\/finanedi.es\/blog\/wp-json\/wp\/v2\/categories?post=503"},{"taxonomy":"post_tag","embeddable":true,"href":"https:\/\/finanedi.es\/blog\/wp-json\/wp\/v2\/tags?post=503"}],"curies":[{"name":"wp","href":"https:\/\/api.w.org\/{rel}","templated":true}]}}