{"id":5875,"date":"2024-10-07T14:06:00","date_gmt":"2024-10-07T12:06:00","guid":{"rendered":"https:\/\/finanedi.es\/blog\/?p=5875"},"modified":"2024-10-07T14:06:00","modified_gmt":"2024-10-07T12:06:00","slug":"vat-number-que-es","status":"publish","type":"post","link":"https:\/\/finanedi.es\/blog\/vat-number-que-es\/","title":{"rendered":"Comprendiendo el N\u00famero VAT"},"content":{"rendered":"\t\t<div data-elementor-type=\"wp-post\" data-elementor-id=\"5875\" class=\"elementor elementor-5875\">\n\t\t\t\t<div class=\"elementor-element elementor-element-a803976 e-flex e-con-boxed e-con e-parent\" data-id=\"a803976\" data-element_type=\"container\">\n\t\t\t\t\t<div class=\"e-con-inner\">\n\t\t\t\t<div class=\"elementor-element elementor-element-8b55921 elementor-widget elementor-widget-text-editor\" data-id=\"8b55921\" data-element_type=\"widget\" data-widget_type=\"text-editor.default\">\n\t\t\t\t<div class=\"elementor-widget-container\">\n\t\t\t\t\t\t\t\t\t<p>El <strong>n\u00famero VAT (Value Added Tax)<\/strong> o n\u00famero de identificaci\u00f3n de IVA es un elemento crucial en el \u00e1mbito fiscal y contable para cualquier negocio, desde aut\u00f3nomos hasta grandes corporaciones.<\/p>\t\t\t\t\t\t\t\t<\/div>\n\t\t\t\t<\/div>\n\t\t\t\t\t<\/div>\n\t\t\t\t<\/div>\n\t\t<div class=\"elementor-element elementor-element-fb61ce6 e-flex e-con-boxed e-con e-parent\" data-id=\"fb61ce6\" data-element_type=\"container\">\n\t\t\t\t\t<div class=\"e-con-inner\">\n\t\t\t\t<div class=\"elementor-element elementor-element-11793cb elementor-widget elementor-widget-heading\" data-id=\"11793cb\" data-element_type=\"widget\" data-widget_type=\"heading.default\">\n\t\t\t\t<div class=\"elementor-widget-container\">\n\t\t\t\t\t<h2 class=\"elementor-heading-title elementor-size-default\">\u00bfQu\u00e9 es el n\u00famero VAT?<\/h2>\t\t\t\t<\/div>\n\t\t\t\t<\/div>\n\t\t\t\t\t<\/div>\n\t\t\t\t<\/div>\n\t\t<div class=\"elementor-element elementor-element-d1a844e e-flex e-con-boxed e-con e-parent\" data-id=\"d1a844e\" data-element_type=\"container\">\n\t\t\t\t\t<div class=\"e-con-inner\">\n\t\t\t\t<div class=\"elementor-element elementor-element-18e66b7 elementor-widget elementor-widget-text-editor\" data-id=\"18e66b7\" data-element_type=\"widget\" data-widget_type=\"text-editor.default\">\n\t\t\t\t<div class=\"elementor-widget-container\">\n\t\t\t\t\t\t\t\t\t<p>El <strong>n\u00famero VAT<\/strong> es un identificador \u00fanico asignado a las empresas y aut\u00f3nomos que est\u00e1n registrados para el Impuesto sobre el Valor A\u00f1adido (IVA). Este n\u00famero permite a las autoridades fiscales rastrear y gestionar las transacciones comerciales sujetas a IVA. En la Uni\u00f3n Europea, cada pa\u00eds tiene su formato espec\u00edfico para el n\u00famero VAT, pero su funci\u00f3n es la misma: asegurar el cumplimiento de las obligaciones fiscales relacionadas con el IVA.<\/p>\t\t\t\t\t\t\t\t<\/div>\n\t\t\t\t<\/div>\n\t\t\t\t\t<\/div>\n\t\t\t\t<\/div>\n\t\t<div class=\"elementor-element elementor-element-65c03a8 e-flex e-con-boxed e-con e-parent\" data-id=\"65c03a8\" data-element_type=\"container\">\n\t\t\t\t\t<div class=\"e-con-inner\">\n\t\t\t\t<div class=\"elementor-element elementor-element-8229522 elementor-widget elementor-widget-heading\" data-id=\"8229522\" data-element_type=\"widget\" data-widget_type=\"heading.default\">\n\t\t\t\t<div class=\"elementor-widget-container\">\n\t\t\t\t\t<h3 class=\"elementor-heading-title elementor-size-default\">Importancia del n\u00famero VAT para tu negocio<\/h3>\t\t\t\t<\/div>\n\t\t\t\t<\/div>\n\t\t\t\t\t<\/div>\n\t\t\t\t<\/div>\n\t\t<div class=\"elementor-element elementor-element-b220c01 e-flex e-con-boxed e-con e-parent\" data-id=\"b220c01\" data-element_type=\"container\">\n\t\t\t\t\t<div class=\"e-con-inner\">\n\t\t\t\t<div class=\"elementor-element elementor-element-50e8ad5 elementor-widget elementor-widget-text-editor\" data-id=\"50e8ad5\" data-element_type=\"widget\" data-widget_type=\"text-editor.default\">\n\t\t\t\t<div class=\"elementor-widget-container\">\n\t\t\t\t\t\t\t\t\t<ul><li><p><strong>Cumplimiento legal<\/strong>: Registrarse y obtener un n\u00famero VAT es un requisito legal para las empresas que superan ciertos umbrales de ingresos. No tener este n\u00famero puede resultar en sanciones y multas significativas.<\/p><\/li><li><p><strong>Credibilidad y profesionalismo<\/strong>: Un n\u00famero VAT no solo demuestra que tu negocio est\u00e1 en conformidad con las leyes fiscales, sino que tambi\u00e9n aumenta tu credibilidad ante clientes y proveedores. Es una se\u00f1al de que tu empresa opera de manera profesional y transparente.<\/p><\/li><li><p><strong>Facilita las transacciones Internacionales<\/strong>: Si tu negocio se dedica a la importaci\u00f3n o exportaci\u00f3n de bienes y servicios dentro de la UE, el n\u00famero VAT es esencial. Permite la exenci\u00f3n de IVA en transacciones transfronterizas y facilita la declaraci\u00f3n y recuperaci\u00f3n del IVA pagado en otros pa\u00edses.<\/p><\/li><\/ul>\t\t\t\t\t\t\t\t<\/div>\n\t\t\t\t<\/div>\n\t\t\t\t\t<\/div>\n\t\t\t\t<\/div>\n\t\t<div class=\"elementor-element elementor-element-943c8f1 e-flex e-con-boxed e-con e-parent\" data-id=\"943c8f1\" data-element_type=\"container\">\n\t\t\t\t\t<div class=\"e-con-inner\">\n\t\t\t\t<div class=\"elementor-element elementor-element-06a7bbb elementor-widget elementor-widget-heading\" data-id=\"06a7bbb\" data-element_type=\"widget\" data-widget_type=\"heading.default\">\n\t\t\t\t<div class=\"elementor-widget-container\">\n\t\t\t\t\t<h3 class=\"elementor-heading-title elementor-size-default\">Beneficios de tener un n\u00famero VAT<\/h3>\t\t\t\t<\/div>\n\t\t\t\t<\/div>\n\t\t\t\t\t<\/div>\n\t\t\t\t<\/div>\n\t\t<div class=\"elementor-element elementor-element-e365bb2 e-flex e-con-boxed e-con e-parent\" data-id=\"e365bb2\" data-element_type=\"container\">\n\t\t\t\t\t<div class=\"e-con-inner\">\n\t\t\t\t<div class=\"elementor-element elementor-element-583025a elementor-widget elementor-widget-text-editor\" data-id=\"583025a\" data-element_type=\"widget\" data-widget_type=\"text-editor.default\">\n\t\t\t\t<div class=\"elementor-widget-container\">\n\t\t\t\t\t\t\t\t\t<ul><li><p><strong>Recuperaci\u00f3n del IVA<\/strong>: Las empresas registradas con un n\u00famero VAT pueden recuperar el IVA pagado en compras y gastos relacionados con la actividad comercial. Esto puede significar un ahorro significativo en costos operativos.<\/p><\/li><li><p><strong>Transparencia fiscal<\/strong>: Tener un n\u00famero VAT y cumplir con las obligaciones de IVA refuerza la transparencia de tu negocio. Esto puede mejorar tu relaci\u00f3n con las autoridades fiscales y facilitar auditor\u00edas o inspecciones fiscales.<\/p><\/li><li><p><strong>Mejor gesti\u00f3n financiera<\/strong>: La obligaci\u00f3n de llevar registros detallados de las transacciones sujetas a IVA impulsa a las empresas a mantener una contabilidad m\u00e1s rigurosa y precisa. Esto no solo ayuda en el cumplimiento fiscal, sino que tambi\u00e9n proporciona una visi\u00f3n m\u00e1s clara de la salud financiera del negocio.<\/p><\/li><li><p><strong>Acceso a nuevos mercados<\/strong>: Con un n\u00famero VAT, tu empresa puede participar m\u00e1s f\u00e1cilmente en el comercio internacional, accediendo a mercados que exigen este tipo de registro para la realizaci\u00f3n de transacciones comerciales.<\/p><\/li><\/ul>\t\t\t\t\t\t\t\t<\/div>\n\t\t\t\t<\/div>\n\t\t\t\t\t<\/div>\n\t\t\t\t<\/div>\n\t\t<div class=\"elementor-element elementor-element-7523948 e-flex e-con-boxed e-con e-parent\" data-id=\"7523948\" data-element_type=\"container\">\n\t\t\t\t\t<div class=\"e-con-inner\">\n\t\t\t\t<div class=\"elementor-element elementor-element-4b47a10 elementor-widget elementor-widget-heading\" data-id=\"4b47a10\" data-element_type=\"widget\" data-widget_type=\"heading.default\">\n\t\t\t\t<div class=\"elementor-widget-container\">\n\t\t\t\t\t<h3 class=\"elementor-heading-title elementor-size-default\">Casos Pr\u00e1cticos<\/h3>\t\t\t\t<\/div>\n\t\t\t\t<\/div>\n\t\t\t\t\t<\/div>\n\t\t\t\t<\/div>\n\t\t<div class=\"elementor-element elementor-element-4883a5f e-flex e-con-boxed e-con e-parent\" data-id=\"4883a5f\" data-element_type=\"container\">\n\t\t\t\t\t<div class=\"e-con-inner\">\n\t\t\t\t<div class=\"elementor-element elementor-element-b12aefa elementor-widget elementor-widget-text-editor\" data-id=\"b12aefa\" data-element_type=\"widget\" data-widget_type=\"text-editor.default\">\n\t\t\t\t<div class=\"elementor-widget-container\">\n\t\t\t\t\t\t\t\t\t<p>Para entender mejor c\u00f3mo el n\u00famero VAT puede beneficiar a diferentes tipos de negocios, consideremos algunos ejemplos pr\u00e1cticos:<\/p>\t\t\t\t\t\t\t\t<\/div>\n\t\t\t\t<\/div>\n\t\t\t\t\t<\/div>\n\t\t\t\t<\/div>\n\t\t<div class=\"elementor-element elementor-element-21b4817 e-flex e-con-boxed e-con e-parent\" data-id=\"21b4817\" data-element_type=\"container\">\n\t\t\t\t\t<div class=\"e-con-inner\">\n\t\t\t\t<div class=\"elementor-element elementor-element-0f4a8af elementor-widget elementor-widget-text-editor\" data-id=\"0f4a8af\" data-element_type=\"widget\" data-widget_type=\"text-editor.default\">\n\t\t\t\t<div class=\"elementor-widget-container\">\n\t\t\t\t\t\t\t\t\t<p><strong>\ud83d\uded2 Peque\u00f1a empresa de comercio electr\u00f3nico<\/strong>: Juan dirige una tienda en l\u00ednea que vende productos artesanales. Gracias a su n\u00famero VAT, Juan puede comprar materiales de otros pa\u00edses de la UE sin pagar IVA en origen, lo que reduce sus costos y aumenta su margen de beneficio.<\/p>\t\t\t\t\t\t\t\t<\/div>\n\t\t\t\t<\/div>\n\t\t\t\t\t<\/div>\n\t\t\t\t<\/div>\n\t\t<div class=\"elementor-element elementor-element-0ac8b49 e-flex e-con-boxed e-con e-parent\" data-id=\"0ac8b49\" data-element_type=\"container\">\n\t\t\t\t\t<div class=\"e-con-inner\">\n\t\t\t\t<div class=\"elementor-element elementor-element-ea3739a elementor-widget elementor-widget-spacer\" data-id=\"ea3739a\" data-element_type=\"widget\" data-widget_type=\"spacer.default\">\n\t\t\t\t<div class=\"elementor-widget-container\">\n\t\t\t\t\t\t\t<div class=\"elementor-spacer\">\n\t\t\t<div class=\"elementor-spacer-inner\"><\/div>\n\t\t<\/div>\n\t\t\t\t\t\t<\/div>\n\t\t\t\t<\/div>\n\t\t\t\t\t<\/div>\n\t\t\t\t<\/div>\n\t\t<div class=\"elementor-element elementor-element-e5f6ed7 e-flex e-con-boxed e-con e-parent\" data-id=\"e5f6ed7\" data-element_type=\"container\">\n\t\t\t\t\t<div class=\"e-con-inner\">\n\t\t\t\t<div class=\"elementor-element elementor-element-2aad1b9 elementor-widget elementor-widget-text-editor\" data-id=\"2aad1b9\" data-element_type=\"widget\" data-widget_type=\"text-editor.default\">\n\t\t\t\t<div class=\"elementor-widget-container\">\n\t\t\t\t\t\t\t\t\t<p><strong>\ud83c\udfaf Consultora mediana<\/strong>: Mar\u00eda es la directora de una consultora que ofrece servicios a clientes en varios pa\u00edses europeos. El n\u00famero VAT le permite facturar sin IVA a sus clientes internacionales y recuperar el IVA de sus gastos de viajes y servicios adquiridos en otros pa\u00edses de la UE.<\/p>\t\t\t\t\t\t\t\t<\/div>\n\t\t\t\t<\/div>\n\t\t\t\t\t<\/div>\n\t\t\t\t<\/div>\n\t\t<div class=\"elementor-element elementor-element-3b8aba3 e-flex e-con-boxed e-con e-parent\" data-id=\"3b8aba3\" data-element_type=\"container\">\n\t\t\t\t\t<div class=\"e-con-inner\">\n\t\t\t\t<div class=\"elementor-element elementor-element-6c1e448 elementor-widget elementor-widget-spacer\" data-id=\"6c1e448\" data-element_type=\"widget\" data-widget_type=\"spacer.default\">\n\t\t\t\t<div class=\"elementor-widget-container\">\n\t\t\t\t\t\t\t<div class=\"elementor-spacer\">\n\t\t\t<div class=\"elementor-spacer-inner\"><\/div>\n\t\t<\/div>\n\t\t\t\t\t\t<\/div>\n\t\t\t\t<\/div>\n\t\t\t\t\t<\/div>\n\t\t\t\t<\/div>\n\t\t<div class=\"elementor-element elementor-element-90282b7 e-flex e-con-boxed e-con e-parent\" data-id=\"90282b7\" data-element_type=\"container\">\n\t\t\t\t\t<div class=\"e-con-inner\">\n\t\t\t\t<div class=\"elementor-element elementor-element-1500165 elementor-widget elementor-widget-text-editor\" data-id=\"1500165\" data-element_type=\"widget\" data-widget_type=\"text-editor.default\">\n\t\t\t\t<div class=\"elementor-widget-container\">\n\t\t\t\t\t\t\t\t\t<p><strong>\ud83c\udfa8 Aut\u00f3nomo en servicios creativos<\/strong>: Luis es un dise\u00f1ador gr\u00e1fico aut\u00f3nomo que trabaja con clientes globales. Al tener un n\u00famero VAT, Luis puede presentar facturas profesionales que incluyen su n\u00famero VAT, incrementando la confianza de sus clientes y asegurando el cumplimiento fiscal en todas sus transacciones.<\/p>\t\t\t\t\t\t\t\t<\/div>\n\t\t\t\t<\/div>\n\t\t\t\t\t<\/div>\n\t\t\t\t<\/div>\n\t\t<div class=\"elementor-element elementor-element-1fdd608 e-flex e-con-boxed e-con e-parent\" data-id=\"1fdd608\" data-element_type=\"container\">\n\t\t\t\t\t<div class=\"e-con-inner\">\n\t\t\t\t<div class=\"elementor-element elementor-element-c14d1d1 elementor-widget elementor-widget-spacer\" data-id=\"c14d1d1\" data-element_type=\"widget\" data-widget_type=\"spacer.default\">\n\t\t\t\t<div class=\"elementor-widget-container\">\n\t\t\t\t\t\t\t<div class=\"elementor-spacer\">\n\t\t\t<div class=\"elementor-spacer-inner\"><\/div>\n\t\t<\/div>\n\t\t\t\t\t\t<\/div>\n\t\t\t\t<\/div>\n\t\t\t\t\t<\/div>\n\t\t\t\t<\/div>\n\t\t<div class=\"elementor-element elementor-element-5b3d78cb e-flex e-con-boxed e-con e-parent\" data-id=\"5b3d78cb\" data-element_type=\"container\" data-settings=\"{&quot;background_background&quot;:&quot;classic&quot;}\">\n\t\t\t\t\t<div class=\"e-con-inner\">\n\t\t<div class=\"elementor-element elementor-element-dd839bd e-con-full e-flex e-con e-child\" data-id=\"dd839bd\" data-element_type=\"container\">\n\t\t<div class=\"elementor-element elementor-element-28e59e2b e-flex e-con-boxed e-con e-child\" data-id=\"28e59e2b\" data-element_type=\"container\">\n\t\t\t\t\t<div class=\"e-con-inner\">\n\t\t\t\t<div class=\"elementor-element elementor-element-6735058 elementor-widget elementor-widget-heading\" data-id=\"6735058\" data-element_type=\"widget\" data-widget_type=\"heading.default\">\n\t\t\t\t<div class=\"elementor-widget-container\">\n\t\t\t\t\t<h3 class=\"elementor-heading-title elementor-size-default\">Herramientas para impulsar<br>tu negocio<\/h3>\t\t\t\t<\/div>\n\t\t\t\t<\/div>\n\t\t\t\t<div class=\"elementor-element elementor-element-4d98d444 elementor-widget elementor-widget-text-editor\" data-id=\"4d98d444\" data-element_type=\"widget\" data-widget_type=\"text-editor.default\">\n\t\t\t\t<div class=\"elementor-widget-container\">\n\t\t\t\t\t\t\t\t\t<p>FinanEDI es la soluci\u00f3n en la nube gratuita que permite automatizar y optimizar los procesos financieros, contables y administrativos de tu negocio.<\/p>\t\t\t\t\t\t\t\t<\/div>\n\t\t\t\t<\/div>\n\t\t\t\t<div class=\"elementor-element elementor-element-539aa8c0 elementor-widget elementor-widget-button\" data-id=\"539aa8c0\" data-element_type=\"widget\" data-widget_type=\"button.default\">\n\t\t\t\t<div class=\"elementor-widget-container\">\n\t\t\t\t\t\t\t\t\t<div class=\"elementor-button-wrapper\">\n\t\t\t\t\t<a class=\"elementor-button elementor-button-link elementor-size-md\" href=\"https:\/\/finanedi.es\/\" target=\"_blank\">\n\t\t\t\t\t\t<span class=\"elementor-button-content-wrapper\">\n\t\t\t\t\t\t\t\t\t<span class=\"elementor-button-text\">Crear cuenta gratis<\/span>\n\t\t\t\t\t<\/span>\n\t\t\t\t\t<\/a>\n\t\t\t\t<\/div>\n\t\t\t\t\t\t\t\t<\/div>\n\t\t\t\t<\/div>\n\t\t\t\t\t<\/div>\n\t\t\t\t<\/div>\n\t\t\t\t<\/div>\n\t\t<div class=\"elementor-element elementor-element-79523a3d e-con-full e-flex e-con e-child\" data-id=\"79523a3d\" data-element_type=\"container\">\n\t\t\t\t<div class=\"elementor-element elementor-element-1b64e9a4 elementor-widget elementor-widget-image\" data-id=\"1b64e9a4\" data-element_type=\"widget\" data-widget_type=\"image.default\">\n\t\t\t\t<div class=\"elementor-widget-container\">\n\t\t\t\t\t\t\t\t\t\t\t\t\t\t\t<img fetchpriority=\"high\" decoding=\"async\" width=\"300\" height=\"233\" src=\"https:\/\/finanedi.es\/blog\/contenido\/uploads\/2024\/09\/Dashborad_00115-300x233.png\" class=\"attachment-medium size-medium wp-image-5370\" alt=\"Herramientas para impulsar tu negocio - FinanEDI\" srcset=\"https:\/\/finanedi.es\/blog\/contenido\/uploads\/2024\/09\/Dashborad_00115-300x233.png 300w, https:\/\/finanedi.es\/blog\/contenido\/uploads\/2024\/09\/Dashborad_00115-768x597.png 768w, https:\/\/finanedi.es\/blog\/contenido\/uploads\/2024\/09\/Dashborad_00115.png 900w\" sizes=\"(max-width: 300px) 100vw, 300px\" \/>\t\t\t\t\t\t\t\t\t\t\t\t\t\t\t<\/div>\n\t\t\t\t<\/div>\n\t\t\t\t<\/div>\n\t\t\t\t\t<\/div>\n\t\t\t\t<\/div>\n\t\t<div class=\"elementor-element elementor-element-1c0a335 e-flex e-con-boxed e-con e-parent\" data-id=\"1c0a335\" data-element_type=\"container\">\n\t\t\t\t\t<div class=\"e-con-inner\">\n\t\t\t\t<div class=\"elementor-element elementor-element-f73171b elementor-widget elementor-widget-spacer\" data-id=\"f73171b\" data-element_type=\"widget\" data-widget_type=\"spacer.default\">\n\t\t\t\t<div class=\"elementor-widget-container\">\n\t\t\t\t\t\t\t<div class=\"elementor-spacer\">\n\t\t\t<div class=\"elementor-spacer-inner\"><\/div>\n\t\t<\/div>\n\t\t\t\t\t\t<\/div>\n\t\t\t\t<\/div>\n\t\t\t\t\t<\/div>\n\t\t\t\t<\/div>\n\t\t<div class=\"elementor-element elementor-element-16ad5f0 e-flex e-con-boxed e-con e-parent\" data-id=\"16ad5f0\" data-element_type=\"container\">\n\t\t\t\t\t<div class=\"e-con-inner\">\n\t\t\t\t<div class=\"elementor-element elementor-element-dff992c elementor-widget elementor-widget-text-editor\" data-id=\"dff992c\" data-element_type=\"widget\" data-widget_type=\"text-editor.default\">\n\t\t\t\t<div class=\"elementor-widget-container\">\n\t\t\t\t\t\t\t\t\t<p>Obtener y utilizar correctamente un n\u00famero VAT es esencial para el \u00e9xito y la legalidad de tu negocio. No solo te permite cumplir con las regulaciones fiscales, sino que tambi\u00e9n aporta m\u00faltiples beneficios financieros y operativos. Desde mejorar tu credibilidad hasta facilitar el comercio internacional, el n\u00famero VAT es una herramienta poderosa para peque\u00f1as empresas, empresas medianas y aut\u00f3nomos que buscan crecer y prosperar en un entorno competitivo.<\/p><p>Para cualquier negocio, entender y gestionar adecuadamente el n\u00famero VAT puede marcar la diferencia entre el \u00e9xito y el fracaso. Aseg\u00farate de estar bien informado y de cumplir con todas las obligaciones fiscales para aprovechar al m\u00e1ximo las ventajas que este n\u00famero puede ofrecer.<\/p>\t\t\t\t\t\t\t\t<\/div>\n\t\t\t\t<\/div>\n\t\t\t\t\t<\/div>\n\t\t\t\t<\/div>\n\t\t<div class=\"elementor-element elementor-element-6cb1527 e-flex e-con-boxed e-con e-parent\" data-id=\"6cb1527\" data-element_type=\"container\">\n\t\t\t\t\t<div class=\"e-con-inner\">\n\t\t\t\t<div class=\"elementor-element elementor-element-d844c40 elementor-widget elementor-widget-spacer\" data-id=\"d844c40\" data-element_type=\"widget\" data-widget_type=\"spacer.default\">\n\t\t\t\t<div class=\"elementor-widget-container\">\n\t\t\t\t\t\t\t<div class=\"elementor-spacer\">\n\t\t\t<div class=\"elementor-spacer-inner\"><\/div>\n\t\t<\/div>\n\t\t\t\t\t\t<\/div>\n\t\t\t\t<\/div>\n\t\t\t\t\t<\/div>\n\t\t\t\t<\/div>\n\t\t<div class=\"elementor-element elementor-element-4ef2227 e-flex e-con-boxed e-con e-parent\" data-id=\"4ef2227\" data-element_type=\"container\">\n\t\t\t\t\t<div class=\"e-con-inner\">\n\t\t\t\t<div class=\"elementor-element elementor-element-c1de7c2 elementor-widget elementor-widget-heading\" data-id=\"c1de7c2\" data-element_type=\"widget\" data-widget_type=\"heading.default\">\n\t\t\t\t<div class=\"elementor-widget-container\">\n\t\t\t\t\t<h3 class=\"elementor-heading-title elementor-size-default\">5 Preguntas frecuentes sobre el n\u00famero VAT<\/h3>\t\t\t\t<\/div>\n\t\t\t\t<\/div>\n\t\t\t\t\t<\/div>\n\t\t\t\t<\/div>\n\t\t<div class=\"elementor-element elementor-element-6d05624 e-flex e-con-boxed e-con e-parent\" data-id=\"6d05624\" data-element_type=\"container\">\n\t\t\t\t\t<div class=\"e-con-inner\">\n\t\t\t\t<div class=\"elementor-element elementor-element-891d728 elementor-widget elementor-widget-spacer\" data-id=\"891d728\" data-element_type=\"widget\" data-widget_type=\"spacer.default\">\n\t\t\t\t<div class=\"elementor-widget-container\">\n\t\t\t\t\t\t\t<div class=\"elementor-spacer\">\n\t\t\t<div class=\"elementor-spacer-inner\"><\/div>\n\t\t<\/div>\n\t\t\t\t\t\t<\/div>\n\t\t\t\t<\/div>\n\t\t\t\t\t<\/div>\n\t\t\t\t<\/div>\n\t\t<div class=\"elementor-element elementor-element-a986860 e-flex e-con-boxed e-con e-parent\" data-id=\"a986860\" data-element_type=\"container\">\n\t\t\t\t\t<div class=\"e-con-inner\">\n\t\t\t\t<div class=\"elementor-element elementor-element-560c65e elementor-widget elementor-widget-heading\" data-id=\"560c65e\" data-element_type=\"widget\" data-widget_type=\"heading.default\">\n\t\t\t\t<div class=\"elementor-widget-container\">\n\t\t\t\t\t<h4 class=\"elementor-heading-title elementor-size-default\">\u00bfQui\u00e9n necesita un n\u00famero VAT?<\/h4>\t\t\t\t<\/div>\n\t\t\t\t<\/div>\n\t\t\t\t\t<\/div>\n\t\t\t\t<\/div>\n\t\t<div class=\"elementor-element elementor-element-9e3c00b e-flex e-con-boxed e-con e-parent\" data-id=\"9e3c00b\" data-element_type=\"container\">\n\t\t\t\t\t<div class=\"e-con-inner\">\n\t\t\t\t<div class=\"elementor-element elementor-element-81292f6 elementor-widget elementor-widget-text-editor\" data-id=\"81292f6\" data-element_type=\"widget\" data-widget_type=\"text-editor.default\">\n\t\t\t\t<div class=\"elementor-widget-container\">\n\t\t\t\t\t\t\t\t\t<p>odas las empresas y aut\u00f3nomos que realizan actividades comerciales sujetas a IVA y que superan ciertos umbrales de ingresos deben registrarse para obtener un n\u00famero VAT. Esto incluye tanto a negocios que venden bienes como a aquellos que prestan servicios dentro de la Uni\u00f3n Europea.<\/p>\t\t\t\t\t\t\t\t<\/div>\n\t\t\t\t<\/div>\n\t\t\t\t\t<\/div>\n\t\t\t\t<\/div>\n\t\t<div class=\"elementor-element elementor-element-9b5d1f6 e-flex e-con-boxed e-con e-parent\" data-id=\"9b5d1f6\" data-element_type=\"container\">\n\t\t\t\t\t<div class=\"e-con-inner\">\n\t\t\t\t<div class=\"elementor-element elementor-element-fb044dd elementor-widget elementor-widget-heading\" data-id=\"fb044dd\" data-element_type=\"widget\" data-widget_type=\"heading.default\">\n\t\t\t\t<div class=\"elementor-widget-container\">\n\t\t\t\t\t<h4 class=\"elementor-heading-title elementor-size-default\">\u00bfPuedo operar sin un n\u00famero VAT?<\/h4>\t\t\t\t<\/div>\n\t\t\t\t<\/div>\n\t\t\t\t\t<\/div>\n\t\t\t\t<\/div>\n\t\t<div class=\"elementor-element elementor-element-cbe76a7 e-flex e-con-boxed e-con e-parent\" data-id=\"cbe76a7\" data-element_type=\"container\">\n\t\t\t\t\t<div class=\"e-con-inner\">\n\t\t\t\t<div class=\"elementor-element elementor-element-3219c68 elementor-widget elementor-widget-text-editor\" data-id=\"3219c68\" data-element_type=\"widget\" data-widget_type=\"text-editor.default\">\n\t\t\t\t<div class=\"elementor-widget-container\">\n\t\t\t\t\t\t\t\t\t<p>Si tu negocio no supera el umbral de ingresos especificado por las autoridades fiscales de tu pa\u00eds, puedes operar sin un n\u00famero VAT. Sin embargo, obtener un n\u00famero VAT puede ofrecerte beneficios como la posibilidad de recuperar el IVA pagado en tus compras y la credibilidad adicional ante tus clientes y proveedores.<\/p>\t\t\t\t\t\t\t\t<\/div>\n\t\t\t\t<\/div>\n\t\t\t\t\t<\/div>\n\t\t\t\t<\/div>\n\t\t<div class=\"elementor-element elementor-element-28723a3 e-flex e-con-boxed e-con e-parent\" data-id=\"28723a3\" data-element_type=\"container\">\n\t\t\t\t\t<div class=\"e-con-inner\">\n\t\t\t\t<div class=\"elementor-element elementor-element-07a4110 elementor-widget elementor-widget-heading\" data-id=\"07a4110\" data-element_type=\"widget\" data-widget_type=\"heading.default\">\n\t\t\t\t<div class=\"elementor-widget-container\">\n\t\t\t\t\t<h4 class=\"elementor-heading-title elementor-size-default\">\u00bfC\u00f3mo puedo verificar el n\u00famero VAT de un cliente o proveedor<\/h4>\t\t\t\t<\/div>\n\t\t\t\t<\/div>\n\t\t\t\t\t<\/div>\n\t\t\t\t<\/div>\n\t\t<div class=\"elementor-element elementor-element-1f39b13 e-flex e-con-boxed e-con e-parent\" data-id=\"1f39b13\" data-element_type=\"container\">\n\t\t\t\t\t<div class=\"e-con-inner\">\n\t\t\t\t<div class=\"elementor-element elementor-element-c39926f elementor-widget elementor-widget-text-editor\" data-id=\"c39926f\" data-element_type=\"widget\" data-widget_type=\"text-editor.default\">\n\t\t\t\t<div class=\"elementor-widget-container\">\n\t\t\t\t\t\t\t\t\t<p>Puedes verificar el n\u00famero VAT de un cliente o proveedor utilizando el sistema VIES (VAT Information Exchange System) de la Uni\u00f3n Europea. Este servicio en l\u00ednea te permite comprobar la validez del n\u00famero VAT en tiempo real, asegurando que est\u00e1s tratando con una entidad registrada y conforme con las normativas fiscales.<\/p>\t\t\t\t\t\t\t\t<\/div>\n\t\t\t\t<\/div>\n\t\t\t\t\t<\/div>\n\t\t\t\t<\/div>\n\t\t<div class=\"elementor-element elementor-element-fa14dd9 e-flex e-con-boxed e-con e-parent\" data-id=\"fa14dd9\" data-element_type=\"container\">\n\t\t\t\t\t<div class=\"e-con-inner\">\n\t\t\t\t<div class=\"elementor-element elementor-element-159059d elementor-widget elementor-widget-heading\" data-id=\"159059d\" data-element_type=\"widget\" data-widget_type=\"heading.default\">\n\t\t\t\t<div class=\"elementor-widget-container\">\n\t\t\t\t\t<h4 class=\"elementor-heading-title elementor-size-default\">\u00bfQu\u00e9 debo hacer si mi n\u00famero VAT es rechazado?<\/h4>\t\t\t\t<\/div>\n\t\t\t\t<\/div>\n\t\t\t\t\t<\/div>\n\t\t\t\t<\/div>\n\t\t<div class=\"elementor-element elementor-element-e165b69 e-flex e-con-boxed e-con e-parent\" data-id=\"e165b69\" data-element_type=\"container\">\n\t\t\t\t\t<div class=\"e-con-inner\">\n\t\t\t\t<div class=\"elementor-element elementor-element-afdbc1a elementor-widget elementor-widget-text-editor\" data-id=\"afdbc1a\" data-element_type=\"widget\" data-widget_type=\"text-editor.default\">\n\t\t\t\t<div class=\"elementor-widget-container\">\n\t\t\t\t\t\t\t\t\t<p>Si tu n\u00famero VAT es rechazado, primero verifica que lo has introducido correctamente y que est\u00e1s utilizando el formato adecuado para tu pa\u00eds. Si el problema persiste, contacta a la autoridad fiscal correspondiente para asegurarte de que tu registro est\u00e1 activo y en orden.<\/p>\t\t\t\t\t\t\t\t<\/div>\n\t\t\t\t<\/div>\n\t\t\t\t\t<\/div>\n\t\t\t\t<\/div>\n\t\t<div class=\"elementor-element elementor-element-9530094 e-flex e-con-boxed e-con e-parent\" data-id=\"9530094\" data-element_type=\"container\">\n\t\t\t\t\t<div class=\"e-con-inner\">\n\t\t\t\t<div class=\"elementor-element elementor-element-475a73c elementor-widget elementor-widget-heading\" data-id=\"475a73c\" data-element_type=\"widget\" data-widget_type=\"heading.default\">\n\t\t\t\t<div class=\"elementor-widget-container\">\n\t\t\t\t\t<h4 class=\"elementor-heading-title elementor-size-default\">\u00bfC\u00f3mo afecta el n\u00famero VAT a mis declaraciones fiscales?<\/h4>\t\t\t\t<\/div>\n\t\t\t\t<\/div>\n\t\t\t\t\t<\/div>\n\t\t\t\t<\/div>\n\t\t<div class=\"elementor-element elementor-element-54b8f71 e-flex e-con-boxed e-con e-parent\" data-id=\"54b8f71\" data-element_type=\"container\">\n\t\t\t\t\t<div class=\"e-con-inner\">\n\t\t\t\t<div class=\"elementor-element elementor-element-7211838 elementor-widget elementor-widget-text-editor\" data-id=\"7211838\" data-element_type=\"widget\" data-widget_type=\"text-editor.default\">\n\t\t\t\t<div class=\"elementor-widget-container\">\n\t\t\t\t\t\t\t\t\t<p>El n\u00famero VAT es crucial para tus declaraciones fiscales de IVA. Deber\u00e1s incluirlo en todas tus facturas y llevar un registro detallado de las transacciones sujetas a IVA. Esto te permitir\u00e1 calcular correctamente el IVA a pagar y el IVA a recuperar, facilitando el proceso de declaraci\u00f3n y cumplimiento fiscal.<\/p>\t\t\t\t\t\t\t\t<\/div>\n\t\t\t\t<\/div>\n\t\t\t\t\t<\/div>\n\t\t\t\t<\/div>\n\t\t<div class=\"elementor-element elementor-element-34599b9f e-flex e-con-boxed e-con e-parent\" data-id=\"34599b9f\" data-element_type=\"container\">\n\t\t\t\t\t<div class=\"e-con-inner\">\n\t\t<div class=\"elementor-element elementor-element-581de774 e-con-full e-flex e-con e-child\" data-id=\"581de774\" data-element_type=\"container\">\n\t\t\t\t<div class=\"elementor-element elementor-element-6e7d15c4 elementor-widget elementor-widget-spacer\" data-id=\"6e7d15c4\" data-element_type=\"widget\" data-widget_type=\"spacer.default\">\n\t\t\t\t<div class=\"elementor-widget-container\">\n\t\t\t\t\t\t\t<div class=\"elementor-spacer\">\n\t\t\t<div class=\"elementor-spacer-inner\"><\/div>\n\t\t<\/div>\n\t\t\t\t\t\t<\/div>\n\t\t\t\t<\/div>\n\t\t\t\t<\/div>\n\t\t<div class=\"elementor-element elementor-element-2b3e3184 e-con-full e-flex e-con e-child\" data-id=\"2b3e3184\" data-element_type=\"container\">\n\t\t\t\t<div class=\"elementor-element elementor-element-4b00a36d elementor-widget elementor-widget-heading\" data-id=\"4b00a36d\" data-element_type=\"widget\" data-widget_type=\"heading.default\">\n\t\t\t\t<div class=\"elementor-widget-container\">\n\t\t\t\t\t<h3 class=\"elementor-heading-title elementor-size-default\">No te pierdas...<\/h3>\t\t\t\t<\/div>\n\t\t\t\t<\/div>\n\t\t\t\t<\/div>\n\t\t<div class=\"elementor-element elementor-element-3ead4c01 e-con-full e-flex e-con e-child\" data-id=\"3ead4c01\" data-element_type=\"container\">\n\t\t\t\t<div class=\"elementor-element elementor-element-79073431 elementor-widget elementor-widget-katen-post-five\" data-id=\"79073431\" data-element_type=\"widget\" data-widget_type=\"katen-post-five.default\">\n\t\t\t\t<div class=\"elementor-widget-container\">\n\t\t\t\t\t\t\t<div class=\"padding-30 rounded bordered\">\n\n\t\t\t<div class=\"row infinite-wrapper\">\n\n\t\t\t\n\t\t\t\t<div class=\"col-md-12 col-sm-6 post-list-item post-item\">\n\t\t\t\t\t<!-- post -->\n\t\t\t\t\t<div class=\"post post-list clearfix\">\n\n\t\t\t\t\t\t<div class=\"thumb rounded\"><div class=\"inner\"><a href=\"https:\/\/finanedi.es\/blog\/5-tips-para-estar-preparado-para-verifactu\/\"><img decoding=\"async\" width=\"330\" height=\"250\" src=\"https:\/\/finanedi.es\/blog\/contenido\/uploads\/2025\/10\/5-tips-para-estar-preparado-para-VeriFactu-330x250.jpg\" class=\"attachment-katen-thumb-list size-katen-thumb-list wp-post-image\" alt=\"5 tips para estar preparado para VeriFactu\" \/><\/a><\/div><\/div>  \n\n\t\t\t\t\t\t<div class=\"details clearfix\">\n\t\t\t\t\t\t\t<ul class=\"meta list-inline mb-3\">\n\t\t\t\t\t\t\t\t<li class=\"list-inline-item\"><a href=\"https:\/\/finanedi.es\/blog\/category\/facturacion\/\">Facturaci\u00f3n<\/a><\/li>\t\t\t\t\t\t\t<\/ul>\n\t\t\t\t\t\t\t<h5 class=\"post-title\"><a href=\"https:\/\/finanedi.es\/blog\/5-tips-para-estar-preparado-para-verifactu\/\">5 tips para estar preparado para VeriFactu<\/a><\/h5>\n\t\t\t\t\t\t\t<p class=\"excerpt mb-0\">\n\t\t\t\t\t\t\t\tLa facturaci\u00f3n electr\u00f3nica est\u00e1 viviendo una transformaci\u00f3n decisiva con la llegada de VeriFactu, el nuevo&hellip;\t\t\t\t\t\t\t<\/p>\n\t\t\t\t\t\t\t<div class=\"post-bottom clearfix d-flex align-items-center\">\n\t\t\t\t\t\t\t\t\t\t\t\t\t\t\t\t\t\t\t\t\t\t\t<\/div>\n\t\t\t\t\t\t<\/div>\n\t\t\t\t\t<\/div>\n\t\t\t\t<\/div>\n\n\t\t\t\n\t\t\t\t<div class=\"col-md-12 col-sm-6 post-list-item post-item\">\n\t\t\t\t\t<!-- post -->\n\t\t\t\t\t<div class=\"post post-list clearfix\">\n\n\t\t\t\t\t\t<div class=\"thumb rounded\"><div class=\"inner\"><a href=\"https:\/\/finanedi.es\/blog\/que-sanciones-existen-por-no-emitir-factura-electronica\/\"><img decoding=\"async\" width=\"330\" height=\"250\" src=\"https:\/\/finanedi.es\/blog\/contenido\/uploads\/2025\/10\/Que-sanciones-existen-por-no-emitir-factura-electronica-330x250.jpg\" class=\"attachment-katen-thumb-list size-katen-thumb-list wp-post-image\" alt=\"Qu\u00e9 sanciones existen por no emitir factura electr\u00f3nica\" \/><\/a><\/div><\/div>  \n\n\t\t\t\t\t\t<div class=\"details clearfix\">\n\t\t\t\t\t\t\t<ul class=\"meta list-inline mb-3\">\n\t\t\t\t\t\t\t\t<li class=\"list-inline-item\"><a href=\"https:\/\/finanedi.es\/blog\/category\/facturacion\/\">Facturaci\u00f3n<\/a><\/li>\t\t\t\t\t\t\t<\/ul>\n\t\t\t\t\t\t\t<h5 class=\"post-title\"><a href=\"https:\/\/finanedi.es\/blog\/que-sanciones-existen-por-no-emitir-factura-electronica\/\">Qu\u00e9 sanciones existen por no emitir factura electr\u00f3nica<\/a><\/h5>\n\t\t\t\t\t\t\t<p class=\"excerpt mb-0\">\n\t\t\t\t\t\t\t\tLa factura electr\u00f3nica ya no es una opci\u00f3n, sino una obligaci\u00f3n para la mayor\u00eda de&hellip;\t\t\t\t\t\t\t<\/p>\n\t\t\t\t\t\t\t<div class=\"post-bottom clearfix d-flex align-items-center\">\n\t\t\t\t\t\t\t\t\t\t\t\t\t\t\t\t\t\t\t\t\t\t\t<\/div>\n\t\t\t\t\t\t<\/div>\n\t\t\t\t\t<\/div>\n\t\t\t\t<\/div>\n\n\t\t\t\n\t\t\t\t<div class=\"col-md-12 col-sm-6 post-list-item post-item\">\n\t\t\t\t\t<!-- post -->\n\t\t\t\t\t<div class=\"post post-list clearfix\">\n\n\t\t\t\t\t\t<div class=\"thumb rounded\"><div class=\"inner\"><a href=\"https:\/\/finanedi.es\/blog\/que-gastos-son-deducibles-para-autonomos-y-empresas\/\"><img loading=\"lazy\" decoding=\"async\" width=\"330\" height=\"250\" src=\"https:\/\/finanedi.es\/blog\/contenido\/uploads\/2025\/10\/Que-gastos-son-deducibles-para-autonomos-y-empresas-330x250.jpg\" class=\"attachment-katen-thumb-list size-katen-thumb-list wp-post-image\" alt=\"Qu\u00e9 gastos son deducibles para aut\u00f3nomos y empresas\" \/><\/a><\/div><\/div>  \n\n\t\t\t\t\t\t<div class=\"details clearfix\">\n\t\t\t\t\t\t\t<ul class=\"meta list-inline mb-3\">\n\t\t\t\t\t\t\t\t<li class=\"list-inline-item\"><a href=\"https:\/\/finanedi.es\/blog\/category\/contabilidad\/\">Contabilidad<\/a><\/li>\t\t\t\t\t\t\t<\/ul>\n\t\t\t\t\t\t\t<h5 class=\"post-title\"><a href=\"https:\/\/finanedi.es\/blog\/que-gastos-son-deducibles-para-autonomos-y-empresas\/\">Qu\u00e9 gastos son deducibles para aut\u00f3nomos y empresas<\/a><\/h5>\n\t\t\t\t\t\t\t<p class=\"excerpt mb-0\">\n\t\t\t\t\t\t\t\tLlevar la contabilidad al d\u00eda no es solo una cuesti\u00f3n de orden: tambi\u00e9n puede marcar&hellip;\t\t\t\t\t\t\t<\/p>\n\t\t\t\t\t\t\t<div class=\"post-bottom clearfix d-flex align-items-center\">\n\t\t\t\t\t\t\t\t\t\t\t\t\t\t\t\t\t\t\t\t\t\t\t<\/div>\n\t\t\t\t\t\t<\/div>\n\t\t\t\t\t<\/div>\n\t\t\t\t<\/div>\n\n\t\t\t\n\t\t\t\t<div class=\"col-md-12 col-sm-6 post-list-item post-item\">\n\t\t\t\t\t<!-- post -->\n\t\t\t\t\t<div class=\"post post-list clearfix\">\n\n\t\t\t\t\t\t<div class=\"thumb rounded\"><div class=\"inner\"><a href=\"https:\/\/finanedi.es\/blog\/que-debe-incluir-una-factura-electronica-segun-la-ley\/\"><img loading=\"lazy\" decoding=\"async\" width=\"330\" height=\"250\" src=\"https:\/\/finanedi.es\/blog\/contenido\/uploads\/2025\/10\/Que-debe-incluir-una-factura-electronica-segun-la-ley-330x250.jpg\" class=\"attachment-katen-thumb-list size-katen-thumb-list wp-post-image\" alt=\"Qu\u00e9 debe incluir una factura electr\u00f3nica seg\u00fan la ley\" \/><\/a><\/div><\/div>  \n\n\t\t\t\t\t\t<div class=\"details clearfix\">\n\t\t\t\t\t\t\t<ul class=\"meta list-inline mb-3\">\n\t\t\t\t\t\t\t\t<li class=\"list-inline-item\"><a href=\"https:\/\/finanedi.es\/blog\/category\/facturacion\/\">Facturaci\u00f3n<\/a><\/li>\t\t\t\t\t\t\t<\/ul>\n\t\t\t\t\t\t\t<h5 class=\"post-title\"><a href=\"https:\/\/finanedi.es\/blog\/que-debe-incluir-una-factura-electronica-segun-la-ley\/\">Qu\u00e9 debe incluir una factura electr\u00f3nica seg\u00fan la ley<\/a><\/h5>\n\t\t\t\t\t\t\t<p class=\"excerpt mb-0\">\n\t\t\t\t\t\t\t\tLa factura electr\u00f3nica ya no es el futuro: es el presente obligatorio para aut\u00f3nomos y&hellip;\t\t\t\t\t\t\t<\/p>\n\t\t\t\t\t\t\t<div class=\"post-bottom clearfix d-flex align-items-center\">\n\t\t\t\t\t\t\t\t\t\t\t\t\t\t\t\t\t\t\t\t\t\t\t<\/div>\n\t\t\t\t\t\t<\/div>\n\t\t\t\t\t<\/div>\n\t\t\t\t<\/div>\n\n\t\t\t\n\t\t\t<\/div>\n\n\t\t<\/div>\n\t\t\n        \t\t\t\t<\/div>\n\t\t\t\t<\/div>\n\t\t\t\t<\/div>\n\t\t\t\t\t<\/div>\n\t\t\t\t<\/div>\n\t\t\t\t<\/div>\n\t\t","protected":false},"excerpt":{"rendered":"<p>El n\u00famero VAT (Value Added Tax) o n\u00famero de identificaci\u00f3n de IVA es un elemento crucial en el \u00e1mbito fiscal y contable para cualquier negocio, desde aut\u00f3nomos hasta grandes corporaciones.<\/p>\n","protected":false},"author":3,"featured_media":5882,"comment_status":"closed","ping_status":"open","sticky":false,"template":"","format":"standard","meta":{"_monsterinsights_skip_tracking":false,"_monsterinsights_sitenote_active":false,"_monsterinsights_sitenote_note":"","_monsterinsights_sitenote_category":0,"footnotes":""},"categories":[6],"tags":[],"class_list":["post-5875","post","type-post","status-publish","format-standard","has-post-thumbnail","hentry","category-contabilidad"],"yoast_head":"<!-- This site is optimized with the Yoast SEO plugin v26.2 - https:\/\/yoast.com\/wordpress\/plugins\/seo\/ -->\n<title>Comprendiendo el N\u00famero VAT<\/title>\n<meta name=\"description\" content=\"Comprende la importancia del n\u00famero VAT para tu negocio, c\u00f3mo obtenerlo y sus beneficios para PYMES y aut\u00f3nomos.\" \/>\n<meta name=\"robots\" content=\"index, follow, max-snippet:-1, max-image-preview:large, max-video-preview:-1\" \/>\n<link rel=\"canonical\" href=\"https:\/\/finanedi.es\/blog\/vat-number-que-es\/\" \/>\n<meta property=\"og:locale\" content=\"es_ES\" \/>\n<meta property=\"og:type\" content=\"article\" \/>\n<meta property=\"og:title\" content=\"Comprendiendo el N\u00famero VAT\" \/>\n<meta property=\"og:description\" content=\"Comprende la importancia del n\u00famero VAT para tu negocio, c\u00f3mo obtenerlo y sus beneficios para PYMES y aut\u00f3nomos.\" \/>\n<meta property=\"og:url\" content=\"https:\/\/finanedi.es\/blog\/vat-number-que-es\/\" \/>\n<meta property=\"og:site_name\" content=\"Blog para pymes y aut\u00f3nomos - FinanEDI\" \/>\n<meta property=\"article:published_time\" content=\"2024-10-07T12:06:00+00:00\" \/>\n<meta property=\"og:image\" content=\"https:\/\/finanedi.es\/blog\/contenido\/uploads\/2024\/10\/Numero-VAT.jpg\" \/>\n\t<meta property=\"og:image:width\" content=\"1580\" \/>\n\t<meta property=\"og:image:height\" content=\"960\" \/>\n\t<meta property=\"og:image:type\" content=\"image\/jpeg\" \/>\n<meta name=\"author\" content=\"restevez\" \/>\n<meta name=\"twitter:card\" content=\"summary_large_image\" \/>\n<meta name=\"twitter:label1\" content=\"Escrito por\" \/>\n\t<meta name=\"twitter:data1\" content=\"restevez\" \/>\n\t<meta name=\"twitter:label2\" content=\"Tiempo de lectura\" \/>\n\t<meta name=\"twitter:data2\" content=\"7 minutos\" \/>\n<script type=\"application\/ld+json\" class=\"yoast-schema-graph\">{\"@context\":\"https:\/\/schema.org\",\"@graph\":[{\"@type\":\"Article\",\"@id\":\"https:\/\/finanedi.es\/blog\/vat-number-que-es\/#article\",\"isPartOf\":{\"@id\":\"https:\/\/finanedi.es\/blog\/vat-number-que-es\/\"},\"author\":{\"name\":\"restevez\",\"@id\":\"https:\/\/finanedi.es\/blog\/#\/schema\/person\/233ed58195d34f36f74f13ba1030ebd8\"},\"headline\":\"Comprendiendo el N\u00famero VAT\",\"datePublished\":\"2024-10-07T12:06:00+00:00\",\"mainEntityOfPage\":{\"@id\":\"https:\/\/finanedi.es\/blog\/vat-number-que-es\/\"},\"wordCount\":1180,\"publisher\":{\"@id\":\"https:\/\/finanedi.es\/blog\/#organization\"},\"image\":{\"@id\":\"https:\/\/finanedi.es\/blog\/vat-number-que-es\/#primaryimage\"},\"thumbnailUrl\":\"https:\/\/finanedi.es\/blog\/contenido\/uploads\/2024\/10\/Numero-VAT.jpg\",\"articleSection\":[\"Contabilidad\"],\"inLanguage\":\"es\"},{\"@type\":\"WebPage\",\"@id\":\"https:\/\/finanedi.es\/blog\/vat-number-que-es\/\",\"url\":\"https:\/\/finanedi.es\/blog\/vat-number-que-es\/\",\"name\":\"Comprendiendo el N\u00famero VAT\",\"isPartOf\":{\"@id\":\"https:\/\/finanedi.es\/blog\/#website\"},\"primaryImageOfPage\":{\"@id\":\"https:\/\/finanedi.es\/blog\/vat-number-que-es\/#primaryimage\"},\"image\":{\"@id\":\"https:\/\/finanedi.es\/blog\/vat-number-que-es\/#primaryimage\"},\"thumbnailUrl\":\"https:\/\/finanedi.es\/blog\/contenido\/uploads\/2024\/10\/Numero-VAT.jpg\",\"datePublished\":\"2024-10-07T12:06:00+00:00\",\"description\":\"Comprende la importancia del n\u00famero VAT para tu negocio, c\u00f3mo obtenerlo y sus beneficios para PYMES y aut\u00f3nomos.\",\"breadcrumb\":{\"@id\":\"https:\/\/finanedi.es\/blog\/vat-number-que-es\/#breadcrumb\"},\"inLanguage\":\"es\",\"potentialAction\":[{\"@type\":\"ReadAction\",\"target\":[\"https:\/\/finanedi.es\/blog\/vat-number-que-es\/\"]}]},{\"@type\":\"ImageObject\",\"inLanguage\":\"es\",\"@id\":\"https:\/\/finanedi.es\/blog\/vat-number-que-es\/#primaryimage\",\"url\":\"https:\/\/finanedi.es\/blog\/contenido\/uploads\/2024\/10\/Numero-VAT.jpg\",\"contentUrl\":\"https:\/\/finanedi.es\/blog\/contenido\/uploads\/2024\/10\/Numero-VAT.jpg\",\"width\":1580,\"height\":960,\"caption\":\"N\u00famero VAT: qu\u00e9 es\"},{\"@type\":\"BreadcrumbList\",\"@id\":\"https:\/\/finanedi.es\/blog\/vat-number-que-es\/#breadcrumb\",\"itemListElement\":[{\"@type\":\"ListItem\",\"position\":1,\"name\":\"Home\",\"item\":\"https:\/\/finanedi.es\/blog\/\"},{\"@type\":\"ListItem\",\"position\":2,\"name\":\"Comprendiendo el N\u00famero VAT\"}]},{\"@type\":\"WebSite\",\"@id\":\"https:\/\/finanedi.es\/blog\/#website\",\"url\":\"https:\/\/finanedi.es\/blog\/\",\"name\":\"Blog para pymes y aut\u00f3nomos - FinanEDI\",\"description\":\"Blog para aut\u00f3nomos y PYMES, sobre temas como facturaci\u00f3n, contabilidad, tecnolog\u00eda.\",\"publisher\":{\"@id\":\"https:\/\/finanedi.es\/blog\/#organization\"},\"potentialAction\":[{\"@type\":\"SearchAction\",\"target\":{\"@type\":\"EntryPoint\",\"urlTemplate\":\"https:\/\/finanedi.es\/blog\/?s={search_term_string}\"},\"query-input\":{\"@type\":\"PropertyValueSpecification\",\"valueRequired\":true,\"valueName\":\"search_term_string\"}}],\"inLanguage\":\"es\"},{\"@type\":\"Organization\",\"@id\":\"https:\/\/finanedi.es\/blog\/#organization\",\"name\":\"Blog para pymes y aut\u00f3nomos - FinanEDI\",\"url\":\"https:\/\/finanedi.es\/blog\/\",\"logo\":{\"@type\":\"ImageObject\",\"inLanguage\":\"es\",\"@id\":\"https:\/\/finanedi.es\/blog\/#\/schema\/logo\/image\/\",\"url\":\"https:\/\/finanedi.es\/blog\/contenido\/uploads\/2024\/02\/FinanEdiAzul1.svg\",\"contentUrl\":\"https:\/\/finanedi.es\/blog\/contenido\/uploads\/2024\/02\/FinanEdiAzul1.svg\",\"width\":142,\"height\":36,\"caption\":\"Blog para pymes y aut\u00f3nomos - FinanEDI\"},\"image\":{\"@id\":\"https:\/\/finanedi.es\/blog\/#\/schema\/logo\/image\/\"}},{\"@type\":\"Person\",\"@id\":\"https:\/\/finanedi.es\/blog\/#\/schema\/person\/233ed58195d34f36f74f13ba1030ebd8\",\"name\":\"restevez\",\"image\":{\"@type\":\"ImageObject\",\"inLanguage\":\"es\",\"@id\":\"https:\/\/finanedi.es\/blog\/#\/schema\/person\/image\/\",\"url\":\"https:\/\/secure.gravatar.com\/avatar\/6c4880db9746e4aa887a98e0ebf657788804dc4280120ef10331a2e6ebb4a9a0?s=96&d=mm&r=g\",\"contentUrl\":\"https:\/\/secure.gravatar.com\/avatar\/6c4880db9746e4aa887a98e0ebf657788804dc4280120ef10331a2e6ebb4a9a0?s=96&d=mm&r=g\",\"caption\":\"restevez\"},\"url\":\"https:\/\/finanedi.es\/blog\/author\/restevez\/\"}]}<\/script>\n<!-- \/ Yoast SEO plugin. -->","yoast_head_json":{"title":"Comprendiendo el N\u00famero VAT","description":"Comprende la importancia del n\u00famero VAT para tu negocio, c\u00f3mo obtenerlo y sus beneficios para PYMES y aut\u00f3nomos.","robots":{"index":"index","follow":"follow","max-snippet":"max-snippet:-1","max-image-preview":"max-image-preview:large","max-video-preview":"max-video-preview:-1"},"canonical":"https:\/\/finanedi.es\/blog\/vat-number-que-es\/","og_locale":"es_ES","og_type":"article","og_title":"Comprendiendo el N\u00famero VAT","og_description":"Comprende la importancia del n\u00famero VAT para tu negocio, c\u00f3mo obtenerlo y sus beneficios para PYMES y aut\u00f3nomos.","og_url":"https:\/\/finanedi.es\/blog\/vat-number-que-es\/","og_site_name":"Blog para pymes y aut\u00f3nomos - FinanEDI","article_published_time":"2024-10-07T12:06:00+00:00","og_image":[{"width":1580,"height":960,"url":"https:\/\/finanedi.es\/blog\/contenido\/uploads\/2024\/10\/Numero-VAT.jpg","type":"image\/jpeg"}],"author":"restevez","twitter_card":"summary_large_image","twitter_misc":{"Escrito por":"restevez","Tiempo de lectura":"7 minutos"},"schema":{"@context":"https:\/\/schema.org","@graph":[{"@type":"Article","@id":"https:\/\/finanedi.es\/blog\/vat-number-que-es\/#article","isPartOf":{"@id":"https:\/\/finanedi.es\/blog\/vat-number-que-es\/"},"author":{"name":"restevez","@id":"https:\/\/finanedi.es\/blog\/#\/schema\/person\/233ed58195d34f36f74f13ba1030ebd8"},"headline":"Comprendiendo el N\u00famero VAT","datePublished":"2024-10-07T12:06:00+00:00","mainEntityOfPage":{"@id":"https:\/\/finanedi.es\/blog\/vat-number-que-es\/"},"wordCount":1180,"publisher":{"@id":"https:\/\/finanedi.es\/blog\/#organization"},"image":{"@id":"https:\/\/finanedi.es\/blog\/vat-number-que-es\/#primaryimage"},"thumbnailUrl":"https:\/\/finanedi.es\/blog\/contenido\/uploads\/2024\/10\/Numero-VAT.jpg","articleSection":["Contabilidad"],"inLanguage":"es"},{"@type":"WebPage","@id":"https:\/\/finanedi.es\/blog\/vat-number-que-es\/","url":"https:\/\/finanedi.es\/blog\/vat-number-que-es\/","name":"Comprendiendo el N\u00famero VAT","isPartOf":{"@id":"https:\/\/finanedi.es\/blog\/#website"},"primaryImageOfPage":{"@id":"https:\/\/finanedi.es\/blog\/vat-number-que-es\/#primaryimage"},"image":{"@id":"https:\/\/finanedi.es\/blog\/vat-number-que-es\/#primaryimage"},"thumbnailUrl":"https:\/\/finanedi.es\/blog\/contenido\/uploads\/2024\/10\/Numero-VAT.jpg","datePublished":"2024-10-07T12:06:00+00:00","description":"Comprende la importancia del n\u00famero VAT para tu negocio, c\u00f3mo obtenerlo y sus beneficios para PYMES y aut\u00f3nomos.","breadcrumb":{"@id":"https:\/\/finanedi.es\/blog\/vat-number-que-es\/#breadcrumb"},"inLanguage":"es","potentialAction":[{"@type":"ReadAction","target":["https:\/\/finanedi.es\/blog\/vat-number-que-es\/"]}]},{"@type":"ImageObject","inLanguage":"es","@id":"https:\/\/finanedi.es\/blog\/vat-number-que-es\/#primaryimage","url":"https:\/\/finanedi.es\/blog\/contenido\/uploads\/2024\/10\/Numero-VAT.jpg","contentUrl":"https:\/\/finanedi.es\/blog\/contenido\/uploads\/2024\/10\/Numero-VAT.jpg","width":1580,"height":960,"caption":"N\u00famero VAT: qu\u00e9 es"},{"@type":"BreadcrumbList","@id":"https:\/\/finanedi.es\/blog\/vat-number-que-es\/#breadcrumb","itemListElement":[{"@type":"ListItem","position":1,"name":"Home","item":"https:\/\/finanedi.es\/blog\/"},{"@type":"ListItem","position":2,"name":"Comprendiendo el N\u00famero VAT"}]},{"@type":"WebSite","@id":"https:\/\/finanedi.es\/blog\/#website","url":"https:\/\/finanedi.es\/blog\/","name":"Blog para pymes y aut\u00f3nomos - FinanEDI","description":"Blog para aut\u00f3nomos y PYMES, sobre temas como facturaci\u00f3n, contabilidad, tecnolog\u00eda.","publisher":{"@id":"https:\/\/finanedi.es\/blog\/#organization"},"potentialAction":[{"@type":"SearchAction","target":{"@type":"EntryPoint","urlTemplate":"https:\/\/finanedi.es\/blog\/?s={search_term_string}"},"query-input":{"@type":"PropertyValueSpecification","valueRequired":true,"valueName":"search_term_string"}}],"inLanguage":"es"},{"@type":"Organization","@id":"https:\/\/finanedi.es\/blog\/#organization","name":"Blog para pymes y aut\u00f3nomos - FinanEDI","url":"https:\/\/finanedi.es\/blog\/","logo":{"@type":"ImageObject","inLanguage":"es","@id":"https:\/\/finanedi.es\/blog\/#\/schema\/logo\/image\/","url":"https:\/\/finanedi.es\/blog\/contenido\/uploads\/2024\/02\/FinanEdiAzul1.svg","contentUrl":"https:\/\/finanedi.es\/blog\/contenido\/uploads\/2024\/02\/FinanEdiAzul1.svg","width":142,"height":36,"caption":"Blog para pymes y aut\u00f3nomos - FinanEDI"},"image":{"@id":"https:\/\/finanedi.es\/blog\/#\/schema\/logo\/image\/"}},{"@type":"Person","@id":"https:\/\/finanedi.es\/blog\/#\/schema\/person\/233ed58195d34f36f74f13ba1030ebd8","name":"restevez","image":{"@type":"ImageObject","inLanguage":"es","@id":"https:\/\/finanedi.es\/blog\/#\/schema\/person\/image\/","url":"https:\/\/secure.gravatar.com\/avatar\/6c4880db9746e4aa887a98e0ebf657788804dc4280120ef10331a2e6ebb4a9a0?s=96&d=mm&r=g","contentUrl":"https:\/\/secure.gravatar.com\/avatar\/6c4880db9746e4aa887a98e0ebf657788804dc4280120ef10331a2e6ebb4a9a0?s=96&d=mm&r=g","caption":"restevez"},"url":"https:\/\/finanedi.es\/blog\/author\/restevez\/"}]}},"_links":{"self":[{"href":"https:\/\/finanedi.es\/blog\/wp-json\/wp\/v2\/posts\/5875","targetHints":{"allow":["GET"]}}],"collection":[{"href":"https:\/\/finanedi.es\/blog\/wp-json\/wp\/v2\/posts"}],"about":[{"href":"https:\/\/finanedi.es\/blog\/wp-json\/wp\/v2\/types\/post"}],"author":[{"embeddable":true,"href":"https:\/\/finanedi.es\/blog\/wp-json\/wp\/v2\/users\/3"}],"replies":[{"embeddable":true,"href":"https:\/\/finanedi.es\/blog\/wp-json\/wp\/v2\/comments?post=5875"}],"version-history":[{"count":8,"href":"https:\/\/finanedi.es\/blog\/wp-json\/wp\/v2\/posts\/5875\/revisions"}],"predecessor-version":[{"id":5885,"href":"https:\/\/finanedi.es\/blog\/wp-json\/wp\/v2\/posts\/5875\/revisions\/5885"}],"wp:featuredmedia":[{"embeddable":true,"href":"https:\/\/finanedi.es\/blog\/wp-json\/wp\/v2\/media\/5882"}],"wp:attachment":[{"href":"https:\/\/finanedi.es\/blog\/wp-json\/wp\/v2\/media?parent=5875"}],"wp:term":[{"taxonomy":"category","embeddable":true,"href":"https:\/\/finanedi.es\/blog\/wp-json\/wp\/v2\/categories?post=5875"},{"taxonomy":"post_tag","embeddable":true,"href":"https:\/\/finanedi.es\/blog\/wp-json\/wp\/v2\/tags?post=5875"}],"curies":[{"name":"wp","href":"https:\/\/api.w.org\/{rel}","templated":true}]}}