{"id":5903,"date":"2024-10-10T14:22:31","date_gmt":"2024-10-10T12:22:31","guid":{"rendered":"https:\/\/finanedi.es\/blog\/?p=5903"},"modified":"2024-10-10T14:22:31","modified_gmt":"2024-10-10T12:22:31","slug":"asesoria-laboral-pymes-y-autonomos","status":"publish","type":"post","link":"https:\/\/finanedi.es\/blog\/asesoria-laboral-pymes-y-autonomos\/","title":{"rendered":"La importancia de la asesor\u00eda laboral para pymes y aut\u00f3nomos"},"content":{"rendered":"\t\t<div data-elementor-type=\"wp-post\" data-elementor-id=\"5903\" class=\"elementor elementor-5903\">\n\t\t\t\t<div class=\"elementor-element elementor-element-3d56035 e-flex e-con-boxed e-con e-parent\" data-id=\"3d56035\" data-element_type=\"container\">\n\t\t\t\t\t<div class=\"e-con-inner\">\n\t\t\t\t<div class=\"elementor-element elementor-element-78bd6ad elementor-widget elementor-widget-text-editor\" data-id=\"78bd6ad\" data-element_type=\"widget\" data-widget_type=\"text-editor.default\">\n\t\t\t\t<div class=\"elementor-widget-container\">\n\t\t\t\t\t\t\t\t\t<p>La <strong>asesor\u00eda laboral<\/strong> es un servicio esencial para cualquier negocio, especialmente para las pymes y aut\u00f3nomos. No solo garantiza el cumplimiento de la normativa laboral, sino que tambi\u00e9n optimiza la gesti\u00f3n de los recursos humanos, mejora la productividad y reduce riesgos legales.<\/p>\t\t\t\t\t\t\t\t<\/div>\n\t\t\t\t<\/div>\n\t\t\t\t\t<\/div>\n\t\t\t\t<\/div>\n\t\t<div class=\"elementor-element elementor-element-0600375 e-flex e-con-boxed e-con e-parent\" data-id=\"0600375\" data-element_type=\"container\">\n\t\t\t\t\t<div class=\"e-con-inner\">\n\t\t\t\t<div class=\"elementor-element elementor-element-cdff5ad elementor-widget elementor-widget-heading\" data-id=\"cdff5ad\" data-element_type=\"widget\" data-widget_type=\"heading.default\">\n\t\t\t\t<div class=\"elementor-widget-container\">\n\t\t\t\t\t<h2 class=\"elementor-heading-title elementor-size-default\">\u00bfQu\u00e9 es la asesor\u00eda laboral?<\/h2>\t\t\t\t<\/div>\n\t\t\t\t<\/div>\n\t\t\t\t\t<\/div>\n\t\t\t\t<\/div>\n\t\t<div class=\"elementor-element elementor-element-a300540 e-flex e-con-boxed e-con e-parent\" data-id=\"a300540\" data-element_type=\"container\">\n\t\t\t\t\t<div class=\"e-con-inner\">\n\t\t\t\t<div class=\"elementor-element elementor-element-24f45e4 elementor-widget elementor-widget-text-editor\" data-id=\"24f45e4\" data-element_type=\"widget\" data-widget_type=\"text-editor.default\">\n\t\t\t\t<div class=\"elementor-widget-container\">\n\t\t\t\t\t\t\t\t\t<p>La <strong>asesor\u00eda laboral<\/strong> es un servicio especializado que ofrece soporte y orientaci\u00f3n en todos los aspectos relacionados con la gesti\u00f3n de personal y el cumplimiento de la legislaci\u00f3n laboral. Los asesores laborales son expertos en leyes laborales, relaciones laborales, n\u00f3minas, contrataci\u00f3n, despidos, y cualquier otro aspecto relacionado con el empleo.<\/p>\t\t\t\t\t\t\t\t<\/div>\n\t\t\t\t<\/div>\n\t\t\t\t\t<\/div>\n\t\t\t\t<\/div>\n\t\t<div class=\"elementor-element elementor-element-d792d4f e-flex e-con-boxed e-con e-parent\" data-id=\"d792d4f\" data-element_type=\"container\">\n\t\t\t\t\t<div class=\"e-con-inner\">\n\t\t\t\t<div class=\"elementor-element elementor-element-d0d1086 elementor-widget elementor-widget-heading\" data-id=\"d0d1086\" data-element_type=\"widget\" data-widget_type=\"heading.default\">\n\t\t\t\t<div class=\"elementor-widget-container\">\n\t\t\t\t\t<h3 class=\"elementor-heading-title elementor-size-default\">Servicios clave de una asesor\u00eda laboral<\/h3>\t\t\t\t<\/div>\n\t\t\t\t<\/div>\n\t\t\t\t\t<\/div>\n\t\t\t\t<\/div>\n\t\t<div class=\"elementor-element elementor-element-9c37bf6 e-flex e-con-boxed e-con e-parent\" data-id=\"9c37bf6\" data-element_type=\"container\">\n\t\t\t\t\t<div class=\"e-con-inner\">\n\t\t\t\t<div class=\"elementor-element elementor-element-ee0a4d8 elementor-widget elementor-widget-text-editor\" data-id=\"ee0a4d8\" data-element_type=\"widget\" data-widget_type=\"text-editor.default\">\n\t\t\t\t<div class=\"elementor-widget-container\">\n\t\t\t\t\t\t\t\t\t<ul><li><strong>Gesti\u00f3n de n\u00f3minas y contratos<\/strong>: Elaboraci\u00f3n y control de n\u00f3minas, contratos de trabajo y seguros sociales.<\/li><li><strong>Asesoramiento legal<\/strong>: Orientaci\u00f3n sobre el cumplimiento de la normativa laboral y representaci\u00f3n legal en conflictos laborales.<\/li><li><strong>Prevenci\u00f3n de riesgos laborales<\/strong>: Implementaci\u00f3n de medidas de seguridad y salud en el trabajo.<\/li><li><strong>Auditor\u00eda laboral<\/strong>: Revisi\u00f3n y evaluaci\u00f3n de pr\u00e1cticas laborales para asegurar el cumplimiento normativo.<\/li><li><strong>Formaci\u00f3n y desarrollo<\/strong>: Capacitaci\u00f3n y desarrollo profesional del personal.<\/li><\/ul>\t\t\t\t\t\t\t\t<\/div>\n\t\t\t\t<\/div>\n\t\t\t\t\t<\/div>\n\t\t\t\t<\/div>\n\t\t<div class=\"elementor-element elementor-element-bea94d7 e-flex e-con-boxed e-con e-parent\" data-id=\"bea94d7\" data-element_type=\"container\">\n\t\t\t\t\t<div class=\"e-con-inner\">\n\t\t\t\t<div class=\"elementor-element elementor-element-3eed59a elementor-widget elementor-widget-heading\" data-id=\"3eed59a\" data-element_type=\"widget\" data-widget_type=\"heading.default\">\n\t\t\t\t<div class=\"elementor-widget-container\">\n\t\t\t\t\t<h3 class=\"elementor-heading-title elementor-size-default\">Beneficios de contratar una asesor\u00eda laboral<\/h3>\t\t\t\t<\/div>\n\t\t\t\t<\/div>\n\t\t\t\t\t<\/div>\n\t\t\t\t<\/div>\n\t\t<div class=\"elementor-element elementor-element-b3a2f83 e-flex e-con-boxed e-con e-parent\" data-id=\"b3a2f83\" data-element_type=\"container\">\n\t\t\t\t\t<div class=\"e-con-inner\">\n\t\t\t\t<div class=\"elementor-element elementor-element-6c1422d elementor-widget elementor-widget-heading\" data-id=\"6c1422d\" data-element_type=\"widget\" data-widget_type=\"heading.default\">\n\t\t\t\t<div class=\"elementor-widget-container\">\n\t\t\t\t\t<h4 class=\"elementor-heading-title elementor-size-default\">Cumplimiento legal y reducci\u00f3n de riesgos<\/h4>\t\t\t\t<\/div>\n\t\t\t\t<\/div>\n\t\t\t\t\t<\/div>\n\t\t\t\t<\/div>\n\t\t<div class=\"elementor-element elementor-element-944cbbb e-flex e-con-boxed e-con e-parent\" data-id=\"944cbbb\" data-element_type=\"container\">\n\t\t\t\t\t<div class=\"e-con-inner\">\n\t\t\t\t<div class=\"elementor-element elementor-element-09c9f04 elementor-widget elementor-widget-text-editor\" data-id=\"09c9f04\" data-element_type=\"widget\" data-widget_type=\"text-editor.default\">\n\t\t\t\t<div class=\"elementor-widget-container\">\n\t\t\t\t\t\t\t\t\t<p>Uno de los principales beneficios de contar con una asesor\u00eda laboral es garantizar el cumplimiento de la normativa vigente. Esto no solo evita sanciones y multas, sino que tambi\u00e9n protege a la empresa de posibles litigios y conflictos laborales. Un asesor laboral actualizado con las \u00faltimas leyes y regulaciones asegura que tu negocio siempre est\u00e9 al d\u00eda.<\/p>\t\t\t\t\t\t\t\t<\/div>\n\t\t\t\t<\/div>\n\t\t\t\t\t<\/div>\n\t\t\t\t<\/div>\n\t\t<div class=\"elementor-element elementor-element-e6d140a e-flex e-con-boxed e-con e-parent\" data-id=\"e6d140a\" data-element_type=\"container\">\n\t\t\t\t\t<div class=\"e-con-inner\">\n\t\t\t\t<div class=\"elementor-element elementor-element-f5f86d9 elementor-widget elementor-widget-heading\" data-id=\"f5f86d9\" data-element_type=\"widget\" data-widget_type=\"heading.default\">\n\t\t\t\t<div class=\"elementor-widget-container\">\n\t\t\t\t\t<h4 class=\"elementor-heading-title elementor-size-default\">Optimizaci\u00f3n de la gesti\u00f3n de recursos humanos<\/h4>\t\t\t\t<\/div>\n\t\t\t\t<\/div>\n\t\t\t\t\t<\/div>\n\t\t\t\t<\/div>\n\t\t<div class=\"elementor-element elementor-element-1f5dcd1 e-flex e-con-boxed e-con e-parent\" data-id=\"1f5dcd1\" data-element_type=\"container\">\n\t\t\t\t\t<div class=\"e-con-inner\">\n\t\t\t\t<div class=\"elementor-element elementor-element-61c674d elementor-widget elementor-widget-text-editor\" data-id=\"61c674d\" data-element_type=\"widget\" data-widget_type=\"text-editor.default\">\n\t\t\t\t<div class=\"elementor-widget-container\">\n\t\t\t\t\t\t\t\t\t<p>Una gesti\u00f3n eficiente de los recursos humanos es crucial para el \u00e9xito de cualquier empresa. Los asesores laborales ayudan a dise\u00f1ar e implementar pol\u00edticas de recursos humanos que mejoran la productividad, la motivaci\u00f3n y la retenci\u00f3n de empleados. Adem\u00e1s, se encargan de procesos complejos como la selecci\u00f3n, contrataci\u00f3n, formaci\u00f3n y desarrollo del personal.<\/p>\t\t\t\t\t\t\t\t<\/div>\n\t\t\t\t<\/div>\n\t\t\t\t\t<\/div>\n\t\t\t\t<\/div>\n\t\t<div class=\"elementor-element elementor-element-f121ca6 e-flex e-con-boxed e-con e-parent\" data-id=\"f121ca6\" data-element_type=\"container\">\n\t\t\t\t\t<div class=\"e-con-inner\">\n\t\t\t\t<div class=\"elementor-element elementor-element-57998e8 elementor-widget elementor-widget-heading\" data-id=\"57998e8\" data-element_type=\"widget\" data-widget_type=\"heading.default\">\n\t\t\t\t<div class=\"elementor-widget-container\">\n\t\t\t\t\t<h4 class=\"elementor-heading-title elementor-size-default\">Ahorro de tiempo y costos<\/h4>\t\t\t\t<\/div>\n\t\t\t\t<\/div>\n\t\t\t\t\t<\/div>\n\t\t\t\t<\/div>\n\t\t<div class=\"elementor-element elementor-element-77f5f7f e-flex e-con-boxed e-con e-parent\" data-id=\"77f5f7f\" data-element_type=\"container\">\n\t\t\t\t\t<div class=\"e-con-inner\">\n\t\t\t\t<div class=\"elementor-element elementor-element-dffd0f5 elementor-widget elementor-widget-text-editor\" data-id=\"dffd0f5\" data-element_type=\"widget\" data-widget_type=\"text-editor.default\">\n\t\t\t\t<div class=\"elementor-widget-container\">\n\t\t\t\t\t\t\t\t\t<p>La gesti\u00f3n laboral puede ser compleja y consumir mucho tiempo. Delegar estas tareas a una asesor\u00eda laboral permite a los empresarios centrarse en las actividades estrat\u00e9gicas de su negocio. Adem\u00e1s, una gesti\u00f3n laboral eficiente puede reducir costos asociados a errores en n\u00f3minas, multas por incumplimientos y litigios laborales.<\/p>\t\t\t\t\t\t\t\t<\/div>\n\t\t\t\t<\/div>\n\t\t\t\t\t<\/div>\n\t\t\t\t<\/div>\n\t\t<div class=\"elementor-element elementor-element-9d2eaf1 e-flex e-con-boxed e-con e-parent\" data-id=\"9d2eaf1\" data-element_type=\"container\">\n\t\t\t\t\t<div class=\"e-con-inner\">\n\t\t\t\t<div class=\"elementor-element elementor-element-6b625cc elementor-widget elementor-widget-heading\" data-id=\"6b625cc\" data-element_type=\"widget\" data-widget_type=\"heading.default\">\n\t\t\t\t<div class=\"elementor-widget-container\">\n\t\t\t\t\t<h3 class=\"elementor-heading-title elementor-size-default\">\u00bfC\u00f3mo elegir la mejor asesor\u00eda?<\/h3>\t\t\t\t<\/div>\n\t\t\t\t<\/div>\n\t\t\t\t\t<\/div>\n\t\t\t\t<\/div>\n\t\t<div class=\"elementor-element elementor-element-c93c54d e-flex e-con-boxed e-con e-parent\" data-id=\"c93c54d\" data-element_type=\"container\">\n\t\t\t\t\t<div class=\"e-con-inner\">\n\t\t\t\t<div class=\"elementor-element elementor-element-5aaf1c4 elementor-widget elementor-widget-heading\" data-id=\"5aaf1c4\" data-element_type=\"widget\" data-widget_type=\"heading.default\">\n\t\t\t\t<div class=\"elementor-widget-container\">\n\t\t\t\t\t<h4 class=\"elementor-heading-title elementor-size-default\">Experiencia y reputaci\u00f3n<\/h4>\t\t\t\t<\/div>\n\t\t\t\t<\/div>\n\t\t\t\t\t<\/div>\n\t\t\t\t<\/div>\n\t\t<div class=\"elementor-element elementor-element-e552bdf e-flex e-con-boxed e-con e-parent\" data-id=\"e552bdf\" data-element_type=\"container\">\n\t\t\t\t\t<div class=\"e-con-inner\">\n\t\t\t\t<div class=\"elementor-element elementor-element-94fd453 elementor-widget elementor-widget-text-editor\" data-id=\"94fd453\" data-element_type=\"widget\" data-widget_type=\"text-editor.default\">\n\t\t\t\t<div class=\"elementor-widget-container\">\n\t\t\t\t\t\t\t\t\t<p>Es fundamental elegir una asesor\u00eda laboral con experiencia comprobada y una buena reputaci\u00f3n en el sector. Investiga sobre su trayectoria, opiniones de clientes y casos de \u00e9xito.<\/p>\t\t\t\t\t\t\t\t<\/div>\n\t\t\t\t<\/div>\n\t\t\t\t\t<\/div>\n\t\t\t\t<\/div>\n\t\t<div class=\"elementor-element elementor-element-f3c0eb1 e-flex e-con-boxed e-con e-parent\" data-id=\"f3c0eb1\" data-element_type=\"container\">\n\t\t\t\t\t<div class=\"e-con-inner\">\n\t\t\t\t<div class=\"elementor-element elementor-element-458daca elementor-widget elementor-widget-heading\" data-id=\"458daca\" data-element_type=\"widget\" data-widget_type=\"heading.default\">\n\t\t\t\t<div class=\"elementor-widget-container\">\n\t\t\t\t\t<h4 class=\"elementor-heading-title elementor-size-default\">Especializaci\u00f3n y servicios ofrecidos<\/h4>\t\t\t\t<\/div>\n\t\t\t\t<\/div>\n\t\t\t\t\t<\/div>\n\t\t\t\t<\/div>\n\t\t<div class=\"elementor-element elementor-element-b41fb15 e-flex e-con-boxed e-con e-parent\" data-id=\"b41fb15\" data-element_type=\"container\">\n\t\t\t\t\t<div class=\"e-con-inner\">\n\t\t\t\t<div class=\"elementor-element elementor-element-98da3cc elementor-widget elementor-widget-text-editor\" data-id=\"98da3cc\" data-element_type=\"widget\" data-widget_type=\"text-editor.default\">\n\t\t\t\t<div class=\"elementor-widget-container\">\n\t\t\t\t\t\t\t\t\t<p>Aseg\u00farate de que la asesor\u00eda laboral ofrezca los servicios espec\u00edficos que tu empresa necesita. Algunas asesor\u00edas pueden especializarse en ciertos sectores o tipos de servicios, lo cual puede ser una ventaja si se alinean con tus necesidades.<\/p>\t\t\t\t\t\t\t\t<\/div>\n\t\t\t\t<\/div>\n\t\t\t\t\t<\/div>\n\t\t\t\t<\/div>\n\t\t<div class=\"elementor-element elementor-element-3230e5c e-flex e-con-boxed e-con e-parent\" data-id=\"3230e5c\" data-element_type=\"container\">\n\t\t\t\t\t<div class=\"e-con-inner\">\n\t\t\t\t<div class=\"elementor-element elementor-element-0e87061 elementor-widget elementor-widget-heading\" data-id=\"0e87061\" data-element_type=\"widget\" data-widget_type=\"heading.default\">\n\t\t\t\t<div class=\"elementor-widget-container\">\n\t\t\t\t\t<h4 class=\"elementor-heading-title elementor-size-default\">Tecnolog\u00eda y herramientas<\/h4>\t\t\t\t<\/div>\n\t\t\t\t<\/div>\n\t\t\t\t\t<\/div>\n\t\t\t\t<\/div>\n\t\t<div class=\"elementor-element elementor-element-7cc7607 e-flex e-con-boxed e-con e-parent\" data-id=\"7cc7607\" data-element_type=\"container\">\n\t\t\t\t\t<div class=\"e-con-inner\">\n\t\t\t\t<div class=\"elementor-element elementor-element-8d54fe0 elementor-widget elementor-widget-text-editor\" data-id=\"8d54fe0\" data-element_type=\"widget\" data-widget_type=\"text-editor.default\">\n\t\t\t\t<div class=\"elementor-widget-container\">\n\t\t\t\t\t\t\t\t\t<p>La integraci\u00f3n de tecnolog\u00eda en los servicios de asesor\u00eda laboral puede ofrecer una mayor eficiencia y precisi\u00f3n. Busca asesor\u00edas que utilicen software de gesti\u00f3n laboral, plataformas de comunicaci\u00f3n en l\u00ednea y herramientas de automatizaci\u00f3n.<\/p>\t\t\t\t\t\t\t\t<\/div>\n\t\t\t\t<\/div>\n\t\t\t\t\t<\/div>\n\t\t\t\t<\/div>\n\t\t<div class=\"elementor-element elementor-element-30caa010 e-flex e-con-boxed e-con e-parent\" data-id=\"30caa010\" data-element_type=\"container\" data-settings=\"{&quot;background_background&quot;:&quot;classic&quot;}\">\n\t\t\t\t\t<div class=\"e-con-inner\">\n\t\t<div class=\"elementor-element elementor-element-342045a7 e-con-full e-flex e-con e-child\" data-id=\"342045a7\" data-element_type=\"container\">\n\t\t<div class=\"elementor-element elementor-element-2c892280 e-flex e-con-boxed e-con e-child\" data-id=\"2c892280\" data-element_type=\"container\">\n\t\t\t\t\t<div class=\"e-con-inner\">\n\t\t\t\t<div class=\"elementor-element elementor-element-9762f95 elementor-widget elementor-widget-heading\" data-id=\"9762f95\" data-element_type=\"widget\" data-widget_type=\"heading.default\">\n\t\t\t\t<div class=\"elementor-widget-container\">\n\t\t\t\t\t<h3 class=\"elementor-heading-title elementor-size-default\">Herramientas para impulsar<br>tu negocio<\/h3>\t\t\t\t<\/div>\n\t\t\t\t<\/div>\n\t\t\t\t<div class=\"elementor-element elementor-element-358f39dd elementor-widget elementor-widget-text-editor\" data-id=\"358f39dd\" data-element_type=\"widget\" data-widget_type=\"text-editor.default\">\n\t\t\t\t<div class=\"elementor-widget-container\">\n\t\t\t\t\t\t\t\t\t<p>FinanEDI es la soluci\u00f3n en la nube gratuita que permite automatizar y optimizar los procesos financieros, contables y administrativos de tu negocio.<\/p>\t\t\t\t\t\t\t\t<\/div>\n\t\t\t\t<\/div>\n\t\t\t\t<div class=\"elementor-element elementor-element-119a5d42 elementor-widget elementor-widget-button\" data-id=\"119a5d42\" data-element_type=\"widget\" data-widget_type=\"button.default\">\n\t\t\t\t<div class=\"elementor-widget-container\">\n\t\t\t\t\t\t\t\t\t<div class=\"elementor-button-wrapper\">\n\t\t\t\t\t<a class=\"elementor-button elementor-button-link elementor-size-md\" href=\"https:\/\/finanedi.es\/\" target=\"_blank\">\n\t\t\t\t\t\t<span class=\"elementor-button-content-wrapper\">\n\t\t\t\t\t\t\t\t\t<span class=\"elementor-button-text\">Crear cuenta gratis<\/span>\n\t\t\t\t\t<\/span>\n\t\t\t\t\t<\/a>\n\t\t\t\t<\/div>\n\t\t\t\t\t\t\t\t<\/div>\n\t\t\t\t<\/div>\n\t\t\t\t\t<\/div>\n\t\t\t\t<\/div>\n\t\t\t\t<\/div>\n\t\t<div class=\"elementor-element elementor-element-74dbb010 e-con-full e-flex e-con e-child\" data-id=\"74dbb010\" data-element_type=\"container\">\n\t\t\t\t<div class=\"elementor-element elementor-element-e4f2489 elementor-widget elementor-widget-image\" data-id=\"e4f2489\" data-element_type=\"widget\" data-widget_type=\"image.default\">\n\t\t\t\t<div class=\"elementor-widget-container\">\n\t\t\t\t\t\t\t\t\t\t\t\t\t\t\t<img fetchpriority=\"high\" decoding=\"async\" width=\"300\" height=\"233\" src=\"https:\/\/finanedi.es\/blog\/contenido\/uploads\/2024\/09\/Dashborad_00115-300x233.png\" class=\"attachment-medium size-medium wp-image-5370\" alt=\"Herramientas para impulsar tu negocio - FinanEDI\" srcset=\"https:\/\/finanedi.es\/blog\/contenido\/uploads\/2024\/09\/Dashborad_00115-300x233.png 300w, https:\/\/finanedi.es\/blog\/contenido\/uploads\/2024\/09\/Dashborad_00115-768x597.png 768w, https:\/\/finanedi.es\/blog\/contenido\/uploads\/2024\/09\/Dashborad_00115.png 900w\" sizes=\"(max-width: 300px) 100vw, 300px\" \/>\t\t\t\t\t\t\t\t\t\t\t\t\t\t\t<\/div>\n\t\t\t\t<\/div>\n\t\t\t\t<\/div>\n\t\t\t\t\t<\/div>\n\t\t\t\t<\/div>\n\t\t<div class=\"elementor-element elementor-element-69fb74d e-flex e-con-boxed e-con e-parent\" data-id=\"69fb74d\" data-element_type=\"container\">\n\t\t\t\t\t<div class=\"e-con-inner\">\n\t\t\t\t<div class=\"elementor-element elementor-element-16fe62e elementor-widget elementor-widget-spacer\" data-id=\"16fe62e\" data-element_type=\"widget\" data-widget_type=\"spacer.default\">\n\t\t\t\t<div class=\"elementor-widget-container\">\n\t\t\t\t\t\t\t<div class=\"elementor-spacer\">\n\t\t\t<div class=\"elementor-spacer-inner\"><\/div>\n\t\t<\/div>\n\t\t\t\t\t\t<\/div>\n\t\t\t\t<\/div>\n\t\t\t\t\t<\/div>\n\t\t\t\t<\/div>\n\t\t<div class=\"elementor-element elementor-element-b697779 e-flex e-con-boxed e-con e-parent\" data-id=\"b697779\" data-element_type=\"container\">\n\t\t\t\t\t<div class=\"e-con-inner\">\n\t\t\t\t<div class=\"elementor-element elementor-element-67c42c7 elementor-widget elementor-widget-text-editor\" data-id=\"67c42c7\" data-element_type=\"widget\" data-widget_type=\"text-editor.default\">\n\t\t\t\t<div class=\"elementor-widget-container\">\n\t\t\t\t\t\t\t\t\t<p>La <strong>asesor\u00eda laboral<\/strong> es un pilar fundamental para el \u00e9xito de las PYMES y aut\u00f3nomos. No solo asegura el cumplimiento de la normativa, sino que tambi\u00e9n optimiza la gesti\u00f3n de recursos humanos y reduce riesgos.<\/p>\t\t\t\t\t\t\t\t<\/div>\n\t\t\t\t<\/div>\n\t\t\t\t\t<\/div>\n\t\t\t\t<\/div>\n\t\t<div class=\"elementor-element elementor-element-50f787b e-flex e-con-boxed e-con e-parent\" data-id=\"50f787b\" data-element_type=\"container\">\n\t\t\t\t\t<div class=\"e-con-inner\">\n\t\t\t\t<div class=\"elementor-element elementor-element-21493ed elementor-widget elementor-widget-heading\" data-id=\"21493ed\" data-element_type=\"widget\" data-widget_type=\"heading.default\">\n\t\t\t\t<div class=\"elementor-widget-container\">\n\t\t\t\t\t<h3 class=\"elementor-heading-title elementor-size-default\">Preguntas frecuentes sobre asesor\u00eda laboral<\/h3>\t\t\t\t<\/div>\n\t\t\t\t<\/div>\n\t\t\t\t\t<\/div>\n\t\t\t\t<\/div>\n\t\t<div class=\"elementor-element elementor-element-2fe9f42 e-flex e-con-boxed e-con e-parent\" data-id=\"2fe9f42\" data-element_type=\"container\">\n\t\t\t\t\t<div class=\"e-con-inner\">\n\t\t\t\t<div class=\"elementor-element elementor-element-0ce6c15 elementor-widget elementor-widget-heading\" data-id=\"0ce6c15\" data-element_type=\"widget\" data-widget_type=\"heading.default\">\n\t\t\t\t<div class=\"elementor-widget-container\">\n\t\t\t\t\t<h4 class=\"elementor-heading-title elementor-size-default\">\u00bfQu\u00e9 tipos de empresas necesitan una asesor\u00eda laboral?<\/h4>\t\t\t\t<\/div>\n\t\t\t\t<\/div>\n\t\t\t\t\t<\/div>\n\t\t\t\t<\/div>\n\t\t<div class=\"elementor-element elementor-element-3101c16 e-flex e-con-boxed e-con e-parent\" data-id=\"3101c16\" data-element_type=\"container\">\n\t\t\t\t\t<div class=\"e-con-inner\">\n\t\t\t\t<div class=\"elementor-element elementor-element-4de84a0 elementor-widget elementor-widget-text-editor\" data-id=\"4de84a0\" data-element_type=\"widget\" data-widget_type=\"text-editor.default\">\n\t\t\t\t<div class=\"elementor-widget-container\">\n\t\t\t\t\t\t\t\t\t<p>Cualquier tipo de empresa, desde aut\u00f3nomos hasta grandes corporaciones, puede beneficiarse de una asesor\u00eda laboral. Las PYMES y los aut\u00f3nomos, en particular, pueden obtener un gran valor al externalizar estas funciones para garantizar el cumplimiento legal y la gesti\u00f3n eficiente de su personal.<\/p>\t\t\t\t\t\t\t\t<\/div>\n\t\t\t\t<\/div>\n\t\t\t\t\t<\/div>\n\t\t\t\t<\/div>\n\t\t<div class=\"elementor-element elementor-element-6d0780b e-flex e-con-boxed e-con e-parent\" data-id=\"6d0780b\" data-element_type=\"container\">\n\t\t\t\t\t<div class=\"e-con-inner\">\n\t\t\t\t<div class=\"elementor-element elementor-element-1dcb5be elementor-widget elementor-widget-heading\" data-id=\"1dcb5be\" data-element_type=\"widget\" data-widget_type=\"heading.default\">\n\t\t\t\t<div class=\"elementor-widget-container\">\n\t\t\t\t\t<h4 class=\"elementor-heading-title elementor-size-default\">\u00bfCu\u00e1nto cuesta contratar una asesor\u00eda laboral?<\/h4>\t\t\t\t<\/div>\n\t\t\t\t<\/div>\n\t\t\t\t\t<\/div>\n\t\t\t\t<\/div>\n\t\t<div class=\"elementor-element elementor-element-a54b46a e-flex e-con-boxed e-con e-parent\" data-id=\"a54b46a\" data-element_type=\"container\">\n\t\t\t\t\t<div class=\"e-con-inner\">\n\t\t\t\t<div class=\"elementor-element elementor-element-bd995e7 elementor-widget elementor-widget-text-editor\" data-id=\"bd995e7\" data-element_type=\"widget\" data-widget_type=\"text-editor.default\">\n\t\t\t\t<div class=\"elementor-widget-container\">\n\t\t\t\t\t\t\t\t\t<p>El costo de una asesor\u00eda laboral var\u00eda seg\u00fan los servicios requeridos y el tama\u00f1o de la empresa. Generalmente, las asesor\u00edas ofrecen paquetes adaptados a las necesidades espec\u00edficas del cliente, lo cual puede incluir tarifas mensuales fijas o costos por servicios espec\u00edficos.<\/p>\t\t\t\t\t\t\t\t<\/div>\n\t\t\t\t<\/div>\n\t\t\t\t\t<\/div>\n\t\t\t\t<\/div>\n\t\t<div class=\"elementor-element elementor-element-a11a4a7 e-flex e-con-boxed e-con e-parent\" data-id=\"a11a4a7\" data-element_type=\"container\">\n\t\t\t\t\t<div class=\"e-con-inner\">\n\t\t\t\t<div class=\"elementor-element elementor-element-5ab193f elementor-widget elementor-widget-heading\" data-id=\"5ab193f\" data-element_type=\"widget\" data-widget_type=\"heading.default\">\n\t\t\t\t<div class=\"elementor-widget-container\">\n\t\t\t\t\t<h4 class=\"elementor-heading-title elementor-size-default\">\u00bfQu\u00e9 sucede si no cumplo con la normativa laboral?<\/h4>\t\t\t\t<\/div>\n\t\t\t\t<\/div>\n\t\t\t\t\t<\/div>\n\t\t\t\t<\/div>\n\t\t<div class=\"elementor-element elementor-element-bfd21f5 e-flex e-con-boxed e-con e-parent\" data-id=\"bfd21f5\" data-element_type=\"container\">\n\t\t\t\t\t<div class=\"e-con-inner\">\n\t\t\t\t<div class=\"elementor-element elementor-element-e24abd2 elementor-widget elementor-widget-text-editor\" data-id=\"e24abd2\" data-element_type=\"widget\" data-widget_type=\"text-editor.default\">\n\t\t\t\t<div class=\"elementor-widget-container\">\n\t\t\t\t\t\t\t\t\t<p>No cumplir con la normativa laboral puede resultar en sanciones, multas y litigios costosos. Adem\u00e1s, puede da\u00f1ar la reputaci\u00f3n de tu empresa y afectar la moral de los empleados. Contar con una asesor\u00eda laboral asegura que siempre est\u00e9s al d\u00eda con las leyes y regulaciones vigentes.<\/p>\t\t\t\t\t\t\t\t<\/div>\n\t\t\t\t<\/div>\n\t\t\t\t\t<\/div>\n\t\t\t\t<\/div>\n\t\t<div class=\"elementor-element elementor-element-131bc07 e-flex e-con-boxed e-con e-parent\" data-id=\"131bc07\" data-element_type=\"container\">\n\t\t\t\t\t<div class=\"e-con-inner\">\n\t\t\t\t<div class=\"elementor-element elementor-element-544b6c9 elementor-widget elementor-widget-heading\" data-id=\"544b6c9\" data-element_type=\"widget\" data-widget_type=\"heading.default\">\n\t\t\t\t<div class=\"elementor-widget-container\">\n\t\t\t\t\t<h4 class=\"elementor-heading-title elementor-size-default\">\u00bfC\u00f3mo puedo saber si una asesor\u00eda es confiable?<\/h4>\t\t\t\t<\/div>\n\t\t\t\t<\/div>\n\t\t\t\t\t<\/div>\n\t\t\t\t<\/div>\n\t\t<div class=\"elementor-element elementor-element-946d993 e-flex e-con-boxed e-con e-parent\" data-id=\"946d993\" data-element_type=\"container\">\n\t\t\t\t\t<div class=\"e-con-inner\">\n\t\t\t\t<div class=\"elementor-element elementor-element-7992453 elementor-widget elementor-widget-text-editor\" data-id=\"7992453\" data-element_type=\"widget\" data-widget_type=\"text-editor.default\">\n\t\t\t\t<div class=\"elementor-widget-container\">\n\t\t\t\t\t\t\t\t\t<p>Para asegurarte de que una asesor\u00eda laboral es confiable, investiga su reputaci\u00f3n, solicita referencias de clientes anteriores y revisa su experiencia en el sector. Adem\u00e1s, verifica si est\u00e1n al d\u00eda con las \u00faltimas regulaciones laborales y utilizan herramientas tecnol\u00f3gicas modernas.<\/p>\t\t\t\t\t\t\t\t<\/div>\n\t\t\t\t<\/div>\n\t\t\t\t\t<\/div>\n\t\t\t\t<\/div>\n\t\t<div class=\"elementor-element elementor-element-3dbfac6 e-flex e-con-boxed e-con e-parent\" data-id=\"3dbfac6\" data-element_type=\"container\">\n\t\t\t\t\t<div class=\"e-con-inner\">\n\t\t\t\t<div class=\"elementor-element elementor-element-0a9330a elementor-widget elementor-widget-heading\" data-id=\"0a9330a\" data-element_type=\"widget\" data-widget_type=\"heading.default\">\n\t\t\t\t<div class=\"elementor-widget-container\">\n\t\t\t\t\t<h4 class=\"elementor-heading-title elementor-size-default\">\u00bfQu\u00e9 beneficios tecnol\u00f3gicos ofrece una asesor\u00eda laboral moderna?<\/h4>\t\t\t\t<\/div>\n\t\t\t\t<\/div>\n\t\t\t\t\t<\/div>\n\t\t\t\t<\/div>\n\t\t<div class=\"elementor-element elementor-element-527efb6 e-flex e-con-boxed e-con e-parent\" data-id=\"527efb6\" data-element_type=\"container\">\n\t\t\t\t\t<div class=\"e-con-inner\">\n\t\t\t\t<div class=\"elementor-element elementor-element-a8dd4fd elementor-widget elementor-widget-text-editor\" data-id=\"a8dd4fd\" data-element_type=\"widget\" data-widget_type=\"text-editor.default\">\n\t\t\t\t<div class=\"elementor-widget-container\">\n\t\t\t\t\t\t\t\t\t<p>Las asesor\u00edas laborales modernas utilizan software de gesti\u00f3n de n\u00f3minas, plataformas de comunicaci\u00f3n en l\u00ednea y herramientas de automatizaci\u00f3n para ofrecer servicios m\u00e1s eficientes y precisos. Estas tecnolog\u00edas pueden simplificar procesos complejos, reducir errores y mejorar la comunicaci\u00f3n entre la asesor\u00eda y la empresa.<\/p>\t\t\t\t\t\t\t\t<\/div>\n\t\t\t\t<\/div>\n\t\t\t\t\t<\/div>\n\t\t\t\t<\/div>\n\t\t<div class=\"elementor-element elementor-element-751cc3f5 e-flex e-con-boxed e-con e-parent\" data-id=\"751cc3f5\" data-element_type=\"container\">\n\t\t\t\t\t<div class=\"e-con-inner\">\n\t\t<div class=\"elementor-element elementor-element-2e79202a e-con-full e-flex e-con e-child\" data-id=\"2e79202a\" data-element_type=\"container\">\n\t\t\t\t<div class=\"elementor-element elementor-element-69749288 elementor-widget elementor-widget-spacer\" data-id=\"69749288\" data-element_type=\"widget\" data-widget_type=\"spacer.default\">\n\t\t\t\t<div class=\"elementor-widget-container\">\n\t\t\t\t\t\t\t<div class=\"elementor-spacer\">\n\t\t\t<div class=\"elementor-spacer-inner\"><\/div>\n\t\t<\/div>\n\t\t\t\t\t\t<\/div>\n\t\t\t\t<\/div>\n\t\t\t\t<\/div>\n\t\t<div class=\"elementor-element elementor-element-1d392c74 e-con-full e-flex e-con e-child\" data-id=\"1d392c74\" data-element_type=\"container\">\n\t\t\t\t<div class=\"elementor-element elementor-element-4a298931 elementor-widget elementor-widget-heading\" data-id=\"4a298931\" data-element_type=\"widget\" data-widget_type=\"heading.default\">\n\t\t\t\t<div class=\"elementor-widget-container\">\n\t\t\t\t\t<h3 class=\"elementor-heading-title elementor-size-default\">No te pierdas...<\/h3>\t\t\t\t<\/div>\n\t\t\t\t<\/div>\n\t\t\t\t<\/div>\n\t\t<div class=\"elementor-element elementor-element-5e4cf41c e-con-full e-flex e-con e-child\" data-id=\"5e4cf41c\" data-element_type=\"container\">\n\t\t\t\t<div class=\"elementor-element elementor-element-2ad02163 elementor-widget elementor-widget-katen-post-five\" data-id=\"2ad02163\" data-element_type=\"widget\" data-widget_type=\"katen-post-five.default\">\n\t\t\t\t<div class=\"elementor-widget-container\">\n\t\t\t\t\t\t\t<div class=\"padding-30 rounded bordered\">\n\n\t\t\t<div class=\"row infinite-wrapper\">\n\n\t\t\t\n\t\t\t\t<div class=\"col-md-12 col-sm-6 post-list-item post-item\">\n\t\t\t\t\t<!-- post -->\n\t\t\t\t\t<div class=\"post post-list clearfix\">\n\n\t\t\t\t\t\t<div class=\"thumb rounded\"><div class=\"inner\"><a href=\"https:\/\/finanedi.es\/blog\/5-tips-para-estar-preparado-para-verifactu\/\"><img decoding=\"async\" width=\"330\" height=\"250\" src=\"https:\/\/finanedi.es\/blog\/contenido\/uploads\/2025\/10\/5-tips-para-estar-preparado-para-VeriFactu-330x250.jpg\" class=\"attachment-katen-thumb-list size-katen-thumb-list wp-post-image\" alt=\"5 tips para estar preparado para VeriFactu\" \/><\/a><\/div><\/div>  \n\n\t\t\t\t\t\t<div class=\"details clearfix\">\n\t\t\t\t\t\t\t<ul class=\"meta list-inline mb-3\">\n\t\t\t\t\t\t\t\t<li class=\"list-inline-item\"><a href=\"https:\/\/finanedi.es\/blog\/category\/facturacion\/\">Facturaci\u00f3n<\/a><\/li>\t\t\t\t\t\t\t<\/ul>\n\t\t\t\t\t\t\t<h5 class=\"post-title\"><a href=\"https:\/\/finanedi.es\/blog\/5-tips-para-estar-preparado-para-verifactu\/\">5 tips para estar preparado para VeriFactu<\/a><\/h5>\n\t\t\t\t\t\t\t<p class=\"excerpt mb-0\">\n\t\t\t\t\t\t\t\tLa facturaci\u00f3n electr\u00f3nica est\u00e1 viviendo una transformaci\u00f3n decisiva con la llegada de VeriFactu, el nuevo&hellip;\t\t\t\t\t\t\t<\/p>\n\t\t\t\t\t\t\t<div class=\"post-bottom clearfix d-flex align-items-center\">\n\t\t\t\t\t\t\t\t\t\t\t\t\t\t\t\t\t\t\t\t\t\t\t<\/div>\n\t\t\t\t\t\t<\/div>\n\t\t\t\t\t<\/div>\n\t\t\t\t<\/div>\n\n\t\t\t\n\t\t\t\t<div class=\"col-md-12 col-sm-6 post-list-item post-item\">\n\t\t\t\t\t<!-- post -->\n\t\t\t\t\t<div class=\"post post-list clearfix\">\n\n\t\t\t\t\t\t<div class=\"thumb rounded\"><div class=\"inner\"><a href=\"https:\/\/finanedi.es\/blog\/que-sanciones-existen-por-no-emitir-factura-electronica\/\"><img decoding=\"async\" width=\"330\" height=\"250\" src=\"https:\/\/finanedi.es\/blog\/contenido\/uploads\/2025\/10\/Que-sanciones-existen-por-no-emitir-factura-electronica-330x250.jpg\" class=\"attachment-katen-thumb-list size-katen-thumb-list wp-post-image\" alt=\"Qu\u00e9 sanciones existen por no emitir factura electr\u00f3nica\" \/><\/a><\/div><\/div>  \n\n\t\t\t\t\t\t<div class=\"details clearfix\">\n\t\t\t\t\t\t\t<ul class=\"meta list-inline mb-3\">\n\t\t\t\t\t\t\t\t<li class=\"list-inline-item\"><a href=\"https:\/\/finanedi.es\/blog\/category\/facturacion\/\">Facturaci\u00f3n<\/a><\/li>\t\t\t\t\t\t\t<\/ul>\n\t\t\t\t\t\t\t<h5 class=\"post-title\"><a href=\"https:\/\/finanedi.es\/blog\/que-sanciones-existen-por-no-emitir-factura-electronica\/\">Qu\u00e9 sanciones existen por no emitir factura electr\u00f3nica<\/a><\/h5>\n\t\t\t\t\t\t\t<p class=\"excerpt mb-0\">\n\t\t\t\t\t\t\t\tLa factura electr\u00f3nica ya no es una opci\u00f3n, sino una obligaci\u00f3n para la mayor\u00eda de&hellip;\t\t\t\t\t\t\t<\/p>\n\t\t\t\t\t\t\t<div class=\"post-bottom clearfix d-flex align-items-center\">\n\t\t\t\t\t\t\t\t\t\t\t\t\t\t\t\t\t\t\t\t\t\t\t<\/div>\n\t\t\t\t\t\t<\/div>\n\t\t\t\t\t<\/div>\n\t\t\t\t<\/div>\n\n\t\t\t\n\t\t\t\t<div class=\"col-md-12 col-sm-6 post-list-item post-item\">\n\t\t\t\t\t<!-- post -->\n\t\t\t\t\t<div class=\"post post-list clearfix\">\n\n\t\t\t\t\t\t<div class=\"thumb rounded\"><div class=\"inner\"><a href=\"https:\/\/finanedi.es\/blog\/que-gastos-son-deducibles-para-autonomos-y-empresas\/\"><img loading=\"lazy\" decoding=\"async\" width=\"330\" height=\"250\" src=\"https:\/\/finanedi.es\/blog\/contenido\/uploads\/2025\/10\/Que-gastos-son-deducibles-para-autonomos-y-empresas-330x250.jpg\" class=\"attachment-katen-thumb-list size-katen-thumb-list wp-post-image\" alt=\"Qu\u00e9 gastos son deducibles para aut\u00f3nomos y empresas\" \/><\/a><\/div><\/div>  \n\n\t\t\t\t\t\t<div class=\"details clearfix\">\n\t\t\t\t\t\t\t<ul class=\"meta list-inline mb-3\">\n\t\t\t\t\t\t\t\t<li class=\"list-inline-item\"><a href=\"https:\/\/finanedi.es\/blog\/category\/contabilidad\/\">Contabilidad<\/a><\/li>\t\t\t\t\t\t\t<\/ul>\n\t\t\t\t\t\t\t<h5 class=\"post-title\"><a href=\"https:\/\/finanedi.es\/blog\/que-gastos-son-deducibles-para-autonomos-y-empresas\/\">Qu\u00e9 gastos son deducibles para aut\u00f3nomos y empresas<\/a><\/h5>\n\t\t\t\t\t\t\t<p class=\"excerpt mb-0\">\n\t\t\t\t\t\t\t\tLlevar la contabilidad al d\u00eda no es solo una cuesti\u00f3n de orden: tambi\u00e9n puede marcar&hellip;\t\t\t\t\t\t\t<\/p>\n\t\t\t\t\t\t\t<div class=\"post-bottom clearfix d-flex align-items-center\">\n\t\t\t\t\t\t\t\t\t\t\t\t\t\t\t\t\t\t\t\t\t\t\t<\/div>\n\t\t\t\t\t\t<\/div>\n\t\t\t\t\t<\/div>\n\t\t\t\t<\/div>\n\n\t\t\t\n\t\t\t\t<div class=\"col-md-12 col-sm-6 post-list-item post-item\">\n\t\t\t\t\t<!-- post -->\n\t\t\t\t\t<div class=\"post post-list clearfix\">\n\n\t\t\t\t\t\t<div class=\"thumb rounded\"><div class=\"inner\"><a href=\"https:\/\/finanedi.es\/blog\/que-debe-incluir-una-factura-electronica-segun-la-ley\/\"><img loading=\"lazy\" decoding=\"async\" width=\"330\" height=\"250\" src=\"https:\/\/finanedi.es\/blog\/contenido\/uploads\/2025\/10\/Que-debe-incluir-una-factura-electronica-segun-la-ley-330x250.jpg\" class=\"attachment-katen-thumb-list size-katen-thumb-list wp-post-image\" alt=\"Qu\u00e9 debe incluir una factura electr\u00f3nica seg\u00fan la ley\" \/><\/a><\/div><\/div>  \n\n\t\t\t\t\t\t<div class=\"details clearfix\">\n\t\t\t\t\t\t\t<ul class=\"meta list-inline mb-3\">\n\t\t\t\t\t\t\t\t<li class=\"list-inline-item\"><a href=\"https:\/\/finanedi.es\/blog\/category\/facturacion\/\">Facturaci\u00f3n<\/a><\/li>\t\t\t\t\t\t\t<\/ul>\n\t\t\t\t\t\t\t<h5 class=\"post-title\"><a href=\"https:\/\/finanedi.es\/blog\/que-debe-incluir-una-factura-electronica-segun-la-ley\/\">Qu\u00e9 debe incluir una factura electr\u00f3nica seg\u00fan la ley<\/a><\/h5>\n\t\t\t\t\t\t\t<p class=\"excerpt mb-0\">\n\t\t\t\t\t\t\t\tLa factura electr\u00f3nica ya no es el futuro: es el presente obligatorio para aut\u00f3nomos y&hellip;\t\t\t\t\t\t\t<\/p>\n\t\t\t\t\t\t\t<div class=\"post-bottom clearfix d-flex align-items-center\">\n\t\t\t\t\t\t\t\t\t\t\t\t\t\t\t\t\t\t\t\t\t\t\t<\/div>\n\t\t\t\t\t\t<\/div>\n\t\t\t\t\t<\/div>\n\t\t\t\t<\/div>\n\n\t\t\t\n\t\t\t<\/div>\n\n\t\t<\/div>\n\t\t\n        \t\t\t\t<\/div>\n\t\t\t\t<\/div>\n\t\t\t\t<\/div>\n\t\t\t\t\t<\/div>\n\t\t\t\t<\/div>\n\t\t\t\t<\/div>\n\t\t","protected":false},"excerpt":{"rendered":"<p>La asesor\u00eda laboral es un servicio esencial para cualquier negocio, especialmente para las pymes y aut\u00f3nomos. No solo garantiza el cumplimiento de la normativa laboral, sino que tambi\u00e9n optimiza la gesti\u00f3n de los recursos humanos, mejora la productividad y reduce riesgos legales. <\/p>\n","protected":false},"author":3,"featured_media":5912,"comment_status":"closed","ping_status":"open","sticky":false,"template":"","format":"standard","meta":{"_monsterinsights_skip_tracking":false,"_monsterinsights_sitenote_active":false,"_monsterinsights_sitenote_note":"","_monsterinsights_sitenote_category":0,"footnotes":""},"categories":[8,6,43],"tags":[],"class_list":["post-5903","post","type-post","status-publish","format-standard","has-post-thumbnail","hentry","category-autonomos","category-contabilidad","category-pymes"],"yoast_head":"<!-- This site is optimized with the Yoast SEO plugin v26.2 - https:\/\/yoast.com\/wordpress\/plugins\/seo\/ -->\n<title>La importancia de la asesor\u00eda laboral para pymes y aut\u00f3nomos<\/title>\n<meta name=\"description\" content=\"Asesor\u00eda laboral: beneficios, servicios clave y c\u00f3mo elegir la mejor opci\u00f3n para PYMES y aut\u00f3nomos. Optimiza la gesti\u00f3n de recursos humanos.\" \/>\n<meta name=\"robots\" content=\"index, follow, max-snippet:-1, max-image-preview:large, max-video-preview:-1\" \/>\n<link rel=\"canonical\" href=\"https:\/\/finanedi.es\/blog\/asesoria-laboral-pymes-y-autonomos\/\" \/>\n<meta property=\"og:locale\" content=\"es_ES\" \/>\n<meta property=\"og:type\" content=\"article\" \/>\n<meta property=\"og:title\" content=\"La importancia de la asesor\u00eda laboral para pymes y aut\u00f3nomos\" \/>\n<meta property=\"og:description\" content=\"Asesor\u00eda laboral: beneficios, servicios clave y c\u00f3mo elegir la mejor opci\u00f3n para PYMES y aut\u00f3nomos. Optimiza la gesti\u00f3n de recursos humanos.\" \/>\n<meta property=\"og:url\" content=\"https:\/\/finanedi.es\/blog\/asesoria-laboral-pymes-y-autonomos\/\" \/>\n<meta property=\"og:site_name\" content=\"Blog para pymes y aut\u00f3nomos - FinanEDI\" \/>\n<meta property=\"article:published_time\" content=\"2024-10-10T12:22:31+00:00\" \/>\n<meta property=\"og:image\" content=\"https:\/\/finanedi.es\/blog\/contenido\/uploads\/2024\/10\/Asesoria-laboral.jpg\" \/>\n\t<meta property=\"og:image:width\" content=\"2000\" \/>\n\t<meta property=\"og:image:height\" content=\"1223\" \/>\n\t<meta property=\"og:image:type\" content=\"image\/jpeg\" \/>\n<meta name=\"author\" content=\"restevez\" \/>\n<meta name=\"twitter:card\" content=\"summary_large_image\" \/>\n<meta name=\"twitter:label1\" content=\"Escrito por\" \/>\n\t<meta name=\"twitter:data1\" content=\"restevez\" \/>\n\t<meta name=\"twitter:label2\" content=\"Tiempo de lectura\" \/>\n\t<meta name=\"twitter:data2\" content=\"6 minutos\" \/>\n<script type=\"application\/ld+json\" class=\"yoast-schema-graph\">{\"@context\":\"https:\/\/schema.org\",\"@graph\":[{\"@type\":\"Article\",\"@id\":\"https:\/\/finanedi.es\/blog\/asesoria-laboral-pymes-y-autonomos\/#article\",\"isPartOf\":{\"@id\":\"https:\/\/finanedi.es\/blog\/asesoria-laboral-pymes-y-autonomos\/\"},\"author\":{\"name\":\"restevez\",\"@id\":\"https:\/\/finanedi.es\/blog\/#\/schema\/person\/233ed58195d34f36f74f13ba1030ebd8\"},\"headline\":\"La importancia de la asesor\u00eda laboral para pymes y aut\u00f3nomos\",\"datePublished\":\"2024-10-10T12:22:31+00:00\",\"mainEntityOfPage\":{\"@id\":\"https:\/\/finanedi.es\/blog\/asesoria-laboral-pymes-y-autonomos\/\"},\"wordCount\":1014,\"publisher\":{\"@id\":\"https:\/\/finanedi.es\/blog\/#organization\"},\"image\":{\"@id\":\"https:\/\/finanedi.es\/blog\/asesoria-laboral-pymes-y-autonomos\/#primaryimage\"},\"thumbnailUrl\":\"https:\/\/finanedi.es\/blog\/contenido\/uploads\/2024\/10\/Asesoria-laboral.jpg\",\"articleSection\":[\"Aut\u00f3nomos\",\"Contabilidad\",\"PYMES\"],\"inLanguage\":\"es\"},{\"@type\":\"WebPage\",\"@id\":\"https:\/\/finanedi.es\/blog\/asesoria-laboral-pymes-y-autonomos\/\",\"url\":\"https:\/\/finanedi.es\/blog\/asesoria-laboral-pymes-y-autonomos\/\",\"name\":\"La importancia de la asesor\u00eda laboral para pymes y aut\u00f3nomos\",\"isPartOf\":{\"@id\":\"https:\/\/finanedi.es\/blog\/#website\"},\"primaryImageOfPage\":{\"@id\":\"https:\/\/finanedi.es\/blog\/asesoria-laboral-pymes-y-autonomos\/#primaryimage\"},\"image\":{\"@id\":\"https:\/\/finanedi.es\/blog\/asesoria-laboral-pymes-y-autonomos\/#primaryimage\"},\"thumbnailUrl\":\"https:\/\/finanedi.es\/blog\/contenido\/uploads\/2024\/10\/Asesoria-laboral.jpg\",\"datePublished\":\"2024-10-10T12:22:31+00:00\",\"description\":\"Asesor\u00eda laboral: beneficios, servicios clave y c\u00f3mo elegir la mejor opci\u00f3n para PYMES y aut\u00f3nomos. Optimiza la gesti\u00f3n de recursos humanos.\",\"breadcrumb\":{\"@id\":\"https:\/\/finanedi.es\/blog\/asesoria-laboral-pymes-y-autonomos\/#breadcrumb\"},\"inLanguage\":\"es\",\"potentialAction\":[{\"@type\":\"ReadAction\",\"target\":[\"https:\/\/finanedi.es\/blog\/asesoria-laboral-pymes-y-autonomos\/\"]}]},{\"@type\":\"ImageObject\",\"inLanguage\":\"es\",\"@id\":\"https:\/\/finanedi.es\/blog\/asesoria-laboral-pymes-y-autonomos\/#primaryimage\",\"url\":\"https:\/\/finanedi.es\/blog\/contenido\/uploads\/2024\/10\/Asesoria-laboral.jpg\",\"contentUrl\":\"https:\/\/finanedi.es\/blog\/contenido\/uploads\/2024\/10\/Asesoria-laboral.jpg\",\"width\":2000,\"height\":1223,\"caption\":\"Asesor\u00eda laboral para pymes y aut\u00f3nomos\"},{\"@type\":\"BreadcrumbList\",\"@id\":\"https:\/\/finanedi.es\/blog\/asesoria-laboral-pymes-y-autonomos\/#breadcrumb\",\"itemListElement\":[{\"@type\":\"ListItem\",\"position\":1,\"name\":\"Home\",\"item\":\"https:\/\/finanedi.es\/blog\/\"},{\"@type\":\"ListItem\",\"position\":2,\"name\":\"La importancia de la asesor\u00eda laboral para pymes y aut\u00f3nomos\"}]},{\"@type\":\"WebSite\",\"@id\":\"https:\/\/finanedi.es\/blog\/#website\",\"url\":\"https:\/\/finanedi.es\/blog\/\",\"name\":\"Blog para pymes y aut\u00f3nomos - FinanEDI\",\"description\":\"Blog para aut\u00f3nomos y PYMES, sobre temas como facturaci\u00f3n, contabilidad, tecnolog\u00eda.\",\"publisher\":{\"@id\":\"https:\/\/finanedi.es\/blog\/#organization\"},\"potentialAction\":[{\"@type\":\"SearchAction\",\"target\":{\"@type\":\"EntryPoint\",\"urlTemplate\":\"https:\/\/finanedi.es\/blog\/?s={search_term_string}\"},\"query-input\":{\"@type\":\"PropertyValueSpecification\",\"valueRequired\":true,\"valueName\":\"search_term_string\"}}],\"inLanguage\":\"es\"},{\"@type\":\"Organization\",\"@id\":\"https:\/\/finanedi.es\/blog\/#organization\",\"name\":\"Blog para pymes y aut\u00f3nomos - FinanEDI\",\"url\":\"https:\/\/finanedi.es\/blog\/\",\"logo\":{\"@type\":\"ImageObject\",\"inLanguage\":\"es\",\"@id\":\"https:\/\/finanedi.es\/blog\/#\/schema\/logo\/image\/\",\"url\":\"https:\/\/finanedi.es\/blog\/contenido\/uploads\/2024\/02\/FinanEdiAzul1.svg\",\"contentUrl\":\"https:\/\/finanedi.es\/blog\/contenido\/uploads\/2024\/02\/FinanEdiAzul1.svg\",\"width\":142,\"height\":36,\"caption\":\"Blog para pymes y aut\u00f3nomos - FinanEDI\"},\"image\":{\"@id\":\"https:\/\/finanedi.es\/blog\/#\/schema\/logo\/image\/\"}},{\"@type\":\"Person\",\"@id\":\"https:\/\/finanedi.es\/blog\/#\/schema\/person\/233ed58195d34f36f74f13ba1030ebd8\",\"name\":\"restevez\",\"image\":{\"@type\":\"ImageObject\",\"inLanguage\":\"es\",\"@id\":\"https:\/\/finanedi.es\/blog\/#\/schema\/person\/image\/\",\"url\":\"https:\/\/secure.gravatar.com\/avatar\/6c4880db9746e4aa887a98e0ebf657788804dc4280120ef10331a2e6ebb4a9a0?s=96&d=mm&r=g\",\"contentUrl\":\"https:\/\/secure.gravatar.com\/avatar\/6c4880db9746e4aa887a98e0ebf657788804dc4280120ef10331a2e6ebb4a9a0?s=96&d=mm&r=g\",\"caption\":\"restevez\"},\"url\":\"https:\/\/finanedi.es\/blog\/author\/restevez\/\"}]}<\/script>\n<!-- \/ Yoast SEO plugin. -->","yoast_head_json":{"title":"La importancia de la asesor\u00eda laboral para pymes y aut\u00f3nomos","description":"Asesor\u00eda laboral: beneficios, servicios clave y c\u00f3mo elegir la mejor opci\u00f3n para PYMES y aut\u00f3nomos. Optimiza la gesti\u00f3n de recursos humanos.","robots":{"index":"index","follow":"follow","max-snippet":"max-snippet:-1","max-image-preview":"max-image-preview:large","max-video-preview":"max-video-preview:-1"},"canonical":"https:\/\/finanedi.es\/blog\/asesoria-laboral-pymes-y-autonomos\/","og_locale":"es_ES","og_type":"article","og_title":"La importancia de la asesor\u00eda laboral para pymes y aut\u00f3nomos","og_description":"Asesor\u00eda laboral: beneficios, servicios clave y c\u00f3mo elegir la mejor opci\u00f3n para PYMES y aut\u00f3nomos. Optimiza la gesti\u00f3n de recursos humanos.","og_url":"https:\/\/finanedi.es\/blog\/asesoria-laboral-pymes-y-autonomos\/","og_site_name":"Blog para pymes y aut\u00f3nomos - FinanEDI","article_published_time":"2024-10-10T12:22:31+00:00","og_image":[{"width":2000,"height":1223,"url":"https:\/\/finanedi.es\/blog\/contenido\/uploads\/2024\/10\/Asesoria-laboral.jpg","type":"image\/jpeg"}],"author":"restevez","twitter_card":"summary_large_image","twitter_misc":{"Escrito por":"restevez","Tiempo de lectura":"6 minutos"},"schema":{"@context":"https:\/\/schema.org","@graph":[{"@type":"Article","@id":"https:\/\/finanedi.es\/blog\/asesoria-laboral-pymes-y-autonomos\/#article","isPartOf":{"@id":"https:\/\/finanedi.es\/blog\/asesoria-laboral-pymes-y-autonomos\/"},"author":{"name":"restevez","@id":"https:\/\/finanedi.es\/blog\/#\/schema\/person\/233ed58195d34f36f74f13ba1030ebd8"},"headline":"La importancia de la asesor\u00eda laboral para pymes y aut\u00f3nomos","datePublished":"2024-10-10T12:22:31+00:00","mainEntityOfPage":{"@id":"https:\/\/finanedi.es\/blog\/asesoria-laboral-pymes-y-autonomos\/"},"wordCount":1014,"publisher":{"@id":"https:\/\/finanedi.es\/blog\/#organization"},"image":{"@id":"https:\/\/finanedi.es\/blog\/asesoria-laboral-pymes-y-autonomos\/#primaryimage"},"thumbnailUrl":"https:\/\/finanedi.es\/blog\/contenido\/uploads\/2024\/10\/Asesoria-laboral.jpg","articleSection":["Aut\u00f3nomos","Contabilidad","PYMES"],"inLanguage":"es"},{"@type":"WebPage","@id":"https:\/\/finanedi.es\/blog\/asesoria-laboral-pymes-y-autonomos\/","url":"https:\/\/finanedi.es\/blog\/asesoria-laboral-pymes-y-autonomos\/","name":"La importancia de la asesor\u00eda laboral para pymes y aut\u00f3nomos","isPartOf":{"@id":"https:\/\/finanedi.es\/blog\/#website"},"primaryImageOfPage":{"@id":"https:\/\/finanedi.es\/blog\/asesoria-laboral-pymes-y-autonomos\/#primaryimage"},"image":{"@id":"https:\/\/finanedi.es\/blog\/asesoria-laboral-pymes-y-autonomos\/#primaryimage"},"thumbnailUrl":"https:\/\/finanedi.es\/blog\/contenido\/uploads\/2024\/10\/Asesoria-laboral.jpg","datePublished":"2024-10-10T12:22:31+00:00","description":"Asesor\u00eda laboral: beneficios, servicios clave y c\u00f3mo elegir la mejor opci\u00f3n para PYMES y aut\u00f3nomos. Optimiza la gesti\u00f3n de recursos humanos.","breadcrumb":{"@id":"https:\/\/finanedi.es\/blog\/asesoria-laboral-pymes-y-autonomos\/#breadcrumb"},"inLanguage":"es","potentialAction":[{"@type":"ReadAction","target":["https:\/\/finanedi.es\/blog\/asesoria-laboral-pymes-y-autonomos\/"]}]},{"@type":"ImageObject","inLanguage":"es","@id":"https:\/\/finanedi.es\/blog\/asesoria-laboral-pymes-y-autonomos\/#primaryimage","url":"https:\/\/finanedi.es\/blog\/contenido\/uploads\/2024\/10\/Asesoria-laboral.jpg","contentUrl":"https:\/\/finanedi.es\/blog\/contenido\/uploads\/2024\/10\/Asesoria-laboral.jpg","width":2000,"height":1223,"caption":"Asesor\u00eda laboral para pymes y aut\u00f3nomos"},{"@type":"BreadcrumbList","@id":"https:\/\/finanedi.es\/blog\/asesoria-laboral-pymes-y-autonomos\/#breadcrumb","itemListElement":[{"@type":"ListItem","position":1,"name":"Home","item":"https:\/\/finanedi.es\/blog\/"},{"@type":"ListItem","position":2,"name":"La importancia de la asesor\u00eda laboral para pymes y aut\u00f3nomos"}]},{"@type":"WebSite","@id":"https:\/\/finanedi.es\/blog\/#website","url":"https:\/\/finanedi.es\/blog\/","name":"Blog para pymes y aut\u00f3nomos - FinanEDI","description":"Blog para aut\u00f3nomos y PYMES, sobre temas como facturaci\u00f3n, contabilidad, tecnolog\u00eda.","publisher":{"@id":"https:\/\/finanedi.es\/blog\/#organization"},"potentialAction":[{"@type":"SearchAction","target":{"@type":"EntryPoint","urlTemplate":"https:\/\/finanedi.es\/blog\/?s={search_term_string}"},"query-input":{"@type":"PropertyValueSpecification","valueRequired":true,"valueName":"search_term_string"}}],"inLanguage":"es"},{"@type":"Organization","@id":"https:\/\/finanedi.es\/blog\/#organization","name":"Blog para pymes y aut\u00f3nomos - FinanEDI","url":"https:\/\/finanedi.es\/blog\/","logo":{"@type":"ImageObject","inLanguage":"es","@id":"https:\/\/finanedi.es\/blog\/#\/schema\/logo\/image\/","url":"https:\/\/finanedi.es\/blog\/contenido\/uploads\/2024\/02\/FinanEdiAzul1.svg","contentUrl":"https:\/\/finanedi.es\/blog\/contenido\/uploads\/2024\/02\/FinanEdiAzul1.svg","width":142,"height":36,"caption":"Blog para pymes y aut\u00f3nomos - FinanEDI"},"image":{"@id":"https:\/\/finanedi.es\/blog\/#\/schema\/logo\/image\/"}},{"@type":"Person","@id":"https:\/\/finanedi.es\/blog\/#\/schema\/person\/233ed58195d34f36f74f13ba1030ebd8","name":"restevez","image":{"@type":"ImageObject","inLanguage":"es","@id":"https:\/\/finanedi.es\/blog\/#\/schema\/person\/image\/","url":"https:\/\/secure.gravatar.com\/avatar\/6c4880db9746e4aa887a98e0ebf657788804dc4280120ef10331a2e6ebb4a9a0?s=96&d=mm&r=g","contentUrl":"https:\/\/secure.gravatar.com\/avatar\/6c4880db9746e4aa887a98e0ebf657788804dc4280120ef10331a2e6ebb4a9a0?s=96&d=mm&r=g","caption":"restevez"},"url":"https:\/\/finanedi.es\/blog\/author\/restevez\/"}]}},"_links":{"self":[{"href":"https:\/\/finanedi.es\/blog\/wp-json\/wp\/v2\/posts\/5903","targetHints":{"allow":["GET"]}}],"collection":[{"href":"https:\/\/finanedi.es\/blog\/wp-json\/wp\/v2\/posts"}],"about":[{"href":"https:\/\/finanedi.es\/blog\/wp-json\/wp\/v2\/types\/post"}],"author":[{"embeddable":true,"href":"https:\/\/finanedi.es\/blog\/wp-json\/wp\/v2\/users\/3"}],"replies":[{"embeddable":true,"href":"https:\/\/finanedi.es\/blog\/wp-json\/wp\/v2\/comments?post=5903"}],"version-history":[{"count":11,"href":"https:\/\/finanedi.es\/blog\/wp-json\/wp\/v2\/posts\/5903\/revisions"}],"predecessor-version":[{"id":5915,"href":"https:\/\/finanedi.es\/blog\/wp-json\/wp\/v2\/posts\/5903\/revisions\/5915"}],"wp:featuredmedia":[{"embeddable":true,"href":"https:\/\/finanedi.es\/blog\/wp-json\/wp\/v2\/media\/5912"}],"wp:attachment":[{"href":"https:\/\/finanedi.es\/blog\/wp-json\/wp\/v2\/media?parent=5903"}],"wp:term":[{"taxonomy":"category","embeddable":true,"href":"https:\/\/finanedi.es\/blog\/wp-json\/wp\/v2\/categories?post=5903"},{"taxonomy":"post_tag","embeddable":true,"href":"https:\/\/finanedi.es\/blog\/wp-json\/wp\/v2\/tags?post=5903"}],"curies":[{"name":"wp","href":"https:\/\/api.w.org\/{rel}","templated":true}]}}