{"id":6056,"date":"2024-10-16T09:35:44","date_gmt":"2024-10-16T07:35:44","guid":{"rendered":"https:\/\/finanedi.es\/blog\/?p=6056"},"modified":"2024-10-16T17:20:37","modified_gmt":"2024-10-16T15:20:37","slug":"operador-intracomunitario","status":"publish","type":"post","link":"https:\/\/finanedi.es\/blog\/operador-intracomunitario\/","title":{"rendered":"Convi\u00e9rtete en operador intracomunitario: Expande tu negocio en Europa"},"content":{"rendered":"\t\t<div data-elementor-type=\"wp-post\" data-elementor-id=\"6056\" class=\"elementor elementor-6056\">\n\t\t\t\t<div class=\"elementor-element elementor-element-ecf9cc6 e-flex e-con-boxed e-con e-parent\" data-id=\"ecf9cc6\" data-element_type=\"container\">\n\t\t\t\t\t<div class=\"e-con-inner\">\n\t\t\t\t<div class=\"elementor-element elementor-element-981fc36 elementor-widget elementor-widget-text-editor\" data-id=\"981fc36\" data-element_type=\"widget\" data-widget_type=\"text-editor.default\">\n\t\t\t\t<div class=\"elementor-widget-container\">\n\t\t\t\t\t\t\t\t\t<p>La Uni\u00f3n Europea ofrece numerosas oportunidades para las <strong>pymes<\/strong> y los <strong>aut\u00f3nomos<\/strong>. Uno de los elementos clave para aprovechar estas oportunidades es convertirse en un <strong>operador intracomunitario<\/strong>.<\/p>\t\t\t\t\t\t\t\t<\/div>\n\t\t\t\t<\/div>\n\t\t\t\t\t<\/div>\n\t\t\t\t<\/div>\n\t\t<div class=\"elementor-element elementor-element-fc24157 e-flex e-con-boxed e-con e-parent\" data-id=\"fc24157\" data-element_type=\"container\">\n\t\t\t\t\t<div class=\"e-con-inner\">\n\t\t\t\t<div class=\"elementor-element elementor-element-7788e98 elementor-widget elementor-widget-heading\" data-id=\"7788e98\" data-element_type=\"widget\" data-widget_type=\"heading.default\">\n\t\t\t\t<div class=\"elementor-widget-container\">\n\t\t\t\t\t<h2 class=\"elementor-heading-title elementor-size-default\">\u00bfQu\u00e9 es un Operador Intracomunitario?<\/h2>\t\t\t\t<\/div>\n\t\t\t\t<\/div>\n\t\t\t\t\t<\/div>\n\t\t\t\t<\/div>\n\t\t<div class=\"elementor-element elementor-element-19ebafc e-flex e-con-boxed e-con e-parent\" data-id=\"19ebafc\" data-element_type=\"container\">\n\t\t\t\t\t<div class=\"e-con-inner\">\n\t\t\t\t<div class=\"elementor-element elementor-element-f4ff00c elementor-widget elementor-widget-text-editor\" data-id=\"f4ff00c\" data-element_type=\"widget\" data-widget_type=\"text-editor.default\">\n\t\t\t\t<div class=\"elementor-widget-container\">\n\t\t\t\t\t\t\t\t\t<p>Un <strong>operador intracomunitario<\/strong> es una empresa o aut\u00f3nomo registrado en el <a href=\"https:\/\/sede.agenciatributaria.gob.es\/Sede\/censos-nif-domicilio-fiscal\/quien-debe-estar-censado\/registro-operadores-intracomunitarios.html\" target=\"_blank\" rel=\"noopener\">Registro de Operadores Intracomunitarios (ROI)<\/a> que realiza operaciones comerciales dentro de los <a href=\"https:\/\/cde.ugr.es\/index.php\/union-europea\/paises-de-la-union-europea#:~:text=Pa%C3%ADses%20de%20la%20Uni%C3%B3n%20Europea,%2C%20Portugal%2C%20Rumania%20y%20Suecia.\" target=\"_blank\" rel=\"noopener\">pa\u00edses miembros de la Uni\u00f3n Europea<\/a>. Este registro permite a las empresas realizar transacciones sin necesidad de pagar el IVA en las fronteras, facilitando as\u00ed el comercio transfronterizo.<\/p>\t\t\t\t\t\t\t\t<\/div>\n\t\t\t\t<\/div>\n\t\t\t\t\t<\/div>\n\t\t\t\t<\/div>\n\t\t<div class=\"elementor-element elementor-element-d940934 e-flex e-con-boxed e-con e-parent\" data-id=\"d940934\" data-element_type=\"container\">\n\t\t\t\t\t<div class=\"e-con-inner\">\n\t\t\t\t<div class=\"elementor-element elementor-element-627b669 elementor-widget elementor-widget-heading\" data-id=\"627b669\" data-element_type=\"widget\" data-widget_type=\"heading.default\">\n\t\t\t\t<div class=\"elementor-widget-container\">\n\t\t\t\t\t<h3 class=\"elementor-heading-title elementor-size-default\">Registro de operadores intracomunitarios (ROI)<\/h3>\t\t\t\t<\/div>\n\t\t\t\t<\/div>\n\t\t\t\t\t<\/div>\n\t\t\t\t<\/div>\n\t\t<div class=\"elementor-element elementor-element-af2d98e e-flex e-con-boxed e-con e-parent\" data-id=\"af2d98e\" data-element_type=\"container\">\n\t\t\t\t\t<div class=\"e-con-inner\">\n\t\t\t\t<div class=\"elementor-element elementor-element-1517b7a elementor-widget elementor-widget-text-editor\" data-id=\"1517b7a\" data-element_type=\"widget\" data-widget_type=\"text-editor.default\">\n\t\t\t\t<div class=\"elementor-widget-container\">\n\t\t\t\t\t\t\t\t\t<p>El ROI es una base de datos que contiene la informaci\u00f3n de todas las empresas y aut\u00f3nomos que est\u00e1n autorizados para realizar operaciones intracomunitarias. Para estar en este registro, es necesario solicitar un <a href=\"https:\/\/finanedi.es\/blog\/que-es-el-nif-numero-de-identificacion-fiscal\/\">N\u00famero de Identificaci\u00f3n Fiscal<\/a> para Operaciones Intracomunitarias (NIF-IVA), el cual es una extensi\u00f3n del CIF o NIF habitual.<\/p>\t\t\t\t\t\t\t\t<\/div>\n\t\t\t\t<\/div>\n\t\t\t\t\t<\/div>\n\t\t\t\t<\/div>\n\t\t<div class=\"elementor-element elementor-element-5d1e886 e-flex e-con-boxed e-con e-parent\" data-id=\"5d1e886\" data-element_type=\"container\">\n\t\t\t\t\t<div class=\"e-con-inner\">\n\t\t\t\t<div class=\"elementor-element elementor-element-bbf0bdc elementor-widget elementor-widget-spacer\" data-id=\"bbf0bdc\" data-element_type=\"widget\" data-widget_type=\"spacer.default\">\n\t\t\t\t<div class=\"elementor-widget-container\">\n\t\t\t\t\t\t\t<div class=\"elementor-spacer\">\n\t\t\t<div class=\"elementor-spacer-inner\"><\/div>\n\t\t<\/div>\n\t\t\t\t\t\t<\/div>\n\t\t\t\t<\/div>\n\t\t\t\t\t<\/div>\n\t\t\t\t<\/div>\n\t\t<div class=\"elementor-element elementor-element-ae59bfa e-flex e-con-boxed e-con e-parent\" data-id=\"ae59bfa\" data-element_type=\"container\">\n\t\t\t\t\t<div class=\"e-con-inner\">\n\t\t\t\t<div class=\"elementor-element elementor-element-b22098e elementor-widget elementor-widget-heading\" data-id=\"b22098e\" data-element_type=\"widget\" data-widget_type=\"heading.default\">\n\t\t\t\t<div class=\"elementor-widget-container\">\n\t\t\t\t\t<h3 class=\"elementor-heading-title elementor-size-default\">Beneficios de ser un operador intracomunitario<\/h3>\t\t\t\t<\/div>\n\t\t\t\t<\/div>\n\t\t\t\t\t<\/div>\n\t\t\t\t<\/div>\n\t\t<div class=\"elementor-element elementor-element-336a1d4 e-flex e-con-boxed e-con e-parent\" data-id=\"336a1d4\" data-element_type=\"container\">\n\t\t\t\t\t<div class=\"e-con-inner\">\n\t\t\t\t<div class=\"elementor-element elementor-element-7ede0f4 elementor-widget elementor-widget-heading\" data-id=\"7ede0f4\" data-element_type=\"widget\" data-widget_type=\"heading.default\">\n\t\t\t\t<div class=\"elementor-widget-container\">\n\t\t\t\t\t<h4 class=\"elementor-heading-title elementor-size-default\">Exenciones y ventajas fiscales<\/h4>\t\t\t\t<\/div>\n\t\t\t\t<\/div>\n\t\t\t\t\t<\/div>\n\t\t\t\t<\/div>\n\t\t<div class=\"elementor-element elementor-element-daec9bf e-flex e-con-boxed e-con e-parent\" data-id=\"daec9bf\" data-element_type=\"container\">\n\t\t\t\t\t<div class=\"e-con-inner\">\n\t\t\t\t<div class=\"elementor-element elementor-element-08be1db elementor-widget elementor-widget-text-editor\" data-id=\"08be1db\" data-element_type=\"widget\" data-widget_type=\"text-editor.default\">\n\t\t\t\t<div class=\"elementor-widget-container\">\n\t\t\t\t\t\t\t\t\t<p>Uno de los principales beneficios de ser un operador intracomunitario es la exenci\u00f3n del IVA en las transacciones con otros pa\u00edses miembros de la UE. Esto significa que puedes comprar y vender productos sin tener que pagar el IVA en la aduana, lo cual reduce significativamente los costos operativos.<\/p>\t\t\t\t\t\t\t\t<\/div>\n\t\t\t\t<\/div>\n\t\t\t\t\t<\/div>\n\t\t\t\t<\/div>\n\t\t<div class=\"elementor-element elementor-element-619d045 e-flex e-con-boxed e-con e-parent\" data-id=\"619d045\" data-element_type=\"container\">\n\t\t\t\t\t<div class=\"e-con-inner\">\n\t\t\t\t<div class=\"elementor-element elementor-element-33c7f1f elementor-widget elementor-widget-heading\" data-id=\"33c7f1f\" data-element_type=\"widget\" data-widget_type=\"heading.default\">\n\t\t\t\t<div class=\"elementor-widget-container\">\n\t\t\t\t\t<h4 class=\"elementor-heading-title elementor-size-default\">Simplificaci\u00f3n de tr\u00e1mites aduaneros<\/h4>\t\t\t\t<\/div>\n\t\t\t\t<\/div>\n\t\t\t\t\t<\/div>\n\t\t\t\t<\/div>\n\t\t<div class=\"elementor-element elementor-element-b121e50 e-flex e-con-boxed e-con e-parent\" data-id=\"b121e50\" data-element_type=\"container\">\n\t\t\t\t\t<div class=\"e-con-inner\">\n\t\t\t\t<div class=\"elementor-element elementor-element-667174b elementor-widget elementor-widget-text-editor\" data-id=\"667174b\" data-element_type=\"widget\" data-widget_type=\"text-editor.default\">\n\t\t\t\t<div class=\"elementor-widget-container\">\n\t\t\t\t\t\t\t\t\t<p>Adem\u00e1s de las ventajas fiscales, ser un operador intracomunitario simplifica muchos de los tr\u00e1mites aduaneros. Las empresas registradas en el ROI pueden beneficiarse de procedimientos aduaneros m\u00e1s r\u00e1pidos y menos burocr\u00e1ticos, lo cual agiliza el proceso de importaci\u00f3n y exportaci\u00f3n de bienes.<\/p>\t\t\t\t\t\t\t\t<\/div>\n\t\t\t\t<\/div>\n\t\t\t\t\t<\/div>\n\t\t\t\t<\/div>\n\t\t<div class=\"elementor-element elementor-element-ecee8e0 e-flex e-con-boxed e-con e-parent\" data-id=\"ecee8e0\" data-element_type=\"container\">\n\t\t\t\t\t<div class=\"e-con-inner\">\n\t\t\t\t<div class=\"elementor-element elementor-element-4084690 elementor-widget elementor-widget-heading\" data-id=\"4084690\" data-element_type=\"widget\" data-widget_type=\"heading.default\">\n\t\t\t\t<div class=\"elementor-widget-container\">\n\t\t\t\t\t<h4 class=\"elementor-heading-title elementor-size-default\">Acceso a nuevos mercados<\/h4>\t\t\t\t<\/div>\n\t\t\t\t<\/div>\n\t\t\t\t\t<\/div>\n\t\t\t\t<\/div>\n\t\t<div class=\"elementor-element elementor-element-4fe4981 e-flex e-con-boxed e-con e-parent\" data-id=\"4fe4981\" data-element_type=\"container\">\n\t\t\t\t\t<div class=\"e-con-inner\">\n\t\t\t\t<div class=\"elementor-element elementor-element-6b3f57f elementor-widget elementor-widget-text-editor\" data-id=\"6b3f57f\" data-element_type=\"widget\" data-widget_type=\"text-editor.default\">\n\t\t\t\t<div class=\"elementor-widget-container\">\n\t\t\t\t\t\t\t\t\t<p>Al ser un operador intracomunitario, tu empresa tendr\u00e1 acceso a un mercado mucho m\u00e1s amplio dentro de la UE. Esto no solo aumenta tus oportunidades de negocio, sino que tambi\u00e9n te permite competir en igualdad de condiciones con otras empresas europeas, fomentando el crecimiento y la expansi\u00f3n internacional.<\/p>\t\t\t\t\t\t\t\t<\/div>\n\t\t\t\t<\/div>\n\t\t\t\t\t<\/div>\n\t\t\t\t<\/div>\n\t\t<div class=\"elementor-element elementor-element-5763ef3 e-flex e-con-boxed e-con e-parent\" data-id=\"5763ef3\" data-element_type=\"container\">\n\t\t\t\t\t<div class=\"e-con-inner\">\n\t\t\t\t<div class=\"elementor-element elementor-element-2007063 elementor-widget elementor-widget-spacer\" data-id=\"2007063\" data-element_type=\"widget\" data-widget_type=\"spacer.default\">\n\t\t\t\t<div class=\"elementor-widget-container\">\n\t\t\t\t\t\t\t<div class=\"elementor-spacer\">\n\t\t\t<div class=\"elementor-spacer-inner\"><\/div>\n\t\t<\/div>\n\t\t\t\t\t\t<\/div>\n\t\t\t\t<\/div>\n\t\t\t\t\t<\/div>\n\t\t\t\t<\/div>\n\t\t<div class=\"elementor-element elementor-element-3c379d1 e-flex e-con-boxed e-con e-parent\" data-id=\"3c379d1\" data-element_type=\"container\">\n\t\t\t\t\t<div class=\"e-con-inner\">\n\t\t\t\t<div class=\"elementor-element elementor-element-00dc0c6 elementor-widget elementor-widget-heading\" data-id=\"00dc0c6\" data-element_type=\"widget\" data-widget_type=\"heading.default\">\n\t\t\t\t<div class=\"elementor-widget-container\">\n\t\t\t\t\t<h3 class=\"elementor-heading-title elementor-size-default\">C\u00f3mo convertirse en un operador intracomunitario<\/h3>\t\t\t\t<\/div>\n\t\t\t\t<\/div>\n\t\t\t\t\t<\/div>\n\t\t\t\t<\/div>\n\t\t<div class=\"elementor-element elementor-element-15b0ceb e-flex e-con-boxed e-con e-parent\" data-id=\"15b0ceb\" data-element_type=\"container\">\n\t\t\t\t\t<div class=\"e-con-inner\">\n\t\t\t\t<div class=\"elementor-element elementor-element-4ab2e5c elementor-widget elementor-widget-heading\" data-id=\"4ab2e5c\" data-element_type=\"widget\" data-widget_type=\"heading.default\">\n\t\t\t\t<div class=\"elementor-widget-container\">\n\t\t\t\t\t<h4 class=\"elementor-heading-title elementor-size-default\">Requisitos y documentaci\u00f3n necesaria<\/h4>\t\t\t\t<\/div>\n\t\t\t\t<\/div>\n\t\t\t\t\t<\/div>\n\t\t\t\t<\/div>\n\t\t<div class=\"elementor-element elementor-element-5a8d150 e-flex e-con-boxed e-con e-parent\" data-id=\"5a8d150\" data-element_type=\"container\">\n\t\t\t\t\t<div class=\"e-con-inner\">\n\t\t\t\t<div class=\"elementor-element elementor-element-5357283 elementor-widget elementor-widget-text-editor\" data-id=\"5357283\" data-element_type=\"widget\" data-widget_type=\"text-editor.default\">\n\t\t\t\t<div class=\"elementor-widget-container\">\n\t\t\t\t\t\t\t\t\t<p>Para convertirte en un operador intracomunitario, debes cumplir con ciertos requisitos y presentar la documentaci\u00f3n adecuada. Entre los requisitos se encuentran tener una actividad econ\u00f3mica real y regular, y estar al corriente de las obligaciones fiscales.<\/p>\t\t\t\t\t\t\t\t<\/div>\n\t\t\t\t<\/div>\n\t\t\t\t\t<\/div>\n\t\t\t\t<\/div>\n\t\t<div class=\"elementor-element elementor-element-6c871d7 e-flex e-con-boxed e-con e-parent\" data-id=\"6c871d7\" data-element_type=\"container\">\n\t\t\t\t\t<div class=\"e-con-inner\">\n\t\t\t\t<div class=\"elementor-element elementor-element-6b92525 elementor-widget elementor-widget-heading\" data-id=\"6b92525\" data-element_type=\"widget\" data-widget_type=\"heading.default\">\n\t\t\t\t<div class=\"elementor-widget-container\">\n\t\t\t\t\t<h4 class=\"elementor-heading-title elementor-size-default\">Proceso de inscripci\u00f3n<\/h4>\t\t\t\t<\/div>\n\t\t\t\t<\/div>\n\t\t\t\t\t<\/div>\n\t\t\t\t<\/div>\n\t\t<div class=\"elementor-element elementor-element-26fcf8a e-flex e-con-boxed e-con e-parent\" data-id=\"26fcf8a\" data-element_type=\"container\">\n\t\t\t\t\t<div class=\"e-con-inner\">\n\t\t\t\t<div class=\"elementor-element elementor-element-4605379 elementor-widget elementor-widget-text-editor\" data-id=\"4605379\" data-element_type=\"widget\" data-widget_type=\"text-editor.default\">\n\t\t\t\t<div class=\"elementor-widget-container\">\n\t\t\t\t\t\t\t\t\t<p>El proceso de inscripci\u00f3n en el ROI implica presentar una solicitud ante la Agencia Tributaria de tu pa\u00eds, donde deber\u00e1s proporcionar tu NIF o CIF, as\u00ed como detalles de tu actividad comercial. Una vez aprobada la solicitud, recibir\u00e1s tu NIF-IVA.<\/p>\t\t\t\t\t\t\t\t<\/div>\n\t\t\t\t<\/div>\n\t\t\t\t\t<\/div>\n\t\t\t\t<\/div>\n\t\t<div class=\"elementor-element elementor-element-e85c680 e-flex e-con-boxed e-con e-parent\" data-id=\"e85c680\" data-element_type=\"container\">\n\t\t\t\t\t<div class=\"e-con-inner\">\n\t\t\t\t<div class=\"elementor-element elementor-element-fe72a2e elementor-widget elementor-widget-heading\" data-id=\"fe72a2e\" data-element_type=\"widget\" data-widget_type=\"heading.default\">\n\t\t\t\t<div class=\"elementor-widget-container\">\n\t\t\t\t\t<h4 class=\"elementor-heading-title elementor-size-default\">Verificaci\u00f3n y validaci\u00f3n del NIF-IVA<\/h4>\t\t\t\t<\/div>\n\t\t\t\t<\/div>\n\t\t\t\t\t<\/div>\n\t\t\t\t<\/div>\n\t\t<div class=\"elementor-element elementor-element-2753dc9 e-flex e-con-boxed e-con e-parent\" data-id=\"2753dc9\" data-element_type=\"container\">\n\t\t\t\t\t<div class=\"e-con-inner\">\n\t\t\t\t<div class=\"elementor-element elementor-element-250cec1 elementor-widget elementor-widget-text-editor\" data-id=\"250cec1\" data-element_type=\"widget\" data-widget_type=\"text-editor.default\">\n\t\t\t\t<div class=\"elementor-widget-container\">\n\t\t\t\t\t\t\t\t\t<p>Es importante verificar y validar tu NIF-IVA en la base de datos <a href=\"https:\/\/finanedi.es\/blog\/el-numero-vies\/\">VIES (Sistema de Intercambio de Informaci\u00f3n sobre el IVA)<\/a> de la UE para asegurarte de que puedes realizar operaciones intracomunitarias sin problemas. Esta verificaci\u00f3n es crucial para garantizar que tus transacciones est\u00e9n exentas de IVA.<\/p>\t\t\t\t\t\t\t\t<\/div>\n\t\t\t\t<\/div>\n\t\t\t\t\t<\/div>\n\t\t\t\t<\/div>\n\t\t<div class=\"elementor-element elementor-element-7decd1b e-flex e-con-boxed e-con e-parent\" data-id=\"7decd1b\" data-element_type=\"container\">\n\t\t\t\t\t<div class=\"e-con-inner\">\n\t\t<div class=\"elementor-element elementor-element-64de785 e-flex e-con-boxed e-con e-child\" data-id=\"64de785\" data-element_type=\"container\">\n\t\t\t\t\t<div class=\"e-con-inner\">\n\t\t\t\t<div class=\"elementor-element elementor-element-b217f8b elementor-widget elementor-widget-heading\" data-id=\"b217f8b\" data-element_type=\"widget\" data-widget_type=\"heading.default\">\n\t\t\t\t<div class=\"elementor-widget-container\">\n\t\t\t\t\t<h3 class=\"elementor-heading-title elementor-size-default\">\ud83c\uddea\ud83c\uddfa \u00bfQu\u00e9 es el Sistema VIES?<\/h3>\t\t\t\t<\/div>\n\t\t\t\t<\/div>\n\t\t\t\t\t<\/div>\n\t\t\t\t<\/div>\n\t\t<div class=\"elementor-element elementor-element-5740f5b e-flex e-con-boxed e-con e-child\" data-id=\"5740f5b\" data-element_type=\"container\">\n\t\t\t\t\t<div class=\"e-con-inner\">\n\t\t\t\t<div class=\"elementor-element elementor-element-113eb05 elementor-widget elementor-widget-text-editor\" data-id=\"113eb05\" data-element_type=\"widget\" data-widget_type=\"text-editor.default\">\n\t\t\t\t<div class=\"elementor-widget-container\">\n\t\t\t\t\t\t\t\t\t<p>El <a href=\"https:\/\/finanedi.es\/blog\/el-numero-vies\/\" target=\"_blank\" rel=\"noopener\">Sistema de Intercambio de Informaci\u00f3n sobre el IVA<\/a> (VIES, por sus siglas en ingl\u00e9s) es una herramienta desarrollada por la Uni\u00f3n Europea que permite la verificaci\u00f3n del N\u00famero de Identificaci\u00f3n Fiscal para Operaciones Intracomunitarias (NIF-IVA). Este sistema es esencial para las empresas y aut\u00f3nomos que realizan transacciones comerciales dentro de la UE, ya que garantiza que los NIF-IVA de sus socios comerciales sean v\u00e1lidos y est\u00e9n registrados correctamente.<\/p>\t\t\t\t\t\t\t\t<\/div>\n\t\t\t\t<\/div>\n\t\t\t\t\t<\/div>\n\t\t\t\t<\/div>\n\t\t<div class=\"elementor-element elementor-element-65db93f e-flex e-con-boxed e-con e-child\" data-id=\"65db93f\" data-element_type=\"container\">\n\t\t\t\t\t<div class=\"e-con-inner\">\n\t\t\t\t<div class=\"elementor-element elementor-element-2ae603f elementor-widget elementor-widget-heading\" data-id=\"2ae603f\" data-element_type=\"widget\" data-widget_type=\"heading.default\">\n\t\t\t\t<div class=\"elementor-widget-container\">\n\t\t\t\t\t<h4 class=\"elementor-heading-title elementor-size-default\">Importancia del VIES para los operadores intracomunitarios<\/h4>\t\t\t\t<\/div>\n\t\t\t\t<\/div>\n\t\t\t\t\t<\/div>\n\t\t\t\t<\/div>\n\t\t<div class=\"elementor-element elementor-element-e7fd48a e-flex e-con-boxed e-con e-child\" data-id=\"e7fd48a\" data-element_type=\"container\">\n\t\t\t\t\t<div class=\"e-con-inner\">\n\t\t\t\t<div class=\"elementor-element elementor-element-113c2c6 elementor-widget elementor-widget-text-editor\" data-id=\"113c2c6\" data-element_type=\"widget\" data-widget_type=\"text-editor.default\">\n\t\t\t\t<div class=\"elementor-widget-container\">\n\t\t\t\t\t\t\t\t\t<p>La validaci\u00f3n del NIF-IVA a trav\u00e9s del sistema VIES es un paso crucial para asegurar que las operaciones intracomunitarias se realicen de manera fluida y cumplan con las normativas fiscales. Al verificar los n\u00fameros de IVA de tus socios comerciales, puedes evitar problemas como la aplicaci\u00f3n incorrecta del IVA o sanciones fiscales.<\/p>\t\t\t\t\t\t\t\t<\/div>\n\t\t\t\t<\/div>\n\t\t\t\t\t<\/div>\n\t\t\t\t<\/div>\n\t\t\t\t\t<\/div>\n\t\t\t\t<\/div>\n\t\t<div class=\"elementor-element elementor-element-cf8a694 e-flex e-con-boxed e-con e-parent\" data-id=\"cf8a694\" data-element_type=\"container\">\n\t\t\t\t\t<div class=\"e-con-inner\">\n\t\t\t\t<div class=\"elementor-element elementor-element-5fe0ae9 elementor-widget elementor-widget-spacer\" data-id=\"5fe0ae9\" data-element_type=\"widget\" data-widget_type=\"spacer.default\">\n\t\t\t\t<div class=\"elementor-widget-container\">\n\t\t\t\t\t\t\t<div class=\"elementor-spacer\">\n\t\t\t<div class=\"elementor-spacer-inner\"><\/div>\n\t\t<\/div>\n\t\t\t\t\t\t<\/div>\n\t\t\t\t<\/div>\n\t\t\t\t\t<\/div>\n\t\t\t\t<\/div>\n\t\t<div class=\"elementor-element elementor-element-e973b78 e-flex e-con-boxed e-con e-parent\" data-id=\"e973b78\" data-element_type=\"container\">\n\t\t\t\t\t<div class=\"e-con-inner\">\n\t\t\t\t<div class=\"elementor-element elementor-element-c14438f elementor-widget elementor-widget-heading\" data-id=\"c14438f\" data-element_type=\"widget\" data-widget_type=\"heading.default\">\n\t\t\t\t<div class=\"elementor-widget-container\">\n\t\t\t\t\t<h3 class=\"elementor-heading-title elementor-size-default\">Obligaciones y responsabilidades<\/h3>\t\t\t\t<\/div>\n\t\t\t\t<\/div>\n\t\t\t\t\t<\/div>\n\t\t\t\t<\/div>\n\t\t<div class=\"elementor-element elementor-element-8899ede e-flex e-con-boxed e-con e-parent\" data-id=\"8899ede\" data-element_type=\"container\">\n\t\t\t\t\t<div class=\"e-con-inner\">\n\t\t\t\t<div class=\"elementor-element elementor-element-fcb2dc7 elementor-widget elementor-widget-heading\" data-id=\"fcb2dc7\" data-element_type=\"widget\" data-widget_type=\"heading.default\">\n\t\t\t\t<div class=\"elementor-widget-container\">\n\t\t\t\t\t<h4 class=\"elementor-heading-title elementor-size-default\">Declaraci\u00f3n recapitulativa de operaciones intracomunitarias (Modelo 349)<\/h4>\t\t\t\t<\/div>\n\t\t\t\t<\/div>\n\t\t\t\t\t<\/div>\n\t\t\t\t<\/div>\n\t\t<div class=\"elementor-element elementor-element-86fc207 e-flex e-con-boxed e-con e-parent\" data-id=\"86fc207\" data-element_type=\"container\">\n\t\t\t\t\t<div class=\"e-con-inner\">\n\t\t\t\t<div class=\"elementor-element elementor-element-b6b9fda elementor-widget elementor-widget-text-editor\" data-id=\"b6b9fda\" data-element_type=\"widget\" data-widget_type=\"text-editor.default\">\n\t\t\t\t<div class=\"elementor-widget-container\">\n\t\t\t\t\t\t\t\t\t<p>Una vez registrado como operador intracomunitario, tendr\u00e1s la obligaci\u00f3n de presentar el <a href=\"https:\/\/finanedi.es\/blog\/modelo-349-operaciones-intracomunitarias\/\">Modelo 349<\/a>, una declaraci\u00f3n recapitulativa de todas las operaciones intracomunitarias realizadas. Esta declaraci\u00f3n se presenta trimestralmente y permite a la Agencia Tributaria monitorear y verificar las transacciones realizadas.<\/p>\t\t\t\t\t\t\t\t<\/div>\n\t\t\t\t<\/div>\n\t\t\t\t\t<\/div>\n\t\t\t\t<\/div>\n\t\t<div class=\"elementor-element elementor-element-fc9ae19 e-flex e-con-boxed e-con e-parent\" data-id=\"fc9ae19\" data-element_type=\"container\">\n\t\t\t\t\t<div class=\"e-con-inner\">\n\t\t\t\t<div class=\"elementor-element elementor-element-0560bfc elementor-widget elementor-widget-heading\" data-id=\"0560bfc\" data-element_type=\"widget\" data-widget_type=\"heading.default\">\n\t\t\t\t<div class=\"elementor-widget-container\">\n\t\t\t\t\t<h4 class=\"elementor-heading-title elementor-size-default\">Mantenimiento de registros adecuados<\/h4>\t\t\t\t<\/div>\n\t\t\t\t<\/div>\n\t\t\t\t\t<\/div>\n\t\t\t\t<\/div>\n\t\t<div class=\"elementor-element elementor-element-433df51 e-flex e-con-boxed e-con e-parent\" data-id=\"433df51\" data-element_type=\"container\">\n\t\t\t\t\t<div class=\"e-con-inner\">\n\t\t\t\t<div class=\"elementor-element elementor-element-08cd2af elementor-widget elementor-widget-text-editor\" data-id=\"08cd2af\" data-element_type=\"widget\" data-widget_type=\"text-editor.default\">\n\t\t\t\t<div class=\"elementor-widget-container\">\n\t\t\t\t\t\t\t\t\t<p>Es fundamental mantener registros detallados y precisos de todas las operaciones intracomunitarias. Estos registros incluyen facturas, contratos y cualquier documentaci\u00f3n relevante que respalde las transacciones realizadas. Mantener una contabilidad clara y organizada no solo es un requisito legal, sino que tambi\u00e9n facilita la gesti\u00f3n fiscal de tu empresa.<\/p>\t\t\t\t\t\t\t\t<\/div>\n\t\t\t\t<\/div>\n\t\t\t\t\t<\/div>\n\t\t\t\t<\/div>\n\t\t<div class=\"elementor-element elementor-element-d2257dd e-flex e-con-boxed e-con e-parent\" data-id=\"d2257dd\" data-element_type=\"container\">\n\t\t\t\t\t<div class=\"e-con-inner\">\n\t\t\t\t<div class=\"elementor-element elementor-element-2c369be elementor-widget elementor-widget-heading\" data-id=\"2c369be\" data-element_type=\"widget\" data-widget_type=\"heading.default\">\n\t\t\t\t<div class=\"elementor-widget-container\">\n\t\t\t\t\t<h4 class=\"elementor-heading-title elementor-size-default\">Cumplimiento de normativas fiscales<\/h4>\t\t\t\t<\/div>\n\t\t\t\t<\/div>\n\t\t\t\t\t<\/div>\n\t\t\t\t<\/div>\n\t\t<div class=\"elementor-element elementor-element-078cf03 e-flex e-con-boxed e-con e-parent\" data-id=\"078cf03\" data-element_type=\"container\">\n\t\t\t\t\t<div class=\"e-con-inner\">\n\t\t\t\t<div class=\"elementor-element elementor-element-b4b8888 elementor-widget elementor-widget-text-editor\" data-id=\"b4b8888\" data-element_type=\"widget\" data-widget_type=\"text-editor.default\">\n\t\t\t\t<div class=\"elementor-widget-container\">\n\t\t\t\t\t\t\t\t\t<p>Como operador intracomunitario, debes cumplir con todas las normativas fiscales aplicables tanto en tu pa\u00eds de origen como en los pa\u00edses con los que realices transacciones. Esto incluye la correcta aplicaci\u00f3n del IVA y la presentaci\u00f3n de declaraciones fiscales adecuadas. El incumplimiento de estas normativas puede resultar en sanciones y problemas legales.<\/p>\t\t\t\t\t\t\t\t<\/div>\n\t\t\t\t<\/div>\n\t\t\t\t\t<\/div>\n\t\t\t\t<\/div>\n\t\t<div class=\"elementor-element elementor-element-5e13201a e-flex e-con-boxed e-con e-parent\" data-id=\"5e13201a\" data-element_type=\"container\" data-settings=\"{&quot;background_background&quot;:&quot;classic&quot;}\">\n\t\t\t\t\t<div class=\"e-con-inner\">\n\t\t<div class=\"elementor-element elementor-element-451b73d4 e-con-full e-flex e-con e-child\" data-id=\"451b73d4\" data-element_type=\"container\">\n\t\t<div class=\"elementor-element elementor-element-712892da e-flex e-con-boxed e-con e-child\" data-id=\"712892da\" data-element_type=\"container\">\n\t\t\t\t\t<div class=\"e-con-inner\">\n\t\t\t\t<div class=\"elementor-element elementor-element-3bbd5fdd elementor-widget elementor-widget-heading\" data-id=\"3bbd5fdd\" data-element_type=\"widget\" data-widget_type=\"heading.default\">\n\t\t\t\t<div class=\"elementor-widget-container\">\n\t\t\t\t\t<h3 class=\"elementor-heading-title elementor-size-default\">Herramientas para impulsar<br>tu negocio<\/h3>\t\t\t\t<\/div>\n\t\t\t\t<\/div>\n\t\t\t\t<div class=\"elementor-element elementor-element-4c54f27b elementor-widget elementor-widget-text-editor\" data-id=\"4c54f27b\" data-element_type=\"widget\" data-widget_type=\"text-editor.default\">\n\t\t\t\t<div class=\"elementor-widget-container\">\n\t\t\t\t\t\t\t\t\t<p>FinanEDI es la soluci\u00f3n en la nube gratuita que permite automatizar y optimizar los procesos financieros, contables y administrativos de tu negocio.<\/p>\t\t\t\t\t\t\t\t<\/div>\n\t\t\t\t<\/div>\n\t\t\t\t<div class=\"elementor-element elementor-element-21e0f8a5 elementor-widget elementor-widget-button\" data-id=\"21e0f8a5\" data-element_type=\"widget\" data-widget_type=\"button.default\">\n\t\t\t\t<div class=\"elementor-widget-container\">\n\t\t\t\t\t\t\t\t\t<div class=\"elementor-button-wrapper\">\n\t\t\t\t\t<a class=\"elementor-button elementor-button-link elementor-size-md\" href=\"https:\/\/finanedi.es\/\" target=\"_blank\">\n\t\t\t\t\t\t<span class=\"elementor-button-content-wrapper\">\n\t\t\t\t\t\t\t\t\t<span class=\"elementor-button-text\">Crear cuenta gratis<\/span>\n\t\t\t\t\t<\/span>\n\t\t\t\t\t<\/a>\n\t\t\t\t<\/div>\n\t\t\t\t\t\t\t\t<\/div>\n\t\t\t\t<\/div>\n\t\t\t\t\t<\/div>\n\t\t\t\t<\/div>\n\t\t\t\t<\/div>\n\t\t<div class=\"elementor-element elementor-element-eb1bcb0 e-con-full e-flex e-con e-child\" data-id=\"eb1bcb0\" data-element_type=\"container\">\n\t\t\t\t<div class=\"elementor-element elementor-element-74483e3a elementor-widget elementor-widget-image\" data-id=\"74483e3a\" data-element_type=\"widget\" data-widget_type=\"image.default\">\n\t\t\t\t<div class=\"elementor-widget-container\">\n\t\t\t\t\t\t\t\t\t\t\t\t\t\t\t<img fetchpriority=\"high\" decoding=\"async\" width=\"300\" height=\"233\" src=\"https:\/\/finanedi.es\/blog\/contenido\/uploads\/2024\/09\/Dashborad_00115-300x233.png\" class=\"attachment-medium size-medium wp-image-5370\" alt=\"Herramientas para impulsar tu negocio - FinanEDI\" srcset=\"https:\/\/finanedi.es\/blog\/contenido\/uploads\/2024\/09\/Dashborad_00115-300x233.png 300w, https:\/\/finanedi.es\/blog\/contenido\/uploads\/2024\/09\/Dashborad_00115-768x597.png 768w, https:\/\/finanedi.es\/blog\/contenido\/uploads\/2024\/09\/Dashborad_00115.png 900w\" sizes=\"(max-width: 300px) 100vw, 300px\" \/>\t\t\t\t\t\t\t\t\t\t\t\t\t\t\t<\/div>\n\t\t\t\t<\/div>\n\t\t\t\t<\/div>\n\t\t\t\t\t<\/div>\n\t\t\t\t<\/div>\n\t\t<div class=\"elementor-element elementor-element-3726a56 e-flex e-con-boxed e-con e-parent\" data-id=\"3726a56\" data-element_type=\"container\">\n\t\t\t\t\t<div class=\"e-con-inner\">\n\t\t\t\t<div class=\"elementor-element elementor-element-ce0b51f elementor-widget elementor-widget-spacer\" data-id=\"ce0b51f\" data-element_type=\"widget\" data-widget_type=\"spacer.default\">\n\t\t\t\t<div class=\"elementor-widget-container\">\n\t\t\t\t\t\t\t<div class=\"elementor-spacer\">\n\t\t\t<div class=\"elementor-spacer-inner\"><\/div>\n\t\t<\/div>\n\t\t\t\t\t\t<\/div>\n\t\t\t\t<\/div>\n\t\t\t\t\t<\/div>\n\t\t\t\t<\/div>\n\t\t<div class=\"elementor-element elementor-element-f22acb6 e-flex e-con-boxed e-con e-parent\" data-id=\"f22acb6\" data-element_type=\"container\">\n\t\t\t\t\t<div class=\"e-con-inner\">\n\t\t\t\t<div class=\"elementor-element elementor-element-545a4b5 elementor-widget elementor-widget-text-editor\" data-id=\"545a4b5\" data-element_type=\"widget\" data-widget_type=\"text-editor.default\">\n\t\t\t\t<div class=\"elementor-widget-container\">\n\t\t\t\t\t\t\t\t\t<p>Numerosas PYMES y aut\u00f3nomos han experimentado un crecimiento significativo al registrarse como operadores intracomunitarios. Por ejemplo, una empresa de venta de productos electr\u00f3nicos en Espa\u00f1a pudo expandir su mercado a Francia, Alemania e Italia, aumentando sus ventas y reduciendo sus costos fiscales.<\/p>\t\t\t\t\t\t\t\t<\/div>\n\t\t\t\t<\/div>\n\t\t\t\t\t<\/div>\n\t\t\t\t<\/div>\n\t\t<div class=\"elementor-element elementor-element-04e4c0b e-flex e-con-boxed e-con e-parent\" data-id=\"04e4c0b\" data-element_type=\"container\">\n\t\t\t\t\t<div class=\"e-con-inner\">\n\t\t\t\t<div class=\"elementor-element elementor-element-7a0e7bf elementor-widget elementor-widget-text-editor\" data-id=\"7a0e7bf\" data-element_type=\"widget\" data-widget_type=\"text-editor.default\">\n\t\t\t\t<div class=\"elementor-widget-container\">\n\t\t\t\t\t\t\t\t\t<p>Convertirse en un operador intracomunitario ofrece numerosos beneficios, desde exenciones fiscales y simplificaci\u00f3n de tr\u00e1mites aduaneros hasta acceso a un mercado europeo m\u00e1s amplio. Estas ventajas pueden marcar una diferencia significativa en la competitividad y expansi\u00f3n de tu empresa.<\/p>\t\t\t\t\t\t\t\t<\/div>\n\t\t\t\t<\/div>\n\t\t\t\t\t<\/div>\n\t\t\t\t<\/div>\n\t\t<div class=\"elementor-element elementor-element-77839f1 e-flex e-con-boxed e-con e-parent\" data-id=\"77839f1\" data-element_type=\"container\">\n\t\t\t\t\t<div class=\"e-con-inner\">\n\t\t\t\t<div class=\"elementor-element elementor-element-2c9f3c9 elementor-widget elementor-widget-heading\" data-id=\"2c9f3c9\" data-element_type=\"widget\" data-widget_type=\"heading.default\">\n\t\t\t\t<div class=\"elementor-widget-container\">\n\t\t\t\t\t<h3 class=\"elementor-heading-title elementor-size-default\">Preguntas frecuentes sobre el operador intracomunitario<\/h3>\t\t\t\t<\/div>\n\t\t\t\t<\/div>\n\t\t\t\t\t<\/div>\n\t\t\t\t<\/div>\n\t\t<div class=\"elementor-element elementor-element-adf56d9 e-flex e-con-boxed e-con e-parent\" data-id=\"adf56d9\" data-element_type=\"container\">\n\t\t\t\t\t<div class=\"e-con-inner\">\n\t\t\t\t<div class=\"elementor-element elementor-element-36f05cb elementor-widget elementor-widget-heading\" data-id=\"36f05cb\" data-element_type=\"widget\" data-widget_type=\"heading.default\">\n\t\t\t\t<div class=\"elementor-widget-container\">\n\t\t\t\t\t<h4 class=\"elementor-heading-title elementor-size-default\"> \u00bfQu\u00e9 es un operador intracomunitario y qui\u00e9n puede serlo?<\/h4>\t\t\t\t<\/div>\n\t\t\t\t<\/div>\n\t\t\t\t\t<\/div>\n\t\t\t\t<\/div>\n\t\t<div class=\"elementor-element elementor-element-85b480e e-flex e-con-boxed e-con e-parent\" data-id=\"85b480e\" data-element_type=\"container\">\n\t\t\t\t\t<div class=\"e-con-inner\">\n\t\t\t\t<div class=\"elementor-element elementor-element-e3159e4 elementor-widget elementor-widget-text-editor\" data-id=\"e3159e4\" data-element_type=\"widget\" data-widget_type=\"text-editor.default\">\n\t\t\t\t<div class=\"elementor-widget-container\">\n\t\t\t\t\t\t\t\t\t<p>Un operador intracomunitario es una empresa o aut\u00f3nomo registrado en el Registro de Operadores Intracomunitarios (ROI) que realiza operaciones comerciales dentro de los pa\u00edses miembros de la Uni\u00f3n Europea. Cualquier empresa o aut\u00f3nomo que realice transacciones de bienes o servicios con otros pa\u00edses de la UE puede registrarse como operador intracomunitario.<\/p>\t\t\t\t\t\t\t\t<\/div>\n\t\t\t\t<\/div>\n\t\t\t\t\t<\/div>\n\t\t\t\t<\/div>\n\t\t<div class=\"elementor-element elementor-element-5f7de48 e-flex e-con-boxed e-con e-parent\" data-id=\"5f7de48\" data-element_type=\"container\">\n\t\t\t\t\t<div class=\"e-con-inner\">\n\t\t\t\t<div class=\"elementor-element elementor-element-8c4c6b9 elementor-widget elementor-widget-heading\" data-id=\"8c4c6b9\" data-element_type=\"widget\" data-widget_type=\"heading.default\">\n\t\t\t\t<div class=\"elementor-widget-container\">\n\t\t\t\t\t<h4 class=\"elementor-heading-title elementor-size-default\">\u00bfCu\u00e1les son los beneficios fiscales de ser un operador intracomunitario?<\/h4>\t\t\t\t<\/div>\n\t\t\t\t<\/div>\n\t\t\t\t\t<\/div>\n\t\t\t\t<\/div>\n\t\t<div class=\"elementor-element elementor-element-ffe7dcb e-flex e-con-boxed e-con e-parent\" data-id=\"ffe7dcb\" data-element_type=\"container\">\n\t\t\t\t\t<div class=\"e-con-inner\">\n\t\t\t\t<div class=\"elementor-element elementor-element-e61bf0d elementor-widget elementor-widget-text-editor\" data-id=\"e61bf0d\" data-element_type=\"widget\" data-widget_type=\"text-editor.default\">\n\t\t\t\t<div class=\"elementor-widget-container\">\n\t\t\t\t\t\t\t\t\t<p>Ser un operador intracomunitario ofrece ventajas fiscales significativas, como la exenci\u00f3n del IVA en transacciones intracomunitarias. Esto significa que no tendr\u00e1s que pagar el IVA en las fronteras al comprar o vender productos dentro de la UE, lo cual puede reducir significativamente los costos operativos y aumentar tu competitividad en el mercado.<\/p>\t\t\t\t\t\t\t\t<\/div>\n\t\t\t\t<\/div>\n\t\t\t\t\t<\/div>\n\t\t\t\t<\/div>\n\t\t<div class=\"elementor-element elementor-element-546b451 e-flex e-con-boxed e-con e-parent\" data-id=\"546b451\" data-element_type=\"container\">\n\t\t\t\t\t<div class=\"e-con-inner\">\n\t\t\t\t<div class=\"elementor-element elementor-element-9a83cb1 elementor-widget elementor-widget-heading\" data-id=\"9a83cb1\" data-element_type=\"widget\" data-widget_type=\"heading.default\">\n\t\t\t\t<div class=\"elementor-widget-container\">\n\t\t\t\t\t<h4 class=\"elementor-heading-title elementor-size-default\">\u00bfC\u00f3mo puedo registrarme como operador intracomunitario?<\/h4>\t\t\t\t<\/div>\n\t\t\t\t<\/div>\n\t\t\t\t\t<\/div>\n\t\t\t\t<\/div>\n\t\t<div class=\"elementor-element elementor-element-96bc789 e-flex e-con-boxed e-con e-parent\" data-id=\"96bc789\" data-element_type=\"container\">\n\t\t\t\t\t<div class=\"e-con-inner\">\n\t\t\t\t<div class=\"elementor-element elementor-element-2bb7c0f elementor-widget elementor-widget-text-editor\" data-id=\"2bb7c0f\" data-element_type=\"widget\" data-widget_type=\"text-editor.default\">\n\t\t\t\t<div class=\"elementor-widget-container\">\n\t\t\t\t\t\t\t\t\t<p>Para registrarte como operador intracomunitario, debes solicitar un N\u00famero de Identificaci\u00f3n Fiscal para Operaciones Intracomunitarias (NIF-IVA) ante la Agencia Tributaria de tu pa\u00eds. Deber\u00e1s proporcionar informaci\u00f3n sobre tu empresa y tus actividades comerciales. Una vez aprobado, tu NIF-IVA estar\u00e1 registrado en el sistema VIES, permiti\u00e9ndote realizar transacciones intracomunitarias sin problemas.<\/p>\t\t\t\t\t\t\t\t<\/div>\n\t\t\t\t<\/div>\n\t\t\t\t\t<\/div>\n\t\t\t\t<\/div>\n\t\t<div class=\"elementor-element elementor-element-3a615b3e e-flex e-con-boxed e-con e-parent\" data-id=\"3a615b3e\" data-element_type=\"container\">\n\t\t\t\t\t<div class=\"e-con-inner\">\n\t\t\t\t<div class=\"elementor-element elementor-element-622a949a elementor-widget elementor-widget-text-editor\" data-id=\"622a949a\" data-element_type=\"widget\" data-widget_type=\"text-editor.default\">\n\t\t\t\t<div class=\"elementor-widget-container\">\n\t\t\t\t\t\t\t\t\t<p><strong>\ud83d\udcc4 Art\u00edculo relacionado<\/strong>:\u00a0<a href=\"https:\/\/finanedi.es\/blog\/el-numero-vies\/\" target=\"_blank\" rel=\"noopener\">El N\u00famero VIES<\/a><\/p>\t\t\t\t\t\t\t\t<\/div>\n\t\t\t\t<\/div>\n\t\t\t\t\t<\/div>\n\t\t\t\t<\/div>\n\t\t<div class=\"elementor-element elementor-element-17e8425 e-flex e-con-boxed e-con e-parent\" data-id=\"17e8425\" data-element_type=\"container\">\n\t\t\t\t\t<div class=\"e-con-inner\">\n\t\t\t\t<div class=\"elementor-element elementor-element-350373f elementor-widget elementor-widget-spacer\" data-id=\"350373f\" data-element_type=\"widget\" data-widget_type=\"spacer.default\">\n\t\t\t\t<div class=\"elementor-widget-container\">\n\t\t\t\t\t\t\t<div class=\"elementor-spacer\">\n\t\t\t<div class=\"elementor-spacer-inner\"><\/div>\n\t\t<\/div>\n\t\t\t\t\t\t<\/div>\n\t\t\t\t<\/div>\n\t\t\t\t\t<\/div>\n\t\t\t\t<\/div>\n\t\t<div class=\"elementor-element elementor-element-74df8d7 e-flex e-con-boxed e-con e-parent\" data-id=\"74df8d7\" data-element_type=\"container\">\n\t\t\t\t\t<div class=\"e-con-inner\">\n\t\t\t\t<div class=\"elementor-element elementor-element-faa5639 elementor-widget elementor-widget-heading\" data-id=\"faa5639\" data-element_type=\"widget\" data-widget_type=\"heading.default\">\n\t\t\t\t<div class=\"elementor-widget-container\">\n\t\t\t\t\t<h4 class=\"elementor-heading-title elementor-size-default\">\u00bfQu\u00e9 obligaciones fiscales tengo como operador intracomunitario?<\/h4>\t\t\t\t<\/div>\n\t\t\t\t<\/div>\n\t\t\t\t\t<\/div>\n\t\t\t\t<\/div>\n\t\t<div class=\"elementor-element elementor-element-daf74b6 e-flex e-con-boxed e-con e-parent\" data-id=\"daf74b6\" data-element_type=\"container\">\n\t\t\t\t\t<div class=\"e-con-inner\">\n\t\t\t\t<div class=\"elementor-element elementor-element-0678dcb elementor-widget elementor-widget-text-editor\" data-id=\"0678dcb\" data-element_type=\"widget\" data-widget_type=\"text-editor.default\">\n\t\t\t\t<div class=\"elementor-widget-container\">\n\t\t\t\t\t\t\t\t\t<p>Como operador intracomunitario, est\u00e1s obligado a presentar el Modelo 349, una declaraci\u00f3n recapitulativa de todas las operaciones intracomunitarias realizadas, de forma trimestral. Tambi\u00e9n debes mantener registros detallados de todas tus transacciones y cumplir con las normativas fiscales tanto en tu pa\u00eds de origen como en los pa\u00edses de la UE con los que realices negocios.<\/p>\t\t\t\t\t\t\t\t<\/div>\n\t\t\t\t<\/div>\n\t\t\t\t\t<\/div>\n\t\t\t\t<\/div>\n\t\t<div class=\"elementor-element elementor-element-3c966f7 e-flex e-con-boxed e-con e-parent\" data-id=\"3c966f7\" data-element_type=\"container\">\n\t\t\t\t\t<div class=\"e-con-inner\">\n\t\t\t\t<div class=\"elementor-element elementor-element-b4c6c16 elementor-widget elementor-widget-heading\" data-id=\"b4c6c16\" data-element_type=\"widget\" data-widget_type=\"heading.default\">\n\t\t\t\t<div class=\"elementor-widget-container\">\n\t\t\t\t\t<h4 class=\"elementor-heading-title elementor-size-default\">\u00bfQu\u00e9 sucede si no cumplo con las obligaciones de operador intracomunitario?<\/h4>\t\t\t\t<\/div>\n\t\t\t\t<\/div>\n\t\t\t\t\t<\/div>\n\t\t\t\t<\/div>\n\t\t<div class=\"elementor-element elementor-element-1ad2632 e-flex e-con-boxed e-con e-parent\" data-id=\"1ad2632\" data-element_type=\"container\">\n\t\t\t\t\t<div class=\"e-con-inner\">\n\t\t\t\t<div class=\"elementor-element elementor-element-013aae0 elementor-widget elementor-widget-text-editor\" data-id=\"013aae0\" data-element_type=\"widget\" data-widget_type=\"text-editor.default\">\n\t\t\t\t<div class=\"elementor-widget-container\">\n\t\t\t\t\t\t\t\t\t<p>El incumplimiento de las obligaciones fiscales como operador intracomunitario puede resultar en sanciones y problemas legales. Es esencial presentar todas las declaraciones fiscales requeridas y mantener registros adecuados para evitar multas y asegurar que tus operaciones se realicen de acuerdo con las normativas fiscales de la UE.<\/p>\t\t\t\t\t\t\t\t<\/div>\n\t\t\t\t<\/div>\n\t\t\t\t\t<\/div>\n\t\t\t\t<\/div>\n\t\t<div class=\"elementor-element elementor-element-6653bb62 e-flex e-con-boxed e-con e-parent\" data-id=\"6653bb62\" data-element_type=\"container\">\n\t\t\t\t\t<div class=\"e-con-inner\">\n\t\t<div class=\"elementor-element elementor-element-7c0ad273 e-con-full e-flex e-con e-child\" data-id=\"7c0ad273\" data-element_type=\"container\">\n\t\t\t\t<div class=\"elementor-element elementor-element-6302173 elementor-widget elementor-widget-spacer\" data-id=\"6302173\" data-element_type=\"widget\" data-widget_type=\"spacer.default\">\n\t\t\t\t<div class=\"elementor-widget-container\">\n\t\t\t\t\t\t\t<div class=\"elementor-spacer\">\n\t\t\t<div class=\"elementor-spacer-inner\"><\/div>\n\t\t<\/div>\n\t\t\t\t\t\t<\/div>\n\t\t\t\t<\/div>\n\t\t\t\t<\/div>\n\t\t<div class=\"elementor-element elementor-element-7db68713 e-con-full e-flex e-con e-child\" data-id=\"7db68713\" data-element_type=\"container\">\n\t\t\t\t<div class=\"elementor-element elementor-element-46b20f2a elementor-widget elementor-widget-heading\" data-id=\"46b20f2a\" data-element_type=\"widget\" data-widget_type=\"heading.default\">\n\t\t\t\t<div class=\"elementor-widget-container\">\n\t\t\t\t\t<h3 class=\"elementor-heading-title elementor-size-default\">No te pierdas...<\/h3>\t\t\t\t<\/div>\n\t\t\t\t<\/div>\n\t\t\t\t<\/div>\n\t\t<div class=\"elementor-element elementor-element-a60e5a e-con-full e-flex e-con e-child\" data-id=\"a60e5a\" data-element_type=\"container\">\n\t\t\t\t<div class=\"elementor-element elementor-element-35242a73 elementor-widget elementor-widget-katen-post-five\" data-id=\"35242a73\" data-element_type=\"widget\" data-widget_type=\"katen-post-five.default\">\n\t\t\t\t<div class=\"elementor-widget-container\">\n\t\t\t\t\t\t\t<div class=\"padding-30 rounded bordered\">\n\n\t\t\t<div class=\"row infinite-wrapper\">\n\n\t\t\t\n\t\t\t\t<div class=\"col-md-12 col-sm-6 post-list-item post-item\">\n\t\t\t\t\t<!-- post -->\n\t\t\t\t\t<div class=\"post post-list clearfix\">\n\n\t\t\t\t\t\t<div class=\"thumb rounded\"><div class=\"inner\"><a href=\"https:\/\/finanedi.es\/blog\/5-tips-para-estar-preparado-para-verifactu\/\"><img decoding=\"async\" width=\"330\" height=\"250\" src=\"https:\/\/finanedi.es\/blog\/contenido\/uploads\/2025\/10\/5-tips-para-estar-preparado-para-VeriFactu-330x250.jpg\" class=\"attachment-katen-thumb-list size-katen-thumb-list wp-post-image\" alt=\"5 tips para estar preparado para VeriFactu\" \/><\/a><\/div><\/div>  \n\n\t\t\t\t\t\t<div class=\"details clearfix\">\n\t\t\t\t\t\t\t<ul class=\"meta list-inline mb-3\">\n\t\t\t\t\t\t\t\t<li class=\"list-inline-item\"><a href=\"https:\/\/finanedi.es\/blog\/category\/facturacion\/\">Facturaci\u00f3n<\/a><\/li>\t\t\t\t\t\t\t<\/ul>\n\t\t\t\t\t\t\t<h5 class=\"post-title\"><a href=\"https:\/\/finanedi.es\/blog\/5-tips-para-estar-preparado-para-verifactu\/\">5 tips para estar preparado para VeriFactu<\/a><\/h5>\n\t\t\t\t\t\t\t<p class=\"excerpt mb-0\">\n\t\t\t\t\t\t\t\tLa facturaci\u00f3n electr\u00f3nica est\u00e1 viviendo una transformaci\u00f3n decisiva con la llegada de VeriFactu, el nuevo&hellip;\t\t\t\t\t\t\t<\/p>\n\t\t\t\t\t\t\t<div class=\"post-bottom clearfix d-flex align-items-center\">\n\t\t\t\t\t\t\t\t\t\t\t\t\t\t\t\t\t\t\t\t\t\t\t<\/div>\n\t\t\t\t\t\t<\/div>\n\t\t\t\t\t<\/div>\n\t\t\t\t<\/div>\n\n\t\t\t\n\t\t\t\t<div class=\"col-md-12 col-sm-6 post-list-item post-item\">\n\t\t\t\t\t<!-- post -->\n\t\t\t\t\t<div class=\"post post-list clearfix\">\n\n\t\t\t\t\t\t<div class=\"thumb rounded\"><div class=\"inner\"><a href=\"https:\/\/finanedi.es\/blog\/que-sanciones-existen-por-no-emitir-factura-electronica\/\"><img decoding=\"async\" width=\"330\" height=\"250\" src=\"https:\/\/finanedi.es\/blog\/contenido\/uploads\/2025\/10\/Que-sanciones-existen-por-no-emitir-factura-electronica-330x250.jpg\" class=\"attachment-katen-thumb-list size-katen-thumb-list wp-post-image\" alt=\"Qu\u00e9 sanciones existen por no emitir factura electr\u00f3nica\" \/><\/a><\/div><\/div>  \n\n\t\t\t\t\t\t<div class=\"details clearfix\">\n\t\t\t\t\t\t\t<ul class=\"meta list-inline mb-3\">\n\t\t\t\t\t\t\t\t<li class=\"list-inline-item\"><a href=\"https:\/\/finanedi.es\/blog\/category\/facturacion\/\">Facturaci\u00f3n<\/a><\/li>\t\t\t\t\t\t\t<\/ul>\n\t\t\t\t\t\t\t<h5 class=\"post-title\"><a href=\"https:\/\/finanedi.es\/blog\/que-sanciones-existen-por-no-emitir-factura-electronica\/\">Qu\u00e9 sanciones existen por no emitir factura electr\u00f3nica<\/a><\/h5>\n\t\t\t\t\t\t\t<p class=\"excerpt mb-0\">\n\t\t\t\t\t\t\t\tLa factura electr\u00f3nica ya no es una opci\u00f3n, sino una obligaci\u00f3n para la mayor\u00eda de&hellip;\t\t\t\t\t\t\t<\/p>\n\t\t\t\t\t\t\t<div class=\"post-bottom clearfix d-flex align-items-center\">\n\t\t\t\t\t\t\t\t\t\t\t\t\t\t\t\t\t\t\t\t\t\t\t<\/div>\n\t\t\t\t\t\t<\/div>\n\t\t\t\t\t<\/div>\n\t\t\t\t<\/div>\n\n\t\t\t\n\t\t\t\t<div class=\"col-md-12 col-sm-6 post-list-item post-item\">\n\t\t\t\t\t<!-- post -->\n\t\t\t\t\t<div class=\"post post-list clearfix\">\n\n\t\t\t\t\t\t<div class=\"thumb rounded\"><div class=\"inner\"><a href=\"https:\/\/finanedi.es\/blog\/que-gastos-son-deducibles-para-autonomos-y-empresas\/\"><img loading=\"lazy\" decoding=\"async\" width=\"330\" height=\"250\" src=\"https:\/\/finanedi.es\/blog\/contenido\/uploads\/2025\/10\/Que-gastos-son-deducibles-para-autonomos-y-empresas-330x250.jpg\" class=\"attachment-katen-thumb-list size-katen-thumb-list wp-post-image\" alt=\"Qu\u00e9 gastos son deducibles para aut\u00f3nomos y empresas\" \/><\/a><\/div><\/div>  \n\n\t\t\t\t\t\t<div class=\"details clearfix\">\n\t\t\t\t\t\t\t<ul class=\"meta list-inline mb-3\">\n\t\t\t\t\t\t\t\t<li class=\"list-inline-item\"><a href=\"https:\/\/finanedi.es\/blog\/category\/contabilidad\/\">Contabilidad<\/a><\/li>\t\t\t\t\t\t\t<\/ul>\n\t\t\t\t\t\t\t<h5 class=\"post-title\"><a href=\"https:\/\/finanedi.es\/blog\/que-gastos-son-deducibles-para-autonomos-y-empresas\/\">Qu\u00e9 gastos son deducibles para aut\u00f3nomos y empresas<\/a><\/h5>\n\t\t\t\t\t\t\t<p class=\"excerpt mb-0\">\n\t\t\t\t\t\t\t\tLlevar la contabilidad al d\u00eda no es solo una cuesti\u00f3n de orden: tambi\u00e9n puede marcar&hellip;\t\t\t\t\t\t\t<\/p>\n\t\t\t\t\t\t\t<div class=\"post-bottom clearfix d-flex align-items-center\">\n\t\t\t\t\t\t\t\t\t\t\t\t\t\t\t\t\t\t\t\t\t\t\t<\/div>\n\t\t\t\t\t\t<\/div>\n\t\t\t\t\t<\/div>\n\t\t\t\t<\/div>\n\n\t\t\t\n\t\t\t\t<div class=\"col-md-12 col-sm-6 post-list-item post-item\">\n\t\t\t\t\t<!-- post -->\n\t\t\t\t\t<div class=\"post post-list clearfix\">\n\n\t\t\t\t\t\t<div class=\"thumb rounded\"><div class=\"inner\"><a href=\"https:\/\/finanedi.es\/blog\/que-debe-incluir-una-factura-electronica-segun-la-ley\/\"><img loading=\"lazy\" decoding=\"async\" width=\"330\" height=\"250\" src=\"https:\/\/finanedi.es\/blog\/contenido\/uploads\/2025\/10\/Que-debe-incluir-una-factura-electronica-segun-la-ley-330x250.jpg\" class=\"attachment-katen-thumb-list size-katen-thumb-list wp-post-image\" alt=\"Qu\u00e9 debe incluir una factura electr\u00f3nica seg\u00fan la ley\" \/><\/a><\/div><\/div>  \n\n\t\t\t\t\t\t<div class=\"details clearfix\">\n\t\t\t\t\t\t\t<ul class=\"meta list-inline mb-3\">\n\t\t\t\t\t\t\t\t<li class=\"list-inline-item\"><a href=\"https:\/\/finanedi.es\/blog\/category\/facturacion\/\">Facturaci\u00f3n<\/a><\/li>\t\t\t\t\t\t\t<\/ul>\n\t\t\t\t\t\t\t<h5 class=\"post-title\"><a href=\"https:\/\/finanedi.es\/blog\/que-debe-incluir-una-factura-electronica-segun-la-ley\/\">Qu\u00e9 debe incluir una factura electr\u00f3nica seg\u00fan la ley<\/a><\/h5>\n\t\t\t\t\t\t\t<p class=\"excerpt mb-0\">\n\t\t\t\t\t\t\t\tLa factura electr\u00f3nica ya no es el futuro: es el presente obligatorio para aut\u00f3nomos y&hellip;\t\t\t\t\t\t\t<\/p>\n\t\t\t\t\t\t\t<div class=\"post-bottom clearfix d-flex align-items-center\">\n\t\t\t\t\t\t\t\t\t\t\t\t\t\t\t\t\t\t\t\t\t\t\t<\/div>\n\t\t\t\t\t\t<\/div>\n\t\t\t\t\t<\/div>\n\t\t\t\t<\/div>\n\n\t\t\t\n\t\t\t<\/div>\n\n\t\t<\/div>\n\t\t\n        \t\t\t\t<\/div>\n\t\t\t\t<\/div>\n\t\t\t\t<\/div>\n\t\t\t\t\t<\/div>\n\t\t\t\t<\/div>\n\t\t\t\t<\/div>\n\t\t","protected":false},"excerpt":{"rendered":"<p>La Uni\u00f3n Europea ofrece numerosas oportunidades para las pymes y los aut\u00f3nomos. Uno de los elementos clave para aprovechar estas oportunidades es convertirse en un operador intracomunitario.<\/p>\n","protected":false},"author":3,"featured_media":6076,"comment_status":"closed","ping_status":"open","sticky":false,"template":"","format":"standard","meta":{"_monsterinsights_skip_tracking":false,"_monsterinsights_sitenote_active":false,"_monsterinsights_sitenote_note":"","_monsterinsights_sitenote_category":0,"footnotes":""},"categories":[6],"tags":[],"class_list":["post-6056","post","type-post","status-publish","format-standard","has-post-thumbnail","hentry","category-contabilidad"],"yoast_head":"<!-- This site is optimized with the Yoast SEO plugin v26.2 - https:\/\/yoast.com\/wordpress\/plugins\/seo\/ -->\n<title>Convi\u00e9rtete en operador intracomunitario: Expande tu negocio en Europa<\/title>\n<meta name=\"description\" content=\"Descubre qu\u00e9 es un operador intracomunitario, sus beneficios y c\u00f3mo registrarte para optimizar tus negocios en la UE.\" \/>\n<meta name=\"robots\" content=\"index, follow, max-snippet:-1, max-image-preview:large, max-video-preview:-1\" \/>\n<link rel=\"canonical\" href=\"https:\/\/finanedi.es\/blog\/operador-intracomunitario\/\" \/>\n<meta property=\"og:locale\" content=\"es_ES\" \/>\n<meta property=\"og:type\" content=\"article\" \/>\n<meta property=\"og:title\" content=\"Convi\u00e9rtete en operador intracomunitario: Expande tu negocio en Europa\" \/>\n<meta property=\"og:description\" content=\"Descubre qu\u00e9 es un operador intracomunitario, sus beneficios y c\u00f3mo registrarte para optimizar tus negocios en la UE.\" \/>\n<meta property=\"og:url\" content=\"https:\/\/finanedi.es\/blog\/operador-intracomunitario\/\" \/>\n<meta property=\"og:site_name\" content=\"Blog para pymes y aut\u00f3nomos - FinanEDI\" \/>\n<meta property=\"article:published_time\" content=\"2024-10-16T07:35:44+00:00\" \/>\n<meta property=\"article:modified_time\" content=\"2024-10-16T15:20:37+00:00\" \/>\n<meta property=\"og:image\" content=\"https:\/\/finanedi.es\/blog\/contenido\/uploads\/2024\/10\/operador-intracomunitario.jpg\" \/>\n\t<meta property=\"og:image:width\" content=\"2000\" \/>\n\t<meta property=\"og:image:height\" content=\"1115\" \/>\n\t<meta property=\"og:image:type\" content=\"image\/jpeg\" \/>\n<meta name=\"author\" content=\"restevez\" \/>\n<meta name=\"twitter:card\" content=\"summary_large_image\" \/>\n<meta name=\"twitter:label1\" content=\"Escrito por\" \/>\n\t<meta name=\"twitter:data1\" content=\"restevez\" \/>\n\t<meta name=\"twitter:label2\" content=\"Tiempo de lectura\" \/>\n\t<meta name=\"twitter:data2\" content=\"8 minutos\" \/>\n<script type=\"application\/ld+json\" class=\"yoast-schema-graph\">{\"@context\":\"https:\/\/schema.org\",\"@graph\":[{\"@type\":\"Article\",\"@id\":\"https:\/\/finanedi.es\/blog\/operador-intracomunitario\/#article\",\"isPartOf\":{\"@id\":\"https:\/\/finanedi.es\/blog\/operador-intracomunitario\/\"},\"author\":{\"name\":\"restevez\",\"@id\":\"https:\/\/finanedi.es\/blog\/#\/schema\/person\/233ed58195d34f36f74f13ba1030ebd8\"},\"headline\":\"Convi\u00e9rtete en operador intracomunitario: Expande tu negocio en Europa\",\"datePublished\":\"2024-10-16T07:35:44+00:00\",\"dateModified\":\"2024-10-16T15:20:37+00:00\",\"mainEntityOfPage\":{\"@id\":\"https:\/\/finanedi.es\/blog\/operador-intracomunitario\/\"},\"wordCount\":1360,\"publisher\":{\"@id\":\"https:\/\/finanedi.es\/blog\/#organization\"},\"image\":{\"@id\":\"https:\/\/finanedi.es\/blog\/operador-intracomunitario\/#primaryimage\"},\"thumbnailUrl\":\"https:\/\/finanedi.es\/blog\/contenido\/uploads\/2024\/10\/operador-intracomunitario.jpg\",\"articleSection\":[\"Contabilidad\"],\"inLanguage\":\"es\"},{\"@type\":\"WebPage\",\"@id\":\"https:\/\/finanedi.es\/blog\/operador-intracomunitario\/\",\"url\":\"https:\/\/finanedi.es\/blog\/operador-intracomunitario\/\",\"name\":\"Convi\u00e9rtete en operador intracomunitario: Expande tu negocio en Europa\",\"isPartOf\":{\"@id\":\"https:\/\/finanedi.es\/blog\/#website\"},\"primaryImageOfPage\":{\"@id\":\"https:\/\/finanedi.es\/blog\/operador-intracomunitario\/#primaryimage\"},\"image\":{\"@id\":\"https:\/\/finanedi.es\/blog\/operador-intracomunitario\/#primaryimage\"},\"thumbnailUrl\":\"https:\/\/finanedi.es\/blog\/contenido\/uploads\/2024\/10\/operador-intracomunitario.jpg\",\"datePublished\":\"2024-10-16T07:35:44+00:00\",\"dateModified\":\"2024-10-16T15:20:37+00:00\",\"description\":\"Descubre qu\u00e9 es un operador intracomunitario, sus beneficios y c\u00f3mo registrarte para optimizar tus negocios en la UE.\",\"breadcrumb\":{\"@id\":\"https:\/\/finanedi.es\/blog\/operador-intracomunitario\/#breadcrumb\"},\"inLanguage\":\"es\",\"potentialAction\":[{\"@type\":\"ReadAction\",\"target\":[\"https:\/\/finanedi.es\/blog\/operador-intracomunitario\/\"]}]},{\"@type\":\"ImageObject\",\"inLanguage\":\"es\",\"@id\":\"https:\/\/finanedi.es\/blog\/operador-intracomunitario\/#primaryimage\",\"url\":\"https:\/\/finanedi.es\/blog\/contenido\/uploads\/2024\/10\/operador-intracomunitario.jpg\",\"contentUrl\":\"https:\/\/finanedi.es\/blog\/contenido\/uploads\/2024\/10\/operador-intracomunitario.jpg\",\"width\":2000,\"height\":1115,\"caption\":\"Convi\u00e9rtete en operador intracomunitario\"},{\"@type\":\"BreadcrumbList\",\"@id\":\"https:\/\/finanedi.es\/blog\/operador-intracomunitario\/#breadcrumb\",\"itemListElement\":[{\"@type\":\"ListItem\",\"position\":1,\"name\":\"Home\",\"item\":\"https:\/\/finanedi.es\/blog\/\"},{\"@type\":\"ListItem\",\"position\":2,\"name\":\"Convi\u00e9rtete en operador intracomunitario: Expande tu negocio en Europa\"}]},{\"@type\":\"WebSite\",\"@id\":\"https:\/\/finanedi.es\/blog\/#website\",\"url\":\"https:\/\/finanedi.es\/blog\/\",\"name\":\"Blog para pymes y aut\u00f3nomos - FinanEDI\",\"description\":\"Blog para aut\u00f3nomos y PYMES, sobre temas como facturaci\u00f3n, contabilidad, tecnolog\u00eda.\",\"publisher\":{\"@id\":\"https:\/\/finanedi.es\/blog\/#organization\"},\"potentialAction\":[{\"@type\":\"SearchAction\",\"target\":{\"@type\":\"EntryPoint\",\"urlTemplate\":\"https:\/\/finanedi.es\/blog\/?s={search_term_string}\"},\"query-input\":{\"@type\":\"PropertyValueSpecification\",\"valueRequired\":true,\"valueName\":\"search_term_string\"}}],\"inLanguage\":\"es\"},{\"@type\":\"Organization\",\"@id\":\"https:\/\/finanedi.es\/blog\/#organization\",\"name\":\"Blog para pymes y aut\u00f3nomos - FinanEDI\",\"url\":\"https:\/\/finanedi.es\/blog\/\",\"logo\":{\"@type\":\"ImageObject\",\"inLanguage\":\"es\",\"@id\":\"https:\/\/finanedi.es\/blog\/#\/schema\/logo\/image\/\",\"url\":\"https:\/\/finanedi.es\/blog\/contenido\/uploads\/2024\/02\/FinanEdiAzul1.svg\",\"contentUrl\":\"https:\/\/finanedi.es\/blog\/contenido\/uploads\/2024\/02\/FinanEdiAzul1.svg\",\"width\":142,\"height\":36,\"caption\":\"Blog para pymes y aut\u00f3nomos - FinanEDI\"},\"image\":{\"@id\":\"https:\/\/finanedi.es\/blog\/#\/schema\/logo\/image\/\"}},{\"@type\":\"Person\",\"@id\":\"https:\/\/finanedi.es\/blog\/#\/schema\/person\/233ed58195d34f36f74f13ba1030ebd8\",\"name\":\"restevez\",\"image\":{\"@type\":\"ImageObject\",\"inLanguage\":\"es\",\"@id\":\"https:\/\/finanedi.es\/blog\/#\/schema\/person\/image\/\",\"url\":\"https:\/\/secure.gravatar.com\/avatar\/6c4880db9746e4aa887a98e0ebf657788804dc4280120ef10331a2e6ebb4a9a0?s=96&d=mm&r=g\",\"contentUrl\":\"https:\/\/secure.gravatar.com\/avatar\/6c4880db9746e4aa887a98e0ebf657788804dc4280120ef10331a2e6ebb4a9a0?s=96&d=mm&r=g\",\"caption\":\"restevez\"},\"url\":\"https:\/\/finanedi.es\/blog\/author\/restevez\/\"}]}<\/script>\n<!-- \/ Yoast SEO plugin. -->","yoast_head_json":{"title":"Convi\u00e9rtete en operador intracomunitario: Expande tu negocio en Europa","description":"Descubre qu\u00e9 es un operador intracomunitario, sus beneficios y c\u00f3mo registrarte para optimizar tus negocios en la UE.","robots":{"index":"index","follow":"follow","max-snippet":"max-snippet:-1","max-image-preview":"max-image-preview:large","max-video-preview":"max-video-preview:-1"},"canonical":"https:\/\/finanedi.es\/blog\/operador-intracomunitario\/","og_locale":"es_ES","og_type":"article","og_title":"Convi\u00e9rtete en operador intracomunitario: Expande tu negocio en Europa","og_description":"Descubre qu\u00e9 es un operador intracomunitario, sus beneficios y c\u00f3mo registrarte para optimizar tus negocios en la UE.","og_url":"https:\/\/finanedi.es\/blog\/operador-intracomunitario\/","og_site_name":"Blog para pymes y aut\u00f3nomos - FinanEDI","article_published_time":"2024-10-16T07:35:44+00:00","article_modified_time":"2024-10-16T15:20:37+00:00","og_image":[{"width":2000,"height":1115,"url":"https:\/\/finanedi.es\/blog\/contenido\/uploads\/2024\/10\/operador-intracomunitario.jpg","type":"image\/jpeg"}],"author":"restevez","twitter_card":"summary_large_image","twitter_misc":{"Escrito por":"restevez","Tiempo de lectura":"8 minutos"},"schema":{"@context":"https:\/\/schema.org","@graph":[{"@type":"Article","@id":"https:\/\/finanedi.es\/blog\/operador-intracomunitario\/#article","isPartOf":{"@id":"https:\/\/finanedi.es\/blog\/operador-intracomunitario\/"},"author":{"name":"restevez","@id":"https:\/\/finanedi.es\/blog\/#\/schema\/person\/233ed58195d34f36f74f13ba1030ebd8"},"headline":"Convi\u00e9rtete en operador intracomunitario: Expande tu negocio en Europa","datePublished":"2024-10-16T07:35:44+00:00","dateModified":"2024-10-16T15:20:37+00:00","mainEntityOfPage":{"@id":"https:\/\/finanedi.es\/blog\/operador-intracomunitario\/"},"wordCount":1360,"publisher":{"@id":"https:\/\/finanedi.es\/blog\/#organization"},"image":{"@id":"https:\/\/finanedi.es\/blog\/operador-intracomunitario\/#primaryimage"},"thumbnailUrl":"https:\/\/finanedi.es\/blog\/contenido\/uploads\/2024\/10\/operador-intracomunitario.jpg","articleSection":["Contabilidad"],"inLanguage":"es"},{"@type":"WebPage","@id":"https:\/\/finanedi.es\/blog\/operador-intracomunitario\/","url":"https:\/\/finanedi.es\/blog\/operador-intracomunitario\/","name":"Convi\u00e9rtete en operador intracomunitario: Expande tu negocio en Europa","isPartOf":{"@id":"https:\/\/finanedi.es\/blog\/#website"},"primaryImageOfPage":{"@id":"https:\/\/finanedi.es\/blog\/operador-intracomunitario\/#primaryimage"},"image":{"@id":"https:\/\/finanedi.es\/blog\/operador-intracomunitario\/#primaryimage"},"thumbnailUrl":"https:\/\/finanedi.es\/blog\/contenido\/uploads\/2024\/10\/operador-intracomunitario.jpg","datePublished":"2024-10-16T07:35:44+00:00","dateModified":"2024-10-16T15:20:37+00:00","description":"Descubre qu\u00e9 es un operador intracomunitario, sus beneficios y c\u00f3mo registrarte para optimizar tus negocios en la UE.","breadcrumb":{"@id":"https:\/\/finanedi.es\/blog\/operador-intracomunitario\/#breadcrumb"},"inLanguage":"es","potentialAction":[{"@type":"ReadAction","target":["https:\/\/finanedi.es\/blog\/operador-intracomunitario\/"]}]},{"@type":"ImageObject","inLanguage":"es","@id":"https:\/\/finanedi.es\/blog\/operador-intracomunitario\/#primaryimage","url":"https:\/\/finanedi.es\/blog\/contenido\/uploads\/2024\/10\/operador-intracomunitario.jpg","contentUrl":"https:\/\/finanedi.es\/blog\/contenido\/uploads\/2024\/10\/operador-intracomunitario.jpg","width":2000,"height":1115,"caption":"Convi\u00e9rtete en operador intracomunitario"},{"@type":"BreadcrumbList","@id":"https:\/\/finanedi.es\/blog\/operador-intracomunitario\/#breadcrumb","itemListElement":[{"@type":"ListItem","position":1,"name":"Home","item":"https:\/\/finanedi.es\/blog\/"},{"@type":"ListItem","position":2,"name":"Convi\u00e9rtete en operador intracomunitario: Expande tu negocio en Europa"}]},{"@type":"WebSite","@id":"https:\/\/finanedi.es\/blog\/#website","url":"https:\/\/finanedi.es\/blog\/","name":"Blog para pymes y aut\u00f3nomos - FinanEDI","description":"Blog para aut\u00f3nomos y PYMES, sobre temas como facturaci\u00f3n, contabilidad, tecnolog\u00eda.","publisher":{"@id":"https:\/\/finanedi.es\/blog\/#organization"},"potentialAction":[{"@type":"SearchAction","target":{"@type":"EntryPoint","urlTemplate":"https:\/\/finanedi.es\/blog\/?s={search_term_string}"},"query-input":{"@type":"PropertyValueSpecification","valueRequired":true,"valueName":"search_term_string"}}],"inLanguage":"es"},{"@type":"Organization","@id":"https:\/\/finanedi.es\/blog\/#organization","name":"Blog para pymes y aut\u00f3nomos - FinanEDI","url":"https:\/\/finanedi.es\/blog\/","logo":{"@type":"ImageObject","inLanguage":"es","@id":"https:\/\/finanedi.es\/blog\/#\/schema\/logo\/image\/","url":"https:\/\/finanedi.es\/blog\/contenido\/uploads\/2024\/02\/FinanEdiAzul1.svg","contentUrl":"https:\/\/finanedi.es\/blog\/contenido\/uploads\/2024\/02\/FinanEdiAzul1.svg","width":142,"height":36,"caption":"Blog para pymes y aut\u00f3nomos - FinanEDI"},"image":{"@id":"https:\/\/finanedi.es\/blog\/#\/schema\/logo\/image\/"}},{"@type":"Person","@id":"https:\/\/finanedi.es\/blog\/#\/schema\/person\/233ed58195d34f36f74f13ba1030ebd8","name":"restevez","image":{"@type":"ImageObject","inLanguage":"es","@id":"https:\/\/finanedi.es\/blog\/#\/schema\/person\/image\/","url":"https:\/\/secure.gravatar.com\/avatar\/6c4880db9746e4aa887a98e0ebf657788804dc4280120ef10331a2e6ebb4a9a0?s=96&d=mm&r=g","contentUrl":"https:\/\/secure.gravatar.com\/avatar\/6c4880db9746e4aa887a98e0ebf657788804dc4280120ef10331a2e6ebb4a9a0?s=96&d=mm&r=g","caption":"restevez"},"url":"https:\/\/finanedi.es\/blog\/author\/restevez\/"}]}},"_links":{"self":[{"href":"https:\/\/finanedi.es\/blog\/wp-json\/wp\/v2\/posts\/6056","targetHints":{"allow":["GET"]}}],"collection":[{"href":"https:\/\/finanedi.es\/blog\/wp-json\/wp\/v2\/posts"}],"about":[{"href":"https:\/\/finanedi.es\/blog\/wp-json\/wp\/v2\/types\/post"}],"author":[{"embeddable":true,"href":"https:\/\/finanedi.es\/blog\/wp-json\/wp\/v2\/users\/3"}],"replies":[{"embeddable":true,"href":"https:\/\/finanedi.es\/blog\/wp-json\/wp\/v2\/comments?post=6056"}],"version-history":[{"count":23,"href":"https:\/\/finanedi.es\/blog\/wp-json\/wp\/v2\/posts\/6056\/revisions"}],"predecessor-version":[{"id":6133,"href":"https:\/\/finanedi.es\/blog\/wp-json\/wp\/v2\/posts\/6056\/revisions\/6133"}],"wp:featuredmedia":[{"embeddable":true,"href":"https:\/\/finanedi.es\/blog\/wp-json\/wp\/v2\/media\/6076"}],"wp:attachment":[{"href":"https:\/\/finanedi.es\/blog\/wp-json\/wp\/v2\/media?parent=6056"}],"wp:term":[{"taxonomy":"category","embeddable":true,"href":"https:\/\/finanedi.es\/blog\/wp-json\/wp\/v2\/categories?post=6056"},{"taxonomy":"post_tag","embeddable":true,"href":"https:\/\/finanedi.es\/blog\/wp-json\/wp\/v2\/tags?post=6056"}],"curies":[{"name":"wp","href":"https:\/\/api.w.org\/{rel}","templated":true}]}}