{"id":6120,"date":"2024-10-16T17:04:10","date_gmt":"2024-10-16T15:04:10","guid":{"rendered":"https:\/\/finanedi.es\/blog\/?p=6120"},"modified":"2024-11-07T16:01:06","modified_gmt":"2024-11-07T15:01:06","slug":"modelo-349-operaciones-intracomunitarias","status":"publish","type":"post","link":"https:\/\/finanedi.es\/blog\/modelo-349-operaciones-intracomunitarias\/","title":{"rendered":"Modelo 349: Herramienta clave para las operaciones intracomunitarias"},"content":{"rendered":"\t\t<div data-elementor-type=\"wp-post\" data-elementor-id=\"6120\" class=\"elementor elementor-6120\">\n\t\t\t\t<div class=\"elementor-element elementor-element-4081299 e-flex e-con-boxed e-con e-parent\" data-id=\"4081299\" data-element_type=\"container\">\n\t\t\t\t\t<div class=\"e-con-inner\">\n\t\t\t\t<div class=\"elementor-element elementor-element-64703bd elementor-widget elementor-widget-heading\" data-id=\"64703bd\" data-element_type=\"widget\" data-widget_type=\"heading.default\">\n\t\t\t\t<div class=\"elementor-widget-container\">\n\t\t\t\t\t<h2 class=\"elementor-heading-title elementor-size-default\">\u00bfQu\u00e9 es el Modelo 349?<\/h2>\t\t\t\t<\/div>\n\t\t\t\t<\/div>\n\t\t\t\t\t<\/div>\n\t\t\t\t<\/div>\n\t\t<div class=\"elementor-element elementor-element-ec5340d e-flex e-con-boxed e-con e-parent\" data-id=\"ec5340d\" data-element_type=\"container\">\n\t\t\t\t\t<div class=\"e-con-inner\">\n\t\t\t\t<div class=\"elementor-element elementor-element-d9aa2c6 elementor-widget elementor-widget-text-editor\" data-id=\"d9aa2c6\" data-element_type=\"widget\" data-widget_type=\"text-editor.default\">\n\t\t\t\t<div class=\"elementor-widget-container\">\n\t\t\t\t\t\t\t\t\t<p>El <strong>Modelo 349<\/strong> es una declaraci\u00f3n informativa que deben presentar los empresarios y profesionales para comunicar a la Agencia Tributaria espa\u00f1ola las operaciones intracomunitarias realizadas. Este modelo es esencial para aquellos que participan en el comercio dentro de la Uni\u00f3n Europea (UE), ya que garantiza la transparencia y el control de las transacciones entre los pa\u00edses miembros.<\/p>\t\t\t\t\t\t\t\t<\/div>\n\t\t\t\t<\/div>\n\t\t\t\t\t<\/div>\n\t\t\t\t<\/div>\n\t\t<div class=\"elementor-element elementor-element-e1b7abf e-flex e-con-boxed e-con e-parent\" data-id=\"e1b7abf\" data-element_type=\"container\">\n\t\t\t\t\t<div class=\"e-con-inner\">\n\t\t\t\t<div class=\"elementor-element elementor-element-864e5b5 elementor-widget elementor-widget-heading\" data-id=\"864e5b5\" data-element_type=\"widget\" data-widget_type=\"heading.default\">\n\t\t\t\t<div class=\"elementor-widget-container\">\n\t\t\t\t\t<h3 class=\"elementor-heading-title elementor-size-default\">\u00bfQui\u00e9nes deben presentar el Modelo 349?<\/h3>\t\t\t\t<\/div>\n\t\t\t\t<\/div>\n\t\t\t\t\t<\/div>\n\t\t\t\t<\/div>\n\t\t<div class=\"elementor-element elementor-element-6b7e8b5 e-flex e-con-boxed e-con e-parent\" data-id=\"6b7e8b5\" data-element_type=\"container\">\n\t\t\t\t\t<div class=\"e-con-inner\">\n\t\t\t\t<div class=\"elementor-element elementor-element-0b95154 elementor-widget elementor-widget-text-editor\" data-id=\"0b95154\" data-element_type=\"widget\" data-widget_type=\"text-editor.default\">\n\t\t\t\t<div class=\"elementor-widget-container\">\n\t\t\t\t\t\t\t\t\t<ul><li><strong>Empresarios y profesionales<\/strong>: Aquellos que realicen entregas o adquisiciones intracomunitarias de bienes.<\/li><li><strong>Prestadores de servicios<\/strong>: Aquellos que realicen operaciones de servicios intracomunitarios.<\/li><li><strong>Entidades sin personalidad jur\u00eddica<\/strong>: En casos espec\u00edficos donde participen en operaciones intracomunitarias.<\/li><\/ul>\t\t\t\t\t\t\t\t<\/div>\n\t\t\t\t<\/div>\n\t\t\t\t\t<\/div>\n\t\t\t\t<\/div>\n\t\t<div class=\"elementor-element elementor-element-4fca047 e-flex e-con-boxed e-con e-parent\" data-id=\"4fca047\" data-element_type=\"container\">\n\t\t\t\t\t<div class=\"e-con-inner\">\n\t\t\t\t<div class=\"elementor-element elementor-element-8919e2b elementor-widget elementor-widget-spacer\" data-id=\"8919e2b\" data-element_type=\"widget\" data-widget_type=\"spacer.default\">\n\t\t\t\t<div class=\"elementor-widget-container\">\n\t\t\t\t\t\t\t<div class=\"elementor-spacer\">\n\t\t\t<div class=\"elementor-spacer-inner\"><\/div>\n\t\t<\/div>\n\t\t\t\t\t\t<\/div>\n\t\t\t\t<\/div>\n\t\t\t\t\t<\/div>\n\t\t\t\t<\/div>\n\t\t<div class=\"elementor-element elementor-element-3ab0afe e-flex e-con-boxed e-con e-parent\" data-id=\"3ab0afe\" data-element_type=\"container\">\n\t\t\t\t\t<div class=\"e-con-inner\">\n\t\t\t\t<div class=\"elementor-element elementor-element-121184f elementor-widget elementor-widget-heading\" data-id=\"121184f\" data-element_type=\"widget\" data-widget_type=\"heading.default\">\n\t\t\t\t<div class=\"elementor-widget-container\">\n\t\t\t\t\t<h3 class=\"elementor-heading-title elementor-size-default\">Tipos de Operaciones a declarar<\/h3>\t\t\t\t<\/div>\n\t\t\t\t<\/div>\n\t\t\t\t\t<\/div>\n\t\t\t\t<\/div>\n\t\t<div class=\"elementor-element elementor-element-fe440d2 e-flex e-con-boxed e-con e-parent\" data-id=\"fe440d2\" data-element_type=\"container\">\n\t\t\t\t\t<div class=\"e-con-inner\">\n\t\t\t\t<div class=\"elementor-element elementor-element-ff4b951 elementor-widget elementor-widget-heading\" data-id=\"ff4b951\" data-element_type=\"widget\" data-widget_type=\"heading.default\">\n\t\t\t\t<div class=\"elementor-widget-container\">\n\t\t\t\t\t<h4 class=\"elementor-heading-title elementor-size-default\">Entregas yntracomunitarias de bienes<\/h4>\t\t\t\t<\/div>\n\t\t\t\t<\/div>\n\t\t\t\t\t<\/div>\n\t\t\t\t<\/div>\n\t\t<div class=\"elementor-element elementor-element-3b64a69 e-flex e-con-boxed e-con e-parent\" data-id=\"3b64a69\" data-element_type=\"container\">\n\t\t\t\t\t<div class=\"e-con-inner\">\n\t\t\t\t<div class=\"elementor-element elementor-element-7cdc71a elementor-widget elementor-widget-text-editor\" data-id=\"7cdc71a\" data-element_type=\"widget\" data-widget_type=\"text-editor.default\">\n\t\t\t\t<div class=\"elementor-widget-container\">\n\t\t\t\t\t\t\t\t\t<p>Estas son ventas de bienes a clientes en otros pa\u00edses de la UE. Las entregas intracomunitarias est\u00e1n exentas de IVA, pero deben ser reportadas detalladamente en el Modelo 349 para garantizar la correcta supervisi\u00f3n fiscal.<\/p>\t\t\t\t\t\t\t\t<\/div>\n\t\t\t\t<\/div>\n\t\t\t\t\t<\/div>\n\t\t\t\t<\/div>\n\t\t<div class=\"elementor-element elementor-element-fa1ac5e e-flex e-con-boxed e-con e-parent\" data-id=\"fa1ac5e\" data-element_type=\"container\">\n\t\t\t\t\t<div class=\"e-con-inner\">\n\t\t\t\t<div class=\"elementor-element elementor-element-8486a72 elementor-widget elementor-widget-heading\" data-id=\"8486a72\" data-element_type=\"widget\" data-widget_type=\"heading.default\">\n\t\t\t\t<div class=\"elementor-widget-container\">\n\t\t\t\t\t<h4 class=\"elementor-heading-title elementor-size-default\">Adquisiciones intracomunitarias de bienes<\/h4>\t\t\t\t<\/div>\n\t\t\t\t<\/div>\n\t\t\t\t\t<\/div>\n\t\t\t\t<\/div>\n\t\t<div class=\"elementor-element elementor-element-bbdf7b0 e-flex e-con-boxed e-con e-parent\" data-id=\"bbdf7b0\" data-element_type=\"container\">\n\t\t\t\t\t<div class=\"e-con-inner\">\n\t\t\t\t<div class=\"elementor-element elementor-element-132299a elementor-widget elementor-widget-text-editor\" data-id=\"132299a\" data-element_type=\"widget\" data-widget_type=\"text-editor.default\">\n\t\t\t\t<div class=\"elementor-widget-container\">\n\t\t\t\t\t\t\t\t\t<p>Son compras de bienes procedentes de proveedores en otros pa\u00edses de la UE. Al igual que las entregas, estas adquisiciones deben ser declaradas para el control del IVA.<\/p>\t\t\t\t\t\t\t\t<\/div>\n\t\t\t\t<\/div>\n\t\t\t\t\t<\/div>\n\t\t\t\t<\/div>\n\t\t<div class=\"elementor-element elementor-element-556dc98 e-flex e-con-boxed e-con e-parent\" data-id=\"556dc98\" data-element_type=\"container\">\n\t\t\t\t\t<div class=\"e-con-inner\">\n\t\t\t\t<div class=\"elementor-element elementor-element-7f53bc5 elementor-widget elementor-widget-heading\" data-id=\"7f53bc5\" data-element_type=\"widget\" data-widget_type=\"heading.default\">\n\t\t\t\t<div class=\"elementor-widget-container\">\n\t\t\t\t\t<h4 class=\"elementor-heading-title elementor-size-default\">Prestaciones de servicios intracomunitarios<\/h4>\t\t\t\t<\/div>\n\t\t\t\t<\/div>\n\t\t\t\t\t<\/div>\n\t\t\t\t<\/div>\n\t\t<div class=\"elementor-element elementor-element-6194718 e-flex e-con-boxed e-con e-parent\" data-id=\"6194718\" data-element_type=\"container\">\n\t\t\t\t\t<div class=\"e-con-inner\">\n\t\t\t\t<div class=\"elementor-element elementor-element-8c374cc elementor-widget elementor-widget-text-editor\" data-id=\"8c374cc\" data-element_type=\"widget\" data-widget_type=\"text-editor.default\">\n\t\t\t\t<div class=\"elementor-widget-container\">\n\t\t\t\t\t\t\t\t\t<p>Incluye servicios prestados a clientes en otros estados miembros de la UE. Aunque no siempre son sujetos a IVA en el pa\u00eds de origen, deben ser incluidos en el Modelo 349.<\/p>\t\t\t\t\t\t\t\t<\/div>\n\t\t\t\t<\/div>\n\t\t\t\t\t<\/div>\n\t\t\t\t<\/div>\n\t\t<div class=\"elementor-element elementor-element-14769fb e-flex e-con-boxed e-con e-parent\" data-id=\"14769fb\" data-element_type=\"container\">\n\t\t\t\t\t<div class=\"e-con-inner\">\n\t\t\t\t<div class=\"elementor-element elementor-element-3cf7a3f elementor-widget elementor-widget-spacer\" data-id=\"3cf7a3f\" data-element_type=\"widget\" data-widget_type=\"spacer.default\">\n\t\t\t\t<div class=\"elementor-widget-container\">\n\t\t\t\t\t\t\t<div class=\"elementor-spacer\">\n\t\t\t<div class=\"elementor-spacer-inner\"><\/div>\n\t\t<\/div>\n\t\t\t\t\t\t<\/div>\n\t\t\t\t<\/div>\n\t\t\t\t\t<\/div>\n\t\t\t\t<\/div>\n\t\t<div class=\"elementor-element elementor-element-055cc20 e-flex e-con-boxed e-con e-parent\" data-id=\"055cc20\" data-element_type=\"container\">\n\t\t\t\t\t<div class=\"e-con-inner\">\n\t\t\t\t<div class=\"elementor-element elementor-element-ac9e37c elementor-widget elementor-widget-heading\" data-id=\"ac9e37c\" data-element_type=\"widget\" data-widget_type=\"heading.default\">\n\t\t\t\t<div class=\"elementor-widget-container\">\n\t\t\t\t\t<h3 class=\"elementor-heading-title elementor-size-default\">\u00bfCu\u00e1ndo se presenta el Modelo 349?<\/h3>\t\t\t\t<\/div>\n\t\t\t\t<\/div>\n\t\t\t\t\t<\/div>\n\t\t\t\t<\/div>\n\t\t<div class=\"elementor-element elementor-element-3347e60 e-flex e-con-boxed e-con e-parent\" data-id=\"3347e60\" data-element_type=\"container\">\n\t\t\t\t\t<div class=\"e-con-inner\">\n\t\t\t\t<div class=\"elementor-element elementor-element-f93df42 elementor-widget elementor-widget-text-editor\" data-id=\"f93df42\" data-element_type=\"widget\" data-widget_type=\"text-editor.default\">\n\t\t\t\t<div class=\"elementor-widget-container\">\n\t\t\t\t\t\t\t\t\t<p>La periodicidad de la <strong>presentaci\u00f3n del Modelo 349<\/strong> var\u00eda seg\u00fan el volumen de operaciones:<\/p><ul><li><strong>Mensual<\/strong>: Para aquellos cuyo importe total de operaciones intracomunitarias en el trimestre anterior haya superado los 50.000 euros.<\/li><li><strong>Trimestral<\/strong>: Para aquellos con operaciones inferiores a 50.000 euros.<\/li><li><strong>Anual<\/strong>: En algunos casos espec\u00edficos, como para aquellos empresarios o profesionales que no superen los 35.000 euros anuales en entregas intracomunitarias de bienes o servicios.<\/li><\/ul>\t\t\t\t\t\t\t\t<\/div>\n\t\t\t\t<\/div>\n\t\t\t\t\t<\/div>\n\t\t\t\t<\/div>\n\t\t<div class=\"elementor-element elementor-element-bcc4706 e-flex e-con-boxed e-con e-parent\" data-id=\"bcc4706\" data-element_type=\"container\">\n\t\t\t\t\t<div class=\"e-con-inner\">\n\t\t\t\t<div class=\"elementor-element elementor-element-7101d93 elementor-widget elementor-widget-spacer\" data-id=\"7101d93\" data-element_type=\"widget\" data-widget_type=\"spacer.default\">\n\t\t\t\t<div class=\"elementor-widget-container\">\n\t\t\t\t\t\t\t<div class=\"elementor-spacer\">\n\t\t\t<div class=\"elementor-spacer-inner\"><\/div>\n\t\t<\/div>\n\t\t\t\t\t\t<\/div>\n\t\t\t\t<\/div>\n\t\t\t\t\t<\/div>\n\t\t\t\t<\/div>\n\t\t<div class=\"elementor-element elementor-element-a0eb3d0 e-flex e-con-boxed e-con e-parent\" data-id=\"a0eb3d0\" data-element_type=\"container\">\n\t\t\t\t\t<div class=\"e-con-inner\">\n\t\t\t\t<div class=\"elementor-element elementor-element-f77e316 elementor-widget elementor-widget-heading\" data-id=\"f77e316\" data-element_type=\"widget\" data-widget_type=\"heading.default\">\n\t\t\t\t<div class=\"elementor-widget-container\">\n\t\t\t\t\t<h3 class=\"elementor-heading-title elementor-size-default\">\u00bfC\u00f3mo se rellena el Modelo 349?<\/h3>\t\t\t\t<\/div>\n\t\t\t\t<\/div>\n\t\t\t\t\t<\/div>\n\t\t\t\t<\/div>\n\t\t<div class=\"elementor-element elementor-element-5a56576 e-flex e-con-boxed e-con e-parent\" data-id=\"5a56576\" data-element_type=\"container\">\n\t\t\t\t\t<div class=\"e-con-inner\">\n\t\t\t\t<div class=\"elementor-element elementor-element-da96bc6 elementor-widget elementor-widget-text-editor\" data-id=\"da96bc6\" data-element_type=\"widget\" data-widget_type=\"text-editor.default\">\n\t\t\t\t<div class=\"elementor-widget-container\">\n\t\t\t\t\t\t\t\t\t<p>Requiere atenci\u00f3n a los detalles de cada operaci\u00f3n. Aqu\u00ed se describen los pasos esenciales:<\/p>\t\t\t\t\t\t\t\t<\/div>\n\t\t\t\t<\/div>\n\t\t\t\t\t<\/div>\n\t\t\t\t<\/div>\n\t\t<div class=\"elementor-element elementor-element-30fa98e e-flex e-con-boxed e-con e-parent\" data-id=\"30fa98e\" data-element_type=\"container\">\n\t\t\t\t\t<div class=\"e-con-inner\">\n\t\t\t\t<div class=\"elementor-element elementor-element-e1f72db elementor-widget elementor-widget-heading\" data-id=\"e1f72db\" data-element_type=\"widget\" data-widget_type=\"heading.default\">\n\t\t\t\t<div class=\"elementor-widget-container\">\n\t\t\t\t\t<h4 class=\"elementor-heading-title elementor-size-default\">Identificaci\u00f3n<\/h4>\t\t\t\t<\/div>\n\t\t\t\t<\/div>\n\t\t\t\t\t<\/div>\n\t\t\t\t<\/div>\n\t\t<div class=\"elementor-element elementor-element-13935af e-flex e-con-boxed e-con e-parent\" data-id=\"13935af\" data-element_type=\"container\">\n\t\t\t\t\t<div class=\"e-con-inner\">\n\t\t\t\t<div class=\"elementor-element elementor-element-40cffef elementor-widget elementor-widget-text-editor\" data-id=\"40cffef\" data-element_type=\"widget\" data-widget_type=\"text-editor.default\">\n\t\t\t\t<div class=\"elementor-widget-container\">\n\t\t\t\t\t\t\t\t\t<ul><li><strong>NIF<\/strong>: <a href=\"https:\/\/finanedi.es\/blog\/que-es-el-nif-numero-de-identificacion-fiscal\/\">N\u00famero de Identificaci\u00f3n Fiscal<\/a> del declarante.<\/li><li><strong>Nombre o Raz\u00f3n Social<\/strong>: Denominaci\u00f3n del declarante.<\/li><\/ul>\t\t\t\t\t\t\t\t<\/div>\n\t\t\t\t<\/div>\n\t\t\t\t\t<\/div>\n\t\t\t\t<\/div>\n\t\t<div class=\"elementor-element elementor-element-640eae3 e-flex e-con-boxed e-con e-parent\" data-id=\"640eae3\" data-element_type=\"container\">\n\t\t\t\t\t<div class=\"e-con-inner\">\n\t\t\t\t<div class=\"elementor-element elementor-element-f826086 elementor-widget elementor-widget-heading\" data-id=\"f826086\" data-element_type=\"widget\" data-widget_type=\"heading.default\">\n\t\t\t\t<div class=\"elementor-widget-container\">\n\t\t\t\t\t<h4 class=\"elementor-heading-title elementor-size-default\">Operaciones<\/h4>\t\t\t\t<\/div>\n\t\t\t\t<\/div>\n\t\t\t\t\t<\/div>\n\t\t\t\t<\/div>\n\t\t<div class=\"elementor-element elementor-element-9e3b6b2 e-flex e-con-boxed e-con e-parent\" data-id=\"9e3b6b2\" data-element_type=\"container\">\n\t\t\t\t\t<div class=\"e-con-inner\">\n\t\t\t\t<div class=\"elementor-element elementor-element-2916840 elementor-widget elementor-widget-text-editor\" data-id=\"2916840\" data-element_type=\"widget\" data-widget_type=\"text-editor.default\">\n\t\t\t\t<div class=\"elementor-widget-container\">\n\t\t\t\t\t\t\t\t\t<ul><li><strong>C\u00f3digo del Pa\u00eds<\/strong>: C\u00f3digo ISO del pa\u00eds de la UE con el cual se realiz\u00f3 la operaci\u00f3n.<\/li><li><strong>N\u00famero de IVA del Cliente\/Proveedor<\/strong>: N\u00famero de identificaci\u00f3n fiscal del cliente o proveedor en el pa\u00eds correspondiente.<\/li><li><strong>Importe de las Operaciones<\/strong>: Valor total de las operaciones realizadas, desglosado seg\u00fan corresponda.<\/li><\/ul>\t\t\t\t\t\t\t\t<\/div>\n\t\t\t\t<\/div>\n\t\t\t\t\t<\/div>\n\t\t\t\t<\/div>\n\t\t<div class=\"elementor-element elementor-element-7116aee e-flex e-con-boxed e-con e-parent\" data-id=\"7116aee\" data-element_type=\"container\">\n\t\t\t\t\t<div class=\"e-con-inner\">\n\t\t\t\t<div class=\"elementor-element elementor-element-a7816d0 elementor-widget elementor-widget-heading\" data-id=\"a7816d0\" data-element_type=\"widget\" data-widget_type=\"heading.default\">\n\t\t\t\t<div class=\"elementor-widget-container\">\n\t\t\t\t\t<h4 class=\"elementor-heading-title elementor-size-default\">Tipos de Operaciones<\/h4>\t\t\t\t<\/div>\n\t\t\t\t<\/div>\n\t\t\t\t\t<\/div>\n\t\t\t\t<\/div>\n\t\t<div class=\"elementor-element elementor-element-4d9e12c e-flex e-con-boxed e-con e-parent\" data-id=\"4d9e12c\" data-element_type=\"container\">\n\t\t\t\t\t<div class=\"e-con-inner\">\n\t\t\t\t<div class=\"elementor-element elementor-element-57e2e9d elementor-widget elementor-widget-text-editor\" data-id=\"57e2e9d\" data-element_type=\"widget\" data-widget_type=\"text-editor.default\">\n\t\t\t\t<div class=\"elementor-widget-container\">\n\t\t\t\t\t\t\t\t\t<ul><li><strong>A01<\/strong>: Entregas intracomunitarias de bienes.<\/li><li><strong>A02<\/strong>: Adquisiciones intracomunitarias de bienes.<\/li><li><strong>A03<\/strong>: Prestaciones de servicios intracomunitarios.<\/li><li><strong>A04<\/strong>: Adquisiciones de servicios intracomunitarios.<\/li><\/ul>\t\t\t\t\t\t\t\t<\/div>\n\t\t\t\t<\/div>\n\t\t\t\t\t<\/div>\n\t\t\t\t<\/div>\n\t\t<div class=\"elementor-element elementor-element-c761975 e-flex e-con-boxed e-con e-parent\" data-id=\"c761975\" data-element_type=\"container\">\n\t\t\t\t\t<div class=\"e-con-inner\">\n\t\t\t\t<div class=\"elementor-element elementor-element-0c01965 elementor-widget elementor-widget-spacer\" data-id=\"0c01965\" data-element_type=\"widget\" data-widget_type=\"spacer.default\">\n\t\t\t\t<div class=\"elementor-widget-container\">\n\t\t\t\t\t\t\t<div class=\"elementor-spacer\">\n\t\t\t<div class=\"elementor-spacer-inner\"><\/div>\n\t\t<\/div>\n\t\t\t\t\t\t<\/div>\n\t\t\t\t<\/div>\n\t\t\t\t\t<\/div>\n\t\t\t\t<\/div>\n\t\t<div class=\"elementor-element elementor-element-2f4d94d e-flex e-con-boxed e-con e-parent\" data-id=\"2f4d94d\" data-element_type=\"container\">\n\t\t\t\t\t<div class=\"e-con-inner\">\n\t\t\t\t<div class=\"elementor-element elementor-element-b65398a elementor-widget elementor-widget-heading\" data-id=\"b65398a\" data-element_type=\"widget\" data-widget_type=\"heading.default\">\n\t\t\t\t<div class=\"elementor-widget-container\">\n\t\t\t\t\t<h3 class=\"elementor-heading-title elementor-size-default\">Beneficios de la presentaci\u00f3n correcta del Modelo 349<\/h3>\t\t\t\t<\/div>\n\t\t\t\t<\/div>\n\t\t\t\t\t<\/div>\n\t\t\t\t<\/div>\n\t\t<div class=\"elementor-element elementor-element-499116e e-flex e-con-boxed e-con e-parent\" data-id=\"499116e\" data-element_type=\"container\">\n\t\t\t\t\t<div class=\"e-con-inner\">\n\t\t\t\t<div class=\"elementor-element elementor-element-c4018b8 elementor-widget elementor-widget-text-editor\" data-id=\"c4018b8\" data-element_type=\"widget\" data-widget_type=\"text-editor.default\">\n\t\t\t\t<div class=\"elementor-widget-container\">\n\t\t\t\t\t\t\t\t\t<p>Presentar correctamente el Modelo 349 trae varios beneficios:<\/p><ul><li><strong>Evitar Sanciones<\/strong>: El incumplimiento o la presentaci\u00f3n incorrecta pueden resultar en multas significativas.<\/li><li><strong>Cumplimiento Fiscal<\/strong>: Garantiza que la empresa cumple con sus obligaciones fiscales dentro de la UE.<\/li><li><strong>Optimizaci\u00f3n de Recursos<\/strong>: Una gesti\u00f3n eficiente de las operaciones intracomunitarias puede resultar en ahorros significativos en t\u00e9rminos de tiempo y recursos<\/li><\/ul>\t\t\t\t\t\t\t\t<\/div>\n\t\t\t\t<\/div>\n\t\t\t\t\t<\/div>\n\t\t\t\t<\/div>\n\t\t<div class=\"elementor-element elementor-element-b2ce0a7 e-flex e-con-boxed e-con e-parent\" data-id=\"b2ce0a7\" data-element_type=\"container\">\n\t\t\t\t\t<div class=\"e-con-inner\">\n\t\t\t\t<div class=\"elementor-element elementor-element-ada7f55 elementor-widget elementor-widget-heading\" data-id=\"ada7f55\" data-element_type=\"widget\" data-widget_type=\"heading.default\">\n\t\t\t\t<div class=\"elementor-widget-container\">\n\t\t\t\t\t<h3 class=\"elementor-heading-title elementor-size-default\">Consejos para la presentaci\u00f3n<\/h3>\t\t\t\t<\/div>\n\t\t\t\t<\/div>\n\t\t\t\t\t<\/div>\n\t\t\t\t<\/div>\n\t\t<div class=\"elementor-element elementor-element-361c7ed e-flex e-con-boxed e-con e-parent\" data-id=\"361c7ed\" data-element_type=\"container\">\n\t\t\t\t\t<div class=\"e-con-inner\">\n\t\t\t\t<div class=\"elementor-element elementor-element-1cd1b92 elementor-widget elementor-widget-text-editor\" data-id=\"1cd1b92\" data-element_type=\"widget\" data-widget_type=\"text-editor.default\">\n\t\t\t\t<div class=\"elementor-widget-container\">\n\t\t\t\t\t\t\t\t\t<ul><li><strong>Revisi\u00f3n peri\u00f3dica<\/strong>: Realiza una revisi\u00f3n peri\u00f3dica de todas las operaciones intracomunitarias para asegurar la exactitud de la informaci\u00f3n.<\/li><li><strong>Automatizaci\u00f3n<\/strong>: Utiliza software de gesti\u00f3n que facilite el seguimiento y la declaraci\u00f3n de las operaciones intracomunitarias.<\/li><li><strong>Asesor\u00eda fiscal<\/strong>: Considera contratar a un asesor fiscal con experiencia en operaciones intracomunitarias para evitar errores y optimizar el proceso.<\/li><\/ul>\t\t\t\t\t\t\t\t<\/div>\n\t\t\t\t<\/div>\n\t\t\t\t\t<\/div>\n\t\t\t\t<\/div>\n\t\t<div class=\"elementor-element elementor-element-c91df2d e-flex e-con-boxed e-con e-parent\" data-id=\"c91df2d\" data-element_type=\"container\">\n\t\t\t\t\t<div class=\"e-con-inner\">\n\t\t\t\t<div class=\"elementor-element elementor-element-ca69230 elementor-widget elementor-widget-text-editor\" data-id=\"ca69230\" data-element_type=\"widget\" data-widget_type=\"text-editor.default\">\n\t\t\t\t<div class=\"elementor-widget-container\">\n\t\t\t\t\t\t\t\t\t<p>El <strong>Modelo 349<\/strong> es una herramienta vital para la transparencia y el control de las operaciones intracomunitarias dentro de la UE. Una correcta presentaci\u00f3n no solo asegura el cumplimiento de las obligaciones fiscales, sino que tambi\u00e9n puede optimizar la gesti\u00f3n de recursos y evitar sanciones. Para las peque\u00f1as y medianas empresas y aut\u00f3nomos, es crucial mantenerse informados y utilizar herramientas adecuadas para simplificar este proceso.<\/p>\t\t\t\t\t\t\t\t<\/div>\n\t\t\t\t<\/div>\n\t\t\t\t\t<\/div>\n\t\t\t\t<\/div>\n\t\t<div class=\"elementor-element elementor-element-7674900d e-flex e-con-boxed e-con e-parent\" data-id=\"7674900d\" data-element_type=\"container\" data-settings=\"{&quot;background_background&quot;:&quot;classic&quot;}\">\n\t\t\t\t\t<div class=\"e-con-inner\">\n\t\t<div class=\"elementor-element elementor-element-6eb8a812 e-con-full e-flex e-con e-child\" data-id=\"6eb8a812\" data-element_type=\"container\">\n\t\t<div class=\"elementor-element elementor-element-5437189f e-flex e-con-boxed e-con e-child\" data-id=\"5437189f\" data-element_type=\"container\">\n\t\t\t\t\t<div class=\"e-con-inner\">\n\t\t\t\t<div class=\"elementor-element elementor-element-2a79a150 elementor-widget elementor-widget-heading\" data-id=\"2a79a150\" data-element_type=\"widget\" data-widget_type=\"heading.default\">\n\t\t\t\t<div class=\"elementor-widget-container\">\n\t\t\t\t\t<h3 class=\"elementor-heading-title elementor-size-default\">Herramientas para impulsar<br>tu negocio<\/h3>\t\t\t\t<\/div>\n\t\t\t\t<\/div>\n\t\t\t\t<div class=\"elementor-element elementor-element-1513a7a6 elementor-widget elementor-widget-text-editor\" data-id=\"1513a7a6\" data-element_type=\"widget\" data-widget_type=\"text-editor.default\">\n\t\t\t\t<div class=\"elementor-widget-container\">\n\t\t\t\t\t\t\t\t\t<p>FinanEDI es la soluci\u00f3n en la nube gratuita que permite automatizar y optimizar los procesos financieros, contables y administrativos de tu negocio.<\/p>\t\t\t\t\t\t\t\t<\/div>\n\t\t\t\t<\/div>\n\t\t\t\t<div class=\"elementor-element elementor-element-442cc238 elementor-widget elementor-widget-button\" data-id=\"442cc238\" data-element_type=\"widget\" data-widget_type=\"button.default\">\n\t\t\t\t<div class=\"elementor-widget-container\">\n\t\t\t\t\t\t\t\t\t<div class=\"elementor-button-wrapper\">\n\t\t\t\t\t<a class=\"elementor-button elementor-button-link elementor-size-md\" href=\"https:\/\/finanedi.es\/\" target=\"_blank\">\n\t\t\t\t\t\t<span class=\"elementor-button-content-wrapper\">\n\t\t\t\t\t\t\t\t\t<span class=\"elementor-button-text\">Crear cuenta gratis<\/span>\n\t\t\t\t\t<\/span>\n\t\t\t\t\t<\/a>\n\t\t\t\t<\/div>\n\t\t\t\t\t\t\t\t<\/div>\n\t\t\t\t<\/div>\n\t\t\t\t\t<\/div>\n\t\t\t\t<\/div>\n\t\t\t\t<\/div>\n\t\t<div class=\"elementor-element elementor-element-76d39b7c e-con-full e-flex e-con e-child\" data-id=\"76d39b7c\" data-element_type=\"container\">\n\t\t\t\t<div class=\"elementor-element elementor-element-731d0411 elementor-widget elementor-widget-image\" data-id=\"731d0411\" data-element_type=\"widget\" data-widget_type=\"image.default\">\n\t\t\t\t<div class=\"elementor-widget-container\">\n\t\t\t\t\t\t\t\t\t\t\t\t\t\t\t<img fetchpriority=\"high\" decoding=\"async\" width=\"300\" height=\"233\" src=\"https:\/\/finanedi.es\/blog\/contenido\/uploads\/2024\/09\/Dashborad_00115-300x233.png\" class=\"attachment-medium size-medium wp-image-5370\" alt=\"Herramientas para impulsar tu negocio - FinanEDI\" srcset=\"https:\/\/finanedi.es\/blog\/contenido\/uploads\/2024\/09\/Dashborad_00115-300x233.png 300w, https:\/\/finanedi.es\/blog\/contenido\/uploads\/2024\/09\/Dashborad_00115-768x597.png 768w, https:\/\/finanedi.es\/blog\/contenido\/uploads\/2024\/09\/Dashborad_00115.png 900w\" sizes=\"(max-width: 300px) 100vw, 300px\" \/>\t\t\t\t\t\t\t\t\t\t\t\t\t\t\t<\/div>\n\t\t\t\t<\/div>\n\t\t\t\t<\/div>\n\t\t\t\t\t<\/div>\n\t\t\t\t<\/div>\n\t\t<div class=\"elementor-element elementor-element-9540e6f e-flex e-con-boxed e-con e-parent\" data-id=\"9540e6f\" data-element_type=\"container\">\n\t\t\t\t\t<div class=\"e-con-inner\">\n\t\t\t\t<div class=\"elementor-element elementor-element-e8f0dab elementor-widget elementor-widget-spacer\" data-id=\"e8f0dab\" data-element_type=\"widget\" data-widget_type=\"spacer.default\">\n\t\t\t\t<div class=\"elementor-widget-container\">\n\t\t\t\t\t\t\t<div class=\"elementor-spacer\">\n\t\t\t<div class=\"elementor-spacer-inner\"><\/div>\n\t\t<\/div>\n\t\t\t\t\t\t<\/div>\n\t\t\t\t<\/div>\n\t\t\t\t\t<\/div>\n\t\t\t\t<\/div>\n\t\t<div class=\"elementor-element elementor-element-688b864 e-flex e-con-boxed e-con e-parent\" data-id=\"688b864\" data-element_type=\"container\">\n\t\t\t\t\t<div class=\"e-con-inner\">\n\t\t\t\t<div class=\"elementor-element elementor-element-8e9c294 elementor-widget elementor-widget-heading\" data-id=\"8e9c294\" data-element_type=\"widget\" data-widget_type=\"heading.default\">\n\t\t\t\t<div class=\"elementor-widget-container\">\n\t\t\t\t\t<h3 class=\"elementor-heading-title elementor-size-default\">Preguntas frecuentes<\/h3>\t\t\t\t<\/div>\n\t\t\t\t<\/div>\n\t\t\t\t\t<\/div>\n\t\t\t\t<\/div>\n\t\t<div class=\"elementor-element elementor-element-a587db7 e-flex e-con-boxed e-con e-parent\" data-id=\"a587db7\" data-element_type=\"container\">\n\t\t\t\t\t<div class=\"e-con-inner\">\n\t\t\t\t<div class=\"elementor-element elementor-element-0172473 elementor-widget elementor-widget-heading\" data-id=\"0172473\" data-element_type=\"widget\" data-widget_type=\"heading.default\">\n\t\t\t\t<div class=\"elementor-widget-container\">\n\t\t\t\t\t<h4 class=\"elementor-heading-title elementor-size-default\">\u00bfQu\u00e9 ocurre si no presento el Modelo 349 a tiempo?<\/h4>\t\t\t\t<\/div>\n\t\t\t\t<\/div>\n\t\t\t\t\t<\/div>\n\t\t\t\t<\/div>\n\t\t<div class=\"elementor-element elementor-element-d73cdfd e-flex e-con-boxed e-con e-parent\" data-id=\"d73cdfd\" data-element_type=\"container\">\n\t\t\t\t\t<div class=\"e-con-inner\">\n\t\t\t\t<div class=\"elementor-element elementor-element-2bec82d elementor-widget elementor-widget-text-editor\" data-id=\"2bec82d\" data-element_type=\"widget\" data-widget_type=\"text-editor.default\">\n\t\t\t\t<div class=\"elementor-widget-container\">\n\t\t\t\t\t\t\t\t\t<p>No presentar el Modelo 349 dentro del plazo establecido puede resultar en sanciones y multas por parte de la Agencia Tributaria. Estas sanciones pueden variar seg\u00fan la gravedad del incumplimiento y el retraso en la presentaci\u00f3n.<\/p>\t\t\t\t\t\t\t\t<\/div>\n\t\t\t\t<\/div>\n\t\t\t\t\t<\/div>\n\t\t\t\t<\/div>\n\t\t<div class=\"elementor-element elementor-element-be67302 e-flex e-con-boxed e-con e-parent\" data-id=\"be67302\" data-element_type=\"container\">\n\t\t\t\t\t<div class=\"e-con-inner\">\n\t\t\t\t<div class=\"elementor-element elementor-element-fe874f2 elementor-widget elementor-widget-heading\" data-id=\"fe874f2\" data-element_type=\"widget\" data-widget_type=\"heading.default\">\n\t\t\t\t<div class=\"elementor-widget-container\">\n\t\t\t\t\t<h4 class=\"elementor-heading-title elementor-size-default\">\u00bfPuedo rectificar el Modelo 349 si detecto un error despu\u00e9s de su presentaci\u00f3n?<\/h4>\t\t\t\t<\/div>\n\t\t\t\t<\/div>\n\t\t\t\t\t<\/div>\n\t\t\t\t<\/div>\n\t\t<div class=\"elementor-element elementor-element-1a5cdb3 e-flex e-con-boxed e-con e-parent\" data-id=\"1a5cdb3\" data-element_type=\"container\">\n\t\t\t\t\t<div class=\"e-con-inner\">\n\t\t\t\t<div class=\"elementor-element elementor-element-88677da elementor-widget elementor-widget-text-editor\" data-id=\"88677da\" data-element_type=\"widget\" data-widget_type=\"text-editor.default\">\n\t\t\t\t<div class=\"elementor-widget-container\">\n\t\t\t\t\t\t\t\t\t<p>S\u00ed, es posible rectificar el Modelo 349. Si detectas un error en una declaraci\u00f3n ya presentada, debes presentar una declaraci\u00f3n sustitutiva o complementaria para corregir los datos incorrectos.<\/p>\t\t\t\t\t\t\t\t<\/div>\n\t\t\t\t<\/div>\n\t\t\t\t\t<\/div>\n\t\t\t\t<\/div>\n\t\t<div class=\"elementor-element elementor-element-7981648 e-flex e-con-boxed e-con e-parent\" data-id=\"7981648\" data-element_type=\"container\">\n\t\t\t\t\t<div class=\"e-con-inner\">\n\t\t\t\t<div class=\"elementor-element elementor-element-3dd7c19 elementor-widget elementor-widget-heading\" data-id=\"3dd7c19\" data-element_type=\"widget\" data-widget_type=\"heading.default\">\n\t\t\t\t<div class=\"elementor-widget-container\">\n\t\t\t\t\t<h4 class=\"elementor-heading-title elementor-size-default\">\u00bfDebo presentar el Modelo 349 si solo realizo una operaci\u00f3n intracomunitaria al a\u00f1o?<\/h4>\t\t\t\t<\/div>\n\t\t\t\t<\/div>\n\t\t\t\t\t<\/div>\n\t\t\t\t<\/div>\n\t\t<div class=\"elementor-element elementor-element-0bca112 e-flex e-con-boxed e-con e-parent\" data-id=\"0bca112\" data-element_type=\"container\">\n\t\t\t\t\t<div class=\"e-con-inner\">\n\t\t\t\t<div class=\"elementor-element elementor-element-91c1d64 elementor-widget elementor-widget-text-editor\" data-id=\"91c1d64\" data-element_type=\"widget\" data-widget_type=\"text-editor.default\">\n\t\t\t\t<div class=\"elementor-widget-container\">\n\t\t\t\t\t\t\t\t\t<p>S\u00ed, cualquier operaci\u00f3n intracomunitaria, por m\u00ednima que sea, debe ser declarada en el Modelo 349. La periodicidad de la presentaci\u00f3n puede variar, pero la obligaci\u00f3n de declarar todas las operaciones se mantiene.<\/p>\t\t\t\t\t\t\t\t<\/div>\n\t\t\t\t<\/div>\n\t\t\t\t\t<\/div>\n\t\t\t\t<\/div>\n\t\t<div class=\"elementor-element elementor-element-ff69b5c e-flex e-con-boxed e-con e-parent\" data-id=\"ff69b5c\" data-element_type=\"container\">\n\t\t\t\t\t<div class=\"e-con-inner\">\n\t\t\t\t<div class=\"elementor-element elementor-element-ef5fd7e elementor-widget elementor-widget-heading\" data-id=\"ef5fd7e\" data-element_type=\"widget\" data-widget_type=\"heading.default\">\n\t\t\t\t<div class=\"elementor-widget-container\">\n\t\t\t\t\t<h4 class=\"elementor-heading-title elementor-size-default\">\u00bfQu\u00e9 diferencia hay entre el Modelo 349 y el Modelo 303?<\/h4>\t\t\t\t<\/div>\n\t\t\t\t<\/div>\n\t\t\t\t\t<\/div>\n\t\t\t\t<\/div>\n\t\t<div class=\"elementor-element elementor-element-a76d2e4 e-flex e-con-boxed e-con e-parent\" data-id=\"a76d2e4\" data-element_type=\"container\">\n\t\t\t\t\t<div class=\"e-con-inner\">\n\t\t\t\t<div class=\"elementor-element elementor-element-fb6f3c1 elementor-widget elementor-widget-text-editor\" data-id=\"fb6f3c1\" data-element_type=\"widget\" data-widget_type=\"text-editor.default\">\n\t\t\t\t<div class=\"elementor-widget-container\">\n\t\t\t\t\t\t\t\t\t<p>El Modelo 349 es una declaraci\u00f3n informativa de operaciones intracomunitarias, mientras que el <a href=\"https:\/\/finanedi.es\/blog\/modelo-303-del-iva-que-es-pymes-autonomos\/\">Modelo 303 es una autoliquidaci\u00f3n del IVA<\/a>. Ambos modelos son necesarios para diferentes aspectos de la gesti\u00f3n fiscal y deben presentarse en funci\u00f3n de las actividades y operaciones de la empresa.<\/p>\t\t\t\t\t\t\t\t<\/div>\n\t\t\t\t<\/div>\n\t\t\t\t\t<\/div>\n\t\t\t\t<\/div>\n\t\t<div class=\"elementor-element elementor-element-5be4555 e-flex e-con-boxed e-con e-parent\" data-id=\"5be4555\" data-element_type=\"container\">\n\t\t\t\t\t<div class=\"e-con-inner\">\n\t\t\t\t<div class=\"elementor-element elementor-element-c14daa2 elementor-widget elementor-widget-heading\" data-id=\"c14daa2\" data-element_type=\"widget\" data-widget_type=\"heading.default\">\n\t\t\t\t<div class=\"elementor-widget-container\">\n\t\t\t\t\t<h4 class=\"elementor-heading-title elementor-size-default\">\u00bfC\u00f3mo afecta el Brexit a la presentaci\u00f3n del Modelo 349?<\/h4>\t\t\t\t<\/div>\n\t\t\t\t<\/div>\n\t\t\t\t\t<\/div>\n\t\t\t\t<\/div>\n\t\t<div class=\"elementor-element elementor-element-8784a74 e-flex e-con-boxed e-con e-parent\" data-id=\"8784a74\" data-element_type=\"container\">\n\t\t\t\t\t<div class=\"e-con-inner\">\n\t\t\t\t<div class=\"elementor-element elementor-element-f497497 elementor-widget elementor-widget-text-editor\" data-id=\"f497497\" data-element_type=\"widget\" data-widget_type=\"text-editor.default\">\n\t\t\t\t<div class=\"elementor-widget-container\">\n\t\t\t\t\t\t\t\t\t<p>Desde la salida del Reino Unido de la Uni\u00f3n Europea, las operaciones con este pa\u00eds ya no se consideran intracomunitarias. Por lo tanto, las transacciones con empresas del Reino Unido no deben incluirse en el Modelo 349. Estas operaciones ahora se tratan como importaciones y exportaciones.<\/p>\t\t\t\t\t\t\t\t<\/div>\n\t\t\t\t<\/div>\n\t\t\t\t\t<\/div>\n\t\t\t\t<\/div>\n\t\t<div class=\"elementor-element elementor-element-2c27ce2e e-flex e-con-boxed e-con e-parent\" data-id=\"2c27ce2e\" data-element_type=\"container\">\n\t\t\t\t\t<div class=\"e-con-inner\">\n\t\t<div class=\"elementor-element elementor-element-6d163c1a e-con-full e-flex e-con e-child\" data-id=\"6d163c1a\" data-element_type=\"container\">\n\t\t\t\t<div class=\"elementor-element elementor-element-65d86347 elementor-widget elementor-widget-spacer\" data-id=\"65d86347\" data-element_type=\"widget\" data-widget_type=\"spacer.default\">\n\t\t\t\t<div class=\"elementor-widget-container\">\n\t\t\t\t\t\t\t<div class=\"elementor-spacer\">\n\t\t\t<div class=\"elementor-spacer-inner\"><\/div>\n\t\t<\/div>\n\t\t\t\t\t\t<\/div>\n\t\t\t\t<\/div>\n\t\t\t\t<\/div>\n\t\t<div class=\"elementor-element elementor-element-40b91de8 e-con-full e-flex e-con e-child\" data-id=\"40b91de8\" data-element_type=\"container\">\n\t\t\t\t<div class=\"elementor-element elementor-element-100c330b elementor-widget elementor-widget-heading\" data-id=\"100c330b\" data-element_type=\"widget\" data-widget_type=\"heading.default\">\n\t\t\t\t<div class=\"elementor-widget-container\">\n\t\t\t\t\t<h3 class=\"elementor-heading-title elementor-size-default\">No te pierdas...<\/h3>\t\t\t\t<\/div>\n\t\t\t\t<\/div>\n\t\t\t\t<\/div>\n\t\t<div class=\"elementor-element elementor-element-75018fe4 e-con-full e-flex e-con e-child\" data-id=\"75018fe4\" data-element_type=\"container\">\n\t\t\t\t<div class=\"elementor-element elementor-element-238086aa elementor-widget elementor-widget-katen-post-five\" data-id=\"238086aa\" data-element_type=\"widget\" data-widget_type=\"katen-post-five.default\">\n\t\t\t\t<div class=\"elementor-widget-container\">\n\t\t\t\t\t\t\t<div class=\"padding-30 rounded bordered\">\n\n\t\t\t<div class=\"row infinite-wrapper\">\n\n\t\t\t\n\t\t\t\t<div class=\"col-md-12 col-sm-6 post-list-item post-item\">\n\t\t\t\t\t<!-- post -->\n\t\t\t\t\t<div class=\"post post-list clearfix\">\n\n\t\t\t\t\t\t<div class=\"thumb rounded\"><div class=\"inner\"><a href=\"https:\/\/finanedi.es\/blog\/modelo-131-irpf-empresarios-y-profesionales-en-estimacion-objetiva\/\"><img decoding=\"async\" width=\"330\" height=\"250\" src=\"https:\/\/finanedi.es\/blog\/contenido\/uploads\/2025\/05\/Modelo-131.-IRPF.-Empresarios-y-profesionales-en-Estimacion-Objetiva-330x250.jpg\" class=\"attachment-katen-thumb-list size-katen-thumb-list wp-post-image\" alt=\"Modelo 131. IRPF. Empresarios y profesionales en Estimaci\u00f3n Objetiva\" \/><\/a><\/div><\/div>  \n\n\t\t\t\t\t\t<div class=\"details clearfix\">\n\t\t\t\t\t\t\t<ul class=\"meta list-inline mb-3\">\n\t\t\t\t\t\t\t\t<li class=\"list-inline-item\"><a href=\"https:\/\/finanedi.es\/blog\/category\/contabilidad\/\">Contabilidad<\/a><\/li>\t\t\t\t\t\t\t<\/ul>\n\t\t\t\t\t\t\t<h5 class=\"post-title\"><a href=\"https:\/\/finanedi.es\/blog\/modelo-131-irpf-empresarios-y-profesionales-en-estimacion-objetiva\/\">Modelo 131. IRPF. Empresarios y profesionales en Estimaci\u00f3n Objetiva<\/a><\/h5>\n\t\t\t\t\t\t\t<p class=\"excerpt mb-0\">\n\t\t\t\t\t\t\t\tPara muchos aut\u00f3nomos y peque\u00f1as empresas, enfrentarse a las obligaciones fiscales puede ser un quebradero&hellip;\t\t\t\t\t\t\t<\/p>\n\t\t\t\t\t\t\t<div class=\"post-bottom clearfix d-flex align-items-center\">\n\t\t\t\t\t\t\t\t\t\t\t\t\t\t\t\t\t\t\t\t\t\t\t<\/div>\n\t\t\t\t\t\t<\/div>\n\t\t\t\t\t<\/div>\n\t\t\t\t<\/div>\n\n\t\t\t\n\t\t\t\t<div class=\"col-md-12 col-sm-6 post-list-item post-item\">\n\t\t\t\t\t<!-- post -->\n\t\t\t\t\t<div class=\"post post-list clearfix\">\n\n\t\t\t\t\t\t<div class=\"thumb rounded\"><div class=\"inner\"><a href=\"https:\/\/finanedi.es\/blog\/modelo-840-impuesto-sobre-actividades-economicas-iae\/\"><img decoding=\"async\" width=\"330\" height=\"250\" src=\"https:\/\/finanedi.es\/blog\/contenido\/uploads\/2025\/03\/Modelo-840-330x250.jpg\" class=\"attachment-katen-thumb-list size-katen-thumb-list wp-post-image\" alt=\"Modelo 840 - Impuesto sobre Actividades Econ\u00f3micas (IAE)\" \/><\/a><\/div><\/div>  \n\n\t\t\t\t\t\t<div class=\"details clearfix\">\n\t\t\t\t\t\t\t<ul class=\"meta list-inline mb-3\">\n\t\t\t\t\t\t\t\t<li class=\"list-inline-item\"><a href=\"https:\/\/finanedi.es\/blog\/category\/contabilidad\/\">Contabilidad<\/a><\/li>\t\t\t\t\t\t\t<\/ul>\n\t\t\t\t\t\t\t<h5 class=\"post-title\"><a href=\"https:\/\/finanedi.es\/blog\/modelo-840-impuesto-sobre-actividades-economicas-iae\/\">Modelo 840 &#8211; Impuesto sobre Actividades Econ\u00f3micas (IAE)<\/a><\/h5>\n\t\t\t\t\t\t\t<p class=\"excerpt mb-0\">\n\t\t\t\t\t\t\t\tEl Modelo 840 es un documento clave para empresas y aut\u00f3nomos en Espa\u00f1a, ya que&hellip;\t\t\t\t\t\t\t<\/p>\n\t\t\t\t\t\t\t<div class=\"post-bottom clearfix d-flex align-items-center\">\n\t\t\t\t\t\t\t\t\t\t\t\t\t\t\t\t\t\t\t\t\t\t\t<\/div>\n\t\t\t\t\t\t<\/div>\n\t\t\t\t\t<\/div>\n\t\t\t\t<\/div>\n\n\t\t\t\n\t\t\t\t<div class=\"col-md-12 col-sm-6 post-list-item post-item\">\n\t\t\t\t\t<!-- post -->\n\t\t\t\t\t<div class=\"post post-list clearfix\">\n\n\t\t\t\t\t\t<div class=\"thumb rounded\"><div class=\"inner\"><a href=\"https:\/\/finanedi.es\/blog\/modelo-425-impuesto-general-indirecto-canario\/\"><img loading=\"lazy\" decoding=\"async\" width=\"330\" height=\"250\" src=\"https:\/\/finanedi.es\/blog\/contenido\/uploads\/2024\/12\/Modelo-425-330x250.jpg\" class=\"attachment-katen-thumb-list size-katen-thumb-list wp-post-image\" alt=\"Modelo 425. Impuesto General Indirecto Canario\" \/><\/a><\/div><\/div>  \n\n\t\t\t\t\t\t<div class=\"details clearfix\">\n\t\t\t\t\t\t\t<ul class=\"meta list-inline mb-3\">\n\t\t\t\t\t\t\t\t<li class=\"list-inline-item\"><a href=\"https:\/\/finanedi.es\/blog\/category\/contabilidad\/\">Contabilidad<\/a><\/li>\t\t\t\t\t\t\t<\/ul>\n\t\t\t\t\t\t\t<h5 class=\"post-title\"><a href=\"https:\/\/finanedi.es\/blog\/modelo-425-impuesto-general-indirecto-canario\/\">Modelo 425. Impuesto General Indirecto Canario<\/a><\/h5>\n\t\t\t\t\t\t\t<p class=\"excerpt mb-0\">\n\t\t\t\t\t\t\t\tEl Modelo 425 es un documento crucial para muchas empresas en Espa\u00f1a, especialmente para aquellas&hellip;\t\t\t\t\t\t\t<\/p>\n\t\t\t\t\t\t\t<div class=\"post-bottom clearfix d-flex align-items-center\">\n\t\t\t\t\t\t\t\t\t\t\t\t\t\t\t\t\t\t\t\t\t\t\t<\/div>\n\t\t\t\t\t\t<\/div>\n\t\t\t\t\t<\/div>\n\t\t\t\t<\/div>\n\n\t\t\t\n\t\t\t\t<div class=\"col-md-12 col-sm-6 post-list-item post-item\">\n\t\t\t\t\t<!-- post -->\n\t\t\t\t\t<div class=\"post post-list clearfix\">\n\n\t\t\t\t\t\t<div class=\"thumb rounded\"><div class=\"inner\"><a href=\"https:\/\/finanedi.es\/blog\/modelo-369-declaraciones-de-iva-del-regimen-one-stop-shop-oss\/\"><img loading=\"lazy\" decoding=\"async\" width=\"330\" height=\"250\" src=\"https:\/\/finanedi.es\/blog\/contenido\/uploads\/2024\/12\/Modelo-369-330x250.jpg\" class=\"attachment-katen-thumb-list size-katen-thumb-list wp-post-image\" alt=\"Modelo 369. Declaraciones de IVA del r\u00e9gimen One Stop Shop (OSS)\" \/><\/a><\/div><\/div>  \n\n\t\t\t\t\t\t<div class=\"details clearfix\">\n\t\t\t\t\t\t\t<ul class=\"meta list-inline mb-3\">\n\t\t\t\t\t\t\t\t<li class=\"list-inline-item\"><a href=\"https:\/\/finanedi.es\/blog\/category\/contabilidad\/\">Contabilidad<\/a><\/li>\t\t\t\t\t\t\t<\/ul>\n\t\t\t\t\t\t\t<h5 class=\"post-title\"><a href=\"https:\/\/finanedi.es\/blog\/modelo-369-declaraciones-de-iva-del-regimen-one-stop-shop-oss\/\">Modelo 369. Declaraciones de IVA del r\u00e9gimen One Stop Shop (OSS)<\/a><\/h5>\n\t\t\t\t\t\t\t<p class=\"excerpt mb-0\">\n\t\t\t\t\t\t\t\tEl Modelo 369 es una herramienta esencial para las empresas que proporcionan servicios electr\u00f3nicos, telecomunicaciones&hellip;\t\t\t\t\t\t\t<\/p>\n\t\t\t\t\t\t\t<div class=\"post-bottom clearfix d-flex align-items-center\">\n\t\t\t\t\t\t\t\t\t\t\t\t\t\t\t\t\t\t\t\t\t\t\t<\/div>\n\t\t\t\t\t\t<\/div>\n\t\t\t\t\t<\/div>\n\t\t\t\t<\/div>\n\n\t\t\t\n\t\t\t<\/div>\n\n\t\t<\/div>\n\t\t\n        \t\t\t\t<\/div>\n\t\t\t\t<\/div>\n\t\t\t\t<\/div>\n\t\t\t\t\t<\/div>\n\t\t\t\t<\/div>\n\t\t\t\t<\/div>\n\t\t","protected":false},"excerpt":{"rendered":"<p>El Modelo 349 es una declaraci\u00f3n informativa que deben presentar los empresarios y profesionales para comunicar a la Agencia Tributaria espa\u00f1ola las operaciones intracomunitarias realizadas. Este modelo es esencial para aquellos que participan en el comercio dentro de la Uni\u00f3n Europea (UE), ya que garantiza la transparencia y el con<\/p>\n","protected":false},"author":3,"featured_media":6127,"comment_status":"closed","ping_status":"open","sticky":false,"template":"","format":"standard","meta":{"_monsterinsights_skip_tracking":false,"_monsterinsights_sitenote_active":false,"_monsterinsights_sitenote_note":"","_monsterinsights_sitenote_category":0,"footnotes":""},"categories":[84],"tags":[38],"class_list":["post-6120","post","type-post","status-publish","format-standard","has-post-thumbnail","hentry","category-modelos-tributarios","tag-modelo"],"yoast_head":"<!-- This site is optimized with the Yoast SEO plugin v26.2 - https:\/\/yoast.com\/wordpress\/plugins\/seo\/ -->\n<title>Modelo 349: Herramienta clave para las operaciones intracomunitarias<\/title>\n<meta name=\"description\" content=\"Descubre todo sobre el Modelo 349: qu\u00e9 es, qui\u00e9nes deben presentarlo, c\u00f3mo hacerlo y sus beneficios. \u00a1Gu\u00eda esencial para PYMES y aut\u00f3nomos!\" \/>\n<meta name=\"robots\" content=\"index, follow, max-snippet:-1, max-image-preview:large, max-video-preview:-1\" \/>\n<link rel=\"canonical\" href=\"https:\/\/finanedi.es\/blog\/modelo-349-operaciones-intracomunitarias\/\" \/>\n<meta property=\"og:locale\" content=\"es_ES\" \/>\n<meta property=\"og:type\" content=\"article\" \/>\n<meta property=\"og:title\" content=\"Modelo 349: Herramienta clave para las operaciones intracomunitarias\" \/>\n<meta property=\"og:description\" content=\"Descubre todo sobre el Modelo 349: qu\u00e9 es, qui\u00e9nes deben presentarlo, c\u00f3mo hacerlo y sus beneficios. \u00a1Gu\u00eda esencial para PYMES y aut\u00f3nomos!\" \/>\n<meta property=\"og:url\" content=\"https:\/\/finanedi.es\/blog\/modelo-349-operaciones-intracomunitarias\/\" \/>\n<meta property=\"og:site_name\" content=\"Blog para pymes y aut\u00f3nomos - FinanEDI\" \/>\n<meta property=\"article:published_time\" content=\"2024-10-16T15:04:10+00:00\" \/>\n<meta property=\"article:modified_time\" content=\"2024-11-07T15:01:06+00:00\" \/>\n<meta property=\"og:image\" content=\"https:\/\/finanedi.es\/blog\/contenido\/uploads\/2024\/10\/Modelo-349.jpg\" \/>\n\t<meta property=\"og:image:width\" content=\"1580\" \/>\n\t<meta property=\"og:image:height\" content=\"960\" \/>\n\t<meta property=\"og:image:type\" content=\"image\/jpeg\" \/>\n<meta name=\"author\" content=\"restevez\" \/>\n<meta name=\"twitter:card\" content=\"summary_large_image\" \/>\n<meta name=\"twitter:label1\" content=\"Escrito por\" \/>\n\t<meta name=\"twitter:data1\" content=\"restevez\" \/>\n\t<meta name=\"twitter:label2\" content=\"Tiempo de lectura\" \/>\n\t<meta name=\"twitter:data2\" content=\"6 minutos\" \/>\n<script type=\"application\/ld+json\" class=\"yoast-schema-graph\">{\"@context\":\"https:\/\/schema.org\",\"@graph\":[{\"@type\":\"Article\",\"@id\":\"https:\/\/finanedi.es\/blog\/modelo-349-operaciones-intracomunitarias\/#article\",\"isPartOf\":{\"@id\":\"https:\/\/finanedi.es\/blog\/modelo-349-operaciones-intracomunitarias\/\"},\"author\":{\"name\":\"restevez\",\"@id\":\"https:\/\/finanedi.es\/blog\/#\/schema\/person\/233ed58195d34f36f74f13ba1030ebd8\"},\"headline\":\"Modelo 349: Herramienta clave para las operaciones intracomunitarias\",\"datePublished\":\"2024-10-16T15:04:10+00:00\",\"dateModified\":\"2024-11-07T15:01:06+00:00\",\"mainEntityOfPage\":{\"@id\":\"https:\/\/finanedi.es\/blog\/modelo-349-operaciones-intracomunitarias\/\"},\"wordCount\":1007,\"publisher\":{\"@id\":\"https:\/\/finanedi.es\/blog\/#organization\"},\"image\":{\"@id\":\"https:\/\/finanedi.es\/blog\/modelo-349-operaciones-intracomunitarias\/#primaryimage\"},\"thumbnailUrl\":\"https:\/\/finanedi.es\/blog\/contenido\/uploads\/2024\/10\/Modelo-349.jpg\",\"keywords\":[\"Modelo\"],\"articleSection\":[\"Modelos tributarios\"],\"inLanguage\":\"es\"},{\"@type\":\"WebPage\",\"@id\":\"https:\/\/finanedi.es\/blog\/modelo-349-operaciones-intracomunitarias\/\",\"url\":\"https:\/\/finanedi.es\/blog\/modelo-349-operaciones-intracomunitarias\/\",\"name\":\"Modelo 349: Herramienta clave para las operaciones intracomunitarias\",\"isPartOf\":{\"@id\":\"https:\/\/finanedi.es\/blog\/#website\"},\"primaryImageOfPage\":{\"@id\":\"https:\/\/finanedi.es\/blog\/modelo-349-operaciones-intracomunitarias\/#primaryimage\"},\"image\":{\"@id\":\"https:\/\/finanedi.es\/blog\/modelo-349-operaciones-intracomunitarias\/#primaryimage\"},\"thumbnailUrl\":\"https:\/\/finanedi.es\/blog\/contenido\/uploads\/2024\/10\/Modelo-349.jpg\",\"datePublished\":\"2024-10-16T15:04:10+00:00\",\"dateModified\":\"2024-11-07T15:01:06+00:00\",\"description\":\"Descubre todo sobre el Modelo 349: qu\u00e9 es, qui\u00e9nes deben presentarlo, c\u00f3mo hacerlo y sus beneficios. \u00a1Gu\u00eda esencial para PYMES y aut\u00f3nomos!\",\"breadcrumb\":{\"@id\":\"https:\/\/finanedi.es\/blog\/modelo-349-operaciones-intracomunitarias\/#breadcrumb\"},\"inLanguage\":\"es\",\"potentialAction\":[{\"@type\":\"ReadAction\",\"target\":[\"https:\/\/finanedi.es\/blog\/modelo-349-operaciones-intracomunitarias\/\"]}]},{\"@type\":\"ImageObject\",\"inLanguage\":\"es\",\"@id\":\"https:\/\/finanedi.es\/blog\/modelo-349-operaciones-intracomunitarias\/#primaryimage\",\"url\":\"https:\/\/finanedi.es\/blog\/contenido\/uploads\/2024\/10\/Modelo-349.jpg\",\"contentUrl\":\"https:\/\/finanedi.es\/blog\/contenido\/uploads\/2024\/10\/Modelo-349.jpg\",\"width\":1580,\"height\":960,\"caption\":\"Modelo 349: Herramienta clave para las operaciones intracomunitarias\"},{\"@type\":\"BreadcrumbList\",\"@id\":\"https:\/\/finanedi.es\/blog\/modelo-349-operaciones-intracomunitarias\/#breadcrumb\",\"itemListElement\":[{\"@type\":\"ListItem\",\"position\":1,\"name\":\"Home\",\"item\":\"https:\/\/finanedi.es\/blog\/\"},{\"@type\":\"ListItem\",\"position\":2,\"name\":\"Modelo 349: Herramienta clave para las operaciones intracomunitarias\"}]},{\"@type\":\"WebSite\",\"@id\":\"https:\/\/finanedi.es\/blog\/#website\",\"url\":\"https:\/\/finanedi.es\/blog\/\",\"name\":\"Blog para pymes y aut\u00f3nomos - FinanEDI\",\"description\":\"Blog para aut\u00f3nomos y PYMES, sobre temas como facturaci\u00f3n, contabilidad, tecnolog\u00eda.\",\"publisher\":{\"@id\":\"https:\/\/finanedi.es\/blog\/#organization\"},\"potentialAction\":[{\"@type\":\"SearchAction\",\"target\":{\"@type\":\"EntryPoint\",\"urlTemplate\":\"https:\/\/finanedi.es\/blog\/?s={search_term_string}\"},\"query-input\":{\"@type\":\"PropertyValueSpecification\",\"valueRequired\":true,\"valueName\":\"search_term_string\"}}],\"inLanguage\":\"es\"},{\"@type\":\"Organization\",\"@id\":\"https:\/\/finanedi.es\/blog\/#organization\",\"name\":\"Blog para pymes y aut\u00f3nomos - FinanEDI\",\"url\":\"https:\/\/finanedi.es\/blog\/\",\"logo\":{\"@type\":\"ImageObject\",\"inLanguage\":\"es\",\"@id\":\"https:\/\/finanedi.es\/blog\/#\/schema\/logo\/image\/\",\"url\":\"https:\/\/finanedi.es\/blog\/contenido\/uploads\/2024\/02\/FinanEdiAzul1.svg\",\"contentUrl\":\"https:\/\/finanedi.es\/blog\/contenido\/uploads\/2024\/02\/FinanEdiAzul1.svg\",\"width\":142,\"height\":36,\"caption\":\"Blog para pymes y aut\u00f3nomos - FinanEDI\"},\"image\":{\"@id\":\"https:\/\/finanedi.es\/blog\/#\/schema\/logo\/image\/\"}},{\"@type\":\"Person\",\"@id\":\"https:\/\/finanedi.es\/blog\/#\/schema\/person\/233ed58195d34f36f74f13ba1030ebd8\",\"name\":\"restevez\",\"image\":{\"@type\":\"ImageObject\",\"inLanguage\":\"es\",\"@id\":\"https:\/\/finanedi.es\/blog\/#\/schema\/person\/image\/\",\"url\":\"https:\/\/secure.gravatar.com\/avatar\/6c4880db9746e4aa887a98e0ebf657788804dc4280120ef10331a2e6ebb4a9a0?s=96&d=mm&r=g\",\"contentUrl\":\"https:\/\/secure.gravatar.com\/avatar\/6c4880db9746e4aa887a98e0ebf657788804dc4280120ef10331a2e6ebb4a9a0?s=96&d=mm&r=g\",\"caption\":\"restevez\"},\"url\":\"https:\/\/finanedi.es\/blog\/author\/restevez\/\"}]}<\/script>\n<!-- \/ Yoast SEO plugin. -->","yoast_head_json":{"title":"Modelo 349: Herramienta clave para las operaciones intracomunitarias","description":"Descubre todo sobre el Modelo 349: qu\u00e9 es, qui\u00e9nes deben presentarlo, c\u00f3mo hacerlo y sus beneficios. \u00a1Gu\u00eda esencial para PYMES y aut\u00f3nomos!","robots":{"index":"index","follow":"follow","max-snippet":"max-snippet:-1","max-image-preview":"max-image-preview:large","max-video-preview":"max-video-preview:-1"},"canonical":"https:\/\/finanedi.es\/blog\/modelo-349-operaciones-intracomunitarias\/","og_locale":"es_ES","og_type":"article","og_title":"Modelo 349: Herramienta clave para las operaciones intracomunitarias","og_description":"Descubre todo sobre el Modelo 349: qu\u00e9 es, qui\u00e9nes deben presentarlo, c\u00f3mo hacerlo y sus beneficios. \u00a1Gu\u00eda esencial para PYMES y aut\u00f3nomos!","og_url":"https:\/\/finanedi.es\/blog\/modelo-349-operaciones-intracomunitarias\/","og_site_name":"Blog para pymes y aut\u00f3nomos - FinanEDI","article_published_time":"2024-10-16T15:04:10+00:00","article_modified_time":"2024-11-07T15:01:06+00:00","og_image":[{"width":1580,"height":960,"url":"https:\/\/finanedi.es\/blog\/contenido\/uploads\/2024\/10\/Modelo-349.jpg","type":"image\/jpeg"}],"author":"restevez","twitter_card":"summary_large_image","twitter_misc":{"Escrito por":"restevez","Tiempo de lectura":"6 minutos"},"schema":{"@context":"https:\/\/schema.org","@graph":[{"@type":"Article","@id":"https:\/\/finanedi.es\/blog\/modelo-349-operaciones-intracomunitarias\/#article","isPartOf":{"@id":"https:\/\/finanedi.es\/blog\/modelo-349-operaciones-intracomunitarias\/"},"author":{"name":"restevez","@id":"https:\/\/finanedi.es\/blog\/#\/schema\/person\/233ed58195d34f36f74f13ba1030ebd8"},"headline":"Modelo 349: Herramienta clave para las operaciones intracomunitarias","datePublished":"2024-10-16T15:04:10+00:00","dateModified":"2024-11-07T15:01:06+00:00","mainEntityOfPage":{"@id":"https:\/\/finanedi.es\/blog\/modelo-349-operaciones-intracomunitarias\/"},"wordCount":1007,"publisher":{"@id":"https:\/\/finanedi.es\/blog\/#organization"},"image":{"@id":"https:\/\/finanedi.es\/blog\/modelo-349-operaciones-intracomunitarias\/#primaryimage"},"thumbnailUrl":"https:\/\/finanedi.es\/blog\/contenido\/uploads\/2024\/10\/Modelo-349.jpg","keywords":["Modelo"],"articleSection":["Modelos tributarios"],"inLanguage":"es"},{"@type":"WebPage","@id":"https:\/\/finanedi.es\/blog\/modelo-349-operaciones-intracomunitarias\/","url":"https:\/\/finanedi.es\/blog\/modelo-349-operaciones-intracomunitarias\/","name":"Modelo 349: Herramienta clave para las operaciones intracomunitarias","isPartOf":{"@id":"https:\/\/finanedi.es\/blog\/#website"},"primaryImageOfPage":{"@id":"https:\/\/finanedi.es\/blog\/modelo-349-operaciones-intracomunitarias\/#primaryimage"},"image":{"@id":"https:\/\/finanedi.es\/blog\/modelo-349-operaciones-intracomunitarias\/#primaryimage"},"thumbnailUrl":"https:\/\/finanedi.es\/blog\/contenido\/uploads\/2024\/10\/Modelo-349.jpg","datePublished":"2024-10-16T15:04:10+00:00","dateModified":"2024-11-07T15:01:06+00:00","description":"Descubre todo sobre el Modelo 349: qu\u00e9 es, qui\u00e9nes deben presentarlo, c\u00f3mo hacerlo y sus beneficios. \u00a1Gu\u00eda esencial para PYMES y aut\u00f3nomos!","breadcrumb":{"@id":"https:\/\/finanedi.es\/blog\/modelo-349-operaciones-intracomunitarias\/#breadcrumb"},"inLanguage":"es","potentialAction":[{"@type":"ReadAction","target":["https:\/\/finanedi.es\/blog\/modelo-349-operaciones-intracomunitarias\/"]}]},{"@type":"ImageObject","inLanguage":"es","@id":"https:\/\/finanedi.es\/blog\/modelo-349-operaciones-intracomunitarias\/#primaryimage","url":"https:\/\/finanedi.es\/blog\/contenido\/uploads\/2024\/10\/Modelo-349.jpg","contentUrl":"https:\/\/finanedi.es\/blog\/contenido\/uploads\/2024\/10\/Modelo-349.jpg","width":1580,"height":960,"caption":"Modelo 349: Herramienta clave para las operaciones intracomunitarias"},{"@type":"BreadcrumbList","@id":"https:\/\/finanedi.es\/blog\/modelo-349-operaciones-intracomunitarias\/#breadcrumb","itemListElement":[{"@type":"ListItem","position":1,"name":"Home","item":"https:\/\/finanedi.es\/blog\/"},{"@type":"ListItem","position":2,"name":"Modelo 349: Herramienta clave para las operaciones intracomunitarias"}]},{"@type":"WebSite","@id":"https:\/\/finanedi.es\/blog\/#website","url":"https:\/\/finanedi.es\/blog\/","name":"Blog para pymes y aut\u00f3nomos - FinanEDI","description":"Blog para aut\u00f3nomos y PYMES, sobre temas como facturaci\u00f3n, contabilidad, tecnolog\u00eda.","publisher":{"@id":"https:\/\/finanedi.es\/blog\/#organization"},"potentialAction":[{"@type":"SearchAction","target":{"@type":"EntryPoint","urlTemplate":"https:\/\/finanedi.es\/blog\/?s={search_term_string}"},"query-input":{"@type":"PropertyValueSpecification","valueRequired":true,"valueName":"search_term_string"}}],"inLanguage":"es"},{"@type":"Organization","@id":"https:\/\/finanedi.es\/blog\/#organization","name":"Blog para pymes y aut\u00f3nomos - FinanEDI","url":"https:\/\/finanedi.es\/blog\/","logo":{"@type":"ImageObject","inLanguage":"es","@id":"https:\/\/finanedi.es\/blog\/#\/schema\/logo\/image\/","url":"https:\/\/finanedi.es\/blog\/contenido\/uploads\/2024\/02\/FinanEdiAzul1.svg","contentUrl":"https:\/\/finanedi.es\/blog\/contenido\/uploads\/2024\/02\/FinanEdiAzul1.svg","width":142,"height":36,"caption":"Blog para pymes y aut\u00f3nomos - FinanEDI"},"image":{"@id":"https:\/\/finanedi.es\/blog\/#\/schema\/logo\/image\/"}},{"@type":"Person","@id":"https:\/\/finanedi.es\/blog\/#\/schema\/person\/233ed58195d34f36f74f13ba1030ebd8","name":"restevez","image":{"@type":"ImageObject","inLanguage":"es","@id":"https:\/\/finanedi.es\/blog\/#\/schema\/person\/image\/","url":"https:\/\/secure.gravatar.com\/avatar\/6c4880db9746e4aa887a98e0ebf657788804dc4280120ef10331a2e6ebb4a9a0?s=96&d=mm&r=g","contentUrl":"https:\/\/secure.gravatar.com\/avatar\/6c4880db9746e4aa887a98e0ebf657788804dc4280120ef10331a2e6ebb4a9a0?s=96&d=mm&r=g","caption":"restevez"},"url":"https:\/\/finanedi.es\/blog\/author\/restevez\/"}]}},"_links":{"self":[{"href":"https:\/\/finanedi.es\/blog\/wp-json\/wp\/v2\/posts\/6120","targetHints":{"allow":["GET"]}}],"collection":[{"href":"https:\/\/finanedi.es\/blog\/wp-json\/wp\/v2\/posts"}],"about":[{"href":"https:\/\/finanedi.es\/blog\/wp-json\/wp\/v2\/types\/post"}],"author":[{"embeddable":true,"href":"https:\/\/finanedi.es\/blog\/wp-json\/wp\/v2\/users\/3"}],"replies":[{"embeddable":true,"href":"https:\/\/finanedi.es\/blog\/wp-json\/wp\/v2\/comments?post=6120"}],"version-history":[{"count":9,"href":"https:\/\/finanedi.es\/blog\/wp-json\/wp\/v2\/posts\/6120\/revisions"}],"predecessor-version":[{"id":6130,"href":"https:\/\/finanedi.es\/blog\/wp-json\/wp\/v2\/posts\/6120\/revisions\/6130"}],"wp:featuredmedia":[{"embeddable":true,"href":"https:\/\/finanedi.es\/blog\/wp-json\/wp\/v2\/media\/6127"}],"wp:attachment":[{"href":"https:\/\/finanedi.es\/blog\/wp-json\/wp\/v2\/media?parent=6120"}],"wp:term":[{"taxonomy":"category","embeddable":true,"href":"https:\/\/finanedi.es\/blog\/wp-json\/wp\/v2\/categories?post=6120"},{"taxonomy":"post_tag","embeddable":true,"href":"https:\/\/finanedi.es\/blog\/wp-json\/wp\/v2\/tags?post=6120"}],"curies":[{"name":"wp","href":"https:\/\/api.w.org\/{rel}","templated":true}]}}