{"id":6885,"date":"2024-11-13T10:45:07","date_gmt":"2024-11-13T09:45:07","guid":{"rendered":"https:\/\/finanedi.es\/blog\/?p=6885"},"modified":"2025-01-08T15:56:35","modified_gmt":"2025-01-08T14:56:35","slug":"haz-tu-factura-aplicacion-de-facturacion","status":"publish","type":"post","link":"https:\/\/finanedi.es\/blog\/haz-tu-factura-aplicacion-de-facturacion\/","title":{"rendered":"Haz tu factura: Aplicaci\u00f3n de facturaci\u00f3n"},"content":{"rendered":"\t\t<div data-elementor-type=\"wp-post\" data-elementor-id=\"6885\" class=\"elementor elementor-6885\">\n\t\t\t\t<div class=\"elementor-element elementor-element-ca9425e e-flex e-con-boxed e-con e-parent\" data-id=\"ca9425e\" data-element_type=\"container\">\n\t\t\t\t\t<div class=\"e-con-inner\">\n\t\t\t\t<div class=\"elementor-element elementor-element-d35a8f6 elementor-widget elementor-widget-text-editor\" data-id=\"d35a8f6\" data-element_type=\"widget\" data-widget_type=\"text-editor.default\">\n\t\t\t\t<div class=\"elementor-widget-container\">\n\t\t\t\t\t\t\t\t\t<p>En cumplimiento con la normativa de Bizkaia, la Diputaci\u00f3n Foral de Bizkaia ha desarrollado <strong><em>Haz tu factura<\/em><\/strong>, una herramienta que ofrece a los contribuyentes vizca\u00ednos una alternativa accesible para cumplir con los requisitos de <a href=\"https:\/\/finanedi.es\/blog\/que-es-ticketbai\/\" target=\"_blank\" rel=\"noopener\">TicketBAI<\/a> sin necesidad de recurrir a soluciones del mercado privado. Esta aplicaci\u00f3n sencilla est\u00e1 dise\u00f1ada para complementar, no reemplazar, las diversas aplicaciones de facturaci\u00f3n ya disponibles, facilitando el cumplimiento fiscal de manera eficiente.<\/p>\t\t\t\t\t\t\t\t<\/div>\n\t\t\t\t<\/div>\n\t\t\t\t\t<\/div>\n\t\t\t\t<\/div>\n\t\t<div class=\"elementor-element elementor-element-49a7420 e-flex e-con-boxed e-con e-parent\" data-id=\"49a7420\" data-element_type=\"container\">\n\t\t\t\t\t<div class=\"e-con-inner\">\n\t\t\t\t<div class=\"elementor-element elementor-element-0708196 elementor-widget elementor-widget-heading\" data-id=\"0708196\" data-element_type=\"widget\" data-widget_type=\"heading.default\">\n\t\t\t\t<div class=\"elementor-widget-container\">\n\t\t\t\t\t<h2 class=\"elementor-heading-title elementor-size-default\">\u00bfQu\u00e9 es Haz tu factura?<\/h2>\t\t\t\t<\/div>\n\t\t\t\t<\/div>\n\t\t\t\t\t<\/div>\n\t\t\t\t<\/div>\n\t\t<div class=\"elementor-element elementor-element-2e88c13 e-flex e-con-boxed e-con e-parent\" data-id=\"2e88c13\" data-element_type=\"container\">\n\t\t\t\t\t<div class=\"e-con-inner\">\n\t\t\t\t<div class=\"elementor-element elementor-element-81ce65b elementor-widget elementor-widget-text-editor\" data-id=\"81ce65b\" data-element_type=\"widget\" data-widget_type=\"text-editor.default\">\n\t\t\t\t<div class=\"elementor-widget-container\">\n\t\t\t\t\t\t\t\t\t<p><strong><em>Haz tu factura<\/em><\/strong> es una herramienta online que permite a los usuarios generar facturas de manera r\u00e1pida y sencilla, cumpliendo con todas las exigencias legales y fiscales. Esta herramienta es parte del sistema Batuz, un proyecto del Gobierno Vasco destinado a mejorar la transparencia y el control fiscal.<\/p>\t\t\t\t\t\t\t\t<\/div>\n\t\t\t\t<\/div>\n\t\t\t\t\t<\/div>\n\t\t\t\t<\/div>\n\t\t<div class=\"elementor-element elementor-element-310f7726 e-flex e-con-boxed e-con e-parent\" data-id=\"310f7726\" data-element_type=\"container\">\n\t\t\t\t\t<div class=\"e-con-inner\">\n\t\t\t\t<div class=\"elementor-element elementor-element-2ee1935b elementor-widget elementor-widget-text-editor\" data-id=\"2ee1935b\" data-element_type=\"widget\" data-widget_type=\"text-editor.default\">\n\t\t\t\t<div class=\"elementor-widget-container\">\n\t\t\t\t\t\t\t\t\t<p><strong>\ud83d\udd39\u00a0 Web oficial<\/strong>: <a href=\"https:\/\/www.batuz.eus\/es\/haz-tu-factura\" target=\"_blank\" rel=\"noopener\">Haz tu factura &#8211; Batuz<\/a><\/p>\t\t\t\t\t\t\t\t<\/div>\n\t\t\t\t<\/div>\n\t\t\t\t\t<\/div>\n\t\t\t\t<\/div>\n\t\t<div class=\"elementor-element elementor-element-27e0eae e-flex e-con-boxed e-con e-parent\" data-id=\"27e0eae\" data-element_type=\"container\">\n\t\t\t\t\t<div class=\"e-con-inner\">\n\t\t\t\t<div class=\"elementor-element elementor-element-91d6d3f elementor-widget elementor-widget-spacer\" data-id=\"91d6d3f\" data-element_type=\"widget\" data-widget_type=\"spacer.default\">\n\t\t\t\t<div class=\"elementor-widget-container\">\n\t\t\t\t\t\t\t<div class=\"elementor-spacer\">\n\t\t\t<div class=\"elementor-spacer-inner\"><\/div>\n\t\t<\/div>\n\t\t\t\t\t\t<\/div>\n\t\t\t\t<\/div>\n\t\t\t\t\t<\/div>\n\t\t\t\t<\/div>\n\t\t<div class=\"elementor-element elementor-element-64658f2 e-flex e-con-boxed e-con e-parent\" data-id=\"64658f2\" data-element_type=\"container\">\n\t\t\t\t\t<div class=\"e-con-inner\">\n\t\t\t\t<div class=\"elementor-element elementor-element-2260c13 elementor-widget elementor-widget-heading\" data-id=\"2260c13\" data-element_type=\"widget\" data-widget_type=\"heading.default\">\n\t\t\t\t<div class=\"elementor-widget-container\">\n\t\t\t\t\t<h3 class=\"elementor-heading-title elementor-size-default\">Principales caracter\u00edsticas de Haz tu factura<\/h3>\t\t\t\t<\/div>\n\t\t\t\t<\/div>\n\t\t\t\t\t<\/div>\n\t\t\t\t<\/div>\n\t\t<div class=\"elementor-element elementor-element-9dbb64c e-flex e-con-boxed e-con e-parent\" data-id=\"9dbb64c\" data-element_type=\"container\">\n\t\t\t\t\t<div class=\"e-con-inner\">\n\t\t\t\t<div class=\"elementor-element elementor-element-9f678d4 elementor-widget elementor-widget-text-editor\" data-id=\"9f678d4\" data-element_type=\"widget\" data-widget_type=\"text-editor.default\">\n\t\t\t\t<div class=\"elementor-widget-container\">\n\t\t\t\t\t\t\t\t\t<ul><li><strong>Generaci\u00f3n r\u00e1pida de facturas<\/strong>: Permite crear facturas en pocos pasos, ahorrando tiempo y reduciendo errores.<\/li><li><strong>Cumplimiento legal<\/strong>: Asegura que todas las facturas generadas cumplan con las normativas fiscales vigentes.<\/li><li><strong>Accesibilidad<\/strong>: Disponible online, accesible desde cualquier dispositivo con conexi\u00f3n a Internet.<\/li><li><strong>Seguridad<\/strong>: Ofrece altos est\u00e1ndares de seguridad para proteger la informaci\u00f3n financiera de los usuarios.<\/li><\/ul>\t\t\t\t\t\t\t\t<\/div>\n\t\t\t\t<\/div>\n\t\t\t\t\t<\/div>\n\t\t\t\t<\/div>\n\t\t<div class=\"elementor-element elementor-element-7e7eb4d e-flex e-con-boxed e-con e-parent\" data-id=\"7e7eb4d\" data-element_type=\"container\">\n\t\t\t\t\t<div class=\"e-con-inner\">\n\t\t<div class=\"elementor-element elementor-element-981790c e-flex e-con-boxed e-con e-child\" data-id=\"981790c\" data-element_type=\"container\">\n\t\t\t\t\t<div class=\"e-con-inner\">\n\t\t\t\t<div class=\"elementor-element elementor-element-a4ffda9 elementor-widget elementor-widget-heading\" data-id=\"a4ffda9\" data-element_type=\"widget\" data-widget_type=\"heading.default\">\n\t\t\t\t<div class=\"elementor-widget-container\">\n\t\t\t\t\t<h4 class=\"elementor-heading-title elementor-size-default\">Tabla comparativo entre Haz Tu Factura y FinanEDI<\/h4>\t\t\t\t<\/div>\n\t\t\t\t<\/div>\n\t\t\t\t\t<\/div>\n\t\t\t\t<\/div>\n\t\t<div class=\"elementor-element elementor-element-657a961 e-flex e-con-boxed e-con e-child\" data-id=\"657a961\" data-element_type=\"container\">\n\t\t\t\t\t<div class=\"e-con-inner\">\n\t\t\t\t<div class=\"elementor-element elementor-element-fbef47d elementor-widget elementor-widget-html\" data-id=\"fbef47d\" data-element_type=\"widget\" data-widget_type=\"html.default\">\n\t\t\t\t<div class=\"elementor-widget-container\">\n\t\t\t\t\t<style>\n    .comparative-table {\n        width: 100%;\n        border-collapse: collapse;\n        font-size: 14px;\n        font-family: 'Arial', sans-serif;\n        text-align: left;\n    }\n\n    .comparative-table thead tr {\n        background-color: #1A2543;\n        color: white;\n        text-align: left;\n    }\n\n    .comparative-table thead th {\n        color: white;\n    }\n\n    .comparative-table th,\n    .comparative-table td {\n        padding: 12px 15px;\n        border: 1px solid #dddddd;\n    }\n\n    .comparative-table tbody tr {\n        border-bottom: 1px solid #dddddd;\n    }\n\n    .comparative-table tbody tr:nth-of-type(even) {\n        background-color: #FBFCFF;\n    }\n\n    .comparative-table tbody tr:hover {\n        background-color: #F0F4FF;\n    }\n\n    .bold {\n        font-weight: bold;\n    }\n\n    .fa-circle-check {\n        color: #00D8AC;\n        font-size: 16px;\n    }\n\n    .fa-xmark {\n        color: #DB222A;\n        font-size: 16px;\n    }\n\n    .centrar-columnas {\n        text-align: center;\n    }\n<\/style>\n    <title>FinanEDI alternativa a Haz Tu Factura<\/title>\n<\/head>\n<body>\n    <table class=\"comparative-table\">\n        <thead>\n            <tr>\n                <th >Funcionalidad<\/th>\n                <th class=\"centrar-columnas\">Haz Tu Factura<\/th>\n                <th class=\"centrar-columnas\">FinanEDI<\/th>\n                          <\/tr>\n                          \n        <\/thead>\n        <tbody>\n              <tr>\n                <td class=\"bold\">Coste<\/td>\n                 <td class=\"centrar-columnas\">Gratis<\/td>\n                 <td class=\"centrar-columnas\">Gratis<\/td>\n                \n            <\/tr>\n            <tr>\n                <td class=\"bold\">Facturaci\u00f3n electr\u00f3nica<\/td>\n                 <td class=\"centrar-columnas\"><i class=\"fa-solid fa-circle-check\"><\/i><\/td>\n                 <td class=\"centrar-columnas\"><i class=\"fa-solid fa-circle-check\"><\/i><\/td>\n                \n            <\/tr>\n             <tr>\n                <td class=\"bold\">V\u00e1lido para todas las provincias <br> (Bizkaia, Gipuzkoa y \u00c1raba)<\/td>\n                <td class=\"centrar-columnas\"><i class=\"fa-solid fa-xmark\"><\/i><\/td>\n                 <td class=\"centrar-columnas\"><i class=\"fa-solid fa-circle-check\"><\/i><\/td>\n               \n            <\/tr>\n              <tr>\n                <td class=\"bold\">Creaci\u00f3n y emisi\u00f3n de facturas<\/td>\n                <td class=\"centrar-columnas\">100 facturas por per\u00edodo impositivo<\/td>\n                 <td class=\"centrar-columnas\">Ilimitadas<\/td>\n              \n            <\/tr>\n             <tr>\n                <td class=\"bold\">Creaci\u00f3n y emisi\u00f3n de facturas recurrentes<\/td>\n                <td class=\"centrar-columnas\"><i class=\"fa-solid fa-xmark\"><\/i><\/td>\n                 <td class=\"centrar-columnas\"><i class=\"fa-solid fa-circle-check\"><\/i><\/td>\n               \n            <\/tr>\n               <tr>\n                <td class=\"bold\">Creaci\u00f3n y emisi\u00f3n de presupuestos<\/td>\n                <td class=\"centrar-columnas\"><i class=\"fa-solid fa-xmark\"><\/i><\/td>\n                 <td class=\"centrar-columnas\"><i class=\"fa-solid fa-circle-check\"><\/i><\/td>\n               \n            <\/tr>\n               <tr>\n                <td class=\"bold\">Creaci\u00f3n y emisi\u00f3n de albaranes<\/td>\n                <td class=\"centrar-columnas\"><i class=\"fa-solid fa-xmark\"><\/i><\/td>\n                 <td class=\"centrar-columnas\"><i class=\"fa-solid fa-circle-check\"><\/i><\/td>\n               \n            <\/tr>\n            <tr>\n                <td class=\"bold\">Creaci\u00f3n y gesti\u00f3n de clientes y proveedores<\/td>\n                 <td class=\"centrar-columnas\"><i class=\"fa-solid fa-circle-check\"><\/i><\/td>\n                 <td class=\"centrar-columnas\"><i class=\"fa-solid fa-circle-check\"><\/i><\/td>\n                \n            <\/tr>\n             <tr>\n                <td class=\"bold\">Gesti\u00f3n de productos y servicios<\/td>\n                <td class=\"centrar-columnas\"><i class=\"fa-solid fa-xmark\"><\/i><\/td>\n                 <td class=\"centrar-columnas\"><i class=\"fa-solid fa-circle-check\"><\/i><\/td>\n               \n            <\/tr>\n             <tr>\n                <td class=\"bold\">Creaci\u00f3n y gesti\u00f3n de cat\u00e1logos<\/td>\n                <td class=\"centrar-columnas\"><i class=\"fa-solid fa-xmark\"><\/i><\/td>\n                 <td class=\"centrar-columnas\"><i class=\"fa-solid fa-circle-check\"><\/i><\/td>\n               \n            <\/tr>\n              <tr>\n                <td class=\"bold\">Instalaci\u00f3n<\/td>\n                <td class=\"centrar-columnas\">Descarga de programa<\/td>\n                 <td class=\"centrar-columnas\">ERP en la nube<\/td>\n               \n            <\/tr>\n             <tr>\n                <td class=\"bold\">Aplicaci\u00f3n m\u00f3vil<\/td>\n                <td class=\"centrar-columnas\"><i class=\"fa-solid fa-xmark\"><\/i><\/td>\n                 <td class=\"centrar-columnas\"><i class=\"fa-solid fa-xmark\"><\/i><\/td>\n               \n            <\/tr>\n             \n        <\/tbody>\n    <\/table>\n<\/body>\n<\/html>\t\t\t\t<\/div>\n\t\t\t\t<\/div>\n\t\t\t\t\t<\/div>\n\t\t\t\t<\/div>\n\t\t\t\t\t<\/div>\n\t\t\t\t<\/div>\n\t\t<div class=\"elementor-element elementor-element-14fa9c53 e-flex e-con-boxed e-con e-parent\" data-id=\"14fa9c53\" data-element_type=\"container\">\n\t\t\t\t\t<div class=\"e-con-inner\">\n\t\t\t\t<div class=\"elementor-element elementor-element-3f4c47ac elementor-widget elementor-widget-text-editor\" data-id=\"3f4c47ac\" data-element_type=\"widget\" data-widget_type=\"text-editor.default\">\n\t\t\t\t<div class=\"elementor-widget-container\">\n\t\t\t\t\t\t\t\t\t<p><strong>\ud83d\udcc4 Art\u00edculo relacionado<\/strong>:\u00a0<a href=\"https:\/\/finanedi.es\/blog\/haz-tu-factura-vs-finanedi\/\" target=\"_blank\" rel=\"noopener\">FinanEDI vs. Haz Tu Factura: \u00bfCu\u00e1l es la mejor opci\u00f3n para tu negocio?<\/a><\/p>\t\t\t\t\t\t\t\t<\/div>\n\t\t\t\t<\/div>\n\t\t\t\t\t<\/div>\n\t\t\t\t<\/div>\n\t\t<div class=\"elementor-element elementor-element-cbf571a e-flex e-con-boxed e-con e-parent\" data-id=\"cbf571a\" data-element_type=\"container\">\n\t\t\t\t\t<div class=\"e-con-inner\">\n\t\t\t\t<div class=\"elementor-element elementor-element-2e5285e elementor-widget elementor-widget-spacer\" data-id=\"2e5285e\" data-element_type=\"widget\" data-widget_type=\"spacer.default\">\n\t\t\t\t<div class=\"elementor-widget-container\">\n\t\t\t\t\t\t\t<div class=\"elementor-spacer\">\n\t\t\t<div class=\"elementor-spacer-inner\"><\/div>\n\t\t<\/div>\n\t\t\t\t\t\t<\/div>\n\t\t\t\t<\/div>\n\t\t\t\t\t<\/div>\n\t\t\t\t<\/div>\n\t\t<div class=\"elementor-element elementor-element-ca45c33 e-flex e-con-boxed e-con e-parent\" data-id=\"ca45c33\" data-element_type=\"container\">\n\t\t\t\t\t<div class=\"e-con-inner\">\n\t\t\t\t<div class=\"elementor-element elementor-element-9e048e8 elementor-widget elementor-widget-video\" data-id=\"9e048e8\" data-element_type=\"widget\" data-settings=\"{&quot;video_type&quot;:&quot;hosted&quot;,&quot;controls&quot;:&quot;yes&quot;}\" data-widget_type=\"video.default\">\n\t\t\t\t<div class=\"elementor-widget-container\">\n\t\t\t\t\t\t\t<div class=\"e-hosted-video elementor-wrapper elementor-open-inline\">\n\t\t\t\t\t<video class=\"elementor-video\" src=\"https:\/\/streaming.bizkaia.eus\/Lantik\/OGASUNA\/BATUZ\/Funcionalidad%20Aplicativo%20Web%20Sub.mp4?reload=1\" controls=\"\" preload=\"metadata\" controlsList=\"nodownload\"><\/video>\n\t\t\t\t<\/div>\n\t\t\t\t\t\t<\/div>\n\t\t\t\t<\/div>\n\t\t\t\t\t<\/div>\n\t\t\t\t<\/div>\n\t\t<div class=\"elementor-element elementor-element-8447a03 e-flex e-con-boxed e-con e-parent\" data-id=\"8447a03\" data-element_type=\"container\">\n\t\t\t\t\t<div class=\"e-con-inner\">\n\t\t\t\t<div class=\"elementor-element elementor-element-5a50f84 elementor-widget elementor-widget-spacer\" data-id=\"5a50f84\" data-element_type=\"widget\" data-widget_type=\"spacer.default\">\n\t\t\t\t<div class=\"elementor-widget-container\">\n\t\t\t\t\t\t\t<div class=\"elementor-spacer\">\n\t\t\t<div class=\"elementor-spacer-inner\"><\/div>\n\t\t<\/div>\n\t\t\t\t\t\t<\/div>\n\t\t\t\t<\/div>\n\t\t\t\t\t<\/div>\n\t\t\t\t<\/div>\n\t\t<div class=\"elementor-element elementor-element-8fe59cc e-flex e-con-boxed e-con e-parent\" data-id=\"8fe59cc\" data-element_type=\"container\">\n\t\t\t\t\t<div class=\"e-con-inner\">\n\t\t\t\t<div class=\"elementor-element elementor-element-9a53d36 elementor-widget elementor-widget-heading\" data-id=\"9a53d36\" data-element_type=\"widget\" data-widget_type=\"heading.default\">\n\t\t\t\t<div class=\"elementor-widget-container\">\n\t\t\t\t\t<h3 class=\"elementor-heading-title elementor-size-default\">Beneficios de usar Haz tu factura para aut\u00f3nomos y pymes<\/h3>\t\t\t\t<\/div>\n\t\t\t\t<\/div>\n\t\t\t\t\t<\/div>\n\t\t\t\t<\/div>\n\t\t<div class=\"elementor-element elementor-element-c53831b e-flex e-con-boxed e-con e-parent\" data-id=\"c53831b\" data-element_type=\"container\">\n\t\t\t\t\t<div class=\"e-con-inner\">\n\t\t\t\t<div class=\"elementor-element elementor-element-faf5c86 elementor-widget elementor-widget-spacer\" data-id=\"faf5c86\" data-element_type=\"widget\" data-widget_type=\"spacer.default\">\n\t\t\t\t<div class=\"elementor-widget-container\">\n\t\t\t\t\t\t\t<div class=\"elementor-spacer\">\n\t\t\t<div class=\"elementor-spacer-inner\"><\/div>\n\t\t<\/div>\n\t\t\t\t\t\t<\/div>\n\t\t\t\t<\/div>\n\t\t\t\t\t<\/div>\n\t\t\t\t<\/div>\n\t\t<div class=\"elementor-element elementor-element-2e5bd3e e-flex e-con-boxed e-con e-parent\" data-id=\"2e5bd3e\" data-element_type=\"container\">\n\t\t\t\t\t<div class=\"e-con-inner\">\n\t\t\t\t<div class=\"elementor-element elementor-element-18ed55a elementor-widget elementor-widget-heading\" data-id=\"18ed55a\" data-element_type=\"widget\" data-widget_type=\"heading.default\">\n\t\t\t\t<div class=\"elementor-widget-container\">\n\t\t\t\t\t<h4 class=\"elementor-heading-title elementor-size-default\">Eficiencia y ahorro de tiempo<\/h4>\t\t\t\t<\/div>\n\t\t\t\t<\/div>\n\t\t\t\t\t<\/div>\n\t\t\t\t<\/div>\n\t\t<div class=\"elementor-element elementor-element-75bcda0 e-flex e-con-boxed e-con e-parent\" data-id=\"75bcda0\" data-element_type=\"container\">\n\t\t\t\t\t<div class=\"e-con-inner\">\n\t\t\t\t<div class=\"elementor-element elementor-element-670a190 elementor-widget elementor-widget-text-editor\" data-id=\"670a190\" data-element_type=\"widget\" data-widget_type=\"text-editor.default\">\n\t\t\t\t<div class=\"elementor-widget-container\">\n\t\t\t\t\t\t\t\t\t<p>La generaci\u00f3n de facturas puede ser un proceso tedioso y propenso a errores si se realiza manualmente. Haz tu Factura automatiza este proceso, permitiendo a los usuarios crear facturas de forma r\u00e1pida y eficiente. Esto no solo ahorra tiempo, sino que tambi\u00e9n reduce la posibilidad de errores, asegurando que todas las facturas sean precisas y completas.<\/p>\t\t\t\t\t\t\t\t<\/div>\n\t\t\t\t<\/div>\n\t\t\t\t\t<\/div>\n\t\t\t\t<\/div>\n\t\t<div class=\"elementor-element elementor-element-d72d124 e-flex e-con-boxed e-con e-parent\" data-id=\"d72d124\" data-element_type=\"container\">\n\t\t\t\t\t<div class=\"e-con-inner\">\n\t\t\t\t<div class=\"elementor-element elementor-element-91155f3 elementor-widget elementor-widget-heading\" data-id=\"91155f3\" data-element_type=\"widget\" data-widget_type=\"heading.default\">\n\t\t\t\t<div class=\"elementor-widget-container\">\n\t\t\t\t\t<h4 class=\"elementor-heading-title elementor-size-default\">Cumplimiento fiscal asegurado<\/h4>\t\t\t\t<\/div>\n\t\t\t\t<\/div>\n\t\t\t\t\t<\/div>\n\t\t\t\t<\/div>\n\t\t<div class=\"elementor-element elementor-element-e31d15c e-flex e-con-boxed e-con e-parent\" data-id=\"e31d15c\" data-element_type=\"container\">\n\t\t\t\t\t<div class=\"e-con-inner\">\n\t\t\t\t<div class=\"elementor-element elementor-element-2b69838 elementor-widget elementor-widget-text-editor\" data-id=\"2b69838\" data-element_type=\"widget\" data-widget_type=\"text-editor.default\">\n\t\t\t\t<div class=\"elementor-widget-container\">\n\t\t\t\t\t\t\t\t\t<p>Uno de los mayores retos para los aut\u00f3nomos y las pymes es mantenerse al d\u00eda con las cambiantes normativas fiscales. Haz tu Factura est\u00e1 dise\u00f1ado para cumplir con todas las regulaciones fiscales vigentes, eliminando el estr\u00e9s y la incertidumbre asociados con el cumplimiento legal. Esto permite a los empresarios concentrarse en el crecimiento de su negocio en lugar de preocuparse por posibles sanciones o multas.<\/p>\t\t\t\t\t\t\t\t<\/div>\n\t\t\t\t<\/div>\n\t\t\t\t\t<\/div>\n\t\t\t\t<\/div>\n\t\t<div class=\"elementor-element elementor-element-2e241c1 e-flex e-con-boxed e-con e-parent\" data-id=\"2e241c1\" data-element_type=\"container\">\n\t\t\t\t\t<div class=\"e-con-inner\">\n\t\t\t\t<div class=\"elementor-element elementor-element-7934343 elementor-widget elementor-widget-heading\" data-id=\"7934343\" data-element_type=\"widget\" data-widget_type=\"heading.default\">\n\t\t\t\t<div class=\"elementor-widget-container\">\n\t\t\t\t\t<h4 class=\"elementor-heading-title elementor-size-default\">Accesibilidad y flexibilidad<\/h4>\t\t\t\t<\/div>\n\t\t\t\t<\/div>\n\t\t\t\t\t<\/div>\n\t\t\t\t<\/div>\n\t\t<div class=\"elementor-element elementor-element-e9dbea1 e-flex e-con-boxed e-con e-parent\" data-id=\"e9dbea1\" data-element_type=\"container\">\n\t\t\t\t\t<div class=\"e-con-inner\">\n\t\t\t\t<div class=\"elementor-element elementor-element-81784f6 elementor-widget elementor-widget-text-editor\" data-id=\"81784f6\" data-element_type=\"widget\" data-widget_type=\"text-editor.default\">\n\t\t\t\t<div class=\"elementor-widget-container\">\n\t\t\t\t\t\t\t\t\t<p>Al ser una herramienta online, Haz tu Factura es accesible desde cualquier lugar y en cualquier momento. Esto es especialmente beneficioso para los aut\u00f3nomos y empresarios que necesitan la flexibilidad de trabajar desde distintos lugares. Adem\u00e1s, su interfaz intuitiva y amigable facilita su uso, incluso para aquellos con poca experiencia en tecnolog\u00eda.<\/p>\t\t\t\t\t\t\t\t<\/div>\n\t\t\t\t<\/div>\n\t\t\t\t\t<\/div>\n\t\t\t\t<\/div>\n\t\t<div class=\"elementor-element elementor-element-c6aa133 e-flex e-con-boxed e-con e-parent\" data-id=\"c6aa133\" data-element_type=\"container\">\n\t\t\t\t\t<div class=\"e-con-inner\">\n\t\t\t\t<div class=\"elementor-element elementor-element-ded58da elementor-widget elementor-widget-heading\" data-id=\"ded58da\" data-element_type=\"widget\" data-widget_type=\"heading.default\">\n\t\t\t\t<div class=\"elementor-widget-container\">\n\t\t\t\t\t<h4 class=\"elementor-heading-title elementor-size-default\">Seguridad de la informaci\u00f3n<\/h4>\t\t\t\t<\/div>\n\t\t\t\t<\/div>\n\t\t\t\t\t<\/div>\n\t\t\t\t<\/div>\n\t\t<div class=\"elementor-element elementor-element-0d2dd0a e-flex e-con-boxed e-con e-parent\" data-id=\"0d2dd0a\" data-element_type=\"container\">\n\t\t\t\t\t<div class=\"e-con-inner\">\n\t\t\t\t<div class=\"elementor-element elementor-element-16e6323 elementor-widget elementor-widget-text-editor\" data-id=\"16e6323\" data-element_type=\"widget\" data-widget_type=\"text-editor.default\">\n\t\t\t\t<div class=\"elementor-widget-container\">\n\t\t\t\t\t\t\t\t\t<p>La seguridad de los datos financieros es una preocupaci\u00f3n primordial para cualquier empresa. Haz tu Factura utiliza tecnolog\u00edas de encriptaci\u00f3n avanzadas para proteger la informaci\u00f3n de sus usuarios. Esto garantiza que los datos financieros est\u00e9n seguros y que solo las personas autorizadas tengan acceso a ellos.<\/p>\t\t\t\t\t\t\t\t<\/div>\n\t\t\t\t<\/div>\n\t\t\t\t\t<\/div>\n\t\t\t\t<\/div>\n\t\t<div class=\"elementor-element elementor-element-012e782 e-flex e-con-boxed e-con e-parent\" data-id=\"012e782\" data-element_type=\"container\">\n\t\t\t\t\t<div class=\"e-con-inner\">\n\t\t\t\t<div class=\"elementor-element elementor-element-1272950 elementor-widget elementor-widget-heading\" data-id=\"1272950\" data-element_type=\"widget\" data-widget_type=\"heading.default\">\n\t\t\t\t<div class=\"elementor-widget-container\">\n\t\t\t\t\t<h3 class=\"elementor-heading-title elementor-size-default\">C\u00f3mo empezar con Haz tu factura<\/h3>\t\t\t\t<\/div>\n\t\t\t\t<\/div>\n\t\t\t\t<div class=\"elementor-element elementor-element-312f6d3 elementor-widget elementor-widget-spacer\" data-id=\"312f6d3\" data-element_type=\"widget\" data-widget_type=\"spacer.default\">\n\t\t\t\t<div class=\"elementor-widget-container\">\n\t\t\t\t\t\t\t<div class=\"elementor-spacer\">\n\t\t\t<div class=\"elementor-spacer-inner\"><\/div>\n\t\t<\/div>\n\t\t\t\t\t\t<\/div>\n\t\t\t\t<\/div>\n\t\t\t\t<div class=\"elementor-element elementor-element-928aa08 elementor-widget elementor-widget-heading\" data-id=\"928aa08\" data-element_type=\"widget\" data-widget_type=\"heading.default\">\n\t\t\t\t<div class=\"elementor-widget-container\">\n\t\t\t\t\t<h4 class=\"elementor-heading-title elementor-size-default\">Paso 1: Registro<\/h4>\t\t\t\t<\/div>\n\t\t\t\t<\/div>\n\t\t\t\t<div class=\"elementor-element elementor-element-d257e76 elementor-widget elementor-widget-text-editor\" data-id=\"d257e76\" data-element_type=\"widget\" data-widget_type=\"text-editor.default\">\n\t\t\t\t<div class=\"elementor-widget-container\">\n\t\t\t\t\t\t\t\t\t<p>Para empezar a utilizar Haz tu Factura, primero necesitas registrarte en el sistema Batuz. El proceso de registro es sencillo y solo requiere unos pocos minutos.<\/p>\t\t\t\t\t\t\t\t<\/div>\n\t\t\t\t<\/div>\n\t\t\t\t<div class=\"elementor-element elementor-element-e0940cb elementor-widget elementor-widget-heading\" data-id=\"e0940cb\" data-element_type=\"widget\" data-widget_type=\"heading.default\">\n\t\t\t\t<div class=\"elementor-widget-container\">\n\t\t\t\t\t<h4 class=\"elementor-heading-title elementor-size-default\">Paso 2: Configuraci\u00f3n de la cuenta<\/h4>\t\t\t\t<\/div>\n\t\t\t\t<\/div>\n\t\t\t\t<div class=\"elementor-element elementor-element-3b731c3 elementor-widget elementor-widget-text-editor\" data-id=\"3b731c3\" data-element_type=\"widget\" data-widget_type=\"text-editor.default\">\n\t\t\t\t<div class=\"elementor-widget-container\">\n\t\t\t\t\t\t\t\t\t<p>Una vez registrado, puedes configurar tu cuenta ingresando los datos de tu empresa. Esto incluye informaci\u00f3n como el nombre de la empresa, el n\u00famero de identificaci\u00f3n fiscal (NIF) y los datos de contacto.<\/p>\t\t\t\t\t\t\t\t<\/div>\n\t\t\t\t<\/div>\n\t\t\t\t<div class=\"elementor-element elementor-element-48d837d elementor-widget elementor-widget-heading\" data-id=\"48d837d\" data-element_type=\"widget\" data-widget_type=\"heading.default\">\n\t\t\t\t<div class=\"elementor-widget-container\">\n\t\t\t\t\t<h4 class=\"elementor-heading-title elementor-size-default\">Paso 3: Creaci\u00f3n de facturas<\/h4>\t\t\t\t<\/div>\n\t\t\t\t<\/div>\n\t\t\t\t<div class=\"elementor-element elementor-element-3691ce2 elementor-widget elementor-widget-text-editor\" data-id=\"3691ce2\" data-element_type=\"widget\" data-widget_type=\"text-editor.default\">\n\t\t\t\t<div class=\"elementor-widget-container\">\n\t\t\t\t\t\t\t\t\t<p>Con la cuenta configurada, ya puedes empezar a crear facturas. Simplemente ingresa los detalles necesarios como la fecha, el destinatario, los productos o servicios y el importe total. Haz tu Factura se encargar\u00e1 del resto, asegurando que la factura cumpla con todas las normativas fiscales.<\/p>\t\t\t\t\t\t\t\t<\/div>\n\t\t\t\t<\/div>\n\t\t\t\t<div class=\"elementor-element elementor-element-7bbf083 elementor-widget elementor-widget-heading\" data-id=\"7bbf083\" data-element_type=\"widget\" data-widget_type=\"heading.default\">\n\t\t\t\t<div class=\"elementor-widget-container\">\n\t\t\t\t\t<h4 class=\"elementor-heading-title elementor-size-default\">Paso 4: Env\u00edo y almacenamiento<\/h4>\t\t\t\t<\/div>\n\t\t\t\t<\/div>\n\t\t\t\t<div class=\"elementor-element elementor-element-e0b95bb elementor-widget elementor-widget-text-editor\" data-id=\"e0b95bb\" data-element_type=\"widget\" data-widget_type=\"text-editor.default\">\n\t\t\t\t<div class=\"elementor-widget-container\">\n\t\t\t\t\t\t\t\t\t<p>Una vez generada la factura, puedes enviarla directamente al cliente desde la plataforma. Adem\u00e1s, Haz tu Factura almacena todas las facturas generadas en la nube, permiti\u00e9ndote acceder a ellas cuando lo necesites y asegurando que est\u00e9n siempre disponibles para auditor\u00edas o revisiones fiscales.<\/p>\t\t\t\t\t\t\t\t<\/div>\n\t\t\t\t<\/div>\n\t\t\t\t\t<\/div>\n\t\t\t\t<\/div>\n\t\t<div class=\"elementor-element elementor-element-3b92593 e-flex e-con-boxed e-con e-parent\" data-id=\"3b92593\" data-element_type=\"container\">\n\t\t\t\t\t<div class=\"e-con-inner\">\n\t\t\t\t<div class=\"elementor-element elementor-element-8d4fb58 elementor-widget elementor-widget-spacer\" data-id=\"8d4fb58\" data-element_type=\"widget\" data-widget_type=\"spacer.default\">\n\t\t\t\t<div class=\"elementor-widget-container\">\n\t\t\t\t\t\t\t<div class=\"elementor-spacer\">\n\t\t\t<div class=\"elementor-spacer-inner\"><\/div>\n\t\t<\/div>\n\t\t\t\t\t\t<\/div>\n\t\t\t\t<\/div>\n\t\t\t\t\t<\/div>\n\t\t\t\t<\/div>\n\t\t<div class=\"elementor-element elementor-element-3272d21e e-flex e-con-boxed e-con e-parent\" data-id=\"3272d21e\" data-element_type=\"container\" data-settings=\"{&quot;background_background&quot;:&quot;classic&quot;}\">\n\t\t\t\t\t<div class=\"e-con-inner\">\n\t\t<div class=\"elementor-element elementor-element-404c9b19 e-con-full e-flex e-con e-child\" data-id=\"404c9b19\" data-element_type=\"container\">\n\t\t<div class=\"elementor-element elementor-element-12e9467 e-flex e-con-boxed e-con e-child\" data-id=\"12e9467\" data-element_type=\"container\">\n\t\t\t\t\t<div class=\"e-con-inner\">\n\t\t\t\t<div class=\"elementor-element elementor-element-393ad72d elementor-widget elementor-widget-heading\" data-id=\"393ad72d\" data-element_type=\"widget\" data-widget_type=\"heading.default\">\n\t\t\t\t<div class=\"elementor-widget-container\">\n\t\t\t\t\t<h3 class=\"elementor-heading-title elementor-size-default\">El software m\u00e1s f\u00e1cil para controlar tu facturaci\u00f3n<\/h3>\t\t\t\t<\/div>\n\t\t\t\t<\/div>\n\t\t\t\t<div class=\"elementor-element elementor-element-45bc0b4b elementor-widget elementor-widget-text-editor\" data-id=\"45bc0b4b\" data-element_type=\"widget\" data-widget_type=\"text-editor.default\">\n\t\t\t\t<div class=\"elementor-widget-container\">\n\t\t\t\t\t\t\t\t\t<p>Descubre c\u00f3mo FinanEDI puede facilitar la creaci\u00f3n de facturas y optimizar tu proceso de facturaci\u00f3n.<\/p>\t\t\t\t\t\t\t\t<\/div>\n\t\t\t\t<\/div>\n\t\t\t\t<div class=\"elementor-element elementor-element-2d94f3c elementor-widget elementor-widget-button\" data-id=\"2d94f3c\" data-element_type=\"widget\" data-widget_type=\"button.default\">\n\t\t\t\t<div class=\"elementor-widget-container\">\n\t\t\t\t\t\t\t\t\t<div class=\"elementor-button-wrapper\">\n\t\t\t\t\t<a class=\"elementor-button elementor-button-link elementor-size-md\" href=\"https:\/\/finanedi.es\/programa-facturacion\" target=\"_blank\">\n\t\t\t\t\t\t<span class=\"elementor-button-content-wrapper\">\n\t\t\t\t\t\t\t\t\t<span class=\"elementor-button-text\">Crear cuenta gratis<\/span>\n\t\t\t\t\t<\/span>\n\t\t\t\t\t<\/a>\n\t\t\t\t<\/div>\n\t\t\t\t\t\t\t\t<\/div>\n\t\t\t\t<\/div>\n\t\t\t\t\t<\/div>\n\t\t\t\t<\/div>\n\t\t\t\t<\/div>\n\t\t<div class=\"elementor-element elementor-element-1849d7d9 e-con-full e-flex e-con e-child\" data-id=\"1849d7d9\" data-element_type=\"container\">\n\t\t\t\t<div class=\"elementor-element elementor-element-460a2922 elementor-widget elementor-widget-image\" data-id=\"460a2922\" data-element_type=\"widget\" data-widget_type=\"image.default\">\n\t\t\t\t<div class=\"elementor-widget-container\">\n\t\t\t\t\t\t\t\t\t\t\t\t\t\t\t<img fetchpriority=\"high\" decoding=\"async\" width=\"300\" height=\"202\" src=\"https:\/\/finanedi.es\/blog\/contenido\/uploads\/2024\/03\/Documentos-300x202.png\" class=\"attachment-medium size-medium wp-image-399\" alt=\"Crear factura FinanEDI\" srcset=\"https:\/\/finanedi.es\/blog\/contenido\/uploads\/2024\/03\/Documentos-300x202.png 300w, https:\/\/finanedi.es\/blog\/contenido\/uploads\/2024\/03\/Documentos-1024x691.png 1024w, https:\/\/finanedi.es\/blog\/contenido\/uploads\/2024\/03\/Documentos-768x518.png 768w, https:\/\/finanedi.es\/blog\/contenido\/uploads\/2024\/03\/Documentos-1536x1036.png 1536w, https:\/\/finanedi.es\/blog\/contenido\/uploads\/2024\/03\/Documentos.png 1920w\" sizes=\"(max-width: 300px) 100vw, 300px\" \/>\t\t\t\t\t\t\t\t\t\t\t\t\t\t\t<\/div>\n\t\t\t\t<\/div>\n\t\t\t\t<\/div>\n\t\t\t\t\t<\/div>\n\t\t\t\t<\/div>\n\t\t<div class=\"elementor-element elementor-element-207d9fa e-flex e-con-boxed e-con e-parent\" data-id=\"207d9fa\" data-element_type=\"container\">\n\t\t\t\t\t<div class=\"e-con-inner\">\n\t\t\t\t<div class=\"elementor-element elementor-element-773888d elementor-widget elementor-widget-spacer\" data-id=\"773888d\" data-element_type=\"widget\" data-widget_type=\"spacer.default\">\n\t\t\t\t<div class=\"elementor-widget-container\">\n\t\t\t\t\t\t\t<div class=\"elementor-spacer\">\n\t\t\t<div class=\"elementor-spacer-inner\"><\/div>\n\t\t<\/div>\n\t\t\t\t\t\t<\/div>\n\t\t\t\t<\/div>\n\t\t\t\t\t<\/div>\n\t\t\t\t<\/div>\n\t\t<div class=\"elementor-element elementor-element-cffb697 e-flex e-con-boxed e-con e-parent\" data-id=\"cffb697\" data-element_type=\"container\">\n\t\t\t\t\t<div class=\"e-con-inner\">\n\t\t\t\t<div class=\"elementor-element elementor-element-466a163 elementor-widget elementor-widget-text-editor\" data-id=\"466a163\" data-element_type=\"widget\" data-widget_type=\"text-editor.default\">\n\t\t\t\t<div class=\"elementor-widget-container\">\n\t\t\t\t\t\t\t\t\t<p><strong>Haz tu Factura<\/strong> es una herramienta esencial para cualquier aut\u00f3nomo o PYME que busque simplificar su gesti\u00f3n financiera y asegurarse de cumplir con las normativas fiscales. Su facilidad de uso, accesibilidad y seguridad la convierten en una opci\u00f3n ideal para aquellos que desean optimizar su proceso de facturaci\u00f3n.<\/p>\t\t\t\t\t\t\t\t<\/div>\n\t\t\t\t<\/div>\n\t\t\t\t\t<\/div>\n\t\t\t\t<\/div>\n\t\t<div class=\"elementor-element elementor-element-4c571f17 e-flex e-con-boxed e-con e-parent\" data-id=\"4c571f17\" data-element_type=\"container\">\n\t\t\t\t\t<div class=\"e-con-inner\">\n\t\t\t\t<div class=\"elementor-element elementor-element-7e29cf0a elementor-widget elementor-widget-text-editor\" data-id=\"7e29cf0a\" data-element_type=\"widget\" data-widget_type=\"text-editor.default\">\n\t\t\t\t<div class=\"elementor-widget-container\">\n\t\t\t\t\t\t\t\t\t<p><strong>\ud83d\udd39 M\u00e1s informaci\u00f3n<\/strong>: <a href=\"https:\/\/www.batuz.eus\/fitxategiak\/batuz\/ticketbai\/haz%20tu%20factura%20manual%20de%20la%20aplicacion%20%20v%201_6_2.pdf?hash=bce8da4373216078b508f4c2eb2954ab\" target=\"_blank\" rel=\"noopener\">Manual de la\u00a0 aplicaci\u00f3n Haz tu factura &#8211; PDF<\/a><\/p>\t\t\t\t\t\t\t\t<\/div>\n\t\t\t\t<\/div>\n\t\t\t\t\t<\/div>\n\t\t\t\t<\/div>\n\t\t<div class=\"elementor-element elementor-element-66cedbb5 e-flex e-con-boxed e-con e-parent\" data-id=\"66cedbb5\" data-element_type=\"container\">\n\t\t\t\t\t<div class=\"e-con-inner\">\n\t\t<div class=\"elementor-element elementor-element-479f0c2 e-con-full e-flex e-con e-child\" data-id=\"479f0c2\" data-element_type=\"container\">\n\t\t\t\t<div class=\"elementor-element elementor-element-6dcee0cc elementor-widget elementor-widget-spacer\" data-id=\"6dcee0cc\" data-element_type=\"widget\" data-widget_type=\"spacer.default\">\n\t\t\t\t<div class=\"elementor-widget-container\">\n\t\t\t\t\t\t\t<div class=\"elementor-spacer\">\n\t\t\t<div class=\"elementor-spacer-inner\"><\/div>\n\t\t<\/div>\n\t\t\t\t\t\t<\/div>\n\t\t\t\t<\/div>\n\t\t\t\t<\/div>\n\t\t<div class=\"elementor-element elementor-element-2563c765 e-con-full e-flex e-con e-child\" data-id=\"2563c765\" data-element_type=\"container\">\n\t\t\t\t<div class=\"elementor-element elementor-element-5661cd36 elementor-widget elementor-widget-heading\" data-id=\"5661cd36\" data-element_type=\"widget\" data-widget_type=\"heading.default\">\n\t\t\t\t<div class=\"elementor-widget-container\">\n\t\t\t\t\t<h3 class=\"elementor-heading-title elementor-size-default\">No te pierdas...<\/h3>\t\t\t\t<\/div>\n\t\t\t\t<\/div>\n\t\t\t\t<\/div>\n\t\t<div class=\"elementor-element elementor-element-5a064ed8 e-con-full e-flex e-con e-child\" data-id=\"5a064ed8\" data-element_type=\"container\">\n\t\t\t\t<div class=\"elementor-element elementor-element-30cc7745 elementor-widget elementor-widget-katen-post-five\" data-id=\"30cc7745\" data-element_type=\"widget\" data-widget_type=\"katen-post-five.default\">\n\t\t\t\t<div class=\"elementor-widget-container\">\n\t\t\t\t\t\t\t<div class=\"padding-30 rounded bordered\">\n\n\t\t\t<div class=\"row infinite-wrapper\">\n\n\t\t\t\n\t\t\t\t<div class=\"col-md-12 col-sm-6 post-list-item post-item\">\n\t\t\t\t\t<!-- post -->\n\t\t\t\t\t<div class=\"post post-list clearfix\">\n\n\t\t\t\t\t\t<div class=\"thumb rounded\"><div class=\"inner\"><a href=\"https:\/\/finanedi.es\/blog\/que-debe-tener-un-buen-programa-de-facturacion\/\"><img decoding=\"async\" width=\"330\" height=\"250\" src=\"https:\/\/finanedi.es\/blog\/contenido\/uploads\/2025\/07\/Que-debe-tener-un-buen-programa-de-facturacion-330x250.jpg\" class=\"attachment-katen-thumb-list size-katen-thumb-list wp-post-image\" alt=\"Qu\u00e9 debe tener un buen programa de facturaci\u00f3n\" \/><\/a><\/div><\/div>  \n\n\t\t\t\t\t\t<div class=\"details clearfix\">\n\t\t\t\t\t\t\t<ul class=\"meta list-inline mb-3\">\n\t\t\t\t\t\t\t\t<li class=\"list-inline-item\"><a href=\"https:\/\/finanedi.es\/blog\/category\/facturacion\/\">Facturaci\u00f3n<\/a><\/li>\t\t\t\t\t\t\t<\/ul>\n\t\t\t\t\t\t\t<h5 class=\"post-title\"><a href=\"https:\/\/finanedi.es\/blog\/que-debe-tener-un-buen-programa-de-facturacion\/\">\u00bfQu\u00e9 debe tener un buen programa de facturaci\u00f3n?<\/a><\/h5>\n\t\t\t\t\t\t\t<p class=\"excerpt mb-0\">\n\t\t\t\t\t\t\t\tLa facturaci\u00f3n ya no es lo que era. Con la llegada de normativas como VeriFactu&hellip;\t\t\t\t\t\t\t<\/p>\n\t\t\t\t\t\t\t<div class=\"post-bottom clearfix d-flex align-items-center\">\n\t\t\t\t\t\t\t\t\t\t\t\t\t\t\t\t\t\t\t\t\t\t\t<\/div>\n\t\t\t\t\t\t<\/div>\n\t\t\t\t\t<\/div>\n\t\t\t\t<\/div>\n\n\t\t\t\n\t\t\t\t<div class=\"col-md-12 col-sm-6 post-list-item post-item\">\n\t\t\t\t\t<!-- post -->\n\t\t\t\t\t<div class=\"post post-list clearfix\">\n\n\t\t\t\t\t\t<div class=\"thumb rounded\"><div class=\"inner\"><a href=\"https:\/\/finanedi.es\/blog\/que-hacer-si-tu-software-de-facturacion-no-es-compatible-con-verifactu\/\"><img decoding=\"async\" width=\"330\" height=\"250\" src=\"https:\/\/finanedi.es\/blog\/contenido\/uploads\/2025\/07\/Que-hacer-si-tu-software-de-facturacion-no-es-compatible-con-VeriFactu-330x250.jpg\" class=\"attachment-katen-thumb-list size-katen-thumb-list wp-post-image\" alt=\"Qu\u00e9 hacer si tu software de facturaci\u00f3n no es compatible con VeriFactu\" \/><\/a><\/div><\/div>  \n\n\t\t\t\t\t\t<div class=\"details clearfix\">\n\t\t\t\t\t\t\t<ul class=\"meta list-inline mb-3\">\n\t\t\t\t\t\t\t\t<li class=\"list-inline-item\"><a href=\"https:\/\/finanedi.es\/blog\/category\/facturacion\/\">Facturaci\u00f3n<\/a><\/li>\t\t\t\t\t\t\t<\/ul>\n\t\t\t\t\t\t\t<h5 class=\"post-title\"><a href=\"https:\/\/finanedi.es\/blog\/que-hacer-si-tu-software-de-facturacion-no-es-compatible-con-verifactu\/\">Qu\u00e9 hacer si tu software de facturaci\u00f3n no es compatible con VeriFactu<\/a><\/h5>\n\t\t\t\t\t\t\t<p class=\"excerpt mb-0\">\n\t\t\t\t\t\t\t\tLa llegada de VeriFactu ha supuesto un cambio profundo en la forma en la que&hellip;\t\t\t\t\t\t\t<\/p>\n\t\t\t\t\t\t\t<div class=\"post-bottom clearfix d-flex align-items-center\">\n\t\t\t\t\t\t\t\t\t\t\t\t\t\t\t\t\t\t\t\t\t\t\t<\/div>\n\t\t\t\t\t\t<\/div>\n\t\t\t\t\t<\/div>\n\t\t\t\t<\/div>\n\n\t\t\t\n\t\t\t\t<div class=\"col-md-12 col-sm-6 post-list-item post-item\">\n\t\t\t\t\t<!-- post -->\n\t\t\t\t\t<div class=\"post post-list clearfix\">\n\n\t\t\t\t\t\t<div class=\"thumb rounded\"><div class=\"inner\"><a href=\"https:\/\/finanedi.es\/blog\/facturas-proforma-ordinarias-rectificativas-diferencias\/\"><img loading=\"lazy\" decoding=\"async\" width=\"330\" height=\"250\" src=\"https:\/\/finanedi.es\/blog\/contenido\/uploads\/2025\/02\/Facturas-proforma-ordinarias-y-rectificativas-330x250.jpg\" class=\"attachment-katen-thumb-list size-katen-thumb-list wp-post-image\" alt=\"Diferencias entre factura proforma, ordinaria y rectificativa\" \/><\/a><\/div><\/div>  \n\n\t\t\t\t\t\t<div class=\"details clearfix\">\n\t\t\t\t\t\t\t<ul class=\"meta list-inline mb-3\">\n\t\t\t\t\t\t\t\t<li class=\"list-inline-item\"><a href=\"https:\/\/finanedi.es\/blog\/category\/facturacion\/\">Facturaci\u00f3n<\/a><\/li>\t\t\t\t\t\t\t<\/ul>\n\t\t\t\t\t\t\t<h5 class=\"post-title\"><a href=\"https:\/\/finanedi.es\/blog\/facturas-proforma-ordinarias-rectificativas-diferencias\/\">Facturas proforma, ordinarias y rectificativas: Diferencias y cu\u00e1ndo usarlas<\/a><\/h5>\n\t\t\t\t\t\t\t<p class=\"excerpt mb-0\">\n\t\t\t\t\t\t\t\tEl correcto manejo de la facturaci\u00f3n es una pieza clave en la gesti\u00f3n empresarial. Emitir&hellip;\t\t\t\t\t\t\t<\/p>\n\t\t\t\t\t\t\t<div class=\"post-bottom clearfix d-flex align-items-center\">\n\t\t\t\t\t\t\t\t\t\t\t\t\t\t\t\t\t\t\t\t\t\t\t<\/div>\n\t\t\t\t\t\t<\/div>\n\t\t\t\t\t<\/div>\n\t\t\t\t<\/div>\n\n\t\t\t\n\t\t\t\t<div class=\"col-md-12 col-sm-6 post-list-item post-item\">\n\t\t\t\t\t<!-- post -->\n\t\t\t\t\t<div class=\"post post-list clearfix\">\n\n\t\t\t\t\t\t<div class=\"thumb rounded\"><div class=\"inner\"><a href=\"https:\/\/finanedi.es\/blog\/cual-es-la-sancion-por-no-emitir-factura-electronica\/\"><img loading=\"lazy\" decoding=\"async\" width=\"330\" height=\"250\" src=\"https:\/\/finanedi.es\/blog\/contenido\/uploads\/2025\/09\/Cual-es-la-sancion-por-no-emitir-factura-electronica-330x250.jpg\" class=\"attachment-katen-thumb-list size-katen-thumb-list wp-post-image\" alt=\"\u00bfCu\u00e1l es la sanci\u00f3n por no emitir factura electr\u00f3nica?\" \/><\/a><\/div><\/div>  \n\n\t\t\t\t\t\t<div class=\"details clearfix\">\n\t\t\t\t\t\t\t<ul class=\"meta list-inline mb-3\">\n\t\t\t\t\t\t\t\t<li class=\"list-inline-item\"><a href=\"https:\/\/finanedi.es\/blog\/category\/facturacion\/\">Facturaci\u00f3n<\/a><\/li>\t\t\t\t\t\t\t<\/ul>\n\t\t\t\t\t\t\t<h5 class=\"post-title\"><a href=\"https:\/\/finanedi.es\/blog\/cual-es-la-sancion-por-no-emitir-factura-electronica\/\">\u00bfCu\u00e1l es la sanci\u00f3n por no emitir factura electr\u00f3nica?<\/a><\/h5>\n\t\t\t\t\t\t\t<p class=\"excerpt mb-0\">\n\t\t\t\t\t\t\t\tLa facturaci\u00f3n electr\u00f3nica en Espa\u00f1a ya no es una opci\u00f3n: es una obligaci\u00f3n legal para&hellip;\t\t\t\t\t\t\t<\/p>\n\t\t\t\t\t\t\t<div class=\"post-bottom clearfix d-flex align-items-center\">\n\t\t\t\t\t\t\t\t\t\t\t\t\t\t\t\t\t\t\t\t\t\t\t<\/div>\n\t\t\t\t\t\t<\/div>\n\t\t\t\t\t<\/div>\n\t\t\t\t<\/div>\n\n\t\t\t\n\t\t\t<\/div>\n\n\t\t<\/div>\n\t\t\n        \t\t\t\t<\/div>\n\t\t\t\t<\/div>\n\t\t\t\t<\/div>\n\t\t\t\t\t<\/div>\n\t\t\t\t<\/div>\n\t\t\t\t<\/div>\n\t\t","protected":false},"excerpt":{"rendered":"<p>En cumplimiento con la normativa de Bizkaia, la Diputaci\u00f3n Foral de Bizkaia ha desarrollado \u00abHaz tu Factura\u00bb, una herramienta que ofrece a los contribuyentes vizca\u00ednos una alternativa accesible para cumplir con los requisitos de TicketBAI sin necesidad de recurrir a soluciones del mercado privado. Esta aplicaci\u00f3n sencilla est\u00e1 dise\u00f1ada para complementar, no reemplazar, las diversas aplicaciones de facturaci\u00f3n ya disponibles, facilitando el cumplimiento fiscal de manera eficiente.<\/p>\n","protected":false},"author":3,"featured_media":6897,"comment_status":"closed","ping_status":"open","sticky":false,"template":"","format":"standard","meta":{"_monsterinsights_skip_tracking":false,"_monsterinsights_sitenote_active":false,"_monsterinsights_sitenote_note":"","_monsterinsights_sitenote_category":0,"footnotes":""},"categories":[4],"tags":[],"class_list":["post-6885","post","type-post","status-publish","format-standard","has-post-thumbnail","hentry","category-facturacion"],"yoast_head":"<!-- This site is optimized with the Yoast SEO plugin v26.2 - https:\/\/yoast.com\/wordpress\/plugins\/seo\/ -->\n<title>Haz tu factura: Aplicaci\u00f3n de facturaci\u00f3n para aut\u00f3nomos y pymes en Bizkaia<\/title>\n<meta name=\"description\" content=\"Descubre c\u00f3mo Haz tu Factura simplifica la gesti\u00f3n financiera y asegura el cumplimiento fiscal para aut\u00f3nomos y pymes en Bizkaia.\" \/>\n<meta name=\"robots\" content=\"index, follow, max-snippet:-1, max-image-preview:large, max-video-preview:-1\" \/>\n<link rel=\"canonical\" href=\"https:\/\/finanedi.es\/blog\/haz-tu-factura-aplicacion-de-facturacion\/\" \/>\n<meta property=\"og:locale\" content=\"es_ES\" \/>\n<meta property=\"og:type\" content=\"article\" \/>\n<meta property=\"og:title\" content=\"Haz tu factura: Aplicaci\u00f3n de facturaci\u00f3n para aut\u00f3nomos y pymes en Bizkaia\" \/>\n<meta property=\"og:description\" content=\"Descubre c\u00f3mo Haz tu Factura simplifica la gesti\u00f3n financiera y asegura el cumplimiento fiscal para aut\u00f3nomos y pymes en Bizkaia.\" \/>\n<meta property=\"og:url\" content=\"https:\/\/finanedi.es\/blog\/haz-tu-factura-aplicacion-de-facturacion\/\" \/>\n<meta property=\"og:site_name\" content=\"Blog para pymes y aut\u00f3nomos - FinanEDI\" \/>\n<meta property=\"article:published_time\" content=\"2024-11-13T09:45:07+00:00\" \/>\n<meta property=\"article:modified_time\" content=\"2025-01-08T14:56:35+00:00\" \/>\n<meta property=\"og:image\" content=\"https:\/\/finanedi.es\/blog\/contenido\/uploads\/2024\/11\/Haz-tu-factura-Aplicacion-de-facturacion.jpg\" \/>\n\t<meta property=\"og:image:width\" content=\"2000\" \/>\n\t<meta property=\"og:image:height\" content=\"1125\" \/>\n\t<meta property=\"og:image:type\" content=\"image\/jpeg\" \/>\n<meta name=\"author\" content=\"restevez\" \/>\n<meta name=\"twitter:card\" content=\"summary_large_image\" \/>\n<meta name=\"twitter:label1\" content=\"Escrito por\" \/>\n\t<meta name=\"twitter:data1\" content=\"restevez\" \/>\n\t<meta name=\"twitter:label2\" content=\"Tiempo de lectura\" \/>\n\t<meta name=\"twitter:data2\" content=\"6 minutos\" \/>\n<script type=\"application\/ld+json\" class=\"yoast-schema-graph\">{\"@context\":\"https:\/\/schema.org\",\"@graph\":[{\"@type\":\"Article\",\"@id\":\"https:\/\/finanedi.es\/blog\/haz-tu-factura-aplicacion-de-facturacion\/#article\",\"isPartOf\":{\"@id\":\"https:\/\/finanedi.es\/blog\/haz-tu-factura-aplicacion-de-facturacion\/\"},\"author\":{\"name\":\"restevez\",\"@id\":\"https:\/\/finanedi.es\/blog\/#\/schema\/person\/233ed58195d34f36f74f13ba1030ebd8\"},\"headline\":\"Haz tu factura: Aplicaci\u00f3n de facturaci\u00f3n\",\"datePublished\":\"2024-11-13T09:45:07+00:00\",\"dateModified\":\"2025-01-08T14:56:35+00:00\",\"mainEntityOfPage\":{\"@id\":\"https:\/\/finanedi.es\/blog\/haz-tu-factura-aplicacion-de-facturacion\/\"},\"wordCount\":998,\"publisher\":{\"@id\":\"https:\/\/finanedi.es\/blog\/#organization\"},\"image\":{\"@id\":\"https:\/\/finanedi.es\/blog\/haz-tu-factura-aplicacion-de-facturacion\/#primaryimage\"},\"thumbnailUrl\":\"https:\/\/finanedi.es\/blog\/contenido\/uploads\/2024\/11\/Haz-tu-factura-Aplicacion-de-facturacion.jpg\",\"articleSection\":[\"Facturaci\u00f3n\"],\"inLanguage\":\"es\"},{\"@type\":\"WebPage\",\"@id\":\"https:\/\/finanedi.es\/blog\/haz-tu-factura-aplicacion-de-facturacion\/\",\"url\":\"https:\/\/finanedi.es\/blog\/haz-tu-factura-aplicacion-de-facturacion\/\",\"name\":\"Haz tu factura: Aplicaci\u00f3n de facturaci\u00f3n para aut\u00f3nomos y pymes en Bizkaia\",\"isPartOf\":{\"@id\":\"https:\/\/finanedi.es\/blog\/#website\"},\"primaryImageOfPage\":{\"@id\":\"https:\/\/finanedi.es\/blog\/haz-tu-factura-aplicacion-de-facturacion\/#primaryimage\"},\"image\":{\"@id\":\"https:\/\/finanedi.es\/blog\/haz-tu-factura-aplicacion-de-facturacion\/#primaryimage\"},\"thumbnailUrl\":\"https:\/\/finanedi.es\/blog\/contenido\/uploads\/2024\/11\/Haz-tu-factura-Aplicacion-de-facturacion.jpg\",\"datePublished\":\"2024-11-13T09:45:07+00:00\",\"dateModified\":\"2025-01-08T14:56:35+00:00\",\"description\":\"Descubre c\u00f3mo Haz tu Factura simplifica la gesti\u00f3n financiera y asegura el cumplimiento fiscal para aut\u00f3nomos y pymes en Bizkaia.\",\"breadcrumb\":{\"@id\":\"https:\/\/finanedi.es\/blog\/haz-tu-factura-aplicacion-de-facturacion\/#breadcrumb\"},\"inLanguage\":\"es\",\"potentialAction\":[{\"@type\":\"ReadAction\",\"target\":[\"https:\/\/finanedi.es\/blog\/haz-tu-factura-aplicacion-de-facturacion\/\"]}]},{\"@type\":\"ImageObject\",\"inLanguage\":\"es\",\"@id\":\"https:\/\/finanedi.es\/blog\/haz-tu-factura-aplicacion-de-facturacion\/#primaryimage\",\"url\":\"https:\/\/finanedi.es\/blog\/contenido\/uploads\/2024\/11\/Haz-tu-factura-Aplicacion-de-facturacion.jpg\",\"contentUrl\":\"https:\/\/finanedi.es\/blog\/contenido\/uploads\/2024\/11\/Haz-tu-factura-Aplicacion-de-facturacion.jpg\",\"width\":2000,\"height\":1125,\"caption\":\"Haz tu factura Aplicaci\u00f3n de facturaci\u00f3n\"},{\"@type\":\"BreadcrumbList\",\"@id\":\"https:\/\/finanedi.es\/blog\/haz-tu-factura-aplicacion-de-facturacion\/#breadcrumb\",\"itemListElement\":[{\"@type\":\"ListItem\",\"position\":1,\"name\":\"Home\",\"item\":\"https:\/\/finanedi.es\/blog\/\"},{\"@type\":\"ListItem\",\"position\":2,\"name\":\"Haz tu factura: Aplicaci\u00f3n de facturaci\u00f3n\"}]},{\"@type\":\"WebSite\",\"@id\":\"https:\/\/finanedi.es\/blog\/#website\",\"url\":\"https:\/\/finanedi.es\/blog\/\",\"name\":\"Blog para pymes y aut\u00f3nomos - FinanEDI\",\"description\":\"Blog para aut\u00f3nomos y PYMES, sobre temas como facturaci\u00f3n, contabilidad, tecnolog\u00eda.\",\"publisher\":{\"@id\":\"https:\/\/finanedi.es\/blog\/#organization\"},\"potentialAction\":[{\"@type\":\"SearchAction\",\"target\":{\"@type\":\"EntryPoint\",\"urlTemplate\":\"https:\/\/finanedi.es\/blog\/?s={search_term_string}\"},\"query-input\":{\"@type\":\"PropertyValueSpecification\",\"valueRequired\":true,\"valueName\":\"search_term_string\"}}],\"inLanguage\":\"es\"},{\"@type\":\"Organization\",\"@id\":\"https:\/\/finanedi.es\/blog\/#organization\",\"name\":\"Blog para pymes y aut\u00f3nomos - FinanEDI\",\"url\":\"https:\/\/finanedi.es\/blog\/\",\"logo\":{\"@type\":\"ImageObject\",\"inLanguage\":\"es\",\"@id\":\"https:\/\/finanedi.es\/blog\/#\/schema\/logo\/image\/\",\"url\":\"https:\/\/finanedi.es\/blog\/contenido\/uploads\/2024\/02\/FinanEdiAzul1.svg\",\"contentUrl\":\"https:\/\/finanedi.es\/blog\/contenido\/uploads\/2024\/02\/FinanEdiAzul1.svg\",\"width\":142,\"height\":36,\"caption\":\"Blog para pymes y aut\u00f3nomos - FinanEDI\"},\"image\":{\"@id\":\"https:\/\/finanedi.es\/blog\/#\/schema\/logo\/image\/\"}},{\"@type\":\"Person\",\"@id\":\"https:\/\/finanedi.es\/blog\/#\/schema\/person\/233ed58195d34f36f74f13ba1030ebd8\",\"name\":\"restevez\",\"image\":{\"@type\":\"ImageObject\",\"inLanguage\":\"es\",\"@id\":\"https:\/\/finanedi.es\/blog\/#\/schema\/person\/image\/\",\"url\":\"https:\/\/secure.gravatar.com\/avatar\/6c4880db9746e4aa887a98e0ebf657788804dc4280120ef10331a2e6ebb4a9a0?s=96&d=mm&r=g\",\"contentUrl\":\"https:\/\/secure.gravatar.com\/avatar\/6c4880db9746e4aa887a98e0ebf657788804dc4280120ef10331a2e6ebb4a9a0?s=96&d=mm&r=g\",\"caption\":\"restevez\"},\"url\":\"https:\/\/finanedi.es\/blog\/author\/restevez\/\"}]}<\/script>\n<!-- \/ Yoast SEO plugin. -->","yoast_head_json":{"title":"Haz tu factura: Aplicaci\u00f3n de facturaci\u00f3n para aut\u00f3nomos y pymes en Bizkaia","description":"Descubre c\u00f3mo Haz tu Factura simplifica la gesti\u00f3n financiera y asegura el cumplimiento fiscal para aut\u00f3nomos y pymes en Bizkaia.","robots":{"index":"index","follow":"follow","max-snippet":"max-snippet:-1","max-image-preview":"max-image-preview:large","max-video-preview":"max-video-preview:-1"},"canonical":"https:\/\/finanedi.es\/blog\/haz-tu-factura-aplicacion-de-facturacion\/","og_locale":"es_ES","og_type":"article","og_title":"Haz tu factura: Aplicaci\u00f3n de facturaci\u00f3n para aut\u00f3nomos y pymes en Bizkaia","og_description":"Descubre c\u00f3mo Haz tu Factura simplifica la gesti\u00f3n financiera y asegura el cumplimiento fiscal para aut\u00f3nomos y pymes en Bizkaia.","og_url":"https:\/\/finanedi.es\/blog\/haz-tu-factura-aplicacion-de-facturacion\/","og_site_name":"Blog para pymes y aut\u00f3nomos - FinanEDI","article_published_time":"2024-11-13T09:45:07+00:00","article_modified_time":"2025-01-08T14:56:35+00:00","og_image":[{"width":2000,"height":1125,"url":"https:\/\/finanedi.es\/blog\/contenido\/uploads\/2024\/11\/Haz-tu-factura-Aplicacion-de-facturacion.jpg","type":"image\/jpeg"}],"author":"restevez","twitter_card":"summary_large_image","twitter_misc":{"Escrito por":"restevez","Tiempo de lectura":"6 minutos"},"schema":{"@context":"https:\/\/schema.org","@graph":[{"@type":"Article","@id":"https:\/\/finanedi.es\/blog\/haz-tu-factura-aplicacion-de-facturacion\/#article","isPartOf":{"@id":"https:\/\/finanedi.es\/blog\/haz-tu-factura-aplicacion-de-facturacion\/"},"author":{"name":"restevez","@id":"https:\/\/finanedi.es\/blog\/#\/schema\/person\/233ed58195d34f36f74f13ba1030ebd8"},"headline":"Haz tu factura: Aplicaci\u00f3n de facturaci\u00f3n","datePublished":"2024-11-13T09:45:07+00:00","dateModified":"2025-01-08T14:56:35+00:00","mainEntityOfPage":{"@id":"https:\/\/finanedi.es\/blog\/haz-tu-factura-aplicacion-de-facturacion\/"},"wordCount":998,"publisher":{"@id":"https:\/\/finanedi.es\/blog\/#organization"},"image":{"@id":"https:\/\/finanedi.es\/blog\/haz-tu-factura-aplicacion-de-facturacion\/#primaryimage"},"thumbnailUrl":"https:\/\/finanedi.es\/blog\/contenido\/uploads\/2024\/11\/Haz-tu-factura-Aplicacion-de-facturacion.jpg","articleSection":["Facturaci\u00f3n"],"inLanguage":"es"},{"@type":"WebPage","@id":"https:\/\/finanedi.es\/blog\/haz-tu-factura-aplicacion-de-facturacion\/","url":"https:\/\/finanedi.es\/blog\/haz-tu-factura-aplicacion-de-facturacion\/","name":"Haz tu factura: Aplicaci\u00f3n de facturaci\u00f3n para aut\u00f3nomos y pymes en Bizkaia","isPartOf":{"@id":"https:\/\/finanedi.es\/blog\/#website"},"primaryImageOfPage":{"@id":"https:\/\/finanedi.es\/blog\/haz-tu-factura-aplicacion-de-facturacion\/#primaryimage"},"image":{"@id":"https:\/\/finanedi.es\/blog\/haz-tu-factura-aplicacion-de-facturacion\/#primaryimage"},"thumbnailUrl":"https:\/\/finanedi.es\/blog\/contenido\/uploads\/2024\/11\/Haz-tu-factura-Aplicacion-de-facturacion.jpg","datePublished":"2024-11-13T09:45:07+00:00","dateModified":"2025-01-08T14:56:35+00:00","description":"Descubre c\u00f3mo Haz tu Factura simplifica la gesti\u00f3n financiera y asegura el cumplimiento fiscal para aut\u00f3nomos y pymes en Bizkaia.","breadcrumb":{"@id":"https:\/\/finanedi.es\/blog\/haz-tu-factura-aplicacion-de-facturacion\/#breadcrumb"},"inLanguage":"es","potentialAction":[{"@type":"ReadAction","target":["https:\/\/finanedi.es\/blog\/haz-tu-factura-aplicacion-de-facturacion\/"]}]},{"@type":"ImageObject","inLanguage":"es","@id":"https:\/\/finanedi.es\/blog\/haz-tu-factura-aplicacion-de-facturacion\/#primaryimage","url":"https:\/\/finanedi.es\/blog\/contenido\/uploads\/2024\/11\/Haz-tu-factura-Aplicacion-de-facturacion.jpg","contentUrl":"https:\/\/finanedi.es\/blog\/contenido\/uploads\/2024\/11\/Haz-tu-factura-Aplicacion-de-facturacion.jpg","width":2000,"height":1125,"caption":"Haz tu factura Aplicaci\u00f3n de facturaci\u00f3n"},{"@type":"BreadcrumbList","@id":"https:\/\/finanedi.es\/blog\/haz-tu-factura-aplicacion-de-facturacion\/#breadcrumb","itemListElement":[{"@type":"ListItem","position":1,"name":"Home","item":"https:\/\/finanedi.es\/blog\/"},{"@type":"ListItem","position":2,"name":"Haz tu factura: Aplicaci\u00f3n de facturaci\u00f3n"}]},{"@type":"WebSite","@id":"https:\/\/finanedi.es\/blog\/#website","url":"https:\/\/finanedi.es\/blog\/","name":"Blog para pymes y aut\u00f3nomos - FinanEDI","description":"Blog para aut\u00f3nomos y PYMES, sobre temas como facturaci\u00f3n, contabilidad, tecnolog\u00eda.","publisher":{"@id":"https:\/\/finanedi.es\/blog\/#organization"},"potentialAction":[{"@type":"SearchAction","target":{"@type":"EntryPoint","urlTemplate":"https:\/\/finanedi.es\/blog\/?s={search_term_string}"},"query-input":{"@type":"PropertyValueSpecification","valueRequired":true,"valueName":"search_term_string"}}],"inLanguage":"es"},{"@type":"Organization","@id":"https:\/\/finanedi.es\/blog\/#organization","name":"Blog para pymes y aut\u00f3nomos - FinanEDI","url":"https:\/\/finanedi.es\/blog\/","logo":{"@type":"ImageObject","inLanguage":"es","@id":"https:\/\/finanedi.es\/blog\/#\/schema\/logo\/image\/","url":"https:\/\/finanedi.es\/blog\/contenido\/uploads\/2024\/02\/FinanEdiAzul1.svg","contentUrl":"https:\/\/finanedi.es\/blog\/contenido\/uploads\/2024\/02\/FinanEdiAzul1.svg","width":142,"height":36,"caption":"Blog para pymes y aut\u00f3nomos - FinanEDI"},"image":{"@id":"https:\/\/finanedi.es\/blog\/#\/schema\/logo\/image\/"}},{"@type":"Person","@id":"https:\/\/finanedi.es\/blog\/#\/schema\/person\/233ed58195d34f36f74f13ba1030ebd8","name":"restevez","image":{"@type":"ImageObject","inLanguage":"es","@id":"https:\/\/finanedi.es\/blog\/#\/schema\/person\/image\/","url":"https:\/\/secure.gravatar.com\/avatar\/6c4880db9746e4aa887a98e0ebf657788804dc4280120ef10331a2e6ebb4a9a0?s=96&d=mm&r=g","contentUrl":"https:\/\/secure.gravatar.com\/avatar\/6c4880db9746e4aa887a98e0ebf657788804dc4280120ef10331a2e6ebb4a9a0?s=96&d=mm&r=g","caption":"restevez"},"url":"https:\/\/finanedi.es\/blog\/author\/restevez\/"}]}},"_links":{"self":[{"href":"https:\/\/finanedi.es\/blog\/wp-json\/wp\/v2\/posts\/6885","targetHints":{"allow":["GET"]}}],"collection":[{"href":"https:\/\/finanedi.es\/blog\/wp-json\/wp\/v2\/posts"}],"about":[{"href":"https:\/\/finanedi.es\/blog\/wp-json\/wp\/v2\/types\/post"}],"author":[{"embeddable":true,"href":"https:\/\/finanedi.es\/blog\/wp-json\/wp\/v2\/users\/3"}],"replies":[{"embeddable":true,"href":"https:\/\/finanedi.es\/blog\/wp-json\/wp\/v2\/comments?post=6885"}],"version-history":[{"count":20,"href":"https:\/\/finanedi.es\/blog\/wp-json\/wp\/v2\/posts\/6885\/revisions"}],"predecessor-version":[{"id":8337,"href":"https:\/\/finanedi.es\/blog\/wp-json\/wp\/v2\/posts\/6885\/revisions\/8337"}],"wp:featuredmedia":[{"embeddable":true,"href":"https:\/\/finanedi.es\/blog\/wp-json\/wp\/v2\/media\/6897"}],"wp:attachment":[{"href":"https:\/\/finanedi.es\/blog\/wp-json\/wp\/v2\/media?parent=6885"}],"wp:term":[{"taxonomy":"category","embeddable":true,"href":"https:\/\/finanedi.es\/blog\/wp-json\/wp\/v2\/categories?post=6885"},{"taxonomy":"post_tag","embeddable":true,"href":"https:\/\/finanedi.es\/blog\/wp-json\/wp\/v2\/tags?post=6885"}],"curies":[{"name":"wp","href":"https:\/\/api.w.org\/{rel}","templated":true}]}}