{"id":7681,"date":"2024-12-31T09:26:32","date_gmt":"2024-12-31T08:26:32","guid":{"rendered":"https:\/\/finanedi.es\/blog\/?p=7681"},"modified":"2024-12-20T08:07:21","modified_gmt":"2024-12-20T07:07:21","slug":"modelo-420-impuesto-general-indirecto-canario","status":"publish","type":"post","link":"https:\/\/finanedi.es\/blog\/modelo-420-impuesto-general-indirecto-canario\/","title":{"rendered":"Modelo 420: Impuesto General Indirecto Canario"},"content":{"rendered":"\t\t<div data-elementor-type=\"wp-post\" data-elementor-id=\"7681\" class=\"elementor elementor-7681\">\n\t\t\t\t<div class=\"elementor-element elementor-element-fb85b49 e-flex e-con-boxed e-con e-parent\" data-id=\"fb85b49\" data-element_type=\"container\">\n\t\t\t\t\t<div class=\"e-con-inner\">\n\t\t\t\t<div class=\"elementor-element elementor-element-f315529 elementor-widget elementor-widget-text-editor\" data-id=\"f315529\" data-element_type=\"widget\" data-widget_type=\"text-editor.default\">\n\t\t\t\t<div class=\"elementor-widget-container\">\n\t\t\t\t\t\t\t\t\t<p>El <strong>Modelo 420<\/strong> es un instrumento esencial para las empresas y aut\u00f3nomos que <strong>operan en las Islas Canarias<\/strong>. Este modelo se utiliza para declarar y liquidar el <strong>Impuesto General Indirecto Canario (IGIC)<\/strong>, una figura impositiva similar al IVA en el resto de Espa\u00f1a.<\/p>\t\t\t\t\t\t\t\t<\/div>\n\t\t\t\t<\/div>\n\t\t\t\t\t<\/div>\n\t\t\t\t<\/div>\n\t\t<div class=\"elementor-element elementor-element-8fcfe2f e-flex e-con-boxed e-con e-parent\" data-id=\"8fcfe2f\" data-element_type=\"container\">\n\t\t\t\t\t<div class=\"e-con-inner\">\n\t\t\t\t<div class=\"elementor-element elementor-element-db2f62a elementor-widget elementor-widget-heading\" data-id=\"db2f62a\" data-element_type=\"widget\" data-widget_type=\"heading.default\">\n\t\t\t\t<div class=\"elementor-widget-container\">\n\t\t\t\t\t<h2 class=\"elementor-heading-title elementor-size-default\">\u00bfQu\u00e9 es el Modelo 420?<\/h2>\t\t\t\t<\/div>\n\t\t\t\t<\/div>\n\t\t\t\t\t<\/div>\n\t\t\t\t<\/div>\n\t\t<div class=\"elementor-element elementor-element-0680c98 e-flex e-con-boxed e-con e-parent\" data-id=\"0680c98\" data-element_type=\"container\">\n\t\t\t\t\t<div class=\"e-con-inner\">\n\t\t\t\t<div class=\"elementor-element elementor-element-a30be7c elementor-widget elementor-widget-text-editor\" data-id=\"a30be7c\" data-element_type=\"widget\" data-widget_type=\"text-editor.default\">\n\t\t\t\t<div class=\"elementor-widget-container\">\n\t\t\t\t\t\t\t\t\t<p>El <strong>Modelo 420<\/strong> es una declaraci\u00f3n tributaria que deben presentar los <strong>sujetos pasivos del IGIC en las Islas Canarias<\/strong>. Este impuesto grava las entregas de bienes y prestaciones de servicios realizadas por empresarios y profesionales en el \u00e1mbito territorial de Canarias. El Modelo 420 se utiliza para <strong>autoliquidar el IGIC<\/strong>, permitiendo a las empresas declarar tanto el impuesto repercutido a sus clientes como el soportado en sus adquisiciones.<\/p>\t\t\t\t\t\t\t\t<\/div>\n\t\t\t\t<\/div>\n\t\t\t\t\t<\/div>\n\t\t\t\t<\/div>\n\t\t<div class=\"elementor-element elementor-element-163693e e-flex e-con-boxed e-con e-parent\" data-id=\"163693e\" data-element_type=\"container\">\n\t\t\t\t\t<div class=\"e-con-inner\">\n\t\t\t\t<div class=\"elementor-element elementor-element-d6392b5 elementor-widget elementor-widget-heading\" data-id=\"d6392b5\" data-element_type=\"widget\" data-widget_type=\"heading.default\">\n\t\t\t\t<div class=\"elementor-widget-container\">\n\t\t\t\t\t<h3 class=\"elementor-heading-title elementor-size-default\">\u00bfQui\u00e9nes est\u00e1n obligados a presentar el Modelo 420?<\/h3>\t\t\t\t<\/div>\n\t\t\t\t<\/div>\n\t\t\t\t\t<\/div>\n\t\t\t\t<\/div>\n\t\t<div class=\"elementor-element elementor-element-35af5fc e-flex e-con-boxed e-con e-parent\" data-id=\"35af5fc\" data-element_type=\"container\">\n\t\t\t\t\t<div class=\"e-con-inner\">\n\t\t\t\t<div class=\"elementor-element elementor-element-c7d32f6 elementor-widget elementor-widget-text-editor\" data-id=\"c7d32f6\" data-element_type=\"widget\" data-widget_type=\"text-editor.default\">\n\t\t\t\t<div class=\"elementor-widget-container\">\n\t\t\t\t\t\t\t\t\t<p>El <strong>Modelo 420<\/strong> debe ser presentado por todos los <strong>empresarios y profesionales que realicen operaciones sujetas al IGIC en Canarias<\/strong>. Esto incluye tanto a las empresas locales como a aquellas que, aunque no est\u00e9n establecidas en Canarias, realicen ventas o servicios en esta regi\u00f3n. Adem\u00e1s, los contribuyentes que realicen operaciones intracomunitarias de bienes o servicios tambi\u00e9n deben presentar este modelo.<\/p>\t\t\t\t\t\t\t\t<\/div>\n\t\t\t\t<\/div>\n\t\t\t\t\t<\/div>\n\t\t\t\t<\/div>\n\t\t<div class=\"elementor-element elementor-element-bea0567 e-flex e-con-boxed e-con e-parent\" data-id=\"bea0567\" data-element_type=\"container\">\n\t\t\t\t\t<div class=\"e-con-inner\">\n\t\t\t\t<div class=\"elementor-element elementor-element-777da88 elementor-widget elementor-widget-heading\" data-id=\"777da88\" data-element_type=\"widget\" data-widget_type=\"heading.default\">\n\t\t\t\t<div class=\"elementor-widget-container\">\n\t\t\t\t\t<h4 class=\"elementor-heading-title elementor-size-default\">Exenciones y casos especiales<\/h4>\t\t\t\t<\/div>\n\t\t\t\t<\/div>\n\t\t\t\t\t<\/div>\n\t\t\t\t<\/div>\n\t\t<div class=\"elementor-element elementor-element-340234d e-flex e-con-boxed e-con e-parent\" data-id=\"340234d\" data-element_type=\"container\">\n\t\t\t\t\t<div class=\"e-con-inner\">\n\t\t\t\t<div class=\"elementor-element elementor-element-2465f84 elementor-widget elementor-widget-text-editor\" data-id=\"2465f84\" data-element_type=\"widget\" data-widget_type=\"text-editor.default\">\n\t\t\t\t<div class=\"elementor-widget-container\">\n\t\t\t\t\t\t\t\t\t<p>Existen ciertas <strong>exenciones y reg\u00edmenes especiales<\/strong> que pueden afectar la obligaci\u00f3n de presentar el Modelo 420. Por ejemplo, los aut\u00f3nomos y peque\u00f1as empresas que operen bajo el r\u00e9gimen simplificado del IGIC pueden tener un tratamiento distinto. Es importante revisar estos casos con detenimiento para asegurar el cumplimiento adecuado de la normativa.<\/p>\t\t\t\t\t\t\t\t<\/div>\n\t\t\t\t<\/div>\n\t\t\t\t\t<\/div>\n\t\t\t\t<\/div>\n\t\t<div class=\"elementor-element elementor-element-02d7a21 e-flex e-con-boxed e-con e-parent\" data-id=\"02d7a21\" data-element_type=\"container\">\n\t\t\t\t\t<div class=\"e-con-inner\">\n\t\t\t\t<div class=\"elementor-element elementor-element-7a8af06 elementor-widget elementor-widget-heading\" data-id=\"7a8af06\" data-element_type=\"widget\" data-widget_type=\"heading.default\">\n\t\t\t\t<div class=\"elementor-widget-container\">\n\t\t\t\t\t<h3 class=\"elementor-heading-title elementor-size-default\">Fechas  para la presentaci\u00f3n del Modelo 420<\/h3>\t\t\t\t<\/div>\n\t\t\t\t<\/div>\n\t\t\t\t\t<\/div>\n\t\t\t\t<\/div>\n\t\t<div class=\"elementor-element elementor-element-b49aeb4 e-flex e-con-boxed e-con e-parent\" data-id=\"b49aeb4\" data-element_type=\"container\">\n\t\t\t\t\t<div class=\"e-con-inner\">\n\t\t\t\t<div class=\"elementor-element elementor-element-e520204 elementor-widget elementor-widget-text-editor\" data-id=\"e520204\" data-element_type=\"widget\" data-widget_type=\"text-editor.default\">\n\t\t\t\t<div class=\"elementor-widget-container\">\n\t\t\t\t\t\t\t\t\t<p>Es crucial respetar las <strong>fechas de presentaci\u00f3n<\/strong> para evitar sanciones y recargos. El <strong>Modelo 420<\/strong> debe presentarse trimestralmente, en los siguientes plazos:<\/p>\t\t\t\t\t\t\t\t<\/div>\n\t\t\t\t<\/div>\n\t\t\t\t\t<\/div>\n\t\t\t\t<\/div>\n\t\t<div class=\"elementor-element elementor-element-463b0742 e-flex e-con-boxed e-con e-parent\" data-id=\"463b0742\" data-element_type=\"container\">\n\t\t\t\t\t<div class=\"e-con-inner\">\n\t\t\t\t<div class=\"elementor-element elementor-element-2930d180 elementor-widget elementor-widget-html\" data-id=\"2930d180\" data-element_type=\"widget\" data-widget_type=\"html.default\">\n\t\t\t\t<div class=\"elementor-widget-container\">\n\t\t\t\t\t    <style>\n        .comparative-table {\n            width: 100%;\n            border-collapse: collapse;\n            font-size: 14px;\n            font-family: 'Arial', sans-serif;\n            text-align: left;\n        }\n\n        .comparative-table thead tr {\n            background-color: #1A2543;\n            color: white;\n            text-align: left;\n        }\n        \n         .comparative-table thead th {\n             color: white;\n         }\n\n        .comparative-table th,\n        .comparative-table td {\n            padding: 12px 15px;\n            border: 1px solid #dddddd;\n        }\n\n        .comparative-table tbody tr {\n            border-bottom: 1px solid #dddddd;\n        }\n\n        .comparative-table tbody tr:nth-of-type(even) {\n            background-color: #FBFCFF;\n        }\n\n        .comparative-table tbody tr:hover {\n            background-color: #F0F4FF;\n        }\n        \n        .bold{\n         font-weight: bold;   \n        }\n\n    <\/style>\n    <title>Fechas para la presentaci\u00f3n del Modelo 420<\/title>\n<\/head>\n<body>\n    <table class=\"comparative-table\">\n        <thead>\n            <tr>\n                <th>Trimestre<\/th>\n                <th>Fecha de entrega<\/th>\n                          <\/tr>\n                          \n        <\/thead>\n        <tbody>\n            <tr>\n                <td class=\"bold\">1\u00ba<\/td>\n                <td>del 1 al 20 de abril<\/td>\n                \n            <\/tr>\n             <tr>\n                <td class=\"bold\">2\u00ba<\/td>\n                <td>del 1 al 20 de julio<\/td>\n               \n            <\/tr>\n              <tr>\n                <td class=\"bold\">3\u00ba<\/td>\n                 <td>del 1 al 20 de octubre<\/td>\n              \n            <\/tr>\n              <tr>\n                <td class=\"bold\">4\u00ba<\/td>\n              <td>del 1 al 30 de enero del a\u00f1o siguiente<\/td>\n            <\/tr>\n             \n        <\/tbody>\n    <\/table>\n<\/body>\n<\/html>\t\t\t\t<\/div>\n\t\t\t\t<\/div>\n\t\t\t\t\t<\/div>\n\t\t\t\t<\/div>\n\t\t<div class=\"elementor-element elementor-element-61fdaa5 e-flex e-con-boxed e-con e-parent\" data-id=\"61fdaa5\" data-element_type=\"container\">\n\t\t\t\t\t<div class=\"e-con-inner\">\n\t\t\t\t<div class=\"elementor-element elementor-element-543c095 elementor-widget elementor-widget-spacer\" data-id=\"543c095\" data-element_type=\"widget\" data-widget_type=\"spacer.default\">\n\t\t\t\t<div class=\"elementor-widget-container\">\n\t\t\t\t\t\t\t<div class=\"elementor-spacer\">\n\t\t\t<div class=\"elementor-spacer-inner\"><\/div>\n\t\t<\/div>\n\t\t\t\t\t\t<\/div>\n\t\t\t\t<\/div>\n\t\t\t\t\t<\/div>\n\t\t\t\t<\/div>\n\t\t<div class=\"elementor-element elementor-element-bcdf495 e-flex e-con-boxed e-con e-parent\" data-id=\"bcdf495\" data-element_type=\"container\">\n\t\t\t\t\t<div class=\"e-con-inner\">\n\t\t\t\t<div class=\"elementor-element elementor-element-a13ca20 elementor-widget elementor-widget-heading\" data-id=\"a13ca20\" data-element_type=\"widget\" data-widget_type=\"heading.default\">\n\t\t\t\t<div class=\"elementor-widget-container\">\n\t\t\t\t\t<h3 class=\"elementor-heading-title elementor-size-default\">\u00bfC\u00f3mo se rellena el Modelo 420?<\/h3>\t\t\t\t<\/div>\n\t\t\t\t<\/div>\n\t\t\t\t<div class=\"elementor-element elementor-element-3f07a48 elementor-widget elementor-widget-text-editor\" data-id=\"3f07a48\" data-element_type=\"widget\" data-widget_type=\"text-editor.default\">\n\t\t\t\t<div class=\"elementor-widget-container\">\n\t\t\t\t\t\t\t\t\t<p>Rellenar el Modelo 420 puede parecer una tarea compleja, pero siguiendo estos pasos, se puede simplificar el proceso:<\/p>\t\t\t\t\t\t\t\t<\/div>\n\t\t\t\t<\/div>\n\t\t\t\t<div class=\"elementor-element elementor-element-065bc91 elementor-widget elementor-widget-heading\" data-id=\"065bc91\" data-element_type=\"widget\" data-widget_type=\"heading.default\">\n\t\t\t\t<div class=\"elementor-widget-container\">\n\t\t\t\t\t<h4 class=\"elementor-heading-title elementor-size-default\">1. Informaci\u00f3n b\u00e1sica<\/h4>\t\t\t\t<\/div>\n\t\t\t\t<\/div>\n\t\t\t\t<div class=\"elementor-element elementor-element-c153df9 elementor-widget elementor-widget-text-editor\" data-id=\"c153df9\" data-element_type=\"widget\" data-widget_type=\"text-editor.default\">\n\t\t\t\t<div class=\"elementor-widget-container\">\n\t\t\t\t\t\t\t\t\t<p>Comienza por completar la informaci\u00f3n b\u00e1sica, como el per\u00edodo impositivo y los datos identificativos de la empresa o aut\u00f3nomo.<\/p>\t\t\t\t\t\t\t\t<\/div>\n\t\t\t\t<\/div>\n\t\t\t\t<div class=\"elementor-element elementor-element-fba1fcf elementor-widget elementor-widget-heading\" data-id=\"fba1fcf\" data-element_type=\"widget\" data-widget_type=\"heading.default\">\n\t\t\t\t<div class=\"elementor-widget-container\">\n\t\t\t\t\t<h4 class=\"elementor-heading-title elementor-size-default\">2. Declaraci\u00f3n de operaciones<\/h4>\t\t\t\t<\/div>\n\t\t\t\t<\/div>\n\t\t\t\t<div class=\"elementor-element elementor-element-93790c0 elementor-widget elementor-widget-text-editor\" data-id=\"93790c0\" data-element_type=\"widget\" data-widget_type=\"text-editor.default\">\n\t\t\t\t<div class=\"elementor-widget-container\">\n\t\t\t\t\t\t\t\t\t<p>En esta secci\u00f3n, se deben declarar todas las operaciones realizadas en el per\u00edodo impositivo. Esto incluye tanto las entregas de bienes y prestaciones de servicios sujetas al IGIC como las adquisiciones intracomunitarias y las importaciones.<\/p>\t\t\t\t\t\t\t\t<\/div>\n\t\t\t\t<\/div>\n\t\t\t\t<div class=\"elementor-element elementor-element-1b578ad elementor-widget elementor-widget-heading\" data-id=\"1b578ad\" data-element_type=\"widget\" data-widget_type=\"heading.default\">\n\t\t\t\t<div class=\"elementor-widget-container\">\n\t\t\t\t\t<h4 class=\"elementor-heading-title elementor-size-default\">3. Liquidaci\u00f3n del impuesto<\/h4>\t\t\t\t<\/div>\n\t\t\t\t<\/div>\n\t\t\t\t<div class=\"elementor-element elementor-element-cb33427 elementor-widget elementor-widget-text-editor\" data-id=\"cb33427\" data-element_type=\"widget\" data-widget_type=\"text-editor.default\">\n\t\t\t\t<div class=\"elementor-widget-container\">\n\t\t\t\t\t\t\t\t\t<p>Calcula la cuota tributaria a pagar, restando el IGIC soportado del IGIC repercutido. En caso de que el resultado sea negativo, puede generarse un saldo a favor del contribuyente.<\/p>\t\t\t\t\t\t\t\t<\/div>\n\t\t\t\t<\/div>\n\t\t\t\t<div class=\"elementor-element elementor-element-fef5353 elementor-widget elementor-widget-heading\" data-id=\"fef5353\" data-element_type=\"widget\" data-widget_type=\"heading.default\">\n\t\t\t\t<div class=\"elementor-widget-container\">\n\t\t\t\t\t<h4 class=\"elementor-heading-title elementor-size-default\">4. Firma y presentaci\u00f3n<\/h4>\t\t\t\t<\/div>\n\t\t\t\t<\/div>\n\t\t\t\t<div class=\"elementor-element elementor-element-1d10b4b elementor-widget elementor-widget-text-editor\" data-id=\"1d10b4b\" data-element_type=\"widget\" data-widget_type=\"text-editor.default\">\n\t\t\t\t<div class=\"elementor-widget-container\">\n\t\t\t\t\t\t\t\t\t<p>Finalmente, revisa toda la informaci\u00f3n para asegurar que est\u00e9 correcta, firma el formulario y pres\u00e9ntalo de manera telem\u00e1tica a trav\u00e9s de la sede electr\u00f3nica de la Agencia Tributaria Canaria.<\/p>\t\t\t\t\t\t\t\t<\/div>\n\t\t\t\t<\/div>\n\t\t\t\t\t<\/div>\n\t\t\t\t<\/div>\n\t\t<div class=\"elementor-element elementor-element-667e490 e-flex e-con-boxed e-con e-parent\" data-id=\"667e490\" data-element_type=\"container\">\n\t\t\t\t\t<div class=\"e-con-inner\">\n\t\t\t\t<div class=\"elementor-element elementor-element-bc3dfb0 elementor-widget elementor-widget-spacer\" data-id=\"bc3dfb0\" data-element_type=\"widget\" data-widget_type=\"spacer.default\">\n\t\t\t\t<div class=\"elementor-widget-container\">\n\t\t\t\t\t\t\t<div class=\"elementor-spacer\">\n\t\t\t<div class=\"elementor-spacer-inner\"><\/div>\n\t\t<\/div>\n\t\t\t\t\t\t<\/div>\n\t\t\t\t<\/div>\n\t\t\t\t\t<\/div>\n\t\t\t\t<\/div>\n\t\t<div class=\"elementor-element elementor-element-53f2818 e-flex e-con-boxed e-con e-parent\" data-id=\"53f2818\" data-element_type=\"container\">\n\t\t\t\t\t<div class=\"e-con-inner\">\n\t\t\t\t<div class=\"elementor-element elementor-element-cce95a3 elementor-widget elementor-widget-heading\" data-id=\"cce95a3\" data-element_type=\"widget\" data-widget_type=\"heading.default\">\n\t\t\t\t<div class=\"elementor-widget-container\">\n\t\t\t\t\t<h3 class=\"elementor-heading-title elementor-size-default\">Consejos pr\u00e1cticos para la gesti\u00f3n del IGIC<\/h3>\t\t\t\t<\/div>\n\t\t\t\t<\/div>\n\t\t\t\t\t<\/div>\n\t\t\t\t<\/div>\n\t\t<div class=\"elementor-element elementor-element-49f7fe5 e-flex e-con-boxed e-con e-parent\" data-id=\"49f7fe5\" data-element_type=\"container\">\n\t\t\t\t\t<div class=\"e-con-inner\">\n\t\t\t\t<div class=\"elementor-element elementor-element-7966100 elementor-widget elementor-widget-text-editor\" data-id=\"7966100\" data-element_type=\"widget\" data-widget_type=\"text-editor.default\">\n\t\t\t\t<div class=\"elementor-widget-container\">\n\t\t\t\t\t\t\t\t\t<p>Para facilitar la gesti\u00f3n del IGIC y la presentaci\u00f3n del Modelo 420, considera los siguientes consejos:<\/p><ul><li><strong>Automatiza el proceso:<\/strong> Utiliza software de contabilidad y facturaci\u00f3n que permita llevar un control automatizado del IGIC repercutido y soportado.<\/li><li><strong>Mant\u00e9n una buena organizaci\u00f3n:<\/strong> Guarda y clasifica todas las facturas y documentos relacionados con el IGIC para facilitar su revisi\u00f3n y declaraci\u00f3n.<\/li><li><strong>Consulta con un asesor fiscal:<\/strong> Ante cualquier duda o situaci\u00f3n particular, es recomendable consultar con un asesor fiscal especializado en normativa canaria.<\/li><\/ul>\t\t\t\t\t\t\t\t<\/div>\n\t\t\t\t<\/div>\n\t\t\t\t\t<\/div>\n\t\t\t\t<\/div>\n\t\t<div class=\"elementor-element elementor-element-9c94363 e-flex e-con-boxed e-con e-parent\" data-id=\"9c94363\" data-element_type=\"container\">\n\t\t\t\t\t<div class=\"e-con-inner\">\n\t\t\t\t<div class=\"elementor-element elementor-element-0e32f77 elementor-widget elementor-widget-spacer\" data-id=\"0e32f77\" data-element_type=\"widget\" data-widget_type=\"spacer.default\">\n\t\t\t\t<div class=\"elementor-widget-container\">\n\t\t\t\t\t\t\t<div class=\"elementor-spacer\">\n\t\t\t<div class=\"elementor-spacer-inner\"><\/div>\n\t\t<\/div>\n\t\t\t\t\t\t<\/div>\n\t\t\t\t<\/div>\n\t\t\t\t\t<\/div>\n\t\t\t\t<\/div>\n\t\t<div class=\"elementor-element elementor-element-3b88a565 e-flex e-con-boxed e-con e-parent\" data-id=\"3b88a565\" data-element_type=\"container\" data-settings=\"{&quot;background_background&quot;:&quot;classic&quot;}\">\n\t\t\t\t\t<div class=\"e-con-inner\">\n\t\t<div class=\"elementor-element elementor-element-4a032265 e-con-full e-flex e-con e-child\" data-id=\"4a032265\" data-element_type=\"container\">\n\t\t<div class=\"elementor-element elementor-element-5e140742 e-flex e-con-boxed e-con e-child\" data-id=\"5e140742\" data-element_type=\"container\">\n\t\t\t\t\t<div class=\"e-con-inner\">\n\t\t\t\t<div class=\"elementor-element elementor-element-75059494 elementor-widget elementor-widget-heading\" data-id=\"75059494\" data-element_type=\"widget\" data-widget_type=\"heading.default\">\n\t\t\t\t<div class=\"elementor-widget-container\">\n\t\t\t\t\t<h3 class=\"elementor-heading-title elementor-size-default\">Herramientas para impulsar<br>tu negocio<\/h3>\t\t\t\t<\/div>\n\t\t\t\t<\/div>\n\t\t\t\t<div class=\"elementor-element elementor-element-65578d34 elementor-widget elementor-widget-text-editor\" data-id=\"65578d34\" data-element_type=\"widget\" data-widget_type=\"text-editor.default\">\n\t\t\t\t<div class=\"elementor-widget-container\">\n\t\t\t\t\t\t\t\t\t<p>FinanEDI es la soluci\u00f3n en la nube gratuita que permite automatizar y optimizar los procesos financieros, contables y administrativos de tu negocio.<\/p>\t\t\t\t\t\t\t\t<\/div>\n\t\t\t\t<\/div>\n\t\t\t\t<div class=\"elementor-element elementor-element-40c75d6d elementor-widget elementor-widget-button\" data-id=\"40c75d6d\" data-element_type=\"widget\" data-widget_type=\"button.default\">\n\t\t\t\t<div class=\"elementor-widget-container\">\n\t\t\t\t\t\t\t\t\t<div class=\"elementor-button-wrapper\">\n\t\t\t\t\t<a class=\"elementor-button elementor-button-link elementor-size-md\" href=\"https:\/\/finanedi.es\/\" target=\"_blank\">\n\t\t\t\t\t\t<span class=\"elementor-button-content-wrapper\">\n\t\t\t\t\t\t\t\t\t<span class=\"elementor-button-text\">Crear cuenta gratis<\/span>\n\t\t\t\t\t<\/span>\n\t\t\t\t\t<\/a>\n\t\t\t\t<\/div>\n\t\t\t\t\t\t\t\t<\/div>\n\t\t\t\t<\/div>\n\t\t\t\t\t<\/div>\n\t\t\t\t<\/div>\n\t\t\t\t<\/div>\n\t\t<div class=\"elementor-element elementor-element-2a8c591d e-con-full e-flex e-con e-child\" data-id=\"2a8c591d\" data-element_type=\"container\">\n\t\t\t\t<div class=\"elementor-element elementor-element-2e929124 elementor-widget elementor-widget-image\" data-id=\"2e929124\" data-element_type=\"widget\" data-widget_type=\"image.default\">\n\t\t\t\t<div class=\"elementor-widget-container\">\n\t\t\t\t\t\t\t\t\t\t\t\t\t\t\t<img fetchpriority=\"high\" decoding=\"async\" width=\"300\" height=\"233\" src=\"https:\/\/finanedi.es\/blog\/contenido\/uploads\/2024\/09\/Dashborad_00115-300x233.png\" class=\"attachment-medium size-medium wp-image-5370\" alt=\"Herramientas para impulsar tu negocio - FinanEDI\" srcset=\"https:\/\/finanedi.es\/blog\/contenido\/uploads\/2024\/09\/Dashborad_00115-300x233.png 300w, https:\/\/finanedi.es\/blog\/contenido\/uploads\/2024\/09\/Dashborad_00115-768x597.png 768w, https:\/\/finanedi.es\/blog\/contenido\/uploads\/2024\/09\/Dashborad_00115.png 900w\" sizes=\"(max-width: 300px) 100vw, 300px\" \/>\t\t\t\t\t\t\t\t\t\t\t\t\t\t\t<\/div>\n\t\t\t\t<\/div>\n\t\t\t\t<\/div>\n\t\t\t\t\t<\/div>\n\t\t\t\t<\/div>\n\t\t<div class=\"elementor-element elementor-element-98b8a0b e-flex e-con-boxed e-con e-parent\" data-id=\"98b8a0b\" data-element_type=\"container\">\n\t\t\t\t\t<div class=\"e-con-inner\">\n\t\t\t\t<div class=\"elementor-element elementor-element-fb5eca8 elementor-widget elementor-widget-spacer\" data-id=\"fb5eca8\" data-element_type=\"widget\" data-widget_type=\"spacer.default\">\n\t\t\t\t<div class=\"elementor-widget-container\">\n\t\t\t\t\t\t\t<div class=\"elementor-spacer\">\n\t\t\t<div class=\"elementor-spacer-inner\"><\/div>\n\t\t<\/div>\n\t\t\t\t\t\t<\/div>\n\t\t\t\t<\/div>\n\t\t\t\t\t<\/div>\n\t\t\t\t<\/div>\n\t\t<div class=\"elementor-element elementor-element-7e627e6 e-flex e-con-boxed e-con e-parent\" data-id=\"7e627e6\" data-element_type=\"container\">\n\t\t\t\t\t<div class=\"e-con-inner\">\n\t\t\t\t<div class=\"elementor-element elementor-element-5f7746b elementor-widget elementor-widget-text-editor\" data-id=\"5f7746b\" data-element_type=\"widget\" data-widget_type=\"text-editor.default\">\n\t\t\t\t<div class=\"elementor-widget-container\">\n\t\t\t\t\t\t\t\t\t<p>El Modelo 420 es una obligaci\u00f3n tributaria crucial para las empresas y aut\u00f3nomos que operan en Canarias. Comprender c\u00f3mo funciona, qui\u00e9nes deben presentarlo y c\u00f3mo rellenarlo correctamente es fundamental para cumplir con la normativa y evitar sanciones.<\/p>\t\t\t\t\t\t\t\t<\/div>\n\t\t\t\t<\/div>\n\t\t\t\t\t<\/div>\n\t\t\t\t<\/div>\n\t\t<div class=\"elementor-element elementor-element-43084907 e-flex e-con-boxed e-con e-parent\" data-id=\"43084907\" data-element_type=\"container\">\n\t\t\t\t\t<div class=\"e-con-inner\">\n\t\t<div class=\"elementor-element elementor-element-c13ef23 e-flex e-con-boxed e-con e-child\" data-id=\"c13ef23\" data-element_type=\"container\">\n\t\t\t\t\t<div class=\"e-con-inner\">\n\t\t\t\t<div class=\"elementor-element elementor-element-354f68b8 elementor-widget elementor-widget-heading\" data-id=\"354f68b8\" data-element_type=\"widget\" data-widget_type=\"heading.default\">\n\t\t\t\t<div class=\"elementor-widget-container\">\n\t\t\t\t\t<h3 class=\"elementor-heading-title elementor-size-default\">Preguntas frecuentes<\/h3>\t\t\t\t<\/div>\n\t\t\t\t<\/div>\n\t\t\t\t\t<\/div>\n\t\t\t\t<\/div>\n\t\t<div class=\"elementor-element elementor-element-5f50cf54 e-flex e-con-boxed e-con e-child\" data-id=\"5f50cf54\" data-element_type=\"container\">\n\t\t\t\t\t<div class=\"e-con-inner\">\n\t\t\t\t<div class=\"elementor-element elementor-element-2efb86f elementor-widget elementor-widget-heading\" data-id=\"2efb86f\" data-element_type=\"widget\" data-widget_type=\"heading.default\">\n\t\t\t\t<div class=\"elementor-widget-container\">\n\t\t\t\t\t<h4 class=\"elementor-heading-title elementor-size-default\">\u00bfQu\u00e9 ocurre si no presento el Modelo 420 a tiempo? <\/h4>\t\t\t\t<\/div>\n\t\t\t\t<\/div>\n\t\t\t\t<div class=\"elementor-element elementor-element-610c28d9 elementor-widget elementor-widget-text-editor\" data-id=\"610c28d9\" data-element_type=\"widget\" data-widget_type=\"text-editor.default\">\n\t\t\t\t<div class=\"elementor-widget-container\">\n\t\t\t\t\t\t\t\t\t<p>No presentar el Modelo 420 dentro del plazo establecido puede conllevar sanciones y recargos. La Agencia Tributaria Canaria puede imponer una multa proporcional al importe del impuesto no declarado o liquidado a tiempo. Es fundamental cumplir con los plazos de presentaci\u00f3n para evitar cargos adicionales y problemas legales.<\/p>\t\t\t\t\t\t\t\t<\/div>\n\t\t\t\t<\/div>\n\t\t\t\t\t<\/div>\n\t\t\t\t<\/div>\n\t\t<div class=\"elementor-element elementor-element-588e051f e-flex e-con-boxed e-con e-child\" data-id=\"588e051f\" data-element_type=\"container\">\n\t\t\t\t\t<div class=\"e-con-inner\">\n\t\t\t\t<div class=\"elementor-element elementor-element-34b53d5e elementor-widget elementor-widget-heading\" data-id=\"34b53d5e\" data-element_type=\"widget\" data-widget_type=\"heading.default\">\n\t\t\t\t<div class=\"elementor-widget-container\">\n\t\t\t\t\t<h4 class=\"elementor-heading-title elementor-size-default\">\u00bfQu\u00e9 pasa si no tengo operaciones sujetas al IGIC en un trimestre? <\/h4>\t\t\t\t<\/div>\n\t\t\t\t<\/div>\n\t\t\t\t<div class=\"elementor-element elementor-element-f93a9ad elementor-widget elementor-widget-text-editor\" data-id=\"f93a9ad\" data-element_type=\"widget\" data-widget_type=\"text-editor.default\">\n\t\t\t\t<div class=\"elementor-widget-container\">\n\t\t\t\t\t\t\t\t\t<p>Si no has realizado ninguna operaci\u00f3n sujeta al IGIC durante un trimestre, debes presentar igualmente el Modelo 420, pero con un saldo cero. En este caso, solo ser\u00e1 necesario declarar que no has tenido operaciones que generar\u00edan el impuesto. Esta presentaci\u00f3n es importante para mantener tu situaci\u00f3n fiscal al d\u00eda.<\/p>\t\t\t\t\t\t\t\t<\/div>\n\t\t\t\t<\/div>\n\t\t\t\t\t<\/div>\n\t\t\t\t<\/div>\n\t\t<div class=\"elementor-element elementor-element-1b072ee4 e-flex e-con-boxed e-con e-child\" data-id=\"1b072ee4\" data-element_type=\"container\">\n\t\t\t\t\t<div class=\"e-con-inner\">\n\t\t\t\t<div class=\"elementor-element elementor-element-7cf3dc7e elementor-widget elementor-widget-heading\" data-id=\"7cf3dc7e\" data-element_type=\"widget\" data-widget_type=\"heading.default\">\n\t\t\t\t<div class=\"elementor-widget-container\">\n\t\t\t\t\t<h4 class=\"elementor-heading-title elementor-size-default\">\u00bfPuedo deducir el IGIC soportado de mis compras?<\/h4>\t\t\t\t<\/div>\n\t\t\t\t<\/div>\n\t\t\t\t<div class=\"elementor-element elementor-element-6da77ecd elementor-widget elementor-widget-text-editor\" data-id=\"6da77ecd\" data-element_type=\"widget\" data-widget_type=\"text-editor.default\">\n\t\t\t\t<div class=\"elementor-widget-container\">\n\t\t\t\t\t\t\t\t\t<p>S\u00ed, puedes deducir el IGIC soportado en las adquisiciones de bienes y servicios, siempre que dichos gastos est\u00e9n directamente relacionados con las actividades de tu empresa. Esto te permite reducir la cantidad de IGIC que tienes que liquidar. Es importante conservar las facturas y documentos que respalden esas compras para poder justificar las deducciones.<\/p>\t\t\t\t\t\t\t\t<\/div>\n\t\t\t\t<\/div>\n\t\t\t\t\t<\/div>\n\t\t\t\t<\/div>\n\t\t<div class=\"elementor-element elementor-element-34aa3b97 e-flex e-con-boxed e-con e-child\" data-id=\"34aa3b97\" data-element_type=\"container\">\n\t\t\t\t\t<div class=\"e-con-inner\">\n\t\t\t\t<div class=\"elementor-element elementor-element-6ff46d11 elementor-widget elementor-widget-heading\" data-id=\"6ff46d11\" data-element_type=\"widget\" data-widget_type=\"heading.default\">\n\t\t\t\t<div class=\"elementor-widget-container\">\n\t\t\t\t\t<h4 class=\"elementor-heading-title elementor-size-default\">\u00bfHay alg\u00fan r\u00e9gimen especial para peque\u00f1as empresas en el Modelo 420?<\/h4>\t\t\t\t<\/div>\n\t\t\t\t<\/div>\n\t\t\t\t<div class=\"elementor-element elementor-element-379ed09a elementor-widget elementor-widget-text-editor\" data-id=\"379ed09a\" data-element_type=\"widget\" data-widget_type=\"text-editor.default\">\n\t\t\t\t<div class=\"elementor-widget-container\">\n\t\t\t\t\t\t\t\t\t<p>S\u00ed, las peque\u00f1as empresas y aut\u00f3nomos que se acojan al r\u00e9gimen simplificado del IGIC pueden tener un tratamiento especial. Este r\u00e9gimen les permite calcular el impuesto de manera m\u00e1s sencilla y con menos carga administrativa. Si tu empresa est\u00e1 en este r\u00e9gimen, aseg\u00farate de cumplir con los requisitos espec\u00edficos para beneficiarte de este beneficio fiscal.<\/p>\t\t\t\t\t\t\t\t<\/div>\n\t\t\t\t<\/div>\n\t\t\t\t\t<\/div>\n\t\t\t\t<\/div>\n\t\t\t\t\t<\/div>\n\t\t\t\t<\/div>\n\t\t<div class=\"elementor-element elementor-element-7ff5da55 e-flex e-con-boxed e-con e-parent\" data-id=\"7ff5da55\" data-element_type=\"container\">\n\t\t\t\t\t<div class=\"e-con-inner\">\n\t\t<div class=\"elementor-element elementor-element-361e1edf e-con-full e-flex e-con e-child\" data-id=\"361e1edf\" data-element_type=\"container\">\n\t\t\t\t<div class=\"elementor-element elementor-element-376b2b06 elementor-widget elementor-widget-spacer\" data-id=\"376b2b06\" data-element_type=\"widget\" data-widget_type=\"spacer.default\">\n\t\t\t\t<div class=\"elementor-widget-container\">\n\t\t\t\t\t\t\t<div class=\"elementor-spacer\">\n\t\t\t<div class=\"elementor-spacer-inner\"><\/div>\n\t\t<\/div>\n\t\t\t\t\t\t<\/div>\n\t\t\t\t<\/div>\n\t\t\t\t<\/div>\n\t\t<div class=\"elementor-element elementor-element-2b9edc1 e-con-full e-flex e-con e-child\" data-id=\"2b9edc1\" data-element_type=\"container\">\n\t\t\t\t<div class=\"elementor-element elementor-element-848ca86 elementor-widget elementor-widget-heading\" data-id=\"848ca86\" data-element_type=\"widget\" data-widget_type=\"heading.default\">\n\t\t\t\t<div class=\"elementor-widget-container\">\n\t\t\t\t\t<h3 class=\"elementor-heading-title elementor-size-default\">No te pierdas...<\/h3>\t\t\t\t<\/div>\n\t\t\t\t<\/div>\n\t\t\t\t<\/div>\n\t\t<div class=\"elementor-element elementor-element-8effa8e e-con-full e-flex e-con e-child\" data-id=\"8effa8e\" data-element_type=\"container\">\n\t\t\t\t<div class=\"elementor-element elementor-element-4e710aec elementor-widget elementor-widget-katen-post-five\" data-id=\"4e710aec\" data-element_type=\"widget\" data-widget_type=\"katen-post-five.default\">\n\t\t\t\t<div class=\"elementor-widget-container\">\n\t\t\t\t\t\t\t<div class=\"padding-30 rounded bordered\">\n\n\t\t\t<div class=\"row infinite-wrapper\">\n\n\t\t\t\n\t\t\t\t<div class=\"col-md-12 col-sm-6 post-list-item post-item\">\n\t\t\t\t\t<!-- post -->\n\t\t\t\t\t<div class=\"post post-list clearfix\">\n\n\t\t\t\t\t\t<div class=\"thumb rounded\"><div class=\"inner\"><a href=\"https:\/\/finanedi.es\/blog\/modelo-202-impuesto-sobre-sociedades-e-impuesto-sobre-la-renta-de-no-residentes\/\"><img decoding=\"async\" width=\"330\" height=\"250\" src=\"https:\/\/finanedi.es\/blog\/contenido\/uploads\/2024\/12\/Modelo-202-330x250.jpg\" class=\"attachment-katen-thumb-list size-katen-thumb-list wp-post-image\" alt=\"Modelo 202. Impuesto sobre Sociedades e Impuesto sobre la Renta de no Residentes\" \/><\/a><\/div><\/div>  \n\n\t\t\t\t\t\t<div class=\"details clearfix\">\n\t\t\t\t\t\t\t<ul class=\"meta list-inline mb-3\">\n\t\t\t\t\t\t\t\t<li class=\"list-inline-item\"><a href=\"https:\/\/finanedi.es\/blog\/category\/contabilidad\/\">Contabilidad<\/a><\/li>\t\t\t\t\t\t\t<\/ul>\n\t\t\t\t\t\t\t<h5 class=\"post-title\"><a href=\"https:\/\/finanedi.es\/blog\/modelo-202-impuesto-sobre-sociedades-e-impuesto-sobre-la-renta-de-no-residentes\/\">Modelo 202. Impuesto sobre Sociedades e Impuesto sobre la Renta de no Residentes<\/a><\/h5>\n\t\t\t\t\t\t\t<p class=\"excerpt mb-0\">\n\t\t\t\t\t\t\t\tTe explicaremos en detalle qu\u00e9 es el Modelo 202, qui\u00e9nes deben presentarlo, c\u00f3mo se rellena&hellip;\t\t\t\t\t\t\t<\/p>\n\t\t\t\t\t\t\t<div class=\"post-bottom clearfix d-flex align-items-center\">\n\t\t\t\t\t\t\t\t\t\t\t\t\t\t\t\t\t\t\t\t\t\t\t<\/div>\n\t\t\t\t\t\t<\/div>\n\t\t\t\t\t<\/div>\n\t\t\t\t<\/div>\n\n\t\t\t\n\t\t\t\t<div class=\"col-md-12 col-sm-6 post-list-item post-item\">\n\t\t\t\t\t<!-- post -->\n\t\t\t\t\t<div class=\"post post-list clearfix\">\n\n\t\t\t\t\t\t<div class=\"thumb rounded\"><div class=\"inner\"><a href=\"https:\/\/finanedi.es\/blog\/modelo-309-iva-declaracion-liquidacion-no-periodica\/\"><img decoding=\"async\" width=\"330\" height=\"250\" src=\"https:\/\/finanedi.es\/blog\/contenido\/uploads\/2024\/12\/Modelo-309-330x250.jpg\" class=\"attachment-katen-thumb-list size-katen-thumb-list wp-post-image\" alt=\"Modelo 309: IVA. Declaraci\u00f3n \u2013 Liquidaci\u00f3n no peri\u00f3dica\" \/><\/a><\/div><\/div>  \n\n\t\t\t\t\t\t<div class=\"details clearfix\">\n\t\t\t\t\t\t\t<ul class=\"meta list-inline mb-3\">\n\t\t\t\t\t\t\t\t<li class=\"list-inline-item\"><a href=\"https:\/\/finanedi.es\/blog\/category\/contabilidad\/\">Contabilidad<\/a><\/li>\t\t\t\t\t\t\t<\/ul>\n\t\t\t\t\t\t\t<h5 class=\"post-title\"><a href=\"https:\/\/finanedi.es\/blog\/modelo-309-iva-declaracion-liquidacion-no-periodica\/\">Modelo 309: IVA. Declaraci\u00f3n &#8211; Liquidaci\u00f3n no peri\u00f3dica<\/a><\/h5>\n\t\t\t\t\t\t\t<p class=\"excerpt mb-0\">\n\t\t\t\t\t\t\t\tEl Modelo 309 es una herramienta crucial para aut\u00f3nomos y empresas que realizan operaciones espec\u00edficas&hellip;\t\t\t\t\t\t\t<\/p>\n\t\t\t\t\t\t\t<div class=\"post-bottom clearfix d-flex align-items-center\">\n\t\t\t\t\t\t\t\t\t\t\t\t\t\t\t\t\t\t\t\t\t\t\t<\/div>\n\t\t\t\t\t\t<\/div>\n\t\t\t\t\t<\/div>\n\t\t\t\t<\/div>\n\n\t\t\t\n\t\t\t\t<div class=\"col-md-12 col-sm-6 post-list-item post-item\">\n\t\t\t\t\t<!-- post -->\n\t\t\t\t\t<div class=\"post post-list clearfix\">\n\n\t\t\t\t\t\t<div class=\"thumb rounded\"><div class=\"inner\"><a href=\"https:\/\/finanedi.es\/blog\/modelo-303-del-iva-que-es-pymes-autonomos\/\"><img loading=\"lazy\" decoding=\"async\" width=\"330\" height=\"250\" src=\"https:\/\/finanedi.es\/blog\/contenido\/uploads\/2024\/10\/Modelo-303-330x250.jpg\" class=\"attachment-katen-thumb-list size-katen-thumb-list wp-post-image\" alt=\"Modelo 303 - IVA - Modelo tributario\" \/><\/a><\/div><\/div>  \n\n\t\t\t\t\t\t<div class=\"details clearfix\">\n\t\t\t\t\t\t\t<ul class=\"meta list-inline mb-3\">\n\t\t\t\t\t\t\t\t<li class=\"list-inline-item\"><a href=\"https:\/\/finanedi.es\/blog\/category\/modelos-tributarios\/\">Modelos tributarios<\/a><\/li>\t\t\t\t\t\t\t<\/ul>\n\t\t\t\t\t\t\t<h5 class=\"post-title\"><a href=\"https:\/\/finanedi.es\/blog\/modelo-303-del-iva-que-es-pymes-autonomos\/\">Modelo 303 del IVA para pymes y aut\u00f3nomos<\/a><\/h5>\n\t\t\t\t\t\t\t<p class=\"excerpt mb-0\">\n\t\t\t\t\t\t\t\tEl Modelo 303 del IVA es un tr\u00e1mite esencial para cualquier peque\u00f1a o mediana empresa&hellip;\t\t\t\t\t\t\t<\/p>\n\t\t\t\t\t\t\t<div class=\"post-bottom clearfix d-flex align-items-center\">\n\t\t\t\t\t\t\t\t\t\t\t\t\t\t\t\t\t\t\t\t\t\t\t<\/div>\n\t\t\t\t\t\t<\/div>\n\t\t\t\t\t<\/div>\n\t\t\t\t<\/div>\n\n\t\t\t\n\t\t\t\t<div class=\"col-md-12 col-sm-6 post-list-item post-item\">\n\t\t\t\t\t<!-- post -->\n\t\t\t\t\t<div class=\"post post-list clearfix\">\n\n\t\t\t\t\t\t<div class=\"thumb rounded\"><div class=\"inner\"><a href=\"https:\/\/finanedi.es\/blog\/modelo-037-censo-de-empresarios-profesionales-y-retenedores\/\"><img loading=\"lazy\" decoding=\"async\" width=\"330\" height=\"250\" src=\"https:\/\/finanedi.es\/blog\/contenido\/uploads\/2024\/12\/Modelo-037-330x250.jpg\" class=\"attachment-katen-thumb-list size-katen-thumb-list wp-post-image\" alt=\"Modelos 037. Censo de empresarios, profesionales y retenedores\" \/><\/a><\/div><\/div>  \n\n\t\t\t\t\t\t<div class=\"details clearfix\">\n\t\t\t\t\t\t\t<ul class=\"meta list-inline mb-3\">\n\t\t\t\t\t\t\t\t<li class=\"list-inline-item\"><a href=\"https:\/\/finanedi.es\/blog\/category\/contabilidad\/\">Contabilidad<\/a><\/li>\t\t\t\t\t\t\t<\/ul>\n\t\t\t\t\t\t\t<h5 class=\"post-title\"><a href=\"https:\/\/finanedi.es\/blog\/modelo-037-censo-de-empresarios-profesionales-y-retenedores\/\">Modelo 037. Censo de empresarios, profesionales y retenedores<\/a><\/h5>\n\t\t\t\t\t\t\t<p class=\"excerpt mb-0\">\n\t\t\t\t\t\t\t\tTe explicaremos en detalle qu\u00e9 es el Modelo 037, qui\u00e9nes deben presentarlo, c\u00f3mo completarlo correctamente&hellip;\t\t\t\t\t\t\t<\/p>\n\t\t\t\t\t\t\t<div class=\"post-bottom clearfix d-flex align-items-center\">\n\t\t\t\t\t\t\t\t\t\t\t\t\t\t\t\t\t\t\t\t\t\t\t<\/div>\n\t\t\t\t\t\t<\/div>\n\t\t\t\t\t<\/div>\n\t\t\t\t<\/div>\n\n\t\t\t\n\t\t\t<\/div>\n\n\t\t<\/div>\n\t\t\n        \t\t\t\t<\/div>\n\t\t\t\t<\/div>\n\t\t\t\t<\/div>\n\t\t\t\t\t<\/div>\n\t\t\t\t<\/div>\n\t\t\t\t<\/div>\n\t\t","protected":false},"excerpt":{"rendered":"<p>El Modelo 420 es un instrumento esencial para las empresas y aut\u00f3nomos que operan en las Islas Canarias. Este modelo se utiliza para declarar y liquidar el Impuesto General Indirecto Canario (IGIC), una figura impositiva similar al IVA en el resto de Espa\u00f1a. <\/p>\n","protected":false},"author":3,"featured_media":7683,"comment_status":"closed","ping_status":"open","sticky":false,"template":"","format":"standard","meta":{"_monsterinsights_skip_tracking":false,"_monsterinsights_sitenote_active":false,"_monsterinsights_sitenote_note":"","_monsterinsights_sitenote_category":0,"footnotes":""},"categories":[6],"tags":[38],"class_list":["post-7681","post","type-post","status-publish","format-standard","has-post-thumbnail","hentry","category-contabilidad","tag-modelo"],"yoast_head":"<!-- This site is optimized with the Yoast SEO plugin v26.2 - https:\/\/yoast.com\/wordpress\/plugins\/seo\/ -->\n<title>Modelo 420: Impuesto General Indirecto Canario<\/title>\n<meta name=\"description\" content=\"Aprende todo sobre el Modelo 420, c\u00f3mo presentarlo y evitar sanciones, con consejos pr\u00e1cticos para empresas y aut\u00f3nomos en Canarias.\" \/>\n<meta name=\"robots\" content=\"index, follow, max-snippet:-1, max-image-preview:large, max-video-preview:-1\" \/>\n<link rel=\"canonical\" href=\"https:\/\/finanedi.es\/blog\/modelo-420-impuesto-general-indirecto-canario\/\" \/>\n<meta property=\"og:locale\" content=\"es_ES\" \/>\n<meta property=\"og:type\" content=\"article\" \/>\n<meta property=\"og:title\" content=\"Modelo 420: Impuesto General Indirecto Canario\" \/>\n<meta property=\"og:description\" content=\"Aprende todo sobre el Modelo 420, c\u00f3mo presentarlo y evitar sanciones, con consejos pr\u00e1cticos para empresas y aut\u00f3nomos en Canarias.\" \/>\n<meta property=\"og:url\" content=\"https:\/\/finanedi.es\/blog\/modelo-420-impuesto-general-indirecto-canario\/\" \/>\n<meta property=\"og:site_name\" content=\"Blog para pymes y aut\u00f3nomos - FinanEDI\" \/>\n<meta property=\"article:published_time\" content=\"2024-12-31T08:26:32+00:00\" \/>\n<meta property=\"og:image\" content=\"https:\/\/finanedi.es\/blog\/contenido\/uploads\/2024\/12\/Modelo-420.jpg\" \/>\n\t<meta property=\"og:image:width\" content=\"1580\" \/>\n\t<meta property=\"og:image:height\" content=\"960\" \/>\n\t<meta property=\"og:image:type\" content=\"image\/jpeg\" \/>\n<meta name=\"author\" content=\"restevez\" \/>\n<meta name=\"twitter:card\" content=\"summary_large_image\" \/>\n<meta name=\"twitter:label1\" content=\"Escrito por\" \/>\n\t<meta name=\"twitter:data1\" content=\"restevez\" \/>\n\t<meta name=\"twitter:label2\" content=\"Tiempo de lectura\" \/>\n\t<meta name=\"twitter:data2\" content=\"6 minutos\" \/>\n<script type=\"application\/ld+json\" class=\"yoast-schema-graph\">{\"@context\":\"https:\/\/schema.org\",\"@graph\":[{\"@type\":\"Article\",\"@id\":\"https:\/\/finanedi.es\/blog\/modelo-420-impuesto-general-indirecto-canario\/#article\",\"isPartOf\":{\"@id\":\"https:\/\/finanedi.es\/blog\/modelo-420-impuesto-general-indirecto-canario\/\"},\"author\":{\"name\":\"restevez\",\"@id\":\"https:\/\/finanedi.es\/blog\/#\/schema\/person\/233ed58195d34f36f74f13ba1030ebd8\"},\"headline\":\"Modelo 420: Impuesto General Indirecto Canario\",\"datePublished\":\"2024-12-31T08:26:32+00:00\",\"mainEntityOfPage\":{\"@id\":\"https:\/\/finanedi.es\/blog\/modelo-420-impuesto-general-indirecto-canario\/\"},\"wordCount\":1010,\"publisher\":{\"@id\":\"https:\/\/finanedi.es\/blog\/#organization\"},\"image\":{\"@id\":\"https:\/\/finanedi.es\/blog\/modelo-420-impuesto-general-indirecto-canario\/#primaryimage\"},\"thumbnailUrl\":\"https:\/\/finanedi.es\/blog\/contenido\/uploads\/2024\/12\/Modelo-420.jpg\",\"keywords\":[\"Modelo\"],\"articleSection\":[\"Contabilidad\"],\"inLanguage\":\"es\"},{\"@type\":\"WebPage\",\"@id\":\"https:\/\/finanedi.es\/blog\/modelo-420-impuesto-general-indirecto-canario\/\",\"url\":\"https:\/\/finanedi.es\/blog\/modelo-420-impuesto-general-indirecto-canario\/\",\"name\":\"Modelo 420: Impuesto General Indirecto Canario\",\"isPartOf\":{\"@id\":\"https:\/\/finanedi.es\/blog\/#website\"},\"primaryImageOfPage\":{\"@id\":\"https:\/\/finanedi.es\/blog\/modelo-420-impuesto-general-indirecto-canario\/#primaryimage\"},\"image\":{\"@id\":\"https:\/\/finanedi.es\/blog\/modelo-420-impuesto-general-indirecto-canario\/#primaryimage\"},\"thumbnailUrl\":\"https:\/\/finanedi.es\/blog\/contenido\/uploads\/2024\/12\/Modelo-420.jpg\",\"datePublished\":\"2024-12-31T08:26:32+00:00\",\"description\":\"Aprende todo sobre el Modelo 420, c\u00f3mo presentarlo y evitar sanciones, con consejos pr\u00e1cticos para empresas y aut\u00f3nomos en Canarias.\",\"breadcrumb\":{\"@id\":\"https:\/\/finanedi.es\/blog\/modelo-420-impuesto-general-indirecto-canario\/#breadcrumb\"},\"inLanguage\":\"es\",\"potentialAction\":[{\"@type\":\"ReadAction\",\"target\":[\"https:\/\/finanedi.es\/blog\/modelo-420-impuesto-general-indirecto-canario\/\"]}]},{\"@type\":\"ImageObject\",\"inLanguage\":\"es\",\"@id\":\"https:\/\/finanedi.es\/blog\/modelo-420-impuesto-general-indirecto-canario\/#primaryimage\",\"url\":\"https:\/\/finanedi.es\/blog\/contenido\/uploads\/2024\/12\/Modelo-420.jpg\",\"contentUrl\":\"https:\/\/finanedi.es\/blog\/contenido\/uploads\/2024\/12\/Modelo-420.jpg\",\"width\":1580,\"height\":960,\"caption\":\"Modelo 420: Impuesto General Indirecto Canario\"},{\"@type\":\"BreadcrumbList\",\"@id\":\"https:\/\/finanedi.es\/blog\/modelo-420-impuesto-general-indirecto-canario\/#breadcrumb\",\"itemListElement\":[{\"@type\":\"ListItem\",\"position\":1,\"name\":\"Home\",\"item\":\"https:\/\/finanedi.es\/blog\/\"},{\"@type\":\"ListItem\",\"position\":2,\"name\":\"Modelo 420: Impuesto General Indirecto Canario\"}]},{\"@type\":\"WebSite\",\"@id\":\"https:\/\/finanedi.es\/blog\/#website\",\"url\":\"https:\/\/finanedi.es\/blog\/\",\"name\":\"Blog para pymes y aut\u00f3nomos - FinanEDI\",\"description\":\"Blog para aut\u00f3nomos y PYMES, sobre temas como facturaci\u00f3n, contabilidad, tecnolog\u00eda.\",\"publisher\":{\"@id\":\"https:\/\/finanedi.es\/blog\/#organization\"},\"potentialAction\":[{\"@type\":\"SearchAction\",\"target\":{\"@type\":\"EntryPoint\",\"urlTemplate\":\"https:\/\/finanedi.es\/blog\/?s={search_term_string}\"},\"query-input\":{\"@type\":\"PropertyValueSpecification\",\"valueRequired\":true,\"valueName\":\"search_term_string\"}}],\"inLanguage\":\"es\"},{\"@type\":\"Organization\",\"@id\":\"https:\/\/finanedi.es\/blog\/#organization\",\"name\":\"Blog para pymes y aut\u00f3nomos - FinanEDI\",\"url\":\"https:\/\/finanedi.es\/blog\/\",\"logo\":{\"@type\":\"ImageObject\",\"inLanguage\":\"es\",\"@id\":\"https:\/\/finanedi.es\/blog\/#\/schema\/logo\/image\/\",\"url\":\"https:\/\/finanedi.es\/blog\/contenido\/uploads\/2024\/02\/FinanEdiAzul1.svg\",\"contentUrl\":\"https:\/\/finanedi.es\/blog\/contenido\/uploads\/2024\/02\/FinanEdiAzul1.svg\",\"width\":142,\"height\":36,\"caption\":\"Blog para pymes y aut\u00f3nomos - FinanEDI\"},\"image\":{\"@id\":\"https:\/\/finanedi.es\/blog\/#\/schema\/logo\/image\/\"}},{\"@type\":\"Person\",\"@id\":\"https:\/\/finanedi.es\/blog\/#\/schema\/person\/233ed58195d34f36f74f13ba1030ebd8\",\"name\":\"restevez\",\"image\":{\"@type\":\"ImageObject\",\"inLanguage\":\"es\",\"@id\":\"https:\/\/finanedi.es\/blog\/#\/schema\/person\/image\/\",\"url\":\"https:\/\/secure.gravatar.com\/avatar\/6c4880db9746e4aa887a98e0ebf657788804dc4280120ef10331a2e6ebb4a9a0?s=96&d=mm&r=g\",\"contentUrl\":\"https:\/\/secure.gravatar.com\/avatar\/6c4880db9746e4aa887a98e0ebf657788804dc4280120ef10331a2e6ebb4a9a0?s=96&d=mm&r=g\",\"caption\":\"restevez\"},\"url\":\"https:\/\/finanedi.es\/blog\/author\/restevez\/\"}]}<\/script>\n<!-- \/ Yoast SEO plugin. -->","yoast_head_json":{"title":"Modelo 420: Impuesto General Indirecto Canario","description":"Aprende todo sobre el Modelo 420, c\u00f3mo presentarlo y evitar sanciones, con consejos pr\u00e1cticos para empresas y aut\u00f3nomos en Canarias.","robots":{"index":"index","follow":"follow","max-snippet":"max-snippet:-1","max-image-preview":"max-image-preview:large","max-video-preview":"max-video-preview:-1"},"canonical":"https:\/\/finanedi.es\/blog\/modelo-420-impuesto-general-indirecto-canario\/","og_locale":"es_ES","og_type":"article","og_title":"Modelo 420: Impuesto General Indirecto Canario","og_description":"Aprende todo sobre el Modelo 420, c\u00f3mo presentarlo y evitar sanciones, con consejos pr\u00e1cticos para empresas y aut\u00f3nomos en Canarias.","og_url":"https:\/\/finanedi.es\/blog\/modelo-420-impuesto-general-indirecto-canario\/","og_site_name":"Blog para pymes y aut\u00f3nomos - FinanEDI","article_published_time":"2024-12-31T08:26:32+00:00","og_image":[{"width":1580,"height":960,"url":"https:\/\/finanedi.es\/blog\/contenido\/uploads\/2024\/12\/Modelo-420.jpg","type":"image\/jpeg"}],"author":"restevez","twitter_card":"summary_large_image","twitter_misc":{"Escrito por":"restevez","Tiempo de lectura":"6 minutos"},"schema":{"@context":"https:\/\/schema.org","@graph":[{"@type":"Article","@id":"https:\/\/finanedi.es\/blog\/modelo-420-impuesto-general-indirecto-canario\/#article","isPartOf":{"@id":"https:\/\/finanedi.es\/blog\/modelo-420-impuesto-general-indirecto-canario\/"},"author":{"name":"restevez","@id":"https:\/\/finanedi.es\/blog\/#\/schema\/person\/233ed58195d34f36f74f13ba1030ebd8"},"headline":"Modelo 420: Impuesto General Indirecto Canario","datePublished":"2024-12-31T08:26:32+00:00","mainEntityOfPage":{"@id":"https:\/\/finanedi.es\/blog\/modelo-420-impuesto-general-indirecto-canario\/"},"wordCount":1010,"publisher":{"@id":"https:\/\/finanedi.es\/blog\/#organization"},"image":{"@id":"https:\/\/finanedi.es\/blog\/modelo-420-impuesto-general-indirecto-canario\/#primaryimage"},"thumbnailUrl":"https:\/\/finanedi.es\/blog\/contenido\/uploads\/2024\/12\/Modelo-420.jpg","keywords":["Modelo"],"articleSection":["Contabilidad"],"inLanguage":"es"},{"@type":"WebPage","@id":"https:\/\/finanedi.es\/blog\/modelo-420-impuesto-general-indirecto-canario\/","url":"https:\/\/finanedi.es\/blog\/modelo-420-impuesto-general-indirecto-canario\/","name":"Modelo 420: Impuesto General Indirecto Canario","isPartOf":{"@id":"https:\/\/finanedi.es\/blog\/#website"},"primaryImageOfPage":{"@id":"https:\/\/finanedi.es\/blog\/modelo-420-impuesto-general-indirecto-canario\/#primaryimage"},"image":{"@id":"https:\/\/finanedi.es\/blog\/modelo-420-impuesto-general-indirecto-canario\/#primaryimage"},"thumbnailUrl":"https:\/\/finanedi.es\/blog\/contenido\/uploads\/2024\/12\/Modelo-420.jpg","datePublished":"2024-12-31T08:26:32+00:00","description":"Aprende todo sobre el Modelo 420, c\u00f3mo presentarlo y evitar sanciones, con consejos pr\u00e1cticos para empresas y aut\u00f3nomos en Canarias.","breadcrumb":{"@id":"https:\/\/finanedi.es\/blog\/modelo-420-impuesto-general-indirecto-canario\/#breadcrumb"},"inLanguage":"es","potentialAction":[{"@type":"ReadAction","target":["https:\/\/finanedi.es\/blog\/modelo-420-impuesto-general-indirecto-canario\/"]}]},{"@type":"ImageObject","inLanguage":"es","@id":"https:\/\/finanedi.es\/blog\/modelo-420-impuesto-general-indirecto-canario\/#primaryimage","url":"https:\/\/finanedi.es\/blog\/contenido\/uploads\/2024\/12\/Modelo-420.jpg","contentUrl":"https:\/\/finanedi.es\/blog\/contenido\/uploads\/2024\/12\/Modelo-420.jpg","width":1580,"height":960,"caption":"Modelo 420: Impuesto General Indirecto Canario"},{"@type":"BreadcrumbList","@id":"https:\/\/finanedi.es\/blog\/modelo-420-impuesto-general-indirecto-canario\/#breadcrumb","itemListElement":[{"@type":"ListItem","position":1,"name":"Home","item":"https:\/\/finanedi.es\/blog\/"},{"@type":"ListItem","position":2,"name":"Modelo 420: Impuesto General Indirecto Canario"}]},{"@type":"WebSite","@id":"https:\/\/finanedi.es\/blog\/#website","url":"https:\/\/finanedi.es\/blog\/","name":"Blog para pymes y aut\u00f3nomos - FinanEDI","description":"Blog para aut\u00f3nomos y PYMES, sobre temas como facturaci\u00f3n, contabilidad, tecnolog\u00eda.","publisher":{"@id":"https:\/\/finanedi.es\/blog\/#organization"},"potentialAction":[{"@type":"SearchAction","target":{"@type":"EntryPoint","urlTemplate":"https:\/\/finanedi.es\/blog\/?s={search_term_string}"},"query-input":{"@type":"PropertyValueSpecification","valueRequired":true,"valueName":"search_term_string"}}],"inLanguage":"es"},{"@type":"Organization","@id":"https:\/\/finanedi.es\/blog\/#organization","name":"Blog para pymes y aut\u00f3nomos - FinanEDI","url":"https:\/\/finanedi.es\/blog\/","logo":{"@type":"ImageObject","inLanguage":"es","@id":"https:\/\/finanedi.es\/blog\/#\/schema\/logo\/image\/","url":"https:\/\/finanedi.es\/blog\/contenido\/uploads\/2024\/02\/FinanEdiAzul1.svg","contentUrl":"https:\/\/finanedi.es\/blog\/contenido\/uploads\/2024\/02\/FinanEdiAzul1.svg","width":142,"height":36,"caption":"Blog para pymes y aut\u00f3nomos - FinanEDI"},"image":{"@id":"https:\/\/finanedi.es\/blog\/#\/schema\/logo\/image\/"}},{"@type":"Person","@id":"https:\/\/finanedi.es\/blog\/#\/schema\/person\/233ed58195d34f36f74f13ba1030ebd8","name":"restevez","image":{"@type":"ImageObject","inLanguage":"es","@id":"https:\/\/finanedi.es\/blog\/#\/schema\/person\/image\/","url":"https:\/\/secure.gravatar.com\/avatar\/6c4880db9746e4aa887a98e0ebf657788804dc4280120ef10331a2e6ebb4a9a0?s=96&d=mm&r=g","contentUrl":"https:\/\/secure.gravatar.com\/avatar\/6c4880db9746e4aa887a98e0ebf657788804dc4280120ef10331a2e6ebb4a9a0?s=96&d=mm&r=g","caption":"restevez"},"url":"https:\/\/finanedi.es\/blog\/author\/restevez\/"}]}},"_links":{"self":[{"href":"https:\/\/finanedi.es\/blog\/wp-json\/wp\/v2\/posts\/7681","targetHints":{"allow":["GET"]}}],"collection":[{"href":"https:\/\/finanedi.es\/blog\/wp-json\/wp\/v2\/posts"}],"about":[{"href":"https:\/\/finanedi.es\/blog\/wp-json\/wp\/v2\/types\/post"}],"author":[{"embeddable":true,"href":"https:\/\/finanedi.es\/blog\/wp-json\/wp\/v2\/users\/3"}],"replies":[{"embeddable":true,"href":"https:\/\/finanedi.es\/blog\/wp-json\/wp\/v2\/comments?post=7681"}],"version-history":[{"count":5,"href":"https:\/\/finanedi.es\/blog\/wp-json\/wp\/v2\/posts\/7681\/revisions"}],"predecessor-version":[{"id":7687,"href":"https:\/\/finanedi.es\/blog\/wp-json\/wp\/v2\/posts\/7681\/revisions\/7687"}],"wp:featuredmedia":[{"embeddable":true,"href":"https:\/\/finanedi.es\/blog\/wp-json\/wp\/v2\/media\/7683"}],"wp:attachment":[{"href":"https:\/\/finanedi.es\/blog\/wp-json\/wp\/v2\/media?parent=7681"}],"wp:term":[{"taxonomy":"category","embeddable":true,"href":"https:\/\/finanedi.es\/blog\/wp-json\/wp\/v2\/categories?post=7681"},{"taxonomy":"post_tag","embeddable":true,"href":"https:\/\/finanedi.es\/blog\/wp-json\/wp\/v2\/tags?post=7681"}],"curies":[{"name":"wp","href":"https:\/\/api.w.org\/{rel}","templated":true}]}}