{"id":832,"date":"2024-06-20T08:55:49","date_gmt":"2024-06-20T06:55:49","guid":{"rendered":"https:\/\/finanedi.es\/blog\/?p=832"},"modified":"2025-01-08T15:48:37","modified_gmt":"2025-01-08T14:48:37","slug":"naf-que-es-y-para-que-sirve","status":"publish","type":"post","link":"https:\/\/finanedi.es\/blog\/naf-que-es-y-para-que-sirve\/","title":{"rendered":"NAF: \u00bfQu\u00e9 es y para qu\u00e9 sirve?"},"content":{"rendered":"\t\t<div data-elementor-type=\"wp-post\" data-elementor-id=\"832\" class=\"elementor elementor-832\">\n\t\t\t\t<div class=\"elementor-element elementor-element-9242341 e-flex e-con-boxed e-con e-parent\" data-id=\"9242341\" data-element_type=\"container\">\n\t\t\t\t\t<div class=\"e-con-inner\">\n\t\t\t\t<div class=\"elementor-element elementor-element-8edee03 elementor-widget elementor-widget-text-editor\" data-id=\"8edee03\" data-element_type=\"widget\" data-widget_type=\"text-editor.default\">\n\t\t\t\t<div class=\"elementor-widget-container\">\n\t\t\t\t\t\t\t\t\t<p>El <strong>NAF<\/strong> (N\u00famero de Afiliaci\u00f3n) es un elemento fundamental dentro del sistema de Seguridad Social que cumple un rol indispensable en la gesti\u00f3n de tr\u00e1mites laborales y administrativos. En este art\u00edculo, exploraremos en detalle qu\u00e9 es el <strong>NAF<\/strong>, cu\u00e1les son sus funciones principales, c\u00f3mo obtenerlo y por qu\u00e9 es tan relevante para los ciudadanos en el \u00e1mbito laboral y social. Adem\u00e1s, aclararemos las diferencias entre el <strong>NAF<\/strong> y el <strong>NUSS<\/strong>.<\/p>\t\t\t\t\t\t\t\t<\/div>\n\t\t\t\t<\/div>\n\t\t\t\t\t<\/div>\n\t\t\t\t<\/div>\n\t\t<div class=\"elementor-element elementor-element-bfd92f4 e-flex e-con-boxed e-con e-parent\" data-id=\"bfd92f4\" data-element_type=\"container\">\n\t\t\t\t\t<div class=\"e-con-inner\">\n\t\t\t\t<div class=\"elementor-element elementor-element-b3ef570 elementor-widget elementor-widget-heading\" data-id=\"b3ef570\" data-element_type=\"widget\" data-widget_type=\"heading.default\">\n\t\t\t\t<div class=\"elementor-widget-container\">\n\t\t\t\t\t<h2 class=\"elementor-heading-title elementor-size-default\">\u00bfQu\u00e9 es el n\u00famero de afiliaci\u00f3n (NAF)?<\/h2>\t\t\t\t<\/div>\n\t\t\t\t<\/div>\n\t\t\t\t\t<\/div>\n\t\t\t\t<\/div>\n\t\t<div class=\"elementor-element elementor-element-3e1c7c6 e-flex e-con-boxed e-con e-parent\" data-id=\"3e1c7c6\" data-element_type=\"container\">\n\t\t\t\t\t<div class=\"e-con-inner\">\n\t\t\t\t<div class=\"elementor-element elementor-element-158cc53 elementor-widget elementor-widget-text-editor\" data-id=\"158cc53\" data-element_type=\"widget\" data-widget_type=\"text-editor.default\">\n\t\t\t\t<div class=\"elementor-widget-container\">\n\t\t\t\t\t\t\t\t\t<p>El <strong>NAF<\/strong> es un identificador \u00fanico asignado a cada individuo que forma parte del sistema de Seguridad Social. Este n\u00famero permite a las autoridades y entidades pertinentes identificar de manera precisa a los contribuyentes y gestionar adecuadamente sus registros laborales y de cotizaci\u00f3n. En el contexto laboral, el <strong>NAF<\/strong> desempe\u00f1a un papel crucial al facilitar diversos tr\u00e1mites administrativos y contribuir a la protecci\u00f3n social de los trabajadores.<\/p>\t\t\t\t\t\t\t\t<\/div>\n\t\t\t\t<\/div>\n\t\t\t\t\t<\/div>\n\t\t\t\t<\/div>\n\t\t<div class=\"elementor-element elementor-element-01d29ce e-flex e-con-boxed e-con e-parent\" data-id=\"01d29ce\" data-element_type=\"container\">\n\t\t\t\t\t<div class=\"e-con-inner\">\n\t\t\t\t<div class=\"elementor-element elementor-element-4d6a240 elementor-widget elementor-widget-spacer\" data-id=\"4d6a240\" data-element_type=\"widget\" data-widget_type=\"spacer.default\">\n\t\t\t\t<div class=\"elementor-widget-container\">\n\t\t\t\t\t\t\t<div class=\"elementor-spacer\">\n\t\t\t<div class=\"elementor-spacer-inner\"><\/div>\n\t\t<\/div>\n\t\t\t\t\t\t<\/div>\n\t\t\t\t<\/div>\n\t\t\t\t\t<\/div>\n\t\t\t\t<\/div>\n\t\t<div class=\"elementor-element elementor-element-5c55b8e e-flex e-con-boxed e-con e-parent\" data-id=\"5c55b8e\" data-element_type=\"container\">\n\t\t\t\t\t<div class=\"e-con-inner\">\n\t\t\t\t<div class=\"elementor-element elementor-element-a478dbd elementor-widget elementor-widget-heading\" data-id=\"a478dbd\" data-element_type=\"widget\" data-widget_type=\"heading.default\">\n\t\t\t\t<div class=\"elementor-widget-container\">\n\t\t\t\t\t<h3 class=\"elementor-heading-title elementor-size-default\">Funciones del n\u00famero de afiliaci\u00f3n (NAF)<\/h3>\t\t\t\t<\/div>\n\t\t\t\t<\/div>\n\t\t\t\t\t<\/div>\n\t\t\t\t<\/div>\n\t\t<div class=\"elementor-element elementor-element-efeb502 e-flex e-con-boxed e-con e-parent\" data-id=\"efeb502\" data-element_type=\"container\">\n\t\t\t\t\t<div class=\"e-con-inner\">\n\t\t\t\t<div class=\"elementor-element elementor-element-7bfe086 elementor-widget elementor-widget-text-editor\" data-id=\"7bfe086\" data-element_type=\"widget\" data-widget_type=\"text-editor.default\">\n\t\t\t\t<div class=\"elementor-widget-container\">\n\t\t\t\t\t\t\t\t\t<p>El <strong>NAF<\/strong> cumple diversas funciones dentro del sistema de Seguridad Social:<\/p><ul><li><strong>Registro de cotizaciones:<\/strong> El <strong>NAF<\/strong> se utiliza para registrar las cotizaciones a la Seguridad Social, lo que permite mantener actualizados los registros laborales y garantizar el acceso a los beneficios correspondientes.<\/li><li><strong>Tr\u00e1mites administrativos:<\/strong> Adem\u00e1s de las cotizaciones, el <strong>NAF<\/strong> es necesario para realizar una variedad de tr\u00e1mites administrativos, como la solicitud de prestaciones, la declaraci\u00f3n de impuestos y la participaci\u00f3n en programas de formaci\u00f3n laboral.<\/li><\/ul>\t\t\t\t\t\t\t\t<\/div>\n\t\t\t\t<\/div>\n\t\t\t\t\t<\/div>\n\t\t\t\t<\/div>\n\t\t<div class=\"elementor-element elementor-element-42fb615 e-flex e-con-boxed e-con e-parent\" data-id=\"42fb615\" data-element_type=\"container\">\n\t\t\t\t\t<div class=\"e-con-inner\">\n\t\t\t\t<div class=\"elementor-element elementor-element-007566e elementor-widget elementor-widget-text-editor\" data-id=\"007566e\" data-element_type=\"widget\" data-widget_type=\"text-editor.default\">\n\t\t\t\t<div class=\"elementor-widget-container\">\n\t\t\t\t\t\t\t\t\t<h5>\ud83d\udccc Diferencia entre el NAF y el NUSS<\/h5><p>&#8211; <strong style=\"font-style: italic;\">NUSS (N\u00famero \u00danico de la Seguridad Social)<\/strong><i>: es un identificador utilizado espec\u00edficamente en Espa\u00f1a para identificar a los ciudadanos en el sistema de Seguridad Social.<\/i><\/p><p>La diferencia entre el <strong>NAF<\/strong> y el <strong>NUSS<\/strong> en Espa\u00f1a radica en su alcance y aplicaci\u00f3n dentro del sistema de Seguridad Social. Mientras que el <strong>NAF se utiliza para gestionar las cotizaciones y registros laborales de los trabajadores<\/strong> en territorio espa\u00f1ol, el NUSS es un identificador m\u00e1s amplio que abarca a todos los ciudadanos asegurados en la Seguridad Social en Espa\u00f1a.<\/p>\t\t\t\t\t\t\t\t<\/div>\n\t\t\t\t<\/div>\n\t\t\t\t\t<\/div>\n\t\t\t\t<\/div>\n\t\t<div class=\"elementor-element elementor-element-d73aad9 e-flex e-con-boxed e-con e-parent\" data-id=\"d73aad9\" data-element_type=\"container\">\n\t\t\t\t\t<div class=\"e-con-inner\">\n\t\t\t\t<div class=\"elementor-element elementor-element-a55259b elementor-widget elementor-widget-spacer\" data-id=\"a55259b\" data-element_type=\"widget\" data-widget_type=\"spacer.default\">\n\t\t\t\t<div class=\"elementor-widget-container\">\n\t\t\t\t\t\t\t<div class=\"elementor-spacer\">\n\t\t\t<div class=\"elementor-spacer-inner\"><\/div>\n\t\t<\/div>\n\t\t\t\t\t\t<\/div>\n\t\t\t\t<\/div>\n\t\t\t\t\t<\/div>\n\t\t\t\t<\/div>\n\t\t<div class=\"elementor-element elementor-element-fad12cd e-flex e-con-boxed e-con e-parent\" data-id=\"fad12cd\" data-element_type=\"container\">\n\t\t\t\t\t<div class=\"e-con-inner\">\n\t\t\t\t<div class=\"elementor-element elementor-element-bc3b5c7 elementor-widget elementor-widget-heading\" data-id=\"bc3b5c7\" data-element_type=\"widget\" data-widget_type=\"heading.default\">\n\t\t\t\t<div class=\"elementor-widget-container\">\n\t\t\t\t\t<h3 class=\"elementor-heading-title elementor-size-default\">Proceso de obtenci\u00f3n del NAF<\/h3>\t\t\t\t<\/div>\n\t\t\t\t<\/div>\n\t\t\t\t\t<\/div>\n\t\t\t\t<\/div>\n\t\t<div class=\"elementor-element elementor-element-bb05c1f e-flex e-con-boxed e-con e-parent\" data-id=\"bb05c1f\" data-element_type=\"container\">\n\t\t\t\t\t<div class=\"e-con-inner\">\n\t\t\t\t<div class=\"elementor-element elementor-element-3b8ac07 elementor-widget elementor-widget-text-editor\" data-id=\"3b8ac07\" data-element_type=\"widget\" data-widget_type=\"text-editor.default\">\n\t\t\t\t<div class=\"elementor-widget-container\">\n\t\t\t\t\t\t\t\t\t<p>El proceso de obtenci\u00f3n del <strong>NAF<\/strong> var\u00eda seg\u00fan la situaci\u00f3n laboral del individuo:<\/p><ul><li><strong>Empleados asalariados<\/strong>: Para los empleados asalariados, el <strong>NAF<\/strong> suele ser asignado autom\u00e1ticamente al iniciar su actividad laboral.<\/li><li><strong>Aut\u00f3nomos y trabajadores por cuenta propia<\/strong>: En el caso de los aut\u00f3nomos y otros trabajadores por cuenta propia, es necesario solicitar el <strong>NAF<\/strong> espec\u00edficamente a trav\u00e9s de los canales correspondientes, ya sea en l\u00ednea o presencialmente.<\/li><\/ul>\t\t\t\t\t\t\t\t<\/div>\n\t\t\t\t<\/div>\n\t\t\t\t\t<\/div>\n\t\t\t\t<\/div>\n\t\t<div class=\"elementor-element elementor-element-2da8015 e-flex e-con-boxed e-con e-parent\" data-id=\"2da8015\" data-element_type=\"container\">\n\t\t\t\t\t<div class=\"e-con-inner\">\n\t\t\t\t<div class=\"elementor-element elementor-element-805e701 elementor-widget elementor-widget-spacer\" data-id=\"805e701\" data-element_type=\"widget\" data-widget_type=\"spacer.default\">\n\t\t\t\t<div class=\"elementor-widget-container\">\n\t\t\t\t\t\t\t<div class=\"elementor-spacer\">\n\t\t\t<div class=\"elementor-spacer-inner\"><\/div>\n\t\t<\/div>\n\t\t\t\t\t\t<\/div>\n\t\t\t\t<\/div>\n\t\t\t\t\t<\/div>\n\t\t\t\t<\/div>\n\t\t<div class=\"elementor-element elementor-element-3bfe677 e-flex e-con-boxed e-con e-parent\" data-id=\"3bfe677\" data-element_type=\"container\">\n\t\t\t\t\t<div class=\"e-con-inner\">\n\t\t\t\t<div class=\"elementor-element elementor-element-f4545de elementor-widget elementor-widget-heading\" data-id=\"f4545de\" data-element_type=\"widget\" data-widget_type=\"heading.default\">\n\t\t\t\t<div class=\"elementor-widget-container\">\n\t\t\t\t\t<h3 class=\"elementor-heading-title elementor-size-default\">Uso del NAF en diferentes contextos<\/h3>\t\t\t\t<\/div>\n\t\t\t\t<\/div>\n\t\t\t\t\t<\/div>\n\t\t\t\t<\/div>\n\t\t<div class=\"elementor-element elementor-element-4e58970 e-flex e-con-boxed e-con e-parent\" data-id=\"4e58970\" data-element_type=\"container\">\n\t\t\t\t\t<div class=\"e-con-inner\">\n\t\t\t\t<div class=\"elementor-element elementor-element-a9340a2 elementor-widget elementor-widget-text-editor\" data-id=\"a9340a2\" data-element_type=\"widget\" data-widget_type=\"text-editor.default\">\n\t\t\t\t<div class=\"elementor-widget-container\">\n\t\t\t\t\t\t\t\t\t<p>El <strong>NAF<\/strong> se utiliza en una variedad de contextos laborales y administrativos:<\/p><ul><li><strong>Registro laboral<\/strong>: El <strong>NAF<\/strong> se utiliza para registrar la actividad laboral de los trabajadores y mantener actualizados los registros de cotizaci\u00f3n a la Seguridad Social.<\/li><li><strong>Tr\u00e1mites administrativos<\/strong>: Adem\u00e1s, el <strong>NAF<\/strong> es necesario para realizar tr\u00e1mites administrativos como la contrataci\u00f3n de servicios, la solicitud de prestaciones y la participaci\u00f3n en programas de formaci\u00f3n laboral.<\/li><\/ul>\t\t\t\t\t\t\t\t<\/div>\n\t\t\t\t<\/div>\n\t\t\t\t\t<\/div>\n\t\t\t\t<\/div>\n\t\t<div class=\"elementor-element elementor-element-617eb10 e-flex e-con-boxed e-con e-parent\" data-id=\"617eb10\" data-element_type=\"container\">\n\t\t\t\t\t<div class=\"e-con-inner\">\n\t\t\t\t<div class=\"elementor-element elementor-element-099eb25 elementor-widget elementor-widget-spacer\" data-id=\"099eb25\" data-element_type=\"widget\" data-widget_type=\"spacer.default\">\n\t\t\t\t<div class=\"elementor-widget-container\">\n\t\t\t\t\t\t\t<div class=\"elementor-spacer\">\n\t\t\t<div class=\"elementor-spacer-inner\"><\/div>\n\t\t<\/div>\n\t\t\t\t\t\t<\/div>\n\t\t\t\t<\/div>\n\t\t\t\t\t<\/div>\n\t\t\t\t<\/div>\n\t\t<div class=\"elementor-element elementor-element-fab8163 e-flex e-con-boxed e-con e-parent\" data-id=\"fab8163\" data-element_type=\"container\">\n\t\t\t\t\t<div class=\"e-con-inner\">\n\t\t\t\t<div class=\"elementor-element elementor-element-c200eb2 elementor-widget elementor-widget-heading\" data-id=\"c200eb2\" data-element_type=\"widget\" data-widget_type=\"heading.default\">\n\t\t\t\t<div class=\"elementor-widget-container\">\n\t\t\t\t\t<h3 class=\"elementor-heading-title elementor-size-default\">Importancia del NAF para los ciudadanos<\/h3>\t\t\t\t<\/div>\n\t\t\t\t<\/div>\n\t\t\t\t\t<\/div>\n\t\t\t\t<\/div>\n\t\t<div class=\"elementor-element elementor-element-9a89c74 e-flex e-con-boxed e-con e-parent\" data-id=\"9a89c74\" data-element_type=\"container\">\n\t\t\t\t\t<div class=\"e-con-inner\">\n\t\t\t\t<div class=\"elementor-element elementor-element-fe78014 elementor-widget elementor-widget-text-editor\" data-id=\"fe78014\" data-element_type=\"widget\" data-widget_type=\"text-editor.default\">\n\t\t\t\t<div class=\"elementor-widget-container\">\n\t\t\t\t\t\t\t\t\t<p>El <strong>NAF<\/strong> es de vital importancia para los ciudadanos en el sistema de Seguridad Social:<\/p><ul><li><strong>Acceso a beneficios<\/strong>: El <strong>NAF<\/strong> facilita el acceso a los beneficios y servicios del sistema de Seguridad Social, garantizando la protecci\u00f3n social y el bienestar econ\u00f3mico de los trabajadores y sus familias.<\/li><li><strong>Gesti\u00f3n de tr\u00e1mites<\/strong>: Adem\u00e1s, el <strong>NAF<\/strong> simplifica la gesti\u00f3n de tr\u00e1mites administrativos y contribuye a la eficiencia del sistema laboral y social en su conjunto.<\/li><\/ul>\t\t\t\t\t\t\t\t<\/div>\n\t\t\t\t<\/div>\n\t\t\t\t\t<\/div>\n\t\t\t\t<\/div>\n\t\t<div class=\"elementor-element elementor-element-379c40a e-flex e-con-boxed e-con e-parent\" data-id=\"379c40a\" data-element_type=\"container\">\n\t\t\t\t\t<div class=\"e-con-inner\">\n\t\t\t\t<div class=\"elementor-element elementor-element-00339d9 elementor-widget elementor-widget-text-editor\" data-id=\"00339d9\" data-element_type=\"widget\" data-widget_type=\"text-editor.default\">\n\t\t\t\t<div class=\"elementor-widget-container\">\n\t\t\t\t\t\t\t\t\t<p>El <strong>NAF<\/strong> juega un papel fundamental en el contexto laboral y de la Seguridad Social. Su funci\u00f3n como identificador \u00fanico facilita la gesti\u00f3n de tr\u00e1mites administrativos y contribuye a la protecci\u00f3n social de los ciudadanos. Es esencial que los trabajadores comprendan la importancia del <strong>NAF<\/strong> y est\u00e9n al tanto de c\u00f3mo obtenerlo y utilizarlo correctamente para garantizar su plena participaci\u00f3n en el sistema laboral y social.<\/p>\t\t\t\t\t\t\t\t<\/div>\n\t\t\t\t<\/div>\n\t\t\t\t\t<\/div>\n\t\t\t\t<\/div>\n\t\t<div class=\"elementor-element elementor-element-5f17e512 e-flex e-con-boxed e-con e-parent\" data-id=\"5f17e512\" data-element_type=\"container\">\n\t\t\t\t\t<div class=\"e-con-inner\">\n\t\t<div class=\"elementor-element elementor-element-8d83bf6 e-flex e-con-boxed e-con e-child\" data-id=\"8d83bf6\" data-element_type=\"container\">\n\t\t\t\t\t<div class=\"e-con-inner\">\n\t\t\t\t<div class=\"elementor-element elementor-element-64fffc66 elementor-widget elementor-widget-heading\" data-id=\"64fffc66\" data-element_type=\"widget\" data-widget_type=\"heading.default\">\n\t\t\t\t<div class=\"elementor-widget-container\">\n\t\t\t\t\t<h3 class=\"elementor-heading-title elementor-size-default\">Preguntas frecuentes<\/h3>\t\t\t\t<\/div>\n\t\t\t\t<\/div>\n\t\t\t\t\t<\/div>\n\t\t\t\t<\/div>\n\t\t<div class=\"elementor-element elementor-element-9100f52 e-flex e-con-boxed e-con e-child\" data-id=\"9100f52\" data-element_type=\"container\">\n\t\t\t\t\t<div class=\"e-con-inner\">\n\t\t\t\t<div class=\"elementor-element elementor-element-76c5faf6 elementor-widget elementor-widget-heading\" data-id=\"76c5faf6\" data-element_type=\"widget\" data-widget_type=\"heading.default\">\n\t\t\t\t<div class=\"elementor-widget-container\">\n\t\t\t\t\t<h4 class=\"elementor-heading-title elementor-size-default\">\u00bfC\u00f3mo puedo obtener mi NAF si nunca he trabajado?<\/h4>\t\t\t\t<\/div>\n\t\t\t\t<\/div>\n\t\t\t\t<div class=\"elementor-element elementor-element-25e904d2 elementor-widget elementor-widget-text-editor\" data-id=\"25e904d2\" data-element_type=\"widget\" data-widget_type=\"text-editor.default\">\n\t\t\t\t<div class=\"elementor-widget-container\">\n\t\t\t\t\t\t\t\t\t<p>Si es la primera vez que necesitas un NAF, puedes solicitarlo en una oficina de la Seguridad Social. Solo necesitas presentar tu DNI o NIE, y completar el formulario correspondiente. No es necesario tener un contrato de trabajo para obtenerlo, ya que tambi\u00e9n lo puedes solicitar como aut\u00f3nomo o por otros motivos.<\/p>\t\t\t\t\t\t\t\t<\/div>\n\t\t\t\t<\/div>\n\t\t\t\t\t<\/div>\n\t\t\t\t<\/div>\n\t\t<div class=\"elementor-element elementor-element-271fa0c1 e-flex e-con-boxed e-con e-child\" data-id=\"271fa0c1\" data-element_type=\"container\">\n\t\t\t\t\t<div class=\"e-con-inner\">\n\t\t\t\t<div class=\"elementor-element elementor-element-6e647b3f elementor-widget elementor-widget-heading\" data-id=\"6e647b3f\" data-element_type=\"widget\" data-widget_type=\"heading.default\">\n\t\t\t\t<div class=\"elementor-widget-container\">\n\t\t\t\t\t<h4 class=\"elementor-heading-title elementor-size-default\"> \u00bfD\u00f3nde puedo encontrar mi NAF si ya lo tengo?<\/h4>\t\t\t\t<\/div>\n\t\t\t\t<\/div>\n\t\t\t\t<div class=\"elementor-element elementor-element-75eb8fc1 elementor-widget elementor-widget-text-editor\" data-id=\"75eb8fc1\" data-element_type=\"widget\" data-widget_type=\"text-editor.default\">\n\t\t\t\t<div class=\"elementor-widget-container\">\n\t\t\t\t\t\t\t\t\t<p>Tu NAF aparece en documentos oficiales, como tu contrato de trabajo, n\u00f3minas, la tarjeta sanitaria, o en informes de vida laboral. Tambi\u00e9n puedes solicitarlo directamente a trav\u00e9s de las oficinas de la Seguridad Social o su sede electr\u00f3nica.<\/p>\t\t\t\t\t\t\t\t<\/div>\n\t\t\t\t<\/div>\n\t\t\t\t\t<\/div>\n\t\t\t\t<\/div>\n\t\t<div class=\"elementor-element elementor-element-17b761a7 e-flex e-con-boxed e-con e-child\" data-id=\"17b761a7\" data-element_type=\"container\">\n\t\t\t\t\t<div class=\"e-con-inner\">\n\t\t\t\t<div class=\"elementor-element elementor-element-16f4b8a0 elementor-widget elementor-widget-heading\" data-id=\"16f4b8a0\" data-element_type=\"widget\" data-widget_type=\"heading.default\">\n\t\t\t\t<div class=\"elementor-widget-container\">\n\t\t\t\t\t<h4 class=\"elementor-heading-title elementor-size-default\">\u00bfEs lo mismo el NAF que el n\u00famero de la Seguridad Social?<\/h4>\t\t\t\t<\/div>\n\t\t\t\t<\/div>\n\t\t\t\t<div class=\"elementor-element elementor-element-1ef7d523 elementor-widget elementor-widget-text-editor\" data-id=\"1ef7d523\" data-element_type=\"widget\" data-widget_type=\"text-editor.default\">\n\t\t\t\t<div class=\"elementor-widget-container\">\n\t\t\t\t\t\t\t\t\t<p>No. Aunque est\u00e1n relacionados, el n\u00famero de la Seguridad Social (NUSS) es un c\u00f3digo previo que se asigna a cualquier persona para que pueda ser identificada en el sistema, independientemente de su actividad laboral. Una vez que comienzas a cotizar, ese n\u00famero se convierte en tu NAF.<\/p>\t\t\t\t\t\t\t\t<\/div>\n\t\t\t\t<\/div>\n\t\t\t\t\t<\/div>\n\t\t\t\t<\/div>\n\t\t<div class=\"elementor-element elementor-element-4933ffeb e-flex e-con-boxed e-con e-child\" data-id=\"4933ffeb\" data-element_type=\"container\">\n\t\t\t\t\t<div class=\"e-con-inner\">\n\t\t\t\t<div class=\"elementor-element elementor-element-5f9b8833 elementor-widget elementor-widget-heading\" data-id=\"5f9b8833\" data-element_type=\"widget\" data-widget_type=\"heading.default\">\n\t\t\t\t<div class=\"elementor-widget-container\">\n\t\t\t\t\t<h4 class=\"elementor-heading-title elementor-size-default\">\u00bfQu\u00e9 hago si pierdo o no recuerdo mi NAF?<\/h4>\t\t\t\t<\/div>\n\t\t\t\t<\/div>\n\t\t\t\t<div class=\"elementor-element elementor-element-41fb4bdb elementor-widget elementor-widget-text-editor\" data-id=\"41fb4bdb\" data-element_type=\"widget\" data-widget_type=\"text-editor.default\">\n\t\t\t\t<div class=\"elementor-widget-container\">\n\t\t\t\t\t\t\t\t\t<p>Si no recuerdas tu NAF, puedes recuperarlo f\u00e1cilmente. Consulta tus n\u00f3minas, tarjeta sanitaria, o pide un informe de vida laboral en la Seguridad Social. Tambi\u00e9n puedes contactar con la Seguridad Social de forma presencial o a trav\u00e9s de su web.<\/p>\t\t\t\t\t\t\t\t<\/div>\n\t\t\t\t<\/div>\n\t\t\t\t\t<\/div>\n\t\t\t\t<\/div>\n\t\t\t\t\t<\/div>\n\t\t\t\t<\/div>\n\t\t<div class=\"elementor-element elementor-element-15d5455 e-flex e-con-boxed e-con e-parent\" data-id=\"15d5455\" data-element_type=\"container\">\n\t\t\t\t\t<div class=\"e-con-inner\">\n\t\t<div class=\"elementor-element elementor-element-ad0e27e e-con-full e-flex e-con e-child\" data-id=\"ad0e27e\" data-element_type=\"container\">\n\t\t\t\t<div class=\"elementor-element elementor-element-25849eb9 elementor-widget elementor-widget-spacer\" data-id=\"25849eb9\" data-element_type=\"widget\" data-widget_type=\"spacer.default\">\n\t\t\t\t<div class=\"elementor-widget-container\">\n\t\t\t\t\t\t\t<div class=\"elementor-spacer\">\n\t\t\t<div class=\"elementor-spacer-inner\"><\/div>\n\t\t<\/div>\n\t\t\t\t\t\t<\/div>\n\t\t\t\t<\/div>\n\t\t\t\t<\/div>\n\t\t<div class=\"elementor-element elementor-element-1f4da38e e-con-full e-flex e-con e-child\" data-id=\"1f4da38e\" data-element_type=\"container\">\n\t\t\t\t<div class=\"elementor-element elementor-element-2f5e93d2 elementor-widget elementor-widget-heading\" data-id=\"2f5e93d2\" data-element_type=\"widget\" data-widget_type=\"heading.default\">\n\t\t\t\t<div class=\"elementor-widget-container\">\n\t\t\t\t\t<h3 class=\"elementor-heading-title elementor-size-default\">No te pierdas...<\/h3>\t\t\t\t<\/div>\n\t\t\t\t<\/div>\n\t\t\t\t<\/div>\n\t\t<div class=\"elementor-element elementor-element-4a3954af e-con-full e-flex e-con e-child\" data-id=\"4a3954af\" data-element_type=\"container\">\n\t\t\t\t<div class=\"elementor-element elementor-element-16b4493b elementor-widget elementor-widget-katen-post-five\" data-id=\"16b4493b\" data-element_type=\"widget\" data-widget_type=\"katen-post-five.default\">\n\t\t\t\t<div class=\"elementor-widget-container\">\n\t\t\t\t\t\t\t<div class=\"padding-30 rounded bordered\">\n\n\t\t\t<div class=\"row infinite-wrapper\">\n\n\t\t\t\n\t\t\t\t<div class=\"col-md-12 col-sm-6 post-list-item post-item\">\n\t\t\t\t\t<!-- post -->\n\t\t\t\t\t<div class=\"post post-list clearfix\">\n\n\t\t\t\t\t\t<div class=\"thumb rounded\"><div class=\"inner\"><a href=\"https:\/\/finanedi.es\/blog\/modelo-131-irpf-empresarios-y-profesionales-en-estimacion-objetiva\/\"><img fetchpriority=\"high\" decoding=\"async\" width=\"330\" height=\"250\" src=\"https:\/\/finanedi.es\/blog\/contenido\/uploads\/2025\/05\/Modelo-131.-IRPF.-Empresarios-y-profesionales-en-Estimacion-Objetiva-330x250.jpg\" class=\"attachment-katen-thumb-list size-katen-thumb-list wp-post-image\" alt=\"Modelo 131. IRPF. Empresarios y profesionales en Estimaci\u00f3n Objetiva\" \/><\/a><\/div><\/div>  \n\n\t\t\t\t\t\t<div class=\"details clearfix\">\n\t\t\t\t\t\t\t<ul class=\"meta list-inline mb-3\">\n\t\t\t\t\t\t\t\t<li class=\"list-inline-item\"><a href=\"https:\/\/finanedi.es\/blog\/category\/contabilidad\/\">Contabilidad<\/a><\/li>\t\t\t\t\t\t\t<\/ul>\n\t\t\t\t\t\t\t<h5 class=\"post-title\"><a href=\"https:\/\/finanedi.es\/blog\/modelo-131-irpf-empresarios-y-profesionales-en-estimacion-objetiva\/\">Modelo 131. IRPF. Empresarios y profesionales en Estimaci\u00f3n Objetiva<\/a><\/h5>\n\t\t\t\t\t\t\t<p class=\"excerpt mb-0\">\n\t\t\t\t\t\t\t\tPara muchos aut\u00f3nomos y peque\u00f1as empresas, enfrentarse a las obligaciones fiscales puede ser un quebradero&hellip;\t\t\t\t\t\t\t<\/p>\n\t\t\t\t\t\t\t<div class=\"post-bottom clearfix d-flex align-items-center\">\n\t\t\t\t\t\t\t\t\t\t\t\t\t\t\t\t\t\t\t\t\t\t\t<\/div>\n\t\t\t\t\t\t<\/div>\n\t\t\t\t\t<\/div>\n\t\t\t\t<\/div>\n\n\t\t\t\n\t\t\t\t<div class=\"col-md-12 col-sm-6 post-list-item post-item\">\n\t\t\t\t\t<!-- post -->\n\t\t\t\t\t<div class=\"post post-list clearfix\">\n\n\t\t\t\t\t\t<div class=\"thumb rounded\"><div class=\"inner\"><a href=\"https:\/\/finanedi.es\/blog\/que-es-el-asiento-de-cierre-contable\/\"><img decoding=\"async\" width=\"330\" height=\"250\" src=\"https:\/\/finanedi.es\/blog\/contenido\/uploads\/2024\/07\/cierre-contable-330x250.jpg\" class=\"attachment-katen-thumb-list size-katen-thumb-list wp-post-image\" alt=\"\u00bfQu\u00e9 es el asiento de cierre contable?\" \/><\/a><\/div><\/div>  \n\n\t\t\t\t\t\t<div class=\"details clearfix\">\n\t\t\t\t\t\t\t<ul class=\"meta list-inline mb-3\">\n\t\t\t\t\t\t\t\t<li class=\"list-inline-item\"><a href=\"https:\/\/finanedi.es\/blog\/category\/contabilidad\/\">Contabilidad<\/a><\/li>\t\t\t\t\t\t\t<\/ul>\n\t\t\t\t\t\t\t<h5 class=\"post-title\"><a href=\"https:\/\/finanedi.es\/blog\/que-es-el-asiento-de-cierre-contable\/\">\u00bfQu\u00e9 es el asiento de cierre contable?<\/a><\/h5>\n\t\t\t\t\t\t\t<p class=\"excerpt mb-0\">\n\t\t\t\t\t\t\t\tEl cierre contable es un proceso esencial en la gesti\u00f3n financiera de cualquier empresa. Consiste&hellip;\t\t\t\t\t\t\t<\/p>\n\t\t\t\t\t\t\t<div class=\"post-bottom clearfix d-flex align-items-center\">\n\t\t\t\t\t\t\t\t\t\t\t\t\t\t\t\t\t\t\t\t\t\t\t<\/div>\n\t\t\t\t\t\t<\/div>\n\t\t\t\t\t<\/div>\n\t\t\t\t<\/div>\n\n\t\t\t\n\t\t\t\t<div class=\"col-md-12 col-sm-6 post-list-item post-item\">\n\t\t\t\t\t<!-- post -->\n\t\t\t\t\t<div class=\"post post-list clearfix\">\n\n\t\t\t\t\t\t<div class=\"thumb rounded\"><div class=\"inner\"><a href=\"https:\/\/finanedi.es\/blog\/plan-general-contable-para-pymes-pgc\/\"><img decoding=\"async\" width=\"330\" height=\"250\" src=\"https:\/\/finanedi.es\/blog\/contenido\/uploads\/2025\/03\/Plan-General-Contable-para-pymes-330x250.jpg\" class=\"attachment-katen-thumb-list size-katen-thumb-list wp-post-image\" alt=\"Plan General Contable para pymes\" \/><\/a><\/div><\/div>  \n\n\t\t\t\t\t\t<div class=\"details clearfix\">\n\t\t\t\t\t\t\t<ul class=\"meta list-inline mb-3\">\n\t\t\t\t\t\t\t\t<li class=\"list-inline-item\"><a href=\"https:\/\/finanedi.es\/blog\/category\/contabilidad\/\">Contabilidad<\/a><\/li>\t\t\t\t\t\t\t<\/ul>\n\t\t\t\t\t\t\t<h5 class=\"post-title\"><a href=\"https:\/\/finanedi.es\/blog\/plan-general-contable-para-pymes-pgc\/\">Plan General Contable (PGC) para pymes: Facilita tu gesti\u00f3n financiera<\/a><\/h5>\n\t\t\t\t\t\t\t<p class=\"excerpt mb-0\">\n\t\t\t\t\t\t\t\tLlevar las cuentas de un negocio puede ser un reto, pero \u00bfsab\u00edas que existe un&hellip;\t\t\t\t\t\t\t<\/p>\n\t\t\t\t\t\t\t<div class=\"post-bottom clearfix d-flex align-items-center\">\n\t\t\t\t\t\t\t\t\t\t\t\t\t\t\t\t\t\t\t\t\t\t\t<\/div>\n\t\t\t\t\t\t<\/div>\n\t\t\t\t\t<\/div>\n\t\t\t\t<\/div>\n\n\t\t\t\n\t\t\t\t<div class=\"col-md-12 col-sm-6 post-list-item post-item\">\n\t\t\t\t\t<!-- post -->\n\t\t\t\t\t<div class=\"post post-list clearfix\">\n\n\t\t\t\t\t\t<div class=\"thumb rounded\"><div class=\"inner\"><a href=\"https:\/\/finanedi.es\/blog\/como-resolver-problemas-con-el-certificado-digital-en-finanedi\/\"><img loading=\"lazy\" decoding=\"async\" width=\"330\" height=\"250\" src=\"https:\/\/finanedi.es\/blog\/contenido\/uploads\/2024\/03\/Resolver-problemas-certificado-digital-330x250.jpg\" class=\"attachment-katen-thumb-list size-katen-thumb-list wp-post-image\" alt=\"Resolver problemas certificado digital\" \/><\/a><\/div><\/div>  \n\n\t\t\t\t\t\t<div class=\"details clearfix\">\n\t\t\t\t\t\t\t<ul class=\"meta list-inline mb-3\">\n\t\t\t\t\t\t\t\t<li class=\"list-inline-item\"><a href=\"https:\/\/finanedi.es\/blog\/category\/paso-a-paso\/\">Descubre FinanEDI<\/a><\/li>\t\t\t\t\t\t\t<\/ul>\n\t\t\t\t\t\t\t<h5 class=\"post-title\"><a href=\"https:\/\/finanedi.es\/blog\/como-resolver-problemas-con-el-certificado-digital-en-finanedi\/\">C\u00f3mo resolver problemas con el certificado digital en FinanEDI<\/a><\/h5>\n\t\t\t\t\t\t\t<p class=\"excerpt mb-0\">\n\t\t\t\t\t\t\t\tSi has experimentado dificultades al utilizar el certificado digital, \u00a1has llegado al lugar adecuado! Aqu\u00ed&hellip;\t\t\t\t\t\t\t<\/p>\n\t\t\t\t\t\t\t<div class=\"post-bottom clearfix d-flex align-items-center\">\n\t\t\t\t\t\t\t\t\t\t\t\t\t\t\t\t\t\t\t\t\t\t\t<\/div>\n\t\t\t\t\t\t<\/div>\n\t\t\t\t\t<\/div>\n\t\t\t\t<\/div>\n\n\t\t\t\n\t\t\t<\/div>\n\n\t\t<\/div>\n\t\t\n        \t\t\t\t<\/div>\n\t\t\t\t<\/div>\n\t\t\t\t<\/div>\n\t\t\t\t\t<\/div>\n\t\t\t\t<\/div>\n\t\t\t\t<\/div>\n\t\t","protected":false},"excerpt":{"rendered":"<p>En este art\u00edculo, exploraremos en detalle qu\u00e9 es el NAF, cu\u00e1les son sus funciones principales, c\u00f3mo obtenerlo y por qu\u00e9 es tan relevante para los ciudadanos en el \u00e1mbito laboral y social. Adem\u00e1s, aclararemos las diferencias entre el NAF y el NUSS.<\/p>\n","protected":false},"author":3,"featured_media":834,"comment_status":"closed","ping_status":"open","sticky":false,"template":"","format":"standard","meta":{"_monsterinsights_skip_tracking":false,"_monsterinsights_sitenote_active":false,"_monsterinsights_sitenote_note":"","_monsterinsights_sitenote_category":0,"footnotes":""},"categories":[8],"tags":[63],"class_list":["post-832","post","type-post","status-publish","format-standard","has-post-thumbnail","hentry","category-autonomos","tag-glosario-empresarial"],"yoast_head":"<!-- This site is optimized with the Yoast SEO plugin v26.2 - https:\/\/yoast.com\/wordpress\/plugins\/seo\/ -->\n<title>\u00bfQu\u00e9 es el NAF y para qu\u00e9 sirve? Todo lo que necesitas saber<\/title>\n<meta name=\"description\" content=\"Conoce qu\u00e9 es el NAF, su importancia en la Seguridad Social y c\u00f3mo identificarlo para realizar tr\u00e1mites administrativos.\" \/>\n<meta name=\"robots\" content=\"index, follow, max-snippet:-1, max-image-preview:large, max-video-preview:-1\" \/>\n<link rel=\"canonical\" href=\"https:\/\/finanedi.es\/blog\/naf-que-es-y-para-que-sirve\/\" \/>\n<meta property=\"og:locale\" content=\"es_ES\" \/>\n<meta property=\"og:type\" content=\"article\" \/>\n<meta property=\"og:title\" content=\"\u00bfQu\u00e9 es el NAF y para qu\u00e9 sirve? Todo lo que necesitas saber\" \/>\n<meta property=\"og:description\" content=\"Conoce qu\u00e9 es el NAF, su importancia en la Seguridad Social y c\u00f3mo identificarlo para realizar tr\u00e1mites administrativos.\" \/>\n<meta property=\"og:url\" content=\"https:\/\/finanedi.es\/blog\/naf-que-es-y-para-que-sirve\/\" \/>\n<meta property=\"og:site_name\" content=\"Blog para pymes y aut\u00f3nomos - FinanEDI\" \/>\n<meta property=\"article:published_time\" content=\"2024-06-20T06:55:49+00:00\" \/>\n<meta property=\"article:modified_time\" content=\"2025-01-08T14:48:37+00:00\" \/>\n<meta property=\"og:image\" content=\"https:\/\/finanedi.es\/blog\/contenido\/uploads\/2024\/05\/arlington-research-WMdtbsQ5ouA-unsplash.jpg\" \/>\n\t<meta property=\"og:image:width\" content=\"2000\" \/>\n\t<meta property=\"og:image:height\" content=\"1335\" \/>\n\t<meta property=\"og:image:type\" content=\"image\/jpeg\" \/>\n<meta name=\"author\" content=\"restevez\" \/>\n<meta name=\"twitter:card\" content=\"summary_large_image\" \/>\n<meta name=\"twitter:label1\" content=\"Escrito por\" \/>\n\t<meta name=\"twitter:data1\" content=\"restevez\" \/>\n\t<meta name=\"twitter:label2\" content=\"Tiempo de lectura\" \/>\n\t<meta name=\"twitter:data2\" content=\"6 minutos\" \/>\n<script type=\"application\/ld+json\" class=\"yoast-schema-graph\">{\"@context\":\"https:\/\/schema.org\",\"@graph\":[{\"@type\":\"Article\",\"@id\":\"https:\/\/finanedi.es\/blog\/naf-que-es-y-para-que-sirve\/#article\",\"isPartOf\":{\"@id\":\"https:\/\/finanedi.es\/blog\/naf-que-es-y-para-que-sirve\/\"},\"author\":{\"name\":\"restevez\",\"@id\":\"https:\/\/finanedi.es\/blog\/#\/schema\/person\/233ed58195d34f36f74f13ba1030ebd8\"},\"headline\":\"NAF: \u00bfQu\u00e9 es y para qu\u00e9 sirve?\",\"datePublished\":\"2024-06-20T06:55:49+00:00\",\"dateModified\":\"2025-01-08T14:48:37+00:00\",\"mainEntityOfPage\":{\"@id\":\"https:\/\/finanedi.es\/blog\/naf-que-es-y-para-que-sirve\/\"},\"wordCount\":1013,\"publisher\":{\"@id\":\"https:\/\/finanedi.es\/blog\/#organization\"},\"image\":{\"@id\":\"https:\/\/finanedi.es\/blog\/naf-que-es-y-para-que-sirve\/#primaryimage\"},\"thumbnailUrl\":\"https:\/\/finanedi.es\/blog\/contenido\/uploads\/2024\/05\/arlington-research-WMdtbsQ5ouA-unsplash.jpg\",\"keywords\":[\"Glosario empresarial\"],\"articleSection\":[\"Aut\u00f3nomos\"],\"inLanguage\":\"es\"},{\"@type\":\"WebPage\",\"@id\":\"https:\/\/finanedi.es\/blog\/naf-que-es-y-para-que-sirve\/\",\"url\":\"https:\/\/finanedi.es\/blog\/naf-que-es-y-para-que-sirve\/\",\"name\":\"\u00bfQu\u00e9 es el NAF y para qu\u00e9 sirve? Todo lo que necesitas saber\",\"isPartOf\":{\"@id\":\"https:\/\/finanedi.es\/blog\/#website\"},\"primaryImageOfPage\":{\"@id\":\"https:\/\/finanedi.es\/blog\/naf-que-es-y-para-que-sirve\/#primaryimage\"},\"image\":{\"@id\":\"https:\/\/finanedi.es\/blog\/naf-que-es-y-para-que-sirve\/#primaryimage\"},\"thumbnailUrl\":\"https:\/\/finanedi.es\/blog\/contenido\/uploads\/2024\/05\/arlington-research-WMdtbsQ5ouA-unsplash.jpg\",\"datePublished\":\"2024-06-20T06:55:49+00:00\",\"dateModified\":\"2025-01-08T14:48:37+00:00\",\"description\":\"Conoce qu\u00e9 es el NAF, su importancia en la Seguridad Social y c\u00f3mo identificarlo para realizar tr\u00e1mites administrativos.\",\"breadcrumb\":{\"@id\":\"https:\/\/finanedi.es\/blog\/naf-que-es-y-para-que-sirve\/#breadcrumb\"},\"inLanguage\":\"es\",\"potentialAction\":[{\"@type\":\"ReadAction\",\"target\":[\"https:\/\/finanedi.es\/blog\/naf-que-es-y-para-que-sirve\/\"]}]},{\"@type\":\"ImageObject\",\"inLanguage\":\"es\",\"@id\":\"https:\/\/finanedi.es\/blog\/naf-que-es-y-para-que-sirve\/#primaryimage\",\"url\":\"https:\/\/finanedi.es\/blog\/contenido\/uploads\/2024\/05\/arlington-research-WMdtbsQ5ouA-unsplash.jpg\",\"contentUrl\":\"https:\/\/finanedi.es\/blog\/contenido\/uploads\/2024\/05\/arlington-research-WMdtbsQ5ouA-unsplash.jpg\",\"width\":2000,\"height\":1335,\"caption\":\"NAF: \u00bfQu\u00e9 es y para qu\u00e9 sirve?\"},{\"@type\":\"BreadcrumbList\",\"@id\":\"https:\/\/finanedi.es\/blog\/naf-que-es-y-para-que-sirve\/#breadcrumb\",\"itemListElement\":[{\"@type\":\"ListItem\",\"position\":1,\"name\":\"Home\",\"item\":\"https:\/\/finanedi.es\/blog\/\"},{\"@type\":\"ListItem\",\"position\":2,\"name\":\"NAF: \u00bfQu\u00e9 es y para qu\u00e9 sirve?\"}]},{\"@type\":\"WebSite\",\"@id\":\"https:\/\/finanedi.es\/blog\/#website\",\"url\":\"https:\/\/finanedi.es\/blog\/\",\"name\":\"Blog para pymes y aut\u00f3nomos - FinanEDI\",\"description\":\"Blog para aut\u00f3nomos y PYMES, sobre temas como facturaci\u00f3n, contabilidad, tecnolog\u00eda.\",\"publisher\":{\"@id\":\"https:\/\/finanedi.es\/blog\/#organization\"},\"potentialAction\":[{\"@type\":\"SearchAction\",\"target\":{\"@type\":\"EntryPoint\",\"urlTemplate\":\"https:\/\/finanedi.es\/blog\/?s={search_term_string}\"},\"query-input\":{\"@type\":\"PropertyValueSpecification\",\"valueRequired\":true,\"valueName\":\"search_term_string\"}}],\"inLanguage\":\"es\"},{\"@type\":\"Organization\",\"@id\":\"https:\/\/finanedi.es\/blog\/#organization\",\"name\":\"Blog para pymes y aut\u00f3nomos - FinanEDI\",\"url\":\"https:\/\/finanedi.es\/blog\/\",\"logo\":{\"@type\":\"ImageObject\",\"inLanguage\":\"es\",\"@id\":\"https:\/\/finanedi.es\/blog\/#\/schema\/logo\/image\/\",\"url\":\"https:\/\/finanedi.es\/blog\/contenido\/uploads\/2024\/02\/FinanEdiAzul1.svg\",\"contentUrl\":\"https:\/\/finanedi.es\/blog\/contenido\/uploads\/2024\/02\/FinanEdiAzul1.svg\",\"width\":142,\"height\":36,\"caption\":\"Blog para pymes y aut\u00f3nomos - FinanEDI\"},\"image\":{\"@id\":\"https:\/\/finanedi.es\/blog\/#\/schema\/logo\/image\/\"}},{\"@type\":\"Person\",\"@id\":\"https:\/\/finanedi.es\/blog\/#\/schema\/person\/233ed58195d34f36f74f13ba1030ebd8\",\"name\":\"restevez\",\"image\":{\"@type\":\"ImageObject\",\"inLanguage\":\"es\",\"@id\":\"https:\/\/finanedi.es\/blog\/#\/schema\/person\/image\/\",\"url\":\"https:\/\/secure.gravatar.com\/avatar\/6c4880db9746e4aa887a98e0ebf657788804dc4280120ef10331a2e6ebb4a9a0?s=96&d=mm&r=g\",\"contentUrl\":\"https:\/\/secure.gravatar.com\/avatar\/6c4880db9746e4aa887a98e0ebf657788804dc4280120ef10331a2e6ebb4a9a0?s=96&d=mm&r=g\",\"caption\":\"restevez\"},\"url\":\"https:\/\/finanedi.es\/blog\/author\/restevez\/\"}]}<\/script>\n<!-- \/ Yoast SEO plugin. -->","yoast_head_json":{"title":"\u00bfQu\u00e9 es el NAF y para qu\u00e9 sirve? Todo lo que necesitas saber","description":"Conoce qu\u00e9 es el NAF, su importancia en la Seguridad Social y c\u00f3mo identificarlo para realizar tr\u00e1mites administrativos.","robots":{"index":"index","follow":"follow","max-snippet":"max-snippet:-1","max-image-preview":"max-image-preview:large","max-video-preview":"max-video-preview:-1"},"canonical":"https:\/\/finanedi.es\/blog\/naf-que-es-y-para-que-sirve\/","og_locale":"es_ES","og_type":"article","og_title":"\u00bfQu\u00e9 es el NAF y para qu\u00e9 sirve? Todo lo que necesitas saber","og_description":"Conoce qu\u00e9 es el NAF, su importancia en la Seguridad Social y c\u00f3mo identificarlo para realizar tr\u00e1mites administrativos.","og_url":"https:\/\/finanedi.es\/blog\/naf-que-es-y-para-que-sirve\/","og_site_name":"Blog para pymes y aut\u00f3nomos - FinanEDI","article_published_time":"2024-06-20T06:55:49+00:00","article_modified_time":"2025-01-08T14:48:37+00:00","og_image":[{"width":2000,"height":1335,"url":"https:\/\/finanedi.es\/blog\/contenido\/uploads\/2024\/05\/arlington-research-WMdtbsQ5ouA-unsplash.jpg","type":"image\/jpeg"}],"author":"restevez","twitter_card":"summary_large_image","twitter_misc":{"Escrito por":"restevez","Tiempo de lectura":"6 minutos"},"schema":{"@context":"https:\/\/schema.org","@graph":[{"@type":"Article","@id":"https:\/\/finanedi.es\/blog\/naf-que-es-y-para-que-sirve\/#article","isPartOf":{"@id":"https:\/\/finanedi.es\/blog\/naf-que-es-y-para-que-sirve\/"},"author":{"name":"restevez","@id":"https:\/\/finanedi.es\/blog\/#\/schema\/person\/233ed58195d34f36f74f13ba1030ebd8"},"headline":"NAF: \u00bfQu\u00e9 es y para qu\u00e9 sirve?","datePublished":"2024-06-20T06:55:49+00:00","dateModified":"2025-01-08T14:48:37+00:00","mainEntityOfPage":{"@id":"https:\/\/finanedi.es\/blog\/naf-que-es-y-para-que-sirve\/"},"wordCount":1013,"publisher":{"@id":"https:\/\/finanedi.es\/blog\/#organization"},"image":{"@id":"https:\/\/finanedi.es\/blog\/naf-que-es-y-para-que-sirve\/#primaryimage"},"thumbnailUrl":"https:\/\/finanedi.es\/blog\/contenido\/uploads\/2024\/05\/arlington-research-WMdtbsQ5ouA-unsplash.jpg","keywords":["Glosario empresarial"],"articleSection":["Aut\u00f3nomos"],"inLanguage":"es"},{"@type":"WebPage","@id":"https:\/\/finanedi.es\/blog\/naf-que-es-y-para-que-sirve\/","url":"https:\/\/finanedi.es\/blog\/naf-que-es-y-para-que-sirve\/","name":"\u00bfQu\u00e9 es el NAF y para qu\u00e9 sirve? Todo lo que necesitas saber","isPartOf":{"@id":"https:\/\/finanedi.es\/blog\/#website"},"primaryImageOfPage":{"@id":"https:\/\/finanedi.es\/blog\/naf-que-es-y-para-que-sirve\/#primaryimage"},"image":{"@id":"https:\/\/finanedi.es\/blog\/naf-que-es-y-para-que-sirve\/#primaryimage"},"thumbnailUrl":"https:\/\/finanedi.es\/blog\/contenido\/uploads\/2024\/05\/arlington-research-WMdtbsQ5ouA-unsplash.jpg","datePublished":"2024-06-20T06:55:49+00:00","dateModified":"2025-01-08T14:48:37+00:00","description":"Conoce qu\u00e9 es el NAF, su importancia en la Seguridad Social y c\u00f3mo identificarlo para realizar tr\u00e1mites administrativos.","breadcrumb":{"@id":"https:\/\/finanedi.es\/blog\/naf-que-es-y-para-que-sirve\/#breadcrumb"},"inLanguage":"es","potentialAction":[{"@type":"ReadAction","target":["https:\/\/finanedi.es\/blog\/naf-que-es-y-para-que-sirve\/"]}]},{"@type":"ImageObject","inLanguage":"es","@id":"https:\/\/finanedi.es\/blog\/naf-que-es-y-para-que-sirve\/#primaryimage","url":"https:\/\/finanedi.es\/blog\/contenido\/uploads\/2024\/05\/arlington-research-WMdtbsQ5ouA-unsplash.jpg","contentUrl":"https:\/\/finanedi.es\/blog\/contenido\/uploads\/2024\/05\/arlington-research-WMdtbsQ5ouA-unsplash.jpg","width":2000,"height":1335,"caption":"NAF: \u00bfQu\u00e9 es y para qu\u00e9 sirve?"},{"@type":"BreadcrumbList","@id":"https:\/\/finanedi.es\/blog\/naf-que-es-y-para-que-sirve\/#breadcrumb","itemListElement":[{"@type":"ListItem","position":1,"name":"Home","item":"https:\/\/finanedi.es\/blog\/"},{"@type":"ListItem","position":2,"name":"NAF: \u00bfQu\u00e9 es y para qu\u00e9 sirve?"}]},{"@type":"WebSite","@id":"https:\/\/finanedi.es\/blog\/#website","url":"https:\/\/finanedi.es\/blog\/","name":"Blog para pymes y aut\u00f3nomos - FinanEDI","description":"Blog para aut\u00f3nomos y PYMES, sobre temas como facturaci\u00f3n, contabilidad, tecnolog\u00eda.","publisher":{"@id":"https:\/\/finanedi.es\/blog\/#organization"},"potentialAction":[{"@type":"SearchAction","target":{"@type":"EntryPoint","urlTemplate":"https:\/\/finanedi.es\/blog\/?s={search_term_string}"},"query-input":{"@type":"PropertyValueSpecification","valueRequired":true,"valueName":"search_term_string"}}],"inLanguage":"es"},{"@type":"Organization","@id":"https:\/\/finanedi.es\/blog\/#organization","name":"Blog para pymes y aut\u00f3nomos - FinanEDI","url":"https:\/\/finanedi.es\/blog\/","logo":{"@type":"ImageObject","inLanguage":"es","@id":"https:\/\/finanedi.es\/blog\/#\/schema\/logo\/image\/","url":"https:\/\/finanedi.es\/blog\/contenido\/uploads\/2024\/02\/FinanEdiAzul1.svg","contentUrl":"https:\/\/finanedi.es\/blog\/contenido\/uploads\/2024\/02\/FinanEdiAzul1.svg","width":142,"height":36,"caption":"Blog para pymes y aut\u00f3nomos - FinanEDI"},"image":{"@id":"https:\/\/finanedi.es\/blog\/#\/schema\/logo\/image\/"}},{"@type":"Person","@id":"https:\/\/finanedi.es\/blog\/#\/schema\/person\/233ed58195d34f36f74f13ba1030ebd8","name":"restevez","image":{"@type":"ImageObject","inLanguage":"es","@id":"https:\/\/finanedi.es\/blog\/#\/schema\/person\/image\/","url":"https:\/\/secure.gravatar.com\/avatar\/6c4880db9746e4aa887a98e0ebf657788804dc4280120ef10331a2e6ebb4a9a0?s=96&d=mm&r=g","contentUrl":"https:\/\/secure.gravatar.com\/avatar\/6c4880db9746e4aa887a98e0ebf657788804dc4280120ef10331a2e6ebb4a9a0?s=96&d=mm&r=g","caption":"restevez"},"url":"https:\/\/finanedi.es\/blog\/author\/restevez\/"}]}},"_links":{"self":[{"href":"https:\/\/finanedi.es\/blog\/wp-json\/wp\/v2\/posts\/832","targetHints":{"allow":["GET"]}}],"collection":[{"href":"https:\/\/finanedi.es\/blog\/wp-json\/wp\/v2\/posts"}],"about":[{"href":"https:\/\/finanedi.es\/blog\/wp-json\/wp\/v2\/types\/post"}],"author":[{"embeddable":true,"href":"https:\/\/finanedi.es\/blog\/wp-json\/wp\/v2\/users\/3"}],"replies":[{"embeddable":true,"href":"https:\/\/finanedi.es\/blog\/wp-json\/wp\/v2\/comments?post=832"}],"version-history":[{"count":34,"href":"https:\/\/finanedi.es\/blog\/wp-json\/wp\/v2\/posts\/832\/revisions"}],"predecessor-version":[{"id":8331,"href":"https:\/\/finanedi.es\/blog\/wp-json\/wp\/v2\/posts\/832\/revisions\/8331"}],"wp:featuredmedia":[{"embeddable":true,"href":"https:\/\/finanedi.es\/blog\/wp-json\/wp\/v2\/media\/834"}],"wp:attachment":[{"href":"https:\/\/finanedi.es\/blog\/wp-json\/wp\/v2\/media?parent=832"}],"wp:term":[{"taxonomy":"category","embeddable":true,"href":"https:\/\/finanedi.es\/blog\/wp-json\/wp\/v2\/categories?post=832"},{"taxonomy":"post_tag","embeddable":true,"href":"https:\/\/finanedi.es\/blog\/wp-json\/wp\/v2\/tags?post=832"}],"curies":[{"name":"wp","href":"https:\/\/api.w.org\/{rel}","templated":true}]}}