{"id":9534,"date":"2025-02-18T13:59:03","date_gmt":"2025-02-18T12:59:03","guid":{"rendered":"https:\/\/finanedi.es\/blog\/?p=9534"},"modified":"2025-02-18T14:07:49","modified_gmt":"2025-02-18T13:07:49","slug":"que-es-el-sii","status":"publish","type":"post","link":"https:\/\/finanedi.es\/blog\/que-es-el-sii\/","title":{"rendered":"Qu\u00e9 es el SII y c\u00f3mo afecta a tu facturaci\u00f3n"},"content":{"rendered":"\t\t<div data-elementor-type=\"wp-post\" data-elementor-id=\"9534\" class=\"elementor elementor-9534\">\n\t\t\t\t<div class=\"elementor-element elementor-element-8854ad8 e-flex e-con-boxed e-con e-parent\" data-id=\"8854ad8\" data-element_type=\"container\">\n\t\t\t\t\t<div class=\"e-con-inner\">\n\t\t\t\t<div class=\"elementor-element elementor-element-940cba3 elementor-widget elementor-widget-text-editor\" data-id=\"940cba3\" data-element_type=\"widget\" data-widget_type=\"text-editor.default\">\n\t\t\t\t<div class=\"elementor-widget-container\">\n\t\t\t\t\t\t\t\t\t<p data-pm-slice=\"1 1 []\">El entorno de la facturaci\u00f3n y la contabilidad empresarial en Espa\u00f1a ha evolucionado significativamente en los \u00faltimos a\u00f1os con la implementaci\u00f3n del<strong> Suministro Inmediato de Informaci\u00f3n (SII)<\/strong>. Este sistema supone un cambio importante en la forma en que las empresas comunican sus registros de facturaci\u00f3n a la Agencia Tributaria (AEAT). Pero, \u00bfqu\u00e9 es exactamente el SII y c\u00f3mo afecta a tu negocio<\/p>\t\t\t\t\t\t\t\t<\/div>\n\t\t\t\t<\/div>\n\t\t\t\t\t<\/div>\n\t\t\t\t<\/div>\n\t\t<div class=\"elementor-element elementor-element-fe33d6d e-flex e-con-boxed e-con e-parent\" data-id=\"fe33d6d\" data-element_type=\"container\">\n\t\t\t\t\t<div class=\"e-con-inner\">\n\t\t\t\t<div class=\"elementor-element elementor-element-8ca83d4 elementor-widget elementor-widget-heading\" data-id=\"8ca83d4\" data-element_type=\"widget\" data-widget_type=\"heading.default\">\n\t\t\t\t<div class=\"elementor-widget-container\">\n\t\t\t\t\t<h2 class=\"elementor-heading-title elementor-size-default\">\u00bfQu\u00e9 es el SII?<\/h2>\t\t\t\t<\/div>\n\t\t\t\t<\/div>\n\t\t\t\t\t<\/div>\n\t\t\t\t<\/div>\n\t\t<div class=\"elementor-element elementor-element-1d1301e e-flex e-con-boxed e-con e-parent\" data-id=\"1d1301e\" data-element_type=\"container\">\n\t\t\t\t\t<div class=\"e-con-inner\">\n\t\t\t\t<div class=\"elementor-element elementor-element-7809cb3 elementor-widget elementor-widget-text-editor\" data-id=\"7809cb3\" data-element_type=\"widget\" data-widget_type=\"text-editor.default\">\n\t\t\t\t<div class=\"elementor-widget-container\">\n\t\t\t\t\t\t\t\t\t<p data-pm-slice=\"1 1 []\">El <a href=\"https:\/\/sede.agenciatributaria.gob.es\/Sede\/iva\/suministro-inmediato-informacion.html\" target=\"_blank\" rel=\"noopener\">SII es un sistema de gesti\u00f3n del IVA<\/a> basado en el suministro electr\u00f3nico y casi inmediato de los registros de facturaci\u00f3n. Fue implantado en Espa\u00f1a el 1 de julio de 2017 y tiene como objetivo modernizar y agilizar la gesti\u00f3n del IVA, mejorando el control tributario y reduciendo el fraude fiscal.<\/p><p>A trav\u00e9s del SII, las empresas deben enviar a la <a href=\"https:\/\/sede.agenciatributaria.gob.es\/\" target=\"_blank\" rel=\"noopener\">AEAT<\/a> los datos de sus facturas emitidas y recibidas de forma telem\u00e1tica y casi en tiempo real. Este sistema sustituye la presentaci\u00f3n peri\u00f3dica de algunos modelos tributarios tradicionales.<\/p>\t\t\t\t\t\t\t\t<\/div>\n\t\t\t\t<\/div>\n\t\t\t\t<div class=\"elementor-element elementor-element-876cba8 elementor-widget elementor-widget-spacer\" data-id=\"876cba8\" data-element_type=\"widget\" data-widget_type=\"spacer.default\">\n\t\t\t\t<div class=\"elementor-widget-container\">\n\t\t\t\t\t\t\t<div class=\"elementor-spacer\">\n\t\t\t<div class=\"elementor-spacer-inner\"><\/div>\n\t\t<\/div>\n\t\t\t\t\t\t<\/div>\n\t\t\t\t<\/div>\n\t\t\t\t\t<\/div>\n\t\t\t\t<\/div>\n\t\t<div class=\"elementor-element elementor-element-f34a5ee e-flex e-con-boxed e-con e-parent\" data-id=\"f34a5ee\" data-element_type=\"container\">\n\t\t\t\t\t<div class=\"e-con-inner\">\n\t\t\t\t<div class=\"elementor-element elementor-element-c37e2b2 elementor-widget elementor-widget-heading\" data-id=\"c37e2b2\" data-element_type=\"widget\" data-widget_type=\"heading.default\">\n\t\t\t\t<div class=\"elementor-widget-container\">\n\t\t\t\t\t<h3 class=\"elementor-heading-title elementor-size-default\">\u00bfQui\u00e9nes est\u00e1n obligados a utilizar el SII?\n\n<\/h3>\t\t\t\t<\/div>\n\t\t\t\t<\/div>\n\t\t\t\t\t<\/div>\n\t\t\t\t<\/div>\n\t\t<div class=\"elementor-element elementor-element-768346d e-flex e-con-boxed e-con e-parent\" data-id=\"768346d\" data-element_type=\"container\">\n\t\t\t\t\t<div class=\"e-con-inner\">\n\t\t\t\t<div class=\"elementor-element elementor-element-614362e elementor-widget elementor-widget-text-editor\" data-id=\"614362e\" data-element_type=\"widget\" data-widget_type=\"text-editor.default\">\n\t\t\t\t<div class=\"elementor-widget-container\">\n\t\t\t\t\t\t\t\t\t<p data-pm-slice=\"1 1 []\">Actualmente, el uso del SII es obligatorio para:<\/p>\t\t\t\t\t\t\t\t<\/div>\n\t\t\t\t<\/div>\n\t\t\t\t\t<\/div>\n\t\t\t\t<\/div>\n\t\t<div class=\"elementor-element elementor-element-d11d25a e-flex e-con-boxed e-con e-parent\" data-id=\"d11d25a\" data-element_type=\"container\">\n\t\t\t\t\t<div class=\"e-con-inner\">\n\t\t\t\t<div class=\"elementor-element elementor-element-1ebbc69 elementor-widget elementor-widget-text-editor\" data-id=\"1ebbc69\" data-element_type=\"widget\" data-widget_type=\"text-editor.default\">\n\t\t\t\t<div class=\"elementor-widget-container\">\n\t\t\t\t\t\t\t\t\t<ul data-spread=\"false\" data-pm-slice=\"3 3 []\"><li><p>Grandes empresas con una facturaci\u00f3n anual superior a 6 millones de euros.<\/p><\/li><li><p>Empresas inscritas en el R\u00e9gimen de Devoluci\u00f3n Mensual del IVA (REDEME).<\/p><\/li><li><p>Grupos de entidades a efectos de IVA.<\/p><\/li><\/ul>\t\t\t\t\t\t\t\t<\/div>\n\t\t\t\t<\/div>\n\t\t\t\t\t<\/div>\n\t\t\t\t<\/div>\n\t\t<div class=\"elementor-element elementor-element-2f68676 e-flex e-con-boxed e-con e-parent\" data-id=\"2f68676\" data-element_type=\"container\">\n\t\t\t\t\t<div class=\"e-con-inner\">\n\t\t\t\t<div class=\"elementor-element elementor-element-8595384 elementor-widget elementor-widget-text-editor\" data-id=\"8595384\" data-element_type=\"widget\" data-widget_type=\"text-editor.default\">\n\t\t\t\t<div class=\"elementor-widget-container\">\n\t\t\t\t\t\t\t\t\t<p data-pm-slice=\"1 1 []\">No obstante, cualquier empresa puede acogerse voluntariamente al SII si considera que le resultar\u00e1 beneficioso.<\/p>\t\t\t\t\t\t\t\t<\/div>\n\t\t\t\t<\/div>\n\t\t\t\t<div class=\"elementor-element elementor-element-9fb0ba7 elementor-widget elementor-widget-spacer\" data-id=\"9fb0ba7\" data-element_type=\"widget\" data-widget_type=\"spacer.default\">\n\t\t\t\t<div class=\"elementor-widget-container\">\n\t\t\t\t\t\t\t<div class=\"elementor-spacer\">\n\t\t\t<div class=\"elementor-spacer-inner\"><\/div>\n\t\t<\/div>\n\t\t\t\t\t\t<\/div>\n\t\t\t\t<\/div>\n\t\t\t\t\t<\/div>\n\t\t\t\t<\/div>\n\t\t<div class=\"elementor-element elementor-element-6f97aa0 e-flex e-con-boxed e-con e-parent\" data-id=\"6f97aa0\" data-element_type=\"container\">\n\t\t\t\t\t<div class=\"e-con-inner\">\n\t\t\t\t<div class=\"elementor-element elementor-element-f6a0229 elementor-widget elementor-widget-heading\" data-id=\"f6a0229\" data-element_type=\"widget\" data-widget_type=\"heading.default\">\n\t\t\t\t<div class=\"elementor-widget-container\">\n\t\t\t\t\t<h3 class=\"elementor-heading-title elementor-size-default\">C\u00f3mo funciona el SII<\/h3>\t\t\t\t<\/div>\n\t\t\t\t<\/div>\n\t\t\t\t\t<\/div>\n\t\t\t\t<\/div>\n\t\t<div class=\"elementor-element elementor-element-5797c55 e-flex e-con-boxed e-con e-parent\" data-id=\"5797c55\" data-element_type=\"container\">\n\t\t\t\t\t<div class=\"e-con-inner\">\n\t\t\t\t<div class=\"elementor-element elementor-element-c208a3e elementor-widget elementor-widget-text-editor\" data-id=\"c208a3e\" data-element_type=\"widget\" data-widget_type=\"text-editor.default\">\n\t\t\t\t<div class=\"elementor-widget-container\">\n\t\t\t\t\t\t\t\t\t<p data-pm-slice=\"1 1 []\">El SII implica el env\u00edo telem\u00e1tico de los siguientes libros registro del IVA a trav\u00e9s de la <a href=\"https:\/\/sede.agenciatributaria.gob.es\/\" target=\"_blank\" rel=\"noopener\">Sede Electr\u00f3nica de la AEAT<\/a>:<\/p>\t\t\t\t\t\t\t\t<\/div>\n\t\t\t\t<\/div>\n\t\t\t\t\t<\/div>\n\t\t\t\t<\/div>\n\t\t<div class=\"elementor-element elementor-element-ece7b46 e-flex e-con-boxed e-con e-parent\" data-id=\"ece7b46\" data-element_type=\"container\">\n\t\t\t\t\t<div class=\"e-con-inner\">\n\t\t\t\t<div class=\"elementor-element elementor-element-09a5c62 elementor-widget elementor-widget-text-editor\" data-id=\"09a5c62\" data-element_type=\"widget\" data-widget_type=\"text-editor.default\">\n\t\t\t\t<div class=\"elementor-widget-container\">\n\t\t\t\t\t\t\t\t\t<ul data-spread=\"false\" data-pm-slice=\"3 3 []\"><li><p>Libro registro de facturas emitidas.<\/p><\/li><li><p>Libro registro de facturas recibidas.<\/p><\/li><li><p>Libro registro de bienes de inversi\u00f3n.<\/p><\/li><li><p>Libro registro de determinadas operaciones intracomunitarias.<\/p><\/li><\/ul>\t\t\t\t\t\t\t\t<\/div>\n\t\t\t\t<\/div>\n\t\t\t\t\t<\/div>\n\t\t\t\t<\/div>\n\t\t<div class=\"elementor-element elementor-element-2b017cc e-flex e-con-boxed e-con e-parent\" data-id=\"2b017cc\" data-element_type=\"container\">\n\t\t\t\t\t<div class=\"e-con-inner\">\n\t\t\t\t<div class=\"elementor-element elementor-element-0faa9a5 elementor-widget elementor-widget-text-editor\" data-id=\"0faa9a5\" data-element_type=\"widget\" data-widget_type=\"text-editor.default\">\n\t\t\t\t<div class=\"elementor-widget-container\">\n\t\t\t\t\t\t\t\t\t<p data-pm-slice=\"1 1 []\">Cada apunte en estos libros debe enviarse en un plazo m\u00e1ximo de 4 d\u00edas h\u00e1biles desde la emisi\u00f3n o recepci\u00f3n de la factura, aunque existen algunos plazos especiales en ciertos casos.<\/p>\t\t\t\t\t\t\t\t<\/div>\n\t\t\t\t<\/div>\n\t\t\t\t<div class=\"elementor-element elementor-element-7a5c4d5 elementor-widget elementor-widget-spacer\" data-id=\"7a5c4d5\" data-element_type=\"widget\" data-widget_type=\"spacer.default\">\n\t\t\t\t<div class=\"elementor-widget-container\">\n\t\t\t\t\t\t\t<div class=\"elementor-spacer\">\n\t\t\t<div class=\"elementor-spacer-inner\"><\/div>\n\t\t<\/div>\n\t\t\t\t\t\t<\/div>\n\t\t\t\t<\/div>\n\t\t\t\t\t<\/div>\n\t\t\t\t<\/div>\n\t\t<div class=\"elementor-element elementor-element-76962cc e-flex e-con-boxed e-con e-parent\" data-id=\"76962cc\" data-element_type=\"container\">\n\t\t\t\t\t<div class=\"e-con-inner\">\n\t\t\t\t<div class=\"elementor-element elementor-element-1c362cd elementor-widget elementor-widget-heading\" data-id=\"1c362cd\" data-element_type=\"widget\" data-widget_type=\"heading.default\">\n\t\t\t\t<div class=\"elementor-widget-container\">\n\t\t\t\t\t<h3 class=\"elementor-heading-title elementor-size-default\">\u00bfC\u00f3mo afecta el SII a tu facturaci\u00f3n?<\/h3>\t\t\t\t<\/div>\n\t\t\t\t<\/div>\n\t\t\t\t\t<\/div>\n\t\t\t\t<\/div>\n\t\t<div class=\"elementor-element elementor-element-fc99e2a e-flex e-con-boxed e-con e-parent\" data-id=\"fc99e2a\" data-element_type=\"container\">\n\t\t\t\t\t<div class=\"e-con-inner\">\n\t\t\t\t<div class=\"elementor-element elementor-element-02655c7 elementor-widget elementor-widget-text-editor\" data-id=\"02655c7\" data-element_type=\"widget\" data-widget_type=\"text-editor.default\">\n\t\t\t\t<div class=\"elementor-widget-container\">\n\t\t\t\t\t\t\t\t\t<p data-pm-slice=\"1 1 []\">La implantaci\u00f3n del SII supone cambios importantes en la gesti\u00f3n diaria de la facturaci\u00f3n y la contabilidad de las empresas. Algunos de los principales impactos son:<\/p>\t\t\t\t\t\t\t\t<\/div>\n\t\t\t\t<\/div>\n\t\t\t\t\t<\/div>\n\t\t\t\t<\/div>\n\t\t<div class=\"elementor-element elementor-element-0087ad7 e-flex e-con-boxed e-con e-parent\" data-id=\"0087ad7\" data-element_type=\"container\">\n\t\t\t\t\t<div class=\"e-con-inner\">\n\t\t\t\t<div class=\"elementor-element elementor-element-1b2b2d7 elementor-widget elementor-widget-heading\" data-id=\"1b2b2d7\" data-element_type=\"widget\" data-widget_type=\"heading.default\">\n\t\t\t\t<div class=\"elementor-widget-container\">\n\t\t\t\t\t<h4 class=\"elementor-heading-title elementor-size-default\">Mayor agilidad en la gesti\u00f3n contable<\/h4>\t\t\t\t<\/div>\n\t\t\t\t<\/div>\n\t\t\t\t\t<\/div>\n\t\t\t\t<\/div>\n\t\t<div class=\"elementor-element elementor-element-174e9da e-flex e-con-boxed e-con e-parent\" data-id=\"174e9da\" data-element_type=\"container\">\n\t\t\t\t\t<div class=\"e-con-inner\">\n\t\t\t\t<div class=\"elementor-element elementor-element-54043df elementor-widget elementor-widget-text-editor\" data-id=\"54043df\" data-element_type=\"widget\" data-widget_type=\"text-editor.default\">\n\t\t\t\t<div class=\"elementor-widget-container\">\n\t\t\t\t\t\t\t\t\t<p data-pm-slice=\"1 1 []\">Al enviar la informaci\u00f3n casi en tiempo real, las empresas deben <a href=\"https:\/\/finanedi.es\/blog\/el-impacto-de-la-digitalizacion-en-la-facturacion\/\" target=\"_blank\" rel=\"noopener\">digitalizar y automatizar sus procesos de facturaci\u00f3n.<\/a> Esto reduce errores y facilita la conciliaci\u00f3n contable.<\/p>\t\t\t\t\t\t\t\t<\/div>\n\t\t\t\t<\/div>\n\t\t\t\t\t<\/div>\n\t\t\t\t<\/div>\n\t\t<div class=\"elementor-element elementor-element-11bd931 e-flex e-con-boxed e-con e-parent\" data-id=\"11bd931\" data-element_type=\"container\">\n\t\t\t\t\t<div class=\"e-con-inner\">\n\t\t\t\t<div class=\"elementor-element elementor-element-78245dd elementor-widget elementor-widget-heading\" data-id=\"78245dd\" data-element_type=\"widget\" data-widget_type=\"heading.default\">\n\t\t\t\t<div class=\"elementor-widget-container\">\n\t\t\t\t\t<h4 class=\"elementor-heading-title elementor-size-default\">Reducci\u00f3n de obligaciones fiscales<\/h4>\t\t\t\t<\/div>\n\t\t\t\t<\/div>\n\t\t\t\t\t<\/div>\n\t\t\t\t<\/div>\n\t\t<div class=\"elementor-element elementor-element-8b50ee1 e-flex e-con-boxed e-con e-parent\" data-id=\"8b50ee1\" data-element_type=\"container\">\n\t\t\t\t\t<div class=\"e-con-inner\">\n\t\t\t\t<div class=\"elementor-element elementor-element-dd8c626 elementor-widget elementor-widget-text-editor\" data-id=\"dd8c626\" data-element_type=\"widget\" data-widget_type=\"text-editor.default\">\n\t\t\t\t<div class=\"elementor-widget-container\">\n\t\t\t\t\t\t\t\t\t<p data-pm-slice=\"1 1 []\">Las empresas acogidas al SII no tienen que presentar los modelos <a href=\"https:\/\/finanedi.es\/blog\/modelo-347-declaracion-anual-de-operaciones-con-terceras-personas\/\" target=\"_blank\" rel=\"noopener\">347<\/a>, 340 y <a href=\"https:\/\/finanedi.es\/blog\/modelo-390-iva\/\" target=\"_blank\" rel=\"noopener\">390<\/a>, lo que simplifica su carga administrativa.<\/p>\t\t\t\t\t\t\t\t<\/div>\n\t\t\t\t<\/div>\n\t\t\t\t\t<\/div>\n\t\t\t\t<\/div>\n\t\t<div class=\"elementor-element elementor-element-c82040e e-flex e-con-boxed e-con e-parent\" data-id=\"c82040e\" data-element_type=\"container\">\n\t\t\t\t\t<div class=\"e-con-inner\">\n\t\t\t\t<div class=\"elementor-element elementor-element-71af902 elementor-widget elementor-widget-heading\" data-id=\"71af902\" data-element_type=\"widget\" data-widget_type=\"heading.default\">\n\t\t\t\t<div class=\"elementor-widget-container\">\n\t\t\t\t\t<h4 class=\"elementor-heading-title elementor-size-default\">Plazos m\u00e1s estrictos<\/h4>\t\t\t\t<\/div>\n\t\t\t\t<\/div>\n\t\t\t\t\t<\/div>\n\t\t\t\t<\/div>\n\t\t<div class=\"elementor-element elementor-element-2f94452 e-flex e-con-boxed e-con e-parent\" data-id=\"2f94452\" data-element_type=\"container\">\n\t\t\t\t\t<div class=\"e-con-inner\">\n\t\t\t\t<div class=\"elementor-element elementor-element-732a7a0 elementor-widget elementor-widget-text-editor\" data-id=\"732a7a0\" data-element_type=\"widget\" data-widget_type=\"text-editor.default\">\n\t\t\t\t<div class=\"elementor-widget-container\">\n\t\t\t\t\t\t\t\t\t<p data-pm-slice=\"1 1 []\">La rapidez en el suministro de la informaci\u00f3n obliga a las empresas a organizar mejor sus procesos internos para garantizar que los plazos se cumplan rigurosamente.<\/p>\t\t\t\t\t\t\t\t<\/div>\n\t\t\t\t<\/div>\n\t\t\t\t\t<\/div>\n\t\t\t\t<\/div>\n\t\t<div class=\"elementor-element elementor-element-f4f799b e-flex e-con-boxed e-con e-parent\" data-id=\"f4f799b\" data-element_type=\"container\">\n\t\t\t\t\t<div class=\"e-con-inner\">\n\t\t\t\t<div class=\"elementor-element elementor-element-682d22e elementor-widget elementor-widget-heading\" data-id=\"682d22e\" data-element_type=\"widget\" data-widget_type=\"heading.default\">\n\t\t\t\t<div class=\"elementor-widget-container\">\n\t\t\t\t\t<h4 class=\"elementor-heading-title elementor-size-default\">Transparencia y control<\/h4>\t\t\t\t<\/div>\n\t\t\t\t<\/div>\n\t\t\t\t\t<\/div>\n\t\t\t\t<\/div>\n\t\t<div class=\"elementor-element elementor-element-301a21c e-flex e-con-boxed e-con e-parent\" data-id=\"301a21c\" data-element_type=\"container\">\n\t\t\t\t\t<div class=\"e-con-inner\">\n\t\t\t\t<div class=\"elementor-element elementor-element-b709796 elementor-widget elementor-widget-text-editor\" data-id=\"b709796\" data-element_type=\"widget\" data-widget_type=\"text-editor.default\">\n\t\t\t\t<div class=\"elementor-widget-container\">\n\t\t\t\t\t\t\t\t\t<p data-pm-slice=\"1 1 []\">La AEAT tiene acceso inmediato a los datos de facturaci\u00f3n, lo que reduce la posibilidad de errores o fraude y fomenta la transparencia fiscal.<\/p>\t\t\t\t\t\t\t\t<\/div>\n\t\t\t\t<\/div>\n\t\t\t\t<div class=\"elementor-element elementor-element-1d3618b elementor-widget elementor-widget-spacer\" data-id=\"1d3618b\" data-element_type=\"widget\" data-widget_type=\"spacer.default\">\n\t\t\t\t<div class=\"elementor-widget-container\">\n\t\t\t\t\t\t\t<div class=\"elementor-spacer\">\n\t\t\t<div class=\"elementor-spacer-inner\"><\/div>\n\t\t<\/div>\n\t\t\t\t\t\t<\/div>\n\t\t\t\t<\/div>\n\t\t\t\t\t<\/div>\n\t\t\t\t<\/div>\n\t\t<div class=\"elementor-element elementor-element-74758fe e-flex e-con-boxed e-con e-parent\" data-id=\"74758fe\" data-element_type=\"container\">\n\t\t\t\t\t<div class=\"e-con-inner\">\n\t\t\t\t<div class=\"elementor-element elementor-element-77eaae3 elementor-widget elementor-widget-heading\" data-id=\"77eaae3\" data-element_type=\"widget\" data-widget_type=\"heading.default\">\n\t\t\t\t<div class=\"elementor-widget-container\">\n\t\t\t\t\t<h3 class=\"elementor-heading-title elementor-size-default\">Ventajas y desventajas del SII<\/h3>\t\t\t\t<\/div>\n\t\t\t\t<\/div>\n\t\t\t\t\t<\/div>\n\t\t\t\t<\/div>\n\t\t<div class=\"elementor-element elementor-element-ae0dddf e-flex e-con-boxed e-con e-parent\" data-id=\"ae0dddf\" data-element_type=\"container\">\n\t\t\t\t\t<div class=\"e-con-inner\">\n\t\t\t\t<div class=\"elementor-element elementor-element-f5bde16 elementor-widget elementor-widget-text-editor\" data-id=\"f5bde16\" data-element_type=\"widget\" data-widget_type=\"text-editor.default\">\n\t\t\t\t<div class=\"elementor-widget-container\">\n\t\t\t\t\t\t\t\t\t<ul data-spread=\"false\" data-pm-slice=\"3 3 []\"><li><p>Automatizaci\u00f3n y modernizaci\u00f3n de los procesos contables.<\/p><\/li><li><p>Reducci\u00f3n de errores y m\u00e1s control sobre las operaciones.<\/p><\/li><li><p>Eliminaci\u00f3n de ciertas declaraciones fiscales.<\/p><\/li><li><p>Mayor seguridad fiscal y menor riesgo de sanciones.<\/p><\/li><\/ul>\t\t\t\t\t\t\t\t<\/div>\n\t\t\t\t<\/div>\n\t\t\t\t<div class=\"elementor-element elementor-element-dedf8bd elementor-widget elementor-widget-spacer\" data-id=\"dedf8bd\" data-element_type=\"widget\" data-widget_type=\"spacer.default\">\n\t\t\t\t<div class=\"elementor-widget-container\">\n\t\t\t\t\t\t\t<div class=\"elementor-spacer\">\n\t\t\t<div class=\"elementor-spacer-inner\"><\/div>\n\t\t<\/div>\n\t\t\t\t\t\t<\/div>\n\t\t\t\t<\/div>\n\t\t\t\t\t<\/div>\n\t\t\t\t<\/div>\n\t\t<div class=\"elementor-element elementor-element-b6b509f e-flex e-con-boxed e-con e-parent\" data-id=\"b6b509f\" data-element_type=\"container\">\n\t\t\t\t\t<div class=\"e-con-inner\">\n\t\t\t\t<div class=\"elementor-element elementor-element-ba8c290 elementor-widget elementor-widget-heading\" data-id=\"ba8c290\" data-element_type=\"widget\" data-widget_type=\"heading.default\">\n\t\t\t\t<div class=\"elementor-widget-container\">\n\t\t\t\t\t<h3 class=\"elementor-heading-title elementor-size-default\">Consejos para adaptarse al SII<\/h3>\t\t\t\t<\/div>\n\t\t\t\t<\/div>\n\t\t\t\t\t<\/div>\n\t\t\t\t<\/div>\n\t\t<div class=\"elementor-element elementor-element-eb28a76 e-flex e-con-boxed e-con e-parent\" data-id=\"eb28a76\" data-element_type=\"container\">\n\t\t\t\t\t<div class=\"e-con-inner\">\n\t\t\t\t<div class=\"elementor-element elementor-element-cc747b1 elementor-widget elementor-widget-text-editor\" data-id=\"cc747b1\" data-element_type=\"widget\" data-widget_type=\"text-editor.default\">\n\t\t\t\t<div class=\"elementor-widget-container\">\n\t\t\t\t\t\t\t\t\t<ol start=\"1\" data-spread=\"false\" data-pm-slice=\"3 3 []\"><li><p>Implementa un <a href=\"https:\/\/finanedi.es\/blog\/mejores-programas-de-facturacion\/\" target=\"_blank\" rel=\"noopener\">software de facturaci\u00f3n y contabilidad<\/a> compatible con el SII.<\/p><\/li><li><p>Capacita a tu equipo para que conozca los nuevos procedimientos.<\/p><\/li><li><p>Revisa peri\u00f3dicamente el cumplimiento de los plazos de env\u00edo.<\/p><\/li><li><p>Mantente actualizado sobre cambios normativos en materia fiscal.<\/p><\/li><\/ol>\t\t\t\t\t\t\t\t<\/div>\n\t\t\t\t<\/div>\n\t\t\t\t\t<\/div>\n\t\t\t\t<\/div>\n\t\t<div class=\"elementor-element elementor-element-b58ca08 e-flex e-con-boxed e-con e-parent\" data-id=\"b58ca08\" data-element_type=\"container\">\n\t\t\t\t\t<div class=\"e-con-inner\">\n\t\t\t\t<div class=\"elementor-element elementor-element-993c5ad elementor-widget elementor-widget-spacer\" data-id=\"993c5ad\" data-element_type=\"widget\" data-widget_type=\"spacer.default\">\n\t\t\t\t<div class=\"elementor-widget-container\">\n\t\t\t\t\t\t\t<div class=\"elementor-spacer\">\n\t\t\t<div class=\"elementor-spacer-inner\"><\/div>\n\t\t<\/div>\n\t\t\t\t\t\t<\/div>\n\t\t\t\t<\/div>\n\t\t\t\t\t<\/div>\n\t\t\t\t<\/div>\n\t\t<div class=\"elementor-element elementor-element-7b066fd e-flex e-con-boxed e-con e-parent\" data-id=\"7b066fd\" data-element_type=\"container\" data-settings=\"{&quot;background_background&quot;:&quot;classic&quot;}\">\n\t\t\t\t\t<div class=\"e-con-inner\">\n\t\t<div class=\"elementor-element elementor-element-3a7b6882 e-con-full e-flex e-con e-child\" data-id=\"3a7b6882\" data-element_type=\"container\">\n\t\t<div class=\"elementor-element elementor-element-2b6072a7 e-flex e-con-boxed e-con e-child\" data-id=\"2b6072a7\" data-element_type=\"container\">\n\t\t\t\t\t<div class=\"e-con-inner\">\n\t\t\t\t<div class=\"elementor-element elementor-element-7c30f624 elementor-widget elementor-widget-heading\" data-id=\"7c30f624\" data-element_type=\"widget\" data-widget_type=\"heading.default\">\n\t\t\t\t<div class=\"elementor-widget-container\">\n\t\t\t\t\t<h3 class=\"elementor-heading-title elementor-size-default\">Herramientas para impulsar<br>tu negocio<\/h3>\t\t\t\t<\/div>\n\t\t\t\t<\/div>\n\t\t\t\t<div class=\"elementor-element elementor-element-5be0b4c2 elementor-widget elementor-widget-text-editor\" data-id=\"5be0b4c2\" data-element_type=\"widget\" data-widget_type=\"text-editor.default\">\n\t\t\t\t<div class=\"elementor-widget-container\">\n\t\t\t\t\t\t\t\t\t<p>FinanEDI es la soluci\u00f3n en la nube gratuita que permite automatizar y optimizar los procesos financieros, contables y administrativos de tu negocio.<\/p>\t\t\t\t\t\t\t\t<\/div>\n\t\t\t\t<\/div>\n\t\t\t\t<div class=\"elementor-element elementor-element-775add58 elementor-widget elementor-widget-button\" data-id=\"775add58\" data-element_type=\"widget\" data-widget_type=\"button.default\">\n\t\t\t\t<div class=\"elementor-widget-container\">\n\t\t\t\t\t\t\t\t\t<div class=\"elementor-button-wrapper\">\n\t\t\t\t\t<a class=\"elementor-button elementor-button-link elementor-size-md\" href=\"https:\/\/finanedi.es\/\" target=\"_blank\">\n\t\t\t\t\t\t<span class=\"elementor-button-content-wrapper\">\n\t\t\t\t\t\t\t\t\t<span class=\"elementor-button-text\">Crear cuenta gratis<\/span>\n\t\t\t\t\t<\/span>\n\t\t\t\t\t<\/a>\n\t\t\t\t<\/div>\n\t\t\t\t\t\t\t\t<\/div>\n\t\t\t\t<\/div>\n\t\t\t\t\t<\/div>\n\t\t\t\t<\/div>\n\t\t\t\t<\/div>\n\t\t<div class=\"elementor-element elementor-element-10b2df40 e-con-full e-flex e-con e-child\" data-id=\"10b2df40\" data-element_type=\"container\">\n\t\t\t\t<div class=\"elementor-element elementor-element-449fd5df elementor-widget elementor-widget-image\" data-id=\"449fd5df\" data-element_type=\"widget\" data-widget_type=\"image.default\">\n\t\t\t\t<div class=\"elementor-widget-container\">\n\t\t\t\t\t\t\t\t\t\t\t\t\t\t\t<img fetchpriority=\"high\" decoding=\"async\" width=\"300\" height=\"233\" src=\"https:\/\/finanedi.es\/blog\/contenido\/uploads\/2024\/09\/Dashborad_00115-300x233.png\" class=\"attachment-medium size-medium wp-image-5370\" alt=\"Herramientas para impulsar tu negocio - FinanEDI\" srcset=\"https:\/\/finanedi.es\/blog\/contenido\/uploads\/2024\/09\/Dashborad_00115-300x233.png 300w, https:\/\/finanedi.es\/blog\/contenido\/uploads\/2024\/09\/Dashborad_00115-768x597.png 768w, https:\/\/finanedi.es\/blog\/contenido\/uploads\/2024\/09\/Dashborad_00115.png 900w\" sizes=\"(max-width: 300px) 100vw, 300px\" \/>\t\t\t\t\t\t\t\t\t\t\t\t\t\t\t<\/div>\n\t\t\t\t<\/div>\n\t\t\t\t<\/div>\n\t\t\t\t\t<\/div>\n\t\t\t\t<\/div>\n\t\t<div class=\"elementor-element elementor-element-3dcc54b e-flex e-con-boxed e-con e-parent\" data-id=\"3dcc54b\" data-element_type=\"container\">\n\t\t\t\t\t<div class=\"e-con-inner\">\n\t\t\t\t<div class=\"elementor-element elementor-element-e7b0bb3 elementor-widget elementor-widget-spacer\" data-id=\"e7b0bb3\" data-element_type=\"widget\" data-widget_type=\"spacer.default\">\n\t\t\t\t<div class=\"elementor-widget-container\">\n\t\t\t\t\t\t\t<div class=\"elementor-spacer\">\n\t\t\t<div class=\"elementor-spacer-inner\"><\/div>\n\t\t<\/div>\n\t\t\t\t\t\t<\/div>\n\t\t\t\t<\/div>\n\t\t\t\t\t<\/div>\n\t\t\t\t<\/div>\n\t\t<div class=\"elementor-element elementor-element-24200b0 e-flex e-con-boxed e-con e-parent\" data-id=\"24200b0\" data-element_type=\"container\">\n\t\t\t\t\t<div class=\"e-con-inner\">\n\t\t\t\t<div class=\"elementor-element elementor-element-3716fb0 elementor-widget elementor-widget-text-editor\" data-id=\"3716fb0\" data-element_type=\"widget\" data-widget_type=\"text-editor.default\">\n\t\t\t\t<div class=\"elementor-widget-container\">\n\t\t\t\t\t\t\t\t\t<p data-pm-slice=\"1 1 []\">El SII representa un paso adelante hacia la digitalizaci\u00f3n de la gesti\u00f3n fiscal en Espa\u00f1a. Aunque su implementaci\u00f3n puede suponer un reto inicial, las ventajas en cuanto a automatizaci\u00f3n, control y reducci\u00f3n de obligaciones fiscales lo convierten en una herramienta muy valiosa. Adaptarse a este sistema no solo te permitir\u00e1 cumplir con la normativa vigente, sino tambi\u00e9n optimizar la gesti\u00f3n de tu facturaci\u00f3n y mejorar el control financiero de tu empresa.<\/p>\t\t\t\t\t\t\t\t<\/div>\n\t\t\t\t<\/div>\n\t\t\t\t\t<\/div>\n\t\t\t\t<\/div>\n\t\t<div class=\"elementor-element elementor-element-239ddbee e-flex e-con-boxed e-con e-parent\" data-id=\"239ddbee\" data-element_type=\"container\">\n\t\t\t\t\t<div class=\"e-con-inner\">\n\t\t<div class=\"elementor-element elementor-element-59baf427 e-flex e-con-boxed e-con e-child\" data-id=\"59baf427\" data-element_type=\"container\">\n\t\t\t\t\t<div class=\"e-con-inner\">\n\t\t\t\t<div class=\"elementor-element elementor-element-1073068a elementor-widget elementor-widget-heading\" data-id=\"1073068a\" data-element_type=\"widget\" data-widget_type=\"heading.default\">\n\t\t\t\t<div class=\"elementor-widget-container\">\n\t\t\t\t\t<h3 class=\"elementor-heading-title elementor-size-default\">Preguntas frecuentes<\/h3>\t\t\t\t<\/div>\n\t\t\t\t<\/div>\n\t\t\t\t\t<\/div>\n\t\t\t\t<\/div>\n\t\t<div class=\"elementor-element elementor-element-73ba5049 e-flex e-con-boxed e-con e-child\" data-id=\"73ba5049\" data-element_type=\"container\">\n\t\t\t\t\t<div class=\"e-con-inner\">\n\t\t\t\t<div class=\"elementor-element elementor-element-6fc4228a elementor-widget elementor-widget-heading\" data-id=\"6fc4228a\" data-element_type=\"widget\" data-widget_type=\"heading.default\">\n\t\t\t\t<div class=\"elementor-widget-container\">\n\t\t\t\t\t<h4 class=\"elementor-heading-title elementor-size-default\">\u00bfEs obligatorio el SII para todas las empresas?<\/h4>\t\t\t\t<\/div>\n\t\t\t\t<\/div>\n\t\t\t\t<div class=\"elementor-element elementor-element-8392bde elementor-widget elementor-widget-text-editor\" data-id=\"8392bde\" data-element_type=\"widget\" data-widget_type=\"text-editor.default\">\n\t\t\t\t<div class=\"elementor-widget-container\">\n\t\t\t\t\t\t\t\t\t<p data-pm-slice=\"1 1 []\">No, solo es obligatorio para grandes empresas, empresas en REDEME y grupos de IVA. Las dem\u00e1s pueden acogerse voluntariamente.<\/p>\t\t\t\t\t\t\t\t<\/div>\n\t\t\t\t<\/div>\n\t\t\t\t\t<\/div>\n\t\t\t\t<\/div>\n\t\t<div class=\"elementor-element elementor-element-3e442729 e-flex e-con-boxed e-con e-child\" data-id=\"3e442729\" data-element_type=\"container\">\n\t\t\t\t\t<div class=\"e-con-inner\">\n\t\t\t\t<div class=\"elementor-element elementor-element-7bb783b7 elementor-widget elementor-widget-heading\" data-id=\"7bb783b7\" data-element_type=\"widget\" data-widget_type=\"heading.default\">\n\t\t\t\t<div class=\"elementor-widget-container\">\n\t\t\t\t\t<h4 class=\"elementor-heading-title elementor-size-default\"> \u00bfQu\u00e9 ocurre si no cumplo con los plazos del SII?<\/h4>\t\t\t\t<\/div>\n\t\t\t\t<\/div>\n\t\t\t\t<div class=\"elementor-element elementor-element-724c6b30 elementor-widget elementor-widget-text-editor\" data-id=\"724c6b30\" data-element_type=\"widget\" data-widget_type=\"text-editor.default\">\n\t\t\t\t<div class=\"elementor-widget-container\">\n\t\t\t\t\t\t\t\t\t<p data-pm-slice=\"1 1 []\">El incumplimiento puede conllevar sanciones econ\u00f3micas por parte de la AEAT, aunque pueden ser reducidas si se subsana r\u00e1pidamente.<\/p>\t\t\t\t\t\t\t\t<\/div>\n\t\t\t\t<\/div>\n\t\t\t\t\t<\/div>\n\t\t\t\t<\/div>\n\t\t<div class=\"elementor-element elementor-element-4d8a3b7b e-flex e-con-boxed e-con e-child\" data-id=\"4d8a3b7b\" data-element_type=\"container\">\n\t\t\t\t\t<div class=\"e-con-inner\">\n\t\t\t\t<div class=\"elementor-element elementor-element-305ae4b8 elementor-widget elementor-widget-heading\" data-id=\"305ae4b8\" data-element_type=\"widget\" data-widget_type=\"heading.default\">\n\t\t\t\t<div class=\"elementor-widget-container\">\n\t\t\t\t\t<h4 class=\"elementor-heading-title elementor-size-default\">\u00bfPuedo volver al sistema tradicional tras acogerme voluntariamente al SII?<\/h4>\t\t\t\t<\/div>\n\t\t\t\t<\/div>\n\t\t\t\t<div class=\"elementor-element elementor-element-d82b56 elementor-widget elementor-widget-text-editor\" data-id=\"d82b56\" data-element_type=\"widget\" data-widget_type=\"text-editor.default\">\n\t\t\t\t<div class=\"elementor-widget-container\">\n\t\t\t\t\t\t\t\t\t<p data-pm-slice=\"1 1 []\">S\u00ed, pero debes comunicarlo a la AEAT y suele hacerse al final del a\u00f1o natural.<\/p>\t\t\t\t\t\t\t\t<\/div>\n\t\t\t\t<\/div>\n\t\t\t\t\t<\/div>\n\t\t\t\t<\/div>\n\t\t<div class=\"elementor-element elementor-element-715b858a e-flex e-con-boxed e-con e-child\" data-id=\"715b858a\" data-element_type=\"container\">\n\t\t\t\t\t<div class=\"e-con-inner\">\n\t\t\t\t<div class=\"elementor-element elementor-element-24816ba7 elementor-widget elementor-widget-heading\" data-id=\"24816ba7\" data-element_type=\"widget\" data-widget_type=\"heading.default\">\n\t\t\t\t<div class=\"elementor-widget-container\">\n\t\t\t\t\t<h4 class=\"elementor-heading-title elementor-size-default\">\u00bfC\u00f3mo puedo saber si mi empresa se beneficia del SII?<\/h4>\t\t\t\t<\/div>\n\t\t\t\t<\/div>\n\t\t\t\t<div class=\"elementor-element elementor-element-39bca391 elementor-widget elementor-widget-text-editor\" data-id=\"39bca391\" data-element_type=\"widget\" data-widget_type=\"text-editor.default\">\n\t\t\t\t<div class=\"elementor-widget-container\">\n\t\t\t\t\t\t\t\t\t<p data-pm-slice=\"1 1 []\">Evaluando los costes de adaptaci\u00f3n frente a las ventajas de automatizaci\u00f3n, reducci\u00f3n de errores y simplificaci\u00f3n de obligaciones fiscales.<\/p>\t\t\t\t\t\t\t\t<\/div>\n\t\t\t\t<\/div>\n\t\t\t\t\t<\/div>\n\t\t\t\t<\/div>\n\t\t\t\t\t<\/div>\n\t\t\t\t<\/div>\n\t\t<div class=\"elementor-element elementor-element-721c0829 e-flex e-con-boxed e-con e-parent\" data-id=\"721c0829\" data-element_type=\"container\">\n\t\t\t\t\t<div class=\"e-con-inner\">\n\t\t<div class=\"elementor-element elementor-element-19247c29 e-con-full e-flex e-con e-child\" data-id=\"19247c29\" data-element_type=\"container\">\n\t\t\t\t<div class=\"elementor-element elementor-element-278db96e elementor-widget elementor-widget-spacer\" data-id=\"278db96e\" data-element_type=\"widget\" data-widget_type=\"spacer.default\">\n\t\t\t\t<div class=\"elementor-widget-container\">\n\t\t\t\t\t\t\t<div class=\"elementor-spacer\">\n\t\t\t<div class=\"elementor-spacer-inner\"><\/div>\n\t\t<\/div>\n\t\t\t\t\t\t<\/div>\n\t\t\t\t<\/div>\n\t\t\t\t<\/div>\n\t\t<div class=\"elementor-element elementor-element-447d24f8 e-con-full e-flex e-con e-child\" data-id=\"447d24f8\" data-element_type=\"container\">\n\t\t\t\t<div class=\"elementor-element elementor-element-916c3c7 elementor-widget elementor-widget-heading\" data-id=\"916c3c7\" data-element_type=\"widget\" data-widget_type=\"heading.default\">\n\t\t\t\t<div class=\"elementor-widget-container\">\n\t\t\t\t\t<h3 class=\"elementor-heading-title elementor-size-default\">No te pierdas...<\/h3>\t\t\t\t<\/div>\n\t\t\t\t<\/div>\n\t\t\t\t<\/div>\n\t\t<div class=\"elementor-element elementor-element-a851c1a e-con-full e-flex e-con e-child\" data-id=\"a851c1a\" data-element_type=\"container\">\n\t\t\t\t<div class=\"elementor-element elementor-element-670f9e6 elementor-widget elementor-widget-katen-post-five\" data-id=\"670f9e6\" data-element_type=\"widget\" data-widget_type=\"katen-post-five.default\">\n\t\t\t\t<div class=\"elementor-widget-container\">\n\t\t\t\t\t\t\t<div class=\"padding-30 rounded bordered\">\n\n\t\t\t<div class=\"row infinite-wrapper\">\n\n\t\t\t\n\t\t\t\t<div class=\"col-md-12 col-sm-6 post-list-item post-item\">\n\t\t\t\t\t<!-- post -->\n\t\t\t\t\t<div class=\"post post-list clearfix\">\n\n\t\t\t\t\t\t<div class=\"thumb rounded\"><div class=\"inner\"><a href=\"https:\/\/finanedi.es\/blog\/10-razones-por-las-que-deberias-digitalizar-tu-facturacion-cuanto-antes\/\"><img decoding=\"async\" width=\"330\" height=\"250\" src=\"https:\/\/finanedi.es\/blog\/contenido\/uploads\/2025\/04\/10-razones-por-las-que-deberias-digitalizar-tu-facturacion-330x250.jpg\" class=\"attachment-katen-thumb-list size-katen-thumb-list wp-post-image\" alt=\"10 razones por las que deber\u00edas digitalizar tu facturaci\u00f3n\" \/><\/a><\/div><\/div>  \n\n\t\t\t\t\t\t<div class=\"details clearfix\">\n\t\t\t\t\t\t\t<ul class=\"meta list-inline mb-3\">\n\t\t\t\t\t\t\t\t<li class=\"list-inline-item\"><a href=\"https:\/\/finanedi.es\/blog\/category\/facturacion\/\">Facturaci\u00f3n<\/a><\/li>\t\t\t\t\t\t\t<\/ul>\n\t\t\t\t\t\t\t<h5 class=\"post-title\"><a href=\"https:\/\/finanedi.es\/blog\/10-razones-por-las-que-deberias-digitalizar-tu-facturacion-cuanto-antes\/\">10 razones por las que deber\u00edas digitalizar tu facturaci\u00f3n cuanto antes<\/a><\/h5>\n\t\t\t\t\t\t\t<p class=\"excerpt mb-0\">\n\t\t\t\t\t\t\t\tLa transformaci\u00f3n digital ha llegado a todos los rincones del mundo empresarial, y uno de&hellip;\t\t\t\t\t\t\t<\/p>\n\t\t\t\t\t\t\t<div class=\"post-bottom clearfix d-flex align-items-center\">\n\t\t\t\t\t\t\t\t\t\t\t\t\t\t\t\t\t\t\t\t\t\t\t<\/div>\n\t\t\t\t\t\t<\/div>\n\t\t\t\t\t<\/div>\n\t\t\t\t<\/div>\n\n\t\t\t\n\t\t\t\t<div class=\"col-md-12 col-sm-6 post-list-item post-item\">\n\t\t\t\t\t<!-- post -->\n\t\t\t\t\t<div class=\"post post-list clearfix\">\n\n\t\t\t\t\t\t<div class=\"thumb rounded\"><div class=\"inner\"><a href=\"https:\/\/finanedi.es\/blog\/finanedi-vs-contasimple-cual-se-adapta-mejor-a-tus-necesidades\/\"><img decoding=\"async\" width=\"330\" height=\"250\" src=\"https:\/\/finanedi.es\/blog\/contenido\/uploads\/2024\/10\/Altenativa-Contasimple-330x250.jpg\" class=\"attachment-katen-thumb-list size-katen-thumb-list wp-post-image\" alt=\"Contasimple vs. FinanEDI: \u00bfCu\u00e1l es la mejor opci\u00f3n para tu negocio?\" \/><\/a><\/div><\/div>  \n\n\t\t\t\t\t\t<div class=\"details clearfix\">\n\t\t\t\t\t\t\t<ul class=\"meta list-inline mb-3\">\n\t\t\t\t\t\t\t\t<li class=\"list-inline-item\"><a href=\"https:\/\/finanedi.es\/blog\/category\/paso-a-paso\/\">Descubre FinanEDI<\/a><\/li>\t\t\t\t\t\t\t<\/ul>\n\t\t\t\t\t\t\t<h5 class=\"post-title\"><a href=\"https:\/\/finanedi.es\/blog\/finanedi-vs-contasimple-cual-se-adapta-mejor-a-tus-necesidades\/\">FinanEDI vs. Contasimple: \u00bfcu\u00e1l se adapta mejor a tus necesidades?<\/a><\/h5>\n\t\t\t\t\t\t\t<p class=\"excerpt mb-0\">\n\t\t\t\t\t\t\t\tActualmente en el mercado del software, muchas empresas optan por el modelo freemium, ofreciendo versiones&hellip;\t\t\t\t\t\t\t<\/p>\n\t\t\t\t\t\t\t<div class=\"post-bottom clearfix d-flex align-items-center\">\n\t\t\t\t\t\t\t\t\t\t\t\t\t\t\t\t\t\t\t\t\t\t\t<\/div>\n\t\t\t\t\t\t<\/div>\n\t\t\t\t\t<\/div>\n\t\t\t\t<\/div>\n\n\t\t\t\n\t\t\t\t<div class=\"col-md-12 col-sm-6 post-list-item post-item\">\n\t\t\t\t\t<!-- post -->\n\t\t\t\t\t<div class=\"post post-list clearfix\">\n\n\t\t\t\t\t\t<div class=\"thumb rounded\"><div class=\"inner\"><a href=\"https:\/\/finanedi.es\/blog\/como-mejorar-tu-negocio-con-un-sistema-edi\/\"><img loading=\"lazy\" decoding=\"async\" width=\"330\" height=\"250\" src=\"https:\/\/finanedi.es\/blog\/contenido\/uploads\/2024\/03\/fabio-oyXis2kALVg-unsplash-330x250.jpg\" class=\"attachment-katen-thumb-list size-katen-thumb-list wp-post-image\" alt=\"C\u00f3mo Mejorar tu Negocio con un Sistema EDI\" \/><\/a><\/div><\/div>  \n\n\t\t\t\t\t\t<div class=\"details clearfix\">\n\t\t\t\t\t\t\t<ul class=\"meta list-inline mb-3\">\n\t\t\t\t\t\t\t\t<li class=\"list-inline-item\"><a href=\"https:\/\/finanedi.es\/blog\/category\/facturacion\/\">Facturaci\u00f3n<\/a><\/li>\t\t\t\t\t\t\t<\/ul>\n\t\t\t\t\t\t\t<h5 class=\"post-title\"><a href=\"https:\/\/finanedi.es\/blog\/como-mejorar-tu-negocio-con-un-sistema-edi\/\">C\u00f3mo Mejorar tu Negocio con un Sistema EDI<\/a><\/h5>\n\t\t\t\t\t\t\t<p class=\"excerpt mb-0\">\n\t\t\t\t\t\t\t\tImagina por un momento que existe una herramienta que puede cambiar por completo la forma&hellip;\t\t\t\t\t\t\t<\/p>\n\t\t\t\t\t\t\t<div class=\"post-bottom clearfix d-flex align-items-center\">\n\t\t\t\t\t\t\t\t\t\t\t\t\t\t\t\t\t\t\t\t\t\t\t<\/div>\n\t\t\t\t\t\t<\/div>\n\t\t\t\t\t<\/div>\n\t\t\t\t<\/div>\n\n\t\t\t\n\t\t\t\t<div class=\"col-md-12 col-sm-6 post-list-item post-item\">\n\t\t\t\t\t<!-- post -->\n\t\t\t\t\t<div class=\"post post-list clearfix\">\n\n\t\t\t\t\t\t<div class=\"thumb rounded\"><div class=\"inner\"><a href=\"https:\/\/finanedi.es\/blog\/anfix-alternativa\/\"><img loading=\"lazy\" decoding=\"async\" width=\"330\" height=\"250\" src=\"https:\/\/finanedi.es\/blog\/contenido\/uploads\/2024\/12\/Altenativa-Anfix-1-330x250.jpg\" class=\"attachment-katen-thumb-list size-katen-thumb-list wp-post-image\" alt=\"Anfix vs. FinanEDI: \u00bfCu\u00e1l es la mejor opci\u00f3n para tu negocio?\" \/><\/a><\/div><\/div>  \n\n\t\t\t\t\t\t<div class=\"details clearfix\">\n\t\t\t\t\t\t\t<ul class=\"meta list-inline mb-3\">\n\t\t\t\t\t\t\t\t<li class=\"list-inline-item\"><a href=\"https:\/\/finanedi.es\/blog\/category\/facturacion\/\">Facturaci\u00f3n<\/a><\/li>\t\t\t\t\t\t\t<\/ul>\n\t\t\t\t\t\t\t<h5 class=\"post-title\"><a href=\"https:\/\/finanedi.es\/blog\/anfix-alternativa\/\">Anfix vs. FinanEDI: \u00bfCu\u00e1l es la mejor opci\u00f3n para tu negocio?<\/a><\/h5>\n\t\t\t\t\t\t\t<p class=\"excerpt mb-0\">\n\t\t\t\t\t\t\t\tEn este art\u00edculo, comparamos FinanEDI con uno de los programas de gesti\u00f3n y facturaci\u00f3n de&hellip;\t\t\t\t\t\t\t<\/p>\n\t\t\t\t\t\t\t<div class=\"post-bottom clearfix d-flex align-items-center\">\n\t\t\t\t\t\t\t\t\t\t\t\t\t\t\t\t\t\t\t\t\t\t\t<\/div>\n\t\t\t\t\t\t<\/div>\n\t\t\t\t\t<\/div>\n\t\t\t\t<\/div>\n\n\t\t\t\n\t\t\t<\/div>\n\n\t\t<\/div>\n\t\t\n        \t\t\t\t<\/div>\n\t\t\t\t<\/div>\n\t\t\t\t<\/div>\n\t\t\t\t\t<\/div>\n\t\t\t\t<\/div>\n\t\t\t\t<\/div>\n\t\t","protected":false},"excerpt":{"rendered":"<p>El entorno de la facturaci\u00f3n y la contabilidad empresarial en Espa\u00f1a ha evolucionado significativamente en los \u00faltimos a\u00f1os con la implementaci\u00f3n del Suministro Inmediato de Informaci\u00f3n (SII). Este sistema supone un cambio importante en la forma en que las empresas comunican sus registros de facturaci\u00f3n a la Agencia Tributaria (AEAT). Pero, \u00bfqu\u00e9 es exactamente el SII y c\u00f3mo afecta a tu negocio<\/p>\n","protected":false},"author":3,"featured_media":9547,"comment_status":"closed","ping_status":"open","sticky":false,"template":"","format":"standard","meta":{"_monsterinsights_skip_tracking":false,"_monsterinsights_sitenote_active":false,"_monsterinsights_sitenote_note":"","_monsterinsights_sitenote_category":0,"footnotes":""},"categories":[4],"tags":[],"class_list":["post-9534","post","type-post","status-publish","format-standard","has-post-thumbnail","hentry","category-facturacion"],"yoast_head":"<!-- This site is optimized with the Yoast SEO plugin v26.2 - https:\/\/yoast.com\/wordpress\/plugins\/seo\/ -->\n<title>Qu\u00e9 es el SII y c\u00f3mo afecta a tu facturaci\u00f3n<\/title>\n<meta name=\"description\" content=\"Descubre qu\u00e9 es el SII (Suministro Inmediato de Informaci\u00f3n), c\u00f3mo funciona y c\u00f3mo afecta a la facturaci\u00f3n y contabilidad de tu empresa.\" \/>\n<meta name=\"robots\" content=\"index, follow, max-snippet:-1, max-image-preview:large, max-video-preview:-1\" \/>\n<link rel=\"canonical\" href=\"https:\/\/finanedi.es\/blog\/que-es-el-sii\/\" \/>\n<meta property=\"og:locale\" content=\"es_ES\" \/>\n<meta property=\"og:type\" content=\"article\" \/>\n<meta property=\"og:title\" content=\"Qu\u00e9 es el SII y c\u00f3mo afecta a tu facturaci\u00f3n\" \/>\n<meta property=\"og:description\" content=\"Descubre qu\u00e9 es el SII (Suministro Inmediato de Informaci\u00f3n), c\u00f3mo funciona y c\u00f3mo afecta a la facturaci\u00f3n y contabilidad de tu empresa.\" \/>\n<meta property=\"og:url\" content=\"https:\/\/finanedi.es\/blog\/que-es-el-sii\/\" \/>\n<meta property=\"og:site_name\" content=\"Blog para pymes y aut\u00f3nomos - FinanEDI\" \/>\n<meta property=\"article:published_time\" content=\"2025-02-18T12:59:03+00:00\" \/>\n<meta property=\"article:modified_time\" content=\"2025-02-18T13:07:49+00:00\" \/>\n<meta property=\"og:image\" content=\"https:\/\/finanedi.es\/blog\/contenido\/uploads\/2025\/02\/Que-es-el-SII-y-como-afecta-a-tu-facturacion.jpg\" \/>\n\t<meta property=\"og:image:width\" content=\"2000\" \/>\n\t<meta property=\"og:image:height\" content=\"1121\" \/>\n\t<meta property=\"og:image:type\" content=\"image\/jpeg\" \/>\n<meta name=\"author\" content=\"restevez\" \/>\n<meta name=\"twitter:card\" content=\"summary_large_image\" \/>\n<meta name=\"twitter:label1\" content=\"Escrito por\" \/>\n\t<meta name=\"twitter:data1\" content=\"restevez\" \/>\n\t<meta name=\"twitter:label2\" content=\"Tiempo de lectura\" \/>\n\t<meta name=\"twitter:data2\" content=\"5 minutos\" \/>\n<script type=\"application\/ld+json\" class=\"yoast-schema-graph\">{\"@context\":\"https:\/\/schema.org\",\"@graph\":[{\"@type\":\"Article\",\"@id\":\"https:\/\/finanedi.es\/blog\/que-es-el-sii\/#article\",\"isPartOf\":{\"@id\":\"https:\/\/finanedi.es\/blog\/que-es-el-sii\/\"},\"author\":{\"name\":\"restevez\",\"@id\":\"https:\/\/finanedi.es\/blog\/#\/schema\/person\/233ed58195d34f36f74f13ba1030ebd8\"},\"headline\":\"Qu\u00e9 es el SII y c\u00f3mo afecta a tu facturaci\u00f3n\",\"datePublished\":\"2025-02-18T12:59:03+00:00\",\"dateModified\":\"2025-02-18T13:07:49+00:00\",\"mainEntityOfPage\":{\"@id\":\"https:\/\/finanedi.es\/blog\/que-es-el-sii\/\"},\"wordCount\":914,\"publisher\":{\"@id\":\"https:\/\/finanedi.es\/blog\/#organization\"},\"image\":{\"@id\":\"https:\/\/finanedi.es\/blog\/que-es-el-sii\/#primaryimage\"},\"thumbnailUrl\":\"https:\/\/finanedi.es\/blog\/contenido\/uploads\/2025\/02\/Que-es-el-SII-y-como-afecta-a-tu-facturacion.jpg\",\"articleSection\":[\"Facturaci\u00f3n\"],\"inLanguage\":\"es\"},{\"@type\":\"WebPage\",\"@id\":\"https:\/\/finanedi.es\/blog\/que-es-el-sii\/\",\"url\":\"https:\/\/finanedi.es\/blog\/que-es-el-sii\/\",\"name\":\"Qu\u00e9 es el SII y c\u00f3mo afecta a tu facturaci\u00f3n\",\"isPartOf\":{\"@id\":\"https:\/\/finanedi.es\/blog\/#website\"},\"primaryImageOfPage\":{\"@id\":\"https:\/\/finanedi.es\/blog\/que-es-el-sii\/#primaryimage\"},\"image\":{\"@id\":\"https:\/\/finanedi.es\/blog\/que-es-el-sii\/#primaryimage\"},\"thumbnailUrl\":\"https:\/\/finanedi.es\/blog\/contenido\/uploads\/2025\/02\/Que-es-el-SII-y-como-afecta-a-tu-facturacion.jpg\",\"datePublished\":\"2025-02-18T12:59:03+00:00\",\"dateModified\":\"2025-02-18T13:07:49+00:00\",\"description\":\"Descubre qu\u00e9 es el SII (Suministro Inmediato de Informaci\u00f3n), c\u00f3mo funciona y c\u00f3mo afecta a la facturaci\u00f3n y contabilidad de tu empresa.\",\"breadcrumb\":{\"@id\":\"https:\/\/finanedi.es\/blog\/que-es-el-sii\/#breadcrumb\"},\"inLanguage\":\"es\",\"potentialAction\":[{\"@type\":\"ReadAction\",\"target\":[\"https:\/\/finanedi.es\/blog\/que-es-el-sii\/\"]}]},{\"@type\":\"ImageObject\",\"inLanguage\":\"es\",\"@id\":\"https:\/\/finanedi.es\/blog\/que-es-el-sii\/#primaryimage\",\"url\":\"https:\/\/finanedi.es\/blog\/contenido\/uploads\/2025\/02\/Que-es-el-SII-y-como-afecta-a-tu-facturacion.jpg\",\"contentUrl\":\"https:\/\/finanedi.es\/blog\/contenido\/uploads\/2025\/02\/Que-es-el-SII-y-como-afecta-a-tu-facturacion.jpg\",\"width\":2000,\"height\":1121,\"caption\":\"Qu\u00e9 es el SII y c\u00f3mo afecta a tu facturaci\u00f3n\"},{\"@type\":\"BreadcrumbList\",\"@id\":\"https:\/\/finanedi.es\/blog\/que-es-el-sii\/#breadcrumb\",\"itemListElement\":[{\"@type\":\"ListItem\",\"position\":1,\"name\":\"Home\",\"item\":\"https:\/\/finanedi.es\/blog\/\"},{\"@type\":\"ListItem\",\"position\":2,\"name\":\"Qu\u00e9 es el SII y c\u00f3mo afecta a tu facturaci\u00f3n\"}]},{\"@type\":\"WebSite\",\"@id\":\"https:\/\/finanedi.es\/blog\/#website\",\"url\":\"https:\/\/finanedi.es\/blog\/\",\"name\":\"Blog para pymes y aut\u00f3nomos - FinanEDI\",\"description\":\"Blog para aut\u00f3nomos y PYMES, sobre temas como facturaci\u00f3n, contabilidad, tecnolog\u00eda.\",\"publisher\":{\"@id\":\"https:\/\/finanedi.es\/blog\/#organization\"},\"potentialAction\":[{\"@type\":\"SearchAction\",\"target\":{\"@type\":\"EntryPoint\",\"urlTemplate\":\"https:\/\/finanedi.es\/blog\/?s={search_term_string}\"},\"query-input\":{\"@type\":\"PropertyValueSpecification\",\"valueRequired\":true,\"valueName\":\"search_term_string\"}}],\"inLanguage\":\"es\"},{\"@type\":\"Organization\",\"@id\":\"https:\/\/finanedi.es\/blog\/#organization\",\"name\":\"Blog para pymes y aut\u00f3nomos - FinanEDI\",\"url\":\"https:\/\/finanedi.es\/blog\/\",\"logo\":{\"@type\":\"ImageObject\",\"inLanguage\":\"es\",\"@id\":\"https:\/\/finanedi.es\/blog\/#\/schema\/logo\/image\/\",\"url\":\"https:\/\/finanedi.es\/blog\/contenido\/uploads\/2024\/02\/FinanEdiAzul1.svg\",\"contentUrl\":\"https:\/\/finanedi.es\/blog\/contenido\/uploads\/2024\/02\/FinanEdiAzul1.svg\",\"width\":142,\"height\":36,\"caption\":\"Blog para pymes y aut\u00f3nomos - FinanEDI\"},\"image\":{\"@id\":\"https:\/\/finanedi.es\/blog\/#\/schema\/logo\/image\/\"}},{\"@type\":\"Person\",\"@id\":\"https:\/\/finanedi.es\/blog\/#\/schema\/person\/233ed58195d34f36f74f13ba1030ebd8\",\"name\":\"restevez\",\"image\":{\"@type\":\"ImageObject\",\"inLanguage\":\"es\",\"@id\":\"https:\/\/finanedi.es\/blog\/#\/schema\/person\/image\/\",\"url\":\"https:\/\/secure.gravatar.com\/avatar\/6c4880db9746e4aa887a98e0ebf657788804dc4280120ef10331a2e6ebb4a9a0?s=96&d=mm&r=g\",\"contentUrl\":\"https:\/\/secure.gravatar.com\/avatar\/6c4880db9746e4aa887a98e0ebf657788804dc4280120ef10331a2e6ebb4a9a0?s=96&d=mm&r=g\",\"caption\":\"restevez\"},\"url\":\"https:\/\/finanedi.es\/blog\/author\/restevez\/\"}]}<\/script>\n<!-- \/ Yoast SEO plugin. -->","yoast_head_json":{"title":"Qu\u00e9 es el SII y c\u00f3mo afecta a tu facturaci\u00f3n","description":"Descubre qu\u00e9 es el SII (Suministro Inmediato de Informaci\u00f3n), c\u00f3mo funciona y c\u00f3mo afecta a la facturaci\u00f3n y contabilidad de tu empresa.","robots":{"index":"index","follow":"follow","max-snippet":"max-snippet:-1","max-image-preview":"max-image-preview:large","max-video-preview":"max-video-preview:-1"},"canonical":"https:\/\/finanedi.es\/blog\/que-es-el-sii\/","og_locale":"es_ES","og_type":"article","og_title":"Qu\u00e9 es el SII y c\u00f3mo afecta a tu facturaci\u00f3n","og_description":"Descubre qu\u00e9 es el SII (Suministro Inmediato de Informaci\u00f3n), c\u00f3mo funciona y c\u00f3mo afecta a la facturaci\u00f3n y contabilidad de tu empresa.","og_url":"https:\/\/finanedi.es\/blog\/que-es-el-sii\/","og_site_name":"Blog para pymes y aut\u00f3nomos - FinanEDI","article_published_time":"2025-02-18T12:59:03+00:00","article_modified_time":"2025-02-18T13:07:49+00:00","og_image":[{"width":2000,"height":1121,"url":"https:\/\/finanedi.es\/blog\/contenido\/uploads\/2025\/02\/Que-es-el-SII-y-como-afecta-a-tu-facturacion.jpg","type":"image\/jpeg"}],"author":"restevez","twitter_card":"summary_large_image","twitter_misc":{"Escrito por":"restevez","Tiempo de lectura":"5 minutos"},"schema":{"@context":"https:\/\/schema.org","@graph":[{"@type":"Article","@id":"https:\/\/finanedi.es\/blog\/que-es-el-sii\/#article","isPartOf":{"@id":"https:\/\/finanedi.es\/blog\/que-es-el-sii\/"},"author":{"name":"restevez","@id":"https:\/\/finanedi.es\/blog\/#\/schema\/person\/233ed58195d34f36f74f13ba1030ebd8"},"headline":"Qu\u00e9 es el SII y c\u00f3mo afecta a tu facturaci\u00f3n","datePublished":"2025-02-18T12:59:03+00:00","dateModified":"2025-02-18T13:07:49+00:00","mainEntityOfPage":{"@id":"https:\/\/finanedi.es\/blog\/que-es-el-sii\/"},"wordCount":914,"publisher":{"@id":"https:\/\/finanedi.es\/blog\/#organization"},"image":{"@id":"https:\/\/finanedi.es\/blog\/que-es-el-sii\/#primaryimage"},"thumbnailUrl":"https:\/\/finanedi.es\/blog\/contenido\/uploads\/2025\/02\/Que-es-el-SII-y-como-afecta-a-tu-facturacion.jpg","articleSection":["Facturaci\u00f3n"],"inLanguage":"es"},{"@type":"WebPage","@id":"https:\/\/finanedi.es\/blog\/que-es-el-sii\/","url":"https:\/\/finanedi.es\/blog\/que-es-el-sii\/","name":"Qu\u00e9 es el SII y c\u00f3mo afecta a tu facturaci\u00f3n","isPartOf":{"@id":"https:\/\/finanedi.es\/blog\/#website"},"primaryImageOfPage":{"@id":"https:\/\/finanedi.es\/blog\/que-es-el-sii\/#primaryimage"},"image":{"@id":"https:\/\/finanedi.es\/blog\/que-es-el-sii\/#primaryimage"},"thumbnailUrl":"https:\/\/finanedi.es\/blog\/contenido\/uploads\/2025\/02\/Que-es-el-SII-y-como-afecta-a-tu-facturacion.jpg","datePublished":"2025-02-18T12:59:03+00:00","dateModified":"2025-02-18T13:07:49+00:00","description":"Descubre qu\u00e9 es el SII (Suministro Inmediato de Informaci\u00f3n), c\u00f3mo funciona y c\u00f3mo afecta a la facturaci\u00f3n y contabilidad de tu empresa.","breadcrumb":{"@id":"https:\/\/finanedi.es\/blog\/que-es-el-sii\/#breadcrumb"},"inLanguage":"es","potentialAction":[{"@type":"ReadAction","target":["https:\/\/finanedi.es\/blog\/que-es-el-sii\/"]}]},{"@type":"ImageObject","inLanguage":"es","@id":"https:\/\/finanedi.es\/blog\/que-es-el-sii\/#primaryimage","url":"https:\/\/finanedi.es\/blog\/contenido\/uploads\/2025\/02\/Que-es-el-SII-y-como-afecta-a-tu-facturacion.jpg","contentUrl":"https:\/\/finanedi.es\/blog\/contenido\/uploads\/2025\/02\/Que-es-el-SII-y-como-afecta-a-tu-facturacion.jpg","width":2000,"height":1121,"caption":"Qu\u00e9 es el SII y c\u00f3mo afecta a tu facturaci\u00f3n"},{"@type":"BreadcrumbList","@id":"https:\/\/finanedi.es\/blog\/que-es-el-sii\/#breadcrumb","itemListElement":[{"@type":"ListItem","position":1,"name":"Home","item":"https:\/\/finanedi.es\/blog\/"},{"@type":"ListItem","position":2,"name":"Qu\u00e9 es el SII y c\u00f3mo afecta a tu facturaci\u00f3n"}]},{"@type":"WebSite","@id":"https:\/\/finanedi.es\/blog\/#website","url":"https:\/\/finanedi.es\/blog\/","name":"Blog para pymes y aut\u00f3nomos - FinanEDI","description":"Blog para aut\u00f3nomos y PYMES, sobre temas como facturaci\u00f3n, contabilidad, tecnolog\u00eda.","publisher":{"@id":"https:\/\/finanedi.es\/blog\/#organization"},"potentialAction":[{"@type":"SearchAction","target":{"@type":"EntryPoint","urlTemplate":"https:\/\/finanedi.es\/blog\/?s={search_term_string}"},"query-input":{"@type":"PropertyValueSpecification","valueRequired":true,"valueName":"search_term_string"}}],"inLanguage":"es"},{"@type":"Organization","@id":"https:\/\/finanedi.es\/blog\/#organization","name":"Blog para pymes y aut\u00f3nomos - FinanEDI","url":"https:\/\/finanedi.es\/blog\/","logo":{"@type":"ImageObject","inLanguage":"es","@id":"https:\/\/finanedi.es\/blog\/#\/schema\/logo\/image\/","url":"https:\/\/finanedi.es\/blog\/contenido\/uploads\/2024\/02\/FinanEdiAzul1.svg","contentUrl":"https:\/\/finanedi.es\/blog\/contenido\/uploads\/2024\/02\/FinanEdiAzul1.svg","width":142,"height":36,"caption":"Blog para pymes y aut\u00f3nomos - FinanEDI"},"image":{"@id":"https:\/\/finanedi.es\/blog\/#\/schema\/logo\/image\/"}},{"@type":"Person","@id":"https:\/\/finanedi.es\/blog\/#\/schema\/person\/233ed58195d34f36f74f13ba1030ebd8","name":"restevez","image":{"@type":"ImageObject","inLanguage":"es","@id":"https:\/\/finanedi.es\/blog\/#\/schema\/person\/image\/","url":"https:\/\/secure.gravatar.com\/avatar\/6c4880db9746e4aa887a98e0ebf657788804dc4280120ef10331a2e6ebb4a9a0?s=96&d=mm&r=g","contentUrl":"https:\/\/secure.gravatar.com\/avatar\/6c4880db9746e4aa887a98e0ebf657788804dc4280120ef10331a2e6ebb4a9a0?s=96&d=mm&r=g","caption":"restevez"},"url":"https:\/\/finanedi.es\/blog\/author\/restevez\/"}]}},"_links":{"self":[{"href":"https:\/\/finanedi.es\/blog\/wp-json\/wp\/v2\/posts\/9534","targetHints":{"allow":["GET"]}}],"collection":[{"href":"https:\/\/finanedi.es\/blog\/wp-json\/wp\/v2\/posts"}],"about":[{"href":"https:\/\/finanedi.es\/blog\/wp-json\/wp\/v2\/types\/post"}],"author":[{"embeddable":true,"href":"https:\/\/finanedi.es\/blog\/wp-json\/wp\/v2\/users\/3"}],"replies":[{"embeddable":true,"href":"https:\/\/finanedi.es\/blog\/wp-json\/wp\/v2\/comments?post=9534"}],"version-history":[{"count":15,"href":"https:\/\/finanedi.es\/blog\/wp-json\/wp\/v2\/posts\/9534\/revisions"}],"predecessor-version":[{"id":9550,"href":"https:\/\/finanedi.es\/blog\/wp-json\/wp\/v2\/posts\/9534\/revisions\/9550"}],"wp:featuredmedia":[{"embeddable":true,"href":"https:\/\/finanedi.es\/blog\/wp-json\/wp\/v2\/media\/9547"}],"wp:attachment":[{"href":"https:\/\/finanedi.es\/blog\/wp-json\/wp\/v2\/media?parent=9534"}],"wp:term":[{"taxonomy":"category","embeddable":true,"href":"https:\/\/finanedi.es\/blog\/wp-json\/wp\/v2\/categories?post=9534"},{"taxonomy":"post_tag","embeddable":true,"href":"https:\/\/finanedi.es\/blog\/wp-json\/wp\/v2\/tags?post=9534"}],"curies":[{"name":"wp","href":"https:\/\/api.w.org\/{rel}","templated":true}]}}